{"id":347169,"date":"2015-04-10T00:00:00","date_gmt":"2015-04-10T04:00:00","guid":{"rendered":"https:\/\/casadecampoliving.com\/hogar-del-nino-talent-show\/"},"modified":"2022-10-21T18:56:36","modified_gmt":"2022-10-21T22:56:36","slug":"hogar-del-nino-talent-show","status":"publish","type":"post","link":"https:\/\/casadecampoliving.com\/es\/hogar-del-nino-talent-show\/","title":{"rendered":"Hogar del Ni\u00f1o Talent Show 2015"},"content":{"rendered":"<div class=\"wp-block-image\">\n<figure class=\"aligncenter is-resized\"><img loading=\"lazy\" decoding=\"async\" src=\"https:\/\/i0.wp.com\/casadecampoliving.com\/wp-content\/uploads\/2022\/10\/Hogar_del_Nino_Talent_Show_03.jpg?resize=650%2C433&amp;ssl=1\" alt=\"Hogar del Ni\u00f1o Talent Show Header\" class=\"wp-image-110562\" height=\"433\" width=\"650\"\/><\/figure>\n<\/div>\n\n\n<p>\u00bfAcaso hay algo m\u00e1s adorable que ver a los ni\u00f1os lucir sus talentos?<\/p>\n\n\n\n<!--more-->\n\n\n\n<p>El Hogar del Ni\u00f1o le da la oportunidad de disfrutar una tarde agradable junto a los ni\u00f1os de la fundaci\u00f3n mientras realizan la primera edici\u00f3n de su \u201cHogar del Ni\u00f1o Talent Show 2015\u201d (Show de Talentos del Hogar del Ni\u00f1o).<\/p>\n\n\n\n<p>El evento est\u00e1 bajo la direcci\u00f3n y supervisi\u00f3n de Nina Garambone, voluntaria por el Hogar del Ni\u00f1o comprometida con el bienestar de los ni\u00f1os de la fundaci\u00f3n y el desarrollo de sus habilidades art\u00edsticas. <em><strong>\u201cHe sido voluntaria en el Hogar del Ni\u00f1o estos \u00faltimos dos a\u00f1os y durante ese tiempo he llegado a conocer muy bien a los estudiantes y sus talentos. Tenemos muchos estudiantes talentosos aqu\u00ed, pero no todos los recursos que son necesarios para tener un programa de artes que los ayude a perfeccionar dichos talentos. As\u00ed que pens\u00e9 que esta ser\u00eda la oportunidad perfecta para mostrar los talentos de nuestros estudiantes y, al mismo tiempo, recaudar fondos para el mejoramiento y adecuaci\u00f3n del programa de arte.\u201d<\/strong><\/em><\/p>\n\n\n<div class=\"wp-block-image\">\n<figure class=\"aligncenter is-resized\"><img loading=\"lazy\" decoding=\"async\" src=\"https:\/\/i0.wp.com\/casadecampoliving.com\/wp-content\/uploads\/2022\/10\/Hogar_del_Nino_Talent_Show_01.jpg?resize=650%2C488&amp;ssl=1\" alt=\"Hogar del Ni\u00f1o Art Program\" class=\"wp-image-110563\" height=\"488\" width=\"650\"\/><\/figure>\n<\/div>\n\n\n<p>Entre el evento veremos diferentes tipos de talentos entre los que predominan el baile y el canto ya que es lo que m\u00e1s saben y gustan de hacer los ni\u00f1os.<\/p>\n\n\n\n<p>Actualmente el programa de arte del Hogar del Ni\u00f1o cuenta con 2 de m\u00fasica de los cuales uno ense\u00f1a \u201cM\u00fasica Corporal\u201d desde el 1er grado hasta 7mo y el otro imparte lecciones de m\u00fasica general desde 7mo hasta 4to de Bachiller. Adem\u00e1s de 3 profesores de arte, de los cuales uno trabaja en la Escuela de Sordos, y los dos restantes de 1ro a 7mo y de 7mo a 4to de Bachiller. Con lo que no cuenta el programa es con las herramientas necesarias para brindar la mejor educaci\u00f3n art\u00edstica posible, ya que, seg\u00fan la se\u00f1ora Garambone: \u201cMuchos de los instrumentos est\u00e1n rotos o necesitan reparaciones.\u201d por lo que no es posible lograr la meta que se quiere con los ni\u00f1os.<\/p>\n\n\n\n<blockquote class=\"wp-block-quote is-layout-flow wp-block-quote-is-layout-flow\"><p><strong>Hogar del Ni\u00f1o Talent Show 2015<\/strong><\/p><p>Disfrute una tarde de entretenimiento para toda la familia con baile, canto y m\u00e1s.<\/p><p><strong>Fecha<\/strong>: Jueves 30 de abril, 5pm<\/p><p><strong>Ubicaci\u00f3n<\/strong>: Cancha del Hogar del Ni\u00f1o, La Romana<\/p><p><strong>Tickets<\/strong>: General RD$75 &amp; VIP RD$150<\/p><p><strong>Adicional<\/strong>: Habr\u00e1 una venta de comida en el evento<\/p><\/blockquote>\n","protected":false},"excerpt":{"rendered":"<p>\u00bfAcaso hay algo m\u00e1s adorable que ver a los ni\u00f1os lucir sus talentos?<\/p>\n","protected":false},"author":34707,"featured_media":291415,"comment_status":"closed","ping_status":"closed","sticky":false,"template":"","format":"standard","meta":{"newspack_ads_suppress_ads":false,"newspack_popups_has_disabled_popups":false,"newspack_sponsor_sponsorship_scope":"","newspack_sponsor_native_byline_display":"inherit","newspack_sponsor_native_category_display":"inherit","newspack_sponsor_underwriter_style":"inherit","newspack_sponsor_underwriter_placement":"inherit","_newspack_byline_active":false,"_newspack_byline":"","newspack_hide_updated_date":false,"newspack_show_updated_date":false,"newspack_content_restriction_is_exempt":false,"newspack_featured_image_position":"","newspack_post_subtitle":"","newspack_article_summary_title":"Overview:","newspack_article_summary":"","_jetpack_memberships_contains_paid_content":false,"footnotes":"","jetpack_publicize_message":"","jetpack_publicize_feature_enabled":true,"jetpack_social_post_already_shared":false,"jetpack_social_options":{"image_generator_settings":{"template":"highway","default_image_id":0,"font":"","enabled":false},"version":2},"_wpas_customize_per_network":false},"categories":[26823,26936,26951,2524,14631,2522,2514,2516,2506,14625,14627],"tags":[2536,2916,7623,2727,14876,14542,8676,12358],"newspack_spnsrs_tax":[],"class_list":["post-347169","post","type-post","status-publish","format-standard","has-post-thumbnail","hentry","category-arte-y-cultura","category-casa-de-campo-living-es","category-ccl-presenta","category-destacados","category-estilo-de-vida","category-eventos-es","category-fundaciones-es","category-hogar-del-nino-es","category-mas-alla-de-casa-es","category-noticias-locales","category-proximamente","tag-arte","tag-baile","tag-caridad","tag-fundacion","tag-hogar-del-nino-es","tag-la-romana-es","tag-ninos","tag-talento","entry"],"yoast_head":"<!-- This site is optimized with the Yoast SEO plugin v27.4 - https:\/\/yoast.com\/product\/yoast-seo-wordpress\/ -->\n<title>Hogar del Ni\u00f1o Talent Show 2015 | Casa de Campo Living<\/title>\n<meta name=\"description\" content=\"\u00bfAcaso hay algo m\u00e1s adorable que ver a los ni\u00f1os lucir sus talentos? El Hogar del Ni\u00f1o le da la oportunidad de disfrutar una tarde agradable junto a los\" \/>\n<meta name=\"robots\" content=\"index, follow, max-snippet:-1, max-image-preview:large, max-video-preview:-1\" \/>\n<link rel=\"canonical\" href=\"https:\/\/casadecampoliving.com\/es\/hogar-del-nino-talent-show\/\" \/>\n<meta property=\"og:locale\" content=\"es_ES\" \/>\n<meta property=\"og:type\" content=\"article\" \/>\n<meta property=\"og:title\" content=\"Hogar del Ni\u00f1o Talent Show 2015 | Casa de Campo Living\" \/>\n<meta property=\"og:description\" content=\"\u00bfAcaso hay algo m\u00e1s adorable que ver a los ni\u00f1os lucir sus talentos? El Hogar del Ni\u00f1o le da la oportunidad de disfrutar una tarde agradable junto a los\" \/>\n<meta property=\"og:url\" content=\"https:\/\/casadecampoliving.com\/es\/hogar-del-nino-talent-show\/\" \/>\n<meta property=\"og:site_name\" content=\"Casa de Campo Living\" \/>\n<meta property=\"article:publisher\" content=\"https:\/\/www.facebook.com\/casadecampoliving\" \/>\n<meta property=\"article:published_time\" content=\"2015-04-10T04:00:00+00:00\" \/>\n<meta property=\"article:modified_time\" content=\"2022-10-21T22:56:36+00:00\" \/>\n<meta property=\"og:image\" content=\"https:\/\/i0.wp.com\/casadecampoliving.com\/wp-content\/uploads\/2022\/10\/Hogar_del_Nino_Talent_Show_03-1.jpg?fit=650%2C433&ssl=1\" \/>\n\t<meta property=\"og:image:width\" content=\"650\" \/>\n\t<meta property=\"og:image:height\" content=\"433\" \/>\n\t<meta property=\"og:image:type\" content=\"image\/jpeg\" \/>\n<meta name=\"author\" content=\"Felix Guerrero\" \/>\n<meta name=\"twitter:card\" content=\"summary_large_image\" \/>\n<meta name=\"twitter:creator\" content=\"@cdcliving\" \/>\n<meta name=\"twitter:site\" content=\"@cdcliving\" \/>\n<meta name=\"twitter:label1\" content=\"Escrito por\" \/>\n\t<meta name=\"twitter:data1\" content=\"Felix Guerrero\" \/>\n\t<meta name=\"twitter:label2\" content=\"Tiempo de lectura\" \/>\n\t<meta name=\"twitter:data2\" content=\"2 minutos\" \/>\n<script type=\"application\/ld+json\" class=\"yoast-schema-graph\">{\"@context\":\"https:\\\/\\\/schema.org\",\"@graph\":[{\"@type\":\"Article\",\"@id\":\"https:\\\/\\\/casadecampoliving.com\\\/es\\\/hogar-del-nino-talent-show\\\/#article\",\"isPartOf\":{\"@id\":\"https:\\\/\\\/casadecampoliving.com\\\/es\\\/hogar-del-nino-talent-show\\\/\"},\"author\":{\"name\":\"Felix Guerrero\",\"@id\":\"https:\\\/\\\/casadecampoliving.com\\\/es\\\/#\\\/schema\\\/person\\\/0d45cfc6e376a2f15ac9a92421bd4451\"},\"headline\":\"Hogar del Ni\u00f1o Talent Show 2015\",\"datePublished\":\"2015-04-10T04:00:00+00:00\",\"dateModified\":\"2022-10-21T22:56:36+00:00\",\"mainEntityOfPage\":{\"@id\":\"https:\\\/\\\/casadecampoliving.com\\\/es\\\/hogar-del-nino-talent-show\\\/\"},\"wordCount\":409,\"publisher\":{\"@id\":\"https:\\\/\\\/casadecampoliving.com\\\/es\\\/#organization\"},\"image\":{\"@id\":\"https:\\\/\\\/casadecampoliving.com\\\/es\\\/hogar-del-nino-talent-show\\\/#primaryimage\"},\"thumbnailUrl\":\"https:\\\/\\\/i0.wp.com\\\/casadecampoliving.com\\\/wp-content\\\/uploads\\\/2022\\\/10\\\/Hogar_del_Nino_Talent_Show_03-1.jpg?fit=650%2C433&ssl=1\",\"keywords\":[\"arte\",\"baile\",\"caridad\",\"Fundacion\",\"hogar del nino\",\"La Romana @es\",\"ni\u00f1os\",\"Talento\"],\"articleSection\":[\"Arte y cultura\",\"Casa de Campo Living @es\",\"CCL presenta\",\"Destacados\",\"Estilo de Vida\",\"Eventos\",\"Fundaciones\",\"Hogar del Ni\u00f1o @es\",\"M\u00e1s all\u00e1 de Casa\",\"Noticias Locales\",\"Proximamente\"],\"inLanguage\":\"es\"},{\"@type\":\"WebPage\",\"@id\":\"https:\\\/\\\/casadecampoliving.com\\\/es\\\/hogar-del-nino-talent-show\\\/\",\"url\":\"https:\\\/\\\/casadecampoliving.com\\\/es\\\/hogar-del-nino-talent-show\\\/\",\"name\":\"Hogar del Ni\u00f1o Talent Show 2015 | Casa de Campo Living\",\"isPartOf\":{\"@id\":\"https:\\\/\\\/casadecampoliving.com\\\/es\\\/#website\"},\"primaryImageOfPage\":{\"@id\":\"https:\\\/\\\/casadecampoliving.com\\\/es\\\/hogar-del-nino-talent-show\\\/#primaryimage\"},\"image\":{\"@id\":\"https:\\\/\\\/casadecampoliving.com\\\/es\\\/hogar-del-nino-talent-show\\\/#primaryimage\"},\"thumbnailUrl\":\"https:\\\/\\\/i0.wp.com\\\/casadecampoliving.com\\\/wp-content\\\/uploads\\\/2022\\\/10\\\/Hogar_del_Nino_Talent_Show_03-1.jpg?fit=650%2C433&ssl=1\",\"datePublished\":\"2015-04-10T04:00:00+00:00\",\"dateModified\":\"2022-10-21T22:56:36+00:00\",\"description\":\"\u00bfAcaso hay algo m\u00e1s adorable que ver a los ni\u00f1os lucir sus talentos? El Hogar del Ni\u00f1o le da la oportunidad de disfrutar una tarde agradable junto a los\",\"breadcrumb\":{\"@id\":\"https:\\\/\\\/casadecampoliving.com\\\/es\\\/hogar-del-nino-talent-show\\\/#breadcrumb\"},\"inLanguage\":\"es\",\"potentialAction\":[{\"@type\":\"ReadAction\",\"target\":[\"https:\\\/\\\/casadecampoliving.com\\\/es\\\/hogar-del-nino-talent-show\\\/\"]}]},{\"@type\":\"ImageObject\",\"inLanguage\":\"es\",\"@id\":\"https:\\\/\\\/casadecampoliving.com\\\/es\\\/hogar-del-nino-talent-show\\\/#primaryimage\",\"url\":\"https:\\\/\\\/i0.wp.com\\\/casadecampoliving.com\\\/wp-content\\\/uploads\\\/2022\\\/10\\\/Hogar_del_Nino_Talent_Show_03-1.jpg?fit=650%2C433&ssl=1\",\"contentUrl\":\"https:\\\/\\\/i0.wp.com\\\/casadecampoliving.com\\\/wp-content\\\/uploads\\\/2022\\\/10\\\/Hogar_del_Nino_Talent_Show_03-1.jpg?fit=650%2C433&ssl=1\",\"width\":650,\"height\":433,\"caption\":\"Hogar del Ni\u00f1o Talent Show Header\"},{\"@type\":\"BreadcrumbList\",\"@id\":\"https:\\\/\\\/casadecampoliving.com\\\/es\\\/hogar-del-nino-talent-show\\\/#breadcrumb\",\"itemListElement\":[{\"@type\":\"ListItem\",\"position\":1,\"name\":\"Home\",\"item\":\"https:\\\/\\\/casadecampoliving.com\\\/es\\\/\"},{\"@type\":\"ListItem\",\"position\":2,\"name\":\"Hogar del Ni\u00f1o Talent Show 2015\"}]},{\"@type\":\"WebSite\",\"@id\":\"https:\\\/\\\/casadecampoliving.com\\\/es\\\/#website\",\"url\":\"https:\\\/\\\/casadecampoliving.com\\\/es\\\/\",\"name\":\"Casa de Campo Living\",\"description\":\"Resort community news and resources.\",\"publisher\":{\"@id\":\"https:\\\/\\\/casadecampoliving.com\\\/es\\\/#organization\"},\"potentialAction\":[{\"@type\":\"SearchAction\",\"target\":{\"@type\":\"EntryPoint\",\"urlTemplate\":\"https:\\\/\\\/casadecampoliving.com\\\/es\\\/?s={search_term_string}\"},\"query-input\":{\"@type\":\"PropertyValueSpecification\",\"valueRequired\":true,\"valueName\":\"search_term_string\"}}],\"inLanguage\":\"es\"},{\"@type\":\"Organization\",\"@id\":\"https:\\\/\\\/casadecampoliving.com\\\/es\\\/#organization\",\"name\":\"Casa de Campo Living\",\"url\":\"https:\\\/\\\/casadecampoliving.com\\\/es\\\/\",\"logo\":{\"@type\":\"ImageObject\",\"inLanguage\":\"es\",\"@id\":\"https:\\\/\\\/casadecampoliving.com\\\/es\\\/#\\\/schema\\\/logo\\\/image\\\/\",\"url\":\"https:\\\/\\\/i0.wp.com\\\/casadecampoliving.com\\\/wp-content\\\/uploads\\\/2022\\\/07\\\/CDCLivingLogo_V1-white-sized.png?fit=800%2C214&ssl=1\",\"contentUrl\":\"https:\\\/\\\/i0.wp.com\\\/casadecampoliving.com\\\/wp-content\\\/uploads\\\/2022\\\/07\\\/CDCLivingLogo_V1-white-sized.png?fit=800%2C214&ssl=1\",\"width\":800,\"height\":214,\"caption\":\"Casa de Campo Living\"},\"image\":{\"@id\":\"https:\\\/\\\/casadecampoliving.com\\\/es\\\/#\\\/schema\\\/logo\\\/image\\\/\"},\"sameAs\":[\"https:\\\/\\\/www.facebook.com\\\/casadecampoliving\",\"https:\\\/\\\/x.com\\\/cdcliving\"]},{\"@type\":\"Person\",\"@id\":\"https:\\\/\\\/casadecampoliving.com\\\/es\\\/#\\\/schema\\\/person\\\/0d45cfc6e376a2f15ac9a92421bd4451\",\"name\":\"Felix Guerrero\",\"image\":{\"@type\":\"ImageObject\",\"inLanguage\":\"es\",\"@id\":\"https:\\\/\\\/secure.gravatar.com\\\/avatar\\\/14a8050b9491854cab6ae2240dcb42ad0fad787b7fa453ad0991fd1262157df3?s=96&d=mm&r=g\",\"url\":\"https:\\\/\\\/secure.gravatar.com\\\/avatar\\\/14a8050b9491854cab6ae2240dcb42ad0fad787b7fa453ad0991fd1262157df3?s=96&d=mm&r=g\",\"contentUrl\":\"https:\\\/\\\/secure.gravatar.com\\\/avatar\\\/14a8050b9491854cab6ae2240dcb42ad0fad787b7fa453ad0991fd1262157df3?s=96&d=mm&r=g\",\"caption\":\"Felix Guerrero\"},\"url\":\"https:\\\/\\\/casadecampoliving.com\\\/es\\\/author\\\/fguerrero\\\/\"}]}<\/script>\n<!-- \/ Yoast SEO plugin. -->","yoast_head_json":{"title":"Hogar del Ni\u00f1o Talent Show 2015 | Casa de Campo Living","description":"\u00bfAcaso hay algo m\u00e1s adorable que ver a los ni\u00f1os lucir sus talentos? El Hogar del Ni\u00f1o le da la oportunidad de disfrutar una tarde agradable junto a los","robots":{"index":"index","follow":"follow","max-snippet":"max-snippet:-1","max-image-preview":"max-image-preview:large","max-video-preview":"max-video-preview:-1"},"canonical":"https:\/\/casadecampoliving.com\/es\/hogar-del-nino-talent-show\/","og_locale":"es_ES","og_type":"article","og_title":"Hogar del Ni\u00f1o Talent Show 2015 | Casa de Campo Living","og_description":"\u00bfAcaso hay algo m\u00e1s adorable que ver a los ni\u00f1os lucir sus talentos? El Hogar del Ni\u00f1o le da la oportunidad de disfrutar una tarde agradable junto a los","og_url":"https:\/\/casadecampoliving.com\/es\/hogar-del-nino-talent-show\/","og_site_name":"Casa de Campo Living","article_publisher":"https:\/\/www.facebook.com\/casadecampoliving","article_published_time":"2015-04-10T04:00:00+00:00","article_modified_time":"2022-10-21T22:56:36+00:00","og_image":[{"width":650,"height":433,"url":"https:\/\/i0.wp.com\/casadecampoliving.com\/wp-content\/uploads\/2022\/10\/Hogar_del_Nino_Talent_Show_03-1.jpg?fit=650%2C433&ssl=1","type":"image\/jpeg"}],"author":"Felix Guerrero","twitter_card":"summary_large_image","twitter_creator":"@cdcliving","twitter_site":"@cdcliving","twitter_misc":{"Escrito por":"Felix Guerrero","Tiempo de lectura":"2 minutos"},"schema":{"@context":"https:\/\/schema.org","@graph":[{"@type":"Article","@id":"https:\/\/casadecampoliving.com\/es\/hogar-del-nino-talent-show\/#article","isPartOf":{"@id":"https:\/\/casadecampoliving.com\/es\/hogar-del-nino-talent-show\/"},"author":{"name":"Felix Guerrero","@id":"https:\/\/casadecampoliving.com\/es\/#\/schema\/person\/0d45cfc6e376a2f15ac9a92421bd4451"},"headline":"Hogar del Ni\u00f1o Talent Show 2015","datePublished":"2015-04-10T04:00:00+00:00","dateModified":"2022-10-21T22:56:36+00:00","mainEntityOfPage":{"@id":"https:\/\/casadecampoliving.com\/es\/hogar-del-nino-talent-show\/"},"wordCount":409,"publisher":{"@id":"https:\/\/casadecampoliving.com\/es\/#organization"},"image":{"@id":"https:\/\/casadecampoliving.com\/es\/hogar-del-nino-talent-show\/#primaryimage"},"thumbnailUrl":"https:\/\/i0.wp.com\/casadecampoliving.com\/wp-content\/uploads\/2022\/10\/Hogar_del_Nino_Talent_Show_03-1.jpg?fit=650%2C433&ssl=1","keywords":["arte","baile","caridad","Fundacion","hogar del nino","La Romana @es","ni\u00f1os","Talento"],"articleSection":["Arte y cultura","Casa de Campo Living @es","CCL presenta","Destacados","Estilo de Vida","Eventos","Fundaciones","Hogar del Ni\u00f1o @es","M\u00e1s all\u00e1 de Casa","Noticias Locales","Proximamente"],"inLanguage":"es"},{"@type":"WebPage","@id":"https:\/\/casadecampoliving.com\/es\/hogar-del-nino-talent-show\/","url":"https:\/\/casadecampoliving.com\/es\/hogar-del-nino-talent-show\/","name":"Hogar del Ni\u00f1o Talent Show 2015 | Casa de Campo Living","isPartOf":{"@id":"https:\/\/casadecampoliving.com\/es\/#website"},"primaryImageOfPage":{"@id":"https:\/\/casadecampoliving.com\/es\/hogar-del-nino-talent-show\/#primaryimage"},"image":{"@id":"https:\/\/casadecampoliving.com\/es\/hogar-del-nino-talent-show\/#primaryimage"},"thumbnailUrl":"https:\/\/i0.wp.com\/casadecampoliving.com\/wp-content\/uploads\/2022\/10\/Hogar_del_Nino_Talent_Show_03-1.jpg?fit=650%2C433&ssl=1","datePublished":"2015-04-10T04:00:00+00:00","dateModified":"2022-10-21T22:56:36+00:00","description":"\u00bfAcaso hay algo m\u00e1s adorable que ver a los ni\u00f1os lucir sus talentos? El Hogar del Ni\u00f1o le da la oportunidad de disfrutar una tarde agradable junto a los","breadcrumb":{"@id":"https:\/\/casadecampoliving.com\/es\/hogar-del-nino-talent-show\/#breadcrumb"},"inLanguage":"es","potentialAction":[{"@type":"ReadAction","target":["https:\/\/casadecampoliving.com\/es\/hogar-del-nino-talent-show\/"]}]},{"@type":"ImageObject","inLanguage":"es","@id":"https:\/\/casadecampoliving.com\/es\/hogar-del-nino-talent-show\/#primaryimage","url":"https:\/\/i0.wp.com\/casadecampoliving.com\/wp-content\/uploads\/2022\/10\/Hogar_del_Nino_Talent_Show_03-1.jpg?fit=650%2C433&ssl=1","contentUrl":"https:\/\/i0.wp.com\/casadecampoliving.com\/wp-content\/uploads\/2022\/10\/Hogar_del_Nino_Talent_Show_03-1.jpg?fit=650%2C433&ssl=1","width":650,"height":433,"caption":"Hogar del Ni\u00f1o Talent Show Header"},{"@type":"BreadcrumbList","@id":"https:\/\/casadecampoliving.com\/es\/hogar-del-nino-talent-show\/#breadcrumb","itemListElement":[{"@type":"ListItem","position":1,"name":"Home","item":"https:\/\/casadecampoliving.com\/es\/"},{"@type":"ListItem","position":2,"name":"Hogar del Ni\u00f1o Talent Show 2015"}]},{"@type":"WebSite","@id":"https:\/\/casadecampoliving.com\/es\/#website","url":"https:\/\/casadecampoliving.com\/es\/","name":"Casa de Campo Living","description":"Resort community news and resources.","publisher":{"@id":"https:\/\/casadecampoliving.com\/es\/#organization"},"potentialAction":[{"@type":"SearchAction","target":{"@type":"EntryPoint","urlTemplate":"https:\/\/casadecampoliving.com\/es\/?s={search_term_string}"},"query-input":{"@type":"PropertyValueSpecification","valueRequired":true,"valueName":"search_term_string"}}],"inLanguage":"es"},{"@type":"Organization","@id":"https:\/\/casadecampoliving.com\/es\/#organization","name":"Casa de Campo Living","url":"https:\/\/casadecampoliving.com\/es\/","logo":{"@type":"ImageObject","inLanguage":"es","@id":"https:\/\/casadecampoliving.com\/es\/#\/schema\/logo\/image\/","url":"https:\/\/i0.wp.com\/casadecampoliving.com\/wp-content\/uploads\/2022\/07\/CDCLivingLogo_V1-white-sized.png?fit=800%2C214&ssl=1","contentUrl":"https:\/\/i0.wp.com\/casadecampoliving.com\/wp-content\/uploads\/2022\/07\/CDCLivingLogo_V1-white-sized.png?fit=800%2C214&ssl=1","width":800,"height":214,"caption":"Casa de Campo Living"},"image":{"@id":"https:\/\/casadecampoliving.com\/es\/#\/schema\/logo\/image\/"},"sameAs":["https:\/\/www.facebook.com\/casadecampoliving","https:\/\/x.com\/cdcliving"]},{"@type":"Person","@id":"https:\/\/casadecampoliving.com\/es\/#\/schema\/person\/0d45cfc6e376a2f15ac9a92421bd4451","name":"Felix Guerrero","image":{"@type":"ImageObject","inLanguage":"es","@id":"https:\/\/secure.gravatar.com\/avatar\/14a8050b9491854cab6ae2240dcb42ad0fad787b7fa453ad0991fd1262157df3?s=96&d=mm&r=g","url":"https:\/\/secure.gravatar.com\/avatar\/14a8050b9491854cab6ae2240dcb42ad0fad787b7fa453ad0991fd1262157df3?s=96&d=mm&r=g","contentUrl":"https:\/\/secure.gravatar.com\/avatar\/14a8050b9491854cab6ae2240dcb42ad0fad787b7fa453ad0991fd1262157df3?s=96&d=mm&r=g","caption":"Felix Guerrero"},"url":"https:\/\/casadecampoliving.com\/es\/author\/fguerrero\/"}]}},"parsely":{"version":"1.1.0","canonical_url":"https:\/\/casadecampoliving.com\/es\/hogar-del-nino-talent-show\/","smart_links":{"inbound":0,"outbound":0},"traffic_boost_suggestions_count":0,"meta":{"@context":"https:\/\/schema.org","@type":"NewsArticle","headline":"Hogar del Ni\u00f1o Talent Show 2015","url":"http:\/\/casadecampoliving.com\/es\/hogar-del-nino-talent-show\/","mainEntityOfPage":{"@type":"WebPage","@id":"http:\/\/casadecampoliving.com\/es\/hogar-del-nino-talent-show\/"},"thumbnailUrl":"https:\/\/i0.wp.com\/casadecampoliving.com\/wp-content\/uploads\/2022\/10\/Hogar_del_Nino_Talent_Show_03-1.jpg?resize=150%2C150&ssl=1","image":{"@type":"ImageObject","url":"https:\/\/i0.wp.com\/casadecampoliving.com\/wp-content\/uploads\/2022\/10\/Hogar_del_Nino_Talent_Show_03-1.jpg?fit=650%2C433&ssl=1"},"articleSection":"Arte y cultura","author":[{"@type":"Person","name":"Felix Guerrero"}],"creator":["Felix Guerrero"],"publisher":{"@type":"Organization","name":"Casa de Campo Living","logo":"https:\/\/casadecampoliving.com\/wp-content\/uploads\/2022\/07\/CDCLivingLogo_V1-white-sized.png"},"keywords":["arte","baile","caridad","fundacion","hogar del nino","la romana @es","ni\u00f1os","talento"],"dateCreated":"2015-04-10T04:00:00Z","datePublished":"2015-04-10T04:00:00Z","dateModified":"2022-10-21T22:56:36Z"},"rendered":"<script type=\"application\/ld+json\" class=\"wp-parsely-metadata\">{\"@context\":\"https:\\\/\\\/schema.org\",\"@type\":\"NewsArticle\",\"headline\":\"Hogar del Ni\\u00f1o Talent Show 2015\",\"url\":\"http:\\\/\\\/casadecampoliving.com\\\/es\\\/hogar-del-nino-talent-show\\\/\",\"mainEntityOfPage\":{\"@type\":\"WebPage\",\"@id\":\"http:\\\/\\\/casadecampoliving.com\\\/es\\\/hogar-del-nino-talent-show\\\/\"},\"thumbnailUrl\":\"https:\\\/\\\/i0.wp.com\\\/casadecampoliving.com\\\/wp-content\\\/uploads\\\/2022\\\/10\\\/Hogar_del_Nino_Talent_Show_03-1.jpg?resize=150%2C150&ssl=1\",\"image\":{\"@type\":\"ImageObject\",\"url\":\"https:\\\/\\\/i0.wp.com\\\/casadecampoliving.com\\\/wp-content\\\/uploads\\\/2022\\\/10\\\/Hogar_del_Nino_Talent_Show_03-1.jpg?fit=650%2C433&ssl=1\"},\"articleSection\":\"Arte y cultura\",\"author\":[{\"@type\":\"Person\",\"name\":\"Felix Guerrero\"}],\"creator\":[\"Felix Guerrero\"],\"publisher\":{\"@type\":\"Organization\",\"name\":\"Casa de Campo Living\",\"logo\":\"https:\\\/\\\/casadecampoliving.com\\\/wp-content\\\/uploads\\\/2022\\\/07\\\/CDCLivingLogo_V1-white-sized.png\"},\"keywords\":[\"arte\",\"baile\",\"caridad\",\"fundacion\",\"hogar del nino\",\"la romana @es\",\"ni\\u00f1os\",\"talento\"],\"dateCreated\":\"2015-04-10T04:00:00Z\",\"datePublished\":\"2015-04-10T04:00:00Z\",\"dateModified\":\"2022-10-21T22:56:36Z\"}<\/script>","tracker_url":"https:\/\/cdn.parsely.com\/keys\/casadecampoliving.com\/p.js"},"jetpack_publicize_connections":[],"jetpack_featured_media_url":"https:\/\/i0.wp.com\/casadecampoliving.com\/wp-content\/uploads\/2022\/10\/Hogar_del_Nino_Talent_Show_03-1.jpg?fit=650%2C433&ssl=1","jetpack-related-posts":[{"id":319491,"url":"https:\/\/casadecampoliving.com\/es\/help-the-hogar-del-nino-decide\/","url_meta":{"origin":347169,"position":0},"title":"Help the Hogar del Ni\u00f1o decide!","author":"Rebecca Silvestri","date":"19 Nov, 2010","format":false,"excerpt":"As we hope you already know, Casa de Campo Living\u2019s \u2018Teatro de La Comunidad \u2013 Buscando el Talento Dominicano\u2019 is taking place on Saturday December the 4th at 7pm AND due to unforeseen circumstances the \u2018Juguemos\u00a0por Los Ni\u00f1os\u2019 \u00a0games night event has been moved to the same time! uh oh\u2026..\u2026","rel":"","context":"En \u00abEvents and Activities\u00bb","block_context":{"text":"Events and Activities","link":"https:\/\/casadecampoliving.com\/category\/events-and-activities\/"},"img":{"alt_text":"","src":"https:\/\/i0.wp.com\/casadecampoliving.com\/wp-content\/uploads\/2010\/11\/hogar_del_nino.jpg?resize=350%2C200&ssl=1","width":350,"height":200,"srcset":"https:\/\/i0.wp.com\/casadecampoliving.com\/wp-content\/uploads\/2010\/11\/hogar_del_nino.jpg?resize=350%2C200&ssl=1 1x, https:\/\/i0.wp.com\/casadecampoliving.com\/wp-content\/uploads\/2010\/11\/hogar_del_nino.jpg?resize=525%2C300&ssl=1 1.5x"},"classes":[]},{"id":337138,"url":"https:\/\/casadecampoliving.com\/es\/reserve-la-fecha-cartier-benefit-para-la-fundacion-mir-y-hogar-del-nino-diciembre-29-2\/","url_meta":{"origin":347169,"position":1},"title":"Reserve la fecha! &#8216;Cartier Benefit&#8217; para la Fundaci\u00f3n MIR y Hogar del Ni\u00f1o: Diciembre 29","author":"Rebecca Silvestri","date":"4 Oct, 2011","format":false,"excerpt":"Reserve la fecha! Emilia y \u00a0J.Pepe Fanjul les invitan al evento benefico anual \u201cCartier Benefit\u201d un coctel y cena para recaudar fondos para las\u00a0Fundaciones MIR y el Hogar del Ni\u00f1o.\u00a0 Todavia no sabemos las detalles sobre este elegante evento pero, sabemos que el patrocinador ser\u00e1 como siempre Cartier, quienes en\u2026","rel":"","context":"En \u00abComidas &amp; Bebidas\u00bb","block_context":{"text":"Comidas &amp; Bebidas","link":"https:\/\/casadecampoliving.com\/es\/category\/comidas-bebidas\/"},"img":{"alt_text":"","src":"https:\/\/i0.wp.com\/casadecampoliving.com\/wp-content\/uploads\/2022\/10\/cartier_benefit_casa_de_campo-5.jpg?fit=565%2C403&ssl=1&resize=350%2C200","width":350,"height":200,"srcset":"https:\/\/i0.wp.com\/casadecampoliving.com\/wp-content\/uploads\/2022\/10\/cartier_benefit_casa_de_campo-5.jpg?fit=565%2C403&ssl=1&resize=350%2C200 1x, https:\/\/i0.wp.com\/casadecampoliving.com\/wp-content\/uploads\/2022\/10\/cartier_benefit_casa_de_campo-5.jpg?fit=565%2C403&ssl=1&resize=525%2C300 1.5x"},"classes":[]},{"id":348865,"url":"https:\/\/casadecampoliving.com\/es\/de-el-regalo-del-amor-felicidad-y-atencion\/","url_meta":{"origin":347169,"position":2},"title":"D\u00e9 el regalo del amor, felicidad, y atenci\u00f3n","author":"Perkin Agramonte","date":"21 Dic, 2015","format":false,"excerpt":"En estas fiestas navide\u00f1as mientras le hacemos regalos a nuestros ni\u00f1os, padres, hermanos, amigos, y compa\u00f1eros de trabajo, recordemos compartir nuestro amor con aquellas organizaciones que proveen para aquellos menos afortunados en La Romana y sus zonas aleda\u00f1as ayudando a convertir la Rep\u00fablica Dominicana en un mejor pa\u00eds para todos.\u2026","rel":"","context":"En \u00abAltos de Chavon @es\u00bb","block_context":{"text":"Altos de Chavon @es","link":"https:\/\/casadecampoliving.com\/category\/altos-de-chavon-es\/"},"img":{"alt_text":"","src":"https:\/\/i0.wp.com\/casadecampoliving.com\/wp-content\/uploads\/2022\/10\/Christmas-Cafe-de-la-Leche-2015-e1450535888236-1.jpg?fit=650%2C476&ssl=1&resize=350%2C200","width":350,"height":200,"srcset":"https:\/\/i0.wp.com\/casadecampoliving.com\/wp-content\/uploads\/2022\/10\/Christmas-Cafe-de-la-Leche-2015-e1450535888236-1.jpg?fit=650%2C476&ssl=1&resize=350%2C200 1x, https:\/\/i0.wp.com\/casadecampoliving.com\/wp-content\/uploads\/2022\/10\/Christmas-Cafe-de-la-Leche-2015-e1450535888236-1.jpg?fit=650%2C476&ssl=1&resize=525%2C300 1.5x"},"classes":[]},{"id":353655,"url":"https:\/\/casadecampoliving.com\/es\/j-pepe-y-emilia-fanjul-celebran-coctel-a-beneficio-de-la-fundacion-mir-y-el-hogar-del-nino\/","url_meta":{"origin":347169,"position":3},"title":"J.Pepe y Emilia Fanjul celebran c\u00f3ctel a beneficio de la Fundaci\u00f3n MIR y el Hogar del Ni\u00f1o","author":"Casa de Campo Living","date":"31 Dic, 2019","format":false,"excerpt":"La semana pasada, el domingo 29 de diciembre, la Sra. Emilia y J.Pepe Fanjul celebraron su tradicional c\u00f3ctel anual en su hogar de Casa de Campo, Casa Grande, donde los invitados fueron recibidos al atardecer con m\u00fasica en vivo y una copa de vino espumoso. Este evento se realiza en\u2026","rel":"","context":"En \u00abEstilo de Vida\u00bb","block_context":{"text":"Estilo de Vida","link":"https:\/\/casadecampoliving.com\/es\/category\/estilo-de-vida\/"},"img":{"alt_text":"","src":"https:\/\/i0.wp.com\/casadecampoliving.com\/wp-content\/uploads\/2022\/10\/IMG_4213-scaled.jpg?fit=1200%2C800&ssl=1&resize=350%2C200","width":350,"height":200,"srcset":"https:\/\/i0.wp.com\/casadecampoliving.com\/wp-content\/uploads\/2022\/10\/IMG_4213-scaled.jpg?fit=1200%2C800&ssl=1&resize=350%2C200 1x, https:\/\/i0.wp.com\/casadecampoliving.com\/wp-content\/uploads\/2022\/10\/IMG_4213-scaled.jpg?fit=1200%2C800&ssl=1&resize=525%2C300 1.5x, https:\/\/i0.wp.com\/casadecampoliving.com\/wp-content\/uploads\/2022\/10\/IMG_4213-scaled.jpg?fit=1200%2C800&ssl=1&resize=700%2C400 2x, https:\/\/i0.wp.com\/casadecampoliving.com\/wp-content\/uploads\/2022\/10\/IMG_4213-scaled.jpg?fit=1200%2C800&ssl=1&resize=1050%2C600 3x"},"classes":[]},{"id":352210,"url":"https:\/\/casadecampoliving.com\/es\/primer-concierto-de-ninos-y-ninas-hogar-del-nino\/","url_meta":{"origin":347169,"position":4},"title":"\u00a1\u00danete al Hogar del Ni\u00f1o para su primer Concierto de Ni\u00f1os y Ni\u00f1as en dos d\u00edas!","author":"Heather Lincoln","date":"20 Nov, 2017","format":false,"excerpt":"El Hogar del Ni\u00f1o los invita a su primer concierto de ni\u00f1os y ni\u00f1as este mi\u00e9rcoles a las 10:30 a.m. en la escuela. Esta actividad forma parte de su proyecto \u201cCultura y Deportes\u201d que iniciaron hace dos a\u00f1os bajo la direcci\u00f3n de Mario Galletto. Se han hecho grandes avances desde\u2026","rel":"","context":"En \u00abEventos\u00bb","block_context":{"text":"Eventos","link":"https:\/\/casadecampoliving.com\/es\/category\/eventos-es\/"},"img":{"alt_text":"","src":"https:\/\/i0.wp.com\/casadecampoliving.com\/wp-content\/uploads\/2022\/10\/BoMana2-e1511201136347.jpg?fit=1000%2C563&ssl=1&resize=350%2C200","width":350,"height":200,"srcset":"https:\/\/i0.wp.com\/casadecampoliving.com\/wp-content\/uploads\/2022\/10\/BoMana2-e1511201136347.jpg?fit=1000%2C563&ssl=1&resize=350%2C200 1x, https:\/\/i0.wp.com\/casadecampoliving.com\/wp-content\/uploads\/2022\/10\/BoMana2-e1511201136347.jpg?fit=1000%2C563&ssl=1&resize=525%2C300 1.5x, https:\/\/i0.wp.com\/casadecampoliving.com\/wp-content\/uploads\/2022\/10\/BoMana2-e1511201136347.jpg?fit=1000%2C563&ssl=1&resize=700%2C400 2x"},"classes":[]},{"id":348622,"url":"https:\/\/casadecampoliving.com\/es\/celebridades-visitan-el-hogar-del-nino\/","url_meta":{"origin":347169,"position":5},"title":"*ACTUALIZADO* Celebridades visitan el Hogar del Ni\u00f1o","author":"Perkin Agramonte","date":"17 Nov, 2015","format":false,"excerpt":"En los \u00faltimos d\u00edas muchas celebridades han visitado el Hogar del Ni\u00f1o para mostrar su apoyo a los ni\u00f1os de La Romana y aprender m\u00e1s acerca de esta organizaci\u00f3n caritativa. El Sr. Salvatore Ferragamo, nieto del legendario dise\u00f1ador de moda italiano, visit\u00f3 junto a su esposa, Christine Maninger. \u00a1Visitaron tambi\u00e9n\u2026","rel":"","context":"En \u00abM\u00e1s all\u00e1 de Casa\u00bb","block_context":{"text":"M\u00e1s all\u00e1 de Casa","link":"https:\/\/casadecampoliving.com\/es\/category\/mas-alla-de-casa-es\/"},"img":{"alt_text":"","src":"https:\/\/i0.wp.com\/casadecampoliving.com\/wp-content\/uploads\/2022\/10\/12274293_806917472750567_6271945442841169010_n-1.jpg?fit=960%2C640&ssl=1&resize=350%2C200","width":350,"height":200,"srcset":"https:\/\/i0.wp.com\/casadecampoliving.com\/wp-content\/uploads\/2022\/10\/12274293_806917472750567_6271945442841169010_n-1.jpg?fit=960%2C640&ssl=1&resize=350%2C200 1x, https:\/\/i0.wp.com\/casadecampoliving.com\/wp-content\/uploads\/2022\/10\/12274293_806917472750567_6271945442841169010_n-1.jpg?fit=960%2C640&ssl=1&resize=525%2C300 1.5x, https:\/\/i0.wp.com\/casadecampoliving.com\/wp-content\/uploads\/2022\/10\/12274293_806917472750567_6271945442841169010_n-1.jpg?fit=960%2C640&ssl=1&resize=700%2C400 2x"},"classes":[]}],"jetpack_sharing_enabled":true,"_links":{"self":[{"href":"https:\/\/casadecampoliving.com\/es\/wp-json\/wp\/v2\/posts\/347169","targetHints":{"allow":["GET"]}}],"collection":[{"href":"https:\/\/casadecampoliving.com\/es\/wp-json\/wp\/v2\/posts"}],"about":[{"href":"https:\/\/casadecampoliving.com\/es\/wp-json\/wp\/v2\/types\/post"}],"author":[{"embeddable":true,"href":"https:\/\/casadecampoliving.com\/es\/wp-json\/wp\/v2\/users\/34707"}],"replies":[{"embeddable":true,"href":"https:\/\/casadecampoliving.com\/es\/wp-json\/wp\/v2\/comments?post=347169"}],"version-history":[{"count":1,"href":"https:\/\/casadecampoliving.com\/es\/wp-json\/wp\/v2\/posts\/347169\/revisions"}],"predecessor-version":[{"id":347170,"href":"https:\/\/casadecampoliving.com\/es\/wp-json\/wp\/v2\/posts\/347169\/revisions\/347170"}],"wp:featuredmedia":[{"embeddable":true,"href":"https:\/\/casadecampoliving.com\/es\/wp-json\/wp\/v2\/media\/291415"}],"wp:attachment":[{"href":"https:\/\/casadecampoliving.com\/es\/wp-json\/wp\/v2\/media?parent=347169"}],"wp:term":[{"taxonomy":"category","embeddable":true,"href":"https:\/\/casadecampoliving.com\/es\/wp-json\/wp\/v2\/categories?post=347169"},{"taxonomy":"post_tag","embeddable":true,"href":"https:\/\/casadecampoliving.com\/es\/wp-json\/wp\/v2\/tags?post=347169"},{"taxonomy":"newspack_spnsrs_tax","embeddable":true,"href":"https:\/\/casadecampoliving.com\/es\/wp-json\/wp\/v2\/newspack_spnsrs_tax?post=347169"}],"curies":[{"name":"wp","href":"https:\/\/api.w.org\/{rel}","templated":true}]}}