{"id":347120,"date":"2015-04-01T00:00:00","date_gmt":"2015-04-01T04:00:00","guid":{"rendered":"https:\/\/casadecampoliving.com\/infiniti-abre-una-sala-de-exposicion-en-casa-de-campo\/"},"modified":"2022-10-21T19:04:37","modified_gmt":"2022-10-21T23:04:37","slug":"infiniti-abre-una-sala-de-exposicion-en-casa-de-campo","status":"publish","type":"post","link":"https:\/\/casadecampoliving.com\/es\/infiniti-abre-una-sala-de-exposicion-en-casa-de-campo\/","title":{"rendered":"INFINITI abre una sala de exposici\u00f3n en Casa de Campo"},"content":{"rendered":"<div class=\"wp-block-image\">\n<figure class=\"aligncenter is-resized\"><img loading=\"lazy\" decoding=\"async\" src=\"https:\/\/i0.wp.com\/casadecampoliving.com\/wp-content\/uploads\/2022\/10\/INFINITI-QX60.jpg?resize=650%2C326&amp;ssl=1\" alt=\"INFINITI QX60\" class=\"wp-image-110383\" height=\"326\" width=\"650\"\/><\/figure>\n<\/div>\n\n\n<p>Este S\u00e1bado Santo, abril 4, la lujosa marca de autom\u00f3viles INFINITI, representada en la Rep\u00fablica Dominicana por Santo Domingo Motors, abrir\u00e1 una sala de exposici\u00f3n para mostrar algunos de sus autos m\u00e1s deseables, perfectamente adecuados para conducir desde o hacia Casa de Campo.<\/p>\n\n\n\n<!--more-->\n\n\n<div class=\"wp-block-image\">\n<figure class=\"alignright is-resized\"><img loading=\"lazy\" decoding=\"async\" src=\"https:\/\/i0.wp.com\/casadecampoliving.com\/wp-content\/uploads\/2022\/10\/INFINITI_Q501-291x300-2.jpg?resize=291%2C300&amp;ssl=1\" alt=\"INFINITI Q50\" class=\"wp-image-110386\" height=\"300\" width=\"291\"\/><\/figure>\n<\/div>\n\n\n<p>La sala de exposici\u00f3n tipo \u201cpop-up\u201d (es decir, que s\u00f3lo abre por un corto per\u00edodo de tiempo) de INFINITI estar\u00e1 ubicada en las celebraciones de las finales de la Casa de Campo Copa Semana Santa este s\u00e1bado 4 de abril de 11am a 6pm.<\/p>\n\n\n\n<p>INFINITI, la marca definitiva de SUV\u2019s lujosas, la cual le ofrece&nbsp;el estilo de auto deportivo con todo el confort y seguridad de un SUV, tiene los veh\u00edculos ideales para las familias y hombres y mujeres de negocios, especialmente los due\u00f1os de villa de Casa de Campo que viven en Santo Domingo y se desplazan&nbsp;a Casa de Campo para fines de semana largos en el para\u00edso.<\/p>\n\n\n\n<p>La sala de&nbsp;exposici\u00f3n de INFINITI incluir\u00e1 la INFINITI QX60 Crossover, el&nbsp;INFINITI Q50 Sport Hybrid y el INFINITI Q70 Sport Sedan, hermosos modelos los cuales usted est\u00e1 invitado a ver y admirar en las finales de la Casa de Campo Copa Semana Santa este s\u00e1bado 4 de abril desde las 11am.<\/p>\n\n\n<div class=\"wp-block-image\">\n<figure class=\"aligncenter is-resized\"><img loading=\"lazy\" decoding=\"async\" src=\"https:\/\/i0.wp.com\/casadecampoliving.com\/wp-content\/uploads\/2022\/10\/INFINITI_Q50.jpg?resize=650%2C366&amp;ssl=1\" alt=\"INFINITI Q50\" class=\"wp-image-110385\" height=\"366\" width=\"650\"\/><\/figure>\n<\/div>\n\n\n<p class=\"has-text-align-center\"><strong>El&nbsp;INFINITI Q50 Sport Hybrid<\/strong><br>\n<\/p>\n\n\n\n<blockquote><h3 style=\"text-align: left;\">Sala de exposici\u00f3n tipo \u201cpop-up\u201d de INFINITI<\/h3><p style=\"text-align: left;\"><strong>Ubicaci\u00f3n<\/strong>: En las finales del torneo de polo Casa de Campo Copa Semana Santa (canchas de polo de Casa de Campo)<\/p><p style=\"text-align: left;\"><strong>Fecha<\/strong>:&nbsp;S\u00e1bado 4 de abril, 11am-6pm<\/p><\/blockquote>\n\n\n\n<p>Y s\u00f3lo por si acaso necesita otra raz\u00f3n para asistir a las finales de la Casa de Campo Copa Semana Santa, este s\u00e1bado 4 de abril, eche un vistazo a este v\u00eddeo\u2026<\/p>\n\n\n\n<p><iframe loading=\"lazy\" src=\"https:\/\/www.youtube.com\/embed\/N8FupNuPFvA\" width=\"640\" height=\"360\" frameborder=\"0\" allowfullscreen=\"allowfullscreen\"><\/iframe><\/p>\n\n\n\n<blockquote><h3>Finales de la&nbsp;Casa de Campo Copa Semana Santa<\/h3><figure><img decoding=\"async\" loading=\"lazy\" class=\"aligncenter wp-image-110380\" src=\"https:\/\/i0.wp.com\/casadecampoliving.com\/wp-content\/uploads\/2022\/10\/Casa_de_Campo_Copa_Semana_Santa1-6.jpg?resize=650%2C241&amp;ssl=1\" alt=\"Casa de Campo Copa Semana Santa\" width=\"650\" height=\"241\"><\/figure><p><strong><strong>FECHA:<\/strong> S\u00e1bado 4 de abril, 11am-6pm<\/strong><\/p><p><strong>PATROCINADO POR:<\/strong> Veuve Clicquot, Vinos SA, Casa de Campo, Casa de Campo Polo Club, Stella Artois, Azimut, INFINITI y SILGON.<\/p><figure><img decoding=\"async\" loading=\"lazy\" class=\"alignright wp-image-110079\" src=\"https:\/\/i0.wp.com\/casadecampoliving.com\/wp-content\/uploads\/2022\/10\/Casa_de_Campo_Copa_Semana_Santa_polo_style_guide1.jpg?resize=330%2C556&amp;ssl=1\" alt=\"Casa de Campo Copa Semana Santa style guide\" width=\"330\" height=\"556\"><\/figure><p><strong>VESTIMENTA: Chic divertido con un&nbsp;Toque de Polo<\/strong><\/p><p>Para las damas, maxi dresses, zapatos de plataforma o planos, sombreros de hala ancha, gafas a la moda y joyas. Para los caballeros, camisetas y camisas informales, y para los m\u00e1s a la moda, chaquetas o incluso corbatines.<\/p><p><strong>CALENDARIO DE ACTIVIDADES:<\/strong><\/p><p><strong>11am: Apertura de la alfombra roja CasaLife \/ Stella Artois<br>\n<\/strong>Venga a pavonearse y a presumir su #PoloStyle en la alfombra roja.<\/p><p><strong>11am-2pm: \u00a1Paseos en poni de cortes\u00eda para los peque\u00f1ines!<br>\n<\/strong>Usted trae a los peque\u00f1ines, nosotros traemos los ponis \u2013 \u00a1Diversi\u00f3n para toda la familia!<\/p><p><strong>12pm-2pm:&nbsp;Brindis con<strong>&nbsp;with Stella Artois<br>\n<\/strong><\/strong>Como uno de los patrocinadores del evento, Stella Artois estar\u00e1 ofreciendo una ronda de Stellas de cortes\u00eda para las primeras 200 personas, quienes tambien se llevar\u00e1n un c\u00e1liz de Stella Artois.<\/p><p><strong>12pm-2pm: M\u00fasica en vivo con&nbsp;Chantal del Pino&nbsp;<\/strong><\/p><p><strong>Todo el dia: Picnic CasaLife \/ Stella Artois<\/strong><\/p><p>Reserve su mesa de picnic: hello@silgon.net<\/p><p style=\"padding-left: 30px;\"><strong>El bar de La Cantina\/CasaLife<br>\n<\/strong>El bar de La Cantina\/CasaLife estar\u00e1 abierto todo el d\u00eda sirviendo una gran variedad de bebidas y cocteles, y entre las 12pm y 6pm habr\u00e1 especial de mimosas.<\/p><p style=\"padding-left: 30px;\"><strong>\u00a1Almuerzo!<br>\n<\/strong>\u00a1Venga a comer, a beber, y a estar alegre!&nbsp;<strong>Trattoria Pizzarelli<\/strong> servir\u00e1 pizza fresca todo el d\u00eda. Mientras Lucas, el restaurante italiano favorito de todos en La Romana ha preparado un delicioso men\u00fa de almuerzo con platos como quiche, mini ensalada caprese, paninis e incluso cannoli.<\/p><p><strong>2pm: final de goles bajos<br>\n<\/strong>Los dos finalistas de la competencia de goles bajos competir\u00e1n por la corona &nbsp;de campeonato de goles bajos de Casa de Campo Copa Semana Santa.<\/p><p><strong>2pm: Apertura&nbsp;de la&nbsp;\u201cVeuve Clicquot Experience Tent\u201d<br>\n<\/strong>Invitados exclusivos disfrutar\u00e1n de las actividades del d\u00eda con el \u00fanico #ClicquotStyle<strong><br>\n<\/strong><\/p><figure><img decoding=\"async\" loading=\"lazy\" class=\"alignright size-full wp-image-110282\" src=\"https:\/\/i0.wp.com\/casadecampoliving.com\/wp-content\/uploads\/2022\/10\/Casa_de_Campo_Copa_Semana_Santa_Divot_Stomping3.jpg?resize=280%2C434&amp;ssl=1\" alt=\"Casa de Campo Copa Semana Santa divot stomping\" width=\"280\" height=\"434\"><\/figure><p><strong>3pm: Divot Stomping con Veuve Clicquot<\/strong><br>\nAnimamos a todos los espectadores a que se unan en la cancha para pisotear&nbsp;el c\u00e9sped que ha sido destrozado por las pezu\u00f1as de los ponis\u2026 Todo el que forme parte de esta divertida actividad se le dar\u00e1 una copa de champa\u00f1a de cortes\u00eda de Veuve Clicquot.<\/p><p><strong>3:30pm: Show de Paso Fino por ADOPASO<\/strong><br>\nADOPASO, la Asociaci\u00f3n Dominicana de Criadores y Jinetes de Caballos Paso Fino, vendr\u00e1 a Casa de Campo especialmente para este evento, y traer\u00e1 consigo algunos de sus m\u00e1s finos caballos&nbsp;y jinetes para que muestren la elegancia y belleza de estos incre\u00edbles caballos.<\/p><p><strong>4:30pm: Final goles altos<br>\n<\/strong>Los dos finalistas de la de la competencia de goles altos competir\u00e1n por la corona de goles altos de la Casa de Campo Copa Semana Santa.<\/p><p><strong>6pm:&nbsp;Ceremonia de premiaci\u00f3n<\/strong><\/p><p><strong>CONTACTO:<\/strong> SILGON (809) 523-2045 \/ hello@silgon.net<\/p><\/blockquote>\n","protected":false},"excerpt":{"rendered":"<p>Este S\u00e1bado Santo, abril 4, la lujosa marca de autom\u00f3viles INFINITI, representada en la Rep\u00fablica Dominicana por Santo Domingo Motors, abrir\u00e1 una sala de exposici\u00f3n para mostrar algunos de sus autos m\u00e1s deseables, perfectamente adecuados para conducir desde o hacia Casa de Campo.<\/p>\n","protected":false},"author":31,"featured_media":289004,"comment_status":"closed","ping_status":"closed","sticky":false,"template":"","format":"standard","meta":{"newspack_ads_suppress_ads":false,"newspack_popups_has_disabled_popups":false,"newspack_sponsor_sponsorship_scope":"","newspack_sponsor_native_byline_display":"inherit","newspack_sponsor_native_category_display":"inherit","newspack_sponsor_underwriter_style":"inherit","newspack_sponsor_underwriter_placement":"inherit","_newspack_byline_active":false,"_newspack_byline":"","newspack_hide_updated_date":false,"newspack_show_updated_date":false,"newspack_content_restriction_is_exempt":false,"newspack_featured_image_position":"","newspack_post_subtitle":"","newspack_article_summary_title":"Overview:","newspack_article_summary":"","_jetpack_memberships_contains_paid_content":false,"footnotes":"","jetpack_publicize_message":"","jetpack_publicize_feature_enabled":true,"jetpack_social_post_already_shared":false,"jetpack_social_options":{"image_generator_settings":{"template":"highway","default_image_id":0,"font":"","enabled":false},"version":2},"_wpas_customize_per_network":false},"categories":[26936,26951,2524,14631,2522,14625,14627,2521,26822],"tags":[12327,12326,10668,3626,8094,24387,12274,3778],"newspack_spnsrs_tax":[],"class_list":["post-347120","post","type-post","status-publish","format-standard","has-post-thumbnail","hentry","category-casa-de-campo-living-es","category-ccl-presenta","category-destacados","category-estilo-de-vida","category-eventos-es","category-noticias-locales","category-proximamente","category-republica-dominicana-2","category-resort-casa-de-campo","tag-automoviles","tag-autos","tag-carros","tag-casa-de-campo-es","tag-casa-de-campo-community-es","tag-casa-de-campo-living-es","tag-copa-semana-santa-es","tag-polo-es","entry"],"yoast_head":"<!-- This site is optimized with the Yoast SEO plugin v27.4 - https:\/\/yoast.com\/product\/yoast-seo-wordpress\/ -->\n<title>INFINITI abre una sala de exposici\u00f3n en Casa de Campo | Casa de Campo Living<\/title>\n<meta name=\"description\" content=\"Este S\u00e1bado Santo, abril 4, la lujosa marca de autom\u00f3viles INFINITI, representada en la Rep\u00fablica Dominicana por Santo Domingo Motors, abrir\u00e1 una sala de\" \/>\n<meta name=\"robots\" content=\"index, follow, max-snippet:-1, max-image-preview:large, max-video-preview:-1\" \/>\n<link rel=\"canonical\" href=\"https:\/\/casadecampoliving.com\/es\/infiniti-abre-una-sala-de-exposicion-en-casa-de-campo\/\" \/>\n<meta property=\"og:locale\" content=\"es_ES\" \/>\n<meta property=\"og:type\" content=\"article\" \/>\n<meta property=\"og:title\" content=\"INFINITI abre una sala de exposici\u00f3n en Casa de Campo | Casa de Campo Living\" \/>\n<meta property=\"og:description\" content=\"Este S\u00e1bado Santo, abril 4, la lujosa marca de autom\u00f3viles INFINITI, representada en la Rep\u00fablica Dominicana por Santo Domingo Motors, abrir\u00e1 una sala de\" \/>\n<meta property=\"og:url\" content=\"https:\/\/casadecampoliving.com\/es\/infiniti-abre-una-sala-de-exposicion-en-casa-de-campo\/\" \/>\n<meta property=\"og:site_name\" content=\"Casa de Campo Living\" \/>\n<meta property=\"article:publisher\" content=\"https:\/\/www.facebook.com\/casadecampoliving\" \/>\n<meta property=\"article:published_time\" content=\"2015-04-01T04:00:00+00:00\" \/>\n<meta property=\"article:modified_time\" content=\"2022-10-21T23:04:37+00:00\" \/>\n<meta property=\"og:image\" content=\"https:\/\/i0.wp.com\/casadecampoliving.com\/wp-content\/uploads\/2022\/10\/INFINITI-QX60-1.jpg?fit=650%2C326&ssl=1\" \/>\n\t<meta property=\"og:image:width\" content=\"650\" \/>\n\t<meta property=\"og:image:height\" content=\"326\" \/>\n\t<meta property=\"og:image:type\" content=\"image\/jpeg\" \/>\n<meta name=\"author\" content=\"Rebecca Silvestri\" \/>\n<meta name=\"twitter:card\" content=\"summary_large_image\" \/>\n<meta name=\"twitter:creator\" content=\"@cdcliving\" \/>\n<meta name=\"twitter:site\" content=\"@cdcliving\" \/>\n<meta name=\"twitter:label1\" content=\"Escrito por\" \/>\n\t<meta name=\"twitter:data1\" content=\"Rebecca Silvestri\" \/>\n\t<meta name=\"twitter:label2\" content=\"Tiempo de lectura\" \/>\n\t<meta name=\"twitter:data2\" content=\"4 minutos\" \/>\n<script type=\"application\/ld+json\" class=\"yoast-schema-graph\">{\"@context\":\"https:\\\/\\\/schema.org\",\"@graph\":[{\"@type\":\"Article\",\"@id\":\"https:\\\/\\\/casadecampoliving.com\\\/es\\\/infiniti-abre-una-sala-de-exposicion-en-casa-de-campo\\\/#article\",\"isPartOf\":{\"@id\":\"https:\\\/\\\/casadecampoliving.com\\\/es\\\/infiniti-abre-una-sala-de-exposicion-en-casa-de-campo\\\/\"},\"author\":{\"name\":\"Rebecca Silvestri\",\"@id\":\"https:\\\/\\\/casadecampoliving.com\\\/es\\\/#\\\/schema\\\/person\\\/2b2208f3175fa8761e25b272e096d718\"},\"headline\":\"INFINITI abre una sala de exposici\u00f3n en Casa de Campo\",\"datePublished\":\"2015-04-01T04:00:00+00:00\",\"dateModified\":\"2022-10-21T23:04:37+00:00\",\"mainEntityOfPage\":{\"@id\":\"https:\\\/\\\/casadecampoliving.com\\\/es\\\/infiniti-abre-una-sala-de-exposicion-en-casa-de-campo\\\/\"},\"wordCount\":814,\"publisher\":{\"@id\":\"https:\\\/\\\/casadecampoliving.com\\\/es\\\/#organization\"},\"image\":{\"@id\":\"https:\\\/\\\/casadecampoliving.com\\\/es\\\/infiniti-abre-una-sala-de-exposicion-en-casa-de-campo\\\/#primaryimage\"},\"thumbnailUrl\":\"https:\\\/\\\/i0.wp.com\\\/casadecampoliving.com\\\/wp-content\\\/uploads\\\/2022\\\/10\\\/INFINITI-QX60-1.jpg?fit=650%2C326&ssl=1\",\"keywords\":[\"Autom\u00f3viles\",\"Autos\",\"carros\",\"casa de campo @es\",\"Casa de Campo Community @es\",\"Casa de Campo Living\",\"Copa Semana Santa @es\",\"polo @es\"],\"articleSection\":[\"Casa de Campo Living @es\",\"CCL presenta\",\"Destacados\",\"Estilo de Vida\",\"Eventos\",\"Noticias Locales\",\"Proximamente\",\"Rep\u00fablica Dominicana @es\",\"Resort Casa de Campo\"],\"inLanguage\":\"es\"},{\"@type\":\"WebPage\",\"@id\":\"https:\\\/\\\/casadecampoliving.com\\\/es\\\/infiniti-abre-una-sala-de-exposicion-en-casa-de-campo\\\/\",\"url\":\"https:\\\/\\\/casadecampoliving.com\\\/es\\\/infiniti-abre-una-sala-de-exposicion-en-casa-de-campo\\\/\",\"name\":\"INFINITI abre una sala de exposici\u00f3n en Casa de Campo | Casa de Campo Living\",\"isPartOf\":{\"@id\":\"https:\\\/\\\/casadecampoliving.com\\\/es\\\/#website\"},\"primaryImageOfPage\":{\"@id\":\"https:\\\/\\\/casadecampoliving.com\\\/es\\\/infiniti-abre-una-sala-de-exposicion-en-casa-de-campo\\\/#primaryimage\"},\"image\":{\"@id\":\"https:\\\/\\\/casadecampoliving.com\\\/es\\\/infiniti-abre-una-sala-de-exposicion-en-casa-de-campo\\\/#primaryimage\"},\"thumbnailUrl\":\"https:\\\/\\\/i0.wp.com\\\/casadecampoliving.com\\\/wp-content\\\/uploads\\\/2022\\\/10\\\/INFINITI-QX60-1.jpg?fit=650%2C326&ssl=1\",\"datePublished\":\"2015-04-01T04:00:00+00:00\",\"dateModified\":\"2022-10-21T23:04:37+00:00\",\"description\":\"Este S\u00e1bado Santo, abril 4, la lujosa marca de autom\u00f3viles INFINITI, representada en la Rep\u00fablica Dominicana por Santo Domingo Motors, abrir\u00e1 una sala de\",\"breadcrumb\":{\"@id\":\"https:\\\/\\\/casadecampoliving.com\\\/es\\\/infiniti-abre-una-sala-de-exposicion-en-casa-de-campo\\\/#breadcrumb\"},\"inLanguage\":\"es\",\"potentialAction\":[{\"@type\":\"ReadAction\",\"target\":[\"https:\\\/\\\/casadecampoliving.com\\\/es\\\/infiniti-abre-una-sala-de-exposicion-en-casa-de-campo\\\/\"]}]},{\"@type\":\"ImageObject\",\"inLanguage\":\"es\",\"@id\":\"https:\\\/\\\/casadecampoliving.com\\\/es\\\/infiniti-abre-una-sala-de-exposicion-en-casa-de-campo\\\/#primaryimage\",\"url\":\"https:\\\/\\\/i0.wp.com\\\/casadecampoliving.com\\\/wp-content\\\/uploads\\\/2022\\\/10\\\/INFINITI-QX60-1.jpg?fit=650%2C326&ssl=1\",\"contentUrl\":\"https:\\\/\\\/i0.wp.com\\\/casadecampoliving.com\\\/wp-content\\\/uploads\\\/2022\\\/10\\\/INFINITI-QX60-1.jpg?fit=650%2C326&ssl=1\",\"width\":650,\"height\":326,\"caption\":\"INFINITI QX60\"},{\"@type\":\"BreadcrumbList\",\"@id\":\"https:\\\/\\\/casadecampoliving.com\\\/es\\\/infiniti-abre-una-sala-de-exposicion-en-casa-de-campo\\\/#breadcrumb\",\"itemListElement\":[{\"@type\":\"ListItem\",\"position\":1,\"name\":\"Home\",\"item\":\"https:\\\/\\\/casadecampoliving.com\\\/es\\\/\"},{\"@type\":\"ListItem\",\"position\":2,\"name\":\"INFINITI abre una sala de exposici\u00f3n en Casa de Campo\"}]},{\"@type\":\"WebSite\",\"@id\":\"https:\\\/\\\/casadecampoliving.com\\\/es\\\/#website\",\"url\":\"https:\\\/\\\/casadecampoliving.com\\\/es\\\/\",\"name\":\"Casa de Campo Living\",\"description\":\"Resort community news and resources.\",\"publisher\":{\"@id\":\"https:\\\/\\\/casadecampoliving.com\\\/es\\\/#organization\"},\"potentialAction\":[{\"@type\":\"SearchAction\",\"target\":{\"@type\":\"EntryPoint\",\"urlTemplate\":\"https:\\\/\\\/casadecampoliving.com\\\/es\\\/?s={search_term_string}\"},\"query-input\":{\"@type\":\"PropertyValueSpecification\",\"valueRequired\":true,\"valueName\":\"search_term_string\"}}],\"inLanguage\":\"es\"},{\"@type\":\"Organization\",\"@id\":\"https:\\\/\\\/casadecampoliving.com\\\/es\\\/#organization\",\"name\":\"Casa de Campo Living\",\"url\":\"https:\\\/\\\/casadecampoliving.com\\\/es\\\/\",\"logo\":{\"@type\":\"ImageObject\",\"inLanguage\":\"es\",\"@id\":\"https:\\\/\\\/casadecampoliving.com\\\/es\\\/#\\\/schema\\\/logo\\\/image\\\/\",\"url\":\"https:\\\/\\\/i0.wp.com\\\/casadecampoliving.com\\\/wp-content\\\/uploads\\\/2022\\\/07\\\/CDCLivingLogo_V1-white-sized.png?fit=800%2C214&ssl=1\",\"contentUrl\":\"https:\\\/\\\/i0.wp.com\\\/casadecampoliving.com\\\/wp-content\\\/uploads\\\/2022\\\/07\\\/CDCLivingLogo_V1-white-sized.png?fit=800%2C214&ssl=1\",\"width\":800,\"height\":214,\"caption\":\"Casa de Campo Living\"},\"image\":{\"@id\":\"https:\\\/\\\/casadecampoliving.com\\\/es\\\/#\\\/schema\\\/logo\\\/image\\\/\"},\"sameAs\":[\"https:\\\/\\\/www.facebook.com\\\/casadecampoliving\",\"https:\\\/\\\/x.com\\\/cdcliving\"]},{\"@type\":\"Person\",\"@id\":\"https:\\\/\\\/casadecampoliving.com\\\/es\\\/#\\\/schema\\\/person\\\/2b2208f3175fa8761e25b272e096d718\",\"name\":\"Rebecca Silvestri\",\"image\":{\"@type\":\"ImageObject\",\"inLanguage\":\"es\",\"@id\":\"https:\\\/\\\/secure.gravatar.com\\\/avatar\\\/2d937fd6c1769fb718dbf8dce9e82bf5f89e97bd028f9b3ea10b931dc7df95c6?s=96&d=mm&r=g\",\"url\":\"https:\\\/\\\/secure.gravatar.com\\\/avatar\\\/2d937fd6c1769fb718dbf8dce9e82bf5f89e97bd028f9b3ea10b931dc7df95c6?s=96&d=mm&r=g\",\"contentUrl\":\"https:\\\/\\\/secure.gravatar.com\\\/avatar\\\/2d937fd6c1769fb718dbf8dce9e82bf5f89e97bd028f9b3ea10b931dc7df95c6?s=96&d=mm&r=g\",\"caption\":\"Rebecca Silvestri\"},\"url\":\"https:\\\/\\\/casadecampoliving.com\\\/es\\\/author\\\/madamehuge\\\/\"}]}<\/script>\n<!-- \/ Yoast SEO plugin. -->","yoast_head_json":{"title":"INFINITI abre una sala de exposici\u00f3n en Casa de Campo | Casa de Campo Living","description":"Este S\u00e1bado Santo, abril 4, la lujosa marca de autom\u00f3viles INFINITI, representada en la Rep\u00fablica Dominicana por Santo Domingo Motors, abrir\u00e1 una sala de","robots":{"index":"index","follow":"follow","max-snippet":"max-snippet:-1","max-image-preview":"max-image-preview:large","max-video-preview":"max-video-preview:-1"},"canonical":"https:\/\/casadecampoliving.com\/es\/infiniti-abre-una-sala-de-exposicion-en-casa-de-campo\/","og_locale":"es_ES","og_type":"article","og_title":"INFINITI abre una sala de exposici\u00f3n en Casa de Campo | Casa de Campo Living","og_description":"Este S\u00e1bado Santo, abril 4, la lujosa marca de autom\u00f3viles INFINITI, representada en la Rep\u00fablica Dominicana por Santo Domingo Motors, abrir\u00e1 una sala de","og_url":"https:\/\/casadecampoliving.com\/es\/infiniti-abre-una-sala-de-exposicion-en-casa-de-campo\/","og_site_name":"Casa de Campo Living","article_publisher":"https:\/\/www.facebook.com\/casadecampoliving","article_published_time":"2015-04-01T04:00:00+00:00","article_modified_time":"2022-10-21T23:04:37+00:00","og_image":[{"width":650,"height":326,"url":"https:\/\/i0.wp.com\/casadecampoliving.com\/wp-content\/uploads\/2022\/10\/INFINITI-QX60-1.jpg?fit=650%2C326&ssl=1","type":"image\/jpeg"}],"author":"Rebecca Silvestri","twitter_card":"summary_large_image","twitter_creator":"@cdcliving","twitter_site":"@cdcliving","twitter_misc":{"Escrito por":"Rebecca Silvestri","Tiempo de lectura":"4 minutos"},"schema":{"@context":"https:\/\/schema.org","@graph":[{"@type":"Article","@id":"https:\/\/casadecampoliving.com\/es\/infiniti-abre-una-sala-de-exposicion-en-casa-de-campo\/#article","isPartOf":{"@id":"https:\/\/casadecampoliving.com\/es\/infiniti-abre-una-sala-de-exposicion-en-casa-de-campo\/"},"author":{"name":"Rebecca Silvestri","@id":"https:\/\/casadecampoliving.com\/es\/#\/schema\/person\/2b2208f3175fa8761e25b272e096d718"},"headline":"INFINITI abre una sala de exposici\u00f3n en Casa de Campo","datePublished":"2015-04-01T04:00:00+00:00","dateModified":"2022-10-21T23:04:37+00:00","mainEntityOfPage":{"@id":"https:\/\/casadecampoliving.com\/es\/infiniti-abre-una-sala-de-exposicion-en-casa-de-campo\/"},"wordCount":814,"publisher":{"@id":"https:\/\/casadecampoliving.com\/es\/#organization"},"image":{"@id":"https:\/\/casadecampoliving.com\/es\/infiniti-abre-una-sala-de-exposicion-en-casa-de-campo\/#primaryimage"},"thumbnailUrl":"https:\/\/i0.wp.com\/casadecampoliving.com\/wp-content\/uploads\/2022\/10\/INFINITI-QX60-1.jpg?fit=650%2C326&ssl=1","keywords":["Autom\u00f3viles","Autos","carros","casa de campo @es","Casa de Campo Community @es","Casa de Campo Living","Copa Semana Santa @es","polo @es"],"articleSection":["Casa de Campo Living @es","CCL presenta","Destacados","Estilo de Vida","Eventos","Noticias Locales","Proximamente","Rep\u00fablica Dominicana @es","Resort Casa de Campo"],"inLanguage":"es"},{"@type":"WebPage","@id":"https:\/\/casadecampoliving.com\/es\/infiniti-abre-una-sala-de-exposicion-en-casa-de-campo\/","url":"https:\/\/casadecampoliving.com\/es\/infiniti-abre-una-sala-de-exposicion-en-casa-de-campo\/","name":"INFINITI abre una sala de exposici\u00f3n en Casa de Campo | Casa de Campo Living","isPartOf":{"@id":"https:\/\/casadecampoliving.com\/es\/#website"},"primaryImageOfPage":{"@id":"https:\/\/casadecampoliving.com\/es\/infiniti-abre-una-sala-de-exposicion-en-casa-de-campo\/#primaryimage"},"image":{"@id":"https:\/\/casadecampoliving.com\/es\/infiniti-abre-una-sala-de-exposicion-en-casa-de-campo\/#primaryimage"},"thumbnailUrl":"https:\/\/i0.wp.com\/casadecampoliving.com\/wp-content\/uploads\/2022\/10\/INFINITI-QX60-1.jpg?fit=650%2C326&ssl=1","datePublished":"2015-04-01T04:00:00+00:00","dateModified":"2022-10-21T23:04:37+00:00","description":"Este S\u00e1bado Santo, abril 4, la lujosa marca de autom\u00f3viles INFINITI, representada en la Rep\u00fablica Dominicana por Santo Domingo Motors, abrir\u00e1 una sala de","breadcrumb":{"@id":"https:\/\/casadecampoliving.com\/es\/infiniti-abre-una-sala-de-exposicion-en-casa-de-campo\/#breadcrumb"},"inLanguage":"es","potentialAction":[{"@type":"ReadAction","target":["https:\/\/casadecampoliving.com\/es\/infiniti-abre-una-sala-de-exposicion-en-casa-de-campo\/"]}]},{"@type":"ImageObject","inLanguage":"es","@id":"https:\/\/casadecampoliving.com\/es\/infiniti-abre-una-sala-de-exposicion-en-casa-de-campo\/#primaryimage","url":"https:\/\/i0.wp.com\/casadecampoliving.com\/wp-content\/uploads\/2022\/10\/INFINITI-QX60-1.jpg?fit=650%2C326&ssl=1","contentUrl":"https:\/\/i0.wp.com\/casadecampoliving.com\/wp-content\/uploads\/2022\/10\/INFINITI-QX60-1.jpg?fit=650%2C326&ssl=1","width":650,"height":326,"caption":"INFINITI QX60"},{"@type":"BreadcrumbList","@id":"https:\/\/casadecampoliving.com\/es\/infiniti-abre-una-sala-de-exposicion-en-casa-de-campo\/#breadcrumb","itemListElement":[{"@type":"ListItem","position":1,"name":"Home","item":"https:\/\/casadecampoliving.com\/es\/"},{"@type":"ListItem","position":2,"name":"INFINITI abre una sala de exposici\u00f3n en Casa de Campo"}]},{"@type":"WebSite","@id":"https:\/\/casadecampoliving.com\/es\/#website","url":"https:\/\/casadecampoliving.com\/es\/","name":"Casa de Campo Living","description":"Resort community news and resources.","publisher":{"@id":"https:\/\/casadecampoliving.com\/es\/#organization"},"potentialAction":[{"@type":"SearchAction","target":{"@type":"EntryPoint","urlTemplate":"https:\/\/casadecampoliving.com\/es\/?s={search_term_string}"},"query-input":{"@type":"PropertyValueSpecification","valueRequired":true,"valueName":"search_term_string"}}],"inLanguage":"es"},{"@type":"Organization","@id":"https:\/\/casadecampoliving.com\/es\/#organization","name":"Casa de Campo Living","url":"https:\/\/casadecampoliving.com\/es\/","logo":{"@type":"ImageObject","inLanguage":"es","@id":"https:\/\/casadecampoliving.com\/es\/#\/schema\/logo\/image\/","url":"https:\/\/i0.wp.com\/casadecampoliving.com\/wp-content\/uploads\/2022\/07\/CDCLivingLogo_V1-white-sized.png?fit=800%2C214&ssl=1","contentUrl":"https:\/\/i0.wp.com\/casadecampoliving.com\/wp-content\/uploads\/2022\/07\/CDCLivingLogo_V1-white-sized.png?fit=800%2C214&ssl=1","width":800,"height":214,"caption":"Casa de Campo Living"},"image":{"@id":"https:\/\/casadecampoliving.com\/es\/#\/schema\/logo\/image\/"},"sameAs":["https:\/\/www.facebook.com\/casadecampoliving","https:\/\/x.com\/cdcliving"]},{"@type":"Person","@id":"https:\/\/casadecampoliving.com\/es\/#\/schema\/person\/2b2208f3175fa8761e25b272e096d718","name":"Rebecca Silvestri","image":{"@type":"ImageObject","inLanguage":"es","@id":"https:\/\/secure.gravatar.com\/avatar\/2d937fd6c1769fb718dbf8dce9e82bf5f89e97bd028f9b3ea10b931dc7df95c6?s=96&d=mm&r=g","url":"https:\/\/secure.gravatar.com\/avatar\/2d937fd6c1769fb718dbf8dce9e82bf5f89e97bd028f9b3ea10b931dc7df95c6?s=96&d=mm&r=g","contentUrl":"https:\/\/secure.gravatar.com\/avatar\/2d937fd6c1769fb718dbf8dce9e82bf5f89e97bd028f9b3ea10b931dc7df95c6?s=96&d=mm&r=g","caption":"Rebecca Silvestri"},"url":"https:\/\/casadecampoliving.com\/es\/author\/madamehuge\/"}]}},"parsely":{"version":"1.1.0","canonical_url":"https:\/\/casadecampoliving.com\/es\/infiniti-abre-una-sala-de-exposicion-en-casa-de-campo\/","smart_links":{"inbound":0,"outbound":0},"traffic_boost_suggestions_count":0,"meta":{"@context":"https:\/\/schema.org","@type":"NewsArticle","headline":"INFINITI abre una sala de exposici\u00f3n en Casa de Campo","url":"http:\/\/casadecampoliving.com\/es\/infiniti-abre-una-sala-de-exposicion-en-casa-de-campo\/","mainEntityOfPage":{"@type":"WebPage","@id":"http:\/\/casadecampoliving.com\/es\/infiniti-abre-una-sala-de-exposicion-en-casa-de-campo\/"},"thumbnailUrl":"https:\/\/i0.wp.com\/casadecampoliving.com\/wp-content\/uploads\/2022\/10\/INFINITI-QX60-1.jpg?resize=150%2C150&ssl=1","image":{"@type":"ImageObject","url":"https:\/\/i0.wp.com\/casadecampoliving.com\/wp-content\/uploads\/2022\/10\/INFINITI-QX60-1.jpg?fit=650%2C326&ssl=1"},"articleSection":"CCL presenta","author":[{"@type":"Person","name":"Rebecca Silvestri"}],"creator":["Rebecca Silvestri"],"publisher":{"@type":"Organization","name":"Casa de Campo Living","logo":"https:\/\/casadecampoliving.com\/wp-content\/uploads\/2022\/07\/CDCLivingLogo_V1-white-sized.png"},"keywords":["autom\u00f3viles","autos","carros","casa de campo @es","casa de campo community @es","casa de campo living","copa semana santa @es","polo @es"],"dateCreated":"2015-04-01T04:00:00Z","datePublished":"2015-04-01T04:00:00Z","dateModified":"2022-10-21T23:04:37Z"},"rendered":"<script type=\"application\/ld+json\" class=\"wp-parsely-metadata\">{\"@context\":\"https:\\\/\\\/schema.org\",\"@type\":\"NewsArticle\",\"headline\":\"INFINITI abre una sala de exposici\\u00f3n en Casa de Campo\",\"url\":\"http:\\\/\\\/casadecampoliving.com\\\/es\\\/infiniti-abre-una-sala-de-exposicion-en-casa-de-campo\\\/\",\"mainEntityOfPage\":{\"@type\":\"WebPage\",\"@id\":\"http:\\\/\\\/casadecampoliving.com\\\/es\\\/infiniti-abre-una-sala-de-exposicion-en-casa-de-campo\\\/\"},\"thumbnailUrl\":\"https:\\\/\\\/i0.wp.com\\\/casadecampoliving.com\\\/wp-content\\\/uploads\\\/2022\\\/10\\\/INFINITI-QX60-1.jpg?resize=150%2C150&ssl=1\",\"image\":{\"@type\":\"ImageObject\",\"url\":\"https:\\\/\\\/i0.wp.com\\\/casadecampoliving.com\\\/wp-content\\\/uploads\\\/2022\\\/10\\\/INFINITI-QX60-1.jpg?fit=650%2C326&ssl=1\"},\"articleSection\":\"CCL presenta\",\"author\":[{\"@type\":\"Person\",\"name\":\"Rebecca Silvestri\"}],\"creator\":[\"Rebecca Silvestri\"],\"publisher\":{\"@type\":\"Organization\",\"name\":\"Casa de Campo Living\",\"logo\":\"https:\\\/\\\/casadecampoliving.com\\\/wp-content\\\/uploads\\\/2022\\\/07\\\/CDCLivingLogo_V1-white-sized.png\"},\"keywords\":[\"autom\\u00f3viles\",\"autos\",\"carros\",\"casa de campo @es\",\"casa de campo community @es\",\"casa de campo living\",\"copa semana santa @es\",\"polo @es\"],\"dateCreated\":\"2015-04-01T04:00:00Z\",\"datePublished\":\"2015-04-01T04:00:00Z\",\"dateModified\":\"2022-10-21T23:04:37Z\"}<\/script>","tracker_url":"https:\/\/cdn.parsely.com\/keys\/casadecampoliving.com\/p.js"},"jetpack_publicize_connections":[],"jetpack_featured_media_url":"https:\/\/i0.wp.com\/casadecampoliving.com\/wp-content\/uploads\/2022\/10\/INFINITI-QX60-1.jpg?fit=650%2C326&ssl=1","jetpack-related-posts":[{"id":433460,"url":"https:\/\/casadecampoliving.com\/es\/no-se-pierdan-el-increible-tributo-a-frank-sinatra-para-celebrar-el-40-aniversario-del-anfiteatro-altos-de-chavon\/","url_meta":{"origin":347120,"position":0},"title":"No se pierdan el incre\u00edble tributo a Frank Sinatra para celebrar el 40 aniversario del\u00a0Anfiteatro Altos de Chav\u00f3n","author":"Casa de Campo Living","date":"20 Oct, 2022","format":false,"excerpt":"Siendo uno de los escenarios m\u00e1s emblem\u00e1ticos del pa\u00eds, Casa de Campo Resort\u00ae & Villas celebra las cuatro d\u00e9cadas de aniversario de Altos de Chav\u00f3n con un tributo al gran Frank Sinatra, protagonizado por artistas invitados y una big band tal cual la que acompa\u00f1\u00f3 al artista hace 40 a\u00f1os\u2026","rel":"","context":"En \u00abUncategorized @es\u00bb","block_context":{"text":"Uncategorized @es","link":"https:\/\/casadecampoliving.com\/es\/category\/uncategorized-es\/"},"img":{"alt_text":"","src":"https:\/\/i0.wp.com\/casadecampoliving.com\/wp-content\/uploads\/2022\/10\/Tributo-Frank-Sinatra-Foto-Principal-Amaury-Sanchez-Danilo-Ginebra-Andres-Pichardo-y-Jose-Gabriel-Perez-.jpg?fit=1200%2C873&ssl=1&resize=350%2C200","width":350,"height":200,"srcset":"https:\/\/i0.wp.com\/casadecampoliving.com\/wp-content\/uploads\/2022\/10\/Tributo-Frank-Sinatra-Foto-Principal-Amaury-Sanchez-Danilo-Ginebra-Andres-Pichardo-y-Jose-Gabriel-Perez-.jpg?fit=1200%2C873&ssl=1&resize=350%2C200 1x, https:\/\/i0.wp.com\/casadecampoliving.com\/wp-content\/uploads\/2022\/10\/Tributo-Frank-Sinatra-Foto-Principal-Amaury-Sanchez-Danilo-Ginebra-Andres-Pichardo-y-Jose-Gabriel-Perez-.jpg?fit=1200%2C873&ssl=1&resize=525%2C300 1.5x, https:\/\/i0.wp.com\/casadecampoliving.com\/wp-content\/uploads\/2022\/10\/Tributo-Frank-Sinatra-Foto-Principal-Amaury-Sanchez-Danilo-Ginebra-Andres-Pichardo-y-Jose-Gabriel-Perez-.jpg?fit=1200%2C873&ssl=1&resize=700%2C400 2x, https:\/\/i0.wp.com\/casadecampoliving.com\/wp-content\/uploads\/2022\/10\/Tributo-Frank-Sinatra-Foto-Principal-Amaury-Sanchez-Danilo-Ginebra-Andres-Pichardo-y-Jose-Gabriel-Perez-.jpg?fit=1200%2C873&ssl=1&resize=1050%2C600 3x"},"classes":[]},{"id":339695,"url":"https:\/\/casadecampoliving.com\/es\/santo-domingo-motors-lanza-nueva-marca-de-lujo-infiniti-en-casa-de-campo\/","url_meta":{"origin":347120,"position":1},"title":"Santo Domingo Motors lanza nueva marca de lujo INFINITI en Casa de Campo!","author":"","date":"5 Sep, 2012","format":false,"excerpt":"Durante el XXXV Torneo Internacional de Tenis \u201cCasa de Campo \u2013 Proseguros\u201d, celebrado del jueves 30 de agosto hasta el domingo 2 de septiembre en el Club de Tenis La Terraza, la lujosa marca de veh\u00edculos INFINITI, no solo fue un espectacular patrocinador del evento \u2013 tambi\u00e9n cautiv\u00f3 a todos\u2026","rel":"","context":"En \u00abCompras\u00bb","block_context":{"text":"Compras","link":"https:\/\/casadecampoliving.com\/es\/category\/compras-es\/"},"img":{"alt_text":"Infiniti Exhibit Proseguros","src":"https:\/\/i0.wp.com\/casadecampoliving.com\/wp-content\/uploads\/2022\/10\/infiniti_proseguros3-1.jpg?fit=650%2C460&ssl=1&resize=350%2C200","width":350,"height":200,"srcset":"https:\/\/i0.wp.com\/casadecampoliving.com\/wp-content\/uploads\/2022\/10\/infiniti_proseguros3-1.jpg?fit=650%2C460&ssl=1&resize=350%2C200 1x, https:\/\/i0.wp.com\/casadecampoliving.com\/wp-content\/uploads\/2022\/10\/infiniti_proseguros3-1.jpg?fit=650%2C460&ssl=1&resize=525%2C300 1.5x"},"classes":[]},{"id":352430,"url":"https:\/\/casadecampoliving.com\/es\/concours-delegance-casa-de-campo-esta-de-regreso\/","url_meta":{"origin":347120,"position":2},"title":"La exhibici\u00f3n de autos cl\u00e1sicos de Casa de Campo, Concours D\u2019Elegance est\u00e1 de regreso!","author":"Casa de Campo Resort","date":"3 Feb, 2018","format":false,"excerpt":"Por segundo a\u00f1o consecutivo se presentar\u00e1 en Rep\u00fablica Dominicana el Concours D\u2019Elegance Casa de Campo. Una Excepcional exposici\u00f3n de autom\u00f3viles Cl\u00e1sicos y de Colecci\u00f3n en una exhibici\u00f3n p\u00fablica, que contar\u00e1 con veh\u00edculos estadounidenses y europeos con a\u00f1os de historia, permitiendo a los visitantes apreciar los particulares estilos y las piezas\u2026","rel":"","context":"En \u00abEstilo de Vida\u00bb","block_context":{"text":"Estilo de Vida","link":"https:\/\/casadecampoliving.com\/es\/category\/estilo-de-vida\/"},"img":{"alt_text":"","src":"https:\/\/i0.wp.com\/casadecampoliving.com\/wp-content\/uploads\/2018\/02\/IMG_5096.jpg?resize=350%2C200&ssl=1","width":350,"height":200,"srcset":"https:\/\/i0.wp.com\/casadecampoliving.com\/wp-content\/uploads\/2018\/02\/IMG_5096.jpg?resize=350%2C200&ssl=1 1x, https:\/\/i0.wp.com\/casadecampoliving.com\/wp-content\/uploads\/2018\/02\/IMG_5096.jpg?resize=525%2C300&ssl=1 1.5x, https:\/\/i0.wp.com\/casadecampoliving.com\/wp-content\/uploads\/2018\/02\/IMG_5096.jpg?resize=700%2C400&ssl=1 2x"},"classes":[]},{"id":354425,"url":"https:\/\/casadecampoliving.com\/es\/esta-invitado-a-la-primera-edicion-de-la-exhibicion-de-autos-clasicos-de-altos-de-chavon-este-ano-con-porsche\/","url_meta":{"origin":347120,"position":3},"title":"\u00a1NUEVA FECHA! Est\u00e1 invitado a la primera edici\u00f3n de la Exhibici\u00f3n de Autos Cl\u00e1sicos de Altos de Chav\u00f3n, este a\u00f1o con Porsche","author":"Casa de Campo Living","date":"23 Jun, 2022","format":false,"excerpt":"La primera edici\u00f3n de la Exhibici\u00f3n de Autos Cl\u00e1sicos de Altos de Chav\u00f3n se llevar\u00e1 a cabo el pr\u00f3ximo s\u00e1bado 9 y domingo 10 de julio de 2022. Esta ser\u00e1 una exhibici\u00f3n excepcional de autos cl\u00e1sicos que contar\u00e1 con la galardonada marca alemana de autos deportivos Porsche con a\u00f1os de\u2026","rel":"","context":"En \u00abAltos de Chavon @es\u00bb","block_context":{"text":"Altos de Chavon @es","link":"https:\/\/casadecampoliving.com\/category\/altos-de-chavon-es\/"},"img":{"alt_text":"","src":"https:\/\/i0.wp.com\/casadecampoliving.com\/wp-content\/uploads\/2022\/10\/Altos-de-Chavo%CC%81n-Porsche-World-Road-Show4-2.jpg?fit=1000%2C666&ssl=1&resize=350%2C200","width":350,"height":200,"srcset":"https:\/\/i0.wp.com\/casadecampoliving.com\/wp-content\/uploads\/2022\/10\/Altos-de-Chavo%CC%81n-Porsche-World-Road-Show4-2.jpg?fit=1000%2C666&ssl=1&resize=350%2C200 1x, https:\/\/i0.wp.com\/casadecampoliving.com\/wp-content\/uploads\/2022\/10\/Altos-de-Chavo%CC%81n-Porsche-World-Road-Show4-2.jpg?fit=1000%2C666&ssl=1&resize=525%2C300 1.5x, https:\/\/i0.wp.com\/casadecampoliving.com\/wp-content\/uploads\/2022\/10\/Altos-de-Chavo%CC%81n-Porsche-World-Road-Show4-2.jpg?fit=1000%2C666&ssl=1&resize=700%2C400 2x"},"classes":[]},{"id":354435,"url":"https:\/\/casadecampoliving.com\/es\/exhibicion-de-autos-clasicos-de-altos-de-chavon-una-viaje-a-traves-de-la-historia-de-automoviles-de-lujo-porsche\/","url_meta":{"origin":347120,"position":4},"title":"Exhibici\u00f3n de Autos Cl\u00e1sicos de Altos de Chav\u00f3n: una viaje a trav\u00e9s de la historia de los autom\u00f3viles de lujo Porsche","author":"Casa de Campo Living","date":"11 Jul, 2022","format":false,"excerpt":"Casa de Campo y el lujo se complementan como el queso y el vino, esto qued\u00f3 evidenciado la semana pasada cuando Altos de Chav\u00f3n se lleno de Porsches en todas formas, colores y tama\u00f1os, el estacionamiento frente a la fuente y el anfiteatro nunca se hab\u00eda visto tan adornada. La\u2026","rel":"","context":"En \u00abAltos de Chavon @es\u00bb","block_context":{"text":"Altos de Chavon @es","link":"https:\/\/casadecampoliving.com\/category\/altos-de-chavon-es\/"},"img":{"alt_text":"","src":"https:\/\/i0.wp.com\/casadecampoliving.com\/wp-content\/uploads\/2022\/10\/DSC02068-1.jpg?fit=1000%2C593&ssl=1&resize=350%2C200","width":350,"height":200,"srcset":"https:\/\/i0.wp.com\/casadecampoliving.com\/wp-content\/uploads\/2022\/10\/DSC02068-1.jpg?fit=1000%2C593&ssl=1&resize=350%2C200 1x, https:\/\/i0.wp.com\/casadecampoliving.com\/wp-content\/uploads\/2022\/10\/DSC02068-1.jpg?fit=1000%2C593&ssl=1&resize=525%2C300 1.5x, https:\/\/i0.wp.com\/casadecampoliving.com\/wp-content\/uploads\/2022\/10\/DSC02068-1.jpg?fit=1000%2C593&ssl=1&resize=700%2C400 2x"},"classes":[]},{"id":515568,"url":"https:\/\/casadecampoliving.com\/es\/una-fusion-de-arte-y-cultura-exhibicion-regresar-al-bohio-de-simon-de-los-santos-y-vanessa-languasco-en-wao-gallery-cultural-center\/","url_meta":{"origin":347120,"position":5},"title":"Una Fusi\u00f3n de Arte y Cultura: Exhibici\u00f3n \u2018Regresar al Boh\u00edo\u2019 de Sim\u00f3n de los Santos y Vanessa Languasco en Wao Gallery &amp; Cultural Center","author":"Casa de Campo Living","date":"16 Mar, 2023","format":false,"excerpt":"Recientemente, Wao Gallery & Cultural Center abri\u00f3 la exposici\u00f3n \"Regresar al Boh\u00edo\" de los artistas dominicanos Sim\u00f3n de los Santos y Vanessa Languasco. La colecci\u00f3n presenta obras llenas de experiencias, viajes y recorridos que la pareja ha emprendido, las cuales ahora adornan las paredes de la sala de exposiciones. Sim\u00f3n\u2026","rel":"","context":"En \u00abAltos de Chav\u00f3n\u00bb","block_context":{"text":"Altos de Chav\u00f3n","link":"https:\/\/casadecampoliving.com\/es\/category\/altos-de-chavon-6\/"},"img":{"alt_text":"","src":"https:\/\/i0.wp.com\/casadecampoliving.com\/wp-content\/uploads\/2023\/03\/Vanessa-Languasco-y-Simon-de-los-Santos-2-scaled.jpg?fit=1200%2C800&ssl=1&resize=350%2C200","width":350,"height":200,"srcset":"https:\/\/i0.wp.com\/casadecampoliving.com\/wp-content\/uploads\/2023\/03\/Vanessa-Languasco-y-Simon-de-los-Santos-2-scaled.jpg?fit=1200%2C800&ssl=1&resize=350%2C200 1x, https:\/\/i0.wp.com\/casadecampoliving.com\/wp-content\/uploads\/2023\/03\/Vanessa-Languasco-y-Simon-de-los-Santos-2-scaled.jpg?fit=1200%2C800&ssl=1&resize=525%2C300 1.5x, https:\/\/i0.wp.com\/casadecampoliving.com\/wp-content\/uploads\/2023\/03\/Vanessa-Languasco-y-Simon-de-los-Santos-2-scaled.jpg?fit=1200%2C800&ssl=1&resize=700%2C400 2x, https:\/\/i0.wp.com\/casadecampoliving.com\/wp-content\/uploads\/2023\/03\/Vanessa-Languasco-y-Simon-de-los-Santos-2-scaled.jpg?fit=1200%2C800&ssl=1&resize=1050%2C600 3x"},"classes":[]}],"jetpack_sharing_enabled":true,"_links":{"self":[{"href":"https:\/\/casadecampoliving.com\/es\/wp-json\/wp\/v2\/posts\/347120","targetHints":{"allow":["GET"]}}],"collection":[{"href":"https:\/\/casadecampoliving.com\/es\/wp-json\/wp\/v2\/posts"}],"about":[{"href":"https:\/\/casadecampoliving.com\/es\/wp-json\/wp\/v2\/types\/post"}],"author":[{"embeddable":true,"href":"https:\/\/casadecampoliving.com\/es\/wp-json\/wp\/v2\/users\/31"}],"replies":[{"embeddable":true,"href":"https:\/\/casadecampoliving.com\/es\/wp-json\/wp\/v2\/comments?post=347120"}],"version-history":[{"count":1,"href":"https:\/\/casadecampoliving.com\/es\/wp-json\/wp\/v2\/posts\/347120\/revisions"}],"predecessor-version":[{"id":347121,"href":"https:\/\/casadecampoliving.com\/es\/wp-json\/wp\/v2\/posts\/347120\/revisions\/347121"}],"wp:featuredmedia":[{"embeddable":true,"href":"https:\/\/casadecampoliving.com\/es\/wp-json\/wp\/v2\/media\/289004"}],"wp:attachment":[{"href":"https:\/\/casadecampoliving.com\/es\/wp-json\/wp\/v2\/media?parent=347120"}],"wp:term":[{"taxonomy":"category","embeddable":true,"href":"https:\/\/casadecampoliving.com\/es\/wp-json\/wp\/v2\/categories?post=347120"},{"taxonomy":"post_tag","embeddable":true,"href":"https:\/\/casadecampoliving.com\/es\/wp-json\/wp\/v2\/tags?post=347120"},{"taxonomy":"newspack_spnsrs_tax","embeddable":true,"href":"https:\/\/casadecampoliving.com\/es\/wp-json\/wp\/v2\/newspack_spnsrs_tax?post=347120"}],"curies":[{"name":"wp","href":"https:\/\/api.w.org\/{rel}","templated":true}]}}