{"id":347084,"date":"2015-06-12T00:00:00","date_gmt":"2015-06-12T04:00:00","guid":{"rendered":"https:\/\/casadecampoliving.com\/el-arte-mas-alla-de-las-piedras-continuendo-con-nuestro-legado-indigena\/"},"modified":"2022-10-21T19:02:53","modified_gmt":"2022-10-21T23:02:53","slug":"el-arte-mas-alla-de-las-piedras-continuendo-con-nuestro-legado-indigena","status":"publish","type":"post","link":"https:\/\/casadecampoliving.com\/es\/el-arte-mas-alla-de-las-piedras-continuendo-con-nuestro-legado-indigena\/","title":{"rendered":"El arte m\u00e1s all\u00e1 de las piedras, continuendo con nuestro legado ind\u00edgena"},"content":{"rendered":"<div class=\"wp-block-image\">\n<figure class=\"aligncenter is-resized\"><img loading=\"lazy\" decoding=\"async\" src=\"https:\/\/i0.wp.com\/casadecampoliving.com\/wp-content\/uploads\/2022\/10\/Ceramics_Altos_de_Chavon1.jpg?resize=650%2C434&amp;ssl=1\" alt=\"Ceramics, Altos de Chavon\" class=\"wp-image-111593\" height=\"434\" width=\"650\"\/><\/figure>\n<\/div>\n\n\n<p><span style=\"line-height: 1.5;\"><\/span><\/p>\n\n\n\n<p>El arte de la cer\u00e1mica en este pa\u00eds se remonta a cuando los ta\u00ednos habitaban la isla, en los d\u00edas cuando Col\u00f3n lleg\u00f3 proclamando la Rep\u00fablica Dominicana <em><strong>\u201clo m\u00e1s bello que los ojos humanos pod\u00edan ver\u201d<\/strong><\/em>. Este arte, este legado, que ha sido pasado&nbsp;de generaci\u00f3n en generaci\u00f3n, continua creciendo aqu\u00ed en Altos de Chav\u00f3n, nuestra \u201cvilla de artistas\u201d.<\/p>\n\n\n\n<!--more-->\n\n\n\n<p class=\"has-text-align-left\">La cer\u00e1mica en Altos de Chav\u00f3n se remonta al principio del mismo, cuando, en 1984, fue creada una escuela de cer\u00e1mica. Esta escuela atrajo a j\u00f3venes&nbsp;de todas partes de la regi\u00f3n, d\u00e1ndoles la oportunidad de hacer de la cer\u00e1mica su profesi\u00f3n. <em><strong>\u201c<\/strong><\/em><em><strong>Era algo hermoso\u201d<\/strong><\/em>,&nbsp;dijo&nbsp;Damar Casta\u00f1os (antigua profesora de la escuela, quien ahora se encarga del taller).<\/p>\n\n\n\n<p class=\"has-text-align-left\">M\u00e1s adelante, cuando la escuela se convirti\u00f3 en taller, muchos de los estudiantes se retiraron y siguieron adelante, pero algunos&nbsp;permanecieron. Hoy en d\u00eda, hay 8 j\u00f3venes dedicados a sus manualidades, laboriosamente trayendo vida a los detallados dise\u00f1os de Emilio Robba, \u201cel escultor de flores\u201d, sus cer\u00e1micas se caracterizan por sus peque\u00f1as y delicadas rosas, l\u00edneas fluidas, crestas, hojas, plantas, ostentosas curvas y majestuosas flores.<\/p>\n\n\n<div class=\"wp-block-image\">\n<figure class=\"aligncenter is-resized\"><img loading=\"lazy\" decoding=\"async\" src=\"https:\/\/i0.wp.com\/casadecampoliving.com\/wp-content\/uploads\/2022\/10\/Ceramics_Altos_de_Chavon-1024x683-2.jpg?resize=650%2C433&amp;ssl=1\" alt=\"Ceramics Altos de Chavon\" class=\"wp-image-111592\" height=\"433\" width=\"650\"\/><\/figure>\n<\/div>\n\n\n<p class=\"has-text-align-left\"><\/p>\n\n\n\n<p class=\"has-text-align-left\">Este antiguo oficio artesanal comienza con dos tipos de barro tra\u00eddos desde Bonao y San Jos\u00e9 de las Matas al norte del pa\u00eds. En el taller, la piedra es molida en el molino de martillos hasta ser hecha polvo, y luego se forma una masa con la cual ya nos hemos familiarizado. Desde ah\u00ed, el barro es moldeado a su figura b\u00e1sica, ya sea un florero, una l\u00e1mpara o un taz\u00f3n, en el torno de alfarero, y es ah\u00ed donde comienza el trabajo largo y arduo de dar vida a los dise\u00f1os. <b><i>\u201cNuestros chicos son r\u00e1pidos al&nbsp;captar los dise\u00f1os del se\u00f1or Robba, \u00e9l&nbsp;env\u00eda el dise\u00f1o en papel y ellos lo entienden de<\/i><\/b><em><strong> inmediato\u201d<\/strong><\/em>,<b><i> <\/i><\/b>explic\u00f3 Damar con orgullo. <b><i>\u201cSon muchachos muy&nbsp;trabajadores que aman lo que hacen. Lo que elaboran es una pieza de arte \u00fanica, algo que no encontrar\u00e1 en ning\u00fan otro lado, estamos verdaderamente orgullosos de<\/i><\/b><strong><i> ellos\u201d<\/i><\/strong>,<b><i> <\/i><\/b>a\u00f1adi\u00f3.<\/p>\n\n\n<div class=\"wp-block-image\">\n<figure class=\"alignright is-resized\"><img loading=\"lazy\" decoding=\"async\" src=\"https:\/\/i0.wp.com\/casadecampoliving.com\/wp-content\/uploads\/2022\/10\/ceramics_workshop_Altos_de_Chavon1.jpg?resize=300%2C352&amp;ssl=1\" alt=\"ceramics workshop Altos de Chavon\" class=\"wp-image-111595\" height=\"352\" width=\"300\"\/><\/figure>\n<\/div>\n\n\n<p class=\"has-text-align-left\">El taller de cer\u00e1mica ofrece clases regulares para turistas y residentes interesados en una tarde de diversi\u00f3n art\u00edstica. Las clases toman lugar los lunes, martes y jueves de 4:45pm a 6:00pm, con un costo de US$55 para adultos, US$40 para ni\u00f1os, organizados por el Hotel Casa de Campo [(809) 523-3165] y son impartidas&nbsp;por los chicos del taller, quienes toman de su tiempo, despu\u00e9s de su trabajo, para compartir su pasi\u00f3n y habilidad. <b><i>\u201cSiempre nos asombramos de la gente que viene aqu\u00ed, viendo c\u00f3mo se relajan y se ensucian con el barro, es algo que disfrutan mucho. A veces nos sorprenden, algunas personas tienen talento natural y crean excelentes piezas en su primer intento.\u201d<\/i><\/b><\/p>\n\n\n\n<p>Puede encontrar las piezas&nbsp;hechas a mano por los chicos del taller en <em>Art Studios by Emilio Robba<\/em>, en Altos de Chav\u00f3n, pero le motivamos a ir m\u00e1s all\u00e1 de la tienda e ir donde ocurre toda la magia, y tal vez hasta tomar una clase. El taller, se encuentra detr\u00e1s del Robert Garcia Salon, les invito a sumergirse en la cultura dominicana y ser parte del hist\u00f3rico legado que nos han dejado nuestros ancestros ind\u00edgenas.<\/p>\n\n\n<div class=\"wp-block-image\">\n<figure class=\"aligncenter is-resized\"><img loading=\"lazy\" decoding=\"async\" src=\"https:\/\/i0.wp.com\/casadecampoliving.com\/wp-content\/uploads\/2022\/10\/ceramics_workshop_Altos_de_Chavon.jpg?resize=650%2C434&amp;ssl=1\" alt=\"ceramics workshop Altos de Chavon\" class=\"wp-image-111594\" height=\"434\" width=\"650\"\/><\/figure>\n<\/div>\n\n\n<p><strong>Este art\u00edculo fue originalmente publicado en TODO Casa de Campo, edici\u00f3n&nbsp;11.&nbsp;<\/strong><\/p>\n","protected":false},"excerpt":{"rendered":"<p>El arte de la cer\u00e1mica en este pa\u00eds se remonta a cuando los ta\u00ednos habitaban la isla, en los d\u00edas cuando Col\u00f3n lleg\u00f3 proclamando la Rep\u00fablica Dominicana \u201clo m\u00e1s bello que los ojos humanos pod\u00edan ver\u201d. Este arte, este legado, que ha sido pasado&nbsp;de generaci\u00f3n en generaci\u00f3n, continua creciendo aqu\u00ed en Altos de Chav\u00f3n, nuestra [&hellip;]<\/p>\n","protected":false},"author":454,"featured_media":287500,"comment_status":"closed","ping_status":"closed","sticky":false,"template":"","format":"standard","meta":{"newspack_ads_suppress_ads":false,"newspack_popups_has_disabled_popups":false,"newspack_sponsor_sponsorship_scope":"","newspack_sponsor_native_byline_display":"inherit","newspack_sponsor_native_category_display":"inherit","newspack_sponsor_underwriter_style":"inherit","newspack_sponsor_underwriter_placement":"inherit","_newspack_byline_active":false,"_newspack_byline":"","newspack_hide_updated_date":false,"newspack_show_updated_date":false,"newspack_content_restriction_is_exempt":false,"newspack_featured_image_position":"","newspack_post_subtitle":"","newspack_article_summary_title":"Overview:","newspack_article_summary":"","_jetpack_memberships_contains_paid_content":false,"footnotes":"","jetpack_publicize_message":"","jetpack_publicize_feature_enabled":true,"jetpack_social_post_already_shared":false,"jetpack_social_options":{"image_generator_settings":{"template":"highway","default_image_id":0,"font":"","enabled":false},"version":2},"_wpas_customize_per_network":false},"categories":[26819,26823,26936,2524,14631,14625,2521,26822],"tags":[15387,2536,3626,24387,10798,5791],"newspack_spnsrs_tax":[],"class_list":["post-347084","post","type-post","status-publish","format-standard","has-post-thumbnail","hentry","category-altos-de-chavon-es","category-arte-y-cultura","category-casa-de-campo-living-es","category-destacados","category-estilo-de-vida","category-noticias-locales","category-republica-dominicana-2","category-resort-casa-de-campo","tag-altos-de-chavon-es","tag-arte","tag-casa-de-campo-es","tag-casa-de-campo-living-es","tag-ceramica","tag-taller","entry"],"yoast_head":"<!-- This site is optimized with the Yoast SEO plugin v27.5 - https:\/\/yoast.com\/product\/yoast-seo-wordpress\/ -->\n<title>El arte m\u00e1s all\u00e1 de las piedras, continuendo con nuestro legado ind\u00edgena | Casa de Campo Living<\/title>\n<meta name=\"description\" content=\"El arte de la cer\u00e1mica en este pa\u00eds se remonta a cuando los ta\u00ednos habitaban la isla, en los d\u00edas cuando Col\u00f3n lleg\u00f3 proclamando la Rep\u00fablica Dominicana\" \/>\n<meta name=\"robots\" content=\"index, follow, max-snippet:-1, max-image-preview:large, max-video-preview:-1\" \/>\n<link rel=\"canonical\" href=\"https:\/\/casadecampoliving.com\/es\/el-arte-mas-alla-de-las-piedras-continuendo-con-nuestro-legado-indigena\/\" \/>\n<meta property=\"og:locale\" content=\"es_ES\" \/>\n<meta property=\"og:type\" content=\"article\" \/>\n<meta property=\"og:title\" content=\"El arte m\u00e1s all\u00e1 de las piedras, continuendo con nuestro legado ind\u00edgena | Casa de Campo Living\" \/>\n<meta property=\"og:description\" content=\"El arte de la cer\u00e1mica en este pa\u00eds se remonta a cuando los ta\u00ednos habitaban la isla, en los d\u00edas cuando Col\u00f3n lleg\u00f3 proclamando la Rep\u00fablica Dominicana\" \/>\n<meta property=\"og:url\" content=\"https:\/\/casadecampoliving.com\/es\/el-arte-mas-alla-de-las-piedras-continuendo-con-nuestro-legado-indigena\/\" \/>\n<meta property=\"og:site_name\" content=\"Casa de Campo Living\" \/>\n<meta property=\"article:publisher\" content=\"https:\/\/www.facebook.com\/casadecampoliving\" \/>\n<meta property=\"article:published_time\" content=\"2015-06-12T04:00:00+00:00\" \/>\n<meta property=\"article:modified_time\" content=\"2022-10-21T23:02:53+00:00\" \/>\n<meta property=\"og:image\" content=\"https:\/\/i0.wp.com\/casadecampoliving.com\/wp-content\/uploads\/2022\/10\/Ceramics_Altos_de_Chavon-1.jpg?fit=1200%2C800&ssl=1\" \/>\n\t<meta property=\"og:image:width\" content=\"1200\" \/>\n\t<meta property=\"og:image:height\" content=\"800\" \/>\n\t<meta property=\"og:image:type\" content=\"image\/jpeg\" \/>\n<meta name=\"author\" content=\"Eliana Alba\" \/>\n<meta name=\"twitter:card\" content=\"summary_large_image\" \/>\n<meta name=\"twitter:creator\" content=\"@cdcliving\" \/>\n<meta name=\"twitter:site\" content=\"@cdcliving\" \/>\n<meta name=\"twitter:label1\" content=\"Escrito por\" \/>\n\t<meta name=\"twitter:data1\" content=\"Eliana Alba\" \/>\n\t<meta name=\"twitter:label2\" content=\"Tiempo de lectura\" \/>\n\t<meta name=\"twitter:data2\" content=\"3 minutos\" \/>\n<script type=\"application\/ld+json\" class=\"yoast-schema-graph\">{\"@context\":\"https:\\\/\\\/schema.org\",\"@graph\":[{\"@type\":\"Article\",\"@id\":\"https:\\\/\\\/casadecampoliving.com\\\/es\\\/el-arte-mas-alla-de-las-piedras-continuendo-con-nuestro-legado-indigena\\\/#article\",\"isPartOf\":{\"@id\":\"https:\\\/\\\/casadecampoliving.com\\\/es\\\/el-arte-mas-alla-de-las-piedras-continuendo-con-nuestro-legado-indigena\\\/\"},\"author\":{\"name\":\"Eliana Alba\",\"@id\":\"https:\\\/\\\/casadecampoliving.com\\\/es\\\/#\\\/schema\\\/person\\\/bd396a8f8ea621ed900f2d4a7407a3a2\"},\"headline\":\"El arte m\u00e1s all\u00e1 de las piedras, continuendo con nuestro legado ind\u00edgena\",\"datePublished\":\"2015-06-12T04:00:00+00:00\",\"dateModified\":\"2022-10-21T23:02:53+00:00\",\"mainEntityOfPage\":{\"@id\":\"https:\\\/\\\/casadecampoliving.com\\\/es\\\/el-arte-mas-alla-de-las-piedras-continuendo-con-nuestro-legado-indigena\\\/\"},\"wordCount\":612,\"publisher\":{\"@id\":\"https:\\\/\\\/casadecampoliving.com\\\/es\\\/#organization\"},\"image\":{\"@id\":\"https:\\\/\\\/casadecampoliving.com\\\/es\\\/el-arte-mas-alla-de-las-piedras-continuendo-con-nuestro-legado-indigena\\\/#primaryimage\"},\"thumbnailUrl\":\"https:\\\/\\\/i0.wp.com\\\/casadecampoliving.com\\\/wp-content\\\/uploads\\\/2022\\\/10\\\/Ceramics_Altos_de_Chavon-1.jpg?fit=1200%2C800&ssl=1\",\"keywords\":[\"Altos de Chavon\",\"arte\",\"casa de campo @es\",\"Casa de Campo Living\",\"cer\u00e1mica\",\"taller\"],\"articleSection\":[\"Altos de Chavon @es\",\"Arte y cultura\",\"Casa de Campo Living @es\",\"Destacados\",\"Estilo de Vida\",\"Noticias Locales\",\"Rep\u00fablica Dominicana @es\",\"Resort Casa de Campo\"],\"inLanguage\":\"es\"},{\"@type\":\"WebPage\",\"@id\":\"https:\\\/\\\/casadecampoliving.com\\\/es\\\/el-arte-mas-alla-de-las-piedras-continuendo-con-nuestro-legado-indigena\\\/\",\"url\":\"https:\\\/\\\/casadecampoliving.com\\\/es\\\/el-arte-mas-alla-de-las-piedras-continuendo-con-nuestro-legado-indigena\\\/\",\"name\":\"El arte m\u00e1s all\u00e1 de las piedras, continuendo con nuestro legado ind\u00edgena | Casa de Campo Living\",\"isPartOf\":{\"@id\":\"https:\\\/\\\/casadecampoliving.com\\\/es\\\/#website\"},\"primaryImageOfPage\":{\"@id\":\"https:\\\/\\\/casadecampoliving.com\\\/es\\\/el-arte-mas-alla-de-las-piedras-continuendo-con-nuestro-legado-indigena\\\/#primaryimage\"},\"image\":{\"@id\":\"https:\\\/\\\/casadecampoliving.com\\\/es\\\/el-arte-mas-alla-de-las-piedras-continuendo-con-nuestro-legado-indigena\\\/#primaryimage\"},\"thumbnailUrl\":\"https:\\\/\\\/i0.wp.com\\\/casadecampoliving.com\\\/wp-content\\\/uploads\\\/2022\\\/10\\\/Ceramics_Altos_de_Chavon-1.jpg?fit=1200%2C800&ssl=1\",\"datePublished\":\"2015-06-12T04:00:00+00:00\",\"dateModified\":\"2022-10-21T23:02:53+00:00\",\"description\":\"El arte de la cer\u00e1mica en este pa\u00eds se remonta a cuando los ta\u00ednos habitaban la isla, en los d\u00edas cuando Col\u00f3n lleg\u00f3 proclamando la Rep\u00fablica Dominicana\",\"breadcrumb\":{\"@id\":\"https:\\\/\\\/casadecampoliving.com\\\/es\\\/el-arte-mas-alla-de-las-piedras-continuendo-con-nuestro-legado-indigena\\\/#breadcrumb\"},\"inLanguage\":\"es\",\"potentialAction\":[{\"@type\":\"ReadAction\",\"target\":[\"https:\\\/\\\/casadecampoliving.com\\\/es\\\/el-arte-mas-alla-de-las-piedras-continuendo-con-nuestro-legado-indigena\\\/\"]}]},{\"@type\":\"ImageObject\",\"inLanguage\":\"es\",\"@id\":\"https:\\\/\\\/casadecampoliving.com\\\/es\\\/el-arte-mas-alla-de-las-piedras-continuendo-con-nuestro-legado-indigena\\\/#primaryimage\",\"url\":\"https:\\\/\\\/i0.wp.com\\\/casadecampoliving.com\\\/wp-content\\\/uploads\\\/2022\\\/10\\\/Ceramics_Altos_de_Chavon-1.jpg?fit=1200%2C800&ssl=1\",\"contentUrl\":\"https:\\\/\\\/i0.wp.com\\\/casadecampoliving.com\\\/wp-content\\\/uploads\\\/2022\\\/10\\\/Ceramics_Altos_de_Chavon-1.jpg?fit=1200%2C800&ssl=1\",\"width\":1200,\"height\":800,\"caption\":\"Ceramics Altos de Chavon\"},{\"@type\":\"BreadcrumbList\",\"@id\":\"https:\\\/\\\/casadecampoliving.com\\\/es\\\/el-arte-mas-alla-de-las-piedras-continuendo-con-nuestro-legado-indigena\\\/#breadcrumb\",\"itemListElement\":[{\"@type\":\"ListItem\",\"position\":1,\"name\":\"Home\",\"item\":\"https:\\\/\\\/casadecampoliving.com\\\/es\\\/\"},{\"@type\":\"ListItem\",\"position\":2,\"name\":\"El arte m\u00e1s all\u00e1 de las piedras, continuendo con nuestro legado ind\u00edgena\"}]},{\"@type\":\"WebSite\",\"@id\":\"https:\\\/\\\/casadecampoliving.com\\\/es\\\/#website\",\"url\":\"https:\\\/\\\/casadecampoliving.com\\\/es\\\/\",\"name\":\"Casa de Campo Living\",\"description\":\"Resort community news and resources.\",\"publisher\":{\"@id\":\"https:\\\/\\\/casadecampoliving.com\\\/es\\\/#organization\"},\"potentialAction\":[{\"@type\":\"SearchAction\",\"target\":{\"@type\":\"EntryPoint\",\"urlTemplate\":\"https:\\\/\\\/casadecampoliving.com\\\/es\\\/?s={search_term_string}\"},\"query-input\":{\"@type\":\"PropertyValueSpecification\",\"valueRequired\":true,\"valueName\":\"search_term_string\"}}],\"inLanguage\":\"es\"},{\"@type\":\"Organization\",\"@id\":\"https:\\\/\\\/casadecampoliving.com\\\/es\\\/#organization\",\"name\":\"Casa de Campo Living\",\"url\":\"https:\\\/\\\/casadecampoliving.com\\\/es\\\/\",\"logo\":{\"@type\":\"ImageObject\",\"inLanguage\":\"es\",\"@id\":\"https:\\\/\\\/casadecampoliving.com\\\/es\\\/#\\\/schema\\\/logo\\\/image\\\/\",\"url\":\"https:\\\/\\\/i0.wp.com\\\/casadecampoliving.com\\\/wp-content\\\/uploads\\\/2022\\\/07\\\/CDCLivingLogo_V1-white-sized.png?fit=800%2C214&ssl=1\",\"contentUrl\":\"https:\\\/\\\/i0.wp.com\\\/casadecampoliving.com\\\/wp-content\\\/uploads\\\/2022\\\/07\\\/CDCLivingLogo_V1-white-sized.png?fit=800%2C214&ssl=1\",\"width\":800,\"height\":214,\"caption\":\"Casa de Campo Living\"},\"image\":{\"@id\":\"https:\\\/\\\/casadecampoliving.com\\\/es\\\/#\\\/schema\\\/logo\\\/image\\\/\"},\"sameAs\":[\"https:\\\/\\\/www.facebook.com\\\/casadecampoliving\",\"https:\\\/\\\/x.com\\\/cdcliving\"]},{\"@type\":\"Person\",\"@id\":\"https:\\\/\\\/casadecampoliving.com\\\/es\\\/#\\\/schema\\\/person\\\/bd396a8f8ea621ed900f2d4a7407a3a2\",\"name\":\"Eliana Alba\",\"image\":{\"@type\":\"ImageObject\",\"inLanguage\":\"es\",\"@id\":\"https:\\\/\\\/secure.gravatar.com\\\/avatar\\\/9855856e733abb59c5985d70cc9f36d1c83420173446a782077af61c55fb0a9c?s=96&d=mm&r=g\",\"url\":\"https:\\\/\\\/secure.gravatar.com\\\/avatar\\\/9855856e733abb59c5985d70cc9f36d1c83420173446a782077af61c55fb0a9c?s=96&d=mm&r=g\",\"contentUrl\":\"https:\\\/\\\/secure.gravatar.com\\\/avatar\\\/9855856e733abb59c5985d70cc9f36d1c83420173446a782077af61c55fb0a9c?s=96&d=mm&r=g\",\"caption\":\"Eliana Alba\"},\"sameAs\":[\"https:\\\/\\\/casadecampoliving.com\"],\"url\":\"https:\\\/\\\/casadecampoliving.com\\\/es\\\/author\\\/ealba\\\/\"}]}<\/script>\n<!-- \/ Yoast SEO plugin. -->","yoast_head_json":{"title":"El arte m\u00e1s all\u00e1 de las piedras, continuendo con nuestro legado ind\u00edgena | Casa de Campo Living","description":"El arte de la cer\u00e1mica en este pa\u00eds se remonta a cuando los ta\u00ednos habitaban la isla, en los d\u00edas cuando Col\u00f3n lleg\u00f3 proclamando la Rep\u00fablica Dominicana","robots":{"index":"index","follow":"follow","max-snippet":"max-snippet:-1","max-image-preview":"max-image-preview:large","max-video-preview":"max-video-preview:-1"},"canonical":"https:\/\/casadecampoliving.com\/es\/el-arte-mas-alla-de-las-piedras-continuendo-con-nuestro-legado-indigena\/","og_locale":"es_ES","og_type":"article","og_title":"El arte m\u00e1s all\u00e1 de las piedras, continuendo con nuestro legado ind\u00edgena | Casa de Campo Living","og_description":"El arte de la cer\u00e1mica en este pa\u00eds se remonta a cuando los ta\u00ednos habitaban la isla, en los d\u00edas cuando Col\u00f3n lleg\u00f3 proclamando la Rep\u00fablica Dominicana","og_url":"https:\/\/casadecampoliving.com\/es\/el-arte-mas-alla-de-las-piedras-continuendo-con-nuestro-legado-indigena\/","og_site_name":"Casa de Campo Living","article_publisher":"https:\/\/www.facebook.com\/casadecampoliving","article_published_time":"2015-06-12T04:00:00+00:00","article_modified_time":"2022-10-21T23:02:53+00:00","og_image":[{"width":1200,"height":800,"url":"https:\/\/i0.wp.com\/casadecampoliving.com\/wp-content\/uploads\/2022\/10\/Ceramics_Altos_de_Chavon-1.jpg?fit=1200%2C800&ssl=1","type":"image\/jpeg"}],"author":"Eliana Alba","twitter_card":"summary_large_image","twitter_creator":"@cdcliving","twitter_site":"@cdcliving","twitter_misc":{"Escrito por":"Eliana Alba","Tiempo de lectura":"3 minutos"},"schema":{"@context":"https:\/\/schema.org","@graph":[{"@type":"Article","@id":"https:\/\/casadecampoliving.com\/es\/el-arte-mas-alla-de-las-piedras-continuendo-con-nuestro-legado-indigena\/#article","isPartOf":{"@id":"https:\/\/casadecampoliving.com\/es\/el-arte-mas-alla-de-las-piedras-continuendo-con-nuestro-legado-indigena\/"},"author":{"name":"Eliana Alba","@id":"https:\/\/casadecampoliving.com\/es\/#\/schema\/person\/bd396a8f8ea621ed900f2d4a7407a3a2"},"headline":"El arte m\u00e1s all\u00e1 de las piedras, continuendo con nuestro legado ind\u00edgena","datePublished":"2015-06-12T04:00:00+00:00","dateModified":"2022-10-21T23:02:53+00:00","mainEntityOfPage":{"@id":"https:\/\/casadecampoliving.com\/es\/el-arte-mas-alla-de-las-piedras-continuendo-con-nuestro-legado-indigena\/"},"wordCount":612,"publisher":{"@id":"https:\/\/casadecampoliving.com\/es\/#organization"},"image":{"@id":"https:\/\/casadecampoliving.com\/es\/el-arte-mas-alla-de-las-piedras-continuendo-con-nuestro-legado-indigena\/#primaryimage"},"thumbnailUrl":"https:\/\/i0.wp.com\/casadecampoliving.com\/wp-content\/uploads\/2022\/10\/Ceramics_Altos_de_Chavon-1.jpg?fit=1200%2C800&ssl=1","keywords":["Altos de Chavon","arte","casa de campo @es","Casa de Campo Living","cer\u00e1mica","taller"],"articleSection":["Altos de Chavon @es","Arte y cultura","Casa de Campo Living @es","Destacados","Estilo de Vida","Noticias Locales","Rep\u00fablica Dominicana @es","Resort Casa de Campo"],"inLanguage":"es"},{"@type":"WebPage","@id":"https:\/\/casadecampoliving.com\/es\/el-arte-mas-alla-de-las-piedras-continuendo-con-nuestro-legado-indigena\/","url":"https:\/\/casadecampoliving.com\/es\/el-arte-mas-alla-de-las-piedras-continuendo-con-nuestro-legado-indigena\/","name":"El arte m\u00e1s all\u00e1 de las piedras, continuendo con nuestro legado ind\u00edgena | Casa de Campo Living","isPartOf":{"@id":"https:\/\/casadecampoliving.com\/es\/#website"},"primaryImageOfPage":{"@id":"https:\/\/casadecampoliving.com\/es\/el-arte-mas-alla-de-las-piedras-continuendo-con-nuestro-legado-indigena\/#primaryimage"},"image":{"@id":"https:\/\/casadecampoliving.com\/es\/el-arte-mas-alla-de-las-piedras-continuendo-con-nuestro-legado-indigena\/#primaryimage"},"thumbnailUrl":"https:\/\/i0.wp.com\/casadecampoliving.com\/wp-content\/uploads\/2022\/10\/Ceramics_Altos_de_Chavon-1.jpg?fit=1200%2C800&ssl=1","datePublished":"2015-06-12T04:00:00+00:00","dateModified":"2022-10-21T23:02:53+00:00","description":"El arte de la cer\u00e1mica en este pa\u00eds se remonta a cuando los ta\u00ednos habitaban la isla, en los d\u00edas cuando Col\u00f3n lleg\u00f3 proclamando la Rep\u00fablica Dominicana","breadcrumb":{"@id":"https:\/\/casadecampoliving.com\/es\/el-arte-mas-alla-de-las-piedras-continuendo-con-nuestro-legado-indigena\/#breadcrumb"},"inLanguage":"es","potentialAction":[{"@type":"ReadAction","target":["https:\/\/casadecampoliving.com\/es\/el-arte-mas-alla-de-las-piedras-continuendo-con-nuestro-legado-indigena\/"]}]},{"@type":"ImageObject","inLanguage":"es","@id":"https:\/\/casadecampoliving.com\/es\/el-arte-mas-alla-de-las-piedras-continuendo-con-nuestro-legado-indigena\/#primaryimage","url":"https:\/\/i0.wp.com\/casadecampoliving.com\/wp-content\/uploads\/2022\/10\/Ceramics_Altos_de_Chavon-1.jpg?fit=1200%2C800&ssl=1","contentUrl":"https:\/\/i0.wp.com\/casadecampoliving.com\/wp-content\/uploads\/2022\/10\/Ceramics_Altos_de_Chavon-1.jpg?fit=1200%2C800&ssl=1","width":1200,"height":800,"caption":"Ceramics Altos de Chavon"},{"@type":"BreadcrumbList","@id":"https:\/\/casadecampoliving.com\/es\/el-arte-mas-alla-de-las-piedras-continuendo-con-nuestro-legado-indigena\/#breadcrumb","itemListElement":[{"@type":"ListItem","position":1,"name":"Home","item":"https:\/\/casadecampoliving.com\/es\/"},{"@type":"ListItem","position":2,"name":"El arte m\u00e1s all\u00e1 de las piedras, continuendo con nuestro legado ind\u00edgena"}]},{"@type":"WebSite","@id":"https:\/\/casadecampoliving.com\/es\/#website","url":"https:\/\/casadecampoliving.com\/es\/","name":"Casa de Campo Living","description":"Resort community news and resources.","publisher":{"@id":"https:\/\/casadecampoliving.com\/es\/#organization"},"potentialAction":[{"@type":"SearchAction","target":{"@type":"EntryPoint","urlTemplate":"https:\/\/casadecampoliving.com\/es\/?s={search_term_string}"},"query-input":{"@type":"PropertyValueSpecification","valueRequired":true,"valueName":"search_term_string"}}],"inLanguage":"es"},{"@type":"Organization","@id":"https:\/\/casadecampoliving.com\/es\/#organization","name":"Casa de Campo Living","url":"https:\/\/casadecampoliving.com\/es\/","logo":{"@type":"ImageObject","inLanguage":"es","@id":"https:\/\/casadecampoliving.com\/es\/#\/schema\/logo\/image\/","url":"https:\/\/i0.wp.com\/casadecampoliving.com\/wp-content\/uploads\/2022\/07\/CDCLivingLogo_V1-white-sized.png?fit=800%2C214&ssl=1","contentUrl":"https:\/\/i0.wp.com\/casadecampoliving.com\/wp-content\/uploads\/2022\/07\/CDCLivingLogo_V1-white-sized.png?fit=800%2C214&ssl=1","width":800,"height":214,"caption":"Casa de Campo Living"},"image":{"@id":"https:\/\/casadecampoliving.com\/es\/#\/schema\/logo\/image\/"},"sameAs":["https:\/\/www.facebook.com\/casadecampoliving","https:\/\/x.com\/cdcliving"]},{"@type":"Person","@id":"https:\/\/casadecampoliving.com\/es\/#\/schema\/person\/bd396a8f8ea621ed900f2d4a7407a3a2","name":"Eliana Alba","image":{"@type":"ImageObject","inLanguage":"es","@id":"https:\/\/secure.gravatar.com\/avatar\/9855856e733abb59c5985d70cc9f36d1c83420173446a782077af61c55fb0a9c?s=96&d=mm&r=g","url":"https:\/\/secure.gravatar.com\/avatar\/9855856e733abb59c5985d70cc9f36d1c83420173446a782077af61c55fb0a9c?s=96&d=mm&r=g","contentUrl":"https:\/\/secure.gravatar.com\/avatar\/9855856e733abb59c5985d70cc9f36d1c83420173446a782077af61c55fb0a9c?s=96&d=mm&r=g","caption":"Eliana Alba"},"sameAs":["https:\/\/casadecampoliving.com"],"url":"https:\/\/casadecampoliving.com\/es\/author\/ealba\/"}]}},"parsely":{"version":"1.1.0","canonical_url":"https:\/\/casadecampoliving.com\/es\/el-arte-mas-alla-de-las-piedras-continuendo-con-nuestro-legado-indigena\/","smart_links":{"inbound":0,"outbound":0},"traffic_boost_suggestions_count":0,"meta":{"@context":"https:\/\/schema.org","@type":"NewsArticle","headline":"El arte m\u00e1s all\u00e1 de las piedras, continuendo con nuestro legado ind\u00edgena","url":"http:\/\/casadecampoliving.com\/es\/el-arte-mas-alla-de-las-piedras-continuendo-con-nuestro-legado-indigena\/","mainEntityOfPage":{"@type":"WebPage","@id":"http:\/\/casadecampoliving.com\/es\/el-arte-mas-alla-de-las-piedras-continuendo-con-nuestro-legado-indigena\/"},"thumbnailUrl":"https:\/\/i0.wp.com\/casadecampoliving.com\/wp-content\/uploads\/2022\/10\/Ceramics_Altos_de_Chavon-1.jpg?resize=150%2C150&ssl=1","image":{"@type":"ImageObject","url":"https:\/\/i0.wp.com\/casadecampoliving.com\/wp-content\/uploads\/2022\/10\/Ceramics_Altos_de_Chavon-1.jpg?fit=1200%2C800&ssl=1"},"articleSection":"Altos de Chavon @es","author":[{"@type":"Person","name":"Eliana Alba"}],"creator":["Eliana Alba"],"publisher":{"@type":"Organization","name":"Casa de Campo Living","logo":"https:\/\/casadecampoliving.com\/wp-content\/uploads\/2022\/07\/CDCLivingLogo_V1-white-sized.png"},"keywords":["altos de chavon","arte","casa de campo @es","casa de campo living","cer\u00e1mica","taller"],"dateCreated":"2015-06-12T04:00:00Z","datePublished":"2015-06-12T04:00:00Z","dateModified":"2022-10-21T23:02:53Z"},"rendered":"<script type=\"application\/ld+json\" class=\"wp-parsely-metadata\">{\"@context\":\"https:\\\/\\\/schema.org\",\"@type\":\"NewsArticle\",\"headline\":\"El arte m\\u00e1s all\\u00e1 de las piedras, continuendo con nuestro legado ind\\u00edgena\",\"url\":\"http:\\\/\\\/casadecampoliving.com\\\/es\\\/el-arte-mas-alla-de-las-piedras-continuendo-con-nuestro-legado-indigena\\\/\",\"mainEntityOfPage\":{\"@type\":\"WebPage\",\"@id\":\"http:\\\/\\\/casadecampoliving.com\\\/es\\\/el-arte-mas-alla-de-las-piedras-continuendo-con-nuestro-legado-indigena\\\/\"},\"thumbnailUrl\":\"https:\\\/\\\/i0.wp.com\\\/casadecampoliving.com\\\/wp-content\\\/uploads\\\/2022\\\/10\\\/Ceramics_Altos_de_Chavon-1.jpg?resize=150%2C150&ssl=1\",\"image\":{\"@type\":\"ImageObject\",\"url\":\"https:\\\/\\\/i0.wp.com\\\/casadecampoliving.com\\\/wp-content\\\/uploads\\\/2022\\\/10\\\/Ceramics_Altos_de_Chavon-1.jpg?fit=1200%2C800&ssl=1\"},\"articleSection\":\"Altos de Chavon @es\",\"author\":[{\"@type\":\"Person\",\"name\":\"Eliana Alba\"}],\"creator\":[\"Eliana Alba\"],\"publisher\":{\"@type\":\"Organization\",\"name\":\"Casa de Campo Living\",\"logo\":\"https:\\\/\\\/casadecampoliving.com\\\/wp-content\\\/uploads\\\/2022\\\/07\\\/CDCLivingLogo_V1-white-sized.png\"},\"keywords\":[\"altos de chavon\",\"arte\",\"casa de campo @es\",\"casa de campo living\",\"cer\\u00e1mica\",\"taller\"],\"dateCreated\":\"2015-06-12T04:00:00Z\",\"datePublished\":\"2015-06-12T04:00:00Z\",\"dateModified\":\"2022-10-21T23:02:53Z\"}<\/script>","tracker_url":"https:\/\/cdn.parsely.com\/keys\/casadecampoliving.com\/p.js"},"jetpack_publicize_connections":[],"jetpack_featured_media_url":"https:\/\/i0.wp.com\/casadecampoliving.com\/wp-content\/uploads\/2022\/10\/Ceramics_Altos_de_Chavon-1.jpg?fit=1200%2C800&ssl=1","jetpack-related-posts":[{"id":433460,"url":"https:\/\/casadecampoliving.com\/es\/no-se-pierdan-el-increible-tributo-a-frank-sinatra-para-celebrar-el-40-aniversario-del-anfiteatro-altos-de-chavon\/","url_meta":{"origin":347084,"position":0},"title":"No se pierdan el incre\u00edble tributo a Frank Sinatra para celebrar el 40 aniversario del\u00a0Anfiteatro Altos de Chav\u00f3n","author":"Casa de Campo Living","date":"20 Oct, 2022","format":false,"excerpt":"Siendo uno de los escenarios m\u00e1s emblem\u00e1ticos del pa\u00eds, Casa de Campo Resort\u00ae & Villas celebra las cuatro d\u00e9cadas de aniversario de Altos de Chav\u00f3n con un tributo al gran Frank Sinatra, protagonizado por artistas invitados y una big band tal cual la que acompa\u00f1\u00f3 al artista hace 40 a\u00f1os\u2026","rel":"","context":"En \u00abUncategorized @es\u00bb","block_context":{"text":"Uncategorized @es","link":"https:\/\/casadecampoliving.com\/es\/category\/uncategorized-es\/"},"img":{"alt_text":"","src":"https:\/\/i0.wp.com\/casadecampoliving.com\/wp-content\/uploads\/2022\/10\/Tributo-Frank-Sinatra-Foto-Principal-Amaury-Sanchez-Danilo-Ginebra-Andres-Pichardo-y-Jose-Gabriel-Perez-.jpg?fit=1200%2C873&ssl=1&resize=350%2C200","width":350,"height":200,"srcset":"https:\/\/i0.wp.com\/casadecampoliving.com\/wp-content\/uploads\/2022\/10\/Tributo-Frank-Sinatra-Foto-Principal-Amaury-Sanchez-Danilo-Ginebra-Andres-Pichardo-y-Jose-Gabriel-Perez-.jpg?fit=1200%2C873&ssl=1&resize=350%2C200 1x, https:\/\/i0.wp.com\/casadecampoliving.com\/wp-content\/uploads\/2022\/10\/Tributo-Frank-Sinatra-Foto-Principal-Amaury-Sanchez-Danilo-Ginebra-Andres-Pichardo-y-Jose-Gabriel-Perez-.jpg?fit=1200%2C873&ssl=1&resize=525%2C300 1.5x, https:\/\/i0.wp.com\/casadecampoliving.com\/wp-content\/uploads\/2022\/10\/Tributo-Frank-Sinatra-Foto-Principal-Amaury-Sanchez-Danilo-Ginebra-Andres-Pichardo-y-Jose-Gabriel-Perez-.jpg?fit=1200%2C873&ssl=1&resize=700%2C400 2x, https:\/\/i0.wp.com\/casadecampoliving.com\/wp-content\/uploads\/2022\/10\/Tributo-Frank-Sinatra-Foto-Principal-Amaury-Sanchez-Danilo-Ginebra-Andres-Pichardo-y-Jose-Gabriel-Perez-.jpg?fit=1200%2C873&ssl=1&resize=1050%2C600 3x"},"classes":[]},{"id":349242,"url":"https:\/\/casadecampoliving.com\/es\/mark-gordon-obras-ceramica-galeria-altos-de-chavon\/","url_meta":{"origin":347084,"position":1},"title":"Mark Gordon nos trae una vez m\u00e1s sus impresionantes obras en cer\u00e1mica a La Galer\u00eda Altos de Chav\u00f3n","author":"Marlenys Guzm\u00e1n Casta\u00f1os","date":"21 Feb, 2016","format":false,"excerpt":"Han pasado 35 a\u00f1os desde la \u00faltima vez que Mark Gordon present\u00f3 su trabajo en La Galer\u00eda. De 1980 a 1983, Gordon dise\u00f1\u00f3 e implement\u00f3 un taller de cer\u00e1mica en Altos de Chav\u00f3n, creando as\u00ed un taller vocacional para el pueblo de La Romana en la Rep\u00fablica Dominicana. Mark Gordon\u2026","rel":"","context":"En \u00abAltos de Chavon @es\u00bb","block_context":{"text":"Altos de Chavon @es","link":"https:\/\/casadecampoliving.com\/category\/altos-de-chavon-es\/"},"img":{"alt_text":"","src":"https:\/\/i0.wp.com\/casadecampoliving.com\/wp-content\/uploads\/2022\/10\/BLACK_SQUASH_ARCH.jpg?fit=650%2C519&ssl=1&resize=350%2C200","width":350,"height":200,"srcset":"https:\/\/i0.wp.com\/casadecampoliving.com\/wp-content\/uploads\/2022\/10\/BLACK_SQUASH_ARCH.jpg?fit=650%2C519&ssl=1&resize=350%2C200 1x, https:\/\/i0.wp.com\/casadecampoliving.com\/wp-content\/uploads\/2022\/10\/BLACK_SQUASH_ARCH.jpg?fit=650%2C519&ssl=1&resize=525%2C300 1.5x"},"classes":[]},{"id":348717,"url":"https:\/\/casadecampoliving.com\/es\/descubre-el-arte-japones-raku-con-thimo-pimentel\/","url_meta":{"origin":347084,"position":2},"title":"Descubre el Arte Japon\u00e9s Rak\u00fa con Thimo Pimentel","author":"Perkin Agramonte","date":"2 Dic, 2015","format":false,"excerpt":"Es un placer anunciar que Thimo Pimentel estar\u00e1 de vuelta en la ciudad para la circulaci\u00f3n de su libro, \u201cFuego y Rak\u00fa\u201d, un libro que detalla todo lo que necesitas saber sobre el arte de Rak\u00fa, un tipo tradicional de Cer\u00e1mica Japonesa. El artista de cer\u00e1mica, Thimo Pimentel hizo una\u2026","rel":"","context":"En \u00abAltos de Chavon @es\u00bb","block_context":{"text":"Altos de Chavon @es","link":"https:\/\/casadecampoliving.com\/category\/altos-de-chavon-es\/"},"img":{"alt_text":"Thimo Pimentel Fuego y Rak\u00fa","src":"https:\/\/i0.wp.com\/casadecampoliving.com\/wp-content\/uploads\/2022\/10\/ThimoPimentel_Fuego_Raku-1.jpg?fit=499%2C396&ssl=1&resize=350%2C200","width":350,"height":200},"classes":[]},{"id":347411,"url":"https:\/\/casadecampoliving.com\/es\/lleve-a-casa-un-tajin-del-taller-de-ceramica-de-altos-de-chavon-y-no-se-arrepentira-por-stephen-kaplan\/","url_meta":{"origin":347084,"position":3},"title":"\u00a1Lleve a casa un Taj\u00edn del taller de cer\u00e1mica de Altos de Chav\u00f3n y no se arrepentir\u00e1! Por Stephen Kaplan","author":"Perkin Agramonte","date":"22 May, 2015","format":false,"excerpt":"Las vasijas tajines de Chav\u00f3n son un gran cosa. He descubierto que el taj\u00edn del norte \u00c1frica es uno de mis platos favoritos. Es un guiso que usualmente contiene carnes y una fruta, cilantro, comino y otras especias arom\u00e1ticas.\u00a0Hay docenas de recetas en l\u00ednea. Una de las cosas que hace\u2026","rel":"","context":"En \u00abAltos de Chavon @es\u00bb","block_context":{"text":"Altos de Chavon @es","link":"https:\/\/casadecampoliving.com\/category\/altos-de-chavon-es\/"},"img":{"alt_text":"Tagine Altos de Chav\u00f3n","src":"https:\/\/i0.wp.com\/casadecampoliving.com\/wp-content\/uploads\/2022\/10\/Tagine_Chavon-scaled.jpg?fit=1200%2C800&ssl=1&resize=350%2C200","width":350,"height":200,"srcset":"https:\/\/i0.wp.com\/casadecampoliving.com\/wp-content\/uploads\/2022\/10\/Tagine_Chavon-scaled.jpg?fit=1200%2C800&ssl=1&resize=350%2C200 1x, https:\/\/i0.wp.com\/casadecampoliving.com\/wp-content\/uploads\/2022\/10\/Tagine_Chavon-scaled.jpg?fit=1200%2C800&ssl=1&resize=525%2C300 1.5x, https:\/\/i0.wp.com\/casadecampoliving.com\/wp-content\/uploads\/2022\/10\/Tagine_Chavon-scaled.jpg?fit=1200%2C800&ssl=1&resize=700%2C400 2x, https:\/\/i0.wp.com\/casadecampoliving.com\/wp-content\/uploads\/2022\/10\/Tagine_Chavon-scaled.jpg?fit=1200%2C800&ssl=1&resize=1050%2C600 3x"},"classes":[]},{"id":345233,"url":"https:\/\/casadecampoliving.com\/es\/exposicion-traces-caribbean-europe\/","url_meta":{"origin":347084,"position":4},"title":"Exposici\u00f3n \u2018\u2019Traces From The Caribbean and Europe\u2019\u2019","author":"Daniela Medina","date":"3 Sep, 2014","format":false,"excerpt":"\u00bfFan\u00e1tico del arte? Pues tenemos buenas noticias, el pr\u00f3ximo jueves 11 de septiembre la Fundaci\u00f3n Altos de Chav\u00f3n inaugurar\u00e1 una nueva exhibici\u00f3n\u00a0\u201cTraces from the Caribbean and Europe\u201d (Rastros del Caribe y Europa) de los artistas Luis Mu\u00f1oz (dominicano) y Aleksandar Azdic (serbio). Una colecci\u00f3n que representa los aportes art\u00edstico-culturales de\u2026","rel":"","context":"En \u00abAltos de Chavon @es\u00bb","block_context":{"text":"Altos de Chavon @es","link":"https:\/\/casadecampoliving.com\/category\/altos-de-chavon-es\/"},"img":{"alt_text":"","src":"https:\/\/i0.wp.com\/casadecampoliving.com\/wp-content\/uploads\/2022\/10\/traces-from-the-caribbean-and-europe-e1409664422992-1.jpg?fit=598%2C451&ssl=1&resize=350%2C200","width":350,"height":200,"srcset":"https:\/\/i0.wp.com\/casadecampoliving.com\/wp-content\/uploads\/2022\/10\/traces-from-the-caribbean-and-europe-e1409664422992-1.jpg?fit=598%2C451&ssl=1&resize=350%2C200 1x, https:\/\/i0.wp.com\/casadecampoliving.com\/wp-content\/uploads\/2022\/10\/traces-from-the-caribbean-and-europe-e1409664422992-1.jpg?fit=598%2C451&ssl=1&resize=525%2C300 1.5x"},"classes":[]},{"id":339809,"url":"https:\/\/casadecampoliving.com\/es\/celebrando-la-apertura-de-la-exhibicion-de-arte-100-tiles-ceramicas-en-altos-de-chavon\/","url_meta":{"origin":347084,"position":5},"title":"Celebrando la apertura de la exhibici\u00f3n de arte \u00ab100 tiles cer\u00e1micas\u00bb, en Altos de Chav\u00f3n!","author":"","date":"25 Sep, 2012","format":false,"excerpt":"El pasado 13 de septiembre de 2012, la galer\u00eda de arte de Altos de Chav\u00f3n celebr\u00f3 la apertura de la nueva exhibici\u00f3n de arte \"100 tiles cer\u00e1micas\", una maravillosa colecci\u00f3n de cer\u00e1micas pintadas a mano, destacando brillantes y coloridos dise\u00f1os femeninos, floreados, al igual que c\u00f3micas representaciones de los rostros\u2026","rel":"","context":"En \u00abAltos de Chavon @es\u00bb","block_context":{"text":"Altos de Chavon @es","link":"https:\/\/casadecampoliving.com\/category\/altos-de-chavon-es\/"},"img":{"alt_text":"art exhibit altos de chavon","src":"https:\/\/i0.wp.com\/casadecampoliving.com\/wp-content\/uploads\/2022\/10\/art_exhibit_altos_de_chavon-1.jpg?fit=650%2C402&ssl=1&resize=350%2C200","width":350,"height":200,"srcset":"https:\/\/i0.wp.com\/casadecampoliving.com\/wp-content\/uploads\/2022\/10\/art_exhibit_altos_de_chavon-1.jpg?fit=650%2C402&ssl=1&resize=350%2C200 1x, https:\/\/i0.wp.com\/casadecampoliving.com\/wp-content\/uploads\/2022\/10\/art_exhibit_altos_de_chavon-1.jpg?fit=650%2C402&ssl=1&resize=525%2C300 1.5x"},"classes":[]}],"jetpack_sharing_enabled":true,"_links":{"self":[{"href":"https:\/\/casadecampoliving.com\/es\/wp-json\/wp\/v2\/posts\/347084","targetHints":{"allow":["GET"]}}],"collection":[{"href":"https:\/\/casadecampoliving.com\/es\/wp-json\/wp\/v2\/posts"}],"about":[{"href":"https:\/\/casadecampoliving.com\/es\/wp-json\/wp\/v2\/types\/post"}],"author":[{"embeddable":true,"href":"https:\/\/casadecampoliving.com\/es\/wp-json\/wp\/v2\/users\/454"}],"replies":[{"embeddable":true,"href":"https:\/\/casadecampoliving.com\/es\/wp-json\/wp\/v2\/comments?post=347084"}],"version-history":[{"count":1,"href":"https:\/\/casadecampoliving.com\/es\/wp-json\/wp\/v2\/posts\/347084\/revisions"}],"predecessor-version":[{"id":347085,"href":"https:\/\/casadecampoliving.com\/es\/wp-json\/wp\/v2\/posts\/347084\/revisions\/347085"}],"wp:featuredmedia":[{"embeddable":true,"href":"https:\/\/casadecampoliving.com\/es\/wp-json\/wp\/v2\/media\/287500"}],"wp:attachment":[{"href":"https:\/\/casadecampoliving.com\/es\/wp-json\/wp\/v2\/media?parent=347084"}],"wp:term":[{"taxonomy":"category","embeddable":true,"href":"https:\/\/casadecampoliving.com\/es\/wp-json\/wp\/v2\/categories?post=347084"},{"taxonomy":"post_tag","embeddable":true,"href":"https:\/\/casadecampoliving.com\/es\/wp-json\/wp\/v2\/tags?post=347084"},{"taxonomy":"newspack_spnsrs_tax","embeddable":true,"href":"https:\/\/casadecampoliving.com\/es\/wp-json\/wp\/v2\/newspack_spnsrs_tax?post=347084"}],"curies":[{"name":"wp","href":"https:\/\/api.w.org\/{rel}","templated":true}]}}