{"id":347062,"date":"2015-03-29T00:00:00","date_gmt":"2015-03-29T04:00:00","guid":{"rendered":"https:\/\/casadecampoliving.com\/oir-para-vivir\/"},"modified":"2022-10-21T19:02:10","modified_gmt":"2022-10-21T23:02:10","slug":"oir-para-vivir","status":"publish","type":"post","link":"https:\/\/casadecampoliving.com\/es\/oir-para-vivir\/","title":{"rendered":"\u00abO\u00edr Para Vivir\u00bb, dando el regalo de la audici\u00f3n"},"content":{"rendered":"<div class=\"wp-block-image\">\n<figure class=\"aligncenter is-resized\"><img loading=\"lazy\" decoding=\"async\" src=\"https:\/\/i0.wp.com\/casadecampoliving.com\/wp-content\/uploads\/2022\/10\/Miembros-de-la-fundacion-con-Corinne-y-Sergio-Gobbi-1024x683-2.jpg?resize=650%2C433&amp;ssl=1\" alt=\"O\u00edr Para Vivir\" class=\"wp-image-110212\" height=\"433\" width=\"650\"\/><\/figure>\n<\/div>\n\n\n<p>O\u00edr Para Vivir es una asociaci\u00f3n dominicana sin fines de lucro, fundada el a\u00f1o pasado&nbsp;para contribuir al desarrollo e integraci\u00f3n de los ni\u00f1os y ni\u00f1as sordos al \u201cmundo de los oyentes\u201d, recientemente celebr\u00f3 una ceremonia para hacer entrega de aud\u00edfonos a los primeros 3 ni\u00f1os patrocinados por la fundaci\u00f3n.<\/p>\n\n\n\n<!--more-->\n\n\n<div class=\"wp-block-image\">\n<figure class=\"alignright is-resized\"><img loading=\"lazy\" decoding=\"async\" src=\"https:\/\/i0.wp.com\/casadecampoliving.com\/wp-content\/uploads\/2022\/10\/7.Entrega-de-a-865x1024-2.jpg?resize=300%2C355&amp;ssl=1\" alt=\"7.Entrega de a\" class=\"wp-image-110217\" height=\"355\" width=\"300\"\/><\/figure>\n<\/div>\n\n\n<p>La ceremonia se llev\u00f3 a cabo el 18 de marzo, en el recinto del Instituto de Ayuda al Sordo Santa Rosa, en Santo Domingo, en la cual los aud\u00edfonos fueron entregados a sus nuevos due\u00f1os.<\/p>\n\n\n\n<p>Tomando parte en la ceremonia estuvieron los due\u00f1os de villa de Casa de Campo Corinne y Segio Gobbi, quienes apadrinaron a&nbsp;Karen, donando un par de aud\u00edfonos adem\u00e1s de ayudar a su familia cubriendo el costo de la terapia del habla<\/p>\n\n\n\n<p>Y aunque&nbsp;3 aud\u00edfonos puedan parecer un peque\u00f1o logro, hay que tomar en cuenta que estos aud\u00edfonos especiales son bastante caros (entre US$1,200 y US$1,500). Pero el aparato en s\u00ed no lo es todo,&nbsp;el proceso conlleva una preparaci\u00f3n para cada ni\u00f1o y luego, no solo el mantenimiento del aparato, sino tambi\u00e9n el proceso de educaci\u00f3n y terapia del habla (ortofon\u00eda), lo cual debe sumarse al precio de los aud\u00edfonos.<\/p>\n\n\n\n<p><em><strong>\u201c<b><i>En \u201cO\u00edr Para Vivir\u201d queremos dar la oportunidad a los ni\u00f1os con deficiencia auditiva de poder aprender tanto el idioma oral como el idioma de se\u00f1as, a trav\u00e9s de la donaci\u00f3n de aparatos para la audici\u00f3n (aud\u00edfonos). Este proceso es largo y complejo y, nosotros como fundaci\u00f3n, acompa\u00f1aremos a los ni\u00f1os sordos durante su desarrollo y aprendizaje; y apoyaremos a las familias al m\u00e1ximo\u201d<\/i><\/b>. <\/strong>Dijo el S<\/em>r. Nathana\u00ebl&nbsp;a&nbsp;Casa de Campo Living.<\/p>\n\n\n<div class=\"wp-block-image\">\n<figure class=\"aligncenter is-resized\"><img loading=\"lazy\" decoding=\"async\" src=\"https:\/\/i0.wp.com\/casadecampoliving.com\/wp-content\/uploads\/2022\/10\/8.Equipos-entregados-1024x745-2.jpg?resize=650%2C473&amp;ssl=1\" alt=\"Equipos entregados\" class=\"wp-image-110216\" height=\"473\" width=\"650\"\/><\/figure>\n<\/div>\n\n<div class=\"wp-block-image\">\n<figure class=\"alignright is-resized\"><img loading=\"lazy\" decoding=\"async\" src=\"https:\/\/i0.wp.com\/casadecampoliving.com\/wp-content\/uploads\/2022\/10\/imageQuien-1.png?resize=300%2C375&amp;ssl=1\" alt=\"Nayely La Herisse\" class=\"wp-image-110215\" height=\"375\" width=\"300\"\/><\/figure>\n<\/div>\n\n\n<p>Todo empez\u00f3 con Nay\u00e9ly, hija de Nathana\u00ebl Le Herisse, presidente de la fundaci\u00f3n. Nay\u00e9ly es sorda y, al ser de nacionalidad francesa, significa que su padre Nathana\u00ebl tiene acceso a un seguro que cubre todos los gastos (aud\u00edfonos, implante coclear, terapia del habla, etc.) lo que ayud\u00f3 a su hija a sobrellevar su discapacidad.<\/p>\n\n\n\n<p>Viviendo en la Rep\u00fablica Dominicana, Nathana\u00ebl se puso en contacto con la Comunidad Sorda del pa\u00eds y se dio cuenta de que pocas personas tienen acceso a la tecnolog\u00eda necesaria, como aud\u00edfonos e implantes, algo que todos los ni\u00f1os y ni\u00f1as europeos tienen. Esta situaci\u00f3n lo motiv\u00f3 a&nbsp;tratar de ayudar a estas personas para que, como su hija Nay\u00e9ly, pudieran superar su discapacidad.<\/p>\n\n\n\n<p><b><i>\u201cMi hija es nuestra inspiracio\u0301n para este proyecto. A partir de su historia nacio\u0301 la fundacio\u0301n \u201cOi\u0301r Para Vivir\u201d.\u201d<\/i><\/b>&nbsp;Comenta Natha\u00ebl.<\/p>\n\n\n\n<p>En su segundo a\u00f1o, la fundaci\u00f3n realizar\u00e1 varios eventos para recaudar fondos y sensibilizar la opini\u00f3n p\u00fablica.<\/p>\n\n\n\n<p>Para enterarse de c\u00f3mo donar y ayudar a la fundaci\u00f3n visite:&nbsp;<a href=\"http:\/\/www.oirparavivir.com\/fr\/\">http:\/\/www.oirparavivir.com\/fr\/<\/a><\/p>\n\n\n\n<h3 class=\"wp-block-heading\"><b>O\u00edr para vivir<\/b><\/h3>\n\n\n\n<blockquote class=\"wp-block-quote is-layout-flow wp-block-quote-is-layout-flow\"><p><b>Ubicaci\u00f3n: <\/b>Calle Francisco Prats Ramirez #358, Santo Domingo<\/p><p><b>Tel\u00e9fono: (<\/b>809) 819-9607<\/p><p><strong><b>Contacto: <\/b><a href=\"mailto:info@oirparavivir.com\">info@oirparavivir.com<\/a><\/strong>, Twitter: <a href=\"https:\/\/twitter.com\/oirparavivir\">@oirparavivir<\/a>, Instagram: <a href=\"https:\/\/instagram.com\/oirparavivir\/\">@oirparavivir<\/a>, Facebook: <a href=\"https:\/\/es-es.facebook.com\/OirParaVivir\">O\u00edr Para Vivir<\/a><\/p><\/blockquote>\n","protected":false},"excerpt":{"rendered":"<p>O\u00edr Para Vivir es una asociaci\u00f3n dominicana sin fines de lucro, fundada el a\u00f1o pasado&nbsp;para contribuir al desarrollo e integraci\u00f3n de los ni\u00f1os y ni\u00f1as sordos al \u201cmundo de los oyentes\u201d, recientemente celebr\u00f3 una ceremonia para hacer entrega de aud\u00edfonos a los primeros 3 ni\u00f1os patrocinados por la fundaci\u00f3n.<\/p>\n","protected":false},"author":34707,"featured_media":287104,"comment_status":"closed","ping_status":"closed","sticky":false,"template":"","format":"standard","meta":{"newspack_ads_suppress_ads":false,"newspack_popups_has_disabled_popups":false,"newspack_sponsor_sponsorship_scope":"","newspack_sponsor_native_byline_display":"inherit","newspack_sponsor_native_category_display":"inherit","newspack_sponsor_underwriter_style":"inherit","newspack_sponsor_underwriter_placement":"inherit","_newspack_byline_active":false,"_newspack_byline":"","newspack_hide_updated_date":false,"newspack_show_updated_date":false,"newspack_content_restriction_is_exempt":false,"newspack_featured_image_position":"","newspack_post_subtitle":"","newspack_article_summary_title":"Overview:","newspack_article_summary":"","_jetpack_memberships_contains_paid_content":false,"footnotes":"","jetpack_publicize_message":"","jetpack_publicize_feature_enabled":true,"jetpack_social_post_already_shared":false,"jetpack_social_options":{"image_generator_settings":{"template":"highway","default_image_id":0,"font":"","enabled":false},"version":2},"_wpas_customize_per_network":false},"categories":[14631,2514,2506,14625,2521,2526],"tags":[12278,2727,14777,3763],"newspack_spnsrs_tax":[],"class_list":["post-347062","post","type-post","status-publish","format-standard","has-post-thumbnail","hentry","category-estilo-de-vida","category-fundaciones-es","category-mas-alla-de-casa-es","category-noticias-locales","category-republica-dominicana-2","category-titulares-es","tag-donacion","tag-fundacion","tag-republica-dominicana-es-18","tag-santo-domingo-es","entry"],"yoast_head":"<!-- This site is optimized with the Yoast SEO plugin v27.5 - https:\/\/yoast.com\/product\/yoast-seo-wordpress\/ -->\n<title>&quot;O\u00edr Para Vivir&quot;, dando el regalo de la audici\u00f3n | Casa de Campo Living<\/title>\n<meta name=\"description\" content=\"O\u00edr Para Vivir es una asociaci\u00f3n dominicana sin fines de lucro, fundada el a\u00f1o pasado&nbsp;para contribuir al desarrollo e integraci\u00f3n de los ni\u00f1os y\" \/>\n<meta name=\"robots\" content=\"index, follow, max-snippet:-1, max-image-preview:large, max-video-preview:-1\" \/>\n<link rel=\"canonical\" href=\"https:\/\/casadecampoliving.com\/es\/oir-para-vivir\/\" \/>\n<meta property=\"og:locale\" content=\"es_ES\" \/>\n<meta property=\"og:type\" content=\"article\" \/>\n<meta property=\"og:title\" content=\"&quot;O\u00edr Para Vivir&quot;, dando el regalo de la audici\u00f3n | Casa de Campo Living\" \/>\n<meta property=\"og:description\" content=\"O\u00edr Para Vivir es una asociaci\u00f3n dominicana sin fines de lucro, fundada el a\u00f1o pasado&nbsp;para contribuir al desarrollo e integraci\u00f3n de los ni\u00f1os y\" \/>\n<meta property=\"og:url\" content=\"https:\/\/casadecampoliving.com\/es\/oir-para-vivir\/\" \/>\n<meta property=\"og:site_name\" content=\"Casa de Campo Living\" \/>\n<meta property=\"article:publisher\" content=\"https:\/\/www.facebook.com\/casadecampoliving\" \/>\n<meta property=\"article:published_time\" content=\"2015-03-29T04:00:00+00:00\" \/>\n<meta property=\"article:modified_time\" content=\"2022-10-21T23:02:10+00:00\" \/>\n<meta property=\"og:image\" content=\"https:\/\/i0.wp.com\/casadecampoliving.com\/wp-content\/uploads\/2022\/10\/Miembros-de-la-fundacion-con-Corinne-y-Sergio-Gobbi-1-scaled.jpg?fit=2560%2C1707&ssl=1\" \/>\n\t<meta property=\"og:image:width\" content=\"2560\" \/>\n\t<meta property=\"og:image:height\" content=\"1707\" \/>\n\t<meta property=\"og:image:type\" content=\"image\/jpeg\" \/>\n<meta name=\"author\" content=\"Felix Guerrero\" \/>\n<meta name=\"twitter:card\" content=\"summary_large_image\" \/>\n<meta name=\"twitter:creator\" content=\"@cdcliving\" \/>\n<meta name=\"twitter:site\" content=\"@cdcliving\" \/>\n<meta name=\"twitter:label1\" content=\"Escrito por\" \/>\n\t<meta name=\"twitter:data1\" content=\"Felix Guerrero\" \/>\n\t<meta name=\"twitter:label2\" content=\"Tiempo de lectura\" \/>\n\t<meta name=\"twitter:data2\" content=\"3 minutos\" \/>\n<script type=\"application\/ld+json\" class=\"yoast-schema-graph\">{\"@context\":\"https:\\\/\\\/schema.org\",\"@graph\":[{\"@type\":\"Article\",\"@id\":\"https:\\\/\\\/casadecampoliving.com\\\/es\\\/oir-para-vivir\\\/#article\",\"isPartOf\":{\"@id\":\"https:\\\/\\\/casadecampoliving.com\\\/es\\\/oir-para-vivir\\\/\"},\"author\":{\"name\":\"Felix Guerrero\",\"@id\":\"https:\\\/\\\/casadecampoliving.com\\\/es\\\/#\\\/schema\\\/person\\\/0d45cfc6e376a2f15ac9a92421bd4451\"},\"headline\":\"\u00abO\u00edr Para Vivir\u00bb, dando el regalo de la audici\u00f3n\",\"datePublished\":\"2015-03-29T04:00:00+00:00\",\"dateModified\":\"2022-10-21T23:02:10+00:00\",\"mainEntityOfPage\":{\"@id\":\"https:\\\/\\\/casadecampoliving.com\\\/es\\\/oir-para-vivir\\\/\"},\"wordCount\":546,\"publisher\":{\"@id\":\"https:\\\/\\\/casadecampoliving.com\\\/es\\\/#organization\"},\"image\":{\"@id\":\"https:\\\/\\\/casadecampoliving.com\\\/es\\\/oir-para-vivir\\\/#primaryimage\"},\"thumbnailUrl\":\"https:\\\/\\\/i0.wp.com\\\/casadecampoliving.com\\\/wp-content\\\/uploads\\\/2022\\\/10\\\/Miembros-de-la-fundacion-con-Corinne-y-Sergio-Gobbi-1-scaled.jpg?fit=2560%2C1707&ssl=1\",\"keywords\":[\"Donaci\u00f3n\",\"Fundacion\",\"Republica Dominicana\",\"santo domingo @es\"],\"articleSection\":[\"Estilo de Vida\",\"Fundaciones\",\"M\u00e1s all\u00e1 de Casa\",\"Noticias Locales\",\"Rep\u00fablica Dominicana @es\",\"Titulares\"],\"inLanguage\":\"es\"},{\"@type\":\"WebPage\",\"@id\":\"https:\\\/\\\/casadecampoliving.com\\\/es\\\/oir-para-vivir\\\/\",\"url\":\"https:\\\/\\\/casadecampoliving.com\\\/es\\\/oir-para-vivir\\\/\",\"name\":\"\\\"O\u00edr Para Vivir\\\", dando el regalo de la audici\u00f3n | Casa de Campo Living\",\"isPartOf\":{\"@id\":\"https:\\\/\\\/casadecampoliving.com\\\/es\\\/#website\"},\"primaryImageOfPage\":{\"@id\":\"https:\\\/\\\/casadecampoliving.com\\\/es\\\/oir-para-vivir\\\/#primaryimage\"},\"image\":{\"@id\":\"https:\\\/\\\/casadecampoliving.com\\\/es\\\/oir-para-vivir\\\/#primaryimage\"},\"thumbnailUrl\":\"https:\\\/\\\/i0.wp.com\\\/casadecampoliving.com\\\/wp-content\\\/uploads\\\/2022\\\/10\\\/Miembros-de-la-fundacion-con-Corinne-y-Sergio-Gobbi-1-scaled.jpg?fit=2560%2C1707&ssl=1\",\"datePublished\":\"2015-03-29T04:00:00+00:00\",\"dateModified\":\"2022-10-21T23:02:10+00:00\",\"description\":\"O\u00edr Para Vivir es una asociaci\u00f3n dominicana sin fines de lucro, fundada el a\u00f1o pasado&nbsp;para contribuir al desarrollo e integraci\u00f3n de los ni\u00f1os y\",\"breadcrumb\":{\"@id\":\"https:\\\/\\\/casadecampoliving.com\\\/es\\\/oir-para-vivir\\\/#breadcrumb\"},\"inLanguage\":\"es\",\"potentialAction\":[{\"@type\":\"ReadAction\",\"target\":[\"https:\\\/\\\/casadecampoliving.com\\\/es\\\/oir-para-vivir\\\/\"]}]},{\"@type\":\"ImageObject\",\"inLanguage\":\"es\",\"@id\":\"https:\\\/\\\/casadecampoliving.com\\\/es\\\/oir-para-vivir\\\/#primaryimage\",\"url\":\"https:\\\/\\\/i0.wp.com\\\/casadecampoliving.com\\\/wp-content\\\/uploads\\\/2022\\\/10\\\/Miembros-de-la-fundacion-con-Corinne-y-Sergio-Gobbi-1-scaled.jpg?fit=2560%2C1707&ssl=1\",\"contentUrl\":\"https:\\\/\\\/i0.wp.com\\\/casadecampoliving.com\\\/wp-content\\\/uploads\\\/2022\\\/10\\\/Miembros-de-la-fundacion-con-Corinne-y-Sergio-Gobbi-1-scaled.jpg?fit=2560%2C1707&ssl=1\",\"width\":2560,\"height\":1707,\"caption\":\"O\u00edr Para Vivir\"},{\"@type\":\"BreadcrumbList\",\"@id\":\"https:\\\/\\\/casadecampoliving.com\\\/es\\\/oir-para-vivir\\\/#breadcrumb\",\"itemListElement\":[{\"@type\":\"ListItem\",\"position\":1,\"name\":\"Home\",\"item\":\"https:\\\/\\\/casadecampoliving.com\\\/es\\\/\"},{\"@type\":\"ListItem\",\"position\":2,\"name\":\"&#8220;O\u00edr Para Vivir&#8221;, dando el regalo de la audici\u00f3n\"}]},{\"@type\":\"WebSite\",\"@id\":\"https:\\\/\\\/casadecampoliving.com\\\/es\\\/#website\",\"url\":\"https:\\\/\\\/casadecampoliving.com\\\/es\\\/\",\"name\":\"Casa de Campo Living\",\"description\":\"Resort community news and resources.\",\"publisher\":{\"@id\":\"https:\\\/\\\/casadecampoliving.com\\\/es\\\/#organization\"},\"potentialAction\":[{\"@type\":\"SearchAction\",\"target\":{\"@type\":\"EntryPoint\",\"urlTemplate\":\"https:\\\/\\\/casadecampoliving.com\\\/es\\\/?s={search_term_string}\"},\"query-input\":{\"@type\":\"PropertyValueSpecification\",\"valueRequired\":true,\"valueName\":\"search_term_string\"}}],\"inLanguage\":\"es\"},{\"@type\":\"Organization\",\"@id\":\"https:\\\/\\\/casadecampoliving.com\\\/es\\\/#organization\",\"name\":\"Casa de Campo Living\",\"url\":\"https:\\\/\\\/casadecampoliving.com\\\/es\\\/\",\"logo\":{\"@type\":\"ImageObject\",\"inLanguage\":\"es\",\"@id\":\"https:\\\/\\\/casadecampoliving.com\\\/es\\\/#\\\/schema\\\/logo\\\/image\\\/\",\"url\":\"https:\\\/\\\/i0.wp.com\\\/casadecampoliving.com\\\/wp-content\\\/uploads\\\/2022\\\/07\\\/CDCLivingLogo_V1-white-sized.png?fit=800%2C214&ssl=1\",\"contentUrl\":\"https:\\\/\\\/i0.wp.com\\\/casadecampoliving.com\\\/wp-content\\\/uploads\\\/2022\\\/07\\\/CDCLivingLogo_V1-white-sized.png?fit=800%2C214&ssl=1\",\"width\":800,\"height\":214,\"caption\":\"Casa de Campo Living\"},\"image\":{\"@id\":\"https:\\\/\\\/casadecampoliving.com\\\/es\\\/#\\\/schema\\\/logo\\\/image\\\/\"},\"sameAs\":[\"https:\\\/\\\/www.facebook.com\\\/casadecampoliving\",\"https:\\\/\\\/x.com\\\/cdcliving\"]},{\"@type\":\"Person\",\"@id\":\"https:\\\/\\\/casadecampoliving.com\\\/es\\\/#\\\/schema\\\/person\\\/0d45cfc6e376a2f15ac9a92421bd4451\",\"name\":\"Felix Guerrero\",\"image\":{\"@type\":\"ImageObject\",\"inLanguage\":\"es\",\"@id\":\"https:\\\/\\\/secure.gravatar.com\\\/avatar\\\/14a8050b9491854cab6ae2240dcb42ad0fad787b7fa453ad0991fd1262157df3?s=96&d=mm&r=g\",\"url\":\"https:\\\/\\\/secure.gravatar.com\\\/avatar\\\/14a8050b9491854cab6ae2240dcb42ad0fad787b7fa453ad0991fd1262157df3?s=96&d=mm&r=g\",\"contentUrl\":\"https:\\\/\\\/secure.gravatar.com\\\/avatar\\\/14a8050b9491854cab6ae2240dcb42ad0fad787b7fa453ad0991fd1262157df3?s=96&d=mm&r=g\",\"caption\":\"Felix Guerrero\"},\"url\":\"https:\\\/\\\/casadecampoliving.com\\\/es\\\/author\\\/fguerrero\\\/\"}]}<\/script>\n<!-- \/ Yoast SEO plugin. -->","yoast_head_json":{"title":"\"O\u00edr Para Vivir\", dando el regalo de la audici\u00f3n | Casa de Campo Living","description":"O\u00edr Para Vivir es una asociaci\u00f3n dominicana sin fines de lucro, fundada el a\u00f1o pasado&nbsp;para contribuir al desarrollo e integraci\u00f3n de los ni\u00f1os y","robots":{"index":"index","follow":"follow","max-snippet":"max-snippet:-1","max-image-preview":"max-image-preview:large","max-video-preview":"max-video-preview:-1"},"canonical":"https:\/\/casadecampoliving.com\/es\/oir-para-vivir\/","og_locale":"es_ES","og_type":"article","og_title":"\"O\u00edr Para Vivir\", dando el regalo de la audici\u00f3n | Casa de Campo Living","og_description":"O\u00edr Para Vivir es una asociaci\u00f3n dominicana sin fines de lucro, fundada el a\u00f1o pasado&nbsp;para contribuir al desarrollo e integraci\u00f3n de los ni\u00f1os y","og_url":"https:\/\/casadecampoliving.com\/es\/oir-para-vivir\/","og_site_name":"Casa de Campo Living","article_publisher":"https:\/\/www.facebook.com\/casadecampoliving","article_published_time":"2015-03-29T04:00:00+00:00","article_modified_time":"2022-10-21T23:02:10+00:00","og_image":[{"width":2560,"height":1707,"url":"https:\/\/i0.wp.com\/casadecampoliving.com\/wp-content\/uploads\/2022\/10\/Miembros-de-la-fundacion-con-Corinne-y-Sergio-Gobbi-1-scaled.jpg?fit=2560%2C1707&ssl=1","type":"image\/jpeg"}],"author":"Felix Guerrero","twitter_card":"summary_large_image","twitter_creator":"@cdcliving","twitter_site":"@cdcliving","twitter_misc":{"Escrito por":"Felix Guerrero","Tiempo de lectura":"3 minutos"},"schema":{"@context":"https:\/\/schema.org","@graph":[{"@type":"Article","@id":"https:\/\/casadecampoliving.com\/es\/oir-para-vivir\/#article","isPartOf":{"@id":"https:\/\/casadecampoliving.com\/es\/oir-para-vivir\/"},"author":{"name":"Felix Guerrero","@id":"https:\/\/casadecampoliving.com\/es\/#\/schema\/person\/0d45cfc6e376a2f15ac9a92421bd4451"},"headline":"\u00abO\u00edr Para Vivir\u00bb, dando el regalo de la audici\u00f3n","datePublished":"2015-03-29T04:00:00+00:00","dateModified":"2022-10-21T23:02:10+00:00","mainEntityOfPage":{"@id":"https:\/\/casadecampoliving.com\/es\/oir-para-vivir\/"},"wordCount":546,"publisher":{"@id":"https:\/\/casadecampoliving.com\/es\/#organization"},"image":{"@id":"https:\/\/casadecampoliving.com\/es\/oir-para-vivir\/#primaryimage"},"thumbnailUrl":"https:\/\/i0.wp.com\/casadecampoliving.com\/wp-content\/uploads\/2022\/10\/Miembros-de-la-fundacion-con-Corinne-y-Sergio-Gobbi-1-scaled.jpg?fit=2560%2C1707&ssl=1","keywords":["Donaci\u00f3n","Fundacion","Republica Dominicana","santo domingo @es"],"articleSection":["Estilo de Vida","Fundaciones","M\u00e1s all\u00e1 de Casa","Noticias Locales","Rep\u00fablica Dominicana @es","Titulares"],"inLanguage":"es"},{"@type":"WebPage","@id":"https:\/\/casadecampoliving.com\/es\/oir-para-vivir\/","url":"https:\/\/casadecampoliving.com\/es\/oir-para-vivir\/","name":"\"O\u00edr Para Vivir\", dando el regalo de la audici\u00f3n | Casa de Campo Living","isPartOf":{"@id":"https:\/\/casadecampoliving.com\/es\/#website"},"primaryImageOfPage":{"@id":"https:\/\/casadecampoliving.com\/es\/oir-para-vivir\/#primaryimage"},"image":{"@id":"https:\/\/casadecampoliving.com\/es\/oir-para-vivir\/#primaryimage"},"thumbnailUrl":"https:\/\/i0.wp.com\/casadecampoliving.com\/wp-content\/uploads\/2022\/10\/Miembros-de-la-fundacion-con-Corinne-y-Sergio-Gobbi-1-scaled.jpg?fit=2560%2C1707&ssl=1","datePublished":"2015-03-29T04:00:00+00:00","dateModified":"2022-10-21T23:02:10+00:00","description":"O\u00edr Para Vivir es una asociaci\u00f3n dominicana sin fines de lucro, fundada el a\u00f1o pasado&nbsp;para contribuir al desarrollo e integraci\u00f3n de los ni\u00f1os y","breadcrumb":{"@id":"https:\/\/casadecampoliving.com\/es\/oir-para-vivir\/#breadcrumb"},"inLanguage":"es","potentialAction":[{"@type":"ReadAction","target":["https:\/\/casadecampoliving.com\/es\/oir-para-vivir\/"]}]},{"@type":"ImageObject","inLanguage":"es","@id":"https:\/\/casadecampoliving.com\/es\/oir-para-vivir\/#primaryimage","url":"https:\/\/i0.wp.com\/casadecampoliving.com\/wp-content\/uploads\/2022\/10\/Miembros-de-la-fundacion-con-Corinne-y-Sergio-Gobbi-1-scaled.jpg?fit=2560%2C1707&ssl=1","contentUrl":"https:\/\/i0.wp.com\/casadecampoliving.com\/wp-content\/uploads\/2022\/10\/Miembros-de-la-fundacion-con-Corinne-y-Sergio-Gobbi-1-scaled.jpg?fit=2560%2C1707&ssl=1","width":2560,"height":1707,"caption":"O\u00edr Para Vivir"},{"@type":"BreadcrumbList","@id":"https:\/\/casadecampoliving.com\/es\/oir-para-vivir\/#breadcrumb","itemListElement":[{"@type":"ListItem","position":1,"name":"Home","item":"https:\/\/casadecampoliving.com\/es\/"},{"@type":"ListItem","position":2,"name":"&#8220;O\u00edr Para Vivir&#8221;, dando el regalo de la audici\u00f3n"}]},{"@type":"WebSite","@id":"https:\/\/casadecampoliving.com\/es\/#website","url":"https:\/\/casadecampoliving.com\/es\/","name":"Casa de Campo Living","description":"Resort community news and resources.","publisher":{"@id":"https:\/\/casadecampoliving.com\/es\/#organization"},"potentialAction":[{"@type":"SearchAction","target":{"@type":"EntryPoint","urlTemplate":"https:\/\/casadecampoliving.com\/es\/?s={search_term_string}"},"query-input":{"@type":"PropertyValueSpecification","valueRequired":true,"valueName":"search_term_string"}}],"inLanguage":"es"},{"@type":"Organization","@id":"https:\/\/casadecampoliving.com\/es\/#organization","name":"Casa de Campo Living","url":"https:\/\/casadecampoliving.com\/es\/","logo":{"@type":"ImageObject","inLanguage":"es","@id":"https:\/\/casadecampoliving.com\/es\/#\/schema\/logo\/image\/","url":"https:\/\/i0.wp.com\/casadecampoliving.com\/wp-content\/uploads\/2022\/07\/CDCLivingLogo_V1-white-sized.png?fit=800%2C214&ssl=1","contentUrl":"https:\/\/i0.wp.com\/casadecampoliving.com\/wp-content\/uploads\/2022\/07\/CDCLivingLogo_V1-white-sized.png?fit=800%2C214&ssl=1","width":800,"height":214,"caption":"Casa de Campo Living"},"image":{"@id":"https:\/\/casadecampoliving.com\/es\/#\/schema\/logo\/image\/"},"sameAs":["https:\/\/www.facebook.com\/casadecampoliving","https:\/\/x.com\/cdcliving"]},{"@type":"Person","@id":"https:\/\/casadecampoliving.com\/es\/#\/schema\/person\/0d45cfc6e376a2f15ac9a92421bd4451","name":"Felix Guerrero","image":{"@type":"ImageObject","inLanguage":"es","@id":"https:\/\/secure.gravatar.com\/avatar\/14a8050b9491854cab6ae2240dcb42ad0fad787b7fa453ad0991fd1262157df3?s=96&d=mm&r=g","url":"https:\/\/secure.gravatar.com\/avatar\/14a8050b9491854cab6ae2240dcb42ad0fad787b7fa453ad0991fd1262157df3?s=96&d=mm&r=g","contentUrl":"https:\/\/secure.gravatar.com\/avatar\/14a8050b9491854cab6ae2240dcb42ad0fad787b7fa453ad0991fd1262157df3?s=96&d=mm&r=g","caption":"Felix Guerrero"},"url":"https:\/\/casadecampoliving.com\/es\/author\/fguerrero\/"}]}},"parsely":{"version":"1.1.0","canonical_url":"https:\/\/casadecampoliving.com\/es\/oir-para-vivir\/","smart_links":{"inbound":0,"outbound":0},"traffic_boost_suggestions_count":0,"meta":{"@context":"https:\/\/schema.org","@type":"NewsArticle","headline":"\u00abO\u00edr Para Vivir\u00bb, dando el regalo de la audici\u00f3n","url":"http:\/\/casadecampoliving.com\/es\/oir-para-vivir\/","mainEntityOfPage":{"@type":"WebPage","@id":"http:\/\/casadecampoliving.com\/es\/oir-para-vivir\/"},"thumbnailUrl":"https:\/\/i0.wp.com\/casadecampoliving.com\/wp-content\/uploads\/2022\/10\/Miembros-de-la-fundacion-con-Corinne-y-Sergio-Gobbi-1-scaled.jpg?resize=150%2C150&ssl=1","image":{"@type":"ImageObject","url":"https:\/\/i0.wp.com\/casadecampoliving.com\/wp-content\/uploads\/2022\/10\/Miembros-de-la-fundacion-con-Corinne-y-Sergio-Gobbi-1-scaled.jpg?fit=2560%2C1707&ssl=1"},"articleSection":"Estilo de Vida","author":[{"@type":"Person","name":"Felix Guerrero"}],"creator":["Felix Guerrero"],"publisher":{"@type":"Organization","name":"Casa de Campo Living","logo":"https:\/\/casadecampoliving.com\/wp-content\/uploads\/2022\/07\/CDCLivingLogo_V1-white-sized.png"},"keywords":["donaci\u00f3n","fundacion","republica dominicana","santo domingo @es"],"dateCreated":"2015-03-29T04:00:00Z","datePublished":"2015-03-29T04:00:00Z","dateModified":"2022-10-21T23:02:10Z"},"rendered":"<script type=\"application\/ld+json\" class=\"wp-parsely-metadata\">{\"@context\":\"https:\\\/\\\/schema.org\",\"@type\":\"NewsArticle\",\"headline\":\"\\u00abO\\u00edr Para Vivir\\u00bb, dando el regalo de la audici\\u00f3n\",\"url\":\"http:\\\/\\\/casadecampoliving.com\\\/es\\\/oir-para-vivir\\\/\",\"mainEntityOfPage\":{\"@type\":\"WebPage\",\"@id\":\"http:\\\/\\\/casadecampoliving.com\\\/es\\\/oir-para-vivir\\\/\"},\"thumbnailUrl\":\"https:\\\/\\\/i0.wp.com\\\/casadecampoliving.com\\\/wp-content\\\/uploads\\\/2022\\\/10\\\/Miembros-de-la-fundacion-con-Corinne-y-Sergio-Gobbi-1-scaled.jpg?resize=150%2C150&ssl=1\",\"image\":{\"@type\":\"ImageObject\",\"url\":\"https:\\\/\\\/i0.wp.com\\\/casadecampoliving.com\\\/wp-content\\\/uploads\\\/2022\\\/10\\\/Miembros-de-la-fundacion-con-Corinne-y-Sergio-Gobbi-1-scaled.jpg?fit=2560%2C1707&ssl=1\"},\"articleSection\":\"Estilo de Vida\",\"author\":[{\"@type\":\"Person\",\"name\":\"Felix Guerrero\"}],\"creator\":[\"Felix Guerrero\"],\"publisher\":{\"@type\":\"Organization\",\"name\":\"Casa de Campo Living\",\"logo\":\"https:\\\/\\\/casadecampoliving.com\\\/wp-content\\\/uploads\\\/2022\\\/07\\\/CDCLivingLogo_V1-white-sized.png\"},\"keywords\":[\"donaci\\u00f3n\",\"fundacion\",\"republica dominicana\",\"santo domingo @es\"],\"dateCreated\":\"2015-03-29T04:00:00Z\",\"datePublished\":\"2015-03-29T04:00:00Z\",\"dateModified\":\"2022-10-21T23:02:10Z\"}<\/script>","tracker_url":"https:\/\/cdn.parsely.com\/keys\/casadecampoliving.com\/p.js"},"jetpack_publicize_connections":[],"jetpack_featured_media_url":"https:\/\/i0.wp.com\/casadecampoliving.com\/wp-content\/uploads\/2022\/10\/Miembros-de-la-fundacion-con-Corinne-y-Sergio-Gobbi-1-scaled.jpg?fit=2560%2C1707&ssl=1","jetpack-related-posts":[{"id":346809,"url":"https:\/\/casadecampoliving.com\/es\/feliz-dia-de-independencia-les-desea-fundacion-mir-2\/","url_meta":{"origin":347062,"position":0},"title":"Feliz D\u00eda de Independencia les desea Fundaci\u00f3n MIR","author":"Perkin Agramonte","date":"27 Feb, 2015","format":false,"excerpt":"En el d\u00eda de hoy la Rep\u00fablica Dominicana conmemora el 171\u00ba aniversario de la Independencia Nacional, y por tal motivo en nombre de Fundaci\u00f3n MIR, queremos desearles a todos los dominicanos y a quienes viven en este hermoso pa\u00eds un Feliz D\u00eda de la Independencia. Fundaci\u00f3n MIR es una organizaci\u00f3n\u2026","rel":"","context":"En \u00abCasa de Campo Living @es\u00bb","block_context":{"text":"Casa de Campo Living @es","link":"https:\/\/casadecampoliving.com\/category\/casa-de-campo-living-es\/"},"img":{"alt_text":"FUNDACION MIR dia de independencia republica dominicana","src":"https:\/\/i0.wp.com\/casadecampoliving.com\/wp-content\/uploads\/2022\/10\/FUNDACION-MIR-dia-de-independencia-republica-dominicana.png?fit=650%2C450&ssl=1&resize=350%2C200","width":350,"height":200,"srcset":"https:\/\/i0.wp.com\/casadecampoliving.com\/wp-content\/uploads\/2022\/10\/FUNDACION-MIR-dia-de-independencia-republica-dominicana.png?fit=650%2C450&ssl=1&resize=350%2C200 1x, https:\/\/i0.wp.com\/casadecampoliving.com\/wp-content\/uploads\/2022\/10\/FUNDACION-MIR-dia-de-independencia-republica-dominicana.png?fit=650%2C450&ssl=1&resize=525%2C300 1.5x"},"classes":[]},{"id":433460,"url":"https:\/\/casadecampoliving.com\/es\/no-se-pierdan-el-increible-tributo-a-frank-sinatra-para-celebrar-el-40-aniversario-del-anfiteatro-altos-de-chavon\/","url_meta":{"origin":347062,"position":1},"title":"No se pierdan el incre\u00edble tributo a Frank Sinatra para celebrar el 40 aniversario del\u00a0Anfiteatro Altos de Chav\u00f3n","author":"Casa de Campo Living","date":"20 Oct, 2022","format":false,"excerpt":"Siendo uno de los escenarios m\u00e1s emblem\u00e1ticos del pa\u00eds, Casa de Campo Resort\u00ae & Villas celebra las cuatro d\u00e9cadas de aniversario de Altos de Chav\u00f3n con un tributo al gran Frank Sinatra, protagonizado por artistas invitados y una big band tal cual la que acompa\u00f1\u00f3 al artista hace 40 a\u00f1os\u2026","rel":"","context":"En \u00abUncategorized @es\u00bb","block_context":{"text":"Uncategorized @es","link":"https:\/\/casadecampoliving.com\/es\/category\/uncategorized-es\/"},"img":{"alt_text":"","src":"https:\/\/i0.wp.com\/casadecampoliving.com\/wp-content\/uploads\/2022\/10\/Tributo-Frank-Sinatra-Foto-Principal-Amaury-Sanchez-Danilo-Ginebra-Andres-Pichardo-y-Jose-Gabriel-Perez-.jpg?fit=1200%2C873&ssl=1&resize=350%2C200","width":350,"height":200,"srcset":"https:\/\/i0.wp.com\/casadecampoliving.com\/wp-content\/uploads\/2022\/10\/Tributo-Frank-Sinatra-Foto-Principal-Amaury-Sanchez-Danilo-Ginebra-Andres-Pichardo-y-Jose-Gabriel-Perez-.jpg?fit=1200%2C873&ssl=1&resize=350%2C200 1x, https:\/\/i0.wp.com\/casadecampoliving.com\/wp-content\/uploads\/2022\/10\/Tributo-Frank-Sinatra-Foto-Principal-Amaury-Sanchez-Danilo-Ginebra-Andres-Pichardo-y-Jose-Gabriel-Perez-.jpg?fit=1200%2C873&ssl=1&resize=525%2C300 1.5x, https:\/\/i0.wp.com\/casadecampoliving.com\/wp-content\/uploads\/2022\/10\/Tributo-Frank-Sinatra-Foto-Principal-Amaury-Sanchez-Danilo-Ginebra-Andres-Pichardo-y-Jose-Gabriel-Perez-.jpg?fit=1200%2C873&ssl=1&resize=700%2C400 2x, https:\/\/i0.wp.com\/casadecampoliving.com\/wp-content\/uploads\/2022\/10\/Tributo-Frank-Sinatra-Foto-Principal-Amaury-Sanchez-Danilo-Ginebra-Andres-Pichardo-y-Jose-Gabriel-Perez-.jpg?fit=1200%2C873&ssl=1&resize=1050%2C600 3x"},"classes":[]},{"id":353677,"url":"https:\/\/casadecampoliving.com\/es\/esta-invitado-la-fundacion-de-la-familia-pujols-organizara-una-cena-de-caridad-para-ninos-y-familias-necesitadas\/","url_meta":{"origin":347062,"position":2},"title":"\u00a1Est\u00e1 invitado! La Fundaci\u00f3n de la Familia Pujols organizar\u00e1 una cena de caridad para ni\u00f1os y familias necesitadas","author":"Casa de Campo Living","date":"27 Ene, 2020","format":false,"excerpt":"\u00bfAlg\u00fan plan para ma\u00f1ana por la noche? \u00bfPor qu\u00e9 no unirse a nosotros para un coctel y cena en ayuda de la Fundaci\u00f3n de la Familia Pujols? Albert Pujols, propietario de una villa de Casa de Campo y jugador de MLB, compartir\u00e1 con nosotros el importante trabajo que est\u00e1n haciendo\u2026","rel":"","context":"En \u00abAltos de Chavon @es\u00bb","block_context":{"text":"Altos de Chavon @es","link":"https:\/\/casadecampoliving.com\/category\/altos-de-chavon-es\/"},"img":{"alt_text":"","src":"https:\/\/i0.wp.com\/casadecampoliving.com\/wp-content\/uploads\/2022\/10\/Pujols-Family-Foundation-pic-1.jpeg?fit=1000%2C600&ssl=1&resize=350%2C200","width":350,"height":200,"srcset":"https:\/\/i0.wp.com\/casadecampoliving.com\/wp-content\/uploads\/2022\/10\/Pujols-Family-Foundation-pic-1.jpeg?fit=1000%2C600&ssl=1&resize=350%2C200 1x, https:\/\/i0.wp.com\/casadecampoliving.com\/wp-content\/uploads\/2022\/10\/Pujols-Family-Foundation-pic-1.jpeg?fit=1000%2C600&ssl=1&resize=525%2C300 1.5x, https:\/\/i0.wp.com\/casadecampoliving.com\/wp-content\/uploads\/2022\/10\/Pujols-Family-Foundation-pic-1.jpeg?fit=1000%2C600&ssl=1&resize=700%2C400 2x"},"classes":[]},{"id":338594,"url":"https:\/\/casadecampoliving.com\/es\/descubriendo-la-fundacion-mir-la-clinica-de-familia\/","url_meta":{"origin":347062,"position":3},"title":"Descubriendo la Fundaci\u00f3n MIR: La Cl\u00ednica de Familia","author":"","date":"16 Jul, 2009","format":false,"excerpt":"Vivir en tan hermoso lugar como lo es Casa de Campo, puede que sea f\u00e1cil olvidarse por momentos de la cruda realidad de miles de personas que viven en la pobreza en la Rep\u00fablica Dominicana. Afortunadamente este no es el caso, pues Casa de Campo est\u00e1 repleto de generosos due\u00f1os\u2026","rel":"","context":"En \u00abEstilo de Vida\u00bb","block_context":{"text":"Estilo de Vida","link":"https:\/\/casadecampoliving.com\/es\/category\/estilo-de-vida\/"},"img":{"alt_text":"","src":"https:\/\/i0.wp.com\/casadecampoliving.com\/wp-content\/uploads\/2022\/10\/ylg_9172-1.jpg?fit=585%2C392&ssl=1&resize=350%2C200","width":350,"height":200,"srcset":"https:\/\/i0.wp.com\/casadecampoliving.com\/wp-content\/uploads\/2022\/10\/ylg_9172-1.jpg?fit=585%2C392&ssl=1&resize=350%2C200 1x, https:\/\/i0.wp.com\/casadecampoliving.com\/wp-content\/uploads\/2022\/10\/ylg_9172-1.jpg?fit=585%2C392&ssl=1&resize=525%2C300 1.5x"},"classes":[]},{"id":345780,"url":"https:\/\/casadecampoliving.com\/es\/correr-para-recaudar-fondos-para-fundacion-mir\/","url_meta":{"origin":347062,"position":4},"title":"Correr para recaudar fondos para Fundaci\u00f3n MIR","author":"Maria Isabel B\u00e1ez","date":"23 Oct, 2014","format":false,"excerpt":"\u00a1Dino LaCapra, maratonista s\u00faper estrella y activo participante de recaudaci\u00f3n de fondos est\u00e1 de regreso! \u00a1Y esta vez participar\u00e1 en el Marat\u00f3n del Cuerpo de la Marina en Washington DC para recaudar fondos para Fundaci\u00f3n MIR! \u201c\u00a1Estamos de regreso!\u201d\u00a0Dino LaCapra told Casa de Campo Living.\u00a0\u201cEstamos recaudando fondos para comprar computadoras\u2026","rel":"","context":"En \u00abCasa de Campo Living @es\u00bb","block_context":{"text":"Casa de Campo Living @es","link":"https:\/\/casadecampoliving.com\/category\/casa-de-campo-living-es\/"},"img":{"alt_text":"fundacion MIR","src":"https:\/\/i0.wp.com\/casadecampoliving.com\/wp-content\/uploads\/2022\/10\/fundacion_MIR1-7.jpg?fit=650%2C418&ssl=1&resize=350%2C200","width":350,"height":200,"srcset":"https:\/\/i0.wp.com\/casadecampoliving.com\/wp-content\/uploads\/2022\/10\/fundacion_MIR1-7.jpg?fit=650%2C418&ssl=1&resize=350%2C200 1x, https:\/\/i0.wp.com\/casadecampoliving.com\/wp-content\/uploads\/2022\/10\/fundacion_MIR1-7.jpg?fit=650%2C418&ssl=1&resize=525%2C300 1.5x"},"classes":[]},{"id":343680,"url":"https:\/\/casadecampoliving.com\/es\/una-entrevista-exclusiva-con-miss-rd-yaritza-reyes\/","url_meta":{"origin":347062,"position":5},"title":"Una entrevista exclusiva con Miss RD Yaritza Reyes","author":"Genesis Perdomo","date":"11 Ene, 2014","format":false,"excerpt":"El pr\u00f3ximo s\u00e1bado 18 de enero el Magical Splendor for Life Gala con el dise\u00f1ador \u00c1ngel S\u00e1nchez ser\u00e1 celebrado en Casa Grande, Casa de Campo para la Fundaci\u00f3n MIR- una ocasi\u00f3n m\u00e1gica con la presencia de Miss Rep\u00fablica Dominicana 2013, Yaritza Reyes. As\u00ed que antes de su aparici\u00f3n en la\u2026","rel":"","context":"En \u00abCelebridades\u00bb","block_context":{"text":"Celebridades","link":"https:\/\/casadecampoliving.com\/es\/category\/celebridades-es\/"},"img":{"alt_text":"Yaritza Reyes Miss Republica Dominicana","src":"https:\/\/i0.wp.com\/casadecampoliving.com\/wp-content\/uploads\/2022\/10\/yaritza-reyes_miss_republica_dominicana-1.jpg?fit=650%2C543&ssl=1&resize=350%2C200","width":350,"height":200,"srcset":"https:\/\/i0.wp.com\/casadecampoliving.com\/wp-content\/uploads\/2022\/10\/yaritza-reyes_miss_republica_dominicana-1.jpg?fit=650%2C543&ssl=1&resize=350%2C200 1x, https:\/\/i0.wp.com\/casadecampoliving.com\/wp-content\/uploads\/2022\/10\/yaritza-reyes_miss_republica_dominicana-1.jpg?fit=650%2C543&ssl=1&resize=525%2C300 1.5x"},"classes":[]}],"jetpack_sharing_enabled":true,"_links":{"self":[{"href":"https:\/\/casadecampoliving.com\/es\/wp-json\/wp\/v2\/posts\/347062","targetHints":{"allow":["GET"]}}],"collection":[{"href":"https:\/\/casadecampoliving.com\/es\/wp-json\/wp\/v2\/posts"}],"about":[{"href":"https:\/\/casadecampoliving.com\/es\/wp-json\/wp\/v2\/types\/post"}],"author":[{"embeddable":true,"href":"https:\/\/casadecampoliving.com\/es\/wp-json\/wp\/v2\/users\/34707"}],"replies":[{"embeddable":true,"href":"https:\/\/casadecampoliving.com\/es\/wp-json\/wp\/v2\/comments?post=347062"}],"version-history":[{"count":1,"href":"https:\/\/casadecampoliving.com\/es\/wp-json\/wp\/v2\/posts\/347062\/revisions"}],"predecessor-version":[{"id":347063,"href":"https:\/\/casadecampoliving.com\/es\/wp-json\/wp\/v2\/posts\/347062\/revisions\/347063"}],"wp:featuredmedia":[{"embeddable":true,"href":"https:\/\/casadecampoliving.com\/es\/wp-json\/wp\/v2\/media\/287104"}],"wp:attachment":[{"href":"https:\/\/casadecampoliving.com\/es\/wp-json\/wp\/v2\/media?parent=347062"}],"wp:term":[{"taxonomy":"category","embeddable":true,"href":"https:\/\/casadecampoliving.com\/es\/wp-json\/wp\/v2\/categories?post=347062"},{"taxonomy":"post_tag","embeddable":true,"href":"https:\/\/casadecampoliving.com\/es\/wp-json\/wp\/v2\/tags?post=347062"},{"taxonomy":"newspack_spnsrs_tax","embeddable":true,"href":"https:\/\/casadecampoliving.com\/es\/wp-json\/wp\/v2\/newspack_spnsrs_tax?post=347062"}],"curies":[{"name":"wp","href":"https:\/\/api.w.org\/{rel}","templated":true}]}}