{"id":347038,"date":"2015-03-25T00:00:00","date_gmt":"2015-03-25T04:00:00","guid":{"rendered":"https:\/\/casadecampoliving.com\/inicio-ardiente-y-con-estilo-para-la-11va-casa-de-campo-copa-semana-santa\/"},"modified":"2022-10-21T19:01:28","modified_gmt":"2022-10-21T23:01:28","slug":"inicio-ardiente-y-con-estilo-para-la-11va-casa-de-campo-copa-semana-santa","status":"publish","type":"post","link":"https:\/\/casadecampoliving.com\/es\/inicio-ardiente-y-con-estilo-para-la-11va-casa-de-campo-copa-semana-santa\/","title":{"rendered":"Inicio ardiente y con estilo para la 11va Casa de Campo Copa Semana Santa"},"content":{"rendered":"<div class=\"wp-block-image\">\n<figure class=\"aligncenter is-resized\"><img loading=\"lazy\" decoding=\"async\" src=\"https:\/\/i0.wp.com\/casadecampoliving.com\/wp-content\/uploads\/2022\/10\/Casa_de_Campo_Copa_Semana_Santa5.jpg?resize=650%2C433&amp;ssl=1\" alt=\"Casa de Campo Copa Semana Santa\" class=\"wp-image-110157\" height=\"433\" width=\"650\"\/><\/figure>\n<\/div>\n\n\n<p>En el d\u00eda de ayer, martes 24 de marzo, <a href=\"http:\/\/wp.me\/P1kvEy-szN\">la 11va Casa de Campo Copa Semana Santa<\/a> fue inaugurada oficialmente en los campos de polo de Casa de Campo. Viendo acci\u00f3n en el partido inaugural estuvieron Marat Legal Lopera contra La Carbuccia en un partido emocionante arbitrado por Calixto Garc\u00eda-V\u00e9lez, Director de Polo de Casa de Campo.<\/p>\n\n\n\n<!--more-->\n\n\n\n<p>Aqu\u00ed le traemos una pizca de toda la acci\u00f3n y emoci\u00f3n del juego escrita por el mismo Calixto Garc\u00eda-V\u00e9lez:<\/p>\n\n\n\n<h3 class=\"wp-block-heading\">\u201cUn comienzo ardiente\u201d por Calixto Garc\u00eda-V\u00e9lez<\/h3>\n\n\n<div class=\"wp-block-image\">\n<figure class=\"alignright is-resized\"><img loading=\"lazy\" decoding=\"async\" src=\"https:\/\/i0.wp.com\/casadecampoliving.com\/wp-content\/uploads\/2022\/10\/Calixto_Garcia_Velez.jpg?resize=300%2C385&amp;ssl=1\" alt=\"Calixto Garcia Velez\" class=\"wp-image-110159\" height=\"385\" width=\"300\"\/><\/figure>\n<\/div>\n\n\n<p>La 11va Casa de Campo Copa Semana Santa tuvo un ardiente comienzo en el d\u00eda de ayer con un enfrentamiento entre La Carbuccia y el escuadr\u00f3n local Marat Legal Lopera.<\/p>\n\n\n\n<p>Ambos equipos jugaron de manera uniforme a lo largo de este muy f\u00edsico e intenso partido, jugado en un d\u00eda muy c\u00e1lido dejando exhaustos&nbsp;tanto a los jugadores como a los caballos\u2026&nbsp;El campo estuvo de maravilla&nbsp;y proporcion\u00f3 las condiciones ideales para jugadas rapidas. Zenon Zorrilla tuvo&nbsp;unos penaltis muy cruciales y anot\u00f3 un gol espectacular en una hermosa yegua CR #341 alias \u201cJetsetter\u201d, adquirida recientemente por Luis Carbuccia para su equipo. Marat Legal Lopera tuvo sus momentos, pero fall\u00f3 algunos tiros penales y la fuerte defensiva del MVP de esta tremporada, Ant\u00f3n Tejeda sell\u00f3 el trato para La Carbuccia. Zenon Zorrilla fue el hombre del partido anotando siete de los nueve goles de su equipo. <strong>Ganador La Carbuccia 9-7.<\/strong><\/p>\n\n\n<div class=\"wp-block-image\">\n<figure class=\"aligncenter is-resized\"><img loading=\"lazy\" decoding=\"async\" src=\"https:\/\/i0.wp.com\/casadecampoliving.com\/wp-content\/uploads\/2022\/10\/La_Carbuccia_Casa_de_Campo_Copa_Semana_Santa.jpg?resize=650%2C433&amp;ssl=1\" alt=\"La Carbuccia Casa de Campo Copa Semana Santa\" class=\"wp-image-110160\" height=\"433\" width=\"650\"\/><\/figure>\n<\/div>\n\n<div class=\"wp-block-image\">\n<figure class=\"alignright is-resized\"><img loading=\"lazy\" decoding=\"async\" src=\"https:\/\/i0.wp.com\/casadecampoliving.com\/wp-content\/uploads\/2022\/10\/Casa_de_Campo_Copa_Semana_Santa6.jpg?resize=292%2C300&amp;ssl=1\" alt=\"Casa de Campo Copa Semana Santa\" class=\"wp-image-110163\" height=\"300\" width=\"292\"\/><\/figure>\n<\/div>\n\n\n<p>En el segundo partido de la jornada con los dos equipos de polo favoritos, Lechuza CTE y La Garc\u00eda, Lechuza tuvo un comienzo muy r\u00e1pido y nunca mir\u00f3 hacia atr\u00e1s. El equipo&nbsp;La Garc\u00eda parec\u00eda un poco fuera de s\u00ed, ya que cometi\u00f3 demasiadas faltas y no tuvieron su mejor d\u00eda golpeando&nbsp;la pelota.<\/p>\n\n\n\n<p>Lechuza CTE, por otro lado demostr\u00f3 un bello manejo y control de la pelota por los cuatro jugadores. Alfredo Vargas trabaj\u00f3 presionando muy duro a Santiago Loza, el mejor jugador de La Garc\u00eda, quien liber\u00f3 a sus compa\u00f1eros Ignacio Del Tour y Matias Bocha para jugar con mayor libertad. Todos los jugadores de Lechuza consiguieron goles para una muy convincente victoria por 8-2.<\/p>\n\n\n\n<p>Fue maravilloso ver algunos \u201ctailgaters\u201d en los partidos con sus mesas de picnic repletas de deliciosos alimentos y botellas de Veuve Clicquot; animando a los equipos. Fue un fant\u00e1stico comienzo de lo que promete ser el evento m\u00e1s importante de polo del a\u00f1o \u2026 Me gustar\u00eda&nbsp;ver m\u00e1s \u201ctailgaters\u201d en los pr\u00f3ximos partidos.<\/p>\n\n\n\n<h3 class=\"wp-block-heading\">Elegante \u201ctailgating\u201d con Veuve Clicquot<\/h3>\n\n\n<div class=\"wp-block-image\">\n<figure class=\"aligncenter is-resized\"><img loading=\"lazy\" decoding=\"async\" src=\"https:\/\/i0.wp.com\/casadecampoliving.com\/wp-content\/uploads\/2022\/10\/Casa_de_Campo_Copa_Semana_Santa22.jpg?resize=650%2C433&amp;ssl=1\" alt=\"Casa de Campo Copa Semana Santa\" class=\"wp-image-110164\" height=\"433\" width=\"650\"\/><\/figure>\n<\/div>\n\n<div class=\"wp-block-image\">\n<figure class=\"alignright is-resized\"><img loading=\"lazy\" decoding=\"async\" src=\"https:\/\/i0.wp.com\/casadecampoliving.com\/wp-content\/uploads\/2022\/10\/tailgating_Veuve_Clicquot-200x300-2.jpg?resize=200%2C300&amp;ssl=1\" alt=\"tailgating Veuve Clicquot\" class=\"wp-image-110162\" height=\"300\" width=\"200\"\/><\/figure>\n<\/div>\n\n\n<p>Ayer, el equipo CasaLife Magazine quienes est\u00e1n organizando<a href=\"http:\/\/wp.me\/P1kvEy-szN\"> la celebraci\u00f3n final para el 11vo torneo de polo Casa de Campo Copa Semana Santa<\/a>, asisti\u00f3 a los juegos inaugurales\u2026 e incurrimos en&nbsp;un elegante \u201ctailgating\u201d. Con nuestras cestas de picnic, mantas y m\u00e1s de un par de botellas de Veuve Clicquot, as\u00ed como cervezas Stella Artois, \u00a1nos relajamos entre amigos, comimos, bebimos y ve\u00edamos el juego de polo desde la comodidad de nuestro \u201ctailgate\u201d! Para aquellos que se preguntan que es&nbsp;\u201ctailgate\u201d; basicamente es un picnic que utliza como base&nbsp;el&nbsp;\u201cmaletero\u201d del veh\u00edculo.<\/p>\n\n\n\n<p>Nos divertimos tanto que estaremos \u201ctailgating\u201d en los pr\u00f3ximos juegos de <a href=\"http:\/\/wp.me\/P1kvEy-szN\">la Casa de Campo Copa Semana Santa (horario de los torneos m\u00e1s adelante),<\/a> \u00a1as\u00ed que por favor no dude en traer picnics, mantas y neveritas bien surtidas para unirse a la diversi\u00f3n!<\/p>\n\n\n\n<blockquote><h3>Torneo de Polo: Copa Semana Santa de&nbsp;Casa de Campo<\/h3><p>El torneo de polo Copa Semana Santa de Casa de Campo ser\u00e1 jugado entre el martes 24 de marzo y el s\u00e1bado 4 de abril, con juegos llev\u00e1ndose a cabo de acuerdo al siguiente horario:<\/p><p><strong>Martes 24 de marzo<\/strong><\/p><p style=\"padding-left: 30px;\">2:30pm: Marat Legal Lopera vs. La Carbuccia<\/p><p style=\"padding-left: 30px;\">4:30pm: La Garcia vs. Lechuza CTE<\/p><p><strong>Jueves 26 de marzo<\/strong><\/p><p style=\"padding-left: 30px;\">2:30pm: La Carbuccia vs. Hola<\/p><p style=\"padding-left: 30px;\">4:30pm: La Garcia vs Marat Legal Lopera<\/p><p><strong>Domingo 28 de marzo<\/strong><\/p><p style=\"padding-left: 30px;\">2:30pm: Lechuza CTE vs. Marat Legal Lopera<\/p><p style=\"padding-left: 30px;\">4:30pm: La Garcia vs. Hola<\/p><p><strong>Martes 31 de marzo<\/strong><\/p><p style=\"padding-left: 30px;\">2:30pm:&nbsp;Hola vs. Lechuza CTE<\/p><p style=\"padding-left: 30px;\">4:30pm: La Garcia vs. La Carbuccia<\/p><p><strong>Jueves 2 de abril<\/strong><\/p><p style=\"padding-left: 30px;\">2:30pm: Hola vs. Marat Legal Lopera<\/p><p style=\"padding-left: 30px;\">4:30pm: La Carbuccia vs. Lechuza CTE<\/p><p><strong>S\u00e1bado 4 de abril<\/strong><\/p><p style=\"padding-left: 30px;\">4pm: final de goles alto&nbsp;\u2013&nbsp;mejores 2 records<\/p><h3>Finales de la&nbsp;Copa Semana Santa de Casa de Campo<\/h3><figure><img decoding=\"async\" loading=\"lazy\" class=\"aligncenter size-full wp-image-110074\" src=\"https:\/\/i0.wp.com\/casadecampoliving.com\/wp-content\/uploads\/2022\/10\/Casa_de_Campo_Copa_Semana_Santa_polo1.jpg?resize=650%2C364&amp;ssl=1\" alt=\"Casa de Campo Copa Semana Santa polo\" width=\"650\" height=\"364\"><\/figure><p><strong>Fecha:<\/strong> S\u00e1bado 4 de abril, 11am \u2013 7pm<\/p><p><strong>Programa:<\/strong><\/p><p style=\"padding-left: 30px;\"><strong>11am<\/strong>:&nbsp;Apertura de la alfombra roja<\/p><p style=\"padding-left: 30px;\"><strong>11am \u2013 2pm<\/strong>:&nbsp;M\u00fasica en vivo en el CasaLife\/Stella Artois Picnic Brunch&nbsp;(Brunch disponible todo el d\u00eda), Paseos en poni de cortes\u00eda<\/p><p style=\"padding-left: 30px;\"><strong>2pm<\/strong>: Final de&nbsp;goles bajos<\/p><p style=\"padding-left: 30px;\"><strong>3pm<\/strong>:&nbsp;Brindis de Veuve Clicquot y \u201cDivot Stomping\u201d<\/p><p style=\"padding-left: 30px;\"><strong>3:30pm:<\/strong>&nbsp;Exhibici\u00f3n de Paso Fino<\/p><p style=\"padding-left: 30px;\"><strong>4:30pm<\/strong>:&nbsp;Final de goles altos<\/p><p style=\"padding-left: 30px;\"><strong>6pm<\/strong>:&nbsp;Entrega de premios<\/p><p><strong>C\u00f3digo de vestimenta:<\/strong>&nbsp;Chic divertido con un toque de polo<\/p><p><strong>Contact0:<\/strong> SILGON (809) 523-2045 \/ hello@silgon.net<\/p><\/blockquote>\n","protected":false},"excerpt":{"rendered":"<p>En el d\u00eda de ayer, martes 24 de marzo, la 11va Casa de Campo Copa Semana Santa fue inaugurada oficialmente en los campos de polo de Casa de Campo. Viendo acci\u00f3n en el partido inaugural estuvieron Marat Legal Lopera contra La Carbuccia en un partido emocionante arbitrado por Calixto Garc\u00eda-V\u00e9lez, Director de Polo de Casa [&hellip;]<\/p>\n","protected":false},"author":1097,"featured_media":286492,"comment_status":"closed","ping_status":"closed","sticky":false,"template":"","format":"standard","meta":{"newspack_ads_suppress_ads":false,"newspack_popups_has_disabled_popups":false,"newspack_sponsor_sponsorship_scope":"","newspack_sponsor_native_byline_display":"inherit","newspack_sponsor_native_category_display":"inherit","newspack_sponsor_underwriter_style":"inherit","newspack_sponsor_underwriter_placement":"inherit","_newspack_byline_active":false,"_newspack_byline":"","newspack_hide_updated_date":false,"newspack_show_updated_date":false,"newspack_content_restriction_is_exempt":false,"newspack_featured_image_position":"","newspack_post_subtitle":"","newspack_article_summary_title":"Overview:","newspack_article_summary":"","_jetpack_memberships_contains_paid_content":false,"footnotes":"","jetpack_publicize_message":"","jetpack_publicize_feature_enabled":true,"jetpack_social_post_already_shared":false,"jetpack_social_options":{"image_generator_settings":{"template":"highway","default_image_id":0,"font":"","enabled":false},"version":2},"_wpas_customize_per_network":false},"categories":[26936,26951,2525,2524,14631,2522,14625,14627,2521,26822,2526],"tags":[3626,8094,8900,24387,6151,6371,12113],"newspack_spnsrs_tax":[],"class_list":["post-347038","post","type-post","status-publish","format-standard","has-post-thumbnail","hentry","category-casa-de-campo-living-es","category-ccl-presenta","category-golf-deportes-es","category-destacados","category-estilo-de-vida","category-eventos-es","category-noticias-locales","category-proximamente","category-republica-dominicana-2","category-resort-casa-de-campo","category-titulares-es","tag-casa-de-campo-es","tag-casa-de-campo-community-es","tag-casa-de-campo-copa-semana-santa-es","tag-casa-de-campo-living-es","tag-casa-de-campo-polo-es","tag-casa-de-campo-resort-es","tag-casalife-magazine-es","entry"],"yoast_head":"<!-- This site is optimized with the Yoast SEO plugin v27.4 - https:\/\/yoast.com\/product\/yoast-seo-wordpress\/ -->\n<title>Inicio ardiente y con estilo para la 11va Casa de Campo Copa Semana Santa | Casa de Campo Living<\/title>\n<meta name=\"description\" content=\"En el d\u00eda de ayer, martes 24 de marzo, la 11va Casa de Campo Copa Semana Santa fue inaugurada oficialmente en los campos de polo de Casa de Campo. Viendo\" \/>\n<meta name=\"robots\" content=\"index, follow, max-snippet:-1, max-image-preview:large, max-video-preview:-1\" \/>\n<link rel=\"canonical\" href=\"https:\/\/casadecampoliving.com\/es\/inicio-ardiente-y-con-estilo-para-la-11va-casa-de-campo-copa-semana-santa\/\" \/>\n<meta property=\"og:locale\" content=\"es_ES\" \/>\n<meta property=\"og:type\" content=\"article\" \/>\n<meta property=\"og:title\" content=\"Inicio ardiente y con estilo para la 11va Casa de Campo Copa Semana Santa | Casa de Campo Living\" \/>\n<meta property=\"og:description\" content=\"En el d\u00eda de ayer, martes 24 de marzo, la 11va Casa de Campo Copa Semana Santa fue inaugurada oficialmente en los campos de polo de Casa de Campo. Viendo\" \/>\n<meta property=\"og:url\" content=\"https:\/\/casadecampoliving.com\/es\/inicio-ardiente-y-con-estilo-para-la-11va-casa-de-campo-copa-semana-santa\/\" \/>\n<meta property=\"og:site_name\" content=\"Casa de Campo Living\" \/>\n<meta property=\"article:publisher\" content=\"https:\/\/www.facebook.com\/casadecampoliving\" \/>\n<meta property=\"article:published_time\" content=\"2015-03-25T04:00:00+00:00\" \/>\n<meta property=\"article:modified_time\" content=\"2022-10-21T23:01:28+00:00\" \/>\n<meta property=\"og:image\" content=\"https:\/\/i0.wp.com\/casadecampoliving.com\/wp-content\/uploads\/2022\/10\/Casa_de_Campo_Copa_Semana_Santa22-1.jpg?fit=650%2C433&ssl=1\" \/>\n\t<meta property=\"og:image:width\" content=\"650\" \/>\n\t<meta property=\"og:image:height\" content=\"433\" \/>\n\t<meta property=\"og:image:type\" content=\"image\/jpeg\" \/>\n<meta name=\"author\" content=\"Perkin Agramonte\" \/>\n<meta name=\"twitter:card\" content=\"summary_large_image\" \/>\n<meta name=\"twitter:creator\" content=\"@cdcliving\" \/>\n<meta name=\"twitter:site\" content=\"@cdcliving\" \/>\n<meta name=\"twitter:label1\" content=\"Escrito por\" \/>\n\t<meta name=\"twitter:data1\" content=\"Perkin Agramonte\" \/>\n\t<meta name=\"twitter:label2\" content=\"Tiempo de lectura\" \/>\n\t<meta name=\"twitter:data2\" content=\"4 minutos\" \/>\n<script type=\"application\/ld+json\" class=\"yoast-schema-graph\">{\"@context\":\"https:\\\/\\\/schema.org\",\"@graph\":[{\"@type\":\"Article\",\"@id\":\"https:\\\/\\\/casadecampoliving.com\\\/es\\\/inicio-ardiente-y-con-estilo-para-la-11va-casa-de-campo-copa-semana-santa\\\/#article\",\"isPartOf\":{\"@id\":\"https:\\\/\\\/casadecampoliving.com\\\/es\\\/inicio-ardiente-y-con-estilo-para-la-11va-casa-de-campo-copa-semana-santa\\\/\"},\"author\":{\"name\":\"Perkin Agramonte\",\"@id\":\"https:\\\/\\\/casadecampoliving.com\\\/es\\\/#\\\/schema\\\/person\\\/c8efa6049510554b7d5fea078d728f72\"},\"headline\":\"Inicio ardiente y con estilo para la 11va Casa de Campo Copa Semana Santa\",\"datePublished\":\"2015-03-25T04:00:00+00:00\",\"dateModified\":\"2022-10-21T23:01:28+00:00\",\"mainEntityOfPage\":{\"@id\":\"https:\\\/\\\/casadecampoliving.com\\\/es\\\/inicio-ardiente-y-con-estilo-para-la-11va-casa-de-campo-copa-semana-santa\\\/\"},\"wordCount\":843,\"publisher\":{\"@id\":\"https:\\\/\\\/casadecampoliving.com\\\/es\\\/#organization\"},\"image\":{\"@id\":\"https:\\\/\\\/casadecampoliving.com\\\/es\\\/inicio-ardiente-y-con-estilo-para-la-11va-casa-de-campo-copa-semana-santa\\\/#primaryimage\"},\"thumbnailUrl\":\"https:\\\/\\\/i0.wp.com\\\/casadecampoliving.com\\\/wp-content\\\/uploads\\\/2022\\\/10\\\/Casa_de_Campo_Copa_Semana_Santa22-1.jpg?fit=650%2C433&ssl=1\",\"keywords\":[\"casa de campo @es\",\"Casa de Campo Community @es\",\"Casa de Campo Copa Semana Santa @es\",\"Casa de Campo Living\",\"casa de campo polo @es\",\"casa de campo resort @es\",\"casalife magazine @es\"],\"articleSection\":[\"Casa de Campo Living @es\",\"CCL presenta\",\"Deportes\",\"Destacados\",\"Estilo de Vida\",\"Eventos\",\"Noticias Locales\",\"Proximamente\",\"Rep\u00fablica Dominicana @es\",\"Resort Casa de Campo\",\"Titulares\"],\"inLanguage\":\"es\"},{\"@type\":\"WebPage\",\"@id\":\"https:\\\/\\\/casadecampoliving.com\\\/es\\\/inicio-ardiente-y-con-estilo-para-la-11va-casa-de-campo-copa-semana-santa\\\/\",\"url\":\"https:\\\/\\\/casadecampoliving.com\\\/es\\\/inicio-ardiente-y-con-estilo-para-la-11va-casa-de-campo-copa-semana-santa\\\/\",\"name\":\"Inicio ardiente y con estilo para la 11va Casa de Campo Copa Semana Santa | Casa de Campo Living\",\"isPartOf\":{\"@id\":\"https:\\\/\\\/casadecampoliving.com\\\/es\\\/#website\"},\"primaryImageOfPage\":{\"@id\":\"https:\\\/\\\/casadecampoliving.com\\\/es\\\/inicio-ardiente-y-con-estilo-para-la-11va-casa-de-campo-copa-semana-santa\\\/#primaryimage\"},\"image\":{\"@id\":\"https:\\\/\\\/casadecampoliving.com\\\/es\\\/inicio-ardiente-y-con-estilo-para-la-11va-casa-de-campo-copa-semana-santa\\\/#primaryimage\"},\"thumbnailUrl\":\"https:\\\/\\\/i0.wp.com\\\/casadecampoliving.com\\\/wp-content\\\/uploads\\\/2022\\\/10\\\/Casa_de_Campo_Copa_Semana_Santa22-1.jpg?fit=650%2C433&ssl=1\",\"datePublished\":\"2015-03-25T04:00:00+00:00\",\"dateModified\":\"2022-10-21T23:01:28+00:00\",\"description\":\"En el d\u00eda de ayer, martes 24 de marzo, la 11va Casa de Campo Copa Semana Santa fue inaugurada oficialmente en los campos de polo de Casa de Campo. Viendo\",\"breadcrumb\":{\"@id\":\"https:\\\/\\\/casadecampoliving.com\\\/es\\\/inicio-ardiente-y-con-estilo-para-la-11va-casa-de-campo-copa-semana-santa\\\/#breadcrumb\"},\"inLanguage\":\"es\",\"potentialAction\":[{\"@type\":\"ReadAction\",\"target\":[\"https:\\\/\\\/casadecampoliving.com\\\/es\\\/inicio-ardiente-y-con-estilo-para-la-11va-casa-de-campo-copa-semana-santa\\\/\"]}]},{\"@type\":\"ImageObject\",\"inLanguage\":\"es\",\"@id\":\"https:\\\/\\\/casadecampoliving.com\\\/es\\\/inicio-ardiente-y-con-estilo-para-la-11va-casa-de-campo-copa-semana-santa\\\/#primaryimage\",\"url\":\"https:\\\/\\\/i0.wp.com\\\/casadecampoliving.com\\\/wp-content\\\/uploads\\\/2022\\\/10\\\/Casa_de_Campo_Copa_Semana_Santa22-1.jpg?fit=650%2C433&ssl=1\",\"contentUrl\":\"https:\\\/\\\/i0.wp.com\\\/casadecampoliving.com\\\/wp-content\\\/uploads\\\/2022\\\/10\\\/Casa_de_Campo_Copa_Semana_Santa22-1.jpg?fit=650%2C433&ssl=1\",\"width\":650,\"height\":433,\"caption\":\"Casa de Campo Copa Semana Santa\"},{\"@type\":\"BreadcrumbList\",\"@id\":\"https:\\\/\\\/casadecampoliving.com\\\/es\\\/inicio-ardiente-y-con-estilo-para-la-11va-casa-de-campo-copa-semana-santa\\\/#breadcrumb\",\"itemListElement\":[{\"@type\":\"ListItem\",\"position\":1,\"name\":\"Home\",\"item\":\"https:\\\/\\\/casadecampoliving.com\\\/es\\\/\"},{\"@type\":\"ListItem\",\"position\":2,\"name\":\"Inicio ardiente y con estilo para la 11va Casa de Campo Copa Semana Santa\"}]},{\"@type\":\"WebSite\",\"@id\":\"https:\\\/\\\/casadecampoliving.com\\\/es\\\/#website\",\"url\":\"https:\\\/\\\/casadecampoliving.com\\\/es\\\/\",\"name\":\"Casa de Campo Living\",\"description\":\"Resort community news and resources.\",\"publisher\":{\"@id\":\"https:\\\/\\\/casadecampoliving.com\\\/es\\\/#organization\"},\"potentialAction\":[{\"@type\":\"SearchAction\",\"target\":{\"@type\":\"EntryPoint\",\"urlTemplate\":\"https:\\\/\\\/casadecampoliving.com\\\/es\\\/?s={search_term_string}\"},\"query-input\":{\"@type\":\"PropertyValueSpecification\",\"valueRequired\":true,\"valueName\":\"search_term_string\"}}],\"inLanguage\":\"es\"},{\"@type\":\"Organization\",\"@id\":\"https:\\\/\\\/casadecampoliving.com\\\/es\\\/#organization\",\"name\":\"Casa de Campo Living\",\"url\":\"https:\\\/\\\/casadecampoliving.com\\\/es\\\/\",\"logo\":{\"@type\":\"ImageObject\",\"inLanguage\":\"es\",\"@id\":\"https:\\\/\\\/casadecampoliving.com\\\/es\\\/#\\\/schema\\\/logo\\\/image\\\/\",\"url\":\"https:\\\/\\\/i0.wp.com\\\/casadecampoliving.com\\\/wp-content\\\/uploads\\\/2022\\\/07\\\/CDCLivingLogo_V1-white-sized.png?fit=800%2C214&ssl=1\",\"contentUrl\":\"https:\\\/\\\/i0.wp.com\\\/casadecampoliving.com\\\/wp-content\\\/uploads\\\/2022\\\/07\\\/CDCLivingLogo_V1-white-sized.png?fit=800%2C214&ssl=1\",\"width\":800,\"height\":214,\"caption\":\"Casa de Campo Living\"},\"image\":{\"@id\":\"https:\\\/\\\/casadecampoliving.com\\\/es\\\/#\\\/schema\\\/logo\\\/image\\\/\"},\"sameAs\":[\"https:\\\/\\\/www.facebook.com\\\/casadecampoliving\",\"https:\\\/\\\/x.com\\\/cdcliving\"]},{\"@type\":\"Person\",\"@id\":\"https:\\\/\\\/casadecampoliving.com\\\/es\\\/#\\\/schema\\\/person\\\/c8efa6049510554b7d5fea078d728f72\",\"name\":\"Perkin Agramonte\",\"image\":{\"@type\":\"ImageObject\",\"inLanguage\":\"es\",\"@id\":\"https:\\\/\\\/secure.gravatar.com\\\/avatar\\\/57bfdafcae55fb83dbb79a1585a9eab7f269b7720fb0b64cb9a4e0cd2962fa10?s=96&d=mm&r=g\",\"url\":\"https:\\\/\\\/secure.gravatar.com\\\/avatar\\\/57bfdafcae55fb83dbb79a1585a9eab7f269b7720fb0b64cb9a4e0cd2962fa10?s=96&d=mm&r=g\",\"contentUrl\":\"https:\\\/\\\/secure.gravatar.com\\\/avatar\\\/57bfdafcae55fb83dbb79a1585a9eab7f269b7720fb0b64cb9a4e0cd2962fa10?s=96&d=mm&r=g\",\"caption\":\"Perkin Agramonte\"},\"url\":\"https:\\\/\\\/casadecampoliving.com\\\/es\\\/author\\\/cagramonte\\\/\"}]}<\/script>\n<!-- \/ Yoast SEO plugin. -->","yoast_head_json":{"title":"Inicio ardiente y con estilo para la 11va Casa de Campo Copa Semana Santa | Casa de Campo Living","description":"En el d\u00eda de ayer, martes 24 de marzo, la 11va Casa de Campo Copa Semana Santa fue inaugurada oficialmente en los campos de polo de Casa de Campo. Viendo","robots":{"index":"index","follow":"follow","max-snippet":"max-snippet:-1","max-image-preview":"max-image-preview:large","max-video-preview":"max-video-preview:-1"},"canonical":"https:\/\/casadecampoliving.com\/es\/inicio-ardiente-y-con-estilo-para-la-11va-casa-de-campo-copa-semana-santa\/","og_locale":"es_ES","og_type":"article","og_title":"Inicio ardiente y con estilo para la 11va Casa de Campo Copa Semana Santa | Casa de Campo Living","og_description":"En el d\u00eda de ayer, martes 24 de marzo, la 11va Casa de Campo Copa Semana Santa fue inaugurada oficialmente en los campos de polo de Casa de Campo. Viendo","og_url":"https:\/\/casadecampoliving.com\/es\/inicio-ardiente-y-con-estilo-para-la-11va-casa-de-campo-copa-semana-santa\/","og_site_name":"Casa de Campo Living","article_publisher":"https:\/\/www.facebook.com\/casadecampoliving","article_published_time":"2015-03-25T04:00:00+00:00","article_modified_time":"2022-10-21T23:01:28+00:00","og_image":[{"width":650,"height":433,"url":"https:\/\/i0.wp.com\/casadecampoliving.com\/wp-content\/uploads\/2022\/10\/Casa_de_Campo_Copa_Semana_Santa22-1.jpg?fit=650%2C433&ssl=1","type":"image\/jpeg"}],"author":"Perkin Agramonte","twitter_card":"summary_large_image","twitter_creator":"@cdcliving","twitter_site":"@cdcliving","twitter_misc":{"Escrito por":"Perkin Agramonte","Tiempo de lectura":"4 minutos"},"schema":{"@context":"https:\/\/schema.org","@graph":[{"@type":"Article","@id":"https:\/\/casadecampoliving.com\/es\/inicio-ardiente-y-con-estilo-para-la-11va-casa-de-campo-copa-semana-santa\/#article","isPartOf":{"@id":"https:\/\/casadecampoliving.com\/es\/inicio-ardiente-y-con-estilo-para-la-11va-casa-de-campo-copa-semana-santa\/"},"author":{"name":"Perkin Agramonte","@id":"https:\/\/casadecampoliving.com\/es\/#\/schema\/person\/c8efa6049510554b7d5fea078d728f72"},"headline":"Inicio ardiente y con estilo para la 11va Casa de Campo Copa Semana Santa","datePublished":"2015-03-25T04:00:00+00:00","dateModified":"2022-10-21T23:01:28+00:00","mainEntityOfPage":{"@id":"https:\/\/casadecampoliving.com\/es\/inicio-ardiente-y-con-estilo-para-la-11va-casa-de-campo-copa-semana-santa\/"},"wordCount":843,"publisher":{"@id":"https:\/\/casadecampoliving.com\/es\/#organization"},"image":{"@id":"https:\/\/casadecampoliving.com\/es\/inicio-ardiente-y-con-estilo-para-la-11va-casa-de-campo-copa-semana-santa\/#primaryimage"},"thumbnailUrl":"https:\/\/i0.wp.com\/casadecampoliving.com\/wp-content\/uploads\/2022\/10\/Casa_de_Campo_Copa_Semana_Santa22-1.jpg?fit=650%2C433&ssl=1","keywords":["casa de campo @es","Casa de Campo Community @es","Casa de Campo Copa Semana Santa @es","Casa de Campo Living","casa de campo polo @es","casa de campo resort @es","casalife magazine @es"],"articleSection":["Casa de Campo Living @es","CCL presenta","Deportes","Destacados","Estilo de Vida","Eventos","Noticias Locales","Proximamente","Rep\u00fablica Dominicana @es","Resort Casa de Campo","Titulares"],"inLanguage":"es"},{"@type":"WebPage","@id":"https:\/\/casadecampoliving.com\/es\/inicio-ardiente-y-con-estilo-para-la-11va-casa-de-campo-copa-semana-santa\/","url":"https:\/\/casadecampoliving.com\/es\/inicio-ardiente-y-con-estilo-para-la-11va-casa-de-campo-copa-semana-santa\/","name":"Inicio ardiente y con estilo para la 11va Casa de Campo Copa Semana Santa | Casa de Campo Living","isPartOf":{"@id":"https:\/\/casadecampoliving.com\/es\/#website"},"primaryImageOfPage":{"@id":"https:\/\/casadecampoliving.com\/es\/inicio-ardiente-y-con-estilo-para-la-11va-casa-de-campo-copa-semana-santa\/#primaryimage"},"image":{"@id":"https:\/\/casadecampoliving.com\/es\/inicio-ardiente-y-con-estilo-para-la-11va-casa-de-campo-copa-semana-santa\/#primaryimage"},"thumbnailUrl":"https:\/\/i0.wp.com\/casadecampoliving.com\/wp-content\/uploads\/2022\/10\/Casa_de_Campo_Copa_Semana_Santa22-1.jpg?fit=650%2C433&ssl=1","datePublished":"2015-03-25T04:00:00+00:00","dateModified":"2022-10-21T23:01:28+00:00","description":"En el d\u00eda de ayer, martes 24 de marzo, la 11va Casa de Campo Copa Semana Santa fue inaugurada oficialmente en los campos de polo de Casa de Campo. Viendo","breadcrumb":{"@id":"https:\/\/casadecampoliving.com\/es\/inicio-ardiente-y-con-estilo-para-la-11va-casa-de-campo-copa-semana-santa\/#breadcrumb"},"inLanguage":"es","potentialAction":[{"@type":"ReadAction","target":["https:\/\/casadecampoliving.com\/es\/inicio-ardiente-y-con-estilo-para-la-11va-casa-de-campo-copa-semana-santa\/"]}]},{"@type":"ImageObject","inLanguage":"es","@id":"https:\/\/casadecampoliving.com\/es\/inicio-ardiente-y-con-estilo-para-la-11va-casa-de-campo-copa-semana-santa\/#primaryimage","url":"https:\/\/i0.wp.com\/casadecampoliving.com\/wp-content\/uploads\/2022\/10\/Casa_de_Campo_Copa_Semana_Santa22-1.jpg?fit=650%2C433&ssl=1","contentUrl":"https:\/\/i0.wp.com\/casadecampoliving.com\/wp-content\/uploads\/2022\/10\/Casa_de_Campo_Copa_Semana_Santa22-1.jpg?fit=650%2C433&ssl=1","width":650,"height":433,"caption":"Casa de Campo Copa Semana Santa"},{"@type":"BreadcrumbList","@id":"https:\/\/casadecampoliving.com\/es\/inicio-ardiente-y-con-estilo-para-la-11va-casa-de-campo-copa-semana-santa\/#breadcrumb","itemListElement":[{"@type":"ListItem","position":1,"name":"Home","item":"https:\/\/casadecampoliving.com\/es\/"},{"@type":"ListItem","position":2,"name":"Inicio ardiente y con estilo para la 11va Casa de Campo Copa Semana Santa"}]},{"@type":"WebSite","@id":"https:\/\/casadecampoliving.com\/es\/#website","url":"https:\/\/casadecampoliving.com\/es\/","name":"Casa de Campo Living","description":"Resort community news and resources.","publisher":{"@id":"https:\/\/casadecampoliving.com\/es\/#organization"},"potentialAction":[{"@type":"SearchAction","target":{"@type":"EntryPoint","urlTemplate":"https:\/\/casadecampoliving.com\/es\/?s={search_term_string}"},"query-input":{"@type":"PropertyValueSpecification","valueRequired":true,"valueName":"search_term_string"}}],"inLanguage":"es"},{"@type":"Organization","@id":"https:\/\/casadecampoliving.com\/es\/#organization","name":"Casa de Campo Living","url":"https:\/\/casadecampoliving.com\/es\/","logo":{"@type":"ImageObject","inLanguage":"es","@id":"https:\/\/casadecampoliving.com\/es\/#\/schema\/logo\/image\/","url":"https:\/\/i0.wp.com\/casadecampoliving.com\/wp-content\/uploads\/2022\/07\/CDCLivingLogo_V1-white-sized.png?fit=800%2C214&ssl=1","contentUrl":"https:\/\/i0.wp.com\/casadecampoliving.com\/wp-content\/uploads\/2022\/07\/CDCLivingLogo_V1-white-sized.png?fit=800%2C214&ssl=1","width":800,"height":214,"caption":"Casa de Campo Living"},"image":{"@id":"https:\/\/casadecampoliving.com\/es\/#\/schema\/logo\/image\/"},"sameAs":["https:\/\/www.facebook.com\/casadecampoliving","https:\/\/x.com\/cdcliving"]},{"@type":"Person","@id":"https:\/\/casadecampoliving.com\/es\/#\/schema\/person\/c8efa6049510554b7d5fea078d728f72","name":"Perkin Agramonte","image":{"@type":"ImageObject","inLanguage":"es","@id":"https:\/\/secure.gravatar.com\/avatar\/57bfdafcae55fb83dbb79a1585a9eab7f269b7720fb0b64cb9a4e0cd2962fa10?s=96&d=mm&r=g","url":"https:\/\/secure.gravatar.com\/avatar\/57bfdafcae55fb83dbb79a1585a9eab7f269b7720fb0b64cb9a4e0cd2962fa10?s=96&d=mm&r=g","contentUrl":"https:\/\/secure.gravatar.com\/avatar\/57bfdafcae55fb83dbb79a1585a9eab7f269b7720fb0b64cb9a4e0cd2962fa10?s=96&d=mm&r=g","caption":"Perkin Agramonte"},"url":"https:\/\/casadecampoliving.com\/es\/author\/cagramonte\/"}]}},"parsely":{"version":"1.1.0","canonical_url":"https:\/\/casadecampoliving.com\/es\/inicio-ardiente-y-con-estilo-para-la-11va-casa-de-campo-copa-semana-santa\/","smart_links":{"inbound":0,"outbound":0},"traffic_boost_suggestions_count":0,"meta":{"@context":"https:\/\/schema.org","@type":"NewsArticle","headline":"Inicio ardiente y con estilo para la 11va Casa de Campo Copa Semana Santa","url":"http:\/\/casadecampoliving.com\/es\/inicio-ardiente-y-con-estilo-para-la-11va-casa-de-campo-copa-semana-santa\/","mainEntityOfPage":{"@type":"WebPage","@id":"http:\/\/casadecampoliving.com\/es\/inicio-ardiente-y-con-estilo-para-la-11va-casa-de-campo-copa-semana-santa\/"},"thumbnailUrl":"https:\/\/i0.wp.com\/casadecampoliving.com\/wp-content\/uploads\/2022\/10\/Casa_de_Campo_Copa_Semana_Santa22-1.jpg?resize=150%2C150&ssl=1","image":{"@type":"ImageObject","url":"https:\/\/i0.wp.com\/casadecampoliving.com\/wp-content\/uploads\/2022\/10\/Casa_de_Campo_Copa_Semana_Santa22-1.jpg?fit=650%2C433&ssl=1"},"articleSection":"CCL presenta","author":[{"@type":"Person","name":"Perkin Agramonte"}],"creator":["Perkin Agramonte"],"publisher":{"@type":"Organization","name":"Casa de Campo Living","logo":"https:\/\/casadecampoliving.com\/wp-content\/uploads\/2022\/07\/CDCLivingLogo_V1-white-sized.png"},"keywords":["casa de campo @es","casa de campo community @es","casa de campo copa semana santa @es","casa de campo living","casa de campo polo @es","casa de campo resort @es","casalife magazine @es"],"dateCreated":"2015-03-25T04:00:00Z","datePublished":"2015-03-25T04:00:00Z","dateModified":"2022-10-21T23:01:28Z"},"rendered":"<script type=\"application\/ld+json\" class=\"wp-parsely-metadata\">{\"@context\":\"https:\\\/\\\/schema.org\",\"@type\":\"NewsArticle\",\"headline\":\"Inicio ardiente y con estilo para la 11va Casa de Campo Copa Semana Santa\",\"url\":\"http:\\\/\\\/casadecampoliving.com\\\/es\\\/inicio-ardiente-y-con-estilo-para-la-11va-casa-de-campo-copa-semana-santa\\\/\",\"mainEntityOfPage\":{\"@type\":\"WebPage\",\"@id\":\"http:\\\/\\\/casadecampoliving.com\\\/es\\\/inicio-ardiente-y-con-estilo-para-la-11va-casa-de-campo-copa-semana-santa\\\/\"},\"thumbnailUrl\":\"https:\\\/\\\/i0.wp.com\\\/casadecampoliving.com\\\/wp-content\\\/uploads\\\/2022\\\/10\\\/Casa_de_Campo_Copa_Semana_Santa22-1.jpg?resize=150%2C150&ssl=1\",\"image\":{\"@type\":\"ImageObject\",\"url\":\"https:\\\/\\\/i0.wp.com\\\/casadecampoliving.com\\\/wp-content\\\/uploads\\\/2022\\\/10\\\/Casa_de_Campo_Copa_Semana_Santa22-1.jpg?fit=650%2C433&ssl=1\"},\"articleSection\":\"CCL presenta\",\"author\":[{\"@type\":\"Person\",\"name\":\"Perkin Agramonte\"}],\"creator\":[\"Perkin Agramonte\"],\"publisher\":{\"@type\":\"Organization\",\"name\":\"Casa de Campo Living\",\"logo\":\"https:\\\/\\\/casadecampoliving.com\\\/wp-content\\\/uploads\\\/2022\\\/07\\\/CDCLivingLogo_V1-white-sized.png\"},\"keywords\":[\"casa de campo @es\",\"casa de campo community @es\",\"casa de campo copa semana santa @es\",\"casa de campo living\",\"casa de campo polo @es\",\"casa de campo resort @es\",\"casalife magazine @es\"],\"dateCreated\":\"2015-03-25T04:00:00Z\",\"datePublished\":\"2015-03-25T04:00:00Z\",\"dateModified\":\"2022-10-21T23:01:28Z\"}<\/script>","tracker_url":"https:\/\/cdn.parsely.com\/keys\/casadecampoliving.com\/p.js"},"jetpack_publicize_connections":[],"jetpack_featured_media_url":"https:\/\/i0.wp.com\/casadecampoliving.com\/wp-content\/uploads\/2022\/10\/Casa_de_Campo_Copa_Semana_Santa22-1.jpg?fit=650%2C433&ssl=1","jetpack-related-posts":[{"id":344279,"url":"https:\/\/casadecampoliving.com\/es\/casa_de_campo_copa_semana_santa\/","url_meta":{"origin":347038,"position":0},"title":"Finales de la 10\u00ba Casa de Campo Copa Semana Santa &#8211; por Calixto Garc\u00eda V\u00e9lez","author":"Perkin Agramonte","date":"30 Abr, 2014","format":false,"excerpt":"El s\u00e1bado 19 de abril, las finales de la 10\u00ba edici\u00f3n del torneo de polo Casa de Campo Copa Semana Santa presentado por la revista CasaLife fue jugado en los campos de polo Casa de Campo, acompa\u00f1ado de la tradicional fiesta y ceremonia de premiaci\u00f3n. Aqu\u00ed les traemos un resumen\u2026","rel":"","context":"En \u00abCasa de Campo Living @es\u00bb","block_context":{"text":"Casa de Campo Living @es","link":"https:\/\/casadecampoliving.com\/category\/casa-de-campo-living-es\/"},"img":{"alt_text":"Casa de Campo Copa Semana Santa CasaLife","src":"https:\/\/i0.wp.com\/casadecampoliving.com\/wp-content\/uploads\/2022\/10\/Casa_de_Campo_Copa_Semana_Santa_CasaLife-1.jpg?fit=650%2C430&ssl=1&resize=350%2C200","width":350,"height":200,"srcset":"https:\/\/i0.wp.com\/casadecampoliving.com\/wp-content\/uploads\/2022\/10\/Casa_de_Campo_Copa_Semana_Santa_CasaLife-1.jpg?fit=650%2C430&ssl=1&resize=350%2C200 1x, https:\/\/i0.wp.com\/casadecampoliving.com\/wp-content\/uploads\/2022\/10\/Casa_de_Campo_Copa_Semana_Santa_CasaLife-1.jpg?fit=650%2C430&ssl=1&resize=525%2C300 1.5x"},"classes":[]},{"id":347026,"url":"https:\/\/casadecampoliving.com\/es\/casa-de-campo-copa-semana-santa-empieza-hoy\/","url_meta":{"origin":347038,"position":1},"title":"Casa de Campo Copa Semana Santa empieza hoy","author":"Perkin Agramonte","date":"24 Mar, 2015","format":false,"excerpt":"Para\u00a0hoy, martes 24 de marzo est\u00e1 cordialmente invitado a acompa\u00f1arnos en la gran apertura de la 11\u00ba Casa de Campo Copa Semana Santa. El torneo iniciar\u00e1 a las 2:30p.m. con Marat Legal Lopera contra La Carbuccia, seguido por La Garcia contra Lechuza CTE a las 4:30p.m. Durante los \u00faltimos 11\u2026","rel":"","context":"En \u00abCasa de Campo Living @es\u00bb","block_context":{"text":"Casa de Campo Living @es","link":"https:\/\/casadecampoliving.com\/category\/casa-de-campo-living-es\/"},"img":{"alt_text":"Casa de Campo Copa Semana Santa polo","src":"https:\/\/i0.wp.com\/casadecampoliving.com\/wp-content\/uploads\/2022\/10\/Casa_de_Campo_Copa_Semana_Santa4-1.jpg?fit=650%2C500&ssl=1&resize=350%2C200","width":350,"height":200,"srcset":"https:\/\/i0.wp.com\/casadecampoliving.com\/wp-content\/uploads\/2022\/10\/Casa_de_Campo_Copa_Semana_Santa4-1.jpg?fit=650%2C500&ssl=1&resize=350%2C200 1x, https:\/\/i0.wp.com\/casadecampoliving.com\/wp-content\/uploads\/2022\/10\/Casa_de_Campo_Copa_Semana_Santa4-1.jpg?fit=650%2C500&ssl=1&resize=525%2C300 1.5x"},"classes":[]},{"id":344189,"url":"https:\/\/casadecampoliving.com\/es\/un-excelente-comienzo-para-el-equipo-sbg-en-la-10o-casa-de-campo-copa-semana-santa\/","url_meta":{"origin":347038,"position":2},"title":"Un excelente comienzo para el equipo SBG en la 10\u00ba Casa de Campo Copa Semana Santa","author":"Perkin Agramonte","date":"11 Abr, 2014","format":false,"excerpt":"La 10\u00ba edici\u00f3n del torneo de polo Casa de Campo Copa Semana Santa presentado por la revista CasaLife, tuvo una excelente apertura en el d\u00eda de ayer jueves 10 de abril, con una victoria aplastante del equipo SBG sobre El Pitirri. A continuaci\u00f3n Calixto Garc\u00eda-V\u00e9lez, Director del Departamento de Polo\u2026","rel":"","context":"En \u00abCasa de Campo Living @es\u00bb","block_context":{"text":"Casa de Campo Living @es","link":"https:\/\/casadecampoliving.com\/category\/casa-de-campo-living-es\/"},"img":{"alt_text":"Casa de Campo polo","src":"https:\/\/i0.wp.com\/casadecampoliving.com\/wp-content\/uploads\/2022\/10\/casa_de_campo_polo5-3.jpg?fit=650%2C487&ssl=1&resize=350%2C200","width":350,"height":200,"srcset":"https:\/\/i0.wp.com\/casadecampoliving.com\/wp-content\/uploads\/2022\/10\/casa_de_campo_polo5-3.jpg?fit=650%2C487&ssl=1&resize=350%2C200 1x, https:\/\/i0.wp.com\/casadecampoliving.com\/wp-content\/uploads\/2022\/10\/casa_de_campo_polo5-3.jpg?fit=650%2C487&ssl=1&resize=525%2C300 1.5x"},"classes":[]},{"id":344191,"url":"https:\/\/casadecampoliving.com\/es\/victoria-para-chamuscada-y-la-lechuza-en-la-10o-edicion-de-casa-de-campo-copa-semana-santa\/","url_meta":{"origin":347038,"position":3},"title":"Victoria para Chamuscada y La Lechuza en la 10\u00ba edici\u00f3n de Casa de Campo Copa Semana Santa","author":"Perkin Agramonte","date":"14 Abr, 2014","format":false,"excerpt":"La 10\u00ba edici\u00f3n del torneo de polo Casa de Campo Copa Semana Santa presentado por la revista CasaLife ha comenzado a calentarse\u2026 A continuaci\u00f3n Calixto Garc\u00eda-V\u00e9lez, Director del Departamento de Polo y Ecuestre y ademas el dirigente de Sporting Life, nos ofrece un resumen de todo lo ocurrido en los\u2026","rel":"","context":"En \u00abCasa de Campo Living @es\u00bb","block_context":{"text":"Casa de Campo Living @es","link":"https:\/\/casadecampoliving.com\/category\/casa-de-campo-living-es\/"},"img":{"alt_text":"","src":"https:\/\/i0.wp.com\/casadecampoliving.com\/wp-content\/uploads\/2022\/10\/casa_de_campo_polo-1-1.jpg?fit=650%2C457&ssl=1&resize=350%2C200","width":350,"height":200,"srcset":"https:\/\/i0.wp.com\/casadecampoliving.com\/wp-content\/uploads\/2022\/10\/casa_de_campo_polo-1-1.jpg?fit=650%2C457&ssl=1&resize=350%2C200 1x, https:\/\/i0.wp.com\/casadecampoliving.com\/wp-content\/uploads\/2022\/10\/casa_de_campo_polo-1-1.jpg?fit=650%2C457&ssl=1&resize=525%2C300 1.5x"},"classes":[]},{"id":344241,"url":"https:\/\/casadecampoliving.com\/es\/azimut-chamuscada-victoriosos-en-la-decima-casa-de-campo-copa-semana-santa\/","url_meta":{"origin":347038,"position":4},"title":"Azimut &#038; Chamuscada victoriosos en la d\u00e9cima Casa de Campo Copa Semana Santa","author":"Perkin Agramonte","date":"23 Abr, 2014","format":false,"excerpt":"El pasado s\u00e1bado 19 de abril, la d\u00e9cima edici\u00f3n del torneo de polo Casa de Campo Copa Semana Santa presentado por la revista CasaLife \u00a0tuvo una majestuosa clausura con victorias para los equipos Azimut y Chamuscada. Presentado por primera vez, \u00a0por el exclusivo resort Casa de Campo y la revista\u2026","rel":"","context":"En \u00abCasa de Campo Living @es\u00bb","block_context":{"text":"Casa de Campo Living @es","link":"https:\/\/casadecampoliving.com\/category\/casa-de-campo-living-es\/"},"img":{"alt_text":"Juan Valasquez Alfonso Paniagua Rebecca Hughes Philip Silvestri Daniel Hernandez","src":"https:\/\/i0.wp.com\/casadecampoliving.com\/wp-content\/uploads\/2022\/10\/juan_valasquez-alfonso_paniagua-Rebecca_hughes-Philip_Silvestri-Daniel_Hernandez-1.jpg?fit=650%2C433&ssl=1&resize=350%2C200","width":350,"height":200,"srcset":"https:\/\/i0.wp.com\/casadecampoliving.com\/wp-content\/uploads\/2022\/10\/juan_valasquez-alfonso_paniagua-Rebecca_hughes-Philip_Silvestri-Daniel_Hernandez-1.jpg?fit=650%2C433&ssl=1&resize=350%2C200 1x, https:\/\/i0.wp.com\/casadecampoliving.com\/wp-content\/uploads\/2022\/10\/juan_valasquez-alfonso_paniagua-Rebecca_hughes-Philip_Silvestri-Daniel_Hernandez-1.jpg?fit=650%2C433&ssl=1&resize=525%2C300 1.5x"},"classes":[]},{"id":344185,"url":"https:\/\/casadecampoliving.com\/es\/la-10o-casa-de-campo-copa-semana-santa-empieza-hoy\/","url_meta":{"origin":347038,"position":5},"title":"La 10\u00ba Casa de Campo Copa Semana Santa empieza hoy","author":"Perkin Agramonte","date":"10 Abr, 2014","format":false,"excerpt":"En el d\u00eda de hoy, jueves 10 de abril 2014, se marca el inicio de la 10\u00ba Casa de Campo Copa Semana presentada por la revista CasaLife. Este prestigioso torneo, ser\u00e1 jugado en el Club de Polo Casa de Campo uniendo los principales jugadores de la Rep\u00fablica Dominicana en una\u2026","rel":"","context":"En \u00abUncategorized @es\u00bb","block_context":{"text":"Uncategorized @es","link":"https:\/\/casadecampoliving.com\/es\/category\/uncategorized-es\/"},"img":{"alt_text":"Casa de Campo polo","src":"https:\/\/i0.wp.com\/casadecampoliving.com\/wp-content\/uploads\/2022\/10\/casa_de_campo_polo4-2.jpg?fit=650%2C396&ssl=1&resize=350%2C200","width":350,"height":200,"srcset":"https:\/\/i0.wp.com\/casadecampoliving.com\/wp-content\/uploads\/2022\/10\/casa_de_campo_polo4-2.jpg?fit=650%2C396&ssl=1&resize=350%2C200 1x, https:\/\/i0.wp.com\/casadecampoliving.com\/wp-content\/uploads\/2022\/10\/casa_de_campo_polo4-2.jpg?fit=650%2C396&ssl=1&resize=525%2C300 1.5x"},"classes":[]}],"jetpack_sharing_enabled":true,"_links":{"self":[{"href":"https:\/\/casadecampoliving.com\/es\/wp-json\/wp\/v2\/posts\/347038","targetHints":{"allow":["GET"]}}],"collection":[{"href":"https:\/\/casadecampoliving.com\/es\/wp-json\/wp\/v2\/posts"}],"about":[{"href":"https:\/\/casadecampoliving.com\/es\/wp-json\/wp\/v2\/types\/post"}],"author":[{"embeddable":true,"href":"https:\/\/casadecampoliving.com\/es\/wp-json\/wp\/v2\/users\/1097"}],"replies":[{"embeddable":true,"href":"https:\/\/casadecampoliving.com\/es\/wp-json\/wp\/v2\/comments?post=347038"}],"version-history":[{"count":1,"href":"https:\/\/casadecampoliving.com\/es\/wp-json\/wp\/v2\/posts\/347038\/revisions"}],"predecessor-version":[{"id":347039,"href":"https:\/\/casadecampoliving.com\/es\/wp-json\/wp\/v2\/posts\/347038\/revisions\/347039"}],"wp:featuredmedia":[{"embeddable":true,"href":"https:\/\/casadecampoliving.com\/es\/wp-json\/wp\/v2\/media\/286492"}],"wp:attachment":[{"href":"https:\/\/casadecampoliving.com\/es\/wp-json\/wp\/v2\/media?parent=347038"}],"wp:term":[{"taxonomy":"category","embeddable":true,"href":"https:\/\/casadecampoliving.com\/es\/wp-json\/wp\/v2\/categories?post=347038"},{"taxonomy":"post_tag","embeddable":true,"href":"https:\/\/casadecampoliving.com\/es\/wp-json\/wp\/v2\/tags?post=347038"},{"taxonomy":"newspack_spnsrs_tax","embeddable":true,"href":"https:\/\/casadecampoliving.com\/es\/wp-json\/wp\/v2\/newspack_spnsrs_tax?post=347038"}],"curies":[{"name":"wp","href":"https:\/\/api.w.org\/{rel}","templated":true}]}}