{"id":346955,"date":"2015-03-16T00:00:00","date_gmt":"2015-03-16T04:00:00","guid":{"rendered":"https:\/\/casadecampoliving.com\/opera-la-donna-del-lago-marina-casa-de-campo-2\/"},"modified":"2022-10-21T18:57:41","modified_gmt":"2022-10-21T22:57:41","slug":"opera-la-donna-del-lago-marina-casa-de-campo-2","status":"publish","type":"post","link":"https:\/\/casadecampoliving.com\/es\/opera-la-donna-del-lago-marina-casa-de-campo-2\/","title":{"rendered":"Opera La Donna del Lago este s\u00e1bado 21 de marzo en La Marina"},"content":{"rendered":"<div class=\"wp-block-image\">\n<figure class=\"aligncenter is-resized\"><img loading=\"lazy\" decoding=\"async\" src=\"https:\/\/i0.wp.com\/casadecampoliving.com\/wp-content\/uploads\/2022\/10\/La-Donna-del-Lago.jpg?resize=650%2C434&amp;ssl=1\" alt=\"La Donna del Lago\" class=\"wp-image-108307\" height=\"434\" width=\"650\"\/><\/figure>\n<\/div>\n\n\n<p>La \u00d3pera Metropolitana, la mayor asociaci\u00f3n de la m\u00fasica cl\u00e1sica en Am\u00e9rica del Norte, con su programa \u201cMetropolitan Opera: Live in HD\u201d, le invita a disfrutar de su sexto show de \u00f3pera\u201dLa Donna del Lago\u201d, una composici\u00f3n musical de Gioachino Rossinii, mostr\u00e1ndose este s\u00e1bado 21 de marzo, \u00a1aqu\u00ed en la Marina Casa de Campo!<\/p>\n\n\n<div class=\"wp-block-image\">\n<figure class=\"alignright is-resized\"><img loading=\"lazy\" decoding=\"async\" src=\"https:\/\/i0.wp.com\/casadecampoliving.com\/wp-content\/uploads\/2022\/10\/La-Donna-del-Lago-1.jpg?resize=309%2C385&amp;ssl=1\" alt=\"La Donna del Lago 1\" class=\"wp-image-108306\" height=\"385\" width=\"309\"\/><\/figure>\n<\/div>\n\n\n<!--more-->\n\n\n\n<p>Escrita para el Teatro San Carlo de N\u00e1poles, esta es la s\u00e9ptima de nueve \u00f3peras que Rossini escribi\u00f3 entre 1815 y 1822.<\/p>\n\n\n\n<p>La \u00f3pera fue estrenada el 24 de octubre de 1819, con un elenco de cantantes experimentados que regularmente trabajaban juntos, incluyendo a Isabella Colbran como Elena, Rosmunda Pisaroni como Malcolm y Giovanni David como Uberto \/ King James.<\/p>\n\n\n\n<p>Si le interesa disfrutar de un entretenido y cautivador esp\u00e9ctaculo, debe asistir a la presentaci\u00f3n de \u201cLa Donna del Lago\u201d- \u00a1el s\u00e1bado 21 de marzo aqu\u00ed en La Marina Casa de Campo!<\/p>\n\n\n\n<blockquote class=\"wp-block-quote is-layout-flow wp-block-quote-is-layout-flow\"><p><em><strong>\u201cJoyce DiDonato y Juan Diego Fl\u00f3rez unen sus fuerzas para esta exhibici\u00f3n de Rossini, situada en las&nbsp;monta\u00f1as de Escocia medieval. DiDonato es la\u201d dama del lago \u201cdel t\u00edtulo, y Fl\u00f3rez es el rey que la persigue sin descanso, con su&nbsp;despampanante&nbsp;voz embelleciendo la tr\u00e1gica trama. Esta producci\u00f3n Met es dirigida por&nbsp;Paul Curran y por Michele Mariotti \u201c.<\/strong><\/em><\/p><p style=\"text-align: right;\"><em>Metropolitan Opera<\/em><\/p><\/blockquote>\n\n\n\n<p>Aqu\u00ed le traemos el trailer de \u201cLa Donna del Lago\u201d:<\/p>\n\n\n\n<p><object id=\"flashObj\" width=\"480\" height=\"270\" classid=\"clsid:D27CDB6E-AE6D-11cf-96B8-444553540000\" codebase=\"http:\/\/download.macromedia.com\/pub\/shockwave\/cabs\/flash\/swflash.cab#version=9,0,47,0\"><param name=\"movie\" value=\"http:\/\/c.brightcove.com\/services\/viewer\/federated_f9?isVid=1&amp;isUI=1\"><param name=\"bgcolor\" value=\"#FFFFFF\"><param name=\"flashVars\" value=\"videoId=3188450805001&amp;playerID=610237632001&amp;playerKey=AQ~~,AAAAjh5TC7k~,K2aUOQDXqSqeu2vT4WaBxU4_8mDdKF-p&amp;domain=embed&amp;dynamicStreaming=true\"><param name=\"base\" value=\"http:\/\/admin.brightcove.com\"><param name=\"seamlesstabbing\" value=\"false\"><param name=\"allowFullScreen\" value=\"true\"><param name=\"swLiveConnect\" value=\"true\"><param name=\"allowScriptAccess\" value=\"always\"><\/object><\/p>\n\n\n\n<blockquote><p><strong>MET Opera, Transmisi\u00f3n Encore:&nbsp;\u201cLa Donna del Lago\u201d<\/strong><\/p><p><strong>Lugar:<\/strong> Caribbean Cinemas, Marina Casa de Campo<\/p><p><strong>Precio:<\/strong> RD$900 por persona<\/p><p><strong>Fecha:<\/strong> S\u00e1bado, 21 de marzo, 3:30 pm<\/p><p><strong>Contactos:<\/strong>&nbsp;Oficina (809)-688-8710 \/ Cine (809)-523-2351 &nbsp;o &nbsp;(809)-523-2375<\/p><blockquote><p><strong>Programa:<\/strong><\/p><ul>\n<li><strong>La Donna del Lago&nbsp;<\/strong>\u2013 Rossini<br>\n<strong>Cu\u00e1ndo:<\/strong>&nbsp; S\u00e1bado, 21 de marzo<br>\n<strong>Hora:<\/strong> 3:30 pm<\/li>\n<li><strong>Cavalleria Rusticana \/ Pagliacci&nbsp;<\/strong>\u2013 Mascagni \/ Leoncavallo<br>\n<strong>Cu\u00e1ndo:<\/strong>&nbsp; S\u00e1bado, 2 de mayo<br>\n<strong>Hora:<\/strong> 3:30 pm<\/li>\n<\/ul><\/blockquote><\/blockquote>\n","protected":false},"excerpt":{"rendered":"<p>La \u00d3pera Metropolitana, la mayor asociaci\u00f3n de la m\u00fasica cl\u00e1sica en Am\u00e9rica del Norte, con su programa \u201cMetropolitan Opera: Live in HD\u201d, le invita a disfrutar de su sexto show de \u00f3pera\u201dLa Donna del Lago\u201d, una composici\u00f3n musical de Gioachino Rossinii, mostr\u00e1ndose este s\u00e1bado 21 de marzo, \u00a1aqu\u00ed en la Marina Casa de Campo!<\/p>\n","protected":false},"author":1097,"featured_media":278369,"comment_status":"closed","ping_status":"closed","sticky":false,"template":"","format":"standard","meta":{"newspack_ads_suppress_ads":false,"newspack_popups_has_disabled_popups":false,"newspack_sponsor_sponsorship_scope":"","newspack_sponsor_native_byline_display":"inherit","newspack_sponsor_native_category_display":"inherit","newspack_sponsor_underwriter_style":"inherit","newspack_sponsor_underwriter_placement":"inherit","_newspack_byline_active":false,"_newspack_byline":"","newspack_hide_updated_date":false,"newspack_show_updated_date":false,"newspack_content_restriction_is_exempt":false,"newspack_featured_image_position":"","newspack_post_subtitle":"","newspack_article_summary_title":"Overview:","newspack_article_summary":"","_jetpack_memberships_contains_paid_content":false,"footnotes":"","jetpack_publicize_message":"","jetpack_publicize_feature_enabled":true,"jetpack_social_post_already_shared":false,"jetpack_social_options":{"image_generator_settings":{"template":"highway","default_image_id":0,"font":"","enabled":false},"version":2},"_wpas_customize_per_network":false},"categories":[26936,26951,2524,14631,2522,26581,14625,14627,2521,26822],"tags":[3626,8094,24387,6371,3573],"newspack_spnsrs_tax":[],"class_list":["post-346955","post","type-post","status-publish","format-standard","has-post-thumbnail","hentry","category-casa-de-campo-living-es","category-ccl-presenta","category-destacados","category-estilo-de-vida","category-eventos-es","category-la-marina-casa-de-campo","category-noticias-locales","category-proximamente","category-republica-dominicana-2","category-resort-casa-de-campo","tag-casa-de-campo-es","tag-casa-de-campo-community-es","tag-casa-de-campo-living-es","tag-casa-de-campo-resort-es","tag-marina-casa-de-campo-es","entry"],"yoast_head":"<!-- This site is optimized with the Yoast SEO plugin v27.4 - https:\/\/yoast.com\/product\/yoast-seo-wordpress\/ -->\n<title>Opera La Donna del Lago este s\u00e1bado 21 de marzo en La Marina | Casa de Campo Living<\/title>\n<meta name=\"description\" content=\"La \u00d3pera Metropolitana, la mayor asociaci\u00f3n de la m\u00fasica cl\u00e1sica en Am\u00e9rica del Norte, con su programa \u201cMetropolitan Opera: Live in HD\u201d, le invita a\" \/>\n<meta name=\"robots\" content=\"index, follow, max-snippet:-1, max-image-preview:large, max-video-preview:-1\" \/>\n<link rel=\"canonical\" href=\"https:\/\/casadecampoliving.com\/es\/opera-la-donna-del-lago-marina-casa-de-campo-2\/\" \/>\n<meta property=\"og:locale\" content=\"es_ES\" \/>\n<meta property=\"og:type\" content=\"article\" \/>\n<meta property=\"og:title\" content=\"Opera La Donna del Lago este s\u00e1bado 21 de marzo en La Marina | Casa de Campo Living\" \/>\n<meta property=\"og:description\" content=\"La \u00d3pera Metropolitana, la mayor asociaci\u00f3n de la m\u00fasica cl\u00e1sica en Am\u00e9rica del Norte, con su programa \u201cMetropolitan Opera: Live in HD\u201d, le invita a\" \/>\n<meta property=\"og:url\" content=\"https:\/\/casadecampoliving.com\/es\/opera-la-donna-del-lago-marina-casa-de-campo-2\/\" \/>\n<meta property=\"og:site_name\" content=\"Casa de Campo Living\" \/>\n<meta property=\"article:publisher\" content=\"https:\/\/www.facebook.com\/casadecampoliving\" \/>\n<meta property=\"article:published_time\" content=\"2015-03-16T04:00:00+00:00\" \/>\n<meta property=\"article:modified_time\" content=\"2022-10-21T22:57:41+00:00\" \/>\n<meta property=\"og:image\" content=\"https:\/\/i0.wp.com\/casadecampoliving.com\/wp-content\/uploads\/2022\/10\/La-Donna-del-Lago1.jpg?fit=800%2C534&ssl=1\" \/>\n\t<meta property=\"og:image:width\" content=\"800\" \/>\n\t<meta property=\"og:image:height\" content=\"534\" \/>\n\t<meta property=\"og:image:type\" content=\"image\/jpeg\" \/>\n<meta name=\"author\" content=\"Perkin Agramonte\" \/>\n<meta name=\"twitter:card\" content=\"summary_large_image\" \/>\n<meta name=\"twitter:creator\" content=\"@cdcliving\" \/>\n<meta name=\"twitter:site\" content=\"@cdcliving\" \/>\n<meta name=\"twitter:label1\" content=\"Escrito por\" \/>\n\t<meta name=\"twitter:data1\" content=\"Perkin Agramonte\" \/>\n\t<meta name=\"twitter:label2\" content=\"Tiempo de lectura\" \/>\n\t<meta name=\"twitter:data2\" content=\"2 minutos\" \/>\n<script type=\"application\/ld+json\" class=\"yoast-schema-graph\">{\"@context\":\"https:\\\/\\\/schema.org\",\"@graph\":[{\"@type\":\"Article\",\"@id\":\"https:\\\/\\\/casadecampoliving.com\\\/es\\\/opera-la-donna-del-lago-marina-casa-de-campo-2\\\/#article\",\"isPartOf\":{\"@id\":\"https:\\\/\\\/casadecampoliving.com\\\/es\\\/opera-la-donna-del-lago-marina-casa-de-campo-2\\\/\"},\"author\":{\"name\":\"Perkin Agramonte\",\"@id\":\"https:\\\/\\\/casadecampoliving.com\\\/es\\\/#\\\/schema\\\/person\\\/c8efa6049510554b7d5fea078d728f72\"},\"headline\":\"Opera La Donna del Lago este s\u00e1bado 21 de marzo en La Marina\",\"datePublished\":\"2015-03-16T04:00:00+00:00\",\"dateModified\":\"2022-10-21T22:57:41+00:00\",\"mainEntityOfPage\":{\"@id\":\"https:\\\/\\\/casadecampoliving.com\\\/es\\\/opera-la-donna-del-lago-marina-casa-de-campo-2\\\/\"},\"wordCount\":319,\"publisher\":{\"@id\":\"https:\\\/\\\/casadecampoliving.com\\\/es\\\/#organization\"},\"image\":{\"@id\":\"https:\\\/\\\/casadecampoliving.com\\\/es\\\/opera-la-donna-del-lago-marina-casa-de-campo-2\\\/#primaryimage\"},\"thumbnailUrl\":\"https:\\\/\\\/i0.wp.com\\\/casadecampoliving.com\\\/wp-content\\\/uploads\\\/2022\\\/10\\\/La-Donna-del-Lago1.jpg?fit=800%2C534&ssl=1\",\"keywords\":[\"casa de campo @es\",\"Casa de Campo Community @es\",\"Casa de Campo Living\",\"casa de campo resort @es\",\"Marina Casa de Campo @es\"],\"articleSection\":[\"Casa de Campo Living @es\",\"CCL presenta\",\"Destacados\",\"Estilo de Vida\",\"Eventos\",\"La Marina Casa de Campo\",\"Noticias Locales\",\"Proximamente\",\"Rep\u00fablica Dominicana @es\",\"Resort Casa de Campo\"],\"inLanguage\":\"es\"},{\"@type\":\"WebPage\",\"@id\":\"https:\\\/\\\/casadecampoliving.com\\\/es\\\/opera-la-donna-del-lago-marina-casa-de-campo-2\\\/\",\"url\":\"https:\\\/\\\/casadecampoliving.com\\\/es\\\/opera-la-donna-del-lago-marina-casa-de-campo-2\\\/\",\"name\":\"Opera La Donna del Lago este s\u00e1bado 21 de marzo en La Marina | Casa de Campo Living\",\"isPartOf\":{\"@id\":\"https:\\\/\\\/casadecampoliving.com\\\/es\\\/#website\"},\"primaryImageOfPage\":{\"@id\":\"https:\\\/\\\/casadecampoliving.com\\\/es\\\/opera-la-donna-del-lago-marina-casa-de-campo-2\\\/#primaryimage\"},\"image\":{\"@id\":\"https:\\\/\\\/casadecampoliving.com\\\/es\\\/opera-la-donna-del-lago-marina-casa-de-campo-2\\\/#primaryimage\"},\"thumbnailUrl\":\"https:\\\/\\\/i0.wp.com\\\/casadecampoliving.com\\\/wp-content\\\/uploads\\\/2022\\\/10\\\/La-Donna-del-Lago1.jpg?fit=800%2C534&ssl=1\",\"datePublished\":\"2015-03-16T04:00:00+00:00\",\"dateModified\":\"2022-10-21T22:57:41+00:00\",\"description\":\"La \u00d3pera Metropolitana, la mayor asociaci\u00f3n de la m\u00fasica cl\u00e1sica en Am\u00e9rica del Norte, con su programa \u201cMetropolitan Opera: Live in HD\u201d, le invita a\",\"breadcrumb\":{\"@id\":\"https:\\\/\\\/casadecampoliving.com\\\/es\\\/opera-la-donna-del-lago-marina-casa-de-campo-2\\\/#breadcrumb\"},\"inLanguage\":\"es\",\"potentialAction\":[{\"@type\":\"ReadAction\",\"target\":[\"https:\\\/\\\/casadecampoliving.com\\\/es\\\/opera-la-donna-del-lago-marina-casa-de-campo-2\\\/\"]}]},{\"@type\":\"ImageObject\",\"inLanguage\":\"es\",\"@id\":\"https:\\\/\\\/casadecampoliving.com\\\/es\\\/opera-la-donna-del-lago-marina-casa-de-campo-2\\\/#primaryimage\",\"url\":\"https:\\\/\\\/i0.wp.com\\\/casadecampoliving.com\\\/wp-content\\\/uploads\\\/2022\\\/10\\\/La-Donna-del-Lago1.jpg?fit=800%2C534&ssl=1\",\"contentUrl\":\"https:\\\/\\\/i0.wp.com\\\/casadecampoliving.com\\\/wp-content\\\/uploads\\\/2022\\\/10\\\/La-Donna-del-Lago1.jpg?fit=800%2C534&ssl=1\",\"width\":800,\"height\":534},{\"@type\":\"BreadcrumbList\",\"@id\":\"https:\\\/\\\/casadecampoliving.com\\\/es\\\/opera-la-donna-del-lago-marina-casa-de-campo-2\\\/#breadcrumb\",\"itemListElement\":[{\"@type\":\"ListItem\",\"position\":1,\"name\":\"Home\",\"item\":\"https:\\\/\\\/casadecampoliving.com\\\/es\\\/\"},{\"@type\":\"ListItem\",\"position\":2,\"name\":\"Opera La Donna del Lago este s\u00e1bado 21 de marzo en La Marina\"}]},{\"@type\":\"WebSite\",\"@id\":\"https:\\\/\\\/casadecampoliving.com\\\/es\\\/#website\",\"url\":\"https:\\\/\\\/casadecampoliving.com\\\/es\\\/\",\"name\":\"Casa de Campo Living\",\"description\":\"Resort community news and resources.\",\"publisher\":{\"@id\":\"https:\\\/\\\/casadecampoliving.com\\\/es\\\/#organization\"},\"potentialAction\":[{\"@type\":\"SearchAction\",\"target\":{\"@type\":\"EntryPoint\",\"urlTemplate\":\"https:\\\/\\\/casadecampoliving.com\\\/es\\\/?s={search_term_string}\"},\"query-input\":{\"@type\":\"PropertyValueSpecification\",\"valueRequired\":true,\"valueName\":\"search_term_string\"}}],\"inLanguage\":\"es\"},{\"@type\":\"Organization\",\"@id\":\"https:\\\/\\\/casadecampoliving.com\\\/es\\\/#organization\",\"name\":\"Casa de Campo Living\",\"url\":\"https:\\\/\\\/casadecampoliving.com\\\/es\\\/\",\"logo\":{\"@type\":\"ImageObject\",\"inLanguage\":\"es\",\"@id\":\"https:\\\/\\\/casadecampoliving.com\\\/es\\\/#\\\/schema\\\/logo\\\/image\\\/\",\"url\":\"https:\\\/\\\/i0.wp.com\\\/casadecampoliving.com\\\/wp-content\\\/uploads\\\/2022\\\/07\\\/CDCLivingLogo_V1-white-sized.png?fit=800%2C214&ssl=1\",\"contentUrl\":\"https:\\\/\\\/i0.wp.com\\\/casadecampoliving.com\\\/wp-content\\\/uploads\\\/2022\\\/07\\\/CDCLivingLogo_V1-white-sized.png?fit=800%2C214&ssl=1\",\"width\":800,\"height\":214,\"caption\":\"Casa de Campo Living\"},\"image\":{\"@id\":\"https:\\\/\\\/casadecampoliving.com\\\/es\\\/#\\\/schema\\\/logo\\\/image\\\/\"},\"sameAs\":[\"https:\\\/\\\/www.facebook.com\\\/casadecampoliving\",\"https:\\\/\\\/x.com\\\/cdcliving\"]},{\"@type\":\"Person\",\"@id\":\"https:\\\/\\\/casadecampoliving.com\\\/es\\\/#\\\/schema\\\/person\\\/c8efa6049510554b7d5fea078d728f72\",\"name\":\"Perkin Agramonte\",\"image\":{\"@type\":\"ImageObject\",\"inLanguage\":\"es\",\"@id\":\"https:\\\/\\\/secure.gravatar.com\\\/avatar\\\/57bfdafcae55fb83dbb79a1585a9eab7f269b7720fb0b64cb9a4e0cd2962fa10?s=96&d=mm&r=g\",\"url\":\"https:\\\/\\\/secure.gravatar.com\\\/avatar\\\/57bfdafcae55fb83dbb79a1585a9eab7f269b7720fb0b64cb9a4e0cd2962fa10?s=96&d=mm&r=g\",\"contentUrl\":\"https:\\\/\\\/secure.gravatar.com\\\/avatar\\\/57bfdafcae55fb83dbb79a1585a9eab7f269b7720fb0b64cb9a4e0cd2962fa10?s=96&d=mm&r=g\",\"caption\":\"Perkin Agramonte\"},\"url\":\"https:\\\/\\\/casadecampoliving.com\\\/es\\\/author\\\/cagramonte\\\/\"}]}<\/script>\n<!-- \/ Yoast SEO plugin. -->","yoast_head_json":{"title":"Opera La Donna del Lago este s\u00e1bado 21 de marzo en La Marina | Casa de Campo Living","description":"La \u00d3pera Metropolitana, la mayor asociaci\u00f3n de la m\u00fasica cl\u00e1sica en Am\u00e9rica del Norte, con su programa \u201cMetropolitan Opera: Live in HD\u201d, le invita a","robots":{"index":"index","follow":"follow","max-snippet":"max-snippet:-1","max-image-preview":"max-image-preview:large","max-video-preview":"max-video-preview:-1"},"canonical":"https:\/\/casadecampoliving.com\/es\/opera-la-donna-del-lago-marina-casa-de-campo-2\/","og_locale":"es_ES","og_type":"article","og_title":"Opera La Donna del Lago este s\u00e1bado 21 de marzo en La Marina | Casa de Campo Living","og_description":"La \u00d3pera Metropolitana, la mayor asociaci\u00f3n de la m\u00fasica cl\u00e1sica en Am\u00e9rica del Norte, con su programa \u201cMetropolitan Opera: Live in HD\u201d, le invita a","og_url":"https:\/\/casadecampoliving.com\/es\/opera-la-donna-del-lago-marina-casa-de-campo-2\/","og_site_name":"Casa de Campo Living","article_publisher":"https:\/\/www.facebook.com\/casadecampoliving","article_published_time":"2015-03-16T04:00:00+00:00","article_modified_time":"2022-10-21T22:57:41+00:00","og_image":[{"width":800,"height":534,"url":"https:\/\/i0.wp.com\/casadecampoliving.com\/wp-content\/uploads\/2022\/10\/La-Donna-del-Lago1.jpg?fit=800%2C534&ssl=1","type":"image\/jpeg"}],"author":"Perkin Agramonte","twitter_card":"summary_large_image","twitter_creator":"@cdcliving","twitter_site":"@cdcliving","twitter_misc":{"Escrito por":"Perkin Agramonte","Tiempo de lectura":"2 minutos"},"schema":{"@context":"https:\/\/schema.org","@graph":[{"@type":"Article","@id":"https:\/\/casadecampoliving.com\/es\/opera-la-donna-del-lago-marina-casa-de-campo-2\/#article","isPartOf":{"@id":"https:\/\/casadecampoliving.com\/es\/opera-la-donna-del-lago-marina-casa-de-campo-2\/"},"author":{"name":"Perkin Agramonte","@id":"https:\/\/casadecampoliving.com\/es\/#\/schema\/person\/c8efa6049510554b7d5fea078d728f72"},"headline":"Opera La Donna del Lago este s\u00e1bado 21 de marzo en La Marina","datePublished":"2015-03-16T04:00:00+00:00","dateModified":"2022-10-21T22:57:41+00:00","mainEntityOfPage":{"@id":"https:\/\/casadecampoliving.com\/es\/opera-la-donna-del-lago-marina-casa-de-campo-2\/"},"wordCount":319,"publisher":{"@id":"https:\/\/casadecampoliving.com\/es\/#organization"},"image":{"@id":"https:\/\/casadecampoliving.com\/es\/opera-la-donna-del-lago-marina-casa-de-campo-2\/#primaryimage"},"thumbnailUrl":"https:\/\/i0.wp.com\/casadecampoliving.com\/wp-content\/uploads\/2022\/10\/La-Donna-del-Lago1.jpg?fit=800%2C534&ssl=1","keywords":["casa de campo @es","Casa de Campo Community @es","Casa de Campo Living","casa de campo resort @es","Marina Casa de Campo @es"],"articleSection":["Casa de Campo Living @es","CCL presenta","Destacados","Estilo de Vida","Eventos","La Marina Casa de Campo","Noticias Locales","Proximamente","Rep\u00fablica Dominicana @es","Resort Casa de Campo"],"inLanguage":"es"},{"@type":"WebPage","@id":"https:\/\/casadecampoliving.com\/es\/opera-la-donna-del-lago-marina-casa-de-campo-2\/","url":"https:\/\/casadecampoliving.com\/es\/opera-la-donna-del-lago-marina-casa-de-campo-2\/","name":"Opera La Donna del Lago este s\u00e1bado 21 de marzo en La Marina | Casa de Campo Living","isPartOf":{"@id":"https:\/\/casadecampoliving.com\/es\/#website"},"primaryImageOfPage":{"@id":"https:\/\/casadecampoliving.com\/es\/opera-la-donna-del-lago-marina-casa-de-campo-2\/#primaryimage"},"image":{"@id":"https:\/\/casadecampoliving.com\/es\/opera-la-donna-del-lago-marina-casa-de-campo-2\/#primaryimage"},"thumbnailUrl":"https:\/\/i0.wp.com\/casadecampoliving.com\/wp-content\/uploads\/2022\/10\/La-Donna-del-Lago1.jpg?fit=800%2C534&ssl=1","datePublished":"2015-03-16T04:00:00+00:00","dateModified":"2022-10-21T22:57:41+00:00","description":"La \u00d3pera Metropolitana, la mayor asociaci\u00f3n de la m\u00fasica cl\u00e1sica en Am\u00e9rica del Norte, con su programa \u201cMetropolitan Opera: Live in HD\u201d, le invita a","breadcrumb":{"@id":"https:\/\/casadecampoliving.com\/es\/opera-la-donna-del-lago-marina-casa-de-campo-2\/#breadcrumb"},"inLanguage":"es","potentialAction":[{"@type":"ReadAction","target":["https:\/\/casadecampoliving.com\/es\/opera-la-donna-del-lago-marina-casa-de-campo-2\/"]}]},{"@type":"ImageObject","inLanguage":"es","@id":"https:\/\/casadecampoliving.com\/es\/opera-la-donna-del-lago-marina-casa-de-campo-2\/#primaryimage","url":"https:\/\/i0.wp.com\/casadecampoliving.com\/wp-content\/uploads\/2022\/10\/La-Donna-del-Lago1.jpg?fit=800%2C534&ssl=1","contentUrl":"https:\/\/i0.wp.com\/casadecampoliving.com\/wp-content\/uploads\/2022\/10\/La-Donna-del-Lago1.jpg?fit=800%2C534&ssl=1","width":800,"height":534},{"@type":"BreadcrumbList","@id":"https:\/\/casadecampoliving.com\/es\/opera-la-donna-del-lago-marina-casa-de-campo-2\/#breadcrumb","itemListElement":[{"@type":"ListItem","position":1,"name":"Home","item":"https:\/\/casadecampoliving.com\/es\/"},{"@type":"ListItem","position":2,"name":"Opera La Donna del Lago este s\u00e1bado 21 de marzo en La Marina"}]},{"@type":"WebSite","@id":"https:\/\/casadecampoliving.com\/es\/#website","url":"https:\/\/casadecampoliving.com\/es\/","name":"Casa de Campo Living","description":"Resort community news and resources.","publisher":{"@id":"https:\/\/casadecampoliving.com\/es\/#organization"},"potentialAction":[{"@type":"SearchAction","target":{"@type":"EntryPoint","urlTemplate":"https:\/\/casadecampoliving.com\/es\/?s={search_term_string}"},"query-input":{"@type":"PropertyValueSpecification","valueRequired":true,"valueName":"search_term_string"}}],"inLanguage":"es"},{"@type":"Organization","@id":"https:\/\/casadecampoliving.com\/es\/#organization","name":"Casa de Campo Living","url":"https:\/\/casadecampoliving.com\/es\/","logo":{"@type":"ImageObject","inLanguage":"es","@id":"https:\/\/casadecampoliving.com\/es\/#\/schema\/logo\/image\/","url":"https:\/\/i0.wp.com\/casadecampoliving.com\/wp-content\/uploads\/2022\/07\/CDCLivingLogo_V1-white-sized.png?fit=800%2C214&ssl=1","contentUrl":"https:\/\/i0.wp.com\/casadecampoliving.com\/wp-content\/uploads\/2022\/07\/CDCLivingLogo_V1-white-sized.png?fit=800%2C214&ssl=1","width":800,"height":214,"caption":"Casa de Campo Living"},"image":{"@id":"https:\/\/casadecampoliving.com\/es\/#\/schema\/logo\/image\/"},"sameAs":["https:\/\/www.facebook.com\/casadecampoliving","https:\/\/x.com\/cdcliving"]},{"@type":"Person","@id":"https:\/\/casadecampoliving.com\/es\/#\/schema\/person\/c8efa6049510554b7d5fea078d728f72","name":"Perkin Agramonte","image":{"@type":"ImageObject","inLanguage":"es","@id":"https:\/\/secure.gravatar.com\/avatar\/57bfdafcae55fb83dbb79a1585a9eab7f269b7720fb0b64cb9a4e0cd2962fa10?s=96&d=mm&r=g","url":"https:\/\/secure.gravatar.com\/avatar\/57bfdafcae55fb83dbb79a1585a9eab7f269b7720fb0b64cb9a4e0cd2962fa10?s=96&d=mm&r=g","contentUrl":"https:\/\/secure.gravatar.com\/avatar\/57bfdafcae55fb83dbb79a1585a9eab7f269b7720fb0b64cb9a4e0cd2962fa10?s=96&d=mm&r=g","caption":"Perkin Agramonte"},"url":"https:\/\/casadecampoliving.com\/es\/author\/cagramonte\/"}]}},"parsely":{"version":"1.1.0","canonical_url":"https:\/\/casadecampoliving.com\/es\/opera-la-donna-del-lago-marina-casa-de-campo-2\/","smart_links":{"inbound":0,"outbound":0},"traffic_boost_suggestions_count":0,"meta":{"@context":"https:\/\/schema.org","@type":"NewsArticle","headline":"Opera La Donna del Lago este s\u00e1bado 21 de marzo en La Marina","url":"http:\/\/casadecampoliving.com\/es\/opera-la-donna-del-lago-marina-casa-de-campo-2\/","mainEntityOfPage":{"@type":"WebPage","@id":"http:\/\/casadecampoliving.com\/es\/opera-la-donna-del-lago-marina-casa-de-campo-2\/"},"thumbnailUrl":"https:\/\/i0.wp.com\/casadecampoliving.com\/wp-content\/uploads\/2022\/10\/La-Donna-del-Lago1.jpg?resize=150%2C150&ssl=1","image":{"@type":"ImageObject","url":"https:\/\/i0.wp.com\/casadecampoliving.com\/wp-content\/uploads\/2022\/10\/La-Donna-del-Lago1.jpg?fit=800%2C534&ssl=1"},"articleSection":"CCL presenta","author":[{"@type":"Person","name":"Perkin Agramonte"}],"creator":["Perkin Agramonte"],"publisher":{"@type":"Organization","name":"Casa de Campo Living","logo":"https:\/\/casadecampoliving.com\/wp-content\/uploads\/2022\/07\/CDCLivingLogo_V1-white-sized.png"},"keywords":["casa de campo @es","casa de campo community @es","casa de campo living","casa de campo resort @es","marina casa de campo @es"],"dateCreated":"2015-03-16T04:00:00Z","datePublished":"2015-03-16T04:00:00Z","dateModified":"2022-10-21T22:57:41Z"},"rendered":"<script type=\"application\/ld+json\" class=\"wp-parsely-metadata\">{\"@context\":\"https:\\\/\\\/schema.org\",\"@type\":\"NewsArticle\",\"headline\":\"Opera La Donna del Lago este s\\u00e1bado 21 de marzo en La Marina\",\"url\":\"http:\\\/\\\/casadecampoliving.com\\\/es\\\/opera-la-donna-del-lago-marina-casa-de-campo-2\\\/\",\"mainEntityOfPage\":{\"@type\":\"WebPage\",\"@id\":\"http:\\\/\\\/casadecampoliving.com\\\/es\\\/opera-la-donna-del-lago-marina-casa-de-campo-2\\\/\"},\"thumbnailUrl\":\"https:\\\/\\\/i0.wp.com\\\/casadecampoliving.com\\\/wp-content\\\/uploads\\\/2022\\\/10\\\/La-Donna-del-Lago1.jpg?resize=150%2C150&ssl=1\",\"image\":{\"@type\":\"ImageObject\",\"url\":\"https:\\\/\\\/i0.wp.com\\\/casadecampoliving.com\\\/wp-content\\\/uploads\\\/2022\\\/10\\\/La-Donna-del-Lago1.jpg?fit=800%2C534&ssl=1\"},\"articleSection\":\"CCL presenta\",\"author\":[{\"@type\":\"Person\",\"name\":\"Perkin Agramonte\"}],\"creator\":[\"Perkin Agramonte\"],\"publisher\":{\"@type\":\"Organization\",\"name\":\"Casa de Campo Living\",\"logo\":\"https:\\\/\\\/casadecampoliving.com\\\/wp-content\\\/uploads\\\/2022\\\/07\\\/CDCLivingLogo_V1-white-sized.png\"},\"keywords\":[\"casa de campo @es\",\"casa de campo community @es\",\"casa de campo living\",\"casa de campo resort @es\",\"marina casa de campo @es\"],\"dateCreated\":\"2015-03-16T04:00:00Z\",\"datePublished\":\"2015-03-16T04:00:00Z\",\"dateModified\":\"2022-10-21T22:57:41Z\"}<\/script>","tracker_url":"https:\/\/cdn.parsely.com\/keys\/casadecampoliving.com\/p.js"},"jetpack_publicize_connections":[],"jetpack_featured_media_url":"https:\/\/i0.wp.com\/casadecampoliving.com\/wp-content\/uploads\/2022\/10\/La-Donna-del-Lago1.jpg?fit=800%2C534&ssl=1","jetpack-related-posts":[{"id":345926,"url":"https:\/\/casadecampoliving.com\/es\/opera-carmen-este-sabado-en-la-marina-casa-de-campola-opera-metropolitana-la-asociacion-mas-grande-de-la-musica-clasica-en-america-del-norte-con-su-programa-opera-metropolitana-vivo-en-hd-le\/","url_meta":{"origin":346955,"position":0},"title":"\u00d3pera \u00abCarmen\u00bb este s\u00e1bado en la Marina Casa de Campo","author":"Daniela Medina","date":"7 Nov, 2014","format":false,"excerpt":"La \u00d3pera Metropolitana, la asociaci\u00f3n m\u00e1s grande de la m\u00fasica cl\u00e1sica en Am\u00e9rica del Norte, con su programa \u201c\u00d3pera Metropolitana: Vivo en HD\u201d le invita a seguir disfrutando de esta serie con \u201cCarmen\u201d, una composici\u00f3n musical de Georges Bizet, que muestra este s\u00e1bado 8 de noviembre, \u00a1aqu\u00ed en la Marina\u2026","rel":"","context":"En \u00abArte y cultura\u00bb","block_context":{"text":"Arte y cultura","link":"https:\/\/casadecampoliving.com\/category\/arte-y-cultura\/"},"img":{"alt_text":"","src":"https:\/\/i0.wp.com\/casadecampoliving.com\/wp-content\/uploads\/2022\/10\/carmen_met1-1.png?fit=689%2C458&ssl=1&resize=350%2C200","width":350,"height":200,"srcset":"https:\/\/i0.wp.com\/casadecampoliving.com\/wp-content\/uploads\/2022\/10\/carmen_met1-1.png?fit=689%2C458&ssl=1&resize=350%2C200 1x, https:\/\/i0.wp.com\/casadecampoliving.com\/wp-content\/uploads\/2022\/10\/carmen_met1-1.png?fit=689%2C458&ssl=1&resize=525%2C300 1.5x"},"classes":[]},{"id":346752,"url":"https:\/\/casadecampoliving.com\/es\/opera-iolanta-bluebeards-castle-este-sabado-21-de-febrero-en-la-marina\/","url_meta":{"origin":346955,"position":1},"title":"Opera Iolanta \/ Bluebeard\u2019s Castle este s\u00e1bado 21 de febrero en la Marina","author":"Perkin Agramonte","date":"14 Feb, 2015","format":false,"excerpt":"La \u00d3pera Metropolitana, la mayor asociaci\u00f3n de la m\u00fasica cl\u00e1sica en Am\u00e9rica del Norte, con su programa \u201cMetropolitan Opera: Live in HD\u201d, le invita a disfrutar de su sexto show de \u00f3pera \u201cIolanta \/ Bluebeard\u2019s Castle\u201d, una composici\u00f3n musical de B\u00e9la Bart\u00f3k, mostr\u00e1ndose este s\u00e1bado 21 de febrero, \u00a1aqu\u00ed en\u2026","rel":"","context":"En \u00abCasa de Campo Living @es\u00bb","block_context":{"text":"Casa de Campo Living @es","link":"https:\/\/casadecampoliving.com\/category\/casa-de-campo-living-es\/"},"img":{"alt_text":"","src":"https:\/\/i0.wp.com\/casadecampoliving.com\/wp-content\/uploads\/2022\/10\/Iolanta-Bluebeards-Castle-1.jpg?fit=800%2C543&ssl=1&resize=350%2C200","width":350,"height":200,"srcset":"https:\/\/i0.wp.com\/casadecampoliving.com\/wp-content\/uploads\/2022\/10\/Iolanta-Bluebeards-Castle-1.jpg?fit=800%2C543&ssl=1&resize=350%2C200 1x, https:\/\/i0.wp.com\/casadecampoliving.com\/wp-content\/uploads\/2022\/10\/Iolanta-Bluebeards-Castle-1.jpg?fit=800%2C543&ssl=1&resize=525%2C300 1.5x, https:\/\/i0.wp.com\/casadecampoliving.com\/wp-content\/uploads\/2022\/10\/Iolanta-Bluebeards-Castle-1.jpg?fit=800%2C543&ssl=1&resize=700%2C400 2x"},"classes":[]},{"id":345666,"url":"https:\/\/casadecampoliving.com\/es\/la-opera-metropolitana-llega-la-marina-casa-de-campo\/","url_meta":{"origin":346955,"position":2},"title":"La Opera Metropolitana llega a la Marina Casa de Campo","author":"Daniela Medina","date":"17 Oct, 2014","format":false,"excerpt":"La Opera Metropolitana, la mayor asociaci\u00f3n de m\u00fasica cl\u00e1sica en Am\u00e9rica del Norte, con su programa \u201cOpera Metropolitana: Vivo en HD\u201d\u00a0invita a disfrutar de la temporada 2014-2015 \u00a1aqu\u00ed en La Marina Casa de Campo! El programa de la\u00a0\u201cOpera Metropolitana: Vivo en HD\u201d, transmite actuaciones en vivo v\u00eda sat\u00e9lite desde el\u2026","rel":"","context":"En \u00abCasa de Campo Living @es\u00bb","block_context":{"text":"Casa de Campo Living @es","link":"https:\/\/casadecampoliving.com\/category\/casa-de-campo-living-es\/"},"img":{"alt_text":"","src":"https:\/\/i0.wp.com\/casadecampoliving.com\/wp-content\/uploads\/2022\/10\/met_opera_Marina_casa_de_campo_1-1.jpg?fit=650%2C487&ssl=1&resize=350%2C200","width":350,"height":200,"srcset":"https:\/\/i0.wp.com\/casadecampoliving.com\/wp-content\/uploads\/2022\/10\/met_opera_Marina_casa_de_campo_1-1.jpg?fit=650%2C487&ssl=1&resize=350%2C200 1x, https:\/\/i0.wp.com\/casadecampoliving.com\/wp-content\/uploads\/2022\/10\/met_opera_Marina_casa_de_campo_1-1.jpg?fit=650%2C487&ssl=1&resize=525%2C300 1.5x"},"classes":[]},{"id":346683,"url":"https:\/\/casadecampoliving.com\/es\/opera-les-contes-dhoffmann-presentandose-en-la-marina-casa-de-campo\/","url_meta":{"origin":346955,"position":3},"title":"\u00d3pera \u00abLes Contes d&#8217;Hoffmann\u00bb present\u00e1ndose en La Marina Casa de Campo","author":"Perkin Agramonte","date":"6 Feb, 2015","format":false,"excerpt":"La \u00d3pera Metropolitana, la mayor asociaci\u00f3n de la m\u00fasica cl\u00e1sica en Am\u00e9rica del Norte, con su programa \u201cMetropolitan Opera: Live in HD\u201d, le invita a disfrutar de su sexto show de \u00f3pera\u201dLes Contes d\u2019Hoffmann\u201d, una composici\u00f3n musical deJacques Offenbach, mostr\u00e1ndose este s\u00e1bado 7 de febrero, \u00a1aqu\u00ed en la Marina Casa\u2026","rel":"","context":"En \u00abCasa de Campo Living @es\u00bb","block_context":{"text":"Casa de Campo Living @es","link":"https:\/\/casadecampoliving.com\/category\/casa-de-campo-living-es\/"},"img":{"alt_text":"","src":"https:\/\/i0.wp.com\/casadecampoliving.com\/wp-content\/uploads\/2022\/10\/Les-Contes-1.jpg?fit=650%2C465&ssl=1&resize=350%2C200","width":350,"height":200,"srcset":"https:\/\/i0.wp.com\/casadecampoliving.com\/wp-content\/uploads\/2022\/10\/Les-Contes-1.jpg?fit=650%2C465&ssl=1&resize=350%2C200 1x, https:\/\/i0.wp.com\/casadecampoliving.com\/wp-content\/uploads\/2022\/10\/Les-Contes-1.jpg?fit=650%2C465&ssl=1&resize=525%2C300 1.5x"},"classes":[]},{"id":346061,"url":"https:\/\/casadecampoliving.com\/es\/opera-il-barbiere-di-siviglia-este-sabado\/","url_meta":{"origin":346955,"position":4},"title":"Opera \u00abIl Barbiere di Siviglia\u00bb este s\u00e1bado en la Marina","author":"Daniela Medina","date":"24 Nov, 2014","format":false,"excerpt":"La Opera Metropolitana, la mayor asociaci\u00f3n de la m\u00fasica cl\u00e1sica en Am\u00e9rica del Norte, con su programa \u201cMetropolitan Opera: Live in HD\u201d invita a disfrutar de su cuarto show de \u00d3pera \u201cIl Barbiere di Siviglia\u201d, una composici\u00f3n musical de Rossini, mostrando este s\u00e1bado 29 de noviembre, \u00a1aqu\u00ed en la Marina\u2026","rel":"","context":"En \u00abCasa de Campo Living @es\u00bb","block_context":{"text":"Casa de Campo Living @es","link":"https:\/\/casadecampoliving.com\/category\/casa-de-campo-living-es\/"},"img":{"alt_text":"","src":"https:\/\/i0.wp.com\/casadecampoliving.com\/wp-content\/uploads\/2022\/10\/il-barbiere-di-siviglia_muraro-leonard-1.jpg?fit=1000%2C705&ssl=1&resize=350%2C200","width":350,"height":200,"srcset":"https:\/\/i0.wp.com\/casadecampoliving.com\/wp-content\/uploads\/2022\/10\/il-barbiere-di-siviglia_muraro-leonard-1.jpg?fit=1000%2C705&ssl=1&resize=350%2C200 1x, https:\/\/i0.wp.com\/casadecampoliving.com\/wp-content\/uploads\/2022\/10\/il-barbiere-di-siviglia_muraro-leonard-1.jpg?fit=1000%2C705&ssl=1&resize=525%2C300 1.5x, https:\/\/i0.wp.com\/casadecampoliving.com\/wp-content\/uploads\/2022\/10\/il-barbiere-di-siviglia_muraro-leonard-1.jpg?fit=1000%2C705&ssl=1&resize=700%2C400 2x"},"classes":[]},{"id":345770,"url":"https:\/\/casadecampoliving.com\/es\/opera-le-nozze-di-figaro-este-sabado-en\/","url_meta":{"origin":346955,"position":5},"title":"Opera \u00abLe Nozze di Figaro\u00bb este s\u00e1bado en La Marina","author":"Daniela Medina","date":"23 Oct, 2014","format":false,"excerpt":"La Opera Metropolitana, la mayor asociaci\u00f3n de la m\u00fasica cl\u00e1sica en Am\u00e9rica del Norte, con su programa \u201cOpera Metropolitana: En vivo en HD\u201d le invita a disfrutar de su segundo Opera Show \u201cLe Nozze di Figaro\u201d, una composici\u00f3n musical de Mozart, que se proyectar\u00e1 este s\u00e1bado 25 de octubre, \u00a1aqu\u00ed\u2026","rel":"","context":"En \u00abCasa de Campo Living @es\u00bb","block_context":{"text":"Casa de Campo Living @es","link":"https:\/\/casadecampoliving.com\/category\/casa-de-campo-living-es\/"},"img":{"alt_text":"","src":"https:\/\/i0.wp.com\/casadecampoliving.com\/wp-content\/uploads\/2022\/10\/le-nozze-met-2-1.jpg?fit=620%2C372&ssl=1&resize=350%2C200","width":350,"height":200,"srcset":"https:\/\/i0.wp.com\/casadecampoliving.com\/wp-content\/uploads\/2022\/10\/le-nozze-met-2-1.jpg?fit=620%2C372&ssl=1&resize=350%2C200 1x, https:\/\/i0.wp.com\/casadecampoliving.com\/wp-content\/uploads\/2022\/10\/le-nozze-met-2-1.jpg?fit=620%2C372&ssl=1&resize=525%2C300 1.5x"},"classes":[]}],"jetpack_sharing_enabled":true,"_links":{"self":[{"href":"https:\/\/casadecampoliving.com\/es\/wp-json\/wp\/v2\/posts\/346955","targetHints":{"allow":["GET"]}}],"collection":[{"href":"https:\/\/casadecampoliving.com\/es\/wp-json\/wp\/v2\/posts"}],"about":[{"href":"https:\/\/casadecampoliving.com\/es\/wp-json\/wp\/v2\/types\/post"}],"author":[{"embeddable":true,"href":"https:\/\/casadecampoliving.com\/es\/wp-json\/wp\/v2\/users\/1097"}],"replies":[{"embeddable":true,"href":"https:\/\/casadecampoliving.com\/es\/wp-json\/wp\/v2\/comments?post=346955"}],"version-history":[{"count":1,"href":"https:\/\/casadecampoliving.com\/es\/wp-json\/wp\/v2\/posts\/346955\/revisions"}],"predecessor-version":[{"id":346956,"href":"https:\/\/casadecampoliving.com\/es\/wp-json\/wp\/v2\/posts\/346955\/revisions\/346956"}],"wp:featuredmedia":[{"embeddable":true,"href":"https:\/\/casadecampoliving.com\/es\/wp-json\/wp\/v2\/media\/278369"}],"wp:attachment":[{"href":"https:\/\/casadecampoliving.com\/es\/wp-json\/wp\/v2\/media?parent=346955"}],"wp:term":[{"taxonomy":"category","embeddable":true,"href":"https:\/\/casadecampoliving.com\/es\/wp-json\/wp\/v2\/categories?post=346955"},{"taxonomy":"post_tag","embeddable":true,"href":"https:\/\/casadecampoliving.com\/es\/wp-json\/wp\/v2\/tags?post=346955"},{"taxonomy":"newspack_spnsrs_tax","embeddable":true,"href":"https:\/\/casadecampoliving.com\/es\/wp-json\/wp\/v2\/newspack_spnsrs_tax?post=346955"}],"curies":[{"name":"wp","href":"https:\/\/api.w.org\/{rel}","templated":true}]}}