{"id":346951,"date":"2015-03-16T00:00:00","date_gmt":"2015-03-16T04:00:00","guid":{"rendered":"https:\/\/casadecampoliving.com\/veronica-alessandra-lanza-nueva-coleccion-primaveraverano-en-la-marina-casa-de-campo\/"},"modified":"2022-11-10T10:29:31","modified_gmt":"2022-11-10T14:29:31","slug":"veronica-alessandra-lanza-nueva-coleccion-primaveraverano-en-la-marina-casa-de-campo","status":"publish","type":"post","link":"https:\/\/casadecampoliving.com\/es\/veronica-alessandra-lanza-nueva-coleccion-primaveraverano-en-la-marina-casa-de-campo\/","title":{"rendered":"Veronica &#038; Alessandra lanza nueva colecci\u00f3n primavera\/verano en la Marina Casa de Campo"},"content":{"rendered":"<p style=\"text-align: left;\"><img data-recalc-dims=\"1\" loading=\"lazy\" decoding=\"async\" class=\"aligncenter wp-image-109829\" src=\"https:\/\/i0.wp.com\/casadecampoliving.com\/wp-content\/uploads\/2022\/10\/Veronicca__Alessandra_Summer_Collection-1024x600-1.jpg?resize=650%2C381&#038;ssl=1\" alt=\"Veronica Alessandra Spring Summer Collection\" width=\"650\" height=\"381\" \/>Ubicada en la elegante Marina Casa de Campo, Veronica &amp; Alessandra Jewellery Store acaba de lanzar su colecci\u00f3n primavera-vernao<\/p>\n<p style=\"text-align: left;\"><!--more--><img data-recalc-dims=\"1\" loading=\"lazy\" decoding=\"async\" class=\" size-full wp-image-109830 alignright\" src=\"https:\/\/i0.wp.com\/casadecampoliving.com\/wp-content\/uploads\/2022\/10\/veronica_alessandra_Marina_Casa_de_Campo_2-199x300-1.jpg?resize=199%2C300&#038;ssl=1\" alt=\"Veronica Alessandra Spring Summer Collection 2\" width=\"199\" height=\"300\" \/>Conocidos por su gran estilo, sus pendientes (aretes), pulseras y collares no defraudan. \u00a1Aunque de lo que en verdad nos enamoramos fue de su nueva colecci\u00f3n de bolsos!<\/p>\n<p style=\"text-align: left;\">En serio, damas. No pueden pasar esta temporada en Casa de Campo sin una, quiz\u00e1s dos&#8230; tal vez una docena de piezas de esta colecci\u00f3n. En todas las formas, tama\u00f1os y colores. Hay para todos los gustos\u00a0&#8211; pero si en verdad quiere destacarse del mont\u00f3n, le recomendamos escoger una en tono ne\u00f3n.<\/p>\n<p style=\"text-align: left;\">As\u00ed que para aquellos que buscan destacar su estilo esta primavera\/verano en Casa de Campo, como tambi\u00e9n en El evento de moda del a\u00f1o &#8211; la 11va Casa de Campo Copa Semana Santa &#8211; \u00a1No busquen m\u00e1s!<\/p>\n&nbsp;\n<blockquote><strong><img data-recalc-dims=\"1\" loading=\"lazy\" decoding=\"async\" class=\"aligncenter wp-image-109831\" src=\"https:\/\/i0.wp.com\/casadecampoliving.com\/wp-content\/uploads\/2022\/10\/veronica_alessandra_Marina_Casa_de_Campo_1-1024x980-1.jpg?resize=650%2C622&#038;ssl=1\" alt=\"Veronica Alessandra Spring Summer Collection 1\" width=\"650\" height=\"622\" \/>Veronica &amp; Alessandra<\/strong>\n\n<strong>Ubicaci\u00f3n:\u00a0<\/strong>Calle Barlovento, Marina Casa de Campo\n\n<strong>Horarios:<\/strong>\n<ul>\n\t<li>Lunes\u00a0\u2013 Jueves, 10am \u2013 6pm<\/li>\n\t<li>Viernes\u00a0&amp; S\u00e1bado, 10am \u2013 8pm<\/li>\n<\/ul>\n<strong>Contacto:\u00a0<\/strong><a href=\"mailto:veronicayalessandra@gmail.com\" target=\"_blank\" rel=\"noopener\">veronicayalessandra@gmail.com<\/a><\/blockquote>\nLa siguiente imagenes muestran unas cuantas de las hermosas piezas de la nueva colecci\u00f3n en Veronica &amp; Alessandra Jewellery Store en la Marina Casa de Campo:\u00a0<strong>\n<figure class=\"wp-block-gallery has-nested-images columns-default is-cropped wp-block-gallery-1 is-layout-flex wp-block-gallery-is-layout-flex\">\n<figure class=\"wp-block-image size-large\"><img data-recalc-dims=\"1\" loading=\"lazy\" decoding=\"async\" width=\"800\" height=\"533\" data-id=\"427158\" src=\"https:\/\/i0.wp.com\/casadecampoliving.com\/wp-content\/uploads\/2022\/10\/img_0546.jpg?resize=800%2C533&#038;ssl=1\" alt=\"\" class=\"wp-image-427158\" srcset=\"https:\/\/i0.wp.com\/casadecampoliving.com\/wp-content\/uploads\/2022\/10\/img_0546.jpg?w=800&amp;ssl=1 800w, https:\/\/i0.wp.com\/casadecampoliving.com\/wp-content\/uploads\/2022\/10\/img_0546.jpg?resize=300%2C200&amp;ssl=1 300w, https:\/\/i0.wp.com\/casadecampoliving.com\/wp-content\/uploads\/2022\/10\/img_0546.jpg?resize=768%2C512&amp;ssl=1 768w, https:\/\/i0.wp.com\/casadecampoliving.com\/wp-content\/uploads\/2022\/10\/img_0546.jpg?resize=400%2C267&amp;ssl=1 400w, https:\/\/i0.wp.com\/casadecampoliving.com\/wp-content\/uploads\/2022\/10\/img_0546.jpg?resize=706%2C470&amp;ssl=1 706w, https:\/\/i0.wp.com\/casadecampoliving.com\/wp-content\/uploads\/2022\/10\/img_0546.jpg?resize=150%2C100&amp;ssl=1 150w, https:\/\/i0.wp.com\/casadecampoliving.com\/wp-content\/uploads\/2022\/10\/img_0546.jpg?w=370&amp;ssl=1 370w\" sizes=\"auto, (max-width: 800px) 100vw, 800px\" \/><\/figure>\n\n\n\n<figure class=\"wp-block-image size-large\"><img data-recalc-dims=\"1\" loading=\"lazy\" decoding=\"async\" width=\"800\" height=\"533\" data-id=\"427186\" src=\"https:\/\/i0.wp.com\/casadecampoliving.com\/wp-content\/uploads\/2022\/10\/img_0549-4.jpg?resize=800%2C533&#038;ssl=1\" alt=\"\" class=\"wp-image-427186\" srcset=\"https:\/\/i0.wp.com\/casadecampoliving.com\/wp-content\/uploads\/2022\/10\/img_0549-4.jpg?w=800&amp;ssl=1 800w, https:\/\/i0.wp.com\/casadecampoliving.com\/wp-content\/uploads\/2022\/10\/img_0549-4.jpg?resize=300%2C200&amp;ssl=1 300w, https:\/\/i0.wp.com\/casadecampoliving.com\/wp-content\/uploads\/2022\/10\/img_0549-4.jpg?resize=768%2C512&amp;ssl=1 768w, https:\/\/i0.wp.com\/casadecampoliving.com\/wp-content\/uploads\/2022\/10\/img_0549-4.jpg?resize=400%2C267&amp;ssl=1 400w, https:\/\/i0.wp.com\/casadecampoliving.com\/wp-content\/uploads\/2022\/10\/img_0549-4.jpg?resize=706%2C470&amp;ssl=1 706w, https:\/\/i0.wp.com\/casadecampoliving.com\/wp-content\/uploads\/2022\/10\/img_0549-4.jpg?resize=150%2C100&amp;ssl=1 150w, https:\/\/i0.wp.com\/casadecampoliving.com\/wp-content\/uploads\/2022\/10\/img_0549-4.jpg?w=370&amp;ssl=1 370w\" sizes=\"auto, (max-width: 800px) 100vw, 800px\" \/><\/figure>\n\n\n\n<figure class=\"wp-block-image size-large\"><img data-recalc-dims=\"1\" loading=\"lazy\" decoding=\"async\" width=\"533\" height=\"800\" data-id=\"427212\" src=\"https:\/\/i0.wp.com\/casadecampoliving.com\/wp-content\/uploads\/2022\/10\/img_0556-1.jpg?resize=533%2C800&#038;ssl=1\" alt=\"\" class=\"wp-image-427212\" srcset=\"https:\/\/i0.wp.com\/casadecampoliving.com\/wp-content\/uploads\/2022\/10\/img_0556-1.jpg?w=533&amp;ssl=1 533w, https:\/\/i0.wp.com\/casadecampoliving.com\/wp-content\/uploads\/2022\/10\/img_0556-1.jpg?resize=200%2C300&amp;ssl=1 200w, https:\/\/i0.wp.com\/casadecampoliving.com\/wp-content\/uploads\/2022\/10\/img_0556-1.jpg?resize=400%2C600&amp;ssl=1 400w, https:\/\/i0.wp.com\/casadecampoliving.com\/wp-content\/uploads\/2022\/10\/img_0556-1.jpg?resize=150%2C225&amp;ssl=1 150w, https:\/\/i0.wp.com\/casadecampoliving.com\/wp-content\/uploads\/2022\/10\/img_0556-1.jpg?w=370&amp;ssl=1 370w\" sizes=\"auto, (max-width: 533px) 100vw, 533px\" \/><\/figure>\n\n\n\n<figure class=\"wp-block-image size-large\"><img data-recalc-dims=\"1\" loading=\"lazy\" decoding=\"async\" width=\"533\" height=\"800\" data-id=\"427243\" src=\"https:\/\/i0.wp.com\/casadecampoliving.com\/wp-content\/uploads\/2022\/10\/img_0559-2.jpg?resize=533%2C800&#038;ssl=1\" alt=\"\" class=\"wp-image-427243\" srcset=\"https:\/\/i0.wp.com\/casadecampoliving.com\/wp-content\/uploads\/2022\/10\/img_0559-2.jpg?w=533&amp;ssl=1 533w, https:\/\/i0.wp.com\/casadecampoliving.com\/wp-content\/uploads\/2022\/10\/img_0559-2.jpg?resize=200%2C300&amp;ssl=1 200w, https:\/\/i0.wp.com\/casadecampoliving.com\/wp-content\/uploads\/2022\/10\/img_0559-2.jpg?resize=400%2C600&amp;ssl=1 400w, https:\/\/i0.wp.com\/casadecampoliving.com\/wp-content\/uploads\/2022\/10\/img_0559-2.jpg?resize=150%2C225&amp;ssl=1 150w, https:\/\/i0.wp.com\/casadecampoliving.com\/wp-content\/uploads\/2022\/10\/img_0559-2.jpg?w=370&amp;ssl=1 370w\" sizes=\"auto, (max-width: 533px) 100vw, 533px\" \/><\/figure>\n\n\n\n<figure class=\"wp-block-image size-large\"><img data-recalc-dims=\"1\" loading=\"lazy\" decoding=\"async\" width=\"533\" height=\"800\" data-id=\"427257\" src=\"https:\/\/i0.wp.com\/casadecampoliving.com\/wp-content\/uploads\/2022\/10\/img_0563-4.jpg?resize=533%2C800&#038;ssl=1\" alt=\"\" class=\"wp-image-427257\" srcset=\"https:\/\/i0.wp.com\/casadecampoliving.com\/wp-content\/uploads\/2022\/10\/img_0563-4.jpg?w=533&amp;ssl=1 533w, https:\/\/i0.wp.com\/casadecampoliving.com\/wp-content\/uploads\/2022\/10\/img_0563-4.jpg?resize=200%2C300&amp;ssl=1 200w, https:\/\/i0.wp.com\/casadecampoliving.com\/wp-content\/uploads\/2022\/10\/img_0563-4.jpg?resize=400%2C600&amp;ssl=1 400w, https:\/\/i0.wp.com\/casadecampoliving.com\/wp-content\/uploads\/2022\/10\/img_0563-4.jpg?resize=150%2C225&amp;ssl=1 150w, https:\/\/i0.wp.com\/casadecampoliving.com\/wp-content\/uploads\/2022\/10\/img_0563-4.jpg?w=370&amp;ssl=1 370w\" sizes=\"auto, (max-width: 533px) 100vw, 533px\" \/><\/figure>\n\n\n\n<figure class=\"wp-block-image size-large\"><img data-recalc-dims=\"1\" loading=\"lazy\" decoding=\"async\" width=\"533\" height=\"800\" data-id=\"427279\" src=\"https:\/\/i0.wp.com\/casadecampoliving.com\/wp-content\/uploads\/2022\/10\/img_0571-3.jpg?resize=533%2C800&#038;ssl=1\" alt=\"\" class=\"wp-image-427279\" srcset=\"https:\/\/i0.wp.com\/casadecampoliving.com\/wp-content\/uploads\/2022\/10\/img_0571-3.jpg?w=533&amp;ssl=1 533w, https:\/\/i0.wp.com\/casadecampoliving.com\/wp-content\/uploads\/2022\/10\/img_0571-3.jpg?resize=200%2C300&amp;ssl=1 200w, https:\/\/i0.wp.com\/casadecampoliving.com\/wp-content\/uploads\/2022\/10\/img_0571-3.jpg?resize=400%2C600&amp;ssl=1 400w, https:\/\/i0.wp.com\/casadecampoliving.com\/wp-content\/uploads\/2022\/10\/img_0571-3.jpg?resize=150%2C225&amp;ssl=1 150w, https:\/\/i0.wp.com\/casadecampoliving.com\/wp-content\/uploads\/2022\/10\/img_0571-3.jpg?w=370&amp;ssl=1 370w\" sizes=\"auto, (max-width: 533px) 100vw, 533px\" \/><\/figure>\n\n\n\n<figure class=\"wp-block-image size-large\"><img data-recalc-dims=\"1\" loading=\"lazy\" decoding=\"async\" width=\"800\" height=\"533\" data-id=\"427305\" src=\"https:\/\/i0.wp.com\/casadecampoliving.com\/wp-content\/uploads\/2022\/10\/img_0573-1.jpg?resize=800%2C533&#038;ssl=1\" alt=\"\" class=\"wp-image-427305\" srcset=\"https:\/\/i0.wp.com\/casadecampoliving.com\/wp-content\/uploads\/2022\/10\/img_0573-1.jpg?w=800&amp;ssl=1 800w, https:\/\/i0.wp.com\/casadecampoliving.com\/wp-content\/uploads\/2022\/10\/img_0573-1.jpg?resize=300%2C200&amp;ssl=1 300w, https:\/\/i0.wp.com\/casadecampoliving.com\/wp-content\/uploads\/2022\/10\/img_0573-1.jpg?resize=768%2C512&amp;ssl=1 768w, https:\/\/i0.wp.com\/casadecampoliving.com\/wp-content\/uploads\/2022\/10\/img_0573-1.jpg?resize=400%2C267&amp;ssl=1 400w, https:\/\/i0.wp.com\/casadecampoliving.com\/wp-content\/uploads\/2022\/10\/img_0573-1.jpg?resize=706%2C470&amp;ssl=1 706w, https:\/\/i0.wp.com\/casadecampoliving.com\/wp-content\/uploads\/2022\/10\/img_0573-1.jpg?resize=150%2C100&amp;ssl=1 150w, https:\/\/i0.wp.com\/casadecampoliving.com\/wp-content\/uploads\/2022\/10\/img_0573-1.jpg?w=370&amp;ssl=1 370w\" sizes=\"auto, (max-width: 800px) 100vw, 800px\" \/><\/figure>\n\n\n\n<figure class=\"wp-block-image size-large\"><img data-recalc-dims=\"1\" loading=\"lazy\" decoding=\"async\" width=\"800\" height=\"533\" data-id=\"427338\" src=\"https:\/\/i0.wp.com\/casadecampoliving.com\/wp-content\/uploads\/2022\/10\/img_0579.jpg?resize=800%2C533&#038;ssl=1\" alt=\"\" class=\"wp-image-427338\" srcset=\"https:\/\/i0.wp.com\/casadecampoliving.com\/wp-content\/uploads\/2022\/10\/img_0579.jpg?w=800&amp;ssl=1 800w, https:\/\/i0.wp.com\/casadecampoliving.com\/wp-content\/uploads\/2022\/10\/img_0579.jpg?resize=300%2C200&amp;ssl=1 300w, https:\/\/i0.wp.com\/casadecampoliving.com\/wp-content\/uploads\/2022\/10\/img_0579.jpg?resize=768%2C512&amp;ssl=1 768w, https:\/\/i0.wp.com\/casadecampoliving.com\/wp-content\/uploads\/2022\/10\/img_0579.jpg?resize=400%2C267&amp;ssl=1 400w, https:\/\/i0.wp.com\/casadecampoliving.com\/wp-content\/uploads\/2022\/10\/img_0579.jpg?resize=706%2C470&amp;ssl=1 706w, https:\/\/i0.wp.com\/casadecampoliving.com\/wp-content\/uploads\/2022\/10\/img_0579.jpg?resize=150%2C100&amp;ssl=1 150w, https:\/\/i0.wp.com\/casadecampoliving.com\/wp-content\/uploads\/2022\/10\/img_0579.jpg?w=370&amp;ssl=1 370w\" sizes=\"auto, (max-width: 800px) 100vw, 800px\" \/><\/figure>\n\n\n\n<figure class=\"wp-block-image size-large\"><img data-recalc-dims=\"1\" loading=\"lazy\" decoding=\"async\" width=\"533\" height=\"800\" data-id=\"427362\" src=\"https:\/\/i0.wp.com\/casadecampoliving.com\/wp-content\/uploads\/2022\/10\/img_0585-2.jpg?resize=533%2C800&#038;ssl=1\" alt=\"\" class=\"wp-image-427362\" srcset=\"https:\/\/i0.wp.com\/casadecampoliving.com\/wp-content\/uploads\/2022\/10\/img_0585-2.jpg?w=533&amp;ssl=1 533w, https:\/\/i0.wp.com\/casadecampoliving.com\/wp-content\/uploads\/2022\/10\/img_0585-2.jpg?resize=200%2C300&amp;ssl=1 200w, https:\/\/i0.wp.com\/casadecampoliving.com\/wp-content\/uploads\/2022\/10\/img_0585-2.jpg?resize=400%2C600&amp;ssl=1 400w, https:\/\/i0.wp.com\/casadecampoliving.com\/wp-content\/uploads\/2022\/10\/img_0585-2.jpg?resize=150%2C225&amp;ssl=1 150w, https:\/\/i0.wp.com\/casadecampoliving.com\/wp-content\/uploads\/2022\/10\/img_0585-2.jpg?w=370&amp;ssl=1 370w\" sizes=\"auto, (max-width: 533px) 100vw, 533px\" \/><\/figure>\n\n\n\n<figure class=\"wp-block-image size-large\"><img data-recalc-dims=\"1\" loading=\"lazy\" decoding=\"async\" width=\"800\" height=\"533\" data-id=\"427394\" src=\"https:\/\/i0.wp.com\/casadecampoliving.com\/wp-content\/uploads\/2022\/10\/img_0588.jpg?resize=800%2C533&#038;ssl=1\" alt=\"\" class=\"wp-image-427394\" srcset=\"https:\/\/i0.wp.com\/casadecampoliving.com\/wp-content\/uploads\/2022\/10\/img_0588.jpg?w=800&amp;ssl=1 800w, https:\/\/i0.wp.com\/casadecampoliving.com\/wp-content\/uploads\/2022\/10\/img_0588.jpg?resize=300%2C200&amp;ssl=1 300w, https:\/\/i0.wp.com\/casadecampoliving.com\/wp-content\/uploads\/2022\/10\/img_0588.jpg?resize=768%2C512&amp;ssl=1 768w, https:\/\/i0.wp.com\/casadecampoliving.com\/wp-content\/uploads\/2022\/10\/img_0588.jpg?resize=400%2C267&amp;ssl=1 400w, https:\/\/i0.wp.com\/casadecampoliving.com\/wp-content\/uploads\/2022\/10\/img_0588.jpg?resize=706%2C470&amp;ssl=1 706w, https:\/\/i0.wp.com\/casadecampoliving.com\/wp-content\/uploads\/2022\/10\/img_0588.jpg?resize=150%2C100&amp;ssl=1 150w, https:\/\/i0.wp.com\/casadecampoliving.com\/wp-content\/uploads\/2022\/10\/img_0588.jpg?w=370&amp;ssl=1 370w\" sizes=\"auto, (max-width: 800px) 100vw, 800px\" \/><\/figure>\n\n\n\n<figure class=\"wp-block-image size-large\"><img data-recalc-dims=\"1\" loading=\"lazy\" decoding=\"async\" width=\"533\" height=\"800\" data-id=\"427412\" src=\"https:\/\/i0.wp.com\/casadecampoliving.com\/wp-content\/uploads\/2022\/10\/img_0590-1.jpg?resize=533%2C800&#038;ssl=1\" alt=\"\" class=\"wp-image-427412\" srcset=\"https:\/\/i0.wp.com\/casadecampoliving.com\/wp-content\/uploads\/2022\/10\/img_0590-1.jpg?w=533&amp;ssl=1 533w, https:\/\/i0.wp.com\/casadecampoliving.com\/wp-content\/uploads\/2022\/10\/img_0590-1.jpg?resize=200%2C300&amp;ssl=1 200w, https:\/\/i0.wp.com\/casadecampoliving.com\/wp-content\/uploads\/2022\/10\/img_0590-1.jpg?resize=400%2C600&amp;ssl=1 400w, https:\/\/i0.wp.com\/casadecampoliving.com\/wp-content\/uploads\/2022\/10\/img_0590-1.jpg?resize=150%2C225&amp;ssl=1 150w, https:\/\/i0.wp.com\/casadecampoliving.com\/wp-content\/uploads\/2022\/10\/img_0590-1.jpg?w=370&amp;ssl=1 370w\" sizes=\"auto, (max-width: 533px) 100vw, 533px\" \/><\/figure>\n\n\n\n<figure class=\"wp-block-image size-large\"><img data-recalc-dims=\"1\" loading=\"lazy\" decoding=\"async\" width=\"800\" height=\"533\" data-id=\"427438\" src=\"https:\/\/i0.wp.com\/casadecampoliving.com\/wp-content\/uploads\/2022\/10\/img_0593-2.jpg?resize=800%2C533&#038;ssl=1\" alt=\"\" class=\"wp-image-427438\" srcset=\"https:\/\/i0.wp.com\/casadecampoliving.com\/wp-content\/uploads\/2022\/10\/img_0593-2.jpg?w=800&amp;ssl=1 800w, https:\/\/i0.wp.com\/casadecampoliving.com\/wp-content\/uploads\/2022\/10\/img_0593-2.jpg?resize=300%2C200&amp;ssl=1 300w, https:\/\/i0.wp.com\/casadecampoliving.com\/wp-content\/uploads\/2022\/10\/img_0593-2.jpg?resize=768%2C512&amp;ssl=1 768w, https:\/\/i0.wp.com\/casadecampoliving.com\/wp-content\/uploads\/2022\/10\/img_0593-2.jpg?resize=400%2C267&amp;ssl=1 400w, https:\/\/i0.wp.com\/casadecampoliving.com\/wp-content\/uploads\/2022\/10\/img_0593-2.jpg?resize=706%2C470&amp;ssl=1 706w, https:\/\/i0.wp.com\/casadecampoliving.com\/wp-content\/uploads\/2022\/10\/img_0593-2.jpg?resize=150%2C100&amp;ssl=1 150w, https:\/\/i0.wp.com\/casadecampoliving.com\/wp-content\/uploads\/2022\/10\/img_0593-2.jpg?w=370&amp;ssl=1 370w\" sizes=\"auto, (max-width: 800px) 100vw, 800px\" \/><\/figure>\n\n\n\n<figure class=\"wp-block-image size-large\"><img data-recalc-dims=\"1\" loading=\"lazy\" decoding=\"async\" width=\"800\" height=\"533\" data-id=\"427463\" src=\"https:\/\/i0.wp.com\/casadecampoliving.com\/wp-content\/uploads\/2022\/10\/img_0595-2.jpg?resize=800%2C533&#038;ssl=1\" alt=\"\" class=\"wp-image-427463\" srcset=\"https:\/\/i0.wp.com\/casadecampoliving.com\/wp-content\/uploads\/2022\/10\/img_0595-2.jpg?w=800&amp;ssl=1 800w, https:\/\/i0.wp.com\/casadecampoliving.com\/wp-content\/uploads\/2022\/10\/img_0595-2.jpg?resize=300%2C200&amp;ssl=1 300w, https:\/\/i0.wp.com\/casadecampoliving.com\/wp-content\/uploads\/2022\/10\/img_0595-2.jpg?resize=768%2C512&amp;ssl=1 768w, https:\/\/i0.wp.com\/casadecampoliving.com\/wp-content\/uploads\/2022\/10\/img_0595-2.jpg?resize=400%2C267&amp;ssl=1 400w, https:\/\/i0.wp.com\/casadecampoliving.com\/wp-content\/uploads\/2022\/10\/img_0595-2.jpg?resize=706%2C470&amp;ssl=1 706w, https:\/\/i0.wp.com\/casadecampoliving.com\/wp-content\/uploads\/2022\/10\/img_0595-2.jpg?resize=150%2C100&amp;ssl=1 150w, https:\/\/i0.wp.com\/casadecampoliving.com\/wp-content\/uploads\/2022\/10\/img_0595-2.jpg?w=370&amp;ssl=1 370w\" sizes=\"auto, (max-width: 800px) 100vw, 800px\" \/><\/figure>\n\n\n\n<figure class=\"wp-block-image size-large\"><img data-recalc-dims=\"1\" loading=\"lazy\" decoding=\"async\" width=\"533\" height=\"800\" data-id=\"427493\" src=\"https:\/\/i0.wp.com\/casadecampoliving.com\/wp-content\/uploads\/2022\/10\/img_0606-3.jpg?resize=533%2C800&#038;ssl=1\" alt=\"\" class=\"wp-image-427493\" srcset=\"https:\/\/i0.wp.com\/casadecampoliving.com\/wp-content\/uploads\/2022\/10\/img_0606-3.jpg?w=533&amp;ssl=1 533w, https:\/\/i0.wp.com\/casadecampoliving.com\/wp-content\/uploads\/2022\/10\/img_0606-3.jpg?resize=200%2C300&amp;ssl=1 200w, https:\/\/i0.wp.com\/casadecampoliving.com\/wp-content\/uploads\/2022\/10\/img_0606-3.jpg?resize=400%2C600&amp;ssl=1 400w, https:\/\/i0.wp.com\/casadecampoliving.com\/wp-content\/uploads\/2022\/10\/img_0606-3.jpg?resize=150%2C225&amp;ssl=1 150w, https:\/\/i0.wp.com\/casadecampoliving.com\/wp-content\/uploads\/2022\/10\/img_0606-3.jpg?w=370&amp;ssl=1 370w\" sizes=\"auto, (max-width: 533px) 100vw, 533px\" \/><\/figure>\n\n\n\n<figure class=\"wp-block-image size-large\"><img data-recalc-dims=\"1\" loading=\"lazy\" decoding=\"async\" width=\"800\" height=\"533\" data-id=\"427528\" src=\"https:\/\/i0.wp.com\/casadecampoliving.com\/wp-content\/uploads\/2022\/10\/img_0614-2.jpg?resize=800%2C533&#038;ssl=1\" alt=\"\" class=\"wp-image-427528\" srcset=\"https:\/\/i0.wp.com\/casadecampoliving.com\/wp-content\/uploads\/2022\/10\/img_0614-2.jpg?w=800&amp;ssl=1 800w, https:\/\/i0.wp.com\/casadecampoliving.com\/wp-content\/uploads\/2022\/10\/img_0614-2.jpg?resize=300%2C200&amp;ssl=1 300w, https:\/\/i0.wp.com\/casadecampoliving.com\/wp-content\/uploads\/2022\/10\/img_0614-2.jpg?resize=768%2C512&amp;ssl=1 768w, https:\/\/i0.wp.com\/casadecampoliving.com\/wp-content\/uploads\/2022\/10\/img_0614-2.jpg?resize=400%2C267&amp;ssl=1 400w, https:\/\/i0.wp.com\/casadecampoliving.com\/wp-content\/uploads\/2022\/10\/img_0614-2.jpg?resize=706%2C470&amp;ssl=1 706w, https:\/\/i0.wp.com\/casadecampoliving.com\/wp-content\/uploads\/2022\/10\/img_0614-2.jpg?resize=150%2C100&amp;ssl=1 150w, https:\/\/i0.wp.com\/casadecampoliving.com\/wp-content\/uploads\/2022\/10\/img_0614-2.jpg?w=370&amp;ssl=1 370w\" sizes=\"auto, (max-width: 800px) 100vw, 800px\" \/><\/figure>\n<\/figure>\n<\/strong>","protected":false},"excerpt":{"rendered":"<p>Ubicada en la elegante Marina Casa de Campo, Veronica &amp; Alessandra Jewellery Store acaba de lanzar su colecci\u00f3n primavera-vernao<\/p>\n","protected":false},"author":31,"featured_media":283392,"comment_status":"closed","ping_status":"closed","sticky":false,"template":"","format":"standard","meta":{"newspack_ads_suppress_ads":false,"newspack_popups_has_disabled_popups":false,"newspack_sponsor_sponsorship_scope":"","newspack_sponsor_native_byline_display":"inherit","newspack_sponsor_native_category_display":"inherit","newspack_sponsor_underwriter_style":"inherit","newspack_sponsor_underwriter_placement":"inherit","_newspack_byline_active":false,"_newspack_byline":"","newspack_hide_updated_date":false,"newspack_show_updated_date":false,"newspack_content_restriction_is_exempt":false,"newspack_featured_image_position":"","newspack_post_subtitle":"","newspack_article_summary_title":"Overview:","newspack_article_summary":"","_jetpack_memberships_contains_paid_content":false,"footnotes":"","jetpack_publicize_message":"","jetpack_publicize_feature_enabled":true,"jetpack_social_post_already_shared":false,"jetpack_social_options":{"image_generator_settings":{"template":"highway","default_image_id":0,"font":"","enabled":false},"version":2},"_wpas_customize_per_network":false},"categories":[26823,2523,26581,14631,14625,2530],"tags":[12184,2721,4452,3573,3229,6318,11301,23760,9469],"newspack_spnsrs_tax":[],"class_list":["post-346951","post","type-post","status-publish","format-standard","has-post-thumbnail","hentry","category-arte-y-cultura","category-moda-es","category-la-marina-casa-de-campo","category-estilo-de-vida","category-noticias-locales","category-compras-es","tag-coleccion","tag-compras","tag-joyeria","tag-marina-casa-de-campo-es","tag-moda","tag-primavera","tag-ropa","tag-spring-es","tag-verano","entry"],"yoast_head":"<!-- This site is optimized with the Yoast SEO plugin v27.5 - https:\/\/yoast.com\/product\/yoast-seo-wordpress\/ -->\n<title>Veronica &amp; Alessandra lanza nueva colecci\u00f3n primavera\/verano en la Marina Casa de Campo | Casa de Campo Living<\/title>\n<meta name=\"description\" content=\"Ubicada en la elegante Marina Casa de Campo, Veronica &amp; Alessandra Jewellery Store acaba de lanzar su colecci\u00f3n primavera-vernao Conocidos por su gran\" \/>\n<meta name=\"robots\" content=\"index, follow, max-snippet:-1, max-image-preview:large, max-video-preview:-1\" \/>\n<link rel=\"canonical\" href=\"https:\/\/casadecampoliving.com\/es\/veronica-alessandra-lanza-nueva-coleccion-primaveraverano-en-la-marina-casa-de-campo\/\" \/>\n<meta property=\"og:locale\" content=\"es_ES\" \/>\n<meta property=\"og:type\" content=\"article\" \/>\n<meta property=\"og:title\" content=\"Veronica &amp; Alessandra lanza nueva colecci\u00f3n primavera\/verano en la Marina Casa de Campo | Casa de Campo Living\" \/>\n<meta property=\"og:description\" content=\"Ubicada en la elegante Marina Casa de Campo, Veronica &amp; Alessandra Jewellery Store acaba de lanzar su colecci\u00f3n primavera-vernao Conocidos por su gran\" \/>\n<meta property=\"og:url\" content=\"https:\/\/casadecampoliving.com\/es\/veronica-alessandra-lanza-nueva-coleccion-primaveraverano-en-la-marina-casa-de-campo\/\" \/>\n<meta property=\"og:site_name\" content=\"Casa de Campo Living\" \/>\n<meta property=\"article:publisher\" content=\"https:\/\/www.facebook.com\/casadecampoliving\" \/>\n<meta property=\"article:published_time\" content=\"2015-03-16T04:00:00+00:00\" \/>\n<meta property=\"article:modified_time\" content=\"2022-11-10T14:29:31+00:00\" \/>\n<meta property=\"og:image\" content=\"https:\/\/i0.wp.com\/casadecampoliving.com\/wp-content\/uploads\/2022\/10\/Veronicca__Alessandra_Summer_Collection-1024x600-2.jpg?fit=1024%2C600&ssl=1\" \/>\n\t<meta property=\"og:image:width\" content=\"1024\" \/>\n\t<meta property=\"og:image:height\" content=\"600\" \/>\n\t<meta property=\"og:image:type\" content=\"image\/jpeg\" \/>\n<meta name=\"author\" content=\"Rebecca Silvestri\" \/>\n<meta name=\"twitter:card\" content=\"summary_large_image\" \/>\n<meta name=\"twitter:creator\" content=\"@cdcliving\" \/>\n<meta name=\"twitter:site\" content=\"@cdcliving\" \/>\n<meta name=\"twitter:label1\" content=\"Escrito por\" \/>\n\t<meta name=\"twitter:data1\" content=\"Rebecca Silvestri\" \/>\n\t<meta name=\"twitter:label2\" content=\"Tiempo de lectura\" \/>\n\t<meta name=\"twitter:data2\" content=\"1 minuto\" \/>\n<script type=\"application\/ld+json\" class=\"yoast-schema-graph\">{\"@context\":\"https:\\\/\\\/schema.org\",\"@graph\":[{\"@type\":\"Article\",\"@id\":\"https:\\\/\\\/casadecampoliving.com\\\/es\\\/veronica-alessandra-lanza-nueva-coleccion-primaveraverano-en-la-marina-casa-de-campo\\\/#article\",\"isPartOf\":{\"@id\":\"https:\\\/\\\/casadecampoliving.com\\\/es\\\/veronica-alessandra-lanza-nueva-coleccion-primaveraverano-en-la-marina-casa-de-campo\\\/\"},\"author\":{\"name\":\"Rebecca Silvestri\",\"@id\":\"https:\\\/\\\/casadecampoliving.com\\\/es\\\/#\\\/schema\\\/person\\\/2b2208f3175fa8761e25b272e096d718\"},\"headline\":\"Veronica &#038; Alessandra lanza nueva colecci\u00f3n primavera\\\/verano en la Marina Casa de Campo\",\"datePublished\":\"2015-03-16T04:00:00+00:00\",\"dateModified\":\"2022-11-10T14:29:31+00:00\",\"mainEntityOfPage\":{\"@id\":\"https:\\\/\\\/casadecampoliving.com\\\/es\\\/veronica-alessandra-lanza-nueva-coleccion-primaveraverano-en-la-marina-casa-de-campo\\\/\"},\"wordCount\":216,\"publisher\":{\"@id\":\"https:\\\/\\\/casadecampoliving.com\\\/es\\\/#organization\"},\"image\":{\"@id\":\"https:\\\/\\\/casadecampoliving.com\\\/es\\\/veronica-alessandra-lanza-nueva-coleccion-primaveraverano-en-la-marina-casa-de-campo\\\/#primaryimage\"},\"thumbnailUrl\":\"https:\\\/\\\/i0.wp.com\\\/casadecampoliving.com\\\/wp-content\\\/uploads\\\/2022\\\/10\\\/Veronicca__Alessandra_Summer_Collection-1024x600-2.jpg?fit=1024%2C600&ssl=1\",\"keywords\":[\"Colecci\u00f3n\",\"compras\",\"joyeria\",\"Marina Casa de Campo @es\",\"moda\",\"primavera\",\"ropa\",\"Spring\",\"Verano\"],\"articleSection\":[\"Arte y cultura\",\"Moda\",\"La Marina Casa de Campo\",\"Estilo de Vida\",\"Noticias Locales\",\"Compras\"],\"inLanguage\":\"es\"},{\"@type\":\"WebPage\",\"@id\":\"https:\\\/\\\/casadecampoliving.com\\\/es\\\/veronica-alessandra-lanza-nueva-coleccion-primaveraverano-en-la-marina-casa-de-campo\\\/\",\"url\":\"https:\\\/\\\/casadecampoliving.com\\\/es\\\/veronica-alessandra-lanza-nueva-coleccion-primaveraverano-en-la-marina-casa-de-campo\\\/\",\"name\":\"Veronica & Alessandra lanza nueva colecci\u00f3n primavera\\\/verano en la Marina Casa de Campo | Casa de Campo Living\",\"isPartOf\":{\"@id\":\"https:\\\/\\\/casadecampoliving.com\\\/es\\\/#website\"},\"primaryImageOfPage\":{\"@id\":\"https:\\\/\\\/casadecampoliving.com\\\/es\\\/veronica-alessandra-lanza-nueva-coleccion-primaveraverano-en-la-marina-casa-de-campo\\\/#primaryimage\"},\"image\":{\"@id\":\"https:\\\/\\\/casadecampoliving.com\\\/es\\\/veronica-alessandra-lanza-nueva-coleccion-primaveraverano-en-la-marina-casa-de-campo\\\/#primaryimage\"},\"thumbnailUrl\":\"https:\\\/\\\/i0.wp.com\\\/casadecampoliving.com\\\/wp-content\\\/uploads\\\/2022\\\/10\\\/Veronicca__Alessandra_Summer_Collection-1024x600-2.jpg?fit=1024%2C600&ssl=1\",\"datePublished\":\"2015-03-16T04:00:00+00:00\",\"dateModified\":\"2022-11-10T14:29:31+00:00\",\"description\":\"Ubicada en la elegante Marina Casa de Campo, Veronica &amp; Alessandra Jewellery Store acaba de lanzar su colecci\u00f3n primavera-vernao Conocidos por su gran\",\"breadcrumb\":{\"@id\":\"https:\\\/\\\/casadecampoliving.com\\\/es\\\/veronica-alessandra-lanza-nueva-coleccion-primaveraverano-en-la-marina-casa-de-campo\\\/#breadcrumb\"},\"inLanguage\":\"es\",\"potentialAction\":[{\"@type\":\"ReadAction\",\"target\":[\"https:\\\/\\\/casadecampoliving.com\\\/es\\\/veronica-alessandra-lanza-nueva-coleccion-primaveraverano-en-la-marina-casa-de-campo\\\/\"]}]},{\"@type\":\"ImageObject\",\"inLanguage\":\"es\",\"@id\":\"https:\\\/\\\/casadecampoliving.com\\\/es\\\/veronica-alessandra-lanza-nueva-coleccion-primaveraverano-en-la-marina-casa-de-campo\\\/#primaryimage\",\"url\":\"https:\\\/\\\/i0.wp.com\\\/casadecampoliving.com\\\/wp-content\\\/uploads\\\/2022\\\/10\\\/Veronicca__Alessandra_Summer_Collection-1024x600-2.jpg?fit=1024%2C600&ssl=1\",\"contentUrl\":\"https:\\\/\\\/i0.wp.com\\\/casadecampoliving.com\\\/wp-content\\\/uploads\\\/2022\\\/10\\\/Veronicca__Alessandra_Summer_Collection-1024x600-2.jpg?fit=1024%2C600&ssl=1\",\"width\":1024,\"height\":600,\"caption\":\"Veronica Alessandra Spring Summer Collection\"},{\"@type\":\"BreadcrumbList\",\"@id\":\"https:\\\/\\\/casadecampoliving.com\\\/es\\\/veronica-alessandra-lanza-nueva-coleccion-primaveraverano-en-la-marina-casa-de-campo\\\/#breadcrumb\",\"itemListElement\":[{\"@type\":\"ListItem\",\"position\":1,\"name\":\"Home\",\"item\":\"https:\\\/\\\/casadecampoliving.com\\\/es\\\/\"},{\"@type\":\"ListItem\",\"position\":2,\"name\":\"Veronica &#038; Alessandra lanza nueva colecci\u00f3n primavera\\\/verano en la Marina Casa de Campo\"}]},{\"@type\":\"WebSite\",\"@id\":\"https:\\\/\\\/casadecampoliving.com\\\/es\\\/#website\",\"url\":\"https:\\\/\\\/casadecampoliving.com\\\/es\\\/\",\"name\":\"Casa de Campo Living\",\"description\":\"Resort community news and resources.\",\"publisher\":{\"@id\":\"https:\\\/\\\/casadecampoliving.com\\\/es\\\/#organization\"},\"potentialAction\":[{\"@type\":\"SearchAction\",\"target\":{\"@type\":\"EntryPoint\",\"urlTemplate\":\"https:\\\/\\\/casadecampoliving.com\\\/es\\\/?s={search_term_string}\"},\"query-input\":{\"@type\":\"PropertyValueSpecification\",\"valueRequired\":true,\"valueName\":\"search_term_string\"}}],\"inLanguage\":\"es\"},{\"@type\":\"Organization\",\"@id\":\"https:\\\/\\\/casadecampoliving.com\\\/es\\\/#organization\",\"name\":\"Casa de Campo Living\",\"url\":\"https:\\\/\\\/casadecampoliving.com\\\/es\\\/\",\"logo\":{\"@type\":\"ImageObject\",\"inLanguage\":\"es\",\"@id\":\"https:\\\/\\\/casadecampoliving.com\\\/es\\\/#\\\/schema\\\/logo\\\/image\\\/\",\"url\":\"https:\\\/\\\/i0.wp.com\\\/casadecampoliving.com\\\/wp-content\\\/uploads\\\/2022\\\/07\\\/CDCLivingLogo_V1-white-sized.png?fit=800%2C214&ssl=1\",\"contentUrl\":\"https:\\\/\\\/i0.wp.com\\\/casadecampoliving.com\\\/wp-content\\\/uploads\\\/2022\\\/07\\\/CDCLivingLogo_V1-white-sized.png?fit=800%2C214&ssl=1\",\"width\":800,\"height\":214,\"caption\":\"Casa de Campo Living\"},\"image\":{\"@id\":\"https:\\\/\\\/casadecampoliving.com\\\/es\\\/#\\\/schema\\\/logo\\\/image\\\/\"},\"sameAs\":[\"https:\\\/\\\/www.facebook.com\\\/casadecampoliving\",\"https:\\\/\\\/x.com\\\/cdcliving\"]},{\"@type\":\"Person\",\"@id\":\"https:\\\/\\\/casadecampoliving.com\\\/es\\\/#\\\/schema\\\/person\\\/2b2208f3175fa8761e25b272e096d718\",\"name\":\"Rebecca Silvestri\",\"image\":{\"@type\":\"ImageObject\",\"inLanguage\":\"es\",\"@id\":\"https:\\\/\\\/secure.gravatar.com\\\/avatar\\\/2d937fd6c1769fb718dbf8dce9e82bf5f89e97bd028f9b3ea10b931dc7df95c6?s=96&d=mm&r=g\",\"url\":\"https:\\\/\\\/secure.gravatar.com\\\/avatar\\\/2d937fd6c1769fb718dbf8dce9e82bf5f89e97bd028f9b3ea10b931dc7df95c6?s=96&d=mm&r=g\",\"contentUrl\":\"https:\\\/\\\/secure.gravatar.com\\\/avatar\\\/2d937fd6c1769fb718dbf8dce9e82bf5f89e97bd028f9b3ea10b931dc7df95c6?s=96&d=mm&r=g\",\"caption\":\"Rebecca Silvestri\"},\"url\":\"https:\\\/\\\/casadecampoliving.com\\\/es\\\/author\\\/madamehuge\\\/\"}]}<\/script>\n<!-- \/ Yoast SEO plugin. -->","yoast_head_json":{"title":"Veronica & Alessandra lanza nueva colecci\u00f3n primavera\/verano en la Marina Casa de Campo | Casa de Campo Living","description":"Ubicada en la elegante Marina Casa de Campo, Veronica &amp; Alessandra Jewellery Store acaba de lanzar su colecci\u00f3n primavera-vernao Conocidos por su gran","robots":{"index":"index","follow":"follow","max-snippet":"max-snippet:-1","max-image-preview":"max-image-preview:large","max-video-preview":"max-video-preview:-1"},"canonical":"https:\/\/casadecampoliving.com\/es\/veronica-alessandra-lanza-nueva-coleccion-primaveraverano-en-la-marina-casa-de-campo\/","og_locale":"es_ES","og_type":"article","og_title":"Veronica & Alessandra lanza nueva colecci\u00f3n primavera\/verano en la Marina Casa de Campo | Casa de Campo Living","og_description":"Ubicada en la elegante Marina Casa de Campo, Veronica &amp; Alessandra Jewellery Store acaba de lanzar su colecci\u00f3n primavera-vernao Conocidos por su gran","og_url":"https:\/\/casadecampoliving.com\/es\/veronica-alessandra-lanza-nueva-coleccion-primaveraverano-en-la-marina-casa-de-campo\/","og_site_name":"Casa de Campo Living","article_publisher":"https:\/\/www.facebook.com\/casadecampoliving","article_published_time":"2015-03-16T04:00:00+00:00","article_modified_time":"2022-11-10T14:29:31+00:00","og_image":[{"width":1024,"height":600,"url":"https:\/\/i0.wp.com\/casadecampoliving.com\/wp-content\/uploads\/2022\/10\/Veronicca__Alessandra_Summer_Collection-1024x600-2.jpg?fit=1024%2C600&ssl=1","type":"image\/jpeg"}],"author":"Rebecca Silvestri","twitter_card":"summary_large_image","twitter_creator":"@cdcliving","twitter_site":"@cdcliving","twitter_misc":{"Escrito por":"Rebecca Silvestri","Tiempo de lectura":"1 minuto"},"schema":{"@context":"https:\/\/schema.org","@graph":[{"@type":"Article","@id":"https:\/\/casadecampoliving.com\/es\/veronica-alessandra-lanza-nueva-coleccion-primaveraverano-en-la-marina-casa-de-campo\/#article","isPartOf":{"@id":"https:\/\/casadecampoliving.com\/es\/veronica-alessandra-lanza-nueva-coleccion-primaveraverano-en-la-marina-casa-de-campo\/"},"author":{"name":"Rebecca Silvestri","@id":"https:\/\/casadecampoliving.com\/es\/#\/schema\/person\/2b2208f3175fa8761e25b272e096d718"},"headline":"Veronica &#038; Alessandra lanza nueva colecci\u00f3n primavera\/verano en la Marina Casa de Campo","datePublished":"2015-03-16T04:00:00+00:00","dateModified":"2022-11-10T14:29:31+00:00","mainEntityOfPage":{"@id":"https:\/\/casadecampoliving.com\/es\/veronica-alessandra-lanza-nueva-coleccion-primaveraverano-en-la-marina-casa-de-campo\/"},"wordCount":216,"publisher":{"@id":"https:\/\/casadecampoliving.com\/es\/#organization"},"image":{"@id":"https:\/\/casadecampoliving.com\/es\/veronica-alessandra-lanza-nueva-coleccion-primaveraverano-en-la-marina-casa-de-campo\/#primaryimage"},"thumbnailUrl":"https:\/\/i0.wp.com\/casadecampoliving.com\/wp-content\/uploads\/2022\/10\/Veronicca__Alessandra_Summer_Collection-1024x600-2.jpg?fit=1024%2C600&ssl=1","keywords":["Colecci\u00f3n","compras","joyeria","Marina Casa de Campo @es","moda","primavera","ropa","Spring","Verano"],"articleSection":["Arte y cultura","Moda","La Marina Casa de Campo","Estilo de Vida","Noticias Locales","Compras"],"inLanguage":"es"},{"@type":"WebPage","@id":"https:\/\/casadecampoliving.com\/es\/veronica-alessandra-lanza-nueva-coleccion-primaveraverano-en-la-marina-casa-de-campo\/","url":"https:\/\/casadecampoliving.com\/es\/veronica-alessandra-lanza-nueva-coleccion-primaveraverano-en-la-marina-casa-de-campo\/","name":"Veronica & Alessandra lanza nueva colecci\u00f3n primavera\/verano en la Marina Casa de Campo | Casa de Campo Living","isPartOf":{"@id":"https:\/\/casadecampoliving.com\/es\/#website"},"primaryImageOfPage":{"@id":"https:\/\/casadecampoliving.com\/es\/veronica-alessandra-lanza-nueva-coleccion-primaveraverano-en-la-marina-casa-de-campo\/#primaryimage"},"image":{"@id":"https:\/\/casadecampoliving.com\/es\/veronica-alessandra-lanza-nueva-coleccion-primaveraverano-en-la-marina-casa-de-campo\/#primaryimage"},"thumbnailUrl":"https:\/\/i0.wp.com\/casadecampoliving.com\/wp-content\/uploads\/2022\/10\/Veronicca__Alessandra_Summer_Collection-1024x600-2.jpg?fit=1024%2C600&ssl=1","datePublished":"2015-03-16T04:00:00+00:00","dateModified":"2022-11-10T14:29:31+00:00","description":"Ubicada en la elegante Marina Casa de Campo, Veronica &amp; Alessandra Jewellery Store acaba de lanzar su colecci\u00f3n primavera-vernao Conocidos por su gran","breadcrumb":{"@id":"https:\/\/casadecampoliving.com\/es\/veronica-alessandra-lanza-nueva-coleccion-primaveraverano-en-la-marina-casa-de-campo\/#breadcrumb"},"inLanguage":"es","potentialAction":[{"@type":"ReadAction","target":["https:\/\/casadecampoliving.com\/es\/veronica-alessandra-lanza-nueva-coleccion-primaveraverano-en-la-marina-casa-de-campo\/"]}]},{"@type":"ImageObject","inLanguage":"es","@id":"https:\/\/casadecampoliving.com\/es\/veronica-alessandra-lanza-nueva-coleccion-primaveraverano-en-la-marina-casa-de-campo\/#primaryimage","url":"https:\/\/i0.wp.com\/casadecampoliving.com\/wp-content\/uploads\/2022\/10\/Veronicca__Alessandra_Summer_Collection-1024x600-2.jpg?fit=1024%2C600&ssl=1","contentUrl":"https:\/\/i0.wp.com\/casadecampoliving.com\/wp-content\/uploads\/2022\/10\/Veronicca__Alessandra_Summer_Collection-1024x600-2.jpg?fit=1024%2C600&ssl=1","width":1024,"height":600,"caption":"Veronica Alessandra Spring Summer Collection"},{"@type":"BreadcrumbList","@id":"https:\/\/casadecampoliving.com\/es\/veronica-alessandra-lanza-nueva-coleccion-primaveraverano-en-la-marina-casa-de-campo\/#breadcrumb","itemListElement":[{"@type":"ListItem","position":1,"name":"Home","item":"https:\/\/casadecampoliving.com\/es\/"},{"@type":"ListItem","position":2,"name":"Veronica &#038; Alessandra lanza nueva colecci\u00f3n primavera\/verano en la Marina Casa de Campo"}]},{"@type":"WebSite","@id":"https:\/\/casadecampoliving.com\/es\/#website","url":"https:\/\/casadecampoliving.com\/es\/","name":"Casa de Campo Living","description":"Resort community news and resources.","publisher":{"@id":"https:\/\/casadecampoliving.com\/es\/#organization"},"potentialAction":[{"@type":"SearchAction","target":{"@type":"EntryPoint","urlTemplate":"https:\/\/casadecampoliving.com\/es\/?s={search_term_string}"},"query-input":{"@type":"PropertyValueSpecification","valueRequired":true,"valueName":"search_term_string"}}],"inLanguage":"es"},{"@type":"Organization","@id":"https:\/\/casadecampoliving.com\/es\/#organization","name":"Casa de Campo Living","url":"https:\/\/casadecampoliving.com\/es\/","logo":{"@type":"ImageObject","inLanguage":"es","@id":"https:\/\/casadecampoliving.com\/es\/#\/schema\/logo\/image\/","url":"https:\/\/i0.wp.com\/casadecampoliving.com\/wp-content\/uploads\/2022\/07\/CDCLivingLogo_V1-white-sized.png?fit=800%2C214&ssl=1","contentUrl":"https:\/\/i0.wp.com\/casadecampoliving.com\/wp-content\/uploads\/2022\/07\/CDCLivingLogo_V1-white-sized.png?fit=800%2C214&ssl=1","width":800,"height":214,"caption":"Casa de Campo Living"},"image":{"@id":"https:\/\/casadecampoliving.com\/es\/#\/schema\/logo\/image\/"},"sameAs":["https:\/\/www.facebook.com\/casadecampoliving","https:\/\/x.com\/cdcliving"]},{"@type":"Person","@id":"https:\/\/casadecampoliving.com\/es\/#\/schema\/person\/2b2208f3175fa8761e25b272e096d718","name":"Rebecca Silvestri","image":{"@type":"ImageObject","inLanguage":"es","@id":"https:\/\/secure.gravatar.com\/avatar\/2d937fd6c1769fb718dbf8dce9e82bf5f89e97bd028f9b3ea10b931dc7df95c6?s=96&d=mm&r=g","url":"https:\/\/secure.gravatar.com\/avatar\/2d937fd6c1769fb718dbf8dce9e82bf5f89e97bd028f9b3ea10b931dc7df95c6?s=96&d=mm&r=g","contentUrl":"https:\/\/secure.gravatar.com\/avatar\/2d937fd6c1769fb718dbf8dce9e82bf5f89e97bd028f9b3ea10b931dc7df95c6?s=96&d=mm&r=g","caption":"Rebecca Silvestri"},"url":"https:\/\/casadecampoliving.com\/es\/author\/madamehuge\/"}]}},"parsely":{"version":"1.1.0","canonical_url":"https:\/\/casadecampoliving.com\/es\/veronica-alessandra-lanza-nueva-coleccion-primaveraverano-en-la-marina-casa-de-campo\/","smart_links":{"inbound":0,"outbound":0},"traffic_boost_suggestions_count":0,"meta":{"@context":"https:\/\/schema.org","@type":"NewsArticle","headline":"Veronica &#038; Alessandra lanza nueva colecci\u00f3n primavera\/verano en la Marina Casa de Campo","url":"http:\/\/casadecampoliving.com\/es\/veronica-alessandra-lanza-nueva-coleccion-primaveraverano-en-la-marina-casa-de-campo\/","mainEntityOfPage":{"@type":"WebPage","@id":"http:\/\/casadecampoliving.com\/es\/veronica-alessandra-lanza-nueva-coleccion-primaveraverano-en-la-marina-casa-de-campo\/"},"thumbnailUrl":"https:\/\/i0.wp.com\/casadecampoliving.com\/wp-content\/uploads\/2022\/10\/Veronicca__Alessandra_Summer_Collection-1024x600-2.jpg?resize=150%2C150&ssl=1","image":{"@type":"ImageObject","url":"https:\/\/i0.wp.com\/casadecampoliving.com\/wp-content\/uploads\/2022\/10\/Veronicca__Alessandra_Summer_Collection-1024x600-2.jpg?fit=1024%2C600&ssl=1"},"articleSection":"Arte y cultura","author":[{"@type":"Person","name":"Rebecca Silvestri"}],"creator":["Rebecca Silvestri"],"publisher":{"@type":"Organization","name":"Casa de Campo Living","logo":"https:\/\/casadecampoliving.com\/wp-content\/uploads\/2022\/07\/CDCLivingLogo_V1-white-sized.png"},"keywords":["colecci\u00f3n","compras","joyeria","marina casa de campo @es","moda","primavera","ropa","spring","verano"],"dateCreated":"2015-03-16T04:00:00Z","datePublished":"2015-03-16T04:00:00Z","dateModified":"2022-11-10T14:29:31Z"},"rendered":"<script type=\"application\/ld+json\" class=\"wp-parsely-metadata\">{\"@context\":\"https:\\\/\\\/schema.org\",\"@type\":\"NewsArticle\",\"headline\":\"Veronica &#038; Alessandra lanza nueva colecci\\u00f3n primavera\\\/verano en la Marina Casa de Campo\",\"url\":\"http:\\\/\\\/casadecampoliving.com\\\/es\\\/veronica-alessandra-lanza-nueva-coleccion-primaveraverano-en-la-marina-casa-de-campo\\\/\",\"mainEntityOfPage\":{\"@type\":\"WebPage\",\"@id\":\"http:\\\/\\\/casadecampoliving.com\\\/es\\\/veronica-alessandra-lanza-nueva-coleccion-primaveraverano-en-la-marina-casa-de-campo\\\/\"},\"thumbnailUrl\":\"https:\\\/\\\/i0.wp.com\\\/casadecampoliving.com\\\/wp-content\\\/uploads\\\/2022\\\/10\\\/Veronicca__Alessandra_Summer_Collection-1024x600-2.jpg?resize=150%2C150&ssl=1\",\"image\":{\"@type\":\"ImageObject\",\"url\":\"https:\\\/\\\/i0.wp.com\\\/casadecampoliving.com\\\/wp-content\\\/uploads\\\/2022\\\/10\\\/Veronicca__Alessandra_Summer_Collection-1024x600-2.jpg?fit=1024%2C600&ssl=1\"},\"articleSection\":\"Arte y cultura\",\"author\":[{\"@type\":\"Person\",\"name\":\"Rebecca Silvestri\"}],\"creator\":[\"Rebecca Silvestri\"],\"publisher\":{\"@type\":\"Organization\",\"name\":\"Casa de Campo Living\",\"logo\":\"https:\\\/\\\/casadecampoliving.com\\\/wp-content\\\/uploads\\\/2022\\\/07\\\/CDCLivingLogo_V1-white-sized.png\"},\"keywords\":[\"colecci\\u00f3n\",\"compras\",\"joyeria\",\"marina casa de campo @es\",\"moda\",\"primavera\",\"ropa\",\"spring\",\"verano\"],\"dateCreated\":\"2015-03-16T04:00:00Z\",\"datePublished\":\"2015-03-16T04:00:00Z\",\"dateModified\":\"2022-11-10T14:29:31Z\"}<\/script>","tracker_url":"https:\/\/cdn.parsely.com\/keys\/casadecampoliving.com\/p.js"},"jetpack_publicize_connections":[],"jetpack_featured_media_url":"https:\/\/i0.wp.com\/casadecampoliving.com\/wp-content\/uploads\/2022\/10\/Veronicca__Alessandra_Summer_Collection-1024x600-2.jpg?fit=1024%2C600&ssl=1","jetpack-related-posts":[{"id":351172,"url":"https:\/\/casadecampoliving.com\/es\/llegan-la-nueva-coleccion-de-verano-de-veronica-alessandra\/","url_meta":{"origin":346951,"position":0},"title":"\u00a1Llega a La Marina la nueva colecci\u00f3n de verano de Veronica &#038; Alessandra!","author":"Heather Lincoln","date":"20 Feb, 2017","format":false,"excerpt":"Dentro de unas pocas semanas, los turistas estar\u00e1n llegando a Casa de Campo para Semana Santa 2017. Una semana llena de sol, arena, fiestas, y el gran concierto de J.Lo, y estamos seguros de que usted querr\u00e1 lucir hermosos estilos a la moda durante este verano. Veronica & Alessandra tiene\u2026","rel":"","context":"En \u00abModa\u00bb","block_context":{"text":"Moda","link":"https:\/\/casadecampoliving.com\/es\/category\/moda-es\/"},"img":{"alt_text":"Veronica & Alessandra","src":"https:\/\/i0.wp.com\/casadecampoliving.com\/wp-content\/uploads\/2022\/10\/VA_summer07-e1487605913592.png?fit=1000%2C600&ssl=1&resize=350%2C200","width":350,"height":200,"srcset":"https:\/\/i0.wp.com\/casadecampoliving.com\/wp-content\/uploads\/2022\/10\/VA_summer07-e1487605913592.png?fit=1000%2C600&ssl=1&resize=350%2C200 1x, https:\/\/i0.wp.com\/casadecampoliving.com\/wp-content\/uploads\/2022\/10\/VA_summer07-e1487605913592.png?fit=1000%2C600&ssl=1&resize=525%2C300 1.5x, https:\/\/i0.wp.com\/casadecampoliving.com\/wp-content\/uploads\/2022\/10\/VA_summer07-e1487605913592.png?fit=1000%2C600&ssl=1&resize=700%2C400 2x"},"classes":[]},{"id":351385,"url":"https:\/\/casadecampoliving.com\/es\/nueva-coleccion-de-trajes-de-bano-de-veronica-alessandra\/","url_meta":{"origin":346951,"position":1},"title":"Conozca la nueva colecci\u00f3n de trajes de ba\u00f1o de Veronica &#038; Alessandra","author":"Heather Lincoln","date":"17 Abr, 2017","format":false,"excerpt":"A medida que los d\u00edas se ponen m\u00e1s calurosos y las visitas de playa m\u00e1s frecuentes, el cambio de su armario a ropa de playa es tanto una necesidad como una expresi\u00f3n de estilo. \u00a1Veronica & Alessandra en la Marina Casa de Campo ahora tiene una nueva colecci\u00f3n de trajes\u2026","rel":"","context":"En \u00abModa\u00bb","block_context":{"text":"Moda","link":"https:\/\/casadecampoliving.com\/es\/category\/moda-es\/"},"img":{"alt_text":"Vanessa & Alessandra new collection","src":"https:\/\/i0.wp.com\/casadecampoliving.com\/wp-content\/uploads\/2022\/10\/VA_collection12-e1492439009990.jpeg?fit=1000%2C667&ssl=1&resize=350%2C200","width":350,"height":200,"srcset":"https:\/\/i0.wp.com\/casadecampoliving.com\/wp-content\/uploads\/2022\/10\/VA_collection12-e1492439009990.jpeg?fit=1000%2C667&ssl=1&resize=350%2C200 1x, https:\/\/i0.wp.com\/casadecampoliving.com\/wp-content\/uploads\/2022\/10\/VA_collection12-e1492439009990.jpeg?fit=1000%2C667&ssl=1&resize=525%2C300 1.5x, https:\/\/i0.wp.com\/casadecampoliving.com\/wp-content\/uploads\/2022\/10\/VA_collection12-e1492439009990.jpeg?fit=1000%2C667&ssl=1&resize=700%2C400 2x"},"classes":[]},{"id":346287,"url":"https:\/\/casadecampoliving.com\/es\/veronica-y-alessandra\/","url_meta":{"origin":346951,"position":2},"title":"Osos&#8230; \u00a1y joyas! Fiesta de lanzamiento en Veronica y Alessandra","author":"Daniela Medina","date":"19 Dic, 2014","format":false,"excerpt":"El pasado viernes 12 de diciembre fue un d\u00eda \u00a1muy ocupado aqu\u00ed en Casa de Campo! Despu\u00e9s del Caf\u00e9 de la Leche y antes de que salt\u00e1ramos a la exhibici\u00f3n de arte de colectiv@ 5 , nos metimos en la joyer\u00eda Ver\u00f3nica y Alessandra donde estaban celebrando la llegada de\u2026","rel":"","context":"En \u00abArte y cultura\u00bb","block_context":{"text":"Arte y cultura","link":"https:\/\/casadecampoliving.com\/category\/arte-y-cultura\/"},"img":{"alt_text":"tienda, Marina Casa de Campo","src":"https:\/\/i0.wp.com\/casadecampoliving.com\/wp-content\/uploads\/2022\/10\/tienda_Marina_Casa_de_Campo-1-scaled.jpg?fit=1200%2C800&ssl=1&resize=350%2C200","width":350,"height":200,"srcset":"https:\/\/i0.wp.com\/casadecampoliving.com\/wp-content\/uploads\/2022\/10\/tienda_Marina_Casa_de_Campo-1-scaled.jpg?fit=1200%2C800&ssl=1&resize=350%2C200 1x, https:\/\/i0.wp.com\/casadecampoliving.com\/wp-content\/uploads\/2022\/10\/tienda_Marina_Casa_de_Campo-1-scaled.jpg?fit=1200%2C800&ssl=1&resize=525%2C300 1.5x, https:\/\/i0.wp.com\/casadecampoliving.com\/wp-content\/uploads\/2022\/10\/tienda_Marina_Casa_de_Campo-1-scaled.jpg?fit=1200%2C800&ssl=1&resize=700%2C400 2x, https:\/\/i0.wp.com\/casadecampoliving.com\/wp-content\/uploads\/2022\/10\/tienda_Marina_Casa_de_Campo-1-scaled.jpg?fit=1200%2C800&ssl=1&resize=1050%2C600 3x"},"classes":[]},{"id":345304,"url":"https:\/\/casadecampoliving.com\/es\/new-jewelry-store-marina\/","url_meta":{"origin":346951,"position":3},"title":"\u00a1Nueva joyer\u00eda en la Marina!","author":"Maria Isabel B\u00e1ez","date":"13 Sep, 2014","format":false,"excerpt":"Si existe algo que las Damas de Casa de Campo aman, \u00a1es joyer\u00eda \u00fanica! Por eso afirmamos que la nueva joyer\u00eda Veronica y Alessandra, \u00a1ser\u00e1 un gran \u00e9xito! La due\u00f1a de Villa, Martha Veronica comenz\u00f3 su sue\u00f1o de ser dise\u00f1adora de joyas a principios de este a\u00f1o, un sue\u00f1o que\u2026","rel":"","context":"En \u00abbusinesses\u00bb","block_context":{"text":"businesses","link":"https:\/\/casadecampoliving.com\/es\/category\/businesses\/"},"img":{"alt_text":"Veronica y Alessandra","src":"https:\/\/i0.wp.com\/casadecampoliving.com\/wp-content\/uploads\/2022\/10\/i-dLdQZCC-L-1.jpg?fit=800%2C534&ssl=1&resize=350%2C200","width":350,"height":200,"srcset":"https:\/\/i0.wp.com\/casadecampoliving.com\/wp-content\/uploads\/2022\/10\/i-dLdQZCC-L-1.jpg?fit=800%2C534&ssl=1&resize=350%2C200 1x, https:\/\/i0.wp.com\/casadecampoliving.com\/wp-content\/uploads\/2022\/10\/i-dLdQZCC-L-1.jpg?fit=800%2C534&ssl=1&resize=525%2C300 1.5x, https:\/\/i0.wp.com\/casadecampoliving.com\/wp-content\/uploads\/2022\/10\/i-dLdQZCC-L-1.jpg?fit=800%2C534&ssl=1&resize=700%2C400 2x"},"classes":[]},{"id":347452,"url":"https:\/\/casadecampoliving.com\/es\/veronica-y-alessandra-le-invitan-a-una-fiesta-de-te\/","url_meta":{"origin":346951,"position":4},"title":"Veronica y Alessandra le invitan a una Fiesta de T\u00e9","author":"Felix Guerrero","date":"28 May, 2015","format":false,"excerpt":"\u00a1Este viernes 29\u00a0de mayo, la boutique y tienda de joyer\u00eda, Veronica y Alessandra en la Marina Casa de Campe le\u00a0invita a una Fiesta de T\u00e9 en honor al\u00a0D\u00eda de las Madres! Veronica y Alessandra\u00a0crea hermosa bisuter\u00eda en brillantes, atrevidos colores y estilos\u2026 Y en esta ocasi\u00f3n le\u00a0invitan a conocer su\u2026","rel":"","context":"En \u00abDestacados\u00bb","block_context":{"text":"Destacados","link":"https:\/\/casadecampoliving.com\/es\/category\/destacados\/"},"img":{"alt_text":"Veronica y Alessandra Header","src":"https:\/\/i0.wp.com\/casadecampoliving.com\/wp-content\/uploads\/2022\/10\/Veronica_y_Alessandra-1.png?fit=650%2C450&ssl=1&resize=350%2C200","width":350,"height":200,"srcset":"https:\/\/i0.wp.com\/casadecampoliving.com\/wp-content\/uploads\/2022\/10\/Veronica_y_Alessandra-1.png?fit=650%2C450&ssl=1&resize=350%2C200 1x, https:\/\/i0.wp.com\/casadecampoliving.com\/wp-content\/uploads\/2022\/10\/Veronica_y_Alessandra-1.png?fit=650%2C450&ssl=1&resize=525%2C300 1.5x"},"classes":[]},{"id":346231,"url":"https:\/\/casadecampoliving.com\/es\/fiesta-de-lanzamiento-en-joyeria-veronica-y-alessandra\/","url_meta":{"origin":346951,"position":5},"title":"Fiesta de lanzamiento en joyer\u00eda \u00abVeronica y Alessandra\u00bb","author":"Daniela Medina","date":"10 Dic, 2014","format":false,"excerpt":"Joyer\u00eda Boutique \u201cVeronica y Alessandra\u201d cordialmente le invita a un c\u00f3ctel para celebrar el lanzamiento de su \u00faltima colecci\u00f3n. \u201cVeronica y Alessandra\u201d es propiedad de la due\u00f1a de villa de Casa de Campo, Martha Ver\u00f3nica, quien realmente dise\u00f1a todas las piezas ella misma. \u201cVeronica y Alessandra es un nuevo concepto\u2026","rel":"","context":"En \u00abArte y cultura\u00bb","block_context":{"text":"Arte y cultura","link":"https:\/\/casadecampoliving.com\/category\/arte-y-cultura\/"},"img":{"alt_text":"Veronica y Alessandra","src":"https:\/\/i0.wp.com\/casadecampoliving.com\/wp-content\/uploads\/2022\/10\/veronica_y_Alessandra-1.jpg?fit=650%2C499&ssl=1&resize=350%2C200","width":350,"height":200,"srcset":"https:\/\/i0.wp.com\/casadecampoliving.com\/wp-content\/uploads\/2022\/10\/veronica_y_Alessandra-1.jpg?fit=650%2C499&ssl=1&resize=350%2C200 1x, https:\/\/i0.wp.com\/casadecampoliving.com\/wp-content\/uploads\/2022\/10\/veronica_y_Alessandra-1.jpg?fit=650%2C499&ssl=1&resize=525%2C300 1.5x"},"classes":[]}],"jetpack_sharing_enabled":true,"_links":{"self":[{"href":"https:\/\/casadecampoliving.com\/es\/wp-json\/wp\/v2\/posts\/346951","targetHints":{"allow":["GET"]}}],"collection":[{"href":"https:\/\/casadecampoliving.com\/es\/wp-json\/wp\/v2\/posts"}],"about":[{"href":"https:\/\/casadecampoliving.com\/es\/wp-json\/wp\/v2\/types\/post"}],"author":[{"embeddable":true,"href":"https:\/\/casadecampoliving.com\/es\/wp-json\/wp\/v2\/users\/31"}],"replies":[{"embeddable":true,"href":"https:\/\/casadecampoliving.com\/es\/wp-json\/wp\/v2\/comments?post=346951"}],"version-history":[{"count":2,"href":"https:\/\/casadecampoliving.com\/es\/wp-json\/wp\/v2\/posts\/346951\/revisions"}],"predecessor-version":[{"id":506357,"href":"https:\/\/casadecampoliving.com\/es\/wp-json\/wp\/v2\/posts\/346951\/revisions\/506357"}],"wp:featuredmedia":[{"embeddable":true,"href":"https:\/\/casadecampoliving.com\/es\/wp-json\/wp\/v2\/media\/283392"}],"wp:attachment":[{"href":"https:\/\/casadecampoliving.com\/es\/wp-json\/wp\/v2\/media?parent=346951"}],"wp:term":[{"taxonomy":"category","embeddable":true,"href":"https:\/\/casadecampoliving.com\/es\/wp-json\/wp\/v2\/categories?post=346951"},{"taxonomy":"post_tag","embeddable":true,"href":"https:\/\/casadecampoliving.com\/es\/wp-json\/wp\/v2\/tags?post=346951"},{"taxonomy":"newspack_spnsrs_tax","embeddable":true,"href":"https:\/\/casadecampoliving.com\/es\/wp-json\/wp\/v2\/newspack_spnsrs_tax?post=346951"}],"curies":[{"name":"wp","href":"https:\/\/api.w.org\/{rel}","templated":true}]}}