{"id":346927,"date":"2015-03-12T00:00:00","date_gmt":"2015-03-12T04:00:00","guid":{"rendered":"https:\/\/casadecampoliving.com\/casa-de-campo-presente-en-itb-berlin-2015\/"},"modified":"2022-10-21T18:56:37","modified_gmt":"2022-10-21T22:56:37","slug":"casa-de-campo-presente-en-itb-berlin-2015","status":"publish","type":"post","link":"https:\/\/casadecampoliving.com\/es\/casa-de-campo-presente-en-itb-berlin-2015\/","title":{"rendered":"Casa de Campo presente en ITB Berlin 2015"},"content":{"rendered":"<div class=\"wp-block-image\">\n<figure class=\"aligncenter is-resized\"><img loading=\"lazy\" decoding=\"async\" src=\"https:\/\/i0.wp.com\/casadecampoliving.com\/wp-content\/uploads\/2022\/10\/Leandro_Cruz_VP_Sales-1.png?resize=650%2C360&amp;ssl=1\" alt=\"Leandro_Cruz_VP_Sales\" class=\"wp-image-109759\" height=\"360\" width=\"650\"\/><\/figure>\n<\/div>\n\n\n<p>El \u201cLeading Travel Trade Show\u201d, ITB Berlin se llev\u00f3 a cabo la semana pasada del 4 al 8 de marzo, y nuestro querido resort Casa de Campo se destac\u00f3 entre los m\u00e1s de 10,000 exhibidores de m\u00e1s de 180 pa\u00edses y de los 5 continentes.<\/p>\n\n\n<div class=\"wp-block-image\">\n<figure class=\"alignright is-resized\"><img loading=\"lazy\" decoding=\"async\" src=\"https:\/\/i0.wp.com\/casadecampoliving.com\/wp-content\/uploads\/2022\/10\/Teeth_of_the_Dog_Casa_de_Campo.jpg?resize=300%2C450&amp;ssl=1\" alt=\"Teeth of the Dog, Casa de Campo\" class=\"wp-image-91073\" height=\"450\" width=\"300\"\/><\/figure>\n<\/div>\n\n\n<!--more-->\n\n\n\n<p>Casa de Campo fue representado por Leandro Cruz, Casa de Campo, Vicepresidente de Ventas y Marga Balaguer, Directora de Ventas. En una entrevista durante el evento (video completo m\u00e1s abajo), Leandro describe Casa de Campo como un <em><strong>\u201ccomplejo de 7.000 hect\u00e1reas, con villas y habitaciones, tenemos el inventario m\u00e1s grande de habitaciones y villas en el Caribe y tal vez en el mundo, lo cual es perfecto para las familias o familias extensas que viajan juntos, tambi\u00e9n tenemos 277 habitaciones y suites y el hotel es muy singular en el hecho de nuestra oferta deportiva, con campos de polo, centro de tiro, 3 campos de golf incre\u00edbles, incluyendo el Teeth of the Dog&nbsp;que est\u00e1 en el top 10 en el mundo, una hermosa playa y una gran Marina\u201d.<\/strong><\/em><\/p>\n\n\n\n<p>La ITB Berl\u00edn 2015, es una de las ferias m\u00e1s importantes del mundo en la industria del turismo y viajes, en la que se presentan todas las novedades y tendencias del sector, este a\u00f1o cont\u00f3 con la participaci\u00f3n de 189 paises, 10,147 profesionales de la industria, 5,700 periodistas y miles de visitantes.<\/p>\n\n\n\n<p>La comitiva dominicana estuvo encabezada por el Ministro de Turismo Francisco Javier Garcia, y como ya le habiamos mencionado una representaci\u00f3n del resort Casa de Campo estuvo all\u00ed reuni\u00e9ndose con tour operadores, agencias, lineas a\u00e9reas y medios de prensa, &nbsp;agotando agendas de presentaciones entrevistas y mucho m\u00e1s con la finalidad de aumentar la visita de turistas alemanes en nuestro Resort. Especialmente con la agencia Tui, el tour operador m\u00e1s grande de Europa y Dertour.<\/p>\n\n\n\n<p>Durante la feria se promovi\u00f3 a Casa de Campo, como uno de los resorts m\u00e1s exclusivos de la Rep\u00fablica Dominicana y el Caribe, el cual ofrece una amplia gama de deportes, tales como; polo, golf, tennis, tiro y sus impresionantes facilidades deportivas encabezadas por el Teeth of the Dog, campo de golf #1 del Caribe.<\/p>\n\n\n\n<p>Y con Euro Wings acabando de anunciar un vuelo semanal directo dos veces al Aeropuerto Internacionala Casa de Campo \u2013 La Romana desde Cologn a partir de oto\u00f1o, parece que tenemos que empezar a practicar las habilidades alemanas. <em><strong>&nbsp;\u00a1<\/strong><b>Auf Wiedersehen<\/b>!&nbsp;<\/em><\/p>\n\n\n<div class=\"wp-block-image\">\n<figure class=\"aligncenter is-resized\"><img loading=\"lazy\" decoding=\"async\" src=\"https:\/\/i0.wp.com\/casadecampoliving.com\/wp-content\/uploads\/2022\/10\/Casa_de_Campo_aerial1-1.jpg?resize=650%2C322&amp;ssl=1\" alt=\"Casa de Campo aerial\" class=\"wp-image-109154\" height=\"322\" width=\"650\"\/><\/figure>\n<\/div>\n\n\n<p><strong>\u00a1Casa de Campo desde el aire!<\/strong><br>\n<\/p>\n\n\n\n<p>A continuaci\u00f3n la entrevista que se le realiz\u00f3 a Leandro Cruz, VP Sales del resort Casa de Campo:<br>\n<iframe loading=\"lazy\" src=\"https:\/\/www.youtube.com\/embed\/owoTrQX8Sxw\" width=\"640\" height=\"360\" frameborder=\"0\" allowfullscreen=\"allowfullscreen\"><\/iframe><\/p>\n","protected":false},"excerpt":{"rendered":"<p>El \u201cLeading Travel Trade Show\u201d, ITB Berlin se llev\u00f3 a cabo la semana pasada del 4 al 8 de marzo, y nuestro querido resort Casa de Campo se destac\u00f3 entre los m\u00e1s de 10,000 exhibidores de m\u00e1s de 180 pa\u00edses y de los 5 continentes.<\/p>\n","protected":false},"author":1097,"featured_media":282461,"comment_status":"closed","ping_status":"closed","sticky":false,"template":"","format":"standard","meta":{"newspack_ads_suppress_ads":false,"newspack_popups_has_disabled_popups":false,"newspack_sponsor_sponsorship_scope":"","newspack_sponsor_native_byline_display":"inherit","newspack_sponsor_native_category_display":"inherit","newspack_sponsor_underwriter_style":"inherit","newspack_sponsor_underwriter_placement":"inherit","_newspack_byline_active":false,"_newspack_byline":"","newspack_hide_updated_date":false,"newspack_show_updated_date":false,"newspack_content_restriction_is_exempt":false,"newspack_featured_image_position":"","newspack_post_subtitle":"","newspack_article_summary_title":"Overview:","newspack_article_summary":"","_jetpack_memberships_contains_paid_content":false,"footnotes":"","jetpack_publicize_message":"","jetpack_publicize_feature_enabled":true,"jetpack_social_post_already_shared":false,"jetpack_social_options":{"image_generator_settings":{"template":"highway","default_image_id":0,"font":"","enabled":false},"version":2},"_wpas_customize_per_network":false},"categories":[26936,26951,2524,14631,2522,26581,2506,14625,14627,2521,26822],"tags":[3626,8094,24387,6371],"newspack_spnsrs_tax":[],"class_list":["post-346927","post","type-post","status-publish","format-standard","has-post-thumbnail","hentry","category-casa-de-campo-living-es","category-ccl-presenta","category-destacados","category-estilo-de-vida","category-eventos-es","category-la-marina-casa-de-campo","category-mas-alla-de-casa-es","category-noticias-locales","category-proximamente","category-republica-dominicana-2","category-resort-casa-de-campo","tag-casa-de-campo-es","tag-casa-de-campo-community-es","tag-casa-de-campo-living-es","tag-casa-de-campo-resort-es","entry"],"yoast_head":"<!-- This site is optimized with the Yoast SEO plugin v27.5 - https:\/\/yoast.com\/product\/yoast-seo-wordpress\/ -->\n<title>Casa de Campo presente en ITB Berlin 2015 | Casa de Campo Living<\/title>\n<meta name=\"description\" content=\"El \u201cLeading Travel Trade Show\u201d, ITB Berlin se llev\u00f3 a cabo la semana pasada del 4 al 8 de marzo, y nuestro querido resort Casa de Campo se destac\u00f3 entre\" \/>\n<meta name=\"robots\" content=\"index, follow, max-snippet:-1, max-image-preview:large, max-video-preview:-1\" \/>\n<link rel=\"canonical\" href=\"https:\/\/casadecampoliving.com\/es\/casa-de-campo-presente-en-itb-berlin-2015\/\" \/>\n<meta property=\"og:locale\" content=\"es_ES\" \/>\n<meta property=\"og:type\" content=\"article\" \/>\n<meta property=\"og:title\" content=\"Casa de Campo presente en ITB Berlin 2015 | Casa de Campo Living\" \/>\n<meta property=\"og:description\" content=\"El \u201cLeading Travel Trade Show\u201d, ITB Berlin se llev\u00f3 a cabo la semana pasada del 4 al 8 de marzo, y nuestro querido resort Casa de Campo se destac\u00f3 entre\" \/>\n<meta property=\"og:url\" content=\"https:\/\/casadecampoliving.com\/es\/casa-de-campo-presente-en-itb-berlin-2015\/\" \/>\n<meta property=\"og:site_name\" content=\"Casa de Campo Living\" \/>\n<meta property=\"article:publisher\" content=\"https:\/\/www.facebook.com\/casadecampoliving\" \/>\n<meta property=\"article:published_time\" content=\"2015-03-12T04:00:00+00:00\" \/>\n<meta property=\"article:modified_time\" content=\"2022-10-21T22:56:37+00:00\" \/>\n<meta property=\"og:image\" content=\"https:\/\/i0.wp.com\/casadecampoliving.com\/wp-content\/uploads\/2022\/10\/Leandro_Cruz_VP_Sales1.png?fit=853%2C473&ssl=1\" \/>\n\t<meta property=\"og:image:width\" content=\"853\" \/>\n\t<meta property=\"og:image:height\" content=\"473\" \/>\n\t<meta property=\"og:image:type\" content=\"image\/png\" \/>\n<meta name=\"author\" content=\"Perkin Agramonte\" \/>\n<meta name=\"twitter:card\" content=\"summary_large_image\" \/>\n<meta name=\"twitter:creator\" content=\"@cdcliving\" \/>\n<meta name=\"twitter:site\" content=\"@cdcliving\" \/>\n<meta name=\"twitter:label1\" content=\"Escrito por\" \/>\n\t<meta name=\"twitter:data1\" content=\"Perkin Agramonte\" \/>\n\t<meta name=\"twitter:label2\" content=\"Tiempo de lectura\" \/>\n\t<meta name=\"twitter:data2\" content=\"2 minutos\" \/>\n<script type=\"application\/ld+json\" class=\"yoast-schema-graph\">{\"@context\":\"https:\\\/\\\/schema.org\",\"@graph\":[{\"@type\":\"Article\",\"@id\":\"https:\\\/\\\/casadecampoliving.com\\\/es\\\/casa-de-campo-presente-en-itb-berlin-2015\\\/#article\",\"isPartOf\":{\"@id\":\"https:\\\/\\\/casadecampoliving.com\\\/es\\\/casa-de-campo-presente-en-itb-berlin-2015\\\/\"},\"author\":{\"name\":\"Perkin Agramonte\",\"@id\":\"https:\\\/\\\/casadecampoliving.com\\\/es\\\/#\\\/schema\\\/person\\\/c8efa6049510554b7d5fea078d728f72\"},\"headline\":\"Casa de Campo presente en ITB Berlin 2015\",\"datePublished\":\"2015-03-12T04:00:00+00:00\",\"dateModified\":\"2022-10-21T22:56:37+00:00\",\"mainEntityOfPage\":{\"@id\":\"https:\\\/\\\/casadecampoliving.com\\\/es\\\/casa-de-campo-presente-en-itb-berlin-2015\\\/\"},\"wordCount\":436,\"publisher\":{\"@id\":\"https:\\\/\\\/casadecampoliving.com\\\/es\\\/#organization\"},\"image\":{\"@id\":\"https:\\\/\\\/casadecampoliving.com\\\/es\\\/casa-de-campo-presente-en-itb-berlin-2015\\\/#primaryimage\"},\"thumbnailUrl\":\"https:\\\/\\\/i0.wp.com\\\/casadecampoliving.com\\\/wp-content\\\/uploads\\\/2022\\\/10\\\/Leandro_Cruz_VP_Sales1.png?fit=853%2C473&ssl=1\",\"keywords\":[\"casa de campo @es\",\"Casa de Campo Community @es\",\"Casa de Campo Living\",\"casa de campo resort @es\"],\"articleSection\":[\"Casa de Campo Living @es\",\"CCL presenta\",\"Destacados\",\"Estilo de Vida\",\"Eventos\",\"La Marina Casa de Campo\",\"M\u00e1s all\u00e1 de Casa\",\"Noticias Locales\",\"Proximamente\",\"Rep\u00fablica Dominicana @es\",\"Resort Casa de Campo\"],\"inLanguage\":\"es\"},{\"@type\":\"WebPage\",\"@id\":\"https:\\\/\\\/casadecampoliving.com\\\/es\\\/casa-de-campo-presente-en-itb-berlin-2015\\\/\",\"url\":\"https:\\\/\\\/casadecampoliving.com\\\/es\\\/casa-de-campo-presente-en-itb-berlin-2015\\\/\",\"name\":\"Casa de Campo presente en ITB Berlin 2015 | Casa de Campo Living\",\"isPartOf\":{\"@id\":\"https:\\\/\\\/casadecampoliving.com\\\/es\\\/#website\"},\"primaryImageOfPage\":{\"@id\":\"https:\\\/\\\/casadecampoliving.com\\\/es\\\/casa-de-campo-presente-en-itb-berlin-2015\\\/#primaryimage\"},\"image\":{\"@id\":\"https:\\\/\\\/casadecampoliving.com\\\/es\\\/casa-de-campo-presente-en-itb-berlin-2015\\\/#primaryimage\"},\"thumbnailUrl\":\"https:\\\/\\\/i0.wp.com\\\/casadecampoliving.com\\\/wp-content\\\/uploads\\\/2022\\\/10\\\/Leandro_Cruz_VP_Sales1.png?fit=853%2C473&ssl=1\",\"datePublished\":\"2015-03-12T04:00:00+00:00\",\"dateModified\":\"2022-10-21T22:56:37+00:00\",\"description\":\"El \u201cLeading Travel Trade Show\u201d, ITB Berlin se llev\u00f3 a cabo la semana pasada del 4 al 8 de marzo, y nuestro querido resort Casa de Campo se destac\u00f3 entre\",\"breadcrumb\":{\"@id\":\"https:\\\/\\\/casadecampoliving.com\\\/es\\\/casa-de-campo-presente-en-itb-berlin-2015\\\/#breadcrumb\"},\"inLanguage\":\"es\",\"potentialAction\":[{\"@type\":\"ReadAction\",\"target\":[\"https:\\\/\\\/casadecampoliving.com\\\/es\\\/casa-de-campo-presente-en-itb-berlin-2015\\\/\"]}]},{\"@type\":\"ImageObject\",\"inLanguage\":\"es\",\"@id\":\"https:\\\/\\\/casadecampoliving.com\\\/es\\\/casa-de-campo-presente-en-itb-berlin-2015\\\/#primaryimage\",\"url\":\"https:\\\/\\\/i0.wp.com\\\/casadecampoliving.com\\\/wp-content\\\/uploads\\\/2022\\\/10\\\/Leandro_Cruz_VP_Sales1.png?fit=853%2C473&ssl=1\",\"contentUrl\":\"https:\\\/\\\/i0.wp.com\\\/casadecampoliving.com\\\/wp-content\\\/uploads\\\/2022\\\/10\\\/Leandro_Cruz_VP_Sales1.png?fit=853%2C473&ssl=1\",\"width\":853,\"height\":473,\"caption\":\"Leandro Cruz VP Sales\"},{\"@type\":\"BreadcrumbList\",\"@id\":\"https:\\\/\\\/casadecampoliving.com\\\/es\\\/casa-de-campo-presente-en-itb-berlin-2015\\\/#breadcrumb\",\"itemListElement\":[{\"@type\":\"ListItem\",\"position\":1,\"name\":\"Home\",\"item\":\"https:\\\/\\\/casadecampoliving.com\\\/es\\\/\"},{\"@type\":\"ListItem\",\"position\":2,\"name\":\"Casa de Campo presente en ITB Berlin 2015\"}]},{\"@type\":\"WebSite\",\"@id\":\"https:\\\/\\\/casadecampoliving.com\\\/es\\\/#website\",\"url\":\"https:\\\/\\\/casadecampoliving.com\\\/es\\\/\",\"name\":\"Casa de Campo Living\",\"description\":\"Resort community news and resources.\",\"publisher\":{\"@id\":\"https:\\\/\\\/casadecampoliving.com\\\/es\\\/#organization\"},\"potentialAction\":[{\"@type\":\"SearchAction\",\"target\":{\"@type\":\"EntryPoint\",\"urlTemplate\":\"https:\\\/\\\/casadecampoliving.com\\\/es\\\/?s={search_term_string}\"},\"query-input\":{\"@type\":\"PropertyValueSpecification\",\"valueRequired\":true,\"valueName\":\"search_term_string\"}}],\"inLanguage\":\"es\"},{\"@type\":\"Organization\",\"@id\":\"https:\\\/\\\/casadecampoliving.com\\\/es\\\/#organization\",\"name\":\"Casa de Campo Living\",\"url\":\"https:\\\/\\\/casadecampoliving.com\\\/es\\\/\",\"logo\":{\"@type\":\"ImageObject\",\"inLanguage\":\"es\",\"@id\":\"https:\\\/\\\/casadecampoliving.com\\\/es\\\/#\\\/schema\\\/logo\\\/image\\\/\",\"url\":\"https:\\\/\\\/i0.wp.com\\\/casadecampoliving.com\\\/wp-content\\\/uploads\\\/2022\\\/07\\\/CDCLivingLogo_V1-white-sized.png?fit=800%2C214&ssl=1\",\"contentUrl\":\"https:\\\/\\\/i0.wp.com\\\/casadecampoliving.com\\\/wp-content\\\/uploads\\\/2022\\\/07\\\/CDCLivingLogo_V1-white-sized.png?fit=800%2C214&ssl=1\",\"width\":800,\"height\":214,\"caption\":\"Casa de Campo Living\"},\"image\":{\"@id\":\"https:\\\/\\\/casadecampoliving.com\\\/es\\\/#\\\/schema\\\/logo\\\/image\\\/\"},\"sameAs\":[\"https:\\\/\\\/www.facebook.com\\\/casadecampoliving\",\"https:\\\/\\\/x.com\\\/cdcliving\"]},{\"@type\":\"Person\",\"@id\":\"https:\\\/\\\/casadecampoliving.com\\\/es\\\/#\\\/schema\\\/person\\\/c8efa6049510554b7d5fea078d728f72\",\"name\":\"Perkin Agramonte\",\"image\":{\"@type\":\"ImageObject\",\"inLanguage\":\"es\",\"@id\":\"https:\\\/\\\/secure.gravatar.com\\\/avatar\\\/57bfdafcae55fb83dbb79a1585a9eab7f269b7720fb0b64cb9a4e0cd2962fa10?s=96&d=mm&r=g\",\"url\":\"https:\\\/\\\/secure.gravatar.com\\\/avatar\\\/57bfdafcae55fb83dbb79a1585a9eab7f269b7720fb0b64cb9a4e0cd2962fa10?s=96&d=mm&r=g\",\"contentUrl\":\"https:\\\/\\\/secure.gravatar.com\\\/avatar\\\/57bfdafcae55fb83dbb79a1585a9eab7f269b7720fb0b64cb9a4e0cd2962fa10?s=96&d=mm&r=g\",\"caption\":\"Perkin Agramonte\"},\"url\":\"https:\\\/\\\/casadecampoliving.com\\\/es\\\/author\\\/cagramonte\\\/\"}]}<\/script>\n<!-- \/ Yoast SEO plugin. -->","yoast_head_json":{"title":"Casa de Campo presente en ITB Berlin 2015 | Casa de Campo Living","description":"El \u201cLeading Travel Trade Show\u201d, ITB Berlin se llev\u00f3 a cabo la semana pasada del 4 al 8 de marzo, y nuestro querido resort Casa de Campo se destac\u00f3 entre","robots":{"index":"index","follow":"follow","max-snippet":"max-snippet:-1","max-image-preview":"max-image-preview:large","max-video-preview":"max-video-preview:-1"},"canonical":"https:\/\/casadecampoliving.com\/es\/casa-de-campo-presente-en-itb-berlin-2015\/","og_locale":"es_ES","og_type":"article","og_title":"Casa de Campo presente en ITB Berlin 2015 | Casa de Campo Living","og_description":"El \u201cLeading Travel Trade Show\u201d, ITB Berlin se llev\u00f3 a cabo la semana pasada del 4 al 8 de marzo, y nuestro querido resort Casa de Campo se destac\u00f3 entre","og_url":"https:\/\/casadecampoliving.com\/es\/casa-de-campo-presente-en-itb-berlin-2015\/","og_site_name":"Casa de Campo Living","article_publisher":"https:\/\/www.facebook.com\/casadecampoliving","article_published_time":"2015-03-12T04:00:00+00:00","article_modified_time":"2022-10-21T22:56:37+00:00","og_image":[{"width":853,"height":473,"url":"https:\/\/i0.wp.com\/casadecampoliving.com\/wp-content\/uploads\/2022\/10\/Leandro_Cruz_VP_Sales1.png?fit=853%2C473&ssl=1","type":"image\/png"}],"author":"Perkin Agramonte","twitter_card":"summary_large_image","twitter_creator":"@cdcliving","twitter_site":"@cdcliving","twitter_misc":{"Escrito por":"Perkin Agramonte","Tiempo de lectura":"2 minutos"},"schema":{"@context":"https:\/\/schema.org","@graph":[{"@type":"Article","@id":"https:\/\/casadecampoliving.com\/es\/casa-de-campo-presente-en-itb-berlin-2015\/#article","isPartOf":{"@id":"https:\/\/casadecampoliving.com\/es\/casa-de-campo-presente-en-itb-berlin-2015\/"},"author":{"name":"Perkin Agramonte","@id":"https:\/\/casadecampoliving.com\/es\/#\/schema\/person\/c8efa6049510554b7d5fea078d728f72"},"headline":"Casa de Campo presente en ITB Berlin 2015","datePublished":"2015-03-12T04:00:00+00:00","dateModified":"2022-10-21T22:56:37+00:00","mainEntityOfPage":{"@id":"https:\/\/casadecampoliving.com\/es\/casa-de-campo-presente-en-itb-berlin-2015\/"},"wordCount":436,"publisher":{"@id":"https:\/\/casadecampoliving.com\/es\/#organization"},"image":{"@id":"https:\/\/casadecampoliving.com\/es\/casa-de-campo-presente-en-itb-berlin-2015\/#primaryimage"},"thumbnailUrl":"https:\/\/i0.wp.com\/casadecampoliving.com\/wp-content\/uploads\/2022\/10\/Leandro_Cruz_VP_Sales1.png?fit=853%2C473&ssl=1","keywords":["casa de campo @es","Casa de Campo Community @es","Casa de Campo Living","casa de campo resort @es"],"articleSection":["Casa de Campo Living @es","CCL presenta","Destacados","Estilo de Vida","Eventos","La Marina Casa de Campo","M\u00e1s all\u00e1 de Casa","Noticias Locales","Proximamente","Rep\u00fablica Dominicana @es","Resort Casa de Campo"],"inLanguage":"es"},{"@type":"WebPage","@id":"https:\/\/casadecampoliving.com\/es\/casa-de-campo-presente-en-itb-berlin-2015\/","url":"https:\/\/casadecampoliving.com\/es\/casa-de-campo-presente-en-itb-berlin-2015\/","name":"Casa de Campo presente en ITB Berlin 2015 | Casa de Campo Living","isPartOf":{"@id":"https:\/\/casadecampoliving.com\/es\/#website"},"primaryImageOfPage":{"@id":"https:\/\/casadecampoliving.com\/es\/casa-de-campo-presente-en-itb-berlin-2015\/#primaryimage"},"image":{"@id":"https:\/\/casadecampoliving.com\/es\/casa-de-campo-presente-en-itb-berlin-2015\/#primaryimage"},"thumbnailUrl":"https:\/\/i0.wp.com\/casadecampoliving.com\/wp-content\/uploads\/2022\/10\/Leandro_Cruz_VP_Sales1.png?fit=853%2C473&ssl=1","datePublished":"2015-03-12T04:00:00+00:00","dateModified":"2022-10-21T22:56:37+00:00","description":"El \u201cLeading Travel Trade Show\u201d, ITB Berlin se llev\u00f3 a cabo la semana pasada del 4 al 8 de marzo, y nuestro querido resort Casa de Campo se destac\u00f3 entre","breadcrumb":{"@id":"https:\/\/casadecampoliving.com\/es\/casa-de-campo-presente-en-itb-berlin-2015\/#breadcrumb"},"inLanguage":"es","potentialAction":[{"@type":"ReadAction","target":["https:\/\/casadecampoliving.com\/es\/casa-de-campo-presente-en-itb-berlin-2015\/"]}]},{"@type":"ImageObject","inLanguage":"es","@id":"https:\/\/casadecampoliving.com\/es\/casa-de-campo-presente-en-itb-berlin-2015\/#primaryimage","url":"https:\/\/i0.wp.com\/casadecampoliving.com\/wp-content\/uploads\/2022\/10\/Leandro_Cruz_VP_Sales1.png?fit=853%2C473&ssl=1","contentUrl":"https:\/\/i0.wp.com\/casadecampoliving.com\/wp-content\/uploads\/2022\/10\/Leandro_Cruz_VP_Sales1.png?fit=853%2C473&ssl=1","width":853,"height":473,"caption":"Leandro Cruz VP Sales"},{"@type":"BreadcrumbList","@id":"https:\/\/casadecampoliving.com\/es\/casa-de-campo-presente-en-itb-berlin-2015\/#breadcrumb","itemListElement":[{"@type":"ListItem","position":1,"name":"Home","item":"https:\/\/casadecampoliving.com\/es\/"},{"@type":"ListItem","position":2,"name":"Casa de Campo presente en ITB Berlin 2015"}]},{"@type":"WebSite","@id":"https:\/\/casadecampoliving.com\/es\/#website","url":"https:\/\/casadecampoliving.com\/es\/","name":"Casa de Campo Living","description":"Resort community news and resources.","publisher":{"@id":"https:\/\/casadecampoliving.com\/es\/#organization"},"potentialAction":[{"@type":"SearchAction","target":{"@type":"EntryPoint","urlTemplate":"https:\/\/casadecampoliving.com\/es\/?s={search_term_string}"},"query-input":{"@type":"PropertyValueSpecification","valueRequired":true,"valueName":"search_term_string"}}],"inLanguage":"es"},{"@type":"Organization","@id":"https:\/\/casadecampoliving.com\/es\/#organization","name":"Casa de Campo Living","url":"https:\/\/casadecampoliving.com\/es\/","logo":{"@type":"ImageObject","inLanguage":"es","@id":"https:\/\/casadecampoliving.com\/es\/#\/schema\/logo\/image\/","url":"https:\/\/i0.wp.com\/casadecampoliving.com\/wp-content\/uploads\/2022\/07\/CDCLivingLogo_V1-white-sized.png?fit=800%2C214&ssl=1","contentUrl":"https:\/\/i0.wp.com\/casadecampoliving.com\/wp-content\/uploads\/2022\/07\/CDCLivingLogo_V1-white-sized.png?fit=800%2C214&ssl=1","width":800,"height":214,"caption":"Casa de Campo Living"},"image":{"@id":"https:\/\/casadecampoliving.com\/es\/#\/schema\/logo\/image\/"},"sameAs":["https:\/\/www.facebook.com\/casadecampoliving","https:\/\/x.com\/cdcliving"]},{"@type":"Person","@id":"https:\/\/casadecampoliving.com\/es\/#\/schema\/person\/c8efa6049510554b7d5fea078d728f72","name":"Perkin Agramonte","image":{"@type":"ImageObject","inLanguage":"es","@id":"https:\/\/secure.gravatar.com\/avatar\/57bfdafcae55fb83dbb79a1585a9eab7f269b7720fb0b64cb9a4e0cd2962fa10?s=96&d=mm&r=g","url":"https:\/\/secure.gravatar.com\/avatar\/57bfdafcae55fb83dbb79a1585a9eab7f269b7720fb0b64cb9a4e0cd2962fa10?s=96&d=mm&r=g","contentUrl":"https:\/\/secure.gravatar.com\/avatar\/57bfdafcae55fb83dbb79a1585a9eab7f269b7720fb0b64cb9a4e0cd2962fa10?s=96&d=mm&r=g","caption":"Perkin Agramonte"},"url":"https:\/\/casadecampoliving.com\/es\/author\/cagramonte\/"}]}},"parsely":{"version":"1.1.0","canonical_url":"https:\/\/casadecampoliving.com\/es\/casa-de-campo-presente-en-itb-berlin-2015\/","smart_links":{"inbound":0,"outbound":0},"traffic_boost_suggestions_count":0,"meta":{"@context":"https:\/\/schema.org","@type":"NewsArticle","headline":"Casa de Campo presente en ITB Berlin 2015","url":"http:\/\/casadecampoliving.com\/es\/casa-de-campo-presente-en-itb-berlin-2015\/","mainEntityOfPage":{"@type":"WebPage","@id":"http:\/\/casadecampoliving.com\/es\/casa-de-campo-presente-en-itb-berlin-2015\/"},"thumbnailUrl":"https:\/\/i0.wp.com\/casadecampoliving.com\/wp-content\/uploads\/2022\/10\/Leandro_Cruz_VP_Sales1.png?resize=150%2C150&ssl=1","image":{"@type":"ImageObject","url":"https:\/\/i0.wp.com\/casadecampoliving.com\/wp-content\/uploads\/2022\/10\/Leandro_Cruz_VP_Sales1.png?fit=853%2C473&ssl=1"},"articleSection":"CCL presenta","author":[{"@type":"Person","name":"Perkin Agramonte"}],"creator":["Perkin Agramonte"],"publisher":{"@type":"Organization","name":"Casa de Campo Living","logo":"https:\/\/casadecampoliving.com\/wp-content\/uploads\/2022\/07\/CDCLivingLogo_V1-white-sized.png"},"keywords":["casa de campo @es","casa de campo community @es","casa de campo living","casa de campo resort @es"],"dateCreated":"2015-03-12T04:00:00Z","datePublished":"2015-03-12T04:00:00Z","dateModified":"2022-10-21T22:56:37Z"},"rendered":"<script type=\"application\/ld+json\" class=\"wp-parsely-metadata\">{\"@context\":\"https:\\\/\\\/schema.org\",\"@type\":\"NewsArticle\",\"headline\":\"Casa de Campo presente en ITB Berlin 2015\",\"url\":\"http:\\\/\\\/casadecampoliving.com\\\/es\\\/casa-de-campo-presente-en-itb-berlin-2015\\\/\",\"mainEntityOfPage\":{\"@type\":\"WebPage\",\"@id\":\"http:\\\/\\\/casadecampoliving.com\\\/es\\\/casa-de-campo-presente-en-itb-berlin-2015\\\/\"},\"thumbnailUrl\":\"https:\\\/\\\/i0.wp.com\\\/casadecampoliving.com\\\/wp-content\\\/uploads\\\/2022\\\/10\\\/Leandro_Cruz_VP_Sales1.png?resize=150%2C150&ssl=1\",\"image\":{\"@type\":\"ImageObject\",\"url\":\"https:\\\/\\\/i0.wp.com\\\/casadecampoliving.com\\\/wp-content\\\/uploads\\\/2022\\\/10\\\/Leandro_Cruz_VP_Sales1.png?fit=853%2C473&ssl=1\"},\"articleSection\":\"CCL presenta\",\"author\":[{\"@type\":\"Person\",\"name\":\"Perkin Agramonte\"}],\"creator\":[\"Perkin Agramonte\"],\"publisher\":{\"@type\":\"Organization\",\"name\":\"Casa de Campo Living\",\"logo\":\"https:\\\/\\\/casadecampoliving.com\\\/wp-content\\\/uploads\\\/2022\\\/07\\\/CDCLivingLogo_V1-white-sized.png\"},\"keywords\":[\"casa de campo @es\",\"casa de campo community @es\",\"casa de campo living\",\"casa de campo resort @es\"],\"dateCreated\":\"2015-03-12T04:00:00Z\",\"datePublished\":\"2015-03-12T04:00:00Z\",\"dateModified\":\"2022-10-21T22:56:37Z\"}<\/script>","tracker_url":"https:\/\/cdn.parsely.com\/keys\/casadecampoliving.com\/p.js"},"jetpack_publicize_connections":[],"jetpack_featured_media_url":"https:\/\/i0.wp.com\/casadecampoliving.com\/wp-content\/uploads\/2022\/10\/Leandro_Cruz_VP_Sales1.png?fit=853%2C473&ssl=1","jetpack-related-posts":[{"id":433460,"url":"https:\/\/casadecampoliving.com\/es\/no-se-pierdan-el-increible-tributo-a-frank-sinatra-para-celebrar-el-40-aniversario-del-anfiteatro-altos-de-chavon\/","url_meta":{"origin":346927,"position":0},"title":"No se pierdan el incre\u00edble tributo a Frank Sinatra para celebrar el 40 aniversario del\u00a0Anfiteatro Altos de Chav\u00f3n","author":"Casa de Campo Living","date":"20 Oct, 2022","format":false,"excerpt":"Siendo uno de los escenarios m\u00e1s emblem\u00e1ticos del pa\u00eds, Casa de Campo Resort\u00ae & Villas celebra las cuatro d\u00e9cadas de aniversario de Altos de Chav\u00f3n con un tributo al gran Frank Sinatra, protagonizado por artistas invitados y una big band tal cual la que acompa\u00f1\u00f3 al artista hace 40 a\u00f1os\u2026","rel":"","context":"En \u00abUncategorized @es\u00bb","block_context":{"text":"Uncategorized @es","link":"https:\/\/casadecampoliving.com\/es\/category\/uncategorized-es\/"},"img":{"alt_text":"","src":"https:\/\/i0.wp.com\/casadecampoliving.com\/wp-content\/uploads\/2022\/10\/Tributo-Frank-Sinatra-Foto-Principal-Amaury-Sanchez-Danilo-Ginebra-Andres-Pichardo-y-Jose-Gabriel-Perez-.jpg?fit=1200%2C873&ssl=1&resize=350%2C200","width":350,"height":200,"srcset":"https:\/\/i0.wp.com\/casadecampoliving.com\/wp-content\/uploads\/2022\/10\/Tributo-Frank-Sinatra-Foto-Principal-Amaury-Sanchez-Danilo-Ginebra-Andres-Pichardo-y-Jose-Gabriel-Perez-.jpg?fit=1200%2C873&ssl=1&resize=350%2C200 1x, https:\/\/i0.wp.com\/casadecampoliving.com\/wp-content\/uploads\/2022\/10\/Tributo-Frank-Sinatra-Foto-Principal-Amaury-Sanchez-Danilo-Ginebra-Andres-Pichardo-y-Jose-Gabriel-Perez-.jpg?fit=1200%2C873&ssl=1&resize=525%2C300 1.5x, https:\/\/i0.wp.com\/casadecampoliving.com\/wp-content\/uploads\/2022\/10\/Tributo-Frank-Sinatra-Foto-Principal-Amaury-Sanchez-Danilo-Ginebra-Andres-Pichardo-y-Jose-Gabriel-Perez-.jpg?fit=1200%2C873&ssl=1&resize=700%2C400 2x, https:\/\/i0.wp.com\/casadecampoliving.com\/wp-content\/uploads\/2022\/10\/Tributo-Frank-Sinatra-Foto-Principal-Amaury-Sanchez-Danilo-Ginebra-Andres-Pichardo-y-Jose-Gabriel-Perez-.jpg?fit=1200%2C873&ssl=1&resize=1050%2C600 3x"},"classes":[]},{"id":325364,"url":"https:\/\/casadecampoliving.com\/casa-de-campo-itb-berlin-2015\/","url_meta":{"origin":346927,"position":1},"title":"Casa de Campo present at ITB Berlin 2015","author":"Perkin Agramonte","date":"12 Mar, 2015","format":false,"excerpt":"The \u201cLeading Travel Trade Show\u201d, ITB Berlin took place last week from the\u00a04th to the 8th of March, and our beloved Casa de Campo resort was a stand out among the more than 10,000 exhibitors from more than 180 countries and 5 continents. Casa de Campo was represented by Leandro\u2026","rel":"","context":"En \u00abBeyond Casa\u00bb","block_context":{"text":"Beyond Casa","link":"https:\/\/casadecampoliving.com\/category\/beyond-casa\/"},"img":{"alt_text":"Leandro Cruz VP Sales","src":"https:\/\/i0.wp.com\/casadecampoliving.com\/wp-content\/uploads\/2022\/10\/Leandro_Cruz_VP_Sales1.png?fit=853%2C473&ssl=1&resize=350%2C200","width":350,"height":200,"srcset":"https:\/\/i0.wp.com\/casadecampoliving.com\/wp-content\/uploads\/2022\/10\/Leandro_Cruz_VP_Sales1.png?fit=853%2C473&ssl=1&resize=350%2C200 1x, https:\/\/i0.wp.com\/casadecampoliving.com\/wp-content\/uploads\/2022\/10\/Leandro_Cruz_VP_Sales1.png?fit=853%2C473&ssl=1&resize=525%2C300 1.5x, https:\/\/i0.wp.com\/casadecampoliving.com\/wp-content\/uploads\/2022\/10\/Leandro_Cruz_VP_Sales1.png?fit=853%2C473&ssl=1&resize=700%2C400 2x"},"classes":[]},{"id":344795,"url":"https:\/\/casadecampoliving.com\/es\/todo-casa-de-campo-celebra-los-40-anos-del-resort-casa-de-campo\/","url_meta":{"origin":346927,"position":2},"title":"TODO Casa de Campo celebra los 40 a\u00f1os de Casa","author":"Perkin Agramonte","date":"9 Jul, 2014","format":false,"excerpt":"Acaba de llegar la edici\u00f3n de verano de la revista TODO Casa de Campo, y en esta, nuestra d\u00e9cima edici\u00f3n de la gu\u00eda m\u00e1s completa del Casa de Campo, celebramos con orgullo el 40\u00ba aniversario de nuestro querido resort. Este verano, el resort Casa de Campo celebra de manera oficial\u2026","rel":"","context":"En \u00abCasa de Campo Living @es\u00bb","block_context":{"text":"Casa de Campo Living @es","link":"https:\/\/casadecampoliving.com\/category\/casa-de-campo-living-es\/"},"img":{"alt_text":"TODO Casa de Campo","src":"https:\/\/i0.wp.com\/casadecampoliving.com\/wp-content\/uploads\/2022\/10\/TODO_Casa_de_Campo-1.jpg?fit=503%2C536&ssl=1&resize=350%2C200","width":350,"height":200},"classes":[]},{"id":337644,"url":"https:\/\/casadecampoliving.com\/es\/casa-de-campo-es-noticia-la-revista-departures-le-define-como-un-hogar-como-ningun-otro\/","url_meta":{"origin":346927,"position":3},"title":"Casa de Campo es noticia: la revista Departures le define como \u00abun hogar como ning\u00fan otro\u00bb","author":"","date":"13 Dic, 2011","format":false,"excerpt":"La revista Departures, una revista exclusiva para los portadores de la tarjeta American Express Platinium y Centurian, honr\u00f3 a nuestro hermoso resort de Casa de Campo en su m\u00e1s reciente edici\u00f3n de noviembre 2011 con un espacio de 6 p\u00e1ginas en donde llama a Casa de Campo \u201cA home like\u2026","rel":"","context":"En \u00abDestacados\u00bb","block_context":{"text":"Destacados","link":"https:\/\/casadecampoliving.com\/es\/category\/destacados\/"},"img":{"alt_text":"departures magazine casa de campo","src":"https:\/\/i0.wp.com\/casadecampoliving.com\/wp-content\/uploads\/2022\/10\/departures_magazine_casa_de_campo-1.jpg?fit=650%2C430&ssl=1&resize=350%2C200","width":350,"height":200,"srcset":"https:\/\/i0.wp.com\/casadecampoliving.com\/wp-content\/uploads\/2022\/10\/departures_magazine_casa_de_campo-1.jpg?fit=650%2C430&ssl=1&resize=350%2C200 1x, https:\/\/i0.wp.com\/casadecampoliving.com\/wp-content\/uploads\/2022\/10\/departures_magazine_casa_de_campo-1.jpg?fit=650%2C430&ssl=1&resize=525%2C300 1.5x"},"classes":[]},{"id":346339,"url":"https:\/\/casadecampoliving.com\/es\/hay-que-ver-casa-de-campo-estrena-video-de-baile-con-doblaje\/","url_meta":{"origin":346927,"position":4},"title":"\u00a1Hay que ver! \u00a1Casa de Campo estrena video de baile con doblaje!","author":"Rebecca Hughes","date":"18 Dic, 2014","format":false,"excerpt":"\u00a1Es absolutamente necesario ver este video! El resort Casa de Campo acaba de lanzar un v\u00eddeo\u00a0hilarante, espont\u00e1neo, divertido y alegre, con miembros del personal de Casa de Campo cantando \u00a0y sincronizando con \u201cla vida es una sola\u201d. En el video vemos miembros de todo el equipo de resort Casa de\u2026","rel":"","context":"En \u00abCasa de Campo Living @es\u00bb","block_context":{"text":"Casa de Campo Living @es","link":"https:\/\/casadecampoliving.com\/category\/casa-de-campo-living-es\/"},"img":{"alt_text":"Casa de Campo lip dub video","src":"https:\/\/i0.wp.com\/casadecampoliving.com\/wp-content\/uploads\/2022\/10\/casa_de_campo_lip_dub_video-1.jpg?fit=650%2C370&ssl=1&resize=350%2C200","width":350,"height":200,"srcset":"https:\/\/i0.wp.com\/casadecampoliving.com\/wp-content\/uploads\/2022\/10\/casa_de_campo_lip_dub_video-1.jpg?fit=650%2C370&ssl=1&resize=350%2C200 1x, https:\/\/i0.wp.com\/casadecampoliving.com\/wp-content\/uploads\/2022\/10\/casa_de_campo_lip_dub_video-1.jpg?fit=650%2C370&ssl=1&resize=525%2C300 1.5x"},"classes":[]},{"id":343014,"url":"https:\/\/casadecampoliving.com\/es\/travel-weekly-nombra-el-mejor-resort-de-golf-casa-de-campo-en-los-premios-mallegan\/","url_meta":{"origin":346927,"position":5},"title":"Travel Weekly nombra Casa de Campo el \u00abMejor Resort de Golf\u00bb en los premios Mallegan","author":"Genesis Perdomo","date":"6 Oct, 2013","format":false,"excerpt":"\u00a1Felicidades otra vez al resort de Casa de Campo! nuestro magnifico para\u00edso ha sido nombrado el \u201cMejor Resort de Golf\u201d en los premios Magellan de Travel Weekly. Con entradas a trav\u00e9s de Estados Unidos y alrededor del mundo, los ganadores de los Premios Magellan representan los mejores en la industria\u2026","rel":"","context":"En \u00abDeportes\u00bb","block_context":{"text":"Deportes","link":"https:\/\/casadecampoliving.com\/es\/category\/golf-deportes-es\/"},"img":{"alt_text":"Casa de Campo golf","src":"https:\/\/i0.wp.com\/casadecampoliving.com\/wp-content\/uploads\/2022\/10\/casa_de_campo_golf-19.jpg?fit=650%2C368&ssl=1&resize=350%2C200","width":350,"height":200,"srcset":"https:\/\/i0.wp.com\/casadecampoliving.com\/wp-content\/uploads\/2022\/10\/casa_de_campo_golf-19.jpg?fit=650%2C368&ssl=1&resize=350%2C200 1x, https:\/\/i0.wp.com\/casadecampoliving.com\/wp-content\/uploads\/2022\/10\/casa_de_campo_golf-19.jpg?fit=650%2C368&ssl=1&resize=525%2C300 1.5x"},"classes":[]}],"jetpack_sharing_enabled":true,"_links":{"self":[{"href":"https:\/\/casadecampoliving.com\/es\/wp-json\/wp\/v2\/posts\/346927","targetHints":{"allow":["GET"]}}],"collection":[{"href":"https:\/\/casadecampoliving.com\/es\/wp-json\/wp\/v2\/posts"}],"about":[{"href":"https:\/\/casadecampoliving.com\/es\/wp-json\/wp\/v2\/types\/post"}],"author":[{"embeddable":true,"href":"https:\/\/casadecampoliving.com\/es\/wp-json\/wp\/v2\/users\/1097"}],"replies":[{"embeddable":true,"href":"https:\/\/casadecampoliving.com\/es\/wp-json\/wp\/v2\/comments?post=346927"}],"version-history":[{"count":1,"href":"https:\/\/casadecampoliving.com\/es\/wp-json\/wp\/v2\/posts\/346927\/revisions"}],"predecessor-version":[{"id":346930,"href":"https:\/\/casadecampoliving.com\/es\/wp-json\/wp\/v2\/posts\/346927\/revisions\/346930"}],"wp:featuredmedia":[{"embeddable":true,"href":"https:\/\/casadecampoliving.com\/es\/wp-json\/wp\/v2\/media\/282461"}],"wp:attachment":[{"href":"https:\/\/casadecampoliving.com\/es\/wp-json\/wp\/v2\/media?parent=346927"}],"wp:term":[{"taxonomy":"category","embeddable":true,"href":"https:\/\/casadecampoliving.com\/es\/wp-json\/wp\/v2\/categories?post=346927"},{"taxonomy":"post_tag","embeddable":true,"href":"https:\/\/casadecampoliving.com\/es\/wp-json\/wp\/v2\/tags?post=346927"},{"taxonomy":"newspack_spnsrs_tax","embeddable":true,"href":"https:\/\/casadecampoliving.com\/es\/wp-json\/wp\/v2\/newspack_spnsrs_tax?post=346927"}],"curies":[{"name":"wp","href":"https:\/\/api.w.org\/{rel}","templated":true}]}}