{"id":346897,"date":"2015-03-08T00:00:00","date_gmt":"2015-03-08T04:00:00","guid":{"rendered":"https:\/\/casadecampoliving.com\/raysa-y-alfy-fanjul-recaudan-mas-de-us55000-para-la-fundacion-mir\/"},"modified":"2022-11-10T10:29:35","modified_gmt":"2022-11-10T14:29:35","slug":"raysa-y-alfy-fanjul-recaudan-mas-de-us55000-para-la-fundacion-mir","status":"publish","type":"post","link":"https:\/\/casadecampoliving.com\/es\/raysa-y-alfy-fanjul-recaudan-mas-de-us55000-para-la-fundacion-mir\/","title":{"rendered":"Raysa y Alfy Fanjul recaudan m\u00e1s de US$55,000 para la Fundaci\u00f3n MIR"},"content":{"rendered":"<img data-recalc-dims=\"1\" loading=\"lazy\" decoding=\"async\" class=\"aligncenter size-full wp-image-109615\" src=\"https:\/\/i0.wp.com\/casadecampoliving.com\/wp-content\/uploads\/2022\/10\/Raysa_Fanjul_Michael_Stillman_Lian_Fanjul_de_Azqueta_Lyanne_Azqueta.jpg?resize=650%2C427&#038;ssl=1\" alt=\"Raysa Fanju,l Michael Stillman, Lian Fanjul de Azqueta y Lyanne Azqueta\" width=\"650\" height=\"427\" \/>\n\nSiguiendo la gala \u00abEsplendor M\u00e1gico\u00bb y el show de modas por Badgley Mischka presentado por Raysa y Alfy Fanjul el 17 de enero de este a\u00f1o, la Fundaci\u00f3n MIR continu\u00f3 con las celebraciones de su 25 aniversario con un evento de recaudaci\u00f3n de fondos en Miami Beach a finales de febrero.\n<!--more--><img data-recalc-dims=\"1\" loading=\"lazy\" decoding=\"async\" class=\"alignright size-full wp-image-109616\" src=\"https:\/\/i0.wp.com\/casadecampoliving.com\/wp-content\/uploads\/2022\/10\/Crista_Azqueta_Andres_Fanjul.jpg?resize=300%2C435&#038;ssl=1\" alt=\"Crista Azqueta y Andres Fanjul\" width=\"300\" height=\"435\" \/>\n\nLa gran apertura de Quality Meats Miami Beach presentada en alianza con\u00a0Mission International Rescue Charities (Caridades MIR), recaud\u00f3 m\u00e1s de US$55,000 en fondos para la Fundaci\u00f3n MIR, cuyas tres escuelas aqu\u00ed en La Romana ayudan a ni\u00f1os del pa\u00eds y a sus familias a escapar de la pobreza identificando y atendiendo sus necesidades a trav\u00e9s de servicios educacionales y programas colaborativos.\n\nPresentado por la comunicadora de Univisi\u00f3n Network Mar\u00eda Elena Salinas, el evento reuni\u00f3 a m\u00e1s de 300 invitados que disfrutaron una noche llena de entretenimiento en vivo, champa\u00f1a y cocteles preparados con Ron Atlantico. Adem\u00e1s, los invitados quedaron encantados por los lujosos platos del restaurante preparados por el chef\/socio Craig Keketsu.\n\n\u00abLos fondos recaudados con este evento ser\u00e1n destinados a crear programas que provean techo, asistencia m\u00e9dica, educaci\u00f3n y preparaci\u00f3n t\u00e9cnica para las personas que est\u00e1n m\u00e1s necesitadas en Rep\u00fablica Dominicana\u00bb, dijo Raysa Fanjul, quien\u00a0presidi\u00f3 el evento y funge como vise presidenta de Caridades MIR. \u00abCon cada boleta vendida, a la Fundaci\u00f3n MIR le ser\u00e1 posible proveer suministros escolares para los estudiantes de la misma por todo un a\u00f1o.\u00bb\n\nLos invitados\u00a0fueron consentidos con suntuosos bocadillos dulces y salados desde tocino curado en casa con mantequilla de man\u00ed y mermelada de jalape\u00f1o; mini cheeseburgers con carne madurada en seco; mini sand\u00edas con yogurt Labne y sal con especias hasta una selecci\u00f3n de charcuter\u00eda y quesos artesanales, y un bar de comida marina cruda. Para culminar la velada, decadentes tartas heladas; pasteles de lima; pegajosos pudines de caramelo; tambi\u00e9n se ofrecieron \u00abs&#8217;mores\u00bb (bocadillo dulce que consiste en una barra de chocolate con malvaviscos \u00absandwhichados\u00bb entre galletas), junto a caf\u00e9 preparado en fr\u00edo.\n\nEntre los que asistieron hubieron algunas\u00a0personalidades\u00a0notables, incluyendo el presidente y fundador de la cadena Fourth Wall Restaurants, Michael Stillman y su esposa Allison; El socio y fundador de Fourth Wall Restaurants, Alan Stillman; el antiguo embajador de Estados Unidos en B\u00e9lgica Paul Cejas y su esposa Trudy Cejas; El presidente de Fanjul Corp. y vice presidente ejecutivo de Florida Crystals Corporation, Pepe Fanjul Jr.; El Comisionado del Distrito 12 de Miami, Jose \u00abPepe\u00bb D\u00edaz; El vise presidente asistente de promoci\u00f3n de FIU, Jorge Corton; El\u00a0director de relaciones m\u00e9dicas de Baptist Health, el Reverendo Richard Vigoa; Presidente y co-fundador de Capponi Group y fundador de Haiti Empowerment Mission, Michael Capponi y el antiguo director de operaciones de Univision Communications Inc., Ray Rodriguez y su esposa Liane Rodriguez.\n\n<strong>\n<figure class=\"wp-block-gallery has-nested-images columns-default is-cropped wp-block-gallery-1 is-layout-flex wp-block-gallery-is-layout-flex\">\n<figure class=\"wp-block-image size-large\"><img data-recalc-dims=\"1\" loading=\"lazy\" decoding=\"async\" width=\"800\" height=\"533\" data-id=\"424333\" src=\"https:\/\/i0.wp.com\/casadecampoliving.com\/wp-content\/uploads\/2022\/10\/1-51.jpg?resize=800%2C533&#038;ssl=1\" alt=\"\" class=\"wp-image-424333\" srcset=\"https:\/\/i0.wp.com\/casadecampoliving.com\/wp-content\/uploads\/2022\/10\/1-51.jpg?w=800&amp;ssl=1 800w, https:\/\/i0.wp.com\/casadecampoliving.com\/wp-content\/uploads\/2022\/10\/1-51.jpg?resize=300%2C200&amp;ssl=1 300w, https:\/\/i0.wp.com\/casadecampoliving.com\/wp-content\/uploads\/2022\/10\/1-51.jpg?resize=768%2C512&amp;ssl=1 768w, https:\/\/i0.wp.com\/casadecampoliving.com\/wp-content\/uploads\/2022\/10\/1-51.jpg?resize=400%2C267&amp;ssl=1 400w, https:\/\/i0.wp.com\/casadecampoliving.com\/wp-content\/uploads\/2022\/10\/1-51.jpg?resize=706%2C470&amp;ssl=1 706w, https:\/\/i0.wp.com\/casadecampoliving.com\/wp-content\/uploads\/2022\/10\/1-51.jpg?resize=150%2C100&amp;ssl=1 150w, https:\/\/i0.wp.com\/casadecampoliving.com\/wp-content\/uploads\/2022\/10\/1-51.jpg?w=370&amp;ssl=1 370w\" sizes=\"auto, (max-width: 800px) 100vw, 800px\" \/><\/figure>\n\n\n\n<figure class=\"wp-block-image size-large\"><img data-recalc-dims=\"1\" loading=\"lazy\" decoding=\"async\" width=\"800\" height=\"1143\" data-id=\"424356\" src=\"https:\/\/i0.wp.com\/casadecampoliving.com\/wp-content\/uploads\/2022\/10\/10-23.jpg?resize=800%2C1143&#038;ssl=1\" alt=\"\" class=\"wp-image-424356\" srcset=\"https:\/\/i0.wp.com\/casadecampoliving.com\/wp-content\/uploads\/2022\/10\/10-23.jpg?w=800&amp;ssl=1 800w, https:\/\/i0.wp.com\/casadecampoliving.com\/wp-content\/uploads\/2022\/10\/10-23.jpg?resize=210%2C300&amp;ssl=1 210w, https:\/\/i0.wp.com\/casadecampoliving.com\/wp-content\/uploads\/2022\/10\/10-23.jpg?resize=717%2C1024&amp;ssl=1 717w, https:\/\/i0.wp.com\/casadecampoliving.com\/wp-content\/uploads\/2022\/10\/10-23.jpg?resize=768%2C1097&amp;ssl=1 768w, https:\/\/i0.wp.com\/casadecampoliving.com\/wp-content\/uploads\/2022\/10\/10-23.jpg?resize=400%2C572&amp;ssl=1 400w, https:\/\/i0.wp.com\/casadecampoliving.com\/wp-content\/uploads\/2022\/10\/10-23.jpg?resize=706%2C1009&amp;ssl=1 706w, https:\/\/i0.wp.com\/casadecampoliving.com\/wp-content\/uploads\/2022\/10\/10-23.jpg?resize=150%2C214&amp;ssl=1 150w, https:\/\/i0.wp.com\/casadecampoliving.com\/wp-content\/uploads\/2022\/10\/10-23.jpg?w=370&amp;ssl=1 370w\" sizes=\"auto, (max-width: 800px) 100vw, 800px\" \/><\/figure>\n\n\n\n<figure class=\"wp-block-image size-large\"><img data-recalc-dims=\"1\" loading=\"lazy\" decoding=\"async\" width=\"800\" height=\"526\" data-id=\"424393\" src=\"https:\/\/i0.wp.com\/casadecampoliving.com\/wp-content\/uploads\/2022\/10\/11-24.jpg?resize=800%2C526&#038;ssl=1\" alt=\"\" class=\"wp-image-424393\" srcset=\"https:\/\/i0.wp.com\/casadecampoliving.com\/wp-content\/uploads\/2022\/10\/11-24.jpg?w=800&amp;ssl=1 800w, https:\/\/i0.wp.com\/casadecampoliving.com\/wp-content\/uploads\/2022\/10\/11-24.jpg?resize=300%2C197&amp;ssl=1 300w, https:\/\/i0.wp.com\/casadecampoliving.com\/wp-content\/uploads\/2022\/10\/11-24.jpg?resize=768%2C505&amp;ssl=1 768w, https:\/\/i0.wp.com\/casadecampoliving.com\/wp-content\/uploads\/2022\/10\/11-24.jpg?resize=400%2C263&amp;ssl=1 400w, https:\/\/i0.wp.com\/casadecampoliving.com\/wp-content\/uploads\/2022\/10\/11-24.jpg?resize=706%2C464&amp;ssl=1 706w, https:\/\/i0.wp.com\/casadecampoliving.com\/wp-content\/uploads\/2022\/10\/11-24.jpg?resize=150%2C99&amp;ssl=1 150w, https:\/\/i0.wp.com\/casadecampoliving.com\/wp-content\/uploads\/2022\/10\/11-24.jpg?w=370&amp;ssl=1 370w\" sizes=\"auto, (max-width: 800px) 100vw, 800px\" \/><\/figure>\n\n\n\n<figure class=\"wp-block-image size-large\"><img data-recalc-dims=\"1\" loading=\"lazy\" decoding=\"async\" width=\"800\" height=\"1164\" data-id=\"424419\" src=\"https:\/\/i0.wp.com\/casadecampoliving.com\/wp-content\/uploads\/2022\/10\/12-23.jpg?resize=800%2C1164&#038;ssl=1\" alt=\"\" class=\"wp-image-424419\" srcset=\"https:\/\/i0.wp.com\/casadecampoliving.com\/wp-content\/uploads\/2022\/10\/12-23.jpg?w=800&amp;ssl=1 800w, https:\/\/i0.wp.com\/casadecampoliving.com\/wp-content\/uploads\/2022\/10\/12-23.jpg?resize=206%2C300&amp;ssl=1 206w, https:\/\/i0.wp.com\/casadecampoliving.com\/wp-content\/uploads\/2022\/10\/12-23.jpg?resize=704%2C1024&amp;ssl=1 704w, https:\/\/i0.wp.com\/casadecampoliving.com\/wp-content\/uploads\/2022\/10\/12-23.jpg?resize=768%2C1117&amp;ssl=1 768w, https:\/\/i0.wp.com\/casadecampoliving.com\/wp-content\/uploads\/2022\/10\/12-23.jpg?resize=400%2C582&amp;ssl=1 400w, https:\/\/i0.wp.com\/casadecampoliving.com\/wp-content\/uploads\/2022\/10\/12-23.jpg?resize=706%2C1027&amp;ssl=1 706w, https:\/\/i0.wp.com\/casadecampoliving.com\/wp-content\/uploads\/2022\/10\/12-23.jpg?resize=150%2C218&amp;ssl=1 150w, https:\/\/i0.wp.com\/casadecampoliving.com\/wp-content\/uploads\/2022\/10\/12-23.jpg?w=370&amp;ssl=1 370w\" sizes=\"auto, (max-width: 800px) 100vw, 800px\" \/><\/figure>\n\n\n\n<figure class=\"wp-block-image size-large\"><img data-recalc-dims=\"1\" loading=\"lazy\" decoding=\"async\" width=\"800\" height=\"533\" data-id=\"424449\" src=\"https:\/\/i0.wp.com\/casadecampoliving.com\/wp-content\/uploads\/2022\/10\/2-46.jpg?resize=800%2C533&#038;ssl=1\" alt=\"\" class=\"wp-image-424449\" srcset=\"https:\/\/i0.wp.com\/casadecampoliving.com\/wp-content\/uploads\/2022\/10\/2-46.jpg?w=800&amp;ssl=1 800w, https:\/\/i0.wp.com\/casadecampoliving.com\/wp-content\/uploads\/2022\/10\/2-46.jpg?resize=300%2C200&amp;ssl=1 300w, https:\/\/i0.wp.com\/casadecampoliving.com\/wp-content\/uploads\/2022\/10\/2-46.jpg?resize=768%2C512&amp;ssl=1 768w, https:\/\/i0.wp.com\/casadecampoliving.com\/wp-content\/uploads\/2022\/10\/2-46.jpg?resize=400%2C267&amp;ssl=1 400w, https:\/\/i0.wp.com\/casadecampoliving.com\/wp-content\/uploads\/2022\/10\/2-46.jpg?resize=706%2C470&amp;ssl=1 706w, https:\/\/i0.wp.com\/casadecampoliving.com\/wp-content\/uploads\/2022\/10\/2-46.jpg?resize=150%2C100&amp;ssl=1 150w, https:\/\/i0.wp.com\/casadecampoliving.com\/wp-content\/uploads\/2022\/10\/2-46.jpg?w=370&amp;ssl=1 370w\" sizes=\"auto, (max-width: 800px) 100vw, 800px\" \/><\/figure>\n\n\n\n<figure class=\"wp-block-image size-large\"><img data-recalc-dims=\"1\" loading=\"lazy\" decoding=\"async\" width=\"800\" height=\"1192\" data-id=\"424474\" src=\"https:\/\/i0.wp.com\/casadecampoliving.com\/wp-content\/uploads\/2022\/10\/3-46.jpg?resize=800%2C1192&#038;ssl=1\" alt=\"\" class=\"wp-image-424474\" srcset=\"https:\/\/i0.wp.com\/casadecampoliving.com\/wp-content\/uploads\/2022\/10\/3-46.jpg?w=800&amp;ssl=1 800w, https:\/\/i0.wp.com\/casadecampoliving.com\/wp-content\/uploads\/2022\/10\/3-46.jpg?resize=201%2C300&amp;ssl=1 201w, https:\/\/i0.wp.com\/casadecampoliving.com\/wp-content\/uploads\/2022\/10\/3-46.jpg?resize=687%2C1024&amp;ssl=1 687w, https:\/\/i0.wp.com\/casadecampoliving.com\/wp-content\/uploads\/2022\/10\/3-46.jpg?resize=768%2C1144&amp;ssl=1 768w, https:\/\/i0.wp.com\/casadecampoliving.com\/wp-content\/uploads\/2022\/10\/3-46.jpg?resize=400%2C596&amp;ssl=1 400w, https:\/\/i0.wp.com\/casadecampoliving.com\/wp-content\/uploads\/2022\/10\/3-46.jpg?resize=706%2C1052&amp;ssl=1 706w, https:\/\/i0.wp.com\/casadecampoliving.com\/wp-content\/uploads\/2022\/10\/3-46.jpg?resize=150%2C224&amp;ssl=1 150w, https:\/\/i0.wp.com\/casadecampoliving.com\/wp-content\/uploads\/2022\/10\/3-46.jpg?w=370&amp;ssl=1 370w\" sizes=\"auto, (max-width: 800px) 100vw, 800px\" \/><\/figure>\n\n\n\n<figure class=\"wp-block-image size-large\"><img data-recalc-dims=\"1\" loading=\"lazy\" decoding=\"async\" width=\"800\" height=\"1160\" data-id=\"424499\" src=\"https:\/\/i0.wp.com\/casadecampoliving.com\/wp-content\/uploads\/2022\/10\/4-50.jpg?resize=800%2C1160&#038;ssl=1\" alt=\"\" class=\"wp-image-424499\" srcset=\"https:\/\/i0.wp.com\/casadecampoliving.com\/wp-content\/uploads\/2022\/10\/4-50.jpg?w=800&amp;ssl=1 800w, https:\/\/i0.wp.com\/casadecampoliving.com\/wp-content\/uploads\/2022\/10\/4-50.jpg?resize=207%2C300&amp;ssl=1 207w, https:\/\/i0.wp.com\/casadecampoliving.com\/wp-content\/uploads\/2022\/10\/4-50.jpg?resize=706%2C1024&amp;ssl=1 706w, https:\/\/i0.wp.com\/casadecampoliving.com\/wp-content\/uploads\/2022\/10\/4-50.jpg?resize=768%2C1114&amp;ssl=1 768w, https:\/\/i0.wp.com\/casadecampoliving.com\/wp-content\/uploads\/2022\/10\/4-50.jpg?resize=400%2C580&amp;ssl=1 400w, https:\/\/i0.wp.com\/casadecampoliving.com\/wp-content\/uploads\/2022\/10\/4-50.jpg?resize=150%2C218&amp;ssl=1 150w, https:\/\/i0.wp.com\/casadecampoliving.com\/wp-content\/uploads\/2022\/10\/4-50.jpg?w=370&amp;ssl=1 370w\" sizes=\"auto, (max-width: 800px) 100vw, 800px\" \/><\/figure>\n\n\n\n<figure class=\"wp-block-image size-large\"><img data-recalc-dims=\"1\" loading=\"lazy\" decoding=\"async\" width=\"800\" height=\"533\" data-id=\"424527\" src=\"https:\/\/i0.wp.com\/casadecampoliving.com\/wp-content\/uploads\/2022\/10\/5-50.jpg?resize=800%2C533&#038;ssl=1\" alt=\"\" class=\"wp-image-424527\" srcset=\"https:\/\/i0.wp.com\/casadecampoliving.com\/wp-content\/uploads\/2022\/10\/5-50.jpg?w=800&amp;ssl=1 800w, https:\/\/i0.wp.com\/casadecampoliving.com\/wp-content\/uploads\/2022\/10\/5-50.jpg?resize=300%2C200&amp;ssl=1 300w, https:\/\/i0.wp.com\/casadecampoliving.com\/wp-content\/uploads\/2022\/10\/5-50.jpg?resize=768%2C512&amp;ssl=1 768w, https:\/\/i0.wp.com\/casadecampoliving.com\/wp-content\/uploads\/2022\/10\/5-50.jpg?resize=400%2C267&amp;ssl=1 400w, https:\/\/i0.wp.com\/casadecampoliving.com\/wp-content\/uploads\/2022\/10\/5-50.jpg?resize=706%2C470&amp;ssl=1 706w, https:\/\/i0.wp.com\/casadecampoliving.com\/wp-content\/uploads\/2022\/10\/5-50.jpg?resize=150%2C100&amp;ssl=1 150w, https:\/\/i0.wp.com\/casadecampoliving.com\/wp-content\/uploads\/2022\/10\/5-50.jpg?w=370&amp;ssl=1 370w\" sizes=\"auto, (max-width: 800px) 100vw, 800px\" \/><\/figure>\n\n\n\n<figure class=\"wp-block-image size-large\"><img data-recalc-dims=\"1\" loading=\"lazy\" decoding=\"async\" width=\"800\" height=\"533\" data-id=\"424547\" src=\"https:\/\/i0.wp.com\/casadecampoliving.com\/wp-content\/uploads\/2022\/10\/6-38.jpg?resize=800%2C533&#038;ssl=1\" alt=\"\" class=\"wp-image-424547\" srcset=\"https:\/\/i0.wp.com\/casadecampoliving.com\/wp-content\/uploads\/2022\/10\/6-38.jpg?w=800&amp;ssl=1 800w, https:\/\/i0.wp.com\/casadecampoliving.com\/wp-content\/uploads\/2022\/10\/6-38.jpg?resize=300%2C200&amp;ssl=1 300w, https:\/\/i0.wp.com\/casadecampoliving.com\/wp-content\/uploads\/2022\/10\/6-38.jpg?resize=768%2C512&amp;ssl=1 768w, https:\/\/i0.wp.com\/casadecampoliving.com\/wp-content\/uploads\/2022\/10\/6-38.jpg?resize=400%2C267&amp;ssl=1 400w, https:\/\/i0.wp.com\/casadecampoliving.com\/wp-content\/uploads\/2022\/10\/6-38.jpg?resize=706%2C470&amp;ssl=1 706w, https:\/\/i0.wp.com\/casadecampoliving.com\/wp-content\/uploads\/2022\/10\/6-38.jpg?resize=150%2C100&amp;ssl=1 150w, https:\/\/i0.wp.com\/casadecampoliving.com\/wp-content\/uploads\/2022\/10\/6-38.jpg?w=370&amp;ssl=1 370w\" sizes=\"auto, (max-width: 800px) 100vw, 800px\" \/><\/figure>\n\n\n\n<figure class=\"wp-block-image size-large\"><img data-recalc-dims=\"1\" loading=\"lazy\" decoding=\"async\" width=\"800\" height=\"533\" data-id=\"424573\" src=\"https:\/\/i0.wp.com\/casadecampoliving.com\/wp-content\/uploads\/2022\/10\/7-34.jpg?resize=800%2C533&#038;ssl=1\" alt=\"\" class=\"wp-image-424573\" srcset=\"https:\/\/i0.wp.com\/casadecampoliving.com\/wp-content\/uploads\/2022\/10\/7-34.jpg?w=800&amp;ssl=1 800w, https:\/\/i0.wp.com\/casadecampoliving.com\/wp-content\/uploads\/2022\/10\/7-34.jpg?resize=300%2C200&amp;ssl=1 300w, https:\/\/i0.wp.com\/casadecampoliving.com\/wp-content\/uploads\/2022\/10\/7-34.jpg?resize=768%2C512&amp;ssl=1 768w, https:\/\/i0.wp.com\/casadecampoliving.com\/wp-content\/uploads\/2022\/10\/7-34.jpg?resize=400%2C267&amp;ssl=1 400w, https:\/\/i0.wp.com\/casadecampoliving.com\/wp-content\/uploads\/2022\/10\/7-34.jpg?resize=706%2C470&amp;ssl=1 706w, https:\/\/i0.wp.com\/casadecampoliving.com\/wp-content\/uploads\/2022\/10\/7-34.jpg?resize=150%2C100&amp;ssl=1 150w, https:\/\/i0.wp.com\/casadecampoliving.com\/wp-content\/uploads\/2022\/10\/7-34.jpg?w=370&amp;ssl=1 370w\" sizes=\"auto, (max-width: 800px) 100vw, 800px\" \/><\/figure>\n\n\n\n<figure class=\"wp-block-image size-large\"><img data-recalc-dims=\"1\" loading=\"lazy\" decoding=\"async\" width=\"800\" height=\"533\" data-id=\"424601\" src=\"https:\/\/i0.wp.com\/casadecampoliving.com\/wp-content\/uploads\/2022\/10\/8-34.jpg?resize=800%2C533&#038;ssl=1\" alt=\"\" class=\"wp-image-424601\" srcset=\"https:\/\/i0.wp.com\/casadecampoliving.com\/wp-content\/uploads\/2022\/10\/8-34.jpg?w=800&amp;ssl=1 800w, https:\/\/i0.wp.com\/casadecampoliving.com\/wp-content\/uploads\/2022\/10\/8-34.jpg?resize=300%2C200&amp;ssl=1 300w, https:\/\/i0.wp.com\/casadecampoliving.com\/wp-content\/uploads\/2022\/10\/8-34.jpg?resize=768%2C512&amp;ssl=1 768w, https:\/\/i0.wp.com\/casadecampoliving.com\/wp-content\/uploads\/2022\/10\/8-34.jpg?resize=400%2C267&amp;ssl=1 400w, https:\/\/i0.wp.com\/casadecampoliving.com\/wp-content\/uploads\/2022\/10\/8-34.jpg?resize=706%2C470&amp;ssl=1 706w, https:\/\/i0.wp.com\/casadecampoliving.com\/wp-content\/uploads\/2022\/10\/8-34.jpg?resize=150%2C100&amp;ssl=1 150w, https:\/\/i0.wp.com\/casadecampoliving.com\/wp-content\/uploads\/2022\/10\/8-34.jpg?w=370&amp;ssl=1 370w\" sizes=\"auto, (max-width: 800px) 100vw, 800px\" \/><\/figure>\n\n\n\n<figure class=\"wp-block-image size-large\"><img data-recalc-dims=\"1\" loading=\"lazy\" decoding=\"async\" width=\"800\" height=\"533\" data-id=\"424625\" src=\"https:\/\/i0.wp.com\/casadecampoliving.com\/wp-content\/uploads\/2022\/10\/9-28.jpg?resize=800%2C533&#038;ssl=1\" alt=\"\" class=\"wp-image-424625\" srcset=\"https:\/\/i0.wp.com\/casadecampoliving.com\/wp-content\/uploads\/2022\/10\/9-28.jpg?w=800&amp;ssl=1 800w, https:\/\/i0.wp.com\/casadecampoliving.com\/wp-content\/uploads\/2022\/10\/9-28.jpg?resize=300%2C200&amp;ssl=1 300w, https:\/\/i0.wp.com\/casadecampoliving.com\/wp-content\/uploads\/2022\/10\/9-28.jpg?resize=768%2C512&amp;ssl=1 768w, https:\/\/i0.wp.com\/casadecampoliving.com\/wp-content\/uploads\/2022\/10\/9-28.jpg?resize=400%2C267&amp;ssl=1 400w, https:\/\/i0.wp.com\/casadecampoliving.com\/wp-content\/uploads\/2022\/10\/9-28.jpg?resize=706%2C470&amp;ssl=1 706w, https:\/\/i0.wp.com\/casadecampoliving.com\/wp-content\/uploads\/2022\/10\/9-28.jpg?resize=150%2C100&amp;ssl=1 150w, https:\/\/i0.wp.com\/casadecampoliving.com\/wp-content\/uploads\/2022\/10\/9-28.jpg?w=370&amp;ssl=1 370w\" sizes=\"auto, (max-width: 800px) 100vw, 800px\" \/><\/figure>\n<\/figure>\n<\/strong>\n\nFotograf\u00eda por\u00a0Manny Hernandez.","protected":false},"excerpt":{"rendered":"<p>Siguiendo la gala \u00abEsplendor M\u00e1gico\u00bb y el show de modas por Badgley Mischka presentado por Raysa y Alfy Fanjul el 17 de enero de este a\u00f1o, la Fundaci\u00f3n MIR continu\u00f3 con las celebraciones de su 25 aniversario con un evento de recaudaci\u00f3n de fondos en Miami Beach a finales de febrero.<\/p>\n","protected":false},"author":34707,"featured_media":281804,"comment_status":"closed","ping_status":"closed","sticky":false,"template":"","format":"standard","meta":{"newspack_ads_suppress_ads":false,"newspack_popups_has_disabled_popups":false,"newspack_sponsor_sponsorship_scope":"","newspack_sponsor_native_byline_display":"inherit","newspack_sponsor_native_category_display":"inherit","newspack_sponsor_underwriter_style":"inherit","newspack_sponsor_underwriter_placement":"inherit","_newspack_byline_active":false,"_newspack_byline":"","newspack_hide_updated_date":false,"newspack_show_updated_date":false,"newspack_content_restriction_is_exempt":false,"newspack_featured_image_position":"","newspack_post_subtitle":"","newspack_article_summary_title":"Overview:","newspack_article_summary":"","_jetpack_memberships_contains_paid_content":false,"footnotes":"","jetpack_publicize_message":"","jetpack_publicize_feature_enabled":true,"jetpack_social_post_already_shared":false,"jetpack_social_options":{"image_generator_settings":{"template":"highway","default_image_id":0,"font":"","enabled":false},"version":2},"_wpas_customize_per_network":false},"categories":[2506,2522,2515,2526,14631,14625,2514,14627],"tags":[7825,3577,24715,3745,8434],"newspack_spnsrs_tax":[],"class_list":["post-346897","post","type-post","status-publish","format-standard","has-post-thumbnail","hentry","category-mas-alla-de-casa-es","category-eventos-es","category-fundacion-mir-es","category-titulares-es","category-estilo-de-vida","category-noticias-locales","category-fundaciones-es","category-proximamente","tag-fondos","tag-fundacion-mir-es-2","tag-fundacion-mir-es","tag-miami-beach","tag-recaudacion-de-fondos","entry"],"yoast_head":"<!-- This site is optimized with the Yoast SEO plugin v27.4 - https:\/\/yoast.com\/product\/yoast-seo-wordpress\/ -->\n<title>Raysa y Alfy Fanjul recaudan m\u00e1s de US$55,000 para la Fundaci\u00f3n MIR | Casa de Campo Living<\/title>\n<meta name=\"description\" content=\"Siguiendo la gala &quot;Esplendor M\u00e1gico&quot; y el show de modas por Badgley Mischka presentado por Raysa y Alfy Fanjul el 17 de enero de este a\u00f1o, la Fundaci\u00f3n\" \/>\n<meta name=\"robots\" content=\"index, follow, max-snippet:-1, max-image-preview:large, max-video-preview:-1\" \/>\n<link rel=\"canonical\" href=\"https:\/\/casadecampoliving.com\/es\/raysa-y-alfy-fanjul-recaudan-mas-de-us55000-para-la-fundacion-mir\/\" \/>\n<meta property=\"og:locale\" content=\"es_ES\" \/>\n<meta property=\"og:type\" content=\"article\" \/>\n<meta property=\"og:title\" content=\"Raysa y Alfy Fanjul recaudan m\u00e1s de US$55,000 para la Fundaci\u00f3n MIR | Casa de Campo Living\" \/>\n<meta property=\"og:description\" content=\"Siguiendo la gala &quot;Esplendor M\u00e1gico&quot; y el show de modas por Badgley Mischka presentado por Raysa y Alfy Fanjul el 17 de enero de este a\u00f1o, la Fundaci\u00f3n\" \/>\n<meta property=\"og:url\" content=\"https:\/\/casadecampoliving.com\/es\/raysa-y-alfy-fanjul-recaudan-mas-de-us55000-para-la-fundacion-mir\/\" \/>\n<meta property=\"og:site_name\" content=\"Casa de Campo Living\" \/>\n<meta property=\"article:publisher\" content=\"https:\/\/www.facebook.com\/casadecampoliving\" \/>\n<meta property=\"article:published_time\" content=\"2015-03-08T04:00:00+00:00\" \/>\n<meta property=\"article:modified_time\" content=\"2022-11-10T14:29:35+00:00\" \/>\n<meta property=\"og:image\" content=\"https:\/\/i0.wp.com\/casadecampoliving.com\/wp-content\/uploads\/2022\/10\/Raysa_Fanjul_Michael_Stillman_Lian_Fanjul_de_Azqueta_Lyanne_Azqueta-1.jpg?fit=650%2C427&ssl=1\" \/>\n\t<meta property=\"og:image:width\" content=\"650\" \/>\n\t<meta property=\"og:image:height\" content=\"427\" \/>\n\t<meta property=\"og:image:type\" content=\"image\/jpeg\" \/>\n<meta name=\"author\" content=\"Felix Guerrero\" \/>\n<meta name=\"twitter:card\" content=\"summary_large_image\" \/>\n<meta name=\"twitter:creator\" content=\"@cdcliving\" \/>\n<meta name=\"twitter:site\" content=\"@cdcliving\" \/>\n<meta name=\"twitter:label1\" content=\"Escrito por\" \/>\n\t<meta name=\"twitter:data1\" content=\"Felix Guerrero\" \/>\n\t<meta name=\"twitter:label2\" content=\"Tiempo de lectura\" \/>\n\t<meta name=\"twitter:data2\" content=\"2 minutos\" \/>\n<script type=\"application\/ld+json\" class=\"yoast-schema-graph\">{\"@context\":\"https:\\\/\\\/schema.org\",\"@graph\":[{\"@type\":\"Article\",\"@id\":\"https:\\\/\\\/casadecampoliving.com\\\/es\\\/raysa-y-alfy-fanjul-recaudan-mas-de-us55000-para-la-fundacion-mir\\\/#article\",\"isPartOf\":{\"@id\":\"https:\\\/\\\/casadecampoliving.com\\\/es\\\/raysa-y-alfy-fanjul-recaudan-mas-de-us55000-para-la-fundacion-mir\\\/\"},\"author\":{\"name\":\"Felix Guerrero\",\"@id\":\"https:\\\/\\\/casadecampoliving.com\\\/es\\\/#\\\/schema\\\/person\\\/0d45cfc6e376a2f15ac9a92421bd4451\"},\"headline\":\"Raysa y Alfy Fanjul recaudan m\u00e1s de US$55,000 para la Fundaci\u00f3n MIR\",\"datePublished\":\"2015-03-08T04:00:00+00:00\",\"dateModified\":\"2022-11-10T14:29:35+00:00\",\"mainEntityOfPage\":{\"@id\":\"https:\\\/\\\/casadecampoliving.com\\\/es\\\/raysa-y-alfy-fanjul-recaudan-mas-de-us55000-para-la-fundacion-mir\\\/\"},\"wordCount\":505,\"publisher\":{\"@id\":\"https:\\\/\\\/casadecampoliving.com\\\/es\\\/#organization\"},\"image\":{\"@id\":\"https:\\\/\\\/casadecampoliving.com\\\/es\\\/raysa-y-alfy-fanjul-recaudan-mas-de-us55000-para-la-fundacion-mir\\\/#primaryimage\"},\"thumbnailUrl\":\"https:\\\/\\\/i0.wp.com\\\/casadecampoliving.com\\\/wp-content\\\/uploads\\\/2022\\\/10\\\/Raysa_Fanjul_Michael_Stillman_Lian_Fanjul_de_Azqueta_Lyanne_Azqueta-1.jpg?fit=650%2C427&ssl=1\",\"keywords\":[\"fondos\",\"Fundacion MIR @es\",\"Fundacion MIR\",\"miami beach\",\"Recaudaci\u00f3n de fondos\"],\"articleSection\":[\"M\u00e1s all\u00e1 de Casa\",\"Eventos\",\"Fundaci\u00f3n MIR @es\",\"Titulares\",\"Estilo de Vida\",\"Noticias Locales\",\"Fundaciones\",\"Proximamente\"],\"inLanguage\":\"es\"},{\"@type\":\"WebPage\",\"@id\":\"https:\\\/\\\/casadecampoliving.com\\\/es\\\/raysa-y-alfy-fanjul-recaudan-mas-de-us55000-para-la-fundacion-mir\\\/\",\"url\":\"https:\\\/\\\/casadecampoliving.com\\\/es\\\/raysa-y-alfy-fanjul-recaudan-mas-de-us55000-para-la-fundacion-mir\\\/\",\"name\":\"Raysa y Alfy Fanjul recaudan m\u00e1s de US$55,000 para la Fundaci\u00f3n MIR | Casa de Campo Living\",\"isPartOf\":{\"@id\":\"https:\\\/\\\/casadecampoliving.com\\\/es\\\/#website\"},\"primaryImageOfPage\":{\"@id\":\"https:\\\/\\\/casadecampoliving.com\\\/es\\\/raysa-y-alfy-fanjul-recaudan-mas-de-us55000-para-la-fundacion-mir\\\/#primaryimage\"},\"image\":{\"@id\":\"https:\\\/\\\/casadecampoliving.com\\\/es\\\/raysa-y-alfy-fanjul-recaudan-mas-de-us55000-para-la-fundacion-mir\\\/#primaryimage\"},\"thumbnailUrl\":\"https:\\\/\\\/i0.wp.com\\\/casadecampoliving.com\\\/wp-content\\\/uploads\\\/2022\\\/10\\\/Raysa_Fanjul_Michael_Stillman_Lian_Fanjul_de_Azqueta_Lyanne_Azqueta-1.jpg?fit=650%2C427&ssl=1\",\"datePublished\":\"2015-03-08T04:00:00+00:00\",\"dateModified\":\"2022-11-10T14:29:35+00:00\",\"description\":\"Siguiendo la gala \\\"Esplendor M\u00e1gico\\\" y el show de modas por Badgley Mischka presentado por Raysa y Alfy Fanjul el 17 de enero de este a\u00f1o, la Fundaci\u00f3n\",\"breadcrumb\":{\"@id\":\"https:\\\/\\\/casadecampoliving.com\\\/es\\\/raysa-y-alfy-fanjul-recaudan-mas-de-us55000-para-la-fundacion-mir\\\/#breadcrumb\"},\"inLanguage\":\"es\",\"potentialAction\":[{\"@type\":\"ReadAction\",\"target\":[\"https:\\\/\\\/casadecampoliving.com\\\/es\\\/raysa-y-alfy-fanjul-recaudan-mas-de-us55000-para-la-fundacion-mir\\\/\"]}]},{\"@type\":\"ImageObject\",\"inLanguage\":\"es\",\"@id\":\"https:\\\/\\\/casadecampoliving.com\\\/es\\\/raysa-y-alfy-fanjul-recaudan-mas-de-us55000-para-la-fundacion-mir\\\/#primaryimage\",\"url\":\"https:\\\/\\\/i0.wp.com\\\/casadecampoliving.com\\\/wp-content\\\/uploads\\\/2022\\\/10\\\/Raysa_Fanjul_Michael_Stillman_Lian_Fanjul_de_Azqueta_Lyanne_Azqueta-1.jpg?fit=650%2C427&ssl=1\",\"contentUrl\":\"https:\\\/\\\/i0.wp.com\\\/casadecampoliving.com\\\/wp-content\\\/uploads\\\/2022\\\/10\\\/Raysa_Fanjul_Michael_Stillman_Lian_Fanjul_de_Azqueta_Lyanne_Azqueta-1.jpg?fit=650%2C427&ssl=1\",\"width\":650,\"height\":427,\"caption\":\"Raysa Fanju,l Michael Stillman, Lian Fanjul de Azqueta y Lyanne Azqueta\"},{\"@type\":\"BreadcrumbList\",\"@id\":\"https:\\\/\\\/casadecampoliving.com\\\/es\\\/raysa-y-alfy-fanjul-recaudan-mas-de-us55000-para-la-fundacion-mir\\\/#breadcrumb\",\"itemListElement\":[{\"@type\":\"ListItem\",\"position\":1,\"name\":\"Home\",\"item\":\"https:\\\/\\\/casadecampoliving.com\\\/es\\\/\"},{\"@type\":\"ListItem\",\"position\":2,\"name\":\"Raysa y Alfy Fanjul recaudan m\u00e1s de US$55,000 para la Fundaci\u00f3n MIR\"}]},{\"@type\":\"WebSite\",\"@id\":\"https:\\\/\\\/casadecampoliving.com\\\/es\\\/#website\",\"url\":\"https:\\\/\\\/casadecampoliving.com\\\/es\\\/\",\"name\":\"Casa de Campo Living\",\"description\":\"Resort community news and resources.\",\"publisher\":{\"@id\":\"https:\\\/\\\/casadecampoliving.com\\\/es\\\/#organization\"},\"potentialAction\":[{\"@type\":\"SearchAction\",\"target\":{\"@type\":\"EntryPoint\",\"urlTemplate\":\"https:\\\/\\\/casadecampoliving.com\\\/es\\\/?s={search_term_string}\"},\"query-input\":{\"@type\":\"PropertyValueSpecification\",\"valueRequired\":true,\"valueName\":\"search_term_string\"}}],\"inLanguage\":\"es\"},{\"@type\":\"Organization\",\"@id\":\"https:\\\/\\\/casadecampoliving.com\\\/es\\\/#organization\",\"name\":\"Casa de Campo Living\",\"url\":\"https:\\\/\\\/casadecampoliving.com\\\/es\\\/\",\"logo\":{\"@type\":\"ImageObject\",\"inLanguage\":\"es\",\"@id\":\"https:\\\/\\\/casadecampoliving.com\\\/es\\\/#\\\/schema\\\/logo\\\/image\\\/\",\"url\":\"https:\\\/\\\/i0.wp.com\\\/casadecampoliving.com\\\/wp-content\\\/uploads\\\/2022\\\/07\\\/CDCLivingLogo_V1-white-sized.png?fit=800%2C214&ssl=1\",\"contentUrl\":\"https:\\\/\\\/i0.wp.com\\\/casadecampoliving.com\\\/wp-content\\\/uploads\\\/2022\\\/07\\\/CDCLivingLogo_V1-white-sized.png?fit=800%2C214&ssl=1\",\"width\":800,\"height\":214,\"caption\":\"Casa de Campo Living\"},\"image\":{\"@id\":\"https:\\\/\\\/casadecampoliving.com\\\/es\\\/#\\\/schema\\\/logo\\\/image\\\/\"},\"sameAs\":[\"https:\\\/\\\/www.facebook.com\\\/casadecampoliving\",\"https:\\\/\\\/x.com\\\/cdcliving\"]},{\"@type\":\"Person\",\"@id\":\"https:\\\/\\\/casadecampoliving.com\\\/es\\\/#\\\/schema\\\/person\\\/0d45cfc6e376a2f15ac9a92421bd4451\",\"name\":\"Felix Guerrero\",\"image\":{\"@type\":\"ImageObject\",\"inLanguage\":\"es\",\"@id\":\"https:\\\/\\\/secure.gravatar.com\\\/avatar\\\/14a8050b9491854cab6ae2240dcb42ad0fad787b7fa453ad0991fd1262157df3?s=96&d=mm&r=g\",\"url\":\"https:\\\/\\\/secure.gravatar.com\\\/avatar\\\/14a8050b9491854cab6ae2240dcb42ad0fad787b7fa453ad0991fd1262157df3?s=96&d=mm&r=g\",\"contentUrl\":\"https:\\\/\\\/secure.gravatar.com\\\/avatar\\\/14a8050b9491854cab6ae2240dcb42ad0fad787b7fa453ad0991fd1262157df3?s=96&d=mm&r=g\",\"caption\":\"Felix Guerrero\"},\"url\":\"https:\\\/\\\/casadecampoliving.com\\\/es\\\/author\\\/fguerrero\\\/\"}]}<\/script>\n<!-- \/ Yoast SEO plugin. -->","yoast_head_json":{"title":"Raysa y Alfy Fanjul recaudan m\u00e1s de US$55,000 para la Fundaci\u00f3n MIR | Casa de Campo Living","description":"Siguiendo la gala \"Esplendor M\u00e1gico\" y el show de modas por Badgley Mischka presentado por Raysa y Alfy Fanjul el 17 de enero de este a\u00f1o, la Fundaci\u00f3n","robots":{"index":"index","follow":"follow","max-snippet":"max-snippet:-1","max-image-preview":"max-image-preview:large","max-video-preview":"max-video-preview:-1"},"canonical":"https:\/\/casadecampoliving.com\/es\/raysa-y-alfy-fanjul-recaudan-mas-de-us55000-para-la-fundacion-mir\/","og_locale":"es_ES","og_type":"article","og_title":"Raysa y Alfy Fanjul recaudan m\u00e1s de US$55,000 para la Fundaci\u00f3n MIR | Casa de Campo Living","og_description":"Siguiendo la gala \"Esplendor M\u00e1gico\" y el show de modas por Badgley Mischka presentado por Raysa y Alfy Fanjul el 17 de enero de este a\u00f1o, la Fundaci\u00f3n","og_url":"https:\/\/casadecampoliving.com\/es\/raysa-y-alfy-fanjul-recaudan-mas-de-us55000-para-la-fundacion-mir\/","og_site_name":"Casa de Campo Living","article_publisher":"https:\/\/www.facebook.com\/casadecampoliving","article_published_time":"2015-03-08T04:00:00+00:00","article_modified_time":"2022-11-10T14:29:35+00:00","og_image":[{"width":650,"height":427,"url":"https:\/\/i0.wp.com\/casadecampoliving.com\/wp-content\/uploads\/2022\/10\/Raysa_Fanjul_Michael_Stillman_Lian_Fanjul_de_Azqueta_Lyanne_Azqueta-1.jpg?fit=650%2C427&ssl=1","type":"image\/jpeg"}],"author":"Felix Guerrero","twitter_card":"summary_large_image","twitter_creator":"@cdcliving","twitter_site":"@cdcliving","twitter_misc":{"Escrito por":"Felix Guerrero","Tiempo de lectura":"2 minutos"},"schema":{"@context":"https:\/\/schema.org","@graph":[{"@type":"Article","@id":"https:\/\/casadecampoliving.com\/es\/raysa-y-alfy-fanjul-recaudan-mas-de-us55000-para-la-fundacion-mir\/#article","isPartOf":{"@id":"https:\/\/casadecampoliving.com\/es\/raysa-y-alfy-fanjul-recaudan-mas-de-us55000-para-la-fundacion-mir\/"},"author":{"name":"Felix Guerrero","@id":"https:\/\/casadecampoliving.com\/es\/#\/schema\/person\/0d45cfc6e376a2f15ac9a92421bd4451"},"headline":"Raysa y Alfy Fanjul recaudan m\u00e1s de US$55,000 para la Fundaci\u00f3n MIR","datePublished":"2015-03-08T04:00:00+00:00","dateModified":"2022-11-10T14:29:35+00:00","mainEntityOfPage":{"@id":"https:\/\/casadecampoliving.com\/es\/raysa-y-alfy-fanjul-recaudan-mas-de-us55000-para-la-fundacion-mir\/"},"wordCount":505,"publisher":{"@id":"https:\/\/casadecampoliving.com\/es\/#organization"},"image":{"@id":"https:\/\/casadecampoliving.com\/es\/raysa-y-alfy-fanjul-recaudan-mas-de-us55000-para-la-fundacion-mir\/#primaryimage"},"thumbnailUrl":"https:\/\/i0.wp.com\/casadecampoliving.com\/wp-content\/uploads\/2022\/10\/Raysa_Fanjul_Michael_Stillman_Lian_Fanjul_de_Azqueta_Lyanne_Azqueta-1.jpg?fit=650%2C427&ssl=1","keywords":["fondos","Fundacion MIR @es","Fundacion MIR","miami beach","Recaudaci\u00f3n de fondos"],"articleSection":["M\u00e1s all\u00e1 de Casa","Eventos","Fundaci\u00f3n MIR @es","Titulares","Estilo de Vida","Noticias Locales","Fundaciones","Proximamente"],"inLanguage":"es"},{"@type":"WebPage","@id":"https:\/\/casadecampoliving.com\/es\/raysa-y-alfy-fanjul-recaudan-mas-de-us55000-para-la-fundacion-mir\/","url":"https:\/\/casadecampoliving.com\/es\/raysa-y-alfy-fanjul-recaudan-mas-de-us55000-para-la-fundacion-mir\/","name":"Raysa y Alfy Fanjul recaudan m\u00e1s de US$55,000 para la Fundaci\u00f3n MIR | Casa de Campo Living","isPartOf":{"@id":"https:\/\/casadecampoliving.com\/es\/#website"},"primaryImageOfPage":{"@id":"https:\/\/casadecampoliving.com\/es\/raysa-y-alfy-fanjul-recaudan-mas-de-us55000-para-la-fundacion-mir\/#primaryimage"},"image":{"@id":"https:\/\/casadecampoliving.com\/es\/raysa-y-alfy-fanjul-recaudan-mas-de-us55000-para-la-fundacion-mir\/#primaryimage"},"thumbnailUrl":"https:\/\/i0.wp.com\/casadecampoliving.com\/wp-content\/uploads\/2022\/10\/Raysa_Fanjul_Michael_Stillman_Lian_Fanjul_de_Azqueta_Lyanne_Azqueta-1.jpg?fit=650%2C427&ssl=1","datePublished":"2015-03-08T04:00:00+00:00","dateModified":"2022-11-10T14:29:35+00:00","description":"Siguiendo la gala \"Esplendor M\u00e1gico\" y el show de modas por Badgley Mischka presentado por Raysa y Alfy Fanjul el 17 de enero de este a\u00f1o, la Fundaci\u00f3n","breadcrumb":{"@id":"https:\/\/casadecampoliving.com\/es\/raysa-y-alfy-fanjul-recaudan-mas-de-us55000-para-la-fundacion-mir\/#breadcrumb"},"inLanguage":"es","potentialAction":[{"@type":"ReadAction","target":["https:\/\/casadecampoliving.com\/es\/raysa-y-alfy-fanjul-recaudan-mas-de-us55000-para-la-fundacion-mir\/"]}]},{"@type":"ImageObject","inLanguage":"es","@id":"https:\/\/casadecampoliving.com\/es\/raysa-y-alfy-fanjul-recaudan-mas-de-us55000-para-la-fundacion-mir\/#primaryimage","url":"https:\/\/i0.wp.com\/casadecampoliving.com\/wp-content\/uploads\/2022\/10\/Raysa_Fanjul_Michael_Stillman_Lian_Fanjul_de_Azqueta_Lyanne_Azqueta-1.jpg?fit=650%2C427&ssl=1","contentUrl":"https:\/\/i0.wp.com\/casadecampoliving.com\/wp-content\/uploads\/2022\/10\/Raysa_Fanjul_Michael_Stillman_Lian_Fanjul_de_Azqueta_Lyanne_Azqueta-1.jpg?fit=650%2C427&ssl=1","width":650,"height":427,"caption":"Raysa Fanju,l Michael Stillman, Lian Fanjul de Azqueta y Lyanne Azqueta"},{"@type":"BreadcrumbList","@id":"https:\/\/casadecampoliving.com\/es\/raysa-y-alfy-fanjul-recaudan-mas-de-us55000-para-la-fundacion-mir\/#breadcrumb","itemListElement":[{"@type":"ListItem","position":1,"name":"Home","item":"https:\/\/casadecampoliving.com\/es\/"},{"@type":"ListItem","position":2,"name":"Raysa y Alfy Fanjul recaudan m\u00e1s de US$55,000 para la Fundaci\u00f3n MIR"}]},{"@type":"WebSite","@id":"https:\/\/casadecampoliving.com\/es\/#website","url":"https:\/\/casadecampoliving.com\/es\/","name":"Casa de Campo Living","description":"Resort community news and resources.","publisher":{"@id":"https:\/\/casadecampoliving.com\/es\/#organization"},"potentialAction":[{"@type":"SearchAction","target":{"@type":"EntryPoint","urlTemplate":"https:\/\/casadecampoliving.com\/es\/?s={search_term_string}"},"query-input":{"@type":"PropertyValueSpecification","valueRequired":true,"valueName":"search_term_string"}}],"inLanguage":"es"},{"@type":"Organization","@id":"https:\/\/casadecampoliving.com\/es\/#organization","name":"Casa de Campo Living","url":"https:\/\/casadecampoliving.com\/es\/","logo":{"@type":"ImageObject","inLanguage":"es","@id":"https:\/\/casadecampoliving.com\/es\/#\/schema\/logo\/image\/","url":"https:\/\/i0.wp.com\/casadecampoliving.com\/wp-content\/uploads\/2022\/07\/CDCLivingLogo_V1-white-sized.png?fit=800%2C214&ssl=1","contentUrl":"https:\/\/i0.wp.com\/casadecampoliving.com\/wp-content\/uploads\/2022\/07\/CDCLivingLogo_V1-white-sized.png?fit=800%2C214&ssl=1","width":800,"height":214,"caption":"Casa de Campo Living"},"image":{"@id":"https:\/\/casadecampoliving.com\/es\/#\/schema\/logo\/image\/"},"sameAs":["https:\/\/www.facebook.com\/casadecampoliving","https:\/\/x.com\/cdcliving"]},{"@type":"Person","@id":"https:\/\/casadecampoliving.com\/es\/#\/schema\/person\/0d45cfc6e376a2f15ac9a92421bd4451","name":"Felix Guerrero","image":{"@type":"ImageObject","inLanguage":"es","@id":"https:\/\/secure.gravatar.com\/avatar\/14a8050b9491854cab6ae2240dcb42ad0fad787b7fa453ad0991fd1262157df3?s=96&d=mm&r=g","url":"https:\/\/secure.gravatar.com\/avatar\/14a8050b9491854cab6ae2240dcb42ad0fad787b7fa453ad0991fd1262157df3?s=96&d=mm&r=g","contentUrl":"https:\/\/secure.gravatar.com\/avatar\/14a8050b9491854cab6ae2240dcb42ad0fad787b7fa453ad0991fd1262157df3?s=96&d=mm&r=g","caption":"Felix Guerrero"},"url":"https:\/\/casadecampoliving.com\/es\/author\/fguerrero\/"}]}},"parsely":{"version":"1.1.0","canonical_url":"https:\/\/casadecampoliving.com\/es\/raysa-y-alfy-fanjul-recaudan-mas-de-us55000-para-la-fundacion-mir\/","smart_links":{"inbound":0,"outbound":0},"traffic_boost_suggestions_count":0,"meta":{"@context":"https:\/\/schema.org","@type":"NewsArticle","headline":"Raysa y Alfy Fanjul recaudan m\u00e1s de US$55,000 para la Fundaci\u00f3n MIR","url":"http:\/\/casadecampoliving.com\/es\/raysa-y-alfy-fanjul-recaudan-mas-de-us55000-para-la-fundacion-mir\/","mainEntityOfPage":{"@type":"WebPage","@id":"http:\/\/casadecampoliving.com\/es\/raysa-y-alfy-fanjul-recaudan-mas-de-us55000-para-la-fundacion-mir\/"},"thumbnailUrl":"https:\/\/i0.wp.com\/casadecampoliving.com\/wp-content\/uploads\/2022\/10\/Raysa_Fanjul_Michael_Stillman_Lian_Fanjul_de_Azqueta_Lyanne_Azqueta-1.jpg?resize=150%2C150&ssl=1","image":{"@type":"ImageObject","url":"https:\/\/i0.wp.com\/casadecampoliving.com\/wp-content\/uploads\/2022\/10\/Raysa_Fanjul_Michael_Stillman_Lian_Fanjul_de_Azqueta_Lyanne_Azqueta-1.jpg?fit=650%2C427&ssl=1"},"articleSection":"M\u00e1s all\u00e1 de Casa","author":[{"@type":"Person","name":"Felix Guerrero"}],"creator":["Felix Guerrero"],"publisher":{"@type":"Organization","name":"Casa de Campo Living","logo":"https:\/\/casadecampoliving.com\/wp-content\/uploads\/2022\/07\/CDCLivingLogo_V1-white-sized.png"},"keywords":["fondos","fundacion mir @es","fundacion mir","miami beach","recaudaci\u00f3n de fondos"],"dateCreated":"2015-03-08T04:00:00Z","datePublished":"2015-03-08T04:00:00Z","dateModified":"2022-11-10T14:29:35Z"},"rendered":"<script type=\"application\/ld+json\" class=\"wp-parsely-metadata\">{\"@context\":\"https:\\\/\\\/schema.org\",\"@type\":\"NewsArticle\",\"headline\":\"Raysa y Alfy Fanjul recaudan m\\u00e1s de US$55,000 para la Fundaci\\u00f3n MIR\",\"url\":\"http:\\\/\\\/casadecampoliving.com\\\/es\\\/raysa-y-alfy-fanjul-recaudan-mas-de-us55000-para-la-fundacion-mir\\\/\",\"mainEntityOfPage\":{\"@type\":\"WebPage\",\"@id\":\"http:\\\/\\\/casadecampoliving.com\\\/es\\\/raysa-y-alfy-fanjul-recaudan-mas-de-us55000-para-la-fundacion-mir\\\/\"},\"thumbnailUrl\":\"https:\\\/\\\/i0.wp.com\\\/casadecampoliving.com\\\/wp-content\\\/uploads\\\/2022\\\/10\\\/Raysa_Fanjul_Michael_Stillman_Lian_Fanjul_de_Azqueta_Lyanne_Azqueta-1.jpg?resize=150%2C150&ssl=1\",\"image\":{\"@type\":\"ImageObject\",\"url\":\"https:\\\/\\\/i0.wp.com\\\/casadecampoliving.com\\\/wp-content\\\/uploads\\\/2022\\\/10\\\/Raysa_Fanjul_Michael_Stillman_Lian_Fanjul_de_Azqueta_Lyanne_Azqueta-1.jpg?fit=650%2C427&ssl=1\"},\"articleSection\":\"M\\u00e1s all\\u00e1 de Casa\",\"author\":[{\"@type\":\"Person\",\"name\":\"Felix Guerrero\"}],\"creator\":[\"Felix Guerrero\"],\"publisher\":{\"@type\":\"Organization\",\"name\":\"Casa de Campo Living\",\"logo\":\"https:\\\/\\\/casadecampoliving.com\\\/wp-content\\\/uploads\\\/2022\\\/07\\\/CDCLivingLogo_V1-white-sized.png\"},\"keywords\":[\"fondos\",\"fundacion mir @es\",\"fundacion mir\",\"miami beach\",\"recaudaci\\u00f3n de fondos\"],\"dateCreated\":\"2015-03-08T04:00:00Z\",\"datePublished\":\"2015-03-08T04:00:00Z\",\"dateModified\":\"2022-11-10T14:29:35Z\"}<\/script>","tracker_url":"https:\/\/cdn.parsely.com\/keys\/casadecampoliving.com\/p.js"},"jetpack_publicize_connections":[],"jetpack_featured_media_url":"https:\/\/i0.wp.com\/casadecampoliving.com\/wp-content\/uploads\/2022\/10\/Raysa_Fanjul_Michael_Stillman_Lian_Fanjul_de_Azqueta_Lyanne_Azqueta-1.jpg?fit=650%2C427&ssl=1","jetpack-related-posts":[{"id":325349,"url":"https:\/\/casadecampoliving.com\/raysa-alfy-fanjul-raise-us55000-mir-miami-fundraiser\/","url_meta":{"origin":346897,"position":0},"title":"Raysa &#038; Alfy Fanjul raise over US$55,000 for Fundaci\u00f3n MIR","author":"Rebecca Silvestri","date":"8 Mar, 2015","format":false,"excerpt":"Following the Magical Splendor gala with fashion show by Badgley Mischka hosted by\u00a0Raysa and Alfy Fanjul on January 17th of this year, the Fundaci\u00f3n MIR continued it's 25th anniversary celebrations with a fundraiser in Miami Beach at the end of February. The Grand Opening of Quality Meats Miami Beach hosted\u2026","rel":"","context":"En \u00abBeyond Casa\u00bb","block_context":{"text":"Beyond Casa","link":"https:\/\/casadecampoliving.com\/category\/beyond-casa\/"},"img":{"alt_text":"Raysa Fanju,l Michael Stillman, Lian Fanjul de Azqueta y Lyanne Azqueta","src":"https:\/\/i0.wp.com\/casadecampoliving.com\/wp-content\/uploads\/2022\/10\/Raysa_Fanjul_Michael_Stillman_Lian_Fanjul_de_Azqueta_Lyanne_Azqueta-1.jpg?fit=650%2C427&ssl=1&resize=350%2C200","width":350,"height":200,"srcset":"https:\/\/i0.wp.com\/casadecampoliving.com\/wp-content\/uploads\/2022\/10\/Raysa_Fanjul_Michael_Stillman_Lian_Fanjul_de_Azqueta_Lyanne_Azqueta-1.jpg?fit=650%2C427&ssl=1&resize=350%2C200 1x, https:\/\/i0.wp.com\/casadecampoliving.com\/wp-content\/uploads\/2022\/10\/Raysa_Fanjul_Michael_Stillman_Lian_Fanjul_de_Azqueta_Lyanne_Azqueta-1.jpg?fit=650%2C427&ssl=1&resize=525%2C300 1.5x"},"classes":[]},{"id":346721,"url":"https:\/\/casadecampoliving.com\/es\/carnes-de-calidad-recaudacion-de-fondos-para-la-fundacion-mir-en-miami\/","url_meta":{"origin":346897,"position":1},"title":"Carnes de Calidad. Recaudaci\u00f3n de fondos para la Fundaci\u00f3n MIR en Miami","author":"Perkin Agramonte","date":"15 Feb, 2015","format":false,"excerpt":"\u00a1El Quality Meats Steakhouse en Nueva York est\u00e1 apunto de abrir en Miami Beach y para celebrarlo estar\u00e1n dando una gran fiesta de apertura el jueves 26 de febrero destinando el 100% de las entradas vendidas a las escuelas de la Fundaci\u00f3n MIR! La velada estar\u00e1 en manos de Raysa\u2026","rel":"","context":"En \u00abComidas &amp; Bebidas\u00bb","block_context":{"text":"Comidas &amp; Bebidas","link":"https:\/\/casadecampoliving.com\/es\/category\/comidas-bebidas\/"},"img":{"alt_text":"Quality Meats Miami Beach","src":"https:\/\/i0.wp.com\/casadecampoliving.com\/wp-content\/uploads\/2022\/10\/Quality_Meats_Miami_Beach-1.jpg?fit=650%2C433&ssl=1&resize=350%2C200","width":350,"height":200,"srcset":"https:\/\/i0.wp.com\/casadecampoliving.com\/wp-content\/uploads\/2022\/10\/Quality_Meats_Miami_Beach-1.jpg?fit=650%2C433&ssl=1&resize=350%2C200 1x, https:\/\/i0.wp.com\/casadecampoliving.com\/wp-content\/uploads\/2022\/10\/Quality_Meats_Miami_Beach-1.jpg?fit=650%2C433&ssl=1&resize=525%2C300 1.5x"},"classes":[]},{"id":343416,"url":"https:\/\/casadecampoliving.com\/es\/raysa-alfy-franjul-esplendor-magico\/","url_meta":{"origin":346897,"position":2},"title":"Raysa y Alfy Fanjul los invitan al Esplendor M\u00e1gico por la Vida","author":"Perkin Agramonte","date":"9 Dic, 2013","format":false,"excerpt":"\u00a1Anota la fecha! Porque la vig\u00e9simo tercera entrega de Esplendor M\u00e1gico por la Vida por la Fundaci\u00f3n MIR esta pactado para el 18 de enero del 2014. Este a\u00f1o, Esplendor M\u00e1gico por la Vida Fundaci\u00f3n MIR, uno de los eventos sociales m\u00e1s elegantes y que m\u00e1s fondos recauda para la\u2026","rel":"","context":"En \u00abDestacados\u00bb","block_context":{"text":"Destacados","link":"https:\/\/casadecampoliving.com\/es\/category\/destacados\/"},"img":{"alt_text":"Fundacion MIR Angel Sanchez fashion show","src":"https:\/\/i0.wp.com\/casadecampoliving.com\/wp-content\/uploads\/2022\/10\/fundacion_MIR_angel_sanchez1-1.jpg?fit=650%2C550&ssl=1&resize=350%2C200","width":350,"height":200,"srcset":"https:\/\/i0.wp.com\/casadecampoliving.com\/wp-content\/uploads\/2022\/10\/fundacion_MIR_angel_sanchez1-1.jpg?fit=650%2C550&ssl=1&resize=350%2C200 1x, https:\/\/i0.wp.com\/casadecampoliving.com\/wp-content\/uploads\/2022\/10\/fundacion_MIR_angel_sanchez1-1.jpg?fit=650%2C550&ssl=1&resize=525%2C300 1.5x"},"classes":[]},{"id":353868,"url":"https:\/\/casadecampoliving.com\/es\/guarde-la-fecha-para-la-gala-de-esplendor-magico-para-la-vida-este-enero-de-2021\/","url_meta":{"origin":346897,"position":3},"title":"\u00a1Guarde la fecha para la Gala de Esplendor M\u00e1gico para la Vida este enero de 2021!","author":"Casa de Campo Living","date":"2 Oct, 2020","format":false,"excerpt":"\u00a1Reserve la fecha! La 31\u00aa edici\u00f3n anual de Magical Splendor for Life de la Fundaci\u00f3n MIR est\u00e1 programada para el s\u00e1bado 16 de enero de 2021. El evento anual de recaudaci\u00f3n de fondos organizado por Alfy y Raysa Fanjul es uno de los eventos m\u00e1s esperados por la comunidad de\u2026","rel":"","context":"En \u00abCasa de Campo Living @es\u00bb","block_context":{"text":"Casa de Campo Living @es","link":"https:\/\/casadecampoliving.com\/category\/casa-de-campo-living-es\/"},"img":{"alt_text":"","src":"https:\/\/i0.wp.com\/casadecampoliving.com\/wp-content\/uploads\/2022\/10\/BDC_3686-1.jpg?fit=1000%2C667&ssl=1&resize=350%2C200","width":350,"height":200,"srcset":"https:\/\/i0.wp.com\/casadecampoliving.com\/wp-content\/uploads\/2022\/10\/BDC_3686-1.jpg?fit=1000%2C667&ssl=1&resize=350%2C200 1x, https:\/\/i0.wp.com\/casadecampoliving.com\/wp-content\/uploads\/2022\/10\/BDC_3686-1.jpg?fit=1000%2C667&ssl=1&resize=525%2C300 1.5x, https:\/\/i0.wp.com\/casadecampoliving.com\/wp-content\/uploads\/2022\/10\/BDC_3686-1.jpg?fit=1000%2C667&ssl=1&resize=700%2C400 2x"},"classes":[]},{"id":352962,"url":"https:\/\/casadecampoliving.com\/es\/anote-la-fecha-para-la-29a-gala-esplendor-magico-para-la-vida-este-enero-de-2019\/","url_meta":{"origin":346897,"position":4},"title":"\u00a1Anote la fecha para la 29\u00aa Gala Esplendor M\u00e1gico para la Vida este enero de 2019!","author":"Casa de Campo Living","date":"23 Oct, 2018","format":false,"excerpt":"\u00a1Guarde la fecha! La 29\u00ba Gala Esplendor M\u00e1gico para la vida anual de la Fundaci\u00f3n MIR est\u00e1 programado para el s\u00e1bado 19 de enero de 2018. El evento anual de recaudaci\u00f3n de fondos organizado por Alfy y Raysa Fanjul reune a personas de todo el mundo en el complejo Casa\u2026","rel":"","context":"En \u00abEstilo de Vida\u00bb","block_context":{"text":"Estilo de Vida","link":"https:\/\/casadecampoliving.com\/es\/category\/estilo-de-vida\/"},"img":{"alt_text":"","src":"https:\/\/i0.wp.com\/casadecampoliving.com\/wp-content\/uploads\/2018\/10\/DNP-2374.jpg?resize=350%2C200&ssl=1","width":350,"height":200,"srcset":"https:\/\/i0.wp.com\/casadecampoliving.com\/wp-content\/uploads\/2018\/10\/DNP-2374.jpg?resize=350%2C200&ssl=1 1x, https:\/\/i0.wp.com\/casadecampoliving.com\/wp-content\/uploads\/2018\/10\/DNP-2374.jpg?resize=525%2C300&ssl=1 1.5x, https:\/\/i0.wp.com\/casadecampoliving.com\/wp-content\/uploads\/2018\/10\/DNP-2374.jpg?resize=700%2C400&ssl=1 2x"},"classes":[]},{"id":339879,"url":"https:\/\/casadecampoliving.com\/es\/reserve-la-fecha-alfy-y-raysa-fanjul-les-invita-al-xxii-esplendor-magico-por-la-vida-de-mir-sab-19-de-enero-2013\/","url_meta":{"origin":346897,"position":5},"title":"Reserve la fecha! Alfy y Raysa Fanjul les invita al XXII Esplendor M\u00e1gico por la Vida de MIR: s\u00e1b 19 de enero, 2013","author":"","date":"7 Oct, 2012","format":false,"excerpt":"Reserve la fecha! El XXII Esplendor M\u00e1gico Por La Vida de la Fundaci\u00f3n MIR est\u00e1 pautado para el s\u00e1bado 19 de enero de 2013. Este a\u00f1o, el Esplendor M\u00e1gico Por La Vida de la Fundaci\u00f3n MIR, uno de los eventos sociales y ocasiones ben\u00e9ficas de Casa de Campo m\u00e1s elegantes,\u2026","rel":"","context":"En \u00abEstilo de Vida\u00bb","block_context":{"text":"Estilo de Vida","link":"https:\/\/casadecampoliving.com\/es\/category\/estilo-de-vida\/"},"img":{"alt_text":"fundacion MIR","src":"https:\/\/i0.wp.com\/casadecampoliving.com\/wp-content\/uploads\/2022\/10\/fundacion_MIR-3.jpg?fit=650%2C445&ssl=1&resize=350%2C200","width":350,"height":200,"srcset":"https:\/\/i0.wp.com\/casadecampoliving.com\/wp-content\/uploads\/2022\/10\/fundacion_MIR-3.jpg?fit=650%2C445&ssl=1&resize=350%2C200 1x, https:\/\/i0.wp.com\/casadecampoliving.com\/wp-content\/uploads\/2022\/10\/fundacion_MIR-3.jpg?fit=650%2C445&ssl=1&resize=525%2C300 1.5x"},"classes":[]}],"jetpack_sharing_enabled":true,"_links":{"self":[{"href":"https:\/\/casadecampoliving.com\/es\/wp-json\/wp\/v2\/posts\/346897","targetHints":{"allow":["GET"]}}],"collection":[{"href":"https:\/\/casadecampoliving.com\/es\/wp-json\/wp\/v2\/posts"}],"about":[{"href":"https:\/\/casadecampoliving.com\/es\/wp-json\/wp\/v2\/types\/post"}],"author":[{"embeddable":true,"href":"https:\/\/casadecampoliving.com\/es\/wp-json\/wp\/v2\/users\/34707"}],"replies":[{"embeddable":true,"href":"https:\/\/casadecampoliving.com\/es\/wp-json\/wp\/v2\/comments?post=346897"}],"version-history":[{"count":2,"href":"https:\/\/casadecampoliving.com\/es\/wp-json\/wp\/v2\/posts\/346897\/revisions"}],"predecessor-version":[{"id":506373,"href":"https:\/\/casadecampoliving.com\/es\/wp-json\/wp\/v2\/posts\/346897\/revisions\/506373"}],"wp:featuredmedia":[{"embeddable":true,"href":"https:\/\/casadecampoliving.com\/es\/wp-json\/wp\/v2\/media\/281804"}],"wp:attachment":[{"href":"https:\/\/casadecampoliving.com\/es\/wp-json\/wp\/v2\/media?parent=346897"}],"wp:term":[{"taxonomy":"category","embeddable":true,"href":"https:\/\/casadecampoliving.com\/es\/wp-json\/wp\/v2\/categories?post=346897"},{"taxonomy":"post_tag","embeddable":true,"href":"https:\/\/casadecampoliving.com\/es\/wp-json\/wp\/v2\/tags?post=346897"},{"taxonomy":"newspack_spnsrs_tax","embeddable":true,"href":"https:\/\/casadecampoliving.com\/es\/wp-json\/wp\/v2\/newspack_spnsrs_tax?post=346897"}],"curies":[{"name":"wp","href":"https:\/\/api.w.org\/{rel}","templated":true}]}}