{"id":346865,"date":"2015-03-02T00:00:00","date_gmt":"2015-03-02T04:00:00","guid":{"rendered":"https:\/\/casadecampoliving.com\/alerta-de-rumor-andrea-bocelli-vuelve-altos-de-chavon\/"},"modified":"2022-10-21T19:02:25","modified_gmt":"2022-10-21T23:02:25","slug":"alerta-de-rumor-andrea-bocelli-vuelve-altos-de-chavon","status":"publish","type":"post","link":"https:\/\/casadecampoliving.com\/es\/alerta-de-rumor-andrea-bocelli-vuelve-altos-de-chavon\/","title":{"rendered":"\u00a1Alerta de rumor! Andrea Bocelli vuelve a Altos de Chav\u00f3n"},"content":{"rendered":"<div class=\"wp-block-image\">\n<figure class=\"aligncenter is-resized\"><img loading=\"lazy\" decoding=\"async\" src=\"https:\/\/i0.wp.com\/casadecampoliving.com\/wp-content\/uploads\/2022\/10\/Andrea_Bocelli_Altos_de_Chavon_amphitheater-11.jpg?resize=650%2C384&amp;ssl=1\" alt=\"Andrea Bocelli, Altos de Chavon amphitheater\" class=\"wp-image-109327\" height=\"384\" width=\"650\"\/><\/figure>\n<\/div>\n\n\n<p>\u00a1Ya confirmado!&nbsp;<a href=\"https:\/\/casadecampoliving.com\/es\/confirmado-concierto-de-andrea-bocelli-detalles-precios-de-las-boletas\/\">Favor haga click aqu\u00ed para todas las detalles!&nbsp;<\/a><\/p>\n\n\n\n<!--more-->\n\n\n\n<p>\u00a1Simplemente maravillosas noticias! Acabamos de escuchar el MUY emocionante rumor de que Andrea Bocelli dar\u00e1 un concierto aqu\u00ed en Casa de Campo el S\u00e1bado Santo (4 de abril).<\/p>\n\n\n<div class=\"wp-block-image\">\n<figure class=\"alignright is-resized\"><img loading=\"lazy\" decoding=\"async\" src=\"https:\/\/i0.wp.com\/casadecampoliving.com\/wp-content\/uploads\/2022\/10\/Andrea_Bocelli_Altos_de_Chavon_amphitheater.jpg?resize=306%2C273&amp;ssl=1\" alt=\"Andrea Bocelli, Altos de Chavon amphitheater\" class=\"wp-image-109325\" height=\"273\" width=\"306\"\/><\/figure>\n<\/div>\n\n\n<p>El concierto de S\u00e1bado Santo siempre es uno de los m\u00e1s anticipados del calendario de Casa de Campo y estamos emocionados por la posibilidad de tener a tan internacionalmente famosos y enormemente talentoso artista con nosotros una vez m\u00e1s.<\/p>\n\n\n\n<p>La ultima vez que Andrea Bocelli se present\u00f3 en el Anfiteatro de Altos de Chav\u00f3n fue el 30 de abril del 2009, y nos dej\u00f3 impactados. No hay duda alguna de que fue uno de los mejores conciertos que alguna vez se haya hecho en nuestro ic\u00f3nico anfiteatro de 5,000 asientos.<\/p>\n\n\n\n<p><em><strong>\u201cCon la m\u00fasica de la Orquesta Sinf\u00f3nica Nacional completa, esta fue una experiencia muy satisfactoria, lo que explica por qu\u00e9 hubo varias ovaciones de pie \u2013 una para cada uno de los seis o siete bises que realiz\u00f3, cada uno mejor que el anterior.\u201d<\/strong> <\/em>dijo Philip Silvestri, fundador y CEO de SILGON, despu\u00e9s de la actuaci\u00f3n de Andrea Bocelli en 2009 en el anfiteatro de Altos de Chav\u00f3n.<\/p>\n\n\n\n<p>Tambi\u00e9n, el S\u00e1bado Santo (4 de abril) se llevar\u00e1 a cabo la edici\u00f3n n\u00famero 11 del torneo de polo Copa Semana Santa de Casa de Campo anual presentado por la revista CasaLife. <a href=\"https:\/\/casadecampoliving.com\/es\/casalife-presenta-la-11o-casa-de-campo-copa-semana-santa\/\">Haga click aqu\u00ed para m\u00e1s detalles.<\/a><\/p>\n\n\n\n<p>\u00a1No podemos esperar! Tan pronto como tengamos m\u00e1s detalles les dejaremos saber.&nbsp;Por ahora lo \u00fanico que puede hacer es empezar a disfrutar de los siguientes videos de Andrea Bocelli en Altos de Chav\u00f3n en 2009. [La calidad de v\u00eddeo puede no ser la mejor, pero la voz, la voz es impresionante.]<\/p>\n\n\n\n<p><iframe loading=\"lazy\" src=\"https:\/\/www.youtube.com\/embed\/MrPAPZ3zbH4\" width=\"640\" height=\"480\" frameborder=\"0\" allowfullscreen=\"allowfullscreen\"><\/iframe><\/p>\n\n\n\n<p><iframe loading=\"lazy\" src=\"https:\/\/www.youtube.com\/embed\/ec6EvXgknWk\" width=\"640\" height=\"480\" frameborder=\"0\" allowfullscreen=\"allowfullscreen\"><\/iframe><\/p>\n","protected":false},"excerpt":{"rendered":"<p>\u00a1Ya confirmado!&nbsp;Favor haga click aqu\u00ed para todas las detalles!&nbsp;<\/p>\n","protected":false},"author":31,"featured_media":280853,"comment_status":"closed","ping_status":"closed","sticky":false,"template":"","format":"standard","meta":{"newspack_ads_suppress_ads":false,"newspack_popups_has_disabled_popups":false,"newspack_sponsor_sponsorship_scope":"","newspack_sponsor_native_byline_display":"inherit","newspack_sponsor_native_category_display":"inherit","newspack_sponsor_underwriter_style":"inherit","newspack_sponsor_underwriter_placement":"inherit","_newspack_byline_active":false,"_newspack_byline":"","newspack_hide_updated_date":false,"newspack_show_updated_date":false,"newspack_content_restriction_is_exempt":false,"newspack_featured_image_position":"","newspack_post_subtitle":"","newspack_article_summary_title":"Overview:","newspack_article_summary":"","_jetpack_memberships_contains_paid_content":false,"footnotes":"","jetpack_publicize_message":"","jetpack_publicize_feature_enabled":true,"jetpack_social_post_already_shared":false,"jetpack_social_options":{"image_generator_settings":{"template":"highway","default_image_id":0,"font":"","enabled":false},"version":2},"_wpas_customize_per_network":false},"categories":[26819,26823,2518,14625,14627,2526],"tags":[15387,12126,2814,2604,6152,4005],"newspack_spnsrs_tax":[],"class_list":["post-346865","post","type-post","status-publish","format-standard","has-post-thumbnail","hentry","category-altos-de-chavon-es","category-arte-y-cultura","category-conciertos-es","category-noticias-locales","category-proximamente","category-titulares-es","tag-altos-de-chavon-es","tag-andrea-bocelli-es","tag-anfiteatro","tag-anfiteatro-altos-de-chavon","tag-sabado-santo-es","tag-semana-santa-es","entry"],"yoast_head":"<!-- This site is optimized with the Yoast SEO plugin v27.5 - https:\/\/yoast.com\/product\/yoast-seo-wordpress\/ -->\n<title>\u00a1Alerta de rumor! Andrea Bocelli vuelve a Altos de Chav\u00f3n | Casa de Campo Living<\/title>\n<meta name=\"description\" content=\"\u00a1Ya confirmado!&nbsp;Favor haga click aqu\u00ed para todas las detalles!&nbsp; \u00a1Simplemente maravillosas noticias! Acabamos de escuchar el MUY emocionante\" \/>\n<meta name=\"robots\" content=\"index, follow, max-snippet:-1, max-image-preview:large, max-video-preview:-1\" \/>\n<link rel=\"canonical\" href=\"https:\/\/casadecampoliving.com\/es\/alerta-de-rumor-andrea-bocelli-vuelve-altos-de-chavon\/\" \/>\n<meta property=\"og:locale\" content=\"es_ES\" \/>\n<meta property=\"og:type\" content=\"article\" \/>\n<meta property=\"og:title\" content=\"\u00a1Alerta de rumor! Andrea Bocelli vuelve a Altos de Chav\u00f3n | Casa de Campo Living\" \/>\n<meta property=\"og:description\" content=\"\u00a1Ya confirmado!&nbsp;Favor haga click aqu\u00ed para todas las detalles!&nbsp; \u00a1Simplemente maravillosas noticias! Acabamos de escuchar el MUY emocionante\" \/>\n<meta property=\"og:url\" content=\"https:\/\/casadecampoliving.com\/es\/alerta-de-rumor-andrea-bocelli-vuelve-altos-de-chavon\/\" \/>\n<meta property=\"og:site_name\" content=\"Casa de Campo Living\" \/>\n<meta property=\"article:publisher\" content=\"https:\/\/www.facebook.com\/casadecampoliving\" \/>\n<meta property=\"article:published_time\" content=\"2015-03-02T04:00:00+00:00\" \/>\n<meta property=\"article:modified_time\" content=\"2022-10-21T23:02:25+00:00\" \/>\n<meta property=\"og:image\" content=\"https:\/\/i0.wp.com\/casadecampoliving.com\/wp-content\/uploads\/2022\/10\/Andrea_Bocelli_Altos_de_Chavon_amphitheater-11-1.jpg?fit=650%2C384&ssl=1\" \/>\n\t<meta property=\"og:image:width\" content=\"650\" \/>\n\t<meta property=\"og:image:height\" content=\"384\" \/>\n\t<meta property=\"og:image:type\" content=\"image\/jpeg\" \/>\n<meta name=\"author\" content=\"Rebecca Silvestri\" \/>\n<meta name=\"twitter:card\" content=\"summary_large_image\" \/>\n<meta name=\"twitter:creator\" content=\"@cdcliving\" \/>\n<meta name=\"twitter:site\" content=\"@cdcliving\" \/>\n<meta name=\"twitter:label1\" content=\"Escrito por\" \/>\n\t<meta name=\"twitter:data1\" content=\"Rebecca Silvestri\" \/>\n\t<meta name=\"twitter:label2\" content=\"Tiempo de lectura\" \/>\n\t<meta name=\"twitter:data2\" content=\"1 minuto\" \/>\n<script type=\"application\/ld+json\" class=\"yoast-schema-graph\">{\"@context\":\"https:\\\/\\\/schema.org\",\"@graph\":[{\"@type\":\"Article\",\"@id\":\"https:\\\/\\\/casadecampoliving.com\\\/es\\\/alerta-de-rumor-andrea-bocelli-vuelve-altos-de-chavon\\\/#article\",\"isPartOf\":{\"@id\":\"https:\\\/\\\/casadecampoliving.com\\\/es\\\/alerta-de-rumor-andrea-bocelli-vuelve-altos-de-chavon\\\/\"},\"author\":{\"name\":\"Rebecca Silvestri\",\"@id\":\"https:\\\/\\\/casadecampoliving.com\\\/es\\\/#\\\/schema\\\/person\\\/2b2208f3175fa8761e25b272e096d718\"},\"headline\":\"\u00a1Alerta de rumor! Andrea Bocelli vuelve a Altos de Chav\u00f3n\",\"datePublished\":\"2015-03-02T04:00:00+00:00\",\"dateModified\":\"2022-10-21T23:02:25+00:00\",\"mainEntityOfPage\":{\"@id\":\"https:\\\/\\\/casadecampoliving.com\\\/es\\\/alerta-de-rumor-andrea-bocelli-vuelve-altos-de-chavon\\\/\"},\"wordCount\":310,\"publisher\":{\"@id\":\"https:\\\/\\\/casadecampoliving.com\\\/es\\\/#organization\"},\"image\":{\"@id\":\"https:\\\/\\\/casadecampoliving.com\\\/es\\\/alerta-de-rumor-andrea-bocelli-vuelve-altos-de-chavon\\\/#primaryimage\"},\"thumbnailUrl\":\"https:\\\/\\\/i0.wp.com\\\/casadecampoliving.com\\\/wp-content\\\/uploads\\\/2022\\\/10\\\/Andrea_Bocelli_Altos_de_Chavon_amphitheater-11-1.jpg?fit=650%2C384&ssl=1\",\"keywords\":[\"Altos de Chavon\",\"andrea bocelli @es\",\"anfiteatro\",\"anfiteatro altos de chavon\",\"sabado santo @es\",\"semana santa @es\"],\"articleSection\":[\"Altos de Chavon @es\",\"Arte y cultura\",\"Conciertos\",\"Noticias Locales\",\"Proximamente\",\"Titulares\"],\"inLanguage\":\"es\"},{\"@type\":\"WebPage\",\"@id\":\"https:\\\/\\\/casadecampoliving.com\\\/es\\\/alerta-de-rumor-andrea-bocelli-vuelve-altos-de-chavon\\\/\",\"url\":\"https:\\\/\\\/casadecampoliving.com\\\/es\\\/alerta-de-rumor-andrea-bocelli-vuelve-altos-de-chavon\\\/\",\"name\":\"\u00a1Alerta de rumor! Andrea Bocelli vuelve a Altos de Chav\u00f3n | Casa de Campo Living\",\"isPartOf\":{\"@id\":\"https:\\\/\\\/casadecampoliving.com\\\/es\\\/#website\"},\"primaryImageOfPage\":{\"@id\":\"https:\\\/\\\/casadecampoliving.com\\\/es\\\/alerta-de-rumor-andrea-bocelli-vuelve-altos-de-chavon\\\/#primaryimage\"},\"image\":{\"@id\":\"https:\\\/\\\/casadecampoliving.com\\\/es\\\/alerta-de-rumor-andrea-bocelli-vuelve-altos-de-chavon\\\/#primaryimage\"},\"thumbnailUrl\":\"https:\\\/\\\/i0.wp.com\\\/casadecampoliving.com\\\/wp-content\\\/uploads\\\/2022\\\/10\\\/Andrea_Bocelli_Altos_de_Chavon_amphitheater-11-1.jpg?fit=650%2C384&ssl=1\",\"datePublished\":\"2015-03-02T04:00:00+00:00\",\"dateModified\":\"2022-10-21T23:02:25+00:00\",\"description\":\"\u00a1Ya confirmado!&nbsp;Favor haga click aqu\u00ed para todas las detalles!&nbsp; \u00a1Simplemente maravillosas noticias! Acabamos de escuchar el MUY emocionante\",\"breadcrumb\":{\"@id\":\"https:\\\/\\\/casadecampoliving.com\\\/es\\\/alerta-de-rumor-andrea-bocelli-vuelve-altos-de-chavon\\\/#breadcrumb\"},\"inLanguage\":\"es\",\"potentialAction\":[{\"@type\":\"ReadAction\",\"target\":[\"https:\\\/\\\/casadecampoliving.com\\\/es\\\/alerta-de-rumor-andrea-bocelli-vuelve-altos-de-chavon\\\/\"]}]},{\"@type\":\"ImageObject\",\"inLanguage\":\"es\",\"@id\":\"https:\\\/\\\/casadecampoliving.com\\\/es\\\/alerta-de-rumor-andrea-bocelli-vuelve-altos-de-chavon\\\/#primaryimage\",\"url\":\"https:\\\/\\\/i0.wp.com\\\/casadecampoliving.com\\\/wp-content\\\/uploads\\\/2022\\\/10\\\/Andrea_Bocelli_Altos_de_Chavon_amphitheater-11-1.jpg?fit=650%2C384&ssl=1\",\"contentUrl\":\"https:\\\/\\\/i0.wp.com\\\/casadecampoliving.com\\\/wp-content\\\/uploads\\\/2022\\\/10\\\/Andrea_Bocelli_Altos_de_Chavon_amphitheater-11-1.jpg?fit=650%2C384&ssl=1\",\"width\":650,\"height\":384,\"caption\":\"Andrea Bocelli, Altos de Chavon amphitheater\"},{\"@type\":\"BreadcrumbList\",\"@id\":\"https:\\\/\\\/casadecampoliving.com\\\/es\\\/alerta-de-rumor-andrea-bocelli-vuelve-altos-de-chavon\\\/#breadcrumb\",\"itemListElement\":[{\"@type\":\"ListItem\",\"position\":1,\"name\":\"Home\",\"item\":\"https:\\\/\\\/casadecampoliving.com\\\/es\\\/\"},{\"@type\":\"ListItem\",\"position\":2,\"name\":\"\u00a1Alerta de rumor! Andrea Bocelli vuelve a Altos de Chav\u00f3n\"}]},{\"@type\":\"WebSite\",\"@id\":\"https:\\\/\\\/casadecampoliving.com\\\/es\\\/#website\",\"url\":\"https:\\\/\\\/casadecampoliving.com\\\/es\\\/\",\"name\":\"Casa de Campo Living\",\"description\":\"Resort community news and resources.\",\"publisher\":{\"@id\":\"https:\\\/\\\/casadecampoliving.com\\\/es\\\/#organization\"},\"potentialAction\":[{\"@type\":\"SearchAction\",\"target\":{\"@type\":\"EntryPoint\",\"urlTemplate\":\"https:\\\/\\\/casadecampoliving.com\\\/es\\\/?s={search_term_string}\"},\"query-input\":{\"@type\":\"PropertyValueSpecification\",\"valueRequired\":true,\"valueName\":\"search_term_string\"}}],\"inLanguage\":\"es\"},{\"@type\":\"Organization\",\"@id\":\"https:\\\/\\\/casadecampoliving.com\\\/es\\\/#organization\",\"name\":\"Casa de Campo Living\",\"url\":\"https:\\\/\\\/casadecampoliving.com\\\/es\\\/\",\"logo\":{\"@type\":\"ImageObject\",\"inLanguage\":\"es\",\"@id\":\"https:\\\/\\\/casadecampoliving.com\\\/es\\\/#\\\/schema\\\/logo\\\/image\\\/\",\"url\":\"https:\\\/\\\/i0.wp.com\\\/casadecampoliving.com\\\/wp-content\\\/uploads\\\/2022\\\/07\\\/CDCLivingLogo_V1-white-sized.png?fit=800%2C214&ssl=1\",\"contentUrl\":\"https:\\\/\\\/i0.wp.com\\\/casadecampoliving.com\\\/wp-content\\\/uploads\\\/2022\\\/07\\\/CDCLivingLogo_V1-white-sized.png?fit=800%2C214&ssl=1\",\"width\":800,\"height\":214,\"caption\":\"Casa de Campo Living\"},\"image\":{\"@id\":\"https:\\\/\\\/casadecampoliving.com\\\/es\\\/#\\\/schema\\\/logo\\\/image\\\/\"},\"sameAs\":[\"https:\\\/\\\/www.facebook.com\\\/casadecampoliving\",\"https:\\\/\\\/x.com\\\/cdcliving\"]},{\"@type\":\"Person\",\"@id\":\"https:\\\/\\\/casadecampoliving.com\\\/es\\\/#\\\/schema\\\/person\\\/2b2208f3175fa8761e25b272e096d718\",\"name\":\"Rebecca Silvestri\",\"image\":{\"@type\":\"ImageObject\",\"inLanguage\":\"es\",\"@id\":\"https:\\\/\\\/secure.gravatar.com\\\/avatar\\\/2d937fd6c1769fb718dbf8dce9e82bf5f89e97bd028f9b3ea10b931dc7df95c6?s=96&d=mm&r=g\",\"url\":\"https:\\\/\\\/secure.gravatar.com\\\/avatar\\\/2d937fd6c1769fb718dbf8dce9e82bf5f89e97bd028f9b3ea10b931dc7df95c6?s=96&d=mm&r=g\",\"contentUrl\":\"https:\\\/\\\/secure.gravatar.com\\\/avatar\\\/2d937fd6c1769fb718dbf8dce9e82bf5f89e97bd028f9b3ea10b931dc7df95c6?s=96&d=mm&r=g\",\"caption\":\"Rebecca Silvestri\"},\"url\":\"https:\\\/\\\/casadecampoliving.com\\\/es\\\/author\\\/madamehuge\\\/\"}]}<\/script>\n<!-- \/ Yoast SEO plugin. -->","yoast_head_json":{"title":"\u00a1Alerta de rumor! Andrea Bocelli vuelve a Altos de Chav\u00f3n | Casa de Campo Living","description":"\u00a1Ya confirmado!&nbsp;Favor haga click aqu\u00ed para todas las detalles!&nbsp; \u00a1Simplemente maravillosas noticias! Acabamos de escuchar el MUY emocionante","robots":{"index":"index","follow":"follow","max-snippet":"max-snippet:-1","max-image-preview":"max-image-preview:large","max-video-preview":"max-video-preview:-1"},"canonical":"https:\/\/casadecampoliving.com\/es\/alerta-de-rumor-andrea-bocelli-vuelve-altos-de-chavon\/","og_locale":"es_ES","og_type":"article","og_title":"\u00a1Alerta de rumor! Andrea Bocelli vuelve a Altos de Chav\u00f3n | Casa de Campo Living","og_description":"\u00a1Ya confirmado!&nbsp;Favor haga click aqu\u00ed para todas las detalles!&nbsp; \u00a1Simplemente maravillosas noticias! Acabamos de escuchar el MUY emocionante","og_url":"https:\/\/casadecampoliving.com\/es\/alerta-de-rumor-andrea-bocelli-vuelve-altos-de-chavon\/","og_site_name":"Casa de Campo Living","article_publisher":"https:\/\/www.facebook.com\/casadecampoliving","article_published_time":"2015-03-02T04:00:00+00:00","article_modified_time":"2022-10-21T23:02:25+00:00","og_image":[{"width":650,"height":384,"url":"https:\/\/i0.wp.com\/casadecampoliving.com\/wp-content\/uploads\/2022\/10\/Andrea_Bocelli_Altos_de_Chavon_amphitheater-11-1.jpg?fit=650%2C384&ssl=1","type":"image\/jpeg"}],"author":"Rebecca Silvestri","twitter_card":"summary_large_image","twitter_creator":"@cdcliving","twitter_site":"@cdcliving","twitter_misc":{"Escrito por":"Rebecca Silvestri","Tiempo de lectura":"1 minuto"},"schema":{"@context":"https:\/\/schema.org","@graph":[{"@type":"Article","@id":"https:\/\/casadecampoliving.com\/es\/alerta-de-rumor-andrea-bocelli-vuelve-altos-de-chavon\/#article","isPartOf":{"@id":"https:\/\/casadecampoliving.com\/es\/alerta-de-rumor-andrea-bocelli-vuelve-altos-de-chavon\/"},"author":{"name":"Rebecca Silvestri","@id":"https:\/\/casadecampoliving.com\/es\/#\/schema\/person\/2b2208f3175fa8761e25b272e096d718"},"headline":"\u00a1Alerta de rumor! Andrea Bocelli vuelve a Altos de Chav\u00f3n","datePublished":"2015-03-02T04:00:00+00:00","dateModified":"2022-10-21T23:02:25+00:00","mainEntityOfPage":{"@id":"https:\/\/casadecampoliving.com\/es\/alerta-de-rumor-andrea-bocelli-vuelve-altos-de-chavon\/"},"wordCount":310,"publisher":{"@id":"https:\/\/casadecampoliving.com\/es\/#organization"},"image":{"@id":"https:\/\/casadecampoliving.com\/es\/alerta-de-rumor-andrea-bocelli-vuelve-altos-de-chavon\/#primaryimage"},"thumbnailUrl":"https:\/\/i0.wp.com\/casadecampoliving.com\/wp-content\/uploads\/2022\/10\/Andrea_Bocelli_Altos_de_Chavon_amphitheater-11-1.jpg?fit=650%2C384&ssl=1","keywords":["Altos de Chavon","andrea bocelli @es","anfiteatro","anfiteatro altos de chavon","sabado santo @es","semana santa @es"],"articleSection":["Altos de Chavon @es","Arte y cultura","Conciertos","Noticias Locales","Proximamente","Titulares"],"inLanguage":"es"},{"@type":"WebPage","@id":"https:\/\/casadecampoliving.com\/es\/alerta-de-rumor-andrea-bocelli-vuelve-altos-de-chavon\/","url":"https:\/\/casadecampoliving.com\/es\/alerta-de-rumor-andrea-bocelli-vuelve-altos-de-chavon\/","name":"\u00a1Alerta de rumor! Andrea Bocelli vuelve a Altos de Chav\u00f3n | Casa de Campo Living","isPartOf":{"@id":"https:\/\/casadecampoliving.com\/es\/#website"},"primaryImageOfPage":{"@id":"https:\/\/casadecampoliving.com\/es\/alerta-de-rumor-andrea-bocelli-vuelve-altos-de-chavon\/#primaryimage"},"image":{"@id":"https:\/\/casadecampoliving.com\/es\/alerta-de-rumor-andrea-bocelli-vuelve-altos-de-chavon\/#primaryimage"},"thumbnailUrl":"https:\/\/i0.wp.com\/casadecampoliving.com\/wp-content\/uploads\/2022\/10\/Andrea_Bocelli_Altos_de_Chavon_amphitheater-11-1.jpg?fit=650%2C384&ssl=1","datePublished":"2015-03-02T04:00:00+00:00","dateModified":"2022-10-21T23:02:25+00:00","description":"\u00a1Ya confirmado!&nbsp;Favor haga click aqu\u00ed para todas las detalles!&nbsp; \u00a1Simplemente maravillosas noticias! Acabamos de escuchar el MUY emocionante","breadcrumb":{"@id":"https:\/\/casadecampoliving.com\/es\/alerta-de-rumor-andrea-bocelli-vuelve-altos-de-chavon\/#breadcrumb"},"inLanguage":"es","potentialAction":[{"@type":"ReadAction","target":["https:\/\/casadecampoliving.com\/es\/alerta-de-rumor-andrea-bocelli-vuelve-altos-de-chavon\/"]}]},{"@type":"ImageObject","inLanguage":"es","@id":"https:\/\/casadecampoliving.com\/es\/alerta-de-rumor-andrea-bocelli-vuelve-altos-de-chavon\/#primaryimage","url":"https:\/\/i0.wp.com\/casadecampoliving.com\/wp-content\/uploads\/2022\/10\/Andrea_Bocelli_Altos_de_Chavon_amphitheater-11-1.jpg?fit=650%2C384&ssl=1","contentUrl":"https:\/\/i0.wp.com\/casadecampoliving.com\/wp-content\/uploads\/2022\/10\/Andrea_Bocelli_Altos_de_Chavon_amphitheater-11-1.jpg?fit=650%2C384&ssl=1","width":650,"height":384,"caption":"Andrea Bocelli, Altos de Chavon amphitheater"},{"@type":"BreadcrumbList","@id":"https:\/\/casadecampoliving.com\/es\/alerta-de-rumor-andrea-bocelli-vuelve-altos-de-chavon\/#breadcrumb","itemListElement":[{"@type":"ListItem","position":1,"name":"Home","item":"https:\/\/casadecampoliving.com\/es\/"},{"@type":"ListItem","position":2,"name":"\u00a1Alerta de rumor! Andrea Bocelli vuelve a Altos de Chav\u00f3n"}]},{"@type":"WebSite","@id":"https:\/\/casadecampoliving.com\/es\/#website","url":"https:\/\/casadecampoliving.com\/es\/","name":"Casa de Campo Living","description":"Resort community news and resources.","publisher":{"@id":"https:\/\/casadecampoliving.com\/es\/#organization"},"potentialAction":[{"@type":"SearchAction","target":{"@type":"EntryPoint","urlTemplate":"https:\/\/casadecampoliving.com\/es\/?s={search_term_string}"},"query-input":{"@type":"PropertyValueSpecification","valueRequired":true,"valueName":"search_term_string"}}],"inLanguage":"es"},{"@type":"Organization","@id":"https:\/\/casadecampoliving.com\/es\/#organization","name":"Casa de Campo Living","url":"https:\/\/casadecampoliving.com\/es\/","logo":{"@type":"ImageObject","inLanguage":"es","@id":"https:\/\/casadecampoliving.com\/es\/#\/schema\/logo\/image\/","url":"https:\/\/i0.wp.com\/casadecampoliving.com\/wp-content\/uploads\/2022\/07\/CDCLivingLogo_V1-white-sized.png?fit=800%2C214&ssl=1","contentUrl":"https:\/\/i0.wp.com\/casadecampoliving.com\/wp-content\/uploads\/2022\/07\/CDCLivingLogo_V1-white-sized.png?fit=800%2C214&ssl=1","width":800,"height":214,"caption":"Casa de Campo Living"},"image":{"@id":"https:\/\/casadecampoliving.com\/es\/#\/schema\/logo\/image\/"},"sameAs":["https:\/\/www.facebook.com\/casadecampoliving","https:\/\/x.com\/cdcliving"]},{"@type":"Person","@id":"https:\/\/casadecampoliving.com\/es\/#\/schema\/person\/2b2208f3175fa8761e25b272e096d718","name":"Rebecca Silvestri","image":{"@type":"ImageObject","inLanguage":"es","@id":"https:\/\/secure.gravatar.com\/avatar\/2d937fd6c1769fb718dbf8dce9e82bf5f89e97bd028f9b3ea10b931dc7df95c6?s=96&d=mm&r=g","url":"https:\/\/secure.gravatar.com\/avatar\/2d937fd6c1769fb718dbf8dce9e82bf5f89e97bd028f9b3ea10b931dc7df95c6?s=96&d=mm&r=g","contentUrl":"https:\/\/secure.gravatar.com\/avatar\/2d937fd6c1769fb718dbf8dce9e82bf5f89e97bd028f9b3ea10b931dc7df95c6?s=96&d=mm&r=g","caption":"Rebecca Silvestri"},"url":"https:\/\/casadecampoliving.com\/es\/author\/madamehuge\/"}]}},"parsely":{"version":"1.1.0","canonical_url":"https:\/\/casadecampoliving.com\/es\/alerta-de-rumor-andrea-bocelli-vuelve-altos-de-chavon\/","smart_links":{"inbound":0,"outbound":0},"traffic_boost_suggestions_count":0,"meta":{"@context":"https:\/\/schema.org","@type":"NewsArticle","headline":"\u00a1Alerta de rumor! Andrea Bocelli vuelve a Altos de Chav\u00f3n","url":"http:\/\/casadecampoliving.com\/es\/alerta-de-rumor-andrea-bocelli-vuelve-altos-de-chavon\/","mainEntityOfPage":{"@type":"WebPage","@id":"http:\/\/casadecampoliving.com\/es\/alerta-de-rumor-andrea-bocelli-vuelve-altos-de-chavon\/"},"thumbnailUrl":"https:\/\/i0.wp.com\/casadecampoliving.com\/wp-content\/uploads\/2022\/10\/Andrea_Bocelli_Altos_de_Chavon_amphitheater-11-1.jpg?resize=150%2C150&ssl=1","image":{"@type":"ImageObject","url":"https:\/\/i0.wp.com\/casadecampoliving.com\/wp-content\/uploads\/2022\/10\/Andrea_Bocelli_Altos_de_Chavon_amphitheater-11-1.jpg?fit=650%2C384&ssl=1"},"articleSection":"Altos de Chavon @es","author":[{"@type":"Person","name":"Rebecca Silvestri"}],"creator":["Rebecca Silvestri"],"publisher":{"@type":"Organization","name":"Casa de Campo Living","logo":"https:\/\/casadecampoliving.com\/wp-content\/uploads\/2022\/07\/CDCLivingLogo_V1-white-sized.png"},"keywords":["altos de chavon","andrea bocelli @es","anfiteatro","anfiteatro altos de chavon","sabado santo @es","semana santa @es"],"dateCreated":"2015-03-02T04:00:00Z","datePublished":"2015-03-02T04:00:00Z","dateModified":"2022-10-21T23:02:25Z"},"rendered":"<script type=\"application\/ld+json\" class=\"wp-parsely-metadata\">{\"@context\":\"https:\\\/\\\/schema.org\",\"@type\":\"NewsArticle\",\"headline\":\"\\u00a1Alerta de rumor! Andrea Bocelli vuelve a Altos de Chav\\u00f3n\",\"url\":\"http:\\\/\\\/casadecampoliving.com\\\/es\\\/alerta-de-rumor-andrea-bocelli-vuelve-altos-de-chavon\\\/\",\"mainEntityOfPage\":{\"@type\":\"WebPage\",\"@id\":\"http:\\\/\\\/casadecampoliving.com\\\/es\\\/alerta-de-rumor-andrea-bocelli-vuelve-altos-de-chavon\\\/\"},\"thumbnailUrl\":\"https:\\\/\\\/i0.wp.com\\\/casadecampoliving.com\\\/wp-content\\\/uploads\\\/2022\\\/10\\\/Andrea_Bocelli_Altos_de_Chavon_amphitheater-11-1.jpg?resize=150%2C150&ssl=1\",\"image\":{\"@type\":\"ImageObject\",\"url\":\"https:\\\/\\\/i0.wp.com\\\/casadecampoliving.com\\\/wp-content\\\/uploads\\\/2022\\\/10\\\/Andrea_Bocelli_Altos_de_Chavon_amphitheater-11-1.jpg?fit=650%2C384&ssl=1\"},\"articleSection\":\"Altos de Chavon @es\",\"author\":[{\"@type\":\"Person\",\"name\":\"Rebecca Silvestri\"}],\"creator\":[\"Rebecca Silvestri\"],\"publisher\":{\"@type\":\"Organization\",\"name\":\"Casa de Campo Living\",\"logo\":\"https:\\\/\\\/casadecampoliving.com\\\/wp-content\\\/uploads\\\/2022\\\/07\\\/CDCLivingLogo_V1-white-sized.png\"},\"keywords\":[\"altos de chavon\",\"andrea bocelli @es\",\"anfiteatro\",\"anfiteatro altos de chavon\",\"sabado santo @es\",\"semana santa @es\"],\"dateCreated\":\"2015-03-02T04:00:00Z\",\"datePublished\":\"2015-03-02T04:00:00Z\",\"dateModified\":\"2022-10-21T23:02:25Z\"}<\/script>","tracker_url":"https:\/\/cdn.parsely.com\/keys\/casadecampoliving.com\/p.js"},"jetpack_publicize_connections":[],"jetpack_featured_media_url":"https:\/\/i0.wp.com\/casadecampoliving.com\/wp-content\/uploads\/2022\/10\/Andrea_Bocelli_Altos_de_Chavon_amphitheater-11-1.jpg?fit=650%2C384&ssl=1","jetpack-related-posts":[{"id":433460,"url":"https:\/\/casadecampoliving.com\/es\/no-se-pierdan-el-increible-tributo-a-frank-sinatra-para-celebrar-el-40-aniversario-del-anfiteatro-altos-de-chavon\/","url_meta":{"origin":346865,"position":0},"title":"No se pierdan el incre\u00edble tributo a Frank Sinatra para celebrar el 40 aniversario del\u00a0Anfiteatro Altos de Chav\u00f3n","author":"Casa de Campo Living","date":"20 Oct, 2022","format":false,"excerpt":"Siendo uno de los escenarios m\u00e1s emblem\u00e1ticos del pa\u00eds, Casa de Campo Resort\u00ae & Villas celebra las cuatro d\u00e9cadas de aniversario de Altos de Chav\u00f3n con un tributo al gran Frank Sinatra, protagonizado por artistas invitados y una big band tal cual la que acompa\u00f1\u00f3 al artista hace 40 a\u00f1os\u2026","rel":"","context":"En \u00abUncategorized @es\u00bb","block_context":{"text":"Uncategorized @es","link":"https:\/\/casadecampoliving.com\/es\/category\/uncategorized-es\/"},"img":{"alt_text":"","src":"https:\/\/i0.wp.com\/casadecampoliving.com\/wp-content\/uploads\/2022\/10\/Tributo-Frank-Sinatra-Foto-Principal-Amaury-Sanchez-Danilo-Ginebra-Andres-Pichardo-y-Jose-Gabriel-Perez-.jpg?fit=1200%2C873&ssl=1&resize=350%2C200","width":350,"height":200,"srcset":"https:\/\/i0.wp.com\/casadecampoliving.com\/wp-content\/uploads\/2022\/10\/Tributo-Frank-Sinatra-Foto-Principal-Amaury-Sanchez-Danilo-Ginebra-Andres-Pichardo-y-Jose-Gabriel-Perez-.jpg?fit=1200%2C873&ssl=1&resize=350%2C200 1x, https:\/\/i0.wp.com\/casadecampoliving.com\/wp-content\/uploads\/2022\/10\/Tributo-Frank-Sinatra-Foto-Principal-Amaury-Sanchez-Danilo-Ginebra-Andres-Pichardo-y-Jose-Gabriel-Perez-.jpg?fit=1200%2C873&ssl=1&resize=525%2C300 1.5x, https:\/\/i0.wp.com\/casadecampoliving.com\/wp-content\/uploads\/2022\/10\/Tributo-Frank-Sinatra-Foto-Principal-Amaury-Sanchez-Danilo-Ginebra-Andres-Pichardo-y-Jose-Gabriel-Perez-.jpg?fit=1200%2C873&ssl=1&resize=700%2C400 2x, https:\/\/i0.wp.com\/casadecampoliving.com\/wp-content\/uploads\/2022\/10\/Tributo-Frank-Sinatra-Foto-Principal-Amaury-Sanchez-Danilo-Ginebra-Andres-Pichardo-y-Jose-Gabriel-Perez-.jpg?fit=1200%2C873&ssl=1&resize=1050%2C600 3x"},"classes":[]},{"id":346871,"url":"https:\/\/casadecampoliving.com\/es\/confirmado-concierto-de-andrea-bocelli-detalles-precios-de-las-boletas\/","url_meta":{"origin":346865,"position":1},"title":"\u00a1CONFIRMADO! Concierto de Andrea Bocelli detalles &#038; precios de las boletas","author":"Perkin Agramonte","date":"3 Mar, 2015","format":false,"excerpt":"\u00a1Usted lo ley\u00f3 aqu\u00ed primero! Ayer publicamos la alerta rumor, y ahora acaban de confirmar que el famoso artista Andrea Bocelli se presentar\u00e1 en el anfiteatro de Altos de Chav\u00f3n el s\u00e1bado 4 de abril de 2015 (S\u00e1bado Santo) \u2013 y sin duda ser\u00e1 uno de los aspectos m\u00e1s destacados\u2026","rel":"","context":"En \u00abAltos de Chavon @es\u00bb","block_context":{"text":"Altos de Chavon @es","link":"https:\/\/casadecampoliving.com\/category\/altos-de-chavon-es\/"},"img":{"alt_text":"","src":"https:\/\/i0.wp.com\/casadecampoliving.com\/wp-content\/uploads\/2022\/10\/Andrea_Bocceli-1-scaled.jpg?fit=1200%2C799&ssl=1&resize=350%2C200","width":350,"height":200,"srcset":"https:\/\/i0.wp.com\/casadecampoliving.com\/wp-content\/uploads\/2022\/10\/Andrea_Bocceli-1-scaled.jpg?fit=1200%2C799&ssl=1&resize=350%2C200 1x, https:\/\/i0.wp.com\/casadecampoliving.com\/wp-content\/uploads\/2022\/10\/Andrea_Bocceli-1-scaled.jpg?fit=1200%2C799&ssl=1&resize=525%2C300 1.5x, https:\/\/i0.wp.com\/casadecampoliving.com\/wp-content\/uploads\/2022\/10\/Andrea_Bocceli-1-scaled.jpg?fit=1200%2C799&ssl=1&resize=700%2C400 2x, https:\/\/i0.wp.com\/casadecampoliving.com\/wp-content\/uploads\/2022\/10\/Andrea_Bocceli-1-scaled.jpg?fit=1200%2C799&ssl=1&resize=1050%2C600 3x"},"classes":[]},{"id":347100,"url":"https:\/\/casadecampoliving.com\/es\/maria-aleida-acompanara-andrea-bocelli-este-sabado\/","url_meta":{"origin":346865,"position":2},"title":"Mar\u00eda Aleida acompa\u00f1ar\u00e1 a Andrea Bocelli este s\u00e1bado","author":"Perkin Agramonte","date":"31 Mar, 2015","format":false,"excerpt":"\u00a1Y contin\u00faan llegando las buenas noticias! A solo varios d\u00edas para disfrutar de un concierto con el maestro Andrea Bocelli en el\u00a0Anfiteatro Altos de Chav\u00f3n, nos llena de emoci\u00f3n informarles que la soprano cubana Mar\u00eda Aleida estar\u00e1 acompa\u00f1\u00e1ndole en lo que ser\u00e1 una noche \u00e9pica. Mar\u00eda Aleida es una\u00a0famosa soprano\u2026","rel":"","context":"En \u00abAltos de Chavon @es\u00bb","block_context":{"text":"Altos de Chavon @es","link":"https:\/\/casadecampoliving.com\/category\/altos-de-chavon-es\/"},"img":{"alt_text":"","src":"https:\/\/i0.wp.com\/casadecampoliving.com\/wp-content\/uploads\/2022\/10\/Maria_Aleida_Andrea_Bocelli-1.jpg?fit=650%2C393&ssl=1&resize=350%2C200","width":350,"height":200,"srcset":"https:\/\/i0.wp.com\/casadecampoliving.com\/wp-content\/uploads\/2022\/10\/Maria_Aleida_Andrea_Bocelli-1.jpg?fit=650%2C393&ssl=1&resize=350%2C200 1x, https:\/\/i0.wp.com\/casadecampoliving.com\/wp-content\/uploads\/2022\/10\/Maria_Aleida_Andrea_Bocelli-1.jpg?fit=650%2C393&ssl=1&resize=525%2C300 1.5x"},"classes":[]},{"id":347137,"url":"https:\/\/casadecampoliving.com\/es\/andrea-bocelli\/","url_meta":{"origin":346865,"position":3},"title":"Andrea Bocelli ya en suelo dominicano!","author":"Rebecca Silvestri","date":"3 Abr, 2015","format":false,"excerpt":"El mundialmente reconocido y m\u00e1s admirado tenor, Andrea Bocelli, aterriz\u00f3 junto a su familia en la tarde de hoy en la terminal privada del Aeropuerto Internacional de La Romana. La familia Bocelli fue recibida por el Presidente del Resort\u00a0Casa de Campo, el Sr. Rafael Torres y el Sr. Daniel Hern\u00e1ndez,\u2026","rel":"","context":"En \u00abAeropuerto Internacional de La Romana, Casa de Campo\u00bb","block_context":{"text":"Aeropuerto Internacional de La Romana, Casa de Campo","link":"https:\/\/casadecampoliving.com\/es\/category\/aeropuerto-internacional-de-la-romana-2\/"},"img":{"alt_text":"Daniel Hernandez, Rafael Torres, Andrea Boccelli, Casa de Campo","src":"https:\/\/i0.wp.com\/casadecampoliving.com\/wp-content\/uploads\/2022\/10\/Daniel-Hernandez-Rafael-Torres-Andrea-Boccelli-Casa-de-Campo-1.jpg?fit=1200%2C663&ssl=1&resize=350%2C200","width":350,"height":200,"srcset":"https:\/\/i0.wp.com\/casadecampoliving.com\/wp-content\/uploads\/2022\/10\/Daniel-Hernandez-Rafael-Torres-Andrea-Boccelli-Casa-de-Campo-1.jpg?fit=1200%2C663&ssl=1&resize=350%2C200 1x, https:\/\/i0.wp.com\/casadecampoliving.com\/wp-content\/uploads\/2022\/10\/Daniel-Hernandez-Rafael-Torres-Andrea-Boccelli-Casa-de-Campo-1.jpg?fit=1200%2C663&ssl=1&resize=525%2C300 1.5x, https:\/\/i0.wp.com\/casadecampoliving.com\/wp-content\/uploads\/2022\/10\/Daniel-Hernandez-Rafael-Torres-Andrea-Boccelli-Casa-de-Campo-1.jpg?fit=1200%2C663&ssl=1&resize=700%2C400 2x, https:\/\/i0.wp.com\/casadecampoliving.com\/wp-content\/uploads\/2022\/10\/Daniel-Hernandez-Rafael-Torres-Andrea-Boccelli-Casa-de-Campo-1.jpg?fit=1200%2C663&ssl=1&resize=1050%2C600 3x"},"classes":[]},{"id":347155,"url":"https:\/\/casadecampoliving.com\/es\/andrea-bocelli-ilumina-altos-de-chavon\/","url_meta":{"origin":346865,"position":4},"title":"Andrea Bocelli ilumina Altos de Chav\u00f3n","author":"Perkin Agramonte","date":"8 Abr, 2015","format":false,"excerpt":"Luego de la\u00a0presentaci\u00f3n del tenor italiano Andrea Bocelli en el anfiteatro Altos de Chav\u00f3n el pasado s\u00e1bado 4 de abril (S\u00e1bado Santo), Casa de Campo demostr\u00f3 una vez m\u00e1s porque es considerado uno de los resorts m\u00e1s prestigiosos de la Rep\u00fablica Dominicana, el Caribe y ciertamente del mundo. En esta\u2026","rel":"","context":"En \u00abAltos de Chavon @es\u00bb","block_context":{"text":"Altos de Chavon @es","link":"https:\/\/casadecampoliving.com\/category\/altos-de-chavon-es\/"},"img":{"alt_text":"","src":"https:\/\/i0.wp.com\/casadecampoliving.com\/wp-content\/uploads\/2022\/10\/Andrea_Bocelli_21-1.jpg?fit=901%2C598&ssl=1&resize=350%2C200","width":350,"height":200,"srcset":"https:\/\/i0.wp.com\/casadecampoliving.com\/wp-content\/uploads\/2022\/10\/Andrea_Bocelli_21-1.jpg?fit=901%2C598&ssl=1&resize=350%2C200 1x, https:\/\/i0.wp.com\/casadecampoliving.com\/wp-content\/uploads\/2022\/10\/Andrea_Bocelli_21-1.jpg?fit=901%2C598&ssl=1&resize=525%2C300 1.5x, https:\/\/i0.wp.com\/casadecampoliving.com\/wp-content\/uploads\/2022\/10\/Andrea_Bocelli_21-1.jpg?fit=901%2C598&ssl=1&resize=700%2C400 2x"},"classes":[]},{"id":325327,"url":"https:\/\/casadecampoliving.com\/rumor-alert-andrea-bocelli-returning-altos-de-chavon\/","url_meta":{"origin":346865,"position":5},"title":"Rumor alert! Andrea Bocelli returning to Altos de Chav\u00f3n\u00a0","author":"Rebecca Silvestri","date":"2 Mar, 2015","format":false,"excerpt":"CONFIRMED! We just got the official confirmation from Casa de Campo that this rumor is indeed true \u2013 and you read it here first on Casa de Campo Living, Casa de Campo\u2019s only news and events website! Click here for the full details! Simply marvellous news! We\u2019ve just heard a\u2026","rel":"","context":"En \u00abAltos de Chavon\u00bb","block_context":{"text":"Altos de Chavon","link":"https:\/\/casadecampoliving.com\/category\/altos-de-chavon\/"},"img":{"alt_text":"Andrea Bocelli, Altos de Chavon amphitheater","src":"https:\/\/i0.wp.com\/casadecampoliving.com\/wp-content\/uploads\/2022\/10\/Andrea_Bocelli_Altos_de_Chavon_amphitheater-11-1.jpg?fit=650%2C384&ssl=1&resize=350%2C200","width":350,"height":200,"srcset":"https:\/\/i0.wp.com\/casadecampoliving.com\/wp-content\/uploads\/2022\/10\/Andrea_Bocelli_Altos_de_Chavon_amphitheater-11-1.jpg?fit=650%2C384&ssl=1&resize=350%2C200 1x, https:\/\/i0.wp.com\/casadecampoliving.com\/wp-content\/uploads\/2022\/10\/Andrea_Bocelli_Altos_de_Chavon_amphitheater-11-1.jpg?fit=650%2C384&ssl=1&resize=525%2C300 1.5x"},"classes":[]}],"jetpack_sharing_enabled":true,"_links":{"self":[{"href":"https:\/\/casadecampoliving.com\/es\/wp-json\/wp\/v2\/posts\/346865","targetHints":{"allow":["GET"]}}],"collection":[{"href":"https:\/\/casadecampoliving.com\/es\/wp-json\/wp\/v2\/posts"}],"about":[{"href":"https:\/\/casadecampoliving.com\/es\/wp-json\/wp\/v2\/types\/post"}],"author":[{"embeddable":true,"href":"https:\/\/casadecampoliving.com\/es\/wp-json\/wp\/v2\/users\/31"}],"replies":[{"embeddable":true,"href":"https:\/\/casadecampoliving.com\/es\/wp-json\/wp\/v2\/comments?post=346865"}],"version-history":[{"count":1,"href":"https:\/\/casadecampoliving.com\/es\/wp-json\/wp\/v2\/posts\/346865\/revisions"}],"predecessor-version":[{"id":346866,"href":"https:\/\/casadecampoliving.com\/es\/wp-json\/wp\/v2\/posts\/346865\/revisions\/346866"}],"wp:featuredmedia":[{"embeddable":true,"href":"https:\/\/casadecampoliving.com\/es\/wp-json\/wp\/v2\/media\/280853"}],"wp:attachment":[{"href":"https:\/\/casadecampoliving.com\/es\/wp-json\/wp\/v2\/media?parent=346865"}],"wp:term":[{"taxonomy":"category","embeddable":true,"href":"https:\/\/casadecampoliving.com\/es\/wp-json\/wp\/v2\/categories?post=346865"},{"taxonomy":"post_tag","embeddable":true,"href":"https:\/\/casadecampoliving.com\/es\/wp-json\/wp\/v2\/tags?post=346865"},{"taxonomy":"newspack_spnsrs_tax","embeddable":true,"href":"https:\/\/casadecampoliving.com\/es\/wp-json\/wp\/v2\/newspack_spnsrs_tax?post=346865"}],"curies":[{"name":"wp","href":"https:\/\/api.w.org\/{rel}","templated":true}]}}