{"id":346771,"date":"2015-02-24T00:00:00","date_gmt":"2015-02-24T04:00:00","guid":{"rendered":"https:\/\/casadecampoliving.com\/davidoff-artistas-en-residencia\/"},"modified":"2022-10-21T18:58:39","modified_gmt":"2022-10-21T22:58:39","slug":"davidoff-artistas-en-residencia","status":"publish","type":"post","link":"https:\/\/casadecampoliving.com\/es\/davidoff-artistas-en-residencia\/","title":{"rendered":"Charlas Davidoff. Conociendo a los artistas en residencia"},"content":{"rendered":"<div class=\"wp-block-image\">\n<figure class=\"aligncenter is-resized\"><img loading=\"lazy\" decoding=\"async\" src=\"https:\/\/i0.wp.com\/casadecampoliving.com\/wp-content\/uploads\/2022\/10\/Altos_de_Chavon_School_of_Design.jpg?resize=650%2C433&amp;ssl=1\" alt=\"Altos_de_Chavon_School_of_design\" class=\"wp-image-108808\" height=\"433\" width=\"650\"\/><\/figure>\n<\/div>\n\n\n<p>La <span data-scaytid=\"1\" data-scayt_word=\"Residencia\">Residencia<\/span> de <span data-scaytid=\"2\" data-scayt_word=\"Arte\">Arte<\/span>&nbsp;Davidoff <span data-scaytid=\"3\" data-scayt_word=\"abri\u00f3\">abri\u00f3<\/span> en Altos de <span data-scaytid=\"4\" data-scayt_word=\"Chav\u00f3n\">Chav\u00f3n<\/span> en <span data-scaytid=\"6\" data-scayt_word=\"enero\">enero<\/span> de <span data-scaytid=\"7\" data-scayt_word=\"este\">este<\/span> <span data-scaytid=\"8\" data-scayt_word=\"a\u00f1o\">a\u00f1o<\/span>&nbsp;y <span data-scaytid=\"236\" data-scayt_word=\"ahora\">ahora<\/span>, a <span data-scaytid=\"11\" data-scayt_word=\"mediados\">mediados<\/span> de <span data-scaytid=\"12\" data-scayt_word=\"su\">su<\/span> <span data-scaytid=\"14\" data-scayt_word=\"tiempo\">tiempo<\/span> en Altos de <span data-scaytid=\"5\" data-scayt_word=\"Chav\u00f3n\">Chav\u00f3n<\/span>, <span data-scaytid=\"15\" data-scayt_word=\"cada\">cada<\/span> <span data-scaytid=\"16\" data-scayt_word=\"artista\">artista<\/span> en <span data-scaytid=\"17\" data-scayt_word=\"residencia\">residencia<\/span> <span data-scaytid=\"18\" data-scayt_word=\"estara\">estar\u00e1<\/span>&nbsp;<span data-scaytid=\"19\" data-scayt_word=\"dando\">dando<\/span> <span data-scaytid=\"20\" data-scayt_word=\"una\">una<\/span> <span data-scaytid=\"21\" data-scayt_word=\"charla\">charla<\/span> <span data-scaytid=\"22\" data-scayt_word=\"sobre\">sobre<\/span> <span data-scaytid=\"13\" data-scayt_word=\"su\">su<\/span> <span data-scaytid=\"23\" data-scayt_word=\"arte\">arte<\/span> y <span data-scaytid=\"24\" data-scayt_word=\"sus\">sus<\/span> <span data-scaytid=\"25\" data-scayt_word=\"experiencias\">experiencias<\/span>.<\/p>\n\n\n\n<p>El calendario de las charlas empieza desde ma\u00f1ana, 25 de febrero, hasta el final de marzo, cada charla ser\u00e1 llevada a cabo en el sal\u00f3n #1 de la Escuela de Dise\u00f1o de Altos de Chav\u00f3n.<\/p>\n\n\n\n<!--more-->\n\n\n\n<p>La Iniciativa de Arte y la Residencia de Arte Davidoff fueron oficialmente inauguradas en Casa de Campo recientemente con el segundo Fin de Semana del Arte anual de Davidoff, que incluy\u00f3 un coctel de bienvenida en la Dye Fore Terrace (click aqu\u00ed para ver las fotos) y la ceremonia de corte del list\u00f3n en el nuevo Estudio de los Artistas en Residencia (click aqu\u00ed para ver las fotos).<\/p>\n\n\n\n<blockquote><p><strong>Charlas Davidoff<\/strong><\/p><p><strong>Fechas:<\/strong><\/p><ul>\n<li>February 25th, Soledad Salam\u00e9<\/li>\n<li>March 4th, Cathleen&nbsp;Mooses<\/li>\n<li>March 11th, Mathilde Rosier<\/li>\n<li>March 18th, Alia Farid<\/li>\n<li>March 25th, Nuria Montiel<\/li>\n<\/ul><p><strong>Hora: <\/strong>7pm<\/p><p><strong>Ubicaci\u00f3n: <\/strong>Classroom #1 of the Altos de Chav\u00f3n School of Design, Casa de Campo<\/p><\/blockquote>\n\n\n\n<h3 class=\"wp-block-heading\">Los cinco artistas:<\/h3>\n\n\n\n<blockquote><h3><img decoding=\"async\" loading=\"lazy\" class=\"alignright size-full wp-image-108814\" src=\"https:\/\/i0.wp.com\/casadecampoliving.com\/wp-content\/uploads\/2022\/10\/Soledad_Salame_Davidoff_Artist_in_residence.jpg?resize=300%2C338&amp;ssl=1\" alt=\"Soledad_Salame_Davidoff_Artist_in_residence\" width=\"300\" height=\"338\">Soledad Salam\u00e9 (b. 1954, Santiago, Chile)<\/h3><p>Es una artista interdisciplinaria que trabaja en grabado, arte de instalaci\u00f3n, pinturas y esculturas. A trav\u00e9s de su trabajo, Soledad explora la intersecci\u00f3n entre la tecnolog\u00eda y el medio ambiente. Soledad tiene un Diploma en Arte del Santiago College. En 1973, estudi\u00f3 Dise\u00f1o Gr\u00e1fico e Industrial en el Tecnol\u00f3gico de Sucre, y en 1979 recibi\u00f3 su M.A. en Instrucci\u00f3n de Arte Gr\u00e1fico. Soledad Salam\u00e9 ha sido presentado en colecciones internacionales p\u00fablicas y privadas, tales como en el National Museum of Women in the Arts (Museo Nacional de Mujeres en el Arte), entre otros. Soledad vive en Baltimore, Maryland.<\/p><\/blockquote>\n\n\n\n<blockquote><h3><\/h3><h3>Cathleen Mooses (b. 1982, Chicago, IL)<\/h3><figure><img decoding=\"async\" loading=\"lazy\" class=\"aligncenter wp-image-108810\" src=\"https:\/\/i0.wp.com\/casadecampoliving.com\/wp-content\/uploads\/2022\/10\/Cathleen_Mooses_Davidoff_Artist_in_residence.jpg?resize=650%2C432&amp;ssl=1\" alt=\"Cathleen_Mooses_Davidoff_Artist_in_residence\" width=\"650\" height=\"432\"><\/figure><p>Interesada en la regulaci\u00f3n de los paisajes, la gente y los objetos dentro de contextos geogr\u00e1ficos espec\u00edficos. Desde el 2004 al 2009 Mooses co-fund\u00f3 varias comunidades iniciativas art\u00edsticas en Latinoam\u00e9rica. En el 2005, Mooses recibi\u00f3 su Diploma en Bellas Artes. En el 2014, Mooses termin\u00f3 su Masters en Bellas Artes de la Universidad de Arte, Pintura y Grabado de Yale. Cathleen Mooses vive y trabaja actualmente en la Ciudad de Nueva York.<\/p><\/blockquote>\n\n\n\n<blockquote><h3>Mathilde Rosier (b. 1973,&nbsp;Paris, France)<\/h3><figure><img decoding=\"async\" loading=\"lazy\" class=\"aligncenter wp-image-108811\" src=\"https:\/\/i0.wp.com\/casadecampoliving.com\/wp-content\/uploads\/2022\/10\/Mathilde_Rosier_Davidoff_Artist_in_residence.jpg?resize=650%2C432&amp;ssl=1\" alt=\"Mathilde_Rosier_Davidoff_Artist_in_residence\" width=\"650\" height=\"432\"><\/figure><p>Trabaja con una variedad de medios incluyendo pintura, m\u00fasica, actuaci\u00f3n y cinematograf\u00eda. Desde 1997 a 1999 Rosier estudi\u00f3 en el E\u0301cole Nationale Supe\u0301rieure des Beaux Arts, y en el 2000, recibi\u00f3 su diploma. Su trabajo se inspira en los rituales est\u00e9ticos de las sociedades tradicionales. En el 2012, Mathilde Rosier recibi\u00f3 una beca del Ministerio Franc\u00e9s de Relaciones Exteriores, d\u00f3nde ejecut\u00f3 investigaciones antropol\u00f3gicas sobre los grupos que practican magia en la sociedad de hoy en d\u00eda. Actualmente est\u00e1 trabajando en una interpretaci\u00f3n para el teatro de Varsovia y una serie de pinturas para una exposici\u00f3n en Mil\u00e1n. Mathilde Rosier actualmente vive y trabaja en Berl\u00edn, Alemania.<\/p><\/blockquote>\n\n\n\n<blockquote><h3>Alia Farid (b. 1985, Kuwait\/Puerto Rico)<\/h3><figure><img decoding=\"async\" loading=\"lazy\" class=\"aligncenter wp-image-108812\" src=\"https:\/\/i0.wp.com\/casadecampoliving.com\/wp-content\/uploads\/2022\/10\/Alia_Farid-_Davidoff_Artist_in_residence.jpg?resize=650%2C432&amp;ssl=1\" alt=\"Alia_Farid _Davidoff_Artist_in_residence\" width=\"650\" height=\"432\"><\/figure><p>Alia Farid es una artista contempor\u00e1nea que trabaja con la intersecci\u00f3n del arte y la educaci\u00f3n a trav\u00e9s de la activaci\u00f3n de los espacios para pensamiento cr\u00edtico y la acci\u00f3n. Alia tiene un Diploma en Bellas Artes, un Masters de Ciencia en Estudios Visuales y un Masters en Teor\u00eda Cr\u00edtica y Estudios de Museo. Ha completado residencias en varios pa\u00edses. Actualmente, trabaja en el Departamento de Museo y Herencia de Kuwait del Consejo Nacional de Cultura, Arte y Letras. Investigar\u00e1 sobre la cultura precolonial y la relaci\u00f3n entre varias culturas de las islas Caribe\u00f1as mientras est\u00e1 en el programa de Residencia Internacional de Arte Davidoff.<\/p><\/blockquote>\n\n\n\n<blockquote><h3>Nuria Montiel (b. 1982,&nbsp;Mexico City, Mexico)<\/h3><figure><img decoding=\"async\" loading=\"lazy\" class=\"aligncenter wp-image-108813\" src=\"https:\/\/i0.wp.com\/casadecampoliving.com\/wp-content\/uploads\/2022\/10\/Nuria_Montiel_Davidoff_Artist_in_residence.jpg?resize=650%2C432&amp;ssl=1\" alt=\"Nuria_Montiel_Davidoff_Artist_in_residence\" width=\"650\" height=\"432\"><\/figure><p>Interesada en el arte p\u00fablico por como crea di\u00e1logo y expresi\u00f3n colectiva. Su trabajo ha sido expuesto en varias exhibiciones en grupo en la Ciudad de M\u00e9xico, Houston y Nueva York, entre otros. Tambi\u00e9n es miembro de La Galer\u00eda del Comercio, una organizaci\u00f3n sin fines de lucro en la Ciudad de M\u00e9xico. Estudi\u00f3 Artes Visuales y particip\u00f3 en una clase de arte contempor\u00e1neo en Soma, Ciudad de M\u00e9xico. Nuria est\u00e1 actualmente la residencia de Jackman Goldwasser en Centro de Arte Hyde Park en Chicago.<\/p><\/blockquote>\n","protected":false},"excerpt":{"rendered":"<p>La Residencia de Arte&nbsp;Davidoff abri\u00f3 en Altos de Chav\u00f3n en enero de este a\u00f1o&nbsp;y ahora, a mediados de su tiempo en Altos de Chav\u00f3n, cada artista en residencia estar\u00e1&nbsp;dando una charla sobre su arte y sus experiencias. El calendario de las charlas empieza desde ma\u00f1ana, 25 de febrero, hasta el final de marzo, cada charla [&hellip;]<\/p>\n","protected":false},"author":31,"featured_media":280115,"comment_status":"closed","ping_status":"closed","sticky":false,"template":"","format":"standard","meta":{"newspack_ads_suppress_ads":false,"newspack_popups_has_disabled_popups":false,"newspack_sponsor_sponsorship_scope":"","newspack_sponsor_native_byline_display":"inherit","newspack_sponsor_native_category_display":"inherit","newspack_sponsor_underwriter_style":"inherit","newspack_sponsor_underwriter_placement":"inherit","_newspack_byline_active":false,"_newspack_byline":"","newspack_hide_updated_date":false,"newspack_show_updated_date":false,"newspack_content_restriction_is_exempt":false,"newspack_featured_image_position":"","newspack_post_subtitle":"","newspack_article_summary_title":"Overview:","newspack_article_summary":"","_jetpack_memberships_contains_paid_content":false,"footnotes":"","jetpack_publicize_message":"","jetpack_publicize_feature_enabled":true,"jetpack_social_post_already_shared":false,"jetpack_social_options":{"image_generator_settings":{"template":"highway","default_image_id":0,"font":"","enabled":false},"version":2},"_wpas_customize_per_network":false},"categories":[26819,26823,2524,2522,14625,14627],"tags":[15387,1929,11680],"newspack_spnsrs_tax":[],"class_list":["post-346771","post","type-post","status-publish","format-standard","has-post-thumbnail","hentry","category-altos-de-chavon-es","category-arte-y-cultura","category-destacados","category-eventos-es","category-noticias-locales","category-proximamente","tag-altos-de-chavon-es","tag-artistas-en-residencia","tag-davidoff-es","entry"],"yoast_head":"<!-- This site is optimized with the Yoast SEO plugin v27.5 - https:\/\/yoast.com\/product\/yoast-seo-wordpress\/ -->\n<title>Charlas Davidoff. Conociendo a los artistas en residencia | Casa de Campo Living<\/title>\n<meta name=\"description\" content=\"La Residencia de Arte&nbsp;Davidoff abri\u00f3 en Altos de Chav\u00f3n en enero de este a\u00f1o&nbsp;y ahora, a mediados de su tiempo en Altos de Chav\u00f3n, cada artista\" \/>\n<meta name=\"robots\" content=\"index, follow, max-snippet:-1, max-image-preview:large, max-video-preview:-1\" \/>\n<link rel=\"canonical\" href=\"https:\/\/casadecampoliving.com\/es\/davidoff-artistas-en-residencia\/\" \/>\n<meta property=\"og:locale\" content=\"es_ES\" \/>\n<meta property=\"og:type\" content=\"article\" \/>\n<meta property=\"og:title\" content=\"Charlas Davidoff. Conociendo a los artistas en residencia | Casa de Campo Living\" \/>\n<meta property=\"og:description\" content=\"La Residencia de Arte&nbsp;Davidoff abri\u00f3 en Altos de Chav\u00f3n en enero de este a\u00f1o&nbsp;y ahora, a mediados de su tiempo en Altos de Chav\u00f3n, cada artista\" \/>\n<meta property=\"og:url\" content=\"https:\/\/casadecampoliving.com\/es\/davidoff-artistas-en-residencia\/\" \/>\n<meta property=\"og:site_name\" content=\"Casa de Campo Living\" \/>\n<meta property=\"article:publisher\" content=\"https:\/\/www.facebook.com\/casadecampoliving\" \/>\n<meta property=\"article:published_time\" content=\"2015-02-24T04:00:00+00:00\" \/>\n<meta property=\"article:modified_time\" content=\"2022-10-21T22:58:39+00:00\" \/>\n<meta property=\"og:image\" content=\"https:\/\/i0.wp.com\/casadecampoliving.com\/wp-content\/uploads\/2022\/10\/Altos_de_Chavon_School_of_design1.jpg?fit=930%2C620&ssl=1\" \/>\n\t<meta property=\"og:image:width\" content=\"930\" \/>\n\t<meta property=\"og:image:height\" content=\"620\" \/>\n\t<meta property=\"og:image:type\" content=\"image\/jpeg\" \/>\n<meta name=\"author\" content=\"Rebecca Silvestri\" \/>\n<meta name=\"twitter:card\" content=\"summary_large_image\" \/>\n<meta name=\"twitter:creator\" content=\"@cdcliving\" \/>\n<meta name=\"twitter:site\" content=\"@cdcliving\" \/>\n<meta name=\"twitter:label1\" content=\"Escrito por\" \/>\n\t<meta name=\"twitter:data1\" content=\"Rebecca Silvestri\" \/>\n\t<meta name=\"twitter:label2\" content=\"Tiempo de lectura\" \/>\n\t<meta name=\"twitter:data2\" content=\"4 minutos\" \/>\n<script type=\"application\/ld+json\" class=\"yoast-schema-graph\">{\"@context\":\"https:\\\/\\\/schema.org\",\"@graph\":[{\"@type\":\"Article\",\"@id\":\"https:\\\/\\\/casadecampoliving.com\\\/es\\\/davidoff-artistas-en-residencia\\\/#article\",\"isPartOf\":{\"@id\":\"https:\\\/\\\/casadecampoliving.com\\\/es\\\/davidoff-artistas-en-residencia\\\/\"},\"author\":{\"name\":\"Rebecca Silvestri\",\"@id\":\"https:\\\/\\\/casadecampoliving.com\\\/es\\\/#\\\/schema\\\/person\\\/2b2208f3175fa8761e25b272e096d718\"},\"headline\":\"Charlas Davidoff. Conociendo a los artistas en residencia\",\"datePublished\":\"2015-02-24T04:00:00+00:00\",\"dateModified\":\"2022-10-21T22:58:39+00:00\",\"mainEntityOfPage\":{\"@id\":\"https:\\\/\\\/casadecampoliving.com\\\/es\\\/davidoff-artistas-en-residencia\\\/\"},\"wordCount\":740,\"publisher\":{\"@id\":\"https:\\\/\\\/casadecampoliving.com\\\/es\\\/#organization\"},\"image\":{\"@id\":\"https:\\\/\\\/casadecampoliving.com\\\/es\\\/davidoff-artistas-en-residencia\\\/#primaryimage\"},\"thumbnailUrl\":\"https:\\\/\\\/i0.wp.com\\\/casadecampoliving.com\\\/wp-content\\\/uploads\\\/2022\\\/10\\\/Altos_de_Chavon_School_of_design1.jpg?fit=930%2C620&ssl=1\",\"keywords\":[\"Altos de Chavon\",\"artistas en residencia\",\"davidoff @es\"],\"articleSection\":[\"Altos de Chavon @es\",\"Arte y cultura\",\"Destacados\",\"Eventos\",\"Noticias Locales\",\"Proximamente\"],\"inLanguage\":\"es\"},{\"@type\":\"WebPage\",\"@id\":\"https:\\\/\\\/casadecampoliving.com\\\/es\\\/davidoff-artistas-en-residencia\\\/\",\"url\":\"https:\\\/\\\/casadecampoliving.com\\\/es\\\/davidoff-artistas-en-residencia\\\/\",\"name\":\"Charlas Davidoff. Conociendo a los artistas en residencia | Casa de Campo Living\",\"isPartOf\":{\"@id\":\"https:\\\/\\\/casadecampoliving.com\\\/es\\\/#website\"},\"primaryImageOfPage\":{\"@id\":\"https:\\\/\\\/casadecampoliving.com\\\/es\\\/davidoff-artistas-en-residencia\\\/#primaryimage\"},\"image\":{\"@id\":\"https:\\\/\\\/casadecampoliving.com\\\/es\\\/davidoff-artistas-en-residencia\\\/#primaryimage\"},\"thumbnailUrl\":\"https:\\\/\\\/i0.wp.com\\\/casadecampoliving.com\\\/wp-content\\\/uploads\\\/2022\\\/10\\\/Altos_de_Chavon_School_of_design1.jpg?fit=930%2C620&ssl=1\",\"datePublished\":\"2015-02-24T04:00:00+00:00\",\"dateModified\":\"2022-10-21T22:58:39+00:00\",\"description\":\"La Residencia de Arte&nbsp;Davidoff abri\u00f3 en Altos de Chav\u00f3n en enero de este a\u00f1o&nbsp;y ahora, a mediados de su tiempo en Altos de Chav\u00f3n, cada artista\",\"breadcrumb\":{\"@id\":\"https:\\\/\\\/casadecampoliving.com\\\/es\\\/davidoff-artistas-en-residencia\\\/#breadcrumb\"},\"inLanguage\":\"es\",\"potentialAction\":[{\"@type\":\"ReadAction\",\"target\":[\"https:\\\/\\\/casadecampoliving.com\\\/es\\\/davidoff-artistas-en-residencia\\\/\"]}]},{\"@type\":\"ImageObject\",\"inLanguage\":\"es\",\"@id\":\"https:\\\/\\\/casadecampoliving.com\\\/es\\\/davidoff-artistas-en-residencia\\\/#primaryimage\",\"url\":\"https:\\\/\\\/i0.wp.com\\\/casadecampoliving.com\\\/wp-content\\\/uploads\\\/2022\\\/10\\\/Altos_de_Chavon_School_of_design1.jpg?fit=930%2C620&ssl=1\",\"contentUrl\":\"https:\\\/\\\/i0.wp.com\\\/casadecampoliving.com\\\/wp-content\\\/uploads\\\/2022\\\/10\\\/Altos_de_Chavon_School_of_design1.jpg?fit=930%2C620&ssl=1\",\"width\":930,\"height\":620,\"caption\":\"Altos de Chavon School of design\"},{\"@type\":\"BreadcrumbList\",\"@id\":\"https:\\\/\\\/casadecampoliving.com\\\/es\\\/davidoff-artistas-en-residencia\\\/#breadcrumb\",\"itemListElement\":[{\"@type\":\"ListItem\",\"position\":1,\"name\":\"Home\",\"item\":\"https:\\\/\\\/casadecampoliving.com\\\/es\\\/\"},{\"@type\":\"ListItem\",\"position\":2,\"name\":\"Charlas Davidoff. Conociendo a los artistas en residencia\"}]},{\"@type\":\"WebSite\",\"@id\":\"https:\\\/\\\/casadecampoliving.com\\\/es\\\/#website\",\"url\":\"https:\\\/\\\/casadecampoliving.com\\\/es\\\/\",\"name\":\"Casa de Campo Living\",\"description\":\"Resort community news and resources.\",\"publisher\":{\"@id\":\"https:\\\/\\\/casadecampoliving.com\\\/es\\\/#organization\"},\"potentialAction\":[{\"@type\":\"SearchAction\",\"target\":{\"@type\":\"EntryPoint\",\"urlTemplate\":\"https:\\\/\\\/casadecampoliving.com\\\/es\\\/?s={search_term_string}\"},\"query-input\":{\"@type\":\"PropertyValueSpecification\",\"valueRequired\":true,\"valueName\":\"search_term_string\"}}],\"inLanguage\":\"es\"},{\"@type\":\"Organization\",\"@id\":\"https:\\\/\\\/casadecampoliving.com\\\/es\\\/#organization\",\"name\":\"Casa de Campo Living\",\"url\":\"https:\\\/\\\/casadecampoliving.com\\\/es\\\/\",\"logo\":{\"@type\":\"ImageObject\",\"inLanguage\":\"es\",\"@id\":\"https:\\\/\\\/casadecampoliving.com\\\/es\\\/#\\\/schema\\\/logo\\\/image\\\/\",\"url\":\"https:\\\/\\\/i0.wp.com\\\/casadecampoliving.com\\\/wp-content\\\/uploads\\\/2022\\\/07\\\/CDCLivingLogo_V1-white-sized.png?fit=800%2C214&ssl=1\",\"contentUrl\":\"https:\\\/\\\/i0.wp.com\\\/casadecampoliving.com\\\/wp-content\\\/uploads\\\/2022\\\/07\\\/CDCLivingLogo_V1-white-sized.png?fit=800%2C214&ssl=1\",\"width\":800,\"height\":214,\"caption\":\"Casa de Campo Living\"},\"image\":{\"@id\":\"https:\\\/\\\/casadecampoliving.com\\\/es\\\/#\\\/schema\\\/logo\\\/image\\\/\"},\"sameAs\":[\"https:\\\/\\\/www.facebook.com\\\/casadecampoliving\",\"https:\\\/\\\/x.com\\\/cdcliving\"]},{\"@type\":\"Person\",\"@id\":\"https:\\\/\\\/casadecampoliving.com\\\/es\\\/#\\\/schema\\\/person\\\/2b2208f3175fa8761e25b272e096d718\",\"name\":\"Rebecca Silvestri\",\"image\":{\"@type\":\"ImageObject\",\"inLanguage\":\"es\",\"@id\":\"https:\\\/\\\/secure.gravatar.com\\\/avatar\\\/2d937fd6c1769fb718dbf8dce9e82bf5f89e97bd028f9b3ea10b931dc7df95c6?s=96&d=mm&r=g\",\"url\":\"https:\\\/\\\/secure.gravatar.com\\\/avatar\\\/2d937fd6c1769fb718dbf8dce9e82bf5f89e97bd028f9b3ea10b931dc7df95c6?s=96&d=mm&r=g\",\"contentUrl\":\"https:\\\/\\\/secure.gravatar.com\\\/avatar\\\/2d937fd6c1769fb718dbf8dce9e82bf5f89e97bd028f9b3ea10b931dc7df95c6?s=96&d=mm&r=g\",\"caption\":\"Rebecca Silvestri\"},\"url\":\"https:\\\/\\\/casadecampoliving.com\\\/es\\\/author\\\/madamehuge\\\/\"}]}<\/script>\n<!-- \/ Yoast SEO plugin. -->","yoast_head_json":{"title":"Charlas Davidoff. Conociendo a los artistas en residencia | Casa de Campo Living","description":"La Residencia de Arte&nbsp;Davidoff abri\u00f3 en Altos de Chav\u00f3n en enero de este a\u00f1o&nbsp;y ahora, a mediados de su tiempo en Altos de Chav\u00f3n, cada artista","robots":{"index":"index","follow":"follow","max-snippet":"max-snippet:-1","max-image-preview":"max-image-preview:large","max-video-preview":"max-video-preview:-1"},"canonical":"https:\/\/casadecampoliving.com\/es\/davidoff-artistas-en-residencia\/","og_locale":"es_ES","og_type":"article","og_title":"Charlas Davidoff. Conociendo a los artistas en residencia | Casa de Campo Living","og_description":"La Residencia de Arte&nbsp;Davidoff abri\u00f3 en Altos de Chav\u00f3n en enero de este a\u00f1o&nbsp;y ahora, a mediados de su tiempo en Altos de Chav\u00f3n, cada artista","og_url":"https:\/\/casadecampoliving.com\/es\/davidoff-artistas-en-residencia\/","og_site_name":"Casa de Campo Living","article_publisher":"https:\/\/www.facebook.com\/casadecampoliving","article_published_time":"2015-02-24T04:00:00+00:00","article_modified_time":"2022-10-21T22:58:39+00:00","og_image":[{"width":930,"height":620,"url":"https:\/\/i0.wp.com\/casadecampoliving.com\/wp-content\/uploads\/2022\/10\/Altos_de_Chavon_School_of_design1.jpg?fit=930%2C620&ssl=1","type":"image\/jpeg"}],"author":"Rebecca Silvestri","twitter_card":"summary_large_image","twitter_creator":"@cdcliving","twitter_site":"@cdcliving","twitter_misc":{"Escrito por":"Rebecca Silvestri","Tiempo de lectura":"4 minutos"},"schema":{"@context":"https:\/\/schema.org","@graph":[{"@type":"Article","@id":"https:\/\/casadecampoliving.com\/es\/davidoff-artistas-en-residencia\/#article","isPartOf":{"@id":"https:\/\/casadecampoliving.com\/es\/davidoff-artistas-en-residencia\/"},"author":{"name":"Rebecca Silvestri","@id":"https:\/\/casadecampoliving.com\/es\/#\/schema\/person\/2b2208f3175fa8761e25b272e096d718"},"headline":"Charlas Davidoff. Conociendo a los artistas en residencia","datePublished":"2015-02-24T04:00:00+00:00","dateModified":"2022-10-21T22:58:39+00:00","mainEntityOfPage":{"@id":"https:\/\/casadecampoliving.com\/es\/davidoff-artistas-en-residencia\/"},"wordCount":740,"publisher":{"@id":"https:\/\/casadecampoliving.com\/es\/#organization"},"image":{"@id":"https:\/\/casadecampoliving.com\/es\/davidoff-artistas-en-residencia\/#primaryimage"},"thumbnailUrl":"https:\/\/i0.wp.com\/casadecampoliving.com\/wp-content\/uploads\/2022\/10\/Altos_de_Chavon_School_of_design1.jpg?fit=930%2C620&ssl=1","keywords":["Altos de Chavon","artistas en residencia","davidoff @es"],"articleSection":["Altos de Chavon @es","Arte y cultura","Destacados","Eventos","Noticias Locales","Proximamente"],"inLanguage":"es"},{"@type":"WebPage","@id":"https:\/\/casadecampoliving.com\/es\/davidoff-artistas-en-residencia\/","url":"https:\/\/casadecampoliving.com\/es\/davidoff-artistas-en-residencia\/","name":"Charlas Davidoff. Conociendo a los artistas en residencia | Casa de Campo Living","isPartOf":{"@id":"https:\/\/casadecampoliving.com\/es\/#website"},"primaryImageOfPage":{"@id":"https:\/\/casadecampoliving.com\/es\/davidoff-artistas-en-residencia\/#primaryimage"},"image":{"@id":"https:\/\/casadecampoliving.com\/es\/davidoff-artistas-en-residencia\/#primaryimage"},"thumbnailUrl":"https:\/\/i0.wp.com\/casadecampoliving.com\/wp-content\/uploads\/2022\/10\/Altos_de_Chavon_School_of_design1.jpg?fit=930%2C620&ssl=1","datePublished":"2015-02-24T04:00:00+00:00","dateModified":"2022-10-21T22:58:39+00:00","description":"La Residencia de Arte&nbsp;Davidoff abri\u00f3 en Altos de Chav\u00f3n en enero de este a\u00f1o&nbsp;y ahora, a mediados de su tiempo en Altos de Chav\u00f3n, cada artista","breadcrumb":{"@id":"https:\/\/casadecampoliving.com\/es\/davidoff-artistas-en-residencia\/#breadcrumb"},"inLanguage":"es","potentialAction":[{"@type":"ReadAction","target":["https:\/\/casadecampoliving.com\/es\/davidoff-artistas-en-residencia\/"]}]},{"@type":"ImageObject","inLanguage":"es","@id":"https:\/\/casadecampoliving.com\/es\/davidoff-artistas-en-residencia\/#primaryimage","url":"https:\/\/i0.wp.com\/casadecampoliving.com\/wp-content\/uploads\/2022\/10\/Altos_de_Chavon_School_of_design1.jpg?fit=930%2C620&ssl=1","contentUrl":"https:\/\/i0.wp.com\/casadecampoliving.com\/wp-content\/uploads\/2022\/10\/Altos_de_Chavon_School_of_design1.jpg?fit=930%2C620&ssl=1","width":930,"height":620,"caption":"Altos de Chavon School of design"},{"@type":"BreadcrumbList","@id":"https:\/\/casadecampoliving.com\/es\/davidoff-artistas-en-residencia\/#breadcrumb","itemListElement":[{"@type":"ListItem","position":1,"name":"Home","item":"https:\/\/casadecampoliving.com\/es\/"},{"@type":"ListItem","position":2,"name":"Charlas Davidoff. Conociendo a los artistas en residencia"}]},{"@type":"WebSite","@id":"https:\/\/casadecampoliving.com\/es\/#website","url":"https:\/\/casadecampoliving.com\/es\/","name":"Casa de Campo Living","description":"Resort community news and resources.","publisher":{"@id":"https:\/\/casadecampoliving.com\/es\/#organization"},"potentialAction":[{"@type":"SearchAction","target":{"@type":"EntryPoint","urlTemplate":"https:\/\/casadecampoliving.com\/es\/?s={search_term_string}"},"query-input":{"@type":"PropertyValueSpecification","valueRequired":true,"valueName":"search_term_string"}}],"inLanguage":"es"},{"@type":"Organization","@id":"https:\/\/casadecampoliving.com\/es\/#organization","name":"Casa de Campo Living","url":"https:\/\/casadecampoliving.com\/es\/","logo":{"@type":"ImageObject","inLanguage":"es","@id":"https:\/\/casadecampoliving.com\/es\/#\/schema\/logo\/image\/","url":"https:\/\/i0.wp.com\/casadecampoliving.com\/wp-content\/uploads\/2022\/07\/CDCLivingLogo_V1-white-sized.png?fit=800%2C214&ssl=1","contentUrl":"https:\/\/i0.wp.com\/casadecampoliving.com\/wp-content\/uploads\/2022\/07\/CDCLivingLogo_V1-white-sized.png?fit=800%2C214&ssl=1","width":800,"height":214,"caption":"Casa de Campo Living"},"image":{"@id":"https:\/\/casadecampoliving.com\/es\/#\/schema\/logo\/image\/"},"sameAs":["https:\/\/www.facebook.com\/casadecampoliving","https:\/\/x.com\/cdcliving"]},{"@type":"Person","@id":"https:\/\/casadecampoliving.com\/es\/#\/schema\/person\/2b2208f3175fa8761e25b272e096d718","name":"Rebecca Silvestri","image":{"@type":"ImageObject","inLanguage":"es","@id":"https:\/\/secure.gravatar.com\/avatar\/2d937fd6c1769fb718dbf8dce9e82bf5f89e97bd028f9b3ea10b931dc7df95c6?s=96&d=mm&r=g","url":"https:\/\/secure.gravatar.com\/avatar\/2d937fd6c1769fb718dbf8dce9e82bf5f89e97bd028f9b3ea10b931dc7df95c6?s=96&d=mm&r=g","contentUrl":"https:\/\/secure.gravatar.com\/avatar\/2d937fd6c1769fb718dbf8dce9e82bf5f89e97bd028f9b3ea10b931dc7df95c6?s=96&d=mm&r=g","caption":"Rebecca Silvestri"},"url":"https:\/\/casadecampoliving.com\/es\/author\/madamehuge\/"}]}},"parsely":{"version":"1.1.0","canonical_url":"https:\/\/casadecampoliving.com\/es\/davidoff-artistas-en-residencia\/","smart_links":{"inbound":0,"outbound":0},"traffic_boost_suggestions_count":0,"meta":{"@context":"https:\/\/schema.org","@type":"NewsArticle","headline":"Charlas Davidoff. Conociendo a los artistas en residencia","url":"http:\/\/casadecampoliving.com\/es\/davidoff-artistas-en-residencia\/","mainEntityOfPage":{"@type":"WebPage","@id":"http:\/\/casadecampoliving.com\/es\/davidoff-artistas-en-residencia\/"},"thumbnailUrl":"https:\/\/i0.wp.com\/casadecampoliving.com\/wp-content\/uploads\/2022\/10\/Altos_de_Chavon_School_of_design1.jpg?resize=150%2C150&ssl=1","image":{"@type":"ImageObject","url":"https:\/\/i0.wp.com\/casadecampoliving.com\/wp-content\/uploads\/2022\/10\/Altos_de_Chavon_School_of_design1.jpg?fit=930%2C620&ssl=1"},"articleSection":"Altos de Chavon @es","author":[{"@type":"Person","name":"Rebecca Silvestri"}],"creator":["Rebecca Silvestri"],"publisher":{"@type":"Organization","name":"Casa de Campo Living","logo":"https:\/\/casadecampoliving.com\/wp-content\/uploads\/2022\/07\/CDCLivingLogo_V1-white-sized.png"},"keywords":["altos de chavon","artistas en residencia","davidoff @es"],"dateCreated":"2015-02-24T04:00:00Z","datePublished":"2015-02-24T04:00:00Z","dateModified":"2022-10-21T22:58:39Z"},"rendered":"<script type=\"application\/ld+json\" class=\"wp-parsely-metadata\">{\"@context\":\"https:\\\/\\\/schema.org\",\"@type\":\"NewsArticle\",\"headline\":\"Charlas Davidoff. Conociendo a los artistas en residencia\",\"url\":\"http:\\\/\\\/casadecampoliving.com\\\/es\\\/davidoff-artistas-en-residencia\\\/\",\"mainEntityOfPage\":{\"@type\":\"WebPage\",\"@id\":\"http:\\\/\\\/casadecampoliving.com\\\/es\\\/davidoff-artistas-en-residencia\\\/\"},\"thumbnailUrl\":\"https:\\\/\\\/i0.wp.com\\\/casadecampoliving.com\\\/wp-content\\\/uploads\\\/2022\\\/10\\\/Altos_de_Chavon_School_of_design1.jpg?resize=150%2C150&ssl=1\",\"image\":{\"@type\":\"ImageObject\",\"url\":\"https:\\\/\\\/i0.wp.com\\\/casadecampoliving.com\\\/wp-content\\\/uploads\\\/2022\\\/10\\\/Altos_de_Chavon_School_of_design1.jpg?fit=930%2C620&ssl=1\"},\"articleSection\":\"Altos de Chavon @es\",\"author\":[{\"@type\":\"Person\",\"name\":\"Rebecca Silvestri\"}],\"creator\":[\"Rebecca Silvestri\"],\"publisher\":{\"@type\":\"Organization\",\"name\":\"Casa de Campo Living\",\"logo\":\"https:\\\/\\\/casadecampoliving.com\\\/wp-content\\\/uploads\\\/2022\\\/07\\\/CDCLivingLogo_V1-white-sized.png\"},\"keywords\":[\"altos de chavon\",\"artistas en residencia\",\"davidoff @es\"],\"dateCreated\":\"2015-02-24T04:00:00Z\",\"datePublished\":\"2015-02-24T04:00:00Z\",\"dateModified\":\"2022-10-21T22:58:39Z\"}<\/script>","tracker_url":"https:\/\/cdn.parsely.com\/keys\/casadecampoliving.com\/p.js"},"jetpack_publicize_connections":[],"jetpack_featured_media_url":"https:\/\/i0.wp.com\/casadecampoliving.com\/wp-content\/uploads\/2022\/10\/Altos_de_Chavon_School_of_design1.jpg?fit=930%2C620&ssl=1","jetpack-related-posts":[{"id":351059,"url":"https:\/\/casadecampoliving.com\/es\/conoce-los-nuevos-artistas-de-la-residencia-de-la-iniciativa-de-arte-davidoff-de-este-ano\/","url_meta":{"origin":346771,"position":0},"title":"Conoce a los nuevos artistas de la Residencia de la Iniciativa de Arte Davidoff de este a\u00f1o","author":"Marlenys Guzm\u00e1n Casta\u00f1os","date":"23 Ene, 2017","format":false,"excerpt":"Nastasia Meyrat, Yan Xing y Claire Trotignon ser\u00e1n presentados a la comunidad de Casa de Campo ma\u00f1ana, 24 de enero, como los nuevos artistas en residencia de la Iniciativa de Arte Davidoff 2017. Todos est\u00e1n cordialmente invitados a asistir a la presentaci\u00f3n de estos talentosos artistas\u00a0que tendra lugar en el\u2026","rel":"","context":"En \u00abAltos de Chavon @es\u00bb","block_context":{"text":"Altos de Chavon @es","link":"https:\/\/casadecampoliving.com\/category\/altos-de-chavon-es\/"},"img":{"alt_text":"","src":"https:\/\/i0.wp.com\/casadecampoliving.com\/wp-content\/uploads\/2022\/10\/Altos-de-Chavon_Studios_13-1-scaled.jpg?fit=1200%2C801&ssl=1&resize=350%2C200","width":350,"height":200,"srcset":"https:\/\/i0.wp.com\/casadecampoliving.com\/wp-content\/uploads\/2022\/10\/Altos-de-Chavon_Studios_13-1-scaled.jpg?fit=1200%2C801&ssl=1&resize=350%2C200 1x, https:\/\/i0.wp.com\/casadecampoliving.com\/wp-content\/uploads\/2022\/10\/Altos-de-Chavon_Studios_13-1-scaled.jpg?fit=1200%2C801&ssl=1&resize=525%2C300 1.5x, https:\/\/i0.wp.com\/casadecampoliving.com\/wp-content\/uploads\/2022\/10\/Altos-de-Chavon_Studios_13-1-scaled.jpg?fit=1200%2C801&ssl=1&resize=700%2C400 2x, https:\/\/i0.wp.com\/casadecampoliving.com\/wp-content\/uploads\/2022\/10\/Altos-de-Chavon_Studios_13-1-scaled.jpg?fit=1200%2C801&ssl=1&resize=1050%2C600 3x"},"classes":[]},{"id":352398,"url":"https:\/\/casadecampoliving.com\/es\/2018-artistas-en-residencia-de-la-iniciativa-de-arte-davidoff-en-casa-quien\/","url_meta":{"origin":346771,"position":1},"title":"Conozca a los nuevos Artistas en Residencia de la Iniciativa de Arte Davidoff en Casa Quien","author":"Marlenys Guzm\u00e1n Casta\u00f1os","date":"17 Ene, 2018","format":false,"excerpt":"Los artistas participantes en el programa Artistas en Residencia de 2018 de la Iniciativa de Arte Davidoff ser\u00e1n presentados el 25 de enero en Casa Quien en Santo Domingo. Mimi Cherono Ng\u2019ok, Candice Lin, Jan Peter Hammer y Paul Maheke, a quienes se les unir\u00e1 la fundadora y editora de\u2026","rel":"","context":"En \u00abAltos de Chavon @es\u00bb","block_context":{"text":"Altos de Chavon @es","link":"https:\/\/casadecampoliving.com\/category\/altos-de-chavon-es\/"},"img":{"alt_text":"","src":"https:\/\/i0.wp.com\/casadecampoliving.com\/wp-content\/uploads\/2022\/10\/Davidoff_Art_Day-65-e1511962872648-1.jpg?fit=1000%2C667&ssl=1&resize=350%2C200","width":350,"height":200,"srcset":"https:\/\/i0.wp.com\/casadecampoliving.com\/wp-content\/uploads\/2022\/10\/Davidoff_Art_Day-65-e1511962872648-1.jpg?fit=1000%2C667&ssl=1&resize=350%2C200 1x, https:\/\/i0.wp.com\/casadecampoliving.com\/wp-content\/uploads\/2022\/10\/Davidoff_Art_Day-65-e1511962872648-1.jpg?fit=1000%2C667&ssl=1&resize=525%2C300 1.5x, https:\/\/i0.wp.com\/casadecampoliving.com\/wp-content\/uploads\/2022\/10\/Davidoff_Art_Day-65-e1511962872648-1.jpg?fit=1000%2C667&ssl=1&resize=700%2C400 2x"},"classes":[]},{"id":345007,"url":"https:\/\/casadecampoliving.com\/es\/construccion-en-marcha-de-nuevos-artistas-en-residencia\/","url_meta":{"origin":346771,"position":2},"title":"Contin\u00faan los trabajos del nuevo edificio para los artistas en residencia","author":"Daniela Medina","date":"17 Ago, 2014","format":false,"excerpt":"En marzo de este a\u00f1o disfrutamos la iniciativa de la\u00a0primera nueva construcci\u00f3n en Altos de Chav\u00f3n en 38 a\u00f1os de historia\u00a0para los nuevos artistas en residencia. Bueno, hoy estamos orgullosos de anunciar que ya se est\u00e1 trabajando en este nuevo proyecto. Este edificio reemplazar\u00e1 la antigua facilidad de residencia de\u2026","rel":"","context":"En \u00abAltos de Chavon @es\u00bb","block_context":{"text":"Altos de Chavon @es","link":"https:\/\/casadecampoliving.com\/category\/altos-de-chavon-es\/"},"img":{"alt_text":"Artists In Residence Altos de Chavon","src":"https:\/\/i0.wp.com\/casadecampoliving.com\/wp-content\/uploads\/2022\/10\/artists_in_residence_altos_de_chavon1-1.jpg?fit=650%2C434&ssl=1&resize=350%2C200","width":350,"height":200,"srcset":"https:\/\/i0.wp.com\/casadecampoliving.com\/wp-content\/uploads\/2022\/10\/artists_in_residence_altos_de_chavon1-1.jpg?fit=650%2C434&ssl=1&resize=350%2C200 1x, https:\/\/i0.wp.com\/casadecampoliving.com\/wp-content\/uploads\/2022\/10\/artists_in_residence_altos_de_chavon1-1.jpg?fit=650%2C434&ssl=1&resize=525%2C300 1.5x"},"classes":[]},{"id":343240,"url":"https:\/\/casadecampoliving.com\/es\/la-residencia-de-arte-davidoff-altos-de-chavon-en-enero-de-2015\/","url_meta":{"origin":346771,"position":3},"title":"La Residencia de Arte Davidoff abrir\u00e1 en Altos de Chav\u00f3n en enero de 2015","author":"Genesis Perdomo","date":"8 Nov, 2013","format":false,"excerpt":"Davidoff Cigars, la importante marca de cigarrillos, recientemente anunci\u00f3 un patrocinio y colaboraci\u00f3n con la Escuela de Arte y Dise\u00f1o de Altos de Chav\u00f3n. La Residencia de Arte Davidoff es parte de la Iniciativa de Arte Davidoff, la cual apoya artistas y al arte contempor\u00e1neo en el Caribe, fuertes organizaciones\u2026","rel":"","context":"En \u00abAltos de Chavon @es\u00bb","block_context":{"text":"Altos de Chavon @es","link":"https:\/\/casadecampoliving.com\/category\/altos-de-chavon-es\/"},"img":{"alt_text":"Altos de Chavon","src":"https:\/\/i0.wp.com\/casadecampoliving.com\/wp-content\/uploads\/2022\/10\/altos-de-chavon-1.jpg?fit=650%2C403&ssl=1&resize=350%2C200","width":350,"height":200,"srcset":"https:\/\/i0.wp.com\/casadecampoliving.com\/wp-content\/uploads\/2022\/10\/altos-de-chavon-1.jpg?fit=650%2C403&ssl=1&resize=350%2C200 1x, https:\/\/i0.wp.com\/casadecampoliving.com\/wp-content\/uploads\/2022\/10\/altos-de-chavon-1.jpg?fit=650%2C403&ssl=1&resize=525%2C300 1.5x"},"classes":[]},{"id":346399,"url":"https:\/\/casadecampoliving.com\/es\/altos-de-chavon-sera-sede-del-2do-davidoff-fin-de-semana-de-arte\/","url_meta":{"origin":346771,"position":4},"title":"Altos de Chav\u00f3n ser\u00e1 sede del 2do Fin de Semana de Arte Davidoff","author":"Rebecca Hughes","date":"27 Dic, 2014","format":false,"excerpt":"Con la colaboraci\u00f3n de la\u00a0Escuela de Dise\u00f1o de Altos de Chav\u00f3n y la Fundaci\u00f3n Cultural Altos de Chav\u00f3n, la Iniciativa de Arte Davidoff acoger\u00e1 el segundo Fin de Semana Anual de Arte Davidoff desde el 13 al 16 de febrero en Altos de Chav\u00f3n en Casa de Campo. En 2012,\u2026","rel":"","context":"En \u00abAltos de Chavon @es\u00bb","block_context":{"text":"Altos de Chavon @es","link":"https:\/\/casadecampoliving.com\/category\/altos-de-chavon-es\/"},"img":{"alt_text":"Altos de Chavon","src":"https:\/\/i0.wp.com\/casadecampoliving.com\/wp-content\/uploads\/2022\/10\/Altos_de_Chavon-1.jpg?fit=565%2C280&ssl=1&resize=350%2C200","width":350,"height":200,"srcset":"https:\/\/i0.wp.com\/casadecampoliving.com\/wp-content\/uploads\/2022\/10\/Altos_de_Chavon-1.jpg?fit=565%2C280&ssl=1&resize=350%2C200 1x, https:\/\/i0.wp.com\/casadecampoliving.com\/wp-content\/uploads\/2022\/10\/Altos_de_Chavon-1.jpg?fit=565%2C280&ssl=1&resize=525%2C300 1.5x"},"classes":[]},{"id":351116,"url":"https:\/\/casadecampoliving.com\/es\/nuevos-artistas-en-residencia-de-la-iniciativa-de-arte-davidoff\/","url_meta":{"origin":346771,"position":5},"title":"Encuentro con los nuevos artistas en residencia de la Iniciativa de Arte Davidoff","author":"Marlenys Guzm\u00e1n Casta\u00f1os","date":"6 Feb, 2017","format":false,"excerpt":"\u00a1Tres nuevos artistas est\u00e1n aqu\u00ed en Casa de Campo! Nastasia Meyrat, Yan Xing y Claire Trotignon fueron presentadas a la comunidad de Casa de Campo el 24 de enero como los nuevos artistas en residencia de la Iniciativa de Arte Davidoff 2017. La presentaci\u00f3n tuvo lugar en los estudios de\u2026","rel":"","context":"En \u00abAltos de Chavon @es\u00bb","block_context":{"text":"Altos de Chavon @es","link":"https:\/\/casadecampoliving.com\/category\/altos-de-chavon-es\/"},"img":{"alt_text":"","src":"https:\/\/i0.wp.com\/casadecampoliving.com\/wp-content\/uploads\/2022\/10\/Davidoff_Presentation_2017-8-1.jpg?fit=1000%2C667&ssl=1&resize=350%2C200","width":350,"height":200,"srcset":"https:\/\/i0.wp.com\/casadecampoliving.com\/wp-content\/uploads\/2022\/10\/Davidoff_Presentation_2017-8-1.jpg?fit=1000%2C667&ssl=1&resize=350%2C200 1x, https:\/\/i0.wp.com\/casadecampoliving.com\/wp-content\/uploads\/2022\/10\/Davidoff_Presentation_2017-8-1.jpg?fit=1000%2C667&ssl=1&resize=525%2C300 1.5x, https:\/\/i0.wp.com\/casadecampoliving.com\/wp-content\/uploads\/2022\/10\/Davidoff_Presentation_2017-8-1.jpg?fit=1000%2C667&ssl=1&resize=700%2C400 2x"},"classes":[]}],"jetpack_sharing_enabled":true,"_links":{"self":[{"href":"https:\/\/casadecampoliving.com\/es\/wp-json\/wp\/v2\/posts\/346771","targetHints":{"allow":["GET"]}}],"collection":[{"href":"https:\/\/casadecampoliving.com\/es\/wp-json\/wp\/v2\/posts"}],"about":[{"href":"https:\/\/casadecampoliving.com\/es\/wp-json\/wp\/v2\/types\/post"}],"author":[{"embeddable":true,"href":"https:\/\/casadecampoliving.com\/es\/wp-json\/wp\/v2\/users\/31"}],"replies":[{"embeddable":true,"href":"https:\/\/casadecampoliving.com\/es\/wp-json\/wp\/v2\/comments?post=346771"}],"version-history":[{"count":1,"href":"https:\/\/casadecampoliving.com\/es\/wp-json\/wp\/v2\/posts\/346771\/revisions"}],"predecessor-version":[{"id":346772,"href":"https:\/\/casadecampoliving.com\/es\/wp-json\/wp\/v2\/posts\/346771\/revisions\/346772"}],"wp:featuredmedia":[{"embeddable":true,"href":"https:\/\/casadecampoliving.com\/es\/wp-json\/wp\/v2\/media\/280115"}],"wp:attachment":[{"href":"https:\/\/casadecampoliving.com\/es\/wp-json\/wp\/v2\/media?parent=346771"}],"wp:term":[{"taxonomy":"category","embeddable":true,"href":"https:\/\/casadecampoliving.com\/es\/wp-json\/wp\/v2\/categories?post=346771"},{"taxonomy":"post_tag","embeddable":true,"href":"https:\/\/casadecampoliving.com\/es\/wp-json\/wp\/v2\/tags?post=346771"},{"taxonomy":"newspack_spnsrs_tax","embeddable":true,"href":"https:\/\/casadecampoliving.com\/es\/wp-json\/wp\/v2\/newspack_spnsrs_tax?post=346771"}],"curies":[{"name":"wp","href":"https:\/\/api.w.org\/{rel}","templated":true}]}}