{"id":346709,"date":"2015-02-10T00:00:00","date_gmt":"2015-02-10T04:00:00","guid":{"rendered":"https:\/\/casadecampoliving.com\/carretera-de-altos-de-chavon-cerrada-entrada-de-casa-de-campo\/"},"modified":"2022-10-21T18:56:23","modified_gmt":"2022-10-21T22:56:23","slug":"carretera-de-altos-de-chavon-cerrada-entrada-de-casa-de-campo","status":"publish","type":"post","link":"https:\/\/casadecampoliving.com\/es\/carretera-de-altos-de-chavon-cerrada-entrada-de-casa-de-campo\/","title":{"rendered":"Carretera de Altos de Chav\u00f3n cerrada por trabajos de la nueva entrada de Casa de Campo"},"content":{"rendered":"<div class=\"wp-block-image\">\n<figure class=\"aligncenter is-resized\"><img loading=\"lazy\" decoding=\"async\" src=\"https:\/\/i0.wp.com\/casadecampoliving.com\/wp-content\/uploads\/2022\/10\/Casa_de_Campo_map.jpg?resize=650%2C441&amp;ssl=1\" alt=\"Casa de Campo map\" class=\"wp-image-107934\" height=\"441\" width=\"650\"\/><\/figure>\n<\/div>\n\n\n<p>Se est\u00e1n realizando los trabajos para la nueva \u201cSegunda Entrada Principal\u201d de Casa de Campo, y por tal raz\u00f3n han cerrado temporalmente la carretera principal que lleva del resort Casa de Campo a Altos de Chav\u00f3n.<\/p>\n\n\n\n<!--more-->\n\n\n\n<p>Desde el martes 10 de febrero la carretera de acceso principal desde Barranca Este y Las Ca\u00f1as con direcci\u00f3n a Altos de Chav\u00f3n (vea el mapa de arriba) estar\u00e1 cerrada hasta nuevo aviso.<\/p>\n\n\n\n<p>Una vez abierta, la nueva entrada principal de Casa de Campo, la cual conectar\u00e1 con el Aeropuerto Internacional La Romana Casa de Campo en la Autopista El Coral.<\/p>\n\n\n\n<p>Aunque oficialmente no se ha anunciado su fecha de apertura, la nueva segunda entrada principal de Casa de Campo estar\u00e1 disponible en este a\u00f1o,&nbsp;y la obra avanza seg\u00fan lo previsto con el equipo trabajando actualmente en la primera rotonda que se ubicar\u00e1 en el cruce principal entre Casa de Campo y Altos de Chav\u00f3n \u2013 por tal motivo este cierre de la carretera.<\/p>\n\n\n\n<h3 class=\"wp-block-heading\"><strong>La nueva entrada de Casa de Campo<\/strong><\/h3>\n\n\n<div class=\"wp-block-image\">\n<figure class=\"aligncenter is-resized\"><img loading=\"lazy\" decoding=\"async\" src=\"https:\/\/i0.wp.com\/casadecampoliving.com\/wp-content\/uploads\/2022\/10\/Casa_de_Campo_1.jpg?resize=650%2C273&amp;ssl=1\" alt=\"Casa de Campo\" class=\"wp-image-97151\" height=\"273\" width=\"650\"\/><\/figure>\n<\/div>\n\n\n<h3 class=\"wp-block-heading\">Principales Caracter\u00edsticas<\/h3>\n\n\n\n<ul class=\"wp-block-list\"><li>Ubicada a aproximadamente o.5km saliendo de la autopista, que permitir\u00e1n un acceso eficiente, esencial para d\u00edas de mucho tr\u00e1fico, como fiestas nacionales y conciertos. Aunque por supuesto con 2 entradas en funcionamiento y un proceso de entrada m\u00e1s eficiente, hacer filas en mucho tr\u00e1fico ser\u00eda cosa del pasado.<\/li><li>4 carriles de acceso.<\/li><li>Una nueva oficina para los Due\u00f1os de Villa en Casa de Campo, donde visitantes podr\u00e1n registrarse para el acceso al resort Casa de Campo de una manera m\u00e1s r\u00e1pida y eficiente.<\/li><li>Una zona de estacionamientos m\u00e1s grande para visitantes.<\/li><li>Se reduce considerablemente el tiempo de viaje \/ la distancia para los visitantes y residentes hospedandose en el \u00e1rea\u201dsuperior\u201d de las zonas residenciales de Casa de Campo. Estas \u00e1reas incluyen Los Altos, Altos de Chav\u00f3n, Tenis Villas, Barranca, Barranca Este, Las Ca\u00f1as, Los Tamarindos y otros.<\/li><\/ul>\n\n\n<div class=\"wp-block-image\">\n<figure class=\"aligncenter is-resized\"><img loading=\"lazy\" decoding=\"async\" src=\"https:\/\/i0.wp.com\/casadecampoliving.com\/wp-content\/uploads\/2022\/10\/Casa_de_Campo_2.jpg?resize=650%2C273&amp;ssl=1\" alt=\"Casa de Campo\" class=\"wp-image-97154\" height=\"273\" width=\"650\"\/><\/figure>\n<\/div>\n\n\n<p class=\"has-text-align-center\"><strong>El Club de Due\u00f1os de Villas de Casa de Campo en la nueva entrada de Casa de Campo<\/strong><br>\n<\/p>\n\n\n\n<h3 class=\"wp-block-heading\">La otra entrada permanecer\u00e1 abierta<\/h3>\n\n\n\n<p>La entrada principal&nbsp;actual de Casa de Campo \u201cLa Cana\u201d permanecer\u00e1 abierta y completamente funcional \u2013 para los due\u00f1os de villa de Casa de Campo, residentes y visitantes por igual.<\/p>\n\n\n\n<h3 class=\"wp-block-heading\">\u00a1M\u00e1s buenas noticias!<\/h3>\n\n\n\n<p>Costasur tambi\u00e9n est\u00e1 investigando formas de seguir mejorando el flujo del tr\u00e1fico en el interior del complejo Casa de Campo. Por ejemplo, una vez que esta nueva entrada est\u00e9 completada, el volumen de tr\u00e1fico en la carretera de la estaci\u00f3n de bomberos, experimentar\u00e1 un flujo mucho mayor de tr\u00e1fico, algo que Costasur ha tomado en consideraci\u00f3n y ya est\u00e1 planificando.<\/p>\n\n\n<div class=\"wp-block-image\">\n<figure class=\"aligncenter is-resized\"><img loading=\"lazy\" decoding=\"async\" src=\"https:\/\/i0.wp.com\/casadecampoliving.com\/wp-content\/uploads\/2022\/10\/Casa_de_Campo.jpg?resize=650%2C213&amp;ssl=1\" alt=\"Casa de Campo\" class=\"wp-image-97153\" height=\"213\" width=\"650\"\/><\/figure>\n<\/div>","protected":false},"excerpt":{"rendered":"<p>Se est\u00e1n realizando los trabajos para la nueva \u201cSegunda Entrada Principal\u201d de Casa de Campo, y por tal raz\u00f3n han cerrado temporalmente la carretera principal que lleva del resort Casa de Campo a Altos de Chav\u00f3n.<\/p>\n","protected":false},"author":1097,"featured_media":277414,"comment_status":"closed","ping_status":"closed","sticky":false,"template":"","format":"standard","meta":{"newspack_ads_suppress_ads":false,"newspack_popups_has_disabled_popups":false,"newspack_sponsor_sponsorship_scope":"","newspack_sponsor_native_byline_display":"inherit","newspack_sponsor_native_category_display":"inherit","newspack_sponsor_underwriter_style":"inherit","newspack_sponsor_underwriter_placement":"inherit","_newspack_byline_active":false,"_newspack_byline":"","newspack_hide_updated_date":false,"newspack_show_updated_date":false,"newspack_content_restriction_is_exempt":false,"newspack_featured_image_position":"","newspack_post_subtitle":"","newspack_article_summary_title":"Overview:","newspack_article_summary":"","_jetpack_memberships_contains_paid_content":false,"footnotes":"","jetpack_publicize_message":"","jetpack_publicize_feature_enabled":true,"jetpack_social_post_already_shared":false,"jetpack_social_options":{"image_generator_settings":{"template":"highway","default_image_id":0,"font":"","enabled":false},"version":2},"_wpas_customize_per_network":false},"categories":[11838,26819,26936,26951,2524,14631,14625,2521,26822],"tags":[15387,11742,3626,8094,24387,6371],"newspack_spnsrs_tax":[],"class_list":["post-346709","post","type-post","status-publish","format-standard","has-post-thumbnail","hentry","category-aeropuerto-internacional-de-la-romana-2","category-altos-de-chavon-es","category-casa-de-campo-living-es","category-ccl-presenta","category-destacados","category-estilo-de-vida","category-noticias-locales","category-republica-dominicana-2","category-resort-casa-de-campo","tag-altos-de-chavon-es","tag-carretera","tag-casa-de-campo-es","tag-casa-de-campo-community-es","tag-casa-de-campo-living-es","tag-casa-de-campo-resort-es","entry"],"yoast_head":"<!-- This site is optimized with the Yoast SEO plugin v27.5 - https:\/\/yoast.com\/product\/yoast-seo-wordpress\/ -->\n<title>Carretera de Altos de Chav\u00f3n cerrada por trabajos de la nueva entrada de Casa de Campo | Casa de Campo Living<\/title>\n<meta name=\"description\" content=\"Se est\u00e1n realizando los trabajos para la nueva \u201cSegunda Entrada Principal\u201d de Casa de Campo, y por tal raz\u00f3n han cerrado temporalmente la carretera\" \/>\n<meta name=\"robots\" content=\"index, follow, max-snippet:-1, max-image-preview:large, max-video-preview:-1\" \/>\n<link rel=\"canonical\" href=\"https:\/\/casadecampoliving.com\/es\/carretera-de-altos-de-chavon-cerrada-entrada-de-casa-de-campo\/\" \/>\n<meta property=\"og:locale\" content=\"es_ES\" \/>\n<meta property=\"og:type\" content=\"article\" \/>\n<meta property=\"og:title\" content=\"Carretera de Altos de Chav\u00f3n cerrada por trabajos de la nueva entrada de Casa de Campo | Casa de Campo Living\" \/>\n<meta property=\"og:description\" content=\"Se est\u00e1n realizando los trabajos para la nueva \u201cSegunda Entrada Principal\u201d de Casa de Campo, y por tal raz\u00f3n han cerrado temporalmente la carretera\" \/>\n<meta property=\"og:url\" content=\"https:\/\/casadecampoliving.com\/es\/carretera-de-altos-de-chavon-cerrada-entrada-de-casa-de-campo\/\" \/>\n<meta property=\"og:site_name\" content=\"Casa de Campo Living\" \/>\n<meta property=\"article:publisher\" content=\"https:\/\/www.facebook.com\/casadecampoliving\" \/>\n<meta property=\"article:published_time\" content=\"2015-02-10T04:00:00+00:00\" \/>\n<meta property=\"article:modified_time\" content=\"2022-10-21T22:56:23+00:00\" \/>\n<meta property=\"og:image\" content=\"https:\/\/i0.wp.com\/casadecampoliving.com\/wp-content\/uploads\/2022\/10\/Casa_de_Campo_map-1.jpg?fit=565%2C251&ssl=1\" \/>\n\t<meta property=\"og:image:width\" content=\"565\" \/>\n\t<meta property=\"og:image:height\" content=\"251\" \/>\n\t<meta property=\"og:image:type\" content=\"image\/jpeg\" \/>\n<meta name=\"author\" content=\"Perkin Agramonte\" \/>\n<meta name=\"twitter:card\" content=\"summary_large_image\" \/>\n<meta name=\"twitter:creator\" content=\"@cdcliving\" \/>\n<meta name=\"twitter:site\" content=\"@cdcliving\" \/>\n<meta name=\"twitter:label1\" content=\"Escrito por\" \/>\n\t<meta name=\"twitter:data1\" content=\"Perkin Agramonte\" \/>\n\t<meta name=\"twitter:label2\" content=\"Tiempo de lectura\" \/>\n\t<meta name=\"twitter:data2\" content=\"2 minutos\" \/>\n<script type=\"application\/ld+json\" class=\"yoast-schema-graph\">{\"@context\":\"https:\\\/\\\/schema.org\",\"@graph\":[{\"@type\":\"Article\",\"@id\":\"https:\\\/\\\/casadecampoliving.com\\\/es\\\/carretera-de-altos-de-chavon-cerrada-entrada-de-casa-de-campo\\\/#article\",\"isPartOf\":{\"@id\":\"https:\\\/\\\/casadecampoliving.com\\\/es\\\/carretera-de-altos-de-chavon-cerrada-entrada-de-casa-de-campo\\\/\"},\"author\":{\"name\":\"Perkin Agramonte\",\"@id\":\"https:\\\/\\\/casadecampoliving.com\\\/es\\\/#\\\/schema\\\/person\\\/c8efa6049510554b7d5fea078d728f72\"},\"headline\":\"Carretera de Altos de Chav\u00f3n cerrada por trabajos de la nueva entrada de Casa de Campo\",\"datePublished\":\"2015-02-10T04:00:00+00:00\",\"dateModified\":\"2022-10-21T22:56:23+00:00\",\"mainEntityOfPage\":{\"@id\":\"https:\\\/\\\/casadecampoliving.com\\\/es\\\/carretera-de-altos-de-chavon-cerrada-entrada-de-casa-de-campo\\\/\"},\"wordCount\":470,\"publisher\":{\"@id\":\"https:\\\/\\\/casadecampoliving.com\\\/es\\\/#organization\"},\"image\":{\"@id\":\"https:\\\/\\\/casadecampoliving.com\\\/es\\\/carretera-de-altos-de-chavon-cerrada-entrada-de-casa-de-campo\\\/#primaryimage\"},\"thumbnailUrl\":\"https:\\\/\\\/i0.wp.com\\\/casadecampoliving.com\\\/wp-content\\\/uploads\\\/2022\\\/10\\\/Casa_de_Campo_map-1.jpg?fit=565%2C251&ssl=1\",\"keywords\":[\"Altos de Chavon\",\"carretera\",\"casa de campo @es\",\"Casa de Campo Community @es\",\"Casa de Campo Living\",\"casa de campo resort @es\"],\"articleSection\":[\"Aeropuerto Internacional de La Romana, Casa de Campo\",\"Altos de Chavon @es\",\"Casa de Campo Living @es\",\"CCL presenta\",\"Destacados\",\"Estilo de Vida\",\"Noticias Locales\",\"Rep\u00fablica Dominicana @es\",\"Resort Casa de Campo\"],\"inLanguage\":\"es\"},{\"@type\":\"WebPage\",\"@id\":\"https:\\\/\\\/casadecampoliving.com\\\/es\\\/carretera-de-altos-de-chavon-cerrada-entrada-de-casa-de-campo\\\/\",\"url\":\"https:\\\/\\\/casadecampoliving.com\\\/es\\\/carretera-de-altos-de-chavon-cerrada-entrada-de-casa-de-campo\\\/\",\"name\":\"Carretera de Altos de Chav\u00f3n cerrada por trabajos de la nueva entrada de Casa de Campo | Casa de Campo Living\",\"isPartOf\":{\"@id\":\"https:\\\/\\\/casadecampoliving.com\\\/es\\\/#website\"},\"primaryImageOfPage\":{\"@id\":\"https:\\\/\\\/casadecampoliving.com\\\/es\\\/carretera-de-altos-de-chavon-cerrada-entrada-de-casa-de-campo\\\/#primaryimage\"},\"image\":{\"@id\":\"https:\\\/\\\/casadecampoliving.com\\\/es\\\/carretera-de-altos-de-chavon-cerrada-entrada-de-casa-de-campo\\\/#primaryimage\"},\"thumbnailUrl\":\"https:\\\/\\\/i0.wp.com\\\/casadecampoliving.com\\\/wp-content\\\/uploads\\\/2022\\\/10\\\/Casa_de_Campo_map-1.jpg?fit=565%2C251&ssl=1\",\"datePublished\":\"2015-02-10T04:00:00+00:00\",\"dateModified\":\"2022-10-21T22:56:23+00:00\",\"description\":\"Se est\u00e1n realizando los trabajos para la nueva \u201cSegunda Entrada Principal\u201d de Casa de Campo, y por tal raz\u00f3n han cerrado temporalmente la carretera\",\"breadcrumb\":{\"@id\":\"https:\\\/\\\/casadecampoliving.com\\\/es\\\/carretera-de-altos-de-chavon-cerrada-entrada-de-casa-de-campo\\\/#breadcrumb\"},\"inLanguage\":\"es\",\"potentialAction\":[{\"@type\":\"ReadAction\",\"target\":[\"https:\\\/\\\/casadecampoliving.com\\\/es\\\/carretera-de-altos-de-chavon-cerrada-entrada-de-casa-de-campo\\\/\"]}]},{\"@type\":\"ImageObject\",\"inLanguage\":\"es\",\"@id\":\"https:\\\/\\\/casadecampoliving.com\\\/es\\\/carretera-de-altos-de-chavon-cerrada-entrada-de-casa-de-campo\\\/#primaryimage\",\"url\":\"https:\\\/\\\/i0.wp.com\\\/casadecampoliving.com\\\/wp-content\\\/uploads\\\/2022\\\/10\\\/Casa_de_Campo_map-1.jpg?fit=565%2C251&ssl=1\",\"contentUrl\":\"https:\\\/\\\/i0.wp.com\\\/casadecampoliving.com\\\/wp-content\\\/uploads\\\/2022\\\/10\\\/Casa_de_Campo_map-1.jpg?fit=565%2C251&ssl=1\",\"width\":565,\"height\":251,\"caption\":\"Casa de Campo map\"},{\"@type\":\"BreadcrumbList\",\"@id\":\"https:\\\/\\\/casadecampoliving.com\\\/es\\\/carretera-de-altos-de-chavon-cerrada-entrada-de-casa-de-campo\\\/#breadcrumb\",\"itemListElement\":[{\"@type\":\"ListItem\",\"position\":1,\"name\":\"Home\",\"item\":\"https:\\\/\\\/casadecampoliving.com\\\/es\\\/\"},{\"@type\":\"ListItem\",\"position\":2,\"name\":\"Carretera de Altos de Chav\u00f3n cerrada por trabajos de la nueva entrada de Casa de Campo\"}]},{\"@type\":\"WebSite\",\"@id\":\"https:\\\/\\\/casadecampoliving.com\\\/es\\\/#website\",\"url\":\"https:\\\/\\\/casadecampoliving.com\\\/es\\\/\",\"name\":\"Casa de Campo Living\",\"description\":\"Resort community news and resources.\",\"publisher\":{\"@id\":\"https:\\\/\\\/casadecampoliving.com\\\/es\\\/#organization\"},\"potentialAction\":[{\"@type\":\"SearchAction\",\"target\":{\"@type\":\"EntryPoint\",\"urlTemplate\":\"https:\\\/\\\/casadecampoliving.com\\\/es\\\/?s={search_term_string}\"},\"query-input\":{\"@type\":\"PropertyValueSpecification\",\"valueRequired\":true,\"valueName\":\"search_term_string\"}}],\"inLanguage\":\"es\"},{\"@type\":\"Organization\",\"@id\":\"https:\\\/\\\/casadecampoliving.com\\\/es\\\/#organization\",\"name\":\"Casa de Campo Living\",\"url\":\"https:\\\/\\\/casadecampoliving.com\\\/es\\\/\",\"logo\":{\"@type\":\"ImageObject\",\"inLanguage\":\"es\",\"@id\":\"https:\\\/\\\/casadecampoliving.com\\\/es\\\/#\\\/schema\\\/logo\\\/image\\\/\",\"url\":\"https:\\\/\\\/i0.wp.com\\\/casadecampoliving.com\\\/wp-content\\\/uploads\\\/2022\\\/07\\\/CDCLivingLogo_V1-white-sized.png?fit=800%2C214&ssl=1\",\"contentUrl\":\"https:\\\/\\\/i0.wp.com\\\/casadecampoliving.com\\\/wp-content\\\/uploads\\\/2022\\\/07\\\/CDCLivingLogo_V1-white-sized.png?fit=800%2C214&ssl=1\",\"width\":800,\"height\":214,\"caption\":\"Casa de Campo Living\"},\"image\":{\"@id\":\"https:\\\/\\\/casadecampoliving.com\\\/es\\\/#\\\/schema\\\/logo\\\/image\\\/\"},\"sameAs\":[\"https:\\\/\\\/www.facebook.com\\\/casadecampoliving\",\"https:\\\/\\\/x.com\\\/cdcliving\"]},{\"@type\":\"Person\",\"@id\":\"https:\\\/\\\/casadecampoliving.com\\\/es\\\/#\\\/schema\\\/person\\\/c8efa6049510554b7d5fea078d728f72\",\"name\":\"Perkin Agramonte\",\"image\":{\"@type\":\"ImageObject\",\"inLanguage\":\"es\",\"@id\":\"https:\\\/\\\/secure.gravatar.com\\\/avatar\\\/57bfdafcae55fb83dbb79a1585a9eab7f269b7720fb0b64cb9a4e0cd2962fa10?s=96&d=mm&r=g\",\"url\":\"https:\\\/\\\/secure.gravatar.com\\\/avatar\\\/57bfdafcae55fb83dbb79a1585a9eab7f269b7720fb0b64cb9a4e0cd2962fa10?s=96&d=mm&r=g\",\"contentUrl\":\"https:\\\/\\\/secure.gravatar.com\\\/avatar\\\/57bfdafcae55fb83dbb79a1585a9eab7f269b7720fb0b64cb9a4e0cd2962fa10?s=96&d=mm&r=g\",\"caption\":\"Perkin Agramonte\"},\"url\":\"https:\\\/\\\/casadecampoliving.com\\\/es\\\/author\\\/cagramonte\\\/\"}]}<\/script>\n<!-- \/ Yoast SEO plugin. -->","yoast_head_json":{"title":"Carretera de Altos de Chav\u00f3n cerrada por trabajos de la nueva entrada de Casa de Campo | Casa de Campo Living","description":"Se est\u00e1n realizando los trabajos para la nueva \u201cSegunda Entrada Principal\u201d de Casa de Campo, y por tal raz\u00f3n han cerrado temporalmente la carretera","robots":{"index":"index","follow":"follow","max-snippet":"max-snippet:-1","max-image-preview":"max-image-preview:large","max-video-preview":"max-video-preview:-1"},"canonical":"https:\/\/casadecampoliving.com\/es\/carretera-de-altos-de-chavon-cerrada-entrada-de-casa-de-campo\/","og_locale":"es_ES","og_type":"article","og_title":"Carretera de Altos de Chav\u00f3n cerrada por trabajos de la nueva entrada de Casa de Campo | Casa de Campo Living","og_description":"Se est\u00e1n realizando los trabajos para la nueva \u201cSegunda Entrada Principal\u201d de Casa de Campo, y por tal raz\u00f3n han cerrado temporalmente la carretera","og_url":"https:\/\/casadecampoliving.com\/es\/carretera-de-altos-de-chavon-cerrada-entrada-de-casa-de-campo\/","og_site_name":"Casa de Campo Living","article_publisher":"https:\/\/www.facebook.com\/casadecampoliving","article_published_time":"2015-02-10T04:00:00+00:00","article_modified_time":"2022-10-21T22:56:23+00:00","og_image":[{"width":565,"height":251,"url":"https:\/\/i0.wp.com\/casadecampoliving.com\/wp-content\/uploads\/2022\/10\/Casa_de_Campo_map-1.jpg?fit=565%2C251&ssl=1","type":"image\/jpeg"}],"author":"Perkin Agramonte","twitter_card":"summary_large_image","twitter_creator":"@cdcliving","twitter_site":"@cdcliving","twitter_misc":{"Escrito por":"Perkin Agramonte","Tiempo de lectura":"2 minutos"},"schema":{"@context":"https:\/\/schema.org","@graph":[{"@type":"Article","@id":"https:\/\/casadecampoliving.com\/es\/carretera-de-altos-de-chavon-cerrada-entrada-de-casa-de-campo\/#article","isPartOf":{"@id":"https:\/\/casadecampoliving.com\/es\/carretera-de-altos-de-chavon-cerrada-entrada-de-casa-de-campo\/"},"author":{"name":"Perkin Agramonte","@id":"https:\/\/casadecampoliving.com\/es\/#\/schema\/person\/c8efa6049510554b7d5fea078d728f72"},"headline":"Carretera de Altos de Chav\u00f3n cerrada por trabajos de la nueva entrada de Casa de Campo","datePublished":"2015-02-10T04:00:00+00:00","dateModified":"2022-10-21T22:56:23+00:00","mainEntityOfPage":{"@id":"https:\/\/casadecampoliving.com\/es\/carretera-de-altos-de-chavon-cerrada-entrada-de-casa-de-campo\/"},"wordCount":470,"publisher":{"@id":"https:\/\/casadecampoliving.com\/es\/#organization"},"image":{"@id":"https:\/\/casadecampoliving.com\/es\/carretera-de-altos-de-chavon-cerrada-entrada-de-casa-de-campo\/#primaryimage"},"thumbnailUrl":"https:\/\/i0.wp.com\/casadecampoliving.com\/wp-content\/uploads\/2022\/10\/Casa_de_Campo_map-1.jpg?fit=565%2C251&ssl=1","keywords":["Altos de Chavon","carretera","casa de campo @es","Casa de Campo Community @es","Casa de Campo Living","casa de campo resort @es"],"articleSection":["Aeropuerto Internacional de La Romana, Casa de Campo","Altos de Chavon @es","Casa de Campo Living @es","CCL presenta","Destacados","Estilo de Vida","Noticias Locales","Rep\u00fablica Dominicana @es","Resort Casa de Campo"],"inLanguage":"es"},{"@type":"WebPage","@id":"https:\/\/casadecampoliving.com\/es\/carretera-de-altos-de-chavon-cerrada-entrada-de-casa-de-campo\/","url":"https:\/\/casadecampoliving.com\/es\/carretera-de-altos-de-chavon-cerrada-entrada-de-casa-de-campo\/","name":"Carretera de Altos de Chav\u00f3n cerrada por trabajos de la nueva entrada de Casa de Campo | Casa de Campo Living","isPartOf":{"@id":"https:\/\/casadecampoliving.com\/es\/#website"},"primaryImageOfPage":{"@id":"https:\/\/casadecampoliving.com\/es\/carretera-de-altos-de-chavon-cerrada-entrada-de-casa-de-campo\/#primaryimage"},"image":{"@id":"https:\/\/casadecampoliving.com\/es\/carretera-de-altos-de-chavon-cerrada-entrada-de-casa-de-campo\/#primaryimage"},"thumbnailUrl":"https:\/\/i0.wp.com\/casadecampoliving.com\/wp-content\/uploads\/2022\/10\/Casa_de_Campo_map-1.jpg?fit=565%2C251&ssl=1","datePublished":"2015-02-10T04:00:00+00:00","dateModified":"2022-10-21T22:56:23+00:00","description":"Se est\u00e1n realizando los trabajos para la nueva \u201cSegunda Entrada Principal\u201d de Casa de Campo, y por tal raz\u00f3n han cerrado temporalmente la carretera","breadcrumb":{"@id":"https:\/\/casadecampoliving.com\/es\/carretera-de-altos-de-chavon-cerrada-entrada-de-casa-de-campo\/#breadcrumb"},"inLanguage":"es","potentialAction":[{"@type":"ReadAction","target":["https:\/\/casadecampoliving.com\/es\/carretera-de-altos-de-chavon-cerrada-entrada-de-casa-de-campo\/"]}]},{"@type":"ImageObject","inLanguage":"es","@id":"https:\/\/casadecampoliving.com\/es\/carretera-de-altos-de-chavon-cerrada-entrada-de-casa-de-campo\/#primaryimage","url":"https:\/\/i0.wp.com\/casadecampoliving.com\/wp-content\/uploads\/2022\/10\/Casa_de_Campo_map-1.jpg?fit=565%2C251&ssl=1","contentUrl":"https:\/\/i0.wp.com\/casadecampoliving.com\/wp-content\/uploads\/2022\/10\/Casa_de_Campo_map-1.jpg?fit=565%2C251&ssl=1","width":565,"height":251,"caption":"Casa de Campo map"},{"@type":"BreadcrumbList","@id":"https:\/\/casadecampoliving.com\/es\/carretera-de-altos-de-chavon-cerrada-entrada-de-casa-de-campo\/#breadcrumb","itemListElement":[{"@type":"ListItem","position":1,"name":"Home","item":"https:\/\/casadecampoliving.com\/es\/"},{"@type":"ListItem","position":2,"name":"Carretera de Altos de Chav\u00f3n cerrada por trabajos de la nueva entrada de Casa de Campo"}]},{"@type":"WebSite","@id":"https:\/\/casadecampoliving.com\/es\/#website","url":"https:\/\/casadecampoliving.com\/es\/","name":"Casa de Campo Living","description":"Resort community news and resources.","publisher":{"@id":"https:\/\/casadecampoliving.com\/es\/#organization"},"potentialAction":[{"@type":"SearchAction","target":{"@type":"EntryPoint","urlTemplate":"https:\/\/casadecampoliving.com\/es\/?s={search_term_string}"},"query-input":{"@type":"PropertyValueSpecification","valueRequired":true,"valueName":"search_term_string"}}],"inLanguage":"es"},{"@type":"Organization","@id":"https:\/\/casadecampoliving.com\/es\/#organization","name":"Casa de Campo Living","url":"https:\/\/casadecampoliving.com\/es\/","logo":{"@type":"ImageObject","inLanguage":"es","@id":"https:\/\/casadecampoliving.com\/es\/#\/schema\/logo\/image\/","url":"https:\/\/i0.wp.com\/casadecampoliving.com\/wp-content\/uploads\/2022\/07\/CDCLivingLogo_V1-white-sized.png?fit=800%2C214&ssl=1","contentUrl":"https:\/\/i0.wp.com\/casadecampoliving.com\/wp-content\/uploads\/2022\/07\/CDCLivingLogo_V1-white-sized.png?fit=800%2C214&ssl=1","width":800,"height":214,"caption":"Casa de Campo Living"},"image":{"@id":"https:\/\/casadecampoliving.com\/es\/#\/schema\/logo\/image\/"},"sameAs":["https:\/\/www.facebook.com\/casadecampoliving","https:\/\/x.com\/cdcliving"]},{"@type":"Person","@id":"https:\/\/casadecampoliving.com\/es\/#\/schema\/person\/c8efa6049510554b7d5fea078d728f72","name":"Perkin Agramonte","image":{"@type":"ImageObject","inLanguage":"es","@id":"https:\/\/secure.gravatar.com\/avatar\/57bfdafcae55fb83dbb79a1585a9eab7f269b7720fb0b64cb9a4e0cd2962fa10?s=96&d=mm&r=g","url":"https:\/\/secure.gravatar.com\/avatar\/57bfdafcae55fb83dbb79a1585a9eab7f269b7720fb0b64cb9a4e0cd2962fa10?s=96&d=mm&r=g","contentUrl":"https:\/\/secure.gravatar.com\/avatar\/57bfdafcae55fb83dbb79a1585a9eab7f269b7720fb0b64cb9a4e0cd2962fa10?s=96&d=mm&r=g","caption":"Perkin Agramonte"},"url":"https:\/\/casadecampoliving.com\/es\/author\/cagramonte\/"}]}},"parsely":{"version":"1.1.0","canonical_url":"https:\/\/casadecampoliving.com\/es\/carretera-de-altos-de-chavon-cerrada-entrada-de-casa-de-campo\/","smart_links":{"inbound":0,"outbound":0},"traffic_boost_suggestions_count":0,"meta":{"@context":"https:\/\/schema.org","@type":"NewsArticle","headline":"Carretera de Altos de Chav\u00f3n cerrada por trabajos de la nueva entrada de Casa de Campo","url":"http:\/\/casadecampoliving.com\/es\/carretera-de-altos-de-chavon-cerrada-entrada-de-casa-de-campo\/","mainEntityOfPage":{"@type":"WebPage","@id":"http:\/\/casadecampoliving.com\/es\/carretera-de-altos-de-chavon-cerrada-entrada-de-casa-de-campo\/"},"thumbnailUrl":"https:\/\/i0.wp.com\/casadecampoliving.com\/wp-content\/uploads\/2022\/10\/Casa_de_Campo_map-1.jpg?resize=150%2C150&ssl=1","image":{"@type":"ImageObject","url":"https:\/\/i0.wp.com\/casadecampoliving.com\/wp-content\/uploads\/2022\/10\/Casa_de_Campo_map-1.jpg?fit=565%2C251&ssl=1"},"articleSection":"Aeropuerto Internacional de La Romana, Casa de Campo","author":[{"@type":"Person","name":"Perkin Agramonte"}],"creator":["Perkin Agramonte"],"publisher":{"@type":"Organization","name":"Casa de Campo Living","logo":"https:\/\/casadecampoliving.com\/wp-content\/uploads\/2022\/07\/CDCLivingLogo_V1-white-sized.png"},"keywords":["altos de chavon","carretera","casa de campo @es","casa de campo community @es","casa de campo living","casa de campo resort @es"],"dateCreated":"2015-02-10T04:00:00Z","datePublished":"2015-02-10T04:00:00Z","dateModified":"2022-10-21T22:56:23Z"},"rendered":"<script type=\"application\/ld+json\" class=\"wp-parsely-metadata\">{\"@context\":\"https:\\\/\\\/schema.org\",\"@type\":\"NewsArticle\",\"headline\":\"Carretera de Altos de Chav\\u00f3n cerrada por trabajos de la nueva entrada de Casa de Campo\",\"url\":\"http:\\\/\\\/casadecampoliving.com\\\/es\\\/carretera-de-altos-de-chavon-cerrada-entrada-de-casa-de-campo\\\/\",\"mainEntityOfPage\":{\"@type\":\"WebPage\",\"@id\":\"http:\\\/\\\/casadecampoliving.com\\\/es\\\/carretera-de-altos-de-chavon-cerrada-entrada-de-casa-de-campo\\\/\"},\"thumbnailUrl\":\"https:\\\/\\\/i0.wp.com\\\/casadecampoliving.com\\\/wp-content\\\/uploads\\\/2022\\\/10\\\/Casa_de_Campo_map-1.jpg?resize=150%2C150&ssl=1\",\"image\":{\"@type\":\"ImageObject\",\"url\":\"https:\\\/\\\/i0.wp.com\\\/casadecampoliving.com\\\/wp-content\\\/uploads\\\/2022\\\/10\\\/Casa_de_Campo_map-1.jpg?fit=565%2C251&ssl=1\"},\"articleSection\":\"Aeropuerto Internacional de La Romana, Casa de Campo\",\"author\":[{\"@type\":\"Person\",\"name\":\"Perkin Agramonte\"}],\"creator\":[\"Perkin Agramonte\"],\"publisher\":{\"@type\":\"Organization\",\"name\":\"Casa de Campo Living\",\"logo\":\"https:\\\/\\\/casadecampoliving.com\\\/wp-content\\\/uploads\\\/2022\\\/07\\\/CDCLivingLogo_V1-white-sized.png\"},\"keywords\":[\"altos de chavon\",\"carretera\",\"casa de campo @es\",\"casa de campo community @es\",\"casa de campo living\",\"casa de campo resort @es\"],\"dateCreated\":\"2015-02-10T04:00:00Z\",\"datePublished\":\"2015-02-10T04:00:00Z\",\"dateModified\":\"2022-10-21T22:56:23Z\"}<\/script>","tracker_url":"https:\/\/cdn.parsely.com\/keys\/casadecampoliving.com\/p.js"},"jetpack_publicize_connections":[],"jetpack_featured_media_url":"https:\/\/i0.wp.com\/casadecampoliving.com\/wp-content\/uploads\/2022\/10\/Casa_de_Campo_map-1.jpg?fit=565%2C251&ssl=1","jetpack-related-posts":[{"id":347143,"url":"https:\/\/casadecampoliving.com\/es\/reabre-la-carretera-de-acceso-altos-de-chavon-avance-en-la-nueva-entrada-de-casa-de-campo-2\/","url_meta":{"origin":346709,"position":0},"title":"Reabre la carretera de acceso a Altos de Chav\u00f3n &#038; avanza la nueva entrada de Casa de Campo","author":"Perkin Agramonte","date":"6 Abr, 2015","format":false,"excerpt":"La carretera de acceso a Altos de Chav\u00f3n fue reabierta el pasado viernes 3 de abril, y por lo tanto fue revelada la nueva rotonda que muy pronto conducir\u00e1 hacia la \u201cSegunda Entrada de Casa de Campo\u201d. La carretera de acceso principal que va desde Barranca Este y Las Ca\u00f1as\u2026","rel":"","context":"En \u00abAeropuerto Internacional de La Romana, Casa de Campo\u00bb","block_context":{"text":"Aeropuerto Internacional de La Romana, Casa de Campo","link":"https:\/\/casadecampoliving.com\/es\/category\/aeropuerto-internacional-de-la-romana-2\/"},"img":{"alt_text":"Casa de Campo second main gate","src":"https:\/\/i0.wp.com\/casadecampoliving.com\/wp-content\/uploads\/2022\/10\/Casa_de_Campo_second_main_gate-1-scaled.jpg?fit=1200%2C800&ssl=1&resize=350%2C200","width":350,"height":200,"srcset":"https:\/\/i0.wp.com\/casadecampoliving.com\/wp-content\/uploads\/2022\/10\/Casa_de_Campo_second_main_gate-1-scaled.jpg?fit=1200%2C800&ssl=1&resize=350%2C200 1x, https:\/\/i0.wp.com\/casadecampoliving.com\/wp-content\/uploads\/2022\/10\/Casa_de_Campo_second_main_gate-1-scaled.jpg?fit=1200%2C800&ssl=1&resize=525%2C300 1.5x, https:\/\/i0.wp.com\/casadecampoliving.com\/wp-content\/uploads\/2022\/10\/Casa_de_Campo_second_main_gate-1-scaled.jpg?fit=1200%2C800&ssl=1&resize=700%2C400 2x, https:\/\/i0.wp.com\/casadecampoliving.com\/wp-content\/uploads\/2022\/10\/Casa_de_Campo_second_main_gate-1-scaled.jpg?fit=1200%2C800&ssl=1&resize=1050%2C600 3x"},"classes":[]},{"id":347275,"url":"https:\/\/casadecampoliving.com\/es\/progreso-asombroso-en-la-segunda-entrada-principal-de-casa-de-campo\/","url_meta":{"origin":346709,"position":1},"title":"Progreso asombroso en la segunda entrada principal de Casa de Campo","author":"Rebecca Silvestri","date":"26 Abr, 2015","format":false,"excerpt":"Desde que la carretera de acceso a Altos de Chav\u00f3n fue reabierta y su nueva rotonda que en cualquier momento (muy pronto) nos llevar\u00e1 a la segunda entrada principal, todos hemos estado muy emocionados por el avance en los trabajos. Bueno mis amigos estoy aqu\u00ed para decirles que deber\u00edan estar\u2026","rel":"","context":"En \u00abAltos de Chavon @es\u00bb","block_context":{"text":"Altos de Chavon @es","link":"https:\/\/casadecampoliving.com\/category\/altos-de-chavon-es\/"},"img":{"alt_text":"Casa de Campo second main entrance","src":"https:\/\/i0.wp.com\/casadecampoliving.com\/wp-content\/uploads\/2022\/10\/Casa_de_Campo_second_main_entrance-3.jpg?fit=650%2C433&ssl=1&resize=350%2C200","width":350,"height":200,"srcset":"https:\/\/i0.wp.com\/casadecampoliving.com\/wp-content\/uploads\/2022\/10\/Casa_de_Campo_second_main_entrance-3.jpg?fit=650%2C433&ssl=1&resize=350%2C200 1x, https:\/\/i0.wp.com\/casadecampoliving.com\/wp-content\/uploads\/2022\/10\/Casa_de_Campo_second_main_entrance-3.jpg?fit=650%2C433&ssl=1&resize=525%2C300 1.5x"},"classes":[]},{"id":347002,"url":"https:\/\/casadecampoliving.com\/es\/los-trabajos-en-la-segunda-entrada-principal-de-casa-de-campo-van-todo-vapor\/","url_meta":{"origin":346709,"position":2},"title":"\u00a1Los trabajos en la segunda entrada principal de Casa de Campo van a todo vapor!","author":"Rebecca Silvestri","date":"25 Mar, 2015","format":false,"excerpt":"Todos estamos emocionados por la pr\u00f3xima apertura de la nueva segunda entrada principal de Casa de Campo. Pero con todo el proceso llev\u00e1ndose a cabo \u201ca puertas cerradas\u201d,\u00a0es dif\u00edcil hablar o incluso saber c\u00f3mo va\u00a0exactamente. Bueno, amigos.\u00a0\u00a1Estamos aqu\u00ed para decirles c\u00f3mo van los trabajos! S\u00f3lo \u00e9chele un vistazo a esta\u2026","rel":"","context":"En \u00abAeropuerto Internacional de La Romana, Casa de Campo\u00bb","block_context":{"text":"Aeropuerto Internacional de La Romana, Casa de Campo","link":"https:\/\/casadecampoliving.com\/es\/category\/aeropuerto-internacional-de-la-romana-2\/"},"img":{"alt_text":"Casa de Campo Second Main Entrance","src":"https:\/\/i0.wp.com\/casadecampoliving.com\/wp-content\/uploads\/2022\/10\/Casa_de_Campo_second_main_entrance-1.jpg?fit=650%2C663&ssl=1&resize=350%2C200","width":350,"height":200,"srcset":"https:\/\/i0.wp.com\/casadecampoliving.com\/wp-content\/uploads\/2022\/10\/Casa_de_Campo_second_main_entrance-1.jpg?fit=650%2C663&ssl=1&resize=350%2C200 1x, https:\/\/i0.wp.com\/casadecampoliving.com\/wp-content\/uploads\/2022\/10\/Casa_de_Campo_second_main_entrance-1.jpg?fit=650%2C663&ssl=1&resize=525%2C300 1.5x"},"classes":[]},{"id":344827,"url":"https:\/\/casadecampoliving.com\/es\/obras-en-casa-de-campo-la-segunda-puerta-principal\/","url_meta":{"origin":346709,"position":3},"title":"Contin\u00faan trabajos de la \u00absegunda entrada principal\u00bb de Casa de Campo","author":"Katherine Calca\u00f1o","date":"12 Jul, 2014","format":false,"excerpt":"Hace un a\u00f1o, Casa de Campo Living, p\u00fablico la emocionante noticia, que Costasur planeaba construir una segunda entrada para el Hotel Casa de Campo\u2026 Ahora, luego de un a\u00f1o, se preguntar\u00e1; \u00bfque ha pasado con este proyecto? A continuaci\u00f3n, traemos una nueva noticia, los trabajos han continuado y estar\u00e1 disponible\u2026","rel":"","context":"En \u00abAltos de Chavon @es\u00bb","block_context":{"text":"Altos de Chavon @es","link":"https:\/\/casadecampoliving.com\/category\/altos-de-chavon-es\/"},"img":{"alt_text":"Casa de Campo, second main gate","src":"https:\/\/i0.wp.com\/casadecampoliving.com\/wp-content\/uploads\/2022\/10\/casa_de_campo_second_main_gate-1-scaled.jpg?fit=1200%2C800&ssl=1&resize=350%2C200","width":350,"height":200,"srcset":"https:\/\/i0.wp.com\/casadecampoliving.com\/wp-content\/uploads\/2022\/10\/casa_de_campo_second_main_gate-1-scaled.jpg?fit=1200%2C800&ssl=1&resize=350%2C200 1x, https:\/\/i0.wp.com\/casadecampoliving.com\/wp-content\/uploads\/2022\/10\/casa_de_campo_second_main_gate-1-scaled.jpg?fit=1200%2C800&ssl=1&resize=525%2C300 1.5x, https:\/\/i0.wp.com\/casadecampoliving.com\/wp-content\/uploads\/2022\/10\/casa_de_campo_second_main_gate-1-scaled.jpg?fit=1200%2C800&ssl=1&resize=700%2C400 2x, https:\/\/i0.wp.com\/casadecampoliving.com\/wp-content\/uploads\/2022\/10\/casa_de_campo_second_main_gate-1-scaled.jpg?fit=1200%2C800&ssl=1&resize=1050%2C600 3x"},"classes":[]},{"id":433460,"url":"https:\/\/casadecampoliving.com\/es\/no-se-pierdan-el-increible-tributo-a-frank-sinatra-para-celebrar-el-40-aniversario-del-anfiteatro-altos-de-chavon\/","url_meta":{"origin":346709,"position":4},"title":"No se pierdan el incre\u00edble tributo a Frank Sinatra para celebrar el 40 aniversario del\u00a0Anfiteatro Altos de Chav\u00f3n","author":"Casa de Campo Living","date":"20 Oct, 2022","format":false,"excerpt":"Siendo uno de los escenarios m\u00e1s emblem\u00e1ticos del pa\u00eds, Casa de Campo Resort\u00ae & Villas celebra las cuatro d\u00e9cadas de aniversario de Altos de Chav\u00f3n con un tributo al gran Frank Sinatra, protagonizado por artistas invitados y una big band tal cual la que acompa\u00f1\u00f3 al artista hace 40 a\u00f1os\u2026","rel":"","context":"En \u00abUncategorized @es\u00bb","block_context":{"text":"Uncategorized @es","link":"https:\/\/casadecampoliving.com\/es\/category\/uncategorized-es\/"},"img":{"alt_text":"","src":"https:\/\/i0.wp.com\/casadecampoliving.com\/wp-content\/uploads\/2022\/10\/Tributo-Frank-Sinatra-Foto-Principal-Amaury-Sanchez-Danilo-Ginebra-Andres-Pichardo-y-Jose-Gabriel-Perez-.jpg?fit=1200%2C873&ssl=1&resize=350%2C200","width":350,"height":200,"srcset":"https:\/\/i0.wp.com\/casadecampoliving.com\/wp-content\/uploads\/2022\/10\/Tributo-Frank-Sinatra-Foto-Principal-Amaury-Sanchez-Danilo-Ginebra-Andres-Pichardo-y-Jose-Gabriel-Perez-.jpg?fit=1200%2C873&ssl=1&resize=350%2C200 1x, https:\/\/i0.wp.com\/casadecampoliving.com\/wp-content\/uploads\/2022\/10\/Tributo-Frank-Sinatra-Foto-Principal-Amaury-Sanchez-Danilo-Ginebra-Andres-Pichardo-y-Jose-Gabriel-Perez-.jpg?fit=1200%2C873&ssl=1&resize=525%2C300 1.5x, https:\/\/i0.wp.com\/casadecampoliving.com\/wp-content\/uploads\/2022\/10\/Tributo-Frank-Sinatra-Foto-Principal-Amaury-Sanchez-Danilo-Ginebra-Andres-Pichardo-y-Jose-Gabriel-Perez-.jpg?fit=1200%2C873&ssl=1&resize=700%2C400 2x, https:\/\/i0.wp.com\/casadecampoliving.com\/wp-content\/uploads\/2022\/10\/Tributo-Frank-Sinatra-Foto-Principal-Amaury-Sanchez-Danilo-Ginebra-Andres-Pichardo-y-Jose-Gabriel-Perez-.jpg?fit=1200%2C873&ssl=1&resize=1050%2C600 3x"},"classes":[]},{"id":345312,"url":"https:\/\/casadecampoliving.com\/es\/presentando-la-nueva-entrada-de-casa-de-campo\/","url_meta":{"origin":346709,"position":5},"title":"\u00a1Presentando&#8230; la nueva entrada de Casa de Campo!","author":"Daniela Medina","date":"11 Sep, 2014","format":false,"excerpt":"\u00bfNo es hermosa?! Esto, mis amigos, es el futuro de Casa de Campo, \u00a1es la nueva entrada de Casa de Campo! Programada a ser terminada en el 2015, la nueva entrada de Casa de Campo, tambi\u00e9n denominada como la \u201csegunda entrada principal\u201d se encuentra en el cruce del Aeropuerto Internacional\u2026","rel":"","context":"En \u00abCasa de Campo Living @es\u00bb","block_context":{"text":"Casa de Campo Living @es","link":"https:\/\/casadecampoliving.com\/category\/casa-de-campo-living-es\/"},"img":{"alt_text":"","src":"https:\/\/i0.wp.com\/casadecampoliving.com\/wp-content\/uploads\/2022\/10\/Casa_de_Campo_11.jpg?fit=650%2C401&ssl=1&resize=350%2C200","width":350,"height":200,"srcset":"https:\/\/i0.wp.com\/casadecampoliving.com\/wp-content\/uploads\/2022\/10\/Casa_de_Campo_11.jpg?fit=650%2C401&ssl=1&resize=350%2C200 1x, https:\/\/i0.wp.com\/casadecampoliving.com\/wp-content\/uploads\/2022\/10\/Casa_de_Campo_11.jpg?fit=650%2C401&ssl=1&resize=525%2C300 1.5x"},"classes":[]}],"jetpack_sharing_enabled":true,"_links":{"self":[{"href":"https:\/\/casadecampoliving.com\/es\/wp-json\/wp\/v2\/posts\/346709","targetHints":{"allow":["GET"]}}],"collection":[{"href":"https:\/\/casadecampoliving.com\/es\/wp-json\/wp\/v2\/posts"}],"about":[{"href":"https:\/\/casadecampoliving.com\/es\/wp-json\/wp\/v2\/types\/post"}],"author":[{"embeddable":true,"href":"https:\/\/casadecampoliving.com\/es\/wp-json\/wp\/v2\/users\/1097"}],"replies":[{"embeddable":true,"href":"https:\/\/casadecampoliving.com\/es\/wp-json\/wp\/v2\/comments?post=346709"}],"version-history":[{"count":1,"href":"https:\/\/casadecampoliving.com\/es\/wp-json\/wp\/v2\/posts\/346709\/revisions"}],"predecessor-version":[{"id":346710,"href":"https:\/\/casadecampoliving.com\/es\/wp-json\/wp\/v2\/posts\/346709\/revisions\/346710"}],"wp:featuredmedia":[{"embeddable":true,"href":"https:\/\/casadecampoliving.com\/es\/wp-json\/wp\/v2\/media\/277414"}],"wp:attachment":[{"href":"https:\/\/casadecampoliving.com\/es\/wp-json\/wp\/v2\/media?parent=346709"}],"wp:term":[{"taxonomy":"category","embeddable":true,"href":"https:\/\/casadecampoliving.com\/es\/wp-json\/wp\/v2\/categories?post=346709"},{"taxonomy":"post_tag","embeddable":true,"href":"https:\/\/casadecampoliving.com\/es\/wp-json\/wp\/v2\/tags?post=346709"},{"taxonomy":"newspack_spnsrs_tax","embeddable":true,"href":"https:\/\/casadecampoliving.com\/es\/wp-json\/wp\/v2\/newspack_spnsrs_tax?post=346709"}],"curies":[{"name":"wp","href":"https:\/\/api.w.org\/{rel}","templated":true}]}}