{"id":346659,"date":"2015-02-04T00:00:00","date_gmt":"2015-02-04T04:00:00","guid":{"rendered":"https:\/\/casadecampoliving.com\/chivas-presento-emprendedor-social-ganador-venture\/"},"modified":"2022-11-10T10:30:36","modified_gmt":"2022-11-10T14:30:36","slug":"chivas-presento-emprendedor-social-ganador-venture","status":"publish","type":"post","link":"https:\/\/casadecampoliving.com\/es\/chivas-presento-emprendedor-social-ganador-venture\/","title":{"rendered":"Chivas presenta al ganador de The Venture"},"content":{"rendered":"<img data-recalc-dims=\"1\" loading=\"lazy\" decoding=\"async\" class=\"aligncenter size-full wp-image-107561\" src=\"https:\/\/i0.wp.com\/casadecampoliving.com\/wp-content\/uploads\/2022\/10\/Roselyn-ONeil-Alfonso-Aguayo-Julio-Pou-Francisco-Garcia-y-Juan-Carlos-Gonzalez.jpg?resize=650%2C430&#038;ssl=1\" alt=\"Roselyn O'Neil, Alfonso Aguayo, Julio Pou Francisco Garc\u00eda y Juan Carlos Gonz\u00e1lez\" width=\"650\" height=\"430\" \/>\u00bfRecuerda cuando habl\u00e1bamos de <a href=\"https:\/\/casadecampoliving.com\/es\/chivas-lanza-venture\/\">The Venture<\/a>? Pues el pasado lunes 2 de febrero Chivas Regal anunci\u00f3 en el Hotel JW Marriott Blue Mall, Santo Domingo al ganador de este ambicioso proyecto de emprendimiento social que representar\u00e1 a\u00a0Rep\u00fablica Dominicana en la Competencia Global The Venture que tendr\u00e1 lugar en\u00a0Silicon Valley del 19 al 25 de julio 2015.\n\n<!--more-->\n\n<img data-recalc-dims=\"1\" loading=\"lazy\" decoding=\"async\" class=\"alignright wp-image-107560\" src=\"https:\/\/i0.wp.com\/casadecampoliving.com\/wp-content\/uploads\/2022\/10\/Pamela-Sued-y-Lorenna-Pierre.jpg?resize=197%2C340&#038;ssl=1\" alt=\"Pamela Sued y Lorenna Pierre\" width=\"197\" height=\"340\" \/>El start up o idea de negocios que representar\u00e1 a\u00a0Rep\u00fablica Dominicana en The Venture, por la elecci\u00f3n del jurado, fue: <strong>Conuco\u00a0<\/strong><strong>Solar<\/strong>, por Raul Aguayo.\n\nEl ganador pasar\u00e1 a la segunda etapa de la Competencia Global. A partir del 1 de marzo su proyecto estar\u00e1 en la p\u00e1gina de financiaci\u00f3n masiva (crowd funding) indiegogo.com donde el p\u00fablico podr\u00e1 repartir entre los 16 proyectos la suma de US$250,000.00. Durante la fecha hasta la visita a Silicon Valley, estar\u00e1 siendo preparado por un grupo de consultores agendados por Chivas Dominicana para lograr la mayor oportunidad de \u00e9xito de dicho proyecto.\n\nParticiparon adem\u00e1s los finalistas: <strong>Color Blind\u00a0Design<\/strong>, por Adis Ozuna, <strong>H\u00e9roes Union<\/strong>, por Katherine Motyka, <strong>Kookos &amp; Co<\/strong>, por\u00a0Julia Mart\u00ednez y <strong>Ping Blip<\/strong>, por Armin Medx. Estos 4 finalistas motivaron la generosidad de varias empresas, y recibieron p premios valorados en US$2,500.00.\n<blockquote><em><strong>\u201cNos sentimos orgullosos de cada uno de estos proyectos, es el momento en que te das cuenta que quieres tener un espacio para\u00a0<\/strong><\/em><em><strong>todos, para que todos ganen, pero las reglas dicen que es un solo ganador. De\u00a0modo que nos alegra que nuestro principal valor Generosidad haya llegado a\u00a0amigos y aliados, y que entre todos podamos apoyar a estos j\u00f3venes por los\u00a0pr\u00f3ximos 3 meses, motiv\u00e1ndoles a hacer realidad estos proyectos, porque creemos\u00a0que cada uno tiene un aporte positivo a nuestra sociedad. El ganador, es el proyecto que m\u00e1s puntuaci\u00f3n\u00a0logr\u00f3 en los criterios de evaluaci\u00f3n de la competencia y estaremos trabajando<\/strong><\/em>\n<em><strong> con ellos desde ahora hasta su presentaci\u00f3n en Silicon Valley, representando\u00a0orgullosamente nuestros emprendedores sociales y talento nacional. The Venture ha demostrado que somos capaces\u00a0de Ganar de la Forma Correcta\u201d.<\/strong><\/em>\n<p style=\"text-align: right;\"><strong>Roselyn O\u2019Neil<\/strong>\nGerente de Marca\u00a0Chivas Regal en Rep\u00fablica Dominicana.<\/p>\n<\/blockquote>\nThe Venture \u201cGanamos de la Forma Correcta\u201d, es un proyecto en el\u00a0que 16 emprendedores sociales de distintos pa\u00edses en todo el mundo, incluyendo\u00a0Rep\u00fablica Dominicana, recibir\u00e1n parte de 1 mill\u00f3n de d\u00f3lares junto a\u00a0entrenamientos en desarrollo de negocios y coaching de l\u00edderes de negocios\u00a0globales para poner en marcha su idea o proyecto.\n\nLa siguiente colecci\u00f3n de fotos fueron tomadas durante el c\u00f3ctel celebrado en el Hotel JW Marriott Blue Mall en Santo Domingo:\u00a0<strong>\n<figure class=\"wp-block-gallery has-nested-images columns-default is-cropped wp-block-gallery-1 is-layout-flex wp-block-gallery-is-layout-flex\">\n<figure class=\"wp-block-image size-large\"><img data-recalc-dims=\"1\" loading=\"lazy\" decoding=\"async\" width=\"1400\" height=\"2441\" data-id=\"405250\" src=\"https:\/\/i0.wp.com\/casadecampoliving.com\/wp-content\/uploads\/2022\/10\/foto-1-4.jpg?resize=1400%2C2441&#038;ssl=1\" alt=\"\" class=\"wp-image-405250\" srcset=\"https:\/\/i0.wp.com\/casadecampoliving.com\/wp-content\/uploads\/2022\/10\/foto-1-4.jpg?w=1400&amp;ssl=1 1400w, https:\/\/i0.wp.com\/casadecampoliving.com\/wp-content\/uploads\/2022\/10\/foto-1-4.jpg?resize=172%2C300&amp;ssl=1 172w, https:\/\/i0.wp.com\/casadecampoliving.com\/wp-content\/uploads\/2022\/10\/foto-1-4.jpg?resize=587%2C1024&amp;ssl=1 587w, https:\/\/i0.wp.com\/casadecampoliving.com\/wp-content\/uploads\/2022\/10\/foto-1-4.jpg?resize=768%2C1339&amp;ssl=1 768w, https:\/\/i0.wp.com\/casadecampoliving.com\/wp-content\/uploads\/2022\/10\/foto-1-4.jpg?resize=881%2C1536&amp;ssl=1 881w, https:\/\/i0.wp.com\/casadecampoliving.com\/wp-content\/uploads\/2022\/10\/foto-1-4.jpg?resize=1175%2C2048&amp;ssl=1 1175w, https:\/\/i0.wp.com\/casadecampoliving.com\/wp-content\/uploads\/2022\/10\/foto-1-4.jpg?resize=1200%2C2092&amp;ssl=1 1200w, https:\/\/i0.wp.com\/casadecampoliving.com\/wp-content\/uploads\/2022\/10\/foto-1-4.jpg?resize=400%2C697&amp;ssl=1 400w, https:\/\/i0.wp.com\/casadecampoliving.com\/wp-content\/uploads\/2022\/10\/foto-1-4.jpg?resize=706%2C1231&amp;ssl=1 706w, https:\/\/i0.wp.com\/casadecampoliving.com\/wp-content\/uploads\/2022\/10\/foto-1-4.jpg?resize=150%2C262&amp;ssl=1 150w, https:\/\/i0.wp.com\/casadecampoliving.com\/wp-content\/uploads\/2022\/10\/foto-1-4.jpg?w=370&amp;ssl=1 370w\" sizes=\"auto, (max-width: 1000px) 100vw, 1000px\" \/><\/figure>\n\n\n\n<figure class=\"wp-block-image size-large\"><img data-recalc-dims=\"1\" loading=\"lazy\" decoding=\"async\" width=\"1400\" height=\"2273\" data-id=\"405280\" src=\"https:\/\/i0.wp.com\/casadecampoliving.com\/wp-content\/uploads\/2022\/10\/foto-10-luz-gonzalez-y-michelle-guzman.jpg?resize=1400%2C2273&#038;ssl=1\" alt=\"\" class=\"wp-image-405280\" srcset=\"https:\/\/i0.wp.com\/casadecampoliving.com\/wp-content\/uploads\/2022\/10\/foto-10-luz-gonzalez-y-michelle-guzman.jpg?w=1400&amp;ssl=1 1400w, https:\/\/i0.wp.com\/casadecampoliving.com\/wp-content\/uploads\/2022\/10\/foto-10-luz-gonzalez-y-michelle-guzman.jpg?resize=185%2C300&amp;ssl=1 185w, https:\/\/i0.wp.com\/casadecampoliving.com\/wp-content\/uploads\/2022\/10\/foto-10-luz-gonzalez-y-michelle-guzman.jpg?resize=631%2C1024&amp;ssl=1 631w, https:\/\/i0.wp.com\/casadecampoliving.com\/wp-content\/uploads\/2022\/10\/foto-10-luz-gonzalez-y-michelle-guzman.jpg?resize=768%2C1247&amp;ssl=1 768w, https:\/\/i0.wp.com\/casadecampoliving.com\/wp-content\/uploads\/2022\/10\/foto-10-luz-gonzalez-y-michelle-guzman.jpg?resize=946%2C1536&amp;ssl=1 946w, https:\/\/i0.wp.com\/casadecampoliving.com\/wp-content\/uploads\/2022\/10\/foto-10-luz-gonzalez-y-michelle-guzman.jpg?resize=1261%2C2048&amp;ssl=1 1261w, https:\/\/i0.wp.com\/casadecampoliving.com\/wp-content\/uploads\/2022\/10\/foto-10-luz-gonzalez-y-michelle-guzman.jpg?resize=1200%2C1948&amp;ssl=1 1200w, https:\/\/i0.wp.com\/casadecampoliving.com\/wp-content\/uploads\/2022\/10\/foto-10-luz-gonzalez-y-michelle-guzman.jpg?resize=400%2C649&amp;ssl=1 400w, https:\/\/i0.wp.com\/casadecampoliving.com\/wp-content\/uploads\/2022\/10\/foto-10-luz-gonzalez-y-michelle-guzman.jpg?resize=706%2C1146&amp;ssl=1 706w, https:\/\/i0.wp.com\/casadecampoliving.com\/wp-content\/uploads\/2022\/10\/foto-10-luz-gonzalez-y-michelle-guzman.jpg?resize=150%2C244&amp;ssl=1 150w, https:\/\/i0.wp.com\/casadecampoliving.com\/wp-content\/uploads\/2022\/10\/foto-10-luz-gonzalez-y-michelle-guzman.jpg?w=370&amp;ssl=1 370w\" sizes=\"auto, (max-width: 1000px) 100vw, 1000px\" \/><\/figure>\n\n\n\n<figure class=\"wp-block-image size-large\"><img data-recalc-dims=\"1\" loading=\"lazy\" decoding=\"async\" width=\"1400\" height=\"2389\" data-id=\"405307\" src=\"https:\/\/i0.wp.com\/casadecampoliving.com\/wp-content\/uploads\/2022\/10\/foto-11-marie-alana-aguayo.jpg?resize=1400%2C2389&#038;ssl=1\" alt=\"\" class=\"wp-image-405307\" srcset=\"https:\/\/i0.wp.com\/casadecampoliving.com\/wp-content\/uploads\/2022\/10\/foto-11-marie-alana-aguayo.jpg?w=1400&amp;ssl=1 1400w, https:\/\/i0.wp.com\/casadecampoliving.com\/wp-content\/uploads\/2022\/10\/foto-11-marie-alana-aguayo.jpg?resize=176%2C300&amp;ssl=1 176w, https:\/\/i0.wp.com\/casadecampoliving.com\/wp-content\/uploads\/2022\/10\/foto-11-marie-alana-aguayo.jpg?resize=600%2C1024&amp;ssl=1 600w, https:\/\/i0.wp.com\/casadecampoliving.com\/wp-content\/uploads\/2022\/10\/foto-11-marie-alana-aguayo.jpg?resize=768%2C1311&amp;ssl=1 768w, https:\/\/i0.wp.com\/casadecampoliving.com\/wp-content\/uploads\/2022\/10\/foto-11-marie-alana-aguayo.jpg?resize=900%2C1536&amp;ssl=1 900w, https:\/\/i0.wp.com\/casadecampoliving.com\/wp-content\/uploads\/2022\/10\/foto-11-marie-alana-aguayo.jpg?resize=1200%2C2048&amp;ssl=1 1200w, https:\/\/i0.wp.com\/casadecampoliving.com\/wp-content\/uploads\/2022\/10\/foto-11-marie-alana-aguayo.jpg?resize=400%2C683&amp;ssl=1 400w, https:\/\/i0.wp.com\/casadecampoliving.com\/wp-content\/uploads\/2022\/10\/foto-11-marie-alana-aguayo.jpg?resize=706%2C1205&amp;ssl=1 706w, https:\/\/i0.wp.com\/casadecampoliving.com\/wp-content\/uploads\/2022\/10\/foto-11-marie-alana-aguayo.jpg?resize=150%2C256&amp;ssl=1 150w, https:\/\/i0.wp.com\/casadecampoliving.com\/wp-content\/uploads\/2022\/10\/foto-11-marie-alana-aguayo.jpg?w=370&amp;ssl=1 370w\" sizes=\"auto, (max-width: 1000px) 100vw, 1000px\" \/><\/figure>\n\n\n\n<figure class=\"wp-block-image size-large\"><img data-recalc-dims=\"1\" loading=\"lazy\" decoding=\"async\" width=\"1400\" height=\"927\" data-id=\"405331\" src=\"https:\/\/i0.wp.com\/casadecampoliving.com\/wp-content\/uploads\/2022\/10\/foto-13-alexander-nunez-maria-jose-garcia-jean-paul-suriel-y-eric-polanco.jpg?resize=1400%2C927&#038;ssl=1\" alt=\"\" class=\"wp-image-405331\" srcset=\"https:\/\/i0.wp.com\/casadecampoliving.com\/wp-content\/uploads\/2022\/10\/foto-13-alexander-nunez-maria-jose-garcia-jean-paul-suriel-y-eric-polanco.jpg?w=1400&amp;ssl=1 1400w, https:\/\/i0.wp.com\/casadecampoliving.com\/wp-content\/uploads\/2022\/10\/foto-13-alexander-nunez-maria-jose-garcia-jean-paul-suriel-y-eric-polanco.jpg?resize=300%2C199&amp;ssl=1 300w, https:\/\/i0.wp.com\/casadecampoliving.com\/wp-content\/uploads\/2022\/10\/foto-13-alexander-nunez-maria-jose-garcia-jean-paul-suriel-y-eric-polanco.jpg?resize=1024%2C678&amp;ssl=1 1024w, https:\/\/i0.wp.com\/casadecampoliving.com\/wp-content\/uploads\/2022\/10\/foto-13-alexander-nunez-maria-jose-garcia-jean-paul-suriel-y-eric-polanco.jpg?resize=768%2C509&amp;ssl=1 768w, https:\/\/i0.wp.com\/casadecampoliving.com\/wp-content\/uploads\/2022\/10\/foto-13-alexander-nunez-maria-jose-garcia-jean-paul-suriel-y-eric-polanco.jpg?resize=1200%2C795&amp;ssl=1 1200w, https:\/\/i0.wp.com\/casadecampoliving.com\/wp-content\/uploads\/2022\/10\/foto-13-alexander-nunez-maria-jose-garcia-jean-paul-suriel-y-eric-polanco.jpg?resize=400%2C265&amp;ssl=1 400w, https:\/\/i0.wp.com\/casadecampoliving.com\/wp-content\/uploads\/2022\/10\/foto-13-alexander-nunez-maria-jose-garcia-jean-paul-suriel-y-eric-polanco.jpg?resize=706%2C467&amp;ssl=1 706w, https:\/\/i0.wp.com\/casadecampoliving.com\/wp-content\/uploads\/2022\/10\/foto-13-alexander-nunez-maria-jose-garcia-jean-paul-suriel-y-eric-polanco.jpg?resize=150%2C99&amp;ssl=1 150w, https:\/\/i0.wp.com\/casadecampoliving.com\/wp-content\/uploads\/2022\/10\/foto-13-alexander-nunez-maria-jose-garcia-jean-paul-suriel-y-eric-polanco.jpg?w=370&amp;ssl=1 370w\" sizes=\"auto, (max-width: 1000px) 100vw, 1000px\" \/><\/figure>\n\n\n\n<figure class=\"wp-block-image size-large\"><img data-recalc-dims=\"1\" loading=\"lazy\" decoding=\"async\" width=\"1400\" height=\"1079\" data-id=\"405357\" src=\"https:\/\/i0.wp.com\/casadecampoliving.com\/wp-content\/uploads\/2022\/10\/foto-18-ricardo-novella-tamara-riley-y-erwin-maldonado.jpg?resize=1400%2C1079&#038;ssl=1\" alt=\"\" class=\"wp-image-405357\" srcset=\"https:\/\/i0.wp.com\/casadecampoliving.com\/wp-content\/uploads\/2022\/10\/foto-18-ricardo-novella-tamara-riley-y-erwin-maldonado.jpg?w=1400&amp;ssl=1 1400w, https:\/\/i0.wp.com\/casadecampoliving.com\/wp-content\/uploads\/2022\/10\/foto-18-ricardo-novella-tamara-riley-y-erwin-maldonado.jpg?resize=300%2C231&amp;ssl=1 300w, https:\/\/i0.wp.com\/casadecampoliving.com\/wp-content\/uploads\/2022\/10\/foto-18-ricardo-novella-tamara-riley-y-erwin-maldonado.jpg?resize=1024%2C789&amp;ssl=1 1024w, https:\/\/i0.wp.com\/casadecampoliving.com\/wp-content\/uploads\/2022\/10\/foto-18-ricardo-novella-tamara-riley-y-erwin-maldonado.jpg?resize=768%2C592&amp;ssl=1 768w, https:\/\/i0.wp.com\/casadecampoliving.com\/wp-content\/uploads\/2022\/10\/foto-18-ricardo-novella-tamara-riley-y-erwin-maldonado.jpg?resize=1200%2C925&amp;ssl=1 1200w, https:\/\/i0.wp.com\/casadecampoliving.com\/wp-content\/uploads\/2022\/10\/foto-18-ricardo-novella-tamara-riley-y-erwin-maldonado.jpg?resize=400%2C308&amp;ssl=1 400w, https:\/\/i0.wp.com\/casadecampoliving.com\/wp-content\/uploads\/2022\/10\/foto-18-ricardo-novella-tamara-riley-y-erwin-maldonado.jpg?resize=706%2C544&amp;ssl=1 706w, https:\/\/i0.wp.com\/casadecampoliving.com\/wp-content\/uploads\/2022\/10\/foto-18-ricardo-novella-tamara-riley-y-erwin-maldonado.jpg?resize=150%2C116&amp;ssl=1 150w, https:\/\/i0.wp.com\/casadecampoliving.com\/wp-content\/uploads\/2022\/10\/foto-18-ricardo-novella-tamara-riley-y-erwin-maldonado.jpg?w=370&amp;ssl=1 370w\" sizes=\"auto, (max-width: 1000px) 100vw, 1000px\" \/><\/figure>\n\n\n\n<figure class=\"wp-block-image size-large\"><img data-recalc-dims=\"1\" loading=\"lazy\" decoding=\"async\" width=\"1400\" height=\"2416\" data-id=\"405385\" src=\"https:\/\/i0.wp.com\/casadecampoliving.com\/wp-content\/uploads\/2022\/10\/foto-2-pamela-sued-y-lorenna-pierre.jpg?resize=1400%2C2416&#038;ssl=1\" alt=\"\" class=\"wp-image-405385\" srcset=\"https:\/\/i0.wp.com\/casadecampoliving.com\/wp-content\/uploads\/2022\/10\/foto-2-pamela-sued-y-lorenna-pierre.jpg?w=1400&amp;ssl=1 1400w, https:\/\/i0.wp.com\/casadecampoliving.com\/wp-content\/uploads\/2022\/10\/foto-2-pamela-sued-y-lorenna-pierre.jpg?resize=174%2C300&amp;ssl=1 174w, https:\/\/i0.wp.com\/casadecampoliving.com\/wp-content\/uploads\/2022\/10\/foto-2-pamela-sued-y-lorenna-pierre.jpg?resize=593%2C1024&amp;ssl=1 593w, https:\/\/i0.wp.com\/casadecampoliving.com\/wp-content\/uploads\/2022\/10\/foto-2-pamela-sued-y-lorenna-pierre.jpg?resize=768%2C1325&amp;ssl=1 768w, https:\/\/i0.wp.com\/casadecampoliving.com\/wp-content\/uploads\/2022\/10\/foto-2-pamela-sued-y-lorenna-pierre.jpg?resize=890%2C1536&amp;ssl=1 890w, https:\/\/i0.wp.com\/casadecampoliving.com\/wp-content\/uploads\/2022\/10\/foto-2-pamela-sued-y-lorenna-pierre.jpg?resize=1187%2C2048&amp;ssl=1 1187w, https:\/\/i0.wp.com\/casadecampoliving.com\/wp-content\/uploads\/2022\/10\/foto-2-pamela-sued-y-lorenna-pierre.jpg?resize=1200%2C2071&amp;ssl=1 1200w, https:\/\/i0.wp.com\/casadecampoliving.com\/wp-content\/uploads\/2022\/10\/foto-2-pamela-sued-y-lorenna-pierre.jpg?resize=400%2C690&amp;ssl=1 400w, https:\/\/i0.wp.com\/casadecampoliving.com\/wp-content\/uploads\/2022\/10\/foto-2-pamela-sued-y-lorenna-pierre.jpg?resize=706%2C1218&amp;ssl=1 706w, https:\/\/i0.wp.com\/casadecampoliving.com\/wp-content\/uploads\/2022\/10\/foto-2-pamela-sued-y-lorenna-pierre.jpg?resize=150%2C259&amp;ssl=1 150w, https:\/\/i0.wp.com\/casadecampoliving.com\/wp-content\/uploads\/2022\/10\/foto-2-pamela-sued-y-lorenna-pierre.jpg?w=370&amp;ssl=1 370w\" sizes=\"auto, (max-width: 1000px) 100vw, 1000px\" \/><\/figure>\n\n\n\n<figure class=\"wp-block-image size-large\"><img data-recalc-dims=\"1\" loading=\"lazy\" decoding=\"async\" width=\"1400\" height=\"1357\" data-id=\"405411\" src=\"https:\/\/i0.wp.com\/casadecampoliving.com\/wp-content\/uploads\/2022\/10\/foto-22-francisco-garcia-y-julio-pou.jpg?resize=1400%2C1357&#038;ssl=1\" alt=\"\" class=\"wp-image-405411\" srcset=\"https:\/\/i0.wp.com\/casadecampoliving.com\/wp-content\/uploads\/2022\/10\/foto-22-francisco-garcia-y-julio-pou.jpg?w=1400&amp;ssl=1 1400w, https:\/\/i0.wp.com\/casadecampoliving.com\/wp-content\/uploads\/2022\/10\/foto-22-francisco-garcia-y-julio-pou.jpg?resize=300%2C291&amp;ssl=1 300w, https:\/\/i0.wp.com\/casadecampoliving.com\/wp-content\/uploads\/2022\/10\/foto-22-francisco-garcia-y-julio-pou.jpg?resize=1024%2C993&amp;ssl=1 1024w, https:\/\/i0.wp.com\/casadecampoliving.com\/wp-content\/uploads\/2022\/10\/foto-22-francisco-garcia-y-julio-pou.jpg?resize=768%2C744&amp;ssl=1 768w, https:\/\/i0.wp.com\/casadecampoliving.com\/wp-content\/uploads\/2022\/10\/foto-22-francisco-garcia-y-julio-pou.jpg?resize=1200%2C1163&amp;ssl=1 1200w, https:\/\/i0.wp.com\/casadecampoliving.com\/wp-content\/uploads\/2022\/10\/foto-22-francisco-garcia-y-julio-pou.jpg?resize=400%2C388&amp;ssl=1 400w, https:\/\/i0.wp.com\/casadecampoliving.com\/wp-content\/uploads\/2022\/10\/foto-22-francisco-garcia-y-julio-pou.jpg?resize=706%2C684&amp;ssl=1 706w, https:\/\/i0.wp.com\/casadecampoliving.com\/wp-content\/uploads\/2022\/10\/foto-22-francisco-garcia-y-julio-pou.jpg?resize=150%2C145&amp;ssl=1 150w, https:\/\/i0.wp.com\/casadecampoliving.com\/wp-content\/uploads\/2022\/10\/foto-22-francisco-garcia-y-julio-pou.jpg?w=370&amp;ssl=1 370w\" sizes=\"auto, (max-width: 1000px) 100vw, 1000px\" \/><\/figure>\n\n\n\n<figure class=\"wp-block-image size-large\"><img data-recalc-dims=\"1\" loading=\"lazy\" decoding=\"async\" width=\"1400\" height=\"927\" data-id=\"405438\" src=\"https:\/\/i0.wp.com\/casadecampoliving.com\/wp-content\/uploads\/2022\/10\/foto-23-grupo-de-participantes.jpg?resize=1400%2C927&#038;ssl=1\" alt=\"\" class=\"wp-image-405438\" srcset=\"https:\/\/i0.wp.com\/casadecampoliving.com\/wp-content\/uploads\/2022\/10\/foto-23-grupo-de-participantes.jpg?w=1400&amp;ssl=1 1400w, https:\/\/i0.wp.com\/casadecampoliving.com\/wp-content\/uploads\/2022\/10\/foto-23-grupo-de-participantes.jpg?resize=300%2C199&amp;ssl=1 300w, https:\/\/i0.wp.com\/casadecampoliving.com\/wp-content\/uploads\/2022\/10\/foto-23-grupo-de-participantes.jpg?resize=1024%2C678&amp;ssl=1 1024w, https:\/\/i0.wp.com\/casadecampoliving.com\/wp-content\/uploads\/2022\/10\/foto-23-grupo-de-participantes.jpg?resize=768%2C509&amp;ssl=1 768w, https:\/\/i0.wp.com\/casadecampoliving.com\/wp-content\/uploads\/2022\/10\/foto-23-grupo-de-participantes.jpg?resize=1200%2C795&amp;ssl=1 1200w, https:\/\/i0.wp.com\/casadecampoliving.com\/wp-content\/uploads\/2022\/10\/foto-23-grupo-de-participantes.jpg?resize=400%2C265&amp;ssl=1 400w, https:\/\/i0.wp.com\/casadecampoliving.com\/wp-content\/uploads\/2022\/10\/foto-23-grupo-de-participantes.jpg?resize=706%2C467&amp;ssl=1 706w, https:\/\/i0.wp.com\/casadecampoliving.com\/wp-content\/uploads\/2022\/10\/foto-23-grupo-de-participantes.jpg?resize=150%2C99&amp;ssl=1 150w, https:\/\/i0.wp.com\/casadecampoliving.com\/wp-content\/uploads\/2022\/10\/foto-23-grupo-de-participantes.jpg?w=370&amp;ssl=1 370w\" sizes=\"auto, (max-width: 1000px) 100vw, 1000px\" \/><\/figure>\n\n\n\n<figure class=\"wp-block-image size-large\"><img data-recalc-dims=\"1\" loading=\"lazy\" decoding=\"async\" width=\"1400\" height=\"1032\" data-id=\"405464\" src=\"https:\/\/i0.wp.com\/casadecampoliving.com\/wp-content\/uploads\/2022\/10\/foto-24-detalles-mesa-chivas-regal.jpg?resize=1400%2C1032&#038;ssl=1\" alt=\"\" class=\"wp-image-405464\" srcset=\"https:\/\/i0.wp.com\/casadecampoliving.com\/wp-content\/uploads\/2022\/10\/foto-24-detalles-mesa-chivas-regal.jpg?w=1400&amp;ssl=1 1400w, https:\/\/i0.wp.com\/casadecampoliving.com\/wp-content\/uploads\/2022\/10\/foto-24-detalles-mesa-chivas-regal.jpg?resize=300%2C221&amp;ssl=1 300w, https:\/\/i0.wp.com\/casadecampoliving.com\/wp-content\/uploads\/2022\/10\/foto-24-detalles-mesa-chivas-regal.jpg?resize=1024%2C755&amp;ssl=1 1024w, https:\/\/i0.wp.com\/casadecampoliving.com\/wp-content\/uploads\/2022\/10\/foto-24-detalles-mesa-chivas-regal.jpg?resize=768%2C566&amp;ssl=1 768w, https:\/\/i0.wp.com\/casadecampoliving.com\/wp-content\/uploads\/2022\/10\/foto-24-detalles-mesa-chivas-regal.jpg?resize=1200%2C885&amp;ssl=1 1200w, https:\/\/i0.wp.com\/casadecampoliving.com\/wp-content\/uploads\/2022\/10\/foto-24-detalles-mesa-chivas-regal.jpg?resize=400%2C295&amp;ssl=1 400w, https:\/\/i0.wp.com\/casadecampoliving.com\/wp-content\/uploads\/2022\/10\/foto-24-detalles-mesa-chivas-regal.jpg?resize=706%2C520&amp;ssl=1 706w, https:\/\/i0.wp.com\/casadecampoliving.com\/wp-content\/uploads\/2022\/10\/foto-24-detalles-mesa-chivas-regal.jpg?resize=150%2C111&amp;ssl=1 150w, https:\/\/i0.wp.com\/casadecampoliving.com\/wp-content\/uploads\/2022\/10\/foto-24-detalles-mesa-chivas-regal.jpg?w=370&amp;ssl=1 370w\" sizes=\"auto, (max-width: 1000px) 100vw, 1000px\" \/><\/figure>\n\n\n\n<figure class=\"wp-block-image size-large\"><img data-recalc-dims=\"1\" loading=\"lazy\" decoding=\"async\" width=\"1400\" height=\"1689\" data-id=\"405492\" src=\"https:\/\/i0.wp.com\/casadecampoliving.com\/wp-content\/uploads\/2022\/10\/foto-3-edison-santos-y-orlando-prez.jpg?resize=1400%2C1689&#038;ssl=1\" alt=\"\" class=\"wp-image-405492\" srcset=\"https:\/\/i0.wp.com\/casadecampoliving.com\/wp-content\/uploads\/2022\/10\/foto-3-edison-santos-y-orlando-prez.jpg?w=1400&amp;ssl=1 1400w, https:\/\/i0.wp.com\/casadecampoliving.com\/wp-content\/uploads\/2022\/10\/foto-3-edison-santos-y-orlando-prez.jpg?resize=249%2C300&amp;ssl=1 249w, https:\/\/i0.wp.com\/casadecampoliving.com\/wp-content\/uploads\/2022\/10\/foto-3-edison-santos-y-orlando-prez.jpg?resize=849%2C1024&amp;ssl=1 849w, https:\/\/i0.wp.com\/casadecampoliving.com\/wp-content\/uploads\/2022\/10\/foto-3-edison-santos-y-orlando-prez.jpg?resize=768%2C927&amp;ssl=1 768w, https:\/\/i0.wp.com\/casadecampoliving.com\/wp-content\/uploads\/2022\/10\/foto-3-edison-santos-y-orlando-prez.jpg?resize=1273%2C1536&amp;ssl=1 1273w, https:\/\/i0.wp.com\/casadecampoliving.com\/wp-content\/uploads\/2022\/10\/foto-3-edison-santos-y-orlando-prez.jpg?resize=1200%2C1448&amp;ssl=1 1200w, https:\/\/i0.wp.com\/casadecampoliving.com\/wp-content\/uploads\/2022\/10\/foto-3-edison-santos-y-orlando-prez.jpg?resize=400%2C483&amp;ssl=1 400w, https:\/\/i0.wp.com\/casadecampoliving.com\/wp-content\/uploads\/2022\/10\/foto-3-edison-santos-y-orlando-prez.jpg?resize=706%2C852&amp;ssl=1 706w, https:\/\/i0.wp.com\/casadecampoliving.com\/wp-content\/uploads\/2022\/10\/foto-3-edison-santos-y-orlando-prez.jpg?resize=150%2C181&amp;ssl=1 150w, https:\/\/i0.wp.com\/casadecampoliving.com\/wp-content\/uploads\/2022\/10\/foto-3-edison-santos-y-orlando-prez.jpg?w=370&amp;ssl=1 370w\" sizes=\"auto, (max-width: 1000px) 100vw, 1000px\" \/><\/figure>\n\n\n\n<figure class=\"wp-block-image size-large\"><img data-recalc-dims=\"1\" loading=\"lazy\" decoding=\"async\" width=\"1400\" height=\"1098\" data-id=\"405526\" src=\"https:\/\/i0.wp.com\/casadecampoliving.com\/wp-content\/uploads\/2022\/10\/foto-4-jaime-castillo-carlos-mart-y-jorge-novas.jpg?resize=1400%2C1098&#038;ssl=1\" alt=\"\" class=\"wp-image-405526\" srcset=\"https:\/\/i0.wp.com\/casadecampoliving.com\/wp-content\/uploads\/2022\/10\/foto-4-jaime-castillo-carlos-mart-y-jorge-novas.jpg?w=1400&amp;ssl=1 1400w, https:\/\/i0.wp.com\/casadecampoliving.com\/wp-content\/uploads\/2022\/10\/foto-4-jaime-castillo-carlos-mart-y-jorge-novas.jpg?resize=300%2C235&amp;ssl=1 300w, https:\/\/i0.wp.com\/casadecampoliving.com\/wp-content\/uploads\/2022\/10\/foto-4-jaime-castillo-carlos-mart-y-jorge-novas.jpg?resize=1024%2C803&amp;ssl=1 1024w, https:\/\/i0.wp.com\/casadecampoliving.com\/wp-content\/uploads\/2022\/10\/foto-4-jaime-castillo-carlos-mart-y-jorge-novas.jpg?resize=768%2C602&amp;ssl=1 768w, https:\/\/i0.wp.com\/casadecampoliving.com\/wp-content\/uploads\/2022\/10\/foto-4-jaime-castillo-carlos-mart-y-jorge-novas.jpg?resize=1200%2C941&amp;ssl=1 1200w, https:\/\/i0.wp.com\/casadecampoliving.com\/wp-content\/uploads\/2022\/10\/foto-4-jaime-castillo-carlos-mart-y-jorge-novas.jpg?resize=400%2C314&amp;ssl=1 400w, https:\/\/i0.wp.com\/casadecampoliving.com\/wp-content\/uploads\/2022\/10\/foto-4-jaime-castillo-carlos-mart-y-jorge-novas.jpg?resize=706%2C554&amp;ssl=1 706w, https:\/\/i0.wp.com\/casadecampoliving.com\/wp-content\/uploads\/2022\/10\/foto-4-jaime-castillo-carlos-mart-y-jorge-novas.jpg?resize=150%2C118&amp;ssl=1 150w, https:\/\/i0.wp.com\/casadecampoliving.com\/wp-content\/uploads\/2022\/10\/foto-4-jaime-castillo-carlos-mart-y-jorge-novas.jpg?w=370&amp;ssl=1 370w\" sizes=\"auto, (max-width: 1000px) 100vw, 1000px\" \/><\/figure>\n\n\n\n<figure class=\"wp-block-image size-large\"><img data-recalc-dims=\"1\" loading=\"lazy\" decoding=\"async\" width=\"1400\" height=\"2076\" data-id=\"405552\" src=\"https:\/\/i0.wp.com\/casadecampoliving.com\/wp-content\/uploads\/2022\/10\/foto-5-ariel-sanchez-y-wendy-santos.jpg?resize=1400%2C2076&#038;ssl=1\" alt=\"\" class=\"wp-image-405552\" srcset=\"https:\/\/i0.wp.com\/casadecampoliving.com\/wp-content\/uploads\/2022\/10\/foto-5-ariel-sanchez-y-wendy-santos.jpg?w=1400&amp;ssl=1 1400w, https:\/\/i0.wp.com\/casadecampoliving.com\/wp-content\/uploads\/2022\/10\/foto-5-ariel-sanchez-y-wendy-santos.jpg?resize=202%2C300&amp;ssl=1 202w, https:\/\/i0.wp.com\/casadecampoliving.com\/wp-content\/uploads\/2022\/10\/foto-5-ariel-sanchez-y-wendy-santos.jpg?resize=691%2C1024&amp;ssl=1 691w, https:\/\/i0.wp.com\/casadecampoliving.com\/wp-content\/uploads\/2022\/10\/foto-5-ariel-sanchez-y-wendy-santos.jpg?resize=768%2C1139&amp;ssl=1 768w, https:\/\/i0.wp.com\/casadecampoliving.com\/wp-content\/uploads\/2022\/10\/foto-5-ariel-sanchez-y-wendy-santos.jpg?resize=1036%2C1536&amp;ssl=1 1036w, https:\/\/i0.wp.com\/casadecampoliving.com\/wp-content\/uploads\/2022\/10\/foto-5-ariel-sanchez-y-wendy-santos.jpg?resize=1381%2C2048&amp;ssl=1 1381w, https:\/\/i0.wp.com\/casadecampoliving.com\/wp-content\/uploads\/2022\/10\/foto-5-ariel-sanchez-y-wendy-santos.jpg?resize=1200%2C1779&amp;ssl=1 1200w, https:\/\/i0.wp.com\/casadecampoliving.com\/wp-content\/uploads\/2022\/10\/foto-5-ariel-sanchez-y-wendy-santos.jpg?resize=400%2C593&amp;ssl=1 400w, https:\/\/i0.wp.com\/casadecampoliving.com\/wp-content\/uploads\/2022\/10\/foto-5-ariel-sanchez-y-wendy-santos.jpg?resize=706%2C1047&amp;ssl=1 706w, https:\/\/i0.wp.com\/casadecampoliving.com\/wp-content\/uploads\/2022\/10\/foto-5-ariel-sanchez-y-wendy-santos.jpg?resize=150%2C222&amp;ssl=1 150w, https:\/\/i0.wp.com\/casadecampoliving.com\/wp-content\/uploads\/2022\/10\/foto-5-ariel-sanchez-y-wendy-santos.jpg?w=370&amp;ssl=1 370w\" sizes=\"auto, (max-width: 1000px) 100vw, 1000px\" \/><\/figure>\n\n\n\n<figure class=\"wp-block-image size-large\"><img data-recalc-dims=\"1\" loading=\"lazy\" decoding=\"async\" width=\"1400\" height=\"1604\" data-id=\"405574\" src=\"https:\/\/i0.wp.com\/casadecampoliving.com\/wp-content\/uploads\/2022\/10\/foto-6-facundo-erreguerena-y-jesus-saavedra.jpg?resize=1400%2C1604&#038;ssl=1\" alt=\"\" class=\"wp-image-405574\" srcset=\"https:\/\/i0.wp.com\/casadecampoliving.com\/wp-content\/uploads\/2022\/10\/foto-6-facundo-erreguerena-y-jesus-saavedra.jpg?w=1400&amp;ssl=1 1400w, https:\/\/i0.wp.com\/casadecampoliving.com\/wp-content\/uploads\/2022\/10\/foto-6-facundo-erreguerena-y-jesus-saavedra.jpg?resize=262%2C300&amp;ssl=1 262w, https:\/\/i0.wp.com\/casadecampoliving.com\/wp-content\/uploads\/2022\/10\/foto-6-facundo-erreguerena-y-jesus-saavedra.jpg?resize=894%2C1024&amp;ssl=1 894w, https:\/\/i0.wp.com\/casadecampoliving.com\/wp-content\/uploads\/2022\/10\/foto-6-facundo-erreguerena-y-jesus-saavedra.jpg?resize=768%2C880&amp;ssl=1 768w, https:\/\/i0.wp.com\/casadecampoliving.com\/wp-content\/uploads\/2022\/10\/foto-6-facundo-erreguerena-y-jesus-saavedra.jpg?resize=1341%2C1536&amp;ssl=1 1341w, https:\/\/i0.wp.com\/casadecampoliving.com\/wp-content\/uploads\/2022\/10\/foto-6-facundo-erreguerena-y-jesus-saavedra.jpg?resize=1200%2C1375&amp;ssl=1 1200w, https:\/\/i0.wp.com\/casadecampoliving.com\/wp-content\/uploads\/2022\/10\/foto-6-facundo-erreguerena-y-jesus-saavedra.jpg?resize=400%2C458&amp;ssl=1 400w, https:\/\/i0.wp.com\/casadecampoliving.com\/wp-content\/uploads\/2022\/10\/foto-6-facundo-erreguerena-y-jesus-saavedra.jpg?resize=706%2C809&amp;ssl=1 706w, https:\/\/i0.wp.com\/casadecampoliving.com\/wp-content\/uploads\/2022\/10\/foto-6-facundo-erreguerena-y-jesus-saavedra.jpg?resize=150%2C172&amp;ssl=1 150w, https:\/\/i0.wp.com\/casadecampoliving.com\/wp-content\/uploads\/2022\/10\/foto-6-facundo-erreguerena-y-jesus-saavedra.jpg?w=370&amp;ssl=1 370w\" sizes=\"auto, (max-width: 1000px) 100vw, 1000px\" \/><\/figure>\n\n\n\n<figure class=\"wp-block-image size-large\"><img data-recalc-dims=\"1\" loading=\"lazy\" decoding=\"async\" width=\"1400\" height=\"927\" data-id=\"405602\" src=\"https:\/\/i0.wp.com\/casadecampoliving.com\/wp-content\/uploads\/2022\/10\/foto-7-jan-suriel-angela-alvarez-mayra-alvarez-y-miguel-castillo.jpg?resize=1400%2C927&#038;ssl=1\" alt=\"\" class=\"wp-image-405602\" srcset=\"https:\/\/i0.wp.com\/casadecampoliving.com\/wp-content\/uploads\/2022\/10\/foto-7-jan-suriel-angela-alvarez-mayra-alvarez-y-miguel-castillo.jpg?w=1400&amp;ssl=1 1400w, https:\/\/i0.wp.com\/casadecampoliving.com\/wp-content\/uploads\/2022\/10\/foto-7-jan-suriel-angela-alvarez-mayra-alvarez-y-miguel-castillo.jpg?resize=300%2C199&amp;ssl=1 300w, https:\/\/i0.wp.com\/casadecampoliving.com\/wp-content\/uploads\/2022\/10\/foto-7-jan-suriel-angela-alvarez-mayra-alvarez-y-miguel-castillo.jpg?resize=1024%2C678&amp;ssl=1 1024w, https:\/\/i0.wp.com\/casadecampoliving.com\/wp-content\/uploads\/2022\/10\/foto-7-jan-suriel-angela-alvarez-mayra-alvarez-y-miguel-castillo.jpg?resize=768%2C509&amp;ssl=1 768w, https:\/\/i0.wp.com\/casadecampoliving.com\/wp-content\/uploads\/2022\/10\/foto-7-jan-suriel-angela-alvarez-mayra-alvarez-y-miguel-castillo.jpg?resize=1200%2C795&amp;ssl=1 1200w, https:\/\/i0.wp.com\/casadecampoliving.com\/wp-content\/uploads\/2022\/10\/foto-7-jan-suriel-angela-alvarez-mayra-alvarez-y-miguel-castillo.jpg?resize=400%2C265&amp;ssl=1 400w, https:\/\/i0.wp.com\/casadecampoliving.com\/wp-content\/uploads\/2022\/10\/foto-7-jan-suriel-angela-alvarez-mayra-alvarez-y-miguel-castillo.jpg?resize=706%2C467&amp;ssl=1 706w, https:\/\/i0.wp.com\/casadecampoliving.com\/wp-content\/uploads\/2022\/10\/foto-7-jan-suriel-angela-alvarez-mayra-alvarez-y-miguel-castillo.jpg?resize=150%2C99&amp;ssl=1 150w, https:\/\/i0.wp.com\/casadecampoliving.com\/wp-content\/uploads\/2022\/10\/foto-7-jan-suriel-angela-alvarez-mayra-alvarez-y-miguel-castillo.jpg?w=370&amp;ssl=1 370w\" sizes=\"auto, (max-width: 1000px) 100vw, 1000px\" \/><\/figure>\n\n\n\n<figure class=\"wp-block-image size-large\"><img data-recalc-dims=\"1\" loading=\"lazy\" decoding=\"async\" width=\"1400\" height=\"2246\" data-id=\"405632\" src=\"https:\/\/i0.wp.com\/casadecampoliving.com\/wp-content\/uploads\/2022\/10\/foto-8-vivian-de-aguayo-y-alfonso-aguayo.jpg?resize=1400%2C2246&#038;ssl=1\" alt=\"\" class=\"wp-image-405632\" srcset=\"https:\/\/i0.wp.com\/casadecampoliving.com\/wp-content\/uploads\/2022\/10\/foto-8-vivian-de-aguayo-y-alfonso-aguayo.jpg?w=1400&amp;ssl=1 1400w, https:\/\/i0.wp.com\/casadecampoliving.com\/wp-content\/uploads\/2022\/10\/foto-8-vivian-de-aguayo-y-alfonso-aguayo.jpg?resize=187%2C300&amp;ssl=1 187w, https:\/\/i0.wp.com\/casadecampoliving.com\/wp-content\/uploads\/2022\/10\/foto-8-vivian-de-aguayo-y-alfonso-aguayo.jpg?resize=638%2C1024&amp;ssl=1 638w, https:\/\/i0.wp.com\/casadecampoliving.com\/wp-content\/uploads\/2022\/10\/foto-8-vivian-de-aguayo-y-alfonso-aguayo.jpg?resize=768%2C1232&amp;ssl=1 768w, https:\/\/i0.wp.com\/casadecampoliving.com\/wp-content\/uploads\/2022\/10\/foto-8-vivian-de-aguayo-y-alfonso-aguayo.jpg?resize=957%2C1536&amp;ssl=1 957w, https:\/\/i0.wp.com\/casadecampoliving.com\/wp-content\/uploads\/2022\/10\/foto-8-vivian-de-aguayo-y-alfonso-aguayo.jpg?resize=1277%2C2048&amp;ssl=1 1277w, https:\/\/i0.wp.com\/casadecampoliving.com\/wp-content\/uploads\/2022\/10\/foto-8-vivian-de-aguayo-y-alfonso-aguayo.jpg?resize=1200%2C1925&amp;ssl=1 1200w, https:\/\/i0.wp.com\/casadecampoliving.com\/wp-content\/uploads\/2022\/10\/foto-8-vivian-de-aguayo-y-alfonso-aguayo.jpg?resize=400%2C642&amp;ssl=1 400w, https:\/\/i0.wp.com\/casadecampoliving.com\/wp-content\/uploads\/2022\/10\/foto-8-vivian-de-aguayo-y-alfonso-aguayo.jpg?resize=706%2C1133&amp;ssl=1 706w, https:\/\/i0.wp.com\/casadecampoliving.com\/wp-content\/uploads\/2022\/10\/foto-8-vivian-de-aguayo-y-alfonso-aguayo.jpg?resize=150%2C241&amp;ssl=1 150w, https:\/\/i0.wp.com\/casadecampoliving.com\/wp-content\/uploads\/2022\/10\/foto-8-vivian-de-aguayo-y-alfonso-aguayo.jpg?w=370&amp;ssl=1 370w\" sizes=\"auto, (max-width: 1000px) 100vw, 1000px\" \/><\/figure>\n\n\n\n<figure class=\"wp-block-image size-large\"><img data-recalc-dims=\"1\" loading=\"lazy\" decoding=\"async\" width=\"1400\" height=\"1085\" data-id=\"405659\" src=\"https:\/\/i0.wp.com\/casadecampoliving.com\/wp-content\/uploads\/2022\/10\/foto-9-juan-manuel-polanco-babette-de-moya-e-yaqui-nuc3b1ez-del-risco.jpg?resize=1400%2C1085&#038;ssl=1\" alt=\"\" class=\"wp-image-405659\" srcset=\"https:\/\/i0.wp.com\/casadecampoliving.com\/wp-content\/uploads\/2022\/10\/foto-9-juan-manuel-polanco-babette-de-moya-e-yaqui-nuc3b1ez-del-risco.jpg?w=1400&amp;ssl=1 1400w, https:\/\/i0.wp.com\/casadecampoliving.com\/wp-content\/uploads\/2022\/10\/foto-9-juan-manuel-polanco-babette-de-moya-e-yaqui-nuc3b1ez-del-risco.jpg?resize=300%2C233&amp;ssl=1 300w, https:\/\/i0.wp.com\/casadecampoliving.com\/wp-content\/uploads\/2022\/10\/foto-9-juan-manuel-polanco-babette-de-moya-e-yaqui-nuc3b1ez-del-risco.jpg?resize=1024%2C794&amp;ssl=1 1024w, https:\/\/i0.wp.com\/casadecampoliving.com\/wp-content\/uploads\/2022\/10\/foto-9-juan-manuel-polanco-babette-de-moya-e-yaqui-nuc3b1ez-del-risco.jpg?resize=768%2C595&amp;ssl=1 768w, https:\/\/i0.wp.com\/casadecampoliving.com\/wp-content\/uploads\/2022\/10\/foto-9-juan-manuel-polanco-babette-de-moya-e-yaqui-nuc3b1ez-del-risco.jpg?resize=1200%2C930&amp;ssl=1 1200w, https:\/\/i0.wp.com\/casadecampoliving.com\/wp-content\/uploads\/2022\/10\/foto-9-juan-manuel-polanco-babette-de-moya-e-yaqui-nuc3b1ez-del-risco.jpg?resize=400%2C310&amp;ssl=1 400w, https:\/\/i0.wp.com\/casadecampoliving.com\/wp-content\/uploads\/2022\/10\/foto-9-juan-manuel-polanco-babette-de-moya-e-yaqui-nuc3b1ez-del-risco.jpg?resize=706%2C547&amp;ssl=1 706w, https:\/\/i0.wp.com\/casadecampoliving.com\/wp-content\/uploads\/2022\/10\/foto-9-juan-manuel-polanco-babette-de-moya-e-yaqui-nuc3b1ez-del-risco.jpg?resize=150%2C116&amp;ssl=1 150w, https:\/\/i0.wp.com\/casadecampoliving.com\/wp-content\/uploads\/2022\/10\/foto-9-juan-manuel-polanco-babette-de-moya-e-yaqui-nuc3b1ez-del-risco.jpg?w=370&amp;ssl=1 370w\" sizes=\"auto, (max-width: 1000px) 100vw, 1000px\" \/><\/figure>\n\n\n\n<figure class=\"wp-block-image size-large\"><img data-recalc-dims=\"1\" loading=\"lazy\" decoding=\"async\" width=\"1800\" height=\"1192\" data-id=\"405689\" src=\"https:\/\/i0.wp.com\/casadecampoliving.com\/wp-content\/uploads\/2022\/10\/foto-principal-roselyn-oneil-alfonso-aguayo-julio-pou-francisco-garcia-y-juan-carlos-gonzalez.jpg?resize=1800%2C1192&#038;ssl=1\" alt=\"\" class=\"wp-image-405689\" srcset=\"https:\/\/i0.wp.com\/casadecampoliving.com\/wp-content\/uploads\/2022\/10\/foto-principal-roselyn-oneil-alfonso-aguayo-julio-pou-francisco-garcia-y-juan-carlos-gonzalez.jpg?w=1800&amp;ssl=1 1800w, https:\/\/i0.wp.com\/casadecampoliving.com\/wp-content\/uploads\/2022\/10\/foto-principal-roselyn-oneil-alfonso-aguayo-julio-pou-francisco-garcia-y-juan-carlos-gonzalez.jpg?resize=300%2C199&amp;ssl=1 300w, https:\/\/i0.wp.com\/casadecampoliving.com\/wp-content\/uploads\/2022\/10\/foto-principal-roselyn-oneil-alfonso-aguayo-julio-pou-francisco-garcia-y-juan-carlos-gonzalez.jpg?resize=1024%2C678&amp;ssl=1 1024w, https:\/\/i0.wp.com\/casadecampoliving.com\/wp-content\/uploads\/2022\/10\/foto-principal-roselyn-oneil-alfonso-aguayo-julio-pou-francisco-garcia-y-juan-carlos-gonzalez.jpg?resize=768%2C509&amp;ssl=1 768w, https:\/\/i0.wp.com\/casadecampoliving.com\/wp-content\/uploads\/2022\/10\/foto-principal-roselyn-oneil-alfonso-aguayo-julio-pou-francisco-garcia-y-juan-carlos-gonzalez.jpg?resize=1536%2C1017&amp;ssl=1 1536w, https:\/\/i0.wp.com\/casadecampoliving.com\/wp-content\/uploads\/2022\/10\/foto-principal-roselyn-oneil-alfonso-aguayo-julio-pou-francisco-garcia-y-juan-carlos-gonzalez.jpg?resize=1200%2C795&amp;ssl=1 1200w, https:\/\/i0.wp.com\/casadecampoliving.com\/wp-content\/uploads\/2022\/10\/foto-principal-roselyn-oneil-alfonso-aguayo-julio-pou-francisco-garcia-y-juan-carlos-gonzalez.jpg?resize=1568%2C1038&amp;ssl=1 1568w, https:\/\/i0.wp.com\/casadecampoliving.com\/wp-content\/uploads\/2022\/10\/foto-principal-roselyn-oneil-alfonso-aguayo-julio-pou-francisco-garcia-y-juan-carlos-gonzalez.jpg?resize=400%2C265&amp;ssl=1 400w, https:\/\/i0.wp.com\/casadecampoliving.com\/wp-content\/uploads\/2022\/10\/foto-principal-roselyn-oneil-alfonso-aguayo-julio-pou-francisco-garcia-y-juan-carlos-gonzalez.jpg?resize=706%2C468&amp;ssl=1 706w, https:\/\/i0.wp.com\/casadecampoliving.com\/wp-content\/uploads\/2022\/10\/foto-principal-roselyn-oneil-alfonso-aguayo-julio-pou-francisco-garcia-y-juan-carlos-gonzalez.jpg?resize=150%2C99&amp;ssl=1 150w, https:\/\/i0.wp.com\/casadecampoliving.com\/wp-content\/uploads\/2022\/10\/foto-principal-roselyn-oneil-alfonso-aguayo-julio-pou-francisco-garcia-y-juan-carlos-gonzalez.jpg?w=370&amp;ssl=1 370w\" sizes=\"auto, (max-width: 1000px) 100vw, 1000px\" \/><\/figure>\n<\/figure>\n<\/strong>\n\n<img data-recalc-dims=\"1\" loading=\"lazy\" decoding=\"async\" class=\"aligncenter wp-image-107558 size-full\" src=\"https:\/\/i0.wp.com\/casadecampoliving.com\/wp-content\/uploads\/2022\/10\/Chivas-2.jpg?resize=650%2C479&#038;ssl=1\" alt=\"Chivas 2\" width=\"650\" height=\"479\" \/>\n<blockquote>\n<h3>Sobre Chivas Regal<\/h3>\nChivas Regal es una marca global, vende 4.8 millones de cajas de 9L anualmente en m\u00e1s de 150 pa\u00edses a trav\u00e9s de Europa, Asia Pac\u00edfico y Am\u00e9rica. El portafolio de Chivas Regal es un sin\u00f3nimo de estilo, esencia y exclusividad. Est\u00e1 compuesto por Chivas Regal 12, 18 y 25 a\u00f1os.<\/blockquote>\n<blockquote>\n<h3>The Venture<\/h3>\nEs un fondo internacional que provee a aspirantes emprendedores sociales con un $1 mill\u00f3n de d\u00f3lares americanos en asistencia financiera, exposici\u00f3n global de su empresa o idea y soporte de parte de mentores de negocios de fama internacional. Chivas Regal apoyar\u00e1 a aquellos que quieren el \u00e9xito a la vez que hacen un impacto positivo en la vida de otros, a trav\u00e9s de mentor\u00eda y respaldo financiero.<\/blockquote>\n<blockquote>\n<h3>Live with Chivalry<\/h3>\nLa campa\u00f1a de Chivas \u201cLive with Chivalry\u201d se lanz\u00f3 en el 2008 y desde entonces ha inspirado al caballero moderno en m\u00e1s de 60 pa\u00edses a lograr el \u00e9xito de la forma correcta.\n\nGanamos de la Forma Correcta (Win the Right Way en ingl\u00e9s) es el \u00faltimo despliegue de la campa\u00f1a Live with Chivalry. Comunica los valores de la marca Chivas Regal y busca inspirar a la nueva generaci\u00f3n a alcanzar el \u00e9xito mientras tienen un impacto positivo en la vida de otros.<\/blockquote>","protected":false},"excerpt":{"rendered":"<p>\u00bfRecuerda cuando habl\u00e1bamos de The Venture? Pues el pasado lunes 2 de febrero Chivas Regal anunci\u00f3 en el Hotel JW Marriott Blue Mall, Santo Domingo al ganador de este ambicioso proyecto de emprendimiento social que representar\u00e1 a\u00a0Rep\u00fablica Dominicana en la Competencia Global The Venture que tendr\u00e1 lugar en\u00a0Silicon Valley del 19 al 25 de julio [&hellip;]<\/p>\n","protected":false},"author":1097,"featured_media":276383,"comment_status":"closed","ping_status":"closed","sticky":false,"template":"","format":"standard","meta":{"newspack_ads_suppress_ads":false,"newspack_popups_has_disabled_popups":false,"newspack_sponsor_sponsorship_scope":"","newspack_sponsor_native_byline_display":"inherit","newspack_sponsor_native_category_display":"inherit","newspack_sponsor_underwriter_style":"inherit","newspack_sponsor_underwriter_placement":"inherit","_newspack_byline_active":false,"_newspack_byline":"","newspack_content_restriction_is_exempt":false,"newspack_featured_image_position":"","newspack_post_subtitle":"","newspack_article_summary_title":"Overview:","newspack_article_summary":"","newspack_hide_updated_date":false,"newspack_show_updated_date":false,"_jetpack_memberships_contains_paid_content":false,"footnotes":"","jetpack_publicize_message":"","jetpack_publicize_feature_enabled":true,"jetpack_social_post_already_shared":false,"jetpack_social_options":{"image_generator_settings":{"template":"highway","default_image_id":0,"font":"","enabled":false},"version":2},"_wpas_customize_per_network":false},"categories":[2506,26936,26951,2521,2522,2524,14631,14625,26822,14627],"tags":[23815,3626,8094,24387,6371,5572,8708,10928],"newspack_spnsrs_tax":[],"class_list":["post-346659","post","type-post","status-publish","format-standard","has-post-thumbnail","hentry","category-mas-alla-de-casa-es","category-casa-de-campo-living-es","category-ccl-presenta","category-republica-dominicana-2","category-eventos-es","category-destacados","category-estilo-de-vida","category-noticias-locales","category-resort-casa-de-campo","category-proximamente","tag-casa-de-campo-es-17","tag-casa-de-campo-es","tag-casa-de-campo-community-es","tag-casa-de-campo-living-es","tag-casa-de-campo-resort-es","tag-chivas-regal","tag-chivas-regal-es","tag-the-venture-es","entry"],"yoast_head":"<!-- This site is optimized with the Yoast SEO plugin v27.3 - https:\/\/yoast.com\/product\/yoast-seo-wordpress\/ -->\n<title>Chivas presenta al ganador de The Venture | Casa de Campo Living<\/title>\n<meta name=\"description\" content=\"\u00bfRecuerda cuando habl\u00e1bamos de The Venture? Pues el pasado lunes 2 de febrero Chivas Regal anunci\u00f3 en el Hotel JW Marriott Blue Mall, Santo Domingo al\" \/>\n<meta name=\"robots\" content=\"index, follow, max-snippet:-1, max-image-preview:large, max-video-preview:-1\" \/>\n<link rel=\"canonical\" href=\"https:\/\/casadecampoliving.com\/es\/chivas-presento-emprendedor-social-ganador-venture\/\" \/>\n<meta property=\"og:locale\" content=\"es_ES\" \/>\n<meta property=\"og:type\" content=\"article\" \/>\n<meta property=\"og:title\" content=\"Chivas presenta al ganador de The Venture | Casa de Campo Living\" \/>\n<meta property=\"og:description\" content=\"\u00bfRecuerda cuando habl\u00e1bamos de The Venture? Pues el pasado lunes 2 de febrero Chivas Regal anunci\u00f3 en el Hotel JW Marriott Blue Mall, Santo Domingo al\" \/>\n<meta property=\"og:url\" content=\"https:\/\/casadecampoliving.com\/es\/chivas-presento-emprendedor-social-ganador-venture\/\" \/>\n<meta property=\"og:site_name\" content=\"Casa de Campo Living\" \/>\n<meta property=\"article:publisher\" content=\"https:\/\/www.facebook.com\/casadecampoliving\" \/>\n<meta property=\"article:published_time\" content=\"2015-02-04T04:00:00+00:00\" \/>\n<meta property=\"article:modified_time\" content=\"2022-11-10T14:30:36+00:00\" \/>\n<meta property=\"og:image\" content=\"https:\/\/i0.wp.com\/casadecampoliving.com\/wp-content\/uploads\/2022\/10\/Roselyn-ONeil-Alfonso-Aguayo-Julio-Pou-Francisco-Garcia-y-Juan-Carlos-Gonzalez1.jpg?fit=650%2C414&ssl=1\" \/>\n\t<meta property=\"og:image:width\" content=\"650\" \/>\n\t<meta property=\"og:image:height\" content=\"414\" \/>\n\t<meta property=\"og:image:type\" content=\"image\/jpeg\" \/>\n<meta name=\"author\" content=\"Perkin Agramonte\" \/>\n<meta name=\"twitter:card\" content=\"summary_large_image\" \/>\n<meta name=\"twitter:creator\" content=\"@cdcliving\" \/>\n<meta name=\"twitter:site\" content=\"@cdcliving\" \/>\n<meta name=\"twitter:label1\" content=\"Escrito por\" \/>\n\t<meta name=\"twitter:data1\" content=\"Perkin Agramonte\" \/>\n\t<meta name=\"twitter:label2\" content=\"Tiempo de lectura\" \/>\n\t<meta name=\"twitter:data2\" content=\"3 minutos\" \/>\n<script type=\"application\/ld+json\" class=\"yoast-schema-graph\">{\"@context\":\"https:\\\/\\\/schema.org\",\"@graph\":[{\"@type\":\"Article\",\"@id\":\"https:\\\/\\\/casadecampoliving.com\\\/es\\\/chivas-presento-emprendedor-social-ganador-venture\\\/#article\",\"isPartOf\":{\"@id\":\"https:\\\/\\\/casadecampoliving.com\\\/es\\\/chivas-presento-emprendedor-social-ganador-venture\\\/\"},\"author\":{\"name\":\"Perkin Agramonte\",\"@id\":\"https:\\\/\\\/casadecampoliving.com\\\/es\\\/#\\\/schema\\\/person\\\/c8efa6049510554b7d5fea078d728f72\"},\"headline\":\"Chivas presenta al ganador de The Venture\",\"datePublished\":\"2015-02-04T04:00:00+00:00\",\"dateModified\":\"2022-11-10T14:30:36+00:00\",\"mainEntityOfPage\":{\"@id\":\"https:\\\/\\\/casadecampoliving.com\\\/es\\\/chivas-presento-emprendedor-social-ganador-venture\\\/\"},\"wordCount\":665,\"publisher\":{\"@id\":\"https:\\\/\\\/casadecampoliving.com\\\/es\\\/#organization\"},\"image\":{\"@id\":\"https:\\\/\\\/casadecampoliving.com\\\/es\\\/chivas-presento-emprendedor-social-ganador-venture\\\/#primaryimage\"},\"thumbnailUrl\":\"https:\\\/\\\/i0.wp.com\\\/casadecampoliving.com\\\/wp-content\\\/uploads\\\/2022\\\/10\\\/Roselyn-ONeil-Alfonso-Aguayo-Julio-Pou-Francisco-Garcia-y-Juan-Carlos-Gonzalez1.jpg?fit=650%2C414&ssl=1\",\"keywords\":[\"Casa de Campo\",\"casa de campo @es\",\"Casa de Campo Community @es\",\"Casa de Campo Living\",\"casa de campo resort @es\",\"chivas regal\",\"Chivas Regal @es\",\"The Venture @es\"],\"articleSection\":[\"M\u00e1s all\u00e1 de Casa\",\"Casa de Campo Living @es\",\"CCL presenta\",\"Rep\u00fablica Dominicana @es\",\"Eventos\",\"Destacados\",\"Estilo de Vida\",\"Noticias Locales\",\"Resort Casa de Campo\",\"Proximamente\"],\"inLanguage\":\"es\"},{\"@type\":\"WebPage\",\"@id\":\"https:\\\/\\\/casadecampoliving.com\\\/es\\\/chivas-presento-emprendedor-social-ganador-venture\\\/\",\"url\":\"https:\\\/\\\/casadecampoliving.com\\\/es\\\/chivas-presento-emprendedor-social-ganador-venture\\\/\",\"name\":\"Chivas presenta al ganador de The Venture | Casa de Campo Living\",\"isPartOf\":{\"@id\":\"https:\\\/\\\/casadecampoliving.com\\\/es\\\/#website\"},\"primaryImageOfPage\":{\"@id\":\"https:\\\/\\\/casadecampoliving.com\\\/es\\\/chivas-presento-emprendedor-social-ganador-venture\\\/#primaryimage\"},\"image\":{\"@id\":\"https:\\\/\\\/casadecampoliving.com\\\/es\\\/chivas-presento-emprendedor-social-ganador-venture\\\/#primaryimage\"},\"thumbnailUrl\":\"https:\\\/\\\/i0.wp.com\\\/casadecampoliving.com\\\/wp-content\\\/uploads\\\/2022\\\/10\\\/Roselyn-ONeil-Alfonso-Aguayo-Julio-Pou-Francisco-Garcia-y-Juan-Carlos-Gonzalez1.jpg?fit=650%2C414&ssl=1\",\"datePublished\":\"2015-02-04T04:00:00+00:00\",\"dateModified\":\"2022-11-10T14:30:36+00:00\",\"description\":\"\u00bfRecuerda cuando habl\u00e1bamos de The Venture? Pues el pasado lunes 2 de febrero Chivas Regal anunci\u00f3 en el Hotel JW Marriott Blue Mall, Santo Domingo al\",\"breadcrumb\":{\"@id\":\"https:\\\/\\\/casadecampoliving.com\\\/es\\\/chivas-presento-emprendedor-social-ganador-venture\\\/#breadcrumb\"},\"inLanguage\":\"es\",\"potentialAction\":[{\"@type\":\"ReadAction\",\"target\":[\"https:\\\/\\\/casadecampoliving.com\\\/es\\\/chivas-presento-emprendedor-social-ganador-venture\\\/\"]}]},{\"@type\":\"ImageObject\",\"inLanguage\":\"es\",\"@id\":\"https:\\\/\\\/casadecampoliving.com\\\/es\\\/chivas-presento-emprendedor-social-ganador-venture\\\/#primaryimage\",\"url\":\"https:\\\/\\\/i0.wp.com\\\/casadecampoliving.com\\\/wp-content\\\/uploads\\\/2022\\\/10\\\/Roselyn-ONeil-Alfonso-Aguayo-Julio-Pou-Francisco-Garcia-y-Juan-Carlos-Gonzalez1.jpg?fit=650%2C414&ssl=1\",\"contentUrl\":\"https:\\\/\\\/i0.wp.com\\\/casadecampoliving.com\\\/wp-content\\\/uploads\\\/2022\\\/10\\\/Roselyn-ONeil-Alfonso-Aguayo-Julio-Pou-Francisco-Garcia-y-Juan-Carlos-Gonzalez1.jpg?fit=650%2C414&ssl=1\",\"width\":650,\"height\":414,\"caption\":\"Roselyn O'Neil, Alfonso Aguayo, Julio Pou Francisco Garc\u00eda y Juan Carlos Gonz\u00e1lez\"},{\"@type\":\"BreadcrumbList\",\"@id\":\"https:\\\/\\\/casadecampoliving.com\\\/es\\\/chivas-presento-emprendedor-social-ganador-venture\\\/#breadcrumb\",\"itemListElement\":[{\"@type\":\"ListItem\",\"position\":1,\"name\":\"Home\",\"item\":\"https:\\\/\\\/casadecampoliving.com\\\/es\\\/\"},{\"@type\":\"ListItem\",\"position\":2,\"name\":\"Chivas presenta al ganador de The Venture\"}]},{\"@type\":\"WebSite\",\"@id\":\"https:\\\/\\\/casadecampoliving.com\\\/es\\\/#website\",\"url\":\"https:\\\/\\\/casadecampoliving.com\\\/es\\\/\",\"name\":\"Casa de Campo Living\",\"description\":\"Resort community news and resources.\",\"publisher\":{\"@id\":\"https:\\\/\\\/casadecampoliving.com\\\/es\\\/#organization\"},\"potentialAction\":[{\"@type\":\"SearchAction\",\"target\":{\"@type\":\"EntryPoint\",\"urlTemplate\":\"https:\\\/\\\/casadecampoliving.com\\\/es\\\/?s={search_term_string}\"},\"query-input\":{\"@type\":\"PropertyValueSpecification\",\"valueRequired\":true,\"valueName\":\"search_term_string\"}}],\"inLanguage\":\"es\"},{\"@type\":\"Organization\",\"@id\":\"https:\\\/\\\/casadecampoliving.com\\\/es\\\/#organization\",\"name\":\"Casa de Campo Living\",\"url\":\"https:\\\/\\\/casadecampoliving.com\\\/es\\\/\",\"logo\":{\"@type\":\"ImageObject\",\"inLanguage\":\"es\",\"@id\":\"https:\\\/\\\/casadecampoliving.com\\\/es\\\/#\\\/schema\\\/logo\\\/image\\\/\",\"url\":\"https:\\\/\\\/i0.wp.com\\\/casadecampoliving.com\\\/wp-content\\\/uploads\\\/2022\\\/07\\\/CDCLivingLogo_V1-white-sized.png?fit=800%2C214&ssl=1\",\"contentUrl\":\"https:\\\/\\\/i0.wp.com\\\/casadecampoliving.com\\\/wp-content\\\/uploads\\\/2022\\\/07\\\/CDCLivingLogo_V1-white-sized.png?fit=800%2C214&ssl=1\",\"width\":800,\"height\":214,\"caption\":\"Casa de Campo Living\"},\"image\":{\"@id\":\"https:\\\/\\\/casadecampoliving.com\\\/es\\\/#\\\/schema\\\/logo\\\/image\\\/\"},\"sameAs\":[\"https:\\\/\\\/www.facebook.com\\\/casadecampoliving\",\"https:\\\/\\\/x.com\\\/cdcliving\"]},{\"@type\":\"Person\",\"@id\":\"https:\\\/\\\/casadecampoliving.com\\\/es\\\/#\\\/schema\\\/person\\\/c8efa6049510554b7d5fea078d728f72\",\"name\":\"Perkin Agramonte\",\"image\":{\"@type\":\"ImageObject\",\"inLanguage\":\"es\",\"@id\":\"https:\\\/\\\/secure.gravatar.com\\\/avatar\\\/57bfdafcae55fb83dbb79a1585a9eab7f269b7720fb0b64cb9a4e0cd2962fa10?s=96&d=mm&r=g\",\"url\":\"https:\\\/\\\/secure.gravatar.com\\\/avatar\\\/57bfdafcae55fb83dbb79a1585a9eab7f269b7720fb0b64cb9a4e0cd2962fa10?s=96&d=mm&r=g\",\"contentUrl\":\"https:\\\/\\\/secure.gravatar.com\\\/avatar\\\/57bfdafcae55fb83dbb79a1585a9eab7f269b7720fb0b64cb9a4e0cd2962fa10?s=96&d=mm&r=g\",\"caption\":\"Perkin Agramonte\"},\"url\":\"https:\\\/\\\/casadecampoliving.com\\\/es\\\/author\\\/cagramonte\\\/\"}]}<\/script>\n<!-- \/ Yoast SEO plugin. -->","yoast_head_json":{"title":"Chivas presenta al ganador de The Venture | Casa de Campo Living","description":"\u00bfRecuerda cuando habl\u00e1bamos de The Venture? Pues el pasado lunes 2 de febrero Chivas Regal anunci\u00f3 en el Hotel JW Marriott Blue Mall, Santo Domingo al","robots":{"index":"index","follow":"follow","max-snippet":"max-snippet:-1","max-image-preview":"max-image-preview:large","max-video-preview":"max-video-preview:-1"},"canonical":"https:\/\/casadecampoliving.com\/es\/chivas-presento-emprendedor-social-ganador-venture\/","og_locale":"es_ES","og_type":"article","og_title":"Chivas presenta al ganador de The Venture | Casa de Campo Living","og_description":"\u00bfRecuerda cuando habl\u00e1bamos de The Venture? Pues el pasado lunes 2 de febrero Chivas Regal anunci\u00f3 en el Hotel JW Marriott Blue Mall, Santo Domingo al","og_url":"https:\/\/casadecampoliving.com\/es\/chivas-presento-emprendedor-social-ganador-venture\/","og_site_name":"Casa de Campo Living","article_publisher":"https:\/\/www.facebook.com\/casadecampoliving","article_published_time":"2015-02-04T04:00:00+00:00","article_modified_time":"2022-11-10T14:30:36+00:00","og_image":[{"width":650,"height":414,"url":"https:\/\/i0.wp.com\/casadecampoliving.com\/wp-content\/uploads\/2022\/10\/Roselyn-ONeil-Alfonso-Aguayo-Julio-Pou-Francisco-Garcia-y-Juan-Carlos-Gonzalez1.jpg?fit=650%2C414&ssl=1","type":"image\/jpeg"}],"author":"Perkin Agramonte","twitter_card":"summary_large_image","twitter_creator":"@cdcliving","twitter_site":"@cdcliving","twitter_misc":{"Escrito por":"Perkin Agramonte","Tiempo de lectura":"3 minutos"},"schema":{"@context":"https:\/\/schema.org","@graph":[{"@type":"Article","@id":"https:\/\/casadecampoliving.com\/es\/chivas-presento-emprendedor-social-ganador-venture\/#article","isPartOf":{"@id":"https:\/\/casadecampoliving.com\/es\/chivas-presento-emprendedor-social-ganador-venture\/"},"author":{"name":"Perkin Agramonte","@id":"https:\/\/casadecampoliving.com\/es\/#\/schema\/person\/c8efa6049510554b7d5fea078d728f72"},"headline":"Chivas presenta al ganador de The Venture","datePublished":"2015-02-04T04:00:00+00:00","dateModified":"2022-11-10T14:30:36+00:00","mainEntityOfPage":{"@id":"https:\/\/casadecampoliving.com\/es\/chivas-presento-emprendedor-social-ganador-venture\/"},"wordCount":665,"publisher":{"@id":"https:\/\/casadecampoliving.com\/es\/#organization"},"image":{"@id":"https:\/\/casadecampoliving.com\/es\/chivas-presento-emprendedor-social-ganador-venture\/#primaryimage"},"thumbnailUrl":"https:\/\/i0.wp.com\/casadecampoliving.com\/wp-content\/uploads\/2022\/10\/Roselyn-ONeil-Alfonso-Aguayo-Julio-Pou-Francisco-Garcia-y-Juan-Carlos-Gonzalez1.jpg?fit=650%2C414&ssl=1","keywords":["Casa de Campo","casa de campo @es","Casa de Campo Community @es","Casa de Campo Living","casa de campo resort @es","chivas regal","Chivas Regal @es","The Venture @es"],"articleSection":["M\u00e1s all\u00e1 de Casa","Casa de Campo Living @es","CCL presenta","Rep\u00fablica Dominicana @es","Eventos","Destacados","Estilo de Vida","Noticias Locales","Resort Casa de Campo","Proximamente"],"inLanguage":"es"},{"@type":"WebPage","@id":"https:\/\/casadecampoliving.com\/es\/chivas-presento-emprendedor-social-ganador-venture\/","url":"https:\/\/casadecampoliving.com\/es\/chivas-presento-emprendedor-social-ganador-venture\/","name":"Chivas presenta al ganador de The Venture | Casa de Campo Living","isPartOf":{"@id":"https:\/\/casadecampoliving.com\/es\/#website"},"primaryImageOfPage":{"@id":"https:\/\/casadecampoliving.com\/es\/chivas-presento-emprendedor-social-ganador-venture\/#primaryimage"},"image":{"@id":"https:\/\/casadecampoliving.com\/es\/chivas-presento-emprendedor-social-ganador-venture\/#primaryimage"},"thumbnailUrl":"https:\/\/i0.wp.com\/casadecampoliving.com\/wp-content\/uploads\/2022\/10\/Roselyn-ONeil-Alfonso-Aguayo-Julio-Pou-Francisco-Garcia-y-Juan-Carlos-Gonzalez1.jpg?fit=650%2C414&ssl=1","datePublished":"2015-02-04T04:00:00+00:00","dateModified":"2022-11-10T14:30:36+00:00","description":"\u00bfRecuerda cuando habl\u00e1bamos de The Venture? Pues el pasado lunes 2 de febrero Chivas Regal anunci\u00f3 en el Hotel JW Marriott Blue Mall, Santo Domingo al","breadcrumb":{"@id":"https:\/\/casadecampoliving.com\/es\/chivas-presento-emprendedor-social-ganador-venture\/#breadcrumb"},"inLanguage":"es","potentialAction":[{"@type":"ReadAction","target":["https:\/\/casadecampoliving.com\/es\/chivas-presento-emprendedor-social-ganador-venture\/"]}]},{"@type":"ImageObject","inLanguage":"es","@id":"https:\/\/casadecampoliving.com\/es\/chivas-presento-emprendedor-social-ganador-venture\/#primaryimage","url":"https:\/\/i0.wp.com\/casadecampoliving.com\/wp-content\/uploads\/2022\/10\/Roselyn-ONeil-Alfonso-Aguayo-Julio-Pou-Francisco-Garcia-y-Juan-Carlos-Gonzalez1.jpg?fit=650%2C414&ssl=1","contentUrl":"https:\/\/i0.wp.com\/casadecampoliving.com\/wp-content\/uploads\/2022\/10\/Roselyn-ONeil-Alfonso-Aguayo-Julio-Pou-Francisco-Garcia-y-Juan-Carlos-Gonzalez1.jpg?fit=650%2C414&ssl=1","width":650,"height":414,"caption":"Roselyn O'Neil, Alfonso Aguayo, Julio Pou Francisco Garc\u00eda y Juan Carlos Gonz\u00e1lez"},{"@type":"BreadcrumbList","@id":"https:\/\/casadecampoliving.com\/es\/chivas-presento-emprendedor-social-ganador-venture\/#breadcrumb","itemListElement":[{"@type":"ListItem","position":1,"name":"Home","item":"https:\/\/casadecampoliving.com\/es\/"},{"@type":"ListItem","position":2,"name":"Chivas presenta al ganador de The Venture"}]},{"@type":"WebSite","@id":"https:\/\/casadecampoliving.com\/es\/#website","url":"https:\/\/casadecampoliving.com\/es\/","name":"Casa de Campo Living","description":"Resort community news and resources.","publisher":{"@id":"https:\/\/casadecampoliving.com\/es\/#organization"},"potentialAction":[{"@type":"SearchAction","target":{"@type":"EntryPoint","urlTemplate":"https:\/\/casadecampoliving.com\/es\/?s={search_term_string}"},"query-input":{"@type":"PropertyValueSpecification","valueRequired":true,"valueName":"search_term_string"}}],"inLanguage":"es"},{"@type":"Organization","@id":"https:\/\/casadecampoliving.com\/es\/#organization","name":"Casa de Campo Living","url":"https:\/\/casadecampoliving.com\/es\/","logo":{"@type":"ImageObject","inLanguage":"es","@id":"https:\/\/casadecampoliving.com\/es\/#\/schema\/logo\/image\/","url":"https:\/\/i0.wp.com\/casadecampoliving.com\/wp-content\/uploads\/2022\/07\/CDCLivingLogo_V1-white-sized.png?fit=800%2C214&ssl=1","contentUrl":"https:\/\/i0.wp.com\/casadecampoliving.com\/wp-content\/uploads\/2022\/07\/CDCLivingLogo_V1-white-sized.png?fit=800%2C214&ssl=1","width":800,"height":214,"caption":"Casa de Campo Living"},"image":{"@id":"https:\/\/casadecampoliving.com\/es\/#\/schema\/logo\/image\/"},"sameAs":["https:\/\/www.facebook.com\/casadecampoliving","https:\/\/x.com\/cdcliving"]},{"@type":"Person","@id":"https:\/\/casadecampoliving.com\/es\/#\/schema\/person\/c8efa6049510554b7d5fea078d728f72","name":"Perkin Agramonte","image":{"@type":"ImageObject","inLanguage":"es","@id":"https:\/\/secure.gravatar.com\/avatar\/57bfdafcae55fb83dbb79a1585a9eab7f269b7720fb0b64cb9a4e0cd2962fa10?s=96&d=mm&r=g","url":"https:\/\/secure.gravatar.com\/avatar\/57bfdafcae55fb83dbb79a1585a9eab7f269b7720fb0b64cb9a4e0cd2962fa10?s=96&d=mm&r=g","contentUrl":"https:\/\/secure.gravatar.com\/avatar\/57bfdafcae55fb83dbb79a1585a9eab7f269b7720fb0b64cb9a4e0cd2962fa10?s=96&d=mm&r=g","caption":"Perkin Agramonte"},"url":"https:\/\/casadecampoliving.com\/es\/author\/cagramonte\/"}]}},"parsely":{"version":"1.1.0","canonical_url":"https:\/\/casadecampoliving.com\/es\/chivas-presento-emprendedor-social-ganador-venture\/","smart_links":{"inbound":0,"outbound":0},"traffic_boost_suggestions_count":0,"meta":{"@context":"https:\/\/schema.org","@type":"NewsArticle","headline":"Chivas presenta al ganador de The Venture","url":"http:\/\/casadecampoliving.com\/es\/chivas-presento-emprendedor-social-ganador-venture\/","mainEntityOfPage":{"@type":"WebPage","@id":"http:\/\/casadecampoliving.com\/es\/chivas-presento-emprendedor-social-ganador-venture\/"},"thumbnailUrl":"https:\/\/i0.wp.com\/casadecampoliving.com\/wp-content\/uploads\/2022\/10\/Roselyn-ONeil-Alfonso-Aguayo-Julio-Pou-Francisco-Garcia-y-Juan-Carlos-Gonzalez1.jpg?resize=150%2C150&ssl=1","image":{"@type":"ImageObject","url":"https:\/\/i0.wp.com\/casadecampoliving.com\/wp-content\/uploads\/2022\/10\/Roselyn-ONeil-Alfonso-Aguayo-Julio-Pou-Francisco-Garcia-y-Juan-Carlos-Gonzalez1.jpg?fit=650%2C414&ssl=1"},"articleSection":"M\u00e1s all\u00e1 de Casa","author":[{"@type":"Person","name":"Perkin Agramonte"}],"creator":["Perkin Agramonte"],"publisher":{"@type":"Organization","name":"Casa de Campo Living","logo":"https:\/\/casadecampoliving.com\/wp-content\/uploads\/2022\/07\/CDCLivingLogo_V1-white-sized.png"},"keywords":["casa de campo","casa de campo @es","casa de campo community @es","casa de campo living","casa de campo resort @es","chivas regal","chivas regal @es","the venture @es"],"dateCreated":"2015-02-04T04:00:00Z","datePublished":"2015-02-04T04:00:00Z","dateModified":"2022-11-10T14:30:36Z"},"rendered":"<script type=\"application\/ld+json\" class=\"wp-parsely-metadata\">{\"@context\":\"https:\\\/\\\/schema.org\",\"@type\":\"NewsArticle\",\"headline\":\"Chivas presenta al ganador de The Venture\",\"url\":\"http:\\\/\\\/casadecampoliving.com\\\/es\\\/chivas-presento-emprendedor-social-ganador-venture\\\/\",\"mainEntityOfPage\":{\"@type\":\"WebPage\",\"@id\":\"http:\\\/\\\/casadecampoliving.com\\\/es\\\/chivas-presento-emprendedor-social-ganador-venture\\\/\"},\"thumbnailUrl\":\"https:\\\/\\\/i0.wp.com\\\/casadecampoliving.com\\\/wp-content\\\/uploads\\\/2022\\\/10\\\/Roselyn-ONeil-Alfonso-Aguayo-Julio-Pou-Francisco-Garcia-y-Juan-Carlos-Gonzalez1.jpg?resize=150%2C150&ssl=1\",\"image\":{\"@type\":\"ImageObject\",\"url\":\"https:\\\/\\\/i0.wp.com\\\/casadecampoliving.com\\\/wp-content\\\/uploads\\\/2022\\\/10\\\/Roselyn-ONeil-Alfonso-Aguayo-Julio-Pou-Francisco-Garcia-y-Juan-Carlos-Gonzalez1.jpg?fit=650%2C414&ssl=1\"},\"articleSection\":\"M\\u00e1s all\\u00e1 de Casa\",\"author\":[{\"@type\":\"Person\",\"name\":\"Perkin Agramonte\"}],\"creator\":[\"Perkin Agramonte\"],\"publisher\":{\"@type\":\"Organization\",\"name\":\"Casa de Campo Living\",\"logo\":\"https:\\\/\\\/casadecampoliving.com\\\/wp-content\\\/uploads\\\/2022\\\/07\\\/CDCLivingLogo_V1-white-sized.png\"},\"keywords\":[\"casa de campo\",\"casa de campo @es\",\"casa de campo community @es\",\"casa de campo living\",\"casa de campo resort @es\",\"chivas regal\",\"chivas regal @es\",\"the venture @es\"],\"dateCreated\":\"2015-02-04T04:00:00Z\",\"datePublished\":\"2015-02-04T04:00:00Z\",\"dateModified\":\"2022-11-10T14:30:36Z\"}<\/script>","tracker_url":"https:\/\/cdn.parsely.com\/keys\/casadecampoliving.com\/p.js"},"jetpack_publicize_connections":[],"jetpack_featured_media_url":"https:\/\/i0.wp.com\/casadecampoliving.com\/wp-content\/uploads\/2022\/10\/Roselyn-ONeil-Alfonso-Aguayo-Julio-Pou-Francisco-Garcia-y-Juan-Carlos-Gonzalez1.jpg?fit=650%2C414&ssl=1","jetpack-related-posts":[{"id":345872,"url":"https:\/\/casadecampoliving.com\/es\/chivas-lanza-venture\/","url_meta":{"origin":346659,"position":0},"title":"Chivas lanza \u00abThe Venture\u00bb","author":"Perkin Agramonte","date":"3 Nov, 2014","format":false,"excerpt":"El mi\u00e9rcoles 29 de octubre, Chivas Regal present\u00f3 su nueva campa\u00f1a internacional llamada \"The Venture (Win the Right Way), donde 20 emprendedores sociales de pa\u00edses distintos, incluyendo Rep\u00fablica Dominicana, recibir\u00e1n parte de 1 mill\u00f3n de d\u00f3lares que usar\u00e1n para poner en marcha su idea o proyecto. \u201cThe Venture\u201d es un\u2026","rel":"","context":"En \u00abM\u00e1s all\u00e1 de Casa\u00bb","block_context":{"text":"M\u00e1s all\u00e1 de Casa","link":"https:\/\/casadecampoliving.com\/es\/category\/mas-alla-de-casa-es\/"},"img":{"alt_text":"","src":"https:\/\/i0.wp.com\/casadecampoliving.com\/wp-content\/uploads\/2022\/10\/Fotografia-Principal-Fernando-Barrero-Steven-Fisher-Juan-Carlos-Gonzalez-y-Orlando-Perez-Richiez-1.jpg?fit=637%2C395&ssl=1&resize=350%2C200","width":350,"height":200,"srcset":"https:\/\/i0.wp.com\/casadecampoliving.com\/wp-content\/uploads\/2022\/10\/Fotografia-Principal-Fernando-Barrero-Steven-Fisher-Juan-Carlos-Gonzalez-y-Orlando-Perez-Richiez-1.jpg?fit=637%2C395&ssl=1&resize=350%2C200 1x, https:\/\/i0.wp.com\/casadecampoliving.com\/wp-content\/uploads\/2022\/10\/Fotografia-Principal-Fernando-Barrero-Steven-Fisher-Juan-Carlos-Gonzalez-y-Orlando-Perez-Richiez-1.jpg?fit=637%2C395&ssl=1&resize=525%2C300 1.5x"},"classes":[]},{"id":349055,"url":"https:\/\/casadecampoliving.com\/es\/chivas-the-venture-rd-y-america-central\/","url_meta":{"origin":346659,"position":1},"title":"Chivas, The Venture RD y Am\u00e9rica Central \u00abGanamos de la Forma Correcta\u00bb","author":"Marlenys Guzm\u00e1n Casta\u00f1os","date":"23 Ene, 2016","format":false,"excerpt":"El pasado martes 12 de enero, nuestros amigos de Chivas Regal anunciaron las entidades que representar\u00e1n a Am\u00e9rica Central y la Rep\u00fablica Dominicana en el Competencia Global de Chivas, The Venture, donde competir\u00e1n contra otros 25 mercados por parte del fondo de 1 mill\u00f3n de d\u00f3lares para acelerar o hacer\u2026","rel":"","context":"En \u00abCasa de Campo Living @es\u00bb","block_context":{"text":"Casa de Campo Living @es","link":"https:\/\/casadecampoliving.com\/category\/casa-de-campo-living-es\/"},"img":{"alt_text":"Foto Principal Chivas The Venture","src":"https:\/\/i0.wp.com\/casadecampoliving.com\/wp-content\/uploads\/2022\/10\/Foto-Principal-Chivas-The-Venture-1.jpg?fit=650%2C400&ssl=1&resize=350%2C200","width":350,"height":200,"srcset":"https:\/\/i0.wp.com\/casadecampoliving.com\/wp-content\/uploads\/2022\/10\/Foto-Principal-Chivas-The-Venture-1.jpg?fit=650%2C400&ssl=1&resize=350%2C200 1x, https:\/\/i0.wp.com\/casadecampoliving.com\/wp-content\/uploads\/2022\/10\/Foto-Principal-Chivas-The-Venture-1.jpg?fit=650%2C400&ssl=1&resize=525%2C300 1.5x"},"classes":[]},{"id":344018,"url":"https:\/\/casadecampoliving.com\/es\/una-cena-con-casalife-y-chivas-en-la-morela\/","url_meta":{"origin":346659,"position":2},"title":"Una cena con CasaLife y Chivas en La Morela","author":"Perkin Agramonte","date":"15 Mar, 2014","format":false,"excerpt":"El pasado jueves 6 de marzo, la revista CasaLife y Chivas Regal 18 organizaron conjuntamente una cena en el restaurante La Morela ubicado en la Marina Casa de Campo. Los anfitriones de la noche Roselyn O\u00b4Neil, Gerente de la Marca Chivas Regal en la Rep\u00fablica Dominicana, Philip Silvestri, Presidente y\u2026","rel":"","context":"En \u00abVida Nocturna\u00bb","block_context":{"text":"Vida Nocturna","link":"https:\/\/casadecampoliving.com\/es\/category\/vida-nocturna-es\/"},"img":{"alt_text":"Giovanni Martinez Roselyn Mcneill Philip Silvestri","src":"https:\/\/i0.wp.com\/casadecampoliving.com\/wp-content\/uploads\/2022\/10\/giovanni-martinez_roselyn-mcneill_Philip-silvestri-1.jpg?fit=650%2C400&ssl=1&resize=350%2C200","width":350,"height":200,"srcset":"https:\/\/i0.wp.com\/casadecampoliving.com\/wp-content\/uploads\/2022\/10\/giovanni-martinez_roselyn-mcneill_Philip-silvestri-1.jpg?fit=650%2C400&ssl=1&resize=350%2C200 1x, https:\/\/i0.wp.com\/casadecampoliving.com\/wp-content\/uploads\/2022\/10\/giovanni-martinez_roselyn-mcneill_Philip-silvestri-1.jpg?fit=650%2C400&ssl=1&resize=525%2C300 1.5x"},"classes":[]},{"id":344008,"url":"https:\/\/casadecampoliving.com\/es\/chivas-regal-reality-show-online-esta-en-marcha\/","url_meta":{"origin":346659,"position":3},"title":"Chivas Regal Reality Show Online est\u00e1 en marcha","author":"Perkin Agramonte","date":"13 Mar, 2014","format":false,"excerpt":"\u00bfSab\u00edas que Chivas Regal, una de nuestras bebidas preferidas en Casa de Campo, est\u00e1 llevando a cabo un reality show? Meses atr\u00e1s Chivas realiz\u00f3 castings, pruebas y eventos tanto en Santo Domingo como en Santiago en busca de un grupo compuesto por 4 personas que pasar\u00edan a ser parte del\u2026","rel":"","context":"En \u00abVida Nocturna\u00bb","block_context":{"text":"Vida Nocturna","link":"https:\/\/casadecampoliving.com\/es\/category\/vida-nocturna-es\/"},"img":{"alt_text":"","src":"https:\/\/i0.wp.com\/casadecampoliving.com\/wp-content\/uploads\/2022\/10\/Chivas_Regal_header-1.jpg?fit=650%2C430&ssl=1&resize=350%2C200","width":350,"height":200,"srcset":"https:\/\/i0.wp.com\/casadecampoliving.com\/wp-content\/uploads\/2022\/10\/Chivas_Regal_header-1.jpg?fit=650%2C430&ssl=1&resize=350%2C200 1x, https:\/\/i0.wp.com\/casadecampoliving.com\/wp-content\/uploads\/2022\/10\/Chivas_Regal_header-1.jpg?fit=650%2C430&ssl=1&resize=525%2C300 1.5x"},"classes":[]},{"id":344590,"url":"https:\/\/casadecampoliving.com\/es\/colin-scott-creador-de-chivas-18-en-casa-de-campo\/","url_meta":{"origin":346659,"position":4},"title":"Colin Scott, creador de Chivas 18 en Casa de Campo","author":"Perkin Agramonte","date":"13 Jun, 2014","format":false,"excerpt":"El pasado viernes, 06 de junio tuvimos el honor de darle la bienvenida a Casa de Campo al Master Blender\u00a0de Chivas y el creador de Chivas Regal 18, Colin Scott. Para aquellos de nosotros que conocemos y amamos el whisky, Colin Scott, cuya firma es la \"Gold Signature\" que se\u2026","rel":"","context":"En \u00abCasa de Campo Living @es\u00bb","block_context":{"text":"Casa de Campo Living @es","link":"https:\/\/casadecampoliving.com\/category\/casa-de-campo-living-es\/"},"img":{"alt_text":"Colin Scott Chivas 18","src":"https:\/\/i0.wp.com\/casadecampoliving.com\/wp-content\/uploads\/2022\/10\/colin_scott_chivas_18-1.jpg?fit=650%2C398&ssl=1&resize=350%2C200","width":350,"height":200,"srcset":"https:\/\/i0.wp.com\/casadecampoliving.com\/wp-content\/uploads\/2022\/10\/colin_scott_chivas_18-1.jpg?fit=650%2C398&ssl=1&resize=350%2C200 1x, https:\/\/i0.wp.com\/casadecampoliving.com\/wp-content\/uploads\/2022\/10\/colin_scott_chivas_18-1.jpg?fit=650%2C398&ssl=1&resize=525%2C300 1.5x"},"classes":[]},{"id":324615,"url":"https:\/\/casadecampoliving.com\/chivas-launches-venture\/","url_meta":{"origin":346659,"position":5},"title":"Chivas launches \u00abThe Venture\u00bb, US$1million start-up fund","author":"Perkin Agramonte","date":"3 Nov, 2014","format":false,"excerpt":"Last\u00a0Wednesday October 29th, Chivas Regal introduced its new international campaign called \"The Venture\" (Win the Right Way), where social entrepreneurs from 20 different countries, including the Dominican Republic, will receive part of US$1 million to be used to fund the start of their idea or project. \"The Venture\" is an\u2026","rel":"","context":"En \u00abBeyond Casa\u00bb","block_context":{"text":"Beyond Casa","link":"https:\/\/casadecampoliving.com\/category\/beyond-casa\/"},"img":{"alt_text":"","src":"https:\/\/i0.wp.com\/casadecampoliving.com\/wp-content\/uploads\/2022\/10\/Fotografia-Principal-Fernando-Barrero-Steven-Fisher-Juan-Carlos-Gonzalez-y-Orlando-Perez-Richiez-1.jpg?fit=637%2C395&ssl=1&resize=350%2C200","width":350,"height":200,"srcset":"https:\/\/i0.wp.com\/casadecampoliving.com\/wp-content\/uploads\/2022\/10\/Fotografia-Principal-Fernando-Barrero-Steven-Fisher-Juan-Carlos-Gonzalez-y-Orlando-Perez-Richiez-1.jpg?fit=637%2C395&ssl=1&resize=350%2C200 1x, https:\/\/i0.wp.com\/casadecampoliving.com\/wp-content\/uploads\/2022\/10\/Fotografia-Principal-Fernando-Barrero-Steven-Fisher-Juan-Carlos-Gonzalez-y-Orlando-Perez-Richiez-1.jpg?fit=637%2C395&ssl=1&resize=525%2C300 1.5x"},"classes":[]}],"jetpack_sharing_enabled":true,"_links":{"self":[{"href":"https:\/\/casadecampoliving.com\/es\/wp-json\/wp\/v2\/posts\/346659","targetHints":{"allow":["GET"]}}],"collection":[{"href":"https:\/\/casadecampoliving.com\/es\/wp-json\/wp\/v2\/posts"}],"about":[{"href":"https:\/\/casadecampoliving.com\/es\/wp-json\/wp\/v2\/types\/post"}],"author":[{"embeddable":true,"href":"https:\/\/casadecampoliving.com\/es\/wp-json\/wp\/v2\/users\/1097"}],"replies":[{"embeddable":true,"href":"https:\/\/casadecampoliving.com\/es\/wp-json\/wp\/v2\/comments?post=346659"}],"version-history":[{"count":2,"href":"https:\/\/casadecampoliving.com\/es\/wp-json\/wp\/v2\/posts\/346659\/revisions"}],"predecessor-version":[{"id":506639,"href":"https:\/\/casadecampoliving.com\/es\/wp-json\/wp\/v2\/posts\/346659\/revisions\/506639"}],"wp:featuredmedia":[{"embeddable":true,"href":"https:\/\/casadecampoliving.com\/es\/wp-json\/wp\/v2\/media\/276383"}],"wp:attachment":[{"href":"https:\/\/casadecampoliving.com\/es\/wp-json\/wp\/v2\/media?parent=346659"}],"wp:term":[{"taxonomy":"category","embeddable":true,"href":"https:\/\/casadecampoliving.com\/es\/wp-json\/wp\/v2\/categories?post=346659"},{"taxonomy":"post_tag","embeddable":true,"href":"https:\/\/casadecampoliving.com\/es\/wp-json\/wp\/v2\/tags?post=346659"},{"taxonomy":"newspack_spnsrs_tax","embeddable":true,"href":"https:\/\/casadecampoliving.com\/es\/wp-json\/wp\/v2\/newspack_spnsrs_tax?post=346659"}],"curies":[{"name":"wp","href":"https:\/\/api.w.org\/{rel}","templated":true}]}}