{"id":346631,"date":"2015-01-29T00:00:00","date_gmt":"2015-01-29T04:00:00","guid":{"rendered":"https:\/\/casadecampoliving.com\/que-esperar-del-2015\/"},"modified":"2022-10-21T19:01:47","modified_gmt":"2022-10-21T23:01:47","slug":"que-esperar-del-2015","status":"publish","type":"post","link":"https:\/\/casadecampoliving.com\/es\/que-esperar-del-2015\/","title":{"rendered":"\u00bfQu\u00e9 esperar del 2015?"},"content":{"rendered":"<div class=\"wp-block-image\">\n<figure class=\"aligncenter is-resized\"><img loading=\"lazy\" decoding=\"async\" src=\"https:\/\/i0.wp.com\/casadecampoliving.com\/wp-content\/uploads\/2022\/10\/Casa_de_Campo_golf-2.jpg?resize=650%2C520&amp;ssl=1\" alt=\"Casa de Campo golf\" class=\"wp-image-101141\" height=\"520\" width=\"650\"\/><\/figure>\n<\/div>\n\n\n<p>Entonces estamos entrando en el 2015\u2026 Pero, \u00bfQu\u00e9 tenemos que esperar este a\u00f1o en Casa de Campo?<\/p>\n\n\n\n<!--more-->\n\n\n\n<h3 class=\"wp-block-heading\">El Parque de&nbsp;Casa de Campo<\/h3>\n\n\n\n<p><span class=\"s1\"><a href=\"https:\/\/casadecampoliving.com\/es\/casa-de-campo-parque-recreativo\/\">Costasur Dominicana y Casa de Campo en la actualidad est\u00e1n trabajando en planes para un parque recreativo<\/a><\/span>. Se espera que el proyecto est\u00e9 parcialmente abierto en abril de 2015.&nbsp;Este espacio dedicado al deporte y la recreaci\u00f3n se encuentra dentro de la larga franja de tierra entre el complejo de apartamentos de Los Altos y el campo de golf Dye Fore Lakes. Tambi\u00e9n bordear\u00e1 la \u201cVista Lagos\u201d, as\u00ed como los vecindarios \u201cLos Flamboyanes\u201d. El concepto b\u00e1sico es el de integrar la belleza natural de la zona, teniendo especial cuidado en preservar las especies end\u00e9micas de plantas y vida silvestre, al mismo tiempo creando un espacio para el disfrute de los propietarios de villa, residentes y visitantes de Casa de Campo.<\/p>\n\n\n\n<p class=\"has-text-align-center\"><strong>\u201cParkland Project\u201d de&nbsp;<strong>Casa de Campo <\/strong><\/strong><\/p>\n\n\n<div class=\"wp-block-image\">\n<figure class=\"aligncenter is-resized\"><img loading=\"lazy\" decoding=\"async\" src=\"https:\/\/i0.wp.com\/casadecampoliving.com\/wp-content\/uploads\/2022\/10\/park_Casa_de_Campo3.jpg?resize=650%2C283&amp;ssl=1\" alt=\"park Casa de Campo\" class=\"wp-image-105242\" height=\"283\" width=\"650\"\/><\/figure>\n<\/div>\n\n\n<p><a href=\"https:\/\/casadecampoliving.com\/casa-de-campo-recreational-park\/\">Haz click para leer m\u00e1s acerca del proyecto del Parque de&nbsp;Casa de Campo Park project.<\/a><\/p>\n\n\n\n<h3 class=\"wp-block-heading\"><a href=\"https:\/\/casadecampoliving.com\/presenting-new-casa-de-campo-entrance\/\">La Segunda Entrada Principal de Casa de Campo<\/a><\/h3>\n\n\n\n<p>Tambi\u00e9n planeada para este a\u00f1o esta la nueva entrada de Casa de Campo, tambi\u00e9n denominada como la \u201csegunda entrada principal\u201d se encuentra en el cruce del Aeropuerto Internacional La Romana \u2013 Casa de Campo en la autopista El Coral y se conectar\u00e1 al resort en la puerta de seguridad de Altos de Chav\u00f3n, cerca de las \u00e1reas Barranca Este y Las Ca\u00f1as.<\/p>\n\n\n<div class=\"wp-block-image\">\n<figure class=\"aligncenter is-resized\"><img loading=\"lazy\" decoding=\"async\" src=\"https:\/\/i0.wp.com\/casadecampoliving.com\/wp-content\/uploads\/2022\/10\/casa_de_campo_gate.jpg?resize=650%2C399&amp;ssl=1\" alt=\"casa de campo gate\" class=\"wp-image-73808\" title=\"casa_de_campo_gate\" height=\"399\" width=\"650\"\/><\/figure>\n<\/div>\n\n\n<p class=\"has-text-align-center\"><strong>Mapa de Casa de Campo y la \u201csegunda entrada principal\u201d<br>\n<\/strong><\/p>\n\n\n\n<p class=\"has-text-align-left\"><a href=\"https:\/\/casadecampoliving.com\/es\/presentando-la-nueva-entrada-de-casa-de-campo\/\">Haz click aqu\u00ed para leer m\u00e1s acerca los planes de la segunda entrada principal de Casa de Campo.<\/a><\/p>\n\n\n\n<h3 class=\"wp-block-heading\">EVENTOS<\/h3>\n\n\n\n<p>Mientras ya hemos disfrutado de uno de los eventos principales de este a\u00f1o <a href=\"https:\/\/casadecampoliving.com\/es\/gala-de-esplendor-magico-la-fundacion-mir\/\">&nbsp;-La celebraci\u00f3n del vig\u00e9simo quinto aniversario de La Fundaci\u00f3n MIR \u2013 Gala de Esplendor M\u00e1gico y Desfile de Modas (Haz click aqu\u00ed&nbsp;para una descripci\u00f3n del evento)<\/a>, !hay tanto m\u00e1s para esperar con ansias! Puedes ver el calendario completo en<a href=\"http:\/\/www.todo.fm\/es\">&nbsp;www.TODO.fm<\/a>, pero algunos destacados son:<\/p>\n\n\n\n<blockquote><h3><img decoding=\"async\" loading=\"lazy\" class=\"alignright wp-image-107233 size-medium\" src=\"https:\/\/i0.wp.com\/casadecampoliving.com\/wp-content\/uploads\/2022\/10\/baseball_hall_fame-300x195-2.jpg?resize=300%2C195&amp;ssl=1\" alt=\"baseball hall fame\" width=\"300\" height=\"195\">Sal\u00f3n de la Fama del Baseball Latino: \u00a1Inducci\u00f3n de la Clase del 2015!<\/h3><p><strong>Cuando:<\/strong>&nbsp;s\u00e1bado, febrero 07, 8pm<\/p><p><strong>Donde:<\/strong>&nbsp;Anfiteatro de Chav\u00f3n, Altos de Chav\u00f3n<\/p><p><strong>Tickets:&nbsp;<\/strong>Club de Due\u00f1os de Casa de Campo, Sal\u00f3n de la Fama del Baseball Latino La Marina Casa de Campo, Orense Plaza, Banco BHD Le\u00f3n,&nbsp;El Art\u00edstico<\/p><\/blockquote>\n\n\n\n<blockquote><h3><img decoding=\"async\" loading=\"lazy\" class=\"alignright wp-image-86072 \" src=\"https:\/\/i0.wp.com\/casadecampoliving.com\/wp-content\/uploads\/2022\/10\/hogar-del-nino-ramon-menendez-300x191-2.jpg?resize=284%2C181&amp;ssl=1\" alt=\"Hogar del Nino Ramon Menendez\" width=\"284\" height=\"181\"><a href=\"https:\/\/casadecampoliving.com\/es\/reserve-la-fecha-para-el-divertido-fin-de-semana-del-hogar-del-nino\/\">Fin de semana de recaudaci\u00f3n de fondos del&nbsp;Hogar del Ni\u00f1o<\/a><\/h3><p><strong>Cuando: v<\/strong>iernes, febrero 13 \u2013 s\u00e1bado, febrero 14<\/p><p><strong>Donde:<\/strong>&nbsp;Casa de Campo<\/p><p><strong>Contactos:<\/strong>&nbsp;Hogar del Ni\u00f1o: (809) 523-8901, info@pbo.org.do<\/p><p class=\"p1\"><a href=\"https:\/\/casadecampoliving.com\/hogar\/\">Haz click aqu\u00ed para m\u00e1s informaci\u00f3n y fotos del fin de semana de recaudaci\u00f3n de fondos del Hogar del Ni\u00f1o del a\u00f1o pasado.<\/a><\/p><\/blockquote>\n\n\n\n<blockquote><h3><img decoding=\"async\" loading=\"lazy\" class=\"alignright wp-image-105148 \" src=\"https:\/\/i0.wp.com\/casadecampoliving.com\/wp-content\/uploads\/2022\/10\/Altos_de_Chavon-300x231-2.jpg?resize=243%2C188&amp;ssl=1\" alt=\"Altos de Chavon\" width=\"243\" height=\"188\"><a href=\"https:\/\/casadecampoliving.com\/es\/altos-de-chavon-sera-sede-del-2do-davidoff-fin-de-semana-de-arte\/\">Fin de Semana de Arte Davidoff<\/a><\/h3><p><strong><strong>Cuando:<\/strong><\/strong>&nbsp;viernes, febrero 13 \u2013 lunes, febrero 16<\/p><p><strong><strong>Donde:<\/strong><\/strong>&nbsp;Altos de Chav\u00f3n<\/p><p><strong>Contacto:&nbsp;<\/strong>(809) 523-2424<\/p><p><a href=\"https:\/\/casadecampoliving.com\/es\/davidoff-art-initiative-sera-la-primera-nueva-construccion-en-altos-de-chavon-en-38-anos-de-historia\/\">Haz click aqu\u00ed para m\u00e1s informaci\u00f3n acerca de&nbsp;Davidoff Art Initiative<\/a><\/p><\/blockquote>\n\n\n\n<blockquote><h3 style=\"text-align: center;\"><a href=\"https:\/\/casadecampoliving.com\/mcdaniel-tennis-tournament-2\/\" target=\"_blank\" rel=\"noopener\"><img decoding=\"async\" loading=\"lazy\" class=\"alignright wp-image-87219 \" src=\"https:\/\/i0.wp.com\/casadecampoliving.com\/wp-content\/uploads\/2022\/10\/Header_McDaniel-Tennis-300x220-2.jpg?resize=275%2C202&amp;ssl=1\" alt=\"Header_McDaniel Tennis\" width=\"275\" height=\"202\"><\/a><a href=\"https:\/\/casadecampoliving.com\/es\/mcdaniel-tennis-tournament\/\">Torneo de Tenis&nbsp;McDaniel&nbsp;<\/a><\/h3><p><strong><strong>Cuando:<\/strong><\/strong>&nbsp;mi\u00e9rcoles, marzo 11 \u2013 domingo, marzo 15<\/p><p><strong><strong>Donde:<\/strong><\/strong>&nbsp;Club de Tennis La Terraza, Casa de Campo<\/p><p><strong>Contacto:<\/strong>&nbsp;rhughes@casadecampoliving.com<\/p><p><a href=\"https:\/\/casadecampoliving.com\/es\/pedro-nolasco-se-corona-una-vez-mas-como-campeon-del-torneo-de-tenis-mcdaniel-teaching-pros\/\">Haz click aqu\u00ed para m\u00e1s informaci\u00f3n y fotos&nbsp;del Torneo de Tenis McDaniel del a\u00f1o pasado<\/a><\/p><\/blockquote>\n\n\n\n<blockquote><h3>Torneo de Polo: Copa Semana Santa<img decoding=\"async\" loading=\"lazy\" class=\"alignright wp-image-88443 \" src=\"https:\/\/i0.wp.com\/casadecampoliving.com\/wp-content\/uploads\/2022\/10\/casa_de_campo_copa_semana_santa2-300x202-2.jpg?resize=278%2C187&amp;ssl=1\" alt=\"Casa de Campo Copa Semana Santa\" width=\"278\" height=\"187\"><\/h3><p><strong><strong>Cuando:<\/strong><\/strong>&nbsp;s\u00e1bado, marzo 21 \u2013 domingo, abril 05<\/p><p><strong><strong>Donde:<\/strong><\/strong>&nbsp;Campo de Polo de Casa de Campo.<\/p><p><strong>Contacto:<\/strong>&nbsp;(809) 523-8951<\/p><p><a href=\"https:\/\/casadecampoliving.com\/es\/azimut-chamuscada-victoriosos-en-la-decima-casa-de-campo-copa-semana-santa\/\">Haz click aqu\u00ed para m\u00e1s informaci\u00f3n y fotos&nbsp;del Torneo de Polo: Copa Semana&nbsp;del a\u00f1o pasado.<\/a><\/p><\/blockquote>\n\n\n\n<h3 class=\"wp-block-heading\">!Tenemos mucho que esperar del 2015!<\/h3>\n\n\n\n<p>Para m\u00e1s eventos e informaci\u00f3n visite:&nbsp;<a href=\"http:\/\/www.todo.fm\/es\">www.TODO.fm<\/a><\/p>\n","protected":false},"excerpt":{"rendered":"<p>Entonces estamos entrando en el 2015\u2026 Pero, \u00bfQu\u00e9 tenemos que esperar este a\u00f1o en Casa de Campo?<\/p>\n","protected":false},"author":33461,"featured_media":275039,"comment_status":"closed","ping_status":"closed","sticky":false,"template":"","format":"standard","meta":{"newspack_ads_suppress_ads":false,"newspack_popups_has_disabled_popups":false,"newspack_sponsor_sponsorship_scope":"","newspack_sponsor_native_byline_display":"inherit","newspack_sponsor_native_category_display":"inherit","newspack_sponsor_underwriter_style":"inherit","newspack_sponsor_underwriter_placement":"inherit","_newspack_byline_active":false,"_newspack_byline":"","newspack_hide_updated_date":false,"newspack_show_updated_date":false,"newspack_content_restriction_is_exempt":false,"newspack_featured_image_position":"","newspack_post_subtitle":"","newspack_article_summary_title":"Overview:","newspack_article_summary":"","_jetpack_memberships_contains_paid_content":false,"footnotes":"","jetpack_publicize_message":"","jetpack_publicize_feature_enabled":true,"jetpack_social_post_already_shared":false,"jetpack_social_options":{"image_generator_settings":{"template":"highway","default_image_id":0,"font":"","enabled":false},"version":2},"_wpas_customize_per_network":false},"categories":[26819,26823,2525,14631,2522,2515,2514,2516,26581,26953,14625,14627,2521,26822,2526],"tags":[15387,2536,3156,23815,13814,7913,195,3825,1074],"newspack_spnsrs_tax":[],"class_list":["post-346631","post","type-post","status-publish","format-standard","has-post-thumbnail","hentry","category-altos-de-chavon-es","category-arte-y-cultura","category-golf-deportes-es","category-estilo-de-vida","category-eventos-es","category-fundacion-mir-es","category-fundaciones-es","category-hogar-del-nino-es","category-la-marina-casa-de-campo","category-mcdainel-tennis-tournament-fundaciones-es","category-noticias-locales","category-proximamente","category-republica-dominicana-2","category-resort-casa-de-campo","category-titulares-es","tag-altos-de-chavon-es","tag-arte","tag-campeonato-de-polo","tag-casa-de-campo-es-17","tag-casa-de-campo-resort","tag-davidoff","tag-polo","tag-salon-de-la-fama-del-beisball-latino","tag-semana-santa","entry"],"yoast_head":"<!-- This site is optimized with the Yoast SEO plugin v27.4 - https:\/\/yoast.com\/product\/yoast-seo-wordpress\/ -->\n<title>\u00bfQu\u00e9 esperar del 2015? | Casa de Campo Living<\/title>\n<meta name=\"description\" content=\"Entonces estamos entrando en el 2015\u2026 Pero, \u00bfQu\u00e9 tenemos que esperar este a\u00f1o en Casa de Campo? El Parque de&nbsp;Casa de Campo Costasur Dominicana y Casa\" \/>\n<meta name=\"robots\" content=\"index, follow, max-snippet:-1, max-image-preview:large, max-video-preview:-1\" \/>\n<link rel=\"canonical\" href=\"https:\/\/casadecampoliving.com\/es\/que-esperar-del-2015\/\" \/>\n<meta property=\"og:locale\" content=\"es_ES\" \/>\n<meta property=\"og:type\" content=\"article\" \/>\n<meta property=\"og:title\" content=\"\u00bfQu\u00e9 esperar del 2015? | Casa de Campo Living\" \/>\n<meta property=\"og:description\" content=\"Entonces estamos entrando en el 2015\u2026 Pero, \u00bfQu\u00e9 tenemos que esperar este a\u00f1o en Casa de Campo? El Parque de&nbsp;Casa de Campo Costasur Dominicana y Casa\" \/>\n<meta property=\"og:url\" content=\"https:\/\/casadecampoliving.com\/es\/que-esperar-del-2015\/\" \/>\n<meta property=\"og:site_name\" content=\"Casa de Campo Living\" \/>\n<meta property=\"article:publisher\" content=\"https:\/\/www.facebook.com\/casadecampoliving\" \/>\n<meta property=\"article:published_time\" content=\"2015-01-29T04:00:00+00:00\" \/>\n<meta property=\"article:modified_time\" content=\"2022-10-21T23:01:47+00:00\" \/>\n<meta property=\"og:image\" content=\"https:\/\/i0.wp.com\/casadecampoliving.com\/wp-content\/uploads\/2022\/10\/Casa_de_Campo_golf1.jpg?fit=750%2C600&ssl=1\" \/>\n\t<meta property=\"og:image:width\" content=\"750\" \/>\n\t<meta property=\"og:image:height\" content=\"600\" \/>\n\t<meta property=\"og:image:type\" content=\"image\/jpeg\" \/>\n<meta name=\"author\" content=\"Esther Dariet Cazanova\" \/>\n<meta name=\"twitter:card\" content=\"summary_large_image\" \/>\n<meta name=\"twitter:creator\" content=\"@cdcliving\" \/>\n<meta name=\"twitter:site\" content=\"@cdcliving\" \/>\n<meta name=\"twitter:label1\" content=\"Escrito por\" \/>\n\t<meta name=\"twitter:data1\" content=\"Esther Dariet Cazanova\" \/>\n\t<meta name=\"twitter:label2\" content=\"Tiempo de lectura\" \/>\n\t<meta name=\"twitter:data2\" content=\"3 minutos\" \/>\n<script type=\"application\/ld+json\" class=\"yoast-schema-graph\">{\"@context\":\"https:\\\/\\\/schema.org\",\"@graph\":[{\"@type\":\"Article\",\"@id\":\"https:\\\/\\\/casadecampoliving.com\\\/es\\\/que-esperar-del-2015\\\/#article\",\"isPartOf\":{\"@id\":\"https:\\\/\\\/casadecampoliving.com\\\/es\\\/que-esperar-del-2015\\\/\"},\"author\":{\"name\":\"Esther Dariet Cazanova\",\"@id\":\"https:\\\/\\\/casadecampoliving.com\\\/es\\\/#\\\/schema\\\/person\\\/2ca7e4a1f56a8ac8eef9eca15a995d24\"},\"headline\":\"\u00bfQu\u00e9 esperar del 2015?\",\"datePublished\":\"2015-01-29T04:00:00+00:00\",\"dateModified\":\"2022-10-21T23:01:47+00:00\",\"mainEntityOfPage\":{\"@id\":\"https:\\\/\\\/casadecampoliving.com\\\/es\\\/que-esperar-del-2015\\\/\"},\"wordCount\":624,\"publisher\":{\"@id\":\"https:\\\/\\\/casadecampoliving.com\\\/es\\\/#organization\"},\"image\":{\"@id\":\"https:\\\/\\\/casadecampoliving.com\\\/es\\\/que-esperar-del-2015\\\/#primaryimage\"},\"thumbnailUrl\":\"https:\\\/\\\/i0.wp.com\\\/casadecampoliving.com\\\/wp-content\\\/uploads\\\/2022\\\/10\\\/Casa_de_Campo_golf1.jpg?fit=750%2C600&ssl=1\",\"keywords\":[\"Altos de Chavon\",\"arte\",\"campeonato de polo\",\"Casa de Campo\",\"Casa de Campo Resort\",\"davidoff\",\"Polo\",\"salon de la fama del beisball latino\",\"semana santa\"],\"articleSection\":[\"Altos de Chavon @es\",\"Arte y cultura\",\"Deportes\",\"Estilo de Vida\",\"Eventos\",\"Fundaci\u00f3n MIR @es\",\"Fundaciones\",\"Hogar del Ni\u00f1o @es\",\"La Marina Casa de Campo\",\"McDainel Tennis Tournament\",\"Noticias Locales\",\"Proximamente\",\"Rep\u00fablica Dominicana @es\",\"Resort Casa de Campo\",\"Titulares\"],\"inLanguage\":\"es\"},{\"@type\":\"WebPage\",\"@id\":\"https:\\\/\\\/casadecampoliving.com\\\/es\\\/que-esperar-del-2015\\\/\",\"url\":\"https:\\\/\\\/casadecampoliving.com\\\/es\\\/que-esperar-del-2015\\\/\",\"name\":\"\u00bfQu\u00e9 esperar del 2015? | Casa de Campo Living\",\"isPartOf\":{\"@id\":\"https:\\\/\\\/casadecampoliving.com\\\/es\\\/#website\"},\"primaryImageOfPage\":{\"@id\":\"https:\\\/\\\/casadecampoliving.com\\\/es\\\/que-esperar-del-2015\\\/#primaryimage\"},\"image\":{\"@id\":\"https:\\\/\\\/casadecampoliving.com\\\/es\\\/que-esperar-del-2015\\\/#primaryimage\"},\"thumbnailUrl\":\"https:\\\/\\\/i0.wp.com\\\/casadecampoliving.com\\\/wp-content\\\/uploads\\\/2022\\\/10\\\/Casa_de_Campo_golf1.jpg?fit=750%2C600&ssl=1\",\"datePublished\":\"2015-01-29T04:00:00+00:00\",\"dateModified\":\"2022-10-21T23:01:47+00:00\",\"description\":\"Entonces estamos entrando en el 2015\u2026 Pero, \u00bfQu\u00e9 tenemos que esperar este a\u00f1o en Casa de Campo? El Parque de&nbsp;Casa de Campo Costasur Dominicana y Casa\",\"breadcrumb\":{\"@id\":\"https:\\\/\\\/casadecampoliving.com\\\/es\\\/que-esperar-del-2015\\\/#breadcrumb\"},\"inLanguage\":\"es\",\"potentialAction\":[{\"@type\":\"ReadAction\",\"target\":[\"https:\\\/\\\/casadecampoliving.com\\\/es\\\/que-esperar-del-2015\\\/\"]}]},{\"@type\":\"ImageObject\",\"inLanguage\":\"es\",\"@id\":\"https:\\\/\\\/casadecampoliving.com\\\/es\\\/que-esperar-del-2015\\\/#primaryimage\",\"url\":\"https:\\\/\\\/i0.wp.com\\\/casadecampoliving.com\\\/wp-content\\\/uploads\\\/2022\\\/10\\\/Casa_de_Campo_golf1.jpg?fit=750%2C600&ssl=1\",\"contentUrl\":\"https:\\\/\\\/i0.wp.com\\\/casadecampoliving.com\\\/wp-content\\\/uploads\\\/2022\\\/10\\\/Casa_de_Campo_golf1.jpg?fit=750%2C600&ssl=1\",\"width\":750,\"height\":600,\"caption\":\"Casa de Campo golf\"},{\"@type\":\"BreadcrumbList\",\"@id\":\"https:\\\/\\\/casadecampoliving.com\\\/es\\\/que-esperar-del-2015\\\/#breadcrumb\",\"itemListElement\":[{\"@type\":\"ListItem\",\"position\":1,\"name\":\"Home\",\"item\":\"https:\\\/\\\/casadecampoliving.com\\\/es\\\/\"},{\"@type\":\"ListItem\",\"position\":2,\"name\":\"\u00bfQu\u00e9 esperar del 2015?\"}]},{\"@type\":\"WebSite\",\"@id\":\"https:\\\/\\\/casadecampoliving.com\\\/es\\\/#website\",\"url\":\"https:\\\/\\\/casadecampoliving.com\\\/es\\\/\",\"name\":\"Casa de Campo Living\",\"description\":\"Resort community news and resources.\",\"publisher\":{\"@id\":\"https:\\\/\\\/casadecampoliving.com\\\/es\\\/#organization\"},\"potentialAction\":[{\"@type\":\"SearchAction\",\"target\":{\"@type\":\"EntryPoint\",\"urlTemplate\":\"https:\\\/\\\/casadecampoliving.com\\\/es\\\/?s={search_term_string}\"},\"query-input\":{\"@type\":\"PropertyValueSpecification\",\"valueRequired\":true,\"valueName\":\"search_term_string\"}}],\"inLanguage\":\"es\"},{\"@type\":\"Organization\",\"@id\":\"https:\\\/\\\/casadecampoliving.com\\\/es\\\/#organization\",\"name\":\"Casa de Campo Living\",\"url\":\"https:\\\/\\\/casadecampoliving.com\\\/es\\\/\",\"logo\":{\"@type\":\"ImageObject\",\"inLanguage\":\"es\",\"@id\":\"https:\\\/\\\/casadecampoliving.com\\\/es\\\/#\\\/schema\\\/logo\\\/image\\\/\",\"url\":\"https:\\\/\\\/i0.wp.com\\\/casadecampoliving.com\\\/wp-content\\\/uploads\\\/2022\\\/07\\\/CDCLivingLogo_V1-white-sized.png?fit=800%2C214&ssl=1\",\"contentUrl\":\"https:\\\/\\\/i0.wp.com\\\/casadecampoliving.com\\\/wp-content\\\/uploads\\\/2022\\\/07\\\/CDCLivingLogo_V1-white-sized.png?fit=800%2C214&ssl=1\",\"width\":800,\"height\":214,\"caption\":\"Casa de Campo Living\"},\"image\":{\"@id\":\"https:\\\/\\\/casadecampoliving.com\\\/es\\\/#\\\/schema\\\/logo\\\/image\\\/\"},\"sameAs\":[\"https:\\\/\\\/www.facebook.com\\\/casadecampoliving\",\"https:\\\/\\\/x.com\\\/cdcliving\"]},{\"@type\":\"Person\",\"@id\":\"https:\\\/\\\/casadecampoliving.com\\\/es\\\/#\\\/schema\\\/person\\\/2ca7e4a1f56a8ac8eef9eca15a995d24\",\"name\":\"Esther Dariet Cazanova\",\"image\":{\"@type\":\"ImageObject\",\"inLanguage\":\"es\",\"@id\":\"https:\\\/\\\/secure.gravatar.com\\\/avatar\\\/72b7b72b3d3cb7950e2004fb83ef2e9e40177b9f1cb00226aee65904879073b6?s=96&d=mm&r=g\",\"url\":\"https:\\\/\\\/secure.gravatar.com\\\/avatar\\\/72b7b72b3d3cb7950e2004fb83ef2e9e40177b9f1cb00226aee65904879073b6?s=96&d=mm&r=g\",\"contentUrl\":\"https:\\\/\\\/secure.gravatar.com\\\/avatar\\\/72b7b72b3d3cb7950e2004fb83ef2e9e40177b9f1cb00226aee65904879073b6?s=96&d=mm&r=g\",\"caption\":\"Esther Dariet Cazanova\"},\"url\":\"https:\\\/\\\/casadecampoliving.com\\\/es\\\/author\\\/ecazanova\\\/\"}]}<\/script>\n<!-- \/ Yoast SEO plugin. -->","yoast_head_json":{"title":"\u00bfQu\u00e9 esperar del 2015? | Casa de Campo Living","description":"Entonces estamos entrando en el 2015\u2026 Pero, \u00bfQu\u00e9 tenemos que esperar este a\u00f1o en Casa de Campo? El Parque de&nbsp;Casa de Campo Costasur Dominicana y Casa","robots":{"index":"index","follow":"follow","max-snippet":"max-snippet:-1","max-image-preview":"max-image-preview:large","max-video-preview":"max-video-preview:-1"},"canonical":"https:\/\/casadecampoliving.com\/es\/que-esperar-del-2015\/","og_locale":"es_ES","og_type":"article","og_title":"\u00bfQu\u00e9 esperar del 2015? | Casa de Campo Living","og_description":"Entonces estamos entrando en el 2015\u2026 Pero, \u00bfQu\u00e9 tenemos que esperar este a\u00f1o en Casa de Campo? El Parque de&nbsp;Casa de Campo Costasur Dominicana y Casa","og_url":"https:\/\/casadecampoliving.com\/es\/que-esperar-del-2015\/","og_site_name":"Casa de Campo Living","article_publisher":"https:\/\/www.facebook.com\/casadecampoliving","article_published_time":"2015-01-29T04:00:00+00:00","article_modified_time":"2022-10-21T23:01:47+00:00","og_image":[{"width":750,"height":600,"url":"https:\/\/i0.wp.com\/casadecampoliving.com\/wp-content\/uploads\/2022\/10\/Casa_de_Campo_golf1.jpg?fit=750%2C600&ssl=1","type":"image\/jpeg"}],"author":"Esther Dariet Cazanova","twitter_card":"summary_large_image","twitter_creator":"@cdcliving","twitter_site":"@cdcliving","twitter_misc":{"Escrito por":"Esther Dariet Cazanova","Tiempo de lectura":"3 minutos"},"schema":{"@context":"https:\/\/schema.org","@graph":[{"@type":"Article","@id":"https:\/\/casadecampoliving.com\/es\/que-esperar-del-2015\/#article","isPartOf":{"@id":"https:\/\/casadecampoliving.com\/es\/que-esperar-del-2015\/"},"author":{"name":"Esther Dariet Cazanova","@id":"https:\/\/casadecampoliving.com\/es\/#\/schema\/person\/2ca7e4a1f56a8ac8eef9eca15a995d24"},"headline":"\u00bfQu\u00e9 esperar del 2015?","datePublished":"2015-01-29T04:00:00+00:00","dateModified":"2022-10-21T23:01:47+00:00","mainEntityOfPage":{"@id":"https:\/\/casadecampoliving.com\/es\/que-esperar-del-2015\/"},"wordCount":624,"publisher":{"@id":"https:\/\/casadecampoliving.com\/es\/#organization"},"image":{"@id":"https:\/\/casadecampoliving.com\/es\/que-esperar-del-2015\/#primaryimage"},"thumbnailUrl":"https:\/\/i0.wp.com\/casadecampoliving.com\/wp-content\/uploads\/2022\/10\/Casa_de_Campo_golf1.jpg?fit=750%2C600&ssl=1","keywords":["Altos de Chavon","arte","campeonato de polo","Casa de Campo","Casa de Campo Resort","davidoff","Polo","salon de la fama del beisball latino","semana santa"],"articleSection":["Altos de Chavon @es","Arte y cultura","Deportes","Estilo de Vida","Eventos","Fundaci\u00f3n MIR @es","Fundaciones","Hogar del Ni\u00f1o @es","La Marina Casa de Campo","McDainel Tennis Tournament","Noticias Locales","Proximamente","Rep\u00fablica Dominicana @es","Resort Casa de Campo","Titulares"],"inLanguage":"es"},{"@type":"WebPage","@id":"https:\/\/casadecampoliving.com\/es\/que-esperar-del-2015\/","url":"https:\/\/casadecampoliving.com\/es\/que-esperar-del-2015\/","name":"\u00bfQu\u00e9 esperar del 2015? | Casa de Campo Living","isPartOf":{"@id":"https:\/\/casadecampoliving.com\/es\/#website"},"primaryImageOfPage":{"@id":"https:\/\/casadecampoliving.com\/es\/que-esperar-del-2015\/#primaryimage"},"image":{"@id":"https:\/\/casadecampoliving.com\/es\/que-esperar-del-2015\/#primaryimage"},"thumbnailUrl":"https:\/\/i0.wp.com\/casadecampoliving.com\/wp-content\/uploads\/2022\/10\/Casa_de_Campo_golf1.jpg?fit=750%2C600&ssl=1","datePublished":"2015-01-29T04:00:00+00:00","dateModified":"2022-10-21T23:01:47+00:00","description":"Entonces estamos entrando en el 2015\u2026 Pero, \u00bfQu\u00e9 tenemos que esperar este a\u00f1o en Casa de Campo? El Parque de&nbsp;Casa de Campo Costasur Dominicana y Casa","breadcrumb":{"@id":"https:\/\/casadecampoliving.com\/es\/que-esperar-del-2015\/#breadcrumb"},"inLanguage":"es","potentialAction":[{"@type":"ReadAction","target":["https:\/\/casadecampoliving.com\/es\/que-esperar-del-2015\/"]}]},{"@type":"ImageObject","inLanguage":"es","@id":"https:\/\/casadecampoliving.com\/es\/que-esperar-del-2015\/#primaryimage","url":"https:\/\/i0.wp.com\/casadecampoliving.com\/wp-content\/uploads\/2022\/10\/Casa_de_Campo_golf1.jpg?fit=750%2C600&ssl=1","contentUrl":"https:\/\/i0.wp.com\/casadecampoliving.com\/wp-content\/uploads\/2022\/10\/Casa_de_Campo_golf1.jpg?fit=750%2C600&ssl=1","width":750,"height":600,"caption":"Casa de Campo golf"},{"@type":"BreadcrumbList","@id":"https:\/\/casadecampoliving.com\/es\/que-esperar-del-2015\/#breadcrumb","itemListElement":[{"@type":"ListItem","position":1,"name":"Home","item":"https:\/\/casadecampoliving.com\/es\/"},{"@type":"ListItem","position":2,"name":"\u00bfQu\u00e9 esperar del 2015?"}]},{"@type":"WebSite","@id":"https:\/\/casadecampoliving.com\/es\/#website","url":"https:\/\/casadecampoliving.com\/es\/","name":"Casa de Campo Living","description":"Resort community news and resources.","publisher":{"@id":"https:\/\/casadecampoliving.com\/es\/#organization"},"potentialAction":[{"@type":"SearchAction","target":{"@type":"EntryPoint","urlTemplate":"https:\/\/casadecampoliving.com\/es\/?s={search_term_string}"},"query-input":{"@type":"PropertyValueSpecification","valueRequired":true,"valueName":"search_term_string"}}],"inLanguage":"es"},{"@type":"Organization","@id":"https:\/\/casadecampoliving.com\/es\/#organization","name":"Casa de Campo Living","url":"https:\/\/casadecampoliving.com\/es\/","logo":{"@type":"ImageObject","inLanguage":"es","@id":"https:\/\/casadecampoliving.com\/es\/#\/schema\/logo\/image\/","url":"https:\/\/i0.wp.com\/casadecampoliving.com\/wp-content\/uploads\/2022\/07\/CDCLivingLogo_V1-white-sized.png?fit=800%2C214&ssl=1","contentUrl":"https:\/\/i0.wp.com\/casadecampoliving.com\/wp-content\/uploads\/2022\/07\/CDCLivingLogo_V1-white-sized.png?fit=800%2C214&ssl=1","width":800,"height":214,"caption":"Casa de Campo Living"},"image":{"@id":"https:\/\/casadecampoliving.com\/es\/#\/schema\/logo\/image\/"},"sameAs":["https:\/\/www.facebook.com\/casadecampoliving","https:\/\/x.com\/cdcliving"]},{"@type":"Person","@id":"https:\/\/casadecampoliving.com\/es\/#\/schema\/person\/2ca7e4a1f56a8ac8eef9eca15a995d24","name":"Esther Dariet Cazanova","image":{"@type":"ImageObject","inLanguage":"es","@id":"https:\/\/secure.gravatar.com\/avatar\/72b7b72b3d3cb7950e2004fb83ef2e9e40177b9f1cb00226aee65904879073b6?s=96&d=mm&r=g","url":"https:\/\/secure.gravatar.com\/avatar\/72b7b72b3d3cb7950e2004fb83ef2e9e40177b9f1cb00226aee65904879073b6?s=96&d=mm&r=g","contentUrl":"https:\/\/secure.gravatar.com\/avatar\/72b7b72b3d3cb7950e2004fb83ef2e9e40177b9f1cb00226aee65904879073b6?s=96&d=mm&r=g","caption":"Esther Dariet Cazanova"},"url":"https:\/\/casadecampoliving.com\/es\/author\/ecazanova\/"}]}},"parsely":{"version":"1.1.0","canonical_url":"https:\/\/casadecampoliving.com\/es\/que-esperar-del-2015\/","smart_links":{"inbound":0,"outbound":0},"traffic_boost_suggestions_count":0,"meta":{"@context":"https:\/\/schema.org","@type":"NewsArticle","headline":"\u00bfQu\u00e9 esperar del 2015?","url":"http:\/\/casadecampoliving.com\/es\/que-esperar-del-2015\/","mainEntityOfPage":{"@type":"WebPage","@id":"http:\/\/casadecampoliving.com\/es\/que-esperar-del-2015\/"},"thumbnailUrl":"https:\/\/i0.wp.com\/casadecampoliving.com\/wp-content\/uploads\/2022\/10\/Casa_de_Campo_golf1.jpg?resize=150%2C150&ssl=1","image":{"@type":"ImageObject","url":"https:\/\/i0.wp.com\/casadecampoliving.com\/wp-content\/uploads\/2022\/10\/Casa_de_Campo_golf1.jpg?fit=750%2C600&ssl=1"},"articleSection":"Altos de Chavon @es","author":[{"@type":"Person","name":"Esther Dariet Cazanova"}],"creator":["Esther Dariet Cazanova"],"publisher":{"@type":"Organization","name":"Casa de Campo Living","logo":"https:\/\/casadecampoliving.com\/wp-content\/uploads\/2022\/07\/CDCLivingLogo_V1-white-sized.png"},"keywords":["altos de chavon","arte","campeonato de polo","casa de campo","casa de campo resort","davidoff","polo","salon de la fama del beisball latino","semana santa"],"dateCreated":"2015-01-29T04:00:00Z","datePublished":"2015-01-29T04:00:00Z","dateModified":"2022-10-21T23:01:47Z"},"rendered":"<script type=\"application\/ld+json\" class=\"wp-parsely-metadata\">{\"@context\":\"https:\\\/\\\/schema.org\",\"@type\":\"NewsArticle\",\"headline\":\"\\u00bfQu\\u00e9 esperar del 2015?\",\"url\":\"http:\\\/\\\/casadecampoliving.com\\\/es\\\/que-esperar-del-2015\\\/\",\"mainEntityOfPage\":{\"@type\":\"WebPage\",\"@id\":\"http:\\\/\\\/casadecampoliving.com\\\/es\\\/que-esperar-del-2015\\\/\"},\"thumbnailUrl\":\"https:\\\/\\\/i0.wp.com\\\/casadecampoliving.com\\\/wp-content\\\/uploads\\\/2022\\\/10\\\/Casa_de_Campo_golf1.jpg?resize=150%2C150&ssl=1\",\"image\":{\"@type\":\"ImageObject\",\"url\":\"https:\\\/\\\/i0.wp.com\\\/casadecampoliving.com\\\/wp-content\\\/uploads\\\/2022\\\/10\\\/Casa_de_Campo_golf1.jpg?fit=750%2C600&ssl=1\"},\"articleSection\":\"Altos de Chavon @es\",\"author\":[{\"@type\":\"Person\",\"name\":\"Esther Dariet Cazanova\"}],\"creator\":[\"Esther Dariet Cazanova\"],\"publisher\":{\"@type\":\"Organization\",\"name\":\"Casa de Campo Living\",\"logo\":\"https:\\\/\\\/casadecampoliving.com\\\/wp-content\\\/uploads\\\/2022\\\/07\\\/CDCLivingLogo_V1-white-sized.png\"},\"keywords\":[\"altos de chavon\",\"arte\",\"campeonato de polo\",\"casa de campo\",\"casa de campo resort\",\"davidoff\",\"polo\",\"salon de la fama del beisball latino\",\"semana santa\"],\"dateCreated\":\"2015-01-29T04:00:00Z\",\"datePublished\":\"2015-01-29T04:00:00Z\",\"dateModified\":\"2022-10-21T23:01:47Z\"}<\/script>","tracker_url":"https:\/\/cdn.parsely.com\/keys\/casadecampoliving.com\/p.js"},"jetpack_publicize_connections":[],"jetpack_featured_media_url":"https:\/\/i0.wp.com\/casadecampoliving.com\/wp-content\/uploads\/2022\/10\/Casa_de_Campo_golf1.jpg?fit=750%2C600&ssl=1","jetpack-related-posts":[{"id":433460,"url":"https:\/\/casadecampoliving.com\/es\/no-se-pierdan-el-increible-tributo-a-frank-sinatra-para-celebrar-el-40-aniversario-del-anfiteatro-altos-de-chavon\/","url_meta":{"origin":346631,"position":0},"title":"No se pierdan el incre\u00edble tributo a Frank Sinatra para celebrar el 40 aniversario del\u00a0Anfiteatro Altos de Chav\u00f3n","author":"Casa de Campo Living","date":"20 Oct, 2022","format":false,"excerpt":"Siendo uno de los escenarios m\u00e1s emblem\u00e1ticos del pa\u00eds, Casa de Campo Resort\u00ae & Villas celebra las cuatro d\u00e9cadas de aniversario de Altos de Chav\u00f3n con un tributo al gran Frank Sinatra, protagonizado por artistas invitados y una big band tal cual la que acompa\u00f1\u00f3 al artista hace 40 a\u00f1os\u2026","rel":"","context":"En \u00abUncategorized @es\u00bb","block_context":{"text":"Uncategorized @es","link":"https:\/\/casadecampoliving.com\/es\/category\/uncategorized-es\/"},"img":{"alt_text":"","src":"https:\/\/i0.wp.com\/casadecampoliving.com\/wp-content\/uploads\/2022\/10\/Tributo-Frank-Sinatra-Foto-Principal-Amaury-Sanchez-Danilo-Ginebra-Andres-Pichardo-y-Jose-Gabriel-Perez-.jpg?fit=1200%2C873&ssl=1&resize=350%2C200","width":350,"height":200,"srcset":"https:\/\/i0.wp.com\/casadecampoliving.com\/wp-content\/uploads\/2022\/10\/Tributo-Frank-Sinatra-Foto-Principal-Amaury-Sanchez-Danilo-Ginebra-Andres-Pichardo-y-Jose-Gabriel-Perez-.jpg?fit=1200%2C873&ssl=1&resize=350%2C200 1x, https:\/\/i0.wp.com\/casadecampoliving.com\/wp-content\/uploads\/2022\/10\/Tributo-Frank-Sinatra-Foto-Principal-Amaury-Sanchez-Danilo-Ginebra-Andres-Pichardo-y-Jose-Gabriel-Perez-.jpg?fit=1200%2C873&ssl=1&resize=525%2C300 1.5x, https:\/\/i0.wp.com\/casadecampoliving.com\/wp-content\/uploads\/2022\/10\/Tributo-Frank-Sinatra-Foto-Principal-Amaury-Sanchez-Danilo-Ginebra-Andres-Pichardo-y-Jose-Gabriel-Perez-.jpg?fit=1200%2C873&ssl=1&resize=700%2C400 2x, https:\/\/i0.wp.com\/casadecampoliving.com\/wp-content\/uploads\/2022\/10\/Tributo-Frank-Sinatra-Foto-Principal-Amaury-Sanchez-Danilo-Ginebra-Andres-Pichardo-y-Jose-Gabriel-Perez-.jpg?fit=1200%2C873&ssl=1&resize=1050%2C600 3x"},"classes":[]},{"id":346407,"url":"https:\/\/casadecampoliving.com\/es\/casa-de-campo-parque-recreativo\/","url_meta":{"origin":346631,"position":1},"title":"Casa de Campo hace planes para parque recreativo","author":"Rebecca Hughes","date":"29 Dic, 2014","format":false,"excerpt":"Siempre pensando en nuevas formas de hacer la vida en Casa de Campo mejor para sus propietarios de villas\u00a0y residentes, Costasur Dominicana y Casa de Campo en la actualidad est\u00e1n trabajando en planes para un parque recreativo. Se espera que el proyecto est\u00e9 parcialmente abierto en abril de 2015, mientras\u2026","rel":"","context":"En \u00abAltos de Chavon @es\u00bb","block_context":{"text":"Altos de Chavon @es","link":"https:\/\/casadecampoliving.com\/category\/altos-de-chavon-es\/"},"img":{"alt_text":"Casa de Campo park","src":"https:\/\/i0.wp.com\/casadecampoliving.com\/wp-content\/uploads\/2022\/10\/Casa_de_Campo_park-2.jpg?fit=650%2C433&ssl=1&resize=350%2C200","width":350,"height":200,"srcset":"https:\/\/i0.wp.com\/casadecampoliving.com\/wp-content\/uploads\/2022\/10\/Casa_de_Campo_park-2.jpg?fit=650%2C433&ssl=1&resize=350%2C200 1x, https:\/\/i0.wp.com\/casadecampoliving.com\/wp-content\/uploads\/2022\/10\/Casa_de_Campo_park-2.jpg?fit=650%2C433&ssl=1&resize=525%2C300 1.5x"},"classes":[]},{"id":347333,"url":"https:\/\/casadecampoliving.com\/es\/primer-vistazo-al-parque-de-casa-de-campo\/","url_meta":{"origin":346631,"position":2},"title":"Primer vistazo al parque de Casa de Campo","author":"Rebecca Silvestri","date":"7 May, 2015","format":false,"excerpt":"\u00a1Lo hicimos de nuevo... nos aventuramos en Casa de Campo! \u00a1Y esta vez hemos descubierto (y disfrutado)\u00a0el inicio del Parque de Casa de Campo! El Parque de Casa de Campo, al que Costasur Dominicana se refiere como \"Parkland Proyect\",\u00a0ser\u00e1 un espacio de\u00a065 acres (26.3 hect\u00e1reas) dedicado a los deportes y\u2026","rel":"","context":"En \u00abCostasur Dominicana @es\u00bb","block_context":{"text":"Costasur Dominicana @es","link":"https:\/\/casadecampoliving.com\/es\/category\/costasur-dominicana-es\/"},"img":{"alt_text":"Casa de Campo park","src":"https:\/\/i0.wp.com\/casadecampoliving.com\/wp-content\/uploads\/2022\/10\/Casa_de_Campo_park-1-scaled.jpg?fit=1200%2C900&ssl=1&resize=350%2C200","width":350,"height":200,"srcset":"https:\/\/i0.wp.com\/casadecampoliving.com\/wp-content\/uploads\/2022\/10\/Casa_de_Campo_park-1-scaled.jpg?fit=1200%2C900&ssl=1&resize=350%2C200 1x, https:\/\/i0.wp.com\/casadecampoliving.com\/wp-content\/uploads\/2022\/10\/Casa_de_Campo_park-1-scaled.jpg?fit=1200%2C900&ssl=1&resize=525%2C300 1.5x, https:\/\/i0.wp.com\/casadecampoliving.com\/wp-content\/uploads\/2022\/10\/Casa_de_Campo_park-1-scaled.jpg?fit=1200%2C900&ssl=1&resize=700%2C400 2x, https:\/\/i0.wp.com\/casadecampoliving.com\/wp-content\/uploads\/2022\/10\/Casa_de_Campo_park-1-scaled.jpg?fit=1200%2C900&ssl=1&resize=1050%2C600 3x"},"classes":[]},{"id":346689,"url":"https:\/\/casadecampoliving.com\/es\/fiesta-en-genesis-este-sabado\/","url_meta":{"origin":346631,"position":3},"title":"\u00a1Fiesta en Genesis!","author":"Perkin Agramonte","date":"7 Feb, 2015","format":false,"excerpt":"\u00bfTe gusta ir de fiesta ? \u00a1Claro que s\u00ed! Bueno este s\u00e1bado 7 de febrero, G\u00e9nesis night club en Altos de Chav\u00f3n est\u00e1 abriendo para la gran fiesta despu\u00e9s de la semana de exaltaci\u00f3n\u00a0Sal\u00f3n de la Fama del B\u00e9isbol Latino. \u00a1Tenga listos\u00a0sus zapatos de baile! El Sal\u00f3n de la Fama\u2026","rel":"","context":"En \u00abAltos de Chavon @es\u00bb","block_context":{"text":"Altos de Chavon @es","link":"https:\/\/casadecampoliving.com\/category\/altos-de-chavon-es\/"},"img":{"alt_text":"Salon de la Fama after party","src":"https:\/\/i0.wp.com\/casadecampoliving.com\/wp-content\/uploads\/2022\/10\/Salon_de_la_Fama_after_party-1.jpg?fit=650%2C395&ssl=1&resize=350%2C200","width":350,"height":200,"srcset":"https:\/\/i0.wp.com\/casadecampoliving.com\/wp-content\/uploads\/2022\/10\/Salon_de_la_Fama_after_party-1.jpg?fit=650%2C395&ssl=1&resize=350%2C200 1x, https:\/\/i0.wp.com\/casadecampoliving.com\/wp-content\/uploads\/2022\/10\/Salon_de_la_Fama_after_party-1.jpg?fit=650%2C395&ssl=1&resize=525%2C300 1.5x"},"classes":[]},{"id":348104,"url":"https:\/\/casadecampoliving.com\/es\/diseno-arquitectonico-2015\/","url_meta":{"origin":346631,"position":4},"title":"\u00a1Open House de Dise\u00f1o Arquitect\u00f3nico 2015 ESTE FIN DE SEMANA!","author":"Carla Campos","date":"21 Ago, 2015","format":false,"excerpt":"Si todas las actividades del Food and Wine Festival no fueron suficientes este fin de semana, \u00a1Casa de Campo Real Estate les invita a Punta Minitas 34 este s\u00e1bado y domingo! Esta espectacular villa con vista al mar estar\u00e1 organizando un Open House para toda la comunidad, en la cual\u2026","rel":"","context":"En \u00abAltos de Chavon @es\u00bb","block_context":{"text":"Altos de Chavon @es","link":"https:\/\/casadecampoliving.com\/category\/altos-de-chavon-es\/"},"img":{"alt_text":"","src":"https:\/\/i0.wp.com\/casadecampoliving.com\/wp-content\/uploads\/2022\/10\/Vista_Lago_Conceptual_Rendering-1-scaled.jpg?fit=1200%2C833&ssl=1&resize=350%2C200","width":350,"height":200,"srcset":"https:\/\/i0.wp.com\/casadecampoliving.com\/wp-content\/uploads\/2022\/10\/Vista_Lago_Conceptual_Rendering-1-scaled.jpg?fit=1200%2C833&ssl=1&resize=350%2C200 1x, https:\/\/i0.wp.com\/casadecampoliving.com\/wp-content\/uploads\/2022\/10\/Vista_Lago_Conceptual_Rendering-1-scaled.jpg?fit=1200%2C833&ssl=1&resize=525%2C300 1.5x, https:\/\/i0.wp.com\/casadecampoliving.com\/wp-content\/uploads\/2022\/10\/Vista_Lago_Conceptual_Rendering-1-scaled.jpg?fit=1200%2C833&ssl=1&resize=700%2C400 2x, https:\/\/i0.wp.com\/casadecampoliving.com\/wp-content\/uploads\/2022\/10\/Vista_Lago_Conceptual_Rendering-1-scaled.jpg?fit=1200%2C833&ssl=1&resize=1050%2C600 3x"},"classes":[]},{"id":348651,"url":"https:\/\/casadecampoliving.com\/es\/el-dr-polo-challenge\/","url_meta":{"origin":346631,"position":5},"title":"Todo lo que debe saber sobre el DR Polo Challenge","author":"Perkin Agramonte","date":"20 Nov, 2015","format":false,"excerpt":"El Polo, mejor conocido como el 'Deporte de los Reyes', est\u00e1 ganando mucho terreno en la Rep\u00fablica Dominicana, un pa\u00eds donde lo que prolifera es el b\u00e9isbol. El 2015 trajo\u00a0consigo el evento de polo de mayor asistencia y estilo jam\u00e1s visto en\u00a0la Rep\u00fablica Dominicana, la XI Casa de Campo Copa\u2026","rel":"","context":"En \u00abM\u00e1s all\u00e1 de Casa\u00bb","block_context":{"text":"M\u00e1s all\u00e1 de Casa","link":"https:\/\/casadecampoliving.com\/es\/category\/mas-alla-de-casa-es\/"},"img":{"alt_text":"","src":"https:\/\/i0.wp.com\/casadecampoliving.com\/wp-content\/uploads\/2022\/10\/Casa_de_Campo_Copa_Semana_Santa3-1024x678-2.jpg?fit=1024%2C678&ssl=1&resize=350%2C200","width":350,"height":200,"srcset":"https:\/\/i0.wp.com\/casadecampoliving.com\/wp-content\/uploads\/2022\/10\/Casa_de_Campo_Copa_Semana_Santa3-1024x678-2.jpg?fit=1024%2C678&ssl=1&resize=350%2C200 1x, https:\/\/i0.wp.com\/casadecampoliving.com\/wp-content\/uploads\/2022\/10\/Casa_de_Campo_Copa_Semana_Santa3-1024x678-2.jpg?fit=1024%2C678&ssl=1&resize=525%2C300 1.5x, https:\/\/i0.wp.com\/casadecampoliving.com\/wp-content\/uploads\/2022\/10\/Casa_de_Campo_Copa_Semana_Santa3-1024x678-2.jpg?fit=1024%2C678&ssl=1&resize=700%2C400 2x"},"classes":[]}],"jetpack_sharing_enabled":true,"_links":{"self":[{"href":"https:\/\/casadecampoliving.com\/es\/wp-json\/wp\/v2\/posts\/346631","targetHints":{"allow":["GET"]}}],"collection":[{"href":"https:\/\/casadecampoliving.com\/es\/wp-json\/wp\/v2\/posts"}],"about":[{"href":"https:\/\/casadecampoliving.com\/es\/wp-json\/wp\/v2\/types\/post"}],"author":[{"embeddable":true,"href":"https:\/\/casadecampoliving.com\/es\/wp-json\/wp\/v2\/users\/33461"}],"replies":[{"embeddable":true,"href":"https:\/\/casadecampoliving.com\/es\/wp-json\/wp\/v2\/comments?post=346631"}],"version-history":[{"count":1,"href":"https:\/\/casadecampoliving.com\/es\/wp-json\/wp\/v2\/posts\/346631\/revisions"}],"predecessor-version":[{"id":346632,"href":"https:\/\/casadecampoliving.com\/es\/wp-json\/wp\/v2\/posts\/346631\/revisions\/346632"}],"wp:featuredmedia":[{"embeddable":true,"href":"https:\/\/casadecampoliving.com\/es\/wp-json\/wp\/v2\/media\/275039"}],"wp:attachment":[{"href":"https:\/\/casadecampoliving.com\/es\/wp-json\/wp\/v2\/media?parent=346631"}],"wp:term":[{"taxonomy":"category","embeddable":true,"href":"https:\/\/casadecampoliving.com\/es\/wp-json\/wp\/v2\/categories?post=346631"},{"taxonomy":"post_tag","embeddable":true,"href":"https:\/\/casadecampoliving.com\/es\/wp-json\/wp\/v2\/tags?post=346631"},{"taxonomy":"newspack_spnsrs_tax","embeddable":true,"href":"https:\/\/casadecampoliving.com\/es\/wp-json\/wp\/v2\/newspack_spnsrs_tax?post=346631"}],"curies":[{"name":"wp","href":"https:\/\/api.w.org\/{rel}","templated":true}]}}