{"id":346607,"date":"2015-01-23T00:00:00","date_gmt":"2015-01-23T04:00:00","guid":{"rendered":"https:\/\/casadecampoliving.com\/cultural-celebration-la-aldea-cultural-santa-rosa-de-lima\/"},"modified":"2022-10-21T19:00:25","modified_gmt":"2022-10-21T23:00:25","slug":"cultural-celebration-la-aldea-cultural-santa-rosa-de-lima","status":"publish","type":"post","link":"https:\/\/casadecampoliving.com\/es\/cultural-celebration-la-aldea-cultural-santa-rosa-de-lima\/","title":{"rendered":"Celebraci\u00f3n cultural en \u00abLa Aldea Cultural Santa Rosa de Lima\u00bb"},"content":{"rendered":"<div class=\"wp-block-image\">\n<figure class=\"aligncenter is-resized\"><img loading=\"lazy\" decoding=\"async\" src=\"https:\/\/i0.wp.com\/casadecampoliving.com\/wp-content\/uploads\/2022\/10\/Frank-Luna.png?resize=650%2C450&amp;ssl=1\" alt=\"Frank Luna\" class=\"wp-image-107004\" height=\"450\" width=\"650\"\/><\/figure>\n<\/div>\n\n\n<p>Ma\u00f1ana s\u00e1bado 24 de enero, el Ministerio de Cultura de la Rep\u00fablica Dominicana invita cordialmente a disfrutar del verdadero sabor de la cultura dominicana en la Aldea Cultural Santa Rosa de Lima.<\/p>\n\n\n\n<!--more-->\n\n\n\n<p>La Aldea Cultural Santa Rosa de Lima en colaboraci\u00f3n con El Museo Altagraciano, se une a la Celebraci\u00f3n de nuestra Se\u00f1ora La Virgen de La Altagracia, con un programa de actividades el s\u00e1bado 24 de Enero 2015.<\/p>\n\n\n\n<p>Iniciamos a las 10 am con la exposici\u00f3n de fotograf\u00eda del artista del lente romanense Frank Luna y su exposici\u00f3n \u201cRostros de Fe\u201d donde refleja las interioridades de los peregrinos.<\/p>\n\n\n\n<p>A las 11am proyectaremos un cortometraje de 8 minutos sobre La Virgen facilitado por el Museo Altagraciano y a continuaci\u00f3n un peque\u00f1o conversatorio con el Dr. Jose Lopez y el sr. Alfonzo Trinidad.<\/p>\n\n\n\n<blockquote class=\"wp-block-quote is-layout-flow wp-block-quote-is-layout-flow\"><p><strong>Sobre Fran Luna<\/strong><\/p><p>Artista de la m\u00fasica y la fotograf\u00eda. Frank Luna ha retratado a pol\u00edticos, religiosos, empresarios, artistas y ha realizado portadas para libros, discos, revistas, peri\u00f3dicos y afiches.<\/p><p>Ha realizado exposiciones individuales y colectivas, ha sido premiado en varios concursos en el Centro Le\u00f3n, Funglode, Casa de Teatro, Centro Cultural Espa\u00f1a y el Imposdom.<\/p><\/blockquote>\n","protected":false},"excerpt":{"rendered":"<p>Ma\u00f1ana s\u00e1bado 24 de enero, el Ministerio de Cultura de la Rep\u00fablica Dominicana invita cordialmente a disfrutar del verdadero sabor de la cultura dominicana en la Aldea Cultural Santa Rosa de Lima.<\/p>\n","protected":false},"author":1097,"featured_media":275676,"comment_status":"closed","ping_status":"closed","sticky":false,"template":"","format":"standard","meta":{"newspack_ads_suppress_ads":false,"newspack_popups_has_disabled_popups":false,"newspack_sponsor_sponsorship_scope":"","newspack_sponsor_native_byline_display":"inherit","newspack_sponsor_native_category_display":"inherit","newspack_sponsor_underwriter_style":"inherit","newspack_sponsor_underwriter_placement":"inherit","_newspack_byline_active":false,"_newspack_byline":"","newspack_hide_updated_date":false,"newspack_show_updated_date":false,"newspack_content_restriction_is_exempt":false,"newspack_featured_image_position":"","newspack_post_subtitle":"","newspack_article_summary_title":"Overview:","newspack_article_summary":"","_jetpack_memberships_contains_paid_content":false,"footnotes":"","jetpack_publicize_message":"","jetpack_publicize_feature_enabled":true,"jetpack_social_post_already_shared":false,"jetpack_social_options":{"image_generator_settings":{"template":"highway","default_image_id":0,"font":"","enabled":false},"version":2},"_wpas_customize_per_network":false},"categories":[26823,26936,26951,2524,14631,2522,2514,2507,2506,14625,14627,2521,26822],"tags":[9906,3626,8094,6371],"newspack_spnsrs_tax":[],"class_list":["post-346607","post","type-post","status-publish","format-standard","has-post-thumbnail","hentry","category-arte-y-cultura","category-casa-de-campo-living-es","category-ccl-presenta","category-destacados","category-estilo-de-vida","category-eventos-es","category-fundaciones-es","category-la-romana-es","category-mas-alla-de-casa-es","category-noticias-locales","category-proximamente","category-republica-dominicana-2","category-resort-casa-de-campo","tag-aldea-cultural-santa-rosa-de-lima","tag-casa-de-campo-es","tag-casa-de-campo-community-es","tag-casa-de-campo-resort-es","entry"],"yoast_head":"<!-- This site is optimized with the Yoast SEO plugin v27.4 - https:\/\/yoast.com\/product\/yoast-seo-wordpress\/ -->\n<title>Celebraci\u00f3n cultural en &quot;La Aldea Cultural Santa Rosa de Lima&quot; | Casa de Campo Living<\/title>\n<meta name=\"description\" content=\"Ma\u00f1ana s\u00e1bado 24 de enero, el Ministerio de Cultura de la Rep\u00fablica Dominicana invita cordialmente a disfrutar del verdadero sabor de la cultura\" \/>\n<meta name=\"robots\" content=\"index, follow, max-snippet:-1, max-image-preview:large, max-video-preview:-1\" \/>\n<link rel=\"canonical\" href=\"https:\/\/casadecampoliving.com\/es\/cultural-celebration-la-aldea-cultural-santa-rosa-de-lima\/\" \/>\n<meta property=\"og:locale\" content=\"es_ES\" \/>\n<meta property=\"og:type\" content=\"article\" \/>\n<meta property=\"og:title\" content=\"Celebraci\u00f3n cultural en &quot;La Aldea Cultural Santa Rosa de Lima&quot; | Casa de Campo Living\" \/>\n<meta property=\"og:description\" content=\"Ma\u00f1ana s\u00e1bado 24 de enero, el Ministerio de Cultura de la Rep\u00fablica Dominicana invita cordialmente a disfrutar del verdadero sabor de la cultura\" \/>\n<meta property=\"og:url\" content=\"https:\/\/casadecampoliving.com\/es\/cultural-celebration-la-aldea-cultural-santa-rosa-de-lima\/\" \/>\n<meta property=\"og:site_name\" content=\"Casa de Campo Living\" \/>\n<meta property=\"article:publisher\" content=\"https:\/\/www.facebook.com\/casadecampoliving\" \/>\n<meta property=\"article:published_time\" content=\"2015-01-23T04:00:00+00:00\" \/>\n<meta property=\"article:modified_time\" content=\"2022-10-21T23:00:25+00:00\" \/>\n<meta property=\"og:image\" content=\"https:\/\/i0.wp.com\/casadecampoliving.com\/wp-content\/uploads\/2022\/10\/Frank-Luna-1.png?fit=650%2C450&ssl=1\" \/>\n\t<meta property=\"og:image:width\" content=\"650\" \/>\n\t<meta property=\"og:image:height\" content=\"450\" \/>\n\t<meta property=\"og:image:type\" content=\"image\/png\" \/>\n<meta name=\"author\" content=\"Perkin Agramonte\" \/>\n<meta name=\"twitter:card\" content=\"summary_large_image\" \/>\n<meta name=\"twitter:creator\" content=\"@cdcliving\" \/>\n<meta name=\"twitter:site\" content=\"@cdcliving\" \/>\n<meta name=\"twitter:label1\" content=\"Escrito por\" \/>\n\t<meta name=\"twitter:data1\" content=\"Perkin Agramonte\" \/>\n\t<meta name=\"twitter:label2\" content=\"Tiempo de lectura\" \/>\n\t<meta name=\"twitter:data2\" content=\"1 minuto\" \/>\n<script type=\"application\/ld+json\" class=\"yoast-schema-graph\">{\"@context\":\"https:\\\/\\\/schema.org\",\"@graph\":[{\"@type\":\"Article\",\"@id\":\"https:\\\/\\\/casadecampoliving.com\\\/es\\\/cultural-celebration-la-aldea-cultural-santa-rosa-de-lima\\\/#article\",\"isPartOf\":{\"@id\":\"https:\\\/\\\/casadecampoliving.com\\\/es\\\/cultural-celebration-la-aldea-cultural-santa-rosa-de-lima\\\/\"},\"author\":{\"name\":\"Perkin Agramonte\",\"@id\":\"https:\\\/\\\/casadecampoliving.com\\\/es\\\/#\\\/schema\\\/person\\\/c8efa6049510554b7d5fea078d728f72\"},\"headline\":\"Celebraci\u00f3n cultural en \u00abLa Aldea Cultural Santa Rosa de Lima\u00bb\",\"datePublished\":\"2015-01-23T04:00:00+00:00\",\"dateModified\":\"2022-10-21T23:00:25+00:00\",\"mainEntityOfPage\":{\"@id\":\"https:\\\/\\\/casadecampoliving.com\\\/es\\\/cultural-celebration-la-aldea-cultural-santa-rosa-de-lima\\\/\"},\"wordCount\":212,\"publisher\":{\"@id\":\"https:\\\/\\\/casadecampoliving.com\\\/es\\\/#organization\"},\"image\":{\"@id\":\"https:\\\/\\\/casadecampoliving.com\\\/es\\\/cultural-celebration-la-aldea-cultural-santa-rosa-de-lima\\\/#primaryimage\"},\"thumbnailUrl\":\"https:\\\/\\\/i0.wp.com\\\/casadecampoliving.com\\\/wp-content\\\/uploads\\\/2022\\\/10\\\/Frank-Luna-1.png?fit=650%2C450&ssl=1\",\"keywords\":[\"Aldea Cultural Santa Rosa de Lima\",\"casa de campo @es\",\"Casa de Campo Community @es\",\"casa de campo resort @es\"],\"articleSection\":[\"Arte y cultura\",\"Casa de Campo Living @es\",\"CCL presenta\",\"Destacados\",\"Estilo de Vida\",\"Eventos\",\"Fundaciones\",\"La Romana @es\",\"M\u00e1s all\u00e1 de Casa\",\"Noticias Locales\",\"Proximamente\",\"Rep\u00fablica Dominicana @es\",\"Resort Casa de Campo\"],\"inLanguage\":\"es\"},{\"@type\":\"WebPage\",\"@id\":\"https:\\\/\\\/casadecampoliving.com\\\/es\\\/cultural-celebration-la-aldea-cultural-santa-rosa-de-lima\\\/\",\"url\":\"https:\\\/\\\/casadecampoliving.com\\\/es\\\/cultural-celebration-la-aldea-cultural-santa-rosa-de-lima\\\/\",\"name\":\"Celebraci\u00f3n cultural en \\\"La Aldea Cultural Santa Rosa de Lima\\\" | Casa de Campo Living\",\"isPartOf\":{\"@id\":\"https:\\\/\\\/casadecampoliving.com\\\/es\\\/#website\"},\"primaryImageOfPage\":{\"@id\":\"https:\\\/\\\/casadecampoliving.com\\\/es\\\/cultural-celebration-la-aldea-cultural-santa-rosa-de-lima\\\/#primaryimage\"},\"image\":{\"@id\":\"https:\\\/\\\/casadecampoliving.com\\\/es\\\/cultural-celebration-la-aldea-cultural-santa-rosa-de-lima\\\/#primaryimage\"},\"thumbnailUrl\":\"https:\\\/\\\/i0.wp.com\\\/casadecampoliving.com\\\/wp-content\\\/uploads\\\/2022\\\/10\\\/Frank-Luna-1.png?fit=650%2C450&ssl=1\",\"datePublished\":\"2015-01-23T04:00:00+00:00\",\"dateModified\":\"2022-10-21T23:00:25+00:00\",\"description\":\"Ma\u00f1ana s\u00e1bado 24 de enero, el Ministerio de Cultura de la Rep\u00fablica Dominicana invita cordialmente a disfrutar del verdadero sabor de la cultura\",\"breadcrumb\":{\"@id\":\"https:\\\/\\\/casadecampoliving.com\\\/es\\\/cultural-celebration-la-aldea-cultural-santa-rosa-de-lima\\\/#breadcrumb\"},\"inLanguage\":\"es\",\"potentialAction\":[{\"@type\":\"ReadAction\",\"target\":[\"https:\\\/\\\/casadecampoliving.com\\\/es\\\/cultural-celebration-la-aldea-cultural-santa-rosa-de-lima\\\/\"]}]},{\"@type\":\"ImageObject\",\"inLanguage\":\"es\",\"@id\":\"https:\\\/\\\/casadecampoliving.com\\\/es\\\/cultural-celebration-la-aldea-cultural-santa-rosa-de-lima\\\/#primaryimage\",\"url\":\"https:\\\/\\\/i0.wp.com\\\/casadecampoliving.com\\\/wp-content\\\/uploads\\\/2022\\\/10\\\/Frank-Luna-1.png?fit=650%2C450&ssl=1\",\"contentUrl\":\"https:\\\/\\\/i0.wp.com\\\/casadecampoliving.com\\\/wp-content\\\/uploads\\\/2022\\\/10\\\/Frank-Luna-1.png?fit=650%2C450&ssl=1\",\"width\":650,\"height\":450},{\"@type\":\"BreadcrumbList\",\"@id\":\"https:\\\/\\\/casadecampoliving.com\\\/es\\\/cultural-celebration-la-aldea-cultural-santa-rosa-de-lima\\\/#breadcrumb\",\"itemListElement\":[{\"@type\":\"ListItem\",\"position\":1,\"name\":\"Home\",\"item\":\"https:\\\/\\\/casadecampoliving.com\\\/es\\\/\"},{\"@type\":\"ListItem\",\"position\":2,\"name\":\"Celebraci\u00f3n cultural en &#8220;La Aldea Cultural Santa Rosa de Lima&#8221;\"}]},{\"@type\":\"WebSite\",\"@id\":\"https:\\\/\\\/casadecampoliving.com\\\/es\\\/#website\",\"url\":\"https:\\\/\\\/casadecampoliving.com\\\/es\\\/\",\"name\":\"Casa de Campo Living\",\"description\":\"Resort community news and resources.\",\"publisher\":{\"@id\":\"https:\\\/\\\/casadecampoliving.com\\\/es\\\/#organization\"},\"potentialAction\":[{\"@type\":\"SearchAction\",\"target\":{\"@type\":\"EntryPoint\",\"urlTemplate\":\"https:\\\/\\\/casadecampoliving.com\\\/es\\\/?s={search_term_string}\"},\"query-input\":{\"@type\":\"PropertyValueSpecification\",\"valueRequired\":true,\"valueName\":\"search_term_string\"}}],\"inLanguage\":\"es\"},{\"@type\":\"Organization\",\"@id\":\"https:\\\/\\\/casadecampoliving.com\\\/es\\\/#organization\",\"name\":\"Casa de Campo Living\",\"url\":\"https:\\\/\\\/casadecampoliving.com\\\/es\\\/\",\"logo\":{\"@type\":\"ImageObject\",\"inLanguage\":\"es\",\"@id\":\"https:\\\/\\\/casadecampoliving.com\\\/es\\\/#\\\/schema\\\/logo\\\/image\\\/\",\"url\":\"https:\\\/\\\/i0.wp.com\\\/casadecampoliving.com\\\/wp-content\\\/uploads\\\/2022\\\/07\\\/CDCLivingLogo_V1-white-sized.png?fit=800%2C214&ssl=1\",\"contentUrl\":\"https:\\\/\\\/i0.wp.com\\\/casadecampoliving.com\\\/wp-content\\\/uploads\\\/2022\\\/07\\\/CDCLivingLogo_V1-white-sized.png?fit=800%2C214&ssl=1\",\"width\":800,\"height\":214,\"caption\":\"Casa de Campo Living\"},\"image\":{\"@id\":\"https:\\\/\\\/casadecampoliving.com\\\/es\\\/#\\\/schema\\\/logo\\\/image\\\/\"},\"sameAs\":[\"https:\\\/\\\/www.facebook.com\\\/casadecampoliving\",\"https:\\\/\\\/x.com\\\/cdcliving\"]},{\"@type\":\"Person\",\"@id\":\"https:\\\/\\\/casadecampoliving.com\\\/es\\\/#\\\/schema\\\/person\\\/c8efa6049510554b7d5fea078d728f72\",\"name\":\"Perkin Agramonte\",\"image\":{\"@type\":\"ImageObject\",\"inLanguage\":\"es\",\"@id\":\"https:\\\/\\\/secure.gravatar.com\\\/avatar\\\/57bfdafcae55fb83dbb79a1585a9eab7f269b7720fb0b64cb9a4e0cd2962fa10?s=96&d=mm&r=g\",\"url\":\"https:\\\/\\\/secure.gravatar.com\\\/avatar\\\/57bfdafcae55fb83dbb79a1585a9eab7f269b7720fb0b64cb9a4e0cd2962fa10?s=96&d=mm&r=g\",\"contentUrl\":\"https:\\\/\\\/secure.gravatar.com\\\/avatar\\\/57bfdafcae55fb83dbb79a1585a9eab7f269b7720fb0b64cb9a4e0cd2962fa10?s=96&d=mm&r=g\",\"caption\":\"Perkin Agramonte\"},\"url\":\"https:\\\/\\\/casadecampoliving.com\\\/es\\\/author\\\/cagramonte\\\/\"}]}<\/script>\n<!-- \/ Yoast SEO plugin. -->","yoast_head_json":{"title":"Celebraci\u00f3n cultural en \"La Aldea Cultural Santa Rosa de Lima\" | Casa de Campo Living","description":"Ma\u00f1ana s\u00e1bado 24 de enero, el Ministerio de Cultura de la Rep\u00fablica Dominicana invita cordialmente a disfrutar del verdadero sabor de la cultura","robots":{"index":"index","follow":"follow","max-snippet":"max-snippet:-1","max-image-preview":"max-image-preview:large","max-video-preview":"max-video-preview:-1"},"canonical":"https:\/\/casadecampoliving.com\/es\/cultural-celebration-la-aldea-cultural-santa-rosa-de-lima\/","og_locale":"es_ES","og_type":"article","og_title":"Celebraci\u00f3n cultural en \"La Aldea Cultural Santa Rosa de Lima\" | Casa de Campo Living","og_description":"Ma\u00f1ana s\u00e1bado 24 de enero, el Ministerio de Cultura de la Rep\u00fablica Dominicana invita cordialmente a disfrutar del verdadero sabor de la cultura","og_url":"https:\/\/casadecampoliving.com\/es\/cultural-celebration-la-aldea-cultural-santa-rosa-de-lima\/","og_site_name":"Casa de Campo Living","article_publisher":"https:\/\/www.facebook.com\/casadecampoliving","article_published_time":"2015-01-23T04:00:00+00:00","article_modified_time":"2022-10-21T23:00:25+00:00","og_image":[{"width":650,"height":450,"url":"https:\/\/i0.wp.com\/casadecampoliving.com\/wp-content\/uploads\/2022\/10\/Frank-Luna-1.png?fit=650%2C450&ssl=1","type":"image\/png"}],"author":"Perkin Agramonte","twitter_card":"summary_large_image","twitter_creator":"@cdcliving","twitter_site":"@cdcliving","twitter_misc":{"Escrito por":"Perkin Agramonte","Tiempo de lectura":"1 minuto"},"schema":{"@context":"https:\/\/schema.org","@graph":[{"@type":"Article","@id":"https:\/\/casadecampoliving.com\/es\/cultural-celebration-la-aldea-cultural-santa-rosa-de-lima\/#article","isPartOf":{"@id":"https:\/\/casadecampoliving.com\/es\/cultural-celebration-la-aldea-cultural-santa-rosa-de-lima\/"},"author":{"name":"Perkin Agramonte","@id":"https:\/\/casadecampoliving.com\/es\/#\/schema\/person\/c8efa6049510554b7d5fea078d728f72"},"headline":"Celebraci\u00f3n cultural en \u00abLa Aldea Cultural Santa Rosa de Lima\u00bb","datePublished":"2015-01-23T04:00:00+00:00","dateModified":"2022-10-21T23:00:25+00:00","mainEntityOfPage":{"@id":"https:\/\/casadecampoliving.com\/es\/cultural-celebration-la-aldea-cultural-santa-rosa-de-lima\/"},"wordCount":212,"publisher":{"@id":"https:\/\/casadecampoliving.com\/es\/#organization"},"image":{"@id":"https:\/\/casadecampoliving.com\/es\/cultural-celebration-la-aldea-cultural-santa-rosa-de-lima\/#primaryimage"},"thumbnailUrl":"https:\/\/i0.wp.com\/casadecampoliving.com\/wp-content\/uploads\/2022\/10\/Frank-Luna-1.png?fit=650%2C450&ssl=1","keywords":["Aldea Cultural Santa Rosa de Lima","casa de campo @es","Casa de Campo Community @es","casa de campo resort @es"],"articleSection":["Arte y cultura","Casa de Campo Living @es","CCL presenta","Destacados","Estilo de Vida","Eventos","Fundaciones","La Romana @es","M\u00e1s all\u00e1 de Casa","Noticias Locales","Proximamente","Rep\u00fablica Dominicana @es","Resort Casa de Campo"],"inLanguage":"es"},{"@type":"WebPage","@id":"https:\/\/casadecampoliving.com\/es\/cultural-celebration-la-aldea-cultural-santa-rosa-de-lima\/","url":"https:\/\/casadecampoliving.com\/es\/cultural-celebration-la-aldea-cultural-santa-rosa-de-lima\/","name":"Celebraci\u00f3n cultural en \"La Aldea Cultural Santa Rosa de Lima\" | Casa de Campo Living","isPartOf":{"@id":"https:\/\/casadecampoliving.com\/es\/#website"},"primaryImageOfPage":{"@id":"https:\/\/casadecampoliving.com\/es\/cultural-celebration-la-aldea-cultural-santa-rosa-de-lima\/#primaryimage"},"image":{"@id":"https:\/\/casadecampoliving.com\/es\/cultural-celebration-la-aldea-cultural-santa-rosa-de-lima\/#primaryimage"},"thumbnailUrl":"https:\/\/i0.wp.com\/casadecampoliving.com\/wp-content\/uploads\/2022\/10\/Frank-Luna-1.png?fit=650%2C450&ssl=1","datePublished":"2015-01-23T04:00:00+00:00","dateModified":"2022-10-21T23:00:25+00:00","description":"Ma\u00f1ana s\u00e1bado 24 de enero, el Ministerio de Cultura de la Rep\u00fablica Dominicana invita cordialmente a disfrutar del verdadero sabor de la cultura","breadcrumb":{"@id":"https:\/\/casadecampoliving.com\/es\/cultural-celebration-la-aldea-cultural-santa-rosa-de-lima\/#breadcrumb"},"inLanguage":"es","potentialAction":[{"@type":"ReadAction","target":["https:\/\/casadecampoliving.com\/es\/cultural-celebration-la-aldea-cultural-santa-rosa-de-lima\/"]}]},{"@type":"ImageObject","inLanguage":"es","@id":"https:\/\/casadecampoliving.com\/es\/cultural-celebration-la-aldea-cultural-santa-rosa-de-lima\/#primaryimage","url":"https:\/\/i0.wp.com\/casadecampoliving.com\/wp-content\/uploads\/2022\/10\/Frank-Luna-1.png?fit=650%2C450&ssl=1","contentUrl":"https:\/\/i0.wp.com\/casadecampoliving.com\/wp-content\/uploads\/2022\/10\/Frank-Luna-1.png?fit=650%2C450&ssl=1","width":650,"height":450},{"@type":"BreadcrumbList","@id":"https:\/\/casadecampoliving.com\/es\/cultural-celebration-la-aldea-cultural-santa-rosa-de-lima\/#breadcrumb","itemListElement":[{"@type":"ListItem","position":1,"name":"Home","item":"https:\/\/casadecampoliving.com\/es\/"},{"@type":"ListItem","position":2,"name":"Celebraci\u00f3n cultural en &#8220;La Aldea Cultural Santa Rosa de Lima&#8221;"}]},{"@type":"WebSite","@id":"https:\/\/casadecampoliving.com\/es\/#website","url":"https:\/\/casadecampoliving.com\/es\/","name":"Casa de Campo Living","description":"Resort community news and resources.","publisher":{"@id":"https:\/\/casadecampoliving.com\/es\/#organization"},"potentialAction":[{"@type":"SearchAction","target":{"@type":"EntryPoint","urlTemplate":"https:\/\/casadecampoliving.com\/es\/?s={search_term_string}"},"query-input":{"@type":"PropertyValueSpecification","valueRequired":true,"valueName":"search_term_string"}}],"inLanguage":"es"},{"@type":"Organization","@id":"https:\/\/casadecampoliving.com\/es\/#organization","name":"Casa de Campo Living","url":"https:\/\/casadecampoliving.com\/es\/","logo":{"@type":"ImageObject","inLanguage":"es","@id":"https:\/\/casadecampoliving.com\/es\/#\/schema\/logo\/image\/","url":"https:\/\/i0.wp.com\/casadecampoliving.com\/wp-content\/uploads\/2022\/07\/CDCLivingLogo_V1-white-sized.png?fit=800%2C214&ssl=1","contentUrl":"https:\/\/i0.wp.com\/casadecampoliving.com\/wp-content\/uploads\/2022\/07\/CDCLivingLogo_V1-white-sized.png?fit=800%2C214&ssl=1","width":800,"height":214,"caption":"Casa de Campo Living"},"image":{"@id":"https:\/\/casadecampoliving.com\/es\/#\/schema\/logo\/image\/"},"sameAs":["https:\/\/www.facebook.com\/casadecampoliving","https:\/\/x.com\/cdcliving"]},{"@type":"Person","@id":"https:\/\/casadecampoliving.com\/es\/#\/schema\/person\/c8efa6049510554b7d5fea078d728f72","name":"Perkin Agramonte","image":{"@type":"ImageObject","inLanguage":"es","@id":"https:\/\/secure.gravatar.com\/avatar\/57bfdafcae55fb83dbb79a1585a9eab7f269b7720fb0b64cb9a4e0cd2962fa10?s=96&d=mm&r=g","url":"https:\/\/secure.gravatar.com\/avatar\/57bfdafcae55fb83dbb79a1585a9eab7f269b7720fb0b64cb9a4e0cd2962fa10?s=96&d=mm&r=g","contentUrl":"https:\/\/secure.gravatar.com\/avatar\/57bfdafcae55fb83dbb79a1585a9eab7f269b7720fb0b64cb9a4e0cd2962fa10?s=96&d=mm&r=g","caption":"Perkin Agramonte"},"url":"https:\/\/casadecampoliving.com\/es\/author\/cagramonte\/"}]}},"parsely":{"version":"1.1.0","canonical_url":"https:\/\/casadecampoliving.com\/es\/cultural-celebration-la-aldea-cultural-santa-rosa-de-lima\/","smart_links":{"inbound":0,"outbound":0},"traffic_boost_suggestions_count":0,"meta":{"@context":"https:\/\/schema.org","@type":"NewsArticle","headline":"Celebraci\u00f3n cultural en \u00abLa Aldea Cultural Santa Rosa de Lima\u00bb","url":"http:\/\/casadecampoliving.com\/es\/cultural-celebration-la-aldea-cultural-santa-rosa-de-lima\/","mainEntityOfPage":{"@type":"WebPage","@id":"http:\/\/casadecampoliving.com\/es\/cultural-celebration-la-aldea-cultural-santa-rosa-de-lima\/"},"thumbnailUrl":"https:\/\/i0.wp.com\/casadecampoliving.com\/wp-content\/uploads\/2022\/10\/Frank-Luna-1.png?resize=150%2C150&ssl=1","image":{"@type":"ImageObject","url":"https:\/\/i0.wp.com\/casadecampoliving.com\/wp-content\/uploads\/2022\/10\/Frank-Luna-1.png?fit=650%2C450&ssl=1"},"articleSection":"Arte y cultura","author":[{"@type":"Person","name":"Perkin Agramonte"}],"creator":["Perkin Agramonte"],"publisher":{"@type":"Organization","name":"Casa de Campo Living","logo":"https:\/\/casadecampoliving.com\/wp-content\/uploads\/2022\/07\/CDCLivingLogo_V1-white-sized.png"},"keywords":["aldea cultural santa rosa de lima","casa de campo @es","casa de campo community @es","casa de campo resort @es"],"dateCreated":"2015-01-23T04:00:00Z","datePublished":"2015-01-23T04:00:00Z","dateModified":"2022-10-21T23:00:25Z"},"rendered":"<script type=\"application\/ld+json\" class=\"wp-parsely-metadata\">{\"@context\":\"https:\\\/\\\/schema.org\",\"@type\":\"NewsArticle\",\"headline\":\"Celebraci\\u00f3n cultural en \\u00abLa Aldea Cultural Santa Rosa de Lima\\u00bb\",\"url\":\"http:\\\/\\\/casadecampoliving.com\\\/es\\\/cultural-celebration-la-aldea-cultural-santa-rosa-de-lima\\\/\",\"mainEntityOfPage\":{\"@type\":\"WebPage\",\"@id\":\"http:\\\/\\\/casadecampoliving.com\\\/es\\\/cultural-celebration-la-aldea-cultural-santa-rosa-de-lima\\\/\"},\"thumbnailUrl\":\"https:\\\/\\\/i0.wp.com\\\/casadecampoliving.com\\\/wp-content\\\/uploads\\\/2022\\\/10\\\/Frank-Luna-1.png?resize=150%2C150&ssl=1\",\"image\":{\"@type\":\"ImageObject\",\"url\":\"https:\\\/\\\/i0.wp.com\\\/casadecampoliving.com\\\/wp-content\\\/uploads\\\/2022\\\/10\\\/Frank-Luna-1.png?fit=650%2C450&ssl=1\"},\"articleSection\":\"Arte y cultura\",\"author\":[{\"@type\":\"Person\",\"name\":\"Perkin Agramonte\"}],\"creator\":[\"Perkin Agramonte\"],\"publisher\":{\"@type\":\"Organization\",\"name\":\"Casa de Campo Living\",\"logo\":\"https:\\\/\\\/casadecampoliving.com\\\/wp-content\\\/uploads\\\/2022\\\/07\\\/CDCLivingLogo_V1-white-sized.png\"},\"keywords\":[\"aldea cultural santa rosa de lima\",\"casa de campo @es\",\"casa de campo community @es\",\"casa de campo resort @es\"],\"dateCreated\":\"2015-01-23T04:00:00Z\",\"datePublished\":\"2015-01-23T04:00:00Z\",\"dateModified\":\"2022-10-21T23:00:25Z\"}<\/script>","tracker_url":"https:\/\/cdn.parsely.com\/keys\/casadecampoliving.com\/p.js"},"jetpack_publicize_connections":[],"jetpack_featured_media_url":"https:\/\/i0.wp.com\/casadecampoliving.com\/wp-content\/uploads\/2022\/10\/Frank-Luna-1.png?fit=650%2C450&ssl=1","jetpack-related-posts":[{"id":347241,"url":"https:\/\/casadecampoliving.com\/es\/ballet-de-israel-en-la-aldea-cultural-santa-rosa-de-lima\/","url_meta":{"origin":346607,"position":0},"title":"Ballet de Israel en la Aldea Cultural Santa Rosa de Lima","author":"Perkin Agramonte","date":"20 Abr, 2015","format":false,"excerpt":"Este domingo 26 de abril de 2015, la Aldea Cultural Santa\u00a0Rosa de Lima continuar\u00e1 con su serie de presentaciones patrocinadas por el Ministerio de Cultura de la Rep\u00fablica Dominicana, y en esta ocasi\u00f3n nos invitan a una funci\u00f3n m\u00e1gica de ballet, donde todo el mundo podr\u00e1 disfrutar de una amplia\u2026","rel":"","context":"En \u00abArte y cultura\u00bb","block_context":{"text":"Arte y cultura","link":"https:\/\/casadecampoliving.com\/category\/arte-y-cultura\/"},"img":{"alt_text":"","src":"https:\/\/i0.wp.com\/casadecampoliving.com\/wp-content\/uploads\/2022\/10\/Untitled-design-5.png?fit=940%2C788&ssl=1&resize=350%2C200","width":350,"height":200,"srcset":"https:\/\/i0.wp.com\/casadecampoliving.com\/wp-content\/uploads\/2022\/10\/Untitled-design-5.png?fit=940%2C788&ssl=1&resize=350%2C200 1x, https:\/\/i0.wp.com\/casadecampoliving.com\/wp-content\/uploads\/2022\/10\/Untitled-design-5.png?fit=940%2C788&ssl=1&resize=525%2C300 1.5x, https:\/\/i0.wp.com\/casadecampoliving.com\/wp-content\/uploads\/2022\/10\/Untitled-design-5.png?fit=940%2C788&ssl=1&resize=700%2C400 2x"},"classes":[]},{"id":349176,"url":"https:\/\/casadecampoliving.com\/es\/propulsion-en-la-aldea-cultural-santa-rosa-de-lima\/","url_meta":{"origin":346607,"position":1},"title":"Propulsi\u00f3n en la Aldea Cultural Santa Rosa de Lima","author":"Perkin Agramonte","date":"11 Feb, 2016","format":false,"excerpt":"La Compa\u00f1\u00eda Nacional de Danza Contempor\u00e1nea (CNDC) del Ministerio de Cultura de Rep\u00fablica Dominicana presentar\u00e1 este s\u00e1bado, 13 de febrero en la Aldea Cultural Santa Rosa de Lima la obra llamada \u201cPropulsi\u00f3n\u201d . \u2018Propulsi\u00f3n\u2019 reflexiona sobre la circularidad natural de la vida, versus la ilusi\u00f3n de linealidad, entendida como progresi\u00f3n\u2026","rel":"","context":"En \u00abArte y cultura\u00bb","block_context":{"text":"Arte y cultura","link":"https:\/\/casadecampoliving.com\/category\/arte-y-cultura\/"},"img":{"alt_text":"","src":"https:\/\/i0.wp.com\/casadecampoliving.com\/wp-content\/uploads\/2022\/10\/PROPULSION-1-750x400-1.jpg?fit=750%2C400&ssl=1&resize=350%2C200","width":350,"height":200,"srcset":"https:\/\/i0.wp.com\/casadecampoliving.com\/wp-content\/uploads\/2022\/10\/PROPULSION-1-750x400-1.jpg?fit=750%2C400&ssl=1&resize=350%2C200 1x, https:\/\/i0.wp.com\/casadecampoliving.com\/wp-content\/uploads\/2022\/10\/PROPULSION-1-750x400-1.jpg?fit=750%2C400&ssl=1&resize=525%2C300 1.5x, https:\/\/i0.wp.com\/casadecampoliving.com\/wp-content\/uploads\/2022\/10\/PROPULSION-1-750x400-1.jpg?fit=750%2C400&ssl=1&resize=700%2C400 2x"},"classes":[]},{"id":345089,"url":"https:\/\/casadecampoliving.com\/es\/un-concierto-notable-para-abrir-la-aldea-cultural-santa-rosa-de-lima\/","url_meta":{"origin":346607,"position":2},"title":"Un concierto notable para abrir la Aldea Cultural Santa Rosa de Lima","author":"Daniela Medina","date":"10 Ago, 2014","format":false,"excerpt":"El mi\u00e9rcoles, 30 de julio, La Romana celebr\u00f3 la apertura del nuevo centro cultural, Aldea Cultural Santa Rosa de Lima. La inauguraci\u00f3n oficial tomo lugar a las 11am del mi\u00e9rcoles, y esa misma tarde las comunidades de La Romana y Casa de Campo fueron invitados a unirse a la celebraci\u00f3n\u2026","rel":"","context":"En \u00abArte y cultura\u00bb","block_context":{"text":"Arte y cultura","link":"https:\/\/casadecampoliving.com\/category\/arte-y-cultura\/"},"img":{"alt_text":"","src":"https:\/\/i0.wp.com\/casadecampoliving.com\/wp-content\/uploads\/2022\/10\/Concierto-Aldea-Cultural-1-1.jpg?fit=1024%2C768&ssl=1&resize=350%2C200","width":350,"height":200,"srcset":"https:\/\/i0.wp.com\/casadecampoliving.com\/wp-content\/uploads\/2022\/10\/Concierto-Aldea-Cultural-1-1.jpg?fit=1024%2C768&ssl=1&resize=350%2C200 1x, https:\/\/i0.wp.com\/casadecampoliving.com\/wp-content\/uploads\/2022\/10\/Concierto-Aldea-Cultural-1-1.jpg?fit=1024%2C768&ssl=1&resize=525%2C300 1.5x, https:\/\/i0.wp.com\/casadecampoliving.com\/wp-content\/uploads\/2022\/10\/Concierto-Aldea-Cultural-1-1.jpg?fit=1024%2C768&ssl=1&resize=700%2C400 2x"},"classes":[]},{"id":346899,"url":"https:\/\/casadecampoliving.com\/es\/ballet-nacional-dominicano-en-la-aldea-cultural-santa-rosa-de-lima\/","url_meta":{"origin":346607,"position":3},"title":"Ballet Nacional Dominicano en la Aldea Cultural Santa Rosa de Lima","author":"Perkin Agramonte","date":"7 Mar, 2015","format":false,"excerpt":"El pr\u00f3ximo s\u00e1bado 14 de marzo de 2015, la Aldea Santa Cultural Rosa de Lima y el Ministerio de Cultura de la Rep\u00fablica Dominicana le invitan a una funci\u00f3n m\u00e1gica de ballet en la Aldea Cultural Santa Rosa de Lima en La Romana, donde todo el mundo podr\u00e1 disfrutar de\u2026","rel":"","context":"En \u00abArte y cultura\u00bb","block_context":{"text":"Arte y cultura","link":"https:\/\/casadecampoliving.com\/category\/arte-y-cultura\/"},"img":{"alt_text":"","src":"https:\/\/i0.wp.com\/casadecampoliving.com\/wp-content\/uploads\/2022\/10\/Dominican_National_Ballet-1.jpg?fit=650%2C407&ssl=1&resize=350%2C200","width":350,"height":200,"srcset":"https:\/\/i0.wp.com\/casadecampoliving.com\/wp-content\/uploads\/2022\/10\/Dominican_National_Ballet-1.jpg?fit=650%2C407&ssl=1&resize=350%2C200 1x, https:\/\/i0.wp.com\/casadecampoliving.com\/wp-content\/uploads\/2022\/10\/Dominican_National_Ballet-1.jpg?fit=650%2C407&ssl=1&resize=525%2C300 1.5x"},"classes":[]},{"id":344966,"url":"https:\/\/casadecampoliving.com\/es\/aldea-cultural-santa-rosa-de-lima-se-abrira\/","url_meta":{"origin":346607,"position":4},"title":"Apertura de la Aldea Cultural Santa Rosa de Lima","author":"Katherine Calca\u00f1o","date":"25 Jul, 2014","format":false,"excerpt":"En Febrero del 2013, se dieron los primeros pasos\u00a0para transformar la vieja prisi\u00f3n \u201cLa Fortaleza\u201d a orillas del r\u00edo Salao en La Romana, en la Aldea Cultural Santa Rosa de Lima. Hoy, finalmente este sue\u00f1o se est\u00e1 convirtiendo en realidad. La Aldea Cultural Santa Rosa de Lima sera oficialmente inaugurada\u2026","rel":"","context":"En \u00abArte y cultura\u00bb","block_context":{"text":"Arte y cultura","link":"https:\/\/casadecampoliving.com\/category\/arte-y-cultura\/"},"img":{"alt_text":"aldea cultural sant rosa de lima","src":"https:\/\/i0.wp.com\/casadecampoliving.com\/wp-content\/uploads\/2022\/10\/aldea_cultural_santa_rosa_lima_la_romana-1.jpg?fit=650%2C335&ssl=1&resize=350%2C200","width":350,"height":200,"srcset":"https:\/\/i0.wp.com\/casadecampoliving.com\/wp-content\/uploads\/2022\/10\/aldea_cultural_santa_rosa_lima_la_romana-1.jpg?fit=650%2C335&ssl=1&resize=350%2C200 1x, https:\/\/i0.wp.com\/casadecampoliving.com\/wp-content\/uploads\/2022\/10\/aldea_cultural_santa_rosa_lima_la_romana-1.jpg?fit=650%2C335&ssl=1&resize=525%2C300 1.5x"},"classes":[]},{"id":345604,"url":"https:\/\/casadecampoliving.com\/es\/bailar-la-fiesta-de-baile-y-musica-folclorica-de-la-aldea-cultural-santa-rosa-de-lima\/","url_meta":{"origin":346607,"position":5},"title":"\u00a1A BAILAR! \u00a1La fiesta de baile y m\u00fasica folcl\u00f3rica de la Aldea Cultural Santa Rosa de Lima!","author":"Daniela Medina","date":"10 Oct, 2014","format":false,"excerpt":"La Aldea Cultural Santa Rosa de Lima les invita cordialmente y con mucho entusiasmo a la gran fiesta de apertura de la \u201cEscuela de Danzas y M\u00fasica Folcl\u00f3rica Dominicana\u201d dirigida por la Maestra Celeste Cruz, este s\u00e1bado 11 de Octubre a las 4:30 pm en la Aldea Cultural Santa Rosa\u2026","rel":"","context":"En \u00abArte y cultura\u00bb","block_context":{"text":"Arte y cultura","link":"https:\/\/casadecampoliving.com\/category\/arte-y-cultura\/"},"img":{"alt_text":"","src":"https:\/\/i0.wp.com\/casadecampoliving.com\/wp-content\/uploads\/2022\/10\/aldea-cultural-santa-rosa-de-lima-1.jpg?fit=800%2C534&ssl=1&resize=350%2C200","width":350,"height":200,"srcset":"https:\/\/i0.wp.com\/casadecampoliving.com\/wp-content\/uploads\/2022\/10\/aldea-cultural-santa-rosa-de-lima-1.jpg?fit=800%2C534&ssl=1&resize=350%2C200 1x, https:\/\/i0.wp.com\/casadecampoliving.com\/wp-content\/uploads\/2022\/10\/aldea-cultural-santa-rosa-de-lima-1.jpg?fit=800%2C534&ssl=1&resize=525%2C300 1.5x, https:\/\/i0.wp.com\/casadecampoliving.com\/wp-content\/uploads\/2022\/10\/aldea-cultural-santa-rosa-de-lima-1.jpg?fit=800%2C534&ssl=1&resize=700%2C400 2x"},"classes":[]}],"jetpack_sharing_enabled":true,"_links":{"self":[{"href":"https:\/\/casadecampoliving.com\/es\/wp-json\/wp\/v2\/posts\/346607","targetHints":{"allow":["GET"]}}],"collection":[{"href":"https:\/\/casadecampoliving.com\/es\/wp-json\/wp\/v2\/posts"}],"about":[{"href":"https:\/\/casadecampoliving.com\/es\/wp-json\/wp\/v2\/types\/post"}],"author":[{"embeddable":true,"href":"https:\/\/casadecampoliving.com\/es\/wp-json\/wp\/v2\/users\/1097"}],"replies":[{"embeddable":true,"href":"https:\/\/casadecampoliving.com\/es\/wp-json\/wp\/v2\/comments?post=346607"}],"version-history":[{"count":1,"href":"https:\/\/casadecampoliving.com\/es\/wp-json\/wp\/v2\/posts\/346607\/revisions"}],"predecessor-version":[{"id":346608,"href":"https:\/\/casadecampoliving.com\/es\/wp-json\/wp\/v2\/posts\/346607\/revisions\/346608"}],"wp:featuredmedia":[{"embeddable":true,"href":"https:\/\/casadecampoliving.com\/es\/wp-json\/wp\/v2\/media\/275676"}],"wp:attachment":[{"href":"https:\/\/casadecampoliving.com\/es\/wp-json\/wp\/v2\/media?parent=346607"}],"wp:term":[{"taxonomy":"category","embeddable":true,"href":"https:\/\/casadecampoliving.com\/es\/wp-json\/wp\/v2\/categories?post=346607"},{"taxonomy":"post_tag","embeddable":true,"href":"https:\/\/casadecampoliving.com\/es\/wp-json\/wp\/v2\/tags?post=346607"},{"taxonomy":"newspack_spnsrs_tax","embeddable":true,"href":"https:\/\/casadecampoliving.com\/es\/wp-json\/wp\/v2\/newspack_spnsrs_tax?post=346607"}],"curies":[{"name":"wp","href":"https:\/\/api.w.org\/{rel}","templated":true}]}}