{"id":346550,"date":"2015-01-16T00:00:00","date_gmt":"2015-01-16T04:00:00","guid":{"rendered":"https:\/\/casadecampoliving.com\/compra-para-fundacion-mir-en-cabana\/"},"modified":"2022-11-10T10:31:00","modified_gmt":"2022-11-10T14:31:00","slug":"compra-para-fundacion-mir-en-cabana","status":"publish","type":"post","link":"https:\/\/casadecampoliving.com\/es\/compra-para-fundacion-mir-en-cabana\/","title":{"rendered":"Compra para Fundaci\u00f3n MIR en Cabana"},"content":{"rendered":"<a href=\"https:\/\/i0.wp.com\/casadecampoliving.com\/wp-content\/uploads\/2022\/10\/good_cause_at_Cabana.jpg?ssl=1\"><img data-recalc-dims=\"1\" loading=\"lazy\" decoding=\"async\" class=\"aligncenter size-full wp-image-106408\" src=\"https:\/\/i0.wp.com\/casadecampoliving.com\/wp-content\/uploads\/2022\/10\/good_cause_at_Cabana.jpg?resize=640%2C462&#038;ssl=1\" alt=\"Good Cause at Cabana\" width=\"640\" height=\"462\" \/><\/a>!Comprar nunca se sinti\u00f3 mejor! Este fin de semana Cabana, Casa de Campo apoyar\u00e1 \u00abCompra por una Causa\u00bb donde una porci\u00f3n de sus ventas ser\u00e1 donada a la Fundaci\u00f3n MIR desde hoy, viernes 16 hasta el domingo 18 de enero.<!--more-->\n\n\u00bfEst\u00e1s lista para un fin de semana de compras? Como podr\u00e1s saber La Boutique de Saks 5th Ave &amp; Badgley Mischka con joyer\u00eda de\u00a0Roberto Coin Jewels esta abierta hoy, viernes 16 hasta el domingo 18 de enero en el Country Club de La Romana, y ahora tambi\u00e9n est\u00e1 \u00a0\u00abCompra por una Causa\u00bb apoyada\u00a0por Cabana, con una porci\u00f3n de las ventas donadas a la\u00a0Fundaci\u00f3n MIR.\n\n\u00bfBuena mercanc\u00eda y apoyar una buena causa? \u00bfQu\u00e9 otra excusa necesitas para tener tu vestimenta de primavera lista? Te recomendamos pasar por ambas La Boutique de Saks 5th Ave &amp; Badgley Mischka\u00a0con Joyer\u00eda de\u00a0Roberto Coin y por Cabana este fin de semana.\n\nY en caso de que necesites una raz\u00f3n para comprar- recuerda que ma\u00f1ana en la noche\u00a0 (s\u00e1bado 17 de enero) es la <a href=\"http:\/\/wp.me\/P1kvEy-rwv\">vig\u00e9sima quinta celebraci\u00f3n del aniversario de la Fundaci\u00f3n MIR con la Gala y Desfile de Modas Esplendor M\u00e1gico<\/a> en Casa Grande a las\u00a08pm, <a href=\"http:\/\/wp.me\/P1kvEy-rwv\">haz click aqu\u00ed para enterarte de m\u00e1s.<\/a>\n<h3>!Les deseamos a todos un buen fin de semana de compras!<\/h3>\n\n\n\n<blockquote><h3><strong>Cabana\u00a0\u00abCompra por una causa\u00bb<\/strong><\/h3>\nRopa a la moda, accesorios, regalos y accesorios para el hogar a\u2013 !todos a buen precio!\n\n<strong>Lugar:<\/strong>\u00a0La Romana Country Club \u00e1rea del gimnasio\n\n<strong>Horario:<\/strong>\u00a0Diario desde las 9am \u2013 4pm, cerrado los mi\u00e9rcoles. [Abierto hasta las 7pm, los d\u00edas viernes]\n\n<strong>Contacto:<\/strong>\u00a0anagrande@mac.com<\/blockquote>\n\n<blockquote><h3>Esplendor M\u00e1gico por Fundaci\u00f3n MIR<\/h3>\n<strong>Fecha: <\/strong>s\u00e1bado 17 de enero, 2015\n\n<strong>Lugar:<\/strong> Casa Grande, Casa de Campo\n\n<strong>Boletas:<\/strong>\n<ul>\n\t<li>US$7,500 Premium Runway mesa para 10<\/li>\n\t<li>US$1,000 Premium Gala Ticket<\/li>\n\t<li>US$500 Silver Gala Ticket<\/li>\n\t<li>US$300 Bronze Gala Ticket<\/li>\n\t<li>US$200 Golf Tournament Ticket<\/li>\n\t<li>US$150 Junior Ticket<\/li>\n<\/ul>\n<strong>Contactos:\u00a0<\/strong>\n<ul>\n\t<li>info@fundacionmir.org<\/li>\n\t<li>561.366.5095 (USA)<\/li>\n\t<li>809.523.8270 (DR)<\/li>\n<\/ul>\n<strong>Haga clic en las im\u00e1genes abajo para los formularios de reservaci\u00f3n:\u00a0<strong>\n<figure class=\"wp-block-gallery has-nested-images columns-default is-cropped wp-block-gallery-1 is-layout-flex wp-block-gallery-is-layout-flex\">\n<figure class=\"wp-block-image size-large\"><img data-recalc-dims=\"1\" loading=\"lazy\" decoding=\"async\" width=\"1275\" height=\"1650\" data-id=\"445166\" src=\"https:\/\/i0.wp.com\/casadecampoliving.com\/wp-content\/uploads\/2022\/10\/rsvp_english.jpg?resize=1275%2C1650&#038;ssl=1\" alt=\"\" class=\"wp-image-445166\" srcset=\"https:\/\/i0.wp.com\/casadecampoliving.com\/wp-content\/uploads\/2022\/10\/rsvp_english.jpg?w=1275&amp;ssl=1 1275w, https:\/\/i0.wp.com\/casadecampoliving.com\/wp-content\/uploads\/2022\/10\/rsvp_english.jpg?resize=232%2C300&amp;ssl=1 232w, https:\/\/i0.wp.com\/casadecampoliving.com\/wp-content\/uploads\/2022\/10\/rsvp_english.jpg?resize=791%2C1024&amp;ssl=1 791w, https:\/\/i0.wp.com\/casadecampoliving.com\/wp-content\/uploads\/2022\/10\/rsvp_english.jpg?resize=768%2C994&amp;ssl=1 768w, https:\/\/i0.wp.com\/casadecampoliving.com\/wp-content\/uploads\/2022\/10\/rsvp_english.jpg?resize=1187%2C1536&amp;ssl=1 1187w, https:\/\/i0.wp.com\/casadecampoliving.com\/wp-content\/uploads\/2022\/10\/rsvp_english.jpg?resize=1200%2C1553&amp;ssl=1 1200w, https:\/\/i0.wp.com\/casadecampoliving.com\/wp-content\/uploads\/2022\/10\/rsvp_english.jpg?resize=400%2C518&amp;ssl=1 400w, https:\/\/i0.wp.com\/casadecampoliving.com\/wp-content\/uploads\/2022\/10\/rsvp_english.jpg?resize=706%2C914&amp;ssl=1 706w, https:\/\/i0.wp.com\/casadecampoliving.com\/wp-content\/uploads\/2022\/10\/rsvp_english.jpg?resize=150%2C194&amp;ssl=1 150w, https:\/\/i0.wp.com\/casadecampoliving.com\/wp-content\/uploads\/2022\/10\/rsvp_english.jpg?w=370&amp;ssl=1 370w\" sizes=\"auto, (max-width: 1000px) 100vw, 1000px\" \/><\/figure>\n\n\n\n<figure class=\"wp-block-image size-large\"><img data-recalc-dims=\"1\" loading=\"lazy\" decoding=\"async\" width=\"1275\" height=\"1650\" data-id=\"445185\" src=\"https:\/\/i0.wp.com\/casadecampoliving.com\/wp-content\/uploads\/2022\/10\/rsvp_english_sponsor-options.jpg?resize=1275%2C1650&#038;ssl=1\" alt=\"\" class=\"wp-image-445185\" srcset=\"https:\/\/i0.wp.com\/casadecampoliving.com\/wp-content\/uploads\/2022\/10\/rsvp_english_sponsor-options.jpg?w=1275&amp;ssl=1 1275w, https:\/\/i0.wp.com\/casadecampoliving.com\/wp-content\/uploads\/2022\/10\/rsvp_english_sponsor-options.jpg?resize=232%2C300&amp;ssl=1 232w, https:\/\/i0.wp.com\/casadecampoliving.com\/wp-content\/uploads\/2022\/10\/rsvp_english_sponsor-options.jpg?resize=791%2C1024&amp;ssl=1 791w, https:\/\/i0.wp.com\/casadecampoliving.com\/wp-content\/uploads\/2022\/10\/rsvp_english_sponsor-options.jpg?resize=768%2C994&amp;ssl=1 768w, https:\/\/i0.wp.com\/casadecampoliving.com\/wp-content\/uploads\/2022\/10\/rsvp_english_sponsor-options.jpg?resize=1187%2C1536&amp;ssl=1 1187w, https:\/\/i0.wp.com\/casadecampoliving.com\/wp-content\/uploads\/2022\/10\/rsvp_english_sponsor-options.jpg?resize=1200%2C1553&amp;ssl=1 1200w, https:\/\/i0.wp.com\/casadecampoliving.com\/wp-content\/uploads\/2022\/10\/rsvp_english_sponsor-options.jpg?resize=400%2C518&amp;ssl=1 400w, https:\/\/i0.wp.com\/casadecampoliving.com\/wp-content\/uploads\/2022\/10\/rsvp_english_sponsor-options.jpg?resize=706%2C914&amp;ssl=1 706w, https:\/\/i0.wp.com\/casadecampoliving.com\/wp-content\/uploads\/2022\/10\/rsvp_english_sponsor-options.jpg?resize=150%2C194&amp;ssl=1 150w, https:\/\/i0.wp.com\/casadecampoliving.com\/wp-content\/uploads\/2022\/10\/rsvp_english_sponsor-options.jpg?w=370&amp;ssl=1 370w\" sizes=\"auto, (max-width: 1000px) 100vw, 1000px\" \/><\/figure>\n<\/figure>\n<\/strong><\/strong><\/blockquote>\n<img data-recalc-dims=\"1\" loading=\"lazy\" decoding=\"async\" class=\"aligncenter size-full wp-image-105449\" src=\"https:\/\/i0.wp.com\/casadecampoliving.com\/wp-content\/uploads\/2022\/10\/Fundacion-MIR_Magical_Splendor_Gala.jpg?resize=640%2C896&#038;ssl=1\" alt=\"Fundacion MIR, Magical Splendor Gala\" width=\"640\" height=\"896\" \/><\/blockquote>","protected":false},"excerpt":{"rendered":"<p>!Comprar nunca se sinti\u00f3 mejor! Este fin de semana Cabana, Casa de Campo apoyar\u00e1 \u00abCompra por una Causa\u00bb donde una porci\u00f3n de sus ventas ser\u00e1 donada a la Fundaci\u00f3n MIR desde hoy, viernes 16 hasta el domingo 18 de enero.<\/p>\n","protected":false},"author":33461,"featured_media":274795,"comment_status":"closed","ping_status":"closed","sticky":false,"template":"","format":"standard","meta":{"newspack_ads_suppress_ads":false,"newspack_popups_has_disabled_popups":false,"newspack_sponsor_sponsorship_scope":"","newspack_sponsor_native_byline_display":"inherit","newspack_sponsor_native_category_display":"inherit","newspack_sponsor_underwriter_style":"inherit","newspack_sponsor_underwriter_placement":"inherit","_newspack_byline_active":false,"_newspack_byline":"","newspack_hide_updated_date":false,"newspack_show_updated_date":false,"newspack_content_restriction_is_exempt":false,"newspack_featured_image_position":"","newspack_post_subtitle":"","newspack_article_summary_title":"Overview:","newspack_article_summary":"","_jetpack_memberships_contains_paid_content":false,"footnotes":"","jetpack_publicize_message":"","jetpack_publicize_feature_enabled":true,"jetpack_social_post_already_shared":false,"jetpack_social_options":{"image_generator_settings":{"template":"highway","default_image_id":0,"font":"","enabled":false},"version":2},"_wpas_customize_per_network":false},"categories":[2522,2515,2528,14631,14625,2514,2530,14627],"tags":[1710,4879,23815,3227,3577,24715,3734,11555,11808],"newspack_spnsrs_tax":[],"class_list":["post-346550","post","type-post","status-publish","format-standard","has-post-thumbnail","hentry","category-eventos-es","category-fundacion-mir-es","category-country-club-la-romana-es","category-estilo-de-vida","category-noticias-locales","category-fundaciones-es","category-compras-es","category-proximamente","tag-badgley-mischka","tag-cabana","tag-casa-de-campo-es-17","tag-esplendor-magico-por-la-vida","tag-fundacion-mir-es-2","tag-fundacion-mir-es","tag-la-romana-country-club-es","tag-roberto-coin","tag-saks-fifth-avenue","entry"],"yoast_head":"<!-- This site is optimized with the Yoast SEO plugin v27.5 - https:\/\/yoast.com\/product\/yoast-seo-wordpress\/ -->\n<title>Compra para Fundaci\u00f3n MIR en Cabana | Casa de Campo Living<\/title>\n<meta name=\"description\" content=\"!Comprar nunca se sinti\u00f3 mejor! Este fin de semana Cabana, Casa de Campo apoyar\u00e1 &quot;Compra por una Causa&quot; donde una porci\u00f3n de sus ventas ser\u00e1 donada a la\" \/>\n<meta name=\"robots\" content=\"index, follow, max-snippet:-1, max-image-preview:large, max-video-preview:-1\" \/>\n<link rel=\"canonical\" href=\"https:\/\/casadecampoliving.com\/es\/compra-para-fundacion-mir-en-cabana\/\" \/>\n<meta property=\"og:locale\" content=\"es_ES\" \/>\n<meta property=\"og:type\" content=\"article\" \/>\n<meta property=\"og:title\" content=\"Compra para Fundaci\u00f3n MIR en Cabana | Casa de Campo Living\" \/>\n<meta property=\"og:description\" content=\"!Comprar nunca se sinti\u00f3 mejor! Este fin de semana Cabana, Casa de Campo apoyar\u00e1 &quot;Compra por una Causa&quot; donde una porci\u00f3n de sus ventas ser\u00e1 donada a la\" \/>\n<meta property=\"og:url\" content=\"https:\/\/casadecampoliving.com\/es\/compra-para-fundacion-mir-en-cabana\/\" \/>\n<meta property=\"og:site_name\" content=\"Casa de Campo Living\" \/>\n<meta property=\"article:publisher\" content=\"https:\/\/www.facebook.com\/casadecampoliving\" \/>\n<meta property=\"article:published_time\" content=\"2015-01-16T04:00:00+00:00\" \/>\n<meta property=\"article:modified_time\" content=\"2022-11-10T14:31:00+00:00\" \/>\n<meta property=\"og:image\" content=\"https:\/\/i0.wp.com\/casadecampoliving.com\/wp-content\/uploads\/2022\/10\/good_cause_at_Cabana-1.jpg?fit=640%2C462&ssl=1\" \/>\n\t<meta property=\"og:image:width\" content=\"640\" \/>\n\t<meta property=\"og:image:height\" content=\"462\" \/>\n\t<meta property=\"og:image:type\" content=\"image\/jpeg\" \/>\n<meta name=\"author\" content=\"Esther Dariet Cazanova\" \/>\n<meta name=\"twitter:card\" content=\"summary_large_image\" \/>\n<meta name=\"twitter:creator\" content=\"@cdcliving\" \/>\n<meta name=\"twitter:site\" content=\"@cdcliving\" \/>\n<meta name=\"twitter:label1\" content=\"Escrito por\" \/>\n\t<meta name=\"twitter:data1\" content=\"Esther Dariet Cazanova\" \/>\n\t<meta name=\"twitter:label2\" content=\"Tiempo de lectura\" \/>\n\t<meta name=\"twitter:data2\" content=\"2 minutos\" \/>\n<script type=\"application\/ld+json\" class=\"yoast-schema-graph\">{\"@context\":\"https:\\\/\\\/schema.org\",\"@graph\":[{\"@type\":\"Article\",\"@id\":\"https:\\\/\\\/casadecampoliving.com\\\/es\\\/compra-para-fundacion-mir-en-cabana\\\/#article\",\"isPartOf\":{\"@id\":\"https:\\\/\\\/casadecampoliving.com\\\/es\\\/compra-para-fundacion-mir-en-cabana\\\/\"},\"author\":{\"name\":\"Esther Dariet Cazanova\",\"@id\":\"https:\\\/\\\/casadecampoliving.com\\\/es\\\/#\\\/schema\\\/person\\\/2ca7e4a1f56a8ac8eef9eca15a995d24\"},\"headline\":\"Compra para Fundaci\u00f3n MIR en Cabana\",\"datePublished\":\"2015-01-16T04:00:00+00:00\",\"dateModified\":\"2022-11-10T14:31:00+00:00\",\"mainEntityOfPage\":{\"@id\":\"https:\\\/\\\/casadecampoliving.com\\\/es\\\/compra-para-fundacion-mir-en-cabana\\\/\"},\"wordCount\":348,\"publisher\":{\"@id\":\"https:\\\/\\\/casadecampoliving.com\\\/es\\\/#organization\"},\"image\":{\"@id\":\"https:\\\/\\\/casadecampoliving.com\\\/es\\\/compra-para-fundacion-mir-en-cabana\\\/#primaryimage\"},\"thumbnailUrl\":\"https:\\\/\\\/i0.wp.com\\\/casadecampoliving.com\\\/wp-content\\\/uploads\\\/2022\\\/10\\\/good_cause_at_Cabana-1.jpg?fit=640%2C462&ssl=1\",\"keywords\":[\"Badgley Mischka\",\"cabana\",\"Casa de Campo\",\"esplendor magico por la vida\",\"Fundacion MIR @es\",\"Fundacion MIR\",\"la romana country club @es\",\"Roberto Coin\",\"Saks Fifth Avenue\"],\"articleSection\":[\"Eventos\",\"Fundaci\u00f3n MIR @es\",\"Country Club La Romana\",\"Estilo de Vida\",\"Noticias Locales\",\"Fundaciones\",\"Compras\",\"Proximamente\"],\"inLanguage\":\"es\"},{\"@type\":\"WebPage\",\"@id\":\"https:\\\/\\\/casadecampoliving.com\\\/es\\\/compra-para-fundacion-mir-en-cabana\\\/\",\"url\":\"https:\\\/\\\/casadecampoliving.com\\\/es\\\/compra-para-fundacion-mir-en-cabana\\\/\",\"name\":\"Compra para Fundaci\u00f3n MIR en Cabana | Casa de Campo Living\",\"isPartOf\":{\"@id\":\"https:\\\/\\\/casadecampoliving.com\\\/es\\\/#website\"},\"primaryImageOfPage\":{\"@id\":\"https:\\\/\\\/casadecampoliving.com\\\/es\\\/compra-para-fundacion-mir-en-cabana\\\/#primaryimage\"},\"image\":{\"@id\":\"https:\\\/\\\/casadecampoliving.com\\\/es\\\/compra-para-fundacion-mir-en-cabana\\\/#primaryimage\"},\"thumbnailUrl\":\"https:\\\/\\\/i0.wp.com\\\/casadecampoliving.com\\\/wp-content\\\/uploads\\\/2022\\\/10\\\/good_cause_at_Cabana-1.jpg?fit=640%2C462&ssl=1\",\"datePublished\":\"2015-01-16T04:00:00+00:00\",\"dateModified\":\"2022-11-10T14:31:00+00:00\",\"description\":\"!Comprar nunca se sinti\u00f3 mejor! Este fin de semana Cabana, Casa de Campo apoyar\u00e1 \\\"Compra por una Causa\\\" donde una porci\u00f3n de sus ventas ser\u00e1 donada a la\",\"breadcrumb\":{\"@id\":\"https:\\\/\\\/casadecampoliving.com\\\/es\\\/compra-para-fundacion-mir-en-cabana\\\/#breadcrumb\"},\"inLanguage\":\"es\",\"potentialAction\":[{\"@type\":\"ReadAction\",\"target\":[\"https:\\\/\\\/casadecampoliving.com\\\/es\\\/compra-para-fundacion-mir-en-cabana\\\/\"]}]},{\"@type\":\"ImageObject\",\"inLanguage\":\"es\",\"@id\":\"https:\\\/\\\/casadecampoliving.com\\\/es\\\/compra-para-fundacion-mir-en-cabana\\\/#primaryimage\",\"url\":\"https:\\\/\\\/i0.wp.com\\\/casadecampoliving.com\\\/wp-content\\\/uploads\\\/2022\\\/10\\\/good_cause_at_Cabana-1.jpg?fit=640%2C462&ssl=1\",\"contentUrl\":\"https:\\\/\\\/i0.wp.com\\\/casadecampoliving.com\\\/wp-content\\\/uploads\\\/2022\\\/10\\\/good_cause_at_Cabana-1.jpg?fit=640%2C462&ssl=1\",\"width\":640,\"height\":462,\"caption\":\"Good Cause at Cabana\"},{\"@type\":\"BreadcrumbList\",\"@id\":\"https:\\\/\\\/casadecampoliving.com\\\/es\\\/compra-para-fundacion-mir-en-cabana\\\/#breadcrumb\",\"itemListElement\":[{\"@type\":\"ListItem\",\"position\":1,\"name\":\"Home\",\"item\":\"https:\\\/\\\/casadecampoliving.com\\\/es\\\/\"},{\"@type\":\"ListItem\",\"position\":2,\"name\":\"Compra para Fundaci\u00f3n MIR en Cabana\"}]},{\"@type\":\"WebSite\",\"@id\":\"https:\\\/\\\/casadecampoliving.com\\\/es\\\/#website\",\"url\":\"https:\\\/\\\/casadecampoliving.com\\\/es\\\/\",\"name\":\"Casa de Campo Living\",\"description\":\"Resort community news and resources.\",\"publisher\":{\"@id\":\"https:\\\/\\\/casadecampoliving.com\\\/es\\\/#organization\"},\"potentialAction\":[{\"@type\":\"SearchAction\",\"target\":{\"@type\":\"EntryPoint\",\"urlTemplate\":\"https:\\\/\\\/casadecampoliving.com\\\/es\\\/?s={search_term_string}\"},\"query-input\":{\"@type\":\"PropertyValueSpecification\",\"valueRequired\":true,\"valueName\":\"search_term_string\"}}],\"inLanguage\":\"es\"},{\"@type\":\"Organization\",\"@id\":\"https:\\\/\\\/casadecampoliving.com\\\/es\\\/#organization\",\"name\":\"Casa de Campo Living\",\"url\":\"https:\\\/\\\/casadecampoliving.com\\\/es\\\/\",\"logo\":{\"@type\":\"ImageObject\",\"inLanguage\":\"es\",\"@id\":\"https:\\\/\\\/casadecampoliving.com\\\/es\\\/#\\\/schema\\\/logo\\\/image\\\/\",\"url\":\"https:\\\/\\\/i0.wp.com\\\/casadecampoliving.com\\\/wp-content\\\/uploads\\\/2022\\\/07\\\/CDCLivingLogo_V1-white-sized.png?fit=800%2C214&ssl=1\",\"contentUrl\":\"https:\\\/\\\/i0.wp.com\\\/casadecampoliving.com\\\/wp-content\\\/uploads\\\/2022\\\/07\\\/CDCLivingLogo_V1-white-sized.png?fit=800%2C214&ssl=1\",\"width\":800,\"height\":214,\"caption\":\"Casa de Campo Living\"},\"image\":{\"@id\":\"https:\\\/\\\/casadecampoliving.com\\\/es\\\/#\\\/schema\\\/logo\\\/image\\\/\"},\"sameAs\":[\"https:\\\/\\\/www.facebook.com\\\/casadecampoliving\",\"https:\\\/\\\/x.com\\\/cdcliving\"]},{\"@type\":\"Person\",\"@id\":\"https:\\\/\\\/casadecampoliving.com\\\/es\\\/#\\\/schema\\\/person\\\/2ca7e4a1f56a8ac8eef9eca15a995d24\",\"name\":\"Esther Dariet Cazanova\",\"image\":{\"@type\":\"ImageObject\",\"inLanguage\":\"es\",\"@id\":\"https:\\\/\\\/secure.gravatar.com\\\/avatar\\\/72b7b72b3d3cb7950e2004fb83ef2e9e40177b9f1cb00226aee65904879073b6?s=96&d=mm&r=g\",\"url\":\"https:\\\/\\\/secure.gravatar.com\\\/avatar\\\/72b7b72b3d3cb7950e2004fb83ef2e9e40177b9f1cb00226aee65904879073b6?s=96&d=mm&r=g\",\"contentUrl\":\"https:\\\/\\\/secure.gravatar.com\\\/avatar\\\/72b7b72b3d3cb7950e2004fb83ef2e9e40177b9f1cb00226aee65904879073b6?s=96&d=mm&r=g\",\"caption\":\"Esther Dariet Cazanova\"},\"url\":\"https:\\\/\\\/casadecampoliving.com\\\/es\\\/author\\\/ecazanova\\\/\"}]}<\/script>\n<!-- \/ Yoast SEO plugin. -->","yoast_head_json":{"title":"Compra para Fundaci\u00f3n MIR en Cabana | Casa de Campo Living","description":"!Comprar nunca se sinti\u00f3 mejor! Este fin de semana Cabana, Casa de Campo apoyar\u00e1 \"Compra por una Causa\" donde una porci\u00f3n de sus ventas ser\u00e1 donada a la","robots":{"index":"index","follow":"follow","max-snippet":"max-snippet:-1","max-image-preview":"max-image-preview:large","max-video-preview":"max-video-preview:-1"},"canonical":"https:\/\/casadecampoliving.com\/es\/compra-para-fundacion-mir-en-cabana\/","og_locale":"es_ES","og_type":"article","og_title":"Compra para Fundaci\u00f3n MIR en Cabana | Casa de Campo Living","og_description":"!Comprar nunca se sinti\u00f3 mejor! Este fin de semana Cabana, Casa de Campo apoyar\u00e1 \"Compra por una Causa\" donde una porci\u00f3n de sus ventas ser\u00e1 donada a la","og_url":"https:\/\/casadecampoliving.com\/es\/compra-para-fundacion-mir-en-cabana\/","og_site_name":"Casa de Campo Living","article_publisher":"https:\/\/www.facebook.com\/casadecampoliving","article_published_time":"2015-01-16T04:00:00+00:00","article_modified_time":"2022-11-10T14:31:00+00:00","og_image":[{"width":640,"height":462,"url":"https:\/\/i0.wp.com\/casadecampoliving.com\/wp-content\/uploads\/2022\/10\/good_cause_at_Cabana-1.jpg?fit=640%2C462&ssl=1","type":"image\/jpeg"}],"author":"Esther Dariet Cazanova","twitter_card":"summary_large_image","twitter_creator":"@cdcliving","twitter_site":"@cdcliving","twitter_misc":{"Escrito por":"Esther Dariet Cazanova","Tiempo de lectura":"2 minutos"},"schema":{"@context":"https:\/\/schema.org","@graph":[{"@type":"Article","@id":"https:\/\/casadecampoliving.com\/es\/compra-para-fundacion-mir-en-cabana\/#article","isPartOf":{"@id":"https:\/\/casadecampoliving.com\/es\/compra-para-fundacion-mir-en-cabana\/"},"author":{"name":"Esther Dariet Cazanova","@id":"https:\/\/casadecampoliving.com\/es\/#\/schema\/person\/2ca7e4a1f56a8ac8eef9eca15a995d24"},"headline":"Compra para Fundaci\u00f3n MIR en Cabana","datePublished":"2015-01-16T04:00:00+00:00","dateModified":"2022-11-10T14:31:00+00:00","mainEntityOfPage":{"@id":"https:\/\/casadecampoliving.com\/es\/compra-para-fundacion-mir-en-cabana\/"},"wordCount":348,"publisher":{"@id":"https:\/\/casadecampoliving.com\/es\/#organization"},"image":{"@id":"https:\/\/casadecampoliving.com\/es\/compra-para-fundacion-mir-en-cabana\/#primaryimage"},"thumbnailUrl":"https:\/\/i0.wp.com\/casadecampoliving.com\/wp-content\/uploads\/2022\/10\/good_cause_at_Cabana-1.jpg?fit=640%2C462&ssl=1","keywords":["Badgley Mischka","cabana","Casa de Campo","esplendor magico por la vida","Fundacion MIR @es","Fundacion MIR","la romana country club @es","Roberto Coin","Saks Fifth Avenue"],"articleSection":["Eventos","Fundaci\u00f3n MIR @es","Country Club La Romana","Estilo de Vida","Noticias Locales","Fundaciones","Compras","Proximamente"],"inLanguage":"es"},{"@type":"WebPage","@id":"https:\/\/casadecampoliving.com\/es\/compra-para-fundacion-mir-en-cabana\/","url":"https:\/\/casadecampoliving.com\/es\/compra-para-fundacion-mir-en-cabana\/","name":"Compra para Fundaci\u00f3n MIR en Cabana | Casa de Campo Living","isPartOf":{"@id":"https:\/\/casadecampoliving.com\/es\/#website"},"primaryImageOfPage":{"@id":"https:\/\/casadecampoliving.com\/es\/compra-para-fundacion-mir-en-cabana\/#primaryimage"},"image":{"@id":"https:\/\/casadecampoliving.com\/es\/compra-para-fundacion-mir-en-cabana\/#primaryimage"},"thumbnailUrl":"https:\/\/i0.wp.com\/casadecampoliving.com\/wp-content\/uploads\/2022\/10\/good_cause_at_Cabana-1.jpg?fit=640%2C462&ssl=1","datePublished":"2015-01-16T04:00:00+00:00","dateModified":"2022-11-10T14:31:00+00:00","description":"!Comprar nunca se sinti\u00f3 mejor! Este fin de semana Cabana, Casa de Campo apoyar\u00e1 \"Compra por una Causa\" donde una porci\u00f3n de sus ventas ser\u00e1 donada a la","breadcrumb":{"@id":"https:\/\/casadecampoliving.com\/es\/compra-para-fundacion-mir-en-cabana\/#breadcrumb"},"inLanguage":"es","potentialAction":[{"@type":"ReadAction","target":["https:\/\/casadecampoliving.com\/es\/compra-para-fundacion-mir-en-cabana\/"]}]},{"@type":"ImageObject","inLanguage":"es","@id":"https:\/\/casadecampoliving.com\/es\/compra-para-fundacion-mir-en-cabana\/#primaryimage","url":"https:\/\/i0.wp.com\/casadecampoliving.com\/wp-content\/uploads\/2022\/10\/good_cause_at_Cabana-1.jpg?fit=640%2C462&ssl=1","contentUrl":"https:\/\/i0.wp.com\/casadecampoliving.com\/wp-content\/uploads\/2022\/10\/good_cause_at_Cabana-1.jpg?fit=640%2C462&ssl=1","width":640,"height":462,"caption":"Good Cause at Cabana"},{"@type":"BreadcrumbList","@id":"https:\/\/casadecampoliving.com\/es\/compra-para-fundacion-mir-en-cabana\/#breadcrumb","itemListElement":[{"@type":"ListItem","position":1,"name":"Home","item":"https:\/\/casadecampoliving.com\/es\/"},{"@type":"ListItem","position":2,"name":"Compra para Fundaci\u00f3n MIR en Cabana"}]},{"@type":"WebSite","@id":"https:\/\/casadecampoliving.com\/es\/#website","url":"https:\/\/casadecampoliving.com\/es\/","name":"Casa de Campo Living","description":"Resort community news and resources.","publisher":{"@id":"https:\/\/casadecampoliving.com\/es\/#organization"},"potentialAction":[{"@type":"SearchAction","target":{"@type":"EntryPoint","urlTemplate":"https:\/\/casadecampoliving.com\/es\/?s={search_term_string}"},"query-input":{"@type":"PropertyValueSpecification","valueRequired":true,"valueName":"search_term_string"}}],"inLanguage":"es"},{"@type":"Organization","@id":"https:\/\/casadecampoliving.com\/es\/#organization","name":"Casa de Campo Living","url":"https:\/\/casadecampoliving.com\/es\/","logo":{"@type":"ImageObject","inLanguage":"es","@id":"https:\/\/casadecampoliving.com\/es\/#\/schema\/logo\/image\/","url":"https:\/\/i0.wp.com\/casadecampoliving.com\/wp-content\/uploads\/2022\/07\/CDCLivingLogo_V1-white-sized.png?fit=800%2C214&ssl=1","contentUrl":"https:\/\/i0.wp.com\/casadecampoliving.com\/wp-content\/uploads\/2022\/07\/CDCLivingLogo_V1-white-sized.png?fit=800%2C214&ssl=1","width":800,"height":214,"caption":"Casa de Campo Living"},"image":{"@id":"https:\/\/casadecampoliving.com\/es\/#\/schema\/logo\/image\/"},"sameAs":["https:\/\/www.facebook.com\/casadecampoliving","https:\/\/x.com\/cdcliving"]},{"@type":"Person","@id":"https:\/\/casadecampoliving.com\/es\/#\/schema\/person\/2ca7e4a1f56a8ac8eef9eca15a995d24","name":"Esther Dariet Cazanova","image":{"@type":"ImageObject","inLanguage":"es","@id":"https:\/\/secure.gravatar.com\/avatar\/72b7b72b3d3cb7950e2004fb83ef2e9e40177b9f1cb00226aee65904879073b6?s=96&d=mm&r=g","url":"https:\/\/secure.gravatar.com\/avatar\/72b7b72b3d3cb7950e2004fb83ef2e9e40177b9f1cb00226aee65904879073b6?s=96&d=mm&r=g","contentUrl":"https:\/\/secure.gravatar.com\/avatar\/72b7b72b3d3cb7950e2004fb83ef2e9e40177b9f1cb00226aee65904879073b6?s=96&d=mm&r=g","caption":"Esther Dariet Cazanova"},"url":"https:\/\/casadecampoliving.com\/es\/author\/ecazanova\/"}]}},"parsely":{"version":"1.1.0","canonical_url":"https:\/\/casadecampoliving.com\/es\/compra-para-fundacion-mir-en-cabana\/","smart_links":{"inbound":0,"outbound":0},"traffic_boost_suggestions_count":0,"meta":{"@context":"https:\/\/schema.org","@type":"NewsArticle","headline":"Compra para Fundaci\u00f3n MIR en Cabana","url":"http:\/\/casadecampoliving.com\/es\/compra-para-fundacion-mir-en-cabana\/","mainEntityOfPage":{"@type":"WebPage","@id":"http:\/\/casadecampoliving.com\/es\/compra-para-fundacion-mir-en-cabana\/"},"thumbnailUrl":"https:\/\/i0.wp.com\/casadecampoliving.com\/wp-content\/uploads\/2022\/10\/good_cause_at_Cabana-1.jpg?resize=150%2C150&ssl=1","image":{"@type":"ImageObject","url":"https:\/\/i0.wp.com\/casadecampoliving.com\/wp-content\/uploads\/2022\/10\/good_cause_at_Cabana-1.jpg?fit=640%2C462&ssl=1"},"articleSection":"Eventos","author":[{"@type":"Person","name":"Esther Dariet Cazanova"}],"creator":["Esther Dariet Cazanova"],"publisher":{"@type":"Organization","name":"Casa de Campo Living","logo":"https:\/\/casadecampoliving.com\/wp-content\/uploads\/2022\/07\/CDCLivingLogo_V1-white-sized.png"},"keywords":["badgley mischka","cabana","casa de campo","esplendor magico por la vida","fundacion mir","la romana country club @es","roberto coin","saks fifth avenue"],"dateCreated":"2015-01-16T04:00:00Z","datePublished":"2015-01-16T04:00:00Z","dateModified":"2022-11-10T14:31:00Z"},"rendered":"<script type=\"application\/ld+json\" class=\"wp-parsely-metadata\">{\"@context\":\"https:\\\/\\\/schema.org\",\"@type\":\"NewsArticle\",\"headline\":\"Compra para Fundaci\\u00f3n MIR en Cabana\",\"url\":\"http:\\\/\\\/casadecampoliving.com\\\/es\\\/compra-para-fundacion-mir-en-cabana\\\/\",\"mainEntityOfPage\":{\"@type\":\"WebPage\",\"@id\":\"http:\\\/\\\/casadecampoliving.com\\\/es\\\/compra-para-fundacion-mir-en-cabana\\\/\"},\"thumbnailUrl\":\"https:\\\/\\\/i0.wp.com\\\/casadecampoliving.com\\\/wp-content\\\/uploads\\\/2022\\\/10\\\/good_cause_at_Cabana-1.jpg?resize=150%2C150&ssl=1\",\"image\":{\"@type\":\"ImageObject\",\"url\":\"https:\\\/\\\/i0.wp.com\\\/casadecampoliving.com\\\/wp-content\\\/uploads\\\/2022\\\/10\\\/good_cause_at_Cabana-1.jpg?fit=640%2C462&ssl=1\"},\"articleSection\":\"Eventos\",\"author\":[{\"@type\":\"Person\",\"name\":\"Esther Dariet Cazanova\"}],\"creator\":[\"Esther Dariet Cazanova\"],\"publisher\":{\"@type\":\"Organization\",\"name\":\"Casa de Campo Living\",\"logo\":\"https:\\\/\\\/casadecampoliving.com\\\/wp-content\\\/uploads\\\/2022\\\/07\\\/CDCLivingLogo_V1-white-sized.png\"},\"keywords\":[\"badgley mischka\",\"cabana\",\"casa de campo\",\"esplendor magico por la vida\",\"fundacion mir\",\"la romana country club @es\",\"roberto coin\",\"saks fifth avenue\"],\"dateCreated\":\"2015-01-16T04:00:00Z\",\"datePublished\":\"2015-01-16T04:00:00Z\",\"dateModified\":\"2022-11-10T14:31:00Z\"}<\/script>","tracker_url":"https:\/\/cdn.parsely.com\/keys\/casadecampoliving.com\/p.js"},"jetpack_publicize_connections":[],"jetpack_featured_media_url":"https:\/\/i0.wp.com\/casadecampoliving.com\/wp-content\/uploads\/2022\/10\/good_cause_at_Cabana-1.jpg?fit=640%2C462&ssl=1","jetpack-related-posts":[{"id":346509,"url":"https:\/\/casadecampoliving.com\/es\/saks-5th-ave-badgley-mischka-casa-de-campo-2\/","url_meta":{"origin":346550,"position":0},"title":"Saks 5th Ave &#038; Badgley Mischka Boutique abre esta semana en Casa de Campo","author":"Esther Dariet Cazanova","date":"13 Ene, 2015","format":false,"excerpt":"Foto: Livio Valerio Este a\u00f1o la Fundaci\u00f3n MIR le da la bienvenida de nuevo al famoso duo de dise\u00f1adores\u00a0Badgley Mischka, por James Mischka y\u00a0Mark Badgley, y\u00a0Saks Fifth Avenue\u00a0con una exclusiva boutique con las joyas de \u00a0Roberto Coin. La \u00a0boutique de\u00a0Saks 5th Ave & Badgley Mischka\u00a0con joyas de\u00a0\u00a0Roberto Coin Jewels abrir\u00e1\u2026","rel":"","context":"En \u00abArte y cultura\u00bb","block_context":{"text":"Arte y cultura","link":"https:\/\/casadecampoliving.com\/category\/arte-y-cultura\/"},"img":{"alt_text":"Badgley Mischka, Naomi Campbel","src":"https:\/\/i0.wp.com\/casadecampoliving.com\/wp-content\/uploads\/2022\/10\/Badgley_Mischka_Naomi_Campbel-1.jpg?fit=650%2C435&ssl=1&resize=350%2C200","width":350,"height":200,"srcset":"https:\/\/i0.wp.com\/casadecampoliving.com\/wp-content\/uploads\/2022\/10\/Badgley_Mischka_Naomi_Campbel-1.jpg?fit=650%2C435&ssl=1&resize=350%2C200 1x, https:\/\/i0.wp.com\/casadecampoliving.com\/wp-content\/uploads\/2022\/10\/Badgley_Mischka_Naomi_Campbel-1.jpg?fit=650%2C435&ssl=1&resize=525%2C300 1.5x"},"classes":[]},{"id":325058,"url":"https:\/\/casadecampoliving.com\/good-cause-at-cabana\/","url_meta":{"origin":346550,"position":1},"title":"Shop for Fundaci\u00f3n MIR at Cabana","author":"Esther Dariet Cazanova","date":"16 Ene, 2015","format":false,"excerpt":"Shopping never felt so good! This weekend Cabana, Casa de Campo will support\u00a0\"Shop for a Cause\" where a portion of their sales will be donated to Fundaci\u00f3n MIR from today, Friday the 16th to Sunday 18th of January. Are you ready for a shopping weekend? As you may know the\u2026","rel":"","context":"En \u00abArt and Culture\u00bb","block_context":{"text":"Art and Culture","link":"https:\/\/casadecampoliving.com\/category\/art-and-culture\/"},"img":{"alt_text":"Good Cause at Cabana","src":"https:\/\/i0.wp.com\/casadecampoliving.com\/wp-content\/uploads\/2022\/10\/good_cause_at_Cabana-1.jpg?fit=640%2C462&ssl=1&resize=350%2C200","width":350,"height":200,"srcset":"https:\/\/i0.wp.com\/casadecampoliving.com\/wp-content\/uploads\/2022\/10\/good_cause_at_Cabana-1.jpg?fit=640%2C462&ssl=1&resize=350%2C200 1x, https:\/\/i0.wp.com\/casadecampoliving.com\/wp-content\/uploads\/2022\/10\/good_cause_at_Cabana-1.jpg?fit=640%2C462&ssl=1&resize=525%2C300 1.5x"},"classes":[]},{"id":346530,"url":"https:\/\/casadecampoliving.com\/es\/bolso-prada-por-us300\/","url_meta":{"origin":346550,"position":2},"title":"Tu oportunidad de conseguir un bolso Prada por US$300","author":"Esther Dariet Cazanova","date":"14 Ene, 2015","format":false,"excerpt":"!Es el sue\u00f1o de toda mujer hecho realidad! !la oportunidad de obtener un un bolso Prada por solo US$300! Tambi\u00e9n disponibles de obtener est\u00e1n un bolso de, bufandas pashmina de seda bajra y de cachemira de Alexander McQueen, lentes de sol Gucci y\u00a0Christian Dior, bolsos para cosm\u00e9ticos de Tory Burch,\u00a0y\u2026","rel":"","context":"En \u00abArte y cultura\u00bb","block_context":{"text":"Arte y cultura","link":"https:\/\/casadecampoliving.com\/category\/arte-y-cultura\/"},"img":{"alt_text":"Prada purse","src":"https:\/\/i0.wp.com\/casadecampoliving.com\/wp-content\/uploads\/2022\/10\/Prada_purse-1.jpg?fit=650%2C396&ssl=1&resize=350%2C200","width":350,"height":200,"srcset":"https:\/\/i0.wp.com\/casadecampoliving.com\/wp-content\/uploads\/2022\/10\/Prada_purse-1.jpg?fit=650%2C396&ssl=1&resize=350%2C200 1x, https:\/\/i0.wp.com\/casadecampoliving.com\/wp-content\/uploads\/2022\/10\/Prada_purse-1.jpg?fit=650%2C396&ssl=1&resize=525%2C300 1.5x"},"classes":[]},{"id":325045,"url":"https:\/\/casadecampoliving.com\/saks-5th-ave-badgley-mischka-casa-de-campo\/","url_meta":{"origin":346550,"position":3},"title":"Saks 5th Ave &#038; Badgley Mischka Boutique open this week in Casa de Campo","author":"Esther Dariet Cazanova","date":"13 Ene, 2015","format":false,"excerpt":"Photo: Livio Valerio This year the Fundaci\u00f3n MIR welcomes again famous fashion designer\u00a0duo\u00a0Badgley Mischka, by\u00a0James Mischka and\u00a0Mark Badgley, and Saks Fifth Avenue with an exclusive boutique featuring Roberto Coin jewels. The Saks 5th Ave & Badgley Mischka\u00a0Boutique featuring Roberto Coin Jewels will be open from\u00a0Friday the 16th to Sunday 18th\u2026","rel":"","context":"En \u00abArt and Culture\u00bb","block_context":{"text":"Art and Culture","link":"https:\/\/casadecampoliving.com\/category\/art-and-culture\/"},"img":{"alt_text":"Badgley Mischka, Naomi Campbel","src":"https:\/\/i0.wp.com\/casadecampoliving.com\/wp-content\/uploads\/2022\/10\/Badgley_Mischka_Naomi_Campbel-1.jpg?fit=650%2C435&ssl=1&resize=350%2C200","width":350,"height":200,"srcset":"https:\/\/i0.wp.com\/casadecampoliving.com\/wp-content\/uploads\/2022\/10\/Badgley_Mischka_Naomi_Campbel-1.jpg?fit=650%2C435&ssl=1&resize=350%2C200 1x, https:\/\/i0.wp.com\/casadecampoliving.com\/wp-content\/uploads\/2022\/10\/Badgley_Mischka_Naomi_Campbel-1.jpg?fit=650%2C435&ssl=1&resize=525%2C300 1.5x"},"classes":[]},{"id":340430,"url":"https:\/\/casadecampoliving.com\/es\/la-boutique-pop-up-de-badgley-mischka-abrira-en-casa-de-campo-20-y-19-de-enero\/","url_meta":{"origin":346550,"position":4},"title":"La boutique \u00abPop-Up\u00bb de Badgley Mischka abrir\u00e1 en Casa de Campo: 20 y 19 de enero","author":"","date":"4 Ene, 2013","format":false,"excerpt":"Es tiempo de comenzar el a\u00f1o con el pie glamuroso \u2013 y qu\u00e9 mejor que hacerlo con un hermoso traje de Badgley Mischka en su exclusiva boutique de moda \u201cPop-Up\u201d, que abrir\u00e1 el s\u00e1bado 19 y domingo 20 de enero como parte de la Gala del Esplendor M\u00e1gico Por la\u2026","rel":"","context":"En \u00abDestacados\u00bb","block_context":{"text":"Destacados","link":"https:\/\/casadecampoliving.com\/es\/category\/destacados\/"},"img":{"alt_text":"badgley mischka","src":"https:\/\/i0.wp.com\/casadecampoliving.com\/wp-content\/uploads\/2022\/10\/badgley_mischka-4.jpg?fit=650%2C504&ssl=1&resize=350%2C200","width":350,"height":200,"srcset":"https:\/\/i0.wp.com\/casadecampoliving.com\/wp-content\/uploads\/2022\/10\/badgley_mischka-4.jpg?fit=650%2C504&ssl=1&resize=350%2C200 1x, https:\/\/i0.wp.com\/casadecampoliving.com\/wp-content\/uploads\/2022\/10\/badgley_mischka-4.jpg?fit=650%2C504&ssl=1&resize=525%2C300 1.5x"},"classes":[]},{"id":344153,"url":"https:\/\/casadecampoliving.com\/es\/especial-de-ventas-en-cabana-fashion-boutique\/","url_meta":{"origin":346550,"position":5},"title":"Especial de ventas en Cabana fashion boutique","author":"Perkin Agramonte","date":"7 Abr, 2014","format":false,"excerpt":"\u00a1Un llamado a todas aquellas damas de Casa de Campo que les encanta ir de compras! A partir del jueves 10 hasta el s\u00e1bado 19 de abril, Cabana fashion boutique en el Country Club La Romana estar\u00e1 organizando ventas temporales con motivo especial del fin de la temporada. Durante las\u2026","rel":"","context":"En \u00abArte y cultura\u00bb","block_context":{"text":"Arte y cultura","link":"https:\/\/casadecampoliving.com\/category\/arte-y-cultura\/"},"img":{"alt_text":"Cabana La Romana Country Club","src":"https:\/\/i0.wp.com\/casadecampoliving.com\/wp-content\/uploads\/2022\/10\/cabana_la_romana_country_club-1.png?fit=609%2C448&ssl=1&resize=350%2C200","width":350,"height":200,"srcset":"https:\/\/i0.wp.com\/casadecampoliving.com\/wp-content\/uploads\/2022\/10\/cabana_la_romana_country_club-1.png?fit=609%2C448&ssl=1&resize=350%2C200 1x, https:\/\/i0.wp.com\/casadecampoliving.com\/wp-content\/uploads\/2022\/10\/cabana_la_romana_country_club-1.png?fit=609%2C448&ssl=1&resize=525%2C300 1.5x"},"classes":[]}],"jetpack_sharing_enabled":true,"_links":{"self":[{"href":"https:\/\/casadecampoliving.com\/es\/wp-json\/wp\/v2\/posts\/346550","targetHints":{"allow":["GET"]}}],"collection":[{"href":"https:\/\/casadecampoliving.com\/es\/wp-json\/wp\/v2\/posts"}],"about":[{"href":"https:\/\/casadecampoliving.com\/es\/wp-json\/wp\/v2\/types\/post"}],"author":[{"embeddable":true,"href":"https:\/\/casadecampoliving.com\/es\/wp-json\/wp\/v2\/users\/33461"}],"replies":[{"embeddable":true,"href":"https:\/\/casadecampoliving.com\/es\/wp-json\/wp\/v2\/comments?post=346550"}],"version-history":[{"count":2,"href":"https:\/\/casadecampoliving.com\/es\/wp-json\/wp\/v2\/posts\/346550\/revisions"}],"predecessor-version":[{"id":506737,"href":"https:\/\/casadecampoliving.com\/es\/wp-json\/wp\/v2\/posts\/346550\/revisions\/506737"}],"wp:featuredmedia":[{"embeddable":true,"href":"https:\/\/casadecampoliving.com\/es\/wp-json\/wp\/v2\/media\/274795"}],"wp:attachment":[{"href":"https:\/\/casadecampoliving.com\/es\/wp-json\/wp\/v2\/media?parent=346550"}],"wp:term":[{"taxonomy":"category","embeddable":true,"href":"https:\/\/casadecampoliving.com\/es\/wp-json\/wp\/v2\/categories?post=346550"},{"taxonomy":"post_tag","embeddable":true,"href":"https:\/\/casadecampoliving.com\/es\/wp-json\/wp\/v2\/tags?post=346550"},{"taxonomy":"newspack_spnsrs_tax","embeddable":true,"href":"https:\/\/casadecampoliving.com\/es\/wp-json\/wp\/v2\/newspack_spnsrs_tax?post=346550"}],"curies":[{"name":"wp","href":"https:\/\/api.w.org\/{rel}","templated":true}]}}