{"id":346491,"date":"2015-01-10T00:00:00","date_gmt":"2015-01-10T04:00:00","guid":{"rendered":"https:\/\/casadecampoliving.com\/marcello-lippi-casa-de-campo\/"},"modified":"2022-10-21T18:55:24","modified_gmt":"2022-10-21T22:55:24","slug":"marcello-lippi-casa-de-campo","status":"publish","type":"post","link":"https:\/\/casadecampoliving.com\/es\/marcello-lippi-casa-de-campo\/","title":{"rendered":"Marcello Lippi en Casa de Campo"},"content":{"rendered":"<div class=\"wp-block-image\">\n<figure class=\"aligncenter is-resized\"><img loading=\"lazy\" decoding=\"async\" src=\"https:\/\/i0.wp.com\/casadecampoliving.com\/wp-content\/uploads\/2022\/10\/Marcello_Lippi_Casa_de_Campo.jpg?resize=650%2C431&amp;ssl=1\" alt=\"Marcello Lippi, Casa de Campo\" class=\"wp-image-105900\" height=\"431\" width=\"650\"\/><\/figure>\n<\/div>\n\n\n<p>\u00bfHay un fin para el n\u00famero de rostros famosos que vemos en Casa de Campo? No, no lo hay. &nbsp;Y nuestra celebridad m\u00e1s reciente viene de otra personalidad de deportes \u2013&nbsp;Marcello Lippi!<\/p>\n\n\n\n<!--more-->\n\n\n<div class=\"wp-block-image\">\n<figure class=\"alignright is-resized\"><img loading=\"lazy\" decoding=\"async\" src=\"https:\/\/i0.wp.com\/casadecampoliving.com\/wp-content\/uploads\/2022\/10\/Marcello_Lippi_Casa_de_Campo1.jpg?resize=320%2C385&amp;ssl=1\" alt=\"Marcello Lippi, Casa de Campo\" class=\"wp-image-105933\" height=\"385\" width=\"320\"\/><\/figure>\n<\/div>\n\n\n<p>Marcello Lippi es un h\u00e9roe para los italianos alrededor del mundo \u00bfPor qu\u00e9? !porque en su rol como manager del equipo italiano gui\u00f3 a Italia a la victoria en la Copa Mundial de F\u00fatbol en el 2006 en Berl\u00edn! Auguri!<\/p>\n\n\n\n<p>Marcello Lippi vino a Casa de Campo como el invitado de Mauro Caslini, presidente y director ejecutivo de IB Nautica y&nbsp;fue visto en la playa Minitas m\u00e1s temprano esta semana, y mientras se mezcl\u00f3 entre la multitud mejor que algunos de nuestros visitantes recientes, <a href=\"https:\/\/casadecampoliving.com\/es\/estrella-del-baloncesto-de-la-nba-shaquille-o-neal-en-casa-de-campo\/\">&nbsp;Shaquille O\u2019Neal por ejemplo<\/a>, fue por supuesto reconocido por Simone Delpin, chef en el&nbsp;Beach Club by Le Cirque y por Massimo Caretta, manager&nbsp;del&nbsp;Beach Club by Le Cirque y de La Ca\u00f1a by Il Circo.<\/p>\n\n\n\n<p>Muy emocionado por conocer esta leyenda del f\u00fatbol italiano Simone Delpin le dijo a Casa de Campo Living, \u201cSomos ambos de Toscana\u201d, y tambi\u00e9n revel\u00f3 que Marcello Lippi disfrut\u00f3 su almuerzo&nbsp;en el&nbsp;the Beach Club by Le Cirque, escogiendo la Ensalada Cesar, \u201cAm\u00f3 la ensalada y quedo encantado con el restaurante\u201d, dijo&nbsp;Simone, quien a\u00f1adi\u00f3 \u201cDespu\u00e9s de eso hablamos de f\u00fatbol.\u201d<\/p>\n\n\n\n<p>!Bienvenido a&nbsp;Casa de Campo Marcello Lippi! !Esperamos que hayas tenido un rato maravilloso!<\/p>\n\n\n<div class=\"wp-block-image\">\n<figure class=\"aligncenter is-resized\"><img loading=\"lazy\" decoding=\"async\" src=\"https:\/\/i0.wp.com\/casadecampoliving.com\/wp-content\/uploads\/2022\/10\/Marcello_Lippi.jpg?resize=650%2C449&amp;ssl=1\" alt=\"Marcello Lippi\" class=\"wp-image-105962\" height=\"449\" width=\"650\"\/><\/figure>\n<\/div>\n\n\n<p class=\"has-text-align-center\"><strong>Marcello Lippi en la playa Minitas en&nbsp;Casa de Campo<\/strong><br>\n<\/p>\n\n\n\n<blockquote><h3>Acerca Marcello Lippi<\/h3><p class=\"p1\">Marcello Romeo Lippi (<span class=\"s1\">Viareggio<\/span>,&nbsp;<span class=\"s1\">12 de abril<\/span>&nbsp;de&nbsp;<span class=\"s1\">1948<\/span>), conocido como&nbsp;Marcello Lippi, es un ex futbolista y ex<span class=\"s1\">entrenador<\/span>&nbsp;<span class=\"s1\">italiano<\/span>. Dirigi\u00f3 a la&nbsp;<span class=\"s1\">Selecci\u00f3n de f\u00fatbol de Italia<\/span>&nbsp;entre&nbsp;<span class=\"s1\">2004<\/span>&nbsp;y&nbsp;<span class=\"s1\">2010<\/span>. Su \u00faltimo equipo fue el<span class=\"s1\">Guangzhou Evergrande<\/span>&nbsp;de&nbsp;<span class=\"s1\">China<\/span>.<\/p><p class=\"p2\"><span class=\"s2\">Posee la&nbsp;<span class=\"s3\">Orden al M\u00e9rito de la Rep\u00fablica Italiana<\/span>.<\/span><\/p><p class=\"p3\">Su carrera como futbolista, el la que se desempe\u00f1\u00f3 en la posici\u00f3n de defensa, se inici\u00f3 en&nbsp;<span class=\"s4\">1969<\/span>, militando en el<span class=\"s4\">UC Sampdoria<\/span>, ese mismo a\u00f1o pasar\u00eda al&nbsp;<span class=\"s4\">AS Savona<\/span>&nbsp;y un a\u00f1o despu\u00e9s regresar\u00eda a la&nbsp;<span class=\"s4\">Sampdoria<\/span>. En&nbsp;<span class=\"s4\">1980<\/span>, es transferido al&nbsp;<span class=\"s4\">AC Pistoiese<\/span>, donde permanecer\u00eda durante dos a\u00f1os.<\/p><p class=\"p1\">Marcello Lippi inici\u00f3 su carrera como entrenador en&nbsp;<span class=\"s1\">1982<\/span>&nbsp;en el equipo juvenil de la&nbsp;<span class=\"s1\">Sampdoria<\/span>, el primer club profesional que dirigi\u00f3 fue el US Pontedera en la&nbsp;<span class=\"s1\">Serie C2<\/span>, al a\u00f1o siguiente pasar\u00eda al&nbsp;<span class=\"s1\">AC Siena<\/span>&nbsp;en la&nbsp;<span class=\"s1\">Serie C1<\/span>. Poco a poco fue subiendo de categor\u00eda, hasta llegar a la&nbsp;<span class=\"s1\">Serie A<\/span>&nbsp;en&nbsp;<span class=\"s1\">1989<\/span>&nbsp;dirigiendo al&nbsp;<span class=\"s1\">AC Cesena<\/span>. Luego se convierte en el entrenador del AS L\u00fachese y del&nbsp;<span class=\"s1\">Atalanta<\/span>. En&nbsp;<span class=\"s1\">1993<\/span>, es contratado por el&nbsp;<span class=\"s1\">SSC Napoli<\/span><span class=\"s5\">1<\/span>&nbsp;y con un equipo joven se destaca, ocupando el sexto lugar en la&nbsp;<span class=\"s1\">Liga<\/span>&nbsp;y clasificando a la&nbsp;<span class=\"s1\">Copa de la UEFA.<\/span><\/p><p><a href=\"http:\/\/es.wikipedia.org\/wiki\/Marcello_Lippi\">Fuente: Wikipedia<\/a><\/p><\/blockquote>\n","protected":false},"excerpt":{"rendered":"<p>\u00bfHay un fin para el n\u00famero de rostros famosos que vemos en Casa de Campo? No, no lo hay. &nbsp;Y nuestra celebridad m\u00e1s reciente viene de otra personalidad de deportes \u2013&nbsp;Marcello Lippi!<\/p>\n","protected":false},"author":33461,"featured_media":302474,"comment_status":"closed","ping_status":"closed","sticky":false,"template":"","format":"standard","meta":{"newspack_ads_suppress_ads":false,"newspack_popups_has_disabled_popups":false,"newspack_sponsor_sponsorship_scope":"","newspack_sponsor_native_byline_display":"inherit","newspack_sponsor_native_category_display":"inherit","newspack_sponsor_underwriter_style":"inherit","newspack_sponsor_underwriter_placement":"inherit","_newspack_byline_active":false,"_newspack_byline":"","newspack_hide_updated_date":false,"newspack_show_updated_date":false,"newspack_content_restriction_is_exempt":false,"newspack_featured_image_position":"","newspack_post_subtitle":"","newspack_article_summary_title":"Overview:","newspack_article_summary":"","_jetpack_memberships_contains_paid_content":false,"footnotes":"","jetpack_publicize_message":"","jetpack_publicize_feature_enabled":true,"jetpack_social_post_already_shared":false,"jetpack_social_options":{"image_generator_settings":{"template":"highway","default_image_id":0,"font":"","enabled":false},"version":2},"_wpas_customize_per_network":false},"categories":[2525,2522,14625,14627,26822,2526],"tags":[3750,23815,459,502],"newspack_spnsrs_tax":[],"class_list":["post-346491","post","type-post","status-publish","format-standard","has-post-thumbnail","hentry","category-golf-deportes-es","category-eventos-es","category-noticias-locales","category-proximamente","category-resort-casa-de-campo","category-titulares-es","tag-beach-club-by-le-cirque-es","tag-casa-de-campo-es-17","tag-massimo-caretta","tag-playa-minitas","entry"],"yoast_head":"<!-- This site is optimized with the Yoast SEO plugin v27.5 - https:\/\/yoast.com\/product\/yoast-seo-wordpress\/ -->\n<title>Marcello Lippi en Casa de Campo | Casa de Campo Living<\/title>\n<meta name=\"description\" content=\"\u00bfHay un fin para el n\u00famero de rostros famosos que vemos en Casa de Campo? No, no lo hay. &nbsp;Y nuestra celebridad m\u00e1s reciente viene de otra\" \/>\n<meta name=\"robots\" content=\"index, follow, max-snippet:-1, max-image-preview:large, max-video-preview:-1\" \/>\n<link rel=\"canonical\" href=\"https:\/\/casadecampoliving.com\/es\/marcello-lippi-casa-de-campo\/\" \/>\n<meta property=\"og:locale\" content=\"es_ES\" \/>\n<meta property=\"og:type\" content=\"article\" \/>\n<meta property=\"og:title\" content=\"Marcello Lippi en Casa de Campo | Casa de Campo Living\" \/>\n<meta property=\"og:description\" content=\"\u00bfHay un fin para el n\u00famero de rostros famosos que vemos en Casa de Campo? No, no lo hay. &nbsp;Y nuestra celebridad m\u00e1s reciente viene de otra\" \/>\n<meta property=\"og:url\" content=\"https:\/\/casadecampoliving.com\/es\/marcello-lippi-casa-de-campo\/\" \/>\n<meta property=\"og:site_name\" content=\"Casa de Campo Living\" \/>\n<meta property=\"article:publisher\" content=\"https:\/\/www.facebook.com\/casadecampoliving\" \/>\n<meta property=\"article:published_time\" content=\"2015-01-10T04:00:00+00:00\" \/>\n<meta property=\"article:modified_time\" content=\"2022-10-21T22:55:24+00:00\" \/>\n<meta property=\"og:image\" content=\"https:\/\/i0.wp.com\/casadecampoliving.com\/wp-content\/uploads\/2022\/10\/Marcello_Lippi_Casa_de_Campo-1.jpg?fit=650%2C431&ssl=1\" \/>\n\t<meta property=\"og:image:width\" content=\"650\" \/>\n\t<meta property=\"og:image:height\" content=\"431\" \/>\n\t<meta property=\"og:image:type\" content=\"image\/jpeg\" \/>\n<meta name=\"author\" content=\"Esther Dariet Cazanova\" \/>\n<meta name=\"twitter:card\" content=\"summary_large_image\" \/>\n<meta name=\"twitter:creator\" content=\"@cdcliving\" \/>\n<meta name=\"twitter:site\" content=\"@cdcliving\" \/>\n<meta name=\"twitter:label1\" content=\"Escrito por\" \/>\n\t<meta name=\"twitter:data1\" content=\"Esther Dariet Cazanova\" \/>\n\t<meta name=\"twitter:label2\" content=\"Tiempo de lectura\" \/>\n\t<meta name=\"twitter:data2\" content=\"3 minutos\" \/>\n<script type=\"application\/ld+json\" class=\"yoast-schema-graph\">{\"@context\":\"https:\\\/\\\/schema.org\",\"@graph\":[{\"@type\":\"Article\",\"@id\":\"https:\\\/\\\/casadecampoliving.com\\\/es\\\/marcello-lippi-casa-de-campo\\\/#article\",\"isPartOf\":{\"@id\":\"https:\\\/\\\/casadecampoliving.com\\\/es\\\/marcello-lippi-casa-de-campo\\\/\"},\"author\":{\"name\":\"Esther Dariet Cazanova\",\"@id\":\"https:\\\/\\\/casadecampoliving.com\\\/es\\\/#\\\/schema\\\/person\\\/2ca7e4a1f56a8ac8eef9eca15a995d24\"},\"headline\":\"Marcello Lippi en Casa de Campo\",\"datePublished\":\"2015-01-10T04:00:00+00:00\",\"dateModified\":\"2022-10-21T22:55:24+00:00\",\"mainEntityOfPage\":{\"@id\":\"https:\\\/\\\/casadecampoliving.com\\\/es\\\/marcello-lippi-casa-de-campo\\\/\"},\"wordCount\":520,\"publisher\":{\"@id\":\"https:\\\/\\\/casadecampoliving.com\\\/es\\\/#organization\"},\"image\":{\"@id\":\"https:\\\/\\\/casadecampoliving.com\\\/es\\\/marcello-lippi-casa-de-campo\\\/#primaryimage\"},\"thumbnailUrl\":\"https:\\\/\\\/i0.wp.com\\\/casadecampoliving.com\\\/wp-content\\\/uploads\\\/2022\\\/10\\\/Marcello_Lippi_Casa_de_Campo-1.jpg?fit=650%2C431&ssl=1\",\"keywords\":[\"beach club by le cirque @es\",\"Casa de Campo\",\"Massimo Caretta\",\"playa minitas\"],\"articleSection\":[\"Deportes\",\"Eventos\",\"Noticias Locales\",\"Proximamente\",\"Resort Casa de Campo\",\"Titulares\"],\"inLanguage\":\"es\"},{\"@type\":\"WebPage\",\"@id\":\"https:\\\/\\\/casadecampoliving.com\\\/es\\\/marcello-lippi-casa-de-campo\\\/\",\"url\":\"https:\\\/\\\/casadecampoliving.com\\\/es\\\/marcello-lippi-casa-de-campo\\\/\",\"name\":\"Marcello Lippi en Casa de Campo | Casa de Campo Living\",\"isPartOf\":{\"@id\":\"https:\\\/\\\/casadecampoliving.com\\\/es\\\/#website\"},\"primaryImageOfPage\":{\"@id\":\"https:\\\/\\\/casadecampoliving.com\\\/es\\\/marcello-lippi-casa-de-campo\\\/#primaryimage\"},\"image\":{\"@id\":\"https:\\\/\\\/casadecampoliving.com\\\/es\\\/marcello-lippi-casa-de-campo\\\/#primaryimage\"},\"thumbnailUrl\":\"https:\\\/\\\/i0.wp.com\\\/casadecampoliving.com\\\/wp-content\\\/uploads\\\/2022\\\/10\\\/Marcello_Lippi_Casa_de_Campo-1.jpg?fit=650%2C431&ssl=1\",\"datePublished\":\"2015-01-10T04:00:00+00:00\",\"dateModified\":\"2022-10-21T22:55:24+00:00\",\"description\":\"\u00bfHay un fin para el n\u00famero de rostros famosos que vemos en Casa de Campo? No, no lo hay. &nbsp;Y nuestra celebridad m\u00e1s reciente viene de otra\",\"breadcrumb\":{\"@id\":\"https:\\\/\\\/casadecampoliving.com\\\/es\\\/marcello-lippi-casa-de-campo\\\/#breadcrumb\"},\"inLanguage\":\"es\",\"potentialAction\":[{\"@type\":\"ReadAction\",\"target\":[\"https:\\\/\\\/casadecampoliving.com\\\/es\\\/marcello-lippi-casa-de-campo\\\/\"]}]},{\"@type\":\"ImageObject\",\"inLanguage\":\"es\",\"@id\":\"https:\\\/\\\/casadecampoliving.com\\\/es\\\/marcello-lippi-casa-de-campo\\\/#primaryimage\",\"url\":\"https:\\\/\\\/i0.wp.com\\\/casadecampoliving.com\\\/wp-content\\\/uploads\\\/2022\\\/10\\\/Marcello_Lippi_Casa_de_Campo-1.jpg?fit=650%2C431&ssl=1\",\"contentUrl\":\"https:\\\/\\\/i0.wp.com\\\/casadecampoliving.com\\\/wp-content\\\/uploads\\\/2022\\\/10\\\/Marcello_Lippi_Casa_de_Campo-1.jpg?fit=650%2C431&ssl=1\",\"width\":650,\"height\":431,\"caption\":\"Marcello Lippi, Casa de Campo\"},{\"@type\":\"BreadcrumbList\",\"@id\":\"https:\\\/\\\/casadecampoliving.com\\\/es\\\/marcello-lippi-casa-de-campo\\\/#breadcrumb\",\"itemListElement\":[{\"@type\":\"ListItem\",\"position\":1,\"name\":\"Home\",\"item\":\"https:\\\/\\\/casadecampoliving.com\\\/es\\\/\"},{\"@type\":\"ListItem\",\"position\":2,\"name\":\"Marcello Lippi en Casa de Campo\"}]},{\"@type\":\"WebSite\",\"@id\":\"https:\\\/\\\/casadecampoliving.com\\\/es\\\/#website\",\"url\":\"https:\\\/\\\/casadecampoliving.com\\\/es\\\/\",\"name\":\"Casa de Campo Living\",\"description\":\"Resort community news and resources.\",\"publisher\":{\"@id\":\"https:\\\/\\\/casadecampoliving.com\\\/es\\\/#organization\"},\"potentialAction\":[{\"@type\":\"SearchAction\",\"target\":{\"@type\":\"EntryPoint\",\"urlTemplate\":\"https:\\\/\\\/casadecampoliving.com\\\/es\\\/?s={search_term_string}\"},\"query-input\":{\"@type\":\"PropertyValueSpecification\",\"valueRequired\":true,\"valueName\":\"search_term_string\"}}],\"inLanguage\":\"es\"},{\"@type\":\"Organization\",\"@id\":\"https:\\\/\\\/casadecampoliving.com\\\/es\\\/#organization\",\"name\":\"Casa de Campo Living\",\"url\":\"https:\\\/\\\/casadecampoliving.com\\\/es\\\/\",\"logo\":{\"@type\":\"ImageObject\",\"inLanguage\":\"es\",\"@id\":\"https:\\\/\\\/casadecampoliving.com\\\/es\\\/#\\\/schema\\\/logo\\\/image\\\/\",\"url\":\"https:\\\/\\\/i0.wp.com\\\/casadecampoliving.com\\\/wp-content\\\/uploads\\\/2022\\\/07\\\/CDCLivingLogo_V1-white-sized.png?fit=800%2C214&ssl=1\",\"contentUrl\":\"https:\\\/\\\/i0.wp.com\\\/casadecampoliving.com\\\/wp-content\\\/uploads\\\/2022\\\/07\\\/CDCLivingLogo_V1-white-sized.png?fit=800%2C214&ssl=1\",\"width\":800,\"height\":214,\"caption\":\"Casa de Campo Living\"},\"image\":{\"@id\":\"https:\\\/\\\/casadecampoliving.com\\\/es\\\/#\\\/schema\\\/logo\\\/image\\\/\"},\"sameAs\":[\"https:\\\/\\\/www.facebook.com\\\/casadecampoliving\",\"https:\\\/\\\/x.com\\\/cdcliving\"]},{\"@type\":\"Person\",\"@id\":\"https:\\\/\\\/casadecampoliving.com\\\/es\\\/#\\\/schema\\\/person\\\/2ca7e4a1f56a8ac8eef9eca15a995d24\",\"name\":\"Esther Dariet Cazanova\",\"image\":{\"@type\":\"ImageObject\",\"inLanguage\":\"es\",\"@id\":\"https:\\\/\\\/secure.gravatar.com\\\/avatar\\\/72b7b72b3d3cb7950e2004fb83ef2e9e40177b9f1cb00226aee65904879073b6?s=96&d=mm&r=g\",\"url\":\"https:\\\/\\\/secure.gravatar.com\\\/avatar\\\/72b7b72b3d3cb7950e2004fb83ef2e9e40177b9f1cb00226aee65904879073b6?s=96&d=mm&r=g\",\"contentUrl\":\"https:\\\/\\\/secure.gravatar.com\\\/avatar\\\/72b7b72b3d3cb7950e2004fb83ef2e9e40177b9f1cb00226aee65904879073b6?s=96&d=mm&r=g\",\"caption\":\"Esther Dariet Cazanova\"},\"url\":\"https:\\\/\\\/casadecampoliving.com\\\/es\\\/author\\\/ecazanova\\\/\"}]}<\/script>\n<!-- \/ Yoast SEO plugin. -->","yoast_head_json":{"title":"Marcello Lippi en Casa de Campo | Casa de Campo Living","description":"\u00bfHay un fin para el n\u00famero de rostros famosos que vemos en Casa de Campo? No, no lo hay. &nbsp;Y nuestra celebridad m\u00e1s reciente viene de otra","robots":{"index":"index","follow":"follow","max-snippet":"max-snippet:-1","max-image-preview":"max-image-preview:large","max-video-preview":"max-video-preview:-1"},"canonical":"https:\/\/casadecampoliving.com\/es\/marcello-lippi-casa-de-campo\/","og_locale":"es_ES","og_type":"article","og_title":"Marcello Lippi en Casa de Campo | Casa de Campo Living","og_description":"\u00bfHay un fin para el n\u00famero de rostros famosos que vemos en Casa de Campo? No, no lo hay. &nbsp;Y nuestra celebridad m\u00e1s reciente viene de otra","og_url":"https:\/\/casadecampoliving.com\/es\/marcello-lippi-casa-de-campo\/","og_site_name":"Casa de Campo Living","article_publisher":"https:\/\/www.facebook.com\/casadecampoliving","article_published_time":"2015-01-10T04:00:00+00:00","article_modified_time":"2022-10-21T22:55:24+00:00","og_image":[{"width":650,"height":431,"url":"https:\/\/i0.wp.com\/casadecampoliving.com\/wp-content\/uploads\/2022\/10\/Marcello_Lippi_Casa_de_Campo-1.jpg?fit=650%2C431&ssl=1","type":"image\/jpeg"}],"author":"Esther Dariet Cazanova","twitter_card":"summary_large_image","twitter_creator":"@cdcliving","twitter_site":"@cdcliving","twitter_misc":{"Escrito por":"Esther Dariet Cazanova","Tiempo de lectura":"3 minutos"},"schema":{"@context":"https:\/\/schema.org","@graph":[{"@type":"Article","@id":"https:\/\/casadecampoliving.com\/es\/marcello-lippi-casa-de-campo\/#article","isPartOf":{"@id":"https:\/\/casadecampoliving.com\/es\/marcello-lippi-casa-de-campo\/"},"author":{"name":"Esther Dariet Cazanova","@id":"https:\/\/casadecampoliving.com\/es\/#\/schema\/person\/2ca7e4a1f56a8ac8eef9eca15a995d24"},"headline":"Marcello Lippi en Casa de Campo","datePublished":"2015-01-10T04:00:00+00:00","dateModified":"2022-10-21T22:55:24+00:00","mainEntityOfPage":{"@id":"https:\/\/casadecampoliving.com\/es\/marcello-lippi-casa-de-campo\/"},"wordCount":520,"publisher":{"@id":"https:\/\/casadecampoliving.com\/es\/#organization"},"image":{"@id":"https:\/\/casadecampoliving.com\/es\/marcello-lippi-casa-de-campo\/#primaryimage"},"thumbnailUrl":"https:\/\/i0.wp.com\/casadecampoliving.com\/wp-content\/uploads\/2022\/10\/Marcello_Lippi_Casa_de_Campo-1.jpg?fit=650%2C431&ssl=1","keywords":["beach club by le cirque @es","Casa de Campo","Massimo Caretta","playa minitas"],"articleSection":["Deportes","Eventos","Noticias Locales","Proximamente","Resort Casa de Campo","Titulares"],"inLanguage":"es"},{"@type":"WebPage","@id":"https:\/\/casadecampoliving.com\/es\/marcello-lippi-casa-de-campo\/","url":"https:\/\/casadecampoliving.com\/es\/marcello-lippi-casa-de-campo\/","name":"Marcello Lippi en Casa de Campo | Casa de Campo Living","isPartOf":{"@id":"https:\/\/casadecampoliving.com\/es\/#website"},"primaryImageOfPage":{"@id":"https:\/\/casadecampoliving.com\/es\/marcello-lippi-casa-de-campo\/#primaryimage"},"image":{"@id":"https:\/\/casadecampoliving.com\/es\/marcello-lippi-casa-de-campo\/#primaryimage"},"thumbnailUrl":"https:\/\/i0.wp.com\/casadecampoliving.com\/wp-content\/uploads\/2022\/10\/Marcello_Lippi_Casa_de_Campo-1.jpg?fit=650%2C431&ssl=1","datePublished":"2015-01-10T04:00:00+00:00","dateModified":"2022-10-21T22:55:24+00:00","description":"\u00bfHay un fin para el n\u00famero de rostros famosos que vemos en Casa de Campo? No, no lo hay. &nbsp;Y nuestra celebridad m\u00e1s reciente viene de otra","breadcrumb":{"@id":"https:\/\/casadecampoliving.com\/es\/marcello-lippi-casa-de-campo\/#breadcrumb"},"inLanguage":"es","potentialAction":[{"@type":"ReadAction","target":["https:\/\/casadecampoliving.com\/es\/marcello-lippi-casa-de-campo\/"]}]},{"@type":"ImageObject","inLanguage":"es","@id":"https:\/\/casadecampoliving.com\/es\/marcello-lippi-casa-de-campo\/#primaryimage","url":"https:\/\/i0.wp.com\/casadecampoliving.com\/wp-content\/uploads\/2022\/10\/Marcello_Lippi_Casa_de_Campo-1.jpg?fit=650%2C431&ssl=1","contentUrl":"https:\/\/i0.wp.com\/casadecampoliving.com\/wp-content\/uploads\/2022\/10\/Marcello_Lippi_Casa_de_Campo-1.jpg?fit=650%2C431&ssl=1","width":650,"height":431,"caption":"Marcello Lippi, Casa de Campo"},{"@type":"BreadcrumbList","@id":"https:\/\/casadecampoliving.com\/es\/marcello-lippi-casa-de-campo\/#breadcrumb","itemListElement":[{"@type":"ListItem","position":1,"name":"Home","item":"https:\/\/casadecampoliving.com\/es\/"},{"@type":"ListItem","position":2,"name":"Marcello Lippi en Casa de Campo"}]},{"@type":"WebSite","@id":"https:\/\/casadecampoliving.com\/es\/#website","url":"https:\/\/casadecampoliving.com\/es\/","name":"Casa de Campo Living","description":"Resort community news and resources.","publisher":{"@id":"https:\/\/casadecampoliving.com\/es\/#organization"},"potentialAction":[{"@type":"SearchAction","target":{"@type":"EntryPoint","urlTemplate":"https:\/\/casadecampoliving.com\/es\/?s={search_term_string}"},"query-input":{"@type":"PropertyValueSpecification","valueRequired":true,"valueName":"search_term_string"}}],"inLanguage":"es"},{"@type":"Organization","@id":"https:\/\/casadecampoliving.com\/es\/#organization","name":"Casa de Campo Living","url":"https:\/\/casadecampoliving.com\/es\/","logo":{"@type":"ImageObject","inLanguage":"es","@id":"https:\/\/casadecampoliving.com\/es\/#\/schema\/logo\/image\/","url":"https:\/\/i0.wp.com\/casadecampoliving.com\/wp-content\/uploads\/2022\/07\/CDCLivingLogo_V1-white-sized.png?fit=800%2C214&ssl=1","contentUrl":"https:\/\/i0.wp.com\/casadecampoliving.com\/wp-content\/uploads\/2022\/07\/CDCLivingLogo_V1-white-sized.png?fit=800%2C214&ssl=1","width":800,"height":214,"caption":"Casa de Campo Living"},"image":{"@id":"https:\/\/casadecampoliving.com\/es\/#\/schema\/logo\/image\/"},"sameAs":["https:\/\/www.facebook.com\/casadecampoliving","https:\/\/x.com\/cdcliving"]},{"@type":"Person","@id":"https:\/\/casadecampoliving.com\/es\/#\/schema\/person\/2ca7e4a1f56a8ac8eef9eca15a995d24","name":"Esther Dariet Cazanova","image":{"@type":"ImageObject","inLanguage":"es","@id":"https:\/\/secure.gravatar.com\/avatar\/72b7b72b3d3cb7950e2004fb83ef2e9e40177b9f1cb00226aee65904879073b6?s=96&d=mm&r=g","url":"https:\/\/secure.gravatar.com\/avatar\/72b7b72b3d3cb7950e2004fb83ef2e9e40177b9f1cb00226aee65904879073b6?s=96&d=mm&r=g","contentUrl":"https:\/\/secure.gravatar.com\/avatar\/72b7b72b3d3cb7950e2004fb83ef2e9e40177b9f1cb00226aee65904879073b6?s=96&d=mm&r=g","caption":"Esther Dariet Cazanova"},"url":"https:\/\/casadecampoliving.com\/es\/author\/ecazanova\/"}]}},"parsely":{"version":"1.1.0","canonical_url":"https:\/\/casadecampoliving.com\/es\/marcello-lippi-casa-de-campo\/","smart_links":{"inbound":0,"outbound":0},"traffic_boost_suggestions_count":0,"meta":{"@context":"https:\/\/schema.org","@type":"NewsArticle","headline":"Marcello Lippi en Casa de Campo","url":"http:\/\/casadecampoliving.com\/es\/marcello-lippi-casa-de-campo\/","mainEntityOfPage":{"@type":"WebPage","@id":"http:\/\/casadecampoliving.com\/es\/marcello-lippi-casa-de-campo\/"},"thumbnailUrl":"https:\/\/i0.wp.com\/casadecampoliving.com\/wp-content\/uploads\/2022\/10\/Marcello_Lippi_Casa_de_Campo-1.jpg?resize=150%2C150&ssl=1","image":{"@type":"ImageObject","url":"https:\/\/i0.wp.com\/casadecampoliving.com\/wp-content\/uploads\/2022\/10\/Marcello_Lippi_Casa_de_Campo-1.jpg?fit=650%2C431&ssl=1"},"articleSection":"Deportes","author":[{"@type":"Person","name":"Esther Dariet Cazanova"}],"creator":["Esther Dariet Cazanova"],"publisher":{"@type":"Organization","name":"Casa de Campo Living","logo":"https:\/\/casadecampoliving.com\/wp-content\/uploads\/2022\/07\/CDCLivingLogo_V1-white-sized.png"},"keywords":["beach club by le cirque @es","casa de campo","massimo caretta","playa minitas"],"dateCreated":"2015-01-10T04:00:00Z","datePublished":"2015-01-10T04:00:00Z","dateModified":"2022-10-21T22:55:24Z"},"rendered":"<script type=\"application\/ld+json\" class=\"wp-parsely-metadata\">{\"@context\":\"https:\\\/\\\/schema.org\",\"@type\":\"NewsArticle\",\"headline\":\"Marcello Lippi en Casa de Campo\",\"url\":\"http:\\\/\\\/casadecampoliving.com\\\/es\\\/marcello-lippi-casa-de-campo\\\/\",\"mainEntityOfPage\":{\"@type\":\"WebPage\",\"@id\":\"http:\\\/\\\/casadecampoliving.com\\\/es\\\/marcello-lippi-casa-de-campo\\\/\"},\"thumbnailUrl\":\"https:\\\/\\\/i0.wp.com\\\/casadecampoliving.com\\\/wp-content\\\/uploads\\\/2022\\\/10\\\/Marcello_Lippi_Casa_de_Campo-1.jpg?resize=150%2C150&ssl=1\",\"image\":{\"@type\":\"ImageObject\",\"url\":\"https:\\\/\\\/i0.wp.com\\\/casadecampoliving.com\\\/wp-content\\\/uploads\\\/2022\\\/10\\\/Marcello_Lippi_Casa_de_Campo-1.jpg?fit=650%2C431&ssl=1\"},\"articleSection\":\"Deportes\",\"author\":[{\"@type\":\"Person\",\"name\":\"Esther Dariet Cazanova\"}],\"creator\":[\"Esther Dariet Cazanova\"],\"publisher\":{\"@type\":\"Organization\",\"name\":\"Casa de Campo Living\",\"logo\":\"https:\\\/\\\/casadecampoliving.com\\\/wp-content\\\/uploads\\\/2022\\\/07\\\/CDCLivingLogo_V1-white-sized.png\"},\"keywords\":[\"beach club by le cirque @es\",\"casa de campo\",\"massimo caretta\",\"playa minitas\"],\"dateCreated\":\"2015-01-10T04:00:00Z\",\"datePublished\":\"2015-01-10T04:00:00Z\",\"dateModified\":\"2022-10-21T22:55:24Z\"}<\/script>","tracker_url":"https:\/\/cdn.parsely.com\/keys\/casadecampoliving.com\/p.js"},"jetpack_publicize_connections":[],"jetpack_featured_media_url":"https:\/\/i0.wp.com\/casadecampoliving.com\/wp-content\/uploads\/2022\/10\/Marcello_Lippi_Casa_de_Campo-1.jpg?fit=650%2C431&ssl=1","jetpack-related-posts":[{"id":325031,"url":"https:\/\/casadecampoliving.com\/marcello-lippi-italian-world-cup-winning-football-manager-casa-de-campo\/","url_meta":{"origin":346491,"position":0},"title":"Marcello Lippi (Italian World Cup-winning football manager) visits Casa de Campo","author":"Rebecca Silvestri","date":"10 Ene, 2015","format":false,"excerpt":"Is there no end to the number of famous faces we spot around Casa de Campo? No, no there isn\u2019t. And our most recent celebrity sighting comes in the form of another sports personality \u2013\u00a0Marcello Lippi! Marcello Lippi is a hero to Italians all over the world. Why? Because in\u2026","rel":"","context":"En \u00abCasa de Campo Resort\u00bb","block_context":{"text":"Casa de Campo Resort","link":"https:\/\/casadecampoliving.com\/category\/casa-de-campo-resort\/"},"img":{"alt_text":"Marcello Lippi, Casa de Campo","src":"https:\/\/i0.wp.com\/casadecampoliving.com\/wp-content\/uploads\/2022\/10\/Marcello_Lippi_Casa_de_Campo-1.jpg?fit=650%2C431&ssl=1&resize=350%2C200","width":350,"height":200,"srcset":"https:\/\/i0.wp.com\/casadecampoliving.com\/wp-content\/uploads\/2022\/10\/Marcello_Lippi_Casa_de_Campo-1.jpg?fit=650%2C431&ssl=1&resize=350%2C200 1x, https:\/\/i0.wp.com\/casadecampoliving.com\/wp-content\/uploads\/2022\/10\/Marcello_Lippi_Casa_de_Campo-1.jpg?fit=650%2C431&ssl=1&resize=525%2C300 1.5x"},"classes":[]},{"id":318616,"url":"https:\/\/casadecampoliving.com\/es\/memories-of-casa-de-campo-duenos-1991-polo\/","url_meta":{"origin":346491,"position":1},"title":"Memories of Casa de Campo: Due\u00f1os 1991-Polo","author":"Rebecca Silvestri","date":"29 Mar, 2010","format":false,"excerpt":"In this week's 'Memories of Casa de Camp' post Carol Burke reminisces about the Polo matches of the 1990's! Polo originated in Persia thousands of years ago. It has come down through the ages as a recreation for warriors. Polo Pony in a Hurry - 'Papo' Menedez Our Casa de\u2026","rel":"","context":"En \u00abCasa de Campo Resort\u00bb","block_context":{"text":"Casa de Campo Resort","link":"https:\/\/casadecampoliving.com\/category\/casa-de-campo-resort\/"},"img":{"alt_text":"","src":"https:\/\/i0.wp.com\/casadecampoliving.com\/wp-content\/uploads\/2022\/10\/01-Polo-Pony-in-a-Hurry-Papo-Menendez-1.jpg?fit=575%2C503&ssl=1&resize=350%2C200","width":350,"height":200,"srcset":"https:\/\/i0.wp.com\/casadecampoliving.com\/wp-content\/uploads\/2022\/10\/01-Polo-Pony-in-a-Hurry-Papo-Menendez-1.jpg?fit=575%2C503&ssl=1&resize=350%2C200 1x, https:\/\/i0.wp.com\/casadecampoliving.com\/wp-content\/uploads\/2022\/10\/01-Polo-Pony-in-a-Hurry-Papo-Menendez-1.jpg?fit=575%2C503&ssl=1&resize=525%2C300 1.5x"},"classes":[]},{"id":346984,"url":"https:\/\/casadecampoliving.com\/es\/comunidad-de-casa-de-campo\/","url_meta":{"origin":346491,"position":2},"title":"Como formar parte de la comunidad de Casa de Campo","author":"Rebecca Silvestri","date":"12 Abr, 2015","format":false,"excerpt":"Mudarse a un nuevo vecindario puede ser un poco dif\u00edcil, especialmente si el vecindario resulta estar en un nuevo y ex\u00f3tico pa\u00eds. Afortunadamente, la comunidad de Casa de Campo no es s\u00f3lo amigable y acogedora, sino que, con due\u00f1os de villa de todo el mundo, es un punto de fusi\u00f3n\u2026","rel":"","context":"En \u00abCasa de Campo Living @es\u00bb","block_context":{"text":"Casa de Campo Living @es","link":"https:\/\/casadecampoliving.com\/category\/casa-de-campo-living-es\/"},"img":{"alt_text":"CDC Community","src":"https:\/\/i0.wp.com\/casadecampoliving.com\/wp-content\/uploads\/2022\/10\/CDC_Community-1.jpg?fit=650%2C397&ssl=1&resize=350%2C200","width":350,"height":200,"srcset":"https:\/\/i0.wp.com\/casadecampoliving.com\/wp-content\/uploads\/2022\/10\/CDC_Community-1.jpg?fit=650%2C397&ssl=1&resize=350%2C200 1x, https:\/\/i0.wp.com\/casadecampoliving.com\/wp-content\/uploads\/2022\/10\/CDC_Community-1.jpg?fit=650%2C397&ssl=1&resize=525%2C300 1.5x"},"classes":[]},{"id":352012,"url":"https:\/\/casadecampoliving.com\/es\/el-36to-casa-de-campo-open-celebra-los-ganadores-del-torneo\/","url_meta":{"origin":346491,"position":3},"title":"\u00a1El 36to Casa de Campo Open celebra a los ganadores del torneo!","author":"Heather Lincoln","date":"23 Sep, 2017","format":false,"excerpt":"Los golfistas llegaron al complejo para el 36to Casa de Campo Open en un momento oportuno. Logrando evitar el tiempo turbulento del hurac\u00e1n Irma y el hurac\u00e1n Maria, aproximadamente 100 golfistas pudieron disfrutar del green m\u00e1s famosos del complejo y del torneo m\u00e1s viejo, aunque entre algunas lluvias dispersas. El\u2026","rel":"","context":"En \u00abRep\u00fablica Dominicana @es\u00bb","block_context":{"text":"Rep\u00fablica Dominicana @es","link":"https:\/\/casadecampoliving.com\/es\/category\/republica-dominicana-2\/"},"img":{"alt_text":"36th Casa de Campo Open awards ceremony","src":"https:\/\/i0.wp.com\/casadecampoliving.com\/wp-content\/uploads\/2022\/10\/DSC_0730-e1506114944711.jpg?fit=1000%2C600&ssl=1&resize=350%2C200","width":350,"height":200,"srcset":"https:\/\/i0.wp.com\/casadecampoliving.com\/wp-content\/uploads\/2022\/10\/DSC_0730-e1506114944711.jpg?fit=1000%2C600&ssl=1&resize=350%2C200 1x, https:\/\/i0.wp.com\/casadecampoliving.com\/wp-content\/uploads\/2022\/10\/DSC_0730-e1506114944711.jpg?fit=1000%2C600&ssl=1&resize=525%2C300 1.5x, https:\/\/i0.wp.com\/casadecampoliving.com\/wp-content\/uploads\/2022\/10\/DSC_0730-e1506114944711.jpg?fit=1000%2C600&ssl=1&resize=700%2C400 2x"},"classes":[]},{"id":354085,"url":"https:\/\/casadecampoliving.com\/es\/el-regalo-perfecto-para-el-dia-del-padre-para-nuestros-amantes-de-los-deportes-en-casa\/","url_meta":{"origin":346491,"position":4},"title":"\u00a1El regalo perfecto para el D\u00eda del Padre para nuestros amantes de los deportes en Casa!","author":"Casa de Campo Living","date":"16 Jun, 2021","format":false,"excerpt":"Este a\u00f1o, el 20 de junio, el D\u00eda del Padre se celebra en varios pa\u00edses del mundo, as\u00ed que a todos esos padres FELIZ D\u00cdA DEL PADRE, \u00a1esperamos que tengan un d\u00eda maravilloso y de descanso con sus amigos y familiares! El D\u00eda del Padre es una ocasi\u00f3n especial para\u2026","rel":"","context":"En \u00abCasa de Campo Living @es\u00bb","block_context":{"text":"Casa de Campo Living @es","link":"https:\/\/casadecampoliving.com\/category\/casa-de-campo-living-es\/"},"img":{"alt_text":"","src":"https:\/\/i0.wp.com\/casadecampoliving.com\/wp-content\/uploads\/2022\/10\/DSC_7705-3.jpg?fit=1200%2C800&ssl=1&resize=350%2C200","width":350,"height":200,"srcset":"https:\/\/i0.wp.com\/casadecampoliving.com\/wp-content\/uploads\/2022\/10\/DSC_7705-3.jpg?fit=1200%2C800&ssl=1&resize=350%2C200 1x, https:\/\/i0.wp.com\/casadecampoliving.com\/wp-content\/uploads\/2022\/10\/DSC_7705-3.jpg?fit=1200%2C800&ssl=1&resize=525%2C300 1.5x, https:\/\/i0.wp.com\/casadecampoliving.com\/wp-content\/uploads\/2022\/10\/DSC_7705-3.jpg?fit=1200%2C800&ssl=1&resize=700%2C400 2x, https:\/\/i0.wp.com\/casadecampoliving.com\/wp-content\/uploads\/2022\/10\/DSC_7705-3.jpg?fit=1200%2C800&ssl=1&resize=1050%2C600 3x"},"classes":[]},{"id":354488,"url":"https:\/\/casadecampoliving.com\/es\/el-nuevo-semestre-de-junior-golf-academy-comienza-el-5-de-septiembre-inscriba-a-sus-hijos-ahora\/","url_meta":{"origin":346491,"position":5},"title":"El nuevo semestre de Junior Golf Academy comienza el 5 de septiembre. \u00a1Inscriba a sus hijos ahora!","author":"Casa de Campo Living","date":"31 Ago, 2022","format":false,"excerpt":"\u00a1Casa de Campo es el hogar de los mejores campos de golf del Caribe y los m\u00e1s j\u00f3venes tambi\u00e9n deber\u00edan poder disfrutarlos! No hay mejor manera de descubrir el talento y potencial de sus hijos que sac\u00e1ndolos y experimentando cosas nuevas\u2026 y es por eso que deben aprovechar esta incre\u00edble\u2026","rel":"","context":"En \u00abCasa de Campo Living @es\u00bb","block_context":{"text":"Casa de Campo Living @es","link":"https:\/\/casadecampoliving.com\/category\/casa-de-campo-living-es\/"},"img":{"alt_text":"","src":"https:\/\/i0.wp.com\/casadecampoliving.com\/wp-content\/uploads\/2022\/10\/TOD_342-e1466803846242.jpg?fit=1000%2C667&ssl=1&resize=350%2C200","width":350,"height":200,"srcset":"https:\/\/i0.wp.com\/casadecampoliving.com\/wp-content\/uploads\/2022\/10\/TOD_342-e1466803846242.jpg?fit=1000%2C667&ssl=1&resize=350%2C200 1x, https:\/\/i0.wp.com\/casadecampoliving.com\/wp-content\/uploads\/2022\/10\/TOD_342-e1466803846242.jpg?fit=1000%2C667&ssl=1&resize=525%2C300 1.5x, https:\/\/i0.wp.com\/casadecampoliving.com\/wp-content\/uploads\/2022\/10\/TOD_342-e1466803846242.jpg?fit=1000%2C667&ssl=1&resize=700%2C400 2x"},"classes":[]}],"jetpack_sharing_enabled":true,"_links":{"self":[{"href":"https:\/\/casadecampoliving.com\/es\/wp-json\/wp\/v2\/posts\/346491","targetHints":{"allow":["GET"]}}],"collection":[{"href":"https:\/\/casadecampoliving.com\/es\/wp-json\/wp\/v2\/posts"}],"about":[{"href":"https:\/\/casadecampoliving.com\/es\/wp-json\/wp\/v2\/types\/post"}],"author":[{"embeddable":true,"href":"https:\/\/casadecampoliving.com\/es\/wp-json\/wp\/v2\/users\/33461"}],"replies":[{"embeddable":true,"href":"https:\/\/casadecampoliving.com\/es\/wp-json\/wp\/v2\/comments?post=346491"}],"version-history":[{"count":1,"href":"https:\/\/casadecampoliving.com\/es\/wp-json\/wp\/v2\/posts\/346491\/revisions"}],"predecessor-version":[{"id":346492,"href":"https:\/\/casadecampoliving.com\/es\/wp-json\/wp\/v2\/posts\/346491\/revisions\/346492"}],"wp:featuredmedia":[{"embeddable":true,"href":"https:\/\/casadecampoliving.com\/es\/wp-json\/wp\/v2\/media\/302474"}],"wp:attachment":[{"href":"https:\/\/casadecampoliving.com\/es\/wp-json\/wp\/v2\/media?parent=346491"}],"wp:term":[{"taxonomy":"category","embeddable":true,"href":"https:\/\/casadecampoliving.com\/es\/wp-json\/wp\/v2\/categories?post=346491"},{"taxonomy":"post_tag","embeddable":true,"href":"https:\/\/casadecampoliving.com\/es\/wp-json\/wp\/v2\/tags?post=346491"},{"taxonomy":"newspack_spnsrs_tax","embeddable":true,"href":"https:\/\/casadecampoliving.com\/es\/wp-json\/wp\/v2\/newspack_spnsrs_tax?post=346491"}],"curies":[{"name":"wp","href":"https:\/\/api.w.org\/{rel}","templated":true}]}}