{"id":346485,"date":"2015-01-10T00:00:00","date_gmt":"2015-01-10T04:00:00","guid":{"rendered":"https:\/\/casadecampoliving.com\/junior-tickets-para-esplendor-magico-por-mir-solo-us150\/"},"modified":"2022-11-10T10:31:14","modified_gmt":"2022-11-10T14:31:14","slug":"junior-tickets-para-esplendor-magico-por-mir-solo-us150","status":"publish","type":"post","link":"https:\/\/casadecampoliving.com\/es\/junior-tickets-para-esplendor-magico-por-mir-solo-us150\/","title":{"rendered":"Junior Tickets para Esplendor M\u00e1gico por MIR  a solo US$150"},"content":{"rendered":"<img data-recalc-dims=\"1\" loading=\"lazy\" decoding=\"async\" class=\"aligncenter size-full wp-image-64425\" src=\"https:\/\/i0.wp.com\/casadecampoliving.com\/wp-content\/uploads\/2022\/10\/badgley_mischka_fashion_show-2.jpg?resize=650%2C500&#038;ssl=1\" alt=\"badgley mischka fashion show\" width=\"650\" height=\"500\" \/>\n\nEl s\u00e1bado 17 de enero, la Fundaci\u00f3n MIR estar\u00e1 celebrando su 25 anniversario con su anual gala y desfile de modas Esplendor M\u00e1gico, con Raysa y Alfy Fanjul como los anfitriones, y si eres menor de 40 estas cordialmente invitado a unirte a la fiesta por solo\u00a0US$150 por persona.\n\n<!--more-->\n\n<img data-recalc-dims=\"1\" loading=\"lazy\" decoding=\"async\" class=\"alignright  wp-image-85043\" style=\"margin-left: 15px; margin-right: 15px;\" src=\"https:\/\/i0.wp.com\/casadecampoliving.com\/wp-content\/uploads\/2022\/10\/crista_azqueta_Rick_Rosemarin.jpg?resize=300%2C327&#038;ssl=1\" alt=\"Crista Azqueta Rick Rosemarin\" width=\"300\" height=\"327\" \/>Estos especiales \u00abJunior Tickets\u00bb son exclusivos para aquellos menores de 40 e incluye la celebracion de cena y baile del Magical Splendor Gala and Fashion Show. El \u00abJunior Committee\u00bb consiste de\u00a0Johanna Martinez-Lima, Jaimito Bonetti, Raissa Herrera, Alfy Fernandez, Julio y\u00a0Patricia Zeller y\u00a0Eduardo Najri, quienes juntos est\u00e1n a cargo de unir un grupo divertido de jovenes !para unirse a la fiesta!\n\nLa gala y el\u00a0desfile de modas Esplendor M\u00e1gico\u00a0por la Fundaci\u00f3n MIR tomar\u00e1 lugar este a\u00f1o el s\u00e1bado 17 de enero en\u00a0Casa Grande y esta patrocinado por la tienda departamental de prestigio americana, <strong>Saks 5th Avenue<\/strong>, conjunto con\u00a0<strong>Roberto Coin,<\/strong>\u00a0joyer\u00eda y relojes italianos de Vicenza, y presentara un desfile de modas con <strong>Badgley Mischka.\u00a0<\/strong>Como parte del evento Saks 5th Avenue te invitar\u00e1 a disfrutar su \u00abMystery Shopping Wall\u00bb, <a href=\"https:\/\/casadecampoliving.com\/es\/chivalry-reloj-fundacion-mir\/\">mientras un reloj Chivalry de edici\u00f3n limitada, una colaboraci\u00f3n entre Chivas Regal y relojes Bremont ser\u00e1 subastada<\/a>. (Por favor, ver m\u00e1s abajo para detalles completos del evento.)\n\nAdem\u00e1s de la velada, el Esplendor M\u00e1gico de la Fundaci\u00f3n MIR incluir\u00e1 un torneo de golf que se jugar\u00e1 en el Country Club La Romana, as\u00ed como la Saks Fifth Avenue y Badgley Mischka Boutique junto con la joyer\u00eda Roberto Coin, abierta en el Country Club La Romana desde el 16 al 18 de enero.\n\n<strong>\u201cFundaci\u00f3n MIR, una organizaci\u00f3n sin fines de lucro que trabaja para recaudar fondos para los programas educativos por los ni\u00f1os de educaci\u00f3n inicial al cuarto de bachiller, \u00a1estar\u00e1 celebrando 25 a\u00f1os en el 2015! Este es un hito para que toda la comunidad se alegre y comparta.\u201d<\/strong> Raysa Fanjul dijo a Casa de Campo Living.\n<blockquote>\n<h3>Esplendor M\u00e1gico por Fundaci\u00f3n MIR<\/h3>\n<strong>Fecha:\u00a0<\/strong>S\u00e1bado 17 de enero, 2015\n\n<strong>Lugar:<\/strong> Casa Grande, Casa de Campo\n\n<strong>Boletas:<\/strong>\n<ul>\n\t<li>US$7,500 Premium Runway mesa para 10<\/li>\n\t<li>US$1,000 Premium Gala Ticket<\/li>\n\t<li>US$500 Silver Gala Ticket<\/li>\n\t<li>US$300 Bronze Gala Ticket<\/li>\n\t<li>US$200 Golf Tournament Ticket<\/li>\n\t<li>US$150 Junior Ticket<\/li>\n<\/ul>\n<strong>Contactos:\u00a0<\/strong>\n<ul>\n\t<li>info@fundacionmir.org<\/li>\n\t<li>561.366.5095 (USA)<\/li>\n\t<li>809.523.8270 (DR)<\/li>\n<\/ul>\n<strong><strong>Haga clic en las im\u00e1genes abajo para los formularios de reservaci\u00f3n<\/strong>:\u00a0<strong>\n<figure class=\"wp-block-gallery has-nested-images columns-default is-cropped wp-block-gallery-1 is-layout-flex wp-block-gallery-is-layout-flex\">\n<figure class=\"wp-block-image size-large\"><img data-recalc-dims=\"1\" loading=\"lazy\" decoding=\"async\" width=\"1275\" height=\"1650\" data-id=\"445166\" src=\"https:\/\/i0.wp.com\/casadecampoliving.com\/wp-content\/uploads\/2022\/10\/rsvp_english.jpg?resize=1275%2C1650&#038;ssl=1\" alt=\"\" class=\"wp-image-445166\" srcset=\"https:\/\/i0.wp.com\/casadecampoliving.com\/wp-content\/uploads\/2022\/10\/rsvp_english.jpg?w=1275&amp;ssl=1 1275w, https:\/\/i0.wp.com\/casadecampoliving.com\/wp-content\/uploads\/2022\/10\/rsvp_english.jpg?resize=232%2C300&amp;ssl=1 232w, https:\/\/i0.wp.com\/casadecampoliving.com\/wp-content\/uploads\/2022\/10\/rsvp_english.jpg?resize=791%2C1024&amp;ssl=1 791w, https:\/\/i0.wp.com\/casadecampoliving.com\/wp-content\/uploads\/2022\/10\/rsvp_english.jpg?resize=768%2C994&amp;ssl=1 768w, https:\/\/i0.wp.com\/casadecampoliving.com\/wp-content\/uploads\/2022\/10\/rsvp_english.jpg?resize=1187%2C1536&amp;ssl=1 1187w, https:\/\/i0.wp.com\/casadecampoliving.com\/wp-content\/uploads\/2022\/10\/rsvp_english.jpg?resize=1200%2C1553&amp;ssl=1 1200w, https:\/\/i0.wp.com\/casadecampoliving.com\/wp-content\/uploads\/2022\/10\/rsvp_english.jpg?resize=400%2C518&amp;ssl=1 400w, https:\/\/i0.wp.com\/casadecampoliving.com\/wp-content\/uploads\/2022\/10\/rsvp_english.jpg?resize=706%2C914&amp;ssl=1 706w, https:\/\/i0.wp.com\/casadecampoliving.com\/wp-content\/uploads\/2022\/10\/rsvp_english.jpg?resize=150%2C194&amp;ssl=1 150w, https:\/\/i0.wp.com\/casadecampoliving.com\/wp-content\/uploads\/2022\/10\/rsvp_english.jpg?w=370&amp;ssl=1 370w\" sizes=\"auto, (max-width: 1000px) 100vw, 1000px\" \/><\/figure>\n\n\n\n<figure class=\"wp-block-image size-large\"><img data-recalc-dims=\"1\" loading=\"lazy\" decoding=\"async\" width=\"1275\" height=\"1650\" data-id=\"445185\" src=\"https:\/\/i0.wp.com\/casadecampoliving.com\/wp-content\/uploads\/2022\/10\/rsvp_english_sponsor-options.jpg?resize=1275%2C1650&#038;ssl=1\" alt=\"\" class=\"wp-image-445185\" srcset=\"https:\/\/i0.wp.com\/casadecampoliving.com\/wp-content\/uploads\/2022\/10\/rsvp_english_sponsor-options.jpg?w=1275&amp;ssl=1 1275w, https:\/\/i0.wp.com\/casadecampoliving.com\/wp-content\/uploads\/2022\/10\/rsvp_english_sponsor-options.jpg?resize=232%2C300&amp;ssl=1 232w, https:\/\/i0.wp.com\/casadecampoliving.com\/wp-content\/uploads\/2022\/10\/rsvp_english_sponsor-options.jpg?resize=791%2C1024&amp;ssl=1 791w, https:\/\/i0.wp.com\/casadecampoliving.com\/wp-content\/uploads\/2022\/10\/rsvp_english_sponsor-options.jpg?resize=768%2C994&amp;ssl=1 768w, https:\/\/i0.wp.com\/casadecampoliving.com\/wp-content\/uploads\/2022\/10\/rsvp_english_sponsor-options.jpg?resize=1187%2C1536&amp;ssl=1 1187w, https:\/\/i0.wp.com\/casadecampoliving.com\/wp-content\/uploads\/2022\/10\/rsvp_english_sponsor-options.jpg?resize=1200%2C1553&amp;ssl=1 1200w, https:\/\/i0.wp.com\/casadecampoliving.com\/wp-content\/uploads\/2022\/10\/rsvp_english_sponsor-options.jpg?resize=400%2C518&amp;ssl=1 400w, https:\/\/i0.wp.com\/casadecampoliving.com\/wp-content\/uploads\/2022\/10\/rsvp_english_sponsor-options.jpg?resize=706%2C914&amp;ssl=1 706w, https:\/\/i0.wp.com\/casadecampoliving.com\/wp-content\/uploads\/2022\/10\/rsvp_english_sponsor-options.jpg?resize=150%2C194&amp;ssl=1 150w, https:\/\/i0.wp.com\/casadecampoliving.com\/wp-content\/uploads\/2022\/10\/rsvp_english_sponsor-options.jpg?w=370&amp;ssl=1 370w\" sizes=\"auto, (max-width: 1000px) 100vw, 1000px\" \/><\/figure>\n<\/figure>\n<\/strong><\/strong>\n\n<img data-recalc-dims=\"1\" loading=\"lazy\" decoding=\"async\" class=\"aligncenter size-full wp-image-105449\" src=\"https:\/\/i0.wp.com\/casadecampoliving.com\/wp-content\/uploads\/2022\/10\/Fundacion-MIR_Magical_Splendor_Gala.jpg?resize=640%2C896&#038;ssl=1\" alt=\"Fundacion MIR, Magical Splendor Gala\" width=\"640\" height=\"896\" \/><\/blockquote>\n<blockquote>\n<h3 style=\"text-align: center;\"><a href=\"https:\/\/casadecampoliving.com\/es\/esplendor-magico-por-la-vida-fundacion-mir\/\">Gala de Esplendor M\u00e1gico 2014<\/a><\/h3>\n<img data-recalc-dims=\"1\" loading=\"lazy\" decoding=\"async\" class=\"aligncenter wp-image-85046\" src=\"https:\/\/i0.wp.com\/casadecampoliving.com\/wp-content\/uploads\/2022\/10\/raisa_herrera2-1.jpg?resize=620%2C375&#038;ssl=1\" alt=\"Raisa Herrera\" width=\"620\" height=\"375\" \/>\n\nLa gala de Esplendor M\u00e1gico 2014 The Magical Splendor Gala 2014se celebr\u00f3 el 18 de enero de 2014 en Casa Grande, Casa de Campo\u2026\u00a0<a href=\"https:\/\/casadecampoliving.com\/es\/esplendor-magico-por-la-vida-fundacion-mir\/\">haz clic aqu\u00ed para ver todas nuestras fotos y la cobertura de este evento verdaderamente m\u00e1gico!<\/a><\/blockquote>","protected":false},"excerpt":{"rendered":"<p>El s\u00e1bado 17 de enero, la Fundaci\u00f3n MIR estar\u00e1 celebrando su 25 anniversario con su anual gala y desfile de modas Esplendor M\u00e1gico, con Raysa y Alfy Fanjul como los anfitriones, y si eres menor de 40 estas cordialmente invitado a unirte a la fiesta por solo\u00a0US$150 por persona.<\/p>\n","protected":false},"author":33461,"featured_media":257817,"comment_status":"closed","ping_status":"closed","sticky":false,"template":"","format":"standard","meta":{"newspack_ads_suppress_ads":false,"newspack_popups_has_disabled_popups":false,"newspack_sponsor_sponsorship_scope":"","newspack_sponsor_native_byline_display":"inherit","newspack_sponsor_native_category_display":"inherit","newspack_sponsor_underwriter_style":"inherit","newspack_sponsor_underwriter_placement":"inherit","_newspack_byline_active":false,"_newspack_byline":"","newspack_hide_updated_date":false,"newspack_show_updated_date":false,"newspack_content_restriction_is_exempt":false,"newspack_featured_image_position":"","newspack_post_subtitle":"","newspack_article_summary_title":"Overview:","newspack_article_summary":"","_jetpack_memberships_contains_paid_content":false,"footnotes":"","jetpack_publicize_message":"","jetpack_publicize_feature_enabled":true,"jetpack_social_post_already_shared":false,"jetpack_social_options":{"image_generator_settings":{"template":"highway","default_image_id":0,"font":"","enabled":false},"version":2},"_wpas_customize_per_network":false},"categories":[26823,2501,2521,2522,2523,2524,14629,2515,14631,14625,2514,26822,14627],"tags":[23783,6217,23815,6380,2740,24715,3229,8069],"newspack_spnsrs_tax":[],"class_list":["post-346485","post","type-post","status-publish","format-standard","has-post-thumbnail","hentry","category-arte-y-cultura","category-vida-nocturna-es","category-republica-dominicana-2","category-eventos-es","category-moda-es","category-destacados","category-comidas-bebidas","category-fundacion-mir-es","category-estilo-de-vida","category-noticias-locales","category-fundaciones-es","category-resort-casa-de-campo","category-proximamente","tag-alfy-fanjul-es-2","tag-alfy-fanjul-es","tag-casa-de-campo-es-17","tag-casa-grande-es","tag-eventos","tag-fundacion-mir-es","tag-moda","tag-raysa-fanjul-es","entry"],"yoast_head":"<!-- This site is optimized with the Yoast SEO plugin v27.4 - https:\/\/yoast.com\/product\/yoast-seo-wordpress\/ -->\n<title>Junior Tickets para Esplendor M\u00e1gico por MIR a solo US$150 | Casa de Campo Living<\/title>\n<meta name=\"description\" content=\"El s\u00e1bado 17 de enero, la Fundaci\u00f3n MIR estar\u00e1 celebrando su 25 anniversario con su anual gala y desfile de modas Esplendor M\u00e1gico, con Raysa y Alfy\" \/>\n<meta name=\"robots\" content=\"index, follow, max-snippet:-1, max-image-preview:large, max-video-preview:-1\" \/>\n<link rel=\"canonical\" href=\"https:\/\/casadecampoliving.com\/es\/junior-tickets-para-esplendor-magico-por-mir-solo-us150\/\" \/>\n<meta property=\"og:locale\" content=\"es_ES\" \/>\n<meta property=\"og:type\" content=\"article\" \/>\n<meta property=\"og:title\" content=\"Junior Tickets para Esplendor M\u00e1gico por MIR a solo US$150 | Casa de Campo Living\" \/>\n<meta property=\"og:description\" content=\"El s\u00e1bado 17 de enero, la Fundaci\u00f3n MIR estar\u00e1 celebrando su 25 anniversario con su anual gala y desfile de modas Esplendor M\u00e1gico, con Raysa y Alfy\" \/>\n<meta property=\"og:url\" content=\"https:\/\/casadecampoliving.com\/es\/junior-tickets-para-esplendor-magico-por-mir-solo-us150\/\" \/>\n<meta property=\"og:site_name\" content=\"Casa de Campo Living\" \/>\n<meta property=\"article:publisher\" content=\"https:\/\/www.facebook.com\/casadecampoliving\" \/>\n<meta property=\"article:published_time\" content=\"2015-01-10T04:00:00+00:00\" \/>\n<meta property=\"article:modified_time\" content=\"2022-11-10T14:31:14+00:00\" \/>\n<meta property=\"og:image\" content=\"https:\/\/i0.wp.com\/casadecampoliving.com\/wp-content\/uploads\/2022\/10\/badgley_mischka_fashion_show-3.jpg?fit=650%2C500&ssl=1\" \/>\n\t<meta property=\"og:image:width\" content=\"650\" \/>\n\t<meta property=\"og:image:height\" content=\"500\" \/>\n\t<meta property=\"og:image:type\" content=\"image\/jpeg\" \/>\n<meta name=\"author\" content=\"Esther Dariet Cazanova\" \/>\n<meta name=\"twitter:card\" content=\"summary_large_image\" \/>\n<meta name=\"twitter:creator\" content=\"@cdcliving\" \/>\n<meta name=\"twitter:site\" content=\"@cdcliving\" \/>\n<meta name=\"twitter:label1\" content=\"Escrito por\" \/>\n\t<meta name=\"twitter:data1\" content=\"Esther Dariet Cazanova\" \/>\n\t<meta name=\"twitter:label2\" content=\"Tiempo de lectura\" \/>\n\t<meta name=\"twitter:data2\" content=\"2 minutos\" \/>\n<script type=\"application\/ld+json\" class=\"yoast-schema-graph\">{\"@context\":\"https:\\\/\\\/schema.org\",\"@graph\":[{\"@type\":\"Article\",\"@id\":\"https:\\\/\\\/casadecampoliving.com\\\/es\\\/junior-tickets-para-esplendor-magico-por-mir-solo-us150\\\/#article\",\"isPartOf\":{\"@id\":\"https:\\\/\\\/casadecampoliving.com\\\/es\\\/junior-tickets-para-esplendor-magico-por-mir-solo-us150\\\/\"},\"author\":{\"name\":\"Esther Dariet Cazanova\",\"@id\":\"https:\\\/\\\/casadecampoliving.com\\\/es\\\/#\\\/schema\\\/person\\\/2ca7e4a1f56a8ac8eef9eca15a995d24\"},\"headline\":\"Junior Tickets para Esplendor M\u00e1gico por MIR a solo US$150\",\"datePublished\":\"2015-01-10T04:00:00+00:00\",\"dateModified\":\"2022-11-10T14:31:14+00:00\",\"mainEntityOfPage\":{\"@id\":\"https:\\\/\\\/casadecampoliving.com\\\/es\\\/junior-tickets-para-esplendor-magico-por-mir-solo-us150\\\/\"},\"wordCount\":451,\"publisher\":{\"@id\":\"https:\\\/\\\/casadecampoliving.com\\\/es\\\/#organization\"},\"image\":{\"@id\":\"https:\\\/\\\/casadecampoliving.com\\\/es\\\/junior-tickets-para-esplendor-magico-por-mir-solo-us150\\\/#primaryimage\"},\"thumbnailUrl\":\"https:\\\/\\\/i0.wp.com\\\/casadecampoliving.com\\\/wp-content\\\/uploads\\\/2022\\\/10\\\/badgley_mischka_fashion_show-3.jpg?fit=650%2C500&ssl=1\",\"keywords\":[\"alfy fanjul\",\"alfy fanjul @es\",\"Casa de Campo\",\"casa grande @es\",\"eventos\",\"Fundacion MIR\",\"moda\",\"raysa fanjul @es\"],\"articleSection\":[\"Arte y cultura\",\"Vida Nocturna\",\"Rep\u00fablica Dominicana @es\",\"Eventos\",\"Moda\",\"Destacados\",\"Comidas &amp; Bebidas\",\"Fundaci\u00f3n MIR @es\",\"Estilo de Vida\",\"Noticias Locales\",\"Fundaciones\",\"Resort Casa de Campo\",\"Proximamente\"],\"inLanguage\":\"es\"},{\"@type\":\"WebPage\",\"@id\":\"https:\\\/\\\/casadecampoliving.com\\\/es\\\/junior-tickets-para-esplendor-magico-por-mir-solo-us150\\\/\",\"url\":\"https:\\\/\\\/casadecampoliving.com\\\/es\\\/junior-tickets-para-esplendor-magico-por-mir-solo-us150\\\/\",\"name\":\"Junior Tickets para Esplendor M\u00e1gico por MIR a solo US$150 | Casa de Campo Living\",\"isPartOf\":{\"@id\":\"https:\\\/\\\/casadecampoliving.com\\\/es\\\/#website\"},\"primaryImageOfPage\":{\"@id\":\"https:\\\/\\\/casadecampoliving.com\\\/es\\\/junior-tickets-para-esplendor-magico-por-mir-solo-us150\\\/#primaryimage\"},\"image\":{\"@id\":\"https:\\\/\\\/casadecampoliving.com\\\/es\\\/junior-tickets-para-esplendor-magico-por-mir-solo-us150\\\/#primaryimage\"},\"thumbnailUrl\":\"https:\\\/\\\/i0.wp.com\\\/casadecampoliving.com\\\/wp-content\\\/uploads\\\/2022\\\/10\\\/badgley_mischka_fashion_show-3.jpg?fit=650%2C500&ssl=1\",\"datePublished\":\"2015-01-10T04:00:00+00:00\",\"dateModified\":\"2022-11-10T14:31:14+00:00\",\"description\":\"El s\u00e1bado 17 de enero, la Fundaci\u00f3n MIR estar\u00e1 celebrando su 25 anniversario con su anual gala y desfile de modas Esplendor M\u00e1gico, con Raysa y Alfy\",\"breadcrumb\":{\"@id\":\"https:\\\/\\\/casadecampoliving.com\\\/es\\\/junior-tickets-para-esplendor-magico-por-mir-solo-us150\\\/#breadcrumb\"},\"inLanguage\":\"es\",\"potentialAction\":[{\"@type\":\"ReadAction\",\"target\":[\"https:\\\/\\\/casadecampoliving.com\\\/es\\\/junior-tickets-para-esplendor-magico-por-mir-solo-us150\\\/\"]}]},{\"@type\":\"ImageObject\",\"inLanguage\":\"es\",\"@id\":\"https:\\\/\\\/casadecampoliving.com\\\/es\\\/junior-tickets-para-esplendor-magico-por-mir-solo-us150\\\/#primaryimage\",\"url\":\"https:\\\/\\\/i0.wp.com\\\/casadecampoliving.com\\\/wp-content\\\/uploads\\\/2022\\\/10\\\/badgley_mischka_fashion_show-3.jpg?fit=650%2C500&ssl=1\",\"contentUrl\":\"https:\\\/\\\/i0.wp.com\\\/casadecampoliving.com\\\/wp-content\\\/uploads\\\/2022\\\/10\\\/badgley_mischka_fashion_show-3.jpg?fit=650%2C500&ssl=1\",\"width\":650,\"height\":500,\"caption\":\"badgley mischka fashion show\"},{\"@type\":\"BreadcrumbList\",\"@id\":\"https:\\\/\\\/casadecampoliving.com\\\/es\\\/junior-tickets-para-esplendor-magico-por-mir-solo-us150\\\/#breadcrumb\",\"itemListElement\":[{\"@type\":\"ListItem\",\"position\":1,\"name\":\"Home\",\"item\":\"https:\\\/\\\/casadecampoliving.com\\\/es\\\/\"},{\"@type\":\"ListItem\",\"position\":2,\"name\":\"Junior Tickets para Esplendor M\u00e1gico por MIR a solo US$150\"}]},{\"@type\":\"WebSite\",\"@id\":\"https:\\\/\\\/casadecampoliving.com\\\/es\\\/#website\",\"url\":\"https:\\\/\\\/casadecampoliving.com\\\/es\\\/\",\"name\":\"Casa de Campo Living\",\"description\":\"Resort community news and resources.\",\"publisher\":{\"@id\":\"https:\\\/\\\/casadecampoliving.com\\\/es\\\/#organization\"},\"potentialAction\":[{\"@type\":\"SearchAction\",\"target\":{\"@type\":\"EntryPoint\",\"urlTemplate\":\"https:\\\/\\\/casadecampoliving.com\\\/es\\\/?s={search_term_string}\"},\"query-input\":{\"@type\":\"PropertyValueSpecification\",\"valueRequired\":true,\"valueName\":\"search_term_string\"}}],\"inLanguage\":\"es\"},{\"@type\":\"Organization\",\"@id\":\"https:\\\/\\\/casadecampoliving.com\\\/es\\\/#organization\",\"name\":\"Casa de Campo Living\",\"url\":\"https:\\\/\\\/casadecampoliving.com\\\/es\\\/\",\"logo\":{\"@type\":\"ImageObject\",\"inLanguage\":\"es\",\"@id\":\"https:\\\/\\\/casadecampoliving.com\\\/es\\\/#\\\/schema\\\/logo\\\/image\\\/\",\"url\":\"https:\\\/\\\/i0.wp.com\\\/casadecampoliving.com\\\/wp-content\\\/uploads\\\/2022\\\/07\\\/CDCLivingLogo_V1-white-sized.png?fit=800%2C214&ssl=1\",\"contentUrl\":\"https:\\\/\\\/i0.wp.com\\\/casadecampoliving.com\\\/wp-content\\\/uploads\\\/2022\\\/07\\\/CDCLivingLogo_V1-white-sized.png?fit=800%2C214&ssl=1\",\"width\":800,\"height\":214,\"caption\":\"Casa de Campo Living\"},\"image\":{\"@id\":\"https:\\\/\\\/casadecampoliving.com\\\/es\\\/#\\\/schema\\\/logo\\\/image\\\/\"},\"sameAs\":[\"https:\\\/\\\/www.facebook.com\\\/casadecampoliving\",\"https:\\\/\\\/x.com\\\/cdcliving\"]},{\"@type\":\"Person\",\"@id\":\"https:\\\/\\\/casadecampoliving.com\\\/es\\\/#\\\/schema\\\/person\\\/2ca7e4a1f56a8ac8eef9eca15a995d24\",\"name\":\"Esther Dariet Cazanova\",\"image\":{\"@type\":\"ImageObject\",\"inLanguage\":\"es\",\"@id\":\"https:\\\/\\\/secure.gravatar.com\\\/avatar\\\/72b7b72b3d3cb7950e2004fb83ef2e9e40177b9f1cb00226aee65904879073b6?s=96&d=mm&r=g\",\"url\":\"https:\\\/\\\/secure.gravatar.com\\\/avatar\\\/72b7b72b3d3cb7950e2004fb83ef2e9e40177b9f1cb00226aee65904879073b6?s=96&d=mm&r=g\",\"contentUrl\":\"https:\\\/\\\/secure.gravatar.com\\\/avatar\\\/72b7b72b3d3cb7950e2004fb83ef2e9e40177b9f1cb00226aee65904879073b6?s=96&d=mm&r=g\",\"caption\":\"Esther Dariet Cazanova\"},\"url\":\"https:\\\/\\\/casadecampoliving.com\\\/es\\\/author\\\/ecazanova\\\/\"}]}<\/script>\n<!-- \/ Yoast SEO plugin. -->","yoast_head_json":{"title":"Junior Tickets para Esplendor M\u00e1gico por MIR a solo US$150 | Casa de Campo Living","description":"El s\u00e1bado 17 de enero, la Fundaci\u00f3n MIR estar\u00e1 celebrando su 25 anniversario con su anual gala y desfile de modas Esplendor M\u00e1gico, con Raysa y Alfy","robots":{"index":"index","follow":"follow","max-snippet":"max-snippet:-1","max-image-preview":"max-image-preview:large","max-video-preview":"max-video-preview:-1"},"canonical":"https:\/\/casadecampoliving.com\/es\/junior-tickets-para-esplendor-magico-por-mir-solo-us150\/","og_locale":"es_ES","og_type":"article","og_title":"Junior Tickets para Esplendor M\u00e1gico por MIR a solo US$150 | Casa de Campo Living","og_description":"El s\u00e1bado 17 de enero, la Fundaci\u00f3n MIR estar\u00e1 celebrando su 25 anniversario con su anual gala y desfile de modas Esplendor M\u00e1gico, con Raysa y Alfy","og_url":"https:\/\/casadecampoliving.com\/es\/junior-tickets-para-esplendor-magico-por-mir-solo-us150\/","og_site_name":"Casa de Campo Living","article_publisher":"https:\/\/www.facebook.com\/casadecampoliving","article_published_time":"2015-01-10T04:00:00+00:00","article_modified_time":"2022-11-10T14:31:14+00:00","og_image":[{"width":650,"height":500,"url":"https:\/\/i0.wp.com\/casadecampoliving.com\/wp-content\/uploads\/2022\/10\/badgley_mischka_fashion_show-3.jpg?fit=650%2C500&ssl=1","type":"image\/jpeg"}],"author":"Esther Dariet Cazanova","twitter_card":"summary_large_image","twitter_creator":"@cdcliving","twitter_site":"@cdcliving","twitter_misc":{"Escrito por":"Esther Dariet Cazanova","Tiempo de lectura":"2 minutos"},"schema":{"@context":"https:\/\/schema.org","@graph":[{"@type":"Article","@id":"https:\/\/casadecampoliving.com\/es\/junior-tickets-para-esplendor-magico-por-mir-solo-us150\/#article","isPartOf":{"@id":"https:\/\/casadecampoliving.com\/es\/junior-tickets-para-esplendor-magico-por-mir-solo-us150\/"},"author":{"name":"Esther Dariet Cazanova","@id":"https:\/\/casadecampoliving.com\/es\/#\/schema\/person\/2ca7e4a1f56a8ac8eef9eca15a995d24"},"headline":"Junior Tickets para Esplendor M\u00e1gico por MIR a solo US$150","datePublished":"2015-01-10T04:00:00+00:00","dateModified":"2022-11-10T14:31:14+00:00","mainEntityOfPage":{"@id":"https:\/\/casadecampoliving.com\/es\/junior-tickets-para-esplendor-magico-por-mir-solo-us150\/"},"wordCount":451,"publisher":{"@id":"https:\/\/casadecampoliving.com\/es\/#organization"},"image":{"@id":"https:\/\/casadecampoliving.com\/es\/junior-tickets-para-esplendor-magico-por-mir-solo-us150\/#primaryimage"},"thumbnailUrl":"https:\/\/i0.wp.com\/casadecampoliving.com\/wp-content\/uploads\/2022\/10\/badgley_mischka_fashion_show-3.jpg?fit=650%2C500&ssl=1","keywords":["alfy fanjul","alfy fanjul @es","Casa de Campo","casa grande @es","eventos","Fundacion MIR","moda","raysa fanjul @es"],"articleSection":["Arte y cultura","Vida Nocturna","Rep\u00fablica Dominicana @es","Eventos","Moda","Destacados","Comidas &amp; Bebidas","Fundaci\u00f3n MIR @es","Estilo de Vida","Noticias Locales","Fundaciones","Resort Casa de Campo","Proximamente"],"inLanguage":"es"},{"@type":"WebPage","@id":"https:\/\/casadecampoliving.com\/es\/junior-tickets-para-esplendor-magico-por-mir-solo-us150\/","url":"https:\/\/casadecampoliving.com\/es\/junior-tickets-para-esplendor-magico-por-mir-solo-us150\/","name":"Junior Tickets para Esplendor M\u00e1gico por MIR a solo US$150 | Casa de Campo Living","isPartOf":{"@id":"https:\/\/casadecampoliving.com\/es\/#website"},"primaryImageOfPage":{"@id":"https:\/\/casadecampoliving.com\/es\/junior-tickets-para-esplendor-magico-por-mir-solo-us150\/#primaryimage"},"image":{"@id":"https:\/\/casadecampoliving.com\/es\/junior-tickets-para-esplendor-magico-por-mir-solo-us150\/#primaryimage"},"thumbnailUrl":"https:\/\/i0.wp.com\/casadecampoliving.com\/wp-content\/uploads\/2022\/10\/badgley_mischka_fashion_show-3.jpg?fit=650%2C500&ssl=1","datePublished":"2015-01-10T04:00:00+00:00","dateModified":"2022-11-10T14:31:14+00:00","description":"El s\u00e1bado 17 de enero, la Fundaci\u00f3n MIR estar\u00e1 celebrando su 25 anniversario con su anual gala y desfile de modas Esplendor M\u00e1gico, con Raysa y Alfy","breadcrumb":{"@id":"https:\/\/casadecampoliving.com\/es\/junior-tickets-para-esplendor-magico-por-mir-solo-us150\/#breadcrumb"},"inLanguage":"es","potentialAction":[{"@type":"ReadAction","target":["https:\/\/casadecampoliving.com\/es\/junior-tickets-para-esplendor-magico-por-mir-solo-us150\/"]}]},{"@type":"ImageObject","inLanguage":"es","@id":"https:\/\/casadecampoliving.com\/es\/junior-tickets-para-esplendor-magico-por-mir-solo-us150\/#primaryimage","url":"https:\/\/i0.wp.com\/casadecampoliving.com\/wp-content\/uploads\/2022\/10\/badgley_mischka_fashion_show-3.jpg?fit=650%2C500&ssl=1","contentUrl":"https:\/\/i0.wp.com\/casadecampoliving.com\/wp-content\/uploads\/2022\/10\/badgley_mischka_fashion_show-3.jpg?fit=650%2C500&ssl=1","width":650,"height":500,"caption":"badgley mischka fashion show"},{"@type":"BreadcrumbList","@id":"https:\/\/casadecampoliving.com\/es\/junior-tickets-para-esplendor-magico-por-mir-solo-us150\/#breadcrumb","itemListElement":[{"@type":"ListItem","position":1,"name":"Home","item":"https:\/\/casadecampoliving.com\/es\/"},{"@type":"ListItem","position":2,"name":"Junior Tickets para Esplendor M\u00e1gico por MIR a solo US$150"}]},{"@type":"WebSite","@id":"https:\/\/casadecampoliving.com\/es\/#website","url":"https:\/\/casadecampoliving.com\/es\/","name":"Casa de Campo Living","description":"Resort community news and resources.","publisher":{"@id":"https:\/\/casadecampoliving.com\/es\/#organization"},"potentialAction":[{"@type":"SearchAction","target":{"@type":"EntryPoint","urlTemplate":"https:\/\/casadecampoliving.com\/es\/?s={search_term_string}"},"query-input":{"@type":"PropertyValueSpecification","valueRequired":true,"valueName":"search_term_string"}}],"inLanguage":"es"},{"@type":"Organization","@id":"https:\/\/casadecampoliving.com\/es\/#organization","name":"Casa de Campo Living","url":"https:\/\/casadecampoliving.com\/es\/","logo":{"@type":"ImageObject","inLanguage":"es","@id":"https:\/\/casadecampoliving.com\/es\/#\/schema\/logo\/image\/","url":"https:\/\/i0.wp.com\/casadecampoliving.com\/wp-content\/uploads\/2022\/07\/CDCLivingLogo_V1-white-sized.png?fit=800%2C214&ssl=1","contentUrl":"https:\/\/i0.wp.com\/casadecampoliving.com\/wp-content\/uploads\/2022\/07\/CDCLivingLogo_V1-white-sized.png?fit=800%2C214&ssl=1","width":800,"height":214,"caption":"Casa de Campo Living"},"image":{"@id":"https:\/\/casadecampoliving.com\/es\/#\/schema\/logo\/image\/"},"sameAs":["https:\/\/www.facebook.com\/casadecampoliving","https:\/\/x.com\/cdcliving"]},{"@type":"Person","@id":"https:\/\/casadecampoliving.com\/es\/#\/schema\/person\/2ca7e4a1f56a8ac8eef9eca15a995d24","name":"Esther Dariet Cazanova","image":{"@type":"ImageObject","inLanguage":"es","@id":"https:\/\/secure.gravatar.com\/avatar\/72b7b72b3d3cb7950e2004fb83ef2e9e40177b9f1cb00226aee65904879073b6?s=96&d=mm&r=g","url":"https:\/\/secure.gravatar.com\/avatar\/72b7b72b3d3cb7950e2004fb83ef2e9e40177b9f1cb00226aee65904879073b6?s=96&d=mm&r=g","contentUrl":"https:\/\/secure.gravatar.com\/avatar\/72b7b72b3d3cb7950e2004fb83ef2e9e40177b9f1cb00226aee65904879073b6?s=96&d=mm&r=g","caption":"Esther Dariet Cazanova"},"url":"https:\/\/casadecampoliving.com\/es\/author\/ecazanova\/"}]}},"parsely":{"version":"1.1.0","canonical_url":"https:\/\/casadecampoliving.com\/es\/junior-tickets-para-esplendor-magico-por-mir-solo-us150\/","smart_links":{"inbound":0,"outbound":0},"traffic_boost_suggestions_count":0,"meta":{"@context":"https:\/\/schema.org","@type":"NewsArticle","headline":"Junior Tickets para Esplendor M\u00e1gico por MIR  a solo US$150","url":"http:\/\/casadecampoliving.com\/es\/junior-tickets-para-esplendor-magico-por-mir-solo-us150\/","mainEntityOfPage":{"@type":"WebPage","@id":"http:\/\/casadecampoliving.com\/es\/junior-tickets-para-esplendor-magico-por-mir-solo-us150\/"},"thumbnailUrl":"https:\/\/i0.wp.com\/casadecampoliving.com\/wp-content\/uploads\/2022\/10\/badgley_mischka_fashion_show-3.jpg?resize=150%2C150&ssl=1","image":{"@type":"ImageObject","url":"https:\/\/i0.wp.com\/casadecampoliving.com\/wp-content\/uploads\/2022\/10\/badgley_mischka_fashion_show-3.jpg?fit=650%2C500&ssl=1"},"articleSection":"Arte y cultura","author":[{"@type":"Person","name":"Esther Dariet Cazanova"}],"creator":["Esther Dariet Cazanova"],"publisher":{"@type":"Organization","name":"Casa de Campo Living","logo":"https:\/\/casadecampoliving.com\/wp-content\/uploads\/2022\/07\/CDCLivingLogo_V1-white-sized.png"},"keywords":["alfy fanjul","alfy fanjul @es","casa de campo","casa grande @es","eventos","fundacion mir","moda","raysa fanjul @es"],"dateCreated":"2015-01-10T04:00:00Z","datePublished":"2015-01-10T04:00:00Z","dateModified":"2022-11-10T14:31:14Z"},"rendered":"<script type=\"application\/ld+json\" class=\"wp-parsely-metadata\">{\"@context\":\"https:\\\/\\\/schema.org\",\"@type\":\"NewsArticle\",\"headline\":\"Junior Tickets para Esplendor M\\u00e1gico por MIR  a solo US$150\",\"url\":\"http:\\\/\\\/casadecampoliving.com\\\/es\\\/junior-tickets-para-esplendor-magico-por-mir-solo-us150\\\/\",\"mainEntityOfPage\":{\"@type\":\"WebPage\",\"@id\":\"http:\\\/\\\/casadecampoliving.com\\\/es\\\/junior-tickets-para-esplendor-magico-por-mir-solo-us150\\\/\"},\"thumbnailUrl\":\"https:\\\/\\\/i0.wp.com\\\/casadecampoliving.com\\\/wp-content\\\/uploads\\\/2022\\\/10\\\/badgley_mischka_fashion_show-3.jpg?resize=150%2C150&ssl=1\",\"image\":{\"@type\":\"ImageObject\",\"url\":\"https:\\\/\\\/i0.wp.com\\\/casadecampoliving.com\\\/wp-content\\\/uploads\\\/2022\\\/10\\\/badgley_mischka_fashion_show-3.jpg?fit=650%2C500&ssl=1\"},\"articleSection\":\"Arte y cultura\",\"author\":[{\"@type\":\"Person\",\"name\":\"Esther Dariet Cazanova\"}],\"creator\":[\"Esther Dariet Cazanova\"],\"publisher\":{\"@type\":\"Organization\",\"name\":\"Casa de Campo Living\",\"logo\":\"https:\\\/\\\/casadecampoliving.com\\\/wp-content\\\/uploads\\\/2022\\\/07\\\/CDCLivingLogo_V1-white-sized.png\"},\"keywords\":[\"alfy fanjul\",\"alfy fanjul @es\",\"casa de campo\",\"casa grande @es\",\"eventos\",\"fundacion mir\",\"moda\",\"raysa fanjul @es\"],\"dateCreated\":\"2015-01-10T04:00:00Z\",\"datePublished\":\"2015-01-10T04:00:00Z\",\"dateModified\":\"2022-11-10T14:31:14Z\"}<\/script>","tracker_url":"https:\/\/cdn.parsely.com\/keys\/casadecampoliving.com\/p.js"},"jetpack_publicize_connections":[],"jetpack_featured_media_url":"https:\/\/i0.wp.com\/casadecampoliving.com\/wp-content\/uploads\/2022\/10\/badgley_mischka_fashion_show-3.jpg?fit=650%2C500&ssl=1","jetpack-related-posts":[{"id":345908,"url":"https:\/\/casadecampoliving.com\/es\/una-carta-de-raysa-alfy-fanjul\/","url_meta":{"origin":346485,"position":0},"title":"Una carta de Raysa &#038; Alfy Fanjul","author":"Perkin Agramonte","date":"10 Nov, 2014","format":false,"excerpt":"El pr\u00f3ximo a\u00f1o la Fundaci\u00f3n MIR celebrar\u00e1 su 25 aniversario, y en el d\u00eda de hoy antes de esta ocasi\u00f3n tan especial le traemos una carta de Raysa y Alfy Fanjul, presidentes del Esplendor M\u00e1gico Fundaci\u00f3n MIR que se llevar\u00e1 a cabo\u00a0el s\u00e1bado 17 de enero. Estimados amigos, Es un\u2026","rel":"","context":"En \u00abCasa de Campo Living @es\u00bb","block_context":{"text":"Casa de Campo Living @es","link":"https:\/\/casadecampoliving.com\/category\/casa-de-campo-living-es\/"},"img":{"alt_text":"Alfy Fanjul, Raysa Fanjul","src":"https:\/\/i0.wp.com\/casadecampoliving.com\/wp-content\/uploads\/2022\/10\/Alfy_Fanjul_Raysa_Fanjul-1.jpg?fit=650%2C461&ssl=1&resize=350%2C200","width":350,"height":200,"srcset":"https:\/\/i0.wp.com\/casadecampoliving.com\/wp-content\/uploads\/2022\/10\/Alfy_Fanjul_Raysa_Fanjul-1.jpg?fit=650%2C461&ssl=1&resize=350%2C200 1x, https:\/\/i0.wp.com\/casadecampoliving.com\/wp-content\/uploads\/2022\/10\/Alfy_Fanjul_Raysa_Fanjul-1.jpg?fit=650%2C461&ssl=1&resize=525%2C300 1.5x"},"classes":[]},{"id":345664,"url":"https:\/\/casadecampoliving.com\/es\/raysa-alfy-fanjul-los-invita-celebrar-xxv-aniversario\/","url_meta":{"origin":346485,"position":1},"title":"Raysa &#038; Alfy Fanjul los invita a celebrar el XXV aniversario de Fundaci\u00f3n MIR","author":"Maria Isabel B\u00e1ez","date":"15 Oct, 2014","format":false,"excerpt":"Algo grandioso y muy especial se aproxima\u2026 \u00a1es el vigesimoquinto aniversario de Fundaci\u00f3n MIR! En enero del 2015, el s\u00e1bado 17 de Enero para ser m\u00e1s exactos, la Fundaci\u00f3n MIR estar\u00e1 celebrando su aniversario n\u00famero 25 \u00a0con su gala y desfile de modas Esplendor M\u00e1gico Por la Vida, que en\u2026","rel":"","context":"En \u00abCasa de Campo Living @es\u00bb","block_context":{"text":"Casa de Campo Living @es","link":"https:\/\/casadecampoliving.com\/category\/casa-de-campo-living-es\/"},"img":{"alt_text":"Lian Fanjul de Azqueta Alfy Fanjul Raysa Fanjul","src":"https:\/\/i0.wp.com\/casadecampoliving.com\/wp-content\/uploads\/2022\/10\/lian_fanjul_de_azqueta-alfy_fanjul-raysa_fanjul-1.png?fit=721%2C516&ssl=1&resize=350%2C200","width":350,"height":200,"srcset":"https:\/\/i0.wp.com\/casadecampoliving.com\/wp-content\/uploads\/2022\/10\/lian_fanjul_de_azqueta-alfy_fanjul-raysa_fanjul-1.png?fit=721%2C516&ssl=1&resize=350%2C200 1x, https:\/\/i0.wp.com\/casadecampoliving.com\/wp-content\/uploads\/2022\/10\/lian_fanjul_de_azqueta-alfy_fanjul-raysa_fanjul-1.png?fit=721%2C516&ssl=1&resize=525%2C300 1.5x, https:\/\/i0.wp.com\/casadecampoliving.com\/wp-content\/uploads\/2022\/10\/lian_fanjul_de_azqueta-alfy_fanjul-raysa_fanjul-1.png?fit=721%2C516&ssl=1&resize=700%2C400 2x"},"classes":[]},{"id":343416,"url":"https:\/\/casadecampoliving.com\/es\/raysa-alfy-franjul-esplendor-magico\/","url_meta":{"origin":346485,"position":2},"title":"Raysa y Alfy Fanjul los invitan al Esplendor M\u00e1gico por la Vida","author":"Perkin Agramonte","date":"9 Dic, 2013","format":false,"excerpt":"\u00a1Anota la fecha! Porque la vig\u00e9simo tercera entrega de Esplendor M\u00e1gico por la Vida por la Fundaci\u00f3n MIR esta pactado para el 18 de enero del 2014. Este a\u00f1o, Esplendor M\u00e1gico por la Vida Fundaci\u00f3n MIR, uno de los eventos sociales m\u00e1s elegantes y que m\u00e1s fondos recauda para la\u2026","rel":"","context":"En \u00abDestacados\u00bb","block_context":{"text":"Destacados","link":"https:\/\/casadecampoliving.com\/es\/category\/destacados\/"},"img":{"alt_text":"Fundacion MIR Angel Sanchez fashion show","src":"https:\/\/i0.wp.com\/casadecampoliving.com\/wp-content\/uploads\/2022\/10\/fundacion_MIR_angel_sanchez1-1.jpg?fit=650%2C550&ssl=1&resize=350%2C200","width":350,"height":200,"srcset":"https:\/\/i0.wp.com\/casadecampoliving.com\/wp-content\/uploads\/2022\/10\/fundacion_MIR_angel_sanchez1-1.jpg?fit=650%2C550&ssl=1&resize=350%2C200 1x, https:\/\/i0.wp.com\/casadecampoliving.com\/wp-content\/uploads\/2022\/10\/fundacion_MIR_angel_sanchez1-1.jpg?fit=650%2C550&ssl=1&resize=525%2C300 1.5x"},"classes":[]},{"id":346423,"url":"https:\/\/casadecampoliving.com\/es\/entrevista-con-raysa-fanjul-anfitriona-de-la-gala-esplendor-magico-y-fashion-show-de-la-fundacion-mir\/","url_meta":{"origin":346485,"position":3},"title":"Entrevista con Raysa Fanjul, anfitriona de Gala y Desfile de Modas Esplendor M\u00e1gico de la Fundaci\u00f3n MIR","author":"Rebecca Hughes","date":"1 Ene, 2015","format":false,"excerpt":"El pr\u00f3ximo gran evento de Casa de Campo es... Gala y Desfile de Modas Esplendor M\u00e1gico de la Fundaci\u00f3n MIR, \u00a1que este a\u00f1o celebra su 25 aniversario! Gala y Desfile de Modas Esplendor M\u00e1gico de la Fundaci\u00f3n MIR\u00a0este a\u00f1o ser\u00e1 realizado el s\u00e1bado 17 de enero\u00a0en Casa Grande y es\u2026","rel":"","context":"En \u00abEventos\u00bb","block_context":{"text":"Eventos","link":"https:\/\/casadecampoliving.com\/es\/category\/eventos-es\/"},"img":{"alt_text":"Raysa Fanjul, Fundacion MIR","src":"https:\/\/i0.wp.com\/casadecampoliving.com\/wp-content\/uploads\/2022\/10\/Raysa_Fanjul-Fundacion_MIR1-1.jpg?fit=650%2C437&ssl=1&resize=350%2C200","width":350,"height":200,"srcset":"https:\/\/i0.wp.com\/casadecampoliving.com\/wp-content\/uploads\/2022\/10\/Raysa_Fanjul-Fundacion_MIR1-1.jpg?fit=650%2C437&ssl=1&resize=350%2C200 1x, https:\/\/i0.wp.com\/casadecampoliving.com\/wp-content\/uploads\/2022\/10\/Raysa_Fanjul-Fundacion_MIR1-1.jpg?fit=650%2C437&ssl=1&resize=525%2C300 1.5x"},"classes":[]},{"id":350808,"url":"https:\/\/casadecampoliving.com\/es\/gala-esplendor-magico-de-la-fundacion-mir-en-enero\/","url_meta":{"origin":346485,"position":4},"title":"\u00a1Marquen la fecha en su calendario para la Gala Esplendor M\u00e1gico de la Fundaci\u00f3n MIR en enero!","author":"Heather Lincoln","date":"14 Nov, 2016","format":false,"excerpt":"El evento anual de recaudaci\u00f3n de fondos Gala Esplendor M\u00e1gico por la Vida, organizado por Alfy y Raysa Fanjul, atrae a un sin n\u00famero de personas de la comunidad y de las areas cercanas al\u00a0resort de Casa de Campo. Entre las actividades de ese d\u00eda, est\u00e1n\u00a0un torneo de golf que\u2026","rel":"","context":"En \u00abArte y cultura\u00bb","block_context":{"text":"Arte y cultura","link":"https:\/\/casadecampoliving.com\/category\/arte-y-cultura\/"},"img":{"alt_text":"Magical Splendor for Life Gala 2016","src":"https:\/\/i0.wp.com\/casadecampoliving.com\/wp-content\/uploads\/2022\/10\/Raysa_Alfy_Lian_Fanjul-e1479155290644.jpg?fit=1000%2C666&ssl=1&resize=350%2C200","width":350,"height":200,"srcset":"https:\/\/i0.wp.com\/casadecampoliving.com\/wp-content\/uploads\/2022\/10\/Raysa_Alfy_Lian_Fanjul-e1479155290644.jpg?fit=1000%2C666&ssl=1&resize=350%2C200 1x, https:\/\/i0.wp.com\/casadecampoliving.com\/wp-content\/uploads\/2022\/10\/Raysa_Alfy_Lian_Fanjul-e1479155290644.jpg?fit=1000%2C666&ssl=1&resize=525%2C300 1.5x, https:\/\/i0.wp.com\/casadecampoliving.com\/wp-content\/uploads\/2022\/10\/Raysa_Alfy_Lian_Fanjul-e1479155290644.jpg?fit=1000%2C666&ssl=1&resize=700%2C400 2x"},"classes":[]},{"id":354300,"url":"https:\/\/casadecampoliving.com\/es\/este-mes-gala-esplendor-magico-fundacion-mir-por-la-vida-2022\/","url_meta":{"origin":346485,"position":5},"title":"\u00a1Este mes! Fundaci\u00f3n MIR Gala Esplendor M\u00e1gico por la Vida 2022","author":"Casa de Campo Living","date":"2 Mar, 2022","format":false,"excerpt":"La 31ra edicion la Gala Esplendor M\u00e1gico por la Vida de la Fundaci\u00f3n MIR est\u00e1 programado para el s\u00e1bado 26 de marzo de 2022. El evento anual de recaudaci\u00f3n de fondos organizado por Alfy y Raysa Fanjul es uno de los eventos m\u00e1s esperados por la comunidad de Casa de\u2026","rel":"","context":"En \u00abCasa de Campo Living @es\u00bb","block_context":{"text":"Casa de Campo Living @es","link":"https:\/\/casadecampoliving.com\/category\/casa-de-campo-living-es\/"},"img":{"alt_text":"","src":"https:\/\/i0.wp.com\/casadecampoliving.com\/wp-content\/uploads\/2022\/10\/BDC_4178-1-1.jpg?fit=1000%2C667&ssl=1&resize=350%2C200","width":350,"height":200,"srcset":"https:\/\/i0.wp.com\/casadecampoliving.com\/wp-content\/uploads\/2022\/10\/BDC_4178-1-1.jpg?fit=1000%2C667&ssl=1&resize=350%2C200 1x, https:\/\/i0.wp.com\/casadecampoliving.com\/wp-content\/uploads\/2022\/10\/BDC_4178-1-1.jpg?fit=1000%2C667&ssl=1&resize=525%2C300 1.5x, https:\/\/i0.wp.com\/casadecampoliving.com\/wp-content\/uploads\/2022\/10\/BDC_4178-1-1.jpg?fit=1000%2C667&ssl=1&resize=700%2C400 2x"},"classes":[]}],"jetpack_sharing_enabled":true,"_links":{"self":[{"href":"https:\/\/casadecampoliving.com\/es\/wp-json\/wp\/v2\/posts\/346485","targetHints":{"allow":["GET"]}}],"collection":[{"href":"https:\/\/casadecampoliving.com\/es\/wp-json\/wp\/v2\/posts"}],"about":[{"href":"https:\/\/casadecampoliving.com\/es\/wp-json\/wp\/v2\/types\/post"}],"author":[{"embeddable":true,"href":"https:\/\/casadecampoliving.com\/es\/wp-json\/wp\/v2\/users\/33461"}],"replies":[{"embeddable":true,"href":"https:\/\/casadecampoliving.com\/es\/wp-json\/wp\/v2\/comments?post=346485"}],"version-history":[{"count":2,"href":"https:\/\/casadecampoliving.com\/es\/wp-json\/wp\/v2\/posts\/346485\/revisions"}],"predecessor-version":[{"id":506792,"href":"https:\/\/casadecampoliving.com\/es\/wp-json\/wp\/v2\/posts\/346485\/revisions\/506792"}],"wp:featuredmedia":[{"embeddable":true,"href":"https:\/\/casadecampoliving.com\/es\/wp-json\/wp\/v2\/media\/257817"}],"wp:attachment":[{"href":"https:\/\/casadecampoliving.com\/es\/wp-json\/wp\/v2\/media?parent=346485"}],"wp:term":[{"taxonomy":"category","embeddable":true,"href":"https:\/\/casadecampoliving.com\/es\/wp-json\/wp\/v2\/categories?post=346485"},{"taxonomy":"post_tag","embeddable":true,"href":"https:\/\/casadecampoliving.com\/es\/wp-json\/wp\/v2\/tags?post=346485"},{"taxonomy":"newspack_spnsrs_tax","embeddable":true,"href":"https:\/\/casadecampoliving.com\/es\/wp-json\/wp\/v2\/newspack_spnsrs_tax?post=346485"}],"curies":[{"name":"wp","href":"https:\/\/api.w.org\/{rel}","templated":true}]}}