{"id":346473,"date":"2015-01-09T00:00:00","date_gmt":"2015-01-09T04:00:00","guid":{"rendered":"https:\/\/casadecampoliving.com\/jose-bautista-beisbol-grandes-ligas-casa-de-campo\/"},"modified":"2022-11-10T10:31:16","modified_gmt":"2022-11-10T14:31:16","slug":"jose-bautista-beisbol-grandes-ligas-casa-de-campo","status":"publish","type":"post","link":"https:\/\/casadecampoliving.com\/es\/jose-bautista-beisbol-grandes-ligas-casa-de-campo\/","title":{"rendered":"Jos\u00e9 Bautista, jugador de B\u00e9isbol de Grandes Ligas vacaciona en Casa de Campo"},"content":{"rendered":"<img data-recalc-dims=\"1\" loading=\"lazy\" decoding=\"async\" class=\"aligncenter size-full wp-image-105838\" src=\"https:\/\/i0.wp.com\/casadecampoliving.com\/wp-content\/uploads\/2022\/10\/MLB_jose_Bautista_4.jpg?resize=650%2C494&#038;ssl=1\" alt=\"MLB Jos\u00e9 Bautista\" width=\"650\" height=\"494\" \/>Mientras <a href=\"https:\/\/casadecampoliving.com\/es\/palmillaso-2014-la-fiesta-comienza-en-el-mar\/\">estabamos festejando con Amaury Nolasco, de la aclamada serie Prison Break, en Palmillaso,<\/a>\u00a0Vin Diesel estaba relajado en la playa Minitas, y <a href=\"https:\/\/casadecampoliving.com\/es\/estrella-del-baloncesto-de-la-nba-shaquille-o-neal-en-casa-de-campo\/\">la estrella de baloncesto Shaquille O&#8217;Neil estaba compartiendo con el presidente de la Rep\u00fablica Dominicana, Leonel Fern\u00e1ndez<\/a>, Casa de Campo recibi\u00f3 otro rostro famoso &#8211; el jugador de B\u00e9isbol de Grandes Ligas,\u00a0Jos\u00e9 Bautista.\n\n<!--more-->\n\n<img data-recalc-dims=\"1\" loading=\"lazy\" decoding=\"async\" class=\"alignright wp-image-105839 size-full\" src=\"https:\/\/i0.wp.com\/casadecampoliving.com\/wp-content\/uploads\/2022\/10\/MLB_jose_Bautista_2.jpg?resize=320%2C367&#038;ssl=1\" alt=\"MLB Jos\u00e9 Bautista\" width=\"320\" height=\"367\" \/>\n\nCuando\u00a0aterriz\u00f3 en su avi\u00f3n privado al\u00a0Aeropuerto de La Romana, Casa de Campo,\u00a0Jos\u00e9 Bautista quien juega para el equipo de los Toronto Blue Jays, \u00a1estaba sin duda alguna muy contento de disfrutar un calor del sol dominicano durante las festividades!\n\nComo el invitado del due\u00f1o de villa, Jos\u00e9 Peguero, Jos\u00e9 Bautista disfrut\u00f3 todo lo mejor de Casa de Campo, incluyendo un viaje en bote a Palmilla por el Palmillaso, la fiesta de a\u00f1o nuevo en la playa Minitas, y termin\u00f3 su visita conociendo al fundador y presidente del\u00a0Sal\u00f3n de la Fama del B\u00e9isbol Latino, Don Roberto Weill.\n\nJos\u00e9 Bautista luego marchandose a EE.UU en un avi\u00f3n privado, otra vez partiendo de del\u00a0Aeropuerto de La Romana, Casa de Campo.\n\nMuchas gracias a\u00a0 Jos\u00e9 Peguero y a Cindy Ramos por compartir las fotos.\u00a0<strong>\n<figure class=\"wp-block-gallery has-nested-images columns-default is-cropped wp-block-gallery-1 is-layout-flex wp-block-gallery-is-layout-flex\">\n<figure class=\"wp-block-image size-large\"><img data-recalc-dims=\"1\" loading=\"lazy\" decoding=\"async\" width=\"800\" height=\"773\" data-id=\"390694\" src=\"https:\/\/i0.wp.com\/casadecampoliving.com\/wp-content\/uploads\/2022\/10\/mlb_jose_bautista_1.jpg?resize=800%2C773&#038;ssl=1\" alt=\"\" class=\"wp-image-390694\" srcset=\"https:\/\/i0.wp.com\/casadecampoliving.com\/wp-content\/uploads\/2022\/10\/mlb_jose_bautista_1.jpg?w=800&amp;ssl=1 800w, https:\/\/i0.wp.com\/casadecampoliving.com\/wp-content\/uploads\/2022\/10\/mlb_jose_bautista_1.jpg?resize=300%2C290&amp;ssl=1 300w, https:\/\/i0.wp.com\/casadecampoliving.com\/wp-content\/uploads\/2022\/10\/mlb_jose_bautista_1.jpg?resize=768%2C742&amp;ssl=1 768w, https:\/\/i0.wp.com\/casadecampoliving.com\/wp-content\/uploads\/2022\/10\/mlb_jose_bautista_1.jpg?resize=400%2C387&amp;ssl=1 400w, https:\/\/i0.wp.com\/casadecampoliving.com\/wp-content\/uploads\/2022\/10\/mlb_jose_bautista_1.jpg?resize=706%2C682&amp;ssl=1 706w, https:\/\/i0.wp.com\/casadecampoliving.com\/wp-content\/uploads\/2022\/10\/mlb_jose_bautista_1.jpg?resize=150%2C145&amp;ssl=1 150w, https:\/\/i0.wp.com\/casadecampoliving.com\/wp-content\/uploads\/2022\/10\/mlb_jose_bautista_1.jpg?w=370&amp;ssl=1 370w\" sizes=\"auto, (max-width: 800px) 100vw, 800px\" \/><\/figure>\n\n\n\n<figure class=\"wp-block-image size-large\"><img data-recalc-dims=\"1\" loading=\"lazy\" decoding=\"async\" width=\"800\" height=\"661\" data-id=\"390723\" src=\"https:\/\/i0.wp.com\/casadecampoliving.com\/wp-content\/uploads\/2022\/10\/mlb_jose_bautista_2-2.jpg?resize=800%2C661&#038;ssl=1\" alt=\"\" class=\"wp-image-390723\" srcset=\"https:\/\/i0.wp.com\/casadecampoliving.com\/wp-content\/uploads\/2022\/10\/mlb_jose_bautista_2-2.jpg?w=800&amp;ssl=1 800w, https:\/\/i0.wp.com\/casadecampoliving.com\/wp-content\/uploads\/2022\/10\/mlb_jose_bautista_2-2.jpg?resize=300%2C248&amp;ssl=1 300w, https:\/\/i0.wp.com\/casadecampoliving.com\/wp-content\/uploads\/2022\/10\/mlb_jose_bautista_2-2.jpg?resize=768%2C635&amp;ssl=1 768w, https:\/\/i0.wp.com\/casadecampoliving.com\/wp-content\/uploads\/2022\/10\/mlb_jose_bautista_2-2.jpg?resize=400%2C331&amp;ssl=1 400w, https:\/\/i0.wp.com\/casadecampoliving.com\/wp-content\/uploads\/2022\/10\/mlb_jose_bautista_2-2.jpg?resize=706%2C583&amp;ssl=1 706w, https:\/\/i0.wp.com\/casadecampoliving.com\/wp-content\/uploads\/2022\/10\/mlb_jose_bautista_2-2.jpg?resize=150%2C124&amp;ssl=1 150w, https:\/\/i0.wp.com\/casadecampoliving.com\/wp-content\/uploads\/2022\/10\/mlb_jose_bautista_2-2.jpg?w=370&amp;ssl=1 370w\" sizes=\"auto, (max-width: 800px) 100vw, 800px\" \/><\/figure>\n\n\n\n<figure class=\"wp-block-image size-large\"><img data-recalc-dims=\"1\" loading=\"lazy\" decoding=\"async\" width=\"800\" height=\"548\" data-id=\"390753\" src=\"https:\/\/i0.wp.com\/casadecampoliving.com\/wp-content\/uploads\/2022\/10\/mlb_jose_bautista_3.jpg?resize=800%2C548&#038;ssl=1\" alt=\"\" class=\"wp-image-390753\" srcset=\"https:\/\/i0.wp.com\/casadecampoliving.com\/wp-content\/uploads\/2022\/10\/mlb_jose_bautista_3.jpg?w=800&amp;ssl=1 800w, https:\/\/i0.wp.com\/casadecampoliving.com\/wp-content\/uploads\/2022\/10\/mlb_jose_bautista_3.jpg?resize=300%2C206&amp;ssl=1 300w, https:\/\/i0.wp.com\/casadecampoliving.com\/wp-content\/uploads\/2022\/10\/mlb_jose_bautista_3.jpg?resize=768%2C526&amp;ssl=1 768w, https:\/\/i0.wp.com\/casadecampoliving.com\/wp-content\/uploads\/2022\/10\/mlb_jose_bautista_3.jpg?resize=400%2C274&amp;ssl=1 400w, https:\/\/i0.wp.com\/casadecampoliving.com\/wp-content\/uploads\/2022\/10\/mlb_jose_bautista_3.jpg?resize=706%2C484&amp;ssl=1 706w, https:\/\/i0.wp.com\/casadecampoliving.com\/wp-content\/uploads\/2022\/10\/mlb_jose_bautista_3.jpg?resize=150%2C103&amp;ssl=1 150w, https:\/\/i0.wp.com\/casadecampoliving.com\/wp-content\/uploads\/2022\/10\/mlb_jose_bautista_3.jpg?w=370&amp;ssl=1 370w\" sizes=\"auto, (max-width: 800px) 100vw, 800px\" \/><\/figure>\n\n\n\n<figure class=\"wp-block-image size-large\"><img data-recalc-dims=\"1\" loading=\"lazy\" decoding=\"async\" width=\"800\" height=\"743\" data-id=\"390779\" src=\"https:\/\/i0.wp.com\/casadecampoliving.com\/wp-content\/uploads\/2022\/10\/mlb_jose_bautista_4-2.jpg?resize=800%2C743&#038;ssl=1\" alt=\"\" class=\"wp-image-390779\" srcset=\"https:\/\/i0.wp.com\/casadecampoliving.com\/wp-content\/uploads\/2022\/10\/mlb_jose_bautista_4-2.jpg?w=800&amp;ssl=1 800w, https:\/\/i0.wp.com\/casadecampoliving.com\/wp-content\/uploads\/2022\/10\/mlb_jose_bautista_4-2.jpg?resize=300%2C279&amp;ssl=1 300w, https:\/\/i0.wp.com\/casadecampoliving.com\/wp-content\/uploads\/2022\/10\/mlb_jose_bautista_4-2.jpg?resize=768%2C713&amp;ssl=1 768w, https:\/\/i0.wp.com\/casadecampoliving.com\/wp-content\/uploads\/2022\/10\/mlb_jose_bautista_4-2.jpg?resize=400%2C372&amp;ssl=1 400w, https:\/\/i0.wp.com\/casadecampoliving.com\/wp-content\/uploads\/2022\/10\/mlb_jose_bautista_4-2.jpg?resize=706%2C656&amp;ssl=1 706w, https:\/\/i0.wp.com\/casadecampoliving.com\/wp-content\/uploads\/2022\/10\/mlb_jose_bautista_4-2.jpg?resize=150%2C139&amp;ssl=1 150w, https:\/\/i0.wp.com\/casadecampoliving.com\/wp-content\/uploads\/2022\/10\/mlb_jose_bautista_4-2.jpg?w=370&amp;ssl=1 370w\" sizes=\"auto, (max-width: 800px) 100vw, 800px\" \/><\/figure>\n<\/figure>\n\u00a0<\/strong>\n\n&nbsp;\n\n&nbsp;\n\n&nbsp;\n\n&nbsp;","protected":false},"excerpt":{"rendered":"<p>Mientras estabamos festejando con Amaury Nolasco, de la aclamada serie Prison Break, en Palmillaso,\u00a0Vin Diesel estaba relajado en la playa Minitas, y la estrella de baloncesto Shaquille O&#8217;Neil estaba compartiendo con el presidente de la Rep\u00fablica Dominicana, Leonel Fern\u00e1ndez, Casa de Campo recibi\u00f3 otro rostro famoso &#8211; el jugador de B\u00e9isbol de Grandes Ligas,\u00a0Jos\u00e9 Bautista.<\/p>\n","protected":false},"author":31,"featured_media":302112,"comment_status":"closed","ping_status":"closed","sticky":false,"template":"","format":"standard","meta":{"newspack_ads_suppress_ads":false,"newspack_popups_has_disabled_popups":false,"newspack_sponsor_sponsorship_scope":"","newspack_sponsor_native_byline_display":"inherit","newspack_sponsor_native_category_display":"inherit","newspack_sponsor_underwriter_style":"inherit","newspack_sponsor_underwriter_placement":"inherit","_newspack_byline_active":false,"_newspack_byline":"","newspack_hide_updated_date":false,"newspack_show_updated_date":false,"newspack_content_restriction_is_exempt":false,"newspack_featured_image_position":"","newspack_post_subtitle":"","newspack_article_summary_title":"Overview:","newspack_article_summary":"","_jetpack_memberships_contains_paid_content":false,"footnotes":"","jetpack_publicize_message":"","jetpack_publicize_feature_enabled":true,"jetpack_social_post_already_shared":false,"jetpack_social_options":{"image_generator_settings":{"template":"highway","default_image_id":0,"font":"","enabled":false},"version":2},"_wpas_customize_per_network":false},"categories":[2506,2513,2507,2526,14631,14625,2525],"tags":[2656,23815,3626,6183,6287],"newspack_spnsrs_tax":[],"class_list":["post-346473","post","type-post","status-publish","format-standard","has-post-thumbnail","hentry","category-mas-alla-de-casa-es","category-celebridades-es","category-la-romana-es","category-titulares-es","category-estilo-de-vida","category-noticias-locales","category-golf-deportes-es","tag-aeropuerto-la-romana","tag-casa-de-campo-es-17","tag-casa-de-campo-es","tag-palmillaso-es","tag-roberto-weill-es","entry"],"yoast_head":"<!-- This site is optimized with the Yoast SEO plugin v27.4 - https:\/\/yoast.com\/product\/yoast-seo-wordpress\/ -->\n<title>Jos\u00e9 Bautista, jugador de B\u00e9isbol de Grandes Ligas vacaciona en Casa de Campo | Casa de Campo Living<\/title>\n<meta name=\"description\" content=\"Mientras estabamos festejando con Amaury Nolasco, de la aclamada serie Prison Break, en Palmillaso,\u00a0Vin Diesel estaba relajado en la playa Minitas, y la\" \/>\n<meta name=\"robots\" content=\"index, follow, max-snippet:-1, max-image-preview:large, max-video-preview:-1\" \/>\n<link rel=\"canonical\" href=\"https:\/\/casadecampoliving.com\/es\/jose-bautista-beisbol-grandes-ligas-casa-de-campo\/\" \/>\n<meta property=\"og:locale\" content=\"es_ES\" \/>\n<meta property=\"og:type\" content=\"article\" \/>\n<meta property=\"og:title\" content=\"Jos\u00e9 Bautista, jugador de B\u00e9isbol de Grandes Ligas vacaciona en Casa de Campo | Casa de Campo Living\" \/>\n<meta property=\"og:description\" content=\"Mientras estabamos festejando con Amaury Nolasco, de la aclamada serie Prison Break, en Palmillaso,\u00a0Vin Diesel estaba relajado en la playa Minitas, y la\" \/>\n<meta property=\"og:url\" content=\"https:\/\/casadecampoliving.com\/es\/jose-bautista-beisbol-grandes-ligas-casa-de-campo\/\" \/>\n<meta property=\"og:site_name\" content=\"Casa de Campo Living\" \/>\n<meta property=\"article:publisher\" content=\"https:\/\/www.facebook.com\/casadecampoliving\" \/>\n<meta property=\"article:published_time\" content=\"2015-01-09T04:00:00+00:00\" \/>\n<meta property=\"article:modified_time\" content=\"2022-11-10T14:31:16+00:00\" \/>\n<meta property=\"og:image\" content=\"https:\/\/i0.wp.com\/casadecampoliving.com\/wp-content\/uploads\/2022\/10\/MLB_jose_Bautista_41.jpg?fit=650%2C388&ssl=1\" \/>\n\t<meta property=\"og:image:width\" content=\"650\" \/>\n\t<meta property=\"og:image:height\" content=\"388\" \/>\n\t<meta property=\"og:image:type\" content=\"image\/jpeg\" \/>\n<meta name=\"author\" content=\"Rebecca Silvestri\" \/>\n<meta name=\"twitter:card\" content=\"summary_large_image\" \/>\n<meta name=\"twitter:creator\" content=\"@cdcliving\" \/>\n<meta name=\"twitter:site\" content=\"@cdcliving\" \/>\n<meta name=\"twitter:label1\" content=\"Escrito por\" \/>\n\t<meta name=\"twitter:data1\" content=\"Rebecca Silvestri\" \/>\n\t<meta name=\"twitter:label2\" content=\"Tiempo de lectura\" \/>\n\t<meta name=\"twitter:data2\" content=\"1 minuto\" \/>\n<script type=\"application\/ld+json\" class=\"yoast-schema-graph\">{\"@context\":\"https:\\\/\\\/schema.org\",\"@graph\":[{\"@type\":\"Article\",\"@id\":\"https:\\\/\\\/casadecampoliving.com\\\/es\\\/jose-bautista-beisbol-grandes-ligas-casa-de-campo\\\/#article\",\"isPartOf\":{\"@id\":\"https:\\\/\\\/casadecampoliving.com\\\/es\\\/jose-bautista-beisbol-grandes-ligas-casa-de-campo\\\/\"},\"author\":{\"name\":\"Rebecca Silvestri\",\"@id\":\"https:\\\/\\\/casadecampoliving.com\\\/es\\\/#\\\/schema\\\/person\\\/2b2208f3175fa8761e25b272e096d718\"},\"headline\":\"Jos\u00e9 Bautista, jugador de B\u00e9isbol de Grandes Ligas vacaciona en Casa de Campo\",\"datePublished\":\"2015-01-09T04:00:00+00:00\",\"dateModified\":\"2022-11-10T14:31:16+00:00\",\"mainEntityOfPage\":{\"@id\":\"https:\\\/\\\/casadecampoliving.com\\\/es\\\/jose-bautista-beisbol-grandes-ligas-casa-de-campo\\\/\"},\"wordCount\":221,\"publisher\":{\"@id\":\"https:\\\/\\\/casadecampoliving.com\\\/es\\\/#organization\"},\"image\":{\"@id\":\"https:\\\/\\\/casadecampoliving.com\\\/es\\\/jose-bautista-beisbol-grandes-ligas-casa-de-campo\\\/#primaryimage\"},\"thumbnailUrl\":\"https:\\\/\\\/i0.wp.com\\\/casadecampoliving.com\\\/wp-content\\\/uploads\\\/2022\\\/10\\\/MLB_jose_Bautista_41.jpg?fit=650%2C388&ssl=1\",\"keywords\":[\"aeropuerto la romana\",\"Casa de Campo\",\"casa de campo @es\",\"palmillaso @es\",\"roberto weill @es\"],\"articleSection\":[\"M\u00e1s all\u00e1 de Casa\",\"Celebridades\",\"La Romana @es\",\"Titulares\",\"Estilo de Vida\",\"Noticias Locales\",\"Deportes\"],\"inLanguage\":\"es\"},{\"@type\":\"WebPage\",\"@id\":\"https:\\\/\\\/casadecampoliving.com\\\/es\\\/jose-bautista-beisbol-grandes-ligas-casa-de-campo\\\/\",\"url\":\"https:\\\/\\\/casadecampoliving.com\\\/es\\\/jose-bautista-beisbol-grandes-ligas-casa-de-campo\\\/\",\"name\":\"Jos\u00e9 Bautista, jugador de B\u00e9isbol de Grandes Ligas vacaciona en Casa de Campo | Casa de Campo Living\",\"isPartOf\":{\"@id\":\"https:\\\/\\\/casadecampoliving.com\\\/es\\\/#website\"},\"primaryImageOfPage\":{\"@id\":\"https:\\\/\\\/casadecampoliving.com\\\/es\\\/jose-bautista-beisbol-grandes-ligas-casa-de-campo\\\/#primaryimage\"},\"image\":{\"@id\":\"https:\\\/\\\/casadecampoliving.com\\\/es\\\/jose-bautista-beisbol-grandes-ligas-casa-de-campo\\\/#primaryimage\"},\"thumbnailUrl\":\"https:\\\/\\\/i0.wp.com\\\/casadecampoliving.com\\\/wp-content\\\/uploads\\\/2022\\\/10\\\/MLB_jose_Bautista_41.jpg?fit=650%2C388&ssl=1\",\"datePublished\":\"2015-01-09T04:00:00+00:00\",\"dateModified\":\"2022-11-10T14:31:16+00:00\",\"description\":\"Mientras estabamos festejando con Amaury Nolasco, de la aclamada serie Prison Break, en Palmillaso,\u00a0Vin Diesel estaba relajado en la playa Minitas, y la\",\"breadcrumb\":{\"@id\":\"https:\\\/\\\/casadecampoliving.com\\\/es\\\/jose-bautista-beisbol-grandes-ligas-casa-de-campo\\\/#breadcrumb\"},\"inLanguage\":\"es\",\"potentialAction\":[{\"@type\":\"ReadAction\",\"target\":[\"https:\\\/\\\/casadecampoliving.com\\\/es\\\/jose-bautista-beisbol-grandes-ligas-casa-de-campo\\\/\"]}]},{\"@type\":\"ImageObject\",\"inLanguage\":\"es\",\"@id\":\"https:\\\/\\\/casadecampoliving.com\\\/es\\\/jose-bautista-beisbol-grandes-ligas-casa-de-campo\\\/#primaryimage\",\"url\":\"https:\\\/\\\/i0.wp.com\\\/casadecampoliving.com\\\/wp-content\\\/uploads\\\/2022\\\/10\\\/MLB_jose_Bautista_41.jpg?fit=650%2C388&ssl=1\",\"contentUrl\":\"https:\\\/\\\/i0.wp.com\\\/casadecampoliving.com\\\/wp-content\\\/uploads\\\/2022\\\/10\\\/MLB_jose_Bautista_41.jpg?fit=650%2C388&ssl=1\",\"width\":650,\"height\":388,\"caption\":\"MLB Jos\u00e9 Bautista\"},{\"@type\":\"BreadcrumbList\",\"@id\":\"https:\\\/\\\/casadecampoliving.com\\\/es\\\/jose-bautista-beisbol-grandes-ligas-casa-de-campo\\\/#breadcrumb\",\"itemListElement\":[{\"@type\":\"ListItem\",\"position\":1,\"name\":\"Home\",\"item\":\"https:\\\/\\\/casadecampoliving.com\\\/es\\\/\"},{\"@type\":\"ListItem\",\"position\":2,\"name\":\"Jos\u00e9 Bautista, jugador de B\u00e9isbol de Grandes Ligas vacaciona en Casa de Campo\"}]},{\"@type\":\"WebSite\",\"@id\":\"https:\\\/\\\/casadecampoliving.com\\\/es\\\/#website\",\"url\":\"https:\\\/\\\/casadecampoliving.com\\\/es\\\/\",\"name\":\"Casa de Campo Living\",\"description\":\"Resort community news and resources.\",\"publisher\":{\"@id\":\"https:\\\/\\\/casadecampoliving.com\\\/es\\\/#organization\"},\"potentialAction\":[{\"@type\":\"SearchAction\",\"target\":{\"@type\":\"EntryPoint\",\"urlTemplate\":\"https:\\\/\\\/casadecampoliving.com\\\/es\\\/?s={search_term_string}\"},\"query-input\":{\"@type\":\"PropertyValueSpecification\",\"valueRequired\":true,\"valueName\":\"search_term_string\"}}],\"inLanguage\":\"es\"},{\"@type\":\"Organization\",\"@id\":\"https:\\\/\\\/casadecampoliving.com\\\/es\\\/#organization\",\"name\":\"Casa de Campo Living\",\"url\":\"https:\\\/\\\/casadecampoliving.com\\\/es\\\/\",\"logo\":{\"@type\":\"ImageObject\",\"inLanguage\":\"es\",\"@id\":\"https:\\\/\\\/casadecampoliving.com\\\/es\\\/#\\\/schema\\\/logo\\\/image\\\/\",\"url\":\"https:\\\/\\\/i0.wp.com\\\/casadecampoliving.com\\\/wp-content\\\/uploads\\\/2022\\\/07\\\/CDCLivingLogo_V1-white-sized.png?fit=800%2C214&ssl=1\",\"contentUrl\":\"https:\\\/\\\/i0.wp.com\\\/casadecampoliving.com\\\/wp-content\\\/uploads\\\/2022\\\/07\\\/CDCLivingLogo_V1-white-sized.png?fit=800%2C214&ssl=1\",\"width\":800,\"height\":214,\"caption\":\"Casa de Campo Living\"},\"image\":{\"@id\":\"https:\\\/\\\/casadecampoliving.com\\\/es\\\/#\\\/schema\\\/logo\\\/image\\\/\"},\"sameAs\":[\"https:\\\/\\\/www.facebook.com\\\/casadecampoliving\",\"https:\\\/\\\/x.com\\\/cdcliving\"]},{\"@type\":\"Person\",\"@id\":\"https:\\\/\\\/casadecampoliving.com\\\/es\\\/#\\\/schema\\\/person\\\/2b2208f3175fa8761e25b272e096d718\",\"name\":\"Rebecca Silvestri\",\"image\":{\"@type\":\"ImageObject\",\"inLanguage\":\"es\",\"@id\":\"https:\\\/\\\/secure.gravatar.com\\\/avatar\\\/2d937fd6c1769fb718dbf8dce9e82bf5f89e97bd028f9b3ea10b931dc7df95c6?s=96&d=mm&r=g\",\"url\":\"https:\\\/\\\/secure.gravatar.com\\\/avatar\\\/2d937fd6c1769fb718dbf8dce9e82bf5f89e97bd028f9b3ea10b931dc7df95c6?s=96&d=mm&r=g\",\"contentUrl\":\"https:\\\/\\\/secure.gravatar.com\\\/avatar\\\/2d937fd6c1769fb718dbf8dce9e82bf5f89e97bd028f9b3ea10b931dc7df95c6?s=96&d=mm&r=g\",\"caption\":\"Rebecca Silvestri\"},\"url\":\"https:\\\/\\\/casadecampoliving.com\\\/es\\\/author\\\/madamehuge\\\/\"}]}<\/script>\n<!-- \/ Yoast SEO plugin. -->","yoast_head_json":{"title":"Jos\u00e9 Bautista, jugador de B\u00e9isbol de Grandes Ligas vacaciona en Casa de Campo | Casa de Campo Living","description":"Mientras estabamos festejando con Amaury Nolasco, de la aclamada serie Prison Break, en Palmillaso,\u00a0Vin Diesel estaba relajado en la playa Minitas, y la","robots":{"index":"index","follow":"follow","max-snippet":"max-snippet:-1","max-image-preview":"max-image-preview:large","max-video-preview":"max-video-preview:-1"},"canonical":"https:\/\/casadecampoliving.com\/es\/jose-bautista-beisbol-grandes-ligas-casa-de-campo\/","og_locale":"es_ES","og_type":"article","og_title":"Jos\u00e9 Bautista, jugador de B\u00e9isbol de Grandes Ligas vacaciona en Casa de Campo | Casa de Campo Living","og_description":"Mientras estabamos festejando con Amaury Nolasco, de la aclamada serie Prison Break, en Palmillaso,\u00a0Vin Diesel estaba relajado en la playa Minitas, y la","og_url":"https:\/\/casadecampoliving.com\/es\/jose-bautista-beisbol-grandes-ligas-casa-de-campo\/","og_site_name":"Casa de Campo Living","article_publisher":"https:\/\/www.facebook.com\/casadecampoliving","article_published_time":"2015-01-09T04:00:00+00:00","article_modified_time":"2022-11-10T14:31:16+00:00","og_image":[{"width":650,"height":388,"url":"https:\/\/i0.wp.com\/casadecampoliving.com\/wp-content\/uploads\/2022\/10\/MLB_jose_Bautista_41.jpg?fit=650%2C388&ssl=1","type":"image\/jpeg"}],"author":"Rebecca Silvestri","twitter_card":"summary_large_image","twitter_creator":"@cdcliving","twitter_site":"@cdcliving","twitter_misc":{"Escrito por":"Rebecca Silvestri","Tiempo de lectura":"1 minuto"},"schema":{"@context":"https:\/\/schema.org","@graph":[{"@type":"Article","@id":"https:\/\/casadecampoliving.com\/es\/jose-bautista-beisbol-grandes-ligas-casa-de-campo\/#article","isPartOf":{"@id":"https:\/\/casadecampoliving.com\/es\/jose-bautista-beisbol-grandes-ligas-casa-de-campo\/"},"author":{"name":"Rebecca Silvestri","@id":"https:\/\/casadecampoliving.com\/es\/#\/schema\/person\/2b2208f3175fa8761e25b272e096d718"},"headline":"Jos\u00e9 Bautista, jugador de B\u00e9isbol de Grandes Ligas vacaciona en Casa de Campo","datePublished":"2015-01-09T04:00:00+00:00","dateModified":"2022-11-10T14:31:16+00:00","mainEntityOfPage":{"@id":"https:\/\/casadecampoliving.com\/es\/jose-bautista-beisbol-grandes-ligas-casa-de-campo\/"},"wordCount":221,"publisher":{"@id":"https:\/\/casadecampoliving.com\/es\/#organization"},"image":{"@id":"https:\/\/casadecampoliving.com\/es\/jose-bautista-beisbol-grandes-ligas-casa-de-campo\/#primaryimage"},"thumbnailUrl":"https:\/\/i0.wp.com\/casadecampoliving.com\/wp-content\/uploads\/2022\/10\/MLB_jose_Bautista_41.jpg?fit=650%2C388&ssl=1","keywords":["aeropuerto la romana","Casa de Campo","casa de campo @es","palmillaso @es","roberto weill @es"],"articleSection":["M\u00e1s all\u00e1 de Casa","Celebridades","La Romana @es","Titulares","Estilo de Vida","Noticias Locales","Deportes"],"inLanguage":"es"},{"@type":"WebPage","@id":"https:\/\/casadecampoliving.com\/es\/jose-bautista-beisbol-grandes-ligas-casa-de-campo\/","url":"https:\/\/casadecampoliving.com\/es\/jose-bautista-beisbol-grandes-ligas-casa-de-campo\/","name":"Jos\u00e9 Bautista, jugador de B\u00e9isbol de Grandes Ligas vacaciona en Casa de Campo | Casa de Campo Living","isPartOf":{"@id":"https:\/\/casadecampoliving.com\/es\/#website"},"primaryImageOfPage":{"@id":"https:\/\/casadecampoliving.com\/es\/jose-bautista-beisbol-grandes-ligas-casa-de-campo\/#primaryimage"},"image":{"@id":"https:\/\/casadecampoliving.com\/es\/jose-bautista-beisbol-grandes-ligas-casa-de-campo\/#primaryimage"},"thumbnailUrl":"https:\/\/i0.wp.com\/casadecampoliving.com\/wp-content\/uploads\/2022\/10\/MLB_jose_Bautista_41.jpg?fit=650%2C388&ssl=1","datePublished":"2015-01-09T04:00:00+00:00","dateModified":"2022-11-10T14:31:16+00:00","description":"Mientras estabamos festejando con Amaury Nolasco, de la aclamada serie Prison Break, en Palmillaso,\u00a0Vin Diesel estaba relajado en la playa Minitas, y la","breadcrumb":{"@id":"https:\/\/casadecampoliving.com\/es\/jose-bautista-beisbol-grandes-ligas-casa-de-campo\/#breadcrumb"},"inLanguage":"es","potentialAction":[{"@type":"ReadAction","target":["https:\/\/casadecampoliving.com\/es\/jose-bautista-beisbol-grandes-ligas-casa-de-campo\/"]}]},{"@type":"ImageObject","inLanguage":"es","@id":"https:\/\/casadecampoliving.com\/es\/jose-bautista-beisbol-grandes-ligas-casa-de-campo\/#primaryimage","url":"https:\/\/i0.wp.com\/casadecampoliving.com\/wp-content\/uploads\/2022\/10\/MLB_jose_Bautista_41.jpg?fit=650%2C388&ssl=1","contentUrl":"https:\/\/i0.wp.com\/casadecampoliving.com\/wp-content\/uploads\/2022\/10\/MLB_jose_Bautista_41.jpg?fit=650%2C388&ssl=1","width":650,"height":388,"caption":"MLB Jos\u00e9 Bautista"},{"@type":"BreadcrumbList","@id":"https:\/\/casadecampoliving.com\/es\/jose-bautista-beisbol-grandes-ligas-casa-de-campo\/#breadcrumb","itemListElement":[{"@type":"ListItem","position":1,"name":"Home","item":"https:\/\/casadecampoliving.com\/es\/"},{"@type":"ListItem","position":2,"name":"Jos\u00e9 Bautista, jugador de B\u00e9isbol de Grandes Ligas vacaciona en Casa de Campo"}]},{"@type":"WebSite","@id":"https:\/\/casadecampoliving.com\/es\/#website","url":"https:\/\/casadecampoliving.com\/es\/","name":"Casa de Campo Living","description":"Resort community news and resources.","publisher":{"@id":"https:\/\/casadecampoliving.com\/es\/#organization"},"potentialAction":[{"@type":"SearchAction","target":{"@type":"EntryPoint","urlTemplate":"https:\/\/casadecampoliving.com\/es\/?s={search_term_string}"},"query-input":{"@type":"PropertyValueSpecification","valueRequired":true,"valueName":"search_term_string"}}],"inLanguage":"es"},{"@type":"Organization","@id":"https:\/\/casadecampoliving.com\/es\/#organization","name":"Casa de Campo Living","url":"https:\/\/casadecampoliving.com\/es\/","logo":{"@type":"ImageObject","inLanguage":"es","@id":"https:\/\/casadecampoliving.com\/es\/#\/schema\/logo\/image\/","url":"https:\/\/i0.wp.com\/casadecampoliving.com\/wp-content\/uploads\/2022\/07\/CDCLivingLogo_V1-white-sized.png?fit=800%2C214&ssl=1","contentUrl":"https:\/\/i0.wp.com\/casadecampoliving.com\/wp-content\/uploads\/2022\/07\/CDCLivingLogo_V1-white-sized.png?fit=800%2C214&ssl=1","width":800,"height":214,"caption":"Casa de Campo Living"},"image":{"@id":"https:\/\/casadecampoliving.com\/es\/#\/schema\/logo\/image\/"},"sameAs":["https:\/\/www.facebook.com\/casadecampoliving","https:\/\/x.com\/cdcliving"]},{"@type":"Person","@id":"https:\/\/casadecampoliving.com\/es\/#\/schema\/person\/2b2208f3175fa8761e25b272e096d718","name":"Rebecca Silvestri","image":{"@type":"ImageObject","inLanguage":"es","@id":"https:\/\/secure.gravatar.com\/avatar\/2d937fd6c1769fb718dbf8dce9e82bf5f89e97bd028f9b3ea10b931dc7df95c6?s=96&d=mm&r=g","url":"https:\/\/secure.gravatar.com\/avatar\/2d937fd6c1769fb718dbf8dce9e82bf5f89e97bd028f9b3ea10b931dc7df95c6?s=96&d=mm&r=g","contentUrl":"https:\/\/secure.gravatar.com\/avatar\/2d937fd6c1769fb718dbf8dce9e82bf5f89e97bd028f9b3ea10b931dc7df95c6?s=96&d=mm&r=g","caption":"Rebecca Silvestri"},"url":"https:\/\/casadecampoliving.com\/es\/author\/madamehuge\/"}]}},"parsely":{"version":"1.1.0","canonical_url":"https:\/\/casadecampoliving.com\/es\/jose-bautista-beisbol-grandes-ligas-casa-de-campo\/","smart_links":{"inbound":0,"outbound":0},"traffic_boost_suggestions_count":0,"meta":{"@context":"https:\/\/schema.org","@type":"NewsArticle","headline":"Jos\u00e9 Bautista, jugador de B\u00e9isbol de Grandes Ligas vacaciona en Casa de Campo","url":"http:\/\/casadecampoliving.com\/es\/jose-bautista-beisbol-grandes-ligas-casa-de-campo\/","mainEntityOfPage":{"@type":"WebPage","@id":"http:\/\/casadecampoliving.com\/es\/jose-bautista-beisbol-grandes-ligas-casa-de-campo\/"},"thumbnailUrl":"https:\/\/i0.wp.com\/casadecampoliving.com\/wp-content\/uploads\/2022\/10\/MLB_jose_Bautista_41.jpg?resize=150%2C150&ssl=1","image":{"@type":"ImageObject","url":"https:\/\/i0.wp.com\/casadecampoliving.com\/wp-content\/uploads\/2022\/10\/MLB_jose_Bautista_41.jpg?fit=650%2C388&ssl=1"},"articleSection":"Celebridades","author":[{"@type":"Person","name":"Rebecca Silvestri"}],"creator":["Rebecca Silvestri"],"publisher":{"@type":"Organization","name":"Casa de Campo Living","logo":"https:\/\/casadecampoliving.com\/wp-content\/uploads\/2022\/07\/CDCLivingLogo_V1-white-sized.png"},"keywords":["aeropuerto la romana","casa de campo","casa de campo @es","palmillaso @es","roberto weill @es"],"dateCreated":"2015-01-09T04:00:00Z","datePublished":"2015-01-09T04:00:00Z","dateModified":"2022-11-10T14:31:16Z"},"rendered":"<script type=\"application\/ld+json\" class=\"wp-parsely-metadata\">{\"@context\":\"https:\\\/\\\/schema.org\",\"@type\":\"NewsArticle\",\"headline\":\"Jos\\u00e9 Bautista, jugador de B\\u00e9isbol de Grandes Ligas vacaciona en Casa de Campo\",\"url\":\"http:\\\/\\\/casadecampoliving.com\\\/es\\\/jose-bautista-beisbol-grandes-ligas-casa-de-campo\\\/\",\"mainEntityOfPage\":{\"@type\":\"WebPage\",\"@id\":\"http:\\\/\\\/casadecampoliving.com\\\/es\\\/jose-bautista-beisbol-grandes-ligas-casa-de-campo\\\/\"},\"thumbnailUrl\":\"https:\\\/\\\/i0.wp.com\\\/casadecampoliving.com\\\/wp-content\\\/uploads\\\/2022\\\/10\\\/MLB_jose_Bautista_41.jpg?resize=150%2C150&ssl=1\",\"image\":{\"@type\":\"ImageObject\",\"url\":\"https:\\\/\\\/i0.wp.com\\\/casadecampoliving.com\\\/wp-content\\\/uploads\\\/2022\\\/10\\\/MLB_jose_Bautista_41.jpg?fit=650%2C388&ssl=1\"},\"articleSection\":\"Celebridades\",\"author\":[{\"@type\":\"Person\",\"name\":\"Rebecca Silvestri\"}],\"creator\":[\"Rebecca Silvestri\"],\"publisher\":{\"@type\":\"Organization\",\"name\":\"Casa de Campo Living\",\"logo\":\"https:\\\/\\\/casadecampoliving.com\\\/wp-content\\\/uploads\\\/2022\\\/07\\\/CDCLivingLogo_V1-white-sized.png\"},\"keywords\":[\"aeropuerto la romana\",\"casa de campo\",\"casa de campo @es\",\"palmillaso @es\",\"roberto weill @es\"],\"dateCreated\":\"2015-01-09T04:00:00Z\",\"datePublished\":\"2015-01-09T04:00:00Z\",\"dateModified\":\"2022-11-10T14:31:16Z\"}<\/script>","tracker_url":"https:\/\/cdn.parsely.com\/keys\/casadecampoliving.com\/p.js"},"jetpack_publicize_connections":[],"jetpack_featured_media_url":"https:\/\/i0.wp.com\/casadecampoliving.com\/wp-content\/uploads\/2022\/10\/MLB_jose_Bautista_41.jpg?fit=650%2C388&ssl=1","jetpack-related-posts":[{"id":325025,"url":"https:\/\/casadecampoliving.com\/jose-bautista-baseball-casa-de-campo\/","url_meta":{"origin":346473,"position":0},"title":"Jos\u00e9 Bautista, Major League Baseball player vacations in Casa de Campo","author":"Rebecca Silvestri","date":"9 Ene, 2015","format":false,"excerpt":"While we were partying alongside Amaury Nolasco from Prison Break at the Palmillaso, Vin Diesel was chilling out at Minitas Beach, and NBA basketball star Shaquille O'Neil was hanging out with former president of the Dominican Republic, Leonel Fernandez, Casa de Campo welcomed another famous face - Dominican Major League\u2026","rel":"","context":"En \u00abBeyond Casa\u00bb","block_context":{"text":"Beyond Casa","link":"https:\/\/casadecampoliving.com\/category\/beyond-casa\/"},"img":{"alt_text":"MLB Jos\u00e9 Bautista","src":"https:\/\/i0.wp.com\/casadecampoliving.com\/wp-content\/uploads\/2022\/10\/MLB_jose_Bautista_41.jpg?fit=650%2C388&ssl=1&resize=350%2C200","width":350,"height":200,"srcset":"https:\/\/i0.wp.com\/casadecampoliving.com\/wp-content\/uploads\/2022\/10\/MLB_jose_Bautista_41.jpg?fit=650%2C388&ssl=1&resize=350%2C200 1x, https:\/\/i0.wp.com\/casadecampoliving.com\/wp-content\/uploads\/2022\/10\/MLB_jose_Bautista_41.jpg?fit=650%2C388&ssl=1&resize=525%2C300 1.5x"},"classes":[]},{"id":346639,"url":"https:\/\/casadecampoliving.com\/es\/torneo-de-golf-inmortales-su-oportunidad-de-jugar-junto-las-leyendas-del-beisbol-latino\/","url_meta":{"origin":346473,"position":1},"title":"Torneo de golf INMORTALES, su oportunidad de jugar junto a las leyendas del b\u00e9isbol latino","author":"Perkin Agramonte","date":"30 Ene, 2015","format":false,"excerpt":"El mes que viene, del 5 al 8 de febrero, ser\u00e1 celebrada la 6ta Gran Semana de Exaltaci\u00f3n Clase 2015 del Sal\u00f3n de la Fama del B\u00e9isbol Latino en Santo Domingo, Casa de Campo y La Romana, con numerosas ocasiones especiales, incluyendo el torneo de golf INMORTALES, este a\u00f1o con\u2026","rel":"","context":"En \u00abAltos de Chavon @es\u00bb","block_context":{"text":"Altos de Chavon @es","link":"https:\/\/casadecampoliving.com\/category\/altos-de-chavon-es\/"},"img":{"alt_text":"","src":"https:\/\/i0.wp.com\/casadecampoliving.com\/wp-content\/uploads\/2022\/10\/Teeth-of-the-Dog-1.jpg?fit=650%2C450&ssl=1&resize=350%2C200","width":350,"height":200,"srcset":"https:\/\/i0.wp.com\/casadecampoliving.com\/wp-content\/uploads\/2022\/10\/Teeth-of-the-Dog-1.jpg?fit=650%2C450&ssl=1&resize=350%2C200 1x, https:\/\/i0.wp.com\/casadecampoliving.com\/wp-content\/uploads\/2022\/10\/Teeth-of-the-Dog-1.jpg?fit=650%2C450&ssl=1&resize=525%2C300 1.5x"},"classes":[]},{"id":346597,"url":"https:\/\/casadecampoliving.com\/es\/palmillaso-vista-de-la-fiesta-desde-un-drone\/","url_meta":{"origin":346473,"position":2},"title":"Palmillaso: vista de la fiesta desde un drone","author":"Perkin Agramonte","date":"27 Ene, 2015","format":false,"excerpt":"Palmillaso. Inequ\u00edvocamente la mejor fiesta de botes del a\u00f1o, y ciertamente una de las fiestas favoritas de la comunidad Casa de Campo, a\u00f1o tras a\u00f1o. Pero, \u00bfc\u00f3mo se ve desde las alturas) Bueno, si alguna vez se ha preguntado eso; buenas noticias porque aqu\u00ed les traemos las fotos tomadas por\u2026","rel":"","context":"En \u00abM\u00e1s all\u00e1 de Casa\u00bb","block_context":{"text":"M\u00e1s all\u00e1 de Casa","link":"https:\/\/casadecampoliving.com\/es\/category\/mas-alla-de-casa-es\/"},"img":{"alt_text":"palmillaso drone","src":"https:\/\/i0.wp.com\/casadecampoliving.com\/wp-content\/uploads\/2022\/10\/palmillaso-drone1-1.jpg?fit=650%2C366&ssl=1&resize=350%2C200","width":350,"height":200,"srcset":"https:\/\/i0.wp.com\/casadecampoliving.com\/wp-content\/uploads\/2022\/10\/palmillaso-drone1-1.jpg?fit=650%2C366&ssl=1&resize=350%2C200 1x, https:\/\/i0.wp.com\/casadecampoliving.com\/wp-content\/uploads\/2022\/10\/palmillaso-drone1-1.jpg?fit=650%2C366&ssl=1&resize=525%2C300 1.5x"},"classes":[]},{"id":338384,"url":"https:\/\/casadecampoliving.com\/es\/celebrando-los-logros-de-los-jugadores-hispanos-y-del-caribe-de-las-grandes-ligas-en-el-salon-de-la-fama-del-beisbol-latino\/","url_meta":{"origin":346473,"position":3},"title":"Celebrando los logros de los jugadores hispanos y del Caribe de las Grandes Ligas en el Sal\u00f3n de la Fama del B\u00e9isbol Latino","author":"","date":"13 Feb, 2012","format":false,"excerpt":"El Sal\u00f3n de la Fama del B\u00e9isbol Latino fue fundado por Roberto Weill, Alfy Fanjul y Rafael Avila enen el 2009 con el prop\u00f3sito de celebrar los logros de los jugadores hispanos y del Caribe, pertenecientes a las Grandes Ligas \u2013 quienes est\u00e1n ausentes del Sal\u00f3n de la Fama de\u2026","rel":"","context":"En \u00abAltos de Chavon @es\u00bb","block_context":{"text":"Altos de Chavon @es","link":"https:\/\/casadecampoliving.com\/category\/altos-de-chavon-es\/"},"img":{"alt_text":"tony pena roberto weill","src":"https:\/\/i0.wp.com\/casadecampoliving.com\/wp-content\/uploads\/2022\/10\/tony_pena_roberto_weill-1.jpg?fit=650%2C496&ssl=1&resize=350%2C200","width":350,"height":200,"srcset":"https:\/\/i0.wp.com\/casadecampoliving.com\/wp-content\/uploads\/2022\/10\/tony_pena_roberto_weill-1.jpg?fit=650%2C496&ssl=1&resize=350%2C200 1x, https:\/\/i0.wp.com\/casadecampoliving.com\/wp-content\/uploads\/2022\/10\/tony_pena_roberto_weill-1.jpg?fit=650%2C496&ssl=1&resize=525%2C300 1.5x"},"classes":[]},{"id":346657,"url":"https:\/\/casadecampoliving.com\/es\/ya-llego-inmortales-4\/","url_meta":{"origin":346473,"position":4},"title":"\u00a1Ya lleg\u00f3 INMORTALES #4!","author":"Perkin Agramonte","date":"3 Feb, 2015","format":false,"excerpt":"La empresa de medios, Silgon (creadores de CasaLife, Casadecampoliving.com, TODO Casa de Campo y TODO La Romana -Bayahibe) tiene el placer de anunciarles, que la cuarta edici\u00f3n de la aclamada revista INMORTALES ya est\u00e1 en circulaci\u00f3n. La revista INMORTALES es otro proyecto exitoso e innovador que debe su creaci\u00f3n a\u2026","rel":"","context":"En \u00abCasa de Campo Living @es\u00bb","block_context":{"text":"Casa de Campo Living @es","link":"https:\/\/casadecampoliving.com\/category\/casa-de-campo-living-es\/"},"img":{"alt_text":"","src":"https:\/\/i0.wp.com\/casadecampoliving.com\/wp-content\/uploads\/2022\/10\/InmortalesHEADER1-1.jpg?fit=650%2C450&ssl=1&resize=350%2C200","width":350,"height":200,"srcset":"https:\/\/i0.wp.com\/casadecampoliving.com\/wp-content\/uploads\/2022\/10\/InmortalesHEADER1-1.jpg?fit=650%2C450&ssl=1&resize=350%2C200 1x, https:\/\/i0.wp.com\/casadecampoliving.com\/wp-content\/uploads\/2022\/10\/InmortalesHEADER1-1.jpg?fit=650%2C450&ssl=1&resize=525%2C300 1.5x"},"classes":[]},{"id":340434,"url":"https:\/\/casadecampoliving.com\/es\/iv-exaltacion-al-salon-de-la-fama-del-beisbol-latino-sera-celebrada-en-casa-de-campo-7-al-10-de-febrero\/","url_meta":{"origin":346473,"position":5},"title":"IV Exaltaci\u00f3n al Sal\u00f3n de la Fama del B\u00e9isbol Latino ser\u00e1 celebrada en Casa de Campo: 7 al 10 de febrero!","author":"","date":"4 Ene, 2013","format":false,"excerpt":"La semana de celebraci\u00f3n de la IV Exaltaci\u00f3n al Sal\u00f3n de la Fama del B\u00e9isbol Latino, est\u00e1 programada para celebrarse desde el jueves 7 al domingo 10 de febrero de 2013, con numerosas actividades planificadas en distintos puntos de Casa de Campo y La Romana, tanto para las luminarias, como\u2026","rel":"","context":"En \u00abAltos de Chavon @es\u00bb","block_context":{"text":"Altos de Chavon @es","link":"https:\/\/casadecampoliving.com\/category\/altos-de-chavon-es\/"},"img":{"alt_text":"salon de la fama","src":"https:\/\/i0.wp.com\/casadecampoliving.com\/wp-content\/uploads\/2022\/10\/salon_de_la_fama-1.jpg?fit=650%2C435&ssl=1&resize=350%2C200","width":350,"height":200,"srcset":"https:\/\/i0.wp.com\/casadecampoliving.com\/wp-content\/uploads\/2022\/10\/salon_de_la_fama-1.jpg?fit=650%2C435&ssl=1&resize=350%2C200 1x, https:\/\/i0.wp.com\/casadecampoliving.com\/wp-content\/uploads\/2022\/10\/salon_de_la_fama-1.jpg?fit=650%2C435&ssl=1&resize=525%2C300 1.5x"},"classes":[]}],"jetpack_sharing_enabled":true,"_links":{"self":[{"href":"https:\/\/casadecampoliving.com\/es\/wp-json\/wp\/v2\/posts\/346473","targetHints":{"allow":["GET"]}}],"collection":[{"href":"https:\/\/casadecampoliving.com\/es\/wp-json\/wp\/v2\/posts"}],"about":[{"href":"https:\/\/casadecampoliving.com\/es\/wp-json\/wp\/v2\/types\/post"}],"author":[{"embeddable":true,"href":"https:\/\/casadecampoliving.com\/es\/wp-json\/wp\/v2\/users\/31"}],"replies":[{"embeddable":true,"href":"https:\/\/casadecampoliving.com\/es\/wp-json\/wp\/v2\/comments?post=346473"}],"version-history":[{"count":2,"href":"https:\/\/casadecampoliving.com\/es\/wp-json\/wp\/v2\/posts\/346473\/revisions"}],"predecessor-version":[{"id":506802,"href":"https:\/\/casadecampoliving.com\/es\/wp-json\/wp\/v2\/posts\/346473\/revisions\/506802"}],"wp:featuredmedia":[{"embeddable":true,"href":"https:\/\/casadecampoliving.com\/es\/wp-json\/wp\/v2\/media\/302112"}],"wp:attachment":[{"href":"https:\/\/casadecampoliving.com\/es\/wp-json\/wp\/v2\/media?parent=346473"}],"wp:term":[{"taxonomy":"category","embeddable":true,"href":"https:\/\/casadecampoliving.com\/es\/wp-json\/wp\/v2\/categories?post=346473"},{"taxonomy":"post_tag","embeddable":true,"href":"https:\/\/casadecampoliving.com\/es\/wp-json\/wp\/v2\/tags?post=346473"},{"taxonomy":"newspack_spnsrs_tax","embeddable":true,"href":"https:\/\/casadecampoliving.com\/es\/wp-json\/wp\/v2\/newspack_spnsrs_tax?post=346473"}],"curies":[{"name":"wp","href":"https:\/\/api.w.org\/{rel}","templated":true}]}}