{"id":346461,"date":"2015-01-07T00:00:00","date_gmt":"2015-01-07T04:00:00","guid":{"rendered":"https:\/\/casadecampoliving.com\/palmillaso-2014-la-fiesta-comienza-en-el-mar\/"},"modified":"2022-11-10T10:05:33","modified_gmt":"2022-11-10T14:05:33","slug":"palmillaso-2014-la-fiesta-comienza-en-el-mar","status":"publish","type":"post","link":"https:\/\/casadecampoliving.com\/es\/palmillaso-2014-la-fiesta-comienza-en-el-mar\/","title":{"rendered":"Palmillaso 2014, la fiesta comienza en el mar"},"content":{"rendered":"<p><img data-recalc-dims=\"1\" loading=\"lazy\" decoding=\"async\" class=\"aligncenter size-full wp-image-105742\" src=\"https:\/\/i0.wp.com\/casadecampoliving.com\/wp-content\/uploads\/2022\/10\/palmillaso_20142.jpg?resize=650%2C362&#038;ssl=1\" alt=\"Palmillaso 2014\" width=\"650\" height=\"362\" \/>Cada a\u00f1o, aquel que es alguien en Casa de Campo, inicia las celebraciones de la v\u00edspera de A\u00f1o Nuevo en Palmilla, o m\u00e1s bien en el Palmillaso &#8211; y este a\u00f1o no fue la excepci\u00f3n con la adici\u00f3n de un dron o avi\u00f3n no tripulado y un hidroavi\u00f3n. S\u00ed, un hidroavi\u00f3n.<\/p>\n<p><!--more--><\/p>\n<p><img data-recalc-dims=\"1\" loading=\"lazy\" decoding=\"async\" class=\"alignright size-full wp-image-105740\" src=\"https:\/\/i0.wp.com\/casadecampoliving.com\/wp-content\/uploads\/2022\/10\/palmillaso_20141.jpg?resize=300%2C306&#038;ssl=1\" alt=\"Palmillaso 2014\" width=\"300\" height=\"306\" \/>Como cada a\u00f1o, Casa de Campo Living, una vez m\u00e1s zarp\u00f3 a Palmilla, y fue este a\u00f1o feliz de ser invitado al catamar\u00e1n de ERH Marina (@erhmarine en Instagram), que es un distribuidor l\u00edder de yates en la Rep\u00fablica Dominicana, con base en La Marina de Casa de Campo.<\/p>\n<p>Con un grupo de m\u00e1s de 60 j\u00f3venes juerguistas zarpamos de La Marina Casa de Campo llenos de entusiasmo, listos para un d\u00eda de sol, mar y champ\u00e1n.<\/p>\n<p>Al llegar a Palmilla, nos detuvimos junto al yate de Alejandro Mart\u00ednez-Lima que estaba de fiesta con Amaury Nolasco de Prison Break, un visitante frecuente de Casa de Campo &#8211; especialmente en esta \u00e9poca del a\u00f1o.<\/p>\n<p style=\"text-align: center;\"><strong>Y aqu\u00ed est\u00e1 Amaury Nolasco salud\u00e1ndonos, mientras llegabamos<\/strong><br \/>\n<img data-recalc-dims=\"1\" loading=\"lazy\" decoding=\"async\" class=\"aligncenter size-full wp-image-105726\" src=\"https:\/\/i0.wp.com\/casadecampoliving.com\/wp-content\/uploads\/2022\/10\/Amaury_Nolasco_Palmilla.jpg?resize=650%2C539&#038;ssl=1\" alt=\"Amaury Nolasco Palmilla\" width=\"650\" height=\"539\" \/><\/p>\n<p style=\"text-align: left;\">Una vez que nos hab\u00edamos instalado y la fiesta comenz\u00f3 a propagarse a nuestro alrededor&#8230; decidimos tomar el dron, o avi\u00f3n no tripulado, para dar una vuelta, el \u00fanico problema fue al despegar y aterrizar en el mar, no era tan sencillo. Afortunadamente nuestro nuevo amigo Harry era lo suficientemente valiente como para ponerlo en marcha y cogerlo con las manos &#8211; \u00a1bravo Harry! \u00a1As\u00ed que les traeremos \u00a0un video muy bueno y algunas fotos impresionantes muy pronto!<\/p>\n<p style=\"text-align: center;\"><strong>\u00a1Lance el dron! # palmillaso2014<\/strong><br \/>\n<img data-recalc-dims=\"1\" loading=\"lazy\" decoding=\"async\" class=\"aligncenter size-full wp-image-105736\" src=\"https:\/\/i0.wp.com\/casadecampoliving.com\/wp-content\/uploads\/2022\/10\/drone_Palmillaso_2014.jpg?resize=650%2C374&#038;ssl=1\" alt=\"drone, Palmillaso 2014\" width=\"650\" height=\"374\" \/><\/p>\n<p style=\"text-align: left;\">Luego lleg\u00f3 el momento para algo de navegaci\u00f3n liberal, saltando y bailando en bikini&#8230; como usted lo haga. Es decir, despu\u00e9s de todo esta es la esencia de la fiesta en barco Palmillaso.<\/p>\n<p style=\"text-align: left;\">Y justo cuando pensamos que la fiesta no pod\u00eda ser m\u00e1s impresionante&#8230; un avi\u00f3n vol\u00f3 sobre nosotros, y luego aterriz\u00f3 en el oc\u00e9ano. La llegada de un hidroavi\u00f3n definitivamente elev\u00f3 las festividades en el Palmillaso a un nivel completamente nuevo, sobre todo porque el piloto y los pasajeros saltaron por la borda para un chapuz\u00f3n en el mar antes de volar de vuelta a la Casa de Campo. No hay nada m\u00e1s legendaria que eso.<\/p>\n<p style=\"text-align: center;\"><strong>Hidroavi\u00f3n en Palmillaso 2014 [Foto por Jos\u00e9 Calzada]<\/strong><br \/>\n<img data-recalc-dims=\"1\" loading=\"lazy\" decoding=\"async\" class=\"aligncenter size-full wp-image-105732\" src=\"https:\/\/i0.wp.com\/casadecampoliving.com\/wp-content\/uploads\/2022\/10\/seaplane_palmilla_Casa_de_Campo.jpg?resize=650%2C432&#038;ssl=1\" alt=\"seaplane at Palmillaso, Casa de Campo\" width=\"650\" height=\"432\" \/><\/p>\n<p>Bueno, despu\u00e9s de eso, ya era hora de navegar hacia el atardecer y a las muchas fiestas que esperaban en Casa de Campo&#8230;<\/p>\n<p>Y as\u00ed, sin m\u00e1s pre\u00e1mbulos aqu\u00ed est\u00e1n nuestras fotos del Palmillaso 2014 &#8211; \u00a1estaremos publicando el video del dron muy pronto! <strong>[nggallery id = 2144]<\/strong><\/p>\n","protected":false},"excerpt":{"rendered":"<p>Cada a\u00f1o, aquel que es alguien en Casa de Campo, inicia las celebraciones de la v\u00edspera de A\u00f1o Nuevo en Palmilla, o m\u00e1s bien en el Palmillaso &#8211; y este a\u00f1o no fue la excepci\u00f3n con la adici\u00f3n de un dron o avi\u00f3n no tripulado y un hidroavi\u00f3n. S\u00ed, un hidroavi\u00f3n.<\/p>\n","protected":false},"author":14,"featured_media":301588,"comment_status":"closed","ping_status":"closed","sticky":false,"template":"","format":"standard","meta":{"newspack_ads_suppress_ads":false,"newspack_popups_has_disabled_popups":false,"newspack_sponsor_sponsorship_scope":"","newspack_sponsor_native_byline_display":"inherit","newspack_sponsor_native_category_display":"inherit","newspack_sponsor_underwriter_style":"inherit","newspack_sponsor_underwriter_placement":"inherit","_newspack_byline_active":false,"_newspack_byline":"","newspack_hide_updated_date":false,"newspack_show_updated_date":false,"newspack_content_restriction_is_exempt":false,"newspack_featured_image_position":"","newspack_post_subtitle":"","newspack_article_summary_title":"Overview:","newspack_article_summary":"","_jetpack_memberships_contains_paid_content":false,"footnotes":"","jetpack_publicize_message":"","jetpack_publicize_feature_enabled":true,"jetpack_social_post_already_shared":false,"jetpack_social_options":{"image_generator_settings":{"template":"highway","default_image_id":0,"font":"","enabled":false},"version":2},"_wpas_customize_per_network":false},"categories":[2513,14631,2522,26581,2507,2506,14625,14627,2526],"tags":[23815,3626,3663,6184,6183,11764],"newspack_spnsrs_tax":[],"class_list":["post-346461","post","type-post","status-publish","format-standard","has-post-thumbnail","hentry","category-celebridades-es","category-estilo-de-vida","category-eventos-es","category-la-marina-casa-de-campo","category-la-romana-es","category-mas-alla-de-casa-es","category-noticias-locales","category-proximamente","category-titulares-es","tag-casa-de-campo-es-17","tag-casa-de-campo-es","tag-la-marina-casa-de-campo-es-2","tag-palmilla-es","tag-palmillaso-es","tag-vispera-de-ano-nuevo","entry"],"yoast_head":"<!-- This site is optimized with the Yoast SEO plugin v27.5 - https:\/\/yoast.com\/product\/yoast-seo-wordpress\/ -->\n<title>Palmillaso 2014, la fiesta comienza en el mar | Casa de Campo Living<\/title>\n<meta name=\"description\" content=\"Cada a\u00f1o, aquel que es alguien en Casa de Campo, inicia las celebraciones de la v\u00edspera de A\u00f1o Nuevo en Palmilla, o m\u00e1s bien en el Palmillaso - y este a\u00f1o\" \/>\n<meta name=\"robots\" content=\"index, follow, max-snippet:-1, max-image-preview:large, max-video-preview:-1\" \/>\n<link rel=\"canonical\" href=\"https:\/\/casadecampoliving.com\/es\/palmillaso-2014-la-fiesta-comienza-en-el-mar\/\" \/>\n<meta property=\"og:locale\" content=\"es_ES\" \/>\n<meta property=\"og:type\" content=\"article\" \/>\n<meta property=\"og:title\" content=\"Palmillaso 2014, la fiesta comienza en el mar | Casa de Campo Living\" \/>\n<meta property=\"og:description\" content=\"Cada a\u00f1o, aquel que es alguien en Casa de Campo, inicia las celebraciones de la v\u00edspera de A\u00f1o Nuevo en Palmilla, o m\u00e1s bien en el Palmillaso - y este a\u00f1o\" \/>\n<meta property=\"og:url\" content=\"https:\/\/casadecampoliving.com\/es\/palmillaso-2014-la-fiesta-comienza-en-el-mar\/\" \/>\n<meta property=\"og:site_name\" content=\"Casa de Campo Living\" \/>\n<meta property=\"article:publisher\" content=\"https:\/\/www.facebook.com\/casadecampoliving\" \/>\n<meta property=\"article:published_time\" content=\"2015-01-07T04:00:00+00:00\" \/>\n<meta property=\"article:modified_time\" content=\"2022-11-10T14:05:33+00:00\" \/>\n<meta property=\"og:image\" content=\"https:\/\/i0.wp.com\/casadecampoliving.com\/wp-content\/uploads\/2022\/10\/palmillaso_20142-1.jpg?fit=650%2C362&ssl=1\" \/>\n\t<meta property=\"og:image:width\" content=\"650\" \/>\n\t<meta property=\"og:image:height\" content=\"362\" \/>\n\t<meta property=\"og:image:type\" content=\"image\/jpeg\" \/>\n<meta name=\"author\" content=\"Rebecca Hughes\" \/>\n<meta name=\"twitter:card\" content=\"summary_large_image\" \/>\n<meta name=\"twitter:creator\" content=\"@cdcliving\" \/>\n<meta name=\"twitter:site\" content=\"@cdcliving\" \/>\n<meta name=\"twitter:label1\" content=\"Escrito por\" \/>\n\t<meta name=\"twitter:data1\" content=\"Rebecca Hughes\" \/>\n\t<meta name=\"twitter:label2\" content=\"Tiempo de lectura\" \/>\n\t<meta name=\"twitter:data2\" content=\"2 minutos\" \/>\n<script type=\"application\/ld+json\" class=\"yoast-schema-graph\">{\"@context\":\"https:\\\/\\\/schema.org\",\"@graph\":[{\"@type\":\"Article\",\"@id\":\"https:\\\/\\\/casadecampoliving.com\\\/es\\\/palmillaso-2014-la-fiesta-comienza-en-el-mar\\\/#article\",\"isPartOf\":{\"@id\":\"https:\\\/\\\/casadecampoliving.com\\\/es\\\/palmillaso-2014-la-fiesta-comienza-en-el-mar\\\/\"},\"author\":{\"name\":\"Rebecca Hughes\",\"@id\":\"https:\\\/\\\/casadecampoliving.com\\\/es\\\/#\\\/schema\\\/person\\\/91d3085d9c6fe671ec9370a33bc98839\"},\"headline\":\"Palmillaso 2014, la fiesta comienza en el mar\",\"datePublished\":\"2015-01-07T04:00:00+00:00\",\"dateModified\":\"2022-11-10T14:05:33+00:00\",\"mainEntityOfPage\":{\"@id\":\"https:\\\/\\\/casadecampoliving.com\\\/es\\\/palmillaso-2014-la-fiesta-comienza-en-el-mar\\\/\"},\"wordCount\":459,\"publisher\":{\"@id\":\"https:\\\/\\\/casadecampoliving.com\\\/es\\\/#organization\"},\"image\":{\"@id\":\"https:\\\/\\\/casadecampoliving.com\\\/es\\\/palmillaso-2014-la-fiesta-comienza-en-el-mar\\\/#primaryimage\"},\"thumbnailUrl\":\"https:\\\/\\\/i0.wp.com\\\/casadecampoliving.com\\\/wp-content\\\/uploads\\\/2022\\\/10\\\/palmillaso_20142-1.jpg?fit=650%2C362&ssl=1\",\"keywords\":[\"Casa de Campo\",\"casa de campo @es\",\"la marina casa de campo @es\",\"palmilla @es\",\"palmillaso @es\",\"V\u00edspera de A\u00f1o Nuevo\"],\"articleSection\":[\"Celebridades\",\"Estilo de Vida\",\"Eventos\",\"La Marina Casa de Campo\",\"La Romana @es\",\"M\u00e1s all\u00e1 de Casa\",\"Noticias Locales\",\"Proximamente\",\"Titulares\"],\"inLanguage\":\"es\"},{\"@type\":\"WebPage\",\"@id\":\"https:\\\/\\\/casadecampoliving.com\\\/es\\\/palmillaso-2014-la-fiesta-comienza-en-el-mar\\\/\",\"url\":\"https:\\\/\\\/casadecampoliving.com\\\/es\\\/palmillaso-2014-la-fiesta-comienza-en-el-mar\\\/\",\"name\":\"Palmillaso 2014, la fiesta comienza en el mar | Casa de Campo Living\",\"isPartOf\":{\"@id\":\"https:\\\/\\\/casadecampoliving.com\\\/es\\\/#website\"},\"primaryImageOfPage\":{\"@id\":\"https:\\\/\\\/casadecampoliving.com\\\/es\\\/palmillaso-2014-la-fiesta-comienza-en-el-mar\\\/#primaryimage\"},\"image\":{\"@id\":\"https:\\\/\\\/casadecampoliving.com\\\/es\\\/palmillaso-2014-la-fiesta-comienza-en-el-mar\\\/#primaryimage\"},\"thumbnailUrl\":\"https:\\\/\\\/i0.wp.com\\\/casadecampoliving.com\\\/wp-content\\\/uploads\\\/2022\\\/10\\\/palmillaso_20142-1.jpg?fit=650%2C362&ssl=1\",\"datePublished\":\"2015-01-07T04:00:00+00:00\",\"dateModified\":\"2022-11-10T14:05:33+00:00\",\"description\":\"Cada a\u00f1o, aquel que es alguien en Casa de Campo, inicia las celebraciones de la v\u00edspera de A\u00f1o Nuevo en Palmilla, o m\u00e1s bien en el Palmillaso - y este a\u00f1o\",\"breadcrumb\":{\"@id\":\"https:\\\/\\\/casadecampoliving.com\\\/es\\\/palmillaso-2014-la-fiesta-comienza-en-el-mar\\\/#breadcrumb\"},\"inLanguage\":\"es\",\"potentialAction\":[{\"@type\":\"ReadAction\",\"target\":[\"https:\\\/\\\/casadecampoliving.com\\\/es\\\/palmillaso-2014-la-fiesta-comienza-en-el-mar\\\/\"]}]},{\"@type\":\"ImageObject\",\"inLanguage\":\"es\",\"@id\":\"https:\\\/\\\/casadecampoliving.com\\\/es\\\/palmillaso-2014-la-fiesta-comienza-en-el-mar\\\/#primaryimage\",\"url\":\"https:\\\/\\\/i0.wp.com\\\/casadecampoliving.com\\\/wp-content\\\/uploads\\\/2022\\\/10\\\/palmillaso_20142-1.jpg?fit=650%2C362&ssl=1\",\"contentUrl\":\"https:\\\/\\\/i0.wp.com\\\/casadecampoliving.com\\\/wp-content\\\/uploads\\\/2022\\\/10\\\/palmillaso_20142-1.jpg?fit=650%2C362&ssl=1\",\"width\":650,\"height\":362,\"caption\":\"Palmillaso 2014\"},{\"@type\":\"BreadcrumbList\",\"@id\":\"https:\\\/\\\/casadecampoliving.com\\\/es\\\/palmillaso-2014-la-fiesta-comienza-en-el-mar\\\/#breadcrumb\",\"itemListElement\":[{\"@type\":\"ListItem\",\"position\":1,\"name\":\"Home\",\"item\":\"https:\\\/\\\/casadecampoliving.com\\\/es\\\/\"},{\"@type\":\"ListItem\",\"position\":2,\"name\":\"Palmillaso 2014, la fiesta comienza en el mar\"}]},{\"@type\":\"WebSite\",\"@id\":\"https:\\\/\\\/casadecampoliving.com\\\/es\\\/#website\",\"url\":\"https:\\\/\\\/casadecampoliving.com\\\/es\\\/\",\"name\":\"Casa de Campo Living\",\"description\":\"Resort community news and resources.\",\"publisher\":{\"@id\":\"https:\\\/\\\/casadecampoliving.com\\\/es\\\/#organization\"},\"potentialAction\":[{\"@type\":\"SearchAction\",\"target\":{\"@type\":\"EntryPoint\",\"urlTemplate\":\"https:\\\/\\\/casadecampoliving.com\\\/es\\\/?s={search_term_string}\"},\"query-input\":{\"@type\":\"PropertyValueSpecification\",\"valueRequired\":true,\"valueName\":\"search_term_string\"}}],\"inLanguage\":\"es\"},{\"@type\":\"Organization\",\"@id\":\"https:\\\/\\\/casadecampoliving.com\\\/es\\\/#organization\",\"name\":\"Casa de Campo Living\",\"url\":\"https:\\\/\\\/casadecampoliving.com\\\/es\\\/\",\"logo\":{\"@type\":\"ImageObject\",\"inLanguage\":\"es\",\"@id\":\"https:\\\/\\\/casadecampoliving.com\\\/es\\\/#\\\/schema\\\/logo\\\/image\\\/\",\"url\":\"https:\\\/\\\/i0.wp.com\\\/casadecampoliving.com\\\/wp-content\\\/uploads\\\/2022\\\/07\\\/CDCLivingLogo_V1-white-sized.png?fit=800%2C214&ssl=1\",\"contentUrl\":\"https:\\\/\\\/i0.wp.com\\\/casadecampoliving.com\\\/wp-content\\\/uploads\\\/2022\\\/07\\\/CDCLivingLogo_V1-white-sized.png?fit=800%2C214&ssl=1\",\"width\":800,\"height\":214,\"caption\":\"Casa de Campo Living\"},\"image\":{\"@id\":\"https:\\\/\\\/casadecampoliving.com\\\/es\\\/#\\\/schema\\\/logo\\\/image\\\/\"},\"sameAs\":[\"https:\\\/\\\/www.facebook.com\\\/casadecampoliving\",\"https:\\\/\\\/x.com\\\/cdcliving\"]},{\"@type\":\"Person\",\"@id\":\"https:\\\/\\\/casadecampoliving.com\\\/es\\\/#\\\/schema\\\/person\\\/91d3085d9c6fe671ec9370a33bc98839\",\"name\":\"Rebecca Hughes\",\"image\":{\"@type\":\"ImageObject\",\"inLanguage\":\"es\",\"@id\":\"https:\\\/\\\/secure.gravatar.com\\\/avatar\\\/fa8193bc0c4cfd84f5082667d2539f9b4da960049480f4eed2244a6b96321e38?s=96&d=mm&r=g\",\"url\":\"https:\\\/\\\/secure.gravatar.com\\\/avatar\\\/fa8193bc0c4cfd84f5082667d2539f9b4da960049480f4eed2244a6b96321e38?s=96&d=mm&r=g\",\"contentUrl\":\"https:\\\/\\\/secure.gravatar.com\\\/avatar\\\/fa8193bc0c4cfd84f5082667d2539f9b4da960049480f4eed2244a6b96321e38?s=96&d=mm&r=g\",\"caption\":\"Rebecca Hughes\"},\"description\":\"I am wonderful.\",\"sameAs\":[\"http:\\\/\\\/www.facebook.com\\\/profile.php?id=752510581\"],\"url\":\"https:\\\/\\\/casadecampoliving.com\\\/es\\\/author\\\/Rebecca Hughes\\\/\"}]}<\/script>\n<!-- \/ Yoast SEO plugin. -->","yoast_head_json":{"title":"Palmillaso 2014, la fiesta comienza en el mar | Casa de Campo Living","description":"Cada a\u00f1o, aquel que es alguien en Casa de Campo, inicia las celebraciones de la v\u00edspera de A\u00f1o Nuevo en Palmilla, o m\u00e1s bien en el Palmillaso - y este a\u00f1o","robots":{"index":"index","follow":"follow","max-snippet":"max-snippet:-1","max-image-preview":"max-image-preview:large","max-video-preview":"max-video-preview:-1"},"canonical":"https:\/\/casadecampoliving.com\/es\/palmillaso-2014-la-fiesta-comienza-en-el-mar\/","og_locale":"es_ES","og_type":"article","og_title":"Palmillaso 2014, la fiesta comienza en el mar | Casa de Campo Living","og_description":"Cada a\u00f1o, aquel que es alguien en Casa de Campo, inicia las celebraciones de la v\u00edspera de A\u00f1o Nuevo en Palmilla, o m\u00e1s bien en el Palmillaso - y este a\u00f1o","og_url":"https:\/\/casadecampoliving.com\/es\/palmillaso-2014-la-fiesta-comienza-en-el-mar\/","og_site_name":"Casa de Campo Living","article_publisher":"https:\/\/www.facebook.com\/casadecampoliving","article_published_time":"2015-01-07T04:00:00+00:00","article_modified_time":"2022-11-10T14:05:33+00:00","og_image":[{"width":650,"height":362,"url":"https:\/\/i0.wp.com\/casadecampoliving.com\/wp-content\/uploads\/2022\/10\/palmillaso_20142-1.jpg?fit=650%2C362&ssl=1","type":"image\/jpeg"}],"author":"Rebecca Hughes","twitter_card":"summary_large_image","twitter_creator":"@cdcliving","twitter_site":"@cdcliving","twitter_misc":{"Escrito por":"Rebecca Hughes","Tiempo de lectura":"2 minutos"},"schema":{"@context":"https:\/\/schema.org","@graph":[{"@type":"Article","@id":"https:\/\/casadecampoliving.com\/es\/palmillaso-2014-la-fiesta-comienza-en-el-mar\/#article","isPartOf":{"@id":"https:\/\/casadecampoliving.com\/es\/palmillaso-2014-la-fiesta-comienza-en-el-mar\/"},"author":{"name":"Rebecca Hughes","@id":"https:\/\/casadecampoliving.com\/es\/#\/schema\/person\/91d3085d9c6fe671ec9370a33bc98839"},"headline":"Palmillaso 2014, la fiesta comienza en el mar","datePublished":"2015-01-07T04:00:00+00:00","dateModified":"2022-11-10T14:05:33+00:00","mainEntityOfPage":{"@id":"https:\/\/casadecampoliving.com\/es\/palmillaso-2014-la-fiesta-comienza-en-el-mar\/"},"wordCount":459,"publisher":{"@id":"https:\/\/casadecampoliving.com\/es\/#organization"},"image":{"@id":"https:\/\/casadecampoliving.com\/es\/palmillaso-2014-la-fiesta-comienza-en-el-mar\/#primaryimage"},"thumbnailUrl":"https:\/\/i0.wp.com\/casadecampoliving.com\/wp-content\/uploads\/2022\/10\/palmillaso_20142-1.jpg?fit=650%2C362&ssl=1","keywords":["Casa de Campo","casa de campo @es","la marina casa de campo @es","palmilla @es","palmillaso @es","V\u00edspera de A\u00f1o Nuevo"],"articleSection":["Celebridades","Estilo de Vida","Eventos","La Marina Casa de Campo","La Romana @es","M\u00e1s all\u00e1 de Casa","Noticias Locales","Proximamente","Titulares"],"inLanguage":"es"},{"@type":"WebPage","@id":"https:\/\/casadecampoliving.com\/es\/palmillaso-2014-la-fiesta-comienza-en-el-mar\/","url":"https:\/\/casadecampoliving.com\/es\/palmillaso-2014-la-fiesta-comienza-en-el-mar\/","name":"Palmillaso 2014, la fiesta comienza en el mar | Casa de Campo Living","isPartOf":{"@id":"https:\/\/casadecampoliving.com\/es\/#website"},"primaryImageOfPage":{"@id":"https:\/\/casadecampoliving.com\/es\/palmillaso-2014-la-fiesta-comienza-en-el-mar\/#primaryimage"},"image":{"@id":"https:\/\/casadecampoliving.com\/es\/palmillaso-2014-la-fiesta-comienza-en-el-mar\/#primaryimage"},"thumbnailUrl":"https:\/\/i0.wp.com\/casadecampoliving.com\/wp-content\/uploads\/2022\/10\/palmillaso_20142-1.jpg?fit=650%2C362&ssl=1","datePublished":"2015-01-07T04:00:00+00:00","dateModified":"2022-11-10T14:05:33+00:00","description":"Cada a\u00f1o, aquel que es alguien en Casa de Campo, inicia las celebraciones de la v\u00edspera de A\u00f1o Nuevo en Palmilla, o m\u00e1s bien en el Palmillaso - y este a\u00f1o","breadcrumb":{"@id":"https:\/\/casadecampoliving.com\/es\/palmillaso-2014-la-fiesta-comienza-en-el-mar\/#breadcrumb"},"inLanguage":"es","potentialAction":[{"@type":"ReadAction","target":["https:\/\/casadecampoliving.com\/es\/palmillaso-2014-la-fiesta-comienza-en-el-mar\/"]}]},{"@type":"ImageObject","inLanguage":"es","@id":"https:\/\/casadecampoliving.com\/es\/palmillaso-2014-la-fiesta-comienza-en-el-mar\/#primaryimage","url":"https:\/\/i0.wp.com\/casadecampoliving.com\/wp-content\/uploads\/2022\/10\/palmillaso_20142-1.jpg?fit=650%2C362&ssl=1","contentUrl":"https:\/\/i0.wp.com\/casadecampoliving.com\/wp-content\/uploads\/2022\/10\/palmillaso_20142-1.jpg?fit=650%2C362&ssl=1","width":650,"height":362,"caption":"Palmillaso 2014"},{"@type":"BreadcrumbList","@id":"https:\/\/casadecampoliving.com\/es\/palmillaso-2014-la-fiesta-comienza-en-el-mar\/#breadcrumb","itemListElement":[{"@type":"ListItem","position":1,"name":"Home","item":"https:\/\/casadecampoliving.com\/es\/"},{"@type":"ListItem","position":2,"name":"Palmillaso 2014, la fiesta comienza en el mar"}]},{"@type":"WebSite","@id":"https:\/\/casadecampoliving.com\/es\/#website","url":"https:\/\/casadecampoliving.com\/es\/","name":"Casa de Campo Living","description":"Resort community news and resources.","publisher":{"@id":"https:\/\/casadecampoliving.com\/es\/#organization"},"potentialAction":[{"@type":"SearchAction","target":{"@type":"EntryPoint","urlTemplate":"https:\/\/casadecampoliving.com\/es\/?s={search_term_string}"},"query-input":{"@type":"PropertyValueSpecification","valueRequired":true,"valueName":"search_term_string"}}],"inLanguage":"es"},{"@type":"Organization","@id":"https:\/\/casadecampoliving.com\/es\/#organization","name":"Casa de Campo Living","url":"https:\/\/casadecampoliving.com\/es\/","logo":{"@type":"ImageObject","inLanguage":"es","@id":"https:\/\/casadecampoliving.com\/es\/#\/schema\/logo\/image\/","url":"https:\/\/i0.wp.com\/casadecampoliving.com\/wp-content\/uploads\/2022\/07\/CDCLivingLogo_V1-white-sized.png?fit=800%2C214&ssl=1","contentUrl":"https:\/\/i0.wp.com\/casadecampoliving.com\/wp-content\/uploads\/2022\/07\/CDCLivingLogo_V1-white-sized.png?fit=800%2C214&ssl=1","width":800,"height":214,"caption":"Casa de Campo Living"},"image":{"@id":"https:\/\/casadecampoliving.com\/es\/#\/schema\/logo\/image\/"},"sameAs":["https:\/\/www.facebook.com\/casadecampoliving","https:\/\/x.com\/cdcliving"]},{"@type":"Person","@id":"https:\/\/casadecampoliving.com\/es\/#\/schema\/person\/91d3085d9c6fe671ec9370a33bc98839","name":"Rebecca Hughes","image":{"@type":"ImageObject","inLanguage":"es","@id":"https:\/\/secure.gravatar.com\/avatar\/fa8193bc0c4cfd84f5082667d2539f9b4da960049480f4eed2244a6b96321e38?s=96&d=mm&r=g","url":"https:\/\/secure.gravatar.com\/avatar\/fa8193bc0c4cfd84f5082667d2539f9b4da960049480f4eed2244a6b96321e38?s=96&d=mm&r=g","contentUrl":"https:\/\/secure.gravatar.com\/avatar\/fa8193bc0c4cfd84f5082667d2539f9b4da960049480f4eed2244a6b96321e38?s=96&d=mm&r=g","caption":"Rebecca Hughes"},"description":"I am wonderful.","sameAs":["http:\/\/www.facebook.com\/profile.php?id=752510581"],"url":"https:\/\/casadecampoliving.com\/es\/author\/Rebecca Hughes\/"}]}},"parsely":{"version":"1.1.0","canonical_url":"https:\/\/casadecampoliving.com\/es\/palmillaso-2014-la-fiesta-comienza-en-el-mar\/","smart_links":{"inbound":0,"outbound":0},"traffic_boost_suggestions_count":0,"meta":{"@context":"https:\/\/schema.org","@type":"NewsArticle","headline":"Palmillaso 2014, la fiesta comienza en el mar","url":"http:\/\/casadecampoliving.com\/es\/palmillaso-2014-la-fiesta-comienza-en-el-mar\/","mainEntityOfPage":{"@type":"WebPage","@id":"http:\/\/casadecampoliving.com\/es\/palmillaso-2014-la-fiesta-comienza-en-el-mar\/"},"thumbnailUrl":"https:\/\/i0.wp.com\/casadecampoliving.com\/wp-content\/uploads\/2022\/10\/palmillaso_20142-1.jpg?resize=150%2C150&ssl=1","image":{"@type":"ImageObject","url":"https:\/\/i0.wp.com\/casadecampoliving.com\/wp-content\/uploads\/2022\/10\/palmillaso_20142-1.jpg?fit=650%2C362&ssl=1"},"articleSection":"Celebridades","author":[{"@type":"Person","name":"Rebecca Hughes"}],"creator":["Rebecca Hughes"],"publisher":{"@type":"Organization","name":"Casa de Campo Living","logo":"https:\/\/casadecampoliving.com\/wp-content\/uploads\/2022\/07\/CDCLivingLogo_V1-white-sized.png"},"keywords":["casa de campo","casa de campo @es","la marina casa de campo @es","palmilla @es","palmillaso @es","v\u00edspera de a\u00f1o nuevo"],"dateCreated":"2015-01-07T04:00:00Z","datePublished":"2015-01-07T04:00:00Z","dateModified":"2022-11-10T14:05:33Z"},"rendered":"<script type=\"application\/ld+json\" class=\"wp-parsely-metadata\">{\"@context\":\"https:\\\/\\\/schema.org\",\"@type\":\"NewsArticle\",\"headline\":\"Palmillaso 2014, la fiesta comienza en el mar\",\"url\":\"http:\\\/\\\/casadecampoliving.com\\\/es\\\/palmillaso-2014-la-fiesta-comienza-en-el-mar\\\/\",\"mainEntityOfPage\":{\"@type\":\"WebPage\",\"@id\":\"http:\\\/\\\/casadecampoliving.com\\\/es\\\/palmillaso-2014-la-fiesta-comienza-en-el-mar\\\/\"},\"thumbnailUrl\":\"https:\\\/\\\/i0.wp.com\\\/casadecampoliving.com\\\/wp-content\\\/uploads\\\/2022\\\/10\\\/palmillaso_20142-1.jpg?resize=150%2C150&ssl=1\",\"image\":{\"@type\":\"ImageObject\",\"url\":\"https:\\\/\\\/i0.wp.com\\\/casadecampoliving.com\\\/wp-content\\\/uploads\\\/2022\\\/10\\\/palmillaso_20142-1.jpg?fit=650%2C362&ssl=1\"},\"articleSection\":\"Celebridades\",\"author\":[{\"@type\":\"Person\",\"name\":\"Rebecca Hughes\"}],\"creator\":[\"Rebecca Hughes\"],\"publisher\":{\"@type\":\"Organization\",\"name\":\"Casa de Campo Living\",\"logo\":\"https:\\\/\\\/casadecampoliving.com\\\/wp-content\\\/uploads\\\/2022\\\/07\\\/CDCLivingLogo_V1-white-sized.png\"},\"keywords\":[\"casa de campo\",\"casa de campo @es\",\"la marina casa de campo @es\",\"palmilla @es\",\"palmillaso @es\",\"v\\u00edspera de a\\u00f1o nuevo\"],\"dateCreated\":\"2015-01-07T04:00:00Z\",\"datePublished\":\"2015-01-07T04:00:00Z\",\"dateModified\":\"2022-11-10T14:05:33Z\"}<\/script>","tracker_url":"https:\/\/cdn.parsely.com\/keys\/casadecampoliving.com\/p.js"},"jetpack_publicize_connections":[],"jetpack_featured_media_url":"https:\/\/i0.wp.com\/casadecampoliving.com\/wp-content\/uploads\/2022\/10\/palmillaso_20142-1.jpg?fit=650%2C362&ssl=1","jetpack-related-posts":[{"id":337652,"url":"https:\/\/casadecampoliving.com\/es\/reserve-la-fecha-palmillaso-2011\/","url_meta":{"origin":346461,"position":0},"title":"Reserve la fecha: Palmillaso 2011!","author":"","date":"15 Dic, 2011","format":false,"excerpt":"Casa de Campo Living presentas\u2026. el segundo evento anual PALMILLASO!\u00a0\u00danase a la diversi\u00f3n el pr\u00f3ximo s\u00e1bado 31 de diciembre mientras navegamos hacia Palmilla para recibir el A\u00f1o Nuevo en el mar!\u00a0 Es una tradici\u00f3n de Casa de Campo que cada a\u00f1o la fiesta de A\u00f1o Nuevo comienza mucho antes de\u2026","rel":"","context":"En \u00abCasa de Campo Living @es\u00bb","block_context":{"text":"Casa de Campo Living @es","link":"https:\/\/casadecampoliving.com\/category\/casa-de-campo-living-es\/"},"img":{"alt_text":"palmillaso casa de campo","src":"https:\/\/i0.wp.com\/casadecampoliving.com\/wp-content\/uploads\/2022\/10\/palmillaso_casa_de_campo-1.jpg?fit=604%2C352&ssl=1&resize=350%2C200","width":350,"height":200,"srcset":"https:\/\/i0.wp.com\/casadecampoliving.com\/wp-content\/uploads\/2022\/10\/palmillaso_casa_de_campo-1.jpg?fit=604%2C352&ssl=1&resize=350%2C200 1x, https:\/\/i0.wp.com\/casadecampoliving.com\/wp-content\/uploads\/2022\/10\/palmillaso_casa_de_campo-1.jpg?fit=604%2C352&ssl=1&resize=525%2C300 1.5x"},"classes":[]},{"id":337921,"url":"https:\/\/casadecampoliving.com\/es\/palmillaso-2011-acompananos-dic-31\/","url_meta":{"origin":346461,"position":1},"title":"Palmillaso 2011! Acomp\u00e1\u00f1anos&#8230; Dic 31!","author":"","date":"23 Dic, 2011","format":false,"excerpt":"As\u00ed es damas y caballeros, es tiempo de fiestar!!! Casa de Campo Living presenta\u2026.el segundo evento anual PALMILLASO, la m\u00e1s legendaria fiesta del a\u00f1o que parte hacia Palmilla el s\u00e1bado 31 de diciembre para recibir el A\u00f1o Nuevo en el mar! Aqu\u00ed los detalles! Palmillaso 2011Fecha: S\u00e1bado 31 de diciembre,\u2026","rel":"","context":"En \u00abCasa de Campo Living @es\u00bb","block_context":{"text":"Casa de Campo Living @es","link":"https:\/\/casadecampoliving.com\/category\/casa-de-campo-living-es\/"},"img":{"alt_text":"","src":"https:\/\/i0.wp.com\/casadecampoliving.com\/wp-content\/uploads\/2022\/10\/Palmillaso-Casadecampo-en-1.jpg?fit=650%2C400&ssl=1&resize=350%2C200","width":350,"height":200,"srcset":"https:\/\/i0.wp.com\/casadecampoliving.com\/wp-content\/uploads\/2022\/10\/Palmillaso-Casadecampo-en-1.jpg?fit=650%2C400&ssl=1&resize=350%2C200 1x, https:\/\/i0.wp.com\/casadecampoliving.com\/wp-content\/uploads\/2022\/10\/Palmillaso-Casadecampo-en-1.jpg?fit=650%2C400&ssl=1&resize=525%2C300 1.5x"},"classes":[]},{"id":337660,"url":"https:\/\/casadecampoliving.com\/es\/palmillaso-2010-la-fiesta-de-fin-de-ano-en-palmilla-parte-2\/","url_meta":{"origin":346461,"position":2},"title":"Palmillaso 2010! La fiesta de fin de a\u00f1o en Palmilla: parte 2!","author":"","date":"8 Ene, 2011","format":false,"excerpt":"La espera del nuevo a\u00f1o 2011 fue larga! Aqu\u00ed les traemos las fotos e historia de la fiesta 'Palmillaso de cuando se puso m\u00e1s y m\u00e1s caliente..... Haga click aqu\u00ed para leer Palmillaso 2010! Fiesta de fin de a\u00f1o, Palmilla, Parte 1 La tradici\u00f3n de Casa de Campo es que\u2026","rel":"","context":"En \u00abVida Nocturna\u00bb","block_context":{"text":"Vida Nocturna","link":"https:\/\/casadecampoliving.com\/es\/category\/vida-nocturna-es\/"},"img":{"alt_text":"","src":"https:\/\/i0.wp.com\/casadecampoliving.com\/wp-content\/uploads\/2022\/10\/palmilla2010_new_years_eve_casadecampo-1.jpg?fit=565%2C207&ssl=1&resize=350%2C200","width":350,"height":200,"srcset":"https:\/\/i0.wp.com\/casadecampoliving.com\/wp-content\/uploads\/2022\/10\/palmilla2010_new_years_eve_casadecampo-1.jpg?fit=565%2C207&ssl=1&resize=350%2C200 1x, https:\/\/i0.wp.com\/casadecampoliving.com\/wp-content\/uploads\/2022\/10\/palmilla2010_new_years_eve_casadecampo-1.jpg?fit=565%2C207&ssl=1&resize=525%2C300 1.5x"},"classes":[]},{"id":338119,"url":"https:\/\/casadecampoliving.com\/es\/palmillaso-2011-parte-2-la-legendaria-celebracion-de-ano-nuevo-en-el-mar\/","url_meta":{"origin":346461,"position":3},"title":"Palmillaso 2011, parte 2: La legendaria celebraci\u00f3n de A\u00f1o Nuevo en el Mar","author":"","date":"13 Ene, 2012","format":false,"excerpt":"Realmente no hay una fiesta m\u00e1s grande que la fiesta anual de Palmillaso, una celebraci\u00f3n que cada A\u00f1o Nuevo se realiza a bordo de un barco. Este a\u00f1o decidido a unirse a este gran evento, Casa de Campo Living una vez m\u00e1s rent\u00f3 un catamar\u00e1n y naveg\u00f3 hacia el paradis\u00edaco\u2026","rel":"","context":"En \u00abCasa de Campo Living @es\u00bb","block_context":{"text":"Casa de Campo Living @es","link":"https:\/\/casadecampoliving.com\/category\/casa-de-campo-living-es\/"},"img":{"alt_text":"palmillaso new years eve casa de campo","src":"https:\/\/i0.wp.com\/casadecampoliving.com\/wp-content\/uploads\/2022\/10\/palmillaso_new_years_eve-1.jpg?fit=650%2C400&ssl=1&resize=350%2C200","width":350,"height":200,"srcset":"https:\/\/i0.wp.com\/casadecampoliving.com\/wp-content\/uploads\/2022\/10\/palmillaso_new_years_eve-1.jpg?fit=650%2C400&ssl=1&resize=350%2C200 1x, https:\/\/i0.wp.com\/casadecampoliving.com\/wp-content\/uploads\/2022\/10\/palmillaso_new_years_eve-1.jpg?fit=650%2C400&ssl=1&resize=525%2C300 1.5x"},"classes":[]},{"id":343668,"url":"https:\/\/casadecampoliving.com\/es\/palmillaso-2013-un-nuevo-ano-en-el-mar\/","url_meta":{"origin":346461,"position":4},"title":"Palmillaso 2013 &#8211; un nuevo a\u00f1o en el mar","author":"Genesis Perdomo","date":"10 Ene, 2014","format":false,"excerpt":"No hay nada mejor que una peque\u00f1a fiesta en un bote. El Palmillaso de Fin A\u00f1o celebrado en Palmilla, navegando solo un poco afuera de la Marina Casa de Campo es realmente estupendo. Este a\u00f1o, como cada a\u00f1o, Casa de Campo Living naveg\u00f3 a la hermosa Palmilla para unirse a\u2026","rel":"","context":"En \u00abCasa de Campo Living @es\u00bb","block_context":{"text":"Casa de Campo Living @es","link":"https:\/\/casadecampoliving.com\/category\/casa-de-campo-living-es\/"},"img":{"alt_text":"palmillaso Casa de Campo","src":"https:\/\/i0.wp.com\/casadecampoliving.com\/wp-content\/uploads\/2022\/10\/palmillaso_casa_de_campo3-5.jpg?fit=650%2C488&ssl=1&resize=350%2C200","width":350,"height":200,"srcset":"https:\/\/i0.wp.com\/casadecampoliving.com\/wp-content\/uploads\/2022\/10\/palmillaso_casa_de_campo3-5.jpg?fit=650%2C488&ssl=1&resize=350%2C200 1x, https:\/\/i0.wp.com\/casadecampoliving.com\/wp-content\/uploads\/2022\/10\/palmillaso_casa_de_campo3-5.jpg?fit=650%2C488&ssl=1&resize=525%2C300 1.5x"},"classes":[]},{"id":340895,"url":"https:\/\/casadecampoliving.com\/es\/maravillosos-recuerdos-del-palmillaso-semana-santa-2012\/","url_meta":{"origin":346461,"position":5},"title":"\u00a1Maravillosos recuerdos del Palmillaso &#8211; Semana Santa 2012!","author":"lperdomo","date":"28 Mar, 2013","format":false,"excerpt":"Mi disculpas a todos, \u00a1por alguna raz\u00f3n nunca publiqu\u00e9 mis fotos de Semana Santa edici\u00f3n 2012 del Palmillaso! As\u00ed que como estamos ahora celebrando Semana Santa 2013 - \u00a1que mejor momento para recordar los buenos tiempos que \u00e9ste - mientras nos preparamos para Palmillaso Semana Santa 2013! Palmillaso es la\u2026","rel":"","context":"En \u00abEventos\u00bb","block_context":{"text":"Eventos","link":"https:\/\/casadecampoliving.com\/es\/category\/eventos-es\/"},"img":{"alt_text":"palmillaso","src":"https:\/\/i0.wp.com\/casadecampoliving.com\/wp-content\/uploads\/2022\/10\/palmillaso-2.jpg?fit=650%2C413&ssl=1&resize=350%2C200","width":350,"height":200,"srcset":"https:\/\/i0.wp.com\/casadecampoliving.com\/wp-content\/uploads\/2022\/10\/palmillaso-2.jpg?fit=650%2C413&ssl=1&resize=350%2C200 1x, https:\/\/i0.wp.com\/casadecampoliving.com\/wp-content\/uploads\/2022\/10\/palmillaso-2.jpg?fit=650%2C413&ssl=1&resize=525%2C300 1.5x"},"classes":[]}],"jetpack_sharing_enabled":true,"_links":{"self":[{"href":"https:\/\/casadecampoliving.com\/es\/wp-json\/wp\/v2\/posts\/346461","targetHints":{"allow":["GET"]}}],"collection":[{"href":"https:\/\/casadecampoliving.com\/es\/wp-json\/wp\/v2\/posts"}],"about":[{"href":"https:\/\/casadecampoliving.com\/es\/wp-json\/wp\/v2\/types\/post"}],"author":[{"embeddable":true,"href":"https:\/\/casadecampoliving.com\/es\/wp-json\/wp\/v2\/users\/14"}],"replies":[{"embeddable":true,"href":"https:\/\/casadecampoliving.com\/es\/wp-json\/wp\/v2\/comments?post=346461"}],"version-history":[{"count":1,"href":"https:\/\/casadecampoliving.com\/es\/wp-json\/wp\/v2\/posts\/346461\/revisions"}],"predecessor-version":[{"id":346462,"href":"https:\/\/casadecampoliving.com\/es\/wp-json\/wp\/v2\/posts\/346461\/revisions\/346462"}],"wp:featuredmedia":[{"embeddable":true,"href":"https:\/\/casadecampoliving.com\/es\/wp-json\/wp\/v2\/media\/301588"}],"wp:attachment":[{"href":"https:\/\/casadecampoliving.com\/es\/wp-json\/wp\/v2\/media?parent=346461"}],"wp:term":[{"taxonomy":"category","embeddable":true,"href":"https:\/\/casadecampoliving.com\/es\/wp-json\/wp\/v2\/categories?post=346461"},{"taxonomy":"post_tag","embeddable":true,"href":"https:\/\/casadecampoliving.com\/es\/wp-json\/wp\/v2\/tags?post=346461"},{"taxonomy":"newspack_spnsrs_tax","embeddable":true,"href":"https:\/\/casadecampoliving.com\/es\/wp-json\/wp\/v2\/newspack_spnsrs_tax?post=346461"}],"curies":[{"name":"wp","href":"https:\/\/api.w.org\/{rel}","templated":true}]}}