{"id":346457,"date":"2015-01-07T00:00:00","date_gmt":"2015-01-07T04:00:00","guid":{"rendered":"https:\/\/casadecampoliving.com\/programa-de-musica-en-vivo-y-entretenimiento-durante-el-mes-de-enero-en-la-cana-2\/"},"modified":"2022-10-21T18:53:28","modified_gmt":"2022-10-21T22:53:28","slug":"programa-de-musica-en-vivo-y-entretenimiento-durante-el-mes-de-enero-en-la-cana-2","status":"publish","type":"post","link":"https:\/\/casadecampoliving.com\/es\/programa-de-musica-en-vivo-y-entretenimiento-durante-el-mes-de-enero-en-la-cana-2\/","title":{"rendered":"M\u00fasica en vivo en La Ca\u00f1a durante enero"},"content":{"rendered":"<div class=\"wp-block-image\">\n<figure class=\"aligncenter is-resized\"><img loading=\"lazy\" decoding=\"async\" src=\"https:\/\/i0.wp.com\/casadecampoliving.com\/wp-content\/uploads\/2022\/10\/La_Cana_by_Il_Circo_Casa_de_Campo.jpg?resize=650%2C366&amp;ssl=1\" alt=\"La Cana by Il Circo, Casa de Campo\" class=\"wp-image-105767\" height=\"366\" width=\"650\"\/><\/figure>\n<\/div>\n\n\n<p>Puede que la Navidad haya terminado, \u00a1pero a\u00fan no es tiempo de retirarse sus zapatos de baile! Todas las noches, durante el mes de enero, junto a un sin n\u00famero de eventos, Casa de Campo les invita a disfrutar de un programa de bailes y m\u00fasica en vivo en La Ca\u00f1a Restaurant &amp; Lounge by Il Circo.&nbsp;<\/p>\n\n\n\n<!--more-->\n\n\n\n<p>Incluido en el programa est\u00e1n algunos encuentros con m\u00fasica en vivo a cargo de Victor Mitrov \u2013 uno de los m\u00fasicos m\u00e1s destacados de Bulgaria en su generaci\u00f3n, como distinguido artista orquestral y quien en la actualidad, es el trompetista principal de la Orquesta Sinf\u00f3nica Nacional de la Rep\u00fablica Dominicana.<\/p>\n\n\n\n<p>A continuaci\u00f3n ofrecemos el programa completo de m\u00fasica y entretenimiento en La Ca\u00f1a Restaurant &amp; Lounge by Il Circo a partir de enero de 2014.<\/p>\n\n\n\n<blockquote><p><strong>Mi\u00e9rcoles 7 de enero<\/strong><\/p><ul>\n<li>8pm \u2013 11pm: Tr\u00edo Internacional Koinonia<\/li>\n<\/ul><p><strong>Jueves 8 de enero<\/strong><\/p><ul>\n<li>8pm- 11pm: Yudelis Mart\u00ednez<\/li>\n<\/ul><p><strong>Viernes 9 de enero<\/strong><\/p><ul>\n<li>7pm- 11pm: Duo Bossa \u2013 Carlos Marcelo<\/li>\n<\/ul><p><strong>S\u00e1bado 1o de enero&nbsp;<\/strong><\/p><ul>\n<li>8pm \u2013 11pm: Quinteto Dekadas<\/li>\n<\/ul><p><strong>Domingo 11 de enero<\/strong><\/p><ul>\n<li>8:30pm- 11:30pm: Son en Casa<\/li>\n<\/ul><p><strong>Lunes 12 de enero<\/strong><\/p><ul>\n<li>8pm \u2013 11pm:&nbsp;Tr\u00edo Internacional Koinonia<\/li>\n<\/ul><p><strong>Martes 13 de enero<\/strong><\/p><ul>\n<li>7pm-11pm: Noche Latina con Miguel &amp; Jenny<\/li>\n<li>9pm-11pm: Bailarines<\/li>\n<\/ul><p><strong>Mi\u00e9rcoles 14 de enero<\/strong><\/p><ul>\n<li>8pm \u2013 11pm: Jazz Night con el Duo Saxo Piano Dos en La V\u00eda<\/li>\n<\/ul><p><strong>Jueves 15 de enero<\/strong><\/p><ul>\n<li>8pm \u2013 11pm: Tr\u00edo Internacional Koinonia<\/li>\n<\/ul><p><strong>Viernes 16 de enero<\/strong><\/p><ul>\n<li>8pm \u2013 11pm: Noche Internacional con Dos en La V\u00eda<\/li>\n<\/ul><p><strong>S\u00e1bado 17 de enero<\/strong><\/p><ul>\n<li>7pm- 11pm: Victor Mitrov<\/li>\n<\/ul><p><strong>Domingo 18 de enero<\/strong><\/p><ul>\n<li>8pm- 11pm: Yohanna Almanzar<\/li>\n<\/ul><p><strong>Lunes 19 de enero<\/strong><\/p><ul>\n<li>7pm- 11pm: Noche Latina con Miguel &amp; Jenny<\/li>\n<li>9pm-11ppm: Bailarines<\/li>\n<\/ul><p><strong>Martes 20 de enero<\/strong><\/p><ul>\n<li>8pm- 11pm:&nbsp;Jazz Night con el Duo Saxo Piano Dos en La V\u00eda<\/li>\n<\/ul><p><strong>Mi\u00e9rcoles 21 de enero<\/strong><\/p><ul>\n<li>8pm \u2013 11pm:&nbsp;Tr\u00edo Internacional Koinonia<\/li>\n<\/ul><p><strong>Jueves 22 de enero<\/strong><\/p><ul>\n<li>8pm- 11pm:&nbsp;Yohanna Almanzar<\/li>\n<\/ul><p><strong>Viernes 23 de enero<\/strong><\/p><ul>\n<li>8:30pm \u2013 11:30pm: Son en Casa<\/li>\n<\/ul><p><strong>S\u00e1bado 24 de enero<\/strong><\/p><ul>\n<li>7pm \u2013 11pm: Victor Mitrov<\/li>\n<\/ul><p><strong>Domingo 25 de enero<\/strong><\/p><ul>\n<li>8pm \u2013 11pm: Cuarteto Latino Carlos Marcelo<\/li>\n<\/ul><p><strong>Lunes 26 de enero<\/strong><\/p><ul>\n<li>8pm \u2013 11pm: Tr\u00edo Internacional Koinonia<\/li>\n<\/ul><p><strong>Martes 27 de enero<\/strong><\/p><ul>\n<li>8pm \u2013 11pm: Yudelis Mart\u00ednez<\/li>\n<\/ul><p><strong>Mi\u00e9rcoles 28 de enero<\/strong><\/p><ul>\n<li>7pm \u2013 11pm: Noche Latina con Miguel &amp; Jenny<\/li>\n<li>9pm \u2013 11pm: Bailarines<\/li>\n<\/ul><p><strong>Jueves 29 de enero<\/strong><\/p><ul>\n<li>8pm \u2013 11pm: Tr\u00edo Internacional Koinonia<\/li>\n<\/ul><p><strong>Viernes 30 de enero<\/strong><\/p><ul>\n<li>8:30pm \u2013 11:30pm: Son en Casa<\/li>\n<\/ul><p><strong>S\u00e1bado 31 de enero<\/strong><\/p><ul>\n<li>7pm \u2013 11pm: Victor Mitrov<\/li>\n<\/ul><\/blockquote>\n\n\n\n<p><strong>\u00a1RECUERDE!&nbsp;<\/strong><\/p>\n\n\n\n<p>Para ver el programa completo &nbsp;de eventos y actividades, visite:&nbsp; <strong><a href=\"http:\/\/www.todo.fm\/es\" target=\"_blank\" rel=\"noopener\">www.todo.fm<\/a><\/strong> \u2013<\/p>\n","protected":false},"excerpt":{"rendered":"<p>Puede que la Navidad haya terminado, \u00a1pero a\u00fan no es tiempo de retirarse sus zapatos de baile! Todas las noches, durante el mes de enero, junto a un sin n\u00famero de eventos, Casa de Campo les invita a disfrutar de un programa de bailes y m\u00fasica en vivo en La Ca\u00f1a Restaurant &amp; Lounge by [&hellip;]<\/p>\n","protected":false},"author":14,"featured_media":276880,"comment_status":"closed","ping_status":"closed","sticky":false,"template":"","format":"standard","meta":{"newspack_ads_suppress_ads":false,"newspack_popups_has_disabled_popups":false,"newspack_sponsor_sponsorship_scope":"","newspack_sponsor_native_byline_display":"inherit","newspack_sponsor_native_category_display":"inherit","newspack_sponsor_underwriter_style":"inherit","newspack_sponsor_underwriter_placement":"inherit","_newspack_byline_active":false,"_newspack_byline":"","newspack_hide_updated_date":false,"newspack_show_updated_date":false,"newspack_content_restriction_is_exempt":false,"newspack_featured_image_position":"","newspack_post_subtitle":"","newspack_article_summary_title":"Overview:","newspack_article_summary":"","_jetpack_memberships_contains_paid_content":false,"footnotes":"","jetpack_publicize_message":"","jetpack_publicize_feature_enabled":true,"jetpack_social_post_already_shared":false,"jetpack_social_options":{"image_generator_settings":{"template":"highway","default_image_id":0,"font":"","enabled":false},"version":2},"_wpas_customize_per_network":false},"categories":[14629,2518,2524,2522,14625,14627,26822,2520,2501],"tags":[2916,5475,7099,5751,7292,6774],"newspack_spnsrs_tax":[],"class_list":["post-346457","post","type-post","status-publish","format-standard","has-post-thumbnail","hentry","category-comidas-bebidas","category-conciertos-es","category-destacados","category-eventos-es","category-noticias-locales","category-proximamente","category-resort-casa-de-campo","category-restaurantes-es","category-vida-nocturna-es","tag-baile","tag-entretenimiento","tag-la-cana-by-il-circo-es","tag-musica","tag-victor-mitrov-es","tag-vida-nocturna","entry"],"yoast_head":"<!-- This site is optimized with the Yoast SEO plugin v27.5 - https:\/\/yoast.com\/product\/yoast-seo-wordpress\/ -->\n<title>M\u00fasica en vivo en La Ca\u00f1a durante enero | Casa de Campo Living<\/title>\n<meta name=\"description\" content=\"Puede que la Navidad haya terminado, \u00a1pero a\u00fan no es tiempo de retirarse sus zapatos de baile! Todas las noches, durante el mes de enero, junto a un sin\" \/>\n<meta name=\"robots\" content=\"index, follow, max-snippet:-1, max-image-preview:large, max-video-preview:-1\" \/>\n<link rel=\"canonical\" href=\"https:\/\/casadecampoliving.com\/es\/programa-de-musica-en-vivo-y-entretenimiento-durante-el-mes-de-enero-en-la-cana-2\/\" \/>\n<meta property=\"og:locale\" content=\"es_ES\" \/>\n<meta property=\"og:type\" content=\"article\" \/>\n<meta property=\"og:title\" content=\"M\u00fasica en vivo en La Ca\u00f1a durante enero | Casa de Campo Living\" \/>\n<meta property=\"og:description\" content=\"Puede que la Navidad haya terminado, \u00a1pero a\u00fan no es tiempo de retirarse sus zapatos de baile! Todas las noches, durante el mes de enero, junto a un sin\" \/>\n<meta property=\"og:url\" content=\"https:\/\/casadecampoliving.com\/es\/programa-de-musica-en-vivo-y-entretenimiento-durante-el-mes-de-enero-en-la-cana-2\/\" \/>\n<meta property=\"og:site_name\" content=\"Casa de Campo Living\" \/>\n<meta property=\"article:publisher\" content=\"https:\/\/www.facebook.com\/casadecampoliving\" \/>\n<meta property=\"article:published_time\" content=\"2015-01-07T04:00:00+00:00\" \/>\n<meta property=\"article:modified_time\" content=\"2022-10-21T22:53:28+00:00\" \/>\n<meta property=\"og:image\" content=\"https:\/\/i0.wp.com\/casadecampoliving.com\/wp-content\/uploads\/2022\/10\/La_Cana_by_Il_Circo_Casa_de_Campo-1.jpg?fit=650%2C366&ssl=1\" \/>\n\t<meta property=\"og:image:width\" content=\"650\" \/>\n\t<meta property=\"og:image:height\" content=\"366\" \/>\n\t<meta property=\"og:image:type\" content=\"image\/jpeg\" \/>\n<meta name=\"author\" content=\"Rebecca Hughes\" \/>\n<meta name=\"twitter:card\" content=\"summary_large_image\" \/>\n<meta name=\"twitter:creator\" content=\"@cdcliving\" \/>\n<meta name=\"twitter:site\" content=\"@cdcliving\" \/>\n<meta name=\"twitter:label1\" content=\"Escrito por\" \/>\n\t<meta name=\"twitter:data1\" content=\"Rebecca Hughes\" \/>\n\t<meta name=\"twitter:label2\" content=\"Tiempo de lectura\" \/>\n\t<meta name=\"twitter:data2\" content=\"2 minutos\" \/>\n<script type=\"application\/ld+json\" class=\"yoast-schema-graph\">{\"@context\":\"https:\\\/\\\/schema.org\",\"@graph\":[{\"@type\":\"Article\",\"@id\":\"https:\\\/\\\/casadecampoliving.com\\\/es\\\/programa-de-musica-en-vivo-y-entretenimiento-durante-el-mes-de-enero-en-la-cana-2\\\/#article\",\"isPartOf\":{\"@id\":\"https:\\\/\\\/casadecampoliving.com\\\/es\\\/programa-de-musica-en-vivo-y-entretenimiento-durante-el-mes-de-enero-en-la-cana-2\\\/\"},\"author\":{\"name\":\"Rebecca Hughes\",\"@id\":\"https:\\\/\\\/casadecampoliving.com\\\/es\\\/#\\\/schema\\\/person\\\/91d3085d9c6fe671ec9370a33bc98839\"},\"headline\":\"M\u00fasica en vivo en La Ca\u00f1a durante enero\",\"datePublished\":\"2015-01-07T04:00:00+00:00\",\"dateModified\":\"2022-10-21T22:53:28+00:00\",\"mainEntityOfPage\":{\"@id\":\"https:\\\/\\\/casadecampoliving.com\\\/es\\\/programa-de-musica-en-vivo-y-entretenimiento-durante-el-mes-de-enero-en-la-cana-2\\\/\"},\"wordCount\":429,\"publisher\":{\"@id\":\"https:\\\/\\\/casadecampoliving.com\\\/es\\\/#organization\"},\"image\":{\"@id\":\"https:\\\/\\\/casadecampoliving.com\\\/es\\\/programa-de-musica-en-vivo-y-entretenimiento-durante-el-mes-de-enero-en-la-cana-2\\\/#primaryimage\"},\"thumbnailUrl\":\"https:\\\/\\\/i0.wp.com\\\/casadecampoliving.com\\\/wp-content\\\/uploads\\\/2022\\\/10\\\/La_Cana_by_Il_Circo_Casa_de_Campo-1.jpg?fit=650%2C366&ssl=1\",\"keywords\":[\"baile\",\"entretenimiento\",\"la cana by il circo @es\",\"musica\",\"victor mitrov @es\",\"vida nocturna\"],\"articleSection\":[\"Comidas &amp; Bebidas\",\"Conciertos\",\"Destacados\",\"Eventos\",\"Noticias Locales\",\"Proximamente\",\"Resort Casa de Campo\",\"Restaurantes\",\"Vida Nocturna\"],\"inLanguage\":\"es\"},{\"@type\":\"WebPage\",\"@id\":\"https:\\\/\\\/casadecampoliving.com\\\/es\\\/programa-de-musica-en-vivo-y-entretenimiento-durante-el-mes-de-enero-en-la-cana-2\\\/\",\"url\":\"https:\\\/\\\/casadecampoliving.com\\\/es\\\/programa-de-musica-en-vivo-y-entretenimiento-durante-el-mes-de-enero-en-la-cana-2\\\/\",\"name\":\"M\u00fasica en vivo en La Ca\u00f1a durante enero | Casa de Campo Living\",\"isPartOf\":{\"@id\":\"https:\\\/\\\/casadecampoliving.com\\\/es\\\/#website\"},\"primaryImageOfPage\":{\"@id\":\"https:\\\/\\\/casadecampoliving.com\\\/es\\\/programa-de-musica-en-vivo-y-entretenimiento-durante-el-mes-de-enero-en-la-cana-2\\\/#primaryimage\"},\"image\":{\"@id\":\"https:\\\/\\\/casadecampoliving.com\\\/es\\\/programa-de-musica-en-vivo-y-entretenimiento-durante-el-mes-de-enero-en-la-cana-2\\\/#primaryimage\"},\"thumbnailUrl\":\"https:\\\/\\\/i0.wp.com\\\/casadecampoliving.com\\\/wp-content\\\/uploads\\\/2022\\\/10\\\/La_Cana_by_Il_Circo_Casa_de_Campo-1.jpg?fit=650%2C366&ssl=1\",\"datePublished\":\"2015-01-07T04:00:00+00:00\",\"dateModified\":\"2022-10-21T22:53:28+00:00\",\"description\":\"Puede que la Navidad haya terminado, \u00a1pero a\u00fan no es tiempo de retirarse sus zapatos de baile! Todas las noches, durante el mes de enero, junto a un sin\",\"breadcrumb\":{\"@id\":\"https:\\\/\\\/casadecampoliving.com\\\/es\\\/programa-de-musica-en-vivo-y-entretenimiento-durante-el-mes-de-enero-en-la-cana-2\\\/#breadcrumb\"},\"inLanguage\":\"es\",\"potentialAction\":[{\"@type\":\"ReadAction\",\"target\":[\"https:\\\/\\\/casadecampoliving.com\\\/es\\\/programa-de-musica-en-vivo-y-entretenimiento-durante-el-mes-de-enero-en-la-cana-2\\\/\"]}]},{\"@type\":\"ImageObject\",\"inLanguage\":\"es\",\"@id\":\"https:\\\/\\\/casadecampoliving.com\\\/es\\\/programa-de-musica-en-vivo-y-entretenimiento-durante-el-mes-de-enero-en-la-cana-2\\\/#primaryimage\",\"url\":\"https:\\\/\\\/i0.wp.com\\\/casadecampoliving.com\\\/wp-content\\\/uploads\\\/2022\\\/10\\\/La_Cana_by_Il_Circo_Casa_de_Campo-1.jpg?fit=650%2C366&ssl=1\",\"contentUrl\":\"https:\\\/\\\/i0.wp.com\\\/casadecampoliving.com\\\/wp-content\\\/uploads\\\/2022\\\/10\\\/La_Cana_by_Il_Circo_Casa_de_Campo-1.jpg?fit=650%2C366&ssl=1\",\"width\":650,\"height\":366,\"caption\":\"La Cana by Il Circo, Casa de Campo\"},{\"@type\":\"BreadcrumbList\",\"@id\":\"https:\\\/\\\/casadecampoliving.com\\\/es\\\/programa-de-musica-en-vivo-y-entretenimiento-durante-el-mes-de-enero-en-la-cana-2\\\/#breadcrumb\",\"itemListElement\":[{\"@type\":\"ListItem\",\"position\":1,\"name\":\"Home\",\"item\":\"https:\\\/\\\/casadecampoliving.com\\\/es\\\/\"},{\"@type\":\"ListItem\",\"position\":2,\"name\":\"M\u00fasica en vivo en La Ca\u00f1a durante enero\"}]},{\"@type\":\"WebSite\",\"@id\":\"https:\\\/\\\/casadecampoliving.com\\\/es\\\/#website\",\"url\":\"https:\\\/\\\/casadecampoliving.com\\\/es\\\/\",\"name\":\"Casa de Campo Living\",\"description\":\"Resort community news and resources.\",\"publisher\":{\"@id\":\"https:\\\/\\\/casadecampoliving.com\\\/es\\\/#organization\"},\"potentialAction\":[{\"@type\":\"SearchAction\",\"target\":{\"@type\":\"EntryPoint\",\"urlTemplate\":\"https:\\\/\\\/casadecampoliving.com\\\/es\\\/?s={search_term_string}\"},\"query-input\":{\"@type\":\"PropertyValueSpecification\",\"valueRequired\":true,\"valueName\":\"search_term_string\"}}],\"inLanguage\":\"es\"},{\"@type\":\"Organization\",\"@id\":\"https:\\\/\\\/casadecampoliving.com\\\/es\\\/#organization\",\"name\":\"Casa de Campo Living\",\"url\":\"https:\\\/\\\/casadecampoliving.com\\\/es\\\/\",\"logo\":{\"@type\":\"ImageObject\",\"inLanguage\":\"es\",\"@id\":\"https:\\\/\\\/casadecampoliving.com\\\/es\\\/#\\\/schema\\\/logo\\\/image\\\/\",\"url\":\"https:\\\/\\\/i0.wp.com\\\/casadecampoliving.com\\\/wp-content\\\/uploads\\\/2022\\\/07\\\/CDCLivingLogo_V1-white-sized.png?fit=800%2C214&ssl=1\",\"contentUrl\":\"https:\\\/\\\/i0.wp.com\\\/casadecampoliving.com\\\/wp-content\\\/uploads\\\/2022\\\/07\\\/CDCLivingLogo_V1-white-sized.png?fit=800%2C214&ssl=1\",\"width\":800,\"height\":214,\"caption\":\"Casa de Campo Living\"},\"image\":{\"@id\":\"https:\\\/\\\/casadecampoliving.com\\\/es\\\/#\\\/schema\\\/logo\\\/image\\\/\"},\"sameAs\":[\"https:\\\/\\\/www.facebook.com\\\/casadecampoliving\",\"https:\\\/\\\/x.com\\\/cdcliving\"]},{\"@type\":\"Person\",\"@id\":\"https:\\\/\\\/casadecampoliving.com\\\/es\\\/#\\\/schema\\\/person\\\/91d3085d9c6fe671ec9370a33bc98839\",\"name\":\"Rebecca Hughes\",\"image\":{\"@type\":\"ImageObject\",\"inLanguage\":\"es\",\"@id\":\"https:\\\/\\\/secure.gravatar.com\\\/avatar\\\/fa8193bc0c4cfd84f5082667d2539f9b4da960049480f4eed2244a6b96321e38?s=96&d=mm&r=g\",\"url\":\"https:\\\/\\\/secure.gravatar.com\\\/avatar\\\/fa8193bc0c4cfd84f5082667d2539f9b4da960049480f4eed2244a6b96321e38?s=96&d=mm&r=g\",\"contentUrl\":\"https:\\\/\\\/secure.gravatar.com\\\/avatar\\\/fa8193bc0c4cfd84f5082667d2539f9b4da960049480f4eed2244a6b96321e38?s=96&d=mm&r=g\",\"caption\":\"Rebecca Hughes\"},\"description\":\"I am wonderful.\",\"sameAs\":[\"http:\\\/\\\/www.facebook.com\\\/profile.php?id=752510581\"],\"url\":\"https:\\\/\\\/casadecampoliving.com\\\/es\\\/author\\\/Rebecca Hughes\\\/\"}]}<\/script>\n<!-- \/ Yoast SEO plugin. -->","yoast_head_json":{"title":"M\u00fasica en vivo en La Ca\u00f1a durante enero | Casa de Campo Living","description":"Puede que la Navidad haya terminado, \u00a1pero a\u00fan no es tiempo de retirarse sus zapatos de baile! Todas las noches, durante el mes de enero, junto a un sin","robots":{"index":"index","follow":"follow","max-snippet":"max-snippet:-1","max-image-preview":"max-image-preview:large","max-video-preview":"max-video-preview:-1"},"canonical":"https:\/\/casadecampoliving.com\/es\/programa-de-musica-en-vivo-y-entretenimiento-durante-el-mes-de-enero-en-la-cana-2\/","og_locale":"es_ES","og_type":"article","og_title":"M\u00fasica en vivo en La Ca\u00f1a durante enero | Casa de Campo Living","og_description":"Puede que la Navidad haya terminado, \u00a1pero a\u00fan no es tiempo de retirarse sus zapatos de baile! Todas las noches, durante el mes de enero, junto a un sin","og_url":"https:\/\/casadecampoliving.com\/es\/programa-de-musica-en-vivo-y-entretenimiento-durante-el-mes-de-enero-en-la-cana-2\/","og_site_name":"Casa de Campo Living","article_publisher":"https:\/\/www.facebook.com\/casadecampoliving","article_published_time":"2015-01-07T04:00:00+00:00","article_modified_time":"2022-10-21T22:53:28+00:00","og_image":[{"width":650,"height":366,"url":"https:\/\/i0.wp.com\/casadecampoliving.com\/wp-content\/uploads\/2022\/10\/La_Cana_by_Il_Circo_Casa_de_Campo-1.jpg?fit=650%2C366&ssl=1","type":"image\/jpeg"}],"author":"Rebecca Hughes","twitter_card":"summary_large_image","twitter_creator":"@cdcliving","twitter_site":"@cdcliving","twitter_misc":{"Escrito por":"Rebecca Hughes","Tiempo de lectura":"2 minutos"},"schema":{"@context":"https:\/\/schema.org","@graph":[{"@type":"Article","@id":"https:\/\/casadecampoliving.com\/es\/programa-de-musica-en-vivo-y-entretenimiento-durante-el-mes-de-enero-en-la-cana-2\/#article","isPartOf":{"@id":"https:\/\/casadecampoliving.com\/es\/programa-de-musica-en-vivo-y-entretenimiento-durante-el-mes-de-enero-en-la-cana-2\/"},"author":{"name":"Rebecca Hughes","@id":"https:\/\/casadecampoliving.com\/es\/#\/schema\/person\/91d3085d9c6fe671ec9370a33bc98839"},"headline":"M\u00fasica en vivo en La Ca\u00f1a durante enero","datePublished":"2015-01-07T04:00:00+00:00","dateModified":"2022-10-21T22:53:28+00:00","mainEntityOfPage":{"@id":"https:\/\/casadecampoliving.com\/es\/programa-de-musica-en-vivo-y-entretenimiento-durante-el-mes-de-enero-en-la-cana-2\/"},"wordCount":429,"publisher":{"@id":"https:\/\/casadecampoliving.com\/es\/#organization"},"image":{"@id":"https:\/\/casadecampoliving.com\/es\/programa-de-musica-en-vivo-y-entretenimiento-durante-el-mes-de-enero-en-la-cana-2\/#primaryimage"},"thumbnailUrl":"https:\/\/i0.wp.com\/casadecampoliving.com\/wp-content\/uploads\/2022\/10\/La_Cana_by_Il_Circo_Casa_de_Campo-1.jpg?fit=650%2C366&ssl=1","keywords":["baile","entretenimiento","la cana by il circo @es","musica","victor mitrov @es","vida nocturna"],"articleSection":["Comidas &amp; Bebidas","Conciertos","Destacados","Eventos","Noticias Locales","Proximamente","Resort Casa de Campo","Restaurantes","Vida Nocturna"],"inLanguage":"es"},{"@type":"WebPage","@id":"https:\/\/casadecampoliving.com\/es\/programa-de-musica-en-vivo-y-entretenimiento-durante-el-mes-de-enero-en-la-cana-2\/","url":"https:\/\/casadecampoliving.com\/es\/programa-de-musica-en-vivo-y-entretenimiento-durante-el-mes-de-enero-en-la-cana-2\/","name":"M\u00fasica en vivo en La Ca\u00f1a durante enero | Casa de Campo Living","isPartOf":{"@id":"https:\/\/casadecampoliving.com\/es\/#website"},"primaryImageOfPage":{"@id":"https:\/\/casadecampoliving.com\/es\/programa-de-musica-en-vivo-y-entretenimiento-durante-el-mes-de-enero-en-la-cana-2\/#primaryimage"},"image":{"@id":"https:\/\/casadecampoliving.com\/es\/programa-de-musica-en-vivo-y-entretenimiento-durante-el-mes-de-enero-en-la-cana-2\/#primaryimage"},"thumbnailUrl":"https:\/\/i0.wp.com\/casadecampoliving.com\/wp-content\/uploads\/2022\/10\/La_Cana_by_Il_Circo_Casa_de_Campo-1.jpg?fit=650%2C366&ssl=1","datePublished":"2015-01-07T04:00:00+00:00","dateModified":"2022-10-21T22:53:28+00:00","description":"Puede que la Navidad haya terminado, \u00a1pero a\u00fan no es tiempo de retirarse sus zapatos de baile! Todas las noches, durante el mes de enero, junto a un sin","breadcrumb":{"@id":"https:\/\/casadecampoliving.com\/es\/programa-de-musica-en-vivo-y-entretenimiento-durante-el-mes-de-enero-en-la-cana-2\/#breadcrumb"},"inLanguage":"es","potentialAction":[{"@type":"ReadAction","target":["https:\/\/casadecampoliving.com\/es\/programa-de-musica-en-vivo-y-entretenimiento-durante-el-mes-de-enero-en-la-cana-2\/"]}]},{"@type":"ImageObject","inLanguage":"es","@id":"https:\/\/casadecampoliving.com\/es\/programa-de-musica-en-vivo-y-entretenimiento-durante-el-mes-de-enero-en-la-cana-2\/#primaryimage","url":"https:\/\/i0.wp.com\/casadecampoliving.com\/wp-content\/uploads\/2022\/10\/La_Cana_by_Il_Circo_Casa_de_Campo-1.jpg?fit=650%2C366&ssl=1","contentUrl":"https:\/\/i0.wp.com\/casadecampoliving.com\/wp-content\/uploads\/2022\/10\/La_Cana_by_Il_Circo_Casa_de_Campo-1.jpg?fit=650%2C366&ssl=1","width":650,"height":366,"caption":"La Cana by Il Circo, Casa de Campo"},{"@type":"BreadcrumbList","@id":"https:\/\/casadecampoliving.com\/es\/programa-de-musica-en-vivo-y-entretenimiento-durante-el-mes-de-enero-en-la-cana-2\/#breadcrumb","itemListElement":[{"@type":"ListItem","position":1,"name":"Home","item":"https:\/\/casadecampoliving.com\/es\/"},{"@type":"ListItem","position":2,"name":"M\u00fasica en vivo en La Ca\u00f1a durante enero"}]},{"@type":"WebSite","@id":"https:\/\/casadecampoliving.com\/es\/#website","url":"https:\/\/casadecampoliving.com\/es\/","name":"Casa de Campo Living","description":"Resort community news and resources.","publisher":{"@id":"https:\/\/casadecampoliving.com\/es\/#organization"},"potentialAction":[{"@type":"SearchAction","target":{"@type":"EntryPoint","urlTemplate":"https:\/\/casadecampoliving.com\/es\/?s={search_term_string}"},"query-input":{"@type":"PropertyValueSpecification","valueRequired":true,"valueName":"search_term_string"}}],"inLanguage":"es"},{"@type":"Organization","@id":"https:\/\/casadecampoliving.com\/es\/#organization","name":"Casa de Campo Living","url":"https:\/\/casadecampoliving.com\/es\/","logo":{"@type":"ImageObject","inLanguage":"es","@id":"https:\/\/casadecampoliving.com\/es\/#\/schema\/logo\/image\/","url":"https:\/\/i0.wp.com\/casadecampoliving.com\/wp-content\/uploads\/2022\/07\/CDCLivingLogo_V1-white-sized.png?fit=800%2C214&ssl=1","contentUrl":"https:\/\/i0.wp.com\/casadecampoliving.com\/wp-content\/uploads\/2022\/07\/CDCLivingLogo_V1-white-sized.png?fit=800%2C214&ssl=1","width":800,"height":214,"caption":"Casa de Campo Living"},"image":{"@id":"https:\/\/casadecampoliving.com\/es\/#\/schema\/logo\/image\/"},"sameAs":["https:\/\/www.facebook.com\/casadecampoliving","https:\/\/x.com\/cdcliving"]},{"@type":"Person","@id":"https:\/\/casadecampoliving.com\/es\/#\/schema\/person\/91d3085d9c6fe671ec9370a33bc98839","name":"Rebecca Hughes","image":{"@type":"ImageObject","inLanguage":"es","@id":"https:\/\/secure.gravatar.com\/avatar\/fa8193bc0c4cfd84f5082667d2539f9b4da960049480f4eed2244a6b96321e38?s=96&d=mm&r=g","url":"https:\/\/secure.gravatar.com\/avatar\/fa8193bc0c4cfd84f5082667d2539f9b4da960049480f4eed2244a6b96321e38?s=96&d=mm&r=g","contentUrl":"https:\/\/secure.gravatar.com\/avatar\/fa8193bc0c4cfd84f5082667d2539f9b4da960049480f4eed2244a6b96321e38?s=96&d=mm&r=g","caption":"Rebecca Hughes"},"description":"I am wonderful.","sameAs":["http:\/\/www.facebook.com\/profile.php?id=752510581"],"url":"https:\/\/casadecampoliving.com\/es\/author\/Rebecca Hughes\/"}]}},"parsely":{"version":"1.1.0","canonical_url":"https:\/\/casadecampoliving.com\/es\/programa-de-musica-en-vivo-y-entretenimiento-durante-el-mes-de-enero-en-la-cana-2\/","smart_links":{"inbound":0,"outbound":0},"traffic_boost_suggestions_count":0,"meta":{"@context":"https:\/\/schema.org","@type":"NewsArticle","headline":"M\u00fasica en vivo en La Ca\u00f1a durante enero","url":"http:\/\/casadecampoliving.com\/es\/programa-de-musica-en-vivo-y-entretenimiento-durante-el-mes-de-enero-en-la-cana-2\/","mainEntityOfPage":{"@type":"WebPage","@id":"http:\/\/casadecampoliving.com\/es\/programa-de-musica-en-vivo-y-entretenimiento-durante-el-mes-de-enero-en-la-cana-2\/"},"thumbnailUrl":"https:\/\/i0.wp.com\/casadecampoliving.com\/wp-content\/uploads\/2022\/10\/La_Cana_by_Il_Circo_Casa_de_Campo-1.jpg?resize=150%2C150&ssl=1","image":{"@type":"ImageObject","url":"https:\/\/i0.wp.com\/casadecampoliving.com\/wp-content\/uploads\/2022\/10\/La_Cana_by_Il_Circo_Casa_de_Campo-1.jpg?fit=650%2C366&ssl=1"},"articleSection":"Comidas &amp; Bebidas","author":[{"@type":"Person","name":"Rebecca Hughes"}],"creator":["Rebecca Hughes"],"publisher":{"@type":"Organization","name":"Casa de Campo Living","logo":"https:\/\/casadecampoliving.com\/wp-content\/uploads\/2022\/07\/CDCLivingLogo_V1-white-sized.png"},"keywords":["baile","entretenimiento","la cana by il circo @es","musica","victor mitrov @es","vida nocturna"],"dateCreated":"2015-01-07T04:00:00Z","datePublished":"2015-01-07T04:00:00Z","dateModified":"2022-10-21T22:53:28Z"},"rendered":"<script type=\"application\/ld+json\" class=\"wp-parsely-metadata\">{\"@context\":\"https:\\\/\\\/schema.org\",\"@type\":\"NewsArticle\",\"headline\":\"M\\u00fasica en vivo en La Ca\\u00f1a durante enero\",\"url\":\"http:\\\/\\\/casadecampoliving.com\\\/es\\\/programa-de-musica-en-vivo-y-entretenimiento-durante-el-mes-de-enero-en-la-cana-2\\\/\",\"mainEntityOfPage\":{\"@type\":\"WebPage\",\"@id\":\"http:\\\/\\\/casadecampoliving.com\\\/es\\\/programa-de-musica-en-vivo-y-entretenimiento-durante-el-mes-de-enero-en-la-cana-2\\\/\"},\"thumbnailUrl\":\"https:\\\/\\\/i0.wp.com\\\/casadecampoliving.com\\\/wp-content\\\/uploads\\\/2022\\\/10\\\/La_Cana_by_Il_Circo_Casa_de_Campo-1.jpg?resize=150%2C150&ssl=1\",\"image\":{\"@type\":\"ImageObject\",\"url\":\"https:\\\/\\\/i0.wp.com\\\/casadecampoliving.com\\\/wp-content\\\/uploads\\\/2022\\\/10\\\/La_Cana_by_Il_Circo_Casa_de_Campo-1.jpg?fit=650%2C366&ssl=1\"},\"articleSection\":\"Comidas &amp; Bebidas\",\"author\":[{\"@type\":\"Person\",\"name\":\"Rebecca Hughes\"}],\"creator\":[\"Rebecca Hughes\"],\"publisher\":{\"@type\":\"Organization\",\"name\":\"Casa de Campo Living\",\"logo\":\"https:\\\/\\\/casadecampoliving.com\\\/wp-content\\\/uploads\\\/2022\\\/07\\\/CDCLivingLogo_V1-white-sized.png\"},\"keywords\":[\"baile\",\"entretenimiento\",\"la cana by il circo @es\",\"musica\",\"victor mitrov @es\",\"vida nocturna\"],\"dateCreated\":\"2015-01-07T04:00:00Z\",\"datePublished\":\"2015-01-07T04:00:00Z\",\"dateModified\":\"2022-10-21T22:53:28Z\"}<\/script>","tracker_url":"https:\/\/cdn.parsely.com\/keys\/casadecampoliving.com\/p.js"},"jetpack_publicize_connections":[],"jetpack_featured_media_url":"https:\/\/i0.wp.com\/casadecampoliving.com\/wp-content\/uploads\/2022\/10\/La_Cana_by_Il_Circo_Casa_de_Campo-1.jpg?fit=650%2C366&ssl=1","jetpack-related-posts":[{"id":340461,"url":"https:\/\/casadecampoliving.com\/es\/programa-de-musica-en-vivo-y-entretenimiento-durante-el-mes-de-enero-en-la-cana\/","url_meta":{"origin":346457,"position":0},"title":"\u00a1Programa de m\u00fasica en vivo y entretenimiento durante el mes de enero en La Ca\u00f1a!","author":"","date":"10 Ene, 2013","format":false,"excerpt":"Puede que la Navidad haya terminado, pero a\u00fan no es tiempo de retirarse sus zapatos de baile! Cada viernes y s\u00e1bado en la noche, durante el mes de enero, junto a un sin n\u00famero de eventos, Casa de Campo les invita a disfrutar de un programa de bailes y m\u00fasica\u2026","rel":"","context":"En \u00abArte y cultura\u00bb","block_context":{"text":"Arte y cultura","link":"https:\/\/casadecampoliving.com\/category\/arte-y-cultura\/"},"img":{"alt_text":"baile latino","src":"https:\/\/i0.wp.com\/casadecampoliving.com\/wp-content\/uploads\/2022\/10\/baile_latino-1.jpg?fit=650%2C332&ssl=1&resize=350%2C200","width":350,"height":200,"srcset":"https:\/\/i0.wp.com\/casadecampoliving.com\/wp-content\/uploads\/2022\/10\/baile_latino-1.jpg?fit=650%2C332&ssl=1&resize=350%2C200 1x, https:\/\/i0.wp.com\/casadecampoliving.com\/wp-content\/uploads\/2022\/10\/baile_latino-1.jpg?fit=650%2C332&ssl=1&resize=525%2C300 1.5x"},"classes":[]},{"id":342692,"url":"https:\/\/casadecampoliving.com\/es\/un-agosto-lleno-de-musica-en-vivo-en-la-cana-by-il-circo\/","url_meta":{"origin":346457,"position":1},"title":"Un agosto lleno de m\u00fasica en vivo en La Ca\u00f1a by Il Circo","author":"Eliana Alba","date":"17 Ago, 2013","format":false,"excerpt":"La Ca\u00f1a by Il Circo tiene excelente entretenimiento planeado para las noches de los fines de semana de este mes. Con una variedad que va desde m\u00fasica latina con bailarines profesionales hasta un trompetista profesional directemente desde la Sinf\u00f3nica Nacional Dominicana La Ca\u00f1a parece la antesala perfecta para una noche\u2026","rel":"","context":"En \u00abArte y cultura\u00bb","block_context":{"text":"Arte y cultura","link":"https:\/\/casadecampoliving.com\/category\/arte-y-cultura\/"},"img":{"alt_text":"Victor Mitrov ca\u00f1a bar","src":"https:\/\/i0.wp.com\/casadecampoliving.com\/wp-content\/uploads\/2022\/10\/Victor_Mitrov_la_cana-1.jpg?fit=955%2C493&ssl=1&resize=350%2C200","width":350,"height":200,"srcset":"https:\/\/i0.wp.com\/casadecampoliving.com\/wp-content\/uploads\/2022\/10\/Victor_Mitrov_la_cana-1.jpg?fit=955%2C493&ssl=1&resize=350%2C200 1x, https:\/\/i0.wp.com\/casadecampoliving.com\/wp-content\/uploads\/2022\/10\/Victor_Mitrov_la_cana-1.jpg?fit=955%2C493&ssl=1&resize=525%2C300 1.5x, https:\/\/i0.wp.com\/casadecampoliving.com\/wp-content\/uploads\/2022\/10\/Victor_Mitrov_la_cana-1.jpg?fit=955%2C493&ssl=1&resize=700%2C400 2x"},"classes":[]},{"id":345436,"url":"https:\/\/casadecampoliving.com\/es\/musica-en-vivo-en-la-cana-il-circo-para-octubre\/","url_meta":{"origin":346457,"position":2},"title":"\u00a1M\u00fasica en vivo en La Ca\u00f1a by Il Circo para Octubre!","author":"Perkin Agramonte","date":"27 Sep, 2014","format":false,"excerpt":"Hoy marca el inicio del mes de Octubre y aqu\u00ed le traemos la primera buena noticia para el mes, el programa de m\u00fasica en vivo en La Ca\u00f1a by Il Circo en el Hotel Casa de Campo contin\u00faa! Tenemos un animado programa de m\u00fasica latina en vivo y bailarines profesionales\u2026","rel":"","context":"En \u00abCasa de Campo Living @es\u00bb","block_context":{"text":"Casa de Campo Living @es","link":"https:\/\/casadecampoliving.com\/category\/casa-de-campo-living-es\/"},"img":{"alt_text":"programa restaurante la cana","src":"https:\/\/i0.wp.com\/casadecampoliving.com\/wp-content\/uploads\/2022\/10\/mairobi1-1.jpg?fit=650%2C414&ssl=1&resize=350%2C200","width":350,"height":200,"srcset":"https:\/\/i0.wp.com\/casadecampoliving.com\/wp-content\/uploads\/2022\/10\/mairobi1-1.jpg?fit=650%2C414&ssl=1&resize=350%2C200 1x, https:\/\/i0.wp.com\/casadecampoliving.com\/wp-content\/uploads\/2022\/10\/mairobi1-1.jpg?fit=650%2C414&ssl=1&resize=525%2C300 1.5x"},"classes":[]},{"id":343600,"url":"https:\/\/casadecampoliving.com\/es\/musica-en-vivo-en-la-cana-il-circo-para-enero\/","url_meta":{"origin":346457,"position":3},"title":"\u00a1M\u00fasica en Vivo en La Ca\u00f1a by Il Circo para Enero!","author":"Perkin Agramonte","date":"1 Ene, 2014","format":false,"excerpt":"A lo largo del mes de enero los fines de semanas\u00a0estar\u00e1n llenos de un entretenimiento asombroso. La Ca\u00f1a por Il Circo estar\u00e1 organizando muchas noches con m\u00fasica latina en vivo y bailarines profesionales. Perfecto para una cena, coctel o bailar! Lo siguiente es un horario completo de la m\u00fasica en\u2026","rel":"","context":"En \u00abComidas &amp; Bebidas\u00bb","block_context":{"text":"Comidas &amp; Bebidas","link":"https:\/\/casadecampoliving.com\/es\/category\/comidas-bebidas\/"},"img":{"alt_text":"Trio de Guitarras & Bandoneon","src":"https:\/\/i0.wp.com\/casadecampoliving.com\/wp-content\/uploads\/2022\/10\/Trio-de-Guitarras-Bandoneon1-1.jpg?fit=650%2C308&ssl=1&resize=350%2C200","width":350,"height":200,"srcset":"https:\/\/i0.wp.com\/casadecampoliving.com\/wp-content\/uploads\/2022\/10\/Trio-de-Guitarras-Bandoneon1-1.jpg?fit=650%2C308&ssl=1&resize=350%2C200 1x, https:\/\/i0.wp.com\/casadecampoliving.com\/wp-content\/uploads\/2022\/10\/Trio-de-Guitarras-Bandoneon1-1.jpg?fit=650%2C308&ssl=1&resize=525%2C300 1.5x"},"classes":[]},{"id":346685,"url":"https:\/\/casadecampoliving.com\/es\/musica-en-vivo-en-la-cana-durante-enero\/","url_meta":{"origin":346457,"position":4},"title":"M\u00fasica en vivo en La Ca\u00f1a durante febrero","author":"Perkin Agramonte","date":"8 Feb, 2015","format":false,"excerpt":"Tenemos un nuevo mes todas las noches, durante el mes de febrero, junto a un sin n\u00famero de eventos, Casa de Campo les invita a disfrutar de un programa de bailes y m\u00fasica en vivo en La Ca\u00f1a Restaurant & Lounge by Il Circo.\u00a0 Incluido en el programa est\u00e1n algunos\u2026","rel":"","context":"En \u00abCasa de Campo Living @es\u00bb","block_context":{"text":"Casa de Campo Living @es","link":"https:\/\/casadecampoliving.com\/category\/casa-de-campo-living-es\/"},"img":{"alt_text":"La Cana by Il Circo, Casa de Campo","src":"https:\/\/i0.wp.com\/casadecampoliving.com\/wp-content\/uploads\/2022\/10\/La_Cana_by_Il_Circo_Casa_de_Campo-1.jpg?fit=650%2C366&ssl=1&resize=350%2C200","width":350,"height":200,"srcset":"https:\/\/i0.wp.com\/casadecampoliving.com\/wp-content\/uploads\/2022\/10\/La_Cana_by_Il_Circo_Casa_de_Campo-1.jpg?fit=650%2C366&ssl=1&resize=350%2C200 1x, https:\/\/i0.wp.com\/casadecampoliving.com\/wp-content\/uploads\/2022\/10\/La_Cana_by_Il_Circo_Casa_de_Campo-1.jpg?fit=650%2C366&ssl=1&resize=525%2C300 1.5x"},"classes":[]},{"id":346507,"url":"https:\/\/casadecampoliving.com\/es\/continua-el-bar-de-caviar-champana-de-casa-de-campo\/","url_meta":{"origin":346457,"position":5},"title":"Continua el Bar de Caviar &#038; Champa\u00f1a de Casa de Campo","author":"Esther Dariet Cazanova","date":"12 Ene, 2015","format":false,"excerpt":"El sal\u00f3n de lujo y las exquisitas delicadezas contin\u00faan\u2026 El\u00a0\u201cRAW BAR\u201d de\u00a0La Ca\u00f1a by Il Circo abrir\u00e1 todos los viernes y s\u00e1bados en la noche de enero desde 6pm hasta las\u00a01am. Con un sal\u00f3n de lujo especial para los clientes del RAW BAR, Casa de Campo te invita a relajarte\u2026","rel":"","context":"En \u00abComidas &amp; Bebidas\u00bb","block_context":{"text":"Comidas &amp; Bebidas","link":"https:\/\/casadecampoliving.com\/es\/category\/comidas-bebidas\/"},"img":{"alt_text":"","src":"https:\/\/i0.wp.com\/casadecampoliving.com\/wp-content\/uploads\/2022\/10\/moet_ice_champagne-1.jpg?fit=650%2C643&ssl=1&resize=350%2C200","width":350,"height":200,"srcset":"https:\/\/i0.wp.com\/casadecampoliving.com\/wp-content\/uploads\/2022\/10\/moet_ice_champagne-1.jpg?fit=650%2C643&ssl=1&resize=350%2C200 1x, https:\/\/i0.wp.com\/casadecampoliving.com\/wp-content\/uploads\/2022\/10\/moet_ice_champagne-1.jpg?fit=650%2C643&ssl=1&resize=525%2C300 1.5x"},"classes":[]}],"jetpack_sharing_enabled":true,"_links":{"self":[{"href":"https:\/\/casadecampoliving.com\/es\/wp-json\/wp\/v2\/posts\/346457","targetHints":{"allow":["GET"]}}],"collection":[{"href":"https:\/\/casadecampoliving.com\/es\/wp-json\/wp\/v2\/posts"}],"about":[{"href":"https:\/\/casadecampoliving.com\/es\/wp-json\/wp\/v2\/types\/post"}],"author":[{"embeddable":true,"href":"https:\/\/casadecampoliving.com\/es\/wp-json\/wp\/v2\/users\/14"}],"replies":[{"embeddable":true,"href":"https:\/\/casadecampoliving.com\/es\/wp-json\/wp\/v2\/comments?post=346457"}],"version-history":[{"count":1,"href":"https:\/\/casadecampoliving.com\/es\/wp-json\/wp\/v2\/posts\/346457\/revisions"}],"predecessor-version":[{"id":346458,"href":"https:\/\/casadecampoliving.com\/es\/wp-json\/wp\/v2\/posts\/346457\/revisions\/346458"}],"wp:featuredmedia":[{"embeddable":true,"href":"https:\/\/casadecampoliving.com\/es\/wp-json\/wp\/v2\/media\/276880"}],"wp:attachment":[{"href":"https:\/\/casadecampoliving.com\/es\/wp-json\/wp\/v2\/media?parent=346457"}],"wp:term":[{"taxonomy":"category","embeddable":true,"href":"https:\/\/casadecampoliving.com\/es\/wp-json\/wp\/v2\/categories?post=346457"},{"taxonomy":"post_tag","embeddable":true,"href":"https:\/\/casadecampoliving.com\/es\/wp-json\/wp\/v2\/tags?post=346457"},{"taxonomy":"newspack_spnsrs_tax","embeddable":true,"href":"https:\/\/casadecampoliving.com\/es\/wp-json\/wp\/v2\/newspack_spnsrs_tax?post=346457"}],"curies":[{"name":"wp","href":"https:\/\/api.w.org\/{rel}","templated":true}]}}