{"id":346443,"date":"2015-01-05T00:00:00","date_gmt":"2015-01-05T04:00:00","guid":{"rendered":"https:\/\/casadecampoliving.com\/carretera-miches-ahora-abierta\/"},"modified":"2022-10-21T18:52:50","modified_gmt":"2022-10-21T22:52:50","slug":"carretera-miches-ahora-abierta","status":"publish","type":"post","link":"https:\/\/casadecampoliving.com\/es\/carretera-miches-ahora-abierta\/","title":{"rendered":"Carretera a Miches ahora abierta"},"content":{"rendered":"<div class=\"wp-block-image\">\n<figure class=\"aligncenter is-resized\"><img loading=\"lazy\" decoding=\"async\" src=\"https:\/\/i0.wp.com\/casadecampoliving.com\/wp-content\/uploads\/2022\/10\/carretera-bavaro-miches-sabana-de-la-mar.jpg?resize=650%2C402&amp;ssl=1\" alt=\"carretera Bavaro Miches Sabana de la Mar\" class=\"wp-image-105543\" height=\"402\" width=\"650\"\/><\/figure>\n<\/div>\n\n\n<p>La carretera B\u00e1varo \u2013 Uvero Alto \u2013 Miches se inaugurar\u00e1 oficialmente m\u00e1s tarde este mes, sin embargo, ya est\u00e1 abierta, \u00a1ofreciendo f\u00e1cil acceso a otro hermoso destino para nosotros visitar desde Casa de Campo!<\/p>\n\n\n\n<p>Esta nueva carretera conecta B\u00e1varo a Uvero Alto y Miches y eventualmente se conectar\u00e1 hasta Sabana de la Mar. El tramo abierto actualmente es de 72 kilometros y ofrece a los visitantes de B\u00e1varo, Punta Cana y de hecho La Romana y Casa de Campo, un f\u00e1cil acceso a esta hermosa \u00e1rea costera al norte de Casa de Campo, que antes s\u00f3lo era accesible a trav\u00e9s de Higuey y peque\u00f1as carreteras a trav\u00e9s de las monta\u00f1as de la Cordillera Oriental. Algunos de los hermosos destinos ahora al alcance de Casa de Campo incluyen la Playa Macao, un lugar popular para el surf; Laguna Redonda y Monta\u00f1a Redonda \u2013 una zona preciosa y antes muy remota; y el pintoresco pueblo costero de Miches. Esperamos algunas aventuras en este nuevo camino, \u00a1y pronto le traeremos todo lo que necesita saber sobre ad\u00f3nde ir y qu\u00e9 hacer!<\/p>\n\n\n\n<!--more-->\n\n\n<div class=\"wp-block-image\">\n<figure class=\"aligncenter is-resized\"><img loading=\"lazy\" decoding=\"async\" src=\"https:\/\/i0.wp.com\/casadecampoliving.com\/wp-content\/uploads\/2022\/10\/photo-1.jpg?resize=650%2C488&amp;ssl=1\" alt=\"Monta\u00f1a Redonda Dominican Republic\" class=\"wp-image-92099\" height=\"488\" width=\"650\"\/><\/figure>\n<\/div>\n\n\n<p class=\"has-text-align-center\"><strong>&nbsp;Una incre\u00edble vista desde la Monta\u00f1a Redonda en la Cordillera Oriental<\/strong><\/p>\n","protected":false},"excerpt":{"rendered":"<p>La carretera B\u00e1varo \u2013 Uvero Alto \u2013 Miches se inaugurar\u00e1 oficialmente m\u00e1s tarde este mes, sin embargo, ya est\u00e1 abierta, \u00a1ofreciendo f\u00e1cil acceso a otro hermoso destino para nosotros visitar desde Casa de Campo! Esta nueva carretera conecta B\u00e1varo a Uvero Alto y Miches y eventualmente se conectar\u00e1 hasta Sabana de la Mar. El tramo [&hellip;]<\/p>\n","protected":false},"author":14,"featured_media":299780,"comment_status":"closed","ping_status":"closed","sticky":false,"template":"","format":"standard","meta":{"newspack_ads_suppress_ads":false,"newspack_popups_has_disabled_popups":false,"newspack_sponsor_sponsorship_scope":"","newspack_sponsor_native_byline_display":"inherit","newspack_sponsor_native_category_display":"inherit","newspack_sponsor_underwriter_style":"inherit","newspack_sponsor_underwriter_placement":"inherit","_newspack_byline_active":false,"_newspack_byline":"","newspack_hide_updated_date":false,"newspack_show_updated_date":false,"newspack_content_restriction_is_exempt":false,"newspack_featured_image_position":"","newspack_post_subtitle":"","newspack_article_summary_title":"Overview:","newspack_article_summary":"","_jetpack_memberships_contains_paid_content":false,"footnotes":"","jetpack_publicize_message":"","jetpack_publicize_feature_enabled":true,"jetpack_social_post_already_shared":false,"jetpack_social_options":{"image_generator_settings":{"template":"highway","default_image_id":0,"font":"","enabled":false},"version":2},"_wpas_customize_per_network":false},"categories":[14631,2506,14625,2521],"tags":[6019,11742,8015,8670],"newspack_spnsrs_tax":[],"class_list":["post-346443","post","type-post","status-publish","format-standard","has-post-thumbnail","hentry","category-estilo-de-vida","category-mas-alla-de-casa-es","category-noticias-locales","category-republica-dominicana-2","tag-bavaro-es","tag-carretera","tag-danilo-medina-es","tag-turismo","entry"],"yoast_head":"<!-- This site is optimized with the Yoast SEO plugin v27.4 - https:\/\/yoast.com\/product\/yoast-seo-wordpress\/ -->\n<title>Carretera a Miches ahora abierta | Casa de Campo Living<\/title>\n<meta name=\"description\" content=\"La carretera B\u00e1varo \u2013 Uvero Alto \u2013 Miches se inaugurar\u00e1 oficialmente m\u00e1s tarde este mes, sin embargo, ya est\u00e1 abierta, \u00a1ofreciendo f\u00e1cil acceso a otro\" \/>\n<meta name=\"robots\" content=\"index, follow, max-snippet:-1, max-image-preview:large, max-video-preview:-1\" \/>\n<link rel=\"canonical\" href=\"https:\/\/casadecampoliving.com\/es\/carretera-miches-ahora-abierta\/\" \/>\n<meta property=\"og:locale\" content=\"es_ES\" \/>\n<meta property=\"og:type\" content=\"article\" \/>\n<meta property=\"og:title\" content=\"Carretera a Miches ahora abierta | Casa de Campo Living\" \/>\n<meta property=\"og:description\" content=\"La carretera B\u00e1varo \u2013 Uvero Alto \u2013 Miches se inaugurar\u00e1 oficialmente m\u00e1s tarde este mes, sin embargo, ya est\u00e1 abierta, \u00a1ofreciendo f\u00e1cil acceso a otro\" \/>\n<meta property=\"og:url\" content=\"https:\/\/casadecampoliving.com\/es\/carretera-miches-ahora-abierta\/\" \/>\n<meta property=\"og:site_name\" content=\"Casa de Campo Living\" \/>\n<meta property=\"article:publisher\" content=\"https:\/\/www.facebook.com\/casadecampoliving\" \/>\n<meta property=\"article:published_time\" content=\"2015-01-05T04:00:00+00:00\" \/>\n<meta property=\"article:modified_time\" content=\"2022-10-21T22:52:50+00:00\" \/>\n<meta property=\"og:image\" content=\"https:\/\/i0.wp.com\/casadecampoliving.com\/wp-content\/uploads\/2022\/10\/carretera-bavaro-miches-sabana-de-la-mar-1.jpg?fit=650%2C402&ssl=1\" \/>\n\t<meta property=\"og:image:width\" content=\"650\" \/>\n\t<meta property=\"og:image:height\" content=\"402\" \/>\n\t<meta property=\"og:image:type\" content=\"image\/jpeg\" \/>\n<meta name=\"author\" content=\"Rebecca Hughes\" \/>\n<meta name=\"twitter:card\" content=\"summary_large_image\" \/>\n<meta name=\"twitter:creator\" content=\"@cdcliving\" \/>\n<meta name=\"twitter:site\" content=\"@cdcliving\" \/>\n<meta name=\"twitter:label1\" content=\"Escrito por\" \/>\n\t<meta name=\"twitter:data1\" content=\"Rebecca Hughes\" \/>\n\t<meta name=\"twitter:label2\" content=\"Tiempo de lectura\" \/>\n\t<meta name=\"twitter:data2\" content=\"1 minuto\" \/>\n<script type=\"application\/ld+json\" class=\"yoast-schema-graph\">{\"@context\":\"https:\\\/\\\/schema.org\",\"@graph\":[{\"@type\":\"Article\",\"@id\":\"https:\\\/\\\/casadecampoliving.com\\\/es\\\/carretera-miches-ahora-abierta\\\/#article\",\"isPartOf\":{\"@id\":\"https:\\\/\\\/casadecampoliving.com\\\/es\\\/carretera-miches-ahora-abierta\\\/\"},\"author\":{\"name\":\"Rebecca Hughes\",\"@id\":\"https:\\\/\\\/casadecampoliving.com\\\/es\\\/#\\\/schema\\\/person\\\/91d3085d9c6fe671ec9370a33bc98839\"},\"headline\":\"Carretera a Miches ahora abierta\",\"datePublished\":\"2015-01-05T04:00:00+00:00\",\"dateModified\":\"2022-10-21T22:52:50+00:00\",\"mainEntityOfPage\":{\"@id\":\"https:\\\/\\\/casadecampoliving.com\\\/es\\\/carretera-miches-ahora-abierta\\\/\"},\"wordCount\":206,\"publisher\":{\"@id\":\"https:\\\/\\\/casadecampoliving.com\\\/es\\\/#organization\"},\"image\":{\"@id\":\"https:\\\/\\\/casadecampoliving.com\\\/es\\\/carretera-miches-ahora-abierta\\\/#primaryimage\"},\"thumbnailUrl\":\"https:\\\/\\\/i0.wp.com\\\/casadecampoliving.com\\\/wp-content\\\/uploads\\\/2022\\\/10\\\/carretera-bavaro-miches-sabana-de-la-mar-1.jpg?fit=650%2C402&ssl=1\",\"keywords\":[\"bavaro @es\",\"carretera\",\"danilo medina @es\",\"turismo\"],\"articleSection\":[\"Estilo de Vida\",\"M\u00e1s all\u00e1 de Casa\",\"Noticias Locales\",\"Rep\u00fablica Dominicana @es\"],\"inLanguage\":\"es\"},{\"@type\":\"WebPage\",\"@id\":\"https:\\\/\\\/casadecampoliving.com\\\/es\\\/carretera-miches-ahora-abierta\\\/\",\"url\":\"https:\\\/\\\/casadecampoliving.com\\\/es\\\/carretera-miches-ahora-abierta\\\/\",\"name\":\"Carretera a Miches ahora abierta | Casa de Campo Living\",\"isPartOf\":{\"@id\":\"https:\\\/\\\/casadecampoliving.com\\\/es\\\/#website\"},\"primaryImageOfPage\":{\"@id\":\"https:\\\/\\\/casadecampoliving.com\\\/es\\\/carretera-miches-ahora-abierta\\\/#primaryimage\"},\"image\":{\"@id\":\"https:\\\/\\\/casadecampoliving.com\\\/es\\\/carretera-miches-ahora-abierta\\\/#primaryimage\"},\"thumbnailUrl\":\"https:\\\/\\\/i0.wp.com\\\/casadecampoliving.com\\\/wp-content\\\/uploads\\\/2022\\\/10\\\/carretera-bavaro-miches-sabana-de-la-mar-1.jpg?fit=650%2C402&ssl=1\",\"datePublished\":\"2015-01-05T04:00:00+00:00\",\"dateModified\":\"2022-10-21T22:52:50+00:00\",\"description\":\"La carretera B\u00e1varo \u2013 Uvero Alto \u2013 Miches se inaugurar\u00e1 oficialmente m\u00e1s tarde este mes, sin embargo, ya est\u00e1 abierta, \u00a1ofreciendo f\u00e1cil acceso a otro\",\"breadcrumb\":{\"@id\":\"https:\\\/\\\/casadecampoliving.com\\\/es\\\/carretera-miches-ahora-abierta\\\/#breadcrumb\"},\"inLanguage\":\"es\",\"potentialAction\":[{\"@type\":\"ReadAction\",\"target\":[\"https:\\\/\\\/casadecampoliving.com\\\/es\\\/carretera-miches-ahora-abierta\\\/\"]}]},{\"@type\":\"ImageObject\",\"inLanguage\":\"es\",\"@id\":\"https:\\\/\\\/casadecampoliving.com\\\/es\\\/carretera-miches-ahora-abierta\\\/#primaryimage\",\"url\":\"https:\\\/\\\/i0.wp.com\\\/casadecampoliving.com\\\/wp-content\\\/uploads\\\/2022\\\/10\\\/carretera-bavaro-miches-sabana-de-la-mar-1.jpg?fit=650%2C402&ssl=1\",\"contentUrl\":\"https:\\\/\\\/i0.wp.com\\\/casadecampoliving.com\\\/wp-content\\\/uploads\\\/2022\\\/10\\\/carretera-bavaro-miches-sabana-de-la-mar-1.jpg?fit=650%2C402&ssl=1\",\"width\":650,\"height\":402,\"caption\":\"carretera Bavaro Miches Sabana de la Mar\"},{\"@type\":\"BreadcrumbList\",\"@id\":\"https:\\\/\\\/casadecampoliving.com\\\/es\\\/carretera-miches-ahora-abierta\\\/#breadcrumb\",\"itemListElement\":[{\"@type\":\"ListItem\",\"position\":1,\"name\":\"Home\",\"item\":\"https:\\\/\\\/casadecampoliving.com\\\/es\\\/\"},{\"@type\":\"ListItem\",\"position\":2,\"name\":\"Carretera a Miches ahora abierta\"}]},{\"@type\":\"WebSite\",\"@id\":\"https:\\\/\\\/casadecampoliving.com\\\/es\\\/#website\",\"url\":\"https:\\\/\\\/casadecampoliving.com\\\/es\\\/\",\"name\":\"Casa de Campo Living\",\"description\":\"Resort community news and resources.\",\"publisher\":{\"@id\":\"https:\\\/\\\/casadecampoliving.com\\\/es\\\/#organization\"},\"potentialAction\":[{\"@type\":\"SearchAction\",\"target\":{\"@type\":\"EntryPoint\",\"urlTemplate\":\"https:\\\/\\\/casadecampoliving.com\\\/es\\\/?s={search_term_string}\"},\"query-input\":{\"@type\":\"PropertyValueSpecification\",\"valueRequired\":true,\"valueName\":\"search_term_string\"}}],\"inLanguage\":\"es\"},{\"@type\":\"Organization\",\"@id\":\"https:\\\/\\\/casadecampoliving.com\\\/es\\\/#organization\",\"name\":\"Casa de Campo Living\",\"url\":\"https:\\\/\\\/casadecampoliving.com\\\/es\\\/\",\"logo\":{\"@type\":\"ImageObject\",\"inLanguage\":\"es\",\"@id\":\"https:\\\/\\\/casadecampoliving.com\\\/es\\\/#\\\/schema\\\/logo\\\/image\\\/\",\"url\":\"https:\\\/\\\/i0.wp.com\\\/casadecampoliving.com\\\/wp-content\\\/uploads\\\/2022\\\/07\\\/CDCLivingLogo_V1-white-sized.png?fit=800%2C214&ssl=1\",\"contentUrl\":\"https:\\\/\\\/i0.wp.com\\\/casadecampoliving.com\\\/wp-content\\\/uploads\\\/2022\\\/07\\\/CDCLivingLogo_V1-white-sized.png?fit=800%2C214&ssl=1\",\"width\":800,\"height\":214,\"caption\":\"Casa de Campo Living\"},\"image\":{\"@id\":\"https:\\\/\\\/casadecampoliving.com\\\/es\\\/#\\\/schema\\\/logo\\\/image\\\/\"},\"sameAs\":[\"https:\\\/\\\/www.facebook.com\\\/casadecampoliving\",\"https:\\\/\\\/x.com\\\/cdcliving\"]},{\"@type\":\"Person\",\"@id\":\"https:\\\/\\\/casadecampoliving.com\\\/es\\\/#\\\/schema\\\/person\\\/91d3085d9c6fe671ec9370a33bc98839\",\"name\":\"Rebecca Hughes\",\"image\":{\"@type\":\"ImageObject\",\"inLanguage\":\"es\",\"@id\":\"https:\\\/\\\/secure.gravatar.com\\\/avatar\\\/fa8193bc0c4cfd84f5082667d2539f9b4da960049480f4eed2244a6b96321e38?s=96&d=mm&r=g\",\"url\":\"https:\\\/\\\/secure.gravatar.com\\\/avatar\\\/fa8193bc0c4cfd84f5082667d2539f9b4da960049480f4eed2244a6b96321e38?s=96&d=mm&r=g\",\"contentUrl\":\"https:\\\/\\\/secure.gravatar.com\\\/avatar\\\/fa8193bc0c4cfd84f5082667d2539f9b4da960049480f4eed2244a6b96321e38?s=96&d=mm&r=g\",\"caption\":\"Rebecca Hughes\"},\"description\":\"I am wonderful.\",\"sameAs\":[\"http:\\\/\\\/www.facebook.com\\\/profile.php?id=752510581\"],\"url\":\"https:\\\/\\\/casadecampoliving.com\\\/es\\\/author\\\/Rebecca Hughes\\\/\"}]}<\/script>\n<!-- \/ Yoast SEO plugin. -->","yoast_head_json":{"title":"Carretera a Miches ahora abierta | Casa de Campo Living","description":"La carretera B\u00e1varo \u2013 Uvero Alto \u2013 Miches se inaugurar\u00e1 oficialmente m\u00e1s tarde este mes, sin embargo, ya est\u00e1 abierta, \u00a1ofreciendo f\u00e1cil acceso a otro","robots":{"index":"index","follow":"follow","max-snippet":"max-snippet:-1","max-image-preview":"max-image-preview:large","max-video-preview":"max-video-preview:-1"},"canonical":"https:\/\/casadecampoliving.com\/es\/carretera-miches-ahora-abierta\/","og_locale":"es_ES","og_type":"article","og_title":"Carretera a Miches ahora abierta | Casa de Campo Living","og_description":"La carretera B\u00e1varo \u2013 Uvero Alto \u2013 Miches se inaugurar\u00e1 oficialmente m\u00e1s tarde este mes, sin embargo, ya est\u00e1 abierta, \u00a1ofreciendo f\u00e1cil acceso a otro","og_url":"https:\/\/casadecampoliving.com\/es\/carretera-miches-ahora-abierta\/","og_site_name":"Casa de Campo Living","article_publisher":"https:\/\/www.facebook.com\/casadecampoliving","article_published_time":"2015-01-05T04:00:00+00:00","article_modified_time":"2022-10-21T22:52:50+00:00","og_image":[{"width":650,"height":402,"url":"https:\/\/i0.wp.com\/casadecampoliving.com\/wp-content\/uploads\/2022\/10\/carretera-bavaro-miches-sabana-de-la-mar-1.jpg?fit=650%2C402&ssl=1","type":"image\/jpeg"}],"author":"Rebecca Hughes","twitter_card":"summary_large_image","twitter_creator":"@cdcliving","twitter_site":"@cdcliving","twitter_misc":{"Escrito por":"Rebecca Hughes","Tiempo de lectura":"1 minuto"},"schema":{"@context":"https:\/\/schema.org","@graph":[{"@type":"Article","@id":"https:\/\/casadecampoliving.com\/es\/carretera-miches-ahora-abierta\/#article","isPartOf":{"@id":"https:\/\/casadecampoliving.com\/es\/carretera-miches-ahora-abierta\/"},"author":{"name":"Rebecca Hughes","@id":"https:\/\/casadecampoliving.com\/es\/#\/schema\/person\/91d3085d9c6fe671ec9370a33bc98839"},"headline":"Carretera a Miches ahora abierta","datePublished":"2015-01-05T04:00:00+00:00","dateModified":"2022-10-21T22:52:50+00:00","mainEntityOfPage":{"@id":"https:\/\/casadecampoliving.com\/es\/carretera-miches-ahora-abierta\/"},"wordCount":206,"publisher":{"@id":"https:\/\/casadecampoliving.com\/es\/#organization"},"image":{"@id":"https:\/\/casadecampoliving.com\/es\/carretera-miches-ahora-abierta\/#primaryimage"},"thumbnailUrl":"https:\/\/i0.wp.com\/casadecampoliving.com\/wp-content\/uploads\/2022\/10\/carretera-bavaro-miches-sabana-de-la-mar-1.jpg?fit=650%2C402&ssl=1","keywords":["bavaro @es","carretera","danilo medina @es","turismo"],"articleSection":["Estilo de Vida","M\u00e1s all\u00e1 de Casa","Noticias Locales","Rep\u00fablica Dominicana @es"],"inLanguage":"es"},{"@type":"WebPage","@id":"https:\/\/casadecampoliving.com\/es\/carretera-miches-ahora-abierta\/","url":"https:\/\/casadecampoliving.com\/es\/carretera-miches-ahora-abierta\/","name":"Carretera a Miches ahora abierta | Casa de Campo Living","isPartOf":{"@id":"https:\/\/casadecampoliving.com\/es\/#website"},"primaryImageOfPage":{"@id":"https:\/\/casadecampoliving.com\/es\/carretera-miches-ahora-abierta\/#primaryimage"},"image":{"@id":"https:\/\/casadecampoliving.com\/es\/carretera-miches-ahora-abierta\/#primaryimage"},"thumbnailUrl":"https:\/\/i0.wp.com\/casadecampoliving.com\/wp-content\/uploads\/2022\/10\/carretera-bavaro-miches-sabana-de-la-mar-1.jpg?fit=650%2C402&ssl=1","datePublished":"2015-01-05T04:00:00+00:00","dateModified":"2022-10-21T22:52:50+00:00","description":"La carretera B\u00e1varo \u2013 Uvero Alto \u2013 Miches se inaugurar\u00e1 oficialmente m\u00e1s tarde este mes, sin embargo, ya est\u00e1 abierta, \u00a1ofreciendo f\u00e1cil acceso a otro","breadcrumb":{"@id":"https:\/\/casadecampoliving.com\/es\/carretera-miches-ahora-abierta\/#breadcrumb"},"inLanguage":"es","potentialAction":[{"@type":"ReadAction","target":["https:\/\/casadecampoliving.com\/es\/carretera-miches-ahora-abierta\/"]}]},{"@type":"ImageObject","inLanguage":"es","@id":"https:\/\/casadecampoliving.com\/es\/carretera-miches-ahora-abierta\/#primaryimage","url":"https:\/\/i0.wp.com\/casadecampoliving.com\/wp-content\/uploads\/2022\/10\/carretera-bavaro-miches-sabana-de-la-mar-1.jpg?fit=650%2C402&ssl=1","contentUrl":"https:\/\/i0.wp.com\/casadecampoliving.com\/wp-content\/uploads\/2022\/10\/carretera-bavaro-miches-sabana-de-la-mar-1.jpg?fit=650%2C402&ssl=1","width":650,"height":402,"caption":"carretera Bavaro Miches Sabana de la Mar"},{"@type":"BreadcrumbList","@id":"https:\/\/casadecampoliving.com\/es\/carretera-miches-ahora-abierta\/#breadcrumb","itemListElement":[{"@type":"ListItem","position":1,"name":"Home","item":"https:\/\/casadecampoliving.com\/es\/"},{"@type":"ListItem","position":2,"name":"Carretera a Miches ahora abierta"}]},{"@type":"WebSite","@id":"https:\/\/casadecampoliving.com\/es\/#website","url":"https:\/\/casadecampoliving.com\/es\/","name":"Casa de Campo Living","description":"Resort community news and resources.","publisher":{"@id":"https:\/\/casadecampoliving.com\/es\/#organization"},"potentialAction":[{"@type":"SearchAction","target":{"@type":"EntryPoint","urlTemplate":"https:\/\/casadecampoliving.com\/es\/?s={search_term_string}"},"query-input":{"@type":"PropertyValueSpecification","valueRequired":true,"valueName":"search_term_string"}}],"inLanguage":"es"},{"@type":"Organization","@id":"https:\/\/casadecampoliving.com\/es\/#organization","name":"Casa de Campo Living","url":"https:\/\/casadecampoliving.com\/es\/","logo":{"@type":"ImageObject","inLanguage":"es","@id":"https:\/\/casadecampoliving.com\/es\/#\/schema\/logo\/image\/","url":"https:\/\/i0.wp.com\/casadecampoliving.com\/wp-content\/uploads\/2022\/07\/CDCLivingLogo_V1-white-sized.png?fit=800%2C214&ssl=1","contentUrl":"https:\/\/i0.wp.com\/casadecampoliving.com\/wp-content\/uploads\/2022\/07\/CDCLivingLogo_V1-white-sized.png?fit=800%2C214&ssl=1","width":800,"height":214,"caption":"Casa de Campo Living"},"image":{"@id":"https:\/\/casadecampoliving.com\/es\/#\/schema\/logo\/image\/"},"sameAs":["https:\/\/www.facebook.com\/casadecampoliving","https:\/\/x.com\/cdcliving"]},{"@type":"Person","@id":"https:\/\/casadecampoliving.com\/es\/#\/schema\/person\/91d3085d9c6fe671ec9370a33bc98839","name":"Rebecca Hughes","image":{"@type":"ImageObject","inLanguage":"es","@id":"https:\/\/secure.gravatar.com\/avatar\/fa8193bc0c4cfd84f5082667d2539f9b4da960049480f4eed2244a6b96321e38?s=96&d=mm&r=g","url":"https:\/\/secure.gravatar.com\/avatar\/fa8193bc0c4cfd84f5082667d2539f9b4da960049480f4eed2244a6b96321e38?s=96&d=mm&r=g","contentUrl":"https:\/\/secure.gravatar.com\/avatar\/fa8193bc0c4cfd84f5082667d2539f9b4da960049480f4eed2244a6b96321e38?s=96&d=mm&r=g","caption":"Rebecca Hughes"},"description":"I am wonderful.","sameAs":["http:\/\/www.facebook.com\/profile.php?id=752510581"],"url":"https:\/\/casadecampoliving.com\/es\/author\/Rebecca Hughes\/"}]}},"parsely":{"version":"1.1.0","canonical_url":"https:\/\/casadecampoliving.com\/es\/carretera-miches-ahora-abierta\/","smart_links":{"inbound":0,"outbound":0},"traffic_boost_suggestions_count":0,"meta":{"@context":"https:\/\/schema.org","@type":"NewsArticle","headline":"Carretera a Miches ahora abierta","url":"http:\/\/casadecampoliving.com\/es\/carretera-miches-ahora-abierta\/","mainEntityOfPage":{"@type":"WebPage","@id":"http:\/\/casadecampoliving.com\/es\/carretera-miches-ahora-abierta\/"},"thumbnailUrl":"https:\/\/i0.wp.com\/casadecampoliving.com\/wp-content\/uploads\/2022\/10\/carretera-bavaro-miches-sabana-de-la-mar-1.jpg?resize=150%2C150&ssl=1","image":{"@type":"ImageObject","url":"https:\/\/i0.wp.com\/casadecampoliving.com\/wp-content\/uploads\/2022\/10\/carretera-bavaro-miches-sabana-de-la-mar-1.jpg?fit=650%2C402&ssl=1"},"articleSection":"Estilo de Vida","author":[{"@type":"Person","name":"Rebecca Hughes"}],"creator":["Rebecca Hughes"],"publisher":{"@type":"Organization","name":"Casa de Campo Living","logo":"https:\/\/casadecampoliving.com\/wp-content\/uploads\/2022\/07\/CDCLivingLogo_V1-white-sized.png"},"keywords":["bavaro @es","carretera","danilo medina @es","turismo"],"dateCreated":"2015-01-05T04:00:00Z","datePublished":"2015-01-05T04:00:00Z","dateModified":"2022-10-21T22:52:50Z"},"rendered":"<script type=\"application\/ld+json\" class=\"wp-parsely-metadata\">{\"@context\":\"https:\\\/\\\/schema.org\",\"@type\":\"NewsArticle\",\"headline\":\"Carretera a Miches ahora abierta\",\"url\":\"http:\\\/\\\/casadecampoliving.com\\\/es\\\/carretera-miches-ahora-abierta\\\/\",\"mainEntityOfPage\":{\"@type\":\"WebPage\",\"@id\":\"http:\\\/\\\/casadecampoliving.com\\\/es\\\/carretera-miches-ahora-abierta\\\/\"},\"thumbnailUrl\":\"https:\\\/\\\/i0.wp.com\\\/casadecampoliving.com\\\/wp-content\\\/uploads\\\/2022\\\/10\\\/carretera-bavaro-miches-sabana-de-la-mar-1.jpg?resize=150%2C150&ssl=1\",\"image\":{\"@type\":\"ImageObject\",\"url\":\"https:\\\/\\\/i0.wp.com\\\/casadecampoliving.com\\\/wp-content\\\/uploads\\\/2022\\\/10\\\/carretera-bavaro-miches-sabana-de-la-mar-1.jpg?fit=650%2C402&ssl=1\"},\"articleSection\":\"Estilo de Vida\",\"author\":[{\"@type\":\"Person\",\"name\":\"Rebecca Hughes\"}],\"creator\":[\"Rebecca Hughes\"],\"publisher\":{\"@type\":\"Organization\",\"name\":\"Casa de Campo Living\",\"logo\":\"https:\\\/\\\/casadecampoliving.com\\\/wp-content\\\/uploads\\\/2022\\\/07\\\/CDCLivingLogo_V1-white-sized.png\"},\"keywords\":[\"bavaro @es\",\"carretera\",\"danilo medina @es\",\"turismo\"],\"dateCreated\":\"2015-01-05T04:00:00Z\",\"datePublished\":\"2015-01-05T04:00:00Z\",\"dateModified\":\"2022-10-21T22:52:50Z\"}<\/script>","tracker_url":"https:\/\/cdn.parsely.com\/keys\/casadecampoliving.com\/p.js"},"jetpack_publicize_connections":[],"jetpack_featured_media_url":"https:\/\/i0.wp.com\/casadecampoliving.com\/wp-content\/uploads\/2022\/10\/carretera-bavaro-miches-sabana-de-la-mar-1.jpg?fit=650%2C402&ssl=1","jetpack-related-posts":[{"id":324991,"url":"https:\/\/casadecampoliving.com\/bavaro-uvero-alto-miches-highway-now-open\/","url_meta":{"origin":346443,"position":0},"title":"Highway to Miches now open","author":"Rebecca Hughes","date":"5 Ene, 2015","format":false,"excerpt":"The Bavaro \u2013 Uvero Alto \u2013 Miches highway will be officially inaugurated later this month, however it is already open, providing easy access to another beautiful destination for us to visit from Casa de Campo! This new road connects Bavaro to Uvero Alto and Miches and will eventually connect right\u2026","rel":"","context":"En \u00abBeyond Casa\u00bb","block_context":{"text":"Beyond Casa","link":"https:\/\/casadecampoliving.com\/category\/beyond-casa\/"},"img":{"alt_text":"carretera Bavaro Miches Sabana de la Mar","src":"https:\/\/i0.wp.com\/casadecampoliving.com\/wp-content\/uploads\/2022\/10\/carretera-bavaro-miches-sabana-de-la-mar-1.jpg?fit=650%2C402&ssl=1&resize=350%2C200","width":350,"height":200,"srcset":"https:\/\/i0.wp.com\/casadecampoliving.com\/wp-content\/uploads\/2022\/10\/carretera-bavaro-miches-sabana-de-la-mar-1.jpg?fit=650%2C402&ssl=1&resize=350%2C200 1x, https:\/\/i0.wp.com\/casadecampoliving.com\/wp-content\/uploads\/2022\/10\/carretera-bavaro-miches-sabana-de-la-mar-1.jpg?fit=650%2C402&ssl=1&resize=525%2C300 1.5x"},"classes":[]},{"id":343311,"url":"https:\/\/casadecampoliving.com\/es\/circunvalacion-de-la-romana-sera-inaugura-el-30-de-noviembre\/","url_meta":{"origin":346443,"position":1},"title":"Circunvalaci\u00f3n de La Romana ser\u00e1 inaugurada el 30 de noviembre","author":"Rebecca Silvestri","date":"18 Nov, 2013","format":false,"excerpt":"El Ministerio de Obras P\u00fablicas anunci\u00f3, a trav\u00e9s de su p\u00e1gina web, de que la avenida de Circunvalaci\u00f3n de la Romana, ser\u00e1 entregada el pr\u00f3ximo 30 de noviembre, en un acto que contar\u00e1 con la presencia del Presidente de la Rep\u00fablica, Danilo Medina. \u201cNuestra meta es entregar la autopista al\u2026","rel":"","context":"En \u00abEstilo de Vida\u00bb","block_context":{"text":"Estilo de Vida","link":"https:\/\/casadecampoliving.com\/es\/category\/estilo-de-vida\/"},"img":{"alt_text":"La Romana Bypass","src":"https:\/\/i0.wp.com\/casadecampoliving.com\/wp-content\/uploads\/2022\/10\/la_romana_bypass-1.jpg?fit=650%2C379&ssl=1&resize=350%2C200","width":350,"height":200,"srcset":"https:\/\/i0.wp.com\/casadecampoliving.com\/wp-content\/uploads\/2022\/10\/la_romana_bypass-1.jpg?fit=650%2C379&ssl=1&resize=350%2C200 1x, https:\/\/i0.wp.com\/casadecampoliving.com\/wp-content\/uploads\/2022\/10\/la_romana_bypass-1.jpg?fit=650%2C379&ssl=1&resize=525%2C300 1.5x"},"classes":[]},{"id":347436,"url":"https:\/\/casadecampoliving.com\/es\/la-segunda-entrada-principal-de-casa-de-campo-ya-esta-abierta\/","url_meta":{"origin":346443,"position":2},"title":"\u00a1La segunda entrada principal de Casa de Campo ya est\u00e1 abierta!","author":"Felix Guerrero","date":"26 May, 2015","format":false,"excerpt":"Buenas noticias para\u00a0todos, \u00a1la nueva\u00a0segunda entrada principal de Casa de Campo ya est\u00e1 abierta! S\u00ed, es correcto, amigos. La nueva entrada principal de Casa de Campo, la cual conecta al resort Casa de Campo directamente con\u00a0la Autopista del Coral hacia Punta Cana y Santo Domingo, ya est\u00e1 abierta y en\u00a0funcionamiento.\u2026","rel":"","context":"En \u00abNoticias Locales\u00bb","block_context":{"text":"Noticias Locales","link":"https:\/\/casadecampoliving.com\/es\/category\/noticias-locales\/"},"img":{"alt_text":"Casa de Campo second main entrance","src":"https:\/\/i0.wp.com\/casadecampoliving.com\/wp-content\/uploads\/2022\/10\/Casa_de_Campo_second_main_entrance-5.jpg?fit=800%2C600&ssl=1&resize=350%2C200","width":350,"height":200,"srcset":"https:\/\/i0.wp.com\/casadecampoliving.com\/wp-content\/uploads\/2022\/10\/Casa_de_Campo_second_main_entrance-5.jpg?fit=800%2C600&ssl=1&resize=350%2C200 1x, https:\/\/i0.wp.com\/casadecampoliving.com\/wp-content\/uploads\/2022\/10\/Casa_de_Campo_second_main_entrance-5.jpg?fit=800%2C600&ssl=1&resize=525%2C300 1.5x, https:\/\/i0.wp.com\/casadecampoliving.com\/wp-content\/uploads\/2022\/10\/Casa_de_Campo_second_main_entrance-5.jpg?fit=800%2C600&ssl=1&resize=700%2C400 2x"},"classes":[]},{"id":347275,"url":"https:\/\/casadecampoliving.com\/es\/progreso-asombroso-en-la-segunda-entrada-principal-de-casa-de-campo\/","url_meta":{"origin":346443,"position":3},"title":"Progreso asombroso en la segunda entrada principal de Casa de Campo","author":"Rebecca Silvestri","date":"26 Abr, 2015","format":false,"excerpt":"Desde que la carretera de acceso a Altos de Chav\u00f3n fue reabierta y su nueva rotonda que en cualquier momento (muy pronto) nos llevar\u00e1 a la segunda entrada principal, todos hemos estado muy emocionados por el avance en los trabajos. Bueno mis amigos estoy aqu\u00ed para decirles que deber\u00edan estar\u2026","rel":"","context":"En \u00abAltos de Chavon @es\u00bb","block_context":{"text":"Altos de Chavon @es","link":"https:\/\/casadecampoliving.com\/category\/altos-de-chavon-es\/"},"img":{"alt_text":"Casa de Campo second main entrance","src":"https:\/\/i0.wp.com\/casadecampoliving.com\/wp-content\/uploads\/2022\/10\/Casa_de_Campo_second_main_entrance-3.jpg?fit=650%2C433&ssl=1&resize=350%2C200","width":350,"height":200,"srcset":"https:\/\/i0.wp.com\/casadecampoliving.com\/wp-content\/uploads\/2022\/10\/Casa_de_Campo_second_main_entrance-3.jpg?fit=650%2C433&ssl=1&resize=350%2C200 1x, https:\/\/i0.wp.com\/casadecampoliving.com\/wp-content\/uploads\/2022\/10\/Casa_de_Campo_second_main_entrance-3.jpg?fit=650%2C433&ssl=1&resize=525%2C300 1.5x"},"classes":[]},{"id":343610,"url":"https:\/\/casadecampoliving.com\/es\/la-autopista-de-circunvalacion-de-la-romana-conozca-como-usarla\/","url_meta":{"origin":346443,"position":4},"title":"La autopista de circunvalaci\u00f3n de la Romana, conozca c\u00f3mo usarla","author":"Perkin Agramonte","date":"6 Ene, 2014","format":false,"excerpt":"La autopista circunvalaci\u00f3n de La Romana es, desde el mismo d\u00eda de su inauguraci\u00f3n, una de las v\u00edas m\u00e1s transitadas de la regi\u00f3n Este, con un flujo vehicular incrementado debido a la \u00e9poca navide\u00f1a, pero tambi\u00e9n debido a la modernidad y comodidad del tramo que enlaza la Autopista del Coral\u2026","rel":"","context":"En \u00abDestacados\u00bb","block_context":{"text":"Destacados","link":"https:\/\/casadecampoliving.com\/es\/category\/destacados\/"},"img":{"alt_text":"","src":"https:\/\/i0.wp.com\/casadecampoliving.com\/wp-content\/uploads\/2022\/10\/photo-2-2-1.jpg?fit=650%2C488&ssl=1&resize=350%2C200","width":350,"height":200,"srcset":"https:\/\/i0.wp.com\/casadecampoliving.com\/wp-content\/uploads\/2022\/10\/photo-2-2-1.jpg?fit=650%2C488&ssl=1&resize=350%2C200 1x, https:\/\/i0.wp.com\/casadecampoliving.com\/wp-content\/uploads\/2022\/10\/photo-2-2-1.jpg?fit=650%2C488&ssl=1&resize=525%2C300 1.5x"},"classes":[]},{"id":433460,"url":"https:\/\/casadecampoliving.com\/es\/no-se-pierdan-el-increible-tributo-a-frank-sinatra-para-celebrar-el-40-aniversario-del-anfiteatro-altos-de-chavon\/","url_meta":{"origin":346443,"position":5},"title":"No se pierdan el incre\u00edble tributo a Frank Sinatra para celebrar el 40 aniversario del\u00a0Anfiteatro Altos de Chav\u00f3n","author":"Casa de Campo Living","date":"20 Oct, 2022","format":false,"excerpt":"Siendo uno de los escenarios m\u00e1s emblem\u00e1ticos del pa\u00eds, Casa de Campo Resort\u00ae & Villas celebra las cuatro d\u00e9cadas de aniversario de Altos de Chav\u00f3n con un tributo al gran Frank Sinatra, protagonizado por artistas invitados y una big band tal cual la que acompa\u00f1\u00f3 al artista hace 40 a\u00f1os\u2026","rel":"","context":"En \u00abUncategorized @es\u00bb","block_context":{"text":"Uncategorized @es","link":"https:\/\/casadecampoliving.com\/es\/category\/uncategorized-es\/"},"img":{"alt_text":"","src":"https:\/\/i0.wp.com\/casadecampoliving.com\/wp-content\/uploads\/2022\/10\/Tributo-Frank-Sinatra-Foto-Principal-Amaury-Sanchez-Danilo-Ginebra-Andres-Pichardo-y-Jose-Gabriel-Perez-.jpg?fit=1200%2C873&ssl=1&resize=350%2C200","width":350,"height":200,"srcset":"https:\/\/i0.wp.com\/casadecampoliving.com\/wp-content\/uploads\/2022\/10\/Tributo-Frank-Sinatra-Foto-Principal-Amaury-Sanchez-Danilo-Ginebra-Andres-Pichardo-y-Jose-Gabriel-Perez-.jpg?fit=1200%2C873&ssl=1&resize=350%2C200 1x, https:\/\/i0.wp.com\/casadecampoliving.com\/wp-content\/uploads\/2022\/10\/Tributo-Frank-Sinatra-Foto-Principal-Amaury-Sanchez-Danilo-Ginebra-Andres-Pichardo-y-Jose-Gabriel-Perez-.jpg?fit=1200%2C873&ssl=1&resize=525%2C300 1.5x, https:\/\/i0.wp.com\/casadecampoliving.com\/wp-content\/uploads\/2022\/10\/Tributo-Frank-Sinatra-Foto-Principal-Amaury-Sanchez-Danilo-Ginebra-Andres-Pichardo-y-Jose-Gabriel-Perez-.jpg?fit=1200%2C873&ssl=1&resize=700%2C400 2x, https:\/\/i0.wp.com\/casadecampoliving.com\/wp-content\/uploads\/2022\/10\/Tributo-Frank-Sinatra-Foto-Principal-Amaury-Sanchez-Danilo-Ginebra-Andres-Pichardo-y-Jose-Gabriel-Perez-.jpg?fit=1200%2C873&ssl=1&resize=1050%2C600 3x"},"classes":[]}],"jetpack_sharing_enabled":true,"_links":{"self":[{"href":"https:\/\/casadecampoliving.com\/es\/wp-json\/wp\/v2\/posts\/346443","targetHints":{"allow":["GET"]}}],"collection":[{"href":"https:\/\/casadecampoliving.com\/es\/wp-json\/wp\/v2\/posts"}],"about":[{"href":"https:\/\/casadecampoliving.com\/es\/wp-json\/wp\/v2\/types\/post"}],"author":[{"embeddable":true,"href":"https:\/\/casadecampoliving.com\/es\/wp-json\/wp\/v2\/users\/14"}],"replies":[{"embeddable":true,"href":"https:\/\/casadecampoliving.com\/es\/wp-json\/wp\/v2\/comments?post=346443"}],"version-history":[{"count":1,"href":"https:\/\/casadecampoliving.com\/es\/wp-json\/wp\/v2\/posts\/346443\/revisions"}],"predecessor-version":[{"id":346444,"href":"https:\/\/casadecampoliving.com\/es\/wp-json\/wp\/v2\/posts\/346443\/revisions\/346444"}],"wp:featuredmedia":[{"embeddable":true,"href":"https:\/\/casadecampoliving.com\/es\/wp-json\/wp\/v2\/media\/299780"}],"wp:attachment":[{"href":"https:\/\/casadecampoliving.com\/es\/wp-json\/wp\/v2\/media?parent=346443"}],"wp:term":[{"taxonomy":"category","embeddable":true,"href":"https:\/\/casadecampoliving.com\/es\/wp-json\/wp\/v2\/categories?post=346443"},{"taxonomy":"post_tag","embeddable":true,"href":"https:\/\/casadecampoliving.com\/es\/wp-json\/wp\/v2\/tags?post=346443"},{"taxonomy":"newspack_spnsrs_tax","embeddable":true,"href":"https:\/\/casadecampoliving.com\/es\/wp-json\/wp\/v2\/newspack_spnsrs_tax?post=346443"}],"curies":[{"name":"wp","href":"https:\/\/api.w.org\/{rel}","templated":true}]}}