{"id":346339,"date":"2014-12-18T00:00:00","date_gmt":"2014-12-18T04:00:00","guid":{"rendered":"https:\/\/casadecampoliving.com\/hay-que-ver-casa-de-campo-estrena-video-de-baile-con-doblaje\/"},"modified":"2022-10-21T18:57:58","modified_gmt":"2022-10-21T22:57:58","slug":"hay-que-ver-casa-de-campo-estrena-video-de-baile-con-doblaje","status":"publish","type":"post","link":"https:\/\/casadecampoliving.com\/es\/hay-que-ver-casa-de-campo-estrena-video-de-baile-con-doblaje\/","title":{"rendered":"\u00a1Hay que ver! \u00a1Casa de Campo estrena video de baile con doblaje!"},"content":{"rendered":"<div class=\"wp-block-image\">\n<figure class=\"aligncenter is-resized\"><img loading=\"lazy\" decoding=\"async\" src=\"https:\/\/i0.wp.com\/casadecampoliving.com\/wp-content\/uploads\/2022\/10\/casa_de_campo_lip_dub_video.jpg?resize=650%2C370&amp;ssl=1\" alt=\"Casa de Campo lip dub video\" class=\"wp-image-104640\" height=\"370\" width=\"650\"\/><\/figure>\n<\/div>\n\n\n<p>\u00a1Es absolutamente necesario ver este video! El resort Casa de Campo acaba de lanzar un v\u00eddeo&nbsp;hilarante, espont\u00e1neo, divertido y alegre, con miembros del personal de Casa de Campo cantando &nbsp;y sincronizando con \u201cla vida es una sola\u201d.<\/p>\n\n\n\n<!--more-->\n\n\n\n<p>En el video vemos miembros de todo el equipo de resort Casa de Campo, desde los camareros, chefs y cocineros del Beach Club, el equipo en el anfiteatro de Altos de Chav\u00f3n, los boleritos, el equipo de tenis, las damas del Club de Due\u00f1os de Villas Casa de Campo Villa, as\u00ed como incluso la gerencia como Peter Bonell, Director de la Oficina de Mercadeo &nbsp;y Daniel Hern\u00e1ndez, Director General del Casa de Campo Hotel, todos bailando y cantando al ritmo contagioso de \u201cla vida es una sola\u201d.<\/p>\n\n\n<div class=\"wp-block-image\">\n<figure class=\"aligncenter is-resized\"><img loading=\"lazy\" decoding=\"async\" src=\"https:\/\/i0.wp.com\/casadecampoliving.com\/wp-content\/uploads\/2022\/10\/Rafael_Torres_Casa_de_Campo-2.jpg?resize=650%2C362&amp;ssl=1\" alt=\"Rafael Torres, Casa de Campo\" class=\"wp-image-104637\" height=\"362\" width=\"650\"\/><\/figure>\n<\/div>\n\n\n<p class=\"has-text-align-center\"><strong>President of the Casa de Campo Resort, Rafael Torres<\/strong><br>\n<\/p>\n\n\n\n<p class=\"has-text-align-left\">El video termina con un mensaje de Rafael Torres, el nuevo presidente del resort Casa de Campo, que despu\u00e9s de haber estado en la posici\u00f3n durante exactamente 2 meses, env\u00eda sus gracias y saludos a todo el equipo de Casa de Campo, desea a todos una muy feliz Navidad y termina con \u201cno olviden que la del que vida es una sola, hay que disfrutarla y pasarla bien\u201d, (\u201cs\u00f3lo tiene una vida, hay que disfrutarlo\u201d). \u00a1Muy cierto! \u00bf\u00a1Y qu\u00e9 mejor lugar para disfrutarla que aqu\u00ed en Casa de Campo!?<\/p>\n\n\n\n<p><strong>Informaci\u00f3n de \u00faltima hora: <\/strong>Este v\u00eddeo se ha retirado a petici\u00f3n de Casa de Campo. Esperamos poder traerlo de vuelta pronto.<\/p>\n\n\n\n<p><iframe loading=\"lazy\" src=\"\/\/www.youtube.com\/embed\/XFITmbzlhPk\" width=\"640\" height=\"360\" frameborder=\"0\" allowfullscreen=\"allowfullscreen\"><\/iframe><\/p>\n","protected":false},"excerpt":{"rendered":"<p>\u00a1Es absolutamente necesario ver este video! El resort Casa de Campo acaba de lanzar un v\u00eddeo&nbsp;hilarante, espont\u00e1neo, divertido y alegre, con miembros del personal de Casa de Campo cantando &nbsp;y sincronizando con \u201cla vida es una sola\u201d.<\/p>\n","protected":false},"author":14,"featured_media":296990,"comment_status":"closed","ping_status":"closed","sticky":false,"template":"","format":"standard","meta":{"newspack_ads_suppress_ads":false,"newspack_popups_has_disabled_popups":false,"newspack_sponsor_sponsorship_scope":"","newspack_sponsor_native_byline_display":"inherit","newspack_sponsor_native_category_display":"inherit","newspack_sponsor_underwriter_style":"inherit","newspack_sponsor_underwriter_placement":"inherit","_newspack_byline_active":false,"_newspack_byline":"","newspack_hide_updated_date":false,"newspack_show_updated_date":false,"newspack_content_restriction_is_exempt":false,"newspack_featured_image_position":"","newspack_post_subtitle":"","newspack_article_summary_title":"Overview:","newspack_article_summary":"","_jetpack_memberships_contains_paid_content":false,"footnotes":"","jetpack_publicize_message":"","jetpack_publicize_feature_enabled":true,"jetpack_social_post_already_shared":false,"jetpack_social_options":{"image_generator_settings":{"template":"highway","default_image_id":0,"font":"","enabled":false},"version":2},"_wpas_customize_per_network":false},"categories":[26936,26951,14625,26822,2531],"tags":[23815,1662,6331,10711,13821],"newspack_spnsrs_tax":[],"class_list":["post-346339","post","type-post","status-publish","format-standard","has-post-thumbnail","hentry","category-casa-de-campo-living-es","category-ccl-presenta","category-noticias-locales","category-resort-casa-de-campo","category-video-es","tag-casa-de-campo-es-17","tag-navidad","tag-peter-bonell-es","tag-rafael-torres-es","tag-video","entry"],"yoast_head":"<!-- This site is optimized with the Yoast SEO plugin v27.5 - https:\/\/yoast.com\/product\/yoast-seo-wordpress\/ -->\n<title>\u00a1Hay que ver! \u00a1Casa de Campo estrena video de baile con doblaje! | Casa de Campo Living<\/title>\n<meta name=\"description\" content=\"\u00a1Es absolutamente necesario ver este video! El resort Casa de Campo acaba de lanzar un v\u00eddeo&nbsp;hilarante, espont\u00e1neo, divertido y alegre, con miembros\" \/>\n<meta name=\"robots\" content=\"index, follow, max-snippet:-1, max-image-preview:large, max-video-preview:-1\" \/>\n<link rel=\"canonical\" href=\"https:\/\/casadecampoliving.com\/es\/hay-que-ver-casa-de-campo-estrena-video-de-baile-con-doblaje\/\" \/>\n<meta property=\"og:locale\" content=\"es_ES\" \/>\n<meta property=\"og:type\" content=\"article\" \/>\n<meta property=\"og:title\" content=\"\u00a1Hay que ver! \u00a1Casa de Campo estrena video de baile con doblaje! | Casa de Campo Living\" \/>\n<meta property=\"og:description\" content=\"\u00a1Es absolutamente necesario ver este video! El resort Casa de Campo acaba de lanzar un v\u00eddeo&nbsp;hilarante, espont\u00e1neo, divertido y alegre, con miembros\" \/>\n<meta property=\"og:url\" content=\"https:\/\/casadecampoliving.com\/es\/hay-que-ver-casa-de-campo-estrena-video-de-baile-con-doblaje\/\" \/>\n<meta property=\"og:site_name\" content=\"Casa de Campo Living\" \/>\n<meta property=\"article:publisher\" content=\"https:\/\/www.facebook.com\/casadecampoliving\" \/>\n<meta property=\"article:published_time\" content=\"2014-12-18T04:00:00+00:00\" \/>\n<meta property=\"article:modified_time\" content=\"2022-10-21T22:57:58+00:00\" \/>\n<meta property=\"og:image\" content=\"https:\/\/i0.wp.com\/casadecampoliving.com\/wp-content\/uploads\/2022\/10\/casa_de_campo_lip_dub_video-1.jpg?fit=650%2C370&ssl=1\" \/>\n\t<meta property=\"og:image:width\" content=\"650\" \/>\n\t<meta property=\"og:image:height\" content=\"370\" \/>\n\t<meta property=\"og:image:type\" content=\"image\/jpeg\" \/>\n<meta name=\"author\" content=\"Rebecca Hughes\" \/>\n<meta name=\"twitter:card\" content=\"summary_large_image\" \/>\n<meta name=\"twitter:creator\" content=\"@cdcliving\" \/>\n<meta name=\"twitter:site\" content=\"@cdcliving\" \/>\n<meta name=\"twitter:label1\" content=\"Escrito por\" \/>\n\t<meta name=\"twitter:data1\" content=\"Rebecca Hughes\" \/>\n\t<meta name=\"twitter:label2\" content=\"Tiempo de lectura\" \/>\n\t<meta name=\"twitter:data2\" content=\"1 minuto\" \/>\n<script type=\"application\/ld+json\" class=\"yoast-schema-graph\">{\"@context\":\"https:\\\/\\\/schema.org\",\"@graph\":[{\"@type\":\"Article\",\"@id\":\"https:\\\/\\\/casadecampoliving.com\\\/es\\\/hay-que-ver-casa-de-campo-estrena-video-de-baile-con-doblaje\\\/#article\",\"isPartOf\":{\"@id\":\"https:\\\/\\\/casadecampoliving.com\\\/es\\\/hay-que-ver-casa-de-campo-estrena-video-de-baile-con-doblaje\\\/\"},\"author\":{\"name\":\"Rebecca Hughes\",\"@id\":\"https:\\\/\\\/casadecampoliving.com\\\/es\\\/#\\\/schema\\\/person\\\/91d3085d9c6fe671ec9370a33bc98839\"},\"headline\":\"\u00a1Hay que ver! \u00a1Casa de Campo estrena video de baile con doblaje!\",\"datePublished\":\"2014-12-18T04:00:00+00:00\",\"dateModified\":\"2022-10-21T22:57:58+00:00\",\"mainEntityOfPage\":{\"@id\":\"https:\\\/\\\/casadecampoliving.com\\\/es\\\/hay-que-ver-casa-de-campo-estrena-video-de-baile-con-doblaje\\\/\"},\"wordCount\":270,\"publisher\":{\"@id\":\"https:\\\/\\\/casadecampoliving.com\\\/es\\\/#organization\"},\"image\":{\"@id\":\"https:\\\/\\\/casadecampoliving.com\\\/es\\\/hay-que-ver-casa-de-campo-estrena-video-de-baile-con-doblaje\\\/#primaryimage\"},\"thumbnailUrl\":\"https:\\\/\\\/i0.wp.com\\\/casadecampoliving.com\\\/wp-content\\\/uploads\\\/2022\\\/10\\\/casa_de_campo_lip_dub_video-1.jpg?fit=650%2C370&ssl=1\",\"keywords\":[\"Casa de Campo\",\"navidad\",\"peter bonell @es\",\"Rafael Torres @es\",\"Video\"],\"articleSection\":[\"Casa de Campo Living @es\",\"CCL presenta\",\"Noticias Locales\",\"Resort Casa de Campo\",\"Video @es\"],\"inLanguage\":\"es\"},{\"@type\":\"WebPage\",\"@id\":\"https:\\\/\\\/casadecampoliving.com\\\/es\\\/hay-que-ver-casa-de-campo-estrena-video-de-baile-con-doblaje\\\/\",\"url\":\"https:\\\/\\\/casadecampoliving.com\\\/es\\\/hay-que-ver-casa-de-campo-estrena-video-de-baile-con-doblaje\\\/\",\"name\":\"\u00a1Hay que ver! \u00a1Casa de Campo estrena video de baile con doblaje! | Casa de Campo Living\",\"isPartOf\":{\"@id\":\"https:\\\/\\\/casadecampoliving.com\\\/es\\\/#website\"},\"primaryImageOfPage\":{\"@id\":\"https:\\\/\\\/casadecampoliving.com\\\/es\\\/hay-que-ver-casa-de-campo-estrena-video-de-baile-con-doblaje\\\/#primaryimage\"},\"image\":{\"@id\":\"https:\\\/\\\/casadecampoliving.com\\\/es\\\/hay-que-ver-casa-de-campo-estrena-video-de-baile-con-doblaje\\\/#primaryimage\"},\"thumbnailUrl\":\"https:\\\/\\\/i0.wp.com\\\/casadecampoliving.com\\\/wp-content\\\/uploads\\\/2022\\\/10\\\/casa_de_campo_lip_dub_video-1.jpg?fit=650%2C370&ssl=1\",\"datePublished\":\"2014-12-18T04:00:00+00:00\",\"dateModified\":\"2022-10-21T22:57:58+00:00\",\"description\":\"\u00a1Es absolutamente necesario ver este video! El resort Casa de Campo acaba de lanzar un v\u00eddeo&nbsp;hilarante, espont\u00e1neo, divertido y alegre, con miembros\",\"breadcrumb\":{\"@id\":\"https:\\\/\\\/casadecampoliving.com\\\/es\\\/hay-que-ver-casa-de-campo-estrena-video-de-baile-con-doblaje\\\/#breadcrumb\"},\"inLanguage\":\"es\",\"potentialAction\":[{\"@type\":\"ReadAction\",\"target\":[\"https:\\\/\\\/casadecampoliving.com\\\/es\\\/hay-que-ver-casa-de-campo-estrena-video-de-baile-con-doblaje\\\/\"]}]},{\"@type\":\"ImageObject\",\"inLanguage\":\"es\",\"@id\":\"https:\\\/\\\/casadecampoliving.com\\\/es\\\/hay-que-ver-casa-de-campo-estrena-video-de-baile-con-doblaje\\\/#primaryimage\",\"url\":\"https:\\\/\\\/i0.wp.com\\\/casadecampoliving.com\\\/wp-content\\\/uploads\\\/2022\\\/10\\\/casa_de_campo_lip_dub_video-1.jpg?fit=650%2C370&ssl=1\",\"contentUrl\":\"https:\\\/\\\/i0.wp.com\\\/casadecampoliving.com\\\/wp-content\\\/uploads\\\/2022\\\/10\\\/casa_de_campo_lip_dub_video-1.jpg?fit=650%2C370&ssl=1\",\"width\":650,\"height\":370,\"caption\":\"Casa de Campo lip dub video\"},{\"@type\":\"BreadcrumbList\",\"@id\":\"https:\\\/\\\/casadecampoliving.com\\\/es\\\/hay-que-ver-casa-de-campo-estrena-video-de-baile-con-doblaje\\\/#breadcrumb\",\"itemListElement\":[{\"@type\":\"ListItem\",\"position\":1,\"name\":\"Home\",\"item\":\"https:\\\/\\\/casadecampoliving.com\\\/es\\\/\"},{\"@type\":\"ListItem\",\"position\":2,\"name\":\"\u00a1Hay que ver! \u00a1Casa de Campo estrena video de baile con doblaje!\"}]},{\"@type\":\"WebSite\",\"@id\":\"https:\\\/\\\/casadecampoliving.com\\\/es\\\/#website\",\"url\":\"https:\\\/\\\/casadecampoliving.com\\\/es\\\/\",\"name\":\"Casa de Campo Living\",\"description\":\"Resort community news and resources.\",\"publisher\":{\"@id\":\"https:\\\/\\\/casadecampoliving.com\\\/es\\\/#organization\"},\"potentialAction\":[{\"@type\":\"SearchAction\",\"target\":{\"@type\":\"EntryPoint\",\"urlTemplate\":\"https:\\\/\\\/casadecampoliving.com\\\/es\\\/?s={search_term_string}\"},\"query-input\":{\"@type\":\"PropertyValueSpecification\",\"valueRequired\":true,\"valueName\":\"search_term_string\"}}],\"inLanguage\":\"es\"},{\"@type\":\"Organization\",\"@id\":\"https:\\\/\\\/casadecampoliving.com\\\/es\\\/#organization\",\"name\":\"Casa de Campo Living\",\"url\":\"https:\\\/\\\/casadecampoliving.com\\\/es\\\/\",\"logo\":{\"@type\":\"ImageObject\",\"inLanguage\":\"es\",\"@id\":\"https:\\\/\\\/casadecampoliving.com\\\/es\\\/#\\\/schema\\\/logo\\\/image\\\/\",\"url\":\"https:\\\/\\\/i0.wp.com\\\/casadecampoliving.com\\\/wp-content\\\/uploads\\\/2022\\\/07\\\/CDCLivingLogo_V1-white-sized.png?fit=800%2C214&ssl=1\",\"contentUrl\":\"https:\\\/\\\/i0.wp.com\\\/casadecampoliving.com\\\/wp-content\\\/uploads\\\/2022\\\/07\\\/CDCLivingLogo_V1-white-sized.png?fit=800%2C214&ssl=1\",\"width\":800,\"height\":214,\"caption\":\"Casa de Campo Living\"},\"image\":{\"@id\":\"https:\\\/\\\/casadecampoliving.com\\\/es\\\/#\\\/schema\\\/logo\\\/image\\\/\"},\"sameAs\":[\"https:\\\/\\\/www.facebook.com\\\/casadecampoliving\",\"https:\\\/\\\/x.com\\\/cdcliving\"]},{\"@type\":\"Person\",\"@id\":\"https:\\\/\\\/casadecampoliving.com\\\/es\\\/#\\\/schema\\\/person\\\/91d3085d9c6fe671ec9370a33bc98839\",\"name\":\"Rebecca Hughes\",\"image\":{\"@type\":\"ImageObject\",\"inLanguage\":\"es\",\"@id\":\"https:\\\/\\\/secure.gravatar.com\\\/avatar\\\/fa8193bc0c4cfd84f5082667d2539f9b4da960049480f4eed2244a6b96321e38?s=96&d=mm&r=g\",\"url\":\"https:\\\/\\\/secure.gravatar.com\\\/avatar\\\/fa8193bc0c4cfd84f5082667d2539f9b4da960049480f4eed2244a6b96321e38?s=96&d=mm&r=g\",\"contentUrl\":\"https:\\\/\\\/secure.gravatar.com\\\/avatar\\\/fa8193bc0c4cfd84f5082667d2539f9b4da960049480f4eed2244a6b96321e38?s=96&d=mm&r=g\",\"caption\":\"Rebecca Hughes\"},\"description\":\"I am wonderful.\",\"sameAs\":[\"http:\\\/\\\/www.facebook.com\\\/profile.php?id=752510581\"],\"url\":\"https:\\\/\\\/casadecampoliving.com\\\/es\\\/author\\\/Rebecca Hughes\\\/\"}]}<\/script>\n<!-- \/ Yoast SEO plugin. -->","yoast_head_json":{"title":"\u00a1Hay que ver! \u00a1Casa de Campo estrena video de baile con doblaje! | Casa de Campo Living","description":"\u00a1Es absolutamente necesario ver este video! El resort Casa de Campo acaba de lanzar un v\u00eddeo&nbsp;hilarante, espont\u00e1neo, divertido y alegre, con miembros","robots":{"index":"index","follow":"follow","max-snippet":"max-snippet:-1","max-image-preview":"max-image-preview:large","max-video-preview":"max-video-preview:-1"},"canonical":"https:\/\/casadecampoliving.com\/es\/hay-que-ver-casa-de-campo-estrena-video-de-baile-con-doblaje\/","og_locale":"es_ES","og_type":"article","og_title":"\u00a1Hay que ver! \u00a1Casa de Campo estrena video de baile con doblaje! | Casa de Campo Living","og_description":"\u00a1Es absolutamente necesario ver este video! El resort Casa de Campo acaba de lanzar un v\u00eddeo&nbsp;hilarante, espont\u00e1neo, divertido y alegre, con miembros","og_url":"https:\/\/casadecampoliving.com\/es\/hay-que-ver-casa-de-campo-estrena-video-de-baile-con-doblaje\/","og_site_name":"Casa de Campo Living","article_publisher":"https:\/\/www.facebook.com\/casadecampoliving","article_published_time":"2014-12-18T04:00:00+00:00","article_modified_time":"2022-10-21T22:57:58+00:00","og_image":[{"width":650,"height":370,"url":"https:\/\/i0.wp.com\/casadecampoliving.com\/wp-content\/uploads\/2022\/10\/casa_de_campo_lip_dub_video-1.jpg?fit=650%2C370&ssl=1","type":"image\/jpeg"}],"author":"Rebecca Hughes","twitter_card":"summary_large_image","twitter_creator":"@cdcliving","twitter_site":"@cdcliving","twitter_misc":{"Escrito por":"Rebecca Hughes","Tiempo de lectura":"1 minuto"},"schema":{"@context":"https:\/\/schema.org","@graph":[{"@type":"Article","@id":"https:\/\/casadecampoliving.com\/es\/hay-que-ver-casa-de-campo-estrena-video-de-baile-con-doblaje\/#article","isPartOf":{"@id":"https:\/\/casadecampoliving.com\/es\/hay-que-ver-casa-de-campo-estrena-video-de-baile-con-doblaje\/"},"author":{"name":"Rebecca Hughes","@id":"https:\/\/casadecampoliving.com\/es\/#\/schema\/person\/91d3085d9c6fe671ec9370a33bc98839"},"headline":"\u00a1Hay que ver! \u00a1Casa de Campo estrena video de baile con doblaje!","datePublished":"2014-12-18T04:00:00+00:00","dateModified":"2022-10-21T22:57:58+00:00","mainEntityOfPage":{"@id":"https:\/\/casadecampoliving.com\/es\/hay-que-ver-casa-de-campo-estrena-video-de-baile-con-doblaje\/"},"wordCount":270,"publisher":{"@id":"https:\/\/casadecampoliving.com\/es\/#organization"},"image":{"@id":"https:\/\/casadecampoliving.com\/es\/hay-que-ver-casa-de-campo-estrena-video-de-baile-con-doblaje\/#primaryimage"},"thumbnailUrl":"https:\/\/i0.wp.com\/casadecampoliving.com\/wp-content\/uploads\/2022\/10\/casa_de_campo_lip_dub_video-1.jpg?fit=650%2C370&ssl=1","keywords":["Casa de Campo","navidad","peter bonell @es","Rafael Torres @es","Video"],"articleSection":["Casa de Campo Living @es","CCL presenta","Noticias Locales","Resort Casa de Campo","Video @es"],"inLanguage":"es"},{"@type":"WebPage","@id":"https:\/\/casadecampoliving.com\/es\/hay-que-ver-casa-de-campo-estrena-video-de-baile-con-doblaje\/","url":"https:\/\/casadecampoliving.com\/es\/hay-que-ver-casa-de-campo-estrena-video-de-baile-con-doblaje\/","name":"\u00a1Hay que ver! \u00a1Casa de Campo estrena video de baile con doblaje! | Casa de Campo Living","isPartOf":{"@id":"https:\/\/casadecampoliving.com\/es\/#website"},"primaryImageOfPage":{"@id":"https:\/\/casadecampoliving.com\/es\/hay-que-ver-casa-de-campo-estrena-video-de-baile-con-doblaje\/#primaryimage"},"image":{"@id":"https:\/\/casadecampoliving.com\/es\/hay-que-ver-casa-de-campo-estrena-video-de-baile-con-doblaje\/#primaryimage"},"thumbnailUrl":"https:\/\/i0.wp.com\/casadecampoliving.com\/wp-content\/uploads\/2022\/10\/casa_de_campo_lip_dub_video-1.jpg?fit=650%2C370&ssl=1","datePublished":"2014-12-18T04:00:00+00:00","dateModified":"2022-10-21T22:57:58+00:00","description":"\u00a1Es absolutamente necesario ver este video! El resort Casa de Campo acaba de lanzar un v\u00eddeo&nbsp;hilarante, espont\u00e1neo, divertido y alegre, con miembros","breadcrumb":{"@id":"https:\/\/casadecampoliving.com\/es\/hay-que-ver-casa-de-campo-estrena-video-de-baile-con-doblaje\/#breadcrumb"},"inLanguage":"es","potentialAction":[{"@type":"ReadAction","target":["https:\/\/casadecampoliving.com\/es\/hay-que-ver-casa-de-campo-estrena-video-de-baile-con-doblaje\/"]}]},{"@type":"ImageObject","inLanguage":"es","@id":"https:\/\/casadecampoliving.com\/es\/hay-que-ver-casa-de-campo-estrena-video-de-baile-con-doblaje\/#primaryimage","url":"https:\/\/i0.wp.com\/casadecampoliving.com\/wp-content\/uploads\/2022\/10\/casa_de_campo_lip_dub_video-1.jpg?fit=650%2C370&ssl=1","contentUrl":"https:\/\/i0.wp.com\/casadecampoliving.com\/wp-content\/uploads\/2022\/10\/casa_de_campo_lip_dub_video-1.jpg?fit=650%2C370&ssl=1","width":650,"height":370,"caption":"Casa de Campo lip dub video"},{"@type":"BreadcrumbList","@id":"https:\/\/casadecampoliving.com\/es\/hay-que-ver-casa-de-campo-estrena-video-de-baile-con-doblaje\/#breadcrumb","itemListElement":[{"@type":"ListItem","position":1,"name":"Home","item":"https:\/\/casadecampoliving.com\/es\/"},{"@type":"ListItem","position":2,"name":"\u00a1Hay que ver! \u00a1Casa de Campo estrena video de baile con doblaje!"}]},{"@type":"WebSite","@id":"https:\/\/casadecampoliving.com\/es\/#website","url":"https:\/\/casadecampoliving.com\/es\/","name":"Casa de Campo Living","description":"Resort community news and resources.","publisher":{"@id":"https:\/\/casadecampoliving.com\/es\/#organization"},"potentialAction":[{"@type":"SearchAction","target":{"@type":"EntryPoint","urlTemplate":"https:\/\/casadecampoliving.com\/es\/?s={search_term_string}"},"query-input":{"@type":"PropertyValueSpecification","valueRequired":true,"valueName":"search_term_string"}}],"inLanguage":"es"},{"@type":"Organization","@id":"https:\/\/casadecampoliving.com\/es\/#organization","name":"Casa de Campo Living","url":"https:\/\/casadecampoliving.com\/es\/","logo":{"@type":"ImageObject","inLanguage":"es","@id":"https:\/\/casadecampoliving.com\/es\/#\/schema\/logo\/image\/","url":"https:\/\/i0.wp.com\/casadecampoliving.com\/wp-content\/uploads\/2022\/07\/CDCLivingLogo_V1-white-sized.png?fit=800%2C214&ssl=1","contentUrl":"https:\/\/i0.wp.com\/casadecampoliving.com\/wp-content\/uploads\/2022\/07\/CDCLivingLogo_V1-white-sized.png?fit=800%2C214&ssl=1","width":800,"height":214,"caption":"Casa de Campo Living"},"image":{"@id":"https:\/\/casadecampoliving.com\/es\/#\/schema\/logo\/image\/"},"sameAs":["https:\/\/www.facebook.com\/casadecampoliving","https:\/\/x.com\/cdcliving"]},{"@type":"Person","@id":"https:\/\/casadecampoliving.com\/es\/#\/schema\/person\/91d3085d9c6fe671ec9370a33bc98839","name":"Rebecca Hughes","image":{"@type":"ImageObject","inLanguage":"es","@id":"https:\/\/secure.gravatar.com\/avatar\/fa8193bc0c4cfd84f5082667d2539f9b4da960049480f4eed2244a6b96321e38?s=96&d=mm&r=g","url":"https:\/\/secure.gravatar.com\/avatar\/fa8193bc0c4cfd84f5082667d2539f9b4da960049480f4eed2244a6b96321e38?s=96&d=mm&r=g","contentUrl":"https:\/\/secure.gravatar.com\/avatar\/fa8193bc0c4cfd84f5082667d2539f9b4da960049480f4eed2244a6b96321e38?s=96&d=mm&r=g","caption":"Rebecca Hughes"},"description":"I am wonderful.","sameAs":["http:\/\/www.facebook.com\/profile.php?id=752510581"],"url":"https:\/\/casadecampoliving.com\/es\/author\/Rebecca Hughes\/"}]}},"parsely":{"version":"1.1.0","canonical_url":"https:\/\/casadecampoliving.com\/es\/hay-que-ver-casa-de-campo-estrena-video-de-baile-con-doblaje\/","smart_links":{"inbound":0,"outbound":0},"traffic_boost_suggestions_count":0,"meta":{"@context":"https:\/\/schema.org","@type":"NewsArticle","headline":"\u00a1Hay que ver! \u00a1Casa de Campo estrena video de baile con doblaje!","url":"http:\/\/casadecampoliving.com\/es\/hay-que-ver-casa-de-campo-estrena-video-de-baile-con-doblaje\/","mainEntityOfPage":{"@type":"WebPage","@id":"http:\/\/casadecampoliving.com\/es\/hay-que-ver-casa-de-campo-estrena-video-de-baile-con-doblaje\/"},"thumbnailUrl":"https:\/\/i0.wp.com\/casadecampoliving.com\/wp-content\/uploads\/2022\/10\/casa_de_campo_lip_dub_video-1.jpg?resize=150%2C150&ssl=1","image":{"@type":"ImageObject","url":"https:\/\/i0.wp.com\/casadecampoliving.com\/wp-content\/uploads\/2022\/10\/casa_de_campo_lip_dub_video-1.jpg?fit=650%2C370&ssl=1"},"articleSection":"CCL presenta","author":[{"@type":"Person","name":"Rebecca Hughes"}],"creator":["Rebecca Hughes"],"publisher":{"@type":"Organization","name":"Casa de Campo Living","logo":"https:\/\/casadecampoliving.com\/wp-content\/uploads\/2022\/07\/CDCLivingLogo_V1-white-sized.png"},"keywords":["casa de campo","navidad","peter bonell @es","rafael torres @es","video"],"dateCreated":"2014-12-18T04:00:00Z","datePublished":"2014-12-18T04:00:00Z","dateModified":"2022-10-21T22:57:58Z"},"rendered":"<script type=\"application\/ld+json\" class=\"wp-parsely-metadata\">{\"@context\":\"https:\\\/\\\/schema.org\",\"@type\":\"NewsArticle\",\"headline\":\"\\u00a1Hay que ver! \\u00a1Casa de Campo estrena video de baile con doblaje!\",\"url\":\"http:\\\/\\\/casadecampoliving.com\\\/es\\\/hay-que-ver-casa-de-campo-estrena-video-de-baile-con-doblaje\\\/\",\"mainEntityOfPage\":{\"@type\":\"WebPage\",\"@id\":\"http:\\\/\\\/casadecampoliving.com\\\/es\\\/hay-que-ver-casa-de-campo-estrena-video-de-baile-con-doblaje\\\/\"},\"thumbnailUrl\":\"https:\\\/\\\/i0.wp.com\\\/casadecampoliving.com\\\/wp-content\\\/uploads\\\/2022\\\/10\\\/casa_de_campo_lip_dub_video-1.jpg?resize=150%2C150&ssl=1\",\"image\":{\"@type\":\"ImageObject\",\"url\":\"https:\\\/\\\/i0.wp.com\\\/casadecampoliving.com\\\/wp-content\\\/uploads\\\/2022\\\/10\\\/casa_de_campo_lip_dub_video-1.jpg?fit=650%2C370&ssl=1\"},\"articleSection\":\"CCL presenta\",\"author\":[{\"@type\":\"Person\",\"name\":\"Rebecca Hughes\"}],\"creator\":[\"Rebecca Hughes\"],\"publisher\":{\"@type\":\"Organization\",\"name\":\"Casa de Campo Living\",\"logo\":\"https:\\\/\\\/casadecampoliving.com\\\/wp-content\\\/uploads\\\/2022\\\/07\\\/CDCLivingLogo_V1-white-sized.png\"},\"keywords\":[\"casa de campo\",\"navidad\",\"peter bonell @es\",\"rafael torres @es\",\"video\"],\"dateCreated\":\"2014-12-18T04:00:00Z\",\"datePublished\":\"2014-12-18T04:00:00Z\",\"dateModified\":\"2022-10-21T22:57:58Z\"}<\/script>","tracker_url":"https:\/\/cdn.parsely.com\/keys\/casadecampoliving.com\/p.js"},"jetpack_publicize_connections":[],"jetpack_featured_media_url":"https:\/\/i0.wp.com\/casadecampoliving.com\/wp-content\/uploads\/2022\/10\/casa_de_campo_lip_dub_video-1.jpg?fit=650%2C370&ssl=1","jetpack-related-posts":[{"id":433460,"url":"https:\/\/casadecampoliving.com\/es\/no-se-pierdan-el-increible-tributo-a-frank-sinatra-para-celebrar-el-40-aniversario-del-anfiteatro-altos-de-chavon\/","url_meta":{"origin":346339,"position":0},"title":"No se pierdan el incre\u00edble tributo a Frank Sinatra para celebrar el 40 aniversario del\u00a0Anfiteatro Altos de Chav\u00f3n","author":"Casa de Campo Living","date":"20 Oct, 2022","format":false,"excerpt":"Siendo uno de los escenarios m\u00e1s emblem\u00e1ticos del pa\u00eds, Casa de Campo Resort\u00ae & Villas celebra las cuatro d\u00e9cadas de aniversario de Altos de Chav\u00f3n con un tributo al gran Frank Sinatra, protagonizado por artistas invitados y una big band tal cual la que acompa\u00f1\u00f3 al artista hace 40 a\u00f1os\u2026","rel":"","context":"En \u00abUncategorized @es\u00bb","block_context":{"text":"Uncategorized @es","link":"https:\/\/casadecampoliving.com\/es\/category\/uncategorized-es\/"},"img":{"alt_text":"","src":"https:\/\/i0.wp.com\/casadecampoliving.com\/wp-content\/uploads\/2022\/10\/Tributo-Frank-Sinatra-Foto-Principal-Amaury-Sanchez-Danilo-Ginebra-Andres-Pichardo-y-Jose-Gabriel-Perez-.jpg?fit=1200%2C873&ssl=1&resize=350%2C200","width":350,"height":200,"srcset":"https:\/\/i0.wp.com\/casadecampoliving.com\/wp-content\/uploads\/2022\/10\/Tributo-Frank-Sinatra-Foto-Principal-Amaury-Sanchez-Danilo-Ginebra-Andres-Pichardo-y-Jose-Gabriel-Perez-.jpg?fit=1200%2C873&ssl=1&resize=350%2C200 1x, https:\/\/i0.wp.com\/casadecampoliving.com\/wp-content\/uploads\/2022\/10\/Tributo-Frank-Sinatra-Foto-Principal-Amaury-Sanchez-Danilo-Ginebra-Andres-Pichardo-y-Jose-Gabriel-Perez-.jpg?fit=1200%2C873&ssl=1&resize=525%2C300 1.5x, https:\/\/i0.wp.com\/casadecampoliving.com\/wp-content\/uploads\/2022\/10\/Tributo-Frank-Sinatra-Foto-Principal-Amaury-Sanchez-Danilo-Ginebra-Andres-Pichardo-y-Jose-Gabriel-Perez-.jpg?fit=1200%2C873&ssl=1&resize=700%2C400 2x, https:\/\/i0.wp.com\/casadecampoliving.com\/wp-content\/uploads\/2022\/10\/Tributo-Frank-Sinatra-Foto-Principal-Amaury-Sanchez-Danilo-Ginebra-Andres-Pichardo-y-Jose-Gabriel-Perez-.jpg?fit=1200%2C873&ssl=1&resize=1050%2C600 3x"},"classes":[]},{"id":324942,"url":"https:\/\/casadecampoliving.com\/casa-de-campo-video\/","url_meta":{"origin":346339,"position":1},"title":"MUST SEE! Casa de Campo releases lip-dub dance video!","author":"Rebecca Silvestri","date":"18 Dic, 2014","format":false,"excerpt":"You absolutely must see this video! The Casa de Campo resort has just launched\u00a0a hilariously candid, fun and light-hearted video featuring members of the Casa de Campo staff singing and syncing to \u201cla vida es una solo\u201d. In the video we see members of the entire Casa de Campo resort\u2026","rel":"","context":"En \u00abCasa de Campo Resort\u00bb","block_context":{"text":"Casa de Campo Resort","link":"https:\/\/casadecampoliving.com\/category\/casa-de-campo-resort\/"},"img":{"alt_text":"Casa de Campo lip dub video","src":"https:\/\/i0.wp.com\/casadecampoliving.com\/wp-content\/uploads\/2022\/10\/casa_de_campo_lip_dub_video-1.jpg?fit=650%2C370&ssl=1&resize=350%2C200","width":350,"height":200,"srcset":"https:\/\/i0.wp.com\/casadecampoliving.com\/wp-content\/uploads\/2022\/10\/casa_de_campo_lip_dub_video-1.jpg?fit=650%2C370&ssl=1&resize=350%2C200 1x, https:\/\/i0.wp.com\/casadecampoliving.com\/wp-content\/uploads\/2022\/10\/casa_de_campo_lip_dub_video-1.jpg?fit=650%2C370&ssl=1&resize=525%2C300 1.5x"},"classes":[]},{"id":343337,"url":"https:\/\/casadecampoliving.com\/es\/peter-bonell-nombrado-asesor-de-great-golf-resorts-world\/","url_meta":{"origin":346339,"position":2},"title":"Peter Bonell nombrado asesor de \u00abGreat Golf Resorts of the world\u00bb","author":"Genesis Perdomo","date":"24 Nov, 2013","format":false,"excerpt":"En octubre del a\u00f1o pasado, Peter Bonell fue nombrado como el director de marketing del resort de Casa de Campo, ahora Peter Bonell ha sido nombrado el nuevo asesor para el Great Golf Resorts of the world (GGRW), representando el Caribe, M\u00e9xico y Sur Am\u00e9rica. El GGWR crea instrumentos de\u2026","rel":"","context":"En \u00abCasa de Campo Living @es\u00bb","block_context":{"text":"Casa de Campo Living @es","link":"https:\/\/casadecampoliving.com\/category\/casa-de-campo-living-es\/"},"img":{"alt_text":"peter bonell casa de campo","src":"https:\/\/i0.wp.com\/casadecampoliving.com\/wp-content\/uploads\/2022\/10\/peter_bonell_casa_de_campo-1.jpg?fit=650%2C400&ssl=1&resize=350%2C200","width":350,"height":200,"srcset":"https:\/\/i0.wp.com\/casadecampoliving.com\/wp-content\/uploads\/2022\/10\/peter_bonell_casa_de_campo-1.jpg?fit=650%2C400&ssl=1&resize=350%2C200 1x, https:\/\/i0.wp.com\/casadecampoliving.com\/wp-content\/uploads\/2022\/10\/peter_bonell_casa_de_campo-1.jpg?fit=650%2C400&ssl=1&resize=525%2C300 1.5x"},"classes":[]},{"id":342789,"url":"https:\/\/casadecampoliving.com\/es\/36to-torneo-anual-de-tenis-internacional-de-casa-de-campo-abre-con-un-servicio-peter-bonell\/","url_meta":{"origin":346339,"position":3},"title":"Torneo Anual de Tenis Internacional de Casa de Campo edici\u00f3n n\u00famero 36 abre con un servicio Peter Bonell","author":"Maria Veronica Silvestri","date":"30 Ago, 2013","format":false,"excerpt":"Ayer jueves 29 de agosto, el Torneo de Tenis Casa de Campo en su edici\u00f3n n\u00famero 36 fue inaugurado\u00a0oficialmente en La Terraza Tenis Club. El torneo m\u00e1s largo en la Rep\u00fablica Dominicana toma lugar en La Terraza Tenis\u00a0Club cada a\u00f1o sin interrupci\u00f3n, por espacio 36 a\u00f1os - y tomando parte\u2026","rel":"","context":"En \u00abEventos\u00bb","block_context":{"text":"Eventos","link":"https:\/\/casadecampoliving.com\/es\/category\/eventos-es\/"},"img":{"alt_text":"1111","src":"https:\/\/i0.wp.com\/casadecampoliving.com\/wp-content\/uploads\/2022\/10\/1111.jpg?resize=350%2C200","width":350,"height":200},"classes":[]},{"id":342686,"url":"https:\/\/casadecampoliving.com\/es\/casa-de-campo-se-une-al-exclusivo-grupo-de-preferred-hotels-and-resorts\/","url_meta":{"origin":346339,"position":4},"title":"Casa de Campo se une al exclusivo grupo de \u00abPreferred Hotels and Resorts\u00bb","author":"Eliana Alba","date":"14 Ago, 2013","format":false,"excerpt":"Casa de Campo se enorgullece en anunciar que recientemente se ha convertido en miembro afiliado del exclusivo grupo Preferred Hotels & Resorts, la colecci\u00f3n de lujo de hoteles y una marca exclusiva de Preferred Hotel Group\u2122. Casa de Campo puede ahora presumir de ser parte de un selectivo grupo de\u2026","rel":"","context":"En \u00abDestacados\u00bb","block_context":{"text":"Destacados","link":"https:\/\/casadecampoliving.com\/es\/category\/destacados\/"},"img":{"alt_text":"minitas beach","src":"https:\/\/i0.wp.com\/casadecampoliving.com\/wp-content\/uploads\/2022\/10\/minitas_beach-14.jpg?fit=650%2C321&ssl=1&resize=350%2C200","width":350,"height":200,"srcset":"https:\/\/i0.wp.com\/casadecampoliving.com\/wp-content\/uploads\/2022\/10\/minitas_beach-14.jpg?fit=650%2C321&ssl=1&resize=350%2C200 1x, https:\/\/i0.wp.com\/casadecampoliving.com\/wp-content\/uploads\/2022\/10\/minitas_beach-14.jpg?fit=650%2C321&ssl=1&resize=525%2C300 1.5x"},"classes":[]},{"id":345217,"url":"https:\/\/casadecampoliving.com\/es\/copa-casa-de-campo-inugurada-por-peter-bonell\/","url_meta":{"origin":346339,"position":5},"title":"Copa Casa de Campo inugurada por Peter Bonell","author":"Maria Isabel B\u00e1ez","date":"28 Ago, 2014","format":false,"excerpt":"El Trig\u00e9simo S\u00e9ptimo Torneo de Tenis, Copa Casa de Campo, fue inaugurado esta ma\u00f1ana con un fuerte saque de Peter Bonell y para los dominicanos Pedro Mercedes y Alexander Rozemko que salieron airosos en sus respectivos partidos. Con los primeros partidos de tenis empezando a las 9am en el club\u2026","rel":"","context":"En \u00abDeportes\u00bb","block_context":{"text":"Deportes","link":"https:\/\/casadecampoliving.com\/es\/category\/golf-deportes-es\/"},"img":{"alt_text":"Peter Bonell tennis Casa de Campo","src":"https:\/\/i0.wp.com\/casadecampoliving.com\/wp-content\/uploads\/2022\/10\/peter_bonell_tennis_Casa_de_Campo-1-scaled.jpg?fit=1200%2C797&ssl=1&resize=350%2C200","width":350,"height":200,"srcset":"https:\/\/i0.wp.com\/casadecampoliving.com\/wp-content\/uploads\/2022\/10\/peter_bonell_tennis_Casa_de_Campo-1-scaled.jpg?fit=1200%2C797&ssl=1&resize=350%2C200 1x, https:\/\/i0.wp.com\/casadecampoliving.com\/wp-content\/uploads\/2022\/10\/peter_bonell_tennis_Casa_de_Campo-1-scaled.jpg?fit=1200%2C797&ssl=1&resize=525%2C300 1.5x, https:\/\/i0.wp.com\/casadecampoliving.com\/wp-content\/uploads\/2022\/10\/peter_bonell_tennis_Casa_de_Campo-1-scaled.jpg?fit=1200%2C797&ssl=1&resize=700%2C400 2x, https:\/\/i0.wp.com\/casadecampoliving.com\/wp-content\/uploads\/2022\/10\/peter_bonell_tennis_Casa_de_Campo-1-scaled.jpg?fit=1200%2C797&ssl=1&resize=1050%2C600 3x"},"classes":[]}],"jetpack_sharing_enabled":true,"_links":{"self":[{"href":"https:\/\/casadecampoliving.com\/es\/wp-json\/wp\/v2\/posts\/346339","targetHints":{"allow":["GET"]}}],"collection":[{"href":"https:\/\/casadecampoliving.com\/es\/wp-json\/wp\/v2\/posts"}],"about":[{"href":"https:\/\/casadecampoliving.com\/es\/wp-json\/wp\/v2\/types\/post"}],"author":[{"embeddable":true,"href":"https:\/\/casadecampoliving.com\/es\/wp-json\/wp\/v2\/users\/14"}],"replies":[{"embeddable":true,"href":"https:\/\/casadecampoliving.com\/es\/wp-json\/wp\/v2\/comments?post=346339"}],"version-history":[{"count":1,"href":"https:\/\/casadecampoliving.com\/es\/wp-json\/wp\/v2\/posts\/346339\/revisions"}],"predecessor-version":[{"id":346340,"href":"https:\/\/casadecampoliving.com\/es\/wp-json\/wp\/v2\/posts\/346339\/revisions\/346340"}],"wp:featuredmedia":[{"embeddable":true,"href":"https:\/\/casadecampoliving.com\/es\/wp-json\/wp\/v2\/media\/296990"}],"wp:attachment":[{"href":"https:\/\/casadecampoliving.com\/es\/wp-json\/wp\/v2\/media?parent=346339"}],"wp:term":[{"taxonomy":"category","embeddable":true,"href":"https:\/\/casadecampoliving.com\/es\/wp-json\/wp\/v2\/categories?post=346339"},{"taxonomy":"post_tag","embeddable":true,"href":"https:\/\/casadecampoliving.com\/es\/wp-json\/wp\/v2\/tags?post=346339"},{"taxonomy":"newspack_spnsrs_tax","embeddable":true,"href":"https:\/\/casadecampoliving.com\/es\/wp-json\/wp\/v2\/newspack_spnsrs_tax?post=346339"}],"curies":[{"name":"wp","href":"https:\/\/api.w.org\/{rel}","templated":true}]}}