{"id":346311,"date":"2014-12-17T00:00:00","date_gmt":"2014-12-17T04:00:00","guid":{"rendered":"https:\/\/casadecampoliving.com\/cafe-marietta-tratto-pub-abrira-proximamente-en-altos-de-chavon\/"},"modified":"2022-11-10T10:32:01","modified_gmt":"2022-11-10T14:32:01","slug":"cafe-marietta-tratto-pub-abrira-proximamente-en-altos-de-chavon","status":"publish","type":"post","link":"https:\/\/casadecampoliving.com\/es\/cafe-marietta-tratto-pub-abrira-proximamente-en-altos-de-chavon\/","title":{"rendered":"Caf\u00e9 Marietta, tratto-pub abrir\u00e1 pr\u00f3ximamente en Altos de Chav\u00f3n"},"content":{"rendered":"<img data-recalc-dims=\"1\" loading=\"lazy\" decoding=\"async\" class=\"aligncenter wp-image-104434\" src=\"https:\/\/i0.wp.com\/casadecampoliving.com\/wp-content\/uploads\/2022\/10\/pizzeria_altos_de_chavon2.jpg?resize=650%2C488&#038;ssl=1\" alt=\"pizzeria_altos_de_chavon2\" width=\"650\" height=\"488\" \/>Comer deliciosa pizza en la terraza del \u00abCaf\u00e9 del Sol\u00bb es una experiencia de Altos de Chav\u00f3n por excelencia. Y hoy amigos estamos encantados de decirle que va a volver!\n\n<!--more-->\n\n<img data-recalc-dims=\"1\" loading=\"lazy\" decoding=\"async\" class=\"alignright wp-image-104433\" src=\"https:\/\/i0.wp.com\/casadecampoliving.com\/wp-content\/uploads\/2022\/10\/pizzeria_altos_de_chavon.jpg?resize=242%2C450&#038;ssl=1\" alt=\"pizzeria_altos_de_chavon\" width=\"242\" height=\"450\" \/>Caf\u00e9 Marietta, tratto-pub abrir\u00e1 pr\u00f3ximamente en Altos de Chav\u00f3n, y as\u00ed, una vez m\u00e1s, estar\u00e1 disfrutando el sabor de la deliciosa pizza con esa magn\u00edfica vista de la plaza Chav\u00f3n, el r\u00edo Chav\u00f3n y m\u00e1s all\u00e1 de las monta\u00f1as de la Cordillera Oriental .\n\nCaf\u00e9 Marietta es propiedad de Marc Tiernay, y su compa\u00f1ero Arturo V\u00e1squez, <em><strong>\u00abtenemos la intenci\u00f3n de ofrecer un concepto Trattoria, en el que estamos seguros que vamos a ofrecer las mejores pizzas de Casa de Campo ha tenido nunca.\u00bb<\/strong><\/em> Marc le dijo a la Casa de Campo Living.\n\n<em><strong>\u00abLos precios son para estar en el nivel intermedio, ya que planeamos ofrecer comida de calidad, servicio y experiencia a un precio decente y justo\u00bb<\/strong><\/em>.\n\nLos rumores son que abrir\u00e1n tan pronto como esta semana. As\u00ed que tan pronto como est\u00e9n abierto y probemos ese primer bocado de suculenta pizza les haremos saber!\n\nLa siguiente colecci\u00f3n de fotos fueron enviadas a nosotros de parte de Marc Tiernay y que sin duda nos dan una buena idea de lo que Caf\u00e9 Marietta tiene reservado para nosotros! \u00a1Delicioso!\u00a0<strong>\n<figure class=\"wp-block-gallery has-nested-images columns-default is-cropped wp-block-gallery-1 is-layout-flex wp-block-gallery-is-layout-flex\">\n<figure class=\"wp-block-image size-large\"><img data-recalc-dims=\"1\" loading=\"lazy\" decoding=\"async\" width=\"960\" height=\"720\" data-id=\"483586\" src=\"https:\/\/i0.wp.com\/casadecampoliving.com\/wp-content\/uploads\/2022\/10\/pizzeria_altos_de_chavon1.jpg?resize=960%2C720&#038;ssl=1\" alt=\"\" class=\"wp-image-483586\" srcset=\"https:\/\/i0.wp.com\/casadecampoliving.com\/wp-content\/uploads\/2022\/10\/pizzeria_altos_de_chavon1.jpg?w=960&amp;ssl=1 960w, https:\/\/i0.wp.com\/casadecampoliving.com\/wp-content\/uploads\/2022\/10\/pizzeria_altos_de_chavon1.jpg?resize=300%2C225&amp;ssl=1 300w, https:\/\/i0.wp.com\/casadecampoliving.com\/wp-content\/uploads\/2022\/10\/pizzeria_altos_de_chavon1.jpg?resize=768%2C576&amp;ssl=1 768w, https:\/\/i0.wp.com\/casadecampoliving.com\/wp-content\/uploads\/2022\/10\/pizzeria_altos_de_chavon1.jpg?resize=800%2C600&amp;ssl=1 800w, https:\/\/i0.wp.com\/casadecampoliving.com\/wp-content\/uploads\/2022\/10\/pizzeria_altos_de_chavon1.jpg?resize=400%2C300&amp;ssl=1 400w, https:\/\/i0.wp.com\/casadecampoliving.com\/wp-content\/uploads\/2022\/10\/pizzeria_altos_de_chavon1.jpg?resize=200%2C150&amp;ssl=1 200w, https:\/\/i0.wp.com\/casadecampoliving.com\/wp-content\/uploads\/2022\/10\/pizzeria_altos_de_chavon1.jpg?resize=706%2C530&amp;ssl=1 706w, https:\/\/i0.wp.com\/casadecampoliving.com\/wp-content\/uploads\/2022\/10\/pizzeria_altos_de_chavon1.jpg?resize=150%2C113&amp;ssl=1 150w, https:\/\/i0.wp.com\/casadecampoliving.com\/wp-content\/uploads\/2022\/10\/pizzeria_altos_de_chavon1.jpg?w=370&amp;ssl=1 370w\" sizes=\"auto, (max-width: 960px) 100vw, 960px\" \/><\/figure>\n\n\n\n<figure class=\"wp-block-image size-large\"><img data-recalc-dims=\"1\" loading=\"lazy\" decoding=\"async\" width=\"960\" height=\"720\" data-id=\"483598\" src=\"https:\/\/i0.wp.com\/casadecampoliving.com\/wp-content\/uploads\/2022\/10\/pizzeria_altos_de_chavon2-2.jpg?resize=960%2C720&#038;ssl=1\" alt=\"\" class=\"wp-image-483598\" srcset=\"https:\/\/i0.wp.com\/casadecampoliving.com\/wp-content\/uploads\/2022\/10\/pizzeria_altos_de_chavon2-2.jpg?w=960&amp;ssl=1 960w, https:\/\/i0.wp.com\/casadecampoliving.com\/wp-content\/uploads\/2022\/10\/pizzeria_altos_de_chavon2-2.jpg?resize=300%2C225&amp;ssl=1 300w, https:\/\/i0.wp.com\/casadecampoliving.com\/wp-content\/uploads\/2022\/10\/pizzeria_altos_de_chavon2-2.jpg?resize=768%2C576&amp;ssl=1 768w, https:\/\/i0.wp.com\/casadecampoliving.com\/wp-content\/uploads\/2022\/10\/pizzeria_altos_de_chavon2-2.jpg?resize=800%2C600&amp;ssl=1 800w, https:\/\/i0.wp.com\/casadecampoliving.com\/wp-content\/uploads\/2022\/10\/pizzeria_altos_de_chavon2-2.jpg?resize=400%2C300&amp;ssl=1 400w, https:\/\/i0.wp.com\/casadecampoliving.com\/wp-content\/uploads\/2022\/10\/pizzeria_altos_de_chavon2-2.jpg?resize=200%2C150&amp;ssl=1 200w, https:\/\/i0.wp.com\/casadecampoliving.com\/wp-content\/uploads\/2022\/10\/pizzeria_altos_de_chavon2-2.jpg?resize=706%2C530&amp;ssl=1 706w, https:\/\/i0.wp.com\/casadecampoliving.com\/wp-content\/uploads\/2022\/10\/pizzeria_altos_de_chavon2-2.jpg?resize=150%2C113&amp;ssl=1 150w, https:\/\/i0.wp.com\/casadecampoliving.com\/wp-content\/uploads\/2022\/10\/pizzeria_altos_de_chavon2-2.jpg?w=370&amp;ssl=1 370w\" sizes=\"auto, (max-width: 960px) 100vw, 960px\" \/><\/figure>\n\n\n\n<figure class=\"wp-block-image size-large\"><img data-recalc-dims=\"1\" loading=\"lazy\" decoding=\"async\" width=\"960\" height=\"720\" data-id=\"483608\" src=\"https:\/\/i0.wp.com\/casadecampoliving.com\/wp-content\/uploads\/2022\/10\/pizzeria_altos_de_chavon3.jpg?resize=960%2C720&#038;ssl=1\" alt=\"\" class=\"wp-image-483608\" srcset=\"https:\/\/i0.wp.com\/casadecampoliving.com\/wp-content\/uploads\/2022\/10\/pizzeria_altos_de_chavon3.jpg?w=960&amp;ssl=1 960w, https:\/\/i0.wp.com\/casadecampoliving.com\/wp-content\/uploads\/2022\/10\/pizzeria_altos_de_chavon3.jpg?resize=300%2C225&amp;ssl=1 300w, https:\/\/i0.wp.com\/casadecampoliving.com\/wp-content\/uploads\/2022\/10\/pizzeria_altos_de_chavon3.jpg?resize=768%2C576&amp;ssl=1 768w, https:\/\/i0.wp.com\/casadecampoliving.com\/wp-content\/uploads\/2022\/10\/pizzeria_altos_de_chavon3.jpg?resize=800%2C600&amp;ssl=1 800w, https:\/\/i0.wp.com\/casadecampoliving.com\/wp-content\/uploads\/2022\/10\/pizzeria_altos_de_chavon3.jpg?resize=400%2C300&amp;ssl=1 400w, https:\/\/i0.wp.com\/casadecampoliving.com\/wp-content\/uploads\/2022\/10\/pizzeria_altos_de_chavon3.jpg?resize=200%2C150&amp;ssl=1 200w, https:\/\/i0.wp.com\/casadecampoliving.com\/wp-content\/uploads\/2022\/10\/pizzeria_altos_de_chavon3.jpg?resize=706%2C530&amp;ssl=1 706w, https:\/\/i0.wp.com\/casadecampoliving.com\/wp-content\/uploads\/2022\/10\/pizzeria_altos_de_chavon3.jpg?resize=150%2C113&amp;ssl=1 150w, https:\/\/i0.wp.com\/casadecampoliving.com\/wp-content\/uploads\/2022\/10\/pizzeria_altos_de_chavon3.jpg?w=370&amp;ssl=1 370w\" sizes=\"auto, (max-width: 960px) 100vw, 960px\" \/><\/figure>\n\n\n\n<figure class=\"wp-block-image size-large\"><img data-recalc-dims=\"1\" loading=\"lazy\" decoding=\"async\" width=\"960\" height=\"720\" data-id=\"483620\" src=\"https:\/\/i0.wp.com\/casadecampoliving.com\/wp-content\/uploads\/2022\/10\/pizzeria_altos_de_chavon4.jpg?resize=960%2C720&#038;ssl=1\" alt=\"\" class=\"wp-image-483620\" srcset=\"https:\/\/i0.wp.com\/casadecampoliving.com\/wp-content\/uploads\/2022\/10\/pizzeria_altos_de_chavon4.jpg?w=960&amp;ssl=1 960w, https:\/\/i0.wp.com\/casadecampoliving.com\/wp-content\/uploads\/2022\/10\/pizzeria_altos_de_chavon4.jpg?resize=300%2C225&amp;ssl=1 300w, https:\/\/i0.wp.com\/casadecampoliving.com\/wp-content\/uploads\/2022\/10\/pizzeria_altos_de_chavon4.jpg?resize=768%2C576&amp;ssl=1 768w, https:\/\/i0.wp.com\/casadecampoliving.com\/wp-content\/uploads\/2022\/10\/pizzeria_altos_de_chavon4.jpg?resize=800%2C600&amp;ssl=1 800w, https:\/\/i0.wp.com\/casadecampoliving.com\/wp-content\/uploads\/2022\/10\/pizzeria_altos_de_chavon4.jpg?resize=400%2C300&amp;ssl=1 400w, https:\/\/i0.wp.com\/casadecampoliving.com\/wp-content\/uploads\/2022\/10\/pizzeria_altos_de_chavon4.jpg?resize=200%2C150&amp;ssl=1 200w, https:\/\/i0.wp.com\/casadecampoliving.com\/wp-content\/uploads\/2022\/10\/pizzeria_altos_de_chavon4.jpg?resize=706%2C530&amp;ssl=1 706w, https:\/\/i0.wp.com\/casadecampoliving.com\/wp-content\/uploads\/2022\/10\/pizzeria_altos_de_chavon4.jpg?resize=150%2C113&amp;ssl=1 150w, https:\/\/i0.wp.com\/casadecampoliving.com\/wp-content\/uploads\/2022\/10\/pizzeria_altos_de_chavon4.jpg?w=370&amp;ssl=1 370w\" sizes=\"auto, (max-width: 960px) 100vw, 960px\" \/><\/figure>\n<\/figure>\n<\/strong>","protected":false},"excerpt":{"rendered":"<p>Comer deliciosa pizza en la terraza del \u00abCaf\u00e9 del Sol\u00bb es una experiencia de Altos de Chav\u00f3n por excelencia. Y hoy amigos estamos encantados de decirle que va a volver!<\/p>\n","protected":false},"author":1097,"featured_media":296537,"comment_status":"closed","ping_status":"closed","sticky":false,"template":"","format":"standard","meta":{"newspack_ads_suppress_ads":false,"newspack_popups_has_disabled_popups":false,"newspack_sponsor_sponsorship_scope":"","newspack_sponsor_native_byline_display":"inherit","newspack_sponsor_native_category_display":"inherit","newspack_sponsor_underwriter_style":"inherit","newspack_sponsor_underwriter_placement":"inherit","_newspack_byline_active":false,"_newspack_byline":"","newspack_hide_updated_date":false,"newspack_show_updated_date":false,"newspack_content_restriction_is_exempt":false,"newspack_featured_image_position":"","newspack_post_subtitle":"","newspack_article_summary_title":"Overview:","newspack_article_summary":"","_jetpack_memberships_contains_paid_content":false,"footnotes":"","jetpack_publicize_message":"","jetpack_publicize_feature_enabled":true,"jetpack_social_post_already_shared":false,"jetpack_social_options":{"image_generator_settings":{"template":"highway","default_image_id":0,"font":"","enabled":false},"version":2},"_wpas_customize_per_network":false},"categories":[26819,6192,26936,26951,2520,2521,2524,14629,2526,14631,14625,26822],"tags":[15387,3575,11550,6371,6249],"newspack_spnsrs_tax":[],"class_list":["post-346311","post","type-post","status-publish","format-standard","has-post-thumbnail","hentry","category-altos-de-chavon-es","category-businesses","category-casa-de-campo-living-es","category-ccl-presenta","category-restaurantes-es","category-republica-dominicana-2","category-destacados","category-comidas-bebidas","category-titulares-es","category-estilo-de-vida","category-noticias-locales","category-resort-casa-de-campo","tag-altos-de-chavon-es","tag-altos-de-chavon-es-2","tag-cafe-marietta","tag-casa-de-campo-resort-es","tag-pizza-es","entry"],"yoast_head":"<!-- This site is optimized with the Yoast SEO plugin v27.4 - https:\/\/yoast.com\/product\/yoast-seo-wordpress\/ -->\n<title>Caf\u00e9 Marietta, tratto-pub abrir\u00e1 pr\u00f3ximamente en Altos de Chav\u00f3n | Casa de Campo Living<\/title>\n<meta name=\"description\" content=\"Comer deliciosa pizza en la terraza del &quot;Caf\u00e9 del Sol&quot; es una experiencia de Altos de Chav\u00f3n por excelencia. Y hoy amigos estamos encantados de decirle\" \/>\n<meta name=\"robots\" content=\"index, follow, max-snippet:-1, max-image-preview:large, max-video-preview:-1\" \/>\n<link rel=\"canonical\" href=\"https:\/\/casadecampoliving.com\/es\/cafe-marietta-tratto-pub-abrira-proximamente-en-altos-de-chavon\/\" \/>\n<meta property=\"og:locale\" content=\"es_ES\" \/>\n<meta property=\"og:type\" content=\"article\" \/>\n<meta property=\"og:title\" content=\"Caf\u00e9 Marietta, tratto-pub abrir\u00e1 pr\u00f3ximamente en Altos de Chav\u00f3n | Casa de Campo Living\" \/>\n<meta property=\"og:description\" content=\"Comer deliciosa pizza en la terraza del &quot;Caf\u00e9 del Sol&quot; es una experiencia de Altos de Chav\u00f3n por excelencia. Y hoy amigos estamos encantados de decirle\" \/>\n<meta property=\"og:url\" content=\"https:\/\/casadecampoliving.com\/es\/cafe-marietta-tratto-pub-abrira-proximamente-en-altos-de-chavon\/\" \/>\n<meta property=\"og:site_name\" content=\"Casa de Campo Living\" \/>\n<meta property=\"article:publisher\" content=\"https:\/\/www.facebook.com\/casadecampoliving\" \/>\n<meta property=\"article:published_time\" content=\"2014-12-17T04:00:00+00:00\" \/>\n<meta property=\"article:modified_time\" content=\"2022-11-10T14:32:01+00:00\" \/>\n<meta property=\"og:image\" content=\"https:\/\/i0.wp.com\/casadecampoliving.com\/wp-content\/uploads\/2022\/10\/pizzeria_altos_de_chavon2-1.jpg?fit=960%2C720&ssl=1\" \/>\n\t<meta property=\"og:image:width\" content=\"960\" \/>\n\t<meta property=\"og:image:height\" content=\"720\" \/>\n\t<meta property=\"og:image:type\" content=\"image\/jpeg\" \/>\n<meta name=\"author\" content=\"Perkin Agramonte\" \/>\n<meta name=\"twitter:card\" content=\"summary_large_image\" \/>\n<meta name=\"twitter:creator\" content=\"@cdcliving\" \/>\n<meta name=\"twitter:site\" content=\"@cdcliving\" \/>\n<meta name=\"twitter:label1\" content=\"Escrito por\" \/>\n\t<meta name=\"twitter:data1\" content=\"Perkin Agramonte\" \/>\n\t<meta name=\"twitter:label2\" content=\"Tiempo de lectura\" \/>\n\t<meta name=\"twitter:data2\" content=\"1 minuto\" \/>\n<script type=\"application\/ld+json\" class=\"yoast-schema-graph\">{\"@context\":\"https:\\\/\\\/schema.org\",\"@graph\":[{\"@type\":\"Article\",\"@id\":\"https:\\\/\\\/casadecampoliving.com\\\/es\\\/cafe-marietta-tratto-pub-abrira-proximamente-en-altos-de-chavon\\\/#article\",\"isPartOf\":{\"@id\":\"https:\\\/\\\/casadecampoliving.com\\\/es\\\/cafe-marietta-tratto-pub-abrira-proximamente-en-altos-de-chavon\\\/\"},\"author\":{\"name\":\"Perkin Agramonte\",\"@id\":\"https:\\\/\\\/casadecampoliving.com\\\/es\\\/#\\\/schema\\\/person\\\/c8efa6049510554b7d5fea078d728f72\"},\"headline\":\"Caf\u00e9 Marietta, tratto-pub abrir\u00e1 pr\u00f3ximamente en Altos de Chav\u00f3n\",\"datePublished\":\"2014-12-17T04:00:00+00:00\",\"dateModified\":\"2022-11-10T14:32:01+00:00\",\"mainEntityOfPage\":{\"@id\":\"https:\\\/\\\/casadecampoliving.com\\\/es\\\/cafe-marietta-tratto-pub-abrira-proximamente-en-altos-de-chavon\\\/\"},\"wordCount\":234,\"publisher\":{\"@id\":\"https:\\\/\\\/casadecampoliving.com\\\/es\\\/#organization\"},\"image\":{\"@id\":\"https:\\\/\\\/casadecampoliving.com\\\/es\\\/cafe-marietta-tratto-pub-abrira-proximamente-en-altos-de-chavon\\\/#primaryimage\"},\"thumbnailUrl\":\"https:\\\/\\\/i0.wp.com\\\/casadecampoliving.com\\\/wp-content\\\/uploads\\\/2022\\\/10\\\/pizzeria_altos_de_chavon2-1.jpg?fit=960%2C720&ssl=1\",\"keywords\":[\"Altos de Chavon\",\"Altos de Chavon -es\",\"Caf\u00e9 Marietta\",\"casa de campo resort @es\",\"pizza @es\"],\"articleSection\":[\"Altos de Chavon @es\",\"businesses\",\"Casa de Campo Living @es\",\"CCL presenta\",\"Restaurantes\",\"Rep\u00fablica Dominicana @es\",\"Destacados\",\"Comidas &amp; Bebidas\",\"Titulares\",\"Estilo de Vida\",\"Noticias Locales\",\"Resort Casa de Campo\"],\"inLanguage\":\"es\"},{\"@type\":\"WebPage\",\"@id\":\"https:\\\/\\\/casadecampoliving.com\\\/es\\\/cafe-marietta-tratto-pub-abrira-proximamente-en-altos-de-chavon\\\/\",\"url\":\"https:\\\/\\\/casadecampoliving.com\\\/es\\\/cafe-marietta-tratto-pub-abrira-proximamente-en-altos-de-chavon\\\/\",\"name\":\"Caf\u00e9 Marietta, tratto-pub abrir\u00e1 pr\u00f3ximamente en Altos de Chav\u00f3n | Casa de Campo Living\",\"isPartOf\":{\"@id\":\"https:\\\/\\\/casadecampoliving.com\\\/es\\\/#website\"},\"primaryImageOfPage\":{\"@id\":\"https:\\\/\\\/casadecampoliving.com\\\/es\\\/cafe-marietta-tratto-pub-abrira-proximamente-en-altos-de-chavon\\\/#primaryimage\"},\"image\":{\"@id\":\"https:\\\/\\\/casadecampoliving.com\\\/es\\\/cafe-marietta-tratto-pub-abrira-proximamente-en-altos-de-chavon\\\/#primaryimage\"},\"thumbnailUrl\":\"https:\\\/\\\/i0.wp.com\\\/casadecampoliving.com\\\/wp-content\\\/uploads\\\/2022\\\/10\\\/pizzeria_altos_de_chavon2-1.jpg?fit=960%2C720&ssl=1\",\"datePublished\":\"2014-12-17T04:00:00+00:00\",\"dateModified\":\"2022-11-10T14:32:01+00:00\",\"description\":\"Comer deliciosa pizza en la terraza del \\\"Caf\u00e9 del Sol\\\" es una experiencia de Altos de Chav\u00f3n por excelencia. Y hoy amigos estamos encantados de decirle\",\"breadcrumb\":{\"@id\":\"https:\\\/\\\/casadecampoliving.com\\\/es\\\/cafe-marietta-tratto-pub-abrira-proximamente-en-altos-de-chavon\\\/#breadcrumb\"},\"inLanguage\":\"es\",\"potentialAction\":[{\"@type\":\"ReadAction\",\"target\":[\"https:\\\/\\\/casadecampoliving.com\\\/es\\\/cafe-marietta-tratto-pub-abrira-proximamente-en-altos-de-chavon\\\/\"]}]},{\"@type\":\"ImageObject\",\"inLanguage\":\"es\",\"@id\":\"https:\\\/\\\/casadecampoliving.com\\\/es\\\/cafe-marietta-tratto-pub-abrira-proximamente-en-altos-de-chavon\\\/#primaryimage\",\"url\":\"https:\\\/\\\/i0.wp.com\\\/casadecampoliving.com\\\/wp-content\\\/uploads\\\/2022\\\/10\\\/pizzeria_altos_de_chavon2-1.jpg?fit=960%2C720&ssl=1\",\"contentUrl\":\"https:\\\/\\\/i0.wp.com\\\/casadecampoliving.com\\\/wp-content\\\/uploads\\\/2022\\\/10\\\/pizzeria_altos_de_chavon2-1.jpg?fit=960%2C720&ssl=1\",\"width\":960,\"height\":720},{\"@type\":\"BreadcrumbList\",\"@id\":\"https:\\\/\\\/casadecampoliving.com\\\/es\\\/cafe-marietta-tratto-pub-abrira-proximamente-en-altos-de-chavon\\\/#breadcrumb\",\"itemListElement\":[{\"@type\":\"ListItem\",\"position\":1,\"name\":\"Home\",\"item\":\"https:\\\/\\\/casadecampoliving.com\\\/es\\\/\"},{\"@type\":\"ListItem\",\"position\":2,\"name\":\"Caf\u00e9 Marietta, tratto-pub abrir\u00e1 pr\u00f3ximamente en Altos de Chav\u00f3n\"}]},{\"@type\":\"WebSite\",\"@id\":\"https:\\\/\\\/casadecampoliving.com\\\/es\\\/#website\",\"url\":\"https:\\\/\\\/casadecampoliving.com\\\/es\\\/\",\"name\":\"Casa de Campo Living\",\"description\":\"Resort community news and resources.\",\"publisher\":{\"@id\":\"https:\\\/\\\/casadecampoliving.com\\\/es\\\/#organization\"},\"potentialAction\":[{\"@type\":\"SearchAction\",\"target\":{\"@type\":\"EntryPoint\",\"urlTemplate\":\"https:\\\/\\\/casadecampoliving.com\\\/es\\\/?s={search_term_string}\"},\"query-input\":{\"@type\":\"PropertyValueSpecification\",\"valueRequired\":true,\"valueName\":\"search_term_string\"}}],\"inLanguage\":\"es\"},{\"@type\":\"Organization\",\"@id\":\"https:\\\/\\\/casadecampoliving.com\\\/es\\\/#organization\",\"name\":\"Casa de Campo Living\",\"url\":\"https:\\\/\\\/casadecampoliving.com\\\/es\\\/\",\"logo\":{\"@type\":\"ImageObject\",\"inLanguage\":\"es\",\"@id\":\"https:\\\/\\\/casadecampoliving.com\\\/es\\\/#\\\/schema\\\/logo\\\/image\\\/\",\"url\":\"https:\\\/\\\/i0.wp.com\\\/casadecampoliving.com\\\/wp-content\\\/uploads\\\/2022\\\/07\\\/CDCLivingLogo_V1-white-sized.png?fit=800%2C214&ssl=1\",\"contentUrl\":\"https:\\\/\\\/i0.wp.com\\\/casadecampoliving.com\\\/wp-content\\\/uploads\\\/2022\\\/07\\\/CDCLivingLogo_V1-white-sized.png?fit=800%2C214&ssl=1\",\"width\":800,\"height\":214,\"caption\":\"Casa de Campo Living\"},\"image\":{\"@id\":\"https:\\\/\\\/casadecampoliving.com\\\/es\\\/#\\\/schema\\\/logo\\\/image\\\/\"},\"sameAs\":[\"https:\\\/\\\/www.facebook.com\\\/casadecampoliving\",\"https:\\\/\\\/x.com\\\/cdcliving\"]},{\"@type\":\"Person\",\"@id\":\"https:\\\/\\\/casadecampoliving.com\\\/es\\\/#\\\/schema\\\/person\\\/c8efa6049510554b7d5fea078d728f72\",\"name\":\"Perkin Agramonte\",\"image\":{\"@type\":\"ImageObject\",\"inLanguage\":\"es\",\"@id\":\"https:\\\/\\\/secure.gravatar.com\\\/avatar\\\/57bfdafcae55fb83dbb79a1585a9eab7f269b7720fb0b64cb9a4e0cd2962fa10?s=96&d=mm&r=g\",\"url\":\"https:\\\/\\\/secure.gravatar.com\\\/avatar\\\/57bfdafcae55fb83dbb79a1585a9eab7f269b7720fb0b64cb9a4e0cd2962fa10?s=96&d=mm&r=g\",\"contentUrl\":\"https:\\\/\\\/secure.gravatar.com\\\/avatar\\\/57bfdafcae55fb83dbb79a1585a9eab7f269b7720fb0b64cb9a4e0cd2962fa10?s=96&d=mm&r=g\",\"caption\":\"Perkin Agramonte\"},\"url\":\"https:\\\/\\\/casadecampoliving.com\\\/es\\\/author\\\/cagramonte\\\/\"}]}<\/script>\n<!-- \/ Yoast SEO plugin. -->","yoast_head_json":{"title":"Caf\u00e9 Marietta, tratto-pub abrir\u00e1 pr\u00f3ximamente en Altos de Chav\u00f3n | Casa de Campo Living","description":"Comer deliciosa pizza en la terraza del \"Caf\u00e9 del Sol\" es una experiencia de Altos de Chav\u00f3n por excelencia. Y hoy amigos estamos encantados de decirle","robots":{"index":"index","follow":"follow","max-snippet":"max-snippet:-1","max-image-preview":"max-image-preview:large","max-video-preview":"max-video-preview:-1"},"canonical":"https:\/\/casadecampoliving.com\/es\/cafe-marietta-tratto-pub-abrira-proximamente-en-altos-de-chavon\/","og_locale":"es_ES","og_type":"article","og_title":"Caf\u00e9 Marietta, tratto-pub abrir\u00e1 pr\u00f3ximamente en Altos de Chav\u00f3n | Casa de Campo Living","og_description":"Comer deliciosa pizza en la terraza del \"Caf\u00e9 del Sol\" es una experiencia de Altos de Chav\u00f3n por excelencia. Y hoy amigos estamos encantados de decirle","og_url":"https:\/\/casadecampoliving.com\/es\/cafe-marietta-tratto-pub-abrira-proximamente-en-altos-de-chavon\/","og_site_name":"Casa de Campo Living","article_publisher":"https:\/\/www.facebook.com\/casadecampoliving","article_published_time":"2014-12-17T04:00:00+00:00","article_modified_time":"2022-11-10T14:32:01+00:00","og_image":[{"width":960,"height":720,"url":"https:\/\/i0.wp.com\/casadecampoliving.com\/wp-content\/uploads\/2022\/10\/pizzeria_altos_de_chavon2-1.jpg?fit=960%2C720&ssl=1","type":"image\/jpeg"}],"author":"Perkin Agramonte","twitter_card":"summary_large_image","twitter_creator":"@cdcliving","twitter_site":"@cdcliving","twitter_misc":{"Escrito por":"Perkin Agramonte","Tiempo de lectura":"1 minuto"},"schema":{"@context":"https:\/\/schema.org","@graph":[{"@type":"Article","@id":"https:\/\/casadecampoliving.com\/es\/cafe-marietta-tratto-pub-abrira-proximamente-en-altos-de-chavon\/#article","isPartOf":{"@id":"https:\/\/casadecampoliving.com\/es\/cafe-marietta-tratto-pub-abrira-proximamente-en-altos-de-chavon\/"},"author":{"name":"Perkin Agramonte","@id":"https:\/\/casadecampoliving.com\/es\/#\/schema\/person\/c8efa6049510554b7d5fea078d728f72"},"headline":"Caf\u00e9 Marietta, tratto-pub abrir\u00e1 pr\u00f3ximamente en Altos de Chav\u00f3n","datePublished":"2014-12-17T04:00:00+00:00","dateModified":"2022-11-10T14:32:01+00:00","mainEntityOfPage":{"@id":"https:\/\/casadecampoliving.com\/es\/cafe-marietta-tratto-pub-abrira-proximamente-en-altos-de-chavon\/"},"wordCount":234,"publisher":{"@id":"https:\/\/casadecampoliving.com\/es\/#organization"},"image":{"@id":"https:\/\/casadecampoliving.com\/es\/cafe-marietta-tratto-pub-abrira-proximamente-en-altos-de-chavon\/#primaryimage"},"thumbnailUrl":"https:\/\/i0.wp.com\/casadecampoliving.com\/wp-content\/uploads\/2022\/10\/pizzeria_altos_de_chavon2-1.jpg?fit=960%2C720&ssl=1","keywords":["Altos de Chavon","Altos de Chavon -es","Caf\u00e9 Marietta","casa de campo resort @es","pizza @es"],"articleSection":["Altos de Chavon @es","businesses","Casa de Campo Living @es","CCL presenta","Restaurantes","Rep\u00fablica Dominicana @es","Destacados","Comidas &amp; Bebidas","Titulares","Estilo de Vida","Noticias Locales","Resort Casa de Campo"],"inLanguage":"es"},{"@type":"WebPage","@id":"https:\/\/casadecampoliving.com\/es\/cafe-marietta-tratto-pub-abrira-proximamente-en-altos-de-chavon\/","url":"https:\/\/casadecampoliving.com\/es\/cafe-marietta-tratto-pub-abrira-proximamente-en-altos-de-chavon\/","name":"Caf\u00e9 Marietta, tratto-pub abrir\u00e1 pr\u00f3ximamente en Altos de Chav\u00f3n | Casa de Campo Living","isPartOf":{"@id":"https:\/\/casadecampoliving.com\/es\/#website"},"primaryImageOfPage":{"@id":"https:\/\/casadecampoliving.com\/es\/cafe-marietta-tratto-pub-abrira-proximamente-en-altos-de-chavon\/#primaryimage"},"image":{"@id":"https:\/\/casadecampoliving.com\/es\/cafe-marietta-tratto-pub-abrira-proximamente-en-altos-de-chavon\/#primaryimage"},"thumbnailUrl":"https:\/\/i0.wp.com\/casadecampoliving.com\/wp-content\/uploads\/2022\/10\/pizzeria_altos_de_chavon2-1.jpg?fit=960%2C720&ssl=1","datePublished":"2014-12-17T04:00:00+00:00","dateModified":"2022-11-10T14:32:01+00:00","description":"Comer deliciosa pizza en la terraza del \"Caf\u00e9 del Sol\" es una experiencia de Altos de Chav\u00f3n por excelencia. Y hoy amigos estamos encantados de decirle","breadcrumb":{"@id":"https:\/\/casadecampoliving.com\/es\/cafe-marietta-tratto-pub-abrira-proximamente-en-altos-de-chavon\/#breadcrumb"},"inLanguage":"es","potentialAction":[{"@type":"ReadAction","target":["https:\/\/casadecampoliving.com\/es\/cafe-marietta-tratto-pub-abrira-proximamente-en-altos-de-chavon\/"]}]},{"@type":"ImageObject","inLanguage":"es","@id":"https:\/\/casadecampoliving.com\/es\/cafe-marietta-tratto-pub-abrira-proximamente-en-altos-de-chavon\/#primaryimage","url":"https:\/\/i0.wp.com\/casadecampoliving.com\/wp-content\/uploads\/2022\/10\/pizzeria_altos_de_chavon2-1.jpg?fit=960%2C720&ssl=1","contentUrl":"https:\/\/i0.wp.com\/casadecampoliving.com\/wp-content\/uploads\/2022\/10\/pizzeria_altos_de_chavon2-1.jpg?fit=960%2C720&ssl=1","width":960,"height":720},{"@type":"BreadcrumbList","@id":"https:\/\/casadecampoliving.com\/es\/cafe-marietta-tratto-pub-abrira-proximamente-en-altos-de-chavon\/#breadcrumb","itemListElement":[{"@type":"ListItem","position":1,"name":"Home","item":"https:\/\/casadecampoliving.com\/es\/"},{"@type":"ListItem","position":2,"name":"Caf\u00e9 Marietta, tratto-pub abrir\u00e1 pr\u00f3ximamente en Altos de Chav\u00f3n"}]},{"@type":"WebSite","@id":"https:\/\/casadecampoliving.com\/es\/#website","url":"https:\/\/casadecampoliving.com\/es\/","name":"Casa de Campo Living","description":"Resort community news and resources.","publisher":{"@id":"https:\/\/casadecampoliving.com\/es\/#organization"},"potentialAction":[{"@type":"SearchAction","target":{"@type":"EntryPoint","urlTemplate":"https:\/\/casadecampoliving.com\/es\/?s={search_term_string}"},"query-input":{"@type":"PropertyValueSpecification","valueRequired":true,"valueName":"search_term_string"}}],"inLanguage":"es"},{"@type":"Organization","@id":"https:\/\/casadecampoliving.com\/es\/#organization","name":"Casa de Campo Living","url":"https:\/\/casadecampoliving.com\/es\/","logo":{"@type":"ImageObject","inLanguage":"es","@id":"https:\/\/casadecampoliving.com\/es\/#\/schema\/logo\/image\/","url":"https:\/\/i0.wp.com\/casadecampoliving.com\/wp-content\/uploads\/2022\/07\/CDCLivingLogo_V1-white-sized.png?fit=800%2C214&ssl=1","contentUrl":"https:\/\/i0.wp.com\/casadecampoliving.com\/wp-content\/uploads\/2022\/07\/CDCLivingLogo_V1-white-sized.png?fit=800%2C214&ssl=1","width":800,"height":214,"caption":"Casa de Campo Living"},"image":{"@id":"https:\/\/casadecampoliving.com\/es\/#\/schema\/logo\/image\/"},"sameAs":["https:\/\/www.facebook.com\/casadecampoliving","https:\/\/x.com\/cdcliving"]},{"@type":"Person","@id":"https:\/\/casadecampoliving.com\/es\/#\/schema\/person\/c8efa6049510554b7d5fea078d728f72","name":"Perkin Agramonte","image":{"@type":"ImageObject","inLanguage":"es","@id":"https:\/\/secure.gravatar.com\/avatar\/57bfdafcae55fb83dbb79a1585a9eab7f269b7720fb0b64cb9a4e0cd2962fa10?s=96&d=mm&r=g","url":"https:\/\/secure.gravatar.com\/avatar\/57bfdafcae55fb83dbb79a1585a9eab7f269b7720fb0b64cb9a4e0cd2962fa10?s=96&d=mm&r=g","contentUrl":"https:\/\/secure.gravatar.com\/avatar\/57bfdafcae55fb83dbb79a1585a9eab7f269b7720fb0b64cb9a4e0cd2962fa10?s=96&d=mm&r=g","caption":"Perkin Agramonte"},"url":"https:\/\/casadecampoliving.com\/es\/author\/cagramonte\/"}]}},"parsely":{"version":"1.1.0","canonical_url":"https:\/\/casadecampoliving.com\/es\/cafe-marietta-tratto-pub-abrira-proximamente-en-altos-de-chavon\/","smart_links":{"inbound":0,"outbound":0},"traffic_boost_suggestions_count":0,"meta":{"@context":"https:\/\/schema.org","@type":"NewsArticle","headline":"Caf\u00e9 Marietta, tratto-pub abrir\u00e1 pr\u00f3ximamente en Altos de Chav\u00f3n","url":"http:\/\/casadecampoliving.com\/es\/cafe-marietta-tratto-pub-abrira-proximamente-en-altos-de-chavon\/","mainEntityOfPage":{"@type":"WebPage","@id":"http:\/\/casadecampoliving.com\/es\/cafe-marietta-tratto-pub-abrira-proximamente-en-altos-de-chavon\/"},"thumbnailUrl":"https:\/\/i0.wp.com\/casadecampoliving.com\/wp-content\/uploads\/2022\/10\/pizzeria_altos_de_chavon2-1.jpg?resize=150%2C150&ssl=1","image":{"@type":"ImageObject","url":"https:\/\/i0.wp.com\/casadecampoliving.com\/wp-content\/uploads\/2022\/10\/pizzeria_altos_de_chavon2-1.jpg?fit=960%2C720&ssl=1"},"articleSection":"Altos de Chavon @es","author":[{"@type":"Person","name":"Perkin Agramonte"}],"creator":["Perkin Agramonte"],"publisher":{"@type":"Organization","name":"Casa de Campo Living","logo":"https:\/\/casadecampoliving.com\/wp-content\/uploads\/2022\/07\/CDCLivingLogo_V1-white-sized.png"},"keywords":["altos de chavon","altos de chavon -es","caf\u00e9 marietta","casa de campo resort @es","pizza @es"],"dateCreated":"2014-12-17T04:00:00Z","datePublished":"2014-12-17T04:00:00Z","dateModified":"2022-11-10T14:32:01Z"},"rendered":"<script type=\"application\/ld+json\" class=\"wp-parsely-metadata\">{\"@context\":\"https:\\\/\\\/schema.org\",\"@type\":\"NewsArticle\",\"headline\":\"Caf\\u00e9 Marietta, tratto-pub abrir\\u00e1 pr\\u00f3ximamente en Altos de Chav\\u00f3n\",\"url\":\"http:\\\/\\\/casadecampoliving.com\\\/es\\\/cafe-marietta-tratto-pub-abrira-proximamente-en-altos-de-chavon\\\/\",\"mainEntityOfPage\":{\"@type\":\"WebPage\",\"@id\":\"http:\\\/\\\/casadecampoliving.com\\\/es\\\/cafe-marietta-tratto-pub-abrira-proximamente-en-altos-de-chavon\\\/\"},\"thumbnailUrl\":\"https:\\\/\\\/i0.wp.com\\\/casadecampoliving.com\\\/wp-content\\\/uploads\\\/2022\\\/10\\\/pizzeria_altos_de_chavon2-1.jpg?resize=150%2C150&ssl=1\",\"image\":{\"@type\":\"ImageObject\",\"url\":\"https:\\\/\\\/i0.wp.com\\\/casadecampoliving.com\\\/wp-content\\\/uploads\\\/2022\\\/10\\\/pizzeria_altos_de_chavon2-1.jpg?fit=960%2C720&ssl=1\"},\"articleSection\":\"Altos de Chavon @es\",\"author\":[{\"@type\":\"Person\",\"name\":\"Perkin Agramonte\"}],\"creator\":[\"Perkin Agramonte\"],\"publisher\":{\"@type\":\"Organization\",\"name\":\"Casa de Campo Living\",\"logo\":\"https:\\\/\\\/casadecampoliving.com\\\/wp-content\\\/uploads\\\/2022\\\/07\\\/CDCLivingLogo_V1-white-sized.png\"},\"keywords\":[\"altos de chavon\",\"altos de chavon -es\",\"caf\\u00e9 marietta\",\"casa de campo resort @es\",\"pizza @es\"],\"dateCreated\":\"2014-12-17T04:00:00Z\",\"datePublished\":\"2014-12-17T04:00:00Z\",\"dateModified\":\"2022-11-10T14:32:01Z\"}<\/script>","tracker_url":"https:\/\/cdn.parsely.com\/keys\/casadecampoliving.com\/p.js"},"jetpack_publicize_connections":[],"jetpack_featured_media_url":"https:\/\/i0.wp.com\/casadecampoliving.com\/wp-content\/uploads\/2022\/10\/pizzeria_altos_de_chavon2-1.jpg?fit=960%2C720&ssl=1","jetpack-related-posts":[{"id":324929,"url":"https:\/\/casadecampoliving.com\/cafe-marietta-tratto-pub-opening-soon-altos-de-chavon\/","url_meta":{"origin":346311,"position":0},"title":"Caf\u00e9 Marietta tratto-pub opening soon in Altos de Chav\u00f3n!","author":"Perkin Agramonte","date":"17 Dic, 2014","format":false,"excerpt":"Eating delicious pizza on the terrace of the \"Caf\u00e9 del Sol\" is a quintessential Altos de Chav\u00f3n experience. And today our friends we are thrilled to tell you that it's coming back! Caf\u00e9 Marietta, tratto-pub is opening very soon in Altos de Chav\u00f3n, and so once again we will soon\u2026","rel":"","context":"En \u00abAltos de Chavon\u00bb","block_context":{"text":"Altos de Chavon","link":"https:\/\/casadecampoliving.com\/category\/altos-de-chavon\/"},"img":{"alt_text":"","src":"https:\/\/i0.wp.com\/casadecampoliving.com\/wp-content\/uploads\/2022\/10\/pizzeria_altos_de_chavon2-1.jpg?fit=960%2C720&ssl=1&resize=350%2C200","width":350,"height":200,"srcset":"https:\/\/i0.wp.com\/casadecampoliving.com\/wp-content\/uploads\/2022\/10\/pizzeria_altos_de_chavon2-1.jpg?fit=960%2C720&ssl=1&resize=350%2C200 1x, https:\/\/i0.wp.com\/casadecampoliving.com\/wp-content\/uploads\/2022\/10\/pizzeria_altos_de_chavon2-1.jpg?fit=960%2C720&ssl=1&resize=525%2C300 1.5x, https:\/\/i0.wp.com\/casadecampoliving.com\/wp-content\/uploads\/2022\/10\/pizzeria_altos_de_chavon2-1.jpg?fit=960%2C720&ssl=1&resize=700%2C400 2x"},"classes":[]},{"id":348032,"url":"https:\/\/casadecampoliving.com\/es\/una-noche-para-los-ninos-en-cafe-marietta\/","url_meta":{"origin":346311,"position":1},"title":"Una noche para los NI\u00d1OS en Caf\u00e9 Marietta","author":"Perkin Agramonte","date":"10 Ago, 2015","format":false,"excerpt":"\u00bfTodav\u00eda no has visitado Caf\u00e9 Marietta en Altos de Chav\u00f3n? \u00bfNo? Pues esta semana usted tiene una buena excusa para visitar uno de los lugares con mejor ambiente en las piedras de Altos de Chav\u00f3n; este mi\u00e9rcoles 12 de agosto de 6 a 8pm, Caf\u00e9 Marietta estar\u00e1 organizando una noche\u2026","rel":"","context":"En \u00abAltos de Chavon @es\u00bb","block_context":{"text":"Altos de Chavon @es","link":"https:\/\/casadecampoliving.com\/category\/altos-de-chavon-es\/"},"img":{"alt_text":"Caf\u00e9 Marietta, Altos de Chavon_4","src":"https:\/\/i0.wp.com\/casadecampoliving.com\/wp-content\/uploads\/2022\/10\/Cafe_Marietta_Altos_de_Chavon_4-1.jpg?fit=650%2C366&ssl=1&resize=350%2C200","width":350,"height":200,"srcset":"https:\/\/i0.wp.com\/casadecampoliving.com\/wp-content\/uploads\/2022\/10\/Cafe_Marietta_Altos_de_Chavon_4-1.jpg?fit=650%2C366&ssl=1&resize=350%2C200 1x, https:\/\/i0.wp.com\/casadecampoliving.com\/wp-content\/uploads\/2022\/10\/Cafe_Marietta_Altos_de_Chavon_4-1.jpg?fit=650%2C366&ssl=1&resize=525%2C300 1.5x"},"classes":[]},{"id":349393,"url":"https:\/\/casadecampoliving.com\/es\/cafe-marietta-tratto-pub-redefine-estandares-en-casa\/","url_meta":{"origin":346311,"position":2},"title":"Caf\u00e9 Marietta: Tratto Pub redefine los est\u00e1ndares de buen ambiente y comida en Casa","author":"Felix Guerrero","date":"20 Mar, 2016","format":false,"excerpt":"Sobremirando el R\u00edo Chav\u00f3n y ostentando las mejores vistas de la Iglesia San Estanislao en Altos de Chav\u00f3n, en tan s\u00f3lo un a\u00f1o, Caf\u00e9 Marietta se ha convertido\u00a0el lugar ideal para aquellos que buscan degustar platos italianos bien elaborados en un ambiente casual. Autodenominado Tratto Pub, Marietta es fiel al\u2026","rel":"","context":"En \u00abAltos de Chavon @es\u00bb","block_context":{"text":"Altos de Chavon @es","link":"https:\/\/casadecampoliving.com\/category\/altos-de-chavon-es\/"},"img":{"alt_text":"","src":"https:\/\/i0.wp.com\/casadecampoliving.com\/wp-content\/uploads\/2022\/10\/i-kQ97WmR-L.jpg?fit=800%2C533&ssl=1&resize=350%2C200","width":350,"height":200,"srcset":"https:\/\/i0.wp.com\/casadecampoliving.com\/wp-content\/uploads\/2022\/10\/i-kQ97WmR-L.jpg?fit=800%2C533&ssl=1&resize=350%2C200 1x, https:\/\/i0.wp.com\/casadecampoliving.com\/wp-content\/uploads\/2022\/10\/i-kQ97WmR-L.jpg?fit=800%2C533&ssl=1&resize=525%2C300 1.5x, https:\/\/i0.wp.com\/casadecampoliving.com\/wp-content\/uploads\/2022\/10\/i-kQ97WmR-L.jpg?fit=800%2C533&ssl=1&resize=700%2C400 2x"},"classes":[]},{"id":350170,"url":"https:\/\/casadecampoliving.com\/es\/happy-hour-2x1-cafe-marietta\/","url_meta":{"origin":346311,"position":3},"title":"Libera el estr\u00e9s luego del trabajo con el Happy Hour 2&#215;1 de Caf\u00e9 Marietta!","author":"Marlenys Guzm\u00e1n Casta\u00f1os","date":"13 Jul, 2016","format":false,"excerpt":"No todo es Work, work, work, work, work como la canci\u00f3n de Rihanna. Caf\u00e9 Marietta nos recuerda que debemos dejar de lado los problemas y estr\u00e9s del trabajo \u00a1y unirnos a ellos durante su Happy Hour! \u00a1Ahora todos los d\u00edas, de lunes a viernes, la comunidad de Casa de Campo\u2026","rel":"","context":"En \u00abAltos de Chavon @es\u00bb","block_context":{"text":"Altos de Chavon @es","link":"https:\/\/casadecampoliving.com\/category\/altos-de-chavon-es\/"},"img":{"alt_text":"Featured Image Cafe Marietta After Work 2x1","src":"https:\/\/i0.wp.com\/casadecampoliving.com\/wp-content\/uploads\/2022\/10\/Featured-Image-Cafe-Marietta-After-Work-2x1-1.jpg?fit=1200%2C1200&ssl=1&resize=350%2C200","width":350,"height":200,"srcset":"https:\/\/i0.wp.com\/casadecampoliving.com\/wp-content\/uploads\/2022\/10\/Featured-Image-Cafe-Marietta-After-Work-2x1-1.jpg?fit=1200%2C1200&ssl=1&resize=350%2C200 1x, https:\/\/i0.wp.com\/casadecampoliving.com\/wp-content\/uploads\/2022\/10\/Featured-Image-Cafe-Marietta-After-Work-2x1-1.jpg?fit=1200%2C1200&ssl=1&resize=525%2C300 1.5x, https:\/\/i0.wp.com\/casadecampoliving.com\/wp-content\/uploads\/2022\/10\/Featured-Image-Cafe-Marietta-After-Work-2x1-1.jpg?fit=1200%2C1200&ssl=1&resize=700%2C400 2x, https:\/\/i0.wp.com\/casadecampoliving.com\/wp-content\/uploads\/2022\/10\/Featured-Image-Cafe-Marietta-After-Work-2x1-1.jpg?fit=1200%2C1200&ssl=1&resize=1050%2C600 3x"},"classes":[]},{"id":326259,"url":"https:\/\/casadecampoliving.com\/a-night-for-the-kids-at-cafe-marietta\/","url_meta":{"origin":346311,"position":4},"title":"A night for the KIDS at Caf\u00e9 Marietta","author":"Perkin Agramonte","date":"10 Ago, 2015","format":false,"excerpt":"Have you visited Caf\u00e9 Marietta in Altos de Chav\u00f3n yet? No? Well this week you have a good excuse to visit one of the places with the best atmosphere on the cobbles of Altos de Chav\u00f3n- this Wednesday August 12th from 6 to 8pm, Caf\u00e9 Marietta will be hosting \u201cA\u2026","rel":"","context":"En \u00abAltos de Chavon\u00bb","block_context":{"text":"Altos de Chavon","link":"https:\/\/casadecampoliving.com\/category\/altos-de-chavon\/"},"img":{"alt_text":"Caf\u00e9 Marietta, Altos de Chavon_4","src":"https:\/\/i0.wp.com\/casadecampoliving.com\/wp-content\/uploads\/2022\/10\/Cafe_Marietta_Altos_de_Chavon_4-1.jpg?fit=650%2C366&ssl=1&resize=350%2C200","width":350,"height":200,"srcset":"https:\/\/i0.wp.com\/casadecampoliving.com\/wp-content\/uploads\/2022\/10\/Cafe_Marietta_Altos_de_Chavon_4-1.jpg?fit=650%2C366&ssl=1&resize=350%2C200 1x, https:\/\/i0.wp.com\/casadecampoliving.com\/wp-content\/uploads\/2022\/10\/Cafe_Marietta_Altos_de_Chavon_4-1.jpg?fit=650%2C366&ssl=1&resize=525%2C300 1.5x"},"classes":[]},{"id":327181,"url":"https:\/\/casadecampoliving.com\/cafe-marietta-tratto-pub-raises-bar-in-casa\/","url_meta":{"origin":346311,"position":5},"title":"Caf\u00e9 Marietta: Tratto Pub raises the bar for ambiance and food pairings in Casa","author":"Felix Guerrero","date":"20 Mar, 2016","format":false,"excerpt":"Overlooking the Chav\u00f3n River and boasting the best views of the Saint Stanislaus Church in Altos de Chav\u00f3n, in under a year Caf\u00e9 Marietta has become the must-visit dining spot for those looking for casual and well crafted Italian dishes that hit the comfort food spot. Self-identified as a Tratto\u2026","rel":"","context":"En \u00abAltos de Chavon\u00bb","block_context":{"text":"Altos de Chavon","link":"https:\/\/casadecampoliving.com\/category\/altos-de-chavon\/"},"img":{"alt_text":"","src":"https:\/\/i0.wp.com\/casadecampoliving.com\/wp-content\/uploads\/2022\/10\/i-kQ97WmR-L.jpg?fit=800%2C533&ssl=1&resize=350%2C200","width":350,"height":200,"srcset":"https:\/\/i0.wp.com\/casadecampoliving.com\/wp-content\/uploads\/2022\/10\/i-kQ97WmR-L.jpg?fit=800%2C533&ssl=1&resize=350%2C200 1x, https:\/\/i0.wp.com\/casadecampoliving.com\/wp-content\/uploads\/2022\/10\/i-kQ97WmR-L.jpg?fit=800%2C533&ssl=1&resize=525%2C300 1.5x, https:\/\/i0.wp.com\/casadecampoliving.com\/wp-content\/uploads\/2022\/10\/i-kQ97WmR-L.jpg?fit=800%2C533&ssl=1&resize=700%2C400 2x"},"classes":[]}],"jetpack_sharing_enabled":true,"_links":{"self":[{"href":"https:\/\/casadecampoliving.com\/es\/wp-json\/wp\/v2\/posts\/346311","targetHints":{"allow":["GET"]}}],"collection":[{"href":"https:\/\/casadecampoliving.com\/es\/wp-json\/wp\/v2\/posts"}],"about":[{"href":"https:\/\/casadecampoliving.com\/es\/wp-json\/wp\/v2\/types\/post"}],"author":[{"embeddable":true,"href":"https:\/\/casadecampoliving.com\/es\/wp-json\/wp\/v2\/users\/1097"}],"replies":[{"embeddable":true,"href":"https:\/\/casadecampoliving.com\/es\/wp-json\/wp\/v2\/comments?post=346311"}],"version-history":[{"count":2,"href":"https:\/\/casadecampoliving.com\/es\/wp-json\/wp\/v2\/posts\/346311\/revisions"}],"predecessor-version":[{"id":506962,"href":"https:\/\/casadecampoliving.com\/es\/wp-json\/wp\/v2\/posts\/346311\/revisions\/506962"}],"wp:featuredmedia":[{"embeddable":true,"href":"https:\/\/casadecampoliving.com\/es\/wp-json\/wp\/v2\/media\/296537"}],"wp:attachment":[{"href":"https:\/\/casadecampoliving.com\/es\/wp-json\/wp\/v2\/media?parent=346311"}],"wp:term":[{"taxonomy":"category","embeddable":true,"href":"https:\/\/casadecampoliving.com\/es\/wp-json\/wp\/v2\/categories?post=346311"},{"taxonomy":"post_tag","embeddable":true,"href":"https:\/\/casadecampoliving.com\/es\/wp-json\/wp\/v2\/tags?post=346311"},{"taxonomy":"newspack_spnsrs_tax","embeddable":true,"href":"https:\/\/casadecampoliving.com\/es\/wp-json\/wp\/v2\/newspack_spnsrs_tax?post=346311"}],"curies":[{"name":"wp","href":"https:\/\/api.w.org\/{rel}","templated":true}]}}