{"id":346299,"date":"2014-12-16T00:00:00","date_gmt":"2014-12-16T04:00:00","guid":{"rendered":"https:\/\/casadecampoliving.com\/recordatorio-chavoneros-abren-exposicion-holistic-este-jueves\/"},"modified":"2022-10-21T18:57:12","modified_gmt":"2022-10-21T22:57:12","slug":"recordatorio-chavoneros-abren-exposicion-holistic-este-jueves","status":"publish","type":"post","link":"https:\/\/casadecampoliving.com\/es\/recordatorio-chavoneros-abren-exposicion-holistic-este-jueves\/","title":{"rendered":"\u00a1Recordatorio! \u00a1Chavoneros abren exposici\u00f3n \u00abHolistic\u00bb este jueves"},"content":{"rendered":"<div class=\"wp-block-image\">\n<figure class=\"aligncenter is-resized\"><img loading=\"lazy\" decoding=\"async\" src=\"https:\/\/i0.wp.com\/casadecampoliving.com\/wp-content\/uploads\/2022\/10\/Invitacioin-exposicioin-Holistic.jpg?resize=650%2C450&amp;ssl=1\" alt=\"Invitacio\u00ecn exposicio\u00ecn Holistic\" class=\"wp-image-102644\" height=\"450\" width=\"650\"\/><\/figure>\n<\/div>\n\n\n<p>Como ya hab\u00edamos dicho en<a href=\"https:\/\/casadecampoliving.com\/es\/chavoneros-presentan-holistic-exhibicion-de-arte\/\"> nuestro art\u00edculo anterior<\/a>, tres chavoneros se reunen para ofrecerle una rica y variada muestra de arte, con la exhibici\u00f3n <strong>\u201cHolistic\u201d<\/strong>, y la&nbsp;Fundaci\u00f3n Centro Cultural Altos de Chav\u00f3n, se complace en invitarles a \u00e9sta, la cual ser\u00e1 inaugurada el pr\u00f3ximo Jueves 18 de Diciembre, a partir de las&nbsp;7:30pm en la Galer\u00eda Principal.<\/p>\n\n\n\n<p><strong>George Heinsen, Joao Rodr\u00edguez<\/strong> y <strong>Yoel Bordas,<\/strong> todos egresados de La Escuela de Arte y Dise\u00f1o de Altos de Chav\u00f3n, son los artistas detr\u00e1s de las obras que se presentar\u00e1n en \u201cHolistic\u201d. Cada uno con un estilo diferente y \u00fanico dan lugar a una exposici\u00f3n de arte sin precedentes.<\/p>\n\n\n\n<!--more-->\n\n\n\n<p>Despu\u00e9s de la apertura, la exposici\u00f3n estar\u00e1 abierta hasta el 26 de enero de 2015, y &nbsp;La Galer\u00eda est\u00e1 abierta todos los d\u00edas en horario de 9:00am a 6:00pm (cerrada los mi\u00e9rcoles).<\/p>\n\n\n\n<h3 class=\"wp-block-heading\">\u00a1Esperamos verle all\u00ed!<\/h3>\n\n\n\n<blockquote><h3><strong>Exhibici\u00f3n de Arte \u2013 Holistic<\/strong><\/h3><p><strong>C\u00f3ctel de apertura:<\/strong>&nbsp;Jueves 18 de diciembre, 7:30pm<\/p><p><strong>En exhibici\u00f3n:<\/strong>&nbsp;Del 18 de diciembre al 26 de enero del 2015<\/p><p><strong>D\u00f3nde:<\/strong>&nbsp;La Galer\u00eda Altos de Chav\u00f3n<\/p><p><strong>Contacto:<\/strong> 809-523-8470<\/p><\/blockquote>\n\n\n\n<h3 class=\"wp-block-heading\">Ahora conozcamos a los artistas\u2026<\/h3>\n\n\n\n<h3 class=\"wp-block-heading\"><strong>George Heinsen<\/strong><\/h3>\n\n\n\n<p>Artista pl\u00e1stico, seleccionado en el 2009 en la III Bienal Paleta de N\u00edquel, Bonao, particip\u00f3 en la jornada \u2018\u2019Charrete-Santiago 500 a\u00f1os\u2019\u2019 con el arquitecto brasile\u00f1o Jaime Lerner. En&nbsp;el 2010 recibe el diploma de arquitecto y fue seleccionado para participar en el programa de Educaci\u00f3n Continua para artistas y el Taller de Escrituras para artista del Centro Le\u00f3n, Santiago de los Caballeros.<\/p>\n\n\n\n<h3 class=\"wp-block-heading\"><strong>Joao Rodr\u00edguez<\/strong><\/h3>\n\n\n\n<p>Artista pl\u00e1stico, gan\u00f3 el primer lugar en el concurso de afiches para el Desfile Nacional del Carnaval en el 2013 y posteriormente en el 2014 recibi\u00f3 menci\u00f3n de honor en el concurso de dise\u00f1o \u2018\u2019El Nuevo Mueble\u2019\u2019. En el 2011 recibi\u00f3 el titulo de Lic. Dise\u00f1o Industrial en el Instituto Tecnol\u00f3gico de Santo Domingo (INTEC). Desde su graduaci\u00f3n, ha trabajado como consultor de dise\u00f1o para clientes como: Cuts, Aborigen, Bits y Eraca.<\/p>\n\n\n\n<h3 class=\"wp-block-heading\"><strong>Yoel Bordas<\/strong><\/h3>\n\n\n\n<p>Artista pl\u00e1stico, en el 2012 fue ganador del premio Colecci\u00f3n Patricia Phelps de Cisneros en la 24ava edici\u00f3n del Concurso de Arte de Eduardo Le\u00f3n Jimenes, con sus pinturas \u201cRetirement Plan\u201d. Graduado en el 2001 de Publicidad en UNAPEC en Santo Domingo. M\u00e1s tarde, en el 2007 implement\u00f3 talleres de ilustraci\u00f3n en la Academ\u00eda Dalvero en la ciudad de Nueva York.<\/p>\n","protected":false},"excerpt":{"rendered":"<p>Como ya hab\u00edamos dicho en nuestro art\u00edculo anterior, tres chavoneros se reunen para ofrecerle una rica y variada muestra de arte, con la exhibici\u00f3n \u201cHolistic\u201d, y la&nbsp;Fundaci\u00f3n Centro Cultural Altos de Chav\u00f3n, se complace en invitarles a \u00e9sta, la cual ser\u00e1 inaugurada el pr\u00f3ximo Jueves 18 de Diciembre, a partir de las&nbsp;7:30pm en la Galer\u00eda [&hellip;]<\/p>\n","protected":false},"author":14,"featured_media":289283,"comment_status":"closed","ping_status":"closed","sticky":false,"template":"","format":"standard","meta":{"newspack_ads_suppress_ads":false,"newspack_popups_has_disabled_popups":false,"newspack_sponsor_sponsorship_scope":"","newspack_sponsor_native_byline_display":"inherit","newspack_sponsor_native_category_display":"inherit","newspack_sponsor_underwriter_style":"inherit","newspack_sponsor_underwriter_placement":"inherit","_newspack_byline_active":false,"_newspack_byline":"","newspack_hide_updated_date":false,"newspack_show_updated_date":false,"newspack_content_restriction_is_exempt":false,"newspack_featured_image_position":"","newspack_post_subtitle":"","newspack_article_summary_title":"Overview:","newspack_article_summary":"","_jetpack_memberships_contains_paid_content":false,"footnotes":"","jetpack_publicize_message":"","jetpack_publicize_feature_enabled":true,"jetpack_social_post_already_shared":false,"jetpack_social_options":{"image_generator_settings":{"template":"highway","default_image_id":0,"font":"","enabled":false},"version":2},"_wpas_customize_per_network":false},"categories":[26819,26823,26936,26951,2524,2522,14625,14627],"tags":[15387,2536,11518,11207,11517],"newspack_spnsrs_tax":[],"class_list":["post-346299","post","type-post","status-publish","format-standard","has-post-thumbnail","hentry","category-altos-de-chavon-es","category-arte-y-cultura","category-casa-de-campo-living-es","category-ccl-presenta","category-destacados","category-eventos-es","category-noticias-locales","category-proximamente","tag-altos-de-chavon-es","tag-arte","tag-george-heinsen-es","tag-holistic-es","tag-joao-rodriguez-es","entry"],"yoast_head":"<!-- This site is optimized with the Yoast SEO plugin v27.5 - https:\/\/yoast.com\/product\/yoast-seo-wordpress\/ -->\n<title>\u00a1Recordatorio! \u00a1Chavoneros abren exposici\u00f3n &quot;Holistic&quot; este jueves | Casa de Campo Living<\/title>\n<meta name=\"description\" content=\"Como ya hab\u00edamos dicho en nuestro art\u00edculo anterior, tres chavoneros se reunen para ofrecerle una rica y variada muestra de arte, con la exhibici\u00f3n\" \/>\n<meta name=\"robots\" content=\"index, follow, max-snippet:-1, max-image-preview:large, max-video-preview:-1\" \/>\n<link rel=\"canonical\" href=\"https:\/\/casadecampoliving.com\/es\/recordatorio-chavoneros-abren-exposicion-holistic-este-jueves\/\" \/>\n<meta property=\"og:locale\" content=\"es_ES\" \/>\n<meta property=\"og:type\" content=\"article\" \/>\n<meta property=\"og:title\" content=\"\u00a1Recordatorio! \u00a1Chavoneros abren exposici\u00f3n &quot;Holistic&quot; este jueves | Casa de Campo Living\" \/>\n<meta property=\"og:description\" content=\"Como ya hab\u00edamos dicho en nuestro art\u00edculo anterior, tres chavoneros se reunen para ofrecerle una rica y variada muestra de arte, con la exhibici\u00f3n\" \/>\n<meta property=\"og:url\" content=\"https:\/\/casadecampoliving.com\/es\/recordatorio-chavoneros-abren-exposicion-holistic-este-jueves\/\" \/>\n<meta property=\"og:site_name\" content=\"Casa de Campo Living\" \/>\n<meta property=\"article:publisher\" content=\"https:\/\/www.facebook.com\/casadecampoliving\" \/>\n<meta property=\"article:published_time\" content=\"2014-12-16T04:00:00+00:00\" \/>\n<meta property=\"article:modified_time\" content=\"2022-10-21T22:57:12+00:00\" \/>\n<meta property=\"og:image\" content=\"https:\/\/i0.wp.com\/casadecampoliving.com\/wp-content\/uploads\/2022\/10\/Invitacioin-exposicioin-Holistic-1.jpg?fit=650%2C450&ssl=1\" \/>\n\t<meta property=\"og:image:width\" content=\"650\" \/>\n\t<meta property=\"og:image:height\" content=\"450\" \/>\n\t<meta property=\"og:image:type\" content=\"image\/jpeg\" \/>\n<meta name=\"author\" content=\"Rebecca Hughes\" \/>\n<meta name=\"twitter:card\" content=\"summary_large_image\" \/>\n<meta name=\"twitter:creator\" content=\"@cdcliving\" \/>\n<meta name=\"twitter:site\" content=\"@cdcliving\" \/>\n<meta name=\"twitter:label1\" content=\"Escrito por\" \/>\n\t<meta name=\"twitter:data1\" content=\"Rebecca Hughes\" \/>\n\t<meta name=\"twitter:label2\" content=\"Tiempo de lectura\" \/>\n\t<meta name=\"twitter:data2\" content=\"2 minutos\" \/>\n<script type=\"application\/ld+json\" class=\"yoast-schema-graph\">{\"@context\":\"https:\\\/\\\/schema.org\",\"@graph\":[{\"@type\":\"Article\",\"@id\":\"https:\\\/\\\/casadecampoliving.com\\\/es\\\/recordatorio-chavoneros-abren-exposicion-holistic-este-jueves\\\/#article\",\"isPartOf\":{\"@id\":\"https:\\\/\\\/casadecampoliving.com\\\/es\\\/recordatorio-chavoneros-abren-exposicion-holistic-este-jueves\\\/\"},\"author\":{\"name\":\"Rebecca Hughes\",\"@id\":\"https:\\\/\\\/casadecampoliving.com\\\/es\\\/#\\\/schema\\\/person\\\/91d3085d9c6fe671ec9370a33bc98839\"},\"headline\":\"\u00a1Recordatorio! \u00a1Chavoneros abren exposici\u00f3n \u00abHolistic\u00bb este jueves\",\"datePublished\":\"2014-12-16T04:00:00+00:00\",\"dateModified\":\"2022-10-21T22:57:12+00:00\",\"mainEntityOfPage\":{\"@id\":\"https:\\\/\\\/casadecampoliving.com\\\/es\\\/recordatorio-chavoneros-abren-exposicion-holistic-este-jueves\\\/\"},\"wordCount\":425,\"publisher\":{\"@id\":\"https:\\\/\\\/casadecampoliving.com\\\/es\\\/#organization\"},\"image\":{\"@id\":\"https:\\\/\\\/casadecampoliving.com\\\/es\\\/recordatorio-chavoneros-abren-exposicion-holistic-este-jueves\\\/#primaryimage\"},\"thumbnailUrl\":\"https:\\\/\\\/i0.wp.com\\\/casadecampoliving.com\\\/wp-content\\\/uploads\\\/2022\\\/10\\\/Invitacioin-exposicioin-Holistic-1.jpg?fit=650%2C450&ssl=1\",\"keywords\":[\"Altos de Chavon\",\"arte\",\"George Heinsen @es\",\"Holistic @es\",\"Joao Rodr\u00edguez @es\"],\"articleSection\":[\"Altos de Chavon @es\",\"Arte y cultura\",\"Casa de Campo Living @es\",\"CCL presenta\",\"Destacados\",\"Eventos\",\"Noticias Locales\",\"Proximamente\"],\"inLanguage\":\"es\"},{\"@type\":\"WebPage\",\"@id\":\"https:\\\/\\\/casadecampoliving.com\\\/es\\\/recordatorio-chavoneros-abren-exposicion-holistic-este-jueves\\\/\",\"url\":\"https:\\\/\\\/casadecampoliving.com\\\/es\\\/recordatorio-chavoneros-abren-exposicion-holistic-este-jueves\\\/\",\"name\":\"\u00a1Recordatorio! \u00a1Chavoneros abren exposici\u00f3n \\\"Holistic\\\" este jueves | Casa de Campo Living\",\"isPartOf\":{\"@id\":\"https:\\\/\\\/casadecampoliving.com\\\/es\\\/#website\"},\"primaryImageOfPage\":{\"@id\":\"https:\\\/\\\/casadecampoliving.com\\\/es\\\/recordatorio-chavoneros-abren-exposicion-holistic-este-jueves\\\/#primaryimage\"},\"image\":{\"@id\":\"https:\\\/\\\/casadecampoliving.com\\\/es\\\/recordatorio-chavoneros-abren-exposicion-holistic-este-jueves\\\/#primaryimage\"},\"thumbnailUrl\":\"https:\\\/\\\/i0.wp.com\\\/casadecampoliving.com\\\/wp-content\\\/uploads\\\/2022\\\/10\\\/Invitacioin-exposicioin-Holistic-1.jpg?fit=650%2C450&ssl=1\",\"datePublished\":\"2014-12-16T04:00:00+00:00\",\"dateModified\":\"2022-10-21T22:57:12+00:00\",\"description\":\"Como ya hab\u00edamos dicho en nuestro art\u00edculo anterior, tres chavoneros se reunen para ofrecerle una rica y variada muestra de arte, con la exhibici\u00f3n\",\"breadcrumb\":{\"@id\":\"https:\\\/\\\/casadecampoliving.com\\\/es\\\/recordatorio-chavoneros-abren-exposicion-holistic-este-jueves\\\/#breadcrumb\"},\"inLanguage\":\"es\",\"potentialAction\":[{\"@type\":\"ReadAction\",\"target\":[\"https:\\\/\\\/casadecampoliving.com\\\/es\\\/recordatorio-chavoneros-abren-exposicion-holistic-este-jueves\\\/\"]}]},{\"@type\":\"ImageObject\",\"inLanguage\":\"es\",\"@id\":\"https:\\\/\\\/casadecampoliving.com\\\/es\\\/recordatorio-chavoneros-abren-exposicion-holistic-este-jueves\\\/#primaryimage\",\"url\":\"https:\\\/\\\/i0.wp.com\\\/casadecampoliving.com\\\/wp-content\\\/uploads\\\/2022\\\/10\\\/Invitacioin-exposicioin-Holistic-1.jpg?fit=650%2C450&ssl=1\",\"contentUrl\":\"https:\\\/\\\/i0.wp.com\\\/casadecampoliving.com\\\/wp-content\\\/uploads\\\/2022\\\/10\\\/Invitacioin-exposicioin-Holistic-1.jpg?fit=650%2C450&ssl=1\",\"width\":650,\"height\":450},{\"@type\":\"BreadcrumbList\",\"@id\":\"https:\\\/\\\/casadecampoliving.com\\\/es\\\/recordatorio-chavoneros-abren-exposicion-holistic-este-jueves\\\/#breadcrumb\",\"itemListElement\":[{\"@type\":\"ListItem\",\"position\":1,\"name\":\"Home\",\"item\":\"https:\\\/\\\/casadecampoliving.com\\\/es\\\/\"},{\"@type\":\"ListItem\",\"position\":2,\"name\":\"\u00a1Recordatorio! \u00a1Chavoneros abren exposici\u00f3n &#8220;Holistic&#8221; este jueves\"}]},{\"@type\":\"WebSite\",\"@id\":\"https:\\\/\\\/casadecampoliving.com\\\/es\\\/#website\",\"url\":\"https:\\\/\\\/casadecampoliving.com\\\/es\\\/\",\"name\":\"Casa de Campo Living\",\"description\":\"Resort community news and resources.\",\"publisher\":{\"@id\":\"https:\\\/\\\/casadecampoliving.com\\\/es\\\/#organization\"},\"potentialAction\":[{\"@type\":\"SearchAction\",\"target\":{\"@type\":\"EntryPoint\",\"urlTemplate\":\"https:\\\/\\\/casadecampoliving.com\\\/es\\\/?s={search_term_string}\"},\"query-input\":{\"@type\":\"PropertyValueSpecification\",\"valueRequired\":true,\"valueName\":\"search_term_string\"}}],\"inLanguage\":\"es\"},{\"@type\":\"Organization\",\"@id\":\"https:\\\/\\\/casadecampoliving.com\\\/es\\\/#organization\",\"name\":\"Casa de Campo Living\",\"url\":\"https:\\\/\\\/casadecampoliving.com\\\/es\\\/\",\"logo\":{\"@type\":\"ImageObject\",\"inLanguage\":\"es\",\"@id\":\"https:\\\/\\\/casadecampoliving.com\\\/es\\\/#\\\/schema\\\/logo\\\/image\\\/\",\"url\":\"https:\\\/\\\/i0.wp.com\\\/casadecampoliving.com\\\/wp-content\\\/uploads\\\/2022\\\/07\\\/CDCLivingLogo_V1-white-sized.png?fit=800%2C214&ssl=1\",\"contentUrl\":\"https:\\\/\\\/i0.wp.com\\\/casadecampoliving.com\\\/wp-content\\\/uploads\\\/2022\\\/07\\\/CDCLivingLogo_V1-white-sized.png?fit=800%2C214&ssl=1\",\"width\":800,\"height\":214,\"caption\":\"Casa de Campo Living\"},\"image\":{\"@id\":\"https:\\\/\\\/casadecampoliving.com\\\/es\\\/#\\\/schema\\\/logo\\\/image\\\/\"},\"sameAs\":[\"https:\\\/\\\/www.facebook.com\\\/casadecampoliving\",\"https:\\\/\\\/x.com\\\/cdcliving\"]},{\"@type\":\"Person\",\"@id\":\"https:\\\/\\\/casadecampoliving.com\\\/es\\\/#\\\/schema\\\/person\\\/91d3085d9c6fe671ec9370a33bc98839\",\"name\":\"Rebecca Hughes\",\"image\":{\"@type\":\"ImageObject\",\"inLanguage\":\"es\",\"@id\":\"https:\\\/\\\/secure.gravatar.com\\\/avatar\\\/fa8193bc0c4cfd84f5082667d2539f9b4da960049480f4eed2244a6b96321e38?s=96&d=mm&r=g\",\"url\":\"https:\\\/\\\/secure.gravatar.com\\\/avatar\\\/fa8193bc0c4cfd84f5082667d2539f9b4da960049480f4eed2244a6b96321e38?s=96&d=mm&r=g\",\"contentUrl\":\"https:\\\/\\\/secure.gravatar.com\\\/avatar\\\/fa8193bc0c4cfd84f5082667d2539f9b4da960049480f4eed2244a6b96321e38?s=96&d=mm&r=g\",\"caption\":\"Rebecca Hughes\"},\"description\":\"I am wonderful.\",\"sameAs\":[\"http:\\\/\\\/www.facebook.com\\\/profile.php?id=752510581\"],\"url\":\"https:\\\/\\\/casadecampoliving.com\\\/es\\\/author\\\/Rebecca Hughes\\\/\"}]}<\/script>\n<!-- \/ Yoast SEO plugin. -->","yoast_head_json":{"title":"\u00a1Recordatorio! \u00a1Chavoneros abren exposici\u00f3n \"Holistic\" este jueves | Casa de Campo Living","description":"Como ya hab\u00edamos dicho en nuestro art\u00edculo anterior, tres chavoneros se reunen para ofrecerle una rica y variada muestra de arte, con la exhibici\u00f3n","robots":{"index":"index","follow":"follow","max-snippet":"max-snippet:-1","max-image-preview":"max-image-preview:large","max-video-preview":"max-video-preview:-1"},"canonical":"https:\/\/casadecampoliving.com\/es\/recordatorio-chavoneros-abren-exposicion-holistic-este-jueves\/","og_locale":"es_ES","og_type":"article","og_title":"\u00a1Recordatorio! \u00a1Chavoneros abren exposici\u00f3n \"Holistic\" este jueves | Casa de Campo Living","og_description":"Como ya hab\u00edamos dicho en nuestro art\u00edculo anterior, tres chavoneros se reunen para ofrecerle una rica y variada muestra de arte, con la exhibici\u00f3n","og_url":"https:\/\/casadecampoliving.com\/es\/recordatorio-chavoneros-abren-exposicion-holistic-este-jueves\/","og_site_name":"Casa de Campo Living","article_publisher":"https:\/\/www.facebook.com\/casadecampoliving","article_published_time":"2014-12-16T04:00:00+00:00","article_modified_time":"2022-10-21T22:57:12+00:00","og_image":[{"width":650,"height":450,"url":"https:\/\/i0.wp.com\/casadecampoliving.com\/wp-content\/uploads\/2022\/10\/Invitacioin-exposicioin-Holistic-1.jpg?fit=650%2C450&ssl=1","type":"image\/jpeg"}],"author":"Rebecca Hughes","twitter_card":"summary_large_image","twitter_creator":"@cdcliving","twitter_site":"@cdcliving","twitter_misc":{"Escrito por":"Rebecca Hughes","Tiempo de lectura":"2 minutos"},"schema":{"@context":"https:\/\/schema.org","@graph":[{"@type":"Article","@id":"https:\/\/casadecampoliving.com\/es\/recordatorio-chavoneros-abren-exposicion-holistic-este-jueves\/#article","isPartOf":{"@id":"https:\/\/casadecampoliving.com\/es\/recordatorio-chavoneros-abren-exposicion-holistic-este-jueves\/"},"author":{"name":"Rebecca Hughes","@id":"https:\/\/casadecampoliving.com\/es\/#\/schema\/person\/91d3085d9c6fe671ec9370a33bc98839"},"headline":"\u00a1Recordatorio! \u00a1Chavoneros abren exposici\u00f3n \u00abHolistic\u00bb este jueves","datePublished":"2014-12-16T04:00:00+00:00","dateModified":"2022-10-21T22:57:12+00:00","mainEntityOfPage":{"@id":"https:\/\/casadecampoliving.com\/es\/recordatorio-chavoneros-abren-exposicion-holistic-este-jueves\/"},"wordCount":425,"publisher":{"@id":"https:\/\/casadecampoliving.com\/es\/#organization"},"image":{"@id":"https:\/\/casadecampoliving.com\/es\/recordatorio-chavoneros-abren-exposicion-holistic-este-jueves\/#primaryimage"},"thumbnailUrl":"https:\/\/i0.wp.com\/casadecampoliving.com\/wp-content\/uploads\/2022\/10\/Invitacioin-exposicioin-Holistic-1.jpg?fit=650%2C450&ssl=1","keywords":["Altos de Chavon","arte","George Heinsen @es","Holistic @es","Joao Rodr\u00edguez @es"],"articleSection":["Altos de Chavon @es","Arte y cultura","Casa de Campo Living @es","CCL presenta","Destacados","Eventos","Noticias Locales","Proximamente"],"inLanguage":"es"},{"@type":"WebPage","@id":"https:\/\/casadecampoliving.com\/es\/recordatorio-chavoneros-abren-exposicion-holistic-este-jueves\/","url":"https:\/\/casadecampoliving.com\/es\/recordatorio-chavoneros-abren-exposicion-holistic-este-jueves\/","name":"\u00a1Recordatorio! \u00a1Chavoneros abren exposici\u00f3n \"Holistic\" este jueves | Casa de Campo Living","isPartOf":{"@id":"https:\/\/casadecampoliving.com\/es\/#website"},"primaryImageOfPage":{"@id":"https:\/\/casadecampoliving.com\/es\/recordatorio-chavoneros-abren-exposicion-holistic-este-jueves\/#primaryimage"},"image":{"@id":"https:\/\/casadecampoliving.com\/es\/recordatorio-chavoneros-abren-exposicion-holistic-este-jueves\/#primaryimage"},"thumbnailUrl":"https:\/\/i0.wp.com\/casadecampoliving.com\/wp-content\/uploads\/2022\/10\/Invitacioin-exposicioin-Holistic-1.jpg?fit=650%2C450&ssl=1","datePublished":"2014-12-16T04:00:00+00:00","dateModified":"2022-10-21T22:57:12+00:00","description":"Como ya hab\u00edamos dicho en nuestro art\u00edculo anterior, tres chavoneros se reunen para ofrecerle una rica y variada muestra de arte, con la exhibici\u00f3n","breadcrumb":{"@id":"https:\/\/casadecampoliving.com\/es\/recordatorio-chavoneros-abren-exposicion-holistic-este-jueves\/#breadcrumb"},"inLanguage":"es","potentialAction":[{"@type":"ReadAction","target":["https:\/\/casadecampoliving.com\/es\/recordatorio-chavoneros-abren-exposicion-holistic-este-jueves\/"]}]},{"@type":"ImageObject","inLanguage":"es","@id":"https:\/\/casadecampoliving.com\/es\/recordatorio-chavoneros-abren-exposicion-holistic-este-jueves\/#primaryimage","url":"https:\/\/i0.wp.com\/casadecampoliving.com\/wp-content\/uploads\/2022\/10\/Invitacioin-exposicioin-Holistic-1.jpg?fit=650%2C450&ssl=1","contentUrl":"https:\/\/i0.wp.com\/casadecampoliving.com\/wp-content\/uploads\/2022\/10\/Invitacioin-exposicioin-Holistic-1.jpg?fit=650%2C450&ssl=1","width":650,"height":450},{"@type":"BreadcrumbList","@id":"https:\/\/casadecampoliving.com\/es\/recordatorio-chavoneros-abren-exposicion-holistic-este-jueves\/#breadcrumb","itemListElement":[{"@type":"ListItem","position":1,"name":"Home","item":"https:\/\/casadecampoliving.com\/es\/"},{"@type":"ListItem","position":2,"name":"\u00a1Recordatorio! \u00a1Chavoneros abren exposici\u00f3n &#8220;Holistic&#8221; este jueves"}]},{"@type":"WebSite","@id":"https:\/\/casadecampoliving.com\/es\/#website","url":"https:\/\/casadecampoliving.com\/es\/","name":"Casa de Campo Living","description":"Resort community news and resources.","publisher":{"@id":"https:\/\/casadecampoliving.com\/es\/#organization"},"potentialAction":[{"@type":"SearchAction","target":{"@type":"EntryPoint","urlTemplate":"https:\/\/casadecampoliving.com\/es\/?s={search_term_string}"},"query-input":{"@type":"PropertyValueSpecification","valueRequired":true,"valueName":"search_term_string"}}],"inLanguage":"es"},{"@type":"Organization","@id":"https:\/\/casadecampoliving.com\/es\/#organization","name":"Casa de Campo Living","url":"https:\/\/casadecampoliving.com\/es\/","logo":{"@type":"ImageObject","inLanguage":"es","@id":"https:\/\/casadecampoliving.com\/es\/#\/schema\/logo\/image\/","url":"https:\/\/i0.wp.com\/casadecampoliving.com\/wp-content\/uploads\/2022\/07\/CDCLivingLogo_V1-white-sized.png?fit=800%2C214&ssl=1","contentUrl":"https:\/\/i0.wp.com\/casadecampoliving.com\/wp-content\/uploads\/2022\/07\/CDCLivingLogo_V1-white-sized.png?fit=800%2C214&ssl=1","width":800,"height":214,"caption":"Casa de Campo Living"},"image":{"@id":"https:\/\/casadecampoliving.com\/es\/#\/schema\/logo\/image\/"},"sameAs":["https:\/\/www.facebook.com\/casadecampoliving","https:\/\/x.com\/cdcliving"]},{"@type":"Person","@id":"https:\/\/casadecampoliving.com\/es\/#\/schema\/person\/91d3085d9c6fe671ec9370a33bc98839","name":"Rebecca Hughes","image":{"@type":"ImageObject","inLanguage":"es","@id":"https:\/\/secure.gravatar.com\/avatar\/fa8193bc0c4cfd84f5082667d2539f9b4da960049480f4eed2244a6b96321e38?s=96&d=mm&r=g","url":"https:\/\/secure.gravatar.com\/avatar\/fa8193bc0c4cfd84f5082667d2539f9b4da960049480f4eed2244a6b96321e38?s=96&d=mm&r=g","contentUrl":"https:\/\/secure.gravatar.com\/avatar\/fa8193bc0c4cfd84f5082667d2539f9b4da960049480f4eed2244a6b96321e38?s=96&d=mm&r=g","caption":"Rebecca Hughes"},"description":"I am wonderful.","sameAs":["http:\/\/www.facebook.com\/profile.php?id=752510581"],"url":"https:\/\/casadecampoliving.com\/es\/author\/Rebecca Hughes\/"}]}},"parsely":{"version":"1.1.0","canonical_url":"https:\/\/casadecampoliving.com\/es\/recordatorio-chavoneros-abren-exposicion-holistic-este-jueves\/","smart_links":{"inbound":0,"outbound":0},"traffic_boost_suggestions_count":0,"meta":{"@context":"https:\/\/schema.org","@type":"NewsArticle","headline":"\u00a1Recordatorio! \u00a1Chavoneros abren exposici\u00f3n \u00abHolistic\u00bb este jueves","url":"http:\/\/casadecampoliving.com\/es\/recordatorio-chavoneros-abren-exposicion-holistic-este-jueves\/","mainEntityOfPage":{"@type":"WebPage","@id":"http:\/\/casadecampoliving.com\/es\/recordatorio-chavoneros-abren-exposicion-holistic-este-jueves\/"},"thumbnailUrl":"https:\/\/i0.wp.com\/casadecampoliving.com\/wp-content\/uploads\/2022\/10\/Invitacioin-exposicioin-Holistic-1.jpg?resize=150%2C150&ssl=1","image":{"@type":"ImageObject","url":"https:\/\/i0.wp.com\/casadecampoliving.com\/wp-content\/uploads\/2022\/10\/Invitacioin-exposicioin-Holistic-1.jpg?fit=650%2C450&ssl=1"},"articleSection":"Altos de Chavon @es","author":[{"@type":"Person","name":"Rebecca Hughes"}],"creator":["Rebecca Hughes"],"publisher":{"@type":"Organization","name":"Casa de Campo Living","logo":"https:\/\/casadecampoliving.com\/wp-content\/uploads\/2022\/07\/CDCLivingLogo_V1-white-sized.png"},"keywords":["altos de chavon","arte","george heinsen @es","holistic @es","joao rodr\u00edguez @es"],"dateCreated":"2014-12-16T04:00:00Z","datePublished":"2014-12-16T04:00:00Z","dateModified":"2022-10-21T22:57:12Z"},"rendered":"<script type=\"application\/ld+json\" class=\"wp-parsely-metadata\">{\"@context\":\"https:\\\/\\\/schema.org\",\"@type\":\"NewsArticle\",\"headline\":\"\\u00a1Recordatorio! \\u00a1Chavoneros abren exposici\\u00f3n \\u00abHolistic\\u00bb este jueves\",\"url\":\"http:\\\/\\\/casadecampoliving.com\\\/es\\\/recordatorio-chavoneros-abren-exposicion-holistic-este-jueves\\\/\",\"mainEntityOfPage\":{\"@type\":\"WebPage\",\"@id\":\"http:\\\/\\\/casadecampoliving.com\\\/es\\\/recordatorio-chavoneros-abren-exposicion-holistic-este-jueves\\\/\"},\"thumbnailUrl\":\"https:\\\/\\\/i0.wp.com\\\/casadecampoliving.com\\\/wp-content\\\/uploads\\\/2022\\\/10\\\/Invitacioin-exposicioin-Holistic-1.jpg?resize=150%2C150&ssl=1\",\"image\":{\"@type\":\"ImageObject\",\"url\":\"https:\\\/\\\/i0.wp.com\\\/casadecampoliving.com\\\/wp-content\\\/uploads\\\/2022\\\/10\\\/Invitacioin-exposicioin-Holistic-1.jpg?fit=650%2C450&ssl=1\"},\"articleSection\":\"Altos de Chavon @es\",\"author\":[{\"@type\":\"Person\",\"name\":\"Rebecca Hughes\"}],\"creator\":[\"Rebecca Hughes\"],\"publisher\":{\"@type\":\"Organization\",\"name\":\"Casa de Campo Living\",\"logo\":\"https:\\\/\\\/casadecampoliving.com\\\/wp-content\\\/uploads\\\/2022\\\/07\\\/CDCLivingLogo_V1-white-sized.png\"},\"keywords\":[\"altos de chavon\",\"arte\",\"george heinsen @es\",\"holistic @es\",\"joao rodr\\u00edguez @es\"],\"dateCreated\":\"2014-12-16T04:00:00Z\",\"datePublished\":\"2014-12-16T04:00:00Z\",\"dateModified\":\"2022-10-21T22:57:12Z\"}<\/script>","tracker_url":"https:\/\/cdn.parsely.com\/keys\/casadecampoliving.com\/p.js"},"jetpack_publicize_connections":[],"jetpack_featured_media_url":"https:\/\/i0.wp.com\/casadecampoliving.com\/wp-content\/uploads\/2022\/10\/Invitacioin-exposicioin-Holistic-1.jpg?fit=650%2C450&ssl=1","jetpack-related-posts":[{"id":324922,"url":"https:\/\/casadecampoliving.com\/reminder-chavoneros-open-holistic-exhibit-thursday\/","url_meta":{"origin":346299,"position":0},"title":"Reminder! Chavoneros open \u00abHolistic\u00bb exhibit this Thursday","author":"Rebecca Hughes","date":"16 Dic, 2014","format":false,"excerpt":"This Thursday December 18th you are cordially invited to the opening of \u201cHolistic\u201d, a new art exhibit being presented by three \u201cChavoneros.\u201d George Heinsen, Joao Rodriguez and Yoel Bordas, all graduates from the Altos de Chavon School of Art and Design, are the artists behind the artworks to be presented\u2026","rel":"","context":"En \u00abAltos de Chavon\u00bb","block_context":{"text":"Altos de Chavon","link":"https:\/\/casadecampoliving.com\/category\/altos-de-chavon\/"},"img":{"alt_text":"","src":"https:\/\/i0.wp.com\/casadecampoliving.com\/wp-content\/uploads\/2022\/10\/Invitacioin-exposicioin-Holistic-1.jpg?fit=650%2C450&ssl=1&resize=350%2C200","width":350,"height":200,"srcset":"https:\/\/i0.wp.com\/casadecampoliving.com\/wp-content\/uploads\/2022\/10\/Invitacioin-exposicioin-Holistic-1.jpg?fit=650%2C450&ssl=1&resize=350%2C200 1x, https:\/\/i0.wp.com\/casadecampoliving.com\/wp-content\/uploads\/2022\/10\/Invitacioin-exposicioin-Holistic-1.jpg?fit=650%2C450&ssl=1&resize=525%2C300 1.5x"},"classes":[]},{"id":329565,"url":"https:\/\/casadecampoliving.com\/the-main-gallery-of-altos-de-chavon-invites-you-to-the-exhibition-savages\/","url_meta":{"origin":346299,"position":1},"title":"*UPDATE: NEW DATE!* The Gallery of Altos de Chav\u00f3n invites you to the exhibition \u00abSavages\u00bb","author":"Casa de Campo Living","date":"10 Ago, 2017","format":false,"excerpt":"* UPDATE: Due to Hurricane Irma, The Gallery will open the exhibition \u201cSavages\u201d THURSDAY, SEPTEMBER 14th. We hope everyone stayed safe during the storm and will come out next week to support these two artists who have strong ties to the community and Altos de Chav\u00f3n. The main gallery of\u2026","rel":"","context":"En \u00abAltos de Chavon\u00bb","block_context":{"text":"Altos de Chavon","link":"https:\/\/casadecampoliving.com\/category\/altos-de-chavon\/"},"img":{"alt_text":"","src":"https:\/\/i0.wp.com\/casadecampoliving.com\/wp-content\/uploads\/2022\/10\/IMG_5363.jpg?fit=1000%2C613&ssl=1&resize=350%2C200","width":350,"height":200,"srcset":"https:\/\/i0.wp.com\/casadecampoliving.com\/wp-content\/uploads\/2022\/10\/IMG_5363.jpg?fit=1000%2C613&ssl=1&resize=350%2C200 1x, https:\/\/i0.wp.com\/casadecampoliving.com\/wp-content\/uploads\/2022\/10\/IMG_5363.jpg?fit=1000%2C613&ssl=1&resize=525%2C300 1.5x, https:\/\/i0.wp.com\/casadecampoliving.com\/wp-content\/uploads\/2022\/10\/IMG_5363.jpg?fit=1000%2C613&ssl=1&resize=700%2C400 2x"},"classes":[]},{"id":346083,"url":"https:\/\/casadecampoliving.com\/es\/chavoneros-presentan-holistic-exhibicion-de-arte\/","url_meta":{"origin":346299,"position":2},"title":"Chavoneros presentan \u00abHolistic\u00bb exhibici\u00f3n de arte","author":"Rebecca Hughes","date":"28 Nov, 2014","format":false,"excerpt":"\u00a1Arte y m\u00e1s arte! Del 18 de diciembre al 26 de enero 2015 la Galer\u00eda en Altos de Chav\u00f3n se llenar\u00e1 de las fabulosas obras de la exposici\u00f3n \u201cHolistic\u201d de los artistas dominicanos George Heinsen y Joao Rodr\u00edguez y el estadounidense Yoel Bordas, egresados de La Escuela de Dise\u00f1o Altos\u2026","rel":"","context":"En \u00abAltos de Chavon @es\u00bb","block_context":{"text":"Altos de Chavon @es","link":"https:\/\/casadecampoliving.com\/category\/altos-de-chavon-es\/"},"img":{"alt_text":"","src":"https:\/\/i0.wp.com\/casadecampoliving.com\/wp-content\/uploads\/2022\/10\/Invitacioin-exposicioin-Holistic-1.jpg?fit=650%2C450&ssl=1&resize=350%2C200","width":350,"height":200,"srcset":"https:\/\/i0.wp.com\/casadecampoliving.com\/wp-content\/uploads\/2022\/10\/Invitacioin-exposicioin-Holistic-1.jpg?fit=650%2C450&ssl=1&resize=350%2C200 1x, https:\/\/i0.wp.com\/casadecampoliving.com\/wp-content\/uploads\/2022\/10\/Invitacioin-exposicioin-Holistic-1.jpg?fit=650%2C450&ssl=1&resize=525%2C300 1.5x"},"classes":[]},{"id":433460,"url":"https:\/\/casadecampoliving.com\/es\/no-se-pierdan-el-increible-tributo-a-frank-sinatra-para-celebrar-el-40-aniversario-del-anfiteatro-altos-de-chavon\/","url_meta":{"origin":346299,"position":3},"title":"No se pierdan el incre\u00edble tributo a Frank Sinatra para celebrar el 40 aniversario del\u00a0Anfiteatro Altos de Chav\u00f3n","author":"Casa de Campo Living","date":"20 Oct, 2022","format":false,"excerpt":"Siendo uno de los escenarios m\u00e1s emblem\u00e1ticos del pa\u00eds, Casa de Campo Resort\u00ae & Villas celebra las cuatro d\u00e9cadas de aniversario de Altos de Chav\u00f3n con un tributo al gran Frank Sinatra, protagonizado por artistas invitados y una big band tal cual la que acompa\u00f1\u00f3 al artista hace 40 a\u00f1os\u2026","rel":"","context":"En \u00abUncategorized @es\u00bb","block_context":{"text":"Uncategorized @es","link":"https:\/\/casadecampoliving.com\/es\/category\/uncategorized-es\/"},"img":{"alt_text":"","src":"https:\/\/i0.wp.com\/casadecampoliving.com\/wp-content\/uploads\/2022\/10\/Tributo-Frank-Sinatra-Foto-Principal-Amaury-Sanchez-Danilo-Ginebra-Andres-Pichardo-y-Jose-Gabriel-Perez-.jpg?fit=1200%2C873&ssl=1&resize=350%2C200","width":350,"height":200,"srcset":"https:\/\/i0.wp.com\/casadecampoliving.com\/wp-content\/uploads\/2022\/10\/Tributo-Frank-Sinatra-Foto-Principal-Amaury-Sanchez-Danilo-Ginebra-Andres-Pichardo-y-Jose-Gabriel-Perez-.jpg?fit=1200%2C873&ssl=1&resize=350%2C200 1x, https:\/\/i0.wp.com\/casadecampoliving.com\/wp-content\/uploads\/2022\/10\/Tributo-Frank-Sinatra-Foto-Principal-Amaury-Sanchez-Danilo-Ginebra-Andres-Pichardo-y-Jose-Gabriel-Perez-.jpg?fit=1200%2C873&ssl=1&resize=525%2C300 1.5x, https:\/\/i0.wp.com\/casadecampoliving.com\/wp-content\/uploads\/2022\/10\/Tributo-Frank-Sinatra-Foto-Principal-Amaury-Sanchez-Danilo-Ginebra-Andres-Pichardo-y-Jose-Gabriel-Perez-.jpg?fit=1200%2C873&ssl=1&resize=700%2C400 2x, https:\/\/i0.wp.com\/casadecampoliving.com\/wp-content\/uploads\/2022\/10\/Tributo-Frank-Sinatra-Foto-Principal-Amaury-Sanchez-Danilo-Ginebra-Andres-Pichardo-y-Jose-Gabriel-Perez-.jpg?fit=1200%2C873&ssl=1&resize=1050%2C600 3x"},"classes":[]},{"id":324768,"url":"https:\/\/casadecampoliving.com\/former-chavoneros-present-holistic-art-exhibit\/","url_meta":{"origin":346299,"position":4},"title":"Chavoneros present \u00abHolistic\u00bb art exhibit","author":"Perkin Agramonte","date":"28 Nov, 2014","format":false,"excerpt":"Art and more art! From December 18th to January 26th, The Gallery in Altos de Chav\u00f3n will be filled with the fantastic artworks of the\u00a0\u201cHolistic\u201d\u00a0art exhibit presented by Dominican artists George Heinsen and Joao Rodriguez and US Yoel Bordas, all \u201cChavoneros\u201d and graduates of the Altos de Chav\u00f3n School of\u2026","rel":"","context":"En \u00abAltos de Chavon\u00bb","block_context":{"text":"Altos de Chavon","link":"https:\/\/casadecampoliving.com\/category\/altos-de-chavon\/"},"img":{"alt_text":"","src":"https:\/\/i0.wp.com\/casadecampoliving.com\/wp-content\/uploads\/2022\/10\/Invitacioin-exposicioin-Holistic-1.jpg?fit=650%2C450&ssl=1&resize=350%2C200","width":350,"height":200,"srcset":"https:\/\/i0.wp.com\/casadecampoliving.com\/wp-content\/uploads\/2022\/10\/Invitacioin-exposicioin-Holistic-1.jpg?fit=650%2C450&ssl=1&resize=350%2C200 1x, https:\/\/i0.wp.com\/casadecampoliving.com\/wp-content\/uploads\/2022\/10\/Invitacioin-exposicioin-Holistic-1.jpg?fit=650%2C450&ssl=1&resize=525%2C300 1.5x"},"classes":[]},{"id":351832,"url":"https:\/\/casadecampoliving.com\/es\/la-galeria-de-altos-de-chavon-invita-a-la-exposicion-savages\/","url_meta":{"origin":346299,"position":5},"title":"* ACTUALIZACI\u00d3N: \u00a1NUEVA FECHA! * La Galer\u00eda de Altos de Chav\u00f3n invita a la exposici\u00f3n \u00abSavages\u00bb","author":"Marlenys Guzm\u00e1n Casta\u00f1os","date":"10 Ago, 2017","format":false,"excerpt":"* ACTUALIZACI\u00d3N: Debido al hurac\u00e1n Irma, la Galer\u00eda abrir\u00e1 la exposici\u00f3n \u201cSavages\u201d el JUEVES, 14 DE SEPTIEMBRE. Esperamos que todos hayan permanecido a salvo durante la tormenta y vengan la pr\u00f3xima semana para apoyar a estos dos artistas que tienen fuertes lazos con la comunidad y Altos de Chav\u00f3n. La\u2026","rel":"","context":"En \u00abAltos de Chavon @es\u00bb","block_context":{"text":"Altos de Chavon @es","link":"https:\/\/casadecampoliving.com\/category\/altos-de-chavon-es\/"},"img":{"alt_text":"","src":"https:\/\/i0.wp.com\/casadecampoliving.com\/wp-content\/uploads\/2022\/10\/IMG_5363.jpg?fit=1000%2C613&ssl=1&resize=350%2C200","width":350,"height":200,"srcset":"https:\/\/i0.wp.com\/casadecampoliving.com\/wp-content\/uploads\/2022\/10\/IMG_5363.jpg?fit=1000%2C613&ssl=1&resize=350%2C200 1x, https:\/\/i0.wp.com\/casadecampoliving.com\/wp-content\/uploads\/2022\/10\/IMG_5363.jpg?fit=1000%2C613&ssl=1&resize=525%2C300 1.5x, https:\/\/i0.wp.com\/casadecampoliving.com\/wp-content\/uploads\/2022\/10\/IMG_5363.jpg?fit=1000%2C613&ssl=1&resize=700%2C400 2x"},"classes":[]}],"jetpack_sharing_enabled":true,"_links":{"self":[{"href":"https:\/\/casadecampoliving.com\/es\/wp-json\/wp\/v2\/posts\/346299","targetHints":{"allow":["GET"]}}],"collection":[{"href":"https:\/\/casadecampoliving.com\/es\/wp-json\/wp\/v2\/posts"}],"about":[{"href":"https:\/\/casadecampoliving.com\/es\/wp-json\/wp\/v2\/types\/post"}],"author":[{"embeddable":true,"href":"https:\/\/casadecampoliving.com\/es\/wp-json\/wp\/v2\/users\/14"}],"replies":[{"embeddable":true,"href":"https:\/\/casadecampoliving.com\/es\/wp-json\/wp\/v2\/comments?post=346299"}],"version-history":[{"count":1,"href":"https:\/\/casadecampoliving.com\/es\/wp-json\/wp\/v2\/posts\/346299\/revisions"}],"predecessor-version":[{"id":346300,"href":"https:\/\/casadecampoliving.com\/es\/wp-json\/wp\/v2\/posts\/346299\/revisions\/346300"}],"wp:featuredmedia":[{"embeddable":true,"href":"https:\/\/casadecampoliving.com\/es\/wp-json\/wp\/v2\/media\/289283"}],"wp:attachment":[{"href":"https:\/\/casadecampoliving.com\/es\/wp-json\/wp\/v2\/media?parent=346299"}],"wp:term":[{"taxonomy":"category","embeddable":true,"href":"https:\/\/casadecampoliving.com\/es\/wp-json\/wp\/v2\/categories?post=346299"},{"taxonomy":"post_tag","embeddable":true,"href":"https:\/\/casadecampoliving.com\/es\/wp-json\/wp\/v2\/tags?post=346299"},{"taxonomy":"newspack_spnsrs_tax","embeddable":true,"href":"https:\/\/casadecampoliving.com\/es\/wp-json\/wp\/v2\/newspack_spnsrs_tax?post=346299"}],"curies":[{"name":"wp","href":"https:\/\/api.w.org\/{rel}","templated":true}]}}