{"id":346271,"date":"2014-12-14T00:00:00","date_gmt":"2014-12-14T04:00:00","guid":{"rendered":"https:\/\/casadecampoliving.com\/bikinis-de-lentejuelas-y-gigantes-tocados-de-pina-kandela-abre-esta-noche\/"},"modified":"2022-10-21T18:56:18","modified_gmt":"2022-10-21T22:56:18","slug":"bikinis-de-lentejuelas-y-gigantes-tocados-de-pina-kandela-abre-esta-noche","status":"publish","type":"post","link":"https:\/\/casadecampoliving.com\/es\/bikinis-de-lentejuelas-y-gigantes-tocados-de-pina-kandela-abre-esta-noche\/","title":{"rendered":"Bikinis de lentejuelas y gigantes tocados de pi\u00f1a&#8230; \u00a1KANDELA abre esta noche!"},"content":{"rendered":"<div class=\"wp-block-image\">\n<figure class=\"aligncenter is-resized\"><img loading=\"lazy\" decoding=\"async\" src=\"https:\/\/i0.wp.com\/casadecampoliving.com\/wp-content\/uploads\/2022\/10\/kandela_altos_de_chavon-2.jpg?resize=650%2C427&amp;ssl=1\" alt=\"kandela_altos_de_chavon\" class=\"wp-image-104108\" height=\"427\" width=\"650\"\/><\/figure>\n<\/div>\n\n\n<p>Esta noche, domingo 14 de diciembre, \u00a1el espect\u00e1culo inaugural de KANDELA se llevar\u00e1 a cabo en el anfiteatro de Altos de Chav\u00f3n!<\/p>\n\n\n\n<!--more-->\n\n\n<div class=\"wp-block-image\">\n<figure class=\"alignright is-resized\"><img loading=\"lazy\" decoding=\"async\" src=\"https:\/\/i0.wp.com\/casadecampoliving.com\/wp-content\/uploads\/2022\/10\/2555319954_d903b0fc69_o.jpg?resize=300%2C453&amp;ssl=1\" alt=\"2555319954_d903b0fc69_o\" class=\"wp-image-104109\" height=\"453\" width=\"300\"\/><\/figure>\n<\/div>\n\n\n<p>\u00a1KANDELA es lo \u00faltimo en la danza dominicana! Un conjunto de bailarines profesionales dominicanos, realizando presentaciones donde se mezclan movimientos afrocaribe\u00f1os para entregar un espect\u00e1culo inolvidable para disfrutar con amigos o familiares.<\/p>\n\n\n\n<p>Es una presentaci\u00f3n llena de m\u00fasica, sonidos caribe\u00f1os, trajes con brillantes colores y coloridos tocados, toda una variedad de colores y sonidos que despertar\u00e1n sus sentidos y le har\u00e1n querer bailar al son de la m\u00fasica.<\/p>\n\n\n\n<p class=\"has-text-align-left\">Todas las actuaciones resaltan la cultura dominicana, especialmente en febrero cuando se realiza un espect\u00e1culo inspirado en los desfiles del carnaval dominicano.<\/p>\n\n\n\n<p class=\"has-text-align-left\">\u00a1Kandela es un show que no se puede perder!<\/p>\n\n\n\n<blockquote><p><span style=\"text-decoration: underline;\"><b>El Show Kandela<\/b><\/span><\/p><p><b>Cu\u00e1ndo:<\/b><\/p><ul>\n<li>Lunes, 9pm<\/li>\n<li>Domingo, 8pm<\/li>\n<li>El primer show, domingo 14 de diciembre<\/li>\n<\/ul><p><b>D\u00f3nde:<\/b> Anfiteatro de Altos de Chav\u00f3n<\/p><p><b>Precio:<\/b> US$35.00 p\/p \/ US$15.00 Ni\u00f1os menores de 12 a\u00f1os<\/p><p><b><strong>[Especial&nbsp;<\/strong>30% de descuento para due\u00f1os de villas<strong>]<\/strong> &nbsp;<\/b><\/p><\/blockquote>\n\n\n\n<p><strong>Nota:<\/strong>&nbsp;Los horarios de las presentaciones var\u00edan dependiendo del d\u00eda y recuerde que&nbsp;se estar\u00e1n presentando todos los lunes y domingos hasta el mes de abril \u2013 <em><b>\u00a1as\u00ed que an\u00edmese a disfrutar de un magn\u00edfico espect\u00e1culo lleno de luces, colores y por supuesto m\u00fasica y baile!<\/b><\/em><\/p>\n","protected":false},"excerpt":{"rendered":"<p>Esta noche, domingo 14 de diciembre, \u00a1el espect\u00e1culo inaugural de KANDELA se llevar\u00e1 a cabo en el anfiteatro de Altos de Chav\u00f3n!<\/p>\n","protected":false},"author":14,"featured_media":295473,"comment_status":"closed","ping_status":"closed","sticky":false,"template":"","format":"standard","meta":{"newspack_ads_suppress_ads":false,"newspack_popups_has_disabled_popups":false,"newspack_sponsor_sponsorship_scope":"","newspack_sponsor_native_byline_display":"inherit","newspack_sponsor_native_category_display":"inherit","newspack_sponsor_underwriter_style":"inherit","newspack_sponsor_underwriter_placement":"inherit","_newspack_byline_active":false,"_newspack_byline":"","newspack_hide_updated_date":false,"newspack_show_updated_date":false,"newspack_content_restriction_is_exempt":false,"newspack_featured_image_position":"","newspack_post_subtitle":"","newspack_article_summary_title":"Overview:","newspack_article_summary":"","_jetpack_memberships_contains_paid_content":false,"footnotes":"","jetpack_publicize_message":"","jetpack_publicize_feature_enabled":true,"jetpack_social_post_already_shared":false,"jetpack_social_options":{"image_generator_settings":{"template":"highway","default_image_id":0,"font":"","enabled":false},"version":2},"_wpas_customize_per_network":false},"categories":[26819,26823,26936,26951,14629,2522,14625,14627,2501],"tags":[15387,2916,6418,11479,11478,6774],"newspack_spnsrs_tax":[],"class_list":["post-346271","post","type-post","status-publish","format-standard","has-post-thumbnail","hentry","category-altos-de-chavon-es","category-arte-y-cultura","category-casa-de-campo-living-es","category-ccl-presenta","category-comidas-bebidas","category-eventos-es","category-noticias-locales","category-proximamente","category-vida-nocturna-es","tag-altos-de-chavon-es","tag-baile","tag-danza","tag-espectaculo","tag-show-es","tag-vida-nocturna","entry"],"yoast_head":"<!-- This site is optimized with the Yoast SEO plugin v27.5 - https:\/\/yoast.com\/product\/yoast-seo-wordpress\/ -->\n<title>Bikinis de lentejuelas y gigantes tocados de pi\u00f1a... \u00a1KANDELA abre esta noche! | Casa de Campo Living<\/title>\n<meta name=\"description\" content=\"Esta noche, domingo 14 de diciembre, \u00a1el espect\u00e1culo inaugural de KANDELA se llevar\u00e1 a cabo en el anfiteatro de Altos de Chav\u00f3n! \u00a1KANDELA es lo \u00faltimo en\" \/>\n<meta name=\"robots\" content=\"index, follow, max-snippet:-1, max-image-preview:large, max-video-preview:-1\" \/>\n<link rel=\"canonical\" href=\"https:\/\/casadecampoliving.com\/es\/bikinis-de-lentejuelas-y-gigantes-tocados-de-pina-kandela-abre-esta-noche\/\" \/>\n<meta property=\"og:locale\" content=\"es_ES\" \/>\n<meta property=\"og:type\" content=\"article\" \/>\n<meta property=\"og:title\" content=\"Bikinis de lentejuelas y gigantes tocados de pi\u00f1a... \u00a1KANDELA abre esta noche! | Casa de Campo Living\" \/>\n<meta property=\"og:description\" content=\"Esta noche, domingo 14 de diciembre, \u00a1el espect\u00e1culo inaugural de KANDELA se llevar\u00e1 a cabo en el anfiteatro de Altos de Chav\u00f3n! \u00a1KANDELA es lo \u00faltimo en\" \/>\n<meta property=\"og:url\" content=\"https:\/\/casadecampoliving.com\/es\/bikinis-de-lentejuelas-y-gigantes-tocados-de-pina-kandela-abre-esta-noche\/\" \/>\n<meta property=\"og:site_name\" content=\"Casa de Campo Living\" \/>\n<meta property=\"article:publisher\" content=\"https:\/\/www.facebook.com\/casadecampoliving\" \/>\n<meta property=\"article:published_time\" content=\"2014-12-14T04:00:00+00:00\" \/>\n<meta property=\"article:modified_time\" content=\"2022-10-21T22:56:18+00:00\" \/>\n<meta property=\"og:image\" content=\"https:\/\/i0.wp.com\/casadecampoliving.com\/wp-content\/uploads\/2022\/10\/kandela_altos_de_chavon-3.jpg?fit=650%2C427&ssl=1\" \/>\n\t<meta property=\"og:image:width\" content=\"650\" \/>\n\t<meta property=\"og:image:height\" content=\"427\" \/>\n\t<meta property=\"og:image:type\" content=\"image\/jpeg\" \/>\n<meta name=\"author\" content=\"Rebecca Hughes\" \/>\n<meta name=\"twitter:card\" content=\"summary_large_image\" \/>\n<meta name=\"twitter:creator\" content=\"@cdcliving\" \/>\n<meta name=\"twitter:site\" content=\"@cdcliving\" \/>\n<meta name=\"twitter:label1\" content=\"Escrito por\" \/>\n\t<meta name=\"twitter:data1\" content=\"Rebecca Hughes\" \/>\n\t<meta name=\"twitter:label2\" content=\"Tiempo de lectura\" \/>\n\t<meta name=\"twitter:data2\" content=\"1 minuto\" \/>\n<script type=\"application\/ld+json\" class=\"yoast-schema-graph\">{\"@context\":\"https:\\\/\\\/schema.org\",\"@graph\":[{\"@type\":\"Article\",\"@id\":\"https:\\\/\\\/casadecampoliving.com\\\/es\\\/bikinis-de-lentejuelas-y-gigantes-tocados-de-pina-kandela-abre-esta-noche\\\/#article\",\"isPartOf\":{\"@id\":\"https:\\\/\\\/casadecampoliving.com\\\/es\\\/bikinis-de-lentejuelas-y-gigantes-tocados-de-pina-kandela-abre-esta-noche\\\/\"},\"author\":{\"name\":\"Rebecca Hughes\",\"@id\":\"https:\\\/\\\/casadecampoliving.com\\\/es\\\/#\\\/schema\\\/person\\\/91d3085d9c6fe671ec9370a33bc98839\"},\"headline\":\"Bikinis de lentejuelas y gigantes tocados de pi\u00f1a&#8230; \u00a1KANDELA abre esta noche!\",\"datePublished\":\"2014-12-14T04:00:00+00:00\",\"dateModified\":\"2022-10-21T22:56:18+00:00\",\"mainEntityOfPage\":{\"@id\":\"https:\\\/\\\/casadecampoliving.com\\\/es\\\/bikinis-de-lentejuelas-y-gigantes-tocados-de-pina-kandela-abre-esta-noche\\\/\"},\"wordCount\":242,\"publisher\":{\"@id\":\"https:\\\/\\\/casadecampoliving.com\\\/es\\\/#organization\"},\"image\":{\"@id\":\"https:\\\/\\\/casadecampoliving.com\\\/es\\\/bikinis-de-lentejuelas-y-gigantes-tocados-de-pina-kandela-abre-esta-noche\\\/#primaryimage\"},\"thumbnailUrl\":\"https:\\\/\\\/i0.wp.com\\\/casadecampoliving.com\\\/wp-content\\\/uploads\\\/2022\\\/10\\\/kandela_altos_de_chavon-3.jpg?fit=650%2C427&ssl=1\",\"keywords\":[\"Altos de Chavon\",\"baile\",\"danza\",\"espect\u00e1culo\",\"show @es\",\"vida nocturna\"],\"articleSection\":[\"Altos de Chavon @es\",\"Arte y cultura\",\"Casa de Campo Living @es\",\"CCL presenta\",\"Comidas &amp; Bebidas\",\"Eventos\",\"Noticias Locales\",\"Proximamente\",\"Vida Nocturna\"],\"inLanguage\":\"es\"},{\"@type\":\"WebPage\",\"@id\":\"https:\\\/\\\/casadecampoliving.com\\\/es\\\/bikinis-de-lentejuelas-y-gigantes-tocados-de-pina-kandela-abre-esta-noche\\\/\",\"url\":\"https:\\\/\\\/casadecampoliving.com\\\/es\\\/bikinis-de-lentejuelas-y-gigantes-tocados-de-pina-kandela-abre-esta-noche\\\/\",\"name\":\"Bikinis de lentejuelas y gigantes tocados de pi\u00f1a... \u00a1KANDELA abre esta noche! | Casa de Campo Living\",\"isPartOf\":{\"@id\":\"https:\\\/\\\/casadecampoliving.com\\\/es\\\/#website\"},\"primaryImageOfPage\":{\"@id\":\"https:\\\/\\\/casadecampoliving.com\\\/es\\\/bikinis-de-lentejuelas-y-gigantes-tocados-de-pina-kandela-abre-esta-noche\\\/#primaryimage\"},\"image\":{\"@id\":\"https:\\\/\\\/casadecampoliving.com\\\/es\\\/bikinis-de-lentejuelas-y-gigantes-tocados-de-pina-kandela-abre-esta-noche\\\/#primaryimage\"},\"thumbnailUrl\":\"https:\\\/\\\/i0.wp.com\\\/casadecampoliving.com\\\/wp-content\\\/uploads\\\/2022\\\/10\\\/kandela_altos_de_chavon-3.jpg?fit=650%2C427&ssl=1\",\"datePublished\":\"2014-12-14T04:00:00+00:00\",\"dateModified\":\"2022-10-21T22:56:18+00:00\",\"description\":\"Esta noche, domingo 14 de diciembre, \u00a1el espect\u00e1culo inaugural de KANDELA se llevar\u00e1 a cabo en el anfiteatro de Altos de Chav\u00f3n! \u00a1KANDELA es lo \u00faltimo en\",\"breadcrumb\":{\"@id\":\"https:\\\/\\\/casadecampoliving.com\\\/es\\\/bikinis-de-lentejuelas-y-gigantes-tocados-de-pina-kandela-abre-esta-noche\\\/#breadcrumb\"},\"inLanguage\":\"es\",\"potentialAction\":[{\"@type\":\"ReadAction\",\"target\":[\"https:\\\/\\\/casadecampoliving.com\\\/es\\\/bikinis-de-lentejuelas-y-gigantes-tocados-de-pina-kandela-abre-esta-noche\\\/\"]}]},{\"@type\":\"ImageObject\",\"inLanguage\":\"es\",\"@id\":\"https:\\\/\\\/casadecampoliving.com\\\/es\\\/bikinis-de-lentejuelas-y-gigantes-tocados-de-pina-kandela-abre-esta-noche\\\/#primaryimage\",\"url\":\"https:\\\/\\\/i0.wp.com\\\/casadecampoliving.com\\\/wp-content\\\/uploads\\\/2022\\\/10\\\/kandela_altos_de_chavon-3.jpg?fit=650%2C427&ssl=1\",\"contentUrl\":\"https:\\\/\\\/i0.wp.com\\\/casadecampoliving.com\\\/wp-content\\\/uploads\\\/2022\\\/10\\\/kandela_altos_de_chavon-3.jpg?fit=650%2C427&ssl=1\",\"width\":650,\"height\":427},{\"@type\":\"BreadcrumbList\",\"@id\":\"https:\\\/\\\/casadecampoliving.com\\\/es\\\/bikinis-de-lentejuelas-y-gigantes-tocados-de-pina-kandela-abre-esta-noche\\\/#breadcrumb\",\"itemListElement\":[{\"@type\":\"ListItem\",\"position\":1,\"name\":\"Home\",\"item\":\"https:\\\/\\\/casadecampoliving.com\\\/es\\\/\"},{\"@type\":\"ListItem\",\"position\":2,\"name\":\"Bikinis de lentejuelas y gigantes tocados de pi\u00f1a&#8230; \u00a1KANDELA abre esta noche!\"}]},{\"@type\":\"WebSite\",\"@id\":\"https:\\\/\\\/casadecampoliving.com\\\/es\\\/#website\",\"url\":\"https:\\\/\\\/casadecampoliving.com\\\/es\\\/\",\"name\":\"Casa de Campo Living\",\"description\":\"Resort community news and resources.\",\"publisher\":{\"@id\":\"https:\\\/\\\/casadecampoliving.com\\\/es\\\/#organization\"},\"potentialAction\":[{\"@type\":\"SearchAction\",\"target\":{\"@type\":\"EntryPoint\",\"urlTemplate\":\"https:\\\/\\\/casadecampoliving.com\\\/es\\\/?s={search_term_string}\"},\"query-input\":{\"@type\":\"PropertyValueSpecification\",\"valueRequired\":true,\"valueName\":\"search_term_string\"}}],\"inLanguage\":\"es\"},{\"@type\":\"Organization\",\"@id\":\"https:\\\/\\\/casadecampoliving.com\\\/es\\\/#organization\",\"name\":\"Casa de Campo Living\",\"url\":\"https:\\\/\\\/casadecampoliving.com\\\/es\\\/\",\"logo\":{\"@type\":\"ImageObject\",\"inLanguage\":\"es\",\"@id\":\"https:\\\/\\\/casadecampoliving.com\\\/es\\\/#\\\/schema\\\/logo\\\/image\\\/\",\"url\":\"https:\\\/\\\/i0.wp.com\\\/casadecampoliving.com\\\/wp-content\\\/uploads\\\/2022\\\/07\\\/CDCLivingLogo_V1-white-sized.png?fit=800%2C214&ssl=1\",\"contentUrl\":\"https:\\\/\\\/i0.wp.com\\\/casadecampoliving.com\\\/wp-content\\\/uploads\\\/2022\\\/07\\\/CDCLivingLogo_V1-white-sized.png?fit=800%2C214&ssl=1\",\"width\":800,\"height\":214,\"caption\":\"Casa de Campo Living\"},\"image\":{\"@id\":\"https:\\\/\\\/casadecampoliving.com\\\/es\\\/#\\\/schema\\\/logo\\\/image\\\/\"},\"sameAs\":[\"https:\\\/\\\/www.facebook.com\\\/casadecampoliving\",\"https:\\\/\\\/x.com\\\/cdcliving\"]},{\"@type\":\"Person\",\"@id\":\"https:\\\/\\\/casadecampoliving.com\\\/es\\\/#\\\/schema\\\/person\\\/91d3085d9c6fe671ec9370a33bc98839\",\"name\":\"Rebecca Hughes\",\"image\":{\"@type\":\"ImageObject\",\"inLanguage\":\"es\",\"@id\":\"https:\\\/\\\/secure.gravatar.com\\\/avatar\\\/fa8193bc0c4cfd84f5082667d2539f9b4da960049480f4eed2244a6b96321e38?s=96&d=mm&r=g\",\"url\":\"https:\\\/\\\/secure.gravatar.com\\\/avatar\\\/fa8193bc0c4cfd84f5082667d2539f9b4da960049480f4eed2244a6b96321e38?s=96&d=mm&r=g\",\"contentUrl\":\"https:\\\/\\\/secure.gravatar.com\\\/avatar\\\/fa8193bc0c4cfd84f5082667d2539f9b4da960049480f4eed2244a6b96321e38?s=96&d=mm&r=g\",\"caption\":\"Rebecca Hughes\"},\"description\":\"I am wonderful.\",\"sameAs\":[\"http:\\\/\\\/www.facebook.com\\\/profile.php?id=752510581\"],\"url\":\"https:\\\/\\\/casadecampoliving.com\\\/es\\\/author\\\/Rebecca Hughes\\\/\"}]}<\/script>\n<!-- \/ Yoast SEO plugin. -->","yoast_head_json":{"title":"Bikinis de lentejuelas y gigantes tocados de pi\u00f1a... \u00a1KANDELA abre esta noche! | Casa de Campo Living","description":"Esta noche, domingo 14 de diciembre, \u00a1el espect\u00e1culo inaugural de KANDELA se llevar\u00e1 a cabo en el anfiteatro de Altos de Chav\u00f3n! \u00a1KANDELA es lo \u00faltimo en","robots":{"index":"index","follow":"follow","max-snippet":"max-snippet:-1","max-image-preview":"max-image-preview:large","max-video-preview":"max-video-preview:-1"},"canonical":"https:\/\/casadecampoliving.com\/es\/bikinis-de-lentejuelas-y-gigantes-tocados-de-pina-kandela-abre-esta-noche\/","og_locale":"es_ES","og_type":"article","og_title":"Bikinis de lentejuelas y gigantes tocados de pi\u00f1a... \u00a1KANDELA abre esta noche! | Casa de Campo Living","og_description":"Esta noche, domingo 14 de diciembre, \u00a1el espect\u00e1culo inaugural de KANDELA se llevar\u00e1 a cabo en el anfiteatro de Altos de Chav\u00f3n! \u00a1KANDELA es lo \u00faltimo en","og_url":"https:\/\/casadecampoliving.com\/es\/bikinis-de-lentejuelas-y-gigantes-tocados-de-pina-kandela-abre-esta-noche\/","og_site_name":"Casa de Campo Living","article_publisher":"https:\/\/www.facebook.com\/casadecampoliving","article_published_time":"2014-12-14T04:00:00+00:00","article_modified_time":"2022-10-21T22:56:18+00:00","og_image":[{"width":650,"height":427,"url":"https:\/\/i0.wp.com\/casadecampoliving.com\/wp-content\/uploads\/2022\/10\/kandela_altos_de_chavon-3.jpg?fit=650%2C427&ssl=1","type":"image\/jpeg"}],"author":"Rebecca Hughes","twitter_card":"summary_large_image","twitter_creator":"@cdcliving","twitter_site":"@cdcliving","twitter_misc":{"Escrito por":"Rebecca Hughes","Tiempo de lectura":"1 minuto"},"schema":{"@context":"https:\/\/schema.org","@graph":[{"@type":"Article","@id":"https:\/\/casadecampoliving.com\/es\/bikinis-de-lentejuelas-y-gigantes-tocados-de-pina-kandela-abre-esta-noche\/#article","isPartOf":{"@id":"https:\/\/casadecampoliving.com\/es\/bikinis-de-lentejuelas-y-gigantes-tocados-de-pina-kandela-abre-esta-noche\/"},"author":{"name":"Rebecca Hughes","@id":"https:\/\/casadecampoliving.com\/es\/#\/schema\/person\/91d3085d9c6fe671ec9370a33bc98839"},"headline":"Bikinis de lentejuelas y gigantes tocados de pi\u00f1a&#8230; \u00a1KANDELA abre esta noche!","datePublished":"2014-12-14T04:00:00+00:00","dateModified":"2022-10-21T22:56:18+00:00","mainEntityOfPage":{"@id":"https:\/\/casadecampoliving.com\/es\/bikinis-de-lentejuelas-y-gigantes-tocados-de-pina-kandela-abre-esta-noche\/"},"wordCount":242,"publisher":{"@id":"https:\/\/casadecampoliving.com\/es\/#organization"},"image":{"@id":"https:\/\/casadecampoliving.com\/es\/bikinis-de-lentejuelas-y-gigantes-tocados-de-pina-kandela-abre-esta-noche\/#primaryimage"},"thumbnailUrl":"https:\/\/i0.wp.com\/casadecampoliving.com\/wp-content\/uploads\/2022\/10\/kandela_altos_de_chavon-3.jpg?fit=650%2C427&ssl=1","keywords":["Altos de Chavon","baile","danza","espect\u00e1culo","show @es","vida nocturna"],"articleSection":["Altos de Chavon @es","Arte y cultura","Casa de Campo Living @es","CCL presenta","Comidas &amp; Bebidas","Eventos","Noticias Locales","Proximamente","Vida Nocturna"],"inLanguage":"es"},{"@type":"WebPage","@id":"https:\/\/casadecampoliving.com\/es\/bikinis-de-lentejuelas-y-gigantes-tocados-de-pina-kandela-abre-esta-noche\/","url":"https:\/\/casadecampoliving.com\/es\/bikinis-de-lentejuelas-y-gigantes-tocados-de-pina-kandela-abre-esta-noche\/","name":"Bikinis de lentejuelas y gigantes tocados de pi\u00f1a... \u00a1KANDELA abre esta noche! | Casa de Campo Living","isPartOf":{"@id":"https:\/\/casadecampoliving.com\/es\/#website"},"primaryImageOfPage":{"@id":"https:\/\/casadecampoliving.com\/es\/bikinis-de-lentejuelas-y-gigantes-tocados-de-pina-kandela-abre-esta-noche\/#primaryimage"},"image":{"@id":"https:\/\/casadecampoliving.com\/es\/bikinis-de-lentejuelas-y-gigantes-tocados-de-pina-kandela-abre-esta-noche\/#primaryimage"},"thumbnailUrl":"https:\/\/i0.wp.com\/casadecampoliving.com\/wp-content\/uploads\/2022\/10\/kandela_altos_de_chavon-3.jpg?fit=650%2C427&ssl=1","datePublished":"2014-12-14T04:00:00+00:00","dateModified":"2022-10-21T22:56:18+00:00","description":"Esta noche, domingo 14 de diciembre, \u00a1el espect\u00e1culo inaugural de KANDELA se llevar\u00e1 a cabo en el anfiteatro de Altos de Chav\u00f3n! \u00a1KANDELA es lo \u00faltimo en","breadcrumb":{"@id":"https:\/\/casadecampoliving.com\/es\/bikinis-de-lentejuelas-y-gigantes-tocados-de-pina-kandela-abre-esta-noche\/#breadcrumb"},"inLanguage":"es","potentialAction":[{"@type":"ReadAction","target":["https:\/\/casadecampoliving.com\/es\/bikinis-de-lentejuelas-y-gigantes-tocados-de-pina-kandela-abre-esta-noche\/"]}]},{"@type":"ImageObject","inLanguage":"es","@id":"https:\/\/casadecampoliving.com\/es\/bikinis-de-lentejuelas-y-gigantes-tocados-de-pina-kandela-abre-esta-noche\/#primaryimage","url":"https:\/\/i0.wp.com\/casadecampoliving.com\/wp-content\/uploads\/2022\/10\/kandela_altos_de_chavon-3.jpg?fit=650%2C427&ssl=1","contentUrl":"https:\/\/i0.wp.com\/casadecampoliving.com\/wp-content\/uploads\/2022\/10\/kandela_altos_de_chavon-3.jpg?fit=650%2C427&ssl=1","width":650,"height":427},{"@type":"BreadcrumbList","@id":"https:\/\/casadecampoliving.com\/es\/bikinis-de-lentejuelas-y-gigantes-tocados-de-pina-kandela-abre-esta-noche\/#breadcrumb","itemListElement":[{"@type":"ListItem","position":1,"name":"Home","item":"https:\/\/casadecampoliving.com\/es\/"},{"@type":"ListItem","position":2,"name":"Bikinis de lentejuelas y gigantes tocados de pi\u00f1a&#8230; \u00a1KANDELA abre esta noche!"}]},{"@type":"WebSite","@id":"https:\/\/casadecampoliving.com\/es\/#website","url":"https:\/\/casadecampoliving.com\/es\/","name":"Casa de Campo Living","description":"Resort community news and resources.","publisher":{"@id":"https:\/\/casadecampoliving.com\/es\/#organization"},"potentialAction":[{"@type":"SearchAction","target":{"@type":"EntryPoint","urlTemplate":"https:\/\/casadecampoliving.com\/es\/?s={search_term_string}"},"query-input":{"@type":"PropertyValueSpecification","valueRequired":true,"valueName":"search_term_string"}}],"inLanguage":"es"},{"@type":"Organization","@id":"https:\/\/casadecampoliving.com\/es\/#organization","name":"Casa de Campo Living","url":"https:\/\/casadecampoliving.com\/es\/","logo":{"@type":"ImageObject","inLanguage":"es","@id":"https:\/\/casadecampoliving.com\/es\/#\/schema\/logo\/image\/","url":"https:\/\/i0.wp.com\/casadecampoliving.com\/wp-content\/uploads\/2022\/07\/CDCLivingLogo_V1-white-sized.png?fit=800%2C214&ssl=1","contentUrl":"https:\/\/i0.wp.com\/casadecampoliving.com\/wp-content\/uploads\/2022\/07\/CDCLivingLogo_V1-white-sized.png?fit=800%2C214&ssl=1","width":800,"height":214,"caption":"Casa de Campo Living"},"image":{"@id":"https:\/\/casadecampoliving.com\/es\/#\/schema\/logo\/image\/"},"sameAs":["https:\/\/www.facebook.com\/casadecampoliving","https:\/\/x.com\/cdcliving"]},{"@type":"Person","@id":"https:\/\/casadecampoliving.com\/es\/#\/schema\/person\/91d3085d9c6fe671ec9370a33bc98839","name":"Rebecca Hughes","image":{"@type":"ImageObject","inLanguage":"es","@id":"https:\/\/secure.gravatar.com\/avatar\/fa8193bc0c4cfd84f5082667d2539f9b4da960049480f4eed2244a6b96321e38?s=96&d=mm&r=g","url":"https:\/\/secure.gravatar.com\/avatar\/fa8193bc0c4cfd84f5082667d2539f9b4da960049480f4eed2244a6b96321e38?s=96&d=mm&r=g","contentUrl":"https:\/\/secure.gravatar.com\/avatar\/fa8193bc0c4cfd84f5082667d2539f9b4da960049480f4eed2244a6b96321e38?s=96&d=mm&r=g","caption":"Rebecca Hughes"},"description":"I am wonderful.","sameAs":["http:\/\/www.facebook.com\/profile.php?id=752510581"],"url":"https:\/\/casadecampoliving.com\/es\/author\/Rebecca Hughes\/"}]}},"parsely":{"version":"1.1.0","canonical_url":"https:\/\/casadecampoliving.com\/es\/bikinis-de-lentejuelas-y-gigantes-tocados-de-pina-kandela-abre-esta-noche\/","smart_links":{"inbound":0,"outbound":0},"traffic_boost_suggestions_count":0,"meta":{"@context":"https:\/\/schema.org","@type":"NewsArticle","headline":"Bikinis de lentejuelas y gigantes tocados de pi\u00f1a&#8230; \u00a1KANDELA abre esta noche!","url":"http:\/\/casadecampoliving.com\/es\/bikinis-de-lentejuelas-y-gigantes-tocados-de-pina-kandela-abre-esta-noche\/","mainEntityOfPage":{"@type":"WebPage","@id":"http:\/\/casadecampoliving.com\/es\/bikinis-de-lentejuelas-y-gigantes-tocados-de-pina-kandela-abre-esta-noche\/"},"thumbnailUrl":"https:\/\/i0.wp.com\/casadecampoliving.com\/wp-content\/uploads\/2022\/10\/kandela_altos_de_chavon-3.jpg?resize=150%2C150&ssl=1","image":{"@type":"ImageObject","url":"https:\/\/i0.wp.com\/casadecampoliving.com\/wp-content\/uploads\/2022\/10\/kandela_altos_de_chavon-3.jpg?fit=650%2C427&ssl=1"},"articleSection":"Altos de Chavon @es","author":[{"@type":"Person","name":"Rebecca Hughes"}],"creator":["Rebecca Hughes"],"publisher":{"@type":"Organization","name":"Casa de Campo Living","logo":"https:\/\/casadecampoliving.com\/wp-content\/uploads\/2022\/07\/CDCLivingLogo_V1-white-sized.png"},"keywords":["altos de chavon","baile","danza","espect\u00e1culo","show @es","vida nocturna"],"dateCreated":"2014-12-14T04:00:00Z","datePublished":"2014-12-14T04:00:00Z","dateModified":"2022-10-21T22:56:18Z"},"rendered":"<script type=\"application\/ld+json\" class=\"wp-parsely-metadata\">{\"@context\":\"https:\\\/\\\/schema.org\",\"@type\":\"NewsArticle\",\"headline\":\"Bikinis de lentejuelas y gigantes tocados de pi\\u00f1a&#8230; \\u00a1KANDELA abre esta noche!\",\"url\":\"http:\\\/\\\/casadecampoliving.com\\\/es\\\/bikinis-de-lentejuelas-y-gigantes-tocados-de-pina-kandela-abre-esta-noche\\\/\",\"mainEntityOfPage\":{\"@type\":\"WebPage\",\"@id\":\"http:\\\/\\\/casadecampoliving.com\\\/es\\\/bikinis-de-lentejuelas-y-gigantes-tocados-de-pina-kandela-abre-esta-noche\\\/\"},\"thumbnailUrl\":\"https:\\\/\\\/i0.wp.com\\\/casadecampoliving.com\\\/wp-content\\\/uploads\\\/2022\\\/10\\\/kandela_altos_de_chavon-3.jpg?resize=150%2C150&ssl=1\",\"image\":{\"@type\":\"ImageObject\",\"url\":\"https:\\\/\\\/i0.wp.com\\\/casadecampoliving.com\\\/wp-content\\\/uploads\\\/2022\\\/10\\\/kandela_altos_de_chavon-3.jpg?fit=650%2C427&ssl=1\"},\"articleSection\":\"Altos de Chavon @es\",\"author\":[{\"@type\":\"Person\",\"name\":\"Rebecca Hughes\"}],\"creator\":[\"Rebecca Hughes\"],\"publisher\":{\"@type\":\"Organization\",\"name\":\"Casa de Campo Living\",\"logo\":\"https:\\\/\\\/casadecampoliving.com\\\/wp-content\\\/uploads\\\/2022\\\/07\\\/CDCLivingLogo_V1-white-sized.png\"},\"keywords\":[\"altos de chavon\",\"baile\",\"danza\",\"espect\\u00e1culo\",\"show @es\",\"vida nocturna\"],\"dateCreated\":\"2014-12-14T04:00:00Z\",\"datePublished\":\"2014-12-14T04:00:00Z\",\"dateModified\":\"2022-10-21T22:56:18Z\"}<\/script>","tracker_url":"https:\/\/cdn.parsely.com\/keys\/casadecampoliving.com\/p.js"},"jetpack_publicize_connections":[],"jetpack_featured_media_url":"https:\/\/i0.wp.com\/casadecampoliving.com\/wp-content\/uploads\/2022\/10\/kandela_altos_de_chavon-3.jpg?fit=650%2C427&ssl=1","jetpack-related-posts":[{"id":343381,"url":"https:\/\/casadecampoliving.com\/es\/show-kandela-anfiteatro-altos-de-chavon\/","url_meta":{"origin":346271,"position":0},"title":"\u00a1El show KANDELA! Cada lunes hasta marzo","author":"Genesis Perdomo","date":"5 Dic, 2013","format":false,"excerpt":"Venga a disfrutar del mejor show Dominicano, \u00a1KANDELA!\u00a0Espect\u00e1culo de ritmos afro-caribe\u00f1os con una embriagante profusi\u00f3n de movimientos, m\u00fasica, sensualidad y color en el paisaje majestuoso del anfiteatro de Altos de Chav\u00f3n. Este 13, 23 y 30 de diciembre pero tambi\u00e9n cada lunes hasta el mes de marzo. Realizado en el\u2026","rel":"","context":"En \u00abAltos de Chavon @es\u00bb","block_context":{"text":"Altos de Chavon @es","link":"https:\/\/casadecampoliving.com\/category\/altos-de-chavon-es\/"},"img":{"alt_text":"Kandela","src":"https:\/\/i0.wp.com\/casadecampoliving.com\/wp-content\/uploads\/2022\/10\/Kandela-1.gif?fit=1008%2C720&ssl=1&resize=350%2C200","width":350,"height":200,"srcset":"https:\/\/i0.wp.com\/casadecampoliving.com\/wp-content\/uploads\/2022\/10\/Kandela-1.gif?fit=1008%2C720&ssl=1&resize=350%2C200 1x, https:\/\/i0.wp.com\/casadecampoliving.com\/wp-content\/uploads\/2022\/10\/Kandela-1.gif?fit=1008%2C720&ssl=1&resize=525%2C300 1.5x, https:\/\/i0.wp.com\/casadecampoliving.com\/wp-content\/uploads\/2022\/10\/Kandela-1.gif?fit=1008%2C720&ssl=1&resize=700%2C400 2x"},"classes":[]},{"id":346463,"url":"https:\/\/casadecampoliving.com\/es\/noche-dominicana-altos-de-chavon\/","url_meta":{"origin":346271,"position":1},"title":"Noche Dominicana en Altos de Chav\u00f3n &#8211; \u00a1todos los s\u00e1bados!","author":"Rebecca Hughes","date":"7 Ene, 2015","format":false,"excerpt":"Es hora de celebrar\u2026 \u00a1al estilo dominicano! Todos los s\u00e1bados durante enero es Noche Dominicana en Altos de Chav\u00f3n, lo que significa que usted est\u00e1 cordialmente invitado a venir y disfrutar de la m\u00fasica dominicana y bailar, as\u00ed como comprar artesan\u00edas tradicionales hechas a mano. La Noche Dominicana se celebrar\u00e1\u2026","rel":"","context":"En \u00abAltos de Chavon @es\u00bb","block_context":{"text":"Altos de Chavon @es","link":"https:\/\/casadecampoliving.com\/category\/altos-de-chavon-es\/"},"img":{"alt_text":"","src":"https:\/\/i0.wp.com\/casadecampoliving.com\/wp-content\/uploads\/2022\/10\/23405141587913.D6vchs9y0AiDIAM9u82u_height640-1.png?fit=640%2C429&ssl=1&resize=350%2C200","width":350,"height":200,"srcset":"https:\/\/i0.wp.com\/casadecampoliving.com\/wp-content\/uploads\/2022\/10\/23405141587913.D6vchs9y0AiDIAM9u82u_height640-1.png?fit=640%2C429&ssl=1&resize=350%2C200 1x, https:\/\/i0.wp.com\/casadecampoliving.com\/wp-content\/uploads\/2022\/10\/23405141587913.D6vchs9y0AiDIAM9u82u_height640-1.png?fit=640%2C429&ssl=1&resize=525%2C300 1.5x"},"classes":[]},{"id":433460,"url":"https:\/\/casadecampoliving.com\/es\/no-se-pierdan-el-increible-tributo-a-frank-sinatra-para-celebrar-el-40-aniversario-del-anfiteatro-altos-de-chavon\/","url_meta":{"origin":346271,"position":2},"title":"No se pierdan el incre\u00edble tributo a Frank Sinatra para celebrar el 40 aniversario del\u00a0Anfiteatro Altos de Chav\u00f3n","author":"Casa de Campo Living","date":"20 Oct, 2022","format":false,"excerpt":"Siendo uno de los escenarios m\u00e1s emblem\u00e1ticos del pa\u00eds, Casa de Campo Resort\u00ae & Villas celebra las cuatro d\u00e9cadas de aniversario de Altos de Chav\u00f3n con un tributo al gran Frank Sinatra, protagonizado por artistas invitados y una big band tal cual la que acompa\u00f1\u00f3 al artista hace 40 a\u00f1os\u2026","rel":"","context":"En \u00abUncategorized @es\u00bb","block_context":{"text":"Uncategorized @es","link":"https:\/\/casadecampoliving.com\/es\/category\/uncategorized-es\/"},"img":{"alt_text":"","src":"https:\/\/i0.wp.com\/casadecampoliving.com\/wp-content\/uploads\/2022\/10\/Tributo-Frank-Sinatra-Foto-Principal-Amaury-Sanchez-Danilo-Ginebra-Andres-Pichardo-y-Jose-Gabriel-Perez-.jpg?fit=1200%2C873&ssl=1&resize=350%2C200","width":350,"height":200,"srcset":"https:\/\/i0.wp.com\/casadecampoliving.com\/wp-content\/uploads\/2022\/10\/Tributo-Frank-Sinatra-Foto-Principal-Amaury-Sanchez-Danilo-Ginebra-Andres-Pichardo-y-Jose-Gabriel-Perez-.jpg?fit=1200%2C873&ssl=1&resize=350%2C200 1x, https:\/\/i0.wp.com\/casadecampoliving.com\/wp-content\/uploads\/2022\/10\/Tributo-Frank-Sinatra-Foto-Principal-Amaury-Sanchez-Danilo-Ginebra-Andres-Pichardo-y-Jose-Gabriel-Perez-.jpg?fit=1200%2C873&ssl=1&resize=525%2C300 1.5x, https:\/\/i0.wp.com\/casadecampoliving.com\/wp-content\/uploads\/2022\/10\/Tributo-Frank-Sinatra-Foto-Principal-Amaury-Sanchez-Danilo-Ginebra-Andres-Pichardo-y-Jose-Gabriel-Perez-.jpg?fit=1200%2C873&ssl=1&resize=700%2C400 2x, https:\/\/i0.wp.com\/casadecampoliving.com\/wp-content\/uploads\/2022\/10\/Tributo-Frank-Sinatra-Foto-Principal-Amaury-Sanchez-Danilo-Ginebra-Andres-Pichardo-y-Jose-Gabriel-Perez-.jpg?fit=1200%2C873&ssl=1&resize=1050%2C600 3x"},"classes":[]},{"id":340526,"url":"https:\/\/casadecampoliving.com\/es\/desde-altos-de-chavon-a-nueva-york-bailerin-de-kandela-reclutado-por-el-ballet-hispanico\/","url_meta":{"origin":346271,"position":3},"title":"Desde Altos de Chav\u00f3n a Nueva York! Bailerin de \u00abKandela!\u00bb reclutado por el Ballet Hisp\u00e1nico","author":"Rebecca Silvestri","date":"27 Ene, 2013","format":false,"excerpt":"Alejandro Duval, bailarin dominicano del espect\u00e1culo \u201cKandela!\u201d\u00a0 del anfiteatro de\u00a0Altos de Chav\u00f3n y miembro del Ballet Nacional Dominicano, quienes recientemente realiz\u00f3 \u201cLos Colores de la Danza\u201d en el anfiteatro, acaba de ser reclutado por el grupo Ballet Hisp\u00e1nico de Nueva York. Aqu\u00ed les compartimos un art\u00edculo contribuido por Ana Pereya,\u2026","rel":"","context":"En \u00abAltos de Chavon @es\u00bb","block_context":{"text":"Altos de Chavon @es","link":"https:\/\/casadecampoliving.com\/category\/altos-de-chavon-es\/"},"img":{"alt_text":"ballet","src":"https:\/\/i0.wp.com\/casadecampoliving.com\/wp-content\/uploads\/2022\/10\/ballet-9.jpg?fit=650%2C400&ssl=1&resize=350%2C200","width":350,"height":200,"srcset":"https:\/\/i0.wp.com\/casadecampoliving.com\/wp-content\/uploads\/2022\/10\/ballet-9.jpg?fit=650%2C400&ssl=1&resize=350%2C200 1x, https:\/\/i0.wp.com\/casadecampoliving.com\/wp-content\/uploads\/2022\/10\/ballet-9.jpg?fit=650%2C400&ssl=1&resize=525%2C300 1.5x"},"classes":[]},{"id":345356,"url":"https:\/\/casadecampoliving.com\/es\/kandela-todos-los-lunes-y-domingos-hasta-abril\/","url_meta":{"origin":346271,"position":4},"title":"\u00a1KANDELA! est\u00e1 de vuelta &#8211; shows desde diciembre hasta abril","author":"Maria Isabel B\u00e1ez","date":"18 Sep, 2014","format":false,"excerpt":"Venga a disfrutar del mejor show Dominicano, \u00a1KANDELA! \u00a1Espect\u00e1culo de ritmos afro-caribe\u00f1os con una embriagante profusi\u00f3n de movimientos, m\u00fasica, sensualidad y color en el paisaje majestuoso del anfiteatro de Altos de Chav\u00f3n! El primer show ser\u00e1 el \u00a07 de\u00a0diciembre 2014, \u00a1KANDELA! estar\u00e1 alegrando el anfiteatro Altos de Chav\u00f3n cada lunes\u2026","rel":"","context":"En \u00abAltos de Chavon @es\u00bb","block_context":{"text":"Altos de Chavon @es","link":"https:\/\/casadecampoliving.com\/category\/altos-de-chavon-es\/"},"img":{"alt_text":"kandela","src":"https:\/\/i0.wp.com\/casadecampoliving.com\/wp-content\/uploads\/2022\/10\/kandela_21-1.jpg?fit=800%2C551&ssl=1&resize=350%2C200","width":350,"height":200,"srcset":"https:\/\/i0.wp.com\/casadecampoliving.com\/wp-content\/uploads\/2022\/10\/kandela_21-1.jpg?fit=800%2C551&ssl=1&resize=350%2C200 1x, https:\/\/i0.wp.com\/casadecampoliving.com\/wp-content\/uploads\/2022\/10\/kandela_21-1.jpg?fit=800%2C551&ssl=1&resize=525%2C300 1.5x, https:\/\/i0.wp.com\/casadecampoliving.com\/wp-content\/uploads\/2022\/10\/kandela_21-1.jpg?fit=800%2C551&ssl=1&resize=700%2C400 2x"},"classes":[]},{"id":337238,"url":"https:\/\/casadecampoliving.com\/es\/regresa-kandela-con-una-magica-puesta-en-escena-al-anfiteatro-altos-de-chavon\/","url_meta":{"origin":346271,"position":5},"title":"Regresa Kandela! con una m\u00e1gica puesta en escena al Anfiteatro Altos de Chav\u00f3n!","author":"","date":"11 Dic, 2011","format":false,"excerpt":"Vuelve al Anfiteatro de Altos de\u00a0Chav\u00f3n\u00a0el\u00a0espect\u00e1culo\u00a0de cultura dominicana mas esperado, \u201cKANDELA!\u201d, con una serie de fechas programadas desde diciembre 2011 hasta abril de 2012.Kandela! regresa con una magn\u00edfica puesta en escena de bailes y cantos t\u00edpicos y extraordinarios vestuarios de tangas y corpi\u00f1os enjoyados, pi\u00f1as gigantes que sirven de adornos\u2026","rel":"","context":"En \u00abAltos de Chavon @es\u00bb","block_context":{"text":"Altos de Chavon @es","link":"https:\/\/casadecampoliving.com\/category\/altos-de-chavon-es\/"},"img":{"alt_text":"","src":"https:\/\/i0.wp.com\/casadecampoliving.com\/wp-content\/uploads\/2022\/10\/kandela-1.jpg?fit=800%2C531&ssl=1&resize=350%2C200","width":350,"height":200,"srcset":"https:\/\/i0.wp.com\/casadecampoliving.com\/wp-content\/uploads\/2022\/10\/kandela-1.jpg?fit=800%2C531&ssl=1&resize=350%2C200 1x, https:\/\/i0.wp.com\/casadecampoliving.com\/wp-content\/uploads\/2022\/10\/kandela-1.jpg?fit=800%2C531&ssl=1&resize=525%2C300 1.5x, https:\/\/i0.wp.com\/casadecampoliving.com\/wp-content\/uploads\/2022\/10\/kandela-1.jpg?fit=800%2C531&ssl=1&resize=700%2C400 2x"},"classes":[]}],"jetpack_sharing_enabled":true,"_links":{"self":[{"href":"https:\/\/casadecampoliving.com\/es\/wp-json\/wp\/v2\/posts\/346271","targetHints":{"allow":["GET"]}}],"collection":[{"href":"https:\/\/casadecampoliving.com\/es\/wp-json\/wp\/v2\/posts"}],"about":[{"href":"https:\/\/casadecampoliving.com\/es\/wp-json\/wp\/v2\/types\/post"}],"author":[{"embeddable":true,"href":"https:\/\/casadecampoliving.com\/es\/wp-json\/wp\/v2\/users\/14"}],"replies":[{"embeddable":true,"href":"https:\/\/casadecampoliving.com\/es\/wp-json\/wp\/v2\/comments?post=346271"}],"version-history":[{"count":1,"href":"https:\/\/casadecampoliving.com\/es\/wp-json\/wp\/v2\/posts\/346271\/revisions"}],"predecessor-version":[{"id":346272,"href":"https:\/\/casadecampoliving.com\/es\/wp-json\/wp\/v2\/posts\/346271\/revisions\/346272"}],"wp:featuredmedia":[{"embeddable":true,"href":"https:\/\/casadecampoliving.com\/es\/wp-json\/wp\/v2\/media\/295473"}],"wp:attachment":[{"href":"https:\/\/casadecampoliving.com\/es\/wp-json\/wp\/v2\/media?parent=346271"}],"wp:term":[{"taxonomy":"category","embeddable":true,"href":"https:\/\/casadecampoliving.com\/es\/wp-json\/wp\/v2\/categories?post=346271"},{"taxonomy":"post_tag","embeddable":true,"href":"https:\/\/casadecampoliving.com\/es\/wp-json\/wp\/v2\/tags?post=346271"},{"taxonomy":"newspack_spnsrs_tax","embeddable":true,"href":"https:\/\/casadecampoliving.com\/es\/wp-json\/wp\/v2\/newspack_spnsrs_tax?post=346271"}],"curies":[{"name":"wp","href":"https:\/\/api.w.org\/{rel}","templated":true}]}}