{"id":346265,"date":"2014-12-14T00:00:00","date_gmt":"2014-12-14T04:00:00","guid":{"rendered":"https:\/\/casadecampoliving.com\/daniela-tiffany-se-roban-el-show-en-el-ballet-don-quijote-2\/"},"modified":"2022-11-10T10:08:05","modified_gmt":"2022-11-10T14:08:05","slug":"daniela-tiffany-se-roban-el-show-en-el-ballet-don-quijote-2","status":"publish","type":"post","link":"https:\/\/casadecampoliving.com\/es\/daniela-tiffany-se-roban-el-show-en-el-ballet-don-quijote-2\/","title":{"rendered":"Daniela &#038; Tiffany se roban el show en el ballet Don Quijote"},"content":{"rendered":"<p><img data-recalc-dims=\"1\" loading=\"lazy\" decoding=\"async\" class=\"aligncenter size-full wp-image-103956\" src=\"https:\/\/i0.wp.com\/casadecampoliving.com\/wp-content\/uploads\/2022\/10\/Tiffany_Dalet_Zeller_Daniela_Dominguez.jpg?resize=650%2C433&#038;ssl=1\" alt=\"Tiffany Dalet Zeller, Daniela Dominguez\" width=\"650\" height=\"433\" \/>El viernes 5 de diciembre, el Anfiteatro de Altos de Chav\u00f3n fue deslumbrado por los hermosos trajes y la actuaci\u00f3n energizante\u00a0que fue \u00abDon Quijote\u00bb.<\/p>\n<p><!--more--><\/p>\n<p><img data-recalc-dims=\"1\" loading=\"lazy\" decoding=\"async\" class=\"alignright size-full wp-image-103954\" src=\"https:\/\/i0.wp.com\/casadecampoliving.com\/wp-content\/uploads\/2022\/10\/ballet_altos_de_chavon_amphitheater-2.jpg?resize=300%2C310&#038;ssl=1\" alt=\"Ballet, Altos de Chavon amphitheater\" width=\"300\" height=\"310\" \/><\/p>\n<p>Las maravillosas y talentosas estudiantes de la Academia Elizabeth\u00a0P. de Zeller entregaron una actuaci\u00f3n impresionante, una obra maestra llena de danzas complejas y vivaces, as\u00ed como trajes brillantes y multicoloridos, dirigidas por Ivonne Zeller.<\/p>\n<p>Cada estudiante en la Academia particip\u00f3 en la actuaci\u00f3n, desde las adorables ni\u00f1as \u00a0hasta las bailarinas m\u00e1s experimentadas y talentosas.<\/p>\n<p>Las bailarinas l\u00edder en la actuaci\u00f3n fueron Daniela Dom\u00ednguez y Tiffany Dalet Zeller, una\u00a0tercera generaci\u00f3n de\u00a0bailarina Zeller. La actuaci\u00f3n de ambas j\u00f3venes fue excepcional, y no hubo duda de que estas dos talentosas y elegantes j\u00f3venes se robaron el show.<\/p>\n<p>Las ganancias obtenidas de la venta de entradas son donadas al Hogar de Ancianos Padre Abreu, ubicado en La Romana. Una noble tradici\u00f3n que se inici\u00f3 por la fundadora de esta Academia de Ballet, Elizabeth P. de Zeller. As\u00ed que no s\u00f3lo las estudiantes bailan con todos sus corazones en esta actuaci\u00f3n, lo hacen con un prop\u00f3sito mayor: ayudar a quienes lo necesitan.<\/p>\n<p><img data-recalc-dims=\"1\" loading=\"lazy\" decoding=\"async\" class=\"aligncenter size-full wp-image-103957\" src=\"https:\/\/i0.wp.com\/casadecampoliving.com\/wp-content\/uploads\/2022\/10\/ballet_altos_de_chavon_amphitheater1-2.jpg?resize=650%2C200&#038;ssl=1\" alt=\"Ballet, Altos de Chavon amphitheater\" width=\"650\" height=\"200\" \/>Felicitaciones a cada estudiante en la Academia por su gran presentaci\u00f3n, y al equipo incre\u00edble que las ense\u00f1a y gu\u00eda a trav\u00e9s del arte de la danza: Ivonne Zeller, Magda Zeller de McCabe de Zeller, Karina Abreu y Alicia Campillo. \u00a1La actuaci\u00f3n fue incre\u00edble!<\/p>\n<p>La siguiente colecci\u00f3n de im\u00e1genes se tomaron durante la presentaci\u00f3n de Don Quijote a cargo de las alumnas de la Academia Elizabeth P. de Zeller en el anfiteatro de Altos de Chav\u00f3n: <strong>[nggallery id = 2117]<\/strong><\/p>\n","protected":false},"excerpt":{"rendered":"<p>El viernes 5 de diciembre, el Anfiteatro de Altos de Chav\u00f3n fue deslumbrado por los hermosos trajes y la actuaci\u00f3n energizante\u00a0que fue \u00abDon Quijote\u00bb.<\/p>\n","protected":false},"author":14,"featured_media":293583,"comment_status":"closed","ping_status":"closed","sticky":false,"template":"","format":"standard","meta":{"newspack_ads_suppress_ads":false,"newspack_popups_has_disabled_popups":false,"newspack_sponsor_sponsorship_scope":"","newspack_sponsor_native_byline_display":"inherit","newspack_sponsor_native_category_display":"inherit","newspack_sponsor_underwriter_style":"inherit","newspack_sponsor_underwriter_placement":"inherit","_newspack_byline_active":false,"_newspack_byline":"","newspack_hide_updated_date":false,"newspack_show_updated_date":false,"newspack_content_restriction_is_exempt":false,"newspack_featured_image_position":"","newspack_post_subtitle":"","newspack_article_summary_title":"Overview:","newspack_article_summary":"","_jetpack_memberships_contains_paid_content":false,"footnotes":"","jetpack_publicize_message":"","jetpack_publicize_feature_enabled":true,"jetpack_social_post_already_shared":false,"jetpack_social_options":{"image_generator_settings":{"template":"highway","default_image_id":0,"font":"","enabled":false},"version":2},"_wpas_customize_per_network":false},"categories":[26819,26823,26936,26951,2522,2526,14631,14625,14627],"tags":[3575,15387,2545],"newspack_spnsrs_tax":[],"class_list":["post-346265","post","type-post","status-publish","format-standard","has-post-thumbnail","hentry","category-altos-de-chavon-es","category-arte-y-cultura","category-casa-de-campo-living-es","category-ccl-presenta","category-eventos-es","category-titulares-es","category-estilo-de-vida","category-noticias-locales","category-proximamente","tag-altos-de-chavon-es-2","tag-altos-de-chavon-es","tag-anfiteatro-de-altos-de-chavon","entry"],"yoast_head":"<!-- This site is optimized with the Yoast SEO plugin v27.5 - https:\/\/yoast.com\/product\/yoast-seo-wordpress\/ -->\n<title>Daniela &amp; Tiffany se roban el show en el ballet Don Quijote | Casa de Campo Living<\/title>\n<meta name=\"description\" content=\"El viernes 5 de diciembre, el Anfiteatro de Altos de Chav\u00f3n fue deslumbrado por los hermosos trajes y la actuaci\u00f3n energizante\u00a0que fue &quot;Don Quijote&quot;. Las\" \/>\n<meta name=\"robots\" content=\"index, follow, max-snippet:-1, max-image-preview:large, max-video-preview:-1\" \/>\n<link rel=\"canonical\" href=\"https:\/\/casadecampoliving.com\/es\/daniela-tiffany-se-roban-el-show-en-el-ballet-don-quijote-2\/\" \/>\n<meta property=\"og:locale\" content=\"es_ES\" \/>\n<meta property=\"og:type\" content=\"article\" \/>\n<meta property=\"og:title\" content=\"Daniela &amp; Tiffany se roban el show en el ballet Don Quijote | Casa de Campo Living\" \/>\n<meta property=\"og:description\" content=\"El viernes 5 de diciembre, el Anfiteatro de Altos de Chav\u00f3n fue deslumbrado por los hermosos trajes y la actuaci\u00f3n energizante\u00a0que fue &quot;Don Quijote&quot;. Las\" \/>\n<meta property=\"og:url\" content=\"https:\/\/casadecampoliving.com\/es\/daniela-tiffany-se-roban-el-show-en-el-ballet-don-quijote-2\/\" \/>\n<meta property=\"og:site_name\" content=\"Casa de Campo Living\" \/>\n<meta property=\"article:publisher\" content=\"https:\/\/www.facebook.com\/casadecampoliving\" \/>\n<meta property=\"article:published_time\" content=\"2014-12-14T04:00:00+00:00\" \/>\n<meta property=\"article:modified_time\" content=\"2022-11-10T14:08:05+00:00\" \/>\n<meta property=\"og:image\" content=\"https:\/\/i0.wp.com\/casadecampoliving.com\/wp-content\/uploads\/2022\/10\/Tiffany_Dalet_Zeller_Daniela_Dominguez-1.jpg?fit=650%2C433&ssl=1\" \/>\n\t<meta property=\"og:image:width\" content=\"650\" \/>\n\t<meta property=\"og:image:height\" content=\"433\" \/>\n\t<meta property=\"og:image:type\" content=\"image\/jpeg\" \/>\n<meta name=\"author\" content=\"Rebecca Hughes\" \/>\n<meta name=\"twitter:card\" content=\"summary_large_image\" \/>\n<meta name=\"twitter:creator\" content=\"@cdcliving\" \/>\n<meta name=\"twitter:site\" content=\"@cdcliving\" \/>\n<meta name=\"twitter:label1\" content=\"Escrito por\" \/>\n\t<meta name=\"twitter:data1\" content=\"Rebecca Hughes\" \/>\n\t<meta name=\"twitter:label2\" content=\"Tiempo de lectura\" \/>\n\t<meta name=\"twitter:data2\" content=\"1 minuto\" \/>\n<script type=\"application\/ld+json\" class=\"yoast-schema-graph\">{\"@context\":\"https:\\\/\\\/schema.org\",\"@graph\":[{\"@type\":\"Article\",\"@id\":\"https:\\\/\\\/casadecampoliving.com\\\/es\\\/daniela-tiffany-se-roban-el-show-en-el-ballet-don-quijote-2\\\/#article\",\"isPartOf\":{\"@id\":\"https:\\\/\\\/casadecampoliving.com\\\/es\\\/daniela-tiffany-se-roban-el-show-en-el-ballet-don-quijote-2\\\/\"},\"author\":{\"name\":\"Rebecca Hughes\",\"@id\":\"https:\\\/\\\/casadecampoliving.com\\\/es\\\/#\\\/schema\\\/person\\\/91d3085d9c6fe671ec9370a33bc98839\"},\"headline\":\"Daniela &#038; Tiffany se roban el show en el ballet Don Quijote\",\"datePublished\":\"2014-12-14T04:00:00+00:00\",\"dateModified\":\"2022-11-10T14:08:05+00:00\",\"mainEntityOfPage\":{\"@id\":\"https:\\\/\\\/casadecampoliving.com\\\/es\\\/daniela-tiffany-se-roban-el-show-en-el-ballet-don-quijote-2\\\/\"},\"wordCount\":301,\"publisher\":{\"@id\":\"https:\\\/\\\/casadecampoliving.com\\\/es\\\/#organization\"},\"image\":{\"@id\":\"https:\\\/\\\/casadecampoliving.com\\\/es\\\/daniela-tiffany-se-roban-el-show-en-el-ballet-don-quijote-2\\\/#primaryimage\"},\"thumbnailUrl\":\"https:\\\/\\\/i0.wp.com\\\/casadecampoliving.com\\\/wp-content\\\/uploads\\\/2022\\\/10\\\/Tiffany_Dalet_Zeller_Daniela_Dominguez-1.jpg?fit=650%2C433&ssl=1\",\"keywords\":[\"Altos de Chavon -es\",\"Altos de Chavon\",\"anfiteatro de altos de chavon\"],\"articleSection\":[\"Altos de Chavon @es\",\"Arte y cultura\",\"Casa de Campo Living @es\",\"CCL presenta\",\"Eventos\",\"Titulares\",\"Estilo de Vida\",\"Noticias Locales\",\"Proximamente\"],\"inLanguage\":\"es\"},{\"@type\":\"WebPage\",\"@id\":\"https:\\\/\\\/casadecampoliving.com\\\/es\\\/daniela-tiffany-se-roban-el-show-en-el-ballet-don-quijote-2\\\/\",\"url\":\"https:\\\/\\\/casadecampoliving.com\\\/es\\\/daniela-tiffany-se-roban-el-show-en-el-ballet-don-quijote-2\\\/\",\"name\":\"Daniela & Tiffany se roban el show en el ballet Don Quijote | Casa de Campo Living\",\"isPartOf\":{\"@id\":\"https:\\\/\\\/casadecampoliving.com\\\/es\\\/#website\"},\"primaryImageOfPage\":{\"@id\":\"https:\\\/\\\/casadecampoliving.com\\\/es\\\/daniela-tiffany-se-roban-el-show-en-el-ballet-don-quijote-2\\\/#primaryimage\"},\"image\":{\"@id\":\"https:\\\/\\\/casadecampoliving.com\\\/es\\\/daniela-tiffany-se-roban-el-show-en-el-ballet-don-quijote-2\\\/#primaryimage\"},\"thumbnailUrl\":\"https:\\\/\\\/i0.wp.com\\\/casadecampoliving.com\\\/wp-content\\\/uploads\\\/2022\\\/10\\\/Tiffany_Dalet_Zeller_Daniela_Dominguez-1.jpg?fit=650%2C433&ssl=1\",\"datePublished\":\"2014-12-14T04:00:00+00:00\",\"dateModified\":\"2022-11-10T14:08:05+00:00\",\"description\":\"El viernes 5 de diciembre, el Anfiteatro de Altos de Chav\u00f3n fue deslumbrado por los hermosos trajes y la actuaci\u00f3n energizante\u00a0que fue \\\"Don Quijote\\\". Las\",\"breadcrumb\":{\"@id\":\"https:\\\/\\\/casadecampoliving.com\\\/es\\\/daniela-tiffany-se-roban-el-show-en-el-ballet-don-quijote-2\\\/#breadcrumb\"},\"inLanguage\":\"es\",\"potentialAction\":[{\"@type\":\"ReadAction\",\"target\":[\"https:\\\/\\\/casadecampoliving.com\\\/es\\\/daniela-tiffany-se-roban-el-show-en-el-ballet-don-quijote-2\\\/\"]}]},{\"@type\":\"ImageObject\",\"inLanguage\":\"es\",\"@id\":\"https:\\\/\\\/casadecampoliving.com\\\/es\\\/daniela-tiffany-se-roban-el-show-en-el-ballet-don-quijote-2\\\/#primaryimage\",\"url\":\"https:\\\/\\\/i0.wp.com\\\/casadecampoliving.com\\\/wp-content\\\/uploads\\\/2022\\\/10\\\/Tiffany_Dalet_Zeller_Daniela_Dominguez-1.jpg?fit=650%2C433&ssl=1\",\"contentUrl\":\"https:\\\/\\\/i0.wp.com\\\/casadecampoliving.com\\\/wp-content\\\/uploads\\\/2022\\\/10\\\/Tiffany_Dalet_Zeller_Daniela_Dominguez-1.jpg?fit=650%2C433&ssl=1\",\"width\":650,\"height\":433,\"caption\":\"Tiffany Dalet Zeller, Daniela Dominguez\"},{\"@type\":\"BreadcrumbList\",\"@id\":\"https:\\\/\\\/casadecampoliving.com\\\/es\\\/daniela-tiffany-se-roban-el-show-en-el-ballet-don-quijote-2\\\/#breadcrumb\",\"itemListElement\":[{\"@type\":\"ListItem\",\"position\":1,\"name\":\"Home\",\"item\":\"https:\\\/\\\/casadecampoliving.com\\\/es\\\/\"},{\"@type\":\"ListItem\",\"position\":2,\"name\":\"Daniela &#038; Tiffany se roban el show en el ballet Don Quijote\"}]},{\"@type\":\"WebSite\",\"@id\":\"https:\\\/\\\/casadecampoliving.com\\\/es\\\/#website\",\"url\":\"https:\\\/\\\/casadecampoliving.com\\\/es\\\/\",\"name\":\"Casa de Campo Living\",\"description\":\"Resort community news and resources.\",\"publisher\":{\"@id\":\"https:\\\/\\\/casadecampoliving.com\\\/es\\\/#organization\"},\"potentialAction\":[{\"@type\":\"SearchAction\",\"target\":{\"@type\":\"EntryPoint\",\"urlTemplate\":\"https:\\\/\\\/casadecampoliving.com\\\/es\\\/?s={search_term_string}\"},\"query-input\":{\"@type\":\"PropertyValueSpecification\",\"valueRequired\":true,\"valueName\":\"search_term_string\"}}],\"inLanguage\":\"es\"},{\"@type\":\"Organization\",\"@id\":\"https:\\\/\\\/casadecampoliving.com\\\/es\\\/#organization\",\"name\":\"Casa de Campo Living\",\"url\":\"https:\\\/\\\/casadecampoliving.com\\\/es\\\/\",\"logo\":{\"@type\":\"ImageObject\",\"inLanguage\":\"es\",\"@id\":\"https:\\\/\\\/casadecampoliving.com\\\/es\\\/#\\\/schema\\\/logo\\\/image\\\/\",\"url\":\"https:\\\/\\\/i0.wp.com\\\/casadecampoliving.com\\\/wp-content\\\/uploads\\\/2022\\\/07\\\/CDCLivingLogo_V1-white-sized.png?fit=800%2C214&ssl=1\",\"contentUrl\":\"https:\\\/\\\/i0.wp.com\\\/casadecampoliving.com\\\/wp-content\\\/uploads\\\/2022\\\/07\\\/CDCLivingLogo_V1-white-sized.png?fit=800%2C214&ssl=1\",\"width\":800,\"height\":214,\"caption\":\"Casa de Campo Living\"},\"image\":{\"@id\":\"https:\\\/\\\/casadecampoliving.com\\\/es\\\/#\\\/schema\\\/logo\\\/image\\\/\"},\"sameAs\":[\"https:\\\/\\\/www.facebook.com\\\/casadecampoliving\",\"https:\\\/\\\/x.com\\\/cdcliving\"]},{\"@type\":\"Person\",\"@id\":\"https:\\\/\\\/casadecampoliving.com\\\/es\\\/#\\\/schema\\\/person\\\/91d3085d9c6fe671ec9370a33bc98839\",\"name\":\"Rebecca Hughes\",\"image\":{\"@type\":\"ImageObject\",\"inLanguage\":\"es\",\"@id\":\"https:\\\/\\\/secure.gravatar.com\\\/avatar\\\/fa8193bc0c4cfd84f5082667d2539f9b4da960049480f4eed2244a6b96321e38?s=96&d=mm&r=g\",\"url\":\"https:\\\/\\\/secure.gravatar.com\\\/avatar\\\/fa8193bc0c4cfd84f5082667d2539f9b4da960049480f4eed2244a6b96321e38?s=96&d=mm&r=g\",\"contentUrl\":\"https:\\\/\\\/secure.gravatar.com\\\/avatar\\\/fa8193bc0c4cfd84f5082667d2539f9b4da960049480f4eed2244a6b96321e38?s=96&d=mm&r=g\",\"caption\":\"Rebecca Hughes\"},\"description\":\"I am wonderful.\",\"sameAs\":[\"http:\\\/\\\/www.facebook.com\\\/profile.php?id=752510581\"],\"url\":\"https:\\\/\\\/casadecampoliving.com\\\/es\\\/author\\\/Rebecca Hughes\\\/\"}]}<\/script>\n<!-- \/ Yoast SEO plugin. -->","yoast_head_json":{"title":"Daniela & Tiffany se roban el show en el ballet Don Quijote | Casa de Campo Living","description":"El viernes 5 de diciembre, el Anfiteatro de Altos de Chav\u00f3n fue deslumbrado por los hermosos trajes y la actuaci\u00f3n energizante\u00a0que fue \"Don Quijote\". Las","robots":{"index":"index","follow":"follow","max-snippet":"max-snippet:-1","max-image-preview":"max-image-preview:large","max-video-preview":"max-video-preview:-1"},"canonical":"https:\/\/casadecampoliving.com\/es\/daniela-tiffany-se-roban-el-show-en-el-ballet-don-quijote-2\/","og_locale":"es_ES","og_type":"article","og_title":"Daniela & Tiffany se roban el show en el ballet Don Quijote | Casa de Campo Living","og_description":"El viernes 5 de diciembre, el Anfiteatro de Altos de Chav\u00f3n fue deslumbrado por los hermosos trajes y la actuaci\u00f3n energizante\u00a0que fue \"Don Quijote\". Las","og_url":"https:\/\/casadecampoliving.com\/es\/daniela-tiffany-se-roban-el-show-en-el-ballet-don-quijote-2\/","og_site_name":"Casa de Campo Living","article_publisher":"https:\/\/www.facebook.com\/casadecampoliving","article_published_time":"2014-12-14T04:00:00+00:00","article_modified_time":"2022-11-10T14:08:05+00:00","og_image":[{"width":650,"height":433,"url":"https:\/\/i0.wp.com\/casadecampoliving.com\/wp-content\/uploads\/2022\/10\/Tiffany_Dalet_Zeller_Daniela_Dominguez-1.jpg?fit=650%2C433&ssl=1","type":"image\/jpeg"}],"author":"Rebecca Hughes","twitter_card":"summary_large_image","twitter_creator":"@cdcliving","twitter_site":"@cdcliving","twitter_misc":{"Escrito por":"Rebecca Hughes","Tiempo de lectura":"1 minuto"},"schema":{"@context":"https:\/\/schema.org","@graph":[{"@type":"Article","@id":"https:\/\/casadecampoliving.com\/es\/daniela-tiffany-se-roban-el-show-en-el-ballet-don-quijote-2\/#article","isPartOf":{"@id":"https:\/\/casadecampoliving.com\/es\/daniela-tiffany-se-roban-el-show-en-el-ballet-don-quijote-2\/"},"author":{"name":"Rebecca Hughes","@id":"https:\/\/casadecampoliving.com\/es\/#\/schema\/person\/91d3085d9c6fe671ec9370a33bc98839"},"headline":"Daniela &#038; Tiffany se roban el show en el ballet Don Quijote","datePublished":"2014-12-14T04:00:00+00:00","dateModified":"2022-11-10T14:08:05+00:00","mainEntityOfPage":{"@id":"https:\/\/casadecampoliving.com\/es\/daniela-tiffany-se-roban-el-show-en-el-ballet-don-quijote-2\/"},"wordCount":301,"publisher":{"@id":"https:\/\/casadecampoliving.com\/es\/#organization"},"image":{"@id":"https:\/\/casadecampoliving.com\/es\/daniela-tiffany-se-roban-el-show-en-el-ballet-don-quijote-2\/#primaryimage"},"thumbnailUrl":"https:\/\/i0.wp.com\/casadecampoliving.com\/wp-content\/uploads\/2022\/10\/Tiffany_Dalet_Zeller_Daniela_Dominguez-1.jpg?fit=650%2C433&ssl=1","keywords":["Altos de Chavon -es","Altos de Chavon","anfiteatro de altos de chavon"],"articleSection":["Altos de Chavon @es","Arte y cultura","Casa de Campo Living @es","CCL presenta","Eventos","Titulares","Estilo de Vida","Noticias Locales","Proximamente"],"inLanguage":"es"},{"@type":"WebPage","@id":"https:\/\/casadecampoliving.com\/es\/daniela-tiffany-se-roban-el-show-en-el-ballet-don-quijote-2\/","url":"https:\/\/casadecampoliving.com\/es\/daniela-tiffany-se-roban-el-show-en-el-ballet-don-quijote-2\/","name":"Daniela & Tiffany se roban el show en el ballet Don Quijote | Casa de Campo Living","isPartOf":{"@id":"https:\/\/casadecampoliving.com\/es\/#website"},"primaryImageOfPage":{"@id":"https:\/\/casadecampoliving.com\/es\/daniela-tiffany-se-roban-el-show-en-el-ballet-don-quijote-2\/#primaryimage"},"image":{"@id":"https:\/\/casadecampoliving.com\/es\/daniela-tiffany-se-roban-el-show-en-el-ballet-don-quijote-2\/#primaryimage"},"thumbnailUrl":"https:\/\/i0.wp.com\/casadecampoliving.com\/wp-content\/uploads\/2022\/10\/Tiffany_Dalet_Zeller_Daniela_Dominguez-1.jpg?fit=650%2C433&ssl=1","datePublished":"2014-12-14T04:00:00+00:00","dateModified":"2022-11-10T14:08:05+00:00","description":"El viernes 5 de diciembre, el Anfiteatro de Altos de Chav\u00f3n fue deslumbrado por los hermosos trajes y la actuaci\u00f3n energizante\u00a0que fue \"Don Quijote\". Las","breadcrumb":{"@id":"https:\/\/casadecampoliving.com\/es\/daniela-tiffany-se-roban-el-show-en-el-ballet-don-quijote-2\/#breadcrumb"},"inLanguage":"es","potentialAction":[{"@type":"ReadAction","target":["https:\/\/casadecampoliving.com\/es\/daniela-tiffany-se-roban-el-show-en-el-ballet-don-quijote-2\/"]}]},{"@type":"ImageObject","inLanguage":"es","@id":"https:\/\/casadecampoliving.com\/es\/daniela-tiffany-se-roban-el-show-en-el-ballet-don-quijote-2\/#primaryimage","url":"https:\/\/i0.wp.com\/casadecampoliving.com\/wp-content\/uploads\/2022\/10\/Tiffany_Dalet_Zeller_Daniela_Dominguez-1.jpg?fit=650%2C433&ssl=1","contentUrl":"https:\/\/i0.wp.com\/casadecampoliving.com\/wp-content\/uploads\/2022\/10\/Tiffany_Dalet_Zeller_Daniela_Dominguez-1.jpg?fit=650%2C433&ssl=1","width":650,"height":433,"caption":"Tiffany Dalet Zeller, Daniela Dominguez"},{"@type":"BreadcrumbList","@id":"https:\/\/casadecampoliving.com\/es\/daniela-tiffany-se-roban-el-show-en-el-ballet-don-quijote-2\/#breadcrumb","itemListElement":[{"@type":"ListItem","position":1,"name":"Home","item":"https:\/\/casadecampoliving.com\/es\/"},{"@type":"ListItem","position":2,"name":"Daniela &#038; Tiffany se roban el show en el ballet Don Quijote"}]},{"@type":"WebSite","@id":"https:\/\/casadecampoliving.com\/es\/#website","url":"https:\/\/casadecampoliving.com\/es\/","name":"Casa de Campo Living","description":"Resort community news and resources.","publisher":{"@id":"https:\/\/casadecampoliving.com\/es\/#organization"},"potentialAction":[{"@type":"SearchAction","target":{"@type":"EntryPoint","urlTemplate":"https:\/\/casadecampoliving.com\/es\/?s={search_term_string}"},"query-input":{"@type":"PropertyValueSpecification","valueRequired":true,"valueName":"search_term_string"}}],"inLanguage":"es"},{"@type":"Organization","@id":"https:\/\/casadecampoliving.com\/es\/#organization","name":"Casa de Campo Living","url":"https:\/\/casadecampoliving.com\/es\/","logo":{"@type":"ImageObject","inLanguage":"es","@id":"https:\/\/casadecampoliving.com\/es\/#\/schema\/logo\/image\/","url":"https:\/\/i0.wp.com\/casadecampoliving.com\/wp-content\/uploads\/2022\/07\/CDCLivingLogo_V1-white-sized.png?fit=800%2C214&ssl=1","contentUrl":"https:\/\/i0.wp.com\/casadecampoliving.com\/wp-content\/uploads\/2022\/07\/CDCLivingLogo_V1-white-sized.png?fit=800%2C214&ssl=1","width":800,"height":214,"caption":"Casa de Campo Living"},"image":{"@id":"https:\/\/casadecampoliving.com\/es\/#\/schema\/logo\/image\/"},"sameAs":["https:\/\/www.facebook.com\/casadecampoliving","https:\/\/x.com\/cdcliving"]},{"@type":"Person","@id":"https:\/\/casadecampoliving.com\/es\/#\/schema\/person\/91d3085d9c6fe671ec9370a33bc98839","name":"Rebecca Hughes","image":{"@type":"ImageObject","inLanguage":"es","@id":"https:\/\/secure.gravatar.com\/avatar\/fa8193bc0c4cfd84f5082667d2539f9b4da960049480f4eed2244a6b96321e38?s=96&d=mm&r=g","url":"https:\/\/secure.gravatar.com\/avatar\/fa8193bc0c4cfd84f5082667d2539f9b4da960049480f4eed2244a6b96321e38?s=96&d=mm&r=g","contentUrl":"https:\/\/secure.gravatar.com\/avatar\/fa8193bc0c4cfd84f5082667d2539f9b4da960049480f4eed2244a6b96321e38?s=96&d=mm&r=g","caption":"Rebecca Hughes"},"description":"I am wonderful.","sameAs":["http:\/\/www.facebook.com\/profile.php?id=752510581"],"url":"https:\/\/casadecampoliving.com\/es\/author\/Rebecca Hughes\/"}]}},"parsely":{"version":"1.1.0","canonical_url":"https:\/\/casadecampoliving.com\/es\/daniela-tiffany-se-roban-el-show-en-el-ballet-don-quijote-2\/","smart_links":{"inbound":0,"outbound":0},"traffic_boost_suggestions_count":0,"meta":{"@context":"https:\/\/schema.org","@type":"NewsArticle","headline":"Daniela &#038; Tiffany se roban el show en el ballet Don Quijote","url":"http:\/\/casadecampoliving.com\/es\/daniela-tiffany-se-roban-el-show-en-el-ballet-don-quijote-2\/","mainEntityOfPage":{"@type":"WebPage","@id":"http:\/\/casadecampoliving.com\/es\/daniela-tiffany-se-roban-el-show-en-el-ballet-don-quijote-2\/"},"thumbnailUrl":"https:\/\/i0.wp.com\/casadecampoliving.com\/wp-content\/uploads\/2022\/10\/Tiffany_Dalet_Zeller_Daniela_Dominguez-1.jpg?resize=150%2C150&ssl=1","image":{"@type":"ImageObject","url":"https:\/\/i0.wp.com\/casadecampoliving.com\/wp-content\/uploads\/2022\/10\/Tiffany_Dalet_Zeller_Daniela_Dominguez-1.jpg?fit=650%2C433&ssl=1"},"articleSection":"Altos de Chavon @es","author":[{"@type":"Person","name":"Rebecca Hughes"}],"creator":["Rebecca Hughes"],"publisher":{"@type":"Organization","name":"Casa de Campo Living","logo":"https:\/\/casadecampoliving.com\/wp-content\/uploads\/2022\/07\/CDCLivingLogo_V1-white-sized.png"},"keywords":["altos de chavon -es","altos de chavon","anfiteatro de altos de chavon"],"dateCreated":"2014-12-14T04:00:00Z","datePublished":"2014-12-14T04:00:00Z","dateModified":"2022-11-10T14:08:05Z"},"rendered":"<script type=\"application\/ld+json\" class=\"wp-parsely-metadata\">{\"@context\":\"https:\\\/\\\/schema.org\",\"@type\":\"NewsArticle\",\"headline\":\"Daniela &#038; Tiffany se roban el show en el ballet Don Quijote\",\"url\":\"http:\\\/\\\/casadecampoliving.com\\\/es\\\/daniela-tiffany-se-roban-el-show-en-el-ballet-don-quijote-2\\\/\",\"mainEntityOfPage\":{\"@type\":\"WebPage\",\"@id\":\"http:\\\/\\\/casadecampoliving.com\\\/es\\\/daniela-tiffany-se-roban-el-show-en-el-ballet-don-quijote-2\\\/\"},\"thumbnailUrl\":\"https:\\\/\\\/i0.wp.com\\\/casadecampoliving.com\\\/wp-content\\\/uploads\\\/2022\\\/10\\\/Tiffany_Dalet_Zeller_Daniela_Dominguez-1.jpg?resize=150%2C150&ssl=1\",\"image\":{\"@type\":\"ImageObject\",\"url\":\"https:\\\/\\\/i0.wp.com\\\/casadecampoliving.com\\\/wp-content\\\/uploads\\\/2022\\\/10\\\/Tiffany_Dalet_Zeller_Daniela_Dominguez-1.jpg?fit=650%2C433&ssl=1\"},\"articleSection\":\"Altos de Chavon @es\",\"author\":[{\"@type\":\"Person\",\"name\":\"Rebecca Hughes\"}],\"creator\":[\"Rebecca Hughes\"],\"publisher\":{\"@type\":\"Organization\",\"name\":\"Casa de Campo Living\",\"logo\":\"https:\\\/\\\/casadecampoliving.com\\\/wp-content\\\/uploads\\\/2022\\\/07\\\/CDCLivingLogo_V1-white-sized.png\"},\"keywords\":[\"altos de chavon -es\",\"altos de chavon\",\"anfiteatro de altos de chavon\"],\"dateCreated\":\"2014-12-14T04:00:00Z\",\"datePublished\":\"2014-12-14T04:00:00Z\",\"dateModified\":\"2022-11-10T14:08:05Z\"}<\/script>","tracker_url":"https:\/\/cdn.parsely.com\/keys\/casadecampoliving.com\/p.js"},"jetpack_publicize_connections":[],"jetpack_featured_media_url":"https:\/\/i0.wp.com\/casadecampoliving.com\/wp-content\/uploads\/2022\/10\/Tiffany_Dalet_Zeller_Daniela_Dominguez-1.jpg?fit=650%2C433&ssl=1","jetpack-related-posts":[{"id":433460,"url":"https:\/\/casadecampoliving.com\/es\/no-se-pierdan-el-increible-tributo-a-frank-sinatra-para-celebrar-el-40-aniversario-del-anfiteatro-altos-de-chavon\/","url_meta":{"origin":346265,"position":0},"title":"No se pierdan el incre\u00edble tributo a Frank Sinatra para celebrar el 40 aniversario del\u00a0Anfiteatro Altos de Chav\u00f3n","author":"Casa de Campo Living","date":"20 Oct, 2022","format":false,"excerpt":"Siendo uno de los escenarios m\u00e1s emblem\u00e1ticos del pa\u00eds, Casa de Campo Resort\u00ae & Villas celebra las cuatro d\u00e9cadas de aniversario de Altos de Chav\u00f3n con un tributo al gran Frank Sinatra, protagonizado por artistas invitados y una big band tal cual la que acompa\u00f1\u00f3 al artista hace 40 a\u00f1os\u2026","rel":"","context":"En \u00abUncategorized @es\u00bb","block_context":{"text":"Uncategorized @es","link":"https:\/\/casadecampoliving.com\/es\/category\/uncategorized-es\/"},"img":{"alt_text":"","src":"https:\/\/i0.wp.com\/casadecampoliving.com\/wp-content\/uploads\/2022\/10\/Tributo-Frank-Sinatra-Foto-Principal-Amaury-Sanchez-Danilo-Ginebra-Andres-Pichardo-y-Jose-Gabriel-Perez-.jpg?fit=1200%2C873&ssl=1&resize=350%2C200","width":350,"height":200,"srcset":"https:\/\/i0.wp.com\/casadecampoliving.com\/wp-content\/uploads\/2022\/10\/Tributo-Frank-Sinatra-Foto-Principal-Amaury-Sanchez-Danilo-Ginebra-Andres-Pichardo-y-Jose-Gabriel-Perez-.jpg?fit=1200%2C873&ssl=1&resize=350%2C200 1x, https:\/\/i0.wp.com\/casadecampoliving.com\/wp-content\/uploads\/2022\/10\/Tributo-Frank-Sinatra-Foto-Principal-Amaury-Sanchez-Danilo-Ginebra-Andres-Pichardo-y-Jose-Gabriel-Perez-.jpg?fit=1200%2C873&ssl=1&resize=525%2C300 1.5x, https:\/\/i0.wp.com\/casadecampoliving.com\/wp-content\/uploads\/2022\/10\/Tributo-Frank-Sinatra-Foto-Principal-Amaury-Sanchez-Danilo-Ginebra-Andres-Pichardo-y-Jose-Gabriel-Perez-.jpg?fit=1200%2C873&ssl=1&resize=700%2C400 2x, https:\/\/i0.wp.com\/casadecampoliving.com\/wp-content\/uploads\/2022\/10\/Tributo-Frank-Sinatra-Foto-Principal-Amaury-Sanchez-Danilo-Ginebra-Andres-Pichardo-y-Jose-Gabriel-Perez-.jpg?fit=1200%2C873&ssl=1&resize=1050%2C600 3x"},"classes":[]},{"id":353071,"url":"https:\/\/casadecampoliving.com\/es\/el-anfiteatro-cobro-vida-con-la-majestuosa-presentacion-de-la-academia-de-danza-elizabeth-p-de-zeller\/","url_meta":{"origin":346265,"position":1},"title":"El anfiteatro \u00abcobr\u00f3 vida\u00bb con la majestuosa presentaci\u00f3n de la Academia de Danza Elizabeth P. de Zeller","author":"Casa de Campo Living","date":"24 Dic, 2018","format":false,"excerpt":"Uno de los eventos m\u00e1s esperados de cada mes de diciembre en Altos de Chav\u00f3n es la presentaci\u00f3n de ballet de la academia Elizabeth P. de Zeller y este a\u00f1o, Ivonne Zeller (Directora de la academia), present\u00f3 \"The Greatest Show\" inspirada en la popular pel\u00edcula musical \"The Greatest Showman\". El\u2026","rel":"","context":"En \u00abAltos de Chavon @es\u00bb","block_context":{"text":"Altos de Chavon @es","link":"https:\/\/casadecampoliving.com\/category\/altos-de-chavon-es\/"},"img":{"alt_text":"IMG_4412","src":"https:\/\/i0.wp.com\/casadecampoliving.com\/wp-content\/uploads\/2022\/10\/IMG_4412.jpg?resize=350%2C200","width":350,"height":200,"srcset":"https:\/\/i0.wp.com\/casadecampoliving.com\/wp-content\/uploads\/2022\/10\/IMG_4412.jpg?resize=350%2C200 1x, https:\/\/i0.wp.com\/casadecampoliving.com\/wp-content\/uploads\/2022\/10\/IMG_4412.jpg?resize=525%2C300 1.5x, https:\/\/i0.wp.com\/casadecampoliving.com\/wp-content\/uploads\/2022\/10\/IMG_4412.jpg?resize=700%2C400 2x"},"classes":[]},{"id":345760,"url":"https:\/\/casadecampoliving.com\/es\/don-quijote-en-el-anfiteatro-altos-de-chavon\/","url_meta":{"origin":346265,"position":2},"title":"\u00abDon Quijote\u00bb en el anfiteatro Altos de Chav\u00f3n","author":"Maria Isabel B\u00e1ez","date":"21 Oct, 2014","format":false,"excerpt":"Uno de los eventos m\u00e1s esperados cada diciembre en Altos de Chav\u00f3n es la funci\u00f3n de ballet de la academia de ballet Elizabeth P. de Zeller y este a\u00f1o, Ivonne Zeller (Directora de la academia), presentar\u00e1 \u201cDon Quijote\u201d. La fundadora de la academia, Elizabeth P. de Zeller, estableci\u00f3 esta tradici\u00f3n\u2026","rel":"","context":"En \u00abAltos de Chavon @es\u00bb","block_context":{"text":"Altos de Chavon @es","link":"https:\/\/casadecampoliving.com\/category\/altos-de-chavon-es\/"},"img":{"alt_text":"","src":"https:\/\/i0.wp.com\/casadecampoliving.com\/wp-content\/uploads\/2022\/10\/don_quijote_ivonne_zeller-e1417545148284.png?fit=648%2C531&ssl=1&resize=350%2C200","width":350,"height":200,"srcset":"https:\/\/i0.wp.com\/casadecampoliving.com\/wp-content\/uploads\/2022\/10\/don_quijote_ivonne_zeller-e1417545148284.png?fit=648%2C531&ssl=1&resize=350%2C200 1x, https:\/\/i0.wp.com\/casadecampoliving.com\/wp-content\/uploads\/2022\/10\/don_quijote_ivonne_zeller-e1417545148284.png?fit=648%2C531&ssl=1&resize=525%2C300 1.5x"},"classes":[]},{"id":346142,"url":"https:\/\/casadecampoliving.com\/es\/ballet-don-quijote-por-la-escuela-de-ballet-elizabeth-p-de-zeller-en-altos-de-chavon\/","url_meta":{"origin":346265,"position":3},"title":"Ballet Don Quijote por la Escuela de Ballet Elizabeth P. de Zeller en Altos de Chav\u00f3n","author":"Daniela Medina","date":"3 Dic, 2014","format":false,"excerpt":"Ya est\u00e1 a la vuelta de la esquina, Ivonne Zeller (Directora de la academia de Ballet Elizabeth P. de Zeller), presentar\u00e1 \u201cDon Quijote\u201d!! Este fin de semana el anfiteatro de Altos de Chav\u00f3n trae a su deleite una presentaci\u00f3n de danza que muestra todo el esfuerzo y la pasi\u00f3n que\u2026","rel":"","context":"En \u00abAltos de Chavon @es\u00bb","block_context":{"text":"Altos de Chavon @es","link":"https:\/\/casadecampoliving.com\/category\/altos-de-chavon-es\/"},"img":{"alt_text":"","src":"https:\/\/i0.wp.com\/casadecampoliving.com\/wp-content\/uploads\/2022\/10\/don_quijote_ivonne_zeller-e1417545148284.png?fit=648%2C531&ssl=1&resize=350%2C200","width":350,"height":200,"srcset":"https:\/\/i0.wp.com\/casadecampoliving.com\/wp-content\/uploads\/2022\/10\/don_quijote_ivonne_zeller-e1417545148284.png?fit=648%2C531&ssl=1&resize=350%2C200 1x, https:\/\/i0.wp.com\/casadecampoliving.com\/wp-content\/uploads\/2022\/10\/don_quijote_ivonne_zeller-e1417545148284.png?fit=648%2C531&ssl=1&resize=525%2C300 1.5x"},"classes":[]},{"id":348755,"url":"https:\/\/casadecampoliving.com\/es\/velada-encantadora-jardin-animado-altos-de-chavon\/","url_meta":{"origin":346265,"position":4},"title":"Una velada encantadora en \u00abEl Jard\u00edn Animado\u00bb en Altos de Chav\u00f3n","author":"Heather Lincoln","date":"8 Dic, 2015","format":false,"excerpt":"La\u00a0academia de ballet\u00a0Elizabeth P. de Zeller presentar\u00e1\u00a0su\u00a0siempre encantador ballet, que este a\u00f1o lleva como t\u00edtulo El Jard\u00edn Animado, en el anfiteatro de Altos de Chav\u00f3n, este s\u00e1bado, 12 de diciembre. Esperamos ansiosamente disfrutar de\u00a0una noche encantadora\u00a0mientras vemos la luz y los movimientos fluidos de las ni\u00f1as en sus zapatos de\u2026","rel":"","context":"En \u00abAltos de Chavon @es\u00bb","block_context":{"text":"Altos de Chavon @es","link":"https:\/\/casadecampoliving.com\/category\/altos-de-chavon-es\/"},"img":{"alt_text":"Ballet","src":"https:\/\/i0.wp.com\/casadecampoliving.com\/wp-content\/uploads\/2022\/10\/Ballet-1.jpg?fit=580%2C315&ssl=1&resize=350%2C200","width":350,"height":200,"srcset":"https:\/\/i0.wp.com\/casadecampoliving.com\/wp-content\/uploads\/2022\/10\/Ballet-1.jpg?fit=580%2C315&ssl=1&resize=350%2C200 1x, https:\/\/i0.wp.com\/casadecampoliving.com\/wp-content\/uploads\/2022\/10\/Ballet-1.jpg?fit=580%2C315&ssl=1&resize=525%2C300 1.5x"},"classes":[]},{"id":353032,"url":"https:\/\/casadecampoliving.com\/es\/the-greatest-show-de-la-escuela-de-ballet-elizabeth-p-de-zeller-en-altos-de-chavon\/","url_meta":{"origin":346265,"position":5},"title":"\u00abThe greatest show\u00bb de la Escuela de Ballet Elizabeth P. de Zeller en Altos de Chav\u00f3n","author":"Marlenys Guzm\u00e1n Casta\u00f1os","date":"3 Dic, 2018","format":false,"excerpt":"Uno de los eventos m\u00e1s esperados cada a\u00f1o durante el programa de Navidad en Altos de Chav\u00f3n es la presentaci\u00f3n de ballet de la academia Elizabeth P. de Zeller y este a\u00f1o, Ivonne Zeller (Directora de la academia), presentar\u00e1\u00a0\u201cThe greatest show\u201d (El espect\u00e1culo m\u00e1s grande) inspirado por la muy popular\u2026","rel":"","context":"En \u00abAltos de Chavon @es\u00bb","block_context":{"text":"Altos de Chavon @es","link":"https:\/\/casadecampoliving.com\/category\/altos-de-chavon-es\/"},"img":{"alt_text":"","src":"https:\/\/i0.wp.com\/casadecampoliving.com\/wp-content\/uploads\/2018\/12\/DSC_0994.jpg?resize=350%2C200&ssl=1","width":350,"height":200,"srcset":"https:\/\/i0.wp.com\/casadecampoliving.com\/wp-content\/uploads\/2018\/12\/DSC_0994.jpg?resize=350%2C200&ssl=1 1x, https:\/\/i0.wp.com\/casadecampoliving.com\/wp-content\/uploads\/2018\/12\/DSC_0994.jpg?resize=525%2C300&ssl=1 1.5x, https:\/\/i0.wp.com\/casadecampoliving.com\/wp-content\/uploads\/2018\/12\/DSC_0994.jpg?resize=700%2C400&ssl=1 2x"},"classes":[]}],"jetpack_sharing_enabled":true,"_links":{"self":[{"href":"https:\/\/casadecampoliving.com\/es\/wp-json\/wp\/v2\/posts\/346265","targetHints":{"allow":["GET"]}}],"collection":[{"href":"https:\/\/casadecampoliving.com\/es\/wp-json\/wp\/v2\/posts"}],"about":[{"href":"https:\/\/casadecampoliving.com\/es\/wp-json\/wp\/v2\/types\/post"}],"author":[{"embeddable":true,"href":"https:\/\/casadecampoliving.com\/es\/wp-json\/wp\/v2\/users\/14"}],"replies":[{"embeddable":true,"href":"https:\/\/casadecampoliving.com\/es\/wp-json\/wp\/v2\/comments?post=346265"}],"version-history":[{"count":1,"href":"https:\/\/casadecampoliving.com\/es\/wp-json\/wp\/v2\/posts\/346265\/revisions"}],"predecessor-version":[{"id":346266,"href":"https:\/\/casadecampoliving.com\/es\/wp-json\/wp\/v2\/posts\/346265\/revisions\/346266"}],"wp:featuredmedia":[{"embeddable":true,"href":"https:\/\/casadecampoliving.com\/es\/wp-json\/wp\/v2\/media\/293583"}],"wp:attachment":[{"href":"https:\/\/casadecampoliving.com\/es\/wp-json\/wp\/v2\/media?parent=346265"}],"wp:term":[{"taxonomy":"category","embeddable":true,"href":"https:\/\/casadecampoliving.com\/es\/wp-json\/wp\/v2\/categories?post=346265"},{"taxonomy":"post_tag","embeddable":true,"href":"https:\/\/casadecampoliving.com\/es\/wp-json\/wp\/v2\/tags?post=346265"},{"taxonomy":"newspack_spnsrs_tax","embeddable":true,"href":"https:\/\/casadecampoliving.com\/es\/wp-json\/wp\/v2\/newspack_spnsrs_tax?post=346265"}],"curies":[{"name":"wp","href":"https:\/\/api.w.org\/{rel}","templated":true}]}}