{"id":346259,"date":"2014-12-11T00:00:00","date_gmt":"2014-12-11T04:00:00","guid":{"rendered":"https:\/\/casadecampoliving.com\/central-romana-anuncia-el-inicio-de-zafra-2014-2015\/"},"modified":"2022-10-21T18:55:44","modified_gmt":"2022-10-21T22:55:44","slug":"central-romana-anuncia-el-inicio-de-zafra-2014-2015","status":"publish","type":"post","link":"https:\/\/casadecampoliving.com\/es\/central-romana-anuncia-el-inicio-de-zafra-2014-2015\/","title":{"rendered":"Central Romana anuncia el inicio de zafra 2014-2015"},"content":{"rendered":"<div class=\"wp-block-image\">\n<figure class=\"aligncenter is-resized\"><img loading=\"lazy\" decoding=\"async\" src=\"https:\/\/i0.wp.com\/casadecampoliving.com\/wp-content\/uploads\/2022\/10\/Locomotora-Cen-1024x682-2.jpg?resize=650%2C433&amp;ssl=1\" alt=\"Locomotora Cen\" class=\"wp-image-104059\" height=\"433\" width=\"650\"\/><\/figure>\n<\/div>\n\n\n<p>El ingenio Central Romana anunci\u00f3 hoy, el inicio de sus operaciones azucareras correspondientes a la temporada de zafra 2014-2015.<\/p>\n\n\n\n<!--more-->\n\n\n\n<p>Para este a\u00f1o, el Departamento de Investigaciones Agr\u00edcolas de la empresa integr\u00f3 a sus labores el funcionamiento de un nuevo y moderno laboratorio de cultivo de tejidos, adem\u00e1s de un nuevo invernadero en el que se podr\u00e1n producir plantas exentas de enfermedades. Del mismo modo, en los meses entre junio y noviembre se hicieron los mantenimientos y mejoras de rutina, a toda la maquinaria involucrada en el proceso de producci\u00f3n.<\/p>\n\n\n\n<p>Todas las medidas y avances realizados permitir\u00e1n una mejor y mayor producci\u00f3n de la ca\u00f1a y sus derivados.<\/p>\n\n\n\n<p>El costo del nuevo proyecto para el cultivo de tejidos fue valorizado en m\u00e1s de RD$45 millones. El objetivo de estas medidas es que el Central Romana pueda cumplir con las metas establecidas para esta zafra y abastecer al mercado con una producci\u00f3n estable y de la mejor calidad.<\/p>\n","protected":false},"excerpt":{"rendered":"<p>El ingenio Central Romana anunci\u00f3 hoy, el inicio de sus operaciones azucareras correspondientes a la temporada de zafra 2014-2015.<\/p>\n","protected":false},"author":14,"featured_media":295304,"comment_status":"closed","ping_status":"closed","sticky":false,"template":"","format":"standard","meta":{"newspack_ads_suppress_ads":false,"newspack_popups_has_disabled_popups":false,"newspack_sponsor_sponsorship_scope":"","newspack_sponsor_native_byline_display":"inherit","newspack_sponsor_native_category_display":"inherit","newspack_sponsor_underwriter_style":"inherit","newspack_sponsor_underwriter_placement":"inherit","_newspack_byline_active":false,"_newspack_byline":"","newspack_content_restriction_is_exempt":false,"newspack_featured_image_position":"","newspack_post_subtitle":"","newspack_article_summary_title":"Overview:","newspack_article_summary":"","newspack_hide_updated_date":false,"newspack_show_updated_date":false,"_jetpack_memberships_contains_paid_content":false,"footnotes":"","jetpack_publicize_message":"","jetpack_publicize_feature_enabled":true,"jetpack_social_post_already_shared":false,"jetpack_social_options":{"image_generator_settings":{"template":"highway","default_image_id":0,"font":"","enabled":false},"version":2},"_wpas_customize_per_network":false},"categories":[6192,2524,14631,2507,2506,14625,2521],"tags":[3862,4911],"newspack_spnsrs_tax":[],"class_list":["post-346259","post","type-post","status-publish","format-standard","has-post-thumbnail","hentry","category-businesses","category-destacados","category-estilo-de-vida","category-la-romana-es","category-mas-alla-de-casa-es","category-noticias-locales","category-republica-dominicana-2","tag-central-romana-es","tag-zafra","entry"],"yoast_head":"<!-- This site is optimized with the Yoast SEO plugin v27.3 - https:\/\/yoast.com\/product\/yoast-seo-wordpress\/ -->\n<title>Central Romana anuncia el inicio de zafra 2014-2015 | Casa de Campo Living<\/title>\n<meta name=\"description\" content=\"El ingenio Central Romana anunci\u00f3 hoy, el inicio de sus operaciones azucareras correspondientes a la temporada de zafra 2014-2015. Para este a\u00f1o, el\" \/>\n<meta name=\"robots\" content=\"index, follow, max-snippet:-1, max-image-preview:large, max-video-preview:-1\" \/>\n<link rel=\"canonical\" href=\"https:\/\/casadecampoliving.com\/es\/central-romana-anuncia-el-inicio-de-zafra-2014-2015\/\" \/>\n<meta property=\"og:locale\" content=\"es_ES\" \/>\n<meta property=\"og:type\" content=\"article\" \/>\n<meta property=\"og:title\" content=\"Central Romana anuncia el inicio de zafra 2014-2015 | Casa de Campo Living\" \/>\n<meta property=\"og:description\" content=\"El ingenio Central Romana anunci\u00f3 hoy, el inicio de sus operaciones azucareras correspondientes a la temporada de zafra 2014-2015. Para este a\u00f1o, el\" \/>\n<meta property=\"og:url\" content=\"https:\/\/casadecampoliving.com\/es\/central-romana-anuncia-el-inicio-de-zafra-2014-2015\/\" \/>\n<meta property=\"og:site_name\" content=\"Casa de Campo Living\" \/>\n<meta property=\"article:publisher\" content=\"https:\/\/www.facebook.com\/casadecampoliving\" \/>\n<meta property=\"article:published_time\" content=\"2014-12-11T04:00:00+00:00\" \/>\n<meta property=\"article:modified_time\" content=\"2022-10-21T22:55:44+00:00\" \/>\n<meta property=\"og:image\" content=\"https:\/\/i0.wp.com\/casadecampoliving.com\/wp-content\/uploads\/2022\/10\/Locomotora-Cen-1-scaled.jpg?fit=2560%2C1707&ssl=1\" \/>\n\t<meta property=\"og:image:width\" content=\"2560\" \/>\n\t<meta property=\"og:image:height\" content=\"1707\" \/>\n\t<meta property=\"og:image:type\" content=\"image\/jpeg\" \/>\n<meta name=\"author\" content=\"Rebecca Hughes\" \/>\n<meta name=\"twitter:card\" content=\"summary_large_image\" \/>\n<meta name=\"twitter:creator\" content=\"@cdcliving\" \/>\n<meta name=\"twitter:site\" content=\"@cdcliving\" \/>\n<meta name=\"twitter:label1\" content=\"Escrito por\" \/>\n\t<meta name=\"twitter:data1\" content=\"Rebecca Hughes\" \/>\n\t<meta name=\"twitter:label2\" content=\"Tiempo de lectura\" \/>\n\t<meta name=\"twitter:data2\" content=\"1 minuto\" \/>\n<script type=\"application\/ld+json\" class=\"yoast-schema-graph\">{\"@context\":\"https:\\\/\\\/schema.org\",\"@graph\":[{\"@type\":\"Article\",\"@id\":\"https:\\\/\\\/casadecampoliving.com\\\/es\\\/central-romana-anuncia-el-inicio-de-zafra-2014-2015\\\/#article\",\"isPartOf\":{\"@id\":\"https:\\\/\\\/casadecampoliving.com\\\/es\\\/central-romana-anuncia-el-inicio-de-zafra-2014-2015\\\/\"},\"author\":{\"name\":\"Rebecca Hughes\",\"@id\":\"https:\\\/\\\/casadecampoliving.com\\\/es\\\/#\\\/schema\\\/person\\\/91d3085d9c6fe671ec9370a33bc98839\"},\"headline\":\"Central Romana anuncia el inicio de zafra 2014-2015\",\"datePublished\":\"2014-12-11T04:00:00+00:00\",\"dateModified\":\"2022-10-21T22:55:44+00:00\",\"mainEntityOfPage\":{\"@id\":\"https:\\\/\\\/casadecampoliving.com\\\/es\\\/central-romana-anuncia-el-inicio-de-zafra-2014-2015\\\/\"},\"wordCount\":174,\"publisher\":{\"@id\":\"https:\\\/\\\/casadecampoliving.com\\\/es\\\/#organization\"},\"image\":{\"@id\":\"https:\\\/\\\/casadecampoliving.com\\\/es\\\/central-romana-anuncia-el-inicio-de-zafra-2014-2015\\\/#primaryimage\"},\"thumbnailUrl\":\"https:\\\/\\\/i0.wp.com\\\/casadecampoliving.com\\\/wp-content\\\/uploads\\\/2022\\\/10\\\/Locomotora-Cen-1-scaled.jpg?fit=2560%2C1707&ssl=1\",\"keywords\":[\"central romana @es\",\"zafra\"],\"articleSection\":[\"businesses\",\"Destacados\",\"Estilo de Vida\",\"La Romana @es\",\"M\u00e1s all\u00e1 de Casa\",\"Noticias Locales\",\"Rep\u00fablica Dominicana @es\"],\"inLanguage\":\"es\"},{\"@type\":\"WebPage\",\"@id\":\"https:\\\/\\\/casadecampoliving.com\\\/es\\\/central-romana-anuncia-el-inicio-de-zafra-2014-2015\\\/\",\"url\":\"https:\\\/\\\/casadecampoliving.com\\\/es\\\/central-romana-anuncia-el-inicio-de-zafra-2014-2015\\\/\",\"name\":\"Central Romana anuncia el inicio de zafra 2014-2015 | Casa de Campo Living\",\"isPartOf\":{\"@id\":\"https:\\\/\\\/casadecampoliving.com\\\/es\\\/#website\"},\"primaryImageOfPage\":{\"@id\":\"https:\\\/\\\/casadecampoliving.com\\\/es\\\/central-romana-anuncia-el-inicio-de-zafra-2014-2015\\\/#primaryimage\"},\"image\":{\"@id\":\"https:\\\/\\\/casadecampoliving.com\\\/es\\\/central-romana-anuncia-el-inicio-de-zafra-2014-2015\\\/#primaryimage\"},\"thumbnailUrl\":\"https:\\\/\\\/i0.wp.com\\\/casadecampoliving.com\\\/wp-content\\\/uploads\\\/2022\\\/10\\\/Locomotora-Cen-1-scaled.jpg?fit=2560%2C1707&ssl=1\",\"datePublished\":\"2014-12-11T04:00:00+00:00\",\"dateModified\":\"2022-10-21T22:55:44+00:00\",\"description\":\"El ingenio Central Romana anunci\u00f3 hoy, el inicio de sus operaciones azucareras correspondientes a la temporada de zafra 2014-2015. Para este a\u00f1o, el\",\"breadcrumb\":{\"@id\":\"https:\\\/\\\/casadecampoliving.com\\\/es\\\/central-romana-anuncia-el-inicio-de-zafra-2014-2015\\\/#breadcrumb\"},\"inLanguage\":\"es\",\"potentialAction\":[{\"@type\":\"ReadAction\",\"target\":[\"https:\\\/\\\/casadecampoliving.com\\\/es\\\/central-romana-anuncia-el-inicio-de-zafra-2014-2015\\\/\"]}]},{\"@type\":\"ImageObject\",\"inLanguage\":\"es\",\"@id\":\"https:\\\/\\\/casadecampoliving.com\\\/es\\\/central-romana-anuncia-el-inicio-de-zafra-2014-2015\\\/#primaryimage\",\"url\":\"https:\\\/\\\/i0.wp.com\\\/casadecampoliving.com\\\/wp-content\\\/uploads\\\/2022\\\/10\\\/Locomotora-Cen-1-scaled.jpg?fit=2560%2C1707&ssl=1\",\"contentUrl\":\"https:\\\/\\\/i0.wp.com\\\/casadecampoliving.com\\\/wp-content\\\/uploads\\\/2022\\\/10\\\/Locomotora-Cen-1-scaled.jpg?fit=2560%2C1707&ssl=1\",\"width\":2560,\"height\":1707},{\"@type\":\"BreadcrumbList\",\"@id\":\"https:\\\/\\\/casadecampoliving.com\\\/es\\\/central-romana-anuncia-el-inicio-de-zafra-2014-2015\\\/#breadcrumb\",\"itemListElement\":[{\"@type\":\"ListItem\",\"position\":1,\"name\":\"Home\",\"item\":\"https:\\\/\\\/casadecampoliving.com\\\/es\\\/\"},{\"@type\":\"ListItem\",\"position\":2,\"name\":\"Central Romana anuncia el inicio de zafra 2014-2015\"}]},{\"@type\":\"WebSite\",\"@id\":\"https:\\\/\\\/casadecampoliving.com\\\/es\\\/#website\",\"url\":\"https:\\\/\\\/casadecampoliving.com\\\/es\\\/\",\"name\":\"Casa de Campo Living\",\"description\":\"Resort community news and resources.\",\"publisher\":{\"@id\":\"https:\\\/\\\/casadecampoliving.com\\\/es\\\/#organization\"},\"potentialAction\":[{\"@type\":\"SearchAction\",\"target\":{\"@type\":\"EntryPoint\",\"urlTemplate\":\"https:\\\/\\\/casadecampoliving.com\\\/es\\\/?s={search_term_string}\"},\"query-input\":{\"@type\":\"PropertyValueSpecification\",\"valueRequired\":true,\"valueName\":\"search_term_string\"}}],\"inLanguage\":\"es\"},{\"@type\":\"Organization\",\"@id\":\"https:\\\/\\\/casadecampoliving.com\\\/es\\\/#organization\",\"name\":\"Casa de Campo Living\",\"url\":\"https:\\\/\\\/casadecampoliving.com\\\/es\\\/\",\"logo\":{\"@type\":\"ImageObject\",\"inLanguage\":\"es\",\"@id\":\"https:\\\/\\\/casadecampoliving.com\\\/es\\\/#\\\/schema\\\/logo\\\/image\\\/\",\"url\":\"https:\\\/\\\/i0.wp.com\\\/casadecampoliving.com\\\/wp-content\\\/uploads\\\/2022\\\/07\\\/CDCLivingLogo_V1-white-sized.png?fit=800%2C214&ssl=1\",\"contentUrl\":\"https:\\\/\\\/i0.wp.com\\\/casadecampoliving.com\\\/wp-content\\\/uploads\\\/2022\\\/07\\\/CDCLivingLogo_V1-white-sized.png?fit=800%2C214&ssl=1\",\"width\":800,\"height\":214,\"caption\":\"Casa de Campo Living\"},\"image\":{\"@id\":\"https:\\\/\\\/casadecampoliving.com\\\/es\\\/#\\\/schema\\\/logo\\\/image\\\/\"},\"sameAs\":[\"https:\\\/\\\/www.facebook.com\\\/casadecampoliving\",\"https:\\\/\\\/x.com\\\/cdcliving\"]},{\"@type\":\"Person\",\"@id\":\"https:\\\/\\\/casadecampoliving.com\\\/es\\\/#\\\/schema\\\/person\\\/91d3085d9c6fe671ec9370a33bc98839\",\"name\":\"Rebecca Hughes\",\"image\":{\"@type\":\"ImageObject\",\"inLanguage\":\"es\",\"@id\":\"https:\\\/\\\/secure.gravatar.com\\\/avatar\\\/fa8193bc0c4cfd84f5082667d2539f9b4da960049480f4eed2244a6b96321e38?s=96&d=mm&r=g\",\"url\":\"https:\\\/\\\/secure.gravatar.com\\\/avatar\\\/fa8193bc0c4cfd84f5082667d2539f9b4da960049480f4eed2244a6b96321e38?s=96&d=mm&r=g\",\"contentUrl\":\"https:\\\/\\\/secure.gravatar.com\\\/avatar\\\/fa8193bc0c4cfd84f5082667d2539f9b4da960049480f4eed2244a6b96321e38?s=96&d=mm&r=g\",\"caption\":\"Rebecca Hughes\"},\"description\":\"I am wonderful.\",\"sameAs\":[\"http:\\\/\\\/www.facebook.com\\\/profile.php?id=752510581\"],\"url\":\"https:\\\/\\\/casadecampoliving.com\\\/es\\\/author\\\/Rebecca Hughes\\\/\"}]}<\/script>\n<!-- \/ Yoast SEO plugin. -->","yoast_head_json":{"title":"Central Romana anuncia el inicio de zafra 2014-2015 | Casa de Campo Living","description":"El ingenio Central Romana anunci\u00f3 hoy, el inicio de sus operaciones azucareras correspondientes a la temporada de zafra 2014-2015. Para este a\u00f1o, el","robots":{"index":"index","follow":"follow","max-snippet":"max-snippet:-1","max-image-preview":"max-image-preview:large","max-video-preview":"max-video-preview:-1"},"canonical":"https:\/\/casadecampoliving.com\/es\/central-romana-anuncia-el-inicio-de-zafra-2014-2015\/","og_locale":"es_ES","og_type":"article","og_title":"Central Romana anuncia el inicio de zafra 2014-2015 | Casa de Campo Living","og_description":"El ingenio Central Romana anunci\u00f3 hoy, el inicio de sus operaciones azucareras correspondientes a la temporada de zafra 2014-2015. Para este a\u00f1o, el","og_url":"https:\/\/casadecampoliving.com\/es\/central-romana-anuncia-el-inicio-de-zafra-2014-2015\/","og_site_name":"Casa de Campo Living","article_publisher":"https:\/\/www.facebook.com\/casadecampoliving","article_published_time":"2014-12-11T04:00:00+00:00","article_modified_time":"2022-10-21T22:55:44+00:00","og_image":[{"width":2560,"height":1707,"url":"https:\/\/i0.wp.com\/casadecampoliving.com\/wp-content\/uploads\/2022\/10\/Locomotora-Cen-1-scaled.jpg?fit=2560%2C1707&ssl=1","type":"image\/jpeg"}],"author":"Rebecca Hughes","twitter_card":"summary_large_image","twitter_creator":"@cdcliving","twitter_site":"@cdcliving","twitter_misc":{"Escrito por":"Rebecca Hughes","Tiempo de lectura":"1 minuto"},"schema":{"@context":"https:\/\/schema.org","@graph":[{"@type":"Article","@id":"https:\/\/casadecampoliving.com\/es\/central-romana-anuncia-el-inicio-de-zafra-2014-2015\/#article","isPartOf":{"@id":"https:\/\/casadecampoliving.com\/es\/central-romana-anuncia-el-inicio-de-zafra-2014-2015\/"},"author":{"name":"Rebecca Hughes","@id":"https:\/\/casadecampoliving.com\/es\/#\/schema\/person\/91d3085d9c6fe671ec9370a33bc98839"},"headline":"Central Romana anuncia el inicio de zafra 2014-2015","datePublished":"2014-12-11T04:00:00+00:00","dateModified":"2022-10-21T22:55:44+00:00","mainEntityOfPage":{"@id":"https:\/\/casadecampoliving.com\/es\/central-romana-anuncia-el-inicio-de-zafra-2014-2015\/"},"wordCount":174,"publisher":{"@id":"https:\/\/casadecampoliving.com\/es\/#organization"},"image":{"@id":"https:\/\/casadecampoliving.com\/es\/central-romana-anuncia-el-inicio-de-zafra-2014-2015\/#primaryimage"},"thumbnailUrl":"https:\/\/i0.wp.com\/casadecampoliving.com\/wp-content\/uploads\/2022\/10\/Locomotora-Cen-1-scaled.jpg?fit=2560%2C1707&ssl=1","keywords":["central romana @es","zafra"],"articleSection":["businesses","Destacados","Estilo de Vida","La Romana @es","M\u00e1s all\u00e1 de Casa","Noticias Locales","Rep\u00fablica Dominicana @es"],"inLanguage":"es"},{"@type":"WebPage","@id":"https:\/\/casadecampoliving.com\/es\/central-romana-anuncia-el-inicio-de-zafra-2014-2015\/","url":"https:\/\/casadecampoliving.com\/es\/central-romana-anuncia-el-inicio-de-zafra-2014-2015\/","name":"Central Romana anuncia el inicio de zafra 2014-2015 | Casa de Campo Living","isPartOf":{"@id":"https:\/\/casadecampoliving.com\/es\/#website"},"primaryImageOfPage":{"@id":"https:\/\/casadecampoliving.com\/es\/central-romana-anuncia-el-inicio-de-zafra-2014-2015\/#primaryimage"},"image":{"@id":"https:\/\/casadecampoliving.com\/es\/central-romana-anuncia-el-inicio-de-zafra-2014-2015\/#primaryimage"},"thumbnailUrl":"https:\/\/i0.wp.com\/casadecampoliving.com\/wp-content\/uploads\/2022\/10\/Locomotora-Cen-1-scaled.jpg?fit=2560%2C1707&ssl=1","datePublished":"2014-12-11T04:00:00+00:00","dateModified":"2022-10-21T22:55:44+00:00","description":"El ingenio Central Romana anunci\u00f3 hoy, el inicio de sus operaciones azucareras correspondientes a la temporada de zafra 2014-2015. Para este a\u00f1o, el","breadcrumb":{"@id":"https:\/\/casadecampoliving.com\/es\/central-romana-anuncia-el-inicio-de-zafra-2014-2015\/#breadcrumb"},"inLanguage":"es","potentialAction":[{"@type":"ReadAction","target":["https:\/\/casadecampoliving.com\/es\/central-romana-anuncia-el-inicio-de-zafra-2014-2015\/"]}]},{"@type":"ImageObject","inLanguage":"es","@id":"https:\/\/casadecampoliving.com\/es\/central-romana-anuncia-el-inicio-de-zafra-2014-2015\/#primaryimage","url":"https:\/\/i0.wp.com\/casadecampoliving.com\/wp-content\/uploads\/2022\/10\/Locomotora-Cen-1-scaled.jpg?fit=2560%2C1707&ssl=1","contentUrl":"https:\/\/i0.wp.com\/casadecampoliving.com\/wp-content\/uploads\/2022\/10\/Locomotora-Cen-1-scaled.jpg?fit=2560%2C1707&ssl=1","width":2560,"height":1707},{"@type":"BreadcrumbList","@id":"https:\/\/casadecampoliving.com\/es\/central-romana-anuncia-el-inicio-de-zafra-2014-2015\/#breadcrumb","itemListElement":[{"@type":"ListItem","position":1,"name":"Home","item":"https:\/\/casadecampoliving.com\/es\/"},{"@type":"ListItem","position":2,"name":"Central Romana anuncia el inicio de zafra 2014-2015"}]},{"@type":"WebSite","@id":"https:\/\/casadecampoliving.com\/es\/#website","url":"https:\/\/casadecampoliving.com\/es\/","name":"Casa de Campo Living","description":"Resort community news and resources.","publisher":{"@id":"https:\/\/casadecampoliving.com\/es\/#organization"},"potentialAction":[{"@type":"SearchAction","target":{"@type":"EntryPoint","urlTemplate":"https:\/\/casadecampoliving.com\/es\/?s={search_term_string}"},"query-input":{"@type":"PropertyValueSpecification","valueRequired":true,"valueName":"search_term_string"}}],"inLanguage":"es"},{"@type":"Organization","@id":"https:\/\/casadecampoliving.com\/es\/#organization","name":"Casa de Campo Living","url":"https:\/\/casadecampoliving.com\/es\/","logo":{"@type":"ImageObject","inLanguage":"es","@id":"https:\/\/casadecampoliving.com\/es\/#\/schema\/logo\/image\/","url":"https:\/\/i0.wp.com\/casadecampoliving.com\/wp-content\/uploads\/2022\/07\/CDCLivingLogo_V1-white-sized.png?fit=800%2C214&ssl=1","contentUrl":"https:\/\/i0.wp.com\/casadecampoliving.com\/wp-content\/uploads\/2022\/07\/CDCLivingLogo_V1-white-sized.png?fit=800%2C214&ssl=1","width":800,"height":214,"caption":"Casa de Campo Living"},"image":{"@id":"https:\/\/casadecampoliving.com\/es\/#\/schema\/logo\/image\/"},"sameAs":["https:\/\/www.facebook.com\/casadecampoliving","https:\/\/x.com\/cdcliving"]},{"@type":"Person","@id":"https:\/\/casadecampoliving.com\/es\/#\/schema\/person\/91d3085d9c6fe671ec9370a33bc98839","name":"Rebecca Hughes","image":{"@type":"ImageObject","inLanguage":"es","@id":"https:\/\/secure.gravatar.com\/avatar\/fa8193bc0c4cfd84f5082667d2539f9b4da960049480f4eed2244a6b96321e38?s=96&d=mm&r=g","url":"https:\/\/secure.gravatar.com\/avatar\/fa8193bc0c4cfd84f5082667d2539f9b4da960049480f4eed2244a6b96321e38?s=96&d=mm&r=g","contentUrl":"https:\/\/secure.gravatar.com\/avatar\/fa8193bc0c4cfd84f5082667d2539f9b4da960049480f4eed2244a6b96321e38?s=96&d=mm&r=g","caption":"Rebecca Hughes"},"description":"I am wonderful.","sameAs":["http:\/\/www.facebook.com\/profile.php?id=752510581"],"url":"https:\/\/casadecampoliving.com\/es\/author\/Rebecca Hughes\/"}]}},"parsely":{"version":"1.1.0","canonical_url":"https:\/\/casadecampoliving.com\/es\/central-romana-anuncia-el-inicio-de-zafra-2014-2015\/","smart_links":{"inbound":0,"outbound":0},"traffic_boost_suggestions_count":0,"meta":{"@context":"https:\/\/schema.org","@type":"NewsArticle","headline":"Central Romana anuncia el inicio de zafra 2014-2015","url":"http:\/\/casadecampoliving.com\/es\/central-romana-anuncia-el-inicio-de-zafra-2014-2015\/","mainEntityOfPage":{"@type":"WebPage","@id":"http:\/\/casadecampoliving.com\/es\/central-romana-anuncia-el-inicio-de-zafra-2014-2015\/"},"thumbnailUrl":"https:\/\/i0.wp.com\/casadecampoliving.com\/wp-content\/uploads\/2022\/10\/Locomotora-Cen-1-scaled.jpg?resize=150%2C150&ssl=1","image":{"@type":"ImageObject","url":"https:\/\/i0.wp.com\/casadecampoliving.com\/wp-content\/uploads\/2022\/10\/Locomotora-Cen-1-scaled.jpg?fit=2560%2C1707&ssl=1"},"articleSection":"businesses","author":[{"@type":"Person","name":"Rebecca Hughes"}],"creator":["Rebecca Hughes"],"publisher":{"@type":"Organization","name":"Casa de Campo Living","logo":"https:\/\/casadecampoliving.com\/wp-content\/uploads\/2022\/07\/CDCLivingLogo_V1-white-sized.png"},"keywords":["central romana @es","zafra"],"dateCreated":"2014-12-11T04:00:00Z","datePublished":"2014-12-11T04:00:00Z","dateModified":"2022-10-21T22:55:44Z"},"rendered":"<script type=\"application\/ld+json\" class=\"wp-parsely-metadata\">{\"@context\":\"https:\\\/\\\/schema.org\",\"@type\":\"NewsArticle\",\"headline\":\"Central Romana anuncia el inicio de zafra 2014-2015\",\"url\":\"http:\\\/\\\/casadecampoliving.com\\\/es\\\/central-romana-anuncia-el-inicio-de-zafra-2014-2015\\\/\",\"mainEntityOfPage\":{\"@type\":\"WebPage\",\"@id\":\"http:\\\/\\\/casadecampoliving.com\\\/es\\\/central-romana-anuncia-el-inicio-de-zafra-2014-2015\\\/\"},\"thumbnailUrl\":\"https:\\\/\\\/i0.wp.com\\\/casadecampoliving.com\\\/wp-content\\\/uploads\\\/2022\\\/10\\\/Locomotora-Cen-1-scaled.jpg?resize=150%2C150&ssl=1\",\"image\":{\"@type\":\"ImageObject\",\"url\":\"https:\\\/\\\/i0.wp.com\\\/casadecampoliving.com\\\/wp-content\\\/uploads\\\/2022\\\/10\\\/Locomotora-Cen-1-scaled.jpg?fit=2560%2C1707&ssl=1\"},\"articleSection\":\"businesses\",\"author\":[{\"@type\":\"Person\",\"name\":\"Rebecca Hughes\"}],\"creator\":[\"Rebecca Hughes\"],\"publisher\":{\"@type\":\"Organization\",\"name\":\"Casa de Campo Living\",\"logo\":\"https:\\\/\\\/casadecampoliving.com\\\/wp-content\\\/uploads\\\/2022\\\/07\\\/CDCLivingLogo_V1-white-sized.png\"},\"keywords\":[\"central romana @es\",\"zafra\"],\"dateCreated\":\"2014-12-11T04:00:00Z\",\"datePublished\":\"2014-12-11T04:00:00Z\",\"dateModified\":\"2022-10-21T22:55:44Z\"}<\/script>","tracker_url":"https:\/\/cdn.parsely.com\/keys\/casadecampoliving.com\/p.js"},"jetpack_publicize_connections":[],"jetpack_featured_media_url":"https:\/\/i0.wp.com\/casadecampoliving.com\/wp-content\/uploads\/2022\/10\/Locomotora-Cen-1-scaled.jpg?fit=2560%2C1707&ssl=1","jetpack-related-posts":[{"id":339427,"url":"https:\/\/casadecampoliving.com\/es\/torneo-de-golf-fin-de-zafra-central-romana-en-honor-a-orlando-deffer-y-francis-redman-este-domingo-22-de-junio\/","url_meta":{"origin":346259,"position":0},"title":"Torneo de Golf Fin de Zafra Central Romana en honor a Orlando Deffer y Francis Redman &#8211; este domingo 22 de junio!","author":"","date":"21 Jul, 2012","format":false,"excerpt":"\u00a0Este domingo 22 de julio, el Torneo Invitacional Fin de Zafra Central Romana, organizado por el Club de Golf Cajuiles, se llevar\u00e1 a cabo en el campo de golf \u201cLinks\u201d de Casa de Campo con el prop\u00f3sito de celebrar el final de la exitosa zafra del ingenio del Central Romana\u2026","rel":"","context":"En \u00abDeportes\u00bb","block_context":{"text":"Deportes","link":"https:\/\/casadecampoliving.com\/es\/category\/golf-deportes-es\/"},"img":{"alt_text":"golf casa de campo","src":"https:\/\/i0.wp.com\/casadecampoliving.com\/wp-content\/uploads\/2022\/10\/golf_casa_de_campo1-11.jpg?fit=650%2C427&ssl=1&resize=350%2C200","width":350,"height":200,"srcset":"https:\/\/i0.wp.com\/casadecampoliving.com\/wp-content\/uploads\/2022\/10\/golf_casa_de_campo1-11.jpg?fit=650%2C427&ssl=1&resize=350%2C200 1x, https:\/\/i0.wp.com\/casadecampoliving.com\/wp-content\/uploads\/2022\/10\/golf_casa_de_campo1-11.jpg?fit=650%2C427&ssl=1&resize=525%2C300 1.5x"},"classes":[]},{"id":342236,"url":"https:\/\/casadecampoliving.com\/es\/el-torneo-de-golf-fin-de-zafra-central-romana-sera-este-domingo-7-de-julio\/","url_meta":{"origin":346259,"position":1},"title":"El torneo de golf \u00abFin de Zafra Central Romana\u00bb ser\u00e1 este domingo 7 de julio","author":"Mairobi Herrera","date":"4 Jul, 2013","format":false,"excerpt":"Este domingo 7 de julio, el campo de golf \u201cLinks\u201d-una de las maravillas de Pete Dye- ser\u00e1 el escenario del Torneo Invitacional Fin de Zafra Central Romana, el cual est\u00e1 organizado por el Club de Golf Cajuiles como una forma celebrar el final de la exitosa zafra del ingenio del\u2026","rel":"","context":"En \u00abDeportes\u00bb","block_context":{"text":"Deportes","link":"https:\/\/casadecampoliving.com\/es\/category\/golf-deportes-es\/"},"img":{"alt_text":"fin de zafra golf","src":"https:\/\/i0.wp.com\/casadecampoliving.com\/wp-content\/uploads\/2022\/10\/fin_de_zafra_golf-1.jpg?fit=650%2C409&ssl=1&resize=350%2C200","width":350,"height":200,"srcset":"https:\/\/i0.wp.com\/casadecampoliving.com\/wp-content\/uploads\/2022\/10\/fin_de_zafra_golf-1.jpg?fit=650%2C409&ssl=1&resize=350%2C200 1x, https:\/\/i0.wp.com\/casadecampoliving.com\/wp-content\/uploads\/2022\/10\/fin_de_zafra_golf-1.jpg?fit=650%2C409&ssl=1&resize=525%2C300 1.5x"},"classes":[]},{"id":350220,"url":"https:\/\/casadecampoliving.com\/es\/celebran-torneo-de-golf-invitacional-fin-de-zafra-central-romana\/","url_meta":{"origin":346259,"position":2},"title":"Celebran Torneo de Golf Invitacional Fin de Zafra Central Romana","author":"Heather Lincoln","date":"20 Jul, 2016","format":false,"excerpt":"M\u00e1s de 50 jugadores participaron en la justa deportiva que se ha convertido en un evento tradicional que patrocina la empresa Central Romana tras finalizar su zafra azucarera y que es organizado por un comit\u00e9 especial del Club de Golf Cajuiles de esta ciudad.\u00a0El torneo fue celebrado en el exclusivo\u2026","rel":"","context":"En \u00abDeportes\u00bb","block_context":{"text":"Deportes","link":"https:\/\/casadecampoliving.com\/es\/category\/golf-deportes-es\/"},"img":{"alt_text":"Central Romana End of Harvest Golf Invitational Tournament","src":"https:\/\/i0.wp.com\/casadecampoliving.com\/wp-content\/uploads\/2022\/10\/centralromana_harvesttourn-e1469014987875.jpg?fit=1000%2C727&ssl=1&resize=350%2C200","width":350,"height":200,"srcset":"https:\/\/i0.wp.com\/casadecampoliving.com\/wp-content\/uploads\/2022\/10\/centralromana_harvesttourn-e1469014987875.jpg?fit=1000%2C727&ssl=1&resize=350%2C200 1x, https:\/\/i0.wp.com\/casadecampoliving.com\/wp-content\/uploads\/2022\/10\/centralromana_harvesttourn-e1469014987875.jpg?fit=1000%2C727&ssl=1&resize=525%2C300 1.5x, https:\/\/i0.wp.com\/casadecampoliving.com\/wp-content\/uploads\/2022\/10\/centralromana_harvesttourn-e1469014987875.jpg?fit=1000%2C727&ssl=1&resize=700%2C400 2x"},"classes":[]},{"id":342360,"url":"https:\/\/casadecampoliving.com\/es\/rafael-y-michael-santana-ganan-el-torneo-de-golf-fin-de-zafra\/","url_meta":{"origin":346259,"position":3},"title":"Rafael y Michael Santana ganan el Torneo de Golf \u00abFin de Zafra\u00bb","author":"Mairobi Herrera","date":"12 Jul, 2013","format":false,"excerpt":"\u00a1Felicidades a Rafael y Michael Santana! - ganadores del torneo de golf \"Fin de Zafra\", celebrado el pasado domingo 7 de julio en el campo de golf Links de Casa de Campo. El torneo de golf \"Fin de Zafra\" se celebra cada a\u00f1o para celebrar el exitoso cierre de la\u2026","rel":"","context":"En \u00abM\u00e1s all\u00e1 de Casa\u00bb","block_context":{"text":"M\u00e1s all\u00e1 de Casa","link":"https:\/\/casadecampoliving.com\/es\/category\/mas-alla-de-casa-es\/"},"img":{"alt_text":"fin de zafra golf tournament","src":"https:\/\/i0.wp.com\/casadecampoliving.com\/wp-content\/uploads\/2022\/10\/fin_zafra_golf_tournament1.jpg?fit=650%2C351&ssl=1&resize=350%2C200","width":350,"height":200,"srcset":"https:\/\/i0.wp.com\/casadecampoliving.com\/wp-content\/uploads\/2022\/10\/fin_zafra_golf_tournament1.jpg?fit=650%2C351&ssl=1&resize=350%2C200 1x, https:\/\/i0.wp.com\/casadecampoliving.com\/wp-content\/uploads\/2022\/10\/fin_zafra_golf_tournament1.jpg?fit=650%2C351&ssl=1&resize=525%2C300 1.5x"},"classes":[]},{"id":344997,"url":"https:\/\/casadecampoliving.com\/es\/sully-freddy-ganan-el-torneo-de-golf-de-fin-de-zafra\/","url_meta":{"origin":346259,"position":4},"title":"Sully &#038; Freddy ganan el torneo de golf de Fin de Zafra","author":"Daniela Medina","date":"2 Ago, 2014","format":false,"excerpt":"El domingo, 13 de julio, fue jugado en el campo de golf Dye Fore en Casa de Campo el Golf Invitacional Fin de Zafra Central Romana Corporation, organizado por el \u201cCajuiles Golf Club\u201d, un evento en el que m\u00e1s de 60 golfistas, se reunieron en una hermosa y soleada ma\u00f1ana\u2026","rel":"","context":"En \u00abCasa de Campo Living @es\u00bb","block_context":{"text":"Casa de Campo Living @es","link":"https:\/\/casadecampoliving.com\/category\/casa-de-campo-living-es\/"},"img":{"alt_text":"","src":"https:\/\/i0.wp.com\/casadecampoliving.com\/wp-content\/uploads\/2022\/10\/Rafael-Santana-Khalil-Hache-Ramon-Menendez-y-Juan-Jose-Arteaga-1.jpg?fit=650%2C433&ssl=1&resize=350%2C200","width":350,"height":200,"srcset":"https:\/\/i0.wp.com\/casadecampoliving.com\/wp-content\/uploads\/2022\/10\/Rafael-Santana-Khalil-Hache-Ramon-Menendez-y-Juan-Jose-Arteaga-1.jpg?fit=650%2C433&ssl=1&resize=350%2C200 1x, https:\/\/i0.wp.com\/casadecampoliving.com\/wp-content\/uploads\/2022\/10\/Rafael-Santana-Khalil-Hache-Ramon-Menendez-y-Juan-Jose-Arteaga-1.jpg?fit=650%2C433&ssl=1&resize=525%2C300 1.5x"},"classes":[]},{"id":338354,"url":"https:\/\/casadecampoliving.com\/es\/central-romana-entrega-631-millones-de-pesos-en-bonificacion-a-empleados-trabajadores-y-obreros\/","url_meta":{"origin":346259,"position":5},"title":"CENTRAL ROMANA ENTREGA 631 MILLONES DE PESOS EN BONIFICACION A EMPLEADOS, TRABAJADORES Y OBREROS","author":"Rebecca Silvestri","date":"3 Jul, 2011","format":false,"excerpt":"La empresa Central Romana Corporation entreg\u00f3 631 millones de pesos por concepto de bonificaci\u00f3n a todos sus empleados y obreros correspondiente al cierre de la zafra azucarera en la temporada 2010-2011. Esta suma supera en casi 100 millones la cantidad entregada el a\u00f1o pasado por el mismo concepto. Dicho monto\u2026","rel":"","context":"En \u00abEstilo de Vida\u00bb","block_context":{"text":"Estilo de Vida","link":"https:\/\/casadecampoliving.com\/es\/category\/estilo-de-vida\/"},"img":{"alt_text":"","src":"https:\/\/i0.wp.com\/casadecampoliving.com\/wp-content\/uploads\/2022\/10\/central_romana_casa_de_campo_la_romana1-1.jpg?fit=565%2C248&ssl=1&resize=350%2C200","width":350,"height":200,"srcset":"https:\/\/i0.wp.com\/casadecampoliving.com\/wp-content\/uploads\/2022\/10\/central_romana_casa_de_campo_la_romana1-1.jpg?fit=565%2C248&ssl=1&resize=350%2C200 1x, https:\/\/i0.wp.com\/casadecampoliving.com\/wp-content\/uploads\/2022\/10\/central_romana_casa_de_campo_la_romana1-1.jpg?fit=565%2C248&ssl=1&resize=525%2C300 1.5x"},"classes":[]}],"jetpack_sharing_enabled":true,"_links":{"self":[{"href":"https:\/\/casadecampoliving.com\/es\/wp-json\/wp\/v2\/posts\/346259","targetHints":{"allow":["GET"]}}],"collection":[{"href":"https:\/\/casadecampoliving.com\/es\/wp-json\/wp\/v2\/posts"}],"about":[{"href":"https:\/\/casadecampoliving.com\/es\/wp-json\/wp\/v2\/types\/post"}],"author":[{"embeddable":true,"href":"https:\/\/casadecampoliving.com\/es\/wp-json\/wp\/v2\/users\/14"}],"replies":[{"embeddable":true,"href":"https:\/\/casadecampoliving.com\/es\/wp-json\/wp\/v2\/comments?post=346259"}],"version-history":[{"count":1,"href":"https:\/\/casadecampoliving.com\/es\/wp-json\/wp\/v2\/posts\/346259\/revisions"}],"predecessor-version":[{"id":346260,"href":"https:\/\/casadecampoliving.com\/es\/wp-json\/wp\/v2\/posts\/346259\/revisions\/346260"}],"wp:featuredmedia":[{"embeddable":true,"href":"https:\/\/casadecampoliving.com\/es\/wp-json\/wp\/v2\/media\/295304"}],"wp:attachment":[{"href":"https:\/\/casadecampoliving.com\/es\/wp-json\/wp\/v2\/media?parent=346259"}],"wp:term":[{"taxonomy":"category","embeddable":true,"href":"https:\/\/casadecampoliving.com\/es\/wp-json\/wp\/v2\/categories?post=346259"},{"taxonomy":"post_tag","embeddable":true,"href":"https:\/\/casadecampoliving.com\/es\/wp-json\/wp\/v2\/tags?post=346259"},{"taxonomy":"newspack_spnsrs_tax","embeddable":true,"href":"https:\/\/casadecampoliving.com\/es\/wp-json\/wp\/v2\/newspack_spnsrs_tax?post=346259"}],"curies":[{"name":"wp","href":"https:\/\/api.w.org\/{rel}","templated":true}]}}