{"id":346212,"date":"2014-12-27T00:00:00","date_gmt":"2014-12-27T04:00:00","guid":{"rendered":"https:\/\/casadecampoliving.com\/jazz-rocks-proximamente-en-altos-de-chavon\/"},"modified":"2022-10-21T18:53:55","modified_gmt":"2022-10-21T22:53:55","slug":"jazz-rocks-proximamente-en-altos-de-chavon","status":"publish","type":"post","link":"https:\/\/casadecampoliving.com\/es\/jazz-rocks-proximamente-en-altos-de-chavon\/","title":{"rendered":"\u00abJazz on the Rocks\u00bb pr\u00f3ximamente en Altos de Chav\u00f3n"},"content":{"rendered":"<div class=\"wp-block-image\">\n<figure class=\"aligncenter is-resized\"><img loading=\"lazy\" decoding=\"async\" src=\"https:\/\/i0.wp.com\/casadecampoliving.com\/wp-content\/uploads\/2022\/10\/jazz-on-the-rocks.png?resize=651%2C395&amp;ssl=1\" alt=\"jazz on the rocks\" class=\"wp-image-102604\" height=\"395\" width=\"651\"\/><\/figure>\n<\/div>\n\n\n<p>Realmente es la temporada para estar alegre en Altos de Chav\u00f3n, como el calendario feliz de eventos y actividades contin\u00faa con \u201cJazz on the Rocks\u201d, una noche de jazz retro sobre las piedras de Altos de Chav\u00f3n.<\/p>\n\n\n\n<!--more-->\n\n\n\n<p>Retro Jazz &nbsp;es un grupo musical dominicano cuyo repertorio consta de canciones dominicanas, as\u00ed como las versiones interpretadas de jazz, bossa, latin jazz y funk. Combinando la belleza y la elegancia de las m\u00e1s populares canciones dominicanas con la profundidad arm\u00f3nica del jazz, la sensualidad de la bossa y la energ\u00eda y la espontaneidad de la improvisaci\u00f3n. Dirigida por Pengbian Sang, con un extraordinario grupo de m\u00fasicos dominicanos.<\/p>\n\n\n\n<p>\u00a1Prep\u00e1rate para llenarte de jazz con Retro Jazz en Altos de Chav\u00f3n, martes 30 de diciembre. Si eres un fan\u00e1tico de la m\u00fasica dominicana tanto como del g\u00e9nero de jazz, esta es una aventura musical que no se querr\u00e1 perder!<\/p>\n\n\n\n<blockquote><h3><b>Retro Jazz<\/b><\/h3><p><strong>D\u00f3nde:&nbsp;<\/strong>Plaza Chav\u00f3n, Altos de Chav\u00f3n<\/p><p><strong>Cu\u00e1ndo:&nbsp;<\/strong>Martes, 30 de diciembre, 2014<\/p><p><strong>Hora:&nbsp;<\/strong>9 pm<\/p><p><strong>Contacto: <\/strong>(809) 523-2424<\/p><\/blockquote>\n","protected":false},"excerpt":{"rendered":"<p>Realmente es la temporada para estar alegre en Altos de Chav\u00f3n, como el calendario feliz de eventos y actividades contin\u00faa con \u201cJazz on the Rocks\u201d, una noche de jazz retro sobre las piedras de Altos de Chav\u00f3n.<\/p>\n","protected":false},"author":23245,"featured_media":289108,"comment_status":"closed","ping_status":"closed","sticky":false,"template":"","format":"standard","meta":{"newspack_ads_suppress_ads":false,"newspack_popups_has_disabled_popups":false,"newspack_sponsor_sponsorship_scope":"","newspack_sponsor_native_byline_display":"inherit","newspack_sponsor_native_category_display":"inherit","newspack_sponsor_underwriter_style":"inherit","newspack_sponsor_underwriter_placement":"inherit","_newspack_byline_active":false,"_newspack_byline":"","newspack_content_restriction_is_exempt":false,"newspack_featured_image_position":"","newspack_post_subtitle":"","newspack_article_summary_title":"Overview:","newspack_article_summary":"","newspack_hide_updated_date":false,"newspack_show_updated_date":false,"_jetpack_memberships_contains_paid_content":false,"footnotes":"","jetpack_publicize_message":"","jetpack_publicize_feature_enabled":true,"jetpack_social_post_already_shared":false,"jetpack_social_options":{"image_generator_settings":{"template":"highway","default_image_id":0,"font":"","enabled":false},"version":2},"_wpas_customize_per_network":false},"categories":[26819,26823,26936,26951,2518,14631,2522,14625,14627,2521],"tags":[3926,5825,11178],"newspack_spnsrs_tax":[],"class_list":["post-346212","post","type-post","status-publish","format-standard","has-post-thumbnail","hentry","category-altos-de-chavon-es","category-arte-y-cultura","category-casa-de-campo-living-es","category-ccl-presenta","category-conciertos-es","category-estilo-de-vida","category-eventos-es","category-noticias-locales","category-proximamente","category-republica-dominicana-2","tag-altos-de-chavones","tag-musica-dominicana","tag-retro-jazz","entry"],"yoast_head":"<!-- This site is optimized with the Yoast SEO plugin v27.2 - https:\/\/yoast.com\/product\/yoast-seo-wordpress\/ -->\n<title>&quot;Jazz on the Rocks&quot; pr\u00f3ximamente en Altos de Chav\u00f3n | Casa de Campo Living<\/title>\n<meta name=\"description\" content=\"Realmente es la temporada para estar alegre en Altos de Chav\u00f3n, como el calendario feliz de eventos y actividades contin\u00faa con \u201cJazz on the Rocks\u201d, una\" \/>\n<meta name=\"robots\" content=\"index, follow, max-snippet:-1, max-image-preview:large, max-video-preview:-1\" \/>\n<link rel=\"canonical\" href=\"https:\/\/casadecampoliving.com\/es\/jazz-rocks-proximamente-en-altos-de-chavon\/\" \/>\n<meta property=\"og:locale\" content=\"es_ES\" \/>\n<meta property=\"og:type\" content=\"article\" \/>\n<meta property=\"og:title\" content=\"&quot;Jazz on the Rocks&quot; pr\u00f3ximamente en Altos de Chav\u00f3n | Casa de Campo Living\" \/>\n<meta property=\"og:description\" content=\"Realmente es la temporada para estar alegre en Altos de Chav\u00f3n, como el calendario feliz de eventos y actividades contin\u00faa con \u201cJazz on the Rocks\u201d, una\" \/>\n<meta property=\"og:url\" content=\"https:\/\/casadecampoliving.com\/es\/jazz-rocks-proximamente-en-altos-de-chavon\/\" \/>\n<meta property=\"og:site_name\" content=\"Casa de Campo Living\" \/>\n<meta property=\"article:publisher\" content=\"https:\/\/www.facebook.com\/casadecampoliving\" \/>\n<meta property=\"article:published_time\" content=\"2014-12-27T04:00:00+00:00\" \/>\n<meta property=\"article:modified_time\" content=\"2022-10-21T22:53:55+00:00\" \/>\n<meta property=\"og:image\" content=\"https:\/\/i0.wp.com\/casadecampoliving.com\/wp-content\/uploads\/2022\/10\/jazz-on-the-rocks-1.png?fit=501%2C304&ssl=1\" \/>\n\t<meta property=\"og:image:width\" content=\"501\" \/>\n\t<meta property=\"og:image:height\" content=\"304\" \/>\n\t<meta property=\"og:image:type\" content=\"image\/png\" \/>\n<meta name=\"author\" content=\"Daniela Medina\" \/>\n<meta name=\"twitter:card\" content=\"summary_large_image\" \/>\n<meta name=\"twitter:creator\" content=\"@cdcliving\" \/>\n<meta name=\"twitter:site\" content=\"@cdcliving\" \/>\n<meta name=\"twitter:label1\" content=\"Escrito por\" \/>\n\t<meta name=\"twitter:data1\" content=\"Daniela Medina\" \/>\n\t<meta name=\"twitter:label2\" content=\"Tiempo de lectura\" \/>\n\t<meta name=\"twitter:data2\" content=\"1 minuto\" \/>\n<script type=\"application\/ld+json\" class=\"yoast-schema-graph\">{\"@context\":\"https:\/\/schema.org\",\"@graph\":[{\"@type\":\"Article\",\"@id\":\"https:\/\/casadecampoliving.com\/es\/jazz-rocks-proximamente-en-altos-de-chavon\/#article\",\"isPartOf\":{\"@id\":\"https:\/\/casadecampoliving.com\/es\/jazz-rocks-proximamente-en-altos-de-chavon\/\"},\"author\":{\"name\":\"Daniela Medina\",\"@id\":\"https:\/\/casadecampoliving.com\/es\/#\/schema\/person\/20e49d1b22266dc2b8f020b38201bd4e\"},\"headline\":\"\u00abJazz on the Rocks\u00bb pr\u00f3ximamente en Altos de Chav\u00f3n\",\"datePublished\":\"2014-12-27T04:00:00+00:00\",\"dateModified\":\"2022-10-21T22:53:55+00:00\",\"mainEntityOfPage\":{\"@id\":\"https:\/\/casadecampoliving.com\/es\/jazz-rocks-proximamente-en-altos-de-chavon\/\"},\"wordCount\":192,\"publisher\":{\"@id\":\"https:\/\/casadecampoliving.com\/es\/#organization\"},\"image\":{\"@id\":\"https:\/\/casadecampoliving.com\/es\/jazz-rocks-proximamente-en-altos-de-chavon\/#primaryimage\"},\"thumbnailUrl\":\"https:\/\/i0.wp.com\/casadecampoliving.com\/wp-content\/uploads\/2022\/10\/jazz-on-the-rocks-1.png?fit=501%2C304&ssl=1\",\"keywords\":[\"altos de chavon@es\",\"musica dominicana\",\"retro jazz\"],\"articleSection\":[\"Altos de Chavon @es\",\"Arte y cultura\",\"Casa de Campo Living @es\",\"CCL presenta\",\"Conciertos\",\"Estilo de Vida\",\"Eventos\",\"Noticias Locales\",\"Proximamente\",\"Rep\u00fablica Dominicana @es\"],\"inLanguage\":\"es\"},{\"@type\":\"WebPage\",\"@id\":\"https:\/\/casadecampoliving.com\/es\/jazz-rocks-proximamente-en-altos-de-chavon\/\",\"url\":\"https:\/\/casadecampoliving.com\/es\/jazz-rocks-proximamente-en-altos-de-chavon\/\",\"name\":\"\\\"Jazz on the Rocks\\\" pr\u00f3ximamente en Altos de Chav\u00f3n | Casa de Campo Living\",\"isPartOf\":{\"@id\":\"https:\/\/casadecampoliving.com\/es\/#website\"},\"primaryImageOfPage\":{\"@id\":\"https:\/\/casadecampoliving.com\/es\/jazz-rocks-proximamente-en-altos-de-chavon\/#primaryimage\"},\"image\":{\"@id\":\"https:\/\/casadecampoliving.com\/es\/jazz-rocks-proximamente-en-altos-de-chavon\/#primaryimage\"},\"thumbnailUrl\":\"https:\/\/i0.wp.com\/casadecampoliving.com\/wp-content\/uploads\/2022\/10\/jazz-on-the-rocks-1.png?fit=501%2C304&ssl=1\",\"datePublished\":\"2014-12-27T04:00:00+00:00\",\"dateModified\":\"2022-10-21T22:53:55+00:00\",\"description\":\"Realmente es la temporada para estar alegre en Altos de Chav\u00f3n, como el calendario feliz de eventos y actividades contin\u00faa con \u201cJazz on the Rocks\u201d, una\",\"breadcrumb\":{\"@id\":\"https:\/\/casadecampoliving.com\/es\/jazz-rocks-proximamente-en-altos-de-chavon\/#breadcrumb\"},\"inLanguage\":\"es\",\"potentialAction\":[{\"@type\":\"ReadAction\",\"target\":[\"https:\/\/casadecampoliving.com\/es\/jazz-rocks-proximamente-en-altos-de-chavon\/\"]}]},{\"@type\":\"ImageObject\",\"inLanguage\":\"es\",\"@id\":\"https:\/\/casadecampoliving.com\/es\/jazz-rocks-proximamente-en-altos-de-chavon\/#primaryimage\",\"url\":\"https:\/\/i0.wp.com\/casadecampoliving.com\/wp-content\/uploads\/2022\/10\/jazz-on-the-rocks-1.png?fit=501%2C304&ssl=1\",\"contentUrl\":\"https:\/\/i0.wp.com\/casadecampoliving.com\/wp-content\/uploads\/2022\/10\/jazz-on-the-rocks-1.png?fit=501%2C304&ssl=1\",\"width\":501,\"height\":304},{\"@type\":\"BreadcrumbList\",\"@id\":\"https:\/\/casadecampoliving.com\/es\/jazz-rocks-proximamente-en-altos-de-chavon\/#breadcrumb\",\"itemListElement\":[{\"@type\":\"ListItem\",\"position\":1,\"name\":\"Home\",\"item\":\"https:\/\/casadecampoliving.com\/es\/\"},{\"@type\":\"ListItem\",\"position\":2,\"name\":\"&#8220;Jazz on the Rocks&#8221; pr\u00f3ximamente en Altos de Chav\u00f3n\"}]},{\"@type\":\"WebSite\",\"@id\":\"https:\/\/casadecampoliving.com\/es\/#website\",\"url\":\"https:\/\/casadecampoliving.com\/es\/\",\"name\":\"Casa de Campo Living\",\"description\":\"Resort community news and resources.\",\"publisher\":{\"@id\":\"https:\/\/casadecampoliving.com\/es\/#organization\"},\"potentialAction\":[{\"@type\":\"SearchAction\",\"target\":{\"@type\":\"EntryPoint\",\"urlTemplate\":\"https:\/\/casadecampoliving.com\/es\/?s={search_term_string}\"},\"query-input\":{\"@type\":\"PropertyValueSpecification\",\"valueRequired\":true,\"valueName\":\"search_term_string\"}}],\"inLanguage\":\"es\"},{\"@type\":\"Organization\",\"@id\":\"https:\/\/casadecampoliving.com\/es\/#organization\",\"name\":\"Casa de Campo Living\",\"url\":\"https:\/\/casadecampoliving.com\/es\/\",\"logo\":{\"@type\":\"ImageObject\",\"inLanguage\":\"es\",\"@id\":\"https:\/\/casadecampoliving.com\/es\/#\/schema\/logo\/image\/\",\"url\":\"https:\/\/i0.wp.com\/casadecampoliving.com\/wp-content\/uploads\/2022\/07\/CDCLivingLogo_V1-white-sized.png?fit=800%2C214&ssl=1\",\"contentUrl\":\"https:\/\/i0.wp.com\/casadecampoliving.com\/wp-content\/uploads\/2022\/07\/CDCLivingLogo_V1-white-sized.png?fit=800%2C214&ssl=1\",\"width\":800,\"height\":214,\"caption\":\"Casa de Campo Living\"},\"image\":{\"@id\":\"https:\/\/casadecampoliving.com\/es\/#\/schema\/logo\/image\/\"},\"sameAs\":[\"https:\/\/www.facebook.com\/casadecampoliving\",\"https:\/\/x.com\/cdcliving\"]},{\"@type\":\"Person\",\"@id\":\"https:\/\/casadecampoliving.com\/es\/#\/schema\/person\/20e49d1b22266dc2b8f020b38201bd4e\",\"name\":\"Daniela Medina\",\"image\":{\"@type\":\"ImageObject\",\"inLanguage\":\"es\",\"@id\":\"https:\/\/secure.gravatar.com\/avatar\/65aa8415724474307d634c8364a0bd8ee551c4f0f01f2ffcc53e5a9856cb7369?s=96&d=mm&r=g\",\"url\":\"https:\/\/secure.gravatar.com\/avatar\/65aa8415724474307d634c8364a0bd8ee551c4f0f01f2ffcc53e5a9856cb7369?s=96&d=mm&r=g\",\"contentUrl\":\"https:\/\/secure.gravatar.com\/avatar\/65aa8415724474307d634c8364a0bd8ee551c4f0f01f2ffcc53e5a9856cb7369?s=96&d=mm&r=g\",\"caption\":\"Daniela Medina\"},\"url\":\"https:\/\/casadecampoliving.com\/es\/author\/dmedina\/\"}]}<\/script>\n<!-- \/ Yoast SEO plugin. -->","yoast_head_json":{"title":"\"Jazz on the Rocks\" pr\u00f3ximamente en Altos de Chav\u00f3n | Casa de Campo Living","description":"Realmente es la temporada para estar alegre en Altos de Chav\u00f3n, como el calendario feliz de eventos y actividades contin\u00faa con \u201cJazz on the Rocks\u201d, una","robots":{"index":"index","follow":"follow","max-snippet":"max-snippet:-1","max-image-preview":"max-image-preview:large","max-video-preview":"max-video-preview:-1"},"canonical":"https:\/\/casadecampoliving.com\/es\/jazz-rocks-proximamente-en-altos-de-chavon\/","og_locale":"es_ES","og_type":"article","og_title":"\"Jazz on the Rocks\" pr\u00f3ximamente en Altos de Chav\u00f3n | Casa de Campo Living","og_description":"Realmente es la temporada para estar alegre en Altos de Chav\u00f3n, como el calendario feliz de eventos y actividades contin\u00faa con \u201cJazz on the Rocks\u201d, una","og_url":"https:\/\/casadecampoliving.com\/es\/jazz-rocks-proximamente-en-altos-de-chavon\/","og_site_name":"Casa de Campo Living","article_publisher":"https:\/\/www.facebook.com\/casadecampoliving","article_published_time":"2014-12-27T04:00:00+00:00","article_modified_time":"2022-10-21T22:53:55+00:00","og_image":[{"width":501,"height":304,"url":"https:\/\/i0.wp.com\/casadecampoliving.com\/wp-content\/uploads\/2022\/10\/jazz-on-the-rocks-1.png?fit=501%2C304&ssl=1","type":"image\/png"}],"author":"Daniela Medina","twitter_card":"summary_large_image","twitter_creator":"@cdcliving","twitter_site":"@cdcliving","twitter_misc":{"Escrito por":"Daniela Medina","Tiempo de lectura":"1 minuto"},"schema":{"@context":"https:\/\/schema.org","@graph":[{"@type":"Article","@id":"https:\/\/casadecampoliving.com\/es\/jazz-rocks-proximamente-en-altos-de-chavon\/#article","isPartOf":{"@id":"https:\/\/casadecampoliving.com\/es\/jazz-rocks-proximamente-en-altos-de-chavon\/"},"author":{"name":"Daniela Medina","@id":"https:\/\/casadecampoliving.com\/es\/#\/schema\/person\/20e49d1b22266dc2b8f020b38201bd4e"},"headline":"\u00abJazz on the Rocks\u00bb pr\u00f3ximamente en Altos de Chav\u00f3n","datePublished":"2014-12-27T04:00:00+00:00","dateModified":"2022-10-21T22:53:55+00:00","mainEntityOfPage":{"@id":"https:\/\/casadecampoliving.com\/es\/jazz-rocks-proximamente-en-altos-de-chavon\/"},"wordCount":192,"publisher":{"@id":"https:\/\/casadecampoliving.com\/es\/#organization"},"image":{"@id":"https:\/\/casadecampoliving.com\/es\/jazz-rocks-proximamente-en-altos-de-chavon\/#primaryimage"},"thumbnailUrl":"https:\/\/i0.wp.com\/casadecampoliving.com\/wp-content\/uploads\/2022\/10\/jazz-on-the-rocks-1.png?fit=501%2C304&ssl=1","keywords":["altos de chavon@es","musica dominicana","retro jazz"],"articleSection":["Altos de Chavon @es","Arte y cultura","Casa de Campo Living @es","CCL presenta","Conciertos","Estilo de Vida","Eventos","Noticias Locales","Proximamente","Rep\u00fablica Dominicana @es"],"inLanguage":"es"},{"@type":"WebPage","@id":"https:\/\/casadecampoliving.com\/es\/jazz-rocks-proximamente-en-altos-de-chavon\/","url":"https:\/\/casadecampoliving.com\/es\/jazz-rocks-proximamente-en-altos-de-chavon\/","name":"\"Jazz on the Rocks\" pr\u00f3ximamente en Altos de Chav\u00f3n | Casa de Campo Living","isPartOf":{"@id":"https:\/\/casadecampoliving.com\/es\/#website"},"primaryImageOfPage":{"@id":"https:\/\/casadecampoliving.com\/es\/jazz-rocks-proximamente-en-altos-de-chavon\/#primaryimage"},"image":{"@id":"https:\/\/casadecampoliving.com\/es\/jazz-rocks-proximamente-en-altos-de-chavon\/#primaryimage"},"thumbnailUrl":"https:\/\/i0.wp.com\/casadecampoliving.com\/wp-content\/uploads\/2022\/10\/jazz-on-the-rocks-1.png?fit=501%2C304&ssl=1","datePublished":"2014-12-27T04:00:00+00:00","dateModified":"2022-10-21T22:53:55+00:00","description":"Realmente es la temporada para estar alegre en Altos de Chav\u00f3n, como el calendario feliz de eventos y actividades contin\u00faa con \u201cJazz on the Rocks\u201d, una","breadcrumb":{"@id":"https:\/\/casadecampoliving.com\/es\/jazz-rocks-proximamente-en-altos-de-chavon\/#breadcrumb"},"inLanguage":"es","potentialAction":[{"@type":"ReadAction","target":["https:\/\/casadecampoliving.com\/es\/jazz-rocks-proximamente-en-altos-de-chavon\/"]}]},{"@type":"ImageObject","inLanguage":"es","@id":"https:\/\/casadecampoliving.com\/es\/jazz-rocks-proximamente-en-altos-de-chavon\/#primaryimage","url":"https:\/\/i0.wp.com\/casadecampoliving.com\/wp-content\/uploads\/2022\/10\/jazz-on-the-rocks-1.png?fit=501%2C304&ssl=1","contentUrl":"https:\/\/i0.wp.com\/casadecampoliving.com\/wp-content\/uploads\/2022\/10\/jazz-on-the-rocks-1.png?fit=501%2C304&ssl=1","width":501,"height":304},{"@type":"BreadcrumbList","@id":"https:\/\/casadecampoliving.com\/es\/jazz-rocks-proximamente-en-altos-de-chavon\/#breadcrumb","itemListElement":[{"@type":"ListItem","position":1,"name":"Home","item":"https:\/\/casadecampoliving.com\/es\/"},{"@type":"ListItem","position":2,"name":"&#8220;Jazz on the Rocks&#8221; pr\u00f3ximamente en Altos de Chav\u00f3n"}]},{"@type":"WebSite","@id":"https:\/\/casadecampoliving.com\/es\/#website","url":"https:\/\/casadecampoliving.com\/es\/","name":"Casa de Campo Living","description":"Resort community news and resources.","publisher":{"@id":"https:\/\/casadecampoliving.com\/es\/#organization"},"potentialAction":[{"@type":"SearchAction","target":{"@type":"EntryPoint","urlTemplate":"https:\/\/casadecampoliving.com\/es\/?s={search_term_string}"},"query-input":{"@type":"PropertyValueSpecification","valueRequired":true,"valueName":"search_term_string"}}],"inLanguage":"es"},{"@type":"Organization","@id":"https:\/\/casadecampoliving.com\/es\/#organization","name":"Casa de Campo Living","url":"https:\/\/casadecampoliving.com\/es\/","logo":{"@type":"ImageObject","inLanguage":"es","@id":"https:\/\/casadecampoliving.com\/es\/#\/schema\/logo\/image\/","url":"https:\/\/i0.wp.com\/casadecampoliving.com\/wp-content\/uploads\/2022\/07\/CDCLivingLogo_V1-white-sized.png?fit=800%2C214&ssl=1","contentUrl":"https:\/\/i0.wp.com\/casadecampoliving.com\/wp-content\/uploads\/2022\/07\/CDCLivingLogo_V1-white-sized.png?fit=800%2C214&ssl=1","width":800,"height":214,"caption":"Casa de Campo Living"},"image":{"@id":"https:\/\/casadecampoliving.com\/es\/#\/schema\/logo\/image\/"},"sameAs":["https:\/\/www.facebook.com\/casadecampoliving","https:\/\/x.com\/cdcliving"]},{"@type":"Person","@id":"https:\/\/casadecampoliving.com\/es\/#\/schema\/person\/20e49d1b22266dc2b8f020b38201bd4e","name":"Daniela Medina","image":{"@type":"ImageObject","inLanguage":"es","@id":"https:\/\/secure.gravatar.com\/avatar\/65aa8415724474307d634c8364a0bd8ee551c4f0f01f2ffcc53e5a9856cb7369?s=96&d=mm&r=g","url":"https:\/\/secure.gravatar.com\/avatar\/65aa8415724474307d634c8364a0bd8ee551c4f0f01f2ffcc53e5a9856cb7369?s=96&d=mm&r=g","contentUrl":"https:\/\/secure.gravatar.com\/avatar\/65aa8415724474307d634c8364a0bd8ee551c4f0f01f2ffcc53e5a9856cb7369?s=96&d=mm&r=g","caption":"Daniela Medina"},"url":"https:\/\/casadecampoliving.com\/es\/author\/dmedina\/"}]}},"parsely":{"version":"1.1.0","canonical_url":"https:\/\/casadecampoliving.com\/es\/jazz-rocks-proximamente-en-altos-de-chavon\/","smart_links":{"inbound":0,"outbound":0},"traffic_boost_suggestions_count":0,"meta":{"@context":"https:\/\/schema.org","@type":"NewsArticle","headline":"\u00abJazz on the Rocks\u00bb pr\u00f3ximamente en Altos de Chav\u00f3n","url":"http:\/\/casadecampoliving.com\/es\/jazz-rocks-proximamente-en-altos-de-chavon\/","mainEntityOfPage":{"@type":"WebPage","@id":"http:\/\/casadecampoliving.com\/es\/jazz-rocks-proximamente-en-altos-de-chavon\/"},"thumbnailUrl":"https:\/\/i0.wp.com\/casadecampoliving.com\/wp-content\/uploads\/2022\/10\/jazz-on-the-rocks-1.png?resize=150%2C150&ssl=1","image":{"@type":"ImageObject","url":"https:\/\/i0.wp.com\/casadecampoliving.com\/wp-content\/uploads\/2022\/10\/jazz-on-the-rocks-1.png?fit=501%2C304&ssl=1"},"articleSection":"Altos de Chavon @es","author":[{"@type":"Person","name":"Daniela Medina"}],"creator":["Daniela Medina"],"publisher":{"@type":"Organization","name":"Casa de Campo Living","logo":"https:\/\/casadecampoliving.com\/wp-content\/uploads\/2022\/07\/CDCLivingLogo_V1-white-sized.png"},"keywords":["altos de chavon@es","musica dominicana","retro jazz"],"dateCreated":"2014-12-27T04:00:00Z","datePublished":"2014-12-27T04:00:00Z","dateModified":"2022-10-21T22:53:55Z"},"rendered":"<script type=\"application\/ld+json\" class=\"wp-parsely-metadata\">{\"@context\":\"https:\\\/\\\/schema.org\",\"@type\":\"NewsArticle\",\"headline\":\"\\u00abJazz on the Rocks\\u00bb pr\\u00f3ximamente en Altos de Chav\\u00f3n\",\"url\":\"http:\\\/\\\/casadecampoliving.com\\\/es\\\/jazz-rocks-proximamente-en-altos-de-chavon\\\/\",\"mainEntityOfPage\":{\"@type\":\"WebPage\",\"@id\":\"http:\\\/\\\/casadecampoliving.com\\\/es\\\/jazz-rocks-proximamente-en-altos-de-chavon\\\/\"},\"thumbnailUrl\":\"https:\\\/\\\/i0.wp.com\\\/casadecampoliving.com\\\/wp-content\\\/uploads\\\/2022\\\/10\\\/jazz-on-the-rocks-1.png?resize=150%2C150&ssl=1\",\"image\":{\"@type\":\"ImageObject\",\"url\":\"https:\\\/\\\/i0.wp.com\\\/casadecampoliving.com\\\/wp-content\\\/uploads\\\/2022\\\/10\\\/jazz-on-the-rocks-1.png?fit=501%2C304&ssl=1\"},\"articleSection\":\"Altos de Chavon @es\",\"author\":[{\"@type\":\"Person\",\"name\":\"Daniela Medina\"}],\"creator\":[\"Daniela Medina\"],\"publisher\":{\"@type\":\"Organization\",\"name\":\"Casa de Campo Living\",\"logo\":\"https:\\\/\\\/casadecampoliving.com\\\/wp-content\\\/uploads\\\/2022\\\/07\\\/CDCLivingLogo_V1-white-sized.png\"},\"keywords\":[\"altos de chavon@es\",\"musica dominicana\",\"retro jazz\"],\"dateCreated\":\"2014-12-27T04:00:00Z\",\"datePublished\":\"2014-12-27T04:00:00Z\",\"dateModified\":\"2022-10-21T22:53:55Z\"}<\/script>","tracker_url":"https:\/\/cdn.parsely.com\/keys\/casadecampoliving.com\/p.js"},"jetpack_publicize_connections":[],"jetpack_featured_media_url":"https:\/\/i0.wp.com\/casadecampoliving.com\/wp-content\/uploads\/2022\/10\/jazz-on-the-rocks-1.png?fit=501%2C304&ssl=1","jetpack-related-posts":[{"id":354499,"url":"https:\/\/casadecampoliving.com\/es\/jazz-on-the-rocks-llegara-a-altos-de-chavon-el-17-de-septiembre\/","url_meta":{"origin":346212,"position":0},"title":"*Cancelado* \u00a1\u201cJazz on the Rocks\u201d llegar\u00e1 a Altos de Chav\u00f3n el 17 de septiembre!","author":"Casa de Campo Living","date":"12 Sep, 2022","format":false,"excerpt":"*Este evento ha sido cancelado debido al pron\u00f3stico de lluvia* Hace cuarenta a\u00f1os, el emblem\u00e1tico artista Frank Sinatra inaugur\u00f3 el Anfiteatro Altos de Chav\u00f3n con un concierto inolvidable el 20 de agosto de 1982. Luego de este hito, otras estrellas subieron al escenario dejando su huella, como Juan Luis Guerra,\u2026","rel":"","context":"En \u00abAltos de Chavon @es\u00bb","block_context":{"text":"Altos de Chavon @es","link":"https:\/\/casadecampoliving.com\/category\/altos-de-chavon-es\/"},"img":{"alt_text":"","src":"https:\/\/i0.wp.com\/casadecampoliving.com\/wp-content\/uploads\/2022\/10\/Retrojazz1-e1663001015582-1.jpg?fit=1000%2C667&ssl=1&resize=350%2C200","width":350,"height":200,"srcset":"https:\/\/i0.wp.com\/casadecampoliving.com\/wp-content\/uploads\/2022\/10\/Retrojazz1-e1663001015582-1.jpg?fit=1000%2C667&ssl=1&resize=350%2C200 1x, https:\/\/i0.wp.com\/casadecampoliving.com\/wp-content\/uploads\/2022\/10\/Retrojazz1-e1663001015582-1.jpg?fit=1000%2C667&ssl=1&resize=525%2C300 1.5x, https:\/\/i0.wp.com\/casadecampoliving.com\/wp-content\/uploads\/2022\/10\/Retrojazz1-e1663001015582-1.jpg?fit=1000%2C667&ssl=1&resize=700%2C400 2x"},"classes":[]},{"id":512410,"url":"https:\/\/casadecampoliving.com\/es\/nueva-fecha-jazz-on-the-rocks-llega-a-altos-de-chavon-el-7-de-enero\/","url_meta":{"origin":346212,"position":1},"title":"NUEVA FECHA: \u00a1\u201cJazz on the Rocks\u201d llega a Altos de Chav\u00f3n el 7 de enero!","author":"Casa de Campo Living","date":"28 Dic, 2022","format":false,"excerpt":"Hace cuarenta a\u00f1os, el emblem\u00e1tico artista Frank Sinatra inaugur\u00f3 el Anfiteatro Altos de Chav\u00f3n con un concierto inolvidable el 20 de agosto de 1982. Luego de este hito, otras estrellas, como Juan Luis Guerra, Shakira, Sting y Elton John, subieron al escenario. dejando su huella. Este a\u00f1o Altos de Chav\u00f3n\u2026","rel":"","context":"En \u00abAltos de Chav\u00f3n\u00bb","block_context":{"text":"Altos de Chav\u00f3n","link":"https:\/\/casadecampoliving.com\/es\/category\/altos-de-chavon-6\/"},"img":{"alt_text":"","src":"https:\/\/i0.wp.com\/casadecampoliving.com\/wp-content\/uploads\/2023\/01\/Retro-Jazz-IG-Pic.jpg?fit=1080%2C720&ssl=1&resize=350%2C200","width":350,"height":200,"srcset":"https:\/\/i0.wp.com\/casadecampoliving.com\/wp-content\/uploads\/2023\/01\/Retro-Jazz-IG-Pic.jpg?fit=1080%2C720&ssl=1&resize=350%2C200 1x, https:\/\/i0.wp.com\/casadecampoliving.com\/wp-content\/uploads\/2023\/01\/Retro-Jazz-IG-Pic.jpg?fit=1080%2C720&ssl=1&resize=525%2C300 1.5x, https:\/\/i0.wp.com\/casadecampoliving.com\/wp-content\/uploads\/2023\/01\/Retro-Jazz-IG-Pic.jpg?fit=1080%2C720&ssl=1&resize=700%2C400 2x, https:\/\/i0.wp.com\/casadecampoliving.com\/wp-content\/uploads\/2023\/01\/Retro-Jazz-IG-Pic.jpg?fit=1080%2C720&ssl=1&resize=1050%2C600 3x"},"classes":[]},{"id":433460,"url":"https:\/\/casadecampoliving.com\/es\/no-se-pierdan-el-increible-tributo-a-frank-sinatra-para-celebrar-el-40-aniversario-del-anfiteatro-altos-de-chavon\/","url_meta":{"origin":346212,"position":2},"title":"No se pierdan el incre\u00edble tributo a Frank Sinatra para celebrar el 40 aniversario del\u00a0Anfiteatro Altos de Chav\u00f3n","author":"Casa de Campo Living","date":"20 Oct, 2022","format":false,"excerpt":"Siendo uno de los escenarios m\u00e1s emblem\u00e1ticos del pa\u00eds, Casa de Campo Resort\u00ae & Villas celebra las cuatro d\u00e9cadas de aniversario de Altos de Chav\u00f3n con un tributo al gran Frank Sinatra, protagonizado por artistas invitados y una big band tal cual la que acompa\u00f1\u00f3 al artista hace 40 a\u00f1os\u2026","rel":"","context":"En \u00abUncategorized @es\u00bb","block_context":{"text":"Uncategorized @es","link":"https:\/\/casadecampoliving.com\/es\/category\/uncategorized-es\/"},"img":{"alt_text":"","src":"https:\/\/i0.wp.com\/casadecampoliving.com\/wp-content\/uploads\/2022\/10\/Tributo-Frank-Sinatra-Foto-Principal-Amaury-Sanchez-Danilo-Ginebra-Andres-Pichardo-y-Jose-Gabriel-Perez-.jpg?fit=1200%2C873&ssl=1&resize=350%2C200","width":350,"height":200,"srcset":"https:\/\/i0.wp.com\/casadecampoliving.com\/wp-content\/uploads\/2022\/10\/Tributo-Frank-Sinatra-Foto-Principal-Amaury-Sanchez-Danilo-Ginebra-Andres-Pichardo-y-Jose-Gabriel-Perez-.jpg?fit=1200%2C873&ssl=1&resize=350%2C200 1x, https:\/\/i0.wp.com\/casadecampoliving.com\/wp-content\/uploads\/2022\/10\/Tributo-Frank-Sinatra-Foto-Principal-Amaury-Sanchez-Danilo-Ginebra-Andres-Pichardo-y-Jose-Gabriel-Perez-.jpg?fit=1200%2C873&ssl=1&resize=525%2C300 1.5x, https:\/\/i0.wp.com\/casadecampoliving.com\/wp-content\/uploads\/2022\/10\/Tributo-Frank-Sinatra-Foto-Principal-Amaury-Sanchez-Danilo-Ginebra-Andres-Pichardo-y-Jose-Gabriel-Perez-.jpg?fit=1200%2C873&ssl=1&resize=700%2C400 2x, https:\/\/i0.wp.com\/casadecampoliving.com\/wp-content\/uploads\/2022\/10\/Tributo-Frank-Sinatra-Foto-Principal-Amaury-Sanchez-Danilo-Ginebra-Andres-Pichardo-y-Jose-Gabriel-Perez-.jpg?fit=1200%2C873&ssl=1&resize=1050%2C600 3x"},"classes":[]},{"id":512532,"url":"https:\/\/casadecampoliving.com\/es\/concierto-retro-jazz-una-fusion-exitosa-en-celebracion-del-40-aniversario-del-anfiteatro-altos-de-chavon\/","url_meta":{"origin":346212,"position":3},"title":"Concierto Retro Jazz: una fusi\u00f3n exitosa en celebraci\u00f3n del 40 aniversario del Anfiteatro Altos de Chav\u00f3n","author":"Casa de Campo Living","date":"9 Ene, 2023","format":false,"excerpt":"El s\u00e1bado 7 de enero, la comunidad de Casa de Campo disfrut\u00f3 de un concierto de la agrupaci\u00f3n musical dominicana Retro Jazz que form\u00f3 parte de la celebraci\u00f3n del 40 aniversario del anfiteatro Altos de Chav\u00f3n. La banda, dirigida por Pengbian Sang, inici\u00f3 su presentaci\u00f3n a las 9 de la\u2026","rel":"","context":"En \u00abAltos de Chav\u00f3n\u00bb","block_context":{"text":"Altos de Chav\u00f3n","link":"https:\/\/casadecampoliving.com\/es\/category\/altos-de-chavon-6\/"},"img":{"alt_text":"","src":"https:\/\/i0.wp.com\/casadecampoliving.com\/wp-content\/uploads\/2023\/01\/CDC-LIVING-Featured-Image-3.png?fit=1200%2C800&ssl=1&resize=350%2C200","width":350,"height":200,"srcset":"https:\/\/i0.wp.com\/casadecampoliving.com\/wp-content\/uploads\/2023\/01\/CDC-LIVING-Featured-Image-3.png?fit=1200%2C800&ssl=1&resize=350%2C200 1x, https:\/\/i0.wp.com\/casadecampoliving.com\/wp-content\/uploads\/2023\/01\/CDC-LIVING-Featured-Image-3.png?fit=1200%2C800&ssl=1&resize=525%2C300 1.5x, https:\/\/i0.wp.com\/casadecampoliving.com\/wp-content\/uploads\/2023\/01\/CDC-LIVING-Featured-Image-3.png?fit=1200%2C800&ssl=1&resize=700%2C400 2x, https:\/\/i0.wp.com\/casadecampoliving.com\/wp-content\/uploads\/2023\/01\/CDC-LIVING-Featured-Image-3.png?fit=1200%2C800&ssl=1&resize=1050%2C600 3x"},"classes":[]},{"id":324764,"url":"https:\/\/casadecampoliving.com\/jazz-rocks-altos-de-chavon\/","url_meta":{"origin":346212,"position":4},"title":"\u00abJazz on the Rocks\u00bb coming to Altos de Chav\u00f3n","author":"Daniela Medina","date":"27 Dic, 2014","format":false,"excerpt":"It really \u2018Tis the season to be jolly in Altos de Chav\u00f3n, as the merry schedule of events and activities continues with \u201cJazz on the Rocks\u201d, a night of retro jazz on the cobbles of Altos de Chav\u00f3n. Retro Jazz is a Dominican musical group whose repertoire consists of Dominican\u2026","rel":"","context":"En \u00abAltos de Chavon\u00bb","block_context":{"text":"Altos de Chavon","link":"https:\/\/casadecampoliving.com\/category\/altos-de-chavon\/"},"img":{"alt_text":"","src":"https:\/\/i0.wp.com\/casadecampoliving.com\/wp-content\/uploads\/2022\/10\/jazz-on-the-rocks-1.png?fit=501%2C304&ssl=1&resize=350%2C200","width":350,"height":200},"classes":[]},{"id":345792,"url":"https:\/\/casadecampoliving.com\/es\/altos-de-chavon-programa-de-eventos-navidenos-2014\/","url_meta":{"origin":346212,"position":5},"title":"Altos de Chav\u00f3n: Programa de Eventos Navide\u00f1os 2014","author":"Daniela Medina","date":"24 Oct, 2014","format":false,"excerpt":"Navidad en Altos de Chav\u00f3n se ha convertido en una tradici\u00f3n m\u00e1gica en Casa de Campo, que se celebra con tanta alegr\u00eda y entusiasmo como el resto del pa\u00eds, y de hecho el mundo entero. Altos de Chav\u00f3n es el lugar perfecto para celebrar esta Navidad, conocida por su belleza\u2026","rel":"","context":"En \u00abAltos de Chavon @es\u00bb","block_context":{"text":"Altos de Chavon @es","link":"https:\/\/casadecampoliving.com\/category\/altos-de-chavon-es\/"},"img":{"alt_text":"","src":"https:\/\/i0.wp.com\/casadecampoliving.com\/wp-content\/uploads\/2022\/10\/christmas_altos_de_chavon2-1.jpg?fit=620%2C351&ssl=1&resize=350%2C200","width":350,"height":200,"srcset":"https:\/\/i0.wp.com\/casadecampoliving.com\/wp-content\/uploads\/2022\/10\/christmas_altos_de_chavon2-1.jpg?fit=620%2C351&ssl=1&resize=350%2C200 1x, https:\/\/i0.wp.com\/casadecampoliving.com\/wp-content\/uploads\/2022\/10\/christmas_altos_de_chavon2-1.jpg?fit=620%2C351&ssl=1&resize=525%2C300 1.5x"},"classes":[]}],"jetpack_sharing_enabled":true,"_links":{"self":[{"href":"https:\/\/casadecampoliving.com\/es\/wp-json\/wp\/v2\/posts\/346212","targetHints":{"allow":["GET"]}}],"collection":[{"href":"https:\/\/casadecampoliving.com\/es\/wp-json\/wp\/v2\/posts"}],"about":[{"href":"https:\/\/casadecampoliving.com\/es\/wp-json\/wp\/v2\/types\/post"}],"author":[{"embeddable":true,"href":"https:\/\/casadecampoliving.com\/es\/wp-json\/wp\/v2\/users\/23245"}],"replies":[{"embeddable":true,"href":"https:\/\/casadecampoliving.com\/es\/wp-json\/wp\/v2\/comments?post=346212"}],"version-history":[{"count":1,"href":"https:\/\/casadecampoliving.com\/es\/wp-json\/wp\/v2\/posts\/346212\/revisions"}],"predecessor-version":[{"id":346213,"href":"https:\/\/casadecampoliving.com\/es\/wp-json\/wp\/v2\/posts\/346212\/revisions\/346213"}],"wp:featuredmedia":[{"embeddable":true,"href":"https:\/\/casadecampoliving.com\/es\/wp-json\/wp\/v2\/media\/289108"}],"wp:attachment":[{"href":"https:\/\/casadecampoliving.com\/es\/wp-json\/wp\/v2\/media?parent=346212"}],"wp:term":[{"taxonomy":"category","embeddable":true,"href":"https:\/\/casadecampoliving.com\/es\/wp-json\/wp\/v2\/categories?post=346212"},{"taxonomy":"post_tag","embeddable":true,"href":"https:\/\/casadecampoliving.com\/es\/wp-json\/wp\/v2\/tags?post=346212"},{"taxonomy":"newspack_spnsrs_tax","embeddable":true,"href":"https:\/\/casadecampoliving.com\/es\/wp-json\/wp\/v2\/newspack_spnsrs_tax?post=346212"}],"curies":[{"name":"wp","href":"https:\/\/api.w.org\/{rel}","templated":true}]}}