{"id":346180,"date":"2014-12-10T00:00:00","date_gmt":"2014-12-10T04:00:00","guid":{"rendered":"https:\/\/casadecampoliving.com\/celebran-en-bayahibe-los10-anos-de-certificacion-bandera-azul-la-playa-dominicus\/"},"modified":"2022-10-21T18:52:34","modified_gmt":"2022-10-21T22:52:34","slug":"celebran-en-bayahibe-los10-anos-de-certificacion-bandera-azul-la-playa-dominicus","status":"publish","type":"post","link":"https:\/\/casadecampoliving.com\/es\/celebran-en-bayahibe-los10-anos-de-certificacion-bandera-azul-la-playa-dominicus\/","title":{"rendered":"Dominicus celebra 10 a\u00f1os de certificaci\u00f3n Bandera Azul"},"content":{"rendered":"<div class=\"wp-block-image\">\n<figure class=\"aligncenter is-resized\"><img loading=\"lazy\" decoding=\"async\" src=\"https:\/\/i0.wp.com\/casadecampoliving.com\/wp-content\/uploads\/2022\/10\/mapi-congresso-1.12-187-1024x680-2.jpg?resize=650%2C432&amp;ssl=1\" alt=\"mapi congresso 1.12-187\" class=\"wp-image-103429\" height=\"432\" width=\"650\"\/><\/figure>\n<\/div>\n\n\n<p>Por d\u00e9cimo a\u00f1o consecutivo, \u201cLa Laguna\u201d playa de Dominicus Americanus fue galardonada con la Bandera Azul por el Instituto de Derecho Ambiental y el jurado de la Fundaci\u00f3n Europea de Educaci\u00f3n Ambiental.<\/p>\n\n\n\n<!--more-->\n\n\n<div class=\"wp-block-image\">\n<figure class=\"alignright is-resized\"><img loading=\"lazy\" decoding=\"async\" src=\"https:\/\/i0.wp.com\/casadecampoliving.com\/wp-content\/uploads\/2022\/10\/mapi-congresso-1.12-37-680x1024-2.jpg?resize=300%2C452&amp;ssl=1\" alt=\"mapi congresso 1.12-37\" class=\"wp-image-103658\" height=\"452\" width=\"300\"\/><\/figure>\n<\/div>\n\n\n<p>Para conmemorar este d\u00e9cimo aniversario, el Grupo&nbsp;Tur\u00edstico La Romana \u2013 Bayahibe &nbsp;y la Asociaci\u00f3n de Hoteles de La Romana \u2013 Bayahibe celebraron con una ceremonia, que tambi\u00e9n conmemor\u00f3 el D\u00eda Internacional de la Bandera Azul.<\/p>\n\n\n\n<p>Playa La Laguna, que se extiende a lo largo de toda la zona costera de Dominicus, fue de hecho la primera en el pa\u00eds y todo el continente americano en recibir este reconocimiento que tiene en cuenta el medio ambiente, la calidad del agua, la seguridad para los ba\u00f1istas, as\u00ed como otros factores .<\/p>\n\n\n\n<p><em><b>\u201cEn el destino La Romana-Bayahibe, nos sentimos honrados de haber sido pioneros y motivar a todo el pa\u00eds a sumarse a la categor\u00eda ambiental que se otorga a las playas que cumplen con los requisitos\u201d,<\/b><\/em> indic\u00f3 <b>Daniel Hern\u00e1ndez,<\/b> presidente de la Asociaci\u00f3n de Hoteles La Romana-Bayahibe (AHRB), quien es tambi\u00e9n gerente general del Hotel Casa de Campo.<\/p>\n\n\n\n<p>Tambi\u00e9n asisti\u00f3 a la ceremonia Ana Garc\u00eda, Directora Ejecutiva del Grupo La Romana \u2013 Bayahibe, quien expres\u00f3 su agradecimiento a todas las entidades p\u00fablicas y privadas que han colaborado desde 2004 para asegurarse de que la zona de Dominicus-Bayahibe cumple con los est\u00e1ndares requeridos.<\/p>\n","protected":false},"excerpt":{"rendered":"<p>Por d\u00e9cimo a\u00f1o consecutivo, \u201cLa Laguna\u201d playa de Dominicus Americanus fue galardonada con la Bandera Azul por el Instituto de Derecho Ambiental y el jurado de la Fundaci\u00f3n Europea de Educaci\u00f3n Ambiental.<\/p>\n","protected":false},"author":14,"featured_media":293460,"comment_status":"closed","ping_status":"closed","sticky":false,"template":"","format":"standard","meta":{"newspack_ads_suppress_ads":false,"newspack_popups_has_disabled_popups":false,"newspack_sponsor_sponsorship_scope":"","newspack_sponsor_native_byline_display":"inherit","newspack_sponsor_native_category_display":"inherit","newspack_sponsor_underwriter_style":"inherit","newspack_sponsor_underwriter_placement":"inherit","_newspack_byline_active":false,"_newspack_byline":"","newspack_hide_updated_date":false,"newspack_show_updated_date":false,"newspack_content_restriction_is_exempt":false,"newspack_featured_image_position":"","newspack_post_subtitle":"","newspack_article_summary_title":"Overview:","newspack_article_summary":"","_jetpack_memberships_contains_paid_content":false,"footnotes":"","jetpack_publicize_message":"","jetpack_publicize_feature_enabled":true,"jetpack_social_post_already_shared":false,"jetpack_social_options":{"image_generator_settings":{"template":"highway","default_image_id":0,"font":"","enabled":false},"version":2},"_wpas_customize_per_network":false},"categories":[26936,26951,2524,14631,2522,2506,9719,14625,14627,2521],"tags":[11374,4803],"newspack_spnsrs_tax":[],"class_list":["post-346180","post","type-post","status-publish","format-standard","has-post-thumbnail","hentry","category-casa-de-campo-living-es","category-ccl-presenta","category-destacados","category-estilo-de-vida","category-eventos-es","category-mas-alla-de-casa-es","category-naturaleza-y-fauna","category-noticias-locales","category-proximamente","category-republica-dominicana-2","tag-bandera-azul","tag-la-asociacion-de-hoteles-romana-bayahibe","entry"],"yoast_head":"<!-- This site is optimized with the Yoast SEO plugin v27.5 - https:\/\/yoast.com\/product\/yoast-seo-wordpress\/ -->\n<title>Dominicus celebra 10 a\u00f1os de certificaci\u00f3n Bandera Azul | Casa de Campo Living<\/title>\n<meta name=\"description\" content=\"Por d\u00e9cimo a\u00f1o consecutivo, \u201cLa Laguna\u201d playa de Dominicus Americanus fue galardonada con la Bandera Azul por el Instituto de Derecho Ambiental y el\" \/>\n<meta name=\"robots\" content=\"index, follow, max-snippet:-1, max-image-preview:large, max-video-preview:-1\" \/>\n<link rel=\"canonical\" href=\"https:\/\/casadecampoliving.com\/es\/celebran-en-bayahibe-los10-anos-de-certificacion-bandera-azul-la-playa-dominicus\/\" \/>\n<meta property=\"og:locale\" content=\"es_ES\" \/>\n<meta property=\"og:type\" content=\"article\" \/>\n<meta property=\"og:title\" content=\"Dominicus celebra 10 a\u00f1os de certificaci\u00f3n Bandera Azul | Casa de Campo Living\" \/>\n<meta property=\"og:description\" content=\"Por d\u00e9cimo a\u00f1o consecutivo, \u201cLa Laguna\u201d playa de Dominicus Americanus fue galardonada con la Bandera Azul por el Instituto de Derecho Ambiental y el\" \/>\n<meta property=\"og:url\" content=\"https:\/\/casadecampoliving.com\/es\/celebran-en-bayahibe-los10-anos-de-certificacion-bandera-azul-la-playa-dominicus\/\" \/>\n<meta property=\"og:site_name\" content=\"Casa de Campo Living\" \/>\n<meta property=\"article:publisher\" content=\"https:\/\/www.facebook.com\/casadecampoliving\" \/>\n<meta property=\"article:published_time\" content=\"2014-12-10T04:00:00+00:00\" \/>\n<meta property=\"article:modified_time\" content=\"2022-10-21T22:52:34+00:00\" \/>\n<meta property=\"og:image\" content=\"https:\/\/i0.wp.com\/casadecampoliving.com\/wp-content\/uploads\/2022\/10\/mapi-congresso-1.12-187-1-scaled.jpg?fit=2560%2C1700&ssl=1\" \/>\n\t<meta property=\"og:image:width\" content=\"2560\" \/>\n\t<meta property=\"og:image:height\" content=\"1700\" \/>\n\t<meta property=\"og:image:type\" content=\"image\/jpeg\" \/>\n<meta name=\"author\" content=\"Rebecca Hughes\" \/>\n<meta name=\"twitter:card\" content=\"summary_large_image\" \/>\n<meta name=\"twitter:creator\" content=\"@cdcliving\" \/>\n<meta name=\"twitter:site\" content=\"@cdcliving\" \/>\n<meta name=\"twitter:label1\" content=\"Escrito por\" \/>\n\t<meta name=\"twitter:data1\" content=\"Rebecca Hughes\" \/>\n\t<meta name=\"twitter:label2\" content=\"Tiempo de lectura\" \/>\n\t<meta name=\"twitter:data2\" content=\"1 minuto\" \/>\n<script type=\"application\/ld+json\" class=\"yoast-schema-graph\">{\"@context\":\"https:\\\/\\\/schema.org\",\"@graph\":[{\"@type\":\"Article\",\"@id\":\"https:\\\/\\\/casadecampoliving.com\\\/es\\\/celebran-en-bayahibe-los10-anos-de-certificacion-bandera-azul-la-playa-dominicus\\\/#article\",\"isPartOf\":{\"@id\":\"https:\\\/\\\/casadecampoliving.com\\\/es\\\/celebran-en-bayahibe-los10-anos-de-certificacion-bandera-azul-la-playa-dominicus\\\/\"},\"author\":{\"name\":\"Rebecca Hughes\",\"@id\":\"https:\\\/\\\/casadecampoliving.com\\\/es\\\/#\\\/schema\\\/person\\\/91d3085d9c6fe671ec9370a33bc98839\"},\"headline\":\"Dominicus celebra 10 a\u00f1os de certificaci\u00f3n Bandera Azul\",\"datePublished\":\"2014-12-10T04:00:00+00:00\",\"dateModified\":\"2022-10-21T22:52:34+00:00\",\"mainEntityOfPage\":{\"@id\":\"https:\\\/\\\/casadecampoliving.com\\\/es\\\/celebran-en-bayahibe-los10-anos-de-certificacion-bandera-azul-la-playa-dominicus\\\/\"},\"wordCount\":249,\"publisher\":{\"@id\":\"https:\\\/\\\/casadecampoliving.com\\\/es\\\/#organization\"},\"image\":{\"@id\":\"https:\\\/\\\/casadecampoliving.com\\\/es\\\/celebran-en-bayahibe-los10-anos-de-certificacion-bandera-azul-la-playa-dominicus\\\/#primaryimage\"},\"thumbnailUrl\":\"https:\\\/\\\/i0.wp.com\\\/casadecampoliving.com\\\/wp-content\\\/uploads\\\/2022\\\/10\\\/mapi-congresso-1.12-187-1-scaled.jpg?fit=2560%2C1700&ssl=1\",\"keywords\":[\"Bandera Azul\",\"la asociacion de hoteles romana bayahibe\"],\"articleSection\":[\"Casa de Campo Living @es\",\"CCL presenta\",\"Destacados\",\"Estilo de Vida\",\"Eventos\",\"M\u00e1s all\u00e1 de Casa\",\"Naturaleza y Fauna\",\"Noticias Locales\",\"Proximamente\",\"Rep\u00fablica Dominicana @es\"],\"inLanguage\":\"es\"},{\"@type\":\"WebPage\",\"@id\":\"https:\\\/\\\/casadecampoliving.com\\\/es\\\/celebran-en-bayahibe-los10-anos-de-certificacion-bandera-azul-la-playa-dominicus\\\/\",\"url\":\"https:\\\/\\\/casadecampoliving.com\\\/es\\\/celebran-en-bayahibe-los10-anos-de-certificacion-bandera-azul-la-playa-dominicus\\\/\",\"name\":\"Dominicus celebra 10 a\u00f1os de certificaci\u00f3n Bandera Azul | Casa de Campo Living\",\"isPartOf\":{\"@id\":\"https:\\\/\\\/casadecampoliving.com\\\/es\\\/#website\"},\"primaryImageOfPage\":{\"@id\":\"https:\\\/\\\/casadecampoliving.com\\\/es\\\/celebran-en-bayahibe-los10-anos-de-certificacion-bandera-azul-la-playa-dominicus\\\/#primaryimage\"},\"image\":{\"@id\":\"https:\\\/\\\/casadecampoliving.com\\\/es\\\/celebran-en-bayahibe-los10-anos-de-certificacion-bandera-azul-la-playa-dominicus\\\/#primaryimage\"},\"thumbnailUrl\":\"https:\\\/\\\/i0.wp.com\\\/casadecampoliving.com\\\/wp-content\\\/uploads\\\/2022\\\/10\\\/mapi-congresso-1.12-187-1-scaled.jpg?fit=2560%2C1700&ssl=1\",\"datePublished\":\"2014-12-10T04:00:00+00:00\",\"dateModified\":\"2022-10-21T22:52:34+00:00\",\"description\":\"Por d\u00e9cimo a\u00f1o consecutivo, \u201cLa Laguna\u201d playa de Dominicus Americanus fue galardonada con la Bandera Azul por el Instituto de Derecho Ambiental y el\",\"breadcrumb\":{\"@id\":\"https:\\\/\\\/casadecampoliving.com\\\/es\\\/celebran-en-bayahibe-los10-anos-de-certificacion-bandera-azul-la-playa-dominicus\\\/#breadcrumb\"},\"inLanguage\":\"es\",\"potentialAction\":[{\"@type\":\"ReadAction\",\"target\":[\"https:\\\/\\\/casadecampoliving.com\\\/es\\\/celebran-en-bayahibe-los10-anos-de-certificacion-bandera-azul-la-playa-dominicus\\\/\"]}]},{\"@type\":\"ImageObject\",\"inLanguage\":\"es\",\"@id\":\"https:\\\/\\\/casadecampoliving.com\\\/es\\\/celebran-en-bayahibe-los10-anos-de-certificacion-bandera-azul-la-playa-dominicus\\\/#primaryimage\",\"url\":\"https:\\\/\\\/i0.wp.com\\\/casadecampoliving.com\\\/wp-content\\\/uploads\\\/2022\\\/10\\\/mapi-congresso-1.12-187-1-scaled.jpg?fit=2560%2C1700&ssl=1\",\"contentUrl\":\"https:\\\/\\\/i0.wp.com\\\/casadecampoliving.com\\\/wp-content\\\/uploads\\\/2022\\\/10\\\/mapi-congresso-1.12-187-1-scaled.jpg?fit=2560%2C1700&ssl=1\",\"width\":2560,\"height\":1700},{\"@type\":\"BreadcrumbList\",\"@id\":\"https:\\\/\\\/casadecampoliving.com\\\/es\\\/celebran-en-bayahibe-los10-anos-de-certificacion-bandera-azul-la-playa-dominicus\\\/#breadcrumb\",\"itemListElement\":[{\"@type\":\"ListItem\",\"position\":1,\"name\":\"Home\",\"item\":\"https:\\\/\\\/casadecampoliving.com\\\/es\\\/\"},{\"@type\":\"ListItem\",\"position\":2,\"name\":\"Dominicus celebra 10 a\u00f1os de certificaci\u00f3n Bandera Azul\"}]},{\"@type\":\"WebSite\",\"@id\":\"https:\\\/\\\/casadecampoliving.com\\\/es\\\/#website\",\"url\":\"https:\\\/\\\/casadecampoliving.com\\\/es\\\/\",\"name\":\"Casa de Campo Living\",\"description\":\"Resort community news and resources.\",\"publisher\":{\"@id\":\"https:\\\/\\\/casadecampoliving.com\\\/es\\\/#organization\"},\"potentialAction\":[{\"@type\":\"SearchAction\",\"target\":{\"@type\":\"EntryPoint\",\"urlTemplate\":\"https:\\\/\\\/casadecampoliving.com\\\/es\\\/?s={search_term_string}\"},\"query-input\":{\"@type\":\"PropertyValueSpecification\",\"valueRequired\":true,\"valueName\":\"search_term_string\"}}],\"inLanguage\":\"es\"},{\"@type\":\"Organization\",\"@id\":\"https:\\\/\\\/casadecampoliving.com\\\/es\\\/#organization\",\"name\":\"Casa de Campo Living\",\"url\":\"https:\\\/\\\/casadecampoliving.com\\\/es\\\/\",\"logo\":{\"@type\":\"ImageObject\",\"inLanguage\":\"es\",\"@id\":\"https:\\\/\\\/casadecampoliving.com\\\/es\\\/#\\\/schema\\\/logo\\\/image\\\/\",\"url\":\"https:\\\/\\\/i0.wp.com\\\/casadecampoliving.com\\\/wp-content\\\/uploads\\\/2022\\\/07\\\/CDCLivingLogo_V1-white-sized.png?fit=800%2C214&ssl=1\",\"contentUrl\":\"https:\\\/\\\/i0.wp.com\\\/casadecampoliving.com\\\/wp-content\\\/uploads\\\/2022\\\/07\\\/CDCLivingLogo_V1-white-sized.png?fit=800%2C214&ssl=1\",\"width\":800,\"height\":214,\"caption\":\"Casa de Campo Living\"},\"image\":{\"@id\":\"https:\\\/\\\/casadecampoliving.com\\\/es\\\/#\\\/schema\\\/logo\\\/image\\\/\"},\"sameAs\":[\"https:\\\/\\\/www.facebook.com\\\/casadecampoliving\",\"https:\\\/\\\/x.com\\\/cdcliving\"]},{\"@type\":\"Person\",\"@id\":\"https:\\\/\\\/casadecampoliving.com\\\/es\\\/#\\\/schema\\\/person\\\/91d3085d9c6fe671ec9370a33bc98839\",\"name\":\"Rebecca Hughes\",\"image\":{\"@type\":\"ImageObject\",\"inLanguage\":\"es\",\"@id\":\"https:\\\/\\\/secure.gravatar.com\\\/avatar\\\/fa8193bc0c4cfd84f5082667d2539f9b4da960049480f4eed2244a6b96321e38?s=96&d=mm&r=g\",\"url\":\"https:\\\/\\\/secure.gravatar.com\\\/avatar\\\/fa8193bc0c4cfd84f5082667d2539f9b4da960049480f4eed2244a6b96321e38?s=96&d=mm&r=g\",\"contentUrl\":\"https:\\\/\\\/secure.gravatar.com\\\/avatar\\\/fa8193bc0c4cfd84f5082667d2539f9b4da960049480f4eed2244a6b96321e38?s=96&d=mm&r=g\",\"caption\":\"Rebecca Hughes\"},\"description\":\"I am wonderful.\",\"sameAs\":[\"http:\\\/\\\/www.facebook.com\\\/profile.php?id=752510581\"],\"url\":\"https:\\\/\\\/casadecampoliving.com\\\/es\\\/author\\\/Rebecca Hughes\\\/\"}]}<\/script>\n<!-- \/ Yoast SEO plugin. -->","yoast_head_json":{"title":"Dominicus celebra 10 a\u00f1os de certificaci\u00f3n Bandera Azul | Casa de Campo Living","description":"Por d\u00e9cimo a\u00f1o consecutivo, \u201cLa Laguna\u201d playa de Dominicus Americanus fue galardonada con la Bandera Azul por el Instituto de Derecho Ambiental y el","robots":{"index":"index","follow":"follow","max-snippet":"max-snippet:-1","max-image-preview":"max-image-preview:large","max-video-preview":"max-video-preview:-1"},"canonical":"https:\/\/casadecampoliving.com\/es\/celebran-en-bayahibe-los10-anos-de-certificacion-bandera-azul-la-playa-dominicus\/","og_locale":"es_ES","og_type":"article","og_title":"Dominicus celebra 10 a\u00f1os de certificaci\u00f3n Bandera Azul | Casa de Campo Living","og_description":"Por d\u00e9cimo a\u00f1o consecutivo, \u201cLa Laguna\u201d playa de Dominicus Americanus fue galardonada con la Bandera Azul por el Instituto de Derecho Ambiental y el","og_url":"https:\/\/casadecampoliving.com\/es\/celebran-en-bayahibe-los10-anos-de-certificacion-bandera-azul-la-playa-dominicus\/","og_site_name":"Casa de Campo Living","article_publisher":"https:\/\/www.facebook.com\/casadecampoliving","article_published_time":"2014-12-10T04:00:00+00:00","article_modified_time":"2022-10-21T22:52:34+00:00","og_image":[{"width":2560,"height":1700,"url":"https:\/\/i0.wp.com\/casadecampoliving.com\/wp-content\/uploads\/2022\/10\/mapi-congresso-1.12-187-1-scaled.jpg?fit=2560%2C1700&ssl=1","type":"image\/jpeg"}],"author":"Rebecca Hughes","twitter_card":"summary_large_image","twitter_creator":"@cdcliving","twitter_site":"@cdcliving","twitter_misc":{"Escrito por":"Rebecca Hughes","Tiempo de lectura":"1 minuto"},"schema":{"@context":"https:\/\/schema.org","@graph":[{"@type":"Article","@id":"https:\/\/casadecampoliving.com\/es\/celebran-en-bayahibe-los10-anos-de-certificacion-bandera-azul-la-playa-dominicus\/#article","isPartOf":{"@id":"https:\/\/casadecampoliving.com\/es\/celebran-en-bayahibe-los10-anos-de-certificacion-bandera-azul-la-playa-dominicus\/"},"author":{"name":"Rebecca Hughes","@id":"https:\/\/casadecampoliving.com\/es\/#\/schema\/person\/91d3085d9c6fe671ec9370a33bc98839"},"headline":"Dominicus celebra 10 a\u00f1os de certificaci\u00f3n Bandera Azul","datePublished":"2014-12-10T04:00:00+00:00","dateModified":"2022-10-21T22:52:34+00:00","mainEntityOfPage":{"@id":"https:\/\/casadecampoliving.com\/es\/celebran-en-bayahibe-los10-anos-de-certificacion-bandera-azul-la-playa-dominicus\/"},"wordCount":249,"publisher":{"@id":"https:\/\/casadecampoliving.com\/es\/#organization"},"image":{"@id":"https:\/\/casadecampoliving.com\/es\/celebran-en-bayahibe-los10-anos-de-certificacion-bandera-azul-la-playa-dominicus\/#primaryimage"},"thumbnailUrl":"https:\/\/i0.wp.com\/casadecampoliving.com\/wp-content\/uploads\/2022\/10\/mapi-congresso-1.12-187-1-scaled.jpg?fit=2560%2C1700&ssl=1","keywords":["Bandera Azul","la asociacion de hoteles romana bayahibe"],"articleSection":["Casa de Campo Living @es","CCL presenta","Destacados","Estilo de Vida","Eventos","M\u00e1s all\u00e1 de Casa","Naturaleza y Fauna","Noticias Locales","Proximamente","Rep\u00fablica Dominicana @es"],"inLanguage":"es"},{"@type":"WebPage","@id":"https:\/\/casadecampoliving.com\/es\/celebran-en-bayahibe-los10-anos-de-certificacion-bandera-azul-la-playa-dominicus\/","url":"https:\/\/casadecampoliving.com\/es\/celebran-en-bayahibe-los10-anos-de-certificacion-bandera-azul-la-playa-dominicus\/","name":"Dominicus celebra 10 a\u00f1os de certificaci\u00f3n Bandera Azul | Casa de Campo Living","isPartOf":{"@id":"https:\/\/casadecampoliving.com\/es\/#website"},"primaryImageOfPage":{"@id":"https:\/\/casadecampoliving.com\/es\/celebran-en-bayahibe-los10-anos-de-certificacion-bandera-azul-la-playa-dominicus\/#primaryimage"},"image":{"@id":"https:\/\/casadecampoliving.com\/es\/celebran-en-bayahibe-los10-anos-de-certificacion-bandera-azul-la-playa-dominicus\/#primaryimage"},"thumbnailUrl":"https:\/\/i0.wp.com\/casadecampoliving.com\/wp-content\/uploads\/2022\/10\/mapi-congresso-1.12-187-1-scaled.jpg?fit=2560%2C1700&ssl=1","datePublished":"2014-12-10T04:00:00+00:00","dateModified":"2022-10-21T22:52:34+00:00","description":"Por d\u00e9cimo a\u00f1o consecutivo, \u201cLa Laguna\u201d playa de Dominicus Americanus fue galardonada con la Bandera Azul por el Instituto de Derecho Ambiental y el","breadcrumb":{"@id":"https:\/\/casadecampoliving.com\/es\/celebran-en-bayahibe-los10-anos-de-certificacion-bandera-azul-la-playa-dominicus\/#breadcrumb"},"inLanguage":"es","potentialAction":[{"@type":"ReadAction","target":["https:\/\/casadecampoliving.com\/es\/celebran-en-bayahibe-los10-anos-de-certificacion-bandera-azul-la-playa-dominicus\/"]}]},{"@type":"ImageObject","inLanguage":"es","@id":"https:\/\/casadecampoliving.com\/es\/celebran-en-bayahibe-los10-anos-de-certificacion-bandera-azul-la-playa-dominicus\/#primaryimage","url":"https:\/\/i0.wp.com\/casadecampoliving.com\/wp-content\/uploads\/2022\/10\/mapi-congresso-1.12-187-1-scaled.jpg?fit=2560%2C1700&ssl=1","contentUrl":"https:\/\/i0.wp.com\/casadecampoliving.com\/wp-content\/uploads\/2022\/10\/mapi-congresso-1.12-187-1-scaled.jpg?fit=2560%2C1700&ssl=1","width":2560,"height":1700},{"@type":"BreadcrumbList","@id":"https:\/\/casadecampoliving.com\/es\/celebran-en-bayahibe-los10-anos-de-certificacion-bandera-azul-la-playa-dominicus\/#breadcrumb","itemListElement":[{"@type":"ListItem","position":1,"name":"Home","item":"https:\/\/casadecampoliving.com\/es\/"},{"@type":"ListItem","position":2,"name":"Dominicus celebra 10 a\u00f1os de certificaci\u00f3n Bandera Azul"}]},{"@type":"WebSite","@id":"https:\/\/casadecampoliving.com\/es\/#website","url":"https:\/\/casadecampoliving.com\/es\/","name":"Casa de Campo Living","description":"Resort community news and resources.","publisher":{"@id":"https:\/\/casadecampoliving.com\/es\/#organization"},"potentialAction":[{"@type":"SearchAction","target":{"@type":"EntryPoint","urlTemplate":"https:\/\/casadecampoliving.com\/es\/?s={search_term_string}"},"query-input":{"@type":"PropertyValueSpecification","valueRequired":true,"valueName":"search_term_string"}}],"inLanguage":"es"},{"@type":"Organization","@id":"https:\/\/casadecampoliving.com\/es\/#organization","name":"Casa de Campo Living","url":"https:\/\/casadecampoliving.com\/es\/","logo":{"@type":"ImageObject","inLanguage":"es","@id":"https:\/\/casadecampoliving.com\/es\/#\/schema\/logo\/image\/","url":"https:\/\/i0.wp.com\/casadecampoliving.com\/wp-content\/uploads\/2022\/07\/CDCLivingLogo_V1-white-sized.png?fit=800%2C214&ssl=1","contentUrl":"https:\/\/i0.wp.com\/casadecampoliving.com\/wp-content\/uploads\/2022\/07\/CDCLivingLogo_V1-white-sized.png?fit=800%2C214&ssl=1","width":800,"height":214,"caption":"Casa de Campo Living"},"image":{"@id":"https:\/\/casadecampoliving.com\/es\/#\/schema\/logo\/image\/"},"sameAs":["https:\/\/www.facebook.com\/casadecampoliving","https:\/\/x.com\/cdcliving"]},{"@type":"Person","@id":"https:\/\/casadecampoliving.com\/es\/#\/schema\/person\/91d3085d9c6fe671ec9370a33bc98839","name":"Rebecca Hughes","image":{"@type":"ImageObject","inLanguage":"es","@id":"https:\/\/secure.gravatar.com\/avatar\/fa8193bc0c4cfd84f5082667d2539f9b4da960049480f4eed2244a6b96321e38?s=96&d=mm&r=g","url":"https:\/\/secure.gravatar.com\/avatar\/fa8193bc0c4cfd84f5082667d2539f9b4da960049480f4eed2244a6b96321e38?s=96&d=mm&r=g","contentUrl":"https:\/\/secure.gravatar.com\/avatar\/fa8193bc0c4cfd84f5082667d2539f9b4da960049480f4eed2244a6b96321e38?s=96&d=mm&r=g","caption":"Rebecca Hughes"},"description":"I am wonderful.","sameAs":["http:\/\/www.facebook.com\/profile.php?id=752510581"],"url":"https:\/\/casadecampoliving.com\/es\/author\/Rebecca Hughes\/"}]}},"parsely":{"version":"1.1.0","canonical_url":"https:\/\/casadecampoliving.com\/es\/celebran-en-bayahibe-los10-anos-de-certificacion-bandera-azul-la-playa-dominicus\/","smart_links":{"inbound":0,"outbound":0},"traffic_boost_suggestions_count":0,"meta":{"@context":"https:\/\/schema.org","@type":"NewsArticle","headline":"Dominicus celebra 10 a\u00f1os de certificaci\u00f3n Bandera Azul","url":"http:\/\/casadecampoliving.com\/es\/celebran-en-bayahibe-los10-anos-de-certificacion-bandera-azul-la-playa-dominicus\/","mainEntityOfPage":{"@type":"WebPage","@id":"http:\/\/casadecampoliving.com\/es\/celebran-en-bayahibe-los10-anos-de-certificacion-bandera-azul-la-playa-dominicus\/"},"thumbnailUrl":"https:\/\/i0.wp.com\/casadecampoliving.com\/wp-content\/uploads\/2022\/10\/mapi-congresso-1.12-187-1-scaled.jpg?resize=150%2C150&ssl=1","image":{"@type":"ImageObject","url":"https:\/\/i0.wp.com\/casadecampoliving.com\/wp-content\/uploads\/2022\/10\/mapi-congresso-1.12-187-1-scaled.jpg?fit=2560%2C1700&ssl=1"},"articleSection":"CCL presenta","author":[{"@type":"Person","name":"Rebecca Hughes"}],"creator":["Rebecca Hughes"],"publisher":{"@type":"Organization","name":"Casa de Campo Living","logo":"https:\/\/casadecampoliving.com\/wp-content\/uploads\/2022\/07\/CDCLivingLogo_V1-white-sized.png"},"keywords":["bandera azul","la asociacion de hoteles romana bayahibe"],"dateCreated":"2014-12-10T04:00:00Z","datePublished":"2014-12-10T04:00:00Z","dateModified":"2022-10-21T22:52:34Z"},"rendered":"<script type=\"application\/ld+json\" class=\"wp-parsely-metadata\">{\"@context\":\"https:\\\/\\\/schema.org\",\"@type\":\"NewsArticle\",\"headline\":\"Dominicus celebra 10 a\\u00f1os de certificaci\\u00f3n Bandera Azul\",\"url\":\"http:\\\/\\\/casadecampoliving.com\\\/es\\\/celebran-en-bayahibe-los10-anos-de-certificacion-bandera-azul-la-playa-dominicus\\\/\",\"mainEntityOfPage\":{\"@type\":\"WebPage\",\"@id\":\"http:\\\/\\\/casadecampoliving.com\\\/es\\\/celebran-en-bayahibe-los10-anos-de-certificacion-bandera-azul-la-playa-dominicus\\\/\"},\"thumbnailUrl\":\"https:\\\/\\\/i0.wp.com\\\/casadecampoliving.com\\\/wp-content\\\/uploads\\\/2022\\\/10\\\/mapi-congresso-1.12-187-1-scaled.jpg?resize=150%2C150&ssl=1\",\"image\":{\"@type\":\"ImageObject\",\"url\":\"https:\\\/\\\/i0.wp.com\\\/casadecampoliving.com\\\/wp-content\\\/uploads\\\/2022\\\/10\\\/mapi-congresso-1.12-187-1-scaled.jpg?fit=2560%2C1700&ssl=1\"},\"articleSection\":\"CCL presenta\",\"author\":[{\"@type\":\"Person\",\"name\":\"Rebecca Hughes\"}],\"creator\":[\"Rebecca Hughes\"],\"publisher\":{\"@type\":\"Organization\",\"name\":\"Casa de Campo Living\",\"logo\":\"https:\\\/\\\/casadecampoliving.com\\\/wp-content\\\/uploads\\\/2022\\\/07\\\/CDCLivingLogo_V1-white-sized.png\"},\"keywords\":[\"bandera azul\",\"la asociacion de hoteles romana bayahibe\"],\"dateCreated\":\"2014-12-10T04:00:00Z\",\"datePublished\":\"2014-12-10T04:00:00Z\",\"dateModified\":\"2022-10-21T22:52:34Z\"}<\/script>","tracker_url":"https:\/\/cdn.parsely.com\/keys\/casadecampoliving.com\/p.js"},"jetpack_publicize_connections":[],"jetpack_featured_media_url":"https:\/\/i0.wp.com\/casadecampoliving.com\/wp-content\/uploads\/2022\/10\/mapi-congresso-1.12-187-1-scaled.jpg?fit=2560%2C1700&ssl=1","jetpack-related-posts":[{"id":535264,"url":"https:\/\/casadecampoliving.com\/es\/playa-minitas-obtiene-nuevamente-certificacion-bandera-azul\/","url_meta":{"origin":346180,"position":0},"title":"Playa Minitas obtiene nuevamente certificaci\u00f3n Bandera Azul","author":"Mairobi Herrera","date":"6 Dic, 2024","format":false,"excerpt":"El programa internacional de reconocimiento de playas y marinas Bandera Azul, galardon\u00f3 a Playa Minitas de Casa de Campo junto a otros siete segmentos certificados en el destino La Romana.\u00a0 El programa coordinado a nivel internacional por la Fundaci\u00f3n para la Educaci\u00f3n Ambiental (FEE) y en el pa\u00eds por el\u2026","rel":"","context":"En \u00abCasa de Campo Resort &amp; Villas\u00bb","block_context":{"text":"Casa de Campo Resort &amp; Villas","link":"https:\/\/casadecampoliving.com\/es\/category\/casa-de-campo-resort-villas\/"},"img":{"alt_text":"","src":"https:\/\/i0.wp.com\/casadecampoliving.com\/wp-content\/uploads\/2024\/12\/FN3A8551-scaled.jpg?fit=1200%2C800&ssl=1&resize=350%2C200","width":350,"height":200,"srcset":"https:\/\/i0.wp.com\/casadecampoliving.com\/wp-content\/uploads\/2024\/12\/FN3A8551-scaled.jpg?fit=1200%2C800&ssl=1&resize=350%2C200 1x, https:\/\/i0.wp.com\/casadecampoliving.com\/wp-content\/uploads\/2024\/12\/FN3A8551-scaled.jpg?fit=1200%2C800&ssl=1&resize=525%2C300 1.5x, https:\/\/i0.wp.com\/casadecampoliving.com\/wp-content\/uploads\/2024\/12\/FN3A8551-scaled.jpg?fit=1200%2C800&ssl=1&resize=700%2C400 2x, https:\/\/i0.wp.com\/casadecampoliving.com\/wp-content\/uploads\/2024\/12\/FN3A8551-scaled.jpg?fit=1200%2C800&ssl=1&resize=1050%2C600 3x"},"classes":[]},{"id":546263,"url":"https:\/\/casadecampoliving.com\/es\/casa-de-campo-celebra-10-anos-de-certificacion-bandera-azul-en-playa-minitas\/","url_meta":{"origin":346180,"position":1},"title":"Casa de Campo Celebra 10 A\u00f1os de Certificaci\u00f3n Bandera Azul en Playa Minitas","author":"Casa de Campo Living","date":"11 Dic, 2025","format":false,"excerpt":"Casa de Campo Resort & Villas celebr\u00f3 esta semana un importante hito con el izamiento de la Bandera Azul 2025\u20132026 en Playa Minitas. Esta certificaci\u00f3n internacional reconoce a las playas que cumplen con estrictos est\u00e1ndares de calidad ambiental, seguridad, limpieza y accesibilidad. Este a\u00f1o es especialmente significativo: Playa Minitas celebra\u2026","rel":"","context":"En \u00abCasa de Campo Resort &amp; Villas\u00bb","block_context":{"text":"Casa de Campo Resort &amp; Villas","link":"https:\/\/casadecampoliving.com\/es\/category\/casa-de-campo-resort-villas\/"},"img":{"alt_text":"","src":"https:\/\/i0.wp.com\/casadecampoliving.com\/wp-content\/uploads\/2025\/12\/DSC09565.jpg?fit=1200%2C800&ssl=1&resize=350%2C200","width":350,"height":200,"srcset":"https:\/\/i0.wp.com\/casadecampoliving.com\/wp-content\/uploads\/2025\/12\/DSC09565.jpg?fit=1200%2C800&ssl=1&resize=350%2C200 1x, https:\/\/i0.wp.com\/casadecampoliving.com\/wp-content\/uploads\/2025\/12\/DSC09565.jpg?fit=1200%2C800&ssl=1&resize=525%2C300 1.5x, https:\/\/i0.wp.com\/casadecampoliving.com\/wp-content\/uploads\/2025\/12\/DSC09565.jpg?fit=1200%2C800&ssl=1&resize=700%2C400 2x, https:\/\/i0.wp.com\/casadecampoliving.com\/wp-content\/uploads\/2025\/12\/DSC09565.jpg?fit=1200%2C800&ssl=1&resize=1050%2C600 3x"},"classes":[]},{"id":350874,"url":"https:\/\/casadecampoliving.com\/es\/otorgan-bandera-azul-playa-minitas-en-casa-de-campo-resort\/","url_meta":{"origin":346180,"position":2},"title":"Otorgan Bandera Azul a Playa Minitas en Casa de Campo Resort","author":"Casa de Campo Resort","date":"5 Dic, 2016","format":false,"excerpt":"La Bandera Azul es un distintivo que otorga anualmente la Fundaci\u00f3n de Educaci\u00f3n Ambiental a las playas y puertos que cumplen una serie de condiciones ambientales e instalaciones.\u00a0El Instituto de Derecho Ambiental de la Rep\u00fablica Dominicana (IDARD) otorg\u00f3 la certificaci\u00f3n internacional\u00a0 Bandera Azul 2016-2017 al segmento de playa Minitas de\u2026","rel":"","context":"En \u00abNoticias Locales\u00bb","block_context":{"text":"Noticias Locales","link":"https:\/\/casadecampoliving.com\/es\/category\/noticias-locales\/"},"img":{"alt_text":"Minitas Beach - Blue Flag Award","src":"https:\/\/i0.wp.com\/casadecampoliving.com\/wp-content\/uploads\/2022\/10\/DSC_9109-e1480948411355.jpg?fit=1000%2C667&ssl=1&resize=350%2C200","width":350,"height":200,"srcset":"https:\/\/i0.wp.com\/casadecampoliving.com\/wp-content\/uploads\/2022\/10\/DSC_9109-e1480948411355.jpg?fit=1000%2C667&ssl=1&resize=350%2C200 1x, https:\/\/i0.wp.com\/casadecampoliving.com\/wp-content\/uploads\/2022\/10\/DSC_9109-e1480948411355.jpg?fit=1000%2C667&ssl=1&resize=525%2C300 1.5x, https:\/\/i0.wp.com\/casadecampoliving.com\/wp-content\/uploads\/2022\/10\/DSC_9109-e1480948411355.jpg?fit=1000%2C667&ssl=1&resize=700%2C400 2x"},"classes":[]},{"id":353936,"url":"https:\/\/casadecampoliving.com\/es\/playa-minitas-en-casa-de-campo-resort-recibe-la-certificacion-internacional-bandera-azul-2020-2021\/","url_meta":{"origin":346180,"position":3},"title":"Playa Minitas en Casa de Campo Resort recibe la Certificaci\u00f3n Internacional Bandera Azul 2020-2021","author":"Casa de Campo Living","date":"8 Dic, 2020","format":false,"excerpt":"La Bandera Azul es un distintivo que otorga anualmente la Fundaci\u00f3n de Educaci\u00f3n Ambiental a las playas y puertos que cumplen una serie de condiciones ambientales e instalaciones. El Instituto de Derecho Ambiental de la Rep\u00fablica Dominicana (IDARD) otorg\u00f3 la certificaci\u00f3n internacional\u00a0 Bandera Azul 2020-2021 al segmento de playa Minitas\u2026","rel":"","context":"En \u00abCasa de Campo Living @es\u00bb","block_context":{"text":"Casa de Campo Living @es","link":"https:\/\/casadecampoliving.com\/category\/casa-de-campo-living-es\/"},"img":{"alt_text":"","src":"https:\/\/i0.wp.com\/casadecampoliving.com\/wp-content\/uploads\/2022\/10\/bandera2-1.jpg?fit=1000%2C667&ssl=1&resize=350%2C200","width":350,"height":200,"srcset":"https:\/\/i0.wp.com\/casadecampoliving.com\/wp-content\/uploads\/2022\/10\/bandera2-1.jpg?fit=1000%2C667&ssl=1&resize=350%2C200 1x, https:\/\/i0.wp.com\/casadecampoliving.com\/wp-content\/uploads\/2022\/10\/bandera2-1.jpg?fit=1000%2C667&ssl=1&resize=525%2C300 1.5x, https:\/\/i0.wp.com\/casadecampoliving.com\/wp-content\/uploads\/2022\/10\/bandera2-1.jpg?fit=1000%2C667&ssl=1&resize=700%2C400 2x"},"classes":[]},{"id":346817,"url":"https:\/\/casadecampoliving.com\/es\/6-datos-importantes-de-la-bandera-dominicana\/","url_meta":{"origin":346180,"position":4},"title":"\u00a16 datos importantes de la Bandera Dominicana!","author":"Perkin Agramonte","date":"20 Feb, 2015","format":false,"excerpt":"La pr\u00f3xima semana (el viernes 27 de febrero) la Rep\u00fablica Dominicana celebrar\u00e1 el D\u00eda de la Independencia, y anticip\u00e1ndonos a ese d\u00eda, aqu\u00ed les traemos 6 datos impotantes acerca de la bandera dominicana\u2026 \u00a1Un tema mucho m\u00e1s interesante de lo que imagina! \u00a0Lo que deber\u00eda saber: 1- Fue confeccionada en\u2026","rel":"","context":"En \u00abArte y cultura\u00bb","block_context":{"text":"Arte y cultura","link":"https:\/\/casadecampoliving.com\/category\/arte-y-cultura\/"},"img":{"alt_text":"","src":"https:\/\/i0.wp.com\/casadecampoliving.com\/wp-content\/uploads\/2022\/10\/Dominican-Flag1.jpg?fit=800%2C534&ssl=1&resize=350%2C200","width":350,"height":200,"srcset":"https:\/\/i0.wp.com\/casadecampoliving.com\/wp-content\/uploads\/2022\/10\/Dominican-Flag1.jpg?fit=800%2C534&ssl=1&resize=350%2C200 1x, https:\/\/i0.wp.com\/casadecampoliving.com\/wp-content\/uploads\/2022\/10\/Dominican-Flag1.jpg?fit=800%2C534&ssl=1&resize=525%2C300 1.5x, https:\/\/i0.wp.com\/casadecampoliving.com\/wp-content\/uploads\/2022\/10\/Dominican-Flag1.jpg?fit=800%2C534&ssl=1&resize=700%2C400 2x"},"classes":[]},{"id":353989,"url":"https:\/\/casadecampoliving.com\/es\/feliz-dia-de-la-independencia-republica-dominicana-6-datos-interesantes-sobre-la-bandera-dominicana-que-no-conocias\/","url_meta":{"origin":346180,"position":5},"title":"\u00a1Feliz D\u00eda de la Independencia Rep\u00fablica Dominicana! 6 datos interesantes sobre la bandera dominicana que no conoc\u00edas","author":"Casa de Campo Living","date":"27 Feb, 2024","format":false,"excerpt":"\u00a1LIBERTAD! Este es un d\u00eda para reflexionar, agradecer y honrar el sacrificio que hicieron un grupo de patriotas para que hoy en d\u00eda seamos un estado libre e independiente, y tener el privilegio de poder llamarnos dominicanos. \u00a1Hoy, Rep\u00fablica Dominicana celebra sus 180 a\u00f1os de Independencia! El 27 de febrero\u2026","rel":"","context":"En \u00abEl Semanal\u00bb","block_context":{"text":"El Semanal","link":"https:\/\/casadecampoliving.com\/es\/category\/el-semanal\/"},"img":{"alt_text":"Republica Dominicana bandera","src":"https:\/\/i0.wp.com\/casadecampoliving.com\/wp-content\/uploads\/2022\/10\/republica_dominicana_bandera-1.jpg?fit=650%2C434&ssl=1&resize=350%2C200","width":350,"height":200,"srcset":"https:\/\/i0.wp.com\/casadecampoliving.com\/wp-content\/uploads\/2022\/10\/republica_dominicana_bandera-1.jpg?fit=650%2C434&ssl=1&resize=350%2C200 1x, https:\/\/i0.wp.com\/casadecampoliving.com\/wp-content\/uploads\/2022\/10\/republica_dominicana_bandera-1.jpg?fit=650%2C434&ssl=1&resize=525%2C300 1.5x"},"classes":[]}],"jetpack_sharing_enabled":true,"_links":{"self":[{"href":"https:\/\/casadecampoliving.com\/es\/wp-json\/wp\/v2\/posts\/346180","targetHints":{"allow":["GET"]}}],"collection":[{"href":"https:\/\/casadecampoliving.com\/es\/wp-json\/wp\/v2\/posts"}],"about":[{"href":"https:\/\/casadecampoliving.com\/es\/wp-json\/wp\/v2\/types\/post"}],"author":[{"embeddable":true,"href":"https:\/\/casadecampoliving.com\/es\/wp-json\/wp\/v2\/users\/14"}],"replies":[{"embeddable":true,"href":"https:\/\/casadecampoliving.com\/es\/wp-json\/wp\/v2\/comments?post=346180"}],"version-history":[{"count":1,"href":"https:\/\/casadecampoliving.com\/es\/wp-json\/wp\/v2\/posts\/346180\/revisions"}],"predecessor-version":[{"id":346181,"href":"https:\/\/casadecampoliving.com\/es\/wp-json\/wp\/v2\/posts\/346180\/revisions\/346181"}],"wp:featuredmedia":[{"embeddable":true,"href":"https:\/\/casadecampoliving.com\/es\/wp-json\/wp\/v2\/media\/293460"}],"wp:attachment":[{"href":"https:\/\/casadecampoliving.com\/es\/wp-json\/wp\/v2\/media?parent=346180"}],"wp:term":[{"taxonomy":"category","embeddable":true,"href":"https:\/\/casadecampoliving.com\/es\/wp-json\/wp\/v2\/categories?post=346180"},{"taxonomy":"post_tag","embeddable":true,"href":"https:\/\/casadecampoliving.com\/es\/wp-json\/wp\/v2\/tags?post=346180"},{"taxonomy":"newspack_spnsrs_tax","embeddable":true,"href":"https:\/\/casadecampoliving.com\/es\/wp-json\/wp\/v2\/newspack_spnsrs_tax?post=346180"}],"curies":[{"name":"wp","href":"https:\/\/api.w.org\/{rel}","templated":true}]}}