{"id":346174,"date":"2014-12-13T00:00:00","date_gmt":"2014-12-13T04:00:00","guid":{"rendered":"https:\/\/casadecampoliving.com\/muestra-cientifica-y-artistica-dia-mundial-del-sida-en-la-aldea-cultural-santa-rosa-de-lima\/"},"modified":"2022-10-21T18:52:28","modified_gmt":"2022-10-21T22:52:28","slug":"muestra-cientifica-y-artistica-dia-mundial-del-sida-en-la-aldea-cultural-santa-rosa-de-lima","status":"publish","type":"post","link":"https:\/\/casadecampoliving.com\/es\/muestra-cientifica-y-artistica-dia-mundial-del-sida-en-la-aldea-cultural-santa-rosa-de-lima\/","title":{"rendered":"Muestra Cientifica y Art\u00edstica D\u00eda Mundial del SIDA en la Aldea Cultural Santa Rosa de Lima"},"content":{"rendered":"<div class=\"wp-block-image\">\n<figure class=\"aligncenter is-resized\"><img loading=\"lazy\" decoding=\"async\" src=\"https:\/\/i0.wp.com\/casadecampoliving.com\/wp-content\/uploads\/2022\/10\/DSC_0355-1024x680-2.jpg?resize=650%2C432&amp;ssl=1\" alt=\"muestra cientifica y artistica\" class=\"wp-image-103371\" height=\"432\" width=\"650\"\/><\/figure>\n<\/div>\n\n\n<p>Para iniciar el mes con eventos que promueven la solidaridad en nuestra comunidad, el pasado lunes 1 de diciembre con motivo del D\u00eda Mundial de SIDA, se realiz\u00f3 la primera Muestra Cient\u00edfica y Art\u00edstica. Dicha actividad tuvo lugar en la Aldea Cultural Santa Rosa de Lima, antigua Fortaleza Santa Rosa en esta ciudad de La Romana.<\/p>\n\n\n\n<!--more-->\n\n\n\n<p>Queriendo hacer algo diferente cada a\u00f1o que involucre a la juventud en cuanto a la educaci\u00f3n y prevenci\u00f3n, todo un equipo de la Cl\u00ednica de Familia y el MAMI, tuvieron a su cargo la organizaci\u00f3n de esta hermosa actividad. La idea principal de esta Muestra Cient\u00edfica y Art\u00edstica se enfoc\u00f3 en la participaci\u00f3n de los j\u00f3venes del nivel medio de muchos centros educativos de La Romana.<\/p>\n\n\n<div class=\"wp-block-image\">\n<figure class=\"aligncenter is-resized\"><img loading=\"lazy\" decoding=\"async\" src=\"https:\/\/i0.wp.com\/casadecampoliving.com\/wp-content\/uploads\/2022\/10\/DSC_0098-e1417702062582-1024x748-2.jpg?resize=650%2C475&amp;ssl=1\" alt=\"exposici\u00f3n VIH\" class=\"wp-image-103373\" height=\"475\" width=\"650\"\/><\/figure>\n<\/div>\n\n\n<p>Comenzaron el d\u00eda con exposiciones de temas sobre VIH y SIDA, presentados&nbsp;en los salones de la aldea. La Escuela Paulina Jim\u00e9nez, Liceo Juan Pablo Duarte, Hogar del Ni\u00f1o, Colegio Evang\u00e9lico Shalom, Colegio B\u00edblico Cristiano, y muchos m\u00e1s fueron los protagonistas de esta Muestra Cient\u00edfica. Despu\u00e9s de que cada grupo de estudiantes realizaban sus exposiciones, se hizo un conversatorio, preparado por educadores del MAMI, para complementar los temas ya expuestos por los estudiantes y aclarar cualquier duda, incluyendo la participaci\u00f3n de j\u00f3venes multiplicadores del Batey Guerrero quienes hicieron teatro foro, con un enfoque en eliminar la discriminaci\u00f3n en contra de personas con VIH.<\/p>\n\n\n\n<p>En la tarde se realiz\u00f3 la muestra art\u00edstica, con dos maestros de ceremonia j\u00f3venes de la Cl\u00ednica de Familia: Riqui Rey Rosario y Vivian Araujo y el p\u00fablico presente recibi\u00f3 a la Dra. Rhina Reyes, quien dio datos estad\u00edsticos sobre el VIH\/SIDA, as\u00ed como el reconocimiento del trabajo de los estudiantes en esa ma\u00f1ana y el trabajo que est\u00e1 realizando la Cl\u00ednica de Familia y el MAMI. Tambi\u00e9n invit\u00f3 a otras instituciones a que se unieran en la lucha contra VIH. Mina Halpern Lozada , Directora Ejecutiva de la Cl\u00ednica de Familia La Romana, dio la bienvenida a los invitados y resalt\u00f3 el tema internacional del d\u00eda de llegar a cero nuevas infecciones de VIH, cero discriminaci\u00f3n y muertes a causa de SIDA.<\/p>\n\n\n<div class=\"wp-block-image\">\n<figure class=\"aligncenter is-resized\"><img loading=\"lazy\" decoding=\"async\" src=\"https:\/\/i0.wp.com\/casadecampoliving.com\/wp-content\/uploads\/2022\/10\/DSC_0467-1-1024x680-2.jpg?resize=651%2C432&amp;ssl=1\" alt=\"muestra cient\u00edfica y art\u00edstica \" class=\"wp-image-103365\" height=\"432\" width=\"651\"\/><\/figure>\n<\/div>\n\n\n<p>Ya dando formal inicio a la muestra art\u00edstica, con el objetivo de dar un mensaje de esperanza y educar a los j\u00f3venes en todo lo que tiene que ver con la prevenci\u00f3n del VIH, un grupo del MAMI realiz\u00f3 un drama, resaltando&nbsp;las situaciones que viven los j\u00f3venes d\u00eda a d\u00eda. A seguida el grupo de Malabaristas de la Fundaci\u00f3n 180 Grados de Guaymate, con el colorido de sus vestimentas y las muestras de malabarismo, hasta un trio de la Fundaci\u00f3n Bomana realiz\u00f3 un acto. En esta muestra tambi\u00e9n participaron estudiantes de varias escuelas. Ya para cerrar esta actividad, la escuela de danza Point\u00e9 nos deleit\u00f3 tanto con un baile cl\u00e1sico como con un hip-hop.<\/p>\n\n\n\n<p>Todos estos centros educativos tanto de la muestra cient\u00edfica como de la muestra art\u00edstica recibieron su certificado de participaci\u00f3n. Las escuelas galardonadas eran: Liceo Juan Pablo Duarte (primer lugar), Escuela Paulina Jim\u00e9nez, (segundo lugar) y Colegio B\u00edblico Cristiano (tercer lugar).<\/p>\n\n\n\n<p>Agradecieron la presencia de la Junta de Directores de la Cl\u00ednica de Familia La Romana, la Sra. Martha Victoria, Patricia Dur\u00e1n de Herrera, Hilda Peguero y Mildred Ferry. Y por supuesto&nbsp;al Diputado Teodoro Reyes por su presencia en esta actividad, y a Bianca Vanderhorst, del Ministerio de la Juventud, Sres. Josu\u00e9 L\u00f3pez y Martina Feliz del Cuerpo de Paz y las dem\u00e1s personalidades que nos acompa\u00f1aron en esta linda actividad.<\/p>\n\n\n\n<blockquote><h3><strong>Cl\u00ednica de Familia La Romana<\/strong><\/h3><figure><img decoding=\"async\" loading=\"lazy\" class=\"alignright\" src=\"https:\/\/i0.wp.com\/casadecampoliving.com\/wp-content\/uploads\/2022\/10\/clinica_de_familia.png?resize=218%2C168&amp;ssl=1\" alt=\"Clinica de Familia La Romana\" width=\"218\" height=\"168\"><\/figure><p><strong><\/strong>Encuentre m\u00e1s informaci\u00f3n de la Cl\u00ednica de Familia La Romana en:<\/p><p><a href=\"http:\/\/www.clinicadefamilia.org.do\/\" target=\"_blank\" rel=\"noopener\">www.clinicadefamilia.org.do<\/a><\/p><p><a href=\"http:\/\/www.clinicadefamilia.org.do\/programas\/campamento\/\" target=\"_blank\" rel=\"noopener\">info@clinicadefamilia.org.do<\/a><\/p><p>Tambi\u00e9n puede ver un video informativo de 18 minutos en Ingl\u00e9s acerca de los programas y servicios de la Cl\u00ednica de Familia en:<br>\n<a href=\"http:\/\/www.clinicadefamilia.org.do\/video\" target=\"_blank\" rel=\"noopener\">www.clinicadefamilia.org.do\/video<\/a><\/p><\/blockquote>\n","protected":false},"excerpt":{"rendered":"<p>Para iniciar el mes con eventos que promueven la solidaridad en nuestra comunidad, el pasado lunes 1 de diciembre con motivo del D\u00eda Mundial de SIDA, se realiz\u00f3 la primera Muestra Cient\u00edfica y Art\u00edstica. Dicha actividad tuvo lugar en la Aldea Cultural Santa Rosa de Lima, antigua Fortaleza Santa Rosa en esta ciudad de La [&hellip;]<\/p>\n","protected":false},"author":23245,"featured_media":292524,"comment_status":"closed","ping_status":"closed","sticky":false,"template":"","format":"standard","meta":{"newspack_ads_suppress_ads":false,"newspack_popups_has_disabled_popups":false,"newspack_sponsor_sponsorship_scope":"","newspack_sponsor_native_byline_display":"inherit","newspack_sponsor_native_category_display":"inherit","newspack_sponsor_underwriter_style":"inherit","newspack_sponsor_underwriter_placement":"inherit","_newspack_byline_active":false,"_newspack_byline":"","newspack_hide_updated_date":false,"newspack_show_updated_date":false,"newspack_content_restriction_is_exempt":false,"newspack_featured_image_position":"","newspack_post_subtitle":"","newspack_article_summary_title":"Overview:","newspack_article_summary":"","_jetpack_memberships_contains_paid_content":false,"footnotes":"","jetpack_publicize_message":"","jetpack_publicize_feature_enabled":true,"jetpack_social_post_already_shared":false,"jetpack_social_options":{"image_generator_settings":{"template":"highway","default_image_id":0,"font":"","enabled":false},"version":2},"_wpas_customize_per_network":false},"categories":[14631,2522,2514,2507,2506,14625,14627],"tags":[5504,18932,6706,5887,6164],"newspack_spnsrs_tax":[],"class_list":["post-346174","post","type-post","status-publish","format-standard","has-post-thumbnail","hentry","category-estilo-de-vida","category-eventos-es","category-fundaciones-es","category-la-romana-es","category-mas-alla-de-casa-es","category-noticias-locales","category-proximamente","tag-clinica-de-la-familia","tag-la-romana-es-4","tag-mami","tag-sida","tag-vih","entry"],"yoast_head":"<!-- This site is optimized with the Yoast SEO plugin v27.5 - https:\/\/yoast.com\/product\/yoast-seo-wordpress\/ -->\n<title>Muestra Cientifica y Art\u00edstica D\u00eda Mundial del SIDA en la Aldea Cultural Santa Rosa de Lima | Casa de Campo Living<\/title>\n<meta name=\"description\" content=\"Para iniciar el mes con eventos que promueven la solidaridad en nuestra comunidad, el pasado lunes 1 de diciembre con motivo del D\u00eda Mundial de SIDA, se\" \/>\n<meta name=\"robots\" content=\"index, follow, max-snippet:-1, max-image-preview:large, max-video-preview:-1\" \/>\n<link rel=\"canonical\" href=\"https:\/\/casadecampoliving.com\/es\/muestra-cientifica-y-artistica-dia-mundial-del-sida-en-la-aldea-cultural-santa-rosa-de-lima\/\" \/>\n<meta property=\"og:locale\" content=\"es_ES\" \/>\n<meta property=\"og:type\" content=\"article\" \/>\n<meta property=\"og:title\" content=\"Muestra Cientifica y Art\u00edstica D\u00eda Mundial del SIDA en la Aldea Cultural Santa Rosa de Lima | Casa de Campo Living\" \/>\n<meta property=\"og:description\" content=\"Para iniciar el mes con eventos que promueven la solidaridad en nuestra comunidad, el pasado lunes 1 de diciembre con motivo del D\u00eda Mundial de SIDA, se\" \/>\n<meta property=\"og:url\" content=\"https:\/\/casadecampoliving.com\/es\/muestra-cientifica-y-artistica-dia-mundial-del-sida-en-la-aldea-cultural-santa-rosa-de-lima\/\" \/>\n<meta property=\"og:site_name\" content=\"Casa de Campo Living\" \/>\n<meta property=\"article:publisher\" content=\"https:\/\/www.facebook.com\/casadecampoliving\" \/>\n<meta property=\"article:published_time\" content=\"2014-12-13T04:00:00+00:00\" \/>\n<meta property=\"article:modified_time\" content=\"2022-10-21T22:52:28+00:00\" \/>\n<meta property=\"og:image\" content=\"https:\/\/i0.wp.com\/casadecampoliving.com\/wp-content\/uploads\/2022\/10\/DSC_0355-1-scaled.jpg?fit=2560%2C1700\" \/>\n\t<meta property=\"og:image:width\" content=\"2560\" \/>\n\t<meta property=\"og:image:height\" content=\"1700\" \/>\n\t<meta property=\"og:image:type\" content=\"image\/jpeg\" \/>\n<meta name=\"author\" content=\"Daniela Medina\" \/>\n<meta name=\"twitter:card\" content=\"summary_large_image\" \/>\n<meta name=\"twitter:creator\" content=\"@cdcliving\" \/>\n<meta name=\"twitter:site\" content=\"@cdcliving\" \/>\n<meta name=\"twitter:label1\" content=\"Escrito por\" \/>\n\t<meta name=\"twitter:data1\" content=\"Daniela Medina\" \/>\n\t<meta name=\"twitter:label2\" content=\"Tiempo de lectura\" \/>\n\t<meta name=\"twitter:data2\" content=\"3 minutos\" \/>\n<script type=\"application\/ld+json\" class=\"yoast-schema-graph\">{\"@context\":\"https:\\\/\\\/schema.org\",\"@graph\":[{\"@type\":\"Article\",\"@id\":\"https:\\\/\\\/casadecampoliving.com\\\/es\\\/muestra-cientifica-y-artistica-dia-mundial-del-sida-en-la-aldea-cultural-santa-rosa-de-lima\\\/#article\",\"isPartOf\":{\"@id\":\"https:\\\/\\\/casadecampoliving.com\\\/es\\\/muestra-cientifica-y-artistica-dia-mundial-del-sida-en-la-aldea-cultural-santa-rosa-de-lima\\\/\"},\"author\":{\"name\":\"Daniela Medina\",\"@id\":\"https:\\\/\\\/casadecampoliving.com\\\/es\\\/#\\\/schema\\\/person\\\/20e49d1b22266dc2b8f020b38201bd4e\"},\"headline\":\"Muestra Cientifica y Art\u00edstica D\u00eda Mundial del SIDA en la Aldea Cultural Santa Rosa de Lima\",\"datePublished\":\"2014-12-13T04:00:00+00:00\",\"dateModified\":\"2022-10-21T22:52:28+00:00\",\"mainEntityOfPage\":{\"@id\":\"https:\\\/\\\/casadecampoliving.com\\\/es\\\/muestra-cientifica-y-artistica-dia-mundial-del-sida-en-la-aldea-cultural-santa-rosa-de-lima\\\/\"},\"wordCount\":705,\"publisher\":{\"@id\":\"https:\\\/\\\/casadecampoliving.com\\\/es\\\/#organization\"},\"image\":{\"@id\":\"https:\\\/\\\/casadecampoliving.com\\\/es\\\/muestra-cientifica-y-artistica-dia-mundial-del-sida-en-la-aldea-cultural-santa-rosa-de-lima\\\/#primaryimage\"},\"thumbnailUrl\":\"https:\\\/\\\/i0.wp.com\\\/casadecampoliving.com\\\/wp-content\\\/uploads\\\/2022\\\/10\\\/DSC_0355-1-scaled.jpg?fit=2560%2C1700&ssl=1\",\"keywords\":[\"clinica de la familia\",\"La Romana\",\"MAMI\",\"sida\",\"vih\"],\"articleSection\":[\"Estilo de Vida\",\"Eventos\",\"Fundaciones\",\"La Romana @es\",\"M\u00e1s all\u00e1 de Casa\",\"Noticias Locales\",\"Proximamente\"],\"inLanguage\":\"es\"},{\"@type\":\"WebPage\",\"@id\":\"https:\\\/\\\/casadecampoliving.com\\\/es\\\/muestra-cientifica-y-artistica-dia-mundial-del-sida-en-la-aldea-cultural-santa-rosa-de-lima\\\/\",\"url\":\"https:\\\/\\\/casadecampoliving.com\\\/es\\\/muestra-cientifica-y-artistica-dia-mundial-del-sida-en-la-aldea-cultural-santa-rosa-de-lima\\\/\",\"name\":\"Muestra Cientifica y Art\u00edstica D\u00eda Mundial del SIDA en la Aldea Cultural Santa Rosa de Lima | Casa de Campo Living\",\"isPartOf\":{\"@id\":\"https:\\\/\\\/casadecampoliving.com\\\/es\\\/#website\"},\"primaryImageOfPage\":{\"@id\":\"https:\\\/\\\/casadecampoliving.com\\\/es\\\/muestra-cientifica-y-artistica-dia-mundial-del-sida-en-la-aldea-cultural-santa-rosa-de-lima\\\/#primaryimage\"},\"image\":{\"@id\":\"https:\\\/\\\/casadecampoliving.com\\\/es\\\/muestra-cientifica-y-artistica-dia-mundial-del-sida-en-la-aldea-cultural-santa-rosa-de-lima\\\/#primaryimage\"},\"thumbnailUrl\":\"https:\\\/\\\/i0.wp.com\\\/casadecampoliving.com\\\/wp-content\\\/uploads\\\/2022\\\/10\\\/DSC_0355-1-scaled.jpg?fit=2560%2C1700&ssl=1\",\"datePublished\":\"2014-12-13T04:00:00+00:00\",\"dateModified\":\"2022-10-21T22:52:28+00:00\",\"description\":\"Para iniciar el mes con eventos que promueven la solidaridad en nuestra comunidad, el pasado lunes 1 de diciembre con motivo del D\u00eda Mundial de SIDA, se\",\"breadcrumb\":{\"@id\":\"https:\\\/\\\/casadecampoliving.com\\\/es\\\/muestra-cientifica-y-artistica-dia-mundial-del-sida-en-la-aldea-cultural-santa-rosa-de-lima\\\/#breadcrumb\"},\"inLanguage\":\"es\",\"potentialAction\":[{\"@type\":\"ReadAction\",\"target\":[\"https:\\\/\\\/casadecampoliving.com\\\/es\\\/muestra-cientifica-y-artistica-dia-mundial-del-sida-en-la-aldea-cultural-santa-rosa-de-lima\\\/\"]}]},{\"@type\":\"ImageObject\",\"inLanguage\":\"es\",\"@id\":\"https:\\\/\\\/casadecampoliving.com\\\/es\\\/muestra-cientifica-y-artistica-dia-mundial-del-sida-en-la-aldea-cultural-santa-rosa-de-lima\\\/#primaryimage\",\"url\":\"https:\\\/\\\/i0.wp.com\\\/casadecampoliving.com\\\/wp-content\\\/uploads\\\/2022\\\/10\\\/DSC_0355-1-scaled.jpg?fit=2560%2C1700&ssl=1\",\"contentUrl\":\"https:\\\/\\\/i0.wp.com\\\/casadecampoliving.com\\\/wp-content\\\/uploads\\\/2022\\\/10\\\/DSC_0355-1-scaled.jpg?fit=2560%2C1700&ssl=1\",\"width\":2560,\"height\":1700},{\"@type\":\"BreadcrumbList\",\"@id\":\"https:\\\/\\\/casadecampoliving.com\\\/es\\\/muestra-cientifica-y-artistica-dia-mundial-del-sida-en-la-aldea-cultural-santa-rosa-de-lima\\\/#breadcrumb\",\"itemListElement\":[{\"@type\":\"ListItem\",\"position\":1,\"name\":\"Home\",\"item\":\"https:\\\/\\\/casadecampoliving.com\\\/es\\\/\"},{\"@type\":\"ListItem\",\"position\":2,\"name\":\"Muestra Cientifica y Art\u00edstica D\u00eda Mundial del SIDA en la Aldea Cultural Santa Rosa de Lima\"}]},{\"@type\":\"WebSite\",\"@id\":\"https:\\\/\\\/casadecampoliving.com\\\/es\\\/#website\",\"url\":\"https:\\\/\\\/casadecampoliving.com\\\/es\\\/\",\"name\":\"Casa de Campo Living\",\"description\":\"Resort community news and resources.\",\"publisher\":{\"@id\":\"https:\\\/\\\/casadecampoliving.com\\\/es\\\/#organization\"},\"potentialAction\":[{\"@type\":\"SearchAction\",\"target\":{\"@type\":\"EntryPoint\",\"urlTemplate\":\"https:\\\/\\\/casadecampoliving.com\\\/es\\\/?s={search_term_string}\"},\"query-input\":{\"@type\":\"PropertyValueSpecification\",\"valueRequired\":true,\"valueName\":\"search_term_string\"}}],\"inLanguage\":\"es\"},{\"@type\":\"Organization\",\"@id\":\"https:\\\/\\\/casadecampoliving.com\\\/es\\\/#organization\",\"name\":\"Casa de Campo Living\",\"url\":\"https:\\\/\\\/casadecampoliving.com\\\/es\\\/\",\"logo\":{\"@type\":\"ImageObject\",\"inLanguage\":\"es\",\"@id\":\"https:\\\/\\\/casadecampoliving.com\\\/es\\\/#\\\/schema\\\/logo\\\/image\\\/\",\"url\":\"https:\\\/\\\/i0.wp.com\\\/casadecampoliving.com\\\/wp-content\\\/uploads\\\/2022\\\/07\\\/CDCLivingLogo_V1-white-sized.png?fit=800%2C214&ssl=1\",\"contentUrl\":\"https:\\\/\\\/i0.wp.com\\\/casadecampoliving.com\\\/wp-content\\\/uploads\\\/2022\\\/07\\\/CDCLivingLogo_V1-white-sized.png?fit=800%2C214&ssl=1\",\"width\":800,\"height\":214,\"caption\":\"Casa de Campo Living\"},\"image\":{\"@id\":\"https:\\\/\\\/casadecampoliving.com\\\/es\\\/#\\\/schema\\\/logo\\\/image\\\/\"},\"sameAs\":[\"https:\\\/\\\/www.facebook.com\\\/casadecampoliving\",\"https:\\\/\\\/x.com\\\/cdcliving\"]},{\"@type\":\"Person\",\"@id\":\"https:\\\/\\\/casadecampoliving.com\\\/es\\\/#\\\/schema\\\/person\\\/20e49d1b22266dc2b8f020b38201bd4e\",\"name\":\"Daniela Medina\",\"image\":{\"@type\":\"ImageObject\",\"inLanguage\":\"es\",\"@id\":\"https:\\\/\\\/secure.gravatar.com\\\/avatar\\\/65aa8415724474307d634c8364a0bd8ee551c4f0f01f2ffcc53e5a9856cb7369?s=96&d=mm&r=g\",\"url\":\"https:\\\/\\\/secure.gravatar.com\\\/avatar\\\/65aa8415724474307d634c8364a0bd8ee551c4f0f01f2ffcc53e5a9856cb7369?s=96&d=mm&r=g\",\"contentUrl\":\"https:\\\/\\\/secure.gravatar.com\\\/avatar\\\/65aa8415724474307d634c8364a0bd8ee551c4f0f01f2ffcc53e5a9856cb7369?s=96&d=mm&r=g\",\"caption\":\"Daniela Medina\"},\"url\":\"https:\\\/\\\/casadecampoliving.com\\\/es\\\/author\\\/dmedina\\\/\"}]}<\/script>\n<!-- \/ Yoast SEO plugin. -->","yoast_head_json":{"title":"Muestra Cientifica y Art\u00edstica D\u00eda Mundial del SIDA en la Aldea Cultural Santa Rosa de Lima | Casa de Campo Living","description":"Para iniciar el mes con eventos que promueven la solidaridad en nuestra comunidad, el pasado lunes 1 de diciembre con motivo del D\u00eda Mundial de SIDA, se","robots":{"index":"index","follow":"follow","max-snippet":"max-snippet:-1","max-image-preview":"max-image-preview:large","max-video-preview":"max-video-preview:-1"},"canonical":"https:\/\/casadecampoliving.com\/es\/muestra-cientifica-y-artistica-dia-mundial-del-sida-en-la-aldea-cultural-santa-rosa-de-lima\/","og_locale":"es_ES","og_type":"article","og_title":"Muestra Cientifica y Art\u00edstica D\u00eda Mundial del SIDA en la Aldea Cultural Santa Rosa de Lima | Casa de Campo Living","og_description":"Para iniciar el mes con eventos que promueven la solidaridad en nuestra comunidad, el pasado lunes 1 de diciembre con motivo del D\u00eda Mundial de SIDA, se","og_url":"https:\/\/casadecampoliving.com\/es\/muestra-cientifica-y-artistica-dia-mundial-del-sida-en-la-aldea-cultural-santa-rosa-de-lima\/","og_site_name":"Casa de Campo Living","article_publisher":"https:\/\/www.facebook.com\/casadecampoliving","article_published_time":"2014-12-13T04:00:00+00:00","article_modified_time":"2022-10-21T22:52:28+00:00","og_image":[{"width":2560,"height":1700,"url":"https:\/\/i0.wp.com\/casadecampoliving.com\/wp-content\/uploads\/2022\/10\/DSC_0355-1-scaled.jpg?fit=2560%2C1700","type":"image\/jpeg"}],"author":"Daniela Medina","twitter_card":"summary_large_image","twitter_creator":"@cdcliving","twitter_site":"@cdcliving","twitter_misc":{"Escrito por":"Daniela Medina","Tiempo de lectura":"3 minutos"},"schema":{"@context":"https:\/\/schema.org","@graph":[{"@type":"Article","@id":"https:\/\/casadecampoliving.com\/es\/muestra-cientifica-y-artistica-dia-mundial-del-sida-en-la-aldea-cultural-santa-rosa-de-lima\/#article","isPartOf":{"@id":"https:\/\/casadecampoliving.com\/es\/muestra-cientifica-y-artistica-dia-mundial-del-sida-en-la-aldea-cultural-santa-rosa-de-lima\/"},"author":{"name":"Daniela Medina","@id":"https:\/\/casadecampoliving.com\/es\/#\/schema\/person\/20e49d1b22266dc2b8f020b38201bd4e"},"headline":"Muestra Cientifica y Art\u00edstica D\u00eda Mundial del SIDA en la Aldea Cultural Santa Rosa de Lima","datePublished":"2014-12-13T04:00:00+00:00","dateModified":"2022-10-21T22:52:28+00:00","mainEntityOfPage":{"@id":"https:\/\/casadecampoliving.com\/es\/muestra-cientifica-y-artistica-dia-mundial-del-sida-en-la-aldea-cultural-santa-rosa-de-lima\/"},"wordCount":705,"publisher":{"@id":"https:\/\/casadecampoliving.com\/es\/#organization"},"image":{"@id":"https:\/\/casadecampoliving.com\/es\/muestra-cientifica-y-artistica-dia-mundial-del-sida-en-la-aldea-cultural-santa-rosa-de-lima\/#primaryimage"},"thumbnailUrl":"https:\/\/i0.wp.com\/casadecampoliving.com\/wp-content\/uploads\/2022\/10\/DSC_0355-1-scaled.jpg?fit=2560%2C1700&ssl=1","keywords":["clinica de la familia","La Romana","MAMI","sida","vih"],"articleSection":["Estilo de Vida","Eventos","Fundaciones","La Romana @es","M\u00e1s all\u00e1 de Casa","Noticias Locales","Proximamente"],"inLanguage":"es"},{"@type":"WebPage","@id":"https:\/\/casadecampoliving.com\/es\/muestra-cientifica-y-artistica-dia-mundial-del-sida-en-la-aldea-cultural-santa-rosa-de-lima\/","url":"https:\/\/casadecampoliving.com\/es\/muestra-cientifica-y-artistica-dia-mundial-del-sida-en-la-aldea-cultural-santa-rosa-de-lima\/","name":"Muestra Cientifica y Art\u00edstica D\u00eda Mundial del SIDA en la Aldea Cultural Santa Rosa de Lima | Casa de Campo Living","isPartOf":{"@id":"https:\/\/casadecampoliving.com\/es\/#website"},"primaryImageOfPage":{"@id":"https:\/\/casadecampoliving.com\/es\/muestra-cientifica-y-artistica-dia-mundial-del-sida-en-la-aldea-cultural-santa-rosa-de-lima\/#primaryimage"},"image":{"@id":"https:\/\/casadecampoliving.com\/es\/muestra-cientifica-y-artistica-dia-mundial-del-sida-en-la-aldea-cultural-santa-rosa-de-lima\/#primaryimage"},"thumbnailUrl":"https:\/\/i0.wp.com\/casadecampoliving.com\/wp-content\/uploads\/2022\/10\/DSC_0355-1-scaled.jpg?fit=2560%2C1700&ssl=1","datePublished":"2014-12-13T04:00:00+00:00","dateModified":"2022-10-21T22:52:28+00:00","description":"Para iniciar el mes con eventos que promueven la solidaridad en nuestra comunidad, el pasado lunes 1 de diciembre con motivo del D\u00eda Mundial de SIDA, se","breadcrumb":{"@id":"https:\/\/casadecampoliving.com\/es\/muestra-cientifica-y-artistica-dia-mundial-del-sida-en-la-aldea-cultural-santa-rosa-de-lima\/#breadcrumb"},"inLanguage":"es","potentialAction":[{"@type":"ReadAction","target":["https:\/\/casadecampoliving.com\/es\/muestra-cientifica-y-artistica-dia-mundial-del-sida-en-la-aldea-cultural-santa-rosa-de-lima\/"]}]},{"@type":"ImageObject","inLanguage":"es","@id":"https:\/\/casadecampoliving.com\/es\/muestra-cientifica-y-artistica-dia-mundial-del-sida-en-la-aldea-cultural-santa-rosa-de-lima\/#primaryimage","url":"https:\/\/i0.wp.com\/casadecampoliving.com\/wp-content\/uploads\/2022\/10\/DSC_0355-1-scaled.jpg?fit=2560%2C1700&ssl=1","contentUrl":"https:\/\/i0.wp.com\/casadecampoliving.com\/wp-content\/uploads\/2022\/10\/DSC_0355-1-scaled.jpg?fit=2560%2C1700&ssl=1","width":2560,"height":1700},{"@type":"BreadcrumbList","@id":"https:\/\/casadecampoliving.com\/es\/muestra-cientifica-y-artistica-dia-mundial-del-sida-en-la-aldea-cultural-santa-rosa-de-lima\/#breadcrumb","itemListElement":[{"@type":"ListItem","position":1,"name":"Home","item":"https:\/\/casadecampoliving.com\/es\/"},{"@type":"ListItem","position":2,"name":"Muestra Cientifica y Art\u00edstica D\u00eda Mundial del SIDA en la Aldea Cultural Santa Rosa de Lima"}]},{"@type":"WebSite","@id":"https:\/\/casadecampoliving.com\/es\/#website","url":"https:\/\/casadecampoliving.com\/es\/","name":"Casa de Campo Living","description":"Resort community news and resources.","publisher":{"@id":"https:\/\/casadecampoliving.com\/es\/#organization"},"potentialAction":[{"@type":"SearchAction","target":{"@type":"EntryPoint","urlTemplate":"https:\/\/casadecampoliving.com\/es\/?s={search_term_string}"},"query-input":{"@type":"PropertyValueSpecification","valueRequired":true,"valueName":"search_term_string"}}],"inLanguage":"es"},{"@type":"Organization","@id":"https:\/\/casadecampoliving.com\/es\/#organization","name":"Casa de Campo Living","url":"https:\/\/casadecampoliving.com\/es\/","logo":{"@type":"ImageObject","inLanguage":"es","@id":"https:\/\/casadecampoliving.com\/es\/#\/schema\/logo\/image\/","url":"https:\/\/i0.wp.com\/casadecampoliving.com\/wp-content\/uploads\/2022\/07\/CDCLivingLogo_V1-white-sized.png?fit=800%2C214&ssl=1","contentUrl":"https:\/\/i0.wp.com\/casadecampoliving.com\/wp-content\/uploads\/2022\/07\/CDCLivingLogo_V1-white-sized.png?fit=800%2C214&ssl=1","width":800,"height":214,"caption":"Casa de Campo Living"},"image":{"@id":"https:\/\/casadecampoliving.com\/es\/#\/schema\/logo\/image\/"},"sameAs":["https:\/\/www.facebook.com\/casadecampoliving","https:\/\/x.com\/cdcliving"]},{"@type":"Person","@id":"https:\/\/casadecampoliving.com\/es\/#\/schema\/person\/20e49d1b22266dc2b8f020b38201bd4e","name":"Daniela Medina","image":{"@type":"ImageObject","inLanguage":"es","@id":"https:\/\/secure.gravatar.com\/avatar\/65aa8415724474307d634c8364a0bd8ee551c4f0f01f2ffcc53e5a9856cb7369?s=96&d=mm&r=g","url":"https:\/\/secure.gravatar.com\/avatar\/65aa8415724474307d634c8364a0bd8ee551c4f0f01f2ffcc53e5a9856cb7369?s=96&d=mm&r=g","contentUrl":"https:\/\/secure.gravatar.com\/avatar\/65aa8415724474307d634c8364a0bd8ee551c4f0f01f2ffcc53e5a9856cb7369?s=96&d=mm&r=g","caption":"Daniela Medina"},"url":"https:\/\/casadecampoliving.com\/es\/author\/dmedina\/"}]}},"parsely":{"version":"1.1.0","canonical_url":"https:\/\/casadecampoliving.com\/es\/muestra-cientifica-y-artistica-dia-mundial-del-sida-en-la-aldea-cultural-santa-rosa-de-lima\/","smart_links":{"inbound":0,"outbound":0},"traffic_boost_suggestions_count":0,"meta":{"@context":"https:\/\/schema.org","@type":"NewsArticle","headline":"Muestra Cientifica y Art\u00edstica D\u00eda Mundial del SIDA en la Aldea Cultural Santa Rosa de Lima","url":"http:\/\/casadecampoliving.com\/es\/muestra-cientifica-y-artistica-dia-mundial-del-sida-en-la-aldea-cultural-santa-rosa-de-lima\/","mainEntityOfPage":{"@type":"WebPage","@id":"http:\/\/casadecampoliving.com\/es\/muestra-cientifica-y-artistica-dia-mundial-del-sida-en-la-aldea-cultural-santa-rosa-de-lima\/"},"thumbnailUrl":"https:\/\/i0.wp.com\/casadecampoliving.com\/wp-content\/uploads\/2022\/10\/DSC_0355-1-scaled.jpg?resize=150%2C150&ssl=1","image":{"@type":"ImageObject","url":"https:\/\/i0.wp.com\/casadecampoliving.com\/wp-content\/uploads\/2022\/10\/DSC_0355-1-scaled.jpg?fit=2560%2C1700&ssl=1"},"articleSection":"Estilo de Vida","author":[{"@type":"Person","name":"Daniela Medina"}],"creator":["Daniela Medina"],"publisher":{"@type":"Organization","name":"Casa de Campo Living","logo":"https:\/\/casadecampoliving.com\/wp-content\/uploads\/2022\/07\/CDCLivingLogo_V1-white-sized.png"},"keywords":["clinica de la familia","la romana","mami","sida","vih"],"dateCreated":"2014-12-13T04:00:00Z","datePublished":"2014-12-13T04:00:00Z","dateModified":"2022-10-21T22:52:28Z"},"rendered":"<script type=\"application\/ld+json\" class=\"wp-parsely-metadata\">{\"@context\":\"https:\\\/\\\/schema.org\",\"@type\":\"NewsArticle\",\"headline\":\"Muestra Cientifica y Art\\u00edstica D\\u00eda Mundial del SIDA en la Aldea Cultural Santa Rosa de Lima\",\"url\":\"http:\\\/\\\/casadecampoliving.com\\\/es\\\/muestra-cientifica-y-artistica-dia-mundial-del-sida-en-la-aldea-cultural-santa-rosa-de-lima\\\/\",\"mainEntityOfPage\":{\"@type\":\"WebPage\",\"@id\":\"http:\\\/\\\/casadecampoliving.com\\\/es\\\/muestra-cientifica-y-artistica-dia-mundial-del-sida-en-la-aldea-cultural-santa-rosa-de-lima\\\/\"},\"thumbnailUrl\":\"https:\\\/\\\/i0.wp.com\\\/casadecampoliving.com\\\/wp-content\\\/uploads\\\/2022\\\/10\\\/DSC_0355-1-scaled.jpg?resize=150%2C150&ssl=1\",\"image\":{\"@type\":\"ImageObject\",\"url\":\"https:\\\/\\\/i0.wp.com\\\/casadecampoliving.com\\\/wp-content\\\/uploads\\\/2022\\\/10\\\/DSC_0355-1-scaled.jpg?fit=2560%2C1700&ssl=1\"},\"articleSection\":\"Estilo de Vida\",\"author\":[{\"@type\":\"Person\",\"name\":\"Daniela Medina\"}],\"creator\":[\"Daniela Medina\"],\"publisher\":{\"@type\":\"Organization\",\"name\":\"Casa de Campo Living\",\"logo\":\"https:\\\/\\\/casadecampoliving.com\\\/wp-content\\\/uploads\\\/2022\\\/07\\\/CDCLivingLogo_V1-white-sized.png\"},\"keywords\":[\"clinica de la familia\",\"la romana\",\"mami\",\"sida\",\"vih\"],\"dateCreated\":\"2014-12-13T04:00:00Z\",\"datePublished\":\"2014-12-13T04:00:00Z\",\"dateModified\":\"2022-10-21T22:52:28Z\"}<\/script>","tracker_url":"https:\/\/cdn.parsely.com\/keys\/casadecampoliving.com\/p.js"},"jetpack_publicize_connections":[],"jetpack_featured_media_url":"https:\/\/i0.wp.com\/casadecampoliving.com\/wp-content\/uploads\/2022\/10\/DSC_0355-1-scaled.jpg?fit=2560%2C1700&ssl=1","jetpack-related-posts":[{"id":324833,"url":"https:\/\/casadecampoliving.com\/world-aids-day-aldea-cultural-santa-rosa-de-lima\/","url_meta":{"origin":346174,"position":0},"title":"Comemorating World AIDS Day at the Aldea Cultural Santa Rosa de Lima","author":"Daniela Medina","date":"13 Dic, 2014","format":false,"excerpt":"On Monday December 1st, World AIDS Day, a Scientific and Artistic Display celebration \u00a0took place at the Aldea Cultural Santa Rosa de Lima, the new cultural village in La Romana. This activity which united\u00a0middle and high school students of many schools in the La Romana area was organized by the\u00a0Cl\u00ednica\u2026","rel":"","context":"En \u00abBeyond Casa\u00bb","block_context":{"text":"Beyond Casa","link":"https:\/\/casadecampoliving.com\/category\/beyond-casa\/"},"img":{"alt_text":"","src":"https:\/\/i0.wp.com\/casadecampoliving.com\/wp-content\/uploads\/2022\/10\/DSC_0355-1-scaled.jpg?fit=1200%2C797&ssl=1&resize=350%2C200","width":350,"height":200,"srcset":"https:\/\/i0.wp.com\/casadecampoliving.com\/wp-content\/uploads\/2022\/10\/DSC_0355-1-scaled.jpg?fit=1200%2C797&ssl=1&resize=350%2C200 1x, https:\/\/i0.wp.com\/casadecampoliving.com\/wp-content\/uploads\/2022\/10\/DSC_0355-1-scaled.jpg?fit=1200%2C797&ssl=1&resize=525%2C300 1.5x, https:\/\/i0.wp.com\/casadecampoliving.com\/wp-content\/uploads\/2022\/10\/DSC_0355-1-scaled.jpg?fit=1200%2C797&ssl=1&resize=700%2C400 2x, https:\/\/i0.wp.com\/casadecampoliving.com\/wp-content\/uploads\/2022\/10\/DSC_0355-1-scaled.jpg?fit=1200%2C797&ssl=1&resize=1050%2C600 3x"},"classes":[]},{"id":348807,"url":"https:\/\/casadecampoliving.com\/es\/exposicion-artistica-y-cientifica-por-el-dia-mundial-del-sida\/","url_meta":{"origin":346174,"position":1},"title":"Exposici\u00f3n Art\u00edstica y Cient\u00edfica por el D\u00eda Mundial del SIDA","author":"Felix Guerrero","date":"12 Dic, 2015","format":false,"excerpt":"El pasado martes, 1ro\u00a0de diciembre, con motivo del D\u00eda Mundial del SIDA, la Cl\u00ednica de Familia La Romana junto con el M\u00f3dulo Anexo Materno Infantil (MAMI) organizaron por tercer a\u00f1o consecutivo su tradicional\u00a0Muestra Cient\u00edfica y Art\u00edstica\u00a0en el Sal\u00f3n Parroquial de la Iglesia Sagrado Coraz\u00f3n de Jes\u00fas en La Romana y\u2026","rel":"","context":"En \u00abArte y cultura\u00bb","block_context":{"text":"Arte y cultura","link":"https:\/\/casadecampoliving.com\/category\/arte-y-cultura\/"},"img":{"alt_text":"Hogar del Ni\u00f1o D\u00eda Mundial del SIDA","src":"https:\/\/i0.wp.com\/casadecampoliving.com\/wp-content\/uploads\/2022\/10\/Hogar-del-Nino-Dia-Mundial-del-SIDA-1.jpg?fit=650%2C400&ssl=1&resize=350%2C200","width":350,"height":200,"srcset":"https:\/\/i0.wp.com\/casadecampoliving.com\/wp-content\/uploads\/2022\/10\/Hogar-del-Nino-Dia-Mundial-del-SIDA-1.jpg?fit=650%2C400&ssl=1&resize=350%2C200 1x, https:\/\/i0.wp.com\/casadecampoliving.com\/wp-content\/uploads\/2022\/10\/Hogar-del-Nino-Dia-Mundial-del-SIDA-1.jpg?fit=650%2C400&ssl=1&resize=525%2C300 1.5x"},"classes":[]},{"id":352324,"url":"https:\/\/casadecampoliving.com\/es\/quinta-muestra-cientifica-dia-mundial-del-sida-por-clinica-de-familia\/","url_meta":{"origin":346174,"position":2},"title":"Quinta Muestra Cient\u00edfica D\u00eda Mundial del SIDA organizado por Cl\u00ednica de Familia","author":"Casa de Campo Living","date":"26 Dic, 2017","format":false,"excerpt":"El 30 de noviembre, se realiz\u00f3 nuestra tradicional quinta Muestra Cient\u00edfica con motivo del D\u00eda Mundial de la Lucha contra el SIDA. La misma tuvo lugar en el Sal\u00f3n Multiuso de Polit\u00e9cnico Calasanz San Eduardo, con la participaci\u00f3n de nueve grupos expositores y m\u00e1s de 200 estudiantes de este polit\u00e9cnico.\u2026","rel":"","context":"En \u00abLa Romana @es\u00bb","block_context":{"text":"La Romana @es","link":"https:\/\/casadecampoliving.com\/es\/category\/mas-alla-de-casa-es\/la-romana-es\/"},"img":{"alt_text":"","src":"https:\/\/i0.wp.com\/casadecampoliving.com\/wp-content\/uploads\/2022\/10\/IMGP0205.jpg?fit=1000%2C667&ssl=1&resize=350%2C200","width":350,"height":200,"srcset":"https:\/\/i0.wp.com\/casadecampoliving.com\/wp-content\/uploads\/2022\/10\/IMGP0205.jpg?fit=1000%2C667&ssl=1&resize=350%2C200 1x, https:\/\/i0.wp.com\/casadecampoliving.com\/wp-content\/uploads\/2022\/10\/IMGP0205.jpg?fit=1000%2C667&ssl=1&resize=525%2C300 1.5x, https:\/\/i0.wp.com\/casadecampoliving.com\/wp-content\/uploads\/2022\/10\/IMGP0205.jpg?fit=1000%2C667&ssl=1&resize=700%2C400 2x"},"classes":[]},{"id":353051,"url":"https:\/\/casadecampoliving.com\/es\/charla-de-multiplicadores-de-la-escuela-hogar-del-nino-en-conmemoracion-del-dia-mundial-del-sida\/","url_meta":{"origin":346174,"position":3},"title":"Charla de Multiplicadores de la Escuela Hogar del Ni\u00f1o en Conmemoraci\u00f3n del D\u00eda Mundial del SIDA","author":"Casa de Campo Living","date":"12 Dic, 2018","format":false,"excerpt":"El M\u00f3dulo Anexo Materno Infantil (MAMI) realiza durante el a\u00f1o escolar charlas sobre educaci\u00f3n sexual y reproductiva en escuelas y liceos de La Romana, as\u00ed como bateyes cercanos, las cuales abarcan temas sobre prevenci\u00f3n de embarazos en adolescentes, planificaci\u00f3n familiar, prevenci\u00f3n de infecciones de transmisi\u00f3n sexual, entre otras, con el\u2026","rel":"","context":"En \u00abLa Romana @es\u00bb","block_context":{"text":"La Romana @es","link":"https:\/\/casadecampoliving.com\/es\/category\/mas-alla-de-casa-es\/la-romana-es\/"},"img":{"alt_text":"","src":"https:\/\/i0.wp.com\/casadecampoliving.com\/wp-content\/uploads\/2018\/12\/DSC_0311-2-2.jpg?resize=350%2C200&ssl=1","width":350,"height":200,"srcset":"https:\/\/i0.wp.com\/casadecampoliving.com\/wp-content\/uploads\/2018\/12\/DSC_0311-2-2.jpg?resize=350%2C200&ssl=1 1x, https:\/\/i0.wp.com\/casadecampoliving.com\/wp-content\/uploads\/2018\/12\/DSC_0311-2-2.jpg?resize=525%2C300&ssl=1 1.5x, https:\/\/i0.wp.com\/casadecampoliving.com\/wp-content\/uploads\/2018\/12\/DSC_0311-2-2.jpg?resize=700%2C400&ssl=1 2x"},"classes":[]},{"id":347241,"url":"https:\/\/casadecampoliving.com\/es\/ballet-de-israel-en-la-aldea-cultural-santa-rosa-de-lima\/","url_meta":{"origin":346174,"position":4},"title":"Ballet de Israel en la Aldea Cultural Santa Rosa de Lima","author":"Perkin Agramonte","date":"20 Abr, 2015","format":false,"excerpt":"Este domingo 26 de abril de 2015, la Aldea Cultural Santa\u00a0Rosa de Lima continuar\u00e1 con su serie de presentaciones patrocinadas por el Ministerio de Cultura de la Rep\u00fablica Dominicana, y en esta ocasi\u00f3n nos invitan a una funci\u00f3n m\u00e1gica de ballet, donde todo el mundo podr\u00e1 disfrutar de una amplia\u2026","rel":"","context":"En \u00abArte y cultura\u00bb","block_context":{"text":"Arte y cultura","link":"https:\/\/casadecampoliving.com\/category\/arte-y-cultura\/"},"img":{"alt_text":"","src":"https:\/\/i0.wp.com\/casadecampoliving.com\/wp-content\/uploads\/2022\/10\/Untitled-design-5.png?fit=940%2C788&ssl=1&resize=350%2C200","width":350,"height":200,"srcset":"https:\/\/i0.wp.com\/casadecampoliving.com\/wp-content\/uploads\/2022\/10\/Untitled-design-5.png?fit=940%2C788&ssl=1&resize=350%2C200 1x, https:\/\/i0.wp.com\/casadecampoliving.com\/wp-content\/uploads\/2022\/10\/Untitled-design-5.png?fit=940%2C788&ssl=1&resize=525%2C300 1.5x, https:\/\/i0.wp.com\/casadecampoliving.com\/wp-content\/uploads\/2022\/10\/Untitled-design-5.png?fit=940%2C788&ssl=1&resize=700%2C400 2x"},"classes":[]},{"id":351045,"url":"https:\/\/casadecampoliving.com\/es\/pintura-por-los-valores-en-aldea-cultural-santa-rosa-de-lima\/","url_meta":{"origin":346174,"position":5},"title":"Vea ma\u00f1ana la exposici\u00f3n de \u00abPintura Joven por los Valores\u00bb en la Aldea Cultural Santa Rosa de Lima","author":"Marlenys Guzm\u00e1n Casta\u00f1os","date":"20 Ene, 2017","format":false,"excerpt":"La Vicepresidencia de la Rep\u00fablica y el programa Progresando con Solidaridad (Prosoli) realizaron\u00a0el Tercer Concurso Nacional de Pintura Joven por los Valores el a\u00f1o pasado en el que artistas de 18-35 a\u00f1os presentaron piezas de arte con un mensaje com\u00fan: prevenci\u00f3n de la violencia contra Mujeres y proclamar una nueva\u2026","rel":"","context":"En \u00abArte y cultura\u00bb","block_context":{"text":"Arte y cultura","link":"https:\/\/casadecampoliving.com\/category\/arte-y-cultura\/"},"img":{"alt_text":"","src":"https:\/\/i0.wp.com\/casadecampoliving.com\/wp-content\/uploads\/2022\/10\/art-piece-1-1.jpg?fit=1000%2C717&ssl=1&resize=350%2C200","width":350,"height":200,"srcset":"https:\/\/i0.wp.com\/casadecampoliving.com\/wp-content\/uploads\/2022\/10\/art-piece-1-1.jpg?fit=1000%2C717&ssl=1&resize=350%2C200 1x, https:\/\/i0.wp.com\/casadecampoliving.com\/wp-content\/uploads\/2022\/10\/art-piece-1-1.jpg?fit=1000%2C717&ssl=1&resize=525%2C300 1.5x, https:\/\/i0.wp.com\/casadecampoliving.com\/wp-content\/uploads\/2022\/10\/art-piece-1-1.jpg?fit=1000%2C717&ssl=1&resize=700%2C400 2x"},"classes":[]}],"jetpack_sharing_enabled":true,"_links":{"self":[{"href":"https:\/\/casadecampoliving.com\/es\/wp-json\/wp\/v2\/posts\/346174","targetHints":{"allow":["GET"]}}],"collection":[{"href":"https:\/\/casadecampoliving.com\/es\/wp-json\/wp\/v2\/posts"}],"about":[{"href":"https:\/\/casadecampoliving.com\/es\/wp-json\/wp\/v2\/types\/post"}],"author":[{"embeddable":true,"href":"https:\/\/casadecampoliving.com\/es\/wp-json\/wp\/v2\/users\/23245"}],"replies":[{"embeddable":true,"href":"https:\/\/casadecampoliving.com\/es\/wp-json\/wp\/v2\/comments?post=346174"}],"version-history":[{"count":1,"href":"https:\/\/casadecampoliving.com\/es\/wp-json\/wp\/v2\/posts\/346174\/revisions"}],"predecessor-version":[{"id":346175,"href":"https:\/\/casadecampoliving.com\/es\/wp-json\/wp\/v2\/posts\/346174\/revisions\/346175"}],"wp:featuredmedia":[{"embeddable":true,"href":"https:\/\/casadecampoliving.com\/es\/wp-json\/wp\/v2\/media\/292524"}],"wp:attachment":[{"href":"https:\/\/casadecampoliving.com\/es\/wp-json\/wp\/v2\/media?parent=346174"}],"wp:term":[{"taxonomy":"category","embeddable":true,"href":"https:\/\/casadecampoliving.com\/es\/wp-json\/wp\/v2\/categories?post=346174"},{"taxonomy":"post_tag","embeddable":true,"href":"https:\/\/casadecampoliving.com\/es\/wp-json\/wp\/v2\/tags?post=346174"},{"taxonomy":"newspack_spnsrs_tax","embeddable":true,"href":"https:\/\/casadecampoliving.com\/es\/wp-json\/wp\/v2\/newspack_spnsrs_tax?post=346174"}],"curies":[{"name":"wp","href":"https:\/\/api.w.org\/{rel}","templated":true}]}}