{"id":346035,"date":"2014-11-21T00:00:00","date_gmt":"2014-11-21T04:00:00","guid":{"rendered":"https:\/\/casadecampoliving.com\/guarde-la-fecha-para-el-cafe-de-la-leche-mas-magico\/"},"modified":"2022-10-21T18:57:22","modified_gmt":"2022-10-21T22:57:22","slug":"guarde-la-fecha-para-el-cafe-de-la-leche-mas-magico","status":"publish","type":"post","link":"https:\/\/casadecampoliving.com\/es\/guarde-la-fecha-para-el-cafe-de-la-leche-mas-magico\/","title":{"rendered":"\u00a1Guarde la fecha para el Caf\u00e9 de la Leche m\u00e1s m\u00e1gico!"},"content":{"rendered":"<div class=\"wp-block-image\">\n<figure class=\"aligncenter is-resized\"><img loading=\"lazy\" decoding=\"async\" src=\"https:\/\/i0.wp.com\/casadecampoliving.com\/wp-content\/uploads\/2022\/10\/christmas_cafe_de_la_leche-2.jpeg?resize=650%2C410&amp;ssl=1\" alt=\"Christmas Cafe de la Leche\" class=\"wp-image-61499\" height=\"410\" width=\"650\"\/><\/figure>\n<\/div>\n\n\n<p>\u00bfEst\u00e1 listo para la temporada m\u00e1s m\u00e1gica del a\u00f1o? Bueno, pues guarde la fecha para el comienzo de la temporada navide\u00f1a \u2013 \u00a1el Caf\u00e9 de la Leche Navide\u00f1o! \u00a1Uno de los eventos favoritos del calendario social de Casa de Campo!<\/p>\n\n\n\n<!--more-->\n\n\n\n<p>Organizado por Xiomara Men\u00e9ndez, este m\u00e1gico Caf\u00e9 de la Leche normalmente se efect\u00faa el primer viernes de diciembre, pero por la funci\u00f3n de Ballet Don Quijote el 5 de diciembre y el Casa de Campo Corre el 6 de diciembre, el Hogar del Ni\u00f1o decidi\u00f3 cambiar la fecha para el Viernes 12 de Diciembre.<\/p>\n\n\n\n<h3 class=\"wp-block-heading\">\u00bfY por qu\u00e9 nos encanta el Caf\u00e9 de la Leche Navide\u00f1o?<\/h3>\n\n\n<div class=\"wp-block-image\">\n<figure class=\"alignright is-resized\"><a href=\"https:\/\/i0.wp.com\/casadecampoliving.com\/wp-content\/uploads\/2022\/10\/christmas_cafe_de_la_leche1.jpeg?ssl=1\"><img loading=\"lazy\" decoding=\"async\" src=\"https:\/\/i0.wp.com\/casadecampoliving.com\/wp-content\/uploads\/2022\/10\/christmas_cafe_de_la_leche1.jpeg?resize=230%2C278&amp;ssl=1\" alt=\"Christmas Cafe de la Leche\" class=\"wp-image-61501\" height=\"278\" width=\"230\"\/><\/a><\/figure>\n<\/div>\n\n\n<p><strong>1.<\/strong> Anuncia el comienzo de la temporada navide\u00f1a en Casa de Campo (no oficialmente).<\/p>\n\n\n\n<p><strong>2.<\/strong> El hogar de Xiomara Men\u00e9ndez (d\u00f3nde dicha celebraci\u00f3n toma lugar) es un m\u00e1gico mundo de nieve, con docenas de brillantes \u00e1rboles de Navidad y hasta una aldea navide\u00f1a en miniatura.<\/p>\n\n\n\n<p><strong>3.<\/strong> \u00a1Ponche! \u00bf\u00a1A qui\u00e9n no le gusta el ponche de huevo!?<\/p>\n\n\n\n<p><strong>4.<\/strong> \u00a1Reunimos dulces! Para el Caf\u00e9 de la Leche Navide\u00f1o, en vez de leche, el Hogar del Ni\u00f1o pide donaciones de dulces para sus fiestas escolares de Navidad.<\/p>\n\n\n\n<p>Esperamos verlos a todos en el Caf\u00e9 de la Leche Navide\u00f1o<\/p>\n\n\n\n<blockquote><h3><strong>Caf\u00e9 de la Leche Navide\u00f1o con Xiomara Men\u00e9ndez<\/strong><\/h3><p><strong>Cuando:<\/strong>&nbsp;viernes 12 de diciembre, 5pm \u2013 7pm<\/p><p><strong>Donde:<\/strong>&nbsp;Bah\u00eda Minitas #5, Casa de Campo<\/p><p><b>Contribuci\u00f3n<\/b><strong>: <\/strong>Dulces para la fiesta de e Hogar del Ni\u00f1os<\/p><p><strong>Info:<\/strong>&nbsp;(809) 523-8901<\/p><p>Para ver el calendario navide\u00f1o de las actividades y eventos visite:&nbsp;<strong><a href=\"http:\/\/www.TODO.fm\">www.TODO.fm<\/a><\/strong><\/p><\/blockquote>\n\n\n\n<blockquote><p><span style=\"color: #000000;\"><strong style=\"font-size: 13px;\"><a href=\"https:\/\/casadecampoliving.com\/hogardelnino\/\">Hogar del Ni\u00f1o<\/a><\/strong><\/span><\/p><figure><img decoding=\"async\" loading=\"lazy\" title=\"hogar_del_nino_la_romana\" src=\"https:\/\/i0.wp.com\/casadecampoliving.com\/wp-content\/uploads\/2022\/10\/hogar_del_nino_la_romana.jpg?resize=550%2C299&amp;ssl=1\" alt=\"hogar del nino la romana\" width=\"550\" height=\"299\"><\/figure><p><span style=\"color: #000000;\"><\/span><\/p><p><span style=\"color: #000000;\">El Hogar del Ni\u00f1o es una guarder\u00eda y un centro educativo para m\u00e1s de 1.500 ni\u00f1os, ubicada en La Romana ciudad, justo en las afueras de la Casa de Campo. Ni\u00f1os desde j\u00f3venes de 18 a\u00f1os de edad, hasta pocos meses de edad son atendidos y educados diariamente, desde las 5:30am hasta 7:00pm de la tarde.<\/span><\/p><p><span style=\"color: #000000;\"><strong><a href=\"https:\/\/casadecampoliving.com\/hogardelnino\/\"><span style=\"color: #000000;\">\u00a1Haga clic aqu\u00ed para m\u00e1s informaci\u00f3n!<\/span><\/a><\/strong><\/span><\/p><\/blockquote>\n","protected":false},"excerpt":{"rendered":"<p>\u00bfEst\u00e1 listo para la temporada m\u00e1s m\u00e1gica del a\u00f1o? Bueno, pues guarde la fecha para el comienzo de la temporada navide\u00f1a \u2013 \u00a1el Caf\u00e9 de la Leche Navide\u00f1o! \u00a1Uno de los eventos favoritos del calendario social de Casa de Campo!<\/p>\n","protected":false},"author":22010,"featured_media":247446,"comment_status":"closed","ping_status":"closed","sticky":false,"template":"","format":"standard","meta":{"newspack_ads_suppress_ads":false,"newspack_popups_has_disabled_popups":false,"newspack_sponsor_sponsorship_scope":"","newspack_sponsor_native_byline_display":"inherit","newspack_sponsor_native_category_display":"inherit","newspack_sponsor_underwriter_style":"inherit","newspack_sponsor_underwriter_placement":"inherit","_newspack_byline_active":false,"_newspack_byline":"","newspack_hide_updated_date":false,"newspack_show_updated_date":false,"newspack_content_restriction_is_exempt":false,"newspack_featured_image_position":"","newspack_post_subtitle":"","newspack_article_summary_title":"Overview:","newspack_article_summary":"","_jetpack_memberships_contains_paid_content":false,"footnotes":"","jetpack_publicize_message":"","jetpack_publicize_feature_enabled":true,"jetpack_social_post_already_shared":false,"jetpack_social_options":{"image_generator_settings":{"template":"highway","default_image_id":0,"font":"","enabled":false},"version":2},"_wpas_customize_per_network":false},"categories":[26936,26951,2524,14631,2522,2514,2516,14625,14627,2521,26822],"tags":[23755,13827,13814,4484,23828,3074],"newspack_spnsrs_tax":[],"class_list":["post-346035","post","type-post","status-publish","format-standard","has-post-thumbnail","hentry","category-casa-de-campo-living-es","category-ccl-presenta","category-destacados","category-estilo-de-vida","category-eventos-es","category-fundaciones-es","category-hogar-del-nino-es","category-noticias-locales","category-proximamente","category-republica-dominicana-2","category-resort-casa-de-campo","tag-cafe-de-la-leche-es-5","tag-casa-de-campo-living","tag-casa-de-campo-resort","tag-el-hogar-del-nino","tag-patronato-benefico-oriental-es-2","tag-xiomara-menendez","entry"],"yoast_head":"<!-- This site is optimized with the Yoast SEO plugin v27.4 - https:\/\/yoast.com\/product\/yoast-seo-wordpress\/ -->\n<title>\u00a1Guarde la fecha para el Caf\u00e9 de la Leche m\u00e1s m\u00e1gico! | Casa de Campo Living<\/title>\n<meta name=\"description\" content=\"\u00bfEst\u00e1 listo para la temporada m\u00e1s m\u00e1gica del a\u00f1o? Bueno, pues guarde la fecha para el comienzo de la temporada navide\u00f1a \u2013 \u00a1el Caf\u00e9 de la Leche Navide\u00f1o!\" \/>\n<meta name=\"robots\" content=\"index, follow, max-snippet:-1, max-image-preview:large, max-video-preview:-1\" \/>\n<link rel=\"canonical\" href=\"https:\/\/casadecampoliving.com\/es\/guarde-la-fecha-para-el-cafe-de-la-leche-mas-magico\/\" \/>\n<meta property=\"og:locale\" content=\"es_ES\" \/>\n<meta property=\"og:type\" content=\"article\" \/>\n<meta property=\"og:title\" content=\"\u00a1Guarde la fecha para el Caf\u00e9 de la Leche m\u00e1s m\u00e1gico! | Casa de Campo Living\" \/>\n<meta property=\"og:description\" content=\"\u00bfEst\u00e1 listo para la temporada m\u00e1s m\u00e1gica del a\u00f1o? Bueno, pues guarde la fecha para el comienzo de la temporada navide\u00f1a \u2013 \u00a1el Caf\u00e9 de la Leche Navide\u00f1o!\" \/>\n<meta property=\"og:url\" content=\"https:\/\/casadecampoliving.com\/es\/guarde-la-fecha-para-el-cafe-de-la-leche-mas-magico\/\" \/>\n<meta property=\"og:site_name\" content=\"Casa de Campo Living\" \/>\n<meta property=\"article:publisher\" content=\"https:\/\/www.facebook.com\/casadecampoliving\" \/>\n<meta property=\"article:published_time\" content=\"2014-11-21T04:00:00+00:00\" \/>\n<meta property=\"article:modified_time\" content=\"2022-10-21T22:57:22+00:00\" \/>\n<meta property=\"og:image\" content=\"https:\/\/i0.wp.com\/casadecampoliving.com\/wp-content\/uploads\/2022\/10\/xiomara_matos_xiomara_menedez_rebecca_hughes-1.jpg?fit=650%2C433&ssl=1\" \/>\n\t<meta property=\"og:image:width\" content=\"650\" \/>\n\t<meta property=\"og:image:height\" content=\"433\" \/>\n\t<meta property=\"og:image:type\" content=\"image\/jpeg\" \/>\n<meta name=\"author\" content=\"Maria Isabel B\u00e1ez\" \/>\n<meta name=\"twitter:card\" content=\"summary_large_image\" \/>\n<meta name=\"twitter:creator\" content=\"@cdcliving\" \/>\n<meta name=\"twitter:site\" content=\"@cdcliving\" \/>\n<meta name=\"twitter:label1\" content=\"Escrito por\" \/>\n\t<meta name=\"twitter:data1\" content=\"Maria Isabel B\u00e1ez\" \/>\n\t<meta name=\"twitter:label2\" content=\"Tiempo de lectura\" \/>\n\t<meta name=\"twitter:data2\" content=\"2 minutos\" \/>\n<script type=\"application\/ld+json\" class=\"yoast-schema-graph\">{\"@context\":\"https:\\\/\\\/schema.org\",\"@graph\":[{\"@type\":\"Article\",\"@id\":\"https:\\\/\\\/casadecampoliving.com\\\/es\\\/guarde-la-fecha-para-el-cafe-de-la-leche-mas-magico\\\/#article\",\"isPartOf\":{\"@id\":\"https:\\\/\\\/casadecampoliving.com\\\/es\\\/guarde-la-fecha-para-el-cafe-de-la-leche-mas-magico\\\/\"},\"author\":{\"name\":\"Maria Isabel B\u00e1ez\",\"@id\":\"https:\\\/\\\/casadecampoliving.com\\\/es\\\/#\\\/schema\\\/person\\\/8fc218930d06cbe215cf6c4fc64caa11\"},\"headline\":\"\u00a1Guarde la fecha para el Caf\u00e9 de la Leche m\u00e1s m\u00e1gico!\",\"datePublished\":\"2014-11-21T04:00:00+00:00\",\"dateModified\":\"2022-10-21T22:57:22+00:00\",\"mainEntityOfPage\":{\"@id\":\"https:\\\/\\\/casadecampoliving.com\\\/es\\\/guarde-la-fecha-para-el-cafe-de-la-leche-mas-magico\\\/\"},\"wordCount\":355,\"publisher\":{\"@id\":\"https:\\\/\\\/casadecampoliving.com\\\/es\\\/#organization\"},\"image\":{\"@id\":\"https:\\\/\\\/casadecampoliving.com\\\/es\\\/guarde-la-fecha-para-el-cafe-de-la-leche-mas-magico\\\/#primaryimage\"},\"thumbnailUrl\":\"https:\\\/\\\/i0.wp.com\\\/casadecampoliving.com\\\/wp-content\\\/uploads\\\/2022\\\/10\\\/xiomara_matos_xiomara_menedez_rebecca_hughes-1.jpg?fit=650%2C433&ssl=1\",\"keywords\":[\"cafe de la leche\",\"Casa de Campo Living\",\"Casa de Campo Resort\",\"el hogar del nino\",\"patronato ben\u00e9fico oriental\",\"xiomara menendez\"],\"articleSection\":[\"Casa de Campo Living @es\",\"CCL presenta\",\"Destacados\",\"Estilo de Vida\",\"Eventos\",\"Fundaciones\",\"Hogar del Ni\u00f1o @es\",\"Noticias Locales\",\"Proximamente\",\"Rep\u00fablica Dominicana @es\",\"Resort Casa de Campo\"],\"inLanguage\":\"es\"},{\"@type\":\"WebPage\",\"@id\":\"https:\\\/\\\/casadecampoliving.com\\\/es\\\/guarde-la-fecha-para-el-cafe-de-la-leche-mas-magico\\\/\",\"url\":\"https:\\\/\\\/casadecampoliving.com\\\/es\\\/guarde-la-fecha-para-el-cafe-de-la-leche-mas-magico\\\/\",\"name\":\"\u00a1Guarde la fecha para el Caf\u00e9 de la Leche m\u00e1s m\u00e1gico! | Casa de Campo Living\",\"isPartOf\":{\"@id\":\"https:\\\/\\\/casadecampoliving.com\\\/es\\\/#website\"},\"primaryImageOfPage\":{\"@id\":\"https:\\\/\\\/casadecampoliving.com\\\/es\\\/guarde-la-fecha-para-el-cafe-de-la-leche-mas-magico\\\/#primaryimage\"},\"image\":{\"@id\":\"https:\\\/\\\/casadecampoliving.com\\\/es\\\/guarde-la-fecha-para-el-cafe-de-la-leche-mas-magico\\\/#primaryimage\"},\"thumbnailUrl\":\"https:\\\/\\\/i0.wp.com\\\/casadecampoliving.com\\\/wp-content\\\/uploads\\\/2022\\\/10\\\/xiomara_matos_xiomara_menedez_rebecca_hughes-1.jpg?fit=650%2C433&ssl=1\",\"datePublished\":\"2014-11-21T04:00:00+00:00\",\"dateModified\":\"2022-10-21T22:57:22+00:00\",\"description\":\"\u00bfEst\u00e1 listo para la temporada m\u00e1s m\u00e1gica del a\u00f1o? Bueno, pues guarde la fecha para el comienzo de la temporada navide\u00f1a \u2013 \u00a1el Caf\u00e9 de la Leche Navide\u00f1o!\",\"breadcrumb\":{\"@id\":\"https:\\\/\\\/casadecampoliving.com\\\/es\\\/guarde-la-fecha-para-el-cafe-de-la-leche-mas-magico\\\/#breadcrumb\"},\"inLanguage\":\"es\",\"potentialAction\":[{\"@type\":\"ReadAction\",\"target\":[\"https:\\\/\\\/casadecampoliving.com\\\/es\\\/guarde-la-fecha-para-el-cafe-de-la-leche-mas-magico\\\/\"]}]},{\"@type\":\"ImageObject\",\"inLanguage\":\"es\",\"@id\":\"https:\\\/\\\/casadecampoliving.com\\\/es\\\/guarde-la-fecha-para-el-cafe-de-la-leche-mas-magico\\\/#primaryimage\",\"url\":\"https:\\\/\\\/i0.wp.com\\\/casadecampoliving.com\\\/wp-content\\\/uploads\\\/2022\\\/10\\\/xiomara_matos_xiomara_menedez_rebecca_hughes-1.jpg?fit=650%2C433&ssl=1\",\"contentUrl\":\"https:\\\/\\\/i0.wp.com\\\/casadecampoliving.com\\\/wp-content\\\/uploads\\\/2022\\\/10\\\/xiomara_matos_xiomara_menedez_rebecca_hughes-1.jpg?fit=650%2C433&ssl=1\",\"width\":650,\"height\":433,\"caption\":\"Xiomara Matos, Xiomara Men\u00e9ndez and Rebecca Hughes\"},{\"@type\":\"BreadcrumbList\",\"@id\":\"https:\\\/\\\/casadecampoliving.com\\\/es\\\/guarde-la-fecha-para-el-cafe-de-la-leche-mas-magico\\\/#breadcrumb\",\"itemListElement\":[{\"@type\":\"ListItem\",\"position\":1,\"name\":\"Home\",\"item\":\"https:\\\/\\\/casadecampoliving.com\\\/es\\\/\"},{\"@type\":\"ListItem\",\"position\":2,\"name\":\"\u00a1Guarde la fecha para el Caf\u00e9 de la Leche m\u00e1s m\u00e1gico!\"}]},{\"@type\":\"WebSite\",\"@id\":\"https:\\\/\\\/casadecampoliving.com\\\/es\\\/#website\",\"url\":\"https:\\\/\\\/casadecampoliving.com\\\/es\\\/\",\"name\":\"Casa de Campo Living\",\"description\":\"Resort community news and resources.\",\"publisher\":{\"@id\":\"https:\\\/\\\/casadecampoliving.com\\\/es\\\/#organization\"},\"potentialAction\":[{\"@type\":\"SearchAction\",\"target\":{\"@type\":\"EntryPoint\",\"urlTemplate\":\"https:\\\/\\\/casadecampoliving.com\\\/es\\\/?s={search_term_string}\"},\"query-input\":{\"@type\":\"PropertyValueSpecification\",\"valueRequired\":true,\"valueName\":\"search_term_string\"}}],\"inLanguage\":\"es\"},{\"@type\":\"Organization\",\"@id\":\"https:\\\/\\\/casadecampoliving.com\\\/es\\\/#organization\",\"name\":\"Casa de Campo Living\",\"url\":\"https:\\\/\\\/casadecampoliving.com\\\/es\\\/\",\"logo\":{\"@type\":\"ImageObject\",\"inLanguage\":\"es\",\"@id\":\"https:\\\/\\\/casadecampoliving.com\\\/es\\\/#\\\/schema\\\/logo\\\/image\\\/\",\"url\":\"https:\\\/\\\/i0.wp.com\\\/casadecampoliving.com\\\/wp-content\\\/uploads\\\/2022\\\/07\\\/CDCLivingLogo_V1-white-sized.png?fit=800%2C214&ssl=1\",\"contentUrl\":\"https:\\\/\\\/i0.wp.com\\\/casadecampoliving.com\\\/wp-content\\\/uploads\\\/2022\\\/07\\\/CDCLivingLogo_V1-white-sized.png?fit=800%2C214&ssl=1\",\"width\":800,\"height\":214,\"caption\":\"Casa de Campo Living\"},\"image\":{\"@id\":\"https:\\\/\\\/casadecampoliving.com\\\/es\\\/#\\\/schema\\\/logo\\\/image\\\/\"},\"sameAs\":[\"https:\\\/\\\/www.facebook.com\\\/casadecampoliving\",\"https:\\\/\\\/x.com\\\/cdcliving\"]},{\"@type\":\"Person\",\"@id\":\"https:\\\/\\\/casadecampoliving.com\\\/es\\\/#\\\/schema\\\/person\\\/8fc218930d06cbe215cf6c4fc64caa11\",\"name\":\"Maria Isabel B\u00e1ez\",\"image\":{\"@type\":\"ImageObject\",\"inLanguage\":\"es\",\"@id\":\"https:\\\/\\\/secure.gravatar.com\\\/avatar\\\/d6e25af8826ab9ae04e6fcc864034c13600a3a03fc45e4bd8fe7ab8c4d289c2a?s=96&d=mm&r=g\",\"url\":\"https:\\\/\\\/secure.gravatar.com\\\/avatar\\\/d6e25af8826ab9ae04e6fcc864034c13600a3a03fc45e4bd8fe7ab8c4d289c2a?s=96&d=mm&r=g\",\"contentUrl\":\"https:\\\/\\\/secure.gravatar.com\\\/avatar\\\/d6e25af8826ab9ae04e6fcc864034c13600a3a03fc45e4bd8fe7ab8c4d289c2a?s=96&d=mm&r=g\",\"caption\":\"Maria Isabel B\u00e1ez\"},\"url\":\"https:\\\/\\\/casadecampoliving.com\\\/es\\\/author\\\/mbaez\\\/\"}]}<\/script>\n<!-- \/ Yoast SEO plugin. -->","yoast_head_json":{"title":"\u00a1Guarde la fecha para el Caf\u00e9 de la Leche m\u00e1s m\u00e1gico! | Casa de Campo Living","description":"\u00bfEst\u00e1 listo para la temporada m\u00e1s m\u00e1gica del a\u00f1o? Bueno, pues guarde la fecha para el comienzo de la temporada navide\u00f1a \u2013 \u00a1el Caf\u00e9 de la Leche Navide\u00f1o!","robots":{"index":"index","follow":"follow","max-snippet":"max-snippet:-1","max-image-preview":"max-image-preview:large","max-video-preview":"max-video-preview:-1"},"canonical":"https:\/\/casadecampoliving.com\/es\/guarde-la-fecha-para-el-cafe-de-la-leche-mas-magico\/","og_locale":"es_ES","og_type":"article","og_title":"\u00a1Guarde la fecha para el Caf\u00e9 de la Leche m\u00e1s m\u00e1gico! | Casa de Campo Living","og_description":"\u00bfEst\u00e1 listo para la temporada m\u00e1s m\u00e1gica del a\u00f1o? Bueno, pues guarde la fecha para el comienzo de la temporada navide\u00f1a \u2013 \u00a1el Caf\u00e9 de la Leche Navide\u00f1o!","og_url":"https:\/\/casadecampoliving.com\/es\/guarde-la-fecha-para-el-cafe-de-la-leche-mas-magico\/","og_site_name":"Casa de Campo Living","article_publisher":"https:\/\/www.facebook.com\/casadecampoliving","article_published_time":"2014-11-21T04:00:00+00:00","article_modified_time":"2022-10-21T22:57:22+00:00","og_image":[{"width":650,"height":433,"url":"https:\/\/i0.wp.com\/casadecampoliving.com\/wp-content\/uploads\/2022\/10\/xiomara_matos_xiomara_menedez_rebecca_hughes-1.jpg?fit=650%2C433&ssl=1","type":"image\/jpeg"}],"author":"Maria Isabel B\u00e1ez","twitter_card":"summary_large_image","twitter_creator":"@cdcliving","twitter_site":"@cdcliving","twitter_misc":{"Escrito por":"Maria Isabel B\u00e1ez","Tiempo de lectura":"2 minutos"},"schema":{"@context":"https:\/\/schema.org","@graph":[{"@type":"Article","@id":"https:\/\/casadecampoliving.com\/es\/guarde-la-fecha-para-el-cafe-de-la-leche-mas-magico\/#article","isPartOf":{"@id":"https:\/\/casadecampoliving.com\/es\/guarde-la-fecha-para-el-cafe-de-la-leche-mas-magico\/"},"author":{"name":"Maria Isabel B\u00e1ez","@id":"https:\/\/casadecampoliving.com\/es\/#\/schema\/person\/8fc218930d06cbe215cf6c4fc64caa11"},"headline":"\u00a1Guarde la fecha para el Caf\u00e9 de la Leche m\u00e1s m\u00e1gico!","datePublished":"2014-11-21T04:00:00+00:00","dateModified":"2022-10-21T22:57:22+00:00","mainEntityOfPage":{"@id":"https:\/\/casadecampoliving.com\/es\/guarde-la-fecha-para-el-cafe-de-la-leche-mas-magico\/"},"wordCount":355,"publisher":{"@id":"https:\/\/casadecampoliving.com\/es\/#organization"},"image":{"@id":"https:\/\/casadecampoliving.com\/es\/guarde-la-fecha-para-el-cafe-de-la-leche-mas-magico\/#primaryimage"},"thumbnailUrl":"https:\/\/i0.wp.com\/casadecampoliving.com\/wp-content\/uploads\/2022\/10\/xiomara_matos_xiomara_menedez_rebecca_hughes-1.jpg?fit=650%2C433&ssl=1","keywords":["cafe de la leche","Casa de Campo Living","Casa de Campo Resort","el hogar del nino","patronato ben\u00e9fico oriental","xiomara menendez"],"articleSection":["Casa de Campo Living @es","CCL presenta","Destacados","Estilo de Vida","Eventos","Fundaciones","Hogar del Ni\u00f1o @es","Noticias Locales","Proximamente","Rep\u00fablica Dominicana @es","Resort Casa de Campo"],"inLanguage":"es"},{"@type":"WebPage","@id":"https:\/\/casadecampoliving.com\/es\/guarde-la-fecha-para-el-cafe-de-la-leche-mas-magico\/","url":"https:\/\/casadecampoliving.com\/es\/guarde-la-fecha-para-el-cafe-de-la-leche-mas-magico\/","name":"\u00a1Guarde la fecha para el Caf\u00e9 de la Leche m\u00e1s m\u00e1gico! | Casa de Campo Living","isPartOf":{"@id":"https:\/\/casadecampoliving.com\/es\/#website"},"primaryImageOfPage":{"@id":"https:\/\/casadecampoliving.com\/es\/guarde-la-fecha-para-el-cafe-de-la-leche-mas-magico\/#primaryimage"},"image":{"@id":"https:\/\/casadecampoliving.com\/es\/guarde-la-fecha-para-el-cafe-de-la-leche-mas-magico\/#primaryimage"},"thumbnailUrl":"https:\/\/i0.wp.com\/casadecampoliving.com\/wp-content\/uploads\/2022\/10\/xiomara_matos_xiomara_menedez_rebecca_hughes-1.jpg?fit=650%2C433&ssl=1","datePublished":"2014-11-21T04:00:00+00:00","dateModified":"2022-10-21T22:57:22+00:00","description":"\u00bfEst\u00e1 listo para la temporada m\u00e1s m\u00e1gica del a\u00f1o? Bueno, pues guarde la fecha para el comienzo de la temporada navide\u00f1a \u2013 \u00a1el Caf\u00e9 de la Leche Navide\u00f1o!","breadcrumb":{"@id":"https:\/\/casadecampoliving.com\/es\/guarde-la-fecha-para-el-cafe-de-la-leche-mas-magico\/#breadcrumb"},"inLanguage":"es","potentialAction":[{"@type":"ReadAction","target":["https:\/\/casadecampoliving.com\/es\/guarde-la-fecha-para-el-cafe-de-la-leche-mas-magico\/"]}]},{"@type":"ImageObject","inLanguage":"es","@id":"https:\/\/casadecampoliving.com\/es\/guarde-la-fecha-para-el-cafe-de-la-leche-mas-magico\/#primaryimage","url":"https:\/\/i0.wp.com\/casadecampoliving.com\/wp-content\/uploads\/2022\/10\/xiomara_matos_xiomara_menedez_rebecca_hughes-1.jpg?fit=650%2C433&ssl=1","contentUrl":"https:\/\/i0.wp.com\/casadecampoliving.com\/wp-content\/uploads\/2022\/10\/xiomara_matos_xiomara_menedez_rebecca_hughes-1.jpg?fit=650%2C433&ssl=1","width":650,"height":433,"caption":"Xiomara Matos, Xiomara Men\u00e9ndez and Rebecca Hughes"},{"@type":"BreadcrumbList","@id":"https:\/\/casadecampoliving.com\/es\/guarde-la-fecha-para-el-cafe-de-la-leche-mas-magico\/#breadcrumb","itemListElement":[{"@type":"ListItem","position":1,"name":"Home","item":"https:\/\/casadecampoliving.com\/es\/"},{"@type":"ListItem","position":2,"name":"\u00a1Guarde la fecha para el Caf\u00e9 de la Leche m\u00e1s m\u00e1gico!"}]},{"@type":"WebSite","@id":"https:\/\/casadecampoliving.com\/es\/#website","url":"https:\/\/casadecampoliving.com\/es\/","name":"Casa de Campo Living","description":"Resort community news and resources.","publisher":{"@id":"https:\/\/casadecampoliving.com\/es\/#organization"},"potentialAction":[{"@type":"SearchAction","target":{"@type":"EntryPoint","urlTemplate":"https:\/\/casadecampoliving.com\/es\/?s={search_term_string}"},"query-input":{"@type":"PropertyValueSpecification","valueRequired":true,"valueName":"search_term_string"}}],"inLanguage":"es"},{"@type":"Organization","@id":"https:\/\/casadecampoliving.com\/es\/#organization","name":"Casa de Campo Living","url":"https:\/\/casadecampoliving.com\/es\/","logo":{"@type":"ImageObject","inLanguage":"es","@id":"https:\/\/casadecampoliving.com\/es\/#\/schema\/logo\/image\/","url":"https:\/\/i0.wp.com\/casadecampoliving.com\/wp-content\/uploads\/2022\/07\/CDCLivingLogo_V1-white-sized.png?fit=800%2C214&ssl=1","contentUrl":"https:\/\/i0.wp.com\/casadecampoliving.com\/wp-content\/uploads\/2022\/07\/CDCLivingLogo_V1-white-sized.png?fit=800%2C214&ssl=1","width":800,"height":214,"caption":"Casa de Campo Living"},"image":{"@id":"https:\/\/casadecampoliving.com\/es\/#\/schema\/logo\/image\/"},"sameAs":["https:\/\/www.facebook.com\/casadecampoliving","https:\/\/x.com\/cdcliving"]},{"@type":"Person","@id":"https:\/\/casadecampoliving.com\/es\/#\/schema\/person\/8fc218930d06cbe215cf6c4fc64caa11","name":"Maria Isabel B\u00e1ez","image":{"@type":"ImageObject","inLanguage":"es","@id":"https:\/\/secure.gravatar.com\/avatar\/d6e25af8826ab9ae04e6fcc864034c13600a3a03fc45e4bd8fe7ab8c4d289c2a?s=96&d=mm&r=g","url":"https:\/\/secure.gravatar.com\/avatar\/d6e25af8826ab9ae04e6fcc864034c13600a3a03fc45e4bd8fe7ab8c4d289c2a?s=96&d=mm&r=g","contentUrl":"https:\/\/secure.gravatar.com\/avatar\/d6e25af8826ab9ae04e6fcc864034c13600a3a03fc45e4bd8fe7ab8c4d289c2a?s=96&d=mm&r=g","caption":"Maria Isabel B\u00e1ez"},"url":"https:\/\/casadecampoliving.com\/es\/author\/mbaez\/"}]}},"parsely":{"version":"1.1.0","canonical_url":"https:\/\/casadecampoliving.com\/es\/guarde-la-fecha-para-el-cafe-de-la-leche-mas-magico\/","smart_links":{"inbound":0,"outbound":0},"traffic_boost_suggestions_count":0,"meta":{"@context":"https:\/\/schema.org","@type":"NewsArticle","headline":"\u00a1Guarde la fecha para el Caf\u00e9 de la Leche m\u00e1s m\u00e1gico!","url":"http:\/\/casadecampoliving.com\/es\/guarde-la-fecha-para-el-cafe-de-la-leche-mas-magico\/","mainEntityOfPage":{"@type":"WebPage","@id":"http:\/\/casadecampoliving.com\/es\/guarde-la-fecha-para-el-cafe-de-la-leche-mas-magico\/"},"thumbnailUrl":"https:\/\/i0.wp.com\/casadecampoliving.com\/wp-content\/uploads\/2022\/10\/xiomara_matos_xiomara_menedez_rebecca_hughes-1.jpg?resize=150%2C150&ssl=1","image":{"@type":"ImageObject","url":"https:\/\/i0.wp.com\/casadecampoliving.com\/wp-content\/uploads\/2022\/10\/xiomara_matos_xiomara_menedez_rebecca_hughes-1.jpg?fit=650%2C433&ssl=1"},"articleSection":"CCL presenta","author":[{"@type":"Person","name":"Maria Isabel B\u00e1ez"}],"creator":["Maria Isabel B\u00e1ez"],"publisher":{"@type":"Organization","name":"Casa de Campo Living","logo":"https:\/\/casadecampoliving.com\/wp-content\/uploads\/2022\/07\/CDCLivingLogo_V1-white-sized.png"},"keywords":["cafe de la leche","casa de campo living","casa de campo resort","el hogar del nino","patronato ben\u00e9fico oriental","xiomara menendez"],"dateCreated":"2014-11-21T04:00:00Z","datePublished":"2014-11-21T04:00:00Z","dateModified":"2022-10-21T22:57:22Z"},"rendered":"<script type=\"application\/ld+json\" class=\"wp-parsely-metadata\">{\"@context\":\"https:\\\/\\\/schema.org\",\"@type\":\"NewsArticle\",\"headline\":\"\\u00a1Guarde la fecha para el Caf\\u00e9 de la Leche m\\u00e1s m\\u00e1gico!\",\"url\":\"http:\\\/\\\/casadecampoliving.com\\\/es\\\/guarde-la-fecha-para-el-cafe-de-la-leche-mas-magico\\\/\",\"mainEntityOfPage\":{\"@type\":\"WebPage\",\"@id\":\"http:\\\/\\\/casadecampoliving.com\\\/es\\\/guarde-la-fecha-para-el-cafe-de-la-leche-mas-magico\\\/\"},\"thumbnailUrl\":\"https:\\\/\\\/i0.wp.com\\\/casadecampoliving.com\\\/wp-content\\\/uploads\\\/2022\\\/10\\\/xiomara_matos_xiomara_menedez_rebecca_hughes-1.jpg?resize=150%2C150&ssl=1\",\"image\":{\"@type\":\"ImageObject\",\"url\":\"https:\\\/\\\/i0.wp.com\\\/casadecampoliving.com\\\/wp-content\\\/uploads\\\/2022\\\/10\\\/xiomara_matos_xiomara_menedez_rebecca_hughes-1.jpg?fit=650%2C433&ssl=1\"},\"articleSection\":\"CCL presenta\",\"author\":[{\"@type\":\"Person\",\"name\":\"Maria Isabel B\\u00e1ez\"}],\"creator\":[\"Maria Isabel B\\u00e1ez\"],\"publisher\":{\"@type\":\"Organization\",\"name\":\"Casa de Campo Living\",\"logo\":\"https:\\\/\\\/casadecampoliving.com\\\/wp-content\\\/uploads\\\/2022\\\/07\\\/CDCLivingLogo_V1-white-sized.png\"},\"keywords\":[\"cafe de la leche\",\"casa de campo living\",\"casa de campo resort\",\"el hogar del nino\",\"patronato ben\\u00e9fico oriental\",\"xiomara menendez\"],\"dateCreated\":\"2014-11-21T04:00:00Z\",\"datePublished\":\"2014-11-21T04:00:00Z\",\"dateModified\":\"2022-10-21T22:57:22Z\"}<\/script>","tracker_url":"https:\/\/cdn.parsely.com\/keys\/casadecampoliving.com\/p.js"},"jetpack_publicize_connections":[],"jetpack_featured_media_url":"https:\/\/i0.wp.com\/casadecampoliving.com\/wp-content\/uploads\/2022\/10\/xiomara_matos_xiomara_menedez_rebecca_hughes-1.jpg?fit=650%2C433&ssl=1","jetpack-related-posts":[{"id":353605,"url":"https:\/\/casadecampoliving.com\/es\/reserva-la-fecha-para-el-magico-cafe-de-la-leche-navideno-de-este-ano\/","url_meta":{"origin":346035,"position":0},"title":"\u00a1Reserva la fecha para el m\u00e1gico Caf\u00e9 de la Leche Navide\u00f1o de este a\u00f1o!","author":"Casa de Campo Living","date":"18 Nov, 2019","format":false,"excerpt":"Es posible que no haya \u00a0lugar m\u00e1s navide\u00f1o en Casa de Campo que la hermosa y elegante casa de Xiomara Men\u00e9ndez, fundadora del Patronato Ben\u00e9fico Oriental, la caridad bajo la organizacion del Hogar del Ni\u00f1o y anfitri\u00f3na de este\u201d Caf\u00e9 la Leche \u201c, que tendr\u00e1 lugar este viernes 6 de\u2026","rel":"","context":"En \u00abEstilo de Vida\u00bb","block_context":{"text":"Estilo de Vida","link":"https:\/\/casadecampoliving.com\/es\/category\/estilo-de-vida\/"},"img":{"alt_text":"","src":"https:\/\/i0.wp.com\/casadecampoliving.com\/wp-content\/uploads\/2022\/10\/IMG_4508.jpg?fit=1000%2C599&ssl=1&resize=350%2C200","width":350,"height":200,"srcset":"https:\/\/i0.wp.com\/casadecampoliving.com\/wp-content\/uploads\/2022\/10\/IMG_4508.jpg?fit=1000%2C599&ssl=1&resize=350%2C200 1x, https:\/\/i0.wp.com\/casadecampoliving.com\/wp-content\/uploads\/2022\/10\/IMG_4508.jpg?fit=1000%2C599&ssl=1&resize=525%2C300 1.5x, https:\/\/i0.wp.com\/casadecampoliving.com\/wp-content\/uploads\/2022\/10\/IMG_4508.jpg?fit=1000%2C599&ssl=1&resize=700%2C400 2x"},"classes":[]},{"id":343315,"url":"https:\/\/casadecampoliving.com\/es\/se-acerca-el-cafe-de-la-leche-navideno\/","url_meta":{"origin":346035,"position":1},"title":"\u00a1Se acerca el Caf\u00e9 de la Leche Navide\u00f1o!","author":"Genesis Perdomo","date":"19 Nov, 2013","format":false,"excerpt":"\u00a1Las vacaciones se acercan! y una de las primeras celebraciones ser\u00e1 la del Caf\u00e9 de la Leche Navide\u00f1o organizado por Xiomara Men\u00e9ndez el viernes 13 de diciembre. Con las mejores decoraciones de temporada, la villa de Ram\u00f3n y Xiomara Men\u00e9ndez cada a\u00f1o es transformada en una lugar m\u00e1gico, haciendolo el\u2026","rel":"","context":"En \u00abCasa de Campo Living @es\u00bb","block_context":{"text":"Casa de Campo Living @es","link":"https:\/\/casadecampoliving.com\/category\/casa-de-campo-living-es\/"},"img":{"alt_text":"cafe de la leche","src":"https:\/\/i0.wp.com\/casadecampoliving.com\/wp-content\/uploads\/2022\/10\/cafe_de_la_leche-11.jpg?fit=650%2C412&ssl=1&resize=350%2C200","width":350,"height":200,"srcset":"https:\/\/i0.wp.com\/casadecampoliving.com\/wp-content\/uploads\/2022\/10\/cafe_de_la_leche-11.jpg?fit=650%2C412&ssl=1&resize=350%2C200 1x, https:\/\/i0.wp.com\/casadecampoliving.com\/wp-content\/uploads\/2022\/10\/cafe_de_la_leche-11.jpg?fit=650%2C412&ssl=1&resize=525%2C300 1.5x"},"classes":[]},{"id":340222,"url":"https:\/\/casadecampoliving.com\/es\/y-llega-la-navidad-a-cafe-de-la-leche-este-miercoles-12-de-diciembre\/","url_meta":{"origin":346035,"position":2},"title":"Y llega la Navidad a Caf\u00e9 de la leche este mi\u00e9rcoles 12 de diciembre","author":"Tere Garcia","date":"6 Dic, 2012","format":false,"excerpt":"Es posible que no haya \u00a0lugar m\u00e1s navide\u00f1o en Casa de Campo que la hermosa y elegante casa de Xiomara Men\u00e9ndez, fundadora del Patronato Ben\u00e9fico Oriental, la caridad bajo la organizacion del Hogar del Ni\u00f1o y anfitri\u00f3na de este\u201d Caf\u00e9 la Leche \u201c, que tendr\u00e1 lugar este miercoles 12 de\u2026","rel":"","context":"En \u00abCasa de Campo Living @es\u00bb","block_context":{"text":"Casa de Campo Living @es","link":"https:\/\/casadecampoliving.com\/category\/casa-de-campo-living-es\/"},"img":{"alt_text":"casa de campo","src":"https:\/\/i0.wp.com\/casadecampoliving.com\/wp-content\/uploads\/2022\/10\/sunset_casa_de_campo2-1.jpg?fit=650%2C410&ssl=1&resize=350%2C200","width":350,"height":200,"srcset":"https:\/\/i0.wp.com\/casadecampoliving.com\/wp-content\/uploads\/2022\/10\/sunset_casa_de_campo2-1.jpg?fit=650%2C410&ssl=1&resize=350%2C200 1x, https:\/\/i0.wp.com\/casadecampoliving.com\/wp-content\/uploads\/2022\/10\/sunset_casa_de_campo2-1.jpg?fit=650%2C410&ssl=1&resize=525%2C300 1.5x"},"classes":[]},{"id":352260,"url":"https:\/\/casadecampoliving.com\/es\/ultimo-cafe-de-la-leche-del-ano-con-la-sra-xiomara-de-menendez\/","url_meta":{"origin":346035,"position":3},"title":"Guarde la fecha para el \u00faltimo Caf\u00e9 de la Leche del a\u00f1o con la Sra. Xiomara de Men\u00e9ndez","author":"Marlenys Guzm\u00e1n Casta\u00f1os","date":"4 Dic, 2017","format":false,"excerpt":"\u00a1La Navidad en Casa comienza oficialmente esta semana! \u00a1Ya est\u00e1 publicado el calendario completo de eventos organizado por Casa de Campo, y ahora acaban de anunciar uno muy tradicional! La \u00faltima edici\u00f3n del a\u00f1o de Caf\u00e9 de la Leche, que anualmente ofrece la Sra. Xiomara de Men\u00e9ndez, tendr\u00e1 lugar este\u2026","rel":"","context":"En \u00abEstilo de Vida\u00bb","block_context":{"text":"Estilo de Vida","link":"https:\/\/casadecampoliving.com\/es\/category\/estilo-de-vida\/"},"img":{"alt_text":"","src":"https:\/\/i0.wp.com\/casadecampoliving.com\/wp-content\/uploads\/2022\/10\/1P1A5406.jpg?fit=1000%2C602&ssl=1&resize=350%2C200","width":350,"height":200,"srcset":"https:\/\/i0.wp.com\/casadecampoliving.com\/wp-content\/uploads\/2022\/10\/1P1A5406.jpg?fit=1000%2C602&ssl=1&resize=350%2C200 1x, https:\/\/i0.wp.com\/casadecampoliving.com\/wp-content\/uploads\/2022\/10\/1P1A5406.jpg?fit=1000%2C602&ssl=1&resize=525%2C300 1.5x, https:\/\/i0.wp.com\/casadecampoliving.com\/wp-content\/uploads\/2022\/10\/1P1A5406.jpg?fit=1000%2C602&ssl=1&resize=700%2C400 2x"},"classes":[]},{"id":348759,"url":"https:\/\/casadecampoliving.com\/es\/cafe-de-la-leche-navideno\/","url_meta":{"origin":346035,"position":4},"title":"\u00a1No te pierdas el mejor y m\u00e1s feliz Caf\u00e9 de la Leche del a\u00f1o!","author":"Felix Guerrero","date":"8 Dic, 2015","format":false,"excerpt":"Todos los meses nos reunimos para celebrar el Caf\u00e9 de la Leche en apoyo a los peque\u00f1ines\u00a0del Hogar del Ni\u00f1o, y este viernes, 11 de diciembre, no ser\u00e1 la excepci\u00f3n; siendo \u00e9ste el \u00faltimo del\u00a0a\u00f1o, el\u00a0Caf\u00e9 de la Leche Navide\u00f1o, \u00a1y vaya que ser\u00e1 espectacular! Como de costumbre, la anfitriona\u2026","rel":"","context":"En \u00abCasa de Campo Living @es\u00bb","block_context":{"text":"Casa de Campo Living @es","link":"https:\/\/casadecampoliving.com\/category\/casa-de-campo-living-es\/"},"img":{"alt_text":"Christmas Caf\u00e9 de la Leche","src":"https:\/\/i0.wp.com\/casadecampoliving.com\/wp-content\/uploads\/2022\/10\/Christmas-Cafe-de-la-Leche-1.jpg?fit=650%2C400&ssl=1&resize=350%2C200","width":350,"height":200,"srcset":"https:\/\/i0.wp.com\/casadecampoliving.com\/wp-content\/uploads\/2022\/10\/Christmas-Cafe-de-la-Leche-1.jpg?fit=650%2C400&ssl=1&resize=350%2C200 1x, https:\/\/i0.wp.com\/casadecampoliving.com\/wp-content\/uploads\/2022\/10\/Christmas-Cafe-de-la-Leche-1.jpg?fit=650%2C400&ssl=1&resize=525%2C300 1.5x"},"classes":[]},{"id":524872,"url":"https:\/\/casadecampoliving.com\/es\/no-te-pierdas-el-cafe-de-la-leche-navideno-de-este-ano-viernes-8-de-diciembre\/","url_meta":{"origin":346035,"position":5},"title":"\u00a1No te pierdas el Caf\u00e9 de la Leche Navide\u00f1o de este a\u00f1o! Viernes 8 de diciembre","author":"Casa de Campo Living","date":"28 Nov, 2023","format":false,"excerpt":"\u00a1Prep\u00e1rate para una encantadora velada que captura la esencia de la temporada navide\u00f1a! Organizado por Xiomara Men\u00e9ndez, fundadora del Patronato Benefico Oriental, el Caf\u00e9 de la Leche de este a\u00f1o te espera en Bah\u00eda Minitas #5 el viernes 8 de diciembre, de 5:30 pm a 7:30 pm. Como de costumbre\u2026","rel":"","context":"En \u00abEventos\u00bb","block_context":{"text":"Eventos","link":"https:\/\/casadecampoliving.com\/es\/category\/eventos-es\/"},"img":{"alt_text":"","src":"https:\/\/i0.wp.com\/casadecampoliving.com\/wp-content\/uploads\/2023\/12\/JuliaMartinezErikaVilainXiomaraDajerdeMenendez-1.jpg?fit=1200%2C800&ssl=1&resize=350%2C200","width":350,"height":200,"srcset":"https:\/\/i0.wp.com\/casadecampoliving.com\/wp-content\/uploads\/2023\/12\/JuliaMartinezErikaVilainXiomaraDajerdeMenendez-1.jpg?fit=1200%2C800&ssl=1&resize=350%2C200 1x, https:\/\/i0.wp.com\/casadecampoliving.com\/wp-content\/uploads\/2023\/12\/JuliaMartinezErikaVilainXiomaraDajerdeMenendez-1.jpg?fit=1200%2C800&ssl=1&resize=525%2C300 1.5x, https:\/\/i0.wp.com\/casadecampoliving.com\/wp-content\/uploads\/2023\/12\/JuliaMartinezErikaVilainXiomaraDajerdeMenendez-1.jpg?fit=1200%2C800&ssl=1&resize=700%2C400 2x, https:\/\/i0.wp.com\/casadecampoliving.com\/wp-content\/uploads\/2023\/12\/JuliaMartinezErikaVilainXiomaraDajerdeMenendez-1.jpg?fit=1200%2C800&ssl=1&resize=1050%2C600 3x"},"classes":[]}],"jetpack_sharing_enabled":true,"_links":{"self":[{"href":"https:\/\/casadecampoliving.com\/es\/wp-json\/wp\/v2\/posts\/346035","targetHints":{"allow":["GET"]}}],"collection":[{"href":"https:\/\/casadecampoliving.com\/es\/wp-json\/wp\/v2\/posts"}],"about":[{"href":"https:\/\/casadecampoliving.com\/es\/wp-json\/wp\/v2\/types\/post"}],"author":[{"embeddable":true,"href":"https:\/\/casadecampoliving.com\/es\/wp-json\/wp\/v2\/users\/22010"}],"replies":[{"embeddable":true,"href":"https:\/\/casadecampoliving.com\/es\/wp-json\/wp\/v2\/comments?post=346035"}],"version-history":[{"count":1,"href":"https:\/\/casadecampoliving.com\/es\/wp-json\/wp\/v2\/posts\/346035\/revisions"}],"predecessor-version":[{"id":346038,"href":"https:\/\/casadecampoliving.com\/es\/wp-json\/wp\/v2\/posts\/346035\/revisions\/346038"}],"wp:featuredmedia":[{"embeddable":true,"href":"https:\/\/casadecampoliving.com\/es\/wp-json\/wp\/v2\/media\/247446"}],"wp:attachment":[{"href":"https:\/\/casadecampoliving.com\/es\/wp-json\/wp\/v2\/media?parent=346035"}],"wp:term":[{"taxonomy":"category","embeddable":true,"href":"https:\/\/casadecampoliving.com\/es\/wp-json\/wp\/v2\/categories?post=346035"},{"taxonomy":"post_tag","embeddable":true,"href":"https:\/\/casadecampoliving.com\/es\/wp-json\/wp\/v2\/tags?post=346035"},{"taxonomy":"newspack_spnsrs_tax","embeddable":true,"href":"https:\/\/casadecampoliving.com\/es\/wp-json\/wp\/v2\/newspack_spnsrs_tax?post=346035"}],"curies":[{"name":"wp","href":"https:\/\/api.w.org\/{rel}","templated":true}]}}