{"id":345973,"date":"2014-11-30T00:00:00","date_gmt":"2014-11-30T04:00:00","guid":{"rendered":"https:\/\/casadecampoliving.com\/celebrar-el-final-de-la-temporada-de-huracanes\/"},"modified":"2022-10-21T18:54:56","modified_gmt":"2022-10-21T22:54:56","slug":"celebrar-el-final-de-la-temporada-de-huracanes","status":"publish","type":"post","link":"https:\/\/casadecampoliving.com\/es\/celebrar-el-final-de-la-temporada-de-huracanes\/","title":{"rendered":"\u00a1A celebrar el fin de la temporada de huracanes!"},"content":{"rendered":"<div class=\"wp-block-image\">\n<figure class=\"aligncenter is-resized\"><img loading=\"lazy\" decoding=\"async\" src=\"https:\/\/i0.wp.com\/casadecampoliving.com\/wp-content\/uploads\/2022\/10\/end-of-hurricane-season-e1415881843904.png?resize=650%2C464&amp;ssl=1\" alt=\"\" class=\"wp-image-101932\" height=\"464\" width=\"650\"\/><\/figure>\n<\/div>\n\n\n<p>Mientras en los \u00faltimos 6 meses, denominados como \u201ctemporada cicl\u00f3nica\u201d en la Rep\u00fablica Dominicana, hemos visto solo unos pocos d\u00edas de lluvia,\u00a1y hoy domingo 30 de noviembre se marca el fin oficial de esta lluviosa, ventosa temporada! \u00a1Wooho!<\/p>\n\n\n\n<p>La temporada de huracanes del 2014 inici\u00f3 el 1ro de Junio del 2014, a continuaci\u00f3n todos nos preparamos para la llegada de las depresiones tropicales, tormentas tropicales y tal vez incluso un hurac\u00e1n como el Hurac\u00e1n Gonzalo, el cual afortunadamente nunca lleg\u00f3. Despu\u00e9s del escape de la casi Tormenta Tropical Bertha el 1ero de agosto, marcando el inicio de Temporada Alta de Hurac\u00e1n, todo estuvo tranquilo y ninguno de los ciclones tropicales que se desarrollaron, ni siquiera llegaron a afectar la Rep\u00fablica Dominica. Comparado con a\u00f1os anteriores, \u00a1La falta de clima desagradable fue una muy agradable sorpresa!<\/p>\n\n\n\n<!--more-->\n\n\n\n<p>Entonces, \u00bfAhora qu\u00e9? Bueno, ahora que la temporada de hurac\u00e1n se termin\u00f3, \u00a1Podemos esperar que el clima contin\u00fae torn\u00e1ndose mejor y mejor! De diciembre a marzo, el clima en Casa de Campo (y en toda la Rep\u00fablica Dominicana) es m\u00e1s placentero, pues las temperaturas y la humedad disminuyen \u2013 as\u00ed como tambi\u00e9n las lluvias \u00a1Por supuesto continuar\u00e1 estando brillante, soleado y c\u00e1lido!<\/p>\n\n\n\n<p>Entonces, si est\u00e1 en alg\u00fan lugar en los Estados Unidos u otro pa\u00eds donde el clima es bastante fr\u00edo (o incluso congelado y nevado) \u2013 usted puede siempre venir a Casa de Campo y celebrar una Navidad o temporada festiva \u201ctropical\u201d\u00a1Venga a visitarnos! \u00a1Anhelamos tenerle aqu\u00ed!<\/p>\n","protected":false},"excerpt":{"rendered":"<p>Mientras en los \u00faltimos 6 meses, denominados como \u201ctemporada cicl\u00f3nica\u201d en la Rep\u00fablica Dominicana, hemos visto solo unos pocos d\u00edas de lluvia,\u00a1y hoy domingo 30 de noviembre se marca el fin oficial de esta lluviosa, ventosa temporada! \u00a1Wooho! La temporada de huracanes del 2014 inici\u00f3 el 1ro de Junio del 2014, a continuaci\u00f3n todos nos [&hellip;]<\/p>\n","protected":false},"author":14,"featured_media":285733,"comment_status":"closed","ping_status":"closed","sticky":false,"template":"","format":"standard","meta":{"newspack_ads_suppress_ads":false,"newspack_popups_has_disabled_popups":false,"newspack_sponsor_sponsorship_scope":"","newspack_sponsor_native_byline_display":"inherit","newspack_sponsor_native_category_display":"inherit","newspack_sponsor_underwriter_style":"inherit","newspack_sponsor_underwriter_placement":"inherit","_newspack_byline_active":false,"_newspack_byline":"","newspack_hide_updated_date":false,"newspack_show_updated_date":false,"newspack_content_restriction_is_exempt":false,"newspack_featured_image_position":"","newspack_post_subtitle":"","newspack_article_summary_title":"Overview:","newspack_article_summary":"","_jetpack_memberships_contains_paid_content":false,"footnotes":"","jetpack_publicize_message":"","jetpack_publicize_feature_enabled":true,"jetpack_social_post_already_shared":false,"jetpack_social_options":{"image_generator_settings":{"template":"highway","default_image_id":0,"font":"","enabled":false},"version":2},"_wpas_customize_per_network":false},"categories":[26936,26951,7269,14631,14625,2521],"tags":[24387,2660,14777,7087],"newspack_spnsrs_tax":[],"class_list":["post-345973","post","type-post","status-publish","format-standard","has-post-thumbnail","hentry","category-casa-de-campo-living-es","category-ccl-presenta","category-clima-2","category-estilo-de-vida","category-noticias-locales","category-republica-dominicana-2","tag-casa-de-campo-living-es","tag-clima","tag-republica-dominicana-es-18","tag-temporada-de-huracanes","entry"],"yoast_head":"<!-- This site is optimized with the Yoast SEO plugin v27.5 - https:\/\/yoast.com\/product\/yoast-seo-wordpress\/ -->\n<title>\u00a1A celebrar el fin de la temporada de huracanes! | Casa de Campo Living<\/title>\n<meta name=\"description\" content=\"Mientras en los \u00faltimos 6 meses, denominados como \u201ctemporada cicl\u00f3nica\u201d en la Rep\u00fablica Dominicana, hemos visto solo unos pocos d\u00edas de lluvia,\u00a1y hoy\" \/>\n<meta name=\"robots\" content=\"index, follow, max-snippet:-1, max-image-preview:large, max-video-preview:-1\" \/>\n<link rel=\"canonical\" href=\"https:\/\/casadecampoliving.com\/es\/celebrar-el-final-de-la-temporada-de-huracanes\/\" \/>\n<meta property=\"og:locale\" content=\"es_ES\" \/>\n<meta property=\"og:type\" content=\"article\" \/>\n<meta property=\"og:title\" content=\"\u00a1A celebrar el fin de la temporada de huracanes! | Casa de Campo Living\" \/>\n<meta property=\"og:description\" content=\"Mientras en los \u00faltimos 6 meses, denominados como \u201ctemporada cicl\u00f3nica\u201d en la Rep\u00fablica Dominicana, hemos visto solo unos pocos d\u00edas de lluvia,\u00a1y hoy\" \/>\n<meta property=\"og:url\" content=\"https:\/\/casadecampoliving.com\/es\/celebrar-el-final-de-la-temporada-de-huracanes\/\" \/>\n<meta property=\"og:site_name\" content=\"Casa de Campo Living\" \/>\n<meta property=\"article:publisher\" content=\"https:\/\/www.facebook.com\/casadecampoliving\" \/>\n<meta property=\"article:published_time\" content=\"2014-11-30T04:00:00+00:00\" \/>\n<meta property=\"article:modified_time\" content=\"2022-10-21T22:54:56+00:00\" \/>\n<meta property=\"og:image\" content=\"https:\/\/i0.wp.com\/casadecampoliving.com\/wp-content\/uploads\/2022\/10\/end-of-hurricane-season-e1415881843904-1.png?fit=597%2C426&ssl=1\" \/>\n\t<meta property=\"og:image:width\" content=\"597\" \/>\n\t<meta property=\"og:image:height\" content=\"426\" \/>\n\t<meta property=\"og:image:type\" content=\"image\/png\" \/>\n<meta name=\"author\" content=\"Rebecca Hughes\" \/>\n<meta name=\"twitter:card\" content=\"summary_large_image\" \/>\n<meta name=\"twitter:creator\" content=\"@cdcliving\" \/>\n<meta name=\"twitter:site\" content=\"@cdcliving\" \/>\n<meta name=\"twitter:label1\" content=\"Escrito por\" \/>\n\t<meta name=\"twitter:data1\" content=\"Rebecca Hughes\" \/>\n\t<meta name=\"twitter:label2\" content=\"Tiempo de lectura\" \/>\n\t<meta name=\"twitter:data2\" content=\"1 minuto\" \/>\n<script type=\"application\/ld+json\" class=\"yoast-schema-graph\">{\"@context\":\"https:\\\/\\\/schema.org\",\"@graph\":[{\"@type\":\"Article\",\"@id\":\"https:\\\/\\\/casadecampoliving.com\\\/es\\\/celebrar-el-final-de-la-temporada-de-huracanes\\\/#article\",\"isPartOf\":{\"@id\":\"https:\\\/\\\/casadecampoliving.com\\\/es\\\/celebrar-el-final-de-la-temporada-de-huracanes\\\/\"},\"author\":{\"name\":\"Rebecca Hughes\",\"@id\":\"https:\\\/\\\/casadecampoliving.com\\\/es\\\/#\\\/schema\\\/person\\\/91d3085d9c6fe671ec9370a33bc98839\"},\"headline\":\"\u00a1A celebrar el fin de la temporada de huracanes!\",\"datePublished\":\"2014-11-30T04:00:00+00:00\",\"dateModified\":\"2022-10-21T22:54:56+00:00\",\"mainEntityOfPage\":{\"@id\":\"https:\\\/\\\/casadecampoliving.com\\\/es\\\/celebrar-el-final-de-la-temporada-de-huracanes\\\/\"},\"wordCount\":268,\"publisher\":{\"@id\":\"https:\\\/\\\/casadecampoliving.com\\\/es\\\/#organization\"},\"image\":{\"@id\":\"https:\\\/\\\/casadecampoliving.com\\\/es\\\/celebrar-el-final-de-la-temporada-de-huracanes\\\/#primaryimage\"},\"thumbnailUrl\":\"https:\\\/\\\/i0.wp.com\\\/casadecampoliving.com\\\/wp-content\\\/uploads\\\/2022\\\/10\\\/end-of-hurricane-season-e1415881843904-1.png?fit=597%2C426&ssl=1\",\"keywords\":[\"Casa de Campo Living\",\"clima\",\"Republica Dominicana\",\"temporada de huracanes\"],\"articleSection\":[\"Casa de Campo Living @es\",\"CCL presenta\",\"Clima\",\"Estilo de Vida\",\"Noticias Locales\",\"Rep\u00fablica Dominicana @es\"],\"inLanguage\":\"es\"},{\"@type\":\"WebPage\",\"@id\":\"https:\\\/\\\/casadecampoliving.com\\\/es\\\/celebrar-el-final-de-la-temporada-de-huracanes\\\/\",\"url\":\"https:\\\/\\\/casadecampoliving.com\\\/es\\\/celebrar-el-final-de-la-temporada-de-huracanes\\\/\",\"name\":\"\u00a1A celebrar el fin de la temporada de huracanes! | Casa de Campo Living\",\"isPartOf\":{\"@id\":\"https:\\\/\\\/casadecampoliving.com\\\/es\\\/#website\"},\"primaryImageOfPage\":{\"@id\":\"https:\\\/\\\/casadecampoliving.com\\\/es\\\/celebrar-el-final-de-la-temporada-de-huracanes\\\/#primaryimage\"},\"image\":{\"@id\":\"https:\\\/\\\/casadecampoliving.com\\\/es\\\/celebrar-el-final-de-la-temporada-de-huracanes\\\/#primaryimage\"},\"thumbnailUrl\":\"https:\\\/\\\/i0.wp.com\\\/casadecampoliving.com\\\/wp-content\\\/uploads\\\/2022\\\/10\\\/end-of-hurricane-season-e1415881843904-1.png?fit=597%2C426&ssl=1\",\"datePublished\":\"2014-11-30T04:00:00+00:00\",\"dateModified\":\"2022-10-21T22:54:56+00:00\",\"description\":\"Mientras en los \u00faltimos 6 meses, denominados como \u201ctemporada cicl\u00f3nica\u201d en la Rep\u00fablica Dominicana, hemos visto solo unos pocos d\u00edas de lluvia,\u00a1y hoy\",\"breadcrumb\":{\"@id\":\"https:\\\/\\\/casadecampoliving.com\\\/es\\\/celebrar-el-final-de-la-temporada-de-huracanes\\\/#breadcrumb\"},\"inLanguage\":\"es\",\"potentialAction\":[{\"@type\":\"ReadAction\",\"target\":[\"https:\\\/\\\/casadecampoliving.com\\\/es\\\/celebrar-el-final-de-la-temporada-de-huracanes\\\/\"]}]},{\"@type\":\"ImageObject\",\"inLanguage\":\"es\",\"@id\":\"https:\\\/\\\/casadecampoliving.com\\\/es\\\/celebrar-el-final-de-la-temporada-de-huracanes\\\/#primaryimage\",\"url\":\"https:\\\/\\\/i0.wp.com\\\/casadecampoliving.com\\\/wp-content\\\/uploads\\\/2022\\\/10\\\/end-of-hurricane-season-e1415881843904-1.png?fit=597%2C426&ssl=1\",\"contentUrl\":\"https:\\\/\\\/i0.wp.com\\\/casadecampoliving.com\\\/wp-content\\\/uploads\\\/2022\\\/10\\\/end-of-hurricane-season-e1415881843904-1.png?fit=597%2C426&ssl=1\",\"width\":597,\"height\":426},{\"@type\":\"BreadcrumbList\",\"@id\":\"https:\\\/\\\/casadecampoliving.com\\\/es\\\/celebrar-el-final-de-la-temporada-de-huracanes\\\/#breadcrumb\",\"itemListElement\":[{\"@type\":\"ListItem\",\"position\":1,\"name\":\"Home\",\"item\":\"https:\\\/\\\/casadecampoliving.com\\\/es\\\/\"},{\"@type\":\"ListItem\",\"position\":2,\"name\":\"\u00a1A celebrar el fin de la temporada de huracanes!\"}]},{\"@type\":\"WebSite\",\"@id\":\"https:\\\/\\\/casadecampoliving.com\\\/es\\\/#website\",\"url\":\"https:\\\/\\\/casadecampoliving.com\\\/es\\\/\",\"name\":\"Casa de Campo Living\",\"description\":\"Resort community news and resources.\",\"publisher\":{\"@id\":\"https:\\\/\\\/casadecampoliving.com\\\/es\\\/#organization\"},\"potentialAction\":[{\"@type\":\"SearchAction\",\"target\":{\"@type\":\"EntryPoint\",\"urlTemplate\":\"https:\\\/\\\/casadecampoliving.com\\\/es\\\/?s={search_term_string}\"},\"query-input\":{\"@type\":\"PropertyValueSpecification\",\"valueRequired\":true,\"valueName\":\"search_term_string\"}}],\"inLanguage\":\"es\"},{\"@type\":\"Organization\",\"@id\":\"https:\\\/\\\/casadecampoliving.com\\\/es\\\/#organization\",\"name\":\"Casa de Campo Living\",\"url\":\"https:\\\/\\\/casadecampoliving.com\\\/es\\\/\",\"logo\":{\"@type\":\"ImageObject\",\"inLanguage\":\"es\",\"@id\":\"https:\\\/\\\/casadecampoliving.com\\\/es\\\/#\\\/schema\\\/logo\\\/image\\\/\",\"url\":\"https:\\\/\\\/i0.wp.com\\\/casadecampoliving.com\\\/wp-content\\\/uploads\\\/2022\\\/07\\\/CDCLivingLogo_V1-white-sized.png?fit=800%2C214&ssl=1\",\"contentUrl\":\"https:\\\/\\\/i0.wp.com\\\/casadecampoliving.com\\\/wp-content\\\/uploads\\\/2022\\\/07\\\/CDCLivingLogo_V1-white-sized.png?fit=800%2C214&ssl=1\",\"width\":800,\"height\":214,\"caption\":\"Casa de Campo Living\"},\"image\":{\"@id\":\"https:\\\/\\\/casadecampoliving.com\\\/es\\\/#\\\/schema\\\/logo\\\/image\\\/\"},\"sameAs\":[\"https:\\\/\\\/www.facebook.com\\\/casadecampoliving\",\"https:\\\/\\\/x.com\\\/cdcliving\"]},{\"@type\":\"Person\",\"@id\":\"https:\\\/\\\/casadecampoliving.com\\\/es\\\/#\\\/schema\\\/person\\\/91d3085d9c6fe671ec9370a33bc98839\",\"name\":\"Rebecca Hughes\",\"image\":{\"@type\":\"ImageObject\",\"inLanguage\":\"es\",\"@id\":\"https:\\\/\\\/secure.gravatar.com\\\/avatar\\\/fa8193bc0c4cfd84f5082667d2539f9b4da960049480f4eed2244a6b96321e38?s=96&d=mm&r=g\",\"url\":\"https:\\\/\\\/secure.gravatar.com\\\/avatar\\\/fa8193bc0c4cfd84f5082667d2539f9b4da960049480f4eed2244a6b96321e38?s=96&d=mm&r=g\",\"contentUrl\":\"https:\\\/\\\/secure.gravatar.com\\\/avatar\\\/fa8193bc0c4cfd84f5082667d2539f9b4da960049480f4eed2244a6b96321e38?s=96&d=mm&r=g\",\"caption\":\"Rebecca Hughes\"},\"description\":\"I am wonderful.\",\"sameAs\":[\"http:\\\/\\\/www.facebook.com\\\/profile.php?id=752510581\"],\"url\":\"https:\\\/\\\/casadecampoliving.com\\\/es\\\/author\\\/Rebecca Hughes\\\/\"}]}<\/script>\n<!-- \/ Yoast SEO plugin. -->","yoast_head_json":{"title":"\u00a1A celebrar el fin de la temporada de huracanes! | Casa de Campo Living","description":"Mientras en los \u00faltimos 6 meses, denominados como \u201ctemporada cicl\u00f3nica\u201d en la Rep\u00fablica Dominicana, hemos visto solo unos pocos d\u00edas de lluvia,\u00a1y hoy","robots":{"index":"index","follow":"follow","max-snippet":"max-snippet:-1","max-image-preview":"max-image-preview:large","max-video-preview":"max-video-preview:-1"},"canonical":"https:\/\/casadecampoliving.com\/es\/celebrar-el-final-de-la-temporada-de-huracanes\/","og_locale":"es_ES","og_type":"article","og_title":"\u00a1A celebrar el fin de la temporada de huracanes! | Casa de Campo Living","og_description":"Mientras en los \u00faltimos 6 meses, denominados como \u201ctemporada cicl\u00f3nica\u201d en la Rep\u00fablica Dominicana, hemos visto solo unos pocos d\u00edas de lluvia,\u00a1y hoy","og_url":"https:\/\/casadecampoliving.com\/es\/celebrar-el-final-de-la-temporada-de-huracanes\/","og_site_name":"Casa de Campo Living","article_publisher":"https:\/\/www.facebook.com\/casadecampoliving","article_published_time":"2014-11-30T04:00:00+00:00","article_modified_time":"2022-10-21T22:54:56+00:00","og_image":[{"width":597,"height":426,"url":"https:\/\/i0.wp.com\/casadecampoliving.com\/wp-content\/uploads\/2022\/10\/end-of-hurricane-season-e1415881843904-1.png?fit=597%2C426&ssl=1","type":"image\/png"}],"author":"Rebecca Hughes","twitter_card":"summary_large_image","twitter_creator":"@cdcliving","twitter_site":"@cdcliving","twitter_misc":{"Escrito por":"Rebecca Hughes","Tiempo de lectura":"1 minuto"},"schema":{"@context":"https:\/\/schema.org","@graph":[{"@type":"Article","@id":"https:\/\/casadecampoliving.com\/es\/celebrar-el-final-de-la-temporada-de-huracanes\/#article","isPartOf":{"@id":"https:\/\/casadecampoliving.com\/es\/celebrar-el-final-de-la-temporada-de-huracanes\/"},"author":{"name":"Rebecca Hughes","@id":"https:\/\/casadecampoliving.com\/es\/#\/schema\/person\/91d3085d9c6fe671ec9370a33bc98839"},"headline":"\u00a1A celebrar el fin de la temporada de huracanes!","datePublished":"2014-11-30T04:00:00+00:00","dateModified":"2022-10-21T22:54:56+00:00","mainEntityOfPage":{"@id":"https:\/\/casadecampoliving.com\/es\/celebrar-el-final-de-la-temporada-de-huracanes\/"},"wordCount":268,"publisher":{"@id":"https:\/\/casadecampoliving.com\/es\/#organization"},"image":{"@id":"https:\/\/casadecampoliving.com\/es\/celebrar-el-final-de-la-temporada-de-huracanes\/#primaryimage"},"thumbnailUrl":"https:\/\/i0.wp.com\/casadecampoliving.com\/wp-content\/uploads\/2022\/10\/end-of-hurricane-season-e1415881843904-1.png?fit=597%2C426&ssl=1","keywords":["Casa de Campo Living","clima","Republica Dominicana","temporada de huracanes"],"articleSection":["Casa de Campo Living @es","CCL presenta","Clima","Estilo de Vida","Noticias Locales","Rep\u00fablica Dominicana @es"],"inLanguage":"es"},{"@type":"WebPage","@id":"https:\/\/casadecampoliving.com\/es\/celebrar-el-final-de-la-temporada-de-huracanes\/","url":"https:\/\/casadecampoliving.com\/es\/celebrar-el-final-de-la-temporada-de-huracanes\/","name":"\u00a1A celebrar el fin de la temporada de huracanes! | Casa de Campo Living","isPartOf":{"@id":"https:\/\/casadecampoliving.com\/es\/#website"},"primaryImageOfPage":{"@id":"https:\/\/casadecampoliving.com\/es\/celebrar-el-final-de-la-temporada-de-huracanes\/#primaryimage"},"image":{"@id":"https:\/\/casadecampoliving.com\/es\/celebrar-el-final-de-la-temporada-de-huracanes\/#primaryimage"},"thumbnailUrl":"https:\/\/i0.wp.com\/casadecampoliving.com\/wp-content\/uploads\/2022\/10\/end-of-hurricane-season-e1415881843904-1.png?fit=597%2C426&ssl=1","datePublished":"2014-11-30T04:00:00+00:00","dateModified":"2022-10-21T22:54:56+00:00","description":"Mientras en los \u00faltimos 6 meses, denominados como \u201ctemporada cicl\u00f3nica\u201d en la Rep\u00fablica Dominicana, hemos visto solo unos pocos d\u00edas de lluvia,\u00a1y hoy","breadcrumb":{"@id":"https:\/\/casadecampoliving.com\/es\/celebrar-el-final-de-la-temporada-de-huracanes\/#breadcrumb"},"inLanguage":"es","potentialAction":[{"@type":"ReadAction","target":["https:\/\/casadecampoliving.com\/es\/celebrar-el-final-de-la-temporada-de-huracanes\/"]}]},{"@type":"ImageObject","inLanguage":"es","@id":"https:\/\/casadecampoliving.com\/es\/celebrar-el-final-de-la-temporada-de-huracanes\/#primaryimage","url":"https:\/\/i0.wp.com\/casadecampoliving.com\/wp-content\/uploads\/2022\/10\/end-of-hurricane-season-e1415881843904-1.png?fit=597%2C426&ssl=1","contentUrl":"https:\/\/i0.wp.com\/casadecampoliving.com\/wp-content\/uploads\/2022\/10\/end-of-hurricane-season-e1415881843904-1.png?fit=597%2C426&ssl=1","width":597,"height":426},{"@type":"BreadcrumbList","@id":"https:\/\/casadecampoliving.com\/es\/celebrar-el-final-de-la-temporada-de-huracanes\/#breadcrumb","itemListElement":[{"@type":"ListItem","position":1,"name":"Home","item":"https:\/\/casadecampoliving.com\/es\/"},{"@type":"ListItem","position":2,"name":"\u00a1A celebrar el fin de la temporada de huracanes!"}]},{"@type":"WebSite","@id":"https:\/\/casadecampoliving.com\/es\/#website","url":"https:\/\/casadecampoliving.com\/es\/","name":"Casa de Campo Living","description":"Resort community news and resources.","publisher":{"@id":"https:\/\/casadecampoliving.com\/es\/#organization"},"potentialAction":[{"@type":"SearchAction","target":{"@type":"EntryPoint","urlTemplate":"https:\/\/casadecampoliving.com\/es\/?s={search_term_string}"},"query-input":{"@type":"PropertyValueSpecification","valueRequired":true,"valueName":"search_term_string"}}],"inLanguage":"es"},{"@type":"Organization","@id":"https:\/\/casadecampoliving.com\/es\/#organization","name":"Casa de Campo Living","url":"https:\/\/casadecampoliving.com\/es\/","logo":{"@type":"ImageObject","inLanguage":"es","@id":"https:\/\/casadecampoliving.com\/es\/#\/schema\/logo\/image\/","url":"https:\/\/i0.wp.com\/casadecampoliving.com\/wp-content\/uploads\/2022\/07\/CDCLivingLogo_V1-white-sized.png?fit=800%2C214&ssl=1","contentUrl":"https:\/\/i0.wp.com\/casadecampoliving.com\/wp-content\/uploads\/2022\/07\/CDCLivingLogo_V1-white-sized.png?fit=800%2C214&ssl=1","width":800,"height":214,"caption":"Casa de Campo Living"},"image":{"@id":"https:\/\/casadecampoliving.com\/es\/#\/schema\/logo\/image\/"},"sameAs":["https:\/\/www.facebook.com\/casadecampoliving","https:\/\/x.com\/cdcliving"]},{"@type":"Person","@id":"https:\/\/casadecampoliving.com\/es\/#\/schema\/person\/91d3085d9c6fe671ec9370a33bc98839","name":"Rebecca Hughes","image":{"@type":"ImageObject","inLanguage":"es","@id":"https:\/\/secure.gravatar.com\/avatar\/fa8193bc0c4cfd84f5082667d2539f9b4da960049480f4eed2244a6b96321e38?s=96&d=mm&r=g","url":"https:\/\/secure.gravatar.com\/avatar\/fa8193bc0c4cfd84f5082667d2539f9b4da960049480f4eed2244a6b96321e38?s=96&d=mm&r=g","contentUrl":"https:\/\/secure.gravatar.com\/avatar\/fa8193bc0c4cfd84f5082667d2539f9b4da960049480f4eed2244a6b96321e38?s=96&d=mm&r=g","caption":"Rebecca Hughes"},"description":"I am wonderful.","sameAs":["http:\/\/www.facebook.com\/profile.php?id=752510581"],"url":"https:\/\/casadecampoliving.com\/es\/author\/Rebecca Hughes\/"}]}},"parsely":{"version":"1.1.0","canonical_url":"https:\/\/casadecampoliving.com\/es\/celebrar-el-final-de-la-temporada-de-huracanes\/","smart_links":{"inbound":0,"outbound":0},"traffic_boost_suggestions_count":0,"meta":{"@context":"https:\/\/schema.org","@type":"NewsArticle","headline":"\u00a1A celebrar el fin de la temporada de huracanes!","url":"http:\/\/casadecampoliving.com\/es\/celebrar-el-final-de-la-temporada-de-huracanes\/","mainEntityOfPage":{"@type":"WebPage","@id":"http:\/\/casadecampoliving.com\/es\/celebrar-el-final-de-la-temporada-de-huracanes\/"},"thumbnailUrl":"https:\/\/i0.wp.com\/casadecampoliving.com\/wp-content\/uploads\/2022\/10\/end-of-hurricane-season-e1415881843904-1.png?resize=150%2C150&ssl=1","image":{"@type":"ImageObject","url":"https:\/\/i0.wp.com\/casadecampoliving.com\/wp-content\/uploads\/2022\/10\/end-of-hurricane-season-e1415881843904-1.png?fit=597%2C426&ssl=1"},"articleSection":"CCL presenta","author":[{"@type":"Person","name":"Rebecca Hughes"}],"creator":["Rebecca Hughes"],"publisher":{"@type":"Organization","name":"Casa de Campo Living","logo":"https:\/\/casadecampoliving.com\/wp-content\/uploads\/2022\/07\/CDCLivingLogo_V1-white-sized.png"},"keywords":["casa de campo living","clima","republica dominicana","temporada de huracanes"],"dateCreated":"2014-11-30T04:00:00Z","datePublished":"2014-11-30T04:00:00Z","dateModified":"2022-10-21T22:54:56Z"},"rendered":"<script type=\"application\/ld+json\" class=\"wp-parsely-metadata\">{\"@context\":\"https:\\\/\\\/schema.org\",\"@type\":\"NewsArticle\",\"headline\":\"\\u00a1A celebrar el fin de la temporada de huracanes!\",\"url\":\"http:\\\/\\\/casadecampoliving.com\\\/es\\\/celebrar-el-final-de-la-temporada-de-huracanes\\\/\",\"mainEntityOfPage\":{\"@type\":\"WebPage\",\"@id\":\"http:\\\/\\\/casadecampoliving.com\\\/es\\\/celebrar-el-final-de-la-temporada-de-huracanes\\\/\"},\"thumbnailUrl\":\"https:\\\/\\\/i0.wp.com\\\/casadecampoliving.com\\\/wp-content\\\/uploads\\\/2022\\\/10\\\/end-of-hurricane-season-e1415881843904-1.png?resize=150%2C150&ssl=1\",\"image\":{\"@type\":\"ImageObject\",\"url\":\"https:\\\/\\\/i0.wp.com\\\/casadecampoliving.com\\\/wp-content\\\/uploads\\\/2022\\\/10\\\/end-of-hurricane-season-e1415881843904-1.png?fit=597%2C426&ssl=1\"},\"articleSection\":\"CCL presenta\",\"author\":[{\"@type\":\"Person\",\"name\":\"Rebecca Hughes\"}],\"creator\":[\"Rebecca Hughes\"],\"publisher\":{\"@type\":\"Organization\",\"name\":\"Casa de Campo Living\",\"logo\":\"https:\\\/\\\/casadecampoliving.com\\\/wp-content\\\/uploads\\\/2022\\\/07\\\/CDCLivingLogo_V1-white-sized.png\"},\"keywords\":[\"casa de campo living\",\"clima\",\"republica dominicana\",\"temporada de huracanes\"],\"dateCreated\":\"2014-11-30T04:00:00Z\",\"datePublished\":\"2014-11-30T04:00:00Z\",\"dateModified\":\"2022-10-21T22:54:56Z\"}<\/script>","tracker_url":"https:\/\/cdn.parsely.com\/keys\/casadecampoliving.com\/p.js"},"jetpack_publicize_connections":[],"jetpack_featured_media_url":"https:\/\/i0.wp.com\/casadecampoliving.com\/wp-content\/uploads\/2022\/10\/end-of-hurricane-season-e1415881843904-1.png?fit=597%2C426&ssl=1","jetpack-related-posts":[{"id":348092,"url":"https:\/\/casadecampoliving.com\/es\/huracan-tormenta-tropical-danny\/","url_meta":{"origin":345973,"position":0},"title":"\u00bfAmenaza de hurac\u00e1n? Tormenta Tropical Danny en el horizonte","author":"Perkin Agramonte","date":"19 Ago, 2015","format":false,"excerpt":"Desde el inicio de la Temporada de Huracanes del Atlantico 2015\u00a0el pasado 1\u00ba de junio, hemos tenido una temporada cicl\u00f3nica con muy poca actividad, con la formaci\u00f3n de 3 tormentas (Ana, Bill, y Claudette) ninguna de estas tan amenazantes. Pero de repente, ayer martes, 18 de agosto, la Tormenta Tropical\u2026","rel":"","context":"En \u00abCasa de Campo Living @es\u00bb","block_context":{"text":"Casa de Campo Living @es","link":"https:\/\/casadecampoliving.com\/category\/casa-de-campo-living-es\/"},"img":{"alt_text":"Tropical Storm Danny","src":"https:\/\/i0.wp.com\/casadecampoliving.com\/wp-content\/uploads\/2022\/10\/Tropical_Storm_Danny-1.jpg?fit=650%2C366&ssl=1&resize=350%2C200","width":350,"height":200,"srcset":"https:\/\/i0.wp.com\/casadecampoliving.com\/wp-content\/uploads\/2022\/10\/Tropical_Storm_Danny-1.jpg?fit=650%2C366&ssl=1&resize=350%2C200 1x, https:\/\/i0.wp.com\/casadecampoliving.com\/wp-content\/uploads\/2022\/10\/Tropical_Storm_Danny-1.jpg?fit=650%2C366&ssl=1&resize=525%2C300 1.5x"},"classes":[]},{"id":343377,"url":"https:\/\/casadecampoliving.com\/es\/buena-noticia-la-temporada-de-huracanes-concluye-este-sabado\/","url_meta":{"origin":345973,"position":1},"title":"\u00a1Buena noticia, la temporada de huracanes concluye este s\u00e1bado!","author":"Fernando Concepci\u00f3n","date":"30 Nov, 2013","format":false,"excerpt":"Aunque no se haya percibido as\u00ed, los pasados seis meses del a\u00f1o pasaron dentro de la llamada \u201ctemporada de huracanes\u201d de la Rep\u00fablica Dominicana, y hoy s\u00e1bado 30 de noviembre, oficialmente, concluye esa lluviosa y ventosa temporada. \u00a1Yippeee! La temporada de huracanes 2013 comenz\u00f3 el primero de junio, despu\u00e9s de\u2026","rel":"","context":"En \u00abDestacados\u00bb","block_context":{"text":"Destacados","link":"https:\/\/casadecampoliving.com\/es\/category\/destacados\/"},"img":{"alt_text":"Rainbow Minitas Beach Casa de Campo","src":"https:\/\/i0.wp.com\/casadecampoliving.com\/wp-content\/uploads\/2022\/10\/rainbow_minitas_beach_casa_de_campo-e1402689465281.jpg?fit=646%2C377&ssl=1&resize=350%2C200","width":350,"height":200,"srcset":"https:\/\/i0.wp.com\/casadecampoliving.com\/wp-content\/uploads\/2022\/10\/rainbow_minitas_beach_casa_de_campo-e1402689465281.jpg?fit=646%2C377&ssl=1&resize=350%2C200 1x, https:\/\/i0.wp.com\/casadecampoliving.com\/wp-content\/uploads\/2022\/10\/rainbow_minitas_beach_casa_de_campo-e1402689465281.jpg?fit=646%2C377&ssl=1&resize=525%2C300 1.5x"},"classes":[]},{"id":342302,"url":"https:\/\/casadecampoliving.com\/es\/temporada-de-huracanes-2013-reporte-de-julio\/","url_meta":{"origin":345973,"position":2},"title":"Temporada de Huracanes 2013: Reporte de Julio","author":"Mairobi Herrera","date":"7 Jul, 2013","format":false,"excerpt":"Un mes menos \u2013 \u00a1cinco m\u00e1s para irse el a\u00f1o! As\u00ed que ahora que estamos oficialmente dentro de la temporada de huracanes de 2013 aqu\u00ed les traemos algunas actualizaciones sobre el clima en la Rep\u00fablica Dominicana. Seg\u00fan weather.com \u201d junio y julio s\u00f3lo representan el 14 por ciento de las\u2026","rel":"","context":"En \u00abNoticias Locales\u00bb","block_context":{"text":"Noticias Locales","link":"https:\/\/casadecampoliving.com\/es\/category\/noticias-locales\/"},"img":{"alt_text":"rain casa de campo","src":"https:\/\/i0.wp.com\/casadecampoliving.com\/wp-content\/uploads\/2022\/10\/rain_casa_de_campo-1.jpg?fit=650%2C372&ssl=1&resize=350%2C200","width":350,"height":200,"srcset":"https:\/\/i0.wp.com\/casadecampoliving.com\/wp-content\/uploads\/2022\/10\/rain_casa_de_campo-1.jpg?fit=650%2C372&ssl=1&resize=350%2C200 1x, https:\/\/i0.wp.com\/casadecampoliving.com\/wp-content\/uploads\/2022\/10\/rain_casa_de_campo-1.jpg?fit=650%2C372&ssl=1&resize=525%2C300 1.5x"},"classes":[]},{"id":354401,"url":"https:\/\/casadecampoliving.com\/es\/la-temporada-de-huracanes-2022-comenzo-oficialmente-el-1-de-junio\/","url_meta":{"origin":345973,"position":3},"title":"La temporada de huracanes 2022 comenz\u00f3 oficialmente el 1 de junio","author":"Casa de Campo Living","date":"3 Jun, 2022","format":false,"excerpt":"Esta semana, el 1 de junio, comenz\u00f3 la \u201cTemporada de huracanes\u201d 2022. Algunos de ustedes podr\u00edan preguntarse c\u00f3mo es eso posible, ya que \u00faltimamente ha hecho un calor tan incre\u00edble. Bueno, entrar en la temporada de huracanes no significa lluvia constante, solo significa que cuando llueva, ser\u00e1 m\u00e1s fuerte y\u2026","rel":"","context":"En \u00abCasa de Campo Living @es\u00bb","block_context":{"text":"Casa de Campo Living @es","link":"https:\/\/casadecampoliving.com\/category\/casa-de-campo-living-es\/"},"img":{"alt_text":"","src":"https:\/\/i0.wp.com\/casadecampoliving.com\/wp-content\/uploads\/2022\/10\/IMG_5419-1.jpg?fit=1000%2C695&ssl=1&resize=350%2C200","width":350,"height":200,"srcset":"https:\/\/i0.wp.com\/casadecampoliving.com\/wp-content\/uploads\/2022\/10\/IMG_5419-1.jpg?fit=1000%2C695&ssl=1&resize=350%2C200 1x, https:\/\/i0.wp.com\/casadecampoliving.com\/wp-content\/uploads\/2022\/10\/IMG_5419-1.jpg?fit=1000%2C695&ssl=1&resize=525%2C300 1.5x, https:\/\/i0.wp.com\/casadecampoliving.com\/wp-content\/uploads\/2022\/10\/IMG_5419-1.jpg?fit=1000%2C695&ssl=1&resize=700%2C400 2x"},"classes":[]},{"id":352688,"url":"https:\/\/casadecampoliving.com\/es\/que-esperar-de-esta-temporada-ciclonica-2018\/","url_meta":{"origin":345973,"position":4},"title":"Qu\u00e9 esperar de esta temporada de cicl\u00f3nica 2018","author":"Marlenys Guzm\u00e1n Casta\u00f1os","date":"4 Jun, 2018","format":false,"excerpt":"La semana pasada, el jueves 1ro de junio, comenz\u00f3 la \u201cTemporada Cicl\u00f3nica\u201d de 2018. Algunos de ustedes podr\u00edan cuestionar \u00a1\u00bfc\u00f3mo es posible, ya que ha sido tan incre\u00edblemente caluroso \u00faltimamente?! Bueno, entrar en la temporada de huracanes no significa lluvia constante \u2013 s\u00f3lo significa que cuando llueve ser\u00e1 m\u00e1s fuerte\u2026","rel":"","context":"En \u00abClima\u00bb","block_context":{"text":"Clima","link":"https:\/\/casadecampoliving.com\/es\/category\/clima-2\/"},"img":{"alt_text":"","src":"https:\/\/i0.wp.com\/casadecampoliving.com\/wp-content\/uploads\/2018\/06\/Pronostico-de-ciclones-para-2018.png?resize=350%2C200&ssl=1","width":350,"height":200,"srcset":"https:\/\/i0.wp.com\/casadecampoliving.com\/wp-content\/uploads\/2018\/06\/Pronostico-de-ciclones-para-2018.png?resize=350%2C200&ssl=1 1x, https:\/\/i0.wp.com\/casadecampoliving.com\/wp-content\/uploads\/2018\/06\/Pronostico-de-ciclones-para-2018.png?resize=525%2C300&ssl=1 1.5x, https:\/\/i0.wp.com\/casadecampoliving.com\/wp-content\/uploads\/2018\/06\/Pronostico-de-ciclones-para-2018.png?resize=700%2C400&ssl=1 2x"},"classes":[]},{"id":347450,"url":"https:\/\/casadecampoliving.com\/es\/se-espera-una-temporada-de-huracanes-2015-menos-activa\/","url_meta":{"origin":345973,"position":5},"title":"Se espera una Temporada de Huracanes 2015 \u00abmenos activa\u00bb","author":"Perkin Agramonte","date":"31 May, 2015","format":false,"excerpt":"La temporada de huracanes del Atl\u00e1ntico 2015 est\u00e1 casi sobre nosotros, as\u00ed que pensamos que pensamos que le interesar\u00eda saber que los pron\u00f3sticos indican un menor n\u00famero de huracanes y tormentas. A pesar de los conceptos err\u00f3neos comunes, la \u201ctemida\u201d temporada de huracanes en realidad no es tan perjudicial aqu\u00ed\u2026","rel":"","context":"En \u00abAltos de Chavon @es\u00bb","block_context":{"text":"Altos de Chavon @es","link":"https:\/\/casadecampoliving.com\/category\/altos-de-chavon-es\/"},"img":{"alt_text":"Atlantic Hurricane Season, Altos de Chavon","src":"https:\/\/i0.wp.com\/casadecampoliving.com\/wp-content\/uploads\/2022\/10\/Atlantic-Hurricane-Season_Altos_de_Chavon-1.jpg?fit=800%2C600&ssl=1&resize=350%2C200","width":350,"height":200,"srcset":"https:\/\/i0.wp.com\/casadecampoliving.com\/wp-content\/uploads\/2022\/10\/Atlantic-Hurricane-Season_Altos_de_Chavon-1.jpg?fit=800%2C600&ssl=1&resize=350%2C200 1x, https:\/\/i0.wp.com\/casadecampoliving.com\/wp-content\/uploads\/2022\/10\/Atlantic-Hurricane-Season_Altos_de_Chavon-1.jpg?fit=800%2C600&ssl=1&resize=525%2C300 1.5x, https:\/\/i0.wp.com\/casadecampoliving.com\/wp-content\/uploads\/2022\/10\/Atlantic-Hurricane-Season_Altos_de_Chavon-1.jpg?fit=800%2C600&ssl=1&resize=700%2C400 2x"},"classes":[]}],"jetpack_sharing_enabled":true,"_links":{"self":[{"href":"https:\/\/casadecampoliving.com\/es\/wp-json\/wp\/v2\/posts\/345973","targetHints":{"allow":["GET"]}}],"collection":[{"href":"https:\/\/casadecampoliving.com\/es\/wp-json\/wp\/v2\/posts"}],"about":[{"href":"https:\/\/casadecampoliving.com\/es\/wp-json\/wp\/v2\/types\/post"}],"author":[{"embeddable":true,"href":"https:\/\/casadecampoliving.com\/es\/wp-json\/wp\/v2\/users\/14"}],"replies":[{"embeddable":true,"href":"https:\/\/casadecampoliving.com\/es\/wp-json\/wp\/v2\/comments?post=345973"}],"version-history":[{"count":1,"href":"https:\/\/casadecampoliving.com\/es\/wp-json\/wp\/v2\/posts\/345973\/revisions"}],"predecessor-version":[{"id":345974,"href":"https:\/\/casadecampoliving.com\/es\/wp-json\/wp\/v2\/posts\/345973\/revisions\/345974"}],"wp:featuredmedia":[{"embeddable":true,"href":"https:\/\/casadecampoliving.com\/es\/wp-json\/wp\/v2\/media\/285733"}],"wp:attachment":[{"href":"https:\/\/casadecampoliving.com\/es\/wp-json\/wp\/v2\/media?parent=345973"}],"wp:term":[{"taxonomy":"category","embeddable":true,"href":"https:\/\/casadecampoliving.com\/es\/wp-json\/wp\/v2\/categories?post=345973"},{"taxonomy":"post_tag","embeddable":true,"href":"https:\/\/casadecampoliving.com\/es\/wp-json\/wp\/v2\/tags?post=345973"},{"taxonomy":"newspack_spnsrs_tax","embeddable":true,"href":"https:\/\/casadecampoliving.com\/es\/wp-json\/wp\/v2\/newspack_spnsrs_tax?post=345973"}],"curies":[{"name":"wp","href":"https:\/\/api.w.org\/{rel}","templated":true}]}}