{"id":345938,"date":"2014-11-08T00:00:00","date_gmt":"2014-11-08T04:00:00","guid":{"rendered":"https:\/\/casadecampoliving.com\/quiereme-como-soy-como-yo-te-quiero-ti\/"},"modified":"2022-10-21T18:53:01","modified_gmt":"2022-10-21T22:53:01","slug":"quiereme-como-soy-como-yo-te-quiero-ti","status":"publish","type":"post","link":"https:\/\/casadecampoliving.com\/es\/quiereme-como-soy-como-yo-te-quiero-ti\/","title":{"rendered":"Quiereme como soy como yo te quiero a ti"},"content":{"rendered":"<div class=\"wp-block-image\">\n<figure class=\"aligncenter is-resized\"><img loading=\"lazy\" decoding=\"async\" src=\"https:\/\/i0.wp.com\/casadecampoliving.com\/wp-content\/uploads\/2022\/10\/quiereme_como_Soy.jpg?resize=650%2C546&amp;ssl=1\" alt=\"quiereme_como_Soy\" class=\"wp-image-101702\" height=\"546\" width=\"650\"\/><\/figure>\n<\/div>\n\n\n<p>Hola a todos los miembros generosos de la comunidad Casa de Campo, en el d\u00eda de hoy queremos motivarles a formar parte del evento \u201cQuiereme Como Soy\u201d en el cual los protagonistas son esos ni\u00f1os que nacen con discapacidad intelectual como el Autismo y S\u00edndrome de Down.<\/p>\n\n\n\n<!--more-->\n\n\n<div class=\"wp-block-image\">\n<figure class=\"alignright is-resized\"><img loading=\"lazy\" decoding=\"async\" src=\"https:\/\/i0.wp.com\/casadecampoliving.com\/wp-content\/uploads\/2022\/10\/quiereme_toros-300x251-2.jpg?resize=300%2C251&amp;ssl=1\" alt=\"quiereme_toros\" class=\"wp-image-101703\" height=\"251\" width=\"300\"\/><\/figure>\n<\/div>\n\n\n<p>No desaproveche la oportunidad de brindarle todo su amor y cari\u00f1o a estos adorables ni\u00f1os en los eventos que ofrece Quiereme Soy. Puede elegir entre el concierto de Juanes en el Anfiteatro Altos de Chav\u00f3n el s\u00e1bado 15 de noviembre o al juego especial de be\u00edsbol en el Estadio Francisco A. Micheli el domingo 16 de noviembre, \u00a1o simplemente ir a ambos!<\/p>\n\n\n\n<p>Todos los fondos recaudados ser\u00e1n destinados directamente a la Fundaci\u00f3n Qui\u00e9reme como Soy, para que ellos puedan continuar ayudando a todos los ni\u00f1os especiales, que necesitan y merecen todo el amor, la bondad y el apoyo posible.<\/p>\n\n\n\n<p>\u00danete a grandes personalidades nacionales e internacionales a este fin de semana lleno de cari\u00f1o y amor organizado para estos ni\u00f1os especiales.<\/p>\n\n\n<div class=\"wp-block-image\">\n<figure class=\"aligncenter is-resized\"><img loading=\"lazy\" decoding=\"async\" src=\"https:\/\/i0.wp.com\/casadecampoliving.com\/wp-content\/uploads\/2022\/10\/special.png?resize=650%2C416&amp;ssl=1\" alt=\"special\" class=\"wp-image-101704\" height=\"416\" width=\"650\"\/><\/figure>\n<\/div>\n\n\n<p>Aqu\u00ed est\u00e1 el video promocional del evento \u201cQi\u00e9reme como Soy\u201d en el Estadio Francisco Micheli:<\/p>\n\n\n\n<p><iframe loading=\"lazy\" src=\"\/\/www.youtube.com\/embed\/BO8cIhy4C6w\" width=\"560\" height=\"315\" frameborder=\"0\" allowfullscreen=\"allowfullscreen\"><\/iframe><\/p>\n\n\n\n<blockquote><p>La <b>Fundaci\u00f3n Qui\u00e9reme como soy, Inc.<\/b> nace el 14 de abril de 2011 incorporada mediante decreto del Poder Ejecutivo No. 0028, como instituci\u00f3n sin fines de lucro que desde su inicio ha estado trabajando con la finalidad de promover la inclusi\u00f3n en nuestra sociedad de personas con necesidades especiales a nivel cognitivo.<\/p><p><b>Concierto de Juanes<\/b><\/p><p><strong>Fecha:<\/strong> 15 de noviembre<\/p><p><strong>Lugar:<\/strong> Anfiteatro Altos de Chav\u00f3n<\/p><p><strong>Precios de las Boletas:<\/strong><\/p><ul>\n<li><b>Special guest <\/b>$ 10,000<\/li>\n<li><b>Vip<\/b> $ 5,000<\/li>\n<li><b>General<\/b> $ 2,000<\/li>\n<\/ul><p>(Incluye camiseta Quiereme Como Soy)<\/p><p><iframe loading=\"lazy\" src=\"\/\/www.youtube.com\/embed\/ztAWL00NAVw\" width=\"560\" height=\"315\" frameborder=\"0\" allowfullscreen=\"allowfullscreen\"><\/iframe><\/p><p><b>Juego Especial de B\u00e9isbol<\/b><\/p><p><strong>Fecha:<\/strong> 16 de noviembre<\/p><p><strong>Lugar:<\/strong> Estadio Francisco A. Micheli<\/p><p><strong>Precios de las Boletas:<\/strong><\/p><ul>\n<li><b>General<\/b> $ 400<\/li>\n<li><b>Bleachers<\/b> $ 300<\/li>\n<\/ul><p>(Incluye camiseta Quiereme Como Soy)<\/p><p><iframe loading=\"lazy\" src=\"\/\/www.youtube.com\/embed\/Tkmq5br2-os\" width=\"560\" height=\"315\" frameborder=\"0\" allowfullscreen=\"allowfullscreen\"><\/iframe><\/p><h3>Puntos de Venta<\/h3><p><strong>Santo Domingo:<\/strong><\/p><p>Jumbo Agora mall<\/p><p>Jumbo luperon<\/p><p>supermercado nacional 27 febrero<\/p><p>supermercado nacional Lope de vega<\/p><p>Movie max piantinni<\/p><p>Uepa Bella Vista mall<\/p><p>Grupo Viamar<\/p><p><strong>Romana:<\/strong><\/p><p>Supermercado Iberia<\/p><p>Supermercado Jumbo<\/p><p><strong>Hig\u00fcey:<\/strong><\/p><p>Viamar Higuey<\/p><p><strong>San Pedro:<\/strong><\/p><p>Supermercado Iberia<\/p><p>Jumbo San Pedro<\/p><\/blockquote>\n","protected":false},"excerpt":{"rendered":"<p>Hola a todos los miembros generosos de la comunidad Casa de Campo, en el d\u00eda de hoy queremos motivarles a formar parte del evento \u201cQuiereme Como Soy\u201d en el cual los protagonistas son esos ni\u00f1os que nacen con discapacidad intelectual como el Autismo y S\u00edndrome de Down.<\/p>\n","protected":false},"author":22010,"featured_media":285413,"comment_status":"closed","ping_status":"closed","sticky":false,"template":"","format":"standard","meta":{"newspack_ads_suppress_ads":false,"newspack_popups_has_disabled_popups":false,"newspack_sponsor_sponsorship_scope":"","newspack_sponsor_native_byline_display":"inherit","newspack_sponsor_native_category_display":"inherit","newspack_sponsor_underwriter_style":"inherit","newspack_sponsor_underwriter_placement":"inherit","_newspack_byline_active":false,"_newspack_byline":"","newspack_hide_updated_date":false,"newspack_show_updated_date":false,"newspack_content_restriction_is_exempt":false,"newspack_featured_image_position":"","newspack_post_subtitle":"","newspack_article_summary_title":"Overview:","newspack_article_summary":"","_jetpack_memberships_contains_paid_content":false,"footnotes":"","jetpack_publicize_message":"","jetpack_publicize_feature_enabled":true,"jetpack_social_post_already_shared":false,"jetpack_social_options":{"image_generator_settings":{"template":"highway","default_image_id":0,"font":"","enabled":false},"version":2},"_wpas_customize_per_network":false},"categories":[26819,26823,26936,26951,2513,3126,2518,14631,2522,2514,2507,2506,14625,14627,2521,26822,2526],"tags":[15387,13827,5442,10079,10081],"newspack_spnsrs_tax":[],"class_list":["post-345938","post","type-post","status-publish","format-standard","has-post-thumbnail","hentry","category-altos-de-chavon-es","category-arte-y-cultura","category-casa-de-campo-living-es","category-ccl-presenta","category-celebridades-es","category-cine-3","category-conciertos-es","category-estilo-de-vida","category-eventos-es","category-fundaciones-es","category-la-romana-es","category-mas-alla-de-casa-es","category-noticias-locales","category-proximamente","category-republica-dominicana-2","category-resort-casa-de-campo","category-titulares-es","tag-altos-de-chavon-es","tag-casa-de-campo-living","tag-estadio-francisco-a-micheli","tag-juanes","tag-quiereme-como-soy","entry"],"yoast_head":"<!-- This site is optimized with the Yoast SEO plugin v27.5 - https:\/\/yoast.com\/product\/yoast-seo-wordpress\/ -->\n<title>Quiereme como soy como yo te quiero a ti | Casa de Campo Living<\/title>\n<meta name=\"description\" content=\"Hola a todos los miembros generosos de la comunidad Casa de Campo, en el d\u00eda de hoy queremos motivarles a formar parte del evento \u201cQuiereme Como Soy\u201d en\" \/>\n<meta name=\"robots\" content=\"index, follow, max-snippet:-1, max-image-preview:large, max-video-preview:-1\" \/>\n<link rel=\"canonical\" href=\"https:\/\/casadecampoliving.com\/es\/quiereme-como-soy-como-yo-te-quiero-ti\/\" \/>\n<meta property=\"og:locale\" content=\"es_ES\" \/>\n<meta property=\"og:type\" content=\"article\" \/>\n<meta property=\"og:title\" content=\"Quiereme como soy como yo te quiero a ti | Casa de Campo Living\" \/>\n<meta property=\"og:description\" content=\"Hola a todos los miembros generosos de la comunidad Casa de Campo, en el d\u00eda de hoy queremos motivarles a formar parte del evento \u201cQuiereme Como Soy\u201d en\" \/>\n<meta property=\"og:url\" content=\"https:\/\/casadecampoliving.com\/es\/quiereme-como-soy-como-yo-te-quiero-ti\/\" \/>\n<meta property=\"og:site_name\" content=\"Casa de Campo Living\" \/>\n<meta property=\"article:publisher\" content=\"https:\/\/www.facebook.com\/casadecampoliving\" \/>\n<meta property=\"article:published_time\" content=\"2014-11-08T04:00:00+00:00\" \/>\n<meta property=\"article:modified_time\" content=\"2022-10-21T22:53:01+00:00\" \/>\n<meta property=\"og:image\" content=\"https:\/\/i0.wp.com\/casadecampoliving.com\/wp-content\/uploads\/2022\/10\/quiereme_como_Soy-1.jpg?fit=960%2C806&ssl=1\" \/>\n\t<meta property=\"og:image:width\" content=\"960\" \/>\n\t<meta property=\"og:image:height\" content=\"806\" \/>\n\t<meta property=\"og:image:type\" content=\"image\/jpeg\" \/>\n<meta name=\"author\" content=\"Maria Isabel B\u00e1ez\" \/>\n<meta name=\"twitter:card\" content=\"summary_large_image\" \/>\n<meta name=\"twitter:creator\" content=\"@cdcliving\" \/>\n<meta name=\"twitter:site\" content=\"@cdcliving\" \/>\n<meta name=\"twitter:label1\" content=\"Escrito por\" \/>\n\t<meta name=\"twitter:data1\" content=\"Maria Isabel B\u00e1ez\" \/>\n\t<meta name=\"twitter:label2\" content=\"Tiempo de lectura\" \/>\n\t<meta name=\"twitter:data2\" content=\"2 minutos\" \/>\n<script type=\"application\/ld+json\" class=\"yoast-schema-graph\">{\"@context\":\"https:\\\/\\\/schema.org\",\"@graph\":[{\"@type\":\"Article\",\"@id\":\"https:\\\/\\\/casadecampoliving.com\\\/es\\\/quiereme-como-soy-como-yo-te-quiero-ti\\\/#article\",\"isPartOf\":{\"@id\":\"https:\\\/\\\/casadecampoliving.com\\\/es\\\/quiereme-como-soy-como-yo-te-quiero-ti\\\/\"},\"author\":{\"name\":\"Maria Isabel B\u00e1ez\",\"@id\":\"https:\\\/\\\/casadecampoliving.com\\\/es\\\/#\\\/schema\\\/person\\\/8fc218930d06cbe215cf6c4fc64caa11\"},\"headline\":\"Quiereme como soy como yo te quiero a ti\",\"datePublished\":\"2014-11-08T04:00:00+00:00\",\"dateModified\":\"2022-10-21T22:53:01+00:00\",\"mainEntityOfPage\":{\"@id\":\"https:\\\/\\\/casadecampoliving.com\\\/es\\\/quiereme-como-soy-como-yo-te-quiero-ti\\\/\"},\"wordCount\":350,\"publisher\":{\"@id\":\"https:\\\/\\\/casadecampoliving.com\\\/es\\\/#organization\"},\"image\":{\"@id\":\"https:\\\/\\\/casadecampoliving.com\\\/es\\\/quiereme-como-soy-como-yo-te-quiero-ti\\\/#primaryimage\"},\"thumbnailUrl\":\"https:\\\/\\\/i0.wp.com\\\/casadecampoliving.com\\\/wp-content\\\/uploads\\\/2022\\\/10\\\/quiereme_como_Soy-1.jpg?fit=960%2C806&ssl=1\",\"keywords\":[\"Altos de Chavon\",\"Casa de Campo Living\",\"estadio francisco a micheli\",\"Juanes\",\"quiereme como soy\"],\"articleSection\":[\"Altos de Chavon @es\",\"Arte y cultura\",\"Casa de Campo Living @es\",\"CCL presenta\",\"Celebridades\",\"Cine @es\",\"Conciertos\",\"Estilo de Vida\",\"Eventos\",\"Fundaciones\",\"La Romana @es\",\"M\u00e1s all\u00e1 de Casa\",\"Noticias Locales\",\"Proximamente\",\"Rep\u00fablica Dominicana @es\",\"Resort Casa de Campo\",\"Titulares\"],\"inLanguage\":\"es\"},{\"@type\":\"WebPage\",\"@id\":\"https:\\\/\\\/casadecampoliving.com\\\/es\\\/quiereme-como-soy-como-yo-te-quiero-ti\\\/\",\"url\":\"https:\\\/\\\/casadecampoliving.com\\\/es\\\/quiereme-como-soy-como-yo-te-quiero-ti\\\/\",\"name\":\"Quiereme como soy como yo te quiero a ti | Casa de Campo Living\",\"isPartOf\":{\"@id\":\"https:\\\/\\\/casadecampoliving.com\\\/es\\\/#website\"},\"primaryImageOfPage\":{\"@id\":\"https:\\\/\\\/casadecampoliving.com\\\/es\\\/quiereme-como-soy-como-yo-te-quiero-ti\\\/#primaryimage\"},\"image\":{\"@id\":\"https:\\\/\\\/casadecampoliving.com\\\/es\\\/quiereme-como-soy-como-yo-te-quiero-ti\\\/#primaryimage\"},\"thumbnailUrl\":\"https:\\\/\\\/i0.wp.com\\\/casadecampoliving.com\\\/wp-content\\\/uploads\\\/2022\\\/10\\\/quiereme_como_Soy-1.jpg?fit=960%2C806&ssl=1\",\"datePublished\":\"2014-11-08T04:00:00+00:00\",\"dateModified\":\"2022-10-21T22:53:01+00:00\",\"description\":\"Hola a todos los miembros generosos de la comunidad Casa de Campo, en el d\u00eda de hoy queremos motivarles a formar parte del evento \u201cQuiereme Como Soy\u201d en\",\"breadcrumb\":{\"@id\":\"https:\\\/\\\/casadecampoliving.com\\\/es\\\/quiereme-como-soy-como-yo-te-quiero-ti\\\/#breadcrumb\"},\"inLanguage\":\"es\",\"potentialAction\":[{\"@type\":\"ReadAction\",\"target\":[\"https:\\\/\\\/casadecampoliving.com\\\/es\\\/quiereme-como-soy-como-yo-te-quiero-ti\\\/\"]}]},{\"@type\":\"ImageObject\",\"inLanguage\":\"es\",\"@id\":\"https:\\\/\\\/casadecampoliving.com\\\/es\\\/quiereme-como-soy-como-yo-te-quiero-ti\\\/#primaryimage\",\"url\":\"https:\\\/\\\/i0.wp.com\\\/casadecampoliving.com\\\/wp-content\\\/uploads\\\/2022\\\/10\\\/quiereme_como_Soy-1.jpg?fit=960%2C806&ssl=1\",\"contentUrl\":\"https:\\\/\\\/i0.wp.com\\\/casadecampoliving.com\\\/wp-content\\\/uploads\\\/2022\\\/10\\\/quiereme_como_Soy-1.jpg?fit=960%2C806&ssl=1\",\"width\":960,\"height\":806},{\"@type\":\"BreadcrumbList\",\"@id\":\"https:\\\/\\\/casadecampoliving.com\\\/es\\\/quiereme-como-soy-como-yo-te-quiero-ti\\\/#breadcrumb\",\"itemListElement\":[{\"@type\":\"ListItem\",\"position\":1,\"name\":\"Home\",\"item\":\"https:\\\/\\\/casadecampoliving.com\\\/es\\\/\"},{\"@type\":\"ListItem\",\"position\":2,\"name\":\"Quiereme como soy como yo te quiero a ti\"}]},{\"@type\":\"WebSite\",\"@id\":\"https:\\\/\\\/casadecampoliving.com\\\/es\\\/#website\",\"url\":\"https:\\\/\\\/casadecampoliving.com\\\/es\\\/\",\"name\":\"Casa de Campo Living\",\"description\":\"Resort community news and resources.\",\"publisher\":{\"@id\":\"https:\\\/\\\/casadecampoliving.com\\\/es\\\/#organization\"},\"potentialAction\":[{\"@type\":\"SearchAction\",\"target\":{\"@type\":\"EntryPoint\",\"urlTemplate\":\"https:\\\/\\\/casadecampoliving.com\\\/es\\\/?s={search_term_string}\"},\"query-input\":{\"@type\":\"PropertyValueSpecification\",\"valueRequired\":true,\"valueName\":\"search_term_string\"}}],\"inLanguage\":\"es\"},{\"@type\":\"Organization\",\"@id\":\"https:\\\/\\\/casadecampoliving.com\\\/es\\\/#organization\",\"name\":\"Casa de Campo Living\",\"url\":\"https:\\\/\\\/casadecampoliving.com\\\/es\\\/\",\"logo\":{\"@type\":\"ImageObject\",\"inLanguage\":\"es\",\"@id\":\"https:\\\/\\\/casadecampoliving.com\\\/es\\\/#\\\/schema\\\/logo\\\/image\\\/\",\"url\":\"https:\\\/\\\/i0.wp.com\\\/casadecampoliving.com\\\/wp-content\\\/uploads\\\/2022\\\/07\\\/CDCLivingLogo_V1-white-sized.png?fit=800%2C214&ssl=1\",\"contentUrl\":\"https:\\\/\\\/i0.wp.com\\\/casadecampoliving.com\\\/wp-content\\\/uploads\\\/2022\\\/07\\\/CDCLivingLogo_V1-white-sized.png?fit=800%2C214&ssl=1\",\"width\":800,\"height\":214,\"caption\":\"Casa de Campo Living\"},\"image\":{\"@id\":\"https:\\\/\\\/casadecampoliving.com\\\/es\\\/#\\\/schema\\\/logo\\\/image\\\/\"},\"sameAs\":[\"https:\\\/\\\/www.facebook.com\\\/casadecampoliving\",\"https:\\\/\\\/x.com\\\/cdcliving\"]},{\"@type\":\"Person\",\"@id\":\"https:\\\/\\\/casadecampoliving.com\\\/es\\\/#\\\/schema\\\/person\\\/8fc218930d06cbe215cf6c4fc64caa11\",\"name\":\"Maria Isabel B\u00e1ez\",\"image\":{\"@type\":\"ImageObject\",\"inLanguage\":\"es\",\"@id\":\"https:\\\/\\\/secure.gravatar.com\\\/avatar\\\/d6e25af8826ab9ae04e6fcc864034c13600a3a03fc45e4bd8fe7ab8c4d289c2a?s=96&d=mm&r=g\",\"url\":\"https:\\\/\\\/secure.gravatar.com\\\/avatar\\\/d6e25af8826ab9ae04e6fcc864034c13600a3a03fc45e4bd8fe7ab8c4d289c2a?s=96&d=mm&r=g\",\"contentUrl\":\"https:\\\/\\\/secure.gravatar.com\\\/avatar\\\/d6e25af8826ab9ae04e6fcc864034c13600a3a03fc45e4bd8fe7ab8c4d289c2a?s=96&d=mm&r=g\",\"caption\":\"Maria Isabel B\u00e1ez\"},\"url\":\"https:\\\/\\\/casadecampoliving.com\\\/es\\\/author\\\/mbaez\\\/\"}]}<\/script>\n<!-- \/ Yoast SEO plugin. -->","yoast_head_json":{"title":"Quiereme como soy como yo te quiero a ti | Casa de Campo Living","description":"Hola a todos los miembros generosos de la comunidad Casa de Campo, en el d\u00eda de hoy queremos motivarles a formar parte del evento \u201cQuiereme Como Soy\u201d en","robots":{"index":"index","follow":"follow","max-snippet":"max-snippet:-1","max-image-preview":"max-image-preview:large","max-video-preview":"max-video-preview:-1"},"canonical":"https:\/\/casadecampoliving.com\/es\/quiereme-como-soy-como-yo-te-quiero-ti\/","og_locale":"es_ES","og_type":"article","og_title":"Quiereme como soy como yo te quiero a ti | Casa de Campo Living","og_description":"Hola a todos los miembros generosos de la comunidad Casa de Campo, en el d\u00eda de hoy queremos motivarles a formar parte del evento \u201cQuiereme Como Soy\u201d en","og_url":"https:\/\/casadecampoliving.com\/es\/quiereme-como-soy-como-yo-te-quiero-ti\/","og_site_name":"Casa de Campo Living","article_publisher":"https:\/\/www.facebook.com\/casadecampoliving","article_published_time":"2014-11-08T04:00:00+00:00","article_modified_time":"2022-10-21T22:53:01+00:00","og_image":[{"width":960,"height":806,"url":"https:\/\/i0.wp.com\/casadecampoliving.com\/wp-content\/uploads\/2022\/10\/quiereme_como_Soy-1.jpg?fit=960%2C806&ssl=1","type":"image\/jpeg"}],"author":"Maria Isabel B\u00e1ez","twitter_card":"summary_large_image","twitter_creator":"@cdcliving","twitter_site":"@cdcliving","twitter_misc":{"Escrito por":"Maria Isabel B\u00e1ez","Tiempo de lectura":"2 minutos"},"schema":{"@context":"https:\/\/schema.org","@graph":[{"@type":"Article","@id":"https:\/\/casadecampoliving.com\/es\/quiereme-como-soy-como-yo-te-quiero-ti\/#article","isPartOf":{"@id":"https:\/\/casadecampoliving.com\/es\/quiereme-como-soy-como-yo-te-quiero-ti\/"},"author":{"name":"Maria Isabel B\u00e1ez","@id":"https:\/\/casadecampoliving.com\/es\/#\/schema\/person\/8fc218930d06cbe215cf6c4fc64caa11"},"headline":"Quiereme como soy como yo te quiero a ti","datePublished":"2014-11-08T04:00:00+00:00","dateModified":"2022-10-21T22:53:01+00:00","mainEntityOfPage":{"@id":"https:\/\/casadecampoliving.com\/es\/quiereme-como-soy-como-yo-te-quiero-ti\/"},"wordCount":350,"publisher":{"@id":"https:\/\/casadecampoliving.com\/es\/#organization"},"image":{"@id":"https:\/\/casadecampoliving.com\/es\/quiereme-como-soy-como-yo-te-quiero-ti\/#primaryimage"},"thumbnailUrl":"https:\/\/i0.wp.com\/casadecampoliving.com\/wp-content\/uploads\/2022\/10\/quiereme_como_Soy-1.jpg?fit=960%2C806&ssl=1","keywords":["Altos de Chavon","Casa de Campo Living","estadio francisco a micheli","Juanes","quiereme como soy"],"articleSection":["Altos de Chavon @es","Arte y cultura","Casa de Campo Living @es","CCL presenta","Celebridades","Cine @es","Conciertos","Estilo de Vida","Eventos","Fundaciones","La Romana @es","M\u00e1s all\u00e1 de Casa","Noticias Locales","Proximamente","Rep\u00fablica Dominicana @es","Resort Casa de Campo","Titulares"],"inLanguage":"es"},{"@type":"WebPage","@id":"https:\/\/casadecampoliving.com\/es\/quiereme-como-soy-como-yo-te-quiero-ti\/","url":"https:\/\/casadecampoliving.com\/es\/quiereme-como-soy-como-yo-te-quiero-ti\/","name":"Quiereme como soy como yo te quiero a ti | Casa de Campo Living","isPartOf":{"@id":"https:\/\/casadecampoliving.com\/es\/#website"},"primaryImageOfPage":{"@id":"https:\/\/casadecampoliving.com\/es\/quiereme-como-soy-como-yo-te-quiero-ti\/#primaryimage"},"image":{"@id":"https:\/\/casadecampoliving.com\/es\/quiereme-como-soy-como-yo-te-quiero-ti\/#primaryimage"},"thumbnailUrl":"https:\/\/i0.wp.com\/casadecampoliving.com\/wp-content\/uploads\/2022\/10\/quiereme_como_Soy-1.jpg?fit=960%2C806&ssl=1","datePublished":"2014-11-08T04:00:00+00:00","dateModified":"2022-10-21T22:53:01+00:00","description":"Hola a todos los miembros generosos de la comunidad Casa de Campo, en el d\u00eda de hoy queremos motivarles a formar parte del evento \u201cQuiereme Como Soy\u201d en","breadcrumb":{"@id":"https:\/\/casadecampoliving.com\/es\/quiereme-como-soy-como-yo-te-quiero-ti\/#breadcrumb"},"inLanguage":"es","potentialAction":[{"@type":"ReadAction","target":["https:\/\/casadecampoliving.com\/es\/quiereme-como-soy-como-yo-te-quiero-ti\/"]}]},{"@type":"ImageObject","inLanguage":"es","@id":"https:\/\/casadecampoliving.com\/es\/quiereme-como-soy-como-yo-te-quiero-ti\/#primaryimage","url":"https:\/\/i0.wp.com\/casadecampoliving.com\/wp-content\/uploads\/2022\/10\/quiereme_como_Soy-1.jpg?fit=960%2C806&ssl=1","contentUrl":"https:\/\/i0.wp.com\/casadecampoliving.com\/wp-content\/uploads\/2022\/10\/quiereme_como_Soy-1.jpg?fit=960%2C806&ssl=1","width":960,"height":806},{"@type":"BreadcrumbList","@id":"https:\/\/casadecampoliving.com\/es\/quiereme-como-soy-como-yo-te-quiero-ti\/#breadcrumb","itemListElement":[{"@type":"ListItem","position":1,"name":"Home","item":"https:\/\/casadecampoliving.com\/es\/"},{"@type":"ListItem","position":2,"name":"Quiereme como soy como yo te quiero a ti"}]},{"@type":"WebSite","@id":"https:\/\/casadecampoliving.com\/es\/#website","url":"https:\/\/casadecampoliving.com\/es\/","name":"Casa de Campo Living","description":"Resort community news and resources.","publisher":{"@id":"https:\/\/casadecampoliving.com\/es\/#organization"},"potentialAction":[{"@type":"SearchAction","target":{"@type":"EntryPoint","urlTemplate":"https:\/\/casadecampoliving.com\/es\/?s={search_term_string}"},"query-input":{"@type":"PropertyValueSpecification","valueRequired":true,"valueName":"search_term_string"}}],"inLanguage":"es"},{"@type":"Organization","@id":"https:\/\/casadecampoliving.com\/es\/#organization","name":"Casa de Campo Living","url":"https:\/\/casadecampoliving.com\/es\/","logo":{"@type":"ImageObject","inLanguage":"es","@id":"https:\/\/casadecampoliving.com\/es\/#\/schema\/logo\/image\/","url":"https:\/\/i0.wp.com\/casadecampoliving.com\/wp-content\/uploads\/2022\/07\/CDCLivingLogo_V1-white-sized.png?fit=800%2C214&ssl=1","contentUrl":"https:\/\/i0.wp.com\/casadecampoliving.com\/wp-content\/uploads\/2022\/07\/CDCLivingLogo_V1-white-sized.png?fit=800%2C214&ssl=1","width":800,"height":214,"caption":"Casa de Campo Living"},"image":{"@id":"https:\/\/casadecampoliving.com\/es\/#\/schema\/logo\/image\/"},"sameAs":["https:\/\/www.facebook.com\/casadecampoliving","https:\/\/x.com\/cdcliving"]},{"@type":"Person","@id":"https:\/\/casadecampoliving.com\/es\/#\/schema\/person\/8fc218930d06cbe215cf6c4fc64caa11","name":"Maria Isabel B\u00e1ez","image":{"@type":"ImageObject","inLanguage":"es","@id":"https:\/\/secure.gravatar.com\/avatar\/d6e25af8826ab9ae04e6fcc864034c13600a3a03fc45e4bd8fe7ab8c4d289c2a?s=96&d=mm&r=g","url":"https:\/\/secure.gravatar.com\/avatar\/d6e25af8826ab9ae04e6fcc864034c13600a3a03fc45e4bd8fe7ab8c4d289c2a?s=96&d=mm&r=g","contentUrl":"https:\/\/secure.gravatar.com\/avatar\/d6e25af8826ab9ae04e6fcc864034c13600a3a03fc45e4bd8fe7ab8c4d289c2a?s=96&d=mm&r=g","caption":"Maria Isabel B\u00e1ez"},"url":"https:\/\/casadecampoliving.com\/es\/author\/mbaez\/"}]}},"parsely":{"version":"1.1.0","canonical_url":"https:\/\/casadecampoliving.com\/es\/quiereme-como-soy-como-yo-te-quiero-ti\/","smart_links":{"inbound":0,"outbound":0},"traffic_boost_suggestions_count":0,"meta":{"@context":"https:\/\/schema.org","@type":"NewsArticle","headline":"Quiereme como soy como yo te quiero a ti","url":"http:\/\/casadecampoliving.com\/es\/quiereme-como-soy-como-yo-te-quiero-ti\/","mainEntityOfPage":{"@type":"WebPage","@id":"http:\/\/casadecampoliving.com\/es\/quiereme-como-soy-como-yo-te-quiero-ti\/"},"thumbnailUrl":"https:\/\/i0.wp.com\/casadecampoliving.com\/wp-content\/uploads\/2022\/10\/quiereme_como_Soy-1.jpg?resize=150%2C150&ssl=1","image":{"@type":"ImageObject","url":"https:\/\/i0.wp.com\/casadecampoliving.com\/wp-content\/uploads\/2022\/10\/quiereme_como_Soy-1.jpg?fit=960%2C806&ssl=1"},"articleSection":"Altos de Chavon @es","author":[{"@type":"Person","name":"Maria Isabel B\u00e1ez"}],"creator":["Maria Isabel B\u00e1ez"],"publisher":{"@type":"Organization","name":"Casa de Campo Living","logo":"https:\/\/casadecampoliving.com\/wp-content\/uploads\/2022\/07\/CDCLivingLogo_V1-white-sized.png"},"keywords":["altos de chavon","casa de campo living","estadio francisco a micheli","juanes","quiereme como soy"],"dateCreated":"2014-11-08T04:00:00Z","datePublished":"2014-11-08T04:00:00Z","dateModified":"2022-10-21T22:53:01Z"},"rendered":"<script type=\"application\/ld+json\" class=\"wp-parsely-metadata\">{\"@context\":\"https:\\\/\\\/schema.org\",\"@type\":\"NewsArticle\",\"headline\":\"Quiereme como soy como yo te quiero a ti\",\"url\":\"http:\\\/\\\/casadecampoliving.com\\\/es\\\/quiereme-como-soy-como-yo-te-quiero-ti\\\/\",\"mainEntityOfPage\":{\"@type\":\"WebPage\",\"@id\":\"http:\\\/\\\/casadecampoliving.com\\\/es\\\/quiereme-como-soy-como-yo-te-quiero-ti\\\/\"},\"thumbnailUrl\":\"https:\\\/\\\/i0.wp.com\\\/casadecampoliving.com\\\/wp-content\\\/uploads\\\/2022\\\/10\\\/quiereme_como_Soy-1.jpg?resize=150%2C150&ssl=1\",\"image\":{\"@type\":\"ImageObject\",\"url\":\"https:\\\/\\\/i0.wp.com\\\/casadecampoliving.com\\\/wp-content\\\/uploads\\\/2022\\\/10\\\/quiereme_como_Soy-1.jpg?fit=960%2C806&ssl=1\"},\"articleSection\":\"Altos de Chavon @es\",\"author\":[{\"@type\":\"Person\",\"name\":\"Maria Isabel B\\u00e1ez\"}],\"creator\":[\"Maria Isabel B\\u00e1ez\"],\"publisher\":{\"@type\":\"Organization\",\"name\":\"Casa de Campo Living\",\"logo\":\"https:\\\/\\\/casadecampoliving.com\\\/wp-content\\\/uploads\\\/2022\\\/07\\\/CDCLivingLogo_V1-white-sized.png\"},\"keywords\":[\"altos de chavon\",\"casa de campo living\",\"estadio francisco a micheli\",\"juanes\",\"quiereme como soy\"],\"dateCreated\":\"2014-11-08T04:00:00Z\",\"datePublished\":\"2014-11-08T04:00:00Z\",\"dateModified\":\"2022-10-21T22:53:01Z\"}<\/script>","tracker_url":"https:\/\/cdn.parsely.com\/keys\/casadecampoliving.com\/p.js"},"jetpack_publicize_connections":[],"jetpack_featured_media_url":"https:\/\/i0.wp.com\/casadecampoliving.com\/wp-content\/uploads\/2022\/10\/quiereme_como_Soy-1.jpg?fit=960%2C806&ssl=1","jetpack-related-posts":[{"id":345111,"url":"https:\/\/casadecampoliving.com\/es\/juanes-cantara-en-altos-de-chavon-este-noviembre\/","url_meta":{"origin":345938,"position":0},"title":"El anfiteatro Altos de Chav\u00f3n recibir\u00e1 a Juanes en concierto este noviembre!","author":"Daniela Medina","date":"13 Ago, 2014","format":false,"excerpt":"Juanes, el cantautor colombiano de pop latino y rock, es una figura en la lista principal para cantar el 15\u00a016 de noviembre en el anfiteatro Altos de Chav\u00f3n, en un concierto que formar\u00eda parte del evento anual conocido como \u201cQui\u00e9reme como Soy\u201d! Se pens\u00f3 en Juanes para hacer un show\u2026","rel":"","context":"En \u00abAltos de Chavon @es\u00bb","block_context":{"text":"Altos de Chavon @es","link":"https:\/\/casadecampoliving.com\/category\/altos-de-chavon-es\/"},"img":{"alt_text":"","src":"https:\/\/i0.wp.com\/casadecampoliving.com\/wp-content\/uploads\/2022\/10\/Juanes_FPML-1.jpg?fit=1024%2C680&ssl=1&resize=350%2C200","width":350,"height":200,"srcset":"https:\/\/i0.wp.com\/casadecampoliving.com\/wp-content\/uploads\/2022\/10\/Juanes_FPML-1.jpg?fit=1024%2C680&ssl=1&resize=350%2C200 1x, https:\/\/i0.wp.com\/casadecampoliving.com\/wp-content\/uploads\/2022\/10\/Juanes_FPML-1.jpg?fit=1024%2C680&ssl=1&resize=525%2C300 1.5x, https:\/\/i0.wp.com\/casadecampoliving.com\/wp-content\/uploads\/2022\/10\/Juanes_FPML-1.jpg?fit=1024%2C680&ssl=1&resize=700%2C400 2x"},"classes":[]},{"id":345382,"url":"https:\/\/casadecampoliving.com\/es\/juanes-en-altos-de-chavon-nueva-fecha-entradas\/","url_meta":{"origin":345938,"position":1},"title":"Juanes en Altos de Chav\u00f3n &#8211; \u00a1nueva fecha &#038; entradas!","author":"Maria Isabel B\u00e1ez","date":"17 Sep, 2014","format":false,"excerpt":"\u00bfEst\u00e1n emocionados por el concierto de Juanes en el anfiteatro de Altos Chav\u00f3n? Pues les tenemos grandes noticias \u2013 \u00a1la fecha oficial ha sido anunciada! El concierto de Juanes que estuvo programado para el Domingo 16 de noviembre, \u00a1fue actualizado para el\u00a0S\u00e1bado 15 de Noviembre\u00a0en el anfiteatro Altos de Chav\u00f3n!\u2026","rel":"","context":"En \u00abAltos de Chavon @es\u00bb","block_context":{"text":"Altos de Chavon @es","link":"https:\/\/casadecampoliving.com\/category\/altos-de-chavon-es\/"},"img":{"alt_text":"juanes","src":"https:\/\/i0.wp.com\/casadecampoliving.com\/wp-content\/uploads\/2022\/10\/juanes1-1.png?fit=1200%2C900&ssl=1&resize=350%2C200","width":350,"height":200,"srcset":"https:\/\/i0.wp.com\/casadecampoliving.com\/wp-content\/uploads\/2022\/10\/juanes1-1.png?fit=1200%2C900&ssl=1&resize=350%2C200 1x, https:\/\/i0.wp.com\/casadecampoliving.com\/wp-content\/uploads\/2022\/10\/juanes1-1.png?fit=1200%2C900&ssl=1&resize=525%2C300 1.5x, https:\/\/i0.wp.com\/casadecampoliving.com\/wp-content\/uploads\/2022\/10\/juanes1-1.png?fit=1200%2C900&ssl=1&resize=700%2C400 2x, https:\/\/i0.wp.com\/casadecampoliving.com\/wp-content\/uploads\/2022\/10\/juanes1-1.png?fit=1200%2C900&ssl=1&resize=1050%2C600 3x"},"classes":[]},{"id":433460,"url":"https:\/\/casadecampoliving.com\/es\/no-se-pierdan-el-increible-tributo-a-frank-sinatra-para-celebrar-el-40-aniversario-del-anfiteatro-altos-de-chavon\/","url_meta":{"origin":345938,"position":2},"title":"No se pierdan el incre\u00edble tributo a Frank Sinatra para celebrar el 40 aniversario del\u00a0Anfiteatro Altos de Chav\u00f3n","author":"Casa de Campo Living","date":"20 Oct, 2022","format":false,"excerpt":"Siendo uno de los escenarios m\u00e1s emblem\u00e1ticos del pa\u00eds, Casa de Campo Resort\u00ae & Villas celebra las cuatro d\u00e9cadas de aniversario de Altos de Chav\u00f3n con un tributo al gran Frank Sinatra, protagonizado por artistas invitados y una big band tal cual la que acompa\u00f1\u00f3 al artista hace 40 a\u00f1os\u2026","rel":"","context":"En \u00abUncategorized @es\u00bb","block_context":{"text":"Uncategorized @es","link":"https:\/\/casadecampoliving.com\/es\/category\/uncategorized-es\/"},"img":{"alt_text":"","src":"https:\/\/i0.wp.com\/casadecampoliving.com\/wp-content\/uploads\/2022\/10\/Tributo-Frank-Sinatra-Foto-Principal-Amaury-Sanchez-Danilo-Ginebra-Andres-Pichardo-y-Jose-Gabriel-Perez-.jpg?fit=1200%2C873&ssl=1&resize=350%2C200","width":350,"height":200,"srcset":"https:\/\/i0.wp.com\/casadecampoliving.com\/wp-content\/uploads\/2022\/10\/Tributo-Frank-Sinatra-Foto-Principal-Amaury-Sanchez-Danilo-Ginebra-Andres-Pichardo-y-Jose-Gabriel-Perez-.jpg?fit=1200%2C873&ssl=1&resize=350%2C200 1x, https:\/\/i0.wp.com\/casadecampoliving.com\/wp-content\/uploads\/2022\/10\/Tributo-Frank-Sinatra-Foto-Principal-Amaury-Sanchez-Danilo-Ginebra-Andres-Pichardo-y-Jose-Gabriel-Perez-.jpg?fit=1200%2C873&ssl=1&resize=525%2C300 1.5x, https:\/\/i0.wp.com\/casadecampoliving.com\/wp-content\/uploads\/2022\/10\/Tributo-Frank-Sinatra-Foto-Principal-Amaury-Sanchez-Danilo-Ginebra-Andres-Pichardo-y-Jose-Gabriel-Perez-.jpg?fit=1200%2C873&ssl=1&resize=700%2C400 2x, https:\/\/i0.wp.com\/casadecampoliving.com\/wp-content\/uploads\/2022\/10\/Tributo-Frank-Sinatra-Foto-Principal-Amaury-Sanchez-Danilo-Ginebra-Andres-Pichardo-y-Jose-Gabriel-Perez-.jpg?fit=1200%2C873&ssl=1&resize=1050%2C600 3x"},"classes":[]},{"id":324663,"url":"https:\/\/casadecampoliving.com\/quiereme-como-soy-como-yo-te-quiero-ti-2\/","url_meta":{"origin":345938,"position":3},"title":"Quiereme como soy como yo te quiero a ti","author":"Maria Isabel B\u00e1ez","date":"8 Nov, 2014","format":false,"excerpt":"Hello to every philanthropic\u00a0member of the Casa de Campo community, today, we would like to motivate you to take part in the wonderful event \u201cQuiereme como soy\u201d, where the stars of the event are all the children that have learning disabilities such as Autism and Down Syndrome. Don\u2019t miss out\u2026","rel":"","context":"En \u00abAltos de Chavon\u00bb","block_context":{"text":"Altos de Chavon","link":"https:\/\/casadecampoliving.com\/category\/altos-de-chavon\/"},"img":{"alt_text":"","src":"https:\/\/i0.wp.com\/casadecampoliving.com\/wp-content\/uploads\/2022\/10\/quiereme_como_Soy-1.jpg?fit=960%2C806&ssl=1&resize=350%2C200","width":350,"height":200,"srcset":"https:\/\/i0.wp.com\/casadecampoliving.com\/wp-content\/uploads\/2022\/10\/quiereme_como_Soy-1.jpg?fit=960%2C806&ssl=1&resize=350%2C200 1x, https:\/\/i0.wp.com\/casadecampoliving.com\/wp-content\/uploads\/2022\/10\/quiereme_como_Soy-1.jpg?fit=960%2C806&ssl=1&resize=525%2C300 1.5x, https:\/\/i0.wp.com\/casadecampoliving.com\/wp-content\/uploads\/2022\/10\/quiereme_como_Soy-1.jpg?fit=960%2C806&ssl=1&resize=700%2C400 2x"},"classes":[]},{"id":346021,"url":"https:\/\/casadecampoliving.com\/es\/amor-y-buena-musica-con-juanes\/","url_meta":{"origin":345938,"position":4},"title":"Amor y buena m\u00fasica con Juanes","author":"Perkin Agramonte","date":"18 Nov, 2014","format":false,"excerpt":"\u00a1Luego de tanta espera finalmente pudimos disfrutar del fin de semana m\u00e1s cari\u00f1oso del a\u00f1o! El pasado s\u00e1bado 15 de noviembre como parte del evento anual \u201cQuiereme Como Soy\u201d, miles de personas abarrotaron el legendario Anfiteatro Altos de Chav\u00f3n para ser parte de un concierto lleno de amor, donde el\u2026","rel":"","context":"En \u00abAltos de Chavon @es\u00bb","block_context":{"text":"Altos de Chavon @es","link":"https:\/\/casadecampoliving.com\/category\/altos-de-chavon-es\/"},"img":{"alt_text":"","src":"https:\/\/i0.wp.com\/casadecampoliving.com\/wp-content\/uploads\/2022\/10\/Juanes-1-1.jpg?fit=800%2C533&ssl=1&resize=350%2C200","width":350,"height":200,"srcset":"https:\/\/i0.wp.com\/casadecampoliving.com\/wp-content\/uploads\/2022\/10\/Juanes-1-1.jpg?fit=800%2C533&ssl=1&resize=350%2C200 1x, https:\/\/i0.wp.com\/casadecampoliving.com\/wp-content\/uploads\/2022\/10\/Juanes-1-1.jpg?fit=800%2C533&ssl=1&resize=525%2C300 1.5x, https:\/\/i0.wp.com\/casadecampoliving.com\/wp-content\/uploads\/2022\/10\/Juanes-1-1.jpg?fit=800%2C533&ssl=1&resize=700%2C400 2x"},"classes":[]},{"id":345971,"url":"https:\/\/casadecampoliving.com\/es\/entradas-para-juanes-disponibles-en-peperoni-jumbo-iberia\/","url_meta":{"origin":345938,"position":5},"title":"Entradas para Juanes disponibles en Jumbo &#038; Iberia","author":"Daniela Medina","date":"14 Nov, 2014","format":false,"excerpt":"Qui\u00e9reme como soy como te quiero a ti\u2026\u00a0es casi hora de celebrar el fin de semana por una causa muy especial \u2013 la fundaci\u00f3n \u201cQui\u00e9reme Como Soy\u201d! Ma\u00f1ana, s\u00e1bado 15 de noviembre es el concierto de Juanes en el Anfiteatro de Altos de Chav\u00f3n y el domingo por la tarde\u2026","rel":"","context":"En \u00abAltos de Chavon @es\u00bb","block_context":{"text":"Altos de Chavon @es","link":"https:\/\/casadecampoliving.com\/category\/altos-de-chavon-es\/"},"img":{"alt_text":"juanes","src":"https:\/\/i0.wp.com\/casadecampoliving.com\/wp-content\/uploads\/2022\/10\/juanes1-1.png?fit=1200%2C900&ssl=1&resize=350%2C200","width":350,"height":200,"srcset":"https:\/\/i0.wp.com\/casadecampoliving.com\/wp-content\/uploads\/2022\/10\/juanes1-1.png?fit=1200%2C900&ssl=1&resize=350%2C200 1x, https:\/\/i0.wp.com\/casadecampoliving.com\/wp-content\/uploads\/2022\/10\/juanes1-1.png?fit=1200%2C900&ssl=1&resize=525%2C300 1.5x, https:\/\/i0.wp.com\/casadecampoliving.com\/wp-content\/uploads\/2022\/10\/juanes1-1.png?fit=1200%2C900&ssl=1&resize=700%2C400 2x, https:\/\/i0.wp.com\/casadecampoliving.com\/wp-content\/uploads\/2022\/10\/juanes1-1.png?fit=1200%2C900&ssl=1&resize=1050%2C600 3x"},"classes":[]}],"jetpack_sharing_enabled":true,"_links":{"self":[{"href":"https:\/\/casadecampoliving.com\/es\/wp-json\/wp\/v2\/posts\/345938","targetHints":{"allow":["GET"]}}],"collection":[{"href":"https:\/\/casadecampoliving.com\/es\/wp-json\/wp\/v2\/posts"}],"about":[{"href":"https:\/\/casadecampoliving.com\/es\/wp-json\/wp\/v2\/types\/post"}],"author":[{"embeddable":true,"href":"https:\/\/casadecampoliving.com\/es\/wp-json\/wp\/v2\/users\/22010"}],"replies":[{"embeddable":true,"href":"https:\/\/casadecampoliving.com\/es\/wp-json\/wp\/v2\/comments?post=345938"}],"version-history":[{"count":1,"href":"https:\/\/casadecampoliving.com\/es\/wp-json\/wp\/v2\/posts\/345938\/revisions"}],"predecessor-version":[{"id":345939,"href":"https:\/\/casadecampoliving.com\/es\/wp-json\/wp\/v2\/posts\/345938\/revisions\/345939"}],"wp:featuredmedia":[{"embeddable":true,"href":"https:\/\/casadecampoliving.com\/es\/wp-json\/wp\/v2\/media\/285413"}],"wp:attachment":[{"href":"https:\/\/casadecampoliving.com\/es\/wp-json\/wp\/v2\/media?parent=345938"}],"wp:term":[{"taxonomy":"category","embeddable":true,"href":"https:\/\/casadecampoliving.com\/es\/wp-json\/wp\/v2\/categories?post=345938"},{"taxonomy":"post_tag","embeddable":true,"href":"https:\/\/casadecampoliving.com\/es\/wp-json\/wp\/v2\/tags?post=345938"},{"taxonomy":"newspack_spnsrs_tax","embeddable":true,"href":"https:\/\/casadecampoliving.com\/es\/wp-json\/wp\/v2\/newspack_spnsrs_tax?post=345938"}],"curies":[{"name":"wp","href":"https:\/\/api.w.org\/{rel}","templated":true}]}}