{"id":345912,"date":"2014-11-08T00:00:00","date_gmt":"2014-11-08T04:00:00","guid":{"rendered":"https:\/\/casadecampoliving.com\/hugh-wilson-un-extraordinario-artista-en-residencia\/"},"modified":"2022-10-21T18:51:58","modified_gmt":"2022-10-21T22:51:58","slug":"hugh-wilson-un-extraordinario-artista-en-residencia","status":"publish","type":"post","link":"https:\/\/casadecampoliving.com\/es\/hugh-wilson-un-extraordinario-artista-en-residencia\/","title":{"rendered":"Hugh Wilson: un extraordinario artista en residencia"},"content":{"rendered":"<div class=\"wp-block-image\">\n<figure class=\"aligncenter is-resized\"><img loading=\"lazy\" decoding=\"async\" src=\"https:\/\/i0.wp.com\/casadecampoliving.com\/wp-content\/uploads\/2022\/10\/hugh-wilson.jpg?resize=650%2C433&amp;ssl=1\" alt=\"hugh wilson\" class=\"wp-image-101305\" height=\"433\" width=\"650\"\/><\/figure>\n<\/div>\n\n\n<p>Conozcan a Hugh Wilson, un artista en residencia en la Escuela de Arte y Dise\u00f1o Altos de Chav\u00f3n.<\/p>\n\n\n\n<!--more-->\n\n\n\n<p>Hugh, qui\u00e9n se cas\u00f3 recientemente con Claudina Bonetti aqu\u00ed en la playa Minitas, ha escogido visitar los Bateyes de La Romana, y ha hecho retratos de la gente que ha conocido all\u00e1. Qui\u00e9n una vez fue un banquero en Wall Street, Hugh Wilson, ahora es un pintor que solo busca salir y ver el mundo, para experimentar y conocer nuevas personas.<\/p>\n\n\n<div class=\"wp-block-image\">\n<figure class=\"alignright is-resized\"><img loading=\"lazy\" decoding=\"async\" src=\"https:\/\/i0.wp.com\/casadecampoliving.com\/wp-content\/uploads\/2022\/10\/i-NtSZmZX-L.jpg?resize=300%2C368&amp;ssl=1\" alt=\"Hugh wilson painting\" class=\"wp-image-101325\" height=\"368\" width=\"300\"\/><\/figure>\n<\/div>\n\n\n<p><b>@cdcliving: Cu\u00e9ntanos sobre t\u00ed. \u00bfQui\u00e9n eres? \u00bfQu\u00e9 disfrutas hacer? \u00bfCu\u00e1l es tu historial?<\/b><\/p>\n\n\n\n<p><b>&nbsp;<\/b>Yo nac\u00ed en un vecindario de clase media en Detroit pero crec\u00ed en Washington DC, fui a la preparatoria, estudi\u00e9 Econom\u00eda en Duke y fui directamente a Wall Street. Pero hab\u00eda algo de mis ra\u00edces que nunca conoc\u00ed.Cuando cumpl\u00ed los 30, dej\u00e9 Wall Street, viaj\u00e9 por un a\u00f1o, luego me inscrib\u00ed en una escuela de arte, y finalmente recib\u00ed mi Maestr\u00eda en Bellas Artes en pintura en el 2004. Yo anhelaba una mejor relaci\u00f3n con el mundo que me rodeaba y cre\u00ed que pintar me proporcionar\u00eda eso. Poco despu\u00e9s de mi graduaci\u00f3n, empec\u00e9 a viajar a lugares remotos o comunidades an\u00f3nimas para pintar a las personas que conoc\u00eda, viviendo varios meses en cada lugar. Fue una experiencia humana muy profunda. He estado viajando dentro y fuera por 8 a\u00f1os.<\/p>\n\n\n\n<p><b>@cdcliving: \u00bfC\u00f3mo su trabajo en \u00c1frica impact\u00f3 su arte?<\/b><\/p>\n\n\n\n<p>\u00c1frica es un lugar complicado \u2013 es un lugar hermoso e incre\u00edble. No dir\u00e9 que es un lugar tr\u00e1gico, aunque experimentan m\u00e1s tragedia que la mayor\u00eda de nosotros. La capacidad emocional en la que existimos, en la del primer mundo o hasta el segundo mundo, es muy limitada. Nuestras vidas est\u00e1n bajo mucho control, experimentamos las p\u00e9rdidas y el sufrimiento de vez en cuando, pero pueden haber a\u00f1os, hasta d\u00e9cadas entre estas experiencias. En \u00c1frica la belleza, la alegr\u00eda y la tragedia est\u00e1n comprimidos en un mismo d\u00eda, en una misma hora. Han pasado 7 a\u00f1os desde que me fui, y a\u00fan no he procesado completamente mi experiencia all\u00e1. Todo lo que sab\u00eda fue arrancado de mi ser, todo mi conocimiento, mi humor, mi pasado, mis anhelos \u2013 y al mismo tiempo me sent\u00ed m\u00e1s conectado con la humanidad que nunca. Tengo el temor de nunca poder hacer pinturas con la misma ternura que ahora veo en mis trabajos de \u00c1frica. Es como si la ingenuidad, o las creencias, fuesen arrancadas de mi ser.<\/p>\n\n\n<div class=\"wp-block-image\">\n<figure class=\"aligncenter is-resized\"><img loading=\"lazy\" decoding=\"async\" src=\"https:\/\/i0.wp.com\/casadecampoliving.com\/wp-content\/uploads\/2022\/10\/hugh-w.jpg?resize=650%2C433&amp;ssl=1\" alt=\"hugh w\" class=\"wp-image-101329\" height=\"433\" width=\"650\"\/><\/figure>\n<\/div>\n\n\n<p><strong>@cdcliving: \u00bfC\u00f3mo lleg\u00f3 a Casa de Campo? \u00bfPor qu\u00e9 escogi\u00f3 este programa?<\/strong><\/p>\n\n\n<div class=\"wp-block-image\">\n<figure class=\"alignright is-resized\"><img loading=\"lazy\" decoding=\"async\" src=\"https:\/\/i0.wp.com\/casadecampoliving.com\/wp-content\/uploads\/2022\/10\/hugh-wilson-1.jpg?resize=300%2C379&amp;ssl=1\" alt=\"&quot;OLYMPUS DIGITAL CAMERA&quot;\" class=\"wp-image-101331\" height=\"379\" width=\"300\"\/><\/figure>\n<\/div>\n\n\n<p>Mi esposa, Claudina Bonetti, quiso regresar a la Rep\u00fablica Dominicana para que los ni\u00f1os pudiesen experimentar su tierra natal y para que ella pudiera conectarse con su familia y sus ra\u00edces. Ha sido incre\u00edble para los ni\u00f1os (\u00a1un poco m\u00e1s dif\u00edcil para los padres!). Conocimoas a Dominique Bludhorn por amigos en com\u00fan, y luego Stephen Kaplan, que nos recibi\u00f3 en un d\u00eda grandioso de recorrido por la escuela. El me sugiri\u00f3 aplicar para la residencia.<\/p>\n\n\n\n<p><strong>@cdcliving: \u00bfC\u00f3mo est\u00e1 pasando el programa artistas en residencia?<\/strong><\/p>\n\n\n\n<p>El programa AIR me ha proporcionado un marco asombroso para lo que fue esencialmente un proyecto personal. Me di\u00f3 la oportunidad de continuar mi trabajo dentro de la estructura de una organizaci\u00f3n y una comunidad art\u00edstica.<\/p>\n\n\n\n<p><b>@cdcliving: Cu\u00e9ntenos sobre el aspecto del \u201cintercambio cultural\u201d<\/b><\/p>\n\n\n\n<p>Mi proyecto de los \u00faltimos 8 a\u00f1os m\u00e1s o menos, fue un intercambio cultural muy largo \u2013 he hecho pinturas en lugares d\u00f3nde la mayor\u00eda de las personas nunca han visto una pintura \u2013 as\u00ed que esta residencia ha sido una continuaci\u00f3n de una experiencia familiar. Todav\u00eda me aferro a la creencia de que el arte, de alguna manera, es una expresi\u00f3n humana fundamental y que cruza muchas barreras: culturales, ling\u00fc\u00edsticas, socioecon\u00f3micas, etc.<\/p>\n\n\n\n<p><b>@cdcliving: \u00bfComo ha sido su experiencia en los Bateyes?<\/b><\/p>\n\n\n\n<p>Encontr\u00e9 lo que siempre encuentro, que fue unas cuantas personas m\u00e1gicas que hacen que una experiencia sea \u00edntima, significativa y con esperanzas. En este punto de mi traves\u00eda no estoy esperando nada, s\u00f3lo participar de forma sincera y dejar atr\u00e1s un registro de lo que experimente.<\/p>\n\n\n<div class=\"wp-block-image\">\n<figure class=\"aligncenter is-resized\"><img loading=\"lazy\" decoding=\"async\" src=\"https:\/\/i0.wp.com\/casadecampoliving.com\/wp-content\/uploads\/2022\/10\/i-5wwCftK-L.jpg?resize=650%2C433&amp;ssl=1\" alt=\"artists in residence\" class=\"wp-image-101336\" height=\"433\" width=\"650\"\/><\/figure>\n<\/div>\n\n\n<p><b>@cdcliving: Al ver los retratos, me da la impresi\u00f3n de que la persona le esta mirando directamente, mirando su alma\u2026 \u00bfes esa una reacci\u00f3n normal?<\/b><\/p>\n\n\n\n<p>Hab\u00eda escuchado eso \u2013 solo he mostrado mis pinturas una vez en un grupo \u2013 pero una vez las vi todas juntas, pude sentir algo ah\u00ed: tal vez un eco de las vidas que encontr\u00e9. No tengo idea de como las pinturas hacen eso, yo solo llego y lucho hasta el final. Pero espero que sean algo \u2013 definitivamente son regalos de los modelos. A veces siento que las pinturas no son m\u00edas.<\/p>\n\n\n<div class=\"wp-block-image\">\n<figure class=\"alignright is-resized\"><img loading=\"lazy\" decoding=\"async\" src=\"https:\/\/i0.wp.com\/casadecampoliving.com\/wp-content\/uploads\/2022\/10\/i-mWc7rCS-L.jpg?resize=300%2C402&amp;ssl=1\" alt=\"hugh wilson\" class=\"wp-image-101339\" height=\"402\" width=\"300\"\/><\/figure>\n<\/div>\n\n\n<p><b><\/b><strong>@cdcliving: \u00bfCu\u00e1l es su proceso? \u00bfC\u00f3mo forma el lazo con su sujeto?<\/strong><\/p>\n\n\n\n<p>Con toda honestidad, no hago nada m\u00e1s que empezar a pintar.&nbsp;Es un poco de selecci\u00f3n mutua. Llego a un lugar nuevo con un libro de mi trabajo, lo muestro, y a muchos no les interesa, luego algunos dicen que s\u00ed, y el resto se lo dejo a la pintura. Algo se siente cuando te sientas, en silencio, con un completo extra\u00f1o por 5, 6, 8 d\u00edas. He hecho incre\u00edbles amistades en cuesti\u00f3n de semanas, con personas de todas partes del mundo.<\/p>\n\n\n\n<p><strong>@cdcliving: \u00bfSiempre ha trabajado con modelos? \u00bfPor qu\u00e9?<\/strong><\/p>\n\n\n\n<p>He intentado ir a estudios varias veces (incluyendo despu\u00e9s de la escuela de posgrado) pero siempre me ha dejado insatisfecho. Despu\u00e9s de unos meses empec\u00e9 a pensar \u2018existe todo un mundo all\u00e1 afuera, \u00a1existe&nbsp;<em>vida<\/em> all\u00e1 afuera!\u2019 y las pinturas parecen volverse de poca importancia, y me pregunto si deber\u00eda hacer algo diferente. Luego el destino me puso en un a situaci\u00f3n con un cortador de ca\u00f1a haitiano, o un n\u00f3mada de Tuareg, o un minero americano de carb\u00f3n, y me siento obligado a hacer una pintura. Parece ser raro e importante.<\/p>\n\n\n\n<p><strong>@cdcliving: \u00bfC\u00f3mo has disfrutado trabajar&nbsp;y vivir en Casa de Campo, Altos de Chav\u00f3n y Los Altos?<\/strong><\/p>\n\n\n\n<p>\u00a1Los Altos es una gema! Yo veo las nubes borrosas temprano en la ma\u00f1ana y la neblina que sube del r\u00edo y siento que estoy en el fin del mundo. Y puedo ir en bicicleta hasta la playa Minitas para nadar en la noche \u2013 para\u00edso.<\/p>\n\n\n\n<p>Hugh Wilson, junto con los dem\u00e1s artistas en residencia; Hannah Parr, Julio Marcano y Alma Peguero, celebrar\u00e1 la apertura de&nbsp;<a href=\"https:\/\/casadecampoliving.com\/es\/artistas-en-residencia-2014-proximamente-abierto-en-altos-de-chavon\/\">su exhibici\u00f3n colectiva de arte el pr\u00f3ximo Jueves 13 de Noviembre en la Galer\u00eda de Arte Altos de Chav\u00f3n.<\/a>&nbsp;Esperamos verlos all\u00ed.<\/p>\n","protected":false},"excerpt":{"rendered":"<p>Conozcan a Hugh Wilson, un artista en residencia en la Escuela de Arte y Dise\u00f1o Altos de Chav\u00f3n.<\/p>\n","protected":false},"author":22010,"featured_media":283914,"comment_status":"closed","ping_status":"closed","sticky":false,"template":"","format":"standard","meta":{"newspack_ads_suppress_ads":false,"newspack_popups_has_disabled_popups":false,"newspack_sponsor_sponsorship_scope":"","newspack_sponsor_native_byline_display":"inherit","newspack_sponsor_native_category_display":"inherit","newspack_sponsor_underwriter_style":"inherit","newspack_sponsor_underwriter_placement":"inherit","_newspack_byline_active":false,"_newspack_byline":"","newspack_hide_updated_date":false,"newspack_show_updated_date":false,"newspack_content_restriction_is_exempt":false,"newspack_featured_image_position":"","newspack_post_subtitle":"","newspack_article_summary_title":"Overview:","newspack_article_summary":"","_jetpack_memberships_contains_paid_content":false,"footnotes":"","jetpack_publicize_message":"","jetpack_publicize_feature_enabled":true,"jetpack_social_post_already_shared":false,"jetpack_social_options":{"image_generator_settings":{"template":"highway","default_image_id":0,"font":"","enabled":false},"version":2},"_wpas_customize_per_network":false},"categories":[26819,26823,26936,26951,2524,14631,2514,2506,14625,2521,26822],"tags":[1929,6371,4095],"newspack_spnsrs_tax":[],"class_list":["post-345912","post","type-post","status-publish","format-standard","has-post-thumbnail","hentry","category-altos-de-chavon-es","category-arte-y-cultura","category-casa-de-campo-living-es","category-ccl-presenta","category-destacados","category-estilo-de-vida","category-fundaciones-es","category-mas-alla-de-casa-es","category-noticias-locales","category-republica-dominicana-2","category-resort-casa-de-campo","tag-artistas-en-residencia","tag-casa-de-campo-resort-es","tag-escuela-de-arte-y-diseno-altos-de-chavon","entry"],"yoast_head":"<!-- This site is optimized with the Yoast SEO plugin v27.4 - https:\/\/yoast.com\/product\/yoast-seo-wordpress\/ -->\n<title>Hugh Wilson: un extraordinario artista en residencia | Casa de Campo Living<\/title>\n<meta name=\"description\" content=\"Conozcan a Hugh Wilson, un artista en residencia en la Escuela de Arte y Dise\u00f1o Altos de Chav\u00f3n. Hugh, qui\u00e9n se cas\u00f3 recientemente con Claudina Bonetti\" \/>\n<meta name=\"robots\" content=\"index, follow, max-snippet:-1, max-image-preview:large, max-video-preview:-1\" \/>\n<link rel=\"canonical\" href=\"https:\/\/casadecampoliving.com\/es\/hugh-wilson-un-extraordinario-artista-en-residencia\/\" \/>\n<meta property=\"og:locale\" content=\"es_ES\" \/>\n<meta property=\"og:type\" content=\"article\" \/>\n<meta property=\"og:title\" content=\"Hugh Wilson: un extraordinario artista en residencia | Casa de Campo Living\" \/>\n<meta property=\"og:description\" content=\"Conozcan a Hugh Wilson, un artista en residencia en la Escuela de Arte y Dise\u00f1o Altos de Chav\u00f3n. Hugh, qui\u00e9n se cas\u00f3 recientemente con Claudina Bonetti\" \/>\n<meta property=\"og:url\" content=\"https:\/\/casadecampoliving.com\/es\/hugh-wilson-un-extraordinario-artista-en-residencia\/\" \/>\n<meta property=\"og:site_name\" content=\"Casa de Campo Living\" \/>\n<meta property=\"article:publisher\" content=\"https:\/\/www.facebook.com\/casadecampoliving\" \/>\n<meta property=\"article:published_time\" content=\"2014-11-08T04:00:00+00:00\" \/>\n<meta property=\"article:modified_time\" content=\"2022-10-21T22:51:58+00:00\" \/>\n<meta property=\"og:image\" content=\"https:\/\/i0.wp.com\/casadecampoliving.com\/wp-content\/uploads\/2022\/10\/hugh-wilson-2.jpg?fit=800%2C533&ssl=1\" \/>\n\t<meta property=\"og:image:width\" content=\"800\" \/>\n\t<meta property=\"og:image:height\" content=\"533\" \/>\n\t<meta property=\"og:image:type\" content=\"image\/jpeg\" \/>\n<meta name=\"author\" content=\"Maria Isabel B\u00e1ez\" \/>\n<meta name=\"twitter:card\" content=\"summary_large_image\" \/>\n<meta name=\"twitter:creator\" content=\"@cdcliving\" \/>\n<meta name=\"twitter:site\" content=\"@cdcliving\" \/>\n<meta name=\"twitter:label1\" content=\"Escrito por\" \/>\n\t<meta name=\"twitter:data1\" content=\"Maria Isabel B\u00e1ez\" \/>\n\t<meta name=\"twitter:label2\" content=\"Tiempo de lectura\" \/>\n\t<meta name=\"twitter:data2\" content=\"6 minutos\" \/>\n<script type=\"application\/ld+json\" class=\"yoast-schema-graph\">{\"@context\":\"https:\\\/\\\/schema.org\",\"@graph\":[{\"@type\":\"Article\",\"@id\":\"https:\\\/\\\/casadecampoliving.com\\\/es\\\/hugh-wilson-un-extraordinario-artista-en-residencia\\\/#article\",\"isPartOf\":{\"@id\":\"https:\\\/\\\/casadecampoliving.com\\\/es\\\/hugh-wilson-un-extraordinario-artista-en-residencia\\\/\"},\"author\":{\"name\":\"Maria Isabel B\u00e1ez\",\"@id\":\"https:\\\/\\\/casadecampoliving.com\\\/es\\\/#\\\/schema\\\/person\\\/8fc218930d06cbe215cf6c4fc64caa11\"},\"headline\":\"Hugh Wilson: un extraordinario artista en residencia\",\"datePublished\":\"2014-11-08T04:00:00+00:00\",\"dateModified\":\"2022-10-21T22:51:58+00:00\",\"mainEntityOfPage\":{\"@id\":\"https:\\\/\\\/casadecampoliving.com\\\/es\\\/hugh-wilson-un-extraordinario-artista-en-residencia\\\/\"},\"wordCount\":1157,\"publisher\":{\"@id\":\"https:\\\/\\\/casadecampoliving.com\\\/es\\\/#organization\"},\"image\":{\"@id\":\"https:\\\/\\\/casadecampoliving.com\\\/es\\\/hugh-wilson-un-extraordinario-artista-en-residencia\\\/#primaryimage\"},\"thumbnailUrl\":\"https:\\\/\\\/i0.wp.com\\\/casadecampoliving.com\\\/wp-content\\\/uploads\\\/2022\\\/10\\\/hugh-wilson-2.jpg?fit=800%2C533&ssl=1\",\"keywords\":[\"artistas en residencia\",\"casa de campo resort @es\",\"escuela de arte y diseno altos de chavon\"],\"articleSection\":[\"Altos de Chavon @es\",\"Arte y cultura\",\"Casa de Campo Living @es\",\"CCL presenta\",\"Destacados\",\"Estilo de Vida\",\"Fundaciones\",\"M\u00e1s all\u00e1 de Casa\",\"Noticias Locales\",\"Rep\u00fablica Dominicana @es\",\"Resort Casa de Campo\"],\"inLanguage\":\"es\"},{\"@type\":\"WebPage\",\"@id\":\"https:\\\/\\\/casadecampoliving.com\\\/es\\\/hugh-wilson-un-extraordinario-artista-en-residencia\\\/\",\"url\":\"https:\\\/\\\/casadecampoliving.com\\\/es\\\/hugh-wilson-un-extraordinario-artista-en-residencia\\\/\",\"name\":\"Hugh Wilson: un extraordinario artista en residencia | Casa de Campo Living\",\"isPartOf\":{\"@id\":\"https:\\\/\\\/casadecampoliving.com\\\/es\\\/#website\"},\"primaryImageOfPage\":{\"@id\":\"https:\\\/\\\/casadecampoliving.com\\\/es\\\/hugh-wilson-un-extraordinario-artista-en-residencia\\\/#primaryimage\"},\"image\":{\"@id\":\"https:\\\/\\\/casadecampoliving.com\\\/es\\\/hugh-wilson-un-extraordinario-artista-en-residencia\\\/#primaryimage\"},\"thumbnailUrl\":\"https:\\\/\\\/i0.wp.com\\\/casadecampoliving.com\\\/wp-content\\\/uploads\\\/2022\\\/10\\\/hugh-wilson-2.jpg?fit=800%2C533&ssl=1\",\"datePublished\":\"2014-11-08T04:00:00+00:00\",\"dateModified\":\"2022-10-21T22:51:58+00:00\",\"description\":\"Conozcan a Hugh Wilson, un artista en residencia en la Escuela de Arte y Dise\u00f1o Altos de Chav\u00f3n. Hugh, qui\u00e9n se cas\u00f3 recientemente con Claudina Bonetti\",\"breadcrumb\":{\"@id\":\"https:\\\/\\\/casadecampoliving.com\\\/es\\\/hugh-wilson-un-extraordinario-artista-en-residencia\\\/#breadcrumb\"},\"inLanguage\":\"es\",\"potentialAction\":[{\"@type\":\"ReadAction\",\"target\":[\"https:\\\/\\\/casadecampoliving.com\\\/es\\\/hugh-wilson-un-extraordinario-artista-en-residencia\\\/\"]}]},{\"@type\":\"ImageObject\",\"inLanguage\":\"es\",\"@id\":\"https:\\\/\\\/casadecampoliving.com\\\/es\\\/hugh-wilson-un-extraordinario-artista-en-residencia\\\/#primaryimage\",\"url\":\"https:\\\/\\\/i0.wp.com\\\/casadecampoliving.com\\\/wp-content\\\/uploads\\\/2022\\\/10\\\/hugh-wilson-2.jpg?fit=800%2C533&ssl=1\",\"contentUrl\":\"https:\\\/\\\/i0.wp.com\\\/casadecampoliving.com\\\/wp-content\\\/uploads\\\/2022\\\/10\\\/hugh-wilson-2.jpg?fit=800%2C533&ssl=1\",\"width\":800,\"height\":533},{\"@type\":\"BreadcrumbList\",\"@id\":\"https:\\\/\\\/casadecampoliving.com\\\/es\\\/hugh-wilson-un-extraordinario-artista-en-residencia\\\/#breadcrumb\",\"itemListElement\":[{\"@type\":\"ListItem\",\"position\":1,\"name\":\"Home\",\"item\":\"https:\\\/\\\/casadecampoliving.com\\\/es\\\/\"},{\"@type\":\"ListItem\",\"position\":2,\"name\":\"Hugh Wilson: un extraordinario artista en residencia\"}]},{\"@type\":\"WebSite\",\"@id\":\"https:\\\/\\\/casadecampoliving.com\\\/es\\\/#website\",\"url\":\"https:\\\/\\\/casadecampoliving.com\\\/es\\\/\",\"name\":\"Casa de Campo Living\",\"description\":\"Resort community news and resources.\",\"publisher\":{\"@id\":\"https:\\\/\\\/casadecampoliving.com\\\/es\\\/#organization\"},\"potentialAction\":[{\"@type\":\"SearchAction\",\"target\":{\"@type\":\"EntryPoint\",\"urlTemplate\":\"https:\\\/\\\/casadecampoliving.com\\\/es\\\/?s={search_term_string}\"},\"query-input\":{\"@type\":\"PropertyValueSpecification\",\"valueRequired\":true,\"valueName\":\"search_term_string\"}}],\"inLanguage\":\"es\"},{\"@type\":\"Organization\",\"@id\":\"https:\\\/\\\/casadecampoliving.com\\\/es\\\/#organization\",\"name\":\"Casa de Campo Living\",\"url\":\"https:\\\/\\\/casadecampoliving.com\\\/es\\\/\",\"logo\":{\"@type\":\"ImageObject\",\"inLanguage\":\"es\",\"@id\":\"https:\\\/\\\/casadecampoliving.com\\\/es\\\/#\\\/schema\\\/logo\\\/image\\\/\",\"url\":\"https:\\\/\\\/i0.wp.com\\\/casadecampoliving.com\\\/wp-content\\\/uploads\\\/2022\\\/07\\\/CDCLivingLogo_V1-white-sized.png?fit=800%2C214&ssl=1\",\"contentUrl\":\"https:\\\/\\\/i0.wp.com\\\/casadecampoliving.com\\\/wp-content\\\/uploads\\\/2022\\\/07\\\/CDCLivingLogo_V1-white-sized.png?fit=800%2C214&ssl=1\",\"width\":800,\"height\":214,\"caption\":\"Casa de Campo Living\"},\"image\":{\"@id\":\"https:\\\/\\\/casadecampoliving.com\\\/es\\\/#\\\/schema\\\/logo\\\/image\\\/\"},\"sameAs\":[\"https:\\\/\\\/www.facebook.com\\\/casadecampoliving\",\"https:\\\/\\\/x.com\\\/cdcliving\"]},{\"@type\":\"Person\",\"@id\":\"https:\\\/\\\/casadecampoliving.com\\\/es\\\/#\\\/schema\\\/person\\\/8fc218930d06cbe215cf6c4fc64caa11\",\"name\":\"Maria Isabel B\u00e1ez\",\"image\":{\"@type\":\"ImageObject\",\"inLanguage\":\"es\",\"@id\":\"https:\\\/\\\/secure.gravatar.com\\\/avatar\\\/d6e25af8826ab9ae04e6fcc864034c13600a3a03fc45e4bd8fe7ab8c4d289c2a?s=96&d=mm&r=g\",\"url\":\"https:\\\/\\\/secure.gravatar.com\\\/avatar\\\/d6e25af8826ab9ae04e6fcc864034c13600a3a03fc45e4bd8fe7ab8c4d289c2a?s=96&d=mm&r=g\",\"contentUrl\":\"https:\\\/\\\/secure.gravatar.com\\\/avatar\\\/d6e25af8826ab9ae04e6fcc864034c13600a3a03fc45e4bd8fe7ab8c4d289c2a?s=96&d=mm&r=g\",\"caption\":\"Maria Isabel B\u00e1ez\"},\"url\":\"https:\\\/\\\/casadecampoliving.com\\\/es\\\/author\\\/mbaez\\\/\"}]}<\/script>\n<!-- \/ Yoast SEO plugin. -->","yoast_head_json":{"title":"Hugh Wilson: un extraordinario artista en residencia | Casa de Campo Living","description":"Conozcan a Hugh Wilson, un artista en residencia en la Escuela de Arte y Dise\u00f1o Altos de Chav\u00f3n. Hugh, qui\u00e9n se cas\u00f3 recientemente con Claudina Bonetti","robots":{"index":"index","follow":"follow","max-snippet":"max-snippet:-1","max-image-preview":"max-image-preview:large","max-video-preview":"max-video-preview:-1"},"canonical":"https:\/\/casadecampoliving.com\/es\/hugh-wilson-un-extraordinario-artista-en-residencia\/","og_locale":"es_ES","og_type":"article","og_title":"Hugh Wilson: un extraordinario artista en residencia | Casa de Campo Living","og_description":"Conozcan a Hugh Wilson, un artista en residencia en la Escuela de Arte y Dise\u00f1o Altos de Chav\u00f3n. Hugh, qui\u00e9n se cas\u00f3 recientemente con Claudina Bonetti","og_url":"https:\/\/casadecampoliving.com\/es\/hugh-wilson-un-extraordinario-artista-en-residencia\/","og_site_name":"Casa de Campo Living","article_publisher":"https:\/\/www.facebook.com\/casadecampoliving","article_published_time":"2014-11-08T04:00:00+00:00","article_modified_time":"2022-10-21T22:51:58+00:00","og_image":[{"width":800,"height":533,"url":"https:\/\/i0.wp.com\/casadecampoliving.com\/wp-content\/uploads\/2022\/10\/hugh-wilson-2.jpg?fit=800%2C533&ssl=1","type":"image\/jpeg"}],"author":"Maria Isabel B\u00e1ez","twitter_card":"summary_large_image","twitter_creator":"@cdcliving","twitter_site":"@cdcliving","twitter_misc":{"Escrito por":"Maria Isabel B\u00e1ez","Tiempo de lectura":"6 minutos"},"schema":{"@context":"https:\/\/schema.org","@graph":[{"@type":"Article","@id":"https:\/\/casadecampoliving.com\/es\/hugh-wilson-un-extraordinario-artista-en-residencia\/#article","isPartOf":{"@id":"https:\/\/casadecampoliving.com\/es\/hugh-wilson-un-extraordinario-artista-en-residencia\/"},"author":{"name":"Maria Isabel B\u00e1ez","@id":"https:\/\/casadecampoliving.com\/es\/#\/schema\/person\/8fc218930d06cbe215cf6c4fc64caa11"},"headline":"Hugh Wilson: un extraordinario artista en residencia","datePublished":"2014-11-08T04:00:00+00:00","dateModified":"2022-10-21T22:51:58+00:00","mainEntityOfPage":{"@id":"https:\/\/casadecampoliving.com\/es\/hugh-wilson-un-extraordinario-artista-en-residencia\/"},"wordCount":1157,"publisher":{"@id":"https:\/\/casadecampoliving.com\/es\/#organization"},"image":{"@id":"https:\/\/casadecampoliving.com\/es\/hugh-wilson-un-extraordinario-artista-en-residencia\/#primaryimage"},"thumbnailUrl":"https:\/\/i0.wp.com\/casadecampoliving.com\/wp-content\/uploads\/2022\/10\/hugh-wilson-2.jpg?fit=800%2C533&ssl=1","keywords":["artistas en residencia","casa de campo resort @es","escuela de arte y diseno altos de chavon"],"articleSection":["Altos de Chavon @es","Arte y cultura","Casa de Campo Living @es","CCL presenta","Destacados","Estilo de Vida","Fundaciones","M\u00e1s all\u00e1 de Casa","Noticias Locales","Rep\u00fablica Dominicana @es","Resort Casa de Campo"],"inLanguage":"es"},{"@type":"WebPage","@id":"https:\/\/casadecampoliving.com\/es\/hugh-wilson-un-extraordinario-artista-en-residencia\/","url":"https:\/\/casadecampoliving.com\/es\/hugh-wilson-un-extraordinario-artista-en-residencia\/","name":"Hugh Wilson: un extraordinario artista en residencia | Casa de Campo Living","isPartOf":{"@id":"https:\/\/casadecampoliving.com\/es\/#website"},"primaryImageOfPage":{"@id":"https:\/\/casadecampoliving.com\/es\/hugh-wilson-un-extraordinario-artista-en-residencia\/#primaryimage"},"image":{"@id":"https:\/\/casadecampoliving.com\/es\/hugh-wilson-un-extraordinario-artista-en-residencia\/#primaryimage"},"thumbnailUrl":"https:\/\/i0.wp.com\/casadecampoliving.com\/wp-content\/uploads\/2022\/10\/hugh-wilson-2.jpg?fit=800%2C533&ssl=1","datePublished":"2014-11-08T04:00:00+00:00","dateModified":"2022-10-21T22:51:58+00:00","description":"Conozcan a Hugh Wilson, un artista en residencia en la Escuela de Arte y Dise\u00f1o Altos de Chav\u00f3n. Hugh, qui\u00e9n se cas\u00f3 recientemente con Claudina Bonetti","breadcrumb":{"@id":"https:\/\/casadecampoliving.com\/es\/hugh-wilson-un-extraordinario-artista-en-residencia\/#breadcrumb"},"inLanguage":"es","potentialAction":[{"@type":"ReadAction","target":["https:\/\/casadecampoliving.com\/es\/hugh-wilson-un-extraordinario-artista-en-residencia\/"]}]},{"@type":"ImageObject","inLanguage":"es","@id":"https:\/\/casadecampoliving.com\/es\/hugh-wilson-un-extraordinario-artista-en-residencia\/#primaryimage","url":"https:\/\/i0.wp.com\/casadecampoliving.com\/wp-content\/uploads\/2022\/10\/hugh-wilson-2.jpg?fit=800%2C533&ssl=1","contentUrl":"https:\/\/i0.wp.com\/casadecampoliving.com\/wp-content\/uploads\/2022\/10\/hugh-wilson-2.jpg?fit=800%2C533&ssl=1","width":800,"height":533},{"@type":"BreadcrumbList","@id":"https:\/\/casadecampoliving.com\/es\/hugh-wilson-un-extraordinario-artista-en-residencia\/#breadcrumb","itemListElement":[{"@type":"ListItem","position":1,"name":"Home","item":"https:\/\/casadecampoliving.com\/es\/"},{"@type":"ListItem","position":2,"name":"Hugh Wilson: un extraordinario artista en residencia"}]},{"@type":"WebSite","@id":"https:\/\/casadecampoliving.com\/es\/#website","url":"https:\/\/casadecampoliving.com\/es\/","name":"Casa de Campo Living","description":"Resort community news and resources.","publisher":{"@id":"https:\/\/casadecampoliving.com\/es\/#organization"},"potentialAction":[{"@type":"SearchAction","target":{"@type":"EntryPoint","urlTemplate":"https:\/\/casadecampoliving.com\/es\/?s={search_term_string}"},"query-input":{"@type":"PropertyValueSpecification","valueRequired":true,"valueName":"search_term_string"}}],"inLanguage":"es"},{"@type":"Organization","@id":"https:\/\/casadecampoliving.com\/es\/#organization","name":"Casa de Campo Living","url":"https:\/\/casadecampoliving.com\/es\/","logo":{"@type":"ImageObject","inLanguage":"es","@id":"https:\/\/casadecampoliving.com\/es\/#\/schema\/logo\/image\/","url":"https:\/\/i0.wp.com\/casadecampoliving.com\/wp-content\/uploads\/2022\/07\/CDCLivingLogo_V1-white-sized.png?fit=800%2C214&ssl=1","contentUrl":"https:\/\/i0.wp.com\/casadecampoliving.com\/wp-content\/uploads\/2022\/07\/CDCLivingLogo_V1-white-sized.png?fit=800%2C214&ssl=1","width":800,"height":214,"caption":"Casa de Campo Living"},"image":{"@id":"https:\/\/casadecampoliving.com\/es\/#\/schema\/logo\/image\/"},"sameAs":["https:\/\/www.facebook.com\/casadecampoliving","https:\/\/x.com\/cdcliving"]},{"@type":"Person","@id":"https:\/\/casadecampoliving.com\/es\/#\/schema\/person\/8fc218930d06cbe215cf6c4fc64caa11","name":"Maria Isabel B\u00e1ez","image":{"@type":"ImageObject","inLanguage":"es","@id":"https:\/\/secure.gravatar.com\/avatar\/d6e25af8826ab9ae04e6fcc864034c13600a3a03fc45e4bd8fe7ab8c4d289c2a?s=96&d=mm&r=g","url":"https:\/\/secure.gravatar.com\/avatar\/d6e25af8826ab9ae04e6fcc864034c13600a3a03fc45e4bd8fe7ab8c4d289c2a?s=96&d=mm&r=g","contentUrl":"https:\/\/secure.gravatar.com\/avatar\/d6e25af8826ab9ae04e6fcc864034c13600a3a03fc45e4bd8fe7ab8c4d289c2a?s=96&d=mm&r=g","caption":"Maria Isabel B\u00e1ez"},"url":"https:\/\/casadecampoliving.com\/es\/author\/mbaez\/"}]}},"parsely":{"version":"1.1.0","canonical_url":"https:\/\/casadecampoliving.com\/es\/hugh-wilson-un-extraordinario-artista-en-residencia\/","smart_links":{"inbound":0,"outbound":0},"traffic_boost_suggestions_count":0,"meta":{"@context":"https:\/\/schema.org","@type":"NewsArticle","headline":"Hugh Wilson: un extraordinario artista en residencia","url":"http:\/\/casadecampoliving.com\/es\/hugh-wilson-un-extraordinario-artista-en-residencia\/","mainEntityOfPage":{"@type":"WebPage","@id":"http:\/\/casadecampoliving.com\/es\/hugh-wilson-un-extraordinario-artista-en-residencia\/"},"thumbnailUrl":"https:\/\/i0.wp.com\/casadecampoliving.com\/wp-content\/uploads\/2022\/10\/hugh-wilson-2.jpg?resize=150%2C150&ssl=1","image":{"@type":"ImageObject","url":"https:\/\/i0.wp.com\/casadecampoliving.com\/wp-content\/uploads\/2022\/10\/hugh-wilson-2.jpg?fit=800%2C533&ssl=1"},"articleSection":"Altos de Chavon @es","author":[{"@type":"Person","name":"Maria Isabel B\u00e1ez"}],"creator":["Maria Isabel B\u00e1ez"],"publisher":{"@type":"Organization","name":"Casa de Campo Living","logo":"https:\/\/casadecampoliving.com\/wp-content\/uploads\/2022\/07\/CDCLivingLogo_V1-white-sized.png"},"keywords":["artistas en residencia","casa de campo resort @es","escuela de arte y diseno altos de chavon"],"dateCreated":"2014-11-08T04:00:00Z","datePublished":"2014-11-08T04:00:00Z","dateModified":"2022-10-21T22:51:58Z"},"rendered":"<script type=\"application\/ld+json\" class=\"wp-parsely-metadata\">{\"@context\":\"https:\\\/\\\/schema.org\",\"@type\":\"NewsArticle\",\"headline\":\"Hugh Wilson: un extraordinario artista en residencia\",\"url\":\"http:\\\/\\\/casadecampoliving.com\\\/es\\\/hugh-wilson-un-extraordinario-artista-en-residencia\\\/\",\"mainEntityOfPage\":{\"@type\":\"WebPage\",\"@id\":\"http:\\\/\\\/casadecampoliving.com\\\/es\\\/hugh-wilson-un-extraordinario-artista-en-residencia\\\/\"},\"thumbnailUrl\":\"https:\\\/\\\/i0.wp.com\\\/casadecampoliving.com\\\/wp-content\\\/uploads\\\/2022\\\/10\\\/hugh-wilson-2.jpg?resize=150%2C150&ssl=1\",\"image\":{\"@type\":\"ImageObject\",\"url\":\"https:\\\/\\\/i0.wp.com\\\/casadecampoliving.com\\\/wp-content\\\/uploads\\\/2022\\\/10\\\/hugh-wilson-2.jpg?fit=800%2C533&ssl=1\"},\"articleSection\":\"Altos de Chavon @es\",\"author\":[{\"@type\":\"Person\",\"name\":\"Maria Isabel B\\u00e1ez\"}],\"creator\":[\"Maria Isabel B\\u00e1ez\"],\"publisher\":{\"@type\":\"Organization\",\"name\":\"Casa de Campo Living\",\"logo\":\"https:\\\/\\\/casadecampoliving.com\\\/wp-content\\\/uploads\\\/2022\\\/07\\\/CDCLivingLogo_V1-white-sized.png\"},\"keywords\":[\"artistas en residencia\",\"casa de campo resort @es\",\"escuela de arte y diseno altos de chavon\"],\"dateCreated\":\"2014-11-08T04:00:00Z\",\"datePublished\":\"2014-11-08T04:00:00Z\",\"dateModified\":\"2022-10-21T22:51:58Z\"}<\/script>","tracker_url":"https:\/\/cdn.parsely.com\/keys\/casadecampoliving.com\/p.js"},"jetpack_publicize_connections":[],"jetpack_featured_media_url":"https:\/\/i0.wp.com\/casadecampoliving.com\/wp-content\/uploads\/2022\/10\/hugh-wilson-2.jpg?fit=800%2C533&ssl=1","jetpack-related-posts":[{"id":345818,"url":"https:\/\/casadecampoliving.com\/es\/artistas-en-residencia-2014-proximamente-abierto-en-altos-de-chavon\/","url_meta":{"origin":345912,"position":0},"title":"Artistas en Residencia 2014 pr\u00f3ximamente en Altos de Chav\u00f3n","author":"Daniela Medina","date":"30 Oct, 2014","format":false,"excerpt":"El jueves 13 de noviembre, la Galer\u00eda de Arte Principal de Altos de Chav\u00f3n ser\u00e1 la sede de la apertura de una nueva exhibici\u00f3n \"Artistas en Residencia, Oto\u00f1o 2014\" , que presentan los artistas en residencia: Hugh Wilson, Hannah Parr, Julio Marcano y Alma Peguero. El programa \"Artista en Residencia\"\u2026","rel":"","context":"En \u00abAltos de Chavon @es\u00bb","block_context":{"text":"Altos de Chavon @es","link":"https:\/\/casadecampoliving.com\/category\/altos-de-chavon-es\/"},"img":{"alt_text":"","src":"https:\/\/i0.wp.com\/casadecampoliving.com\/wp-content\/uploads\/2022\/10\/The_argyle-1.jpg?fit=1170%2C1143&ssl=1&resize=350%2C200","width":350,"height":200,"srcset":"https:\/\/i0.wp.com\/casadecampoliving.com\/wp-content\/uploads\/2022\/10\/The_argyle-1.jpg?fit=1170%2C1143&ssl=1&resize=350%2C200 1x, https:\/\/i0.wp.com\/casadecampoliving.com\/wp-content\/uploads\/2022\/10\/The_argyle-1.jpg?fit=1170%2C1143&ssl=1&resize=525%2C300 1.5x, https:\/\/i0.wp.com\/casadecampoliving.com\/wp-content\/uploads\/2022\/10\/The_argyle-1.jpg?fit=1170%2C1143&ssl=1&resize=700%2C400 2x, https:\/\/i0.wp.com\/casadecampoliving.com\/wp-content\/uploads\/2022\/10\/The_argyle-1.jpg?fit=1170%2C1143&ssl=1&resize=1050%2C600 3x"},"classes":[]},{"id":346241,"url":"https:\/\/casadecampoliving.com\/es\/un-coctel-artistico-con-claudia-bonetti-hugh-wilson\/","url_meta":{"origin":345912,"position":1},"title":"Un c\u00f3ctel art\u00edstico con Claudia Bonetti &#038; Hugh Wilson","author":"Daniela Medina","date":"12 Dic, 2014","format":false,"excerpt":"Este a\u00f1o, la exposici\u00f3n de Artistas en Residencia de oto\u00f1o ha sido excepcional en todos los sentidos. El s\u00e1bado 6 de diciembre, Claudina Bonetti organiz\u00f3 un elegante c\u00f3ctel de recepci\u00f3n que uni\u00f3 a la comunidad de Casa de Campo, en su amor por el arte. Con su esposo, Hugh Wilson,\u2026","rel":"","context":"En \u00abAltos de Chavon @es\u00bb","block_context":{"text":"Altos de Chavon @es","link":"https:\/\/casadecampoliving.com\/category\/altos-de-chavon-es\/"},"img":{"alt_text":"Hugh Wilson, Claudina Bonetti","src":"https:\/\/i0.wp.com\/casadecampoliving.com\/wp-content\/uploads\/2022\/10\/Hugh_Wilson_Claudina_Bonetti-1.jpg?fit=650%2C521&ssl=1&resize=350%2C200","width":350,"height":200,"srcset":"https:\/\/i0.wp.com\/casadecampoliving.com\/wp-content\/uploads\/2022\/10\/Hugh_Wilson_Claudina_Bonetti-1.jpg?fit=650%2C521&ssl=1&resize=350%2C200 1x, https:\/\/i0.wp.com\/casadecampoliving.com\/wp-content\/uploads\/2022\/10\/Hugh_Wilson_Claudina_Bonetti-1.jpg?fit=650%2C521&ssl=1&resize=525%2C300 1.5x"},"classes":[]},{"id":433460,"url":"https:\/\/casadecampoliving.com\/es\/no-se-pierdan-el-increible-tributo-a-frank-sinatra-para-celebrar-el-40-aniversario-del-anfiteatro-altos-de-chavon\/","url_meta":{"origin":345912,"position":2},"title":"No se pierdan el incre\u00edble tributo a Frank Sinatra para celebrar el 40 aniversario del\u00a0Anfiteatro Altos de Chav\u00f3n","author":"Casa de Campo Living","date":"20 Oct, 2022","format":false,"excerpt":"Siendo uno de los escenarios m\u00e1s emblem\u00e1ticos del pa\u00eds, Casa de Campo Resort\u00ae & Villas celebra las cuatro d\u00e9cadas de aniversario de Altos de Chav\u00f3n con un tributo al gran Frank Sinatra, protagonizado por artistas invitados y una big band tal cual la que acompa\u00f1\u00f3 al artista hace 40 a\u00f1os\u2026","rel":"","context":"En \u00abUncategorized @es\u00bb","block_context":{"text":"Uncategorized @es","link":"https:\/\/casadecampoliving.com\/es\/category\/uncategorized-es\/"},"img":{"alt_text":"","src":"https:\/\/i0.wp.com\/casadecampoliving.com\/wp-content\/uploads\/2022\/10\/Tributo-Frank-Sinatra-Foto-Principal-Amaury-Sanchez-Danilo-Ginebra-Andres-Pichardo-y-Jose-Gabriel-Perez-.jpg?fit=1200%2C873&ssl=1&resize=350%2C200","width":350,"height":200,"srcset":"https:\/\/i0.wp.com\/casadecampoliving.com\/wp-content\/uploads\/2022\/10\/Tributo-Frank-Sinatra-Foto-Principal-Amaury-Sanchez-Danilo-Ginebra-Andres-Pichardo-y-Jose-Gabriel-Perez-.jpg?fit=1200%2C873&ssl=1&resize=350%2C200 1x, https:\/\/i0.wp.com\/casadecampoliving.com\/wp-content\/uploads\/2022\/10\/Tributo-Frank-Sinatra-Foto-Principal-Amaury-Sanchez-Danilo-Ginebra-Andres-Pichardo-y-Jose-Gabriel-Perez-.jpg?fit=1200%2C873&ssl=1&resize=525%2C300 1.5x, https:\/\/i0.wp.com\/casadecampoliving.com\/wp-content\/uploads\/2022\/10\/Tributo-Frank-Sinatra-Foto-Principal-Amaury-Sanchez-Danilo-Ginebra-Andres-Pichardo-y-Jose-Gabriel-Perez-.jpg?fit=1200%2C873&ssl=1&resize=700%2C400 2x, https:\/\/i0.wp.com\/casadecampoliving.com\/wp-content\/uploads\/2022\/10\/Tributo-Frank-Sinatra-Foto-Principal-Amaury-Sanchez-Danilo-Ginebra-Andres-Pichardo-y-Jose-Gabriel-Perez-.jpg?fit=1200%2C873&ssl=1&resize=1050%2C600 3x"},"classes":[]},{"id":346823,"url":"https:\/\/casadecampoliving.com\/es\/coctel-de-bienvenida-de-la-iniciativa-de-arte-davidoff\/","url_meta":{"origin":345912,"position":3},"title":"Coctel de Bienvenida de la Iniciativa de Arte Davidoff","author":"Felix Guerrero","date":"20 Feb, 2015","format":false,"excerpt":"El pasado viernes 13 de febrero, la Iniciativa de Arte Davidoff abri\u00f3 oficialmente el segundo Fin de Semana del Arte Davidoff anual en Casa de Campo con una fiesta de cocteles que encaj\u00f3 a la perfecci\u00f3n con la filosof\u00eda de Davidoff \"Ll\u00e9ne el tiempo hermosamente\" Con una colecci\u00f3n de los\u2026","rel":"","context":"En \u00abAltos de Chavon @es\u00bb","block_context":{"text":"Altos de Chavon @es","link":"https:\/\/casadecampoliving.com\/category\/altos-de-chavon-es\/"},"img":{"alt_text":"","src":"https:\/\/i0.wp.com\/casadecampoliving.com\/wp-content\/uploads\/2022\/10\/Raquel_Lima_Eduardo_Lima_Hans-Kristian-Hoejsgaard_Claudio_Silvestri1.jpg?fit=650%2C403&ssl=1&resize=350%2C200","width":350,"height":200,"srcset":"https:\/\/i0.wp.com\/casadecampoliving.com\/wp-content\/uploads\/2022\/10\/Raquel_Lima_Eduardo_Lima_Hans-Kristian-Hoejsgaard_Claudio_Silvestri1.jpg?fit=650%2C403&ssl=1&resize=350%2C200 1x, https:\/\/i0.wp.com\/casadecampoliving.com\/wp-content\/uploads\/2022\/10\/Raquel_Lima_Eduardo_Lima_Hans-Kristian-Hoejsgaard_Claudio_Silvestri1.jpg?fit=650%2C403&ssl=1&resize=525%2C300 1.5x"},"classes":[]},{"id":348562,"url":"https:\/\/casadecampoliving.com\/es\/exposicion-artistas-en-residencia-altos-de-chavon-otono-2015\/","url_meta":{"origin":345912,"position":4},"title":"Exposici\u00f3n de Artistas en Residencia en La Galer\u00eda de Altos de Chav\u00f3n este jueves","author":"Felix Guerrero","date":"17 Nov, 2015","format":false,"excerpt":"La Galer\u00eda Principal de Altos de Chav\u00f3n anuncia la exposici\u00f3n del\u00a0programa\u00a0\u201cArtistas en Residencia, Oto\u00f1o 2015\u201d, bajo la Fundaci\u00f3n Centro Cultural Altos de Chav\u00f3n, la cual ser\u00e1 oficialmente inaugurada con un coctel de apertura en La Galer\u00eda este jueves, 19 de noviembre, a las 6pm, con los artistas Alma Peguero, Tom\u00e1s\u2026","rel":"","context":"En \u00abAltos de Chavon @es\u00bb","block_context":{"text":"Altos de Chavon @es","link":"https:\/\/casadecampoliving.com\/category\/altos-de-chavon-es\/"},"img":{"alt_text":"AIR Header","src":"https:\/\/i0.wp.com\/casadecampoliving.com\/wp-content\/uploads\/2022\/10\/AIR-Header-1.jpg?fit=650%2C400&ssl=1&resize=350%2C200","width":350,"height":200,"srcset":"https:\/\/i0.wp.com\/casadecampoliving.com\/wp-content\/uploads\/2022\/10\/AIR-Header-1.jpg?fit=650%2C400&ssl=1&resize=350%2C200 1x, https:\/\/i0.wp.com\/casadecampoliving.com\/wp-content\/uploads\/2022\/10\/AIR-Header-1.jpg?fit=650%2C400&ssl=1&resize=525%2C300 1.5x"},"classes":[]},{"id":348572,"url":"https:\/\/casadecampoliving.com\/es\/exhibicion-de-arte-artistas-en-residencia\/","url_meta":{"origin":345912,"position":5},"title":"Exhibici\u00f3n de arte Artistas en Residencia","author":"Perkin Agramonte","date":"10 Nov, 2015","format":false,"excerpt":"La \u00a0Galer\u00eda Principal de Altos de Chav\u00f3n anuncia la apertura, el 19 de noviembre, de la exposici\u00f3n \u2018\u2019Artista en Residencia, Oto\u00f1o 2015\u2019\u2019, programa bajo la Fundaci\u00f3n Centro Cultural Altos de Chav\u00f3n, con los artistas Alma Peguero, Tom\u00e1s Pichardo y Luis Valverde, egresados de La Escuela. Alma Peguero, En 2009 se\u2026","rel":"","context":"En \u00abAltos de Chavon @es\u00bb","block_context":{"text":"Altos de Chavon @es","link":"https:\/\/casadecampoliving.com\/category\/altos-de-chavon-es\/"},"img":{"alt_text":"","src":"https:\/\/i0.wp.com\/casadecampoliving.com\/wp-content\/uploads\/2022\/10\/imagen-producto-portada19a-e1447168521791-1.jpg?fit=595%2C390&ssl=1&resize=350%2C200","width":350,"height":200,"srcset":"https:\/\/i0.wp.com\/casadecampoliving.com\/wp-content\/uploads\/2022\/10\/imagen-producto-portada19a-e1447168521791-1.jpg?fit=595%2C390&ssl=1&resize=350%2C200 1x, https:\/\/i0.wp.com\/casadecampoliving.com\/wp-content\/uploads\/2022\/10\/imagen-producto-portada19a-e1447168521791-1.jpg?fit=595%2C390&ssl=1&resize=525%2C300 1.5x"},"classes":[]}],"jetpack_sharing_enabled":true,"_links":{"self":[{"href":"https:\/\/casadecampoliving.com\/es\/wp-json\/wp\/v2\/posts\/345912","targetHints":{"allow":["GET"]}}],"collection":[{"href":"https:\/\/casadecampoliving.com\/es\/wp-json\/wp\/v2\/posts"}],"about":[{"href":"https:\/\/casadecampoliving.com\/es\/wp-json\/wp\/v2\/types\/post"}],"author":[{"embeddable":true,"href":"https:\/\/casadecampoliving.com\/es\/wp-json\/wp\/v2\/users\/22010"}],"replies":[{"embeddable":true,"href":"https:\/\/casadecampoliving.com\/es\/wp-json\/wp\/v2\/comments?post=345912"}],"version-history":[{"count":1,"href":"https:\/\/casadecampoliving.com\/es\/wp-json\/wp\/v2\/posts\/345912\/revisions"}],"predecessor-version":[{"id":345913,"href":"https:\/\/casadecampoliving.com\/es\/wp-json\/wp\/v2\/posts\/345912\/revisions\/345913"}],"wp:featuredmedia":[{"embeddable":true,"href":"https:\/\/casadecampoliving.com\/es\/wp-json\/wp\/v2\/media\/283914"}],"wp:attachment":[{"href":"https:\/\/casadecampoliving.com\/es\/wp-json\/wp\/v2\/media?parent=345912"}],"wp:term":[{"taxonomy":"category","embeddable":true,"href":"https:\/\/casadecampoliving.com\/es\/wp-json\/wp\/v2\/categories?post=345912"},{"taxonomy":"post_tag","embeddable":true,"href":"https:\/\/casadecampoliving.com\/es\/wp-json\/wp\/v2\/tags?post=345912"},{"taxonomy":"newspack_spnsrs_tax","embeddable":true,"href":"https:\/\/casadecampoliving.com\/es\/wp-json\/wp\/v2\/newspack_spnsrs_tax?post=345912"}],"curies":[{"name":"wp","href":"https:\/\/api.w.org\/{rel}","templated":true}]}}