{"id":345876,"date":"2014-11-04T00:00:00","date_gmt":"2014-11-04T04:00:00","guid":{"rendered":"https:\/\/casadecampoliving.com\/festival-procigar-2015-llega-casa-de-campo\/"},"modified":"2022-10-21T19:00:50","modified_gmt":"2022-10-21T23:00:50","slug":"festival-procigar-2015-llega-casa-de-campo","status":"publish","type":"post","link":"https:\/\/casadecampoliving.com\/es\/festival-procigar-2015-llega-casa-de-campo\/","title":{"rendered":"Festival Procigar 2015 llega a Casa de Campo"},"content":{"rendered":"<div class=\"wp-block-image\">\n<figure class=\"aligncenter is-resized\"><img loading=\"lazy\" decoding=\"async\" src=\"https:\/\/i0.wp.com\/casadecampoliving.com\/wp-content\/uploads\/2022\/10\/procigar_festival-2.jpg?resize=650%2C482&amp;ssl=1\" alt=\"procigar_festival\" class=\"wp-image-101265\" height=\"482\" width=\"650\"\/><\/figure>\n<\/div>\n\n\n<p>Los organizadores del Festival Procigar anunciaron recientemente que el registro para el evento 2015 ya est\u00e1 en marcha y parte de la celebraci\u00f3n se llevar\u00e1 a cabo \u00a1aqu\u00ed en nuestra comunidad de Casa de Campo!<\/p>\n\n\n\n<!--more-->\n\n\n<div class=\"wp-block-image\">\n<figure class=\"alignright is-resized\"><img loading=\"lazy\" decoding=\"async\" src=\"https:\/\/i0.wp.com\/casadecampoliving.com\/wp-content\/uploads\/2022\/10\/cigar.jpg?resize=300%2C371&amp;ssl=1\" alt=\"cigar\" class=\"wp-image-101264\" height=\"371\" width=\"300\"\/><\/figure>\n<\/div>\n\n\n<p>La Rep\u00fablica Dominicana es el mayor exportador del mundo de los puros y el 80% de la producci\u00f3n de puros en el mundo proviene de los campos de cigarros y f\u00e1bricas situadas en los alrededores de la ciudad de Santiago y para celebrar, Casa de Campo, uno de los resorts m\u00e1s exclusivos del Caribe, \u00a1ser\u00e1 uno de los anfitriones del Festival Procigar! El Festival Procigar 2015 se celebrar\u00e1 los d\u00edas 15 al 20 en la Rep\u00fablica Dominicana \u2013 tambi\u00e9n conocido como pa\u00eds del cigarro.<\/p>\n\n\n\n<p>Cada a\u00f1o el festival re\u00fane a representantes de las comunidades nacionales e internacionales de cigarros, as\u00ed como a amantes del cigarro de todas partes del mundo. El Festival ofrece a los visitantes la posibilidad de visitar algunas de las tabacaleras y f\u00e1bricas de cigarros m\u00e1s importantes del mundo donde se fabrican&nbsp;muchos de los cigarros m\u00e1s famosos del mundo. Los participantes tambi\u00e9n podr\u00e1n disfrutar de lo mejor que la Rep\u00fablica Dominicana tiene para ofrecer en m\u00fasica, eventos culturales y la hospitalidad, durante la celebraci\u00f3n del Festival.<\/p>\n\n\n\n<p>El Festival Procigar tambi\u00e9n cuenta con un torneo de golf, \u00bfadivinen donde ?! En el famoso campo de golf, Teeth of the Dog , \u00a1el orgullo de Casa de Campo! El campo de golf Teeth of the Dog est\u00e1 incluido en la lista de los 100 mejores campos del mundo, \u00a1y tambi\u00e9n el # 1 en el Caribe!<\/p>\n\n\n<div class=\"wp-block-image\">\n<figure class=\"aligncenter is-resized\"><img loading=\"lazy\" decoding=\"async\" src=\"https:\/\/i0.wp.com\/casadecampoliving.com\/wp-content\/uploads\/2022\/10\/Teeth_of_the_dog_casa_de_campo.jpg?resize=650%2C364&amp;ssl=1\" alt=\"Teeth of the Dog Casa de Campo\" class=\"wp-image-92996\" height=\"364\" width=\"650\"\/><\/figure>\n<\/div>\n\n\n<p class=\"has-text-align-center\"><strong>Teeth of the Dog, Casa de Campo<\/strong><br>\n<\/p>\n\n\n\n<p>El programa tambi\u00e9n incluye excursiones de un d\u00eda a las incre\u00edblemente hermosas cascadas Damajagua en Puerto Plata, en la costa norte del pa\u00eds y una excursi\u00f3n en catamar\u00e1n de d\u00eda completo, tambi\u00e9n en Puerto Plata, as\u00ed como seminarios, torneos de poker, y clases de baile merengue.<\/p>\n\n\n\n<p>El festival re\u00fane a escritores de algunas de las m\u00e1s importantes revistas relacionadas con el cigarro en el mundo, tales como: Cigar Aficionado, Smoke &amp; Smokeshop, estanco, Puro Magazine, European Cigar Journal, cigarro clan, Puro Informe, Puro Embajador, L\u2019Amateur Du Cigarre , La Boutique de El Fumador, Epicur y Florida cigarro Snob.<\/p>\n\n\n\n<p>Para m\u00e1s informaci\u00f3n visite:&nbsp;<a href=\"http:\/\/www.procigar.org\/\">www.procigar.org<\/a>.<\/p>\n","protected":false},"excerpt":{"rendered":"<p>Los organizadores del Festival Procigar anunciaron recientemente que el registro para el evento 2015 ya est\u00e1 en marcha y parte de la celebraci\u00f3n se llevar\u00e1 a cabo \u00a1aqu\u00ed en nuestra comunidad de Casa de Campo!<\/p>\n","protected":false},"author":23245,"featured_media":283524,"comment_status":"closed","ping_status":"closed","sticky":false,"template":"","format":"standard","meta":{"newspack_ads_suppress_ads":false,"newspack_popups_has_disabled_popups":false,"newspack_sponsor_sponsorship_scope":"","newspack_sponsor_native_byline_display":"inherit","newspack_sponsor_native_category_display":"inherit","newspack_sponsor_underwriter_style":"inherit","newspack_sponsor_underwriter_placement":"inherit","_newspack_byline_active":false,"_newspack_byline":"","newspack_hide_updated_date":false,"newspack_show_updated_date":false,"newspack_content_restriction_is_exempt":false,"newspack_featured_image_position":"","newspack_post_subtitle":"","newspack_article_summary_title":"Overview:","newspack_article_summary":"","_jetpack_memberships_contains_paid_content":false,"footnotes":"","jetpack_publicize_message":"","jetpack_publicize_feature_enabled":true,"jetpack_social_post_already_shared":false,"jetpack_social_options":{"image_generator_settings":{"template":"highway","default_image_id":0,"font":"","enabled":false},"version":2},"_wpas_customize_per_network":false},"categories":[26936,2525,2524,14631,2522,14625,14627,2521,26822],"tags":[5291,14777,2433,10932,6531],"newspack_spnsrs_tax":[],"class_list":["post-345876","post","type-post","status-publish","format-standard","has-post-thumbnail","hentry","category-casa-de-campo-living-es","category-golf-deportes-es","category-destacados","category-estilo-de-vida","category-eventos-es","category-noticias-locales","category-proximamente","category-republica-dominicana-2","category-resort-casa-de-campo","tag-cigarros","tag-republica-dominicana-es-18","tag-santiago","tag-tabaco","tag-teeth-of-the-doges","entry"],"yoast_head":"<!-- This site is optimized with the Yoast SEO plugin v27.5 - https:\/\/yoast.com\/product\/yoast-seo-wordpress\/ -->\n<title>Festival Procigar 2015 llega a Casa de Campo | Casa de Campo Living<\/title>\n<meta name=\"description\" content=\"Los organizadores del Festival Procigar anunciaron recientemente que el registro para el evento 2015 ya est\u00e1 en marcha y parte de la celebraci\u00f3n se\" \/>\n<meta name=\"robots\" content=\"index, follow, max-snippet:-1, max-image-preview:large, max-video-preview:-1\" \/>\n<link rel=\"canonical\" href=\"https:\/\/casadecampoliving.com\/es\/festival-procigar-2015-llega-casa-de-campo\/\" \/>\n<meta property=\"og:locale\" content=\"es_ES\" \/>\n<meta property=\"og:type\" content=\"article\" \/>\n<meta property=\"og:title\" content=\"Festival Procigar 2015 llega a Casa de Campo | Casa de Campo Living\" \/>\n<meta property=\"og:description\" content=\"Los organizadores del Festival Procigar anunciaron recientemente que el registro para el evento 2015 ya est\u00e1 en marcha y parte de la celebraci\u00f3n se\" \/>\n<meta property=\"og:url\" content=\"https:\/\/casadecampoliving.com\/es\/festival-procigar-2015-llega-casa-de-campo\/\" \/>\n<meta property=\"og:site_name\" content=\"Casa de Campo Living\" \/>\n<meta property=\"article:publisher\" content=\"https:\/\/www.facebook.com\/casadecampoliving\" \/>\n<meta property=\"article:published_time\" content=\"2014-11-04T04:00:00+00:00\" \/>\n<meta property=\"article:modified_time\" content=\"2022-10-21T23:00:50+00:00\" \/>\n<meta property=\"og:image\" content=\"https:\/\/i0.wp.com\/casadecampoliving.com\/wp-content\/uploads\/2022\/10\/procigar_festival-3.jpg?fit=650%2C482&ssl=1\" \/>\n\t<meta property=\"og:image:width\" content=\"650\" \/>\n\t<meta property=\"og:image:height\" content=\"482\" \/>\n\t<meta property=\"og:image:type\" content=\"image\/jpeg\" \/>\n<meta name=\"author\" content=\"Daniela Medina\" \/>\n<meta name=\"twitter:card\" content=\"summary_large_image\" \/>\n<meta name=\"twitter:creator\" content=\"@cdcliving\" \/>\n<meta name=\"twitter:site\" content=\"@cdcliving\" \/>\n<meta name=\"twitter:label1\" content=\"Escrito por\" \/>\n\t<meta name=\"twitter:data1\" content=\"Daniela Medina\" \/>\n\t<meta name=\"twitter:label2\" content=\"Tiempo de lectura\" \/>\n\t<meta name=\"twitter:data2\" content=\"2 minutos\" \/>\n<script type=\"application\/ld+json\" class=\"yoast-schema-graph\">{\"@context\":\"https:\\\/\\\/schema.org\",\"@graph\":[{\"@type\":\"Article\",\"@id\":\"https:\\\/\\\/casadecampoliving.com\\\/es\\\/festival-procigar-2015-llega-casa-de-campo\\\/#article\",\"isPartOf\":{\"@id\":\"https:\\\/\\\/casadecampoliving.com\\\/es\\\/festival-procigar-2015-llega-casa-de-campo\\\/\"},\"author\":{\"name\":\"Daniela Medina\",\"@id\":\"https:\\\/\\\/casadecampoliving.com\\\/es\\\/#\\\/schema\\\/person\\\/20e49d1b22266dc2b8f020b38201bd4e\"},\"headline\":\"Festival Procigar 2015 llega a Casa de Campo\",\"datePublished\":\"2014-11-04T04:00:00+00:00\",\"dateModified\":\"2022-10-21T23:00:50+00:00\",\"mainEntityOfPage\":{\"@id\":\"https:\\\/\\\/casadecampoliving.com\\\/es\\\/festival-procigar-2015-llega-casa-de-campo\\\/\"},\"wordCount\":406,\"publisher\":{\"@id\":\"https:\\\/\\\/casadecampoliving.com\\\/es\\\/#organization\"},\"image\":{\"@id\":\"https:\\\/\\\/casadecampoliving.com\\\/es\\\/festival-procigar-2015-llega-casa-de-campo\\\/#primaryimage\"},\"thumbnailUrl\":\"https:\\\/\\\/i0.wp.com\\\/casadecampoliving.com\\\/wp-content\\\/uploads\\\/2022\\\/10\\\/procigar_festival-3.jpg?fit=650%2C482&ssl=1\",\"keywords\":[\"cigarros\",\"Republica Dominicana\",\"santiago\",\"tabaco\",\"teeth of the dog@es\"],\"articleSection\":[\"Casa de Campo Living @es\",\"Deportes\",\"Destacados\",\"Estilo de Vida\",\"Eventos\",\"Noticias Locales\",\"Proximamente\",\"Rep\u00fablica Dominicana @es\",\"Resort Casa de Campo\"],\"inLanguage\":\"es\"},{\"@type\":\"WebPage\",\"@id\":\"https:\\\/\\\/casadecampoliving.com\\\/es\\\/festival-procigar-2015-llega-casa-de-campo\\\/\",\"url\":\"https:\\\/\\\/casadecampoliving.com\\\/es\\\/festival-procigar-2015-llega-casa-de-campo\\\/\",\"name\":\"Festival Procigar 2015 llega a Casa de Campo | Casa de Campo Living\",\"isPartOf\":{\"@id\":\"https:\\\/\\\/casadecampoliving.com\\\/es\\\/#website\"},\"primaryImageOfPage\":{\"@id\":\"https:\\\/\\\/casadecampoliving.com\\\/es\\\/festival-procigar-2015-llega-casa-de-campo\\\/#primaryimage\"},\"image\":{\"@id\":\"https:\\\/\\\/casadecampoliving.com\\\/es\\\/festival-procigar-2015-llega-casa-de-campo\\\/#primaryimage\"},\"thumbnailUrl\":\"https:\\\/\\\/i0.wp.com\\\/casadecampoliving.com\\\/wp-content\\\/uploads\\\/2022\\\/10\\\/procigar_festival-3.jpg?fit=650%2C482&ssl=1\",\"datePublished\":\"2014-11-04T04:00:00+00:00\",\"dateModified\":\"2022-10-21T23:00:50+00:00\",\"description\":\"Los organizadores del Festival Procigar anunciaron recientemente que el registro para el evento 2015 ya est\u00e1 en marcha y parte de la celebraci\u00f3n se\",\"breadcrumb\":{\"@id\":\"https:\\\/\\\/casadecampoliving.com\\\/es\\\/festival-procigar-2015-llega-casa-de-campo\\\/#breadcrumb\"},\"inLanguage\":\"es\",\"potentialAction\":[{\"@type\":\"ReadAction\",\"target\":[\"https:\\\/\\\/casadecampoliving.com\\\/es\\\/festival-procigar-2015-llega-casa-de-campo\\\/\"]}]},{\"@type\":\"ImageObject\",\"inLanguage\":\"es\",\"@id\":\"https:\\\/\\\/casadecampoliving.com\\\/es\\\/festival-procigar-2015-llega-casa-de-campo\\\/#primaryimage\",\"url\":\"https:\\\/\\\/i0.wp.com\\\/casadecampoliving.com\\\/wp-content\\\/uploads\\\/2022\\\/10\\\/procigar_festival-3.jpg?fit=650%2C482&ssl=1\",\"contentUrl\":\"https:\\\/\\\/i0.wp.com\\\/casadecampoliving.com\\\/wp-content\\\/uploads\\\/2022\\\/10\\\/procigar_festival-3.jpg?fit=650%2C482&ssl=1\",\"width\":650,\"height\":482},{\"@type\":\"BreadcrumbList\",\"@id\":\"https:\\\/\\\/casadecampoliving.com\\\/es\\\/festival-procigar-2015-llega-casa-de-campo\\\/#breadcrumb\",\"itemListElement\":[{\"@type\":\"ListItem\",\"position\":1,\"name\":\"Home\",\"item\":\"https:\\\/\\\/casadecampoliving.com\\\/es\\\/\"},{\"@type\":\"ListItem\",\"position\":2,\"name\":\"Festival Procigar 2015 llega a Casa de Campo\"}]},{\"@type\":\"WebSite\",\"@id\":\"https:\\\/\\\/casadecampoliving.com\\\/es\\\/#website\",\"url\":\"https:\\\/\\\/casadecampoliving.com\\\/es\\\/\",\"name\":\"Casa de Campo Living\",\"description\":\"Resort community news and resources.\",\"publisher\":{\"@id\":\"https:\\\/\\\/casadecampoliving.com\\\/es\\\/#organization\"},\"potentialAction\":[{\"@type\":\"SearchAction\",\"target\":{\"@type\":\"EntryPoint\",\"urlTemplate\":\"https:\\\/\\\/casadecampoliving.com\\\/es\\\/?s={search_term_string}\"},\"query-input\":{\"@type\":\"PropertyValueSpecification\",\"valueRequired\":true,\"valueName\":\"search_term_string\"}}],\"inLanguage\":\"es\"},{\"@type\":\"Organization\",\"@id\":\"https:\\\/\\\/casadecampoliving.com\\\/es\\\/#organization\",\"name\":\"Casa de Campo Living\",\"url\":\"https:\\\/\\\/casadecampoliving.com\\\/es\\\/\",\"logo\":{\"@type\":\"ImageObject\",\"inLanguage\":\"es\",\"@id\":\"https:\\\/\\\/casadecampoliving.com\\\/es\\\/#\\\/schema\\\/logo\\\/image\\\/\",\"url\":\"https:\\\/\\\/i0.wp.com\\\/casadecampoliving.com\\\/wp-content\\\/uploads\\\/2022\\\/07\\\/CDCLivingLogo_V1-white-sized.png?fit=800%2C214&ssl=1\",\"contentUrl\":\"https:\\\/\\\/i0.wp.com\\\/casadecampoliving.com\\\/wp-content\\\/uploads\\\/2022\\\/07\\\/CDCLivingLogo_V1-white-sized.png?fit=800%2C214&ssl=1\",\"width\":800,\"height\":214,\"caption\":\"Casa de Campo Living\"},\"image\":{\"@id\":\"https:\\\/\\\/casadecampoliving.com\\\/es\\\/#\\\/schema\\\/logo\\\/image\\\/\"},\"sameAs\":[\"https:\\\/\\\/www.facebook.com\\\/casadecampoliving\",\"https:\\\/\\\/x.com\\\/cdcliving\"]},{\"@type\":\"Person\",\"@id\":\"https:\\\/\\\/casadecampoliving.com\\\/es\\\/#\\\/schema\\\/person\\\/20e49d1b22266dc2b8f020b38201bd4e\",\"name\":\"Daniela Medina\",\"image\":{\"@type\":\"ImageObject\",\"inLanguage\":\"es\",\"@id\":\"https:\\\/\\\/secure.gravatar.com\\\/avatar\\\/65aa8415724474307d634c8364a0bd8ee551c4f0f01f2ffcc53e5a9856cb7369?s=96&d=mm&r=g\",\"url\":\"https:\\\/\\\/secure.gravatar.com\\\/avatar\\\/65aa8415724474307d634c8364a0bd8ee551c4f0f01f2ffcc53e5a9856cb7369?s=96&d=mm&r=g\",\"contentUrl\":\"https:\\\/\\\/secure.gravatar.com\\\/avatar\\\/65aa8415724474307d634c8364a0bd8ee551c4f0f01f2ffcc53e5a9856cb7369?s=96&d=mm&r=g\",\"caption\":\"Daniela Medina\"},\"url\":\"https:\\\/\\\/casadecampoliving.com\\\/es\\\/author\\\/dmedina\\\/\"}]}<\/script>\n<!-- \/ Yoast SEO plugin. -->","yoast_head_json":{"title":"Festival Procigar 2015 llega a Casa de Campo | Casa de Campo Living","description":"Los organizadores del Festival Procigar anunciaron recientemente que el registro para el evento 2015 ya est\u00e1 en marcha y parte de la celebraci\u00f3n se","robots":{"index":"index","follow":"follow","max-snippet":"max-snippet:-1","max-image-preview":"max-image-preview:large","max-video-preview":"max-video-preview:-1"},"canonical":"https:\/\/casadecampoliving.com\/es\/festival-procigar-2015-llega-casa-de-campo\/","og_locale":"es_ES","og_type":"article","og_title":"Festival Procigar 2015 llega a Casa de Campo | Casa de Campo Living","og_description":"Los organizadores del Festival Procigar anunciaron recientemente que el registro para el evento 2015 ya est\u00e1 en marcha y parte de la celebraci\u00f3n se","og_url":"https:\/\/casadecampoliving.com\/es\/festival-procigar-2015-llega-casa-de-campo\/","og_site_name":"Casa de Campo Living","article_publisher":"https:\/\/www.facebook.com\/casadecampoliving","article_published_time":"2014-11-04T04:00:00+00:00","article_modified_time":"2022-10-21T23:00:50+00:00","og_image":[{"width":650,"height":482,"url":"https:\/\/i0.wp.com\/casadecampoliving.com\/wp-content\/uploads\/2022\/10\/procigar_festival-3.jpg?fit=650%2C482&ssl=1","type":"image\/jpeg"}],"author":"Daniela Medina","twitter_card":"summary_large_image","twitter_creator":"@cdcliving","twitter_site":"@cdcliving","twitter_misc":{"Escrito por":"Daniela Medina","Tiempo de lectura":"2 minutos"},"schema":{"@context":"https:\/\/schema.org","@graph":[{"@type":"Article","@id":"https:\/\/casadecampoliving.com\/es\/festival-procigar-2015-llega-casa-de-campo\/#article","isPartOf":{"@id":"https:\/\/casadecampoliving.com\/es\/festival-procigar-2015-llega-casa-de-campo\/"},"author":{"name":"Daniela Medina","@id":"https:\/\/casadecampoliving.com\/es\/#\/schema\/person\/20e49d1b22266dc2b8f020b38201bd4e"},"headline":"Festival Procigar 2015 llega a Casa de Campo","datePublished":"2014-11-04T04:00:00+00:00","dateModified":"2022-10-21T23:00:50+00:00","mainEntityOfPage":{"@id":"https:\/\/casadecampoliving.com\/es\/festival-procigar-2015-llega-casa-de-campo\/"},"wordCount":406,"publisher":{"@id":"https:\/\/casadecampoliving.com\/es\/#organization"},"image":{"@id":"https:\/\/casadecampoliving.com\/es\/festival-procigar-2015-llega-casa-de-campo\/#primaryimage"},"thumbnailUrl":"https:\/\/i0.wp.com\/casadecampoliving.com\/wp-content\/uploads\/2022\/10\/procigar_festival-3.jpg?fit=650%2C482&ssl=1","keywords":["cigarros","Republica Dominicana","santiago","tabaco","teeth of the dog@es"],"articleSection":["Casa de Campo Living @es","Deportes","Destacados","Estilo de Vida","Eventos","Noticias Locales","Proximamente","Rep\u00fablica Dominicana @es","Resort Casa de Campo"],"inLanguage":"es"},{"@type":"WebPage","@id":"https:\/\/casadecampoliving.com\/es\/festival-procigar-2015-llega-casa-de-campo\/","url":"https:\/\/casadecampoliving.com\/es\/festival-procigar-2015-llega-casa-de-campo\/","name":"Festival Procigar 2015 llega a Casa de Campo | Casa de Campo Living","isPartOf":{"@id":"https:\/\/casadecampoliving.com\/es\/#website"},"primaryImageOfPage":{"@id":"https:\/\/casadecampoliving.com\/es\/festival-procigar-2015-llega-casa-de-campo\/#primaryimage"},"image":{"@id":"https:\/\/casadecampoliving.com\/es\/festival-procigar-2015-llega-casa-de-campo\/#primaryimage"},"thumbnailUrl":"https:\/\/i0.wp.com\/casadecampoliving.com\/wp-content\/uploads\/2022\/10\/procigar_festival-3.jpg?fit=650%2C482&ssl=1","datePublished":"2014-11-04T04:00:00+00:00","dateModified":"2022-10-21T23:00:50+00:00","description":"Los organizadores del Festival Procigar anunciaron recientemente que el registro para el evento 2015 ya est\u00e1 en marcha y parte de la celebraci\u00f3n se","breadcrumb":{"@id":"https:\/\/casadecampoliving.com\/es\/festival-procigar-2015-llega-casa-de-campo\/#breadcrumb"},"inLanguage":"es","potentialAction":[{"@type":"ReadAction","target":["https:\/\/casadecampoliving.com\/es\/festival-procigar-2015-llega-casa-de-campo\/"]}]},{"@type":"ImageObject","inLanguage":"es","@id":"https:\/\/casadecampoliving.com\/es\/festival-procigar-2015-llega-casa-de-campo\/#primaryimage","url":"https:\/\/i0.wp.com\/casadecampoliving.com\/wp-content\/uploads\/2022\/10\/procigar_festival-3.jpg?fit=650%2C482&ssl=1","contentUrl":"https:\/\/i0.wp.com\/casadecampoliving.com\/wp-content\/uploads\/2022\/10\/procigar_festival-3.jpg?fit=650%2C482&ssl=1","width":650,"height":482},{"@type":"BreadcrumbList","@id":"https:\/\/casadecampoliving.com\/es\/festival-procigar-2015-llega-casa-de-campo\/#breadcrumb","itemListElement":[{"@type":"ListItem","position":1,"name":"Home","item":"https:\/\/casadecampoliving.com\/es\/"},{"@type":"ListItem","position":2,"name":"Festival Procigar 2015 llega a Casa de Campo"}]},{"@type":"WebSite","@id":"https:\/\/casadecampoliving.com\/es\/#website","url":"https:\/\/casadecampoliving.com\/es\/","name":"Casa de Campo Living","description":"Resort community news and resources.","publisher":{"@id":"https:\/\/casadecampoliving.com\/es\/#organization"},"potentialAction":[{"@type":"SearchAction","target":{"@type":"EntryPoint","urlTemplate":"https:\/\/casadecampoliving.com\/es\/?s={search_term_string}"},"query-input":{"@type":"PropertyValueSpecification","valueRequired":true,"valueName":"search_term_string"}}],"inLanguage":"es"},{"@type":"Organization","@id":"https:\/\/casadecampoliving.com\/es\/#organization","name":"Casa de Campo Living","url":"https:\/\/casadecampoliving.com\/es\/","logo":{"@type":"ImageObject","inLanguage":"es","@id":"https:\/\/casadecampoliving.com\/es\/#\/schema\/logo\/image\/","url":"https:\/\/i0.wp.com\/casadecampoliving.com\/wp-content\/uploads\/2022\/07\/CDCLivingLogo_V1-white-sized.png?fit=800%2C214&ssl=1","contentUrl":"https:\/\/i0.wp.com\/casadecampoliving.com\/wp-content\/uploads\/2022\/07\/CDCLivingLogo_V1-white-sized.png?fit=800%2C214&ssl=1","width":800,"height":214,"caption":"Casa de Campo Living"},"image":{"@id":"https:\/\/casadecampoliving.com\/es\/#\/schema\/logo\/image\/"},"sameAs":["https:\/\/www.facebook.com\/casadecampoliving","https:\/\/x.com\/cdcliving"]},{"@type":"Person","@id":"https:\/\/casadecampoliving.com\/es\/#\/schema\/person\/20e49d1b22266dc2b8f020b38201bd4e","name":"Daniela Medina","image":{"@type":"ImageObject","inLanguage":"es","@id":"https:\/\/secure.gravatar.com\/avatar\/65aa8415724474307d634c8364a0bd8ee551c4f0f01f2ffcc53e5a9856cb7369?s=96&d=mm&r=g","url":"https:\/\/secure.gravatar.com\/avatar\/65aa8415724474307d634c8364a0bd8ee551c4f0f01f2ffcc53e5a9856cb7369?s=96&d=mm&r=g","contentUrl":"https:\/\/secure.gravatar.com\/avatar\/65aa8415724474307d634c8364a0bd8ee551c4f0f01f2ffcc53e5a9856cb7369?s=96&d=mm&r=g","caption":"Daniela Medina"},"url":"https:\/\/casadecampoliving.com\/es\/author\/dmedina\/"}]}},"parsely":{"version":"1.1.0","canonical_url":"https:\/\/casadecampoliving.com\/es\/festival-procigar-2015-llega-casa-de-campo\/","smart_links":{"inbound":0,"outbound":0},"traffic_boost_suggestions_count":0,"meta":{"@context":"https:\/\/schema.org","@type":"NewsArticle","headline":"Festival Procigar 2015 llega a Casa de Campo","url":"http:\/\/casadecampoliving.com\/es\/festival-procigar-2015-llega-casa-de-campo\/","mainEntityOfPage":{"@type":"WebPage","@id":"http:\/\/casadecampoliving.com\/es\/festival-procigar-2015-llega-casa-de-campo\/"},"thumbnailUrl":"https:\/\/i0.wp.com\/casadecampoliving.com\/wp-content\/uploads\/2022\/10\/procigar_festival-3.jpg?resize=150%2C150&ssl=1","image":{"@type":"ImageObject","url":"https:\/\/i0.wp.com\/casadecampoliving.com\/wp-content\/uploads\/2022\/10\/procigar_festival-3.jpg?fit=650%2C482&ssl=1"},"articleSection":"Casa de Campo Living @es","author":[{"@type":"Person","name":"Daniela Medina"}],"creator":["Daniela Medina"],"publisher":{"@type":"Organization","name":"Casa de Campo Living","logo":"https:\/\/casadecampoliving.com\/wp-content\/uploads\/2022\/07\/CDCLivingLogo_V1-white-sized.png"},"keywords":["cigarros","republica dominicana","santiago","tabaco","teeth of the dog@es"],"dateCreated":"2014-11-04T04:00:00Z","datePublished":"2014-11-04T04:00:00Z","dateModified":"2022-10-21T23:00:50Z"},"rendered":"<script type=\"application\/ld+json\" class=\"wp-parsely-metadata\">{\"@context\":\"https:\\\/\\\/schema.org\",\"@type\":\"NewsArticle\",\"headline\":\"Festival Procigar 2015 llega a Casa de Campo\",\"url\":\"http:\\\/\\\/casadecampoliving.com\\\/es\\\/festival-procigar-2015-llega-casa-de-campo\\\/\",\"mainEntityOfPage\":{\"@type\":\"WebPage\",\"@id\":\"http:\\\/\\\/casadecampoliving.com\\\/es\\\/festival-procigar-2015-llega-casa-de-campo\\\/\"},\"thumbnailUrl\":\"https:\\\/\\\/i0.wp.com\\\/casadecampoliving.com\\\/wp-content\\\/uploads\\\/2022\\\/10\\\/procigar_festival-3.jpg?resize=150%2C150&ssl=1\",\"image\":{\"@type\":\"ImageObject\",\"url\":\"https:\\\/\\\/i0.wp.com\\\/casadecampoliving.com\\\/wp-content\\\/uploads\\\/2022\\\/10\\\/procigar_festival-3.jpg?fit=650%2C482&ssl=1\"},\"articleSection\":\"Casa de Campo Living @es\",\"author\":[{\"@type\":\"Person\",\"name\":\"Daniela Medina\"}],\"creator\":[\"Daniela Medina\"],\"publisher\":{\"@type\":\"Organization\",\"name\":\"Casa de Campo Living\",\"logo\":\"https:\\\/\\\/casadecampoliving.com\\\/wp-content\\\/uploads\\\/2022\\\/07\\\/CDCLivingLogo_V1-white-sized.png\"},\"keywords\":[\"cigarros\",\"republica dominicana\",\"santiago\",\"tabaco\",\"teeth of the dog@es\"],\"dateCreated\":\"2014-11-04T04:00:00Z\",\"datePublished\":\"2014-11-04T04:00:00Z\",\"dateModified\":\"2022-10-21T23:00:50Z\"}<\/script>","tracker_url":"https:\/\/cdn.parsely.com\/keys\/casadecampoliving.com\/p.js"},"jetpack_publicize_connections":[],"jetpack_featured_media_url":"https:\/\/i0.wp.com\/casadecampoliving.com\/wp-content\/uploads\/2022\/10\/procigar_festival-3.jpg?fit=650%2C482&ssl=1","jetpack-related-posts":[{"id":433460,"url":"https:\/\/casadecampoliving.com\/es\/no-se-pierdan-el-increible-tributo-a-frank-sinatra-para-celebrar-el-40-aniversario-del-anfiteatro-altos-de-chavon\/","url_meta":{"origin":345876,"position":0},"title":"No se pierdan el incre\u00edble tributo a Frank Sinatra para celebrar el 40 aniversario del\u00a0Anfiteatro Altos de Chav\u00f3n","author":"Casa de Campo Living","date":"20 Oct, 2022","format":false,"excerpt":"Siendo uno de los escenarios m\u00e1s emblem\u00e1ticos del pa\u00eds, Casa de Campo Resort\u00ae & Villas celebra las cuatro d\u00e9cadas de aniversario de Altos de Chav\u00f3n con un tributo al gran Frank Sinatra, protagonizado por artistas invitados y una big band tal cual la que acompa\u00f1\u00f3 al artista hace 40 a\u00f1os\u2026","rel":"","context":"En \u00abUncategorized @es\u00bb","block_context":{"text":"Uncategorized @es","link":"https:\/\/casadecampoliving.com\/es\/category\/uncategorized-es\/"},"img":{"alt_text":"","src":"https:\/\/i0.wp.com\/casadecampoliving.com\/wp-content\/uploads\/2022\/10\/Tributo-Frank-Sinatra-Foto-Principal-Amaury-Sanchez-Danilo-Ginebra-Andres-Pichardo-y-Jose-Gabriel-Perez-.jpg?fit=1200%2C873&ssl=1&resize=350%2C200","width":350,"height":200,"srcset":"https:\/\/i0.wp.com\/casadecampoliving.com\/wp-content\/uploads\/2022\/10\/Tributo-Frank-Sinatra-Foto-Principal-Amaury-Sanchez-Danilo-Ginebra-Andres-Pichardo-y-Jose-Gabriel-Perez-.jpg?fit=1200%2C873&ssl=1&resize=350%2C200 1x, https:\/\/i0.wp.com\/casadecampoliving.com\/wp-content\/uploads\/2022\/10\/Tributo-Frank-Sinatra-Foto-Principal-Amaury-Sanchez-Danilo-Ginebra-Andres-Pichardo-y-Jose-Gabriel-Perez-.jpg?fit=1200%2C873&ssl=1&resize=525%2C300 1.5x, https:\/\/i0.wp.com\/casadecampoliving.com\/wp-content\/uploads\/2022\/10\/Tributo-Frank-Sinatra-Foto-Principal-Amaury-Sanchez-Danilo-Ginebra-Andres-Pichardo-y-Jose-Gabriel-Perez-.jpg?fit=1200%2C873&ssl=1&resize=700%2C400 2x, https:\/\/i0.wp.com\/casadecampoliving.com\/wp-content\/uploads\/2022\/10\/Tributo-Frank-Sinatra-Foto-Principal-Amaury-Sanchez-Danilo-Ginebra-Andres-Pichardo-y-Jose-Gabriel-Perez-.jpg?fit=1200%2C873&ssl=1&resize=1050%2C600 3x"},"classes":[]},{"id":338320,"url":"https:\/\/casadecampoliving.com\/es\/el-v-festival-procigar-llega-a-casa-de-campo-el-19-de-febrero\/","url_meta":{"origin":345876,"position":1},"title":"El V Festival Procigar llega a Casa de Campo el 19 de febrero!","author":"","date":"9 Feb, 2012","format":false,"excerpt":"El Festival Procigar, representa una celebraci\u00f3n, vaciones y un viaje hacia el descubrimiento por los amantes de cigarros, quienes en un tour de la f\u00e1brica de cigarros, visitan los campos de tabaco, disfrutan del golf y se divierten con un poco de cultura dominicana (playas y merengue). Este comenzar\u00e1 en\u2026","rel":"","context":"En \u00abAltos de Chavon @es\u00bb","block_context":{"text":"Altos de Chavon @es","link":"https:\/\/casadecampoliving.com\/category\/altos-de-chavon-es\/"},"img":{"alt_text":"procigar casa de campo","src":"https:\/\/i0.wp.com\/casadecampoliving.com\/wp-content\/uploads\/2022\/10\/procigar_casa_de_campo-1.jpg?fit=650%2C399&ssl=1&resize=350%2C200","width":350,"height":200,"srcset":"https:\/\/i0.wp.com\/casadecampoliving.com\/wp-content\/uploads\/2022\/10\/procigar_casa_de_campo-1.jpg?fit=650%2C399&ssl=1&resize=350%2C200 1x, https:\/\/i0.wp.com\/casadecampoliving.com\/wp-content\/uploads\/2022\/10\/procigar_casa_de_campo-1.jpg?fit=650%2C399&ssl=1&resize=525%2C300 1.5x"},"classes":[]},{"id":349450,"url":"https:\/\/casadecampoliving.com\/es\/conozcamos-de-donde-vienen-nuestros-cigarros-favoritos-en-el-procigar-festival-2016\/","url_meta":{"origin":345876,"position":2},"title":"Conozcamos de d\u00f3nde vienen nuestros cigarros favoritos en el Procigar Festival 2016","author":"Heather Lincoln","date":"17 Mar, 2016","format":false,"excerpt":"Un gran evento para la industria del cigarro acaba de terminar aqu\u00ed en la Rep\u00fablica Dominicana; el Procigar Festival es una maravillosa plataforma para los productores de cigarros locales y entusiastas donde pueden hablar de la historia del cigarro y su producci\u00f3n. El Procigar Festival es una celebraci\u00f3n, vacaciones y\u2026","rel":"","context":"En \u00abM\u00e1s all\u00e1 de Casa\u00bb","block_context":{"text":"M\u00e1s all\u00e1 de Casa","link":"https:\/\/casadecampoliving.com\/es\/category\/mas-alla-de-casa-es\/"},"img":{"alt_text":"La Aurora Factory Tour","src":"https:\/\/i0.wp.com\/casadecampoliving.com\/wp-content\/uploads\/2022\/10\/La-Aurora-Factory-Tour-2-e1458243123598.jpg?fit=1000%2C667&ssl=1&resize=350%2C200","width":350,"height":200,"srcset":"https:\/\/i0.wp.com\/casadecampoliving.com\/wp-content\/uploads\/2022\/10\/La-Aurora-Factory-Tour-2-e1458243123598.jpg?fit=1000%2C667&ssl=1&resize=350%2C200 1x, https:\/\/i0.wp.com\/casadecampoliving.com\/wp-content\/uploads\/2022\/10\/La-Aurora-Factory-Tour-2-e1458243123598.jpg?fit=1000%2C667&ssl=1&resize=525%2C300 1.5x, https:\/\/i0.wp.com\/casadecampoliving.com\/wp-content\/uploads\/2022\/10\/La-Aurora-Factory-Tour-2-e1458243123598.jpg?fit=1000%2C667&ssl=1&resize=700%2C400 2x"},"classes":[]},{"id":338414,"url":"https:\/\/casadecampoliving.com\/es\/esta-semana-en-casa-20-al-26-de-feb\/","url_meta":{"origin":345876,"position":3},"title":"Esta Semana en Casa: 20 al 26 de Feb!","author":"","date":"20 Feb, 2012","format":false,"excerpt":"Esta semana en Casa de Campo es tiempo de unirse a las magn\u00edficas clases de baile de Flamenco de Fatima Renedo, disfrutar de las majestuosas obras de Manuel Hern\u00e1ndez en la galer\u00eda de Altos de Chav\u00f3n con su exhibici\u00f3n \u201cHern\u00e1ndez en Chav\u00f3n\u201d, adem\u00e1s del Happy Hour de La Enoteca y\u2026","rel":"","context":"En \u00abNoticias Locales\u00bb","block_context":{"text":"Noticias Locales","link":"https:\/\/casadecampoliving.com\/es\/category\/noticias-locales\/"},"img":{"alt_text":"","src":"https:\/\/i0.wp.com\/casadecampoliving.com\/wp-content\/uploads\/2022\/10\/teeth_of_the_dog_casa_de_campo1-3.jpg?fit=650%2C350&ssl=1&resize=350%2C200","width":350,"height":200,"srcset":"https:\/\/i0.wp.com\/casadecampoliving.com\/wp-content\/uploads\/2022\/10\/teeth_of_the_dog_casa_de_campo1-3.jpg?fit=650%2C350&ssl=1&resize=350%2C200 1x, https:\/\/i0.wp.com\/casadecampoliving.com\/wp-content\/uploads\/2022\/10\/teeth_of_the_dog_casa_de_campo1-3.jpg?fit=650%2C350&ssl=1&resize=525%2C300 1.5x"},"classes":[]},{"id":348068,"url":"https:\/\/casadecampoliving.com\/es\/eventos-casa-de-campo-food-wine-festival\/","url_meta":{"origin":345876,"position":4},"title":"Programaci\u00f3n de Eventos: Casa de Campo Food &#038; Wine Festival","author":"Perkin Agramonte","date":"17 Ago, 2015","format":false,"excerpt":"Casa de Campo anuncia su Food & Wine Festival del viernes \u00a021 al domingo 23 de Agosto 2015 Tres d\u00edas llenos de experiencias culinarias de clase mundial con la participaci\u00f3n de prestigiosos chef nacionales e internacional. Destacando la participaci\u00f3n del famoso chef, Xabier Guti\u00e9rrez del Restaurante Arzak en San Sebasti\u00e1n,\u2026","rel":"","context":"En \u00abAltos de Chavon @es\u00bb","block_context":{"text":"Altos de Chavon @es","link":"https:\/\/casadecampoliving.com\/category\/altos-de-chavon-es\/"},"img":{"alt_text":"Casa de Campo Food and Wine Festival 2015","src":"https:\/\/i0.wp.com\/casadecampoliving.com\/wp-content\/uploads\/2022\/10\/Casa_de_Campo_Food_and_Wine_Fsetival_2015-1.jpg?fit=800%2C534&ssl=1&resize=350%2C200","width":350,"height":200,"srcset":"https:\/\/i0.wp.com\/casadecampoliving.com\/wp-content\/uploads\/2022\/10\/Casa_de_Campo_Food_and_Wine_Fsetival_2015-1.jpg?fit=800%2C534&ssl=1&resize=350%2C200 1x, https:\/\/i0.wp.com\/casadecampoliving.com\/wp-content\/uploads\/2022\/10\/Casa_de_Campo_Food_and_Wine_Fsetival_2015-1.jpg?fit=800%2C534&ssl=1&resize=525%2C300 1.5x, https:\/\/i0.wp.com\/casadecampoliving.com\/wp-content\/uploads\/2022\/10\/Casa_de_Campo_Food_and_Wine_Fsetival_2015-1.jpg?fit=800%2C534&ssl=1&resize=700%2C400 2x"},"classes":[]},{"id":532191,"url":"https:\/\/casadecampoliving.com\/es\/la-camara-britanica-de-comercio-anuncia-la-xxv-royal-cup-de-golf\/","url_meta":{"origin":345876,"position":5},"title":"La C\u00e1mara Brit\u00e1nica de Comercio anuncia la XXV Royal Cup de Golf","author":"Casa de Campo Living","date":"4 Jul, 2024","format":false,"excerpt":"La C\u00e1mara Brit\u00e1nica de Comercio de la Rep\u00fablica Dominicana (BRITCHAMDR) organizar\u00e1 la 25\u00aa Copa Real el s\u00e1bado 27 de julio en el campo de golf Teeth of the Dog en Casa de Campo. El presidente de BRITCHAMDR, Amauris V\u00e1squez Disla, y el director t\u00e9cnico del torneo, F\u00e9lix Olivo, anunciaron que\u2026","rel":"","context":"En \u00abCasa de Campo Resort &amp; Villas\u00bb","block_context":{"text":"Casa de Campo Resort &amp; Villas","link":"https:\/\/casadecampoliving.com\/es\/category\/casa-de-campo-resort-villas\/"},"img":{"alt_text":"","src":"https:\/\/i0.wp.com\/casadecampoliving.com\/wp-content\/uploads\/2024\/07\/Desde-la-izquierda-Fernando-Gonzalez-Nicolas-Graham-Jessup-Amauris-Vasquez-Disla-y-Jose-Maria-Cabral-scaled-e1720645842413.jpg?fit=1200%2C1006&ssl=1&resize=350%2C200","width":350,"height":200,"srcset":"https:\/\/i0.wp.com\/casadecampoliving.com\/wp-content\/uploads\/2024\/07\/Desde-la-izquierda-Fernando-Gonzalez-Nicolas-Graham-Jessup-Amauris-Vasquez-Disla-y-Jose-Maria-Cabral-scaled-e1720645842413.jpg?fit=1200%2C1006&ssl=1&resize=350%2C200 1x, https:\/\/i0.wp.com\/casadecampoliving.com\/wp-content\/uploads\/2024\/07\/Desde-la-izquierda-Fernando-Gonzalez-Nicolas-Graham-Jessup-Amauris-Vasquez-Disla-y-Jose-Maria-Cabral-scaled-e1720645842413.jpg?fit=1200%2C1006&ssl=1&resize=525%2C300 1.5x, https:\/\/i0.wp.com\/casadecampoliving.com\/wp-content\/uploads\/2024\/07\/Desde-la-izquierda-Fernando-Gonzalez-Nicolas-Graham-Jessup-Amauris-Vasquez-Disla-y-Jose-Maria-Cabral-scaled-e1720645842413.jpg?fit=1200%2C1006&ssl=1&resize=700%2C400 2x, https:\/\/i0.wp.com\/casadecampoliving.com\/wp-content\/uploads\/2024\/07\/Desde-la-izquierda-Fernando-Gonzalez-Nicolas-Graham-Jessup-Amauris-Vasquez-Disla-y-Jose-Maria-Cabral-scaled-e1720645842413.jpg?fit=1200%2C1006&ssl=1&resize=1050%2C600 3x"},"classes":[]}],"jetpack_sharing_enabled":true,"_links":{"self":[{"href":"https:\/\/casadecampoliving.com\/es\/wp-json\/wp\/v2\/posts\/345876","targetHints":{"allow":["GET"]}}],"collection":[{"href":"https:\/\/casadecampoliving.com\/es\/wp-json\/wp\/v2\/posts"}],"about":[{"href":"https:\/\/casadecampoliving.com\/es\/wp-json\/wp\/v2\/types\/post"}],"author":[{"embeddable":true,"href":"https:\/\/casadecampoliving.com\/es\/wp-json\/wp\/v2\/users\/23245"}],"replies":[{"embeddable":true,"href":"https:\/\/casadecampoliving.com\/es\/wp-json\/wp\/v2\/comments?post=345876"}],"version-history":[{"count":1,"href":"https:\/\/casadecampoliving.com\/es\/wp-json\/wp\/v2\/posts\/345876\/revisions"}],"predecessor-version":[{"id":345877,"href":"https:\/\/casadecampoliving.com\/es\/wp-json\/wp\/v2\/posts\/345876\/revisions\/345877"}],"wp:featuredmedia":[{"embeddable":true,"href":"https:\/\/casadecampoliving.com\/es\/wp-json\/wp\/v2\/media\/283524"}],"wp:attachment":[{"href":"https:\/\/casadecampoliving.com\/es\/wp-json\/wp\/v2\/media?parent=345876"}],"wp:term":[{"taxonomy":"category","embeddable":true,"href":"https:\/\/casadecampoliving.com\/es\/wp-json\/wp\/v2\/categories?post=345876"},{"taxonomy":"post_tag","embeddable":true,"href":"https:\/\/casadecampoliving.com\/es\/wp-json\/wp\/v2\/tags?post=345876"},{"taxonomy":"newspack_spnsrs_tax","embeddable":true,"href":"https:\/\/casadecampoliving.com\/es\/wp-json\/wp\/v2\/newspack_spnsrs_tax?post=345876"}],"curies":[{"name":"wp","href":"https:\/\/api.w.org\/{rel}","templated":true}]}}