{"id":345776,"date":"2014-10-27T00:00:00","date_gmt":"2014-10-27T04:00:00","guid":{"rendered":"https:\/\/casadecampoliving.com\/viaje-en-carretera-ver-la-quinta-trienal-del-tile-ceramico\/"},"modified":"2022-10-21T18:56:47","modified_gmt":"2022-10-21T22:56:47","slug":"viaje-en-carretera-ver-la-quinta-trienal-del-tile-ceramico","status":"publish","type":"post","link":"https:\/\/casadecampoliving.com\/es\/viaje-en-carretera-ver-la-quinta-trienal-del-tile-ceramico\/","title":{"rendered":"Viaje en carretera a ver la Quinta Trienal del Tile Cer\u00e1mico"},"content":{"rendered":"<div class=\"wp-block-image\">\n<figure class=\"aligncenter is-resized\"><img loading=\"lazy\" decoding=\"async\" src=\"https:\/\/i0.wp.com\/casadecampoliving.com\/wp-content\/uploads\/2022\/10\/museo-e1413920090268.png?resize=661%2C383&amp;ssl=1\" alt=\"\" class=\"wp-image-100380\" height=\"383\" width=\"661\"\/><\/figure>\n<\/div>\n\n\n<p>Acomp\u00e1\u00f1anos a&nbsp;visitar la Quinta Trienal del Tile Cer\u00e1mico organizada por el reconocido ceramista Thimo Pimentel, Presidente de la Fundaci\u00f3n Igneri, con la participaci\u00f3n de artistas de m\u00e1s de 110 pa\u00edses. Exhibi\u00e9ndose a partir del 14 de noviembre en el Museo de Arte Moderno en Santo Domingo.<\/p>\n\n\n\n<!--more-->\n\n\n\n<p>Y el Museo Arqueol\u00f3gico de Altos de Chav\u00f3n te invita a un viaje por carretera para ir a ver el show. El s\u00e1bado 29 de noviembre el Museo Arqueol\u00f3gico organiza un viaje para ir a ver esta espectacular exposici\u00f3n. El precio de apenas RD$ 1,500 incluye un almuerzo ligero, el autob\u00fas y la entrada a la Quinta Trienal del Tile Cer\u00e1mico. \u00a1Por lo tanto, si usted est\u00e1 interesado reg\u00edstrese ahora!<\/p>\n\n\n\n<p>En diciembre del 2012, poco antes de la gran inauguraci\u00f3n de la Navidad en la plaza de Altos de Chav\u00f3n, el Museo Regional de Arqueolog\u00eda en Altos de Chav\u00f3n celebr\u00f3 <a href=\"https:\/\/casadecampoliving.com\/es\/el-museo-arqueologico-regional-de-altos-de-chavon-presenta-arte-furtivo-por-thimo-pimentel\/\">la \u201cLarga Noche del Museo\u201d<\/a>, organizado por el Ministerio de la Cultura Dominicana, con el conocido artista, Thimo Pimentel, quien present\u00f3 una interesante conferencia titulada <a href=\"https:\/\/casadecampoliving.com\/es\/el-museo-arqueologico-regional-de-altos-de-chavon-presenta-arte-furtivo-por-thimo-pimentel\/\">\u201cArte Furtivo\u201d a una audiencia cautivada de Casa de Campo. <\/a>Y \u00bfadivinen qu\u00e9?! \u00a1Volver\u00e1 con m\u00e1s arte innovador que har\u00e1 volar nuestras mentes!<\/p>\n\n\n\n<blockquote class=\"wp-block-quote is-layout-flow wp-block-quote-is-layout-flow\"><p><strong>Quinta Trienal del Tile Cer\u00e1mico<\/strong><\/p><p><strong>Fecha:<\/strong> S\u00e1bado 29 de Noviembre del 2014<\/p><p><strong>Hora de salida:<\/strong> 8:00 a.m.<\/p><p><strong>Hora de regreso a CDC:<\/strong> 5:00 p.m.<\/p><p><strong>Precio:<\/strong> RD$1,500.00 (incluye almuerzo ligero)<\/p><p><strong>Reservas:<\/strong> 809.523.8554<\/p><\/blockquote>\n","protected":false},"excerpt":{"rendered":"<p>Acomp\u00e1\u00f1anos a&nbsp;visitar la Quinta Trienal del Tile Cer\u00e1mico organizada por el reconocido ceramista Thimo Pimentel, Presidente de la Fundaci\u00f3n Igneri, con la participaci\u00f3n de artistas de m\u00e1s de 110 pa\u00edses. Exhibi\u00e9ndose a partir del 14 de noviembre en el Museo de Arte Moderno en Santo Domingo.<\/p>\n","protected":false},"author":23245,"featured_media":280937,"comment_status":"closed","ping_status":"closed","sticky":false,"template":"","format":"standard","meta":{"newspack_ads_suppress_ads":false,"newspack_popups_has_disabled_popups":false,"newspack_sponsor_sponsorship_scope":"","newspack_sponsor_native_byline_display":"inherit","newspack_sponsor_native_category_display":"inherit","newspack_sponsor_underwriter_style":"inherit","newspack_sponsor_underwriter_placement":"inherit","_newspack_byline_active":false,"_newspack_byline":"","newspack_hide_updated_date":false,"newspack_show_updated_date":false,"newspack_content_restriction_is_exempt":false,"newspack_featured_image_position":"","newspack_post_subtitle":"","newspack_article_summary_title":"Overview:","newspack_article_summary":"","_jetpack_memberships_contains_paid_content":false,"footnotes":"","jetpack_publicize_message":"","jetpack_publicize_feature_enabled":true,"jetpack_social_post_already_shared":false,"jetpack_social_options":{"image_generator_settings":{"template":"highway","default_image_id":0,"font":"","enabled":false},"version":2},"_wpas_customize_per_network":false},"categories":[26819,26823,26936,26951,2513,2524,14631,2522,2506,14625,14627,2521],"tags":[10798],"newspack_spnsrs_tax":[],"class_list":["post-345776","post","type-post","status-publish","format-standard","has-post-thumbnail","hentry","category-altos-de-chavon-es","category-arte-y-cultura","category-casa-de-campo-living-es","category-ccl-presenta","category-celebridades-es","category-destacados","category-estilo-de-vida","category-eventos-es","category-mas-alla-de-casa-es","category-noticias-locales","category-proximamente","category-republica-dominicana-2","tag-ceramica","entry"],"yoast_head":"<!-- This site is optimized with the Yoast SEO plugin v27.5 - https:\/\/yoast.com\/product\/yoast-seo-wordpress\/ -->\n<title>Viaje en carretera a ver la Quinta Trienal del Tile Cer\u00e1mico | Casa de Campo Living<\/title>\n<meta name=\"description\" content=\"Acomp\u00e1\u00f1anos a&nbsp;visitar la Quinta Trienal del Tile Cer\u00e1mico organizada por el reconocido ceramista Thimo Pimentel, Presidente de la Fundaci\u00f3n Igneri,\" \/>\n<meta name=\"robots\" content=\"index, follow, max-snippet:-1, max-image-preview:large, max-video-preview:-1\" \/>\n<link rel=\"canonical\" href=\"https:\/\/casadecampoliving.com\/es\/viaje-en-carretera-ver-la-quinta-trienal-del-tile-ceramico\/\" \/>\n<meta property=\"og:locale\" content=\"es_ES\" \/>\n<meta property=\"og:type\" content=\"article\" \/>\n<meta property=\"og:title\" content=\"Viaje en carretera a ver la Quinta Trienal del Tile Cer\u00e1mico | Casa de Campo Living\" \/>\n<meta property=\"og:description\" content=\"Acomp\u00e1\u00f1anos a&nbsp;visitar la Quinta Trienal del Tile Cer\u00e1mico organizada por el reconocido ceramista Thimo Pimentel, Presidente de la Fundaci\u00f3n Igneri,\" \/>\n<meta property=\"og:url\" content=\"https:\/\/casadecampoliving.com\/es\/viaje-en-carretera-ver-la-quinta-trienal-del-tile-ceramico\/\" \/>\n<meta property=\"og:site_name\" content=\"Casa de Campo Living\" \/>\n<meta property=\"article:publisher\" content=\"https:\/\/www.facebook.com\/casadecampoliving\" \/>\n<meta property=\"article:published_time\" content=\"2014-10-27T04:00:00+00:00\" \/>\n<meta property=\"article:modified_time\" content=\"2022-10-21T22:56:47+00:00\" \/>\n<meta property=\"og:image\" content=\"https:\/\/i0.wp.com\/casadecampoliving.com\/wp-content\/uploads\/2022\/10\/museo-e1413920090268-1.png?fit=661%2C383&ssl=1\" \/>\n\t<meta property=\"og:image:width\" content=\"661\" \/>\n\t<meta property=\"og:image:height\" content=\"383\" \/>\n\t<meta property=\"og:image:type\" content=\"image\/png\" \/>\n<meta name=\"author\" content=\"Daniela Medina\" \/>\n<meta name=\"twitter:card\" content=\"summary_large_image\" \/>\n<meta name=\"twitter:creator\" content=\"@cdcliving\" \/>\n<meta name=\"twitter:site\" content=\"@cdcliving\" \/>\n<meta name=\"twitter:label1\" content=\"Escrito por\" \/>\n\t<meta name=\"twitter:data1\" content=\"Daniela Medina\" \/>\n\t<meta name=\"twitter:label2\" content=\"Tiempo de lectura\" \/>\n\t<meta name=\"twitter:data2\" content=\"1 minuto\" \/>\n<script type=\"application\/ld+json\" class=\"yoast-schema-graph\">{\"@context\":\"https:\\\/\\\/schema.org\",\"@graph\":[{\"@type\":\"Article\",\"@id\":\"https:\\\/\\\/casadecampoliving.com\\\/es\\\/viaje-en-carretera-ver-la-quinta-trienal-del-tile-ceramico\\\/#article\",\"isPartOf\":{\"@id\":\"https:\\\/\\\/casadecampoliving.com\\\/es\\\/viaje-en-carretera-ver-la-quinta-trienal-del-tile-ceramico\\\/\"},\"author\":{\"name\":\"Daniela Medina\",\"@id\":\"https:\\\/\\\/casadecampoliving.com\\\/es\\\/#\\\/schema\\\/person\\\/20e49d1b22266dc2b8f020b38201bd4e\"},\"headline\":\"Viaje en carretera a ver la Quinta Trienal del Tile Cer\u00e1mico\",\"datePublished\":\"2014-10-27T04:00:00+00:00\",\"dateModified\":\"2022-10-21T22:56:47+00:00\",\"mainEntityOfPage\":{\"@id\":\"https:\\\/\\\/casadecampoliving.com\\\/es\\\/viaje-en-carretera-ver-la-quinta-trienal-del-tile-ceramico\\\/\"},\"wordCount\":253,\"publisher\":{\"@id\":\"https:\\\/\\\/casadecampoliving.com\\\/es\\\/#organization\"},\"image\":{\"@id\":\"https:\\\/\\\/casadecampoliving.com\\\/es\\\/viaje-en-carretera-ver-la-quinta-trienal-del-tile-ceramico\\\/#primaryimage\"},\"thumbnailUrl\":\"https:\\\/\\\/i0.wp.com\\\/casadecampoliving.com\\\/wp-content\\\/uploads\\\/2022\\\/10\\\/museo-e1413920090268-1.png?fit=661%2C383&ssl=1\",\"keywords\":[\"cer\u00e1mica\"],\"articleSection\":[\"Altos de Chavon @es\",\"Arte y cultura\",\"Casa de Campo Living @es\",\"CCL presenta\",\"Celebridades\",\"Destacados\",\"Estilo de Vida\",\"Eventos\",\"M\u00e1s all\u00e1 de Casa\",\"Noticias Locales\",\"Proximamente\",\"Rep\u00fablica Dominicana @es\"],\"inLanguage\":\"es\"},{\"@type\":\"WebPage\",\"@id\":\"https:\\\/\\\/casadecampoliving.com\\\/es\\\/viaje-en-carretera-ver-la-quinta-trienal-del-tile-ceramico\\\/\",\"url\":\"https:\\\/\\\/casadecampoliving.com\\\/es\\\/viaje-en-carretera-ver-la-quinta-trienal-del-tile-ceramico\\\/\",\"name\":\"Viaje en carretera a ver la Quinta Trienal del Tile Cer\u00e1mico | Casa de Campo Living\",\"isPartOf\":{\"@id\":\"https:\\\/\\\/casadecampoliving.com\\\/es\\\/#website\"},\"primaryImageOfPage\":{\"@id\":\"https:\\\/\\\/casadecampoliving.com\\\/es\\\/viaje-en-carretera-ver-la-quinta-trienal-del-tile-ceramico\\\/#primaryimage\"},\"image\":{\"@id\":\"https:\\\/\\\/casadecampoliving.com\\\/es\\\/viaje-en-carretera-ver-la-quinta-trienal-del-tile-ceramico\\\/#primaryimage\"},\"thumbnailUrl\":\"https:\\\/\\\/i0.wp.com\\\/casadecampoliving.com\\\/wp-content\\\/uploads\\\/2022\\\/10\\\/museo-e1413920090268-1.png?fit=661%2C383&ssl=1\",\"datePublished\":\"2014-10-27T04:00:00+00:00\",\"dateModified\":\"2022-10-21T22:56:47+00:00\",\"description\":\"Acomp\u00e1\u00f1anos a&nbsp;visitar la Quinta Trienal del Tile Cer\u00e1mico organizada por el reconocido ceramista Thimo Pimentel, Presidente de la Fundaci\u00f3n Igneri,\",\"breadcrumb\":{\"@id\":\"https:\\\/\\\/casadecampoliving.com\\\/es\\\/viaje-en-carretera-ver-la-quinta-trienal-del-tile-ceramico\\\/#breadcrumb\"},\"inLanguage\":\"es\",\"potentialAction\":[{\"@type\":\"ReadAction\",\"target\":[\"https:\\\/\\\/casadecampoliving.com\\\/es\\\/viaje-en-carretera-ver-la-quinta-trienal-del-tile-ceramico\\\/\"]}]},{\"@type\":\"ImageObject\",\"inLanguage\":\"es\",\"@id\":\"https:\\\/\\\/casadecampoliving.com\\\/es\\\/viaje-en-carretera-ver-la-quinta-trienal-del-tile-ceramico\\\/#primaryimage\",\"url\":\"https:\\\/\\\/i0.wp.com\\\/casadecampoliving.com\\\/wp-content\\\/uploads\\\/2022\\\/10\\\/museo-e1413920090268-1.png?fit=661%2C383&ssl=1\",\"contentUrl\":\"https:\\\/\\\/i0.wp.com\\\/casadecampoliving.com\\\/wp-content\\\/uploads\\\/2022\\\/10\\\/museo-e1413920090268-1.png?fit=661%2C383&ssl=1\",\"width\":661,\"height\":383},{\"@type\":\"BreadcrumbList\",\"@id\":\"https:\\\/\\\/casadecampoliving.com\\\/es\\\/viaje-en-carretera-ver-la-quinta-trienal-del-tile-ceramico\\\/#breadcrumb\",\"itemListElement\":[{\"@type\":\"ListItem\",\"position\":1,\"name\":\"Home\",\"item\":\"https:\\\/\\\/casadecampoliving.com\\\/es\\\/\"},{\"@type\":\"ListItem\",\"position\":2,\"name\":\"Viaje en carretera a ver la Quinta Trienal del Tile Cer\u00e1mico\"}]},{\"@type\":\"WebSite\",\"@id\":\"https:\\\/\\\/casadecampoliving.com\\\/es\\\/#website\",\"url\":\"https:\\\/\\\/casadecampoliving.com\\\/es\\\/\",\"name\":\"Casa de Campo Living\",\"description\":\"Resort community news and resources.\",\"publisher\":{\"@id\":\"https:\\\/\\\/casadecampoliving.com\\\/es\\\/#organization\"},\"potentialAction\":[{\"@type\":\"SearchAction\",\"target\":{\"@type\":\"EntryPoint\",\"urlTemplate\":\"https:\\\/\\\/casadecampoliving.com\\\/es\\\/?s={search_term_string}\"},\"query-input\":{\"@type\":\"PropertyValueSpecification\",\"valueRequired\":true,\"valueName\":\"search_term_string\"}}],\"inLanguage\":\"es\"},{\"@type\":\"Organization\",\"@id\":\"https:\\\/\\\/casadecampoliving.com\\\/es\\\/#organization\",\"name\":\"Casa de Campo Living\",\"url\":\"https:\\\/\\\/casadecampoliving.com\\\/es\\\/\",\"logo\":{\"@type\":\"ImageObject\",\"inLanguage\":\"es\",\"@id\":\"https:\\\/\\\/casadecampoliving.com\\\/es\\\/#\\\/schema\\\/logo\\\/image\\\/\",\"url\":\"https:\\\/\\\/i0.wp.com\\\/casadecampoliving.com\\\/wp-content\\\/uploads\\\/2022\\\/07\\\/CDCLivingLogo_V1-white-sized.png?fit=800%2C214&ssl=1\",\"contentUrl\":\"https:\\\/\\\/i0.wp.com\\\/casadecampoliving.com\\\/wp-content\\\/uploads\\\/2022\\\/07\\\/CDCLivingLogo_V1-white-sized.png?fit=800%2C214&ssl=1\",\"width\":800,\"height\":214,\"caption\":\"Casa de Campo Living\"},\"image\":{\"@id\":\"https:\\\/\\\/casadecampoliving.com\\\/es\\\/#\\\/schema\\\/logo\\\/image\\\/\"},\"sameAs\":[\"https:\\\/\\\/www.facebook.com\\\/casadecampoliving\",\"https:\\\/\\\/x.com\\\/cdcliving\"]},{\"@type\":\"Person\",\"@id\":\"https:\\\/\\\/casadecampoliving.com\\\/es\\\/#\\\/schema\\\/person\\\/20e49d1b22266dc2b8f020b38201bd4e\",\"name\":\"Daniela Medina\",\"image\":{\"@type\":\"ImageObject\",\"inLanguage\":\"es\",\"@id\":\"https:\\\/\\\/secure.gravatar.com\\\/avatar\\\/65aa8415724474307d634c8364a0bd8ee551c4f0f01f2ffcc53e5a9856cb7369?s=96&d=mm&r=g\",\"url\":\"https:\\\/\\\/secure.gravatar.com\\\/avatar\\\/65aa8415724474307d634c8364a0bd8ee551c4f0f01f2ffcc53e5a9856cb7369?s=96&d=mm&r=g\",\"contentUrl\":\"https:\\\/\\\/secure.gravatar.com\\\/avatar\\\/65aa8415724474307d634c8364a0bd8ee551c4f0f01f2ffcc53e5a9856cb7369?s=96&d=mm&r=g\",\"caption\":\"Daniela Medina\"},\"url\":\"https:\\\/\\\/casadecampoliving.com\\\/es\\\/author\\\/dmedina\\\/\"}]}<\/script>\n<!-- \/ Yoast SEO plugin. -->","yoast_head_json":{"title":"Viaje en carretera a ver la Quinta Trienal del Tile Cer\u00e1mico | Casa de Campo Living","description":"Acomp\u00e1\u00f1anos a&nbsp;visitar la Quinta Trienal del Tile Cer\u00e1mico organizada por el reconocido ceramista Thimo Pimentel, Presidente de la Fundaci\u00f3n Igneri,","robots":{"index":"index","follow":"follow","max-snippet":"max-snippet:-1","max-image-preview":"max-image-preview:large","max-video-preview":"max-video-preview:-1"},"canonical":"https:\/\/casadecampoliving.com\/es\/viaje-en-carretera-ver-la-quinta-trienal-del-tile-ceramico\/","og_locale":"es_ES","og_type":"article","og_title":"Viaje en carretera a ver la Quinta Trienal del Tile Cer\u00e1mico | Casa de Campo Living","og_description":"Acomp\u00e1\u00f1anos a&nbsp;visitar la Quinta Trienal del Tile Cer\u00e1mico organizada por el reconocido ceramista Thimo Pimentel, Presidente de la Fundaci\u00f3n Igneri,","og_url":"https:\/\/casadecampoliving.com\/es\/viaje-en-carretera-ver-la-quinta-trienal-del-tile-ceramico\/","og_site_name":"Casa de Campo Living","article_publisher":"https:\/\/www.facebook.com\/casadecampoliving","article_published_time":"2014-10-27T04:00:00+00:00","article_modified_time":"2022-10-21T22:56:47+00:00","og_image":[{"width":661,"height":383,"url":"https:\/\/i0.wp.com\/casadecampoliving.com\/wp-content\/uploads\/2022\/10\/museo-e1413920090268-1.png?fit=661%2C383&ssl=1","type":"image\/png"}],"author":"Daniela Medina","twitter_card":"summary_large_image","twitter_creator":"@cdcliving","twitter_site":"@cdcliving","twitter_misc":{"Escrito por":"Daniela Medina","Tiempo de lectura":"1 minuto"},"schema":{"@context":"https:\/\/schema.org","@graph":[{"@type":"Article","@id":"https:\/\/casadecampoliving.com\/es\/viaje-en-carretera-ver-la-quinta-trienal-del-tile-ceramico\/#article","isPartOf":{"@id":"https:\/\/casadecampoliving.com\/es\/viaje-en-carretera-ver-la-quinta-trienal-del-tile-ceramico\/"},"author":{"name":"Daniela Medina","@id":"https:\/\/casadecampoliving.com\/es\/#\/schema\/person\/20e49d1b22266dc2b8f020b38201bd4e"},"headline":"Viaje en carretera a ver la Quinta Trienal del Tile Cer\u00e1mico","datePublished":"2014-10-27T04:00:00+00:00","dateModified":"2022-10-21T22:56:47+00:00","mainEntityOfPage":{"@id":"https:\/\/casadecampoliving.com\/es\/viaje-en-carretera-ver-la-quinta-trienal-del-tile-ceramico\/"},"wordCount":253,"publisher":{"@id":"https:\/\/casadecampoliving.com\/es\/#organization"},"image":{"@id":"https:\/\/casadecampoliving.com\/es\/viaje-en-carretera-ver-la-quinta-trienal-del-tile-ceramico\/#primaryimage"},"thumbnailUrl":"https:\/\/i0.wp.com\/casadecampoliving.com\/wp-content\/uploads\/2022\/10\/museo-e1413920090268-1.png?fit=661%2C383&ssl=1","keywords":["cer\u00e1mica"],"articleSection":["Altos de Chavon @es","Arte y cultura","Casa de Campo Living @es","CCL presenta","Celebridades","Destacados","Estilo de Vida","Eventos","M\u00e1s all\u00e1 de Casa","Noticias Locales","Proximamente","Rep\u00fablica Dominicana @es"],"inLanguage":"es"},{"@type":"WebPage","@id":"https:\/\/casadecampoliving.com\/es\/viaje-en-carretera-ver-la-quinta-trienal-del-tile-ceramico\/","url":"https:\/\/casadecampoliving.com\/es\/viaje-en-carretera-ver-la-quinta-trienal-del-tile-ceramico\/","name":"Viaje en carretera a ver la Quinta Trienal del Tile Cer\u00e1mico | Casa de Campo Living","isPartOf":{"@id":"https:\/\/casadecampoliving.com\/es\/#website"},"primaryImageOfPage":{"@id":"https:\/\/casadecampoliving.com\/es\/viaje-en-carretera-ver-la-quinta-trienal-del-tile-ceramico\/#primaryimage"},"image":{"@id":"https:\/\/casadecampoliving.com\/es\/viaje-en-carretera-ver-la-quinta-trienal-del-tile-ceramico\/#primaryimage"},"thumbnailUrl":"https:\/\/i0.wp.com\/casadecampoliving.com\/wp-content\/uploads\/2022\/10\/museo-e1413920090268-1.png?fit=661%2C383&ssl=1","datePublished":"2014-10-27T04:00:00+00:00","dateModified":"2022-10-21T22:56:47+00:00","description":"Acomp\u00e1\u00f1anos a&nbsp;visitar la Quinta Trienal del Tile Cer\u00e1mico organizada por el reconocido ceramista Thimo Pimentel, Presidente de la Fundaci\u00f3n Igneri,","breadcrumb":{"@id":"https:\/\/casadecampoliving.com\/es\/viaje-en-carretera-ver-la-quinta-trienal-del-tile-ceramico\/#breadcrumb"},"inLanguage":"es","potentialAction":[{"@type":"ReadAction","target":["https:\/\/casadecampoliving.com\/es\/viaje-en-carretera-ver-la-quinta-trienal-del-tile-ceramico\/"]}]},{"@type":"ImageObject","inLanguage":"es","@id":"https:\/\/casadecampoliving.com\/es\/viaje-en-carretera-ver-la-quinta-trienal-del-tile-ceramico\/#primaryimage","url":"https:\/\/i0.wp.com\/casadecampoliving.com\/wp-content\/uploads\/2022\/10\/museo-e1413920090268-1.png?fit=661%2C383&ssl=1","contentUrl":"https:\/\/i0.wp.com\/casadecampoliving.com\/wp-content\/uploads\/2022\/10\/museo-e1413920090268-1.png?fit=661%2C383&ssl=1","width":661,"height":383},{"@type":"BreadcrumbList","@id":"https:\/\/casadecampoliving.com\/es\/viaje-en-carretera-ver-la-quinta-trienal-del-tile-ceramico\/#breadcrumb","itemListElement":[{"@type":"ListItem","position":1,"name":"Home","item":"https:\/\/casadecampoliving.com\/es\/"},{"@type":"ListItem","position":2,"name":"Viaje en carretera a ver la Quinta Trienal del Tile Cer\u00e1mico"}]},{"@type":"WebSite","@id":"https:\/\/casadecampoliving.com\/es\/#website","url":"https:\/\/casadecampoliving.com\/es\/","name":"Casa de Campo Living","description":"Resort community news and resources.","publisher":{"@id":"https:\/\/casadecampoliving.com\/es\/#organization"},"potentialAction":[{"@type":"SearchAction","target":{"@type":"EntryPoint","urlTemplate":"https:\/\/casadecampoliving.com\/es\/?s={search_term_string}"},"query-input":{"@type":"PropertyValueSpecification","valueRequired":true,"valueName":"search_term_string"}}],"inLanguage":"es"},{"@type":"Organization","@id":"https:\/\/casadecampoliving.com\/es\/#organization","name":"Casa de Campo Living","url":"https:\/\/casadecampoliving.com\/es\/","logo":{"@type":"ImageObject","inLanguage":"es","@id":"https:\/\/casadecampoliving.com\/es\/#\/schema\/logo\/image\/","url":"https:\/\/i0.wp.com\/casadecampoliving.com\/wp-content\/uploads\/2022\/07\/CDCLivingLogo_V1-white-sized.png?fit=800%2C214&ssl=1","contentUrl":"https:\/\/i0.wp.com\/casadecampoliving.com\/wp-content\/uploads\/2022\/07\/CDCLivingLogo_V1-white-sized.png?fit=800%2C214&ssl=1","width":800,"height":214,"caption":"Casa de Campo Living"},"image":{"@id":"https:\/\/casadecampoliving.com\/es\/#\/schema\/logo\/image\/"},"sameAs":["https:\/\/www.facebook.com\/casadecampoliving","https:\/\/x.com\/cdcliving"]},{"@type":"Person","@id":"https:\/\/casadecampoliving.com\/es\/#\/schema\/person\/20e49d1b22266dc2b8f020b38201bd4e","name":"Daniela Medina","image":{"@type":"ImageObject","inLanguage":"es","@id":"https:\/\/secure.gravatar.com\/avatar\/65aa8415724474307d634c8364a0bd8ee551c4f0f01f2ffcc53e5a9856cb7369?s=96&d=mm&r=g","url":"https:\/\/secure.gravatar.com\/avatar\/65aa8415724474307d634c8364a0bd8ee551c4f0f01f2ffcc53e5a9856cb7369?s=96&d=mm&r=g","contentUrl":"https:\/\/secure.gravatar.com\/avatar\/65aa8415724474307d634c8364a0bd8ee551c4f0f01f2ffcc53e5a9856cb7369?s=96&d=mm&r=g","caption":"Daniela Medina"},"url":"https:\/\/casadecampoliving.com\/es\/author\/dmedina\/"}]}},"parsely":{"version":"1.1.0","canonical_url":"https:\/\/casadecampoliving.com\/es\/viaje-en-carretera-ver-la-quinta-trienal-del-tile-ceramico\/","smart_links":{"inbound":0,"outbound":0},"traffic_boost_suggestions_count":0,"meta":{"@context":"https:\/\/schema.org","@type":"NewsArticle","headline":"Viaje en carretera a ver la Quinta Trienal del Tile Cer\u00e1mico","url":"http:\/\/casadecampoliving.com\/es\/viaje-en-carretera-ver-la-quinta-trienal-del-tile-ceramico\/","mainEntityOfPage":{"@type":"WebPage","@id":"http:\/\/casadecampoliving.com\/es\/viaje-en-carretera-ver-la-quinta-trienal-del-tile-ceramico\/"},"thumbnailUrl":"https:\/\/i0.wp.com\/casadecampoliving.com\/wp-content\/uploads\/2022\/10\/museo-e1413920090268-1.png?resize=150%2C150&ssl=1","image":{"@type":"ImageObject","url":"https:\/\/i0.wp.com\/casadecampoliving.com\/wp-content\/uploads\/2022\/10\/museo-e1413920090268-1.png?fit=661%2C383&ssl=1"},"articleSection":"Altos de Chavon @es","author":[{"@type":"Person","name":"Daniela Medina"}],"creator":["Daniela Medina"],"publisher":{"@type":"Organization","name":"Casa de Campo Living","logo":"https:\/\/casadecampoliving.com\/wp-content\/uploads\/2022\/07\/CDCLivingLogo_V1-white-sized.png"},"keywords":["cer\u00e1mica"],"dateCreated":"2014-10-27T04:00:00Z","datePublished":"2014-10-27T04:00:00Z","dateModified":"2022-10-21T22:56:47Z"},"rendered":"<script type=\"application\/ld+json\" class=\"wp-parsely-metadata\">{\"@context\":\"https:\\\/\\\/schema.org\",\"@type\":\"NewsArticle\",\"headline\":\"Viaje en carretera a ver la Quinta Trienal del Tile Cer\\u00e1mico\",\"url\":\"http:\\\/\\\/casadecampoliving.com\\\/es\\\/viaje-en-carretera-ver-la-quinta-trienal-del-tile-ceramico\\\/\",\"mainEntityOfPage\":{\"@type\":\"WebPage\",\"@id\":\"http:\\\/\\\/casadecampoliving.com\\\/es\\\/viaje-en-carretera-ver-la-quinta-trienal-del-tile-ceramico\\\/\"},\"thumbnailUrl\":\"https:\\\/\\\/i0.wp.com\\\/casadecampoliving.com\\\/wp-content\\\/uploads\\\/2022\\\/10\\\/museo-e1413920090268-1.png?resize=150%2C150&ssl=1\",\"image\":{\"@type\":\"ImageObject\",\"url\":\"https:\\\/\\\/i0.wp.com\\\/casadecampoliving.com\\\/wp-content\\\/uploads\\\/2022\\\/10\\\/museo-e1413920090268-1.png?fit=661%2C383&ssl=1\"},\"articleSection\":\"Altos de Chavon @es\",\"author\":[{\"@type\":\"Person\",\"name\":\"Daniela Medina\"}],\"creator\":[\"Daniela Medina\"],\"publisher\":{\"@type\":\"Organization\",\"name\":\"Casa de Campo Living\",\"logo\":\"https:\\\/\\\/casadecampoliving.com\\\/wp-content\\\/uploads\\\/2022\\\/07\\\/CDCLivingLogo_V1-white-sized.png\"},\"keywords\":[\"cer\\u00e1mica\"],\"dateCreated\":\"2014-10-27T04:00:00Z\",\"datePublished\":\"2014-10-27T04:00:00Z\",\"dateModified\":\"2022-10-21T22:56:47Z\"}<\/script>","tracker_url":"https:\/\/cdn.parsely.com\/keys\/casadecampoliving.com\/p.js"},"jetpack_publicize_connections":[],"jetpack_featured_media_url":"https:\/\/i0.wp.com\/casadecampoliving.com\/wp-content\/uploads\/2022\/10\/museo-e1413920090268-1.png?fit=661%2C383&ssl=1","jetpack-related-posts":[{"id":433460,"url":"https:\/\/casadecampoliving.com\/es\/no-se-pierdan-el-increible-tributo-a-frank-sinatra-para-celebrar-el-40-aniversario-del-anfiteatro-altos-de-chavon\/","url_meta":{"origin":345776,"position":0},"title":"No se pierdan el incre\u00edble tributo a Frank Sinatra para celebrar el 40 aniversario del\u00a0Anfiteatro Altos de Chav\u00f3n","author":"Casa de Campo Living","date":"20 Oct, 2022","format":false,"excerpt":"Siendo uno de los escenarios m\u00e1s emblem\u00e1ticos del pa\u00eds, Casa de Campo Resort\u00ae & Villas celebra las cuatro d\u00e9cadas de aniversario de Altos de Chav\u00f3n con un tributo al gran Frank Sinatra, protagonizado por artistas invitados y una big band tal cual la que acompa\u00f1\u00f3 al artista hace 40 a\u00f1os\u2026","rel":"","context":"En \u00abUncategorized @es\u00bb","block_context":{"text":"Uncategorized @es","link":"https:\/\/casadecampoliving.com\/es\/category\/uncategorized-es\/"},"img":{"alt_text":"","src":"https:\/\/i0.wp.com\/casadecampoliving.com\/wp-content\/uploads\/2022\/10\/Tributo-Frank-Sinatra-Foto-Principal-Amaury-Sanchez-Danilo-Ginebra-Andres-Pichardo-y-Jose-Gabriel-Perez-.jpg?fit=1200%2C873&ssl=1&resize=350%2C200","width":350,"height":200,"srcset":"https:\/\/i0.wp.com\/casadecampoliving.com\/wp-content\/uploads\/2022\/10\/Tributo-Frank-Sinatra-Foto-Principal-Amaury-Sanchez-Danilo-Ginebra-Andres-Pichardo-y-Jose-Gabriel-Perez-.jpg?fit=1200%2C873&ssl=1&resize=350%2C200 1x, https:\/\/i0.wp.com\/casadecampoliving.com\/wp-content\/uploads\/2022\/10\/Tributo-Frank-Sinatra-Foto-Principal-Amaury-Sanchez-Danilo-Ginebra-Andres-Pichardo-y-Jose-Gabriel-Perez-.jpg?fit=1200%2C873&ssl=1&resize=525%2C300 1.5x, https:\/\/i0.wp.com\/casadecampoliving.com\/wp-content\/uploads\/2022\/10\/Tributo-Frank-Sinatra-Foto-Principal-Amaury-Sanchez-Danilo-Ginebra-Andres-Pichardo-y-Jose-Gabriel-Perez-.jpg?fit=1200%2C873&ssl=1&resize=700%2C400 2x, https:\/\/i0.wp.com\/casadecampoliving.com\/wp-content\/uploads\/2022\/10\/Tributo-Frank-Sinatra-Foto-Principal-Amaury-Sanchez-Danilo-Ginebra-Andres-Pichardo-y-Jose-Gabriel-Perez-.jpg?fit=1200%2C873&ssl=1&resize=1050%2C600 3x"},"classes":[]},{"id":345255,"url":"https:\/\/casadecampoliving.com\/es\/un-viaje-en-el-tiempo-con-la-nueva-exposicion-en-el-museo-de-chavon\/","url_meta":{"origin":345776,"position":1},"title":"\u00a1Un viaje en el tiempo con la nueva exposici\u00f3n en el Museo de Chav\u00f3n!","author":"Perkin Agramonte","date":"6 Sep, 2014","format":false,"excerpt":"En su af\u00e1n de educarnos\u00a0sobre todo lo relacionado al pueblo ind\u00edgena de la Rep\u00fablica Dominicana, el Museo Arqueol\u00f3gico\u00a0Regional Altos de Chav\u00f3n, les invita a viajar en el tiempo y disfrutar de una nueva exposici\u00f3n:\u00a0Unidad y Diversidad en el Caribe Amerindio. La exposici\u00f3n\u00a0\u2018Unidad y Diversidad en el Caribe Amerindio\u2019\u00a0muestra artefactos precolombinos\u2026","rel":"","context":"En \u00abAltos de Chavon @es\u00bb","block_context":{"text":"Altos de Chavon @es","link":"https:\/\/casadecampoliving.com\/category\/altos-de-chavon-es\/"},"img":{"alt_text":"","src":"https:\/\/i0.wp.com\/casadecampoliving.com\/wp-content\/uploads\/2022\/10\/Regiona-Museum-Altos-de-Chavon-1.jpg?fit=555%2C303&ssl=1&resize=350%2C200","width":350,"height":200,"srcset":"https:\/\/i0.wp.com\/casadecampoliving.com\/wp-content\/uploads\/2022\/10\/Regiona-Museum-Altos-de-Chavon-1.jpg?fit=555%2C303&ssl=1&resize=350%2C200 1x, https:\/\/i0.wp.com\/casadecampoliving.com\/wp-content\/uploads\/2022\/10\/Regiona-Museum-Altos-de-Chavon-1.jpg?fit=555%2C303&ssl=1&resize=525%2C300 1.5x"},"classes":[]},{"id":339873,"url":"https:\/\/casadecampoliving.com\/es\/esta-semana-en-casa-de-campo-9-al-14-de-octubre\/","url_meta":{"origin":345776,"position":2},"title":"Esta Semana en Casa de Campo: 9 al 14 de octubre!","author":"","date":"8 Oct, 2012","format":false,"excerpt":"Esta semana en Casa de Campo prep\u00e1rese para los futuros eventos y actividades de Halloween! Pero mientras estos llegan, disfrute del particular sol, arena y mar del para\u00edso y las m\u00faltiples actividades deportivas! Feliz semana! Estos eventos, actividades y especiales aplican para la semana de:Lunes 9 de Oct \u2013 Domingo\u2026","rel":"","context":"En \u00abNoticias Locales\u00bb","block_context":{"text":"Noticias Locales","link":"https:\/\/casadecampoliving.com\/es\/category\/noticias-locales\/"},"img":{"alt_text":"","src":"https:\/\/i0.wp.com\/casadecampoliving.com\/wp-content\/uploads\/2022\/10\/thisweekincasa2-1.jpg?fit=650%2C350&ssl=1&resize=350%2C200","width":350,"height":200,"srcset":"https:\/\/i0.wp.com\/casadecampoliving.com\/wp-content\/uploads\/2022\/10\/thisweekincasa2-1.jpg?fit=650%2C350&ssl=1&resize=350%2C200 1x, https:\/\/i0.wp.com\/casadecampoliving.com\/wp-content\/uploads\/2022\/10\/thisweekincasa2-1.jpg?fit=650%2C350&ssl=1&resize=525%2C300 1.5x"},"classes":[]},{"id":339915,"url":"https:\/\/casadecampoliving.com\/es\/este-fin-de-semana-en-casa-de-campo-12-al-14-de-octubre\/","url_meta":{"origin":345776,"position":3},"title":"Este Fin de Semana en Casa de Campo: 12 al 14 de octubre!","author":"","date":"12 Oct, 2012","format":false,"excerpt":"Este fin de semana en Casa de Campo disfrute de un sin fin de divertidas actividades para usted y su familia como; el torneo de tenis juvenil o el evento ben\u00e9fico del Caf\u00e9 de la Leche! Feliz fin de semana! Estos eventos, actividades y especiales aplican para la semana de:Viernes\u2026","rel":"","context":"En \u00abNoticias Locales\u00bb","block_context":{"text":"Noticias Locales","link":"https:\/\/casadecampoliving.com\/es\/category\/noticias-locales\/"},"img":{"alt_text":"","src":"https:\/\/i0.wp.com\/casadecampoliving.com\/wp-content\/uploads\/2022\/10\/weekend-1.jpg?fit=650%2C350&ssl=1&resize=350%2C200","width":350,"height":200,"srcset":"https:\/\/i0.wp.com\/casadecampoliving.com\/wp-content\/uploads\/2022\/10\/weekend-1.jpg?fit=650%2C350&ssl=1&resize=350%2C200 1x, https:\/\/i0.wp.com\/casadecampoliving.com\/wp-content\/uploads\/2022\/10\/weekend-1.jpg?fit=650%2C350&ssl=1&resize=525%2C300 1.5x"},"classes":[]},{"id":348679,"url":"https:\/\/casadecampoliving.com\/es\/paul-giudicelli-el-rescate-de-la-memoria-en-el-museo-de-la-altagracia\/","url_meta":{"origin":345776,"position":4},"title":"\u00abPaul Giudicelli: El Rescate de la memoria\u00bb en el Museo de La Altagracia","author":"Perkin Agramonte","date":"25 Nov, 2015","format":false,"excerpt":"En el d\u00eda de hoy, mi\u00e9rcoles, 25 de noviembre se le invita cordialmente a asistir a una interesante conferencia llamada \u201cPaul Giudicelli: El Rescate de la memoria\u201d por el arquitecto Gamal Michel\u00e9n en el Museo de la Altagracia en la ciudad de Higuey. A partir de las 6pm, Gamal Michelen\u2026","rel":"","context":"En \u00abArte y cultura\u00bb","block_context":{"text":"Arte y cultura","link":"https:\/\/casadecampoliving.com\/category\/arte-y-cultura\/"},"img":{"alt_text":"","src":"https:\/\/i0.wp.com\/casadecampoliving.com\/wp-content\/uploads\/2022\/10\/IGP3632-2-1-scaled.jpg?fit=1200%2C843&ssl=1&resize=350%2C200","width":350,"height":200,"srcset":"https:\/\/i0.wp.com\/casadecampoliving.com\/wp-content\/uploads\/2022\/10\/IGP3632-2-1-scaled.jpg?fit=1200%2C843&ssl=1&resize=350%2C200 1x, https:\/\/i0.wp.com\/casadecampoliving.com\/wp-content\/uploads\/2022\/10\/IGP3632-2-1-scaled.jpg?fit=1200%2C843&ssl=1&resize=525%2C300 1.5x, https:\/\/i0.wp.com\/casadecampoliving.com\/wp-content\/uploads\/2022\/10\/IGP3632-2-1-scaled.jpg?fit=1200%2C843&ssl=1&resize=700%2C400 2x, https:\/\/i0.wp.com\/casadecampoliving.com\/wp-content\/uploads\/2022\/10\/IGP3632-2-1-scaled.jpg?fit=1200%2C843&ssl=1&resize=1050%2C600 3x"},"classes":[]},{"id":341419,"url":"https:\/\/casadecampoliving.com\/es\/arqueologia-exploracion-y-aventura-en-el-campamento-de-verano-del-museo-arqueologico-de-chavon-del-8-al-19-de-julio\/","url_meta":{"origin":345776,"position":5},"title":"Arqueolog\u00eda, Exploraci\u00f3n y Aventura en el campamento de verano del Museo Arqueol\u00f3gico de Chav\u00f3n-del 8 al 19 de julio","author":"Mairobi Herrera","date":"15 May, 2013","format":false,"excerpt":"Este verano permita que sus hijos se sumergan en el interesante mundo Ta\u00edno mediante el campamento denominado Arqueolog\u00eda, Exploraci\u00f3n y Aventura que organiza el Museo Arqueol\u00f3gico Regional de Altos de Chav\u00f3n del 8 al 19 de julio. Este campamento est\u00e1 enfocado en el aprendizaje mediante la pr\u00e1ctica. En \u00e9l se\u2026","rel":"","context":"En \u00abAltos de Chavon @es\u00bb","block_context":{"text":"Altos de Chavon @es","link":"https:\/\/casadecampoliving.com\/category\/altos-de-chavon-es\/"},"img":{"alt_text":"campamento verano chavon museo","src":"https:\/\/i0.wp.com\/casadecampoliving.com\/wp-content\/uploads\/2022\/10\/campamento_verano_chavon_museo-1.jpg?fit=650%2C449&ssl=1&resize=350%2C200","width":350,"height":200,"srcset":"https:\/\/i0.wp.com\/casadecampoliving.com\/wp-content\/uploads\/2022\/10\/campamento_verano_chavon_museo-1.jpg?fit=650%2C449&ssl=1&resize=350%2C200 1x, https:\/\/i0.wp.com\/casadecampoliving.com\/wp-content\/uploads\/2022\/10\/campamento_verano_chavon_museo-1.jpg?fit=650%2C449&ssl=1&resize=525%2C300 1.5x"},"classes":[]}],"jetpack_sharing_enabled":true,"_links":{"self":[{"href":"https:\/\/casadecampoliving.com\/es\/wp-json\/wp\/v2\/posts\/345776","targetHints":{"allow":["GET"]}}],"collection":[{"href":"https:\/\/casadecampoliving.com\/es\/wp-json\/wp\/v2\/posts"}],"about":[{"href":"https:\/\/casadecampoliving.com\/es\/wp-json\/wp\/v2\/types\/post"}],"author":[{"embeddable":true,"href":"https:\/\/casadecampoliving.com\/es\/wp-json\/wp\/v2\/users\/23245"}],"replies":[{"embeddable":true,"href":"https:\/\/casadecampoliving.com\/es\/wp-json\/wp\/v2\/comments?post=345776"}],"version-history":[{"count":1,"href":"https:\/\/casadecampoliving.com\/es\/wp-json\/wp\/v2\/posts\/345776\/revisions"}],"predecessor-version":[{"id":345777,"href":"https:\/\/casadecampoliving.com\/es\/wp-json\/wp\/v2\/posts\/345776\/revisions\/345777"}],"wp:featuredmedia":[{"embeddable":true,"href":"https:\/\/casadecampoliving.com\/es\/wp-json\/wp\/v2\/media\/280937"}],"wp:attachment":[{"href":"https:\/\/casadecampoliving.com\/es\/wp-json\/wp\/v2\/media?parent=345776"}],"wp:term":[{"taxonomy":"category","embeddable":true,"href":"https:\/\/casadecampoliving.com\/es\/wp-json\/wp\/v2\/categories?post=345776"},{"taxonomy":"post_tag","embeddable":true,"href":"https:\/\/casadecampoliving.com\/es\/wp-json\/wp\/v2\/tags?post=345776"},{"taxonomy":"newspack_spnsrs_tax","embeddable":true,"href":"https:\/\/casadecampoliving.com\/es\/wp-json\/wp\/v2\/newspack_spnsrs_tax?post=345776"}],"curies":[{"name":"wp","href":"https:\/\/api.w.org\/{rel}","templated":true}]}}