{"id":345770,"date":"2014-10-23T00:00:00","date_gmt":"2014-10-23T04:00:00","guid":{"rendered":"https:\/\/casadecampoliving.com\/opera-le-nozze-di-figaro-este-sabado-en\/"},"modified":"2022-10-21T18:56:28","modified_gmt":"2022-10-21T22:56:28","slug":"opera-le-nozze-di-figaro-este-sabado-en","status":"publish","type":"post","link":"https:\/\/casadecampoliving.com\/es\/opera-le-nozze-di-figaro-este-sabado-en\/","title":{"rendered":"Opera \u00abLe Nozze di Figaro\u00bb este s\u00e1bado en La Marina"},"content":{"rendered":"<div class=\"wp-block-image\">\n<figure class=\"aligncenter is-resized\"><img loading=\"lazy\" decoding=\"async\" src=\"https:\/\/i0.wp.com\/casadecampoliving.com\/wp-content\/uploads\/2022\/10\/le-nozze-met-2.jpg?resize=650%2C390&amp;ssl=1\" alt=\"le nozze di figaro\" class=\"wp-image-100286\" height=\"390\" width=\"650\"\/><\/figure>\n<\/div>\n\n\n<p>La Opera Metropolitana, la mayor asociaci\u00f3n de la m\u00fasica cl\u00e1sica en Am\u00e9rica del Norte, con su programa \u201cOpera Metropolitana: En vivo en HD\u201d le invita a disfrutar de su segundo Opera Show \u201cLe Nozze di Figaro\u201d, una composici\u00f3n musical de Mozart, que se proyectar\u00e1 este s\u00e1bado 25 de octubre, \u00a1aqu\u00ed en la Marina Casa de Campo!<\/p>\n\n\n\n<!--more-->\n\n\n<div class=\"wp-block-image\">\n<figure class=\"alignright is-resized\"><img loading=\"lazy\" decoding=\"async\" src=\"https:\/\/i0.wp.com\/casadecampoliving.com\/wp-content\/uploads\/2022\/10\/le-nozze-di-figaro.jpg?resize=300%2C400&amp;ssl=1\" alt=\"le nozze di figaro\" class=\"wp-image-100287\" height=\"400\" width=\"300\"\/><\/figure>\n<\/div>\n\n\n<p>La serie&nbsp;\u201cOpera Metropolitana: En vivo en HD\u201d tuvo inicio en la Marina Casa de Campo, el s\u00e1bado pasado con Macbeth y continuar\u00e1 hasta finales de mayo con m\u00e1s de 10 presentaciones.<\/p>\n\n\n\n<p>Este s\u00e1bado, el cine de la Marina Casa de Campo estrena su segunda opera \u201cLe nozze di Figaro\u201d, \u201cLas bodas de F\u00edgaro\u201d es una \u00f3pera bufa en cuatro actos con m\u00fasica de Wolfgang Amadeus Mozart 1786 y libreto en italiano de Lorenzo da Ponte, basado en la pieza c\u00f3mica de Pierre Beaumarchais, La folle journ\u00e9e, ou Le Mariage de Figaro (1784).<\/p>\n\n\n\n<p>Es considerada como una de las mejores creaciones de Mozart y una de las \u00f3peras m\u00e1s importantes de la historia de la m\u00fasica. A pesar de recibir muchas cr\u00edticas en su \u00e9poca, logr\u00f3 grandes \u00e9xitos en sus representaciones. Las bodas de F\u00edgaro es una de las \u00f3peras m\u00e1s destacadas del repertorio oper\u00edstico est\u00e1ndar y aparece como la n\u00famero 5 en la lista de Operabase de las \u00f3peras m\u00e1s representadas en todo el mundo, \u00a1y vaya que afortunado somos al tener la oportunidad de verlo en el confort del cine de nuestra comunidad!<\/p>\n\n\n\n<p>\u00a1No se pierda esta este incre\u00edble viaje de teatro musical, este s\u00e1bado!<\/p>\n\n\n\n<p>Aqu\u00ed le traemos el trailer para Le Nozze di Figaro:<br>\n<iframe loading=\"lazy\" src=\"\/\/www.youtube.com\/embed\/kPkQP2gwyzM\" width=\"640\" height=\"360\" frameborder=\"0\" allowfullscreen=\"allowfullscreen\"><\/iframe><\/p>\n\n\n\n<blockquote><p><strong>MET Opera, Transmisi\u00f3n Encore:&nbsp;<strong>Le Nozze di Figaro&nbsp;<\/strong>\u2013 Mozart<\/strong><\/p><p><strong>Lugar:<\/strong> Caribbean Cinemas, Marina Casa de Campo<\/p><p><strong>Precio:<\/strong> RD$900 por persona<\/p><p><strong>Fecha:<\/strong> S\u00e1bado, octubre 25, 3pm<\/p><p><strong>Contactos:<\/strong>&nbsp;Oficina (809)-688-8710 \/ Cine (809)-523-2351 &nbsp;o &nbsp;(809)-523-2375<\/p><blockquote><p><strong>Programa:<\/strong><\/p><ul>\n<li><strong>Le Nozze di Figaro&nbsp;<\/strong>\u2013 Mozart<br>\n<strong>Cu\u00e1ndo:<\/strong> S\u00e1bado, 25 de octubre<br>\n<strong>Hora:<\/strong> 3:30 pm<\/li>\n<li><strong>Carmen&nbsp;<\/strong>\u2013 Bizet<br>\n<strong>Cu\u00e1ndo:<\/strong> S\u00e1bado, 8 de noviembre<br>\n<strong>Hora:<\/strong> 3:30 pm<\/li>\n<li><strong>Il Barbiere di Siviglia&nbsp;<\/strong>\u2013 Rossini<br>\n<strong>Cu\u00e1ndo:<\/strong>&nbsp; S\u00e1bado, 20 de noviembre<br>\n<strong>Hora:<\/strong> 3:30 pm<\/li>\n<li><strong>Die Meistersinger von N\u00fcrnberg&nbsp;<\/strong>\u2013 Wagner<br>\n<strong>Cu\u00e1ndo:<\/strong>&nbsp; S\u00e1bado, 20 de diciembre<br>\n<strong>Hora:<\/strong> 3:30 pm<\/li>\n<li><b>The Merry Widow&nbsp;<\/b>\u2013 Leh\u00e1r<br>\n<strong>Cu\u00e1ndo:<\/strong>&nbsp; S\u00e1bado, 24 de enero<br>\n<strong>Hora:<\/strong> 3:30 pm<\/li>\n<li><strong>Les Contes d\u2019Hoffmann&nbsp;<\/strong>\u2013 Offenbach<br>\n<strong>Cu\u00e1ndo:<\/strong>&nbsp; S\u00e1bado,&nbsp;7 de febrero<br>\n<strong>Hora:<\/strong> 3:30 pm<\/li>\n<li><strong>Iolanta \/ Bluebeard\u2019s Castle&nbsp;<\/strong>\u2013 Tchaikovski \/ Bart\u00f3k<br>\n<strong>Cu\u00e1ndo:<\/strong>&nbsp; S\u00e1bado,&nbsp;21 de febrero<br>\n<strong>Hora:<\/strong> 3:30 pm<\/li>\n<li><strong>La Donna del Lago&nbsp;<\/strong>\u2013 Rossini<br>\n<strong>Cu\u00e1ndo:<\/strong>&nbsp; S\u00e1bado, 21 de marzo<br>\n<strong>Hora:<\/strong> 3:30 pm<\/li>\n<li><strong>Cavalleria Rusticana \/ Pagliacci&nbsp;<\/strong>\u2013 Mascagni \/ Leoncavallo<br>\n<strong>Cu\u00e1ndo:<\/strong>&nbsp; S\u00e1bado, 2 de mayo<br>\n<strong>Hora:<\/strong> 3:30 pm<\/li>\n<\/ul><\/blockquote><p>Mientras que para aquellos residentes en Santo Domingo, este es el programa de las transmisiones en vivo y retransmisiones en el Caribbean Cinemas de Acropolis Mall:<\/p><figure><img decoding=\"async\" loading=\"lazy\" class=\"aligncenter size-full wp-image-99911\" src=\"https:\/\/i0.wp.com\/casadecampoliving.com\/wp-content\/uploads\/2022\/10\/MET-Acropolis.jpg?resize=620%2C918&amp;ssl=1\" alt=\"MET Acropolis\" width=\"620\" height=\"918\"><\/figure><\/blockquote>\n","protected":false},"excerpt":{"rendered":"<p>La Opera Metropolitana, la mayor asociaci\u00f3n de la m\u00fasica cl\u00e1sica en Am\u00e9rica del Norte, con su programa \u201cOpera Metropolitana: En vivo en HD\u201d le invita a disfrutar de su segundo Opera Show \u201cLe Nozze di Figaro\u201d, una composici\u00f3n musical de Mozart, que se proyectar\u00e1 este s\u00e1bado 25 de octubre, \u00a1aqu\u00ed en la Marina Casa de [&hellip;]<\/p>\n","protected":false},"author":23245,"featured_media":280423,"comment_status":"closed","ping_status":"closed","sticky":false,"template":"","format":"standard","meta":{"newspack_ads_suppress_ads":false,"newspack_popups_has_disabled_popups":false,"newspack_sponsor_sponsorship_scope":"","newspack_sponsor_native_byline_display":"inherit","newspack_sponsor_native_category_display":"inherit","newspack_sponsor_underwriter_style":"inherit","newspack_sponsor_underwriter_placement":"inherit","_newspack_byline_active":false,"_newspack_byline":"","newspack_hide_updated_date":false,"newspack_show_updated_date":false,"newspack_content_restriction_is_exempt":false,"newspack_featured_image_position":"","newspack_post_subtitle":"","newspack_article_summary_title":"Overview:","newspack_article_summary":"","_jetpack_memberships_contains_paid_content":false,"footnotes":"","jetpack_publicize_message":"","jetpack_publicize_feature_enabled":true,"jetpack_social_post_already_shared":false,"jetpack_social_options":{"image_generator_settings":{"template":"highway","default_image_id":0,"font":"","enabled":false},"version":2},"_wpas_customize_per_network":false},"categories":[26936,26951,2524,26581,14625,26822],"tags":[6518,2559,10684],"newspack_spnsrs_tax":[],"class_list":["post-345770","post","type-post","status-publish","format-standard","has-post-thumbnail","hentry","category-casa-de-campo-living-es","category-ccl-presenta","category-destacados","category-la-marina-casa-de-campo","category-noticias-locales","category-resort-casa-de-campo","tag-caribbean-cinemases","tag-cine","tag-opera-metropolitana","entry"],"yoast_head":"<!-- This site is optimized with the Yoast SEO plugin v27.4 - https:\/\/yoast.com\/product\/yoast-seo-wordpress\/ -->\n<title>Opera &quot;Le Nozze di Figaro&quot; este s\u00e1bado en La Marina | Casa de Campo Living<\/title>\n<meta name=\"description\" content=\"La Opera Metropolitana, la mayor asociaci\u00f3n de la m\u00fasica cl\u00e1sica en Am\u00e9rica del Norte, con su programa \u201cOpera Metropolitana: En vivo en HD\u201d le invita a\" \/>\n<meta name=\"robots\" content=\"index, follow, max-snippet:-1, max-image-preview:large, max-video-preview:-1\" \/>\n<link rel=\"canonical\" href=\"https:\/\/casadecampoliving.com\/es\/opera-le-nozze-di-figaro-este-sabado-en\/\" \/>\n<meta property=\"og:locale\" content=\"es_ES\" \/>\n<meta property=\"og:type\" content=\"article\" \/>\n<meta property=\"og:title\" content=\"Opera &quot;Le Nozze di Figaro&quot; este s\u00e1bado en La Marina | Casa de Campo Living\" \/>\n<meta property=\"og:description\" content=\"La Opera Metropolitana, la mayor asociaci\u00f3n de la m\u00fasica cl\u00e1sica en Am\u00e9rica del Norte, con su programa \u201cOpera Metropolitana: En vivo en HD\u201d le invita a\" \/>\n<meta property=\"og:url\" content=\"https:\/\/casadecampoliving.com\/es\/opera-le-nozze-di-figaro-este-sabado-en\/\" \/>\n<meta property=\"og:site_name\" content=\"Casa de Campo Living\" \/>\n<meta property=\"article:publisher\" content=\"https:\/\/www.facebook.com\/casadecampoliving\" \/>\n<meta property=\"article:published_time\" content=\"2014-10-23T04:00:00+00:00\" \/>\n<meta property=\"article:modified_time\" content=\"2022-10-21T22:56:28+00:00\" \/>\n<meta property=\"og:image\" content=\"https:\/\/i0.wp.com\/casadecampoliving.com\/wp-content\/uploads\/2022\/10\/le-nozze-met-2-1.jpg?fit=620%2C372&ssl=1\" \/>\n\t<meta property=\"og:image:width\" content=\"620\" \/>\n\t<meta property=\"og:image:height\" content=\"372\" \/>\n\t<meta property=\"og:image:type\" content=\"image\/jpeg\" \/>\n<meta name=\"author\" content=\"Daniela Medina\" \/>\n<meta name=\"twitter:card\" content=\"summary_large_image\" \/>\n<meta name=\"twitter:creator\" content=\"@cdcliving\" \/>\n<meta name=\"twitter:site\" content=\"@cdcliving\" \/>\n<meta name=\"twitter:label1\" content=\"Escrito por\" \/>\n\t<meta name=\"twitter:data1\" content=\"Daniela Medina\" \/>\n\t<meta name=\"twitter:label2\" content=\"Tiempo de lectura\" \/>\n\t<meta name=\"twitter:data2\" content=\"2 minutos\" \/>\n<script type=\"application\/ld+json\" class=\"yoast-schema-graph\">{\"@context\":\"https:\\\/\\\/schema.org\",\"@graph\":[{\"@type\":\"Article\",\"@id\":\"https:\\\/\\\/casadecampoliving.com\\\/es\\\/opera-le-nozze-di-figaro-este-sabado-en\\\/#article\",\"isPartOf\":{\"@id\":\"https:\\\/\\\/casadecampoliving.com\\\/es\\\/opera-le-nozze-di-figaro-este-sabado-en\\\/\"},\"author\":{\"name\":\"Daniela Medina\",\"@id\":\"https:\\\/\\\/casadecampoliving.com\\\/es\\\/#\\\/schema\\\/person\\\/20e49d1b22266dc2b8f020b38201bd4e\"},\"headline\":\"Opera \u00abLe Nozze di Figaro\u00bb este s\u00e1bado en La Marina\",\"datePublished\":\"2014-10-23T04:00:00+00:00\",\"dateModified\":\"2022-10-21T22:56:28+00:00\",\"mainEntityOfPage\":{\"@id\":\"https:\\\/\\\/casadecampoliving.com\\\/es\\\/opera-le-nozze-di-figaro-este-sabado-en\\\/\"},\"wordCount\":497,\"publisher\":{\"@id\":\"https:\\\/\\\/casadecampoliving.com\\\/es\\\/#organization\"},\"image\":{\"@id\":\"https:\\\/\\\/casadecampoliving.com\\\/es\\\/opera-le-nozze-di-figaro-este-sabado-en\\\/#primaryimage\"},\"thumbnailUrl\":\"https:\\\/\\\/i0.wp.com\\\/casadecampoliving.com\\\/wp-content\\\/uploads\\\/2022\\\/10\\\/le-nozze-met-2-1.jpg?fit=620%2C372&ssl=1\",\"keywords\":[\"caribbean cinemas@es\",\"cine\",\"opera metropolitana\"],\"articleSection\":[\"Casa de Campo Living @es\",\"CCL presenta\",\"Destacados\",\"La Marina Casa de Campo\",\"Noticias Locales\",\"Resort Casa de Campo\"],\"inLanguage\":\"es\"},{\"@type\":\"WebPage\",\"@id\":\"https:\\\/\\\/casadecampoliving.com\\\/es\\\/opera-le-nozze-di-figaro-este-sabado-en\\\/\",\"url\":\"https:\\\/\\\/casadecampoliving.com\\\/es\\\/opera-le-nozze-di-figaro-este-sabado-en\\\/\",\"name\":\"Opera \\\"Le Nozze di Figaro\\\" este s\u00e1bado en La Marina | Casa de Campo Living\",\"isPartOf\":{\"@id\":\"https:\\\/\\\/casadecampoliving.com\\\/es\\\/#website\"},\"primaryImageOfPage\":{\"@id\":\"https:\\\/\\\/casadecampoliving.com\\\/es\\\/opera-le-nozze-di-figaro-este-sabado-en\\\/#primaryimage\"},\"image\":{\"@id\":\"https:\\\/\\\/casadecampoliving.com\\\/es\\\/opera-le-nozze-di-figaro-este-sabado-en\\\/#primaryimage\"},\"thumbnailUrl\":\"https:\\\/\\\/i0.wp.com\\\/casadecampoliving.com\\\/wp-content\\\/uploads\\\/2022\\\/10\\\/le-nozze-met-2-1.jpg?fit=620%2C372&ssl=1\",\"datePublished\":\"2014-10-23T04:00:00+00:00\",\"dateModified\":\"2022-10-21T22:56:28+00:00\",\"description\":\"La Opera Metropolitana, la mayor asociaci\u00f3n de la m\u00fasica cl\u00e1sica en Am\u00e9rica del Norte, con su programa \u201cOpera Metropolitana: En vivo en HD\u201d le invita a\",\"breadcrumb\":{\"@id\":\"https:\\\/\\\/casadecampoliving.com\\\/es\\\/opera-le-nozze-di-figaro-este-sabado-en\\\/#breadcrumb\"},\"inLanguage\":\"es\",\"potentialAction\":[{\"@type\":\"ReadAction\",\"target\":[\"https:\\\/\\\/casadecampoliving.com\\\/es\\\/opera-le-nozze-di-figaro-este-sabado-en\\\/\"]}]},{\"@type\":\"ImageObject\",\"inLanguage\":\"es\",\"@id\":\"https:\\\/\\\/casadecampoliving.com\\\/es\\\/opera-le-nozze-di-figaro-este-sabado-en\\\/#primaryimage\",\"url\":\"https:\\\/\\\/i0.wp.com\\\/casadecampoliving.com\\\/wp-content\\\/uploads\\\/2022\\\/10\\\/le-nozze-met-2-1.jpg?fit=620%2C372&ssl=1\",\"contentUrl\":\"https:\\\/\\\/i0.wp.com\\\/casadecampoliving.com\\\/wp-content\\\/uploads\\\/2022\\\/10\\\/le-nozze-met-2-1.jpg?fit=620%2C372&ssl=1\",\"width\":620,\"height\":372},{\"@type\":\"BreadcrumbList\",\"@id\":\"https:\\\/\\\/casadecampoliving.com\\\/es\\\/opera-le-nozze-di-figaro-este-sabado-en\\\/#breadcrumb\",\"itemListElement\":[{\"@type\":\"ListItem\",\"position\":1,\"name\":\"Home\",\"item\":\"https:\\\/\\\/casadecampoliving.com\\\/es\\\/\"},{\"@type\":\"ListItem\",\"position\":2,\"name\":\"Opera &#8220;Le Nozze di Figaro&#8221; este s\u00e1bado en La Marina\"}]},{\"@type\":\"WebSite\",\"@id\":\"https:\\\/\\\/casadecampoliving.com\\\/es\\\/#website\",\"url\":\"https:\\\/\\\/casadecampoliving.com\\\/es\\\/\",\"name\":\"Casa de Campo Living\",\"description\":\"Resort community news and resources.\",\"publisher\":{\"@id\":\"https:\\\/\\\/casadecampoliving.com\\\/es\\\/#organization\"},\"potentialAction\":[{\"@type\":\"SearchAction\",\"target\":{\"@type\":\"EntryPoint\",\"urlTemplate\":\"https:\\\/\\\/casadecampoliving.com\\\/es\\\/?s={search_term_string}\"},\"query-input\":{\"@type\":\"PropertyValueSpecification\",\"valueRequired\":true,\"valueName\":\"search_term_string\"}}],\"inLanguage\":\"es\"},{\"@type\":\"Organization\",\"@id\":\"https:\\\/\\\/casadecampoliving.com\\\/es\\\/#organization\",\"name\":\"Casa de Campo Living\",\"url\":\"https:\\\/\\\/casadecampoliving.com\\\/es\\\/\",\"logo\":{\"@type\":\"ImageObject\",\"inLanguage\":\"es\",\"@id\":\"https:\\\/\\\/casadecampoliving.com\\\/es\\\/#\\\/schema\\\/logo\\\/image\\\/\",\"url\":\"https:\\\/\\\/i0.wp.com\\\/casadecampoliving.com\\\/wp-content\\\/uploads\\\/2022\\\/07\\\/CDCLivingLogo_V1-white-sized.png?fit=800%2C214&ssl=1\",\"contentUrl\":\"https:\\\/\\\/i0.wp.com\\\/casadecampoliving.com\\\/wp-content\\\/uploads\\\/2022\\\/07\\\/CDCLivingLogo_V1-white-sized.png?fit=800%2C214&ssl=1\",\"width\":800,\"height\":214,\"caption\":\"Casa de Campo Living\"},\"image\":{\"@id\":\"https:\\\/\\\/casadecampoliving.com\\\/es\\\/#\\\/schema\\\/logo\\\/image\\\/\"},\"sameAs\":[\"https:\\\/\\\/www.facebook.com\\\/casadecampoliving\",\"https:\\\/\\\/x.com\\\/cdcliving\"]},{\"@type\":\"Person\",\"@id\":\"https:\\\/\\\/casadecampoliving.com\\\/es\\\/#\\\/schema\\\/person\\\/20e49d1b22266dc2b8f020b38201bd4e\",\"name\":\"Daniela Medina\",\"image\":{\"@type\":\"ImageObject\",\"inLanguage\":\"es\",\"@id\":\"https:\\\/\\\/secure.gravatar.com\\\/avatar\\\/65aa8415724474307d634c8364a0bd8ee551c4f0f01f2ffcc53e5a9856cb7369?s=96&d=mm&r=g\",\"url\":\"https:\\\/\\\/secure.gravatar.com\\\/avatar\\\/65aa8415724474307d634c8364a0bd8ee551c4f0f01f2ffcc53e5a9856cb7369?s=96&d=mm&r=g\",\"contentUrl\":\"https:\\\/\\\/secure.gravatar.com\\\/avatar\\\/65aa8415724474307d634c8364a0bd8ee551c4f0f01f2ffcc53e5a9856cb7369?s=96&d=mm&r=g\",\"caption\":\"Daniela Medina\"},\"url\":\"https:\\\/\\\/casadecampoliving.com\\\/es\\\/author\\\/dmedina\\\/\"}]}<\/script>\n<!-- \/ Yoast SEO plugin. -->","yoast_head_json":{"title":"Opera \"Le Nozze di Figaro\" este s\u00e1bado en La Marina | Casa de Campo Living","description":"La Opera Metropolitana, la mayor asociaci\u00f3n de la m\u00fasica cl\u00e1sica en Am\u00e9rica del Norte, con su programa \u201cOpera Metropolitana: En vivo en HD\u201d le invita a","robots":{"index":"index","follow":"follow","max-snippet":"max-snippet:-1","max-image-preview":"max-image-preview:large","max-video-preview":"max-video-preview:-1"},"canonical":"https:\/\/casadecampoliving.com\/es\/opera-le-nozze-di-figaro-este-sabado-en\/","og_locale":"es_ES","og_type":"article","og_title":"Opera \"Le Nozze di Figaro\" este s\u00e1bado en La Marina | Casa de Campo Living","og_description":"La Opera Metropolitana, la mayor asociaci\u00f3n de la m\u00fasica cl\u00e1sica en Am\u00e9rica del Norte, con su programa \u201cOpera Metropolitana: En vivo en HD\u201d le invita a","og_url":"https:\/\/casadecampoliving.com\/es\/opera-le-nozze-di-figaro-este-sabado-en\/","og_site_name":"Casa de Campo Living","article_publisher":"https:\/\/www.facebook.com\/casadecampoliving","article_published_time":"2014-10-23T04:00:00+00:00","article_modified_time":"2022-10-21T22:56:28+00:00","og_image":[{"width":620,"height":372,"url":"https:\/\/i0.wp.com\/casadecampoliving.com\/wp-content\/uploads\/2022\/10\/le-nozze-met-2-1.jpg?fit=620%2C372&ssl=1","type":"image\/jpeg"}],"author":"Daniela Medina","twitter_card":"summary_large_image","twitter_creator":"@cdcliving","twitter_site":"@cdcliving","twitter_misc":{"Escrito por":"Daniela Medina","Tiempo de lectura":"2 minutos"},"schema":{"@context":"https:\/\/schema.org","@graph":[{"@type":"Article","@id":"https:\/\/casadecampoliving.com\/es\/opera-le-nozze-di-figaro-este-sabado-en\/#article","isPartOf":{"@id":"https:\/\/casadecampoliving.com\/es\/opera-le-nozze-di-figaro-este-sabado-en\/"},"author":{"name":"Daniela Medina","@id":"https:\/\/casadecampoliving.com\/es\/#\/schema\/person\/20e49d1b22266dc2b8f020b38201bd4e"},"headline":"Opera \u00abLe Nozze di Figaro\u00bb este s\u00e1bado en La Marina","datePublished":"2014-10-23T04:00:00+00:00","dateModified":"2022-10-21T22:56:28+00:00","mainEntityOfPage":{"@id":"https:\/\/casadecampoliving.com\/es\/opera-le-nozze-di-figaro-este-sabado-en\/"},"wordCount":497,"publisher":{"@id":"https:\/\/casadecampoliving.com\/es\/#organization"},"image":{"@id":"https:\/\/casadecampoliving.com\/es\/opera-le-nozze-di-figaro-este-sabado-en\/#primaryimage"},"thumbnailUrl":"https:\/\/i0.wp.com\/casadecampoliving.com\/wp-content\/uploads\/2022\/10\/le-nozze-met-2-1.jpg?fit=620%2C372&ssl=1","keywords":["caribbean cinemas@es","cine","opera metropolitana"],"articleSection":["Casa de Campo Living @es","CCL presenta","Destacados","La Marina Casa de Campo","Noticias Locales","Resort Casa de Campo"],"inLanguage":"es"},{"@type":"WebPage","@id":"https:\/\/casadecampoliving.com\/es\/opera-le-nozze-di-figaro-este-sabado-en\/","url":"https:\/\/casadecampoliving.com\/es\/opera-le-nozze-di-figaro-este-sabado-en\/","name":"Opera \"Le Nozze di Figaro\" este s\u00e1bado en La Marina | Casa de Campo Living","isPartOf":{"@id":"https:\/\/casadecampoliving.com\/es\/#website"},"primaryImageOfPage":{"@id":"https:\/\/casadecampoliving.com\/es\/opera-le-nozze-di-figaro-este-sabado-en\/#primaryimage"},"image":{"@id":"https:\/\/casadecampoliving.com\/es\/opera-le-nozze-di-figaro-este-sabado-en\/#primaryimage"},"thumbnailUrl":"https:\/\/i0.wp.com\/casadecampoliving.com\/wp-content\/uploads\/2022\/10\/le-nozze-met-2-1.jpg?fit=620%2C372&ssl=1","datePublished":"2014-10-23T04:00:00+00:00","dateModified":"2022-10-21T22:56:28+00:00","description":"La Opera Metropolitana, la mayor asociaci\u00f3n de la m\u00fasica cl\u00e1sica en Am\u00e9rica del Norte, con su programa \u201cOpera Metropolitana: En vivo en HD\u201d le invita a","breadcrumb":{"@id":"https:\/\/casadecampoliving.com\/es\/opera-le-nozze-di-figaro-este-sabado-en\/#breadcrumb"},"inLanguage":"es","potentialAction":[{"@type":"ReadAction","target":["https:\/\/casadecampoliving.com\/es\/opera-le-nozze-di-figaro-este-sabado-en\/"]}]},{"@type":"ImageObject","inLanguage":"es","@id":"https:\/\/casadecampoliving.com\/es\/opera-le-nozze-di-figaro-este-sabado-en\/#primaryimage","url":"https:\/\/i0.wp.com\/casadecampoliving.com\/wp-content\/uploads\/2022\/10\/le-nozze-met-2-1.jpg?fit=620%2C372&ssl=1","contentUrl":"https:\/\/i0.wp.com\/casadecampoliving.com\/wp-content\/uploads\/2022\/10\/le-nozze-met-2-1.jpg?fit=620%2C372&ssl=1","width":620,"height":372},{"@type":"BreadcrumbList","@id":"https:\/\/casadecampoliving.com\/es\/opera-le-nozze-di-figaro-este-sabado-en\/#breadcrumb","itemListElement":[{"@type":"ListItem","position":1,"name":"Home","item":"https:\/\/casadecampoliving.com\/es\/"},{"@type":"ListItem","position":2,"name":"Opera &#8220;Le Nozze di Figaro&#8221; este s\u00e1bado en La Marina"}]},{"@type":"WebSite","@id":"https:\/\/casadecampoliving.com\/es\/#website","url":"https:\/\/casadecampoliving.com\/es\/","name":"Casa de Campo Living","description":"Resort community news and resources.","publisher":{"@id":"https:\/\/casadecampoliving.com\/es\/#organization"},"potentialAction":[{"@type":"SearchAction","target":{"@type":"EntryPoint","urlTemplate":"https:\/\/casadecampoliving.com\/es\/?s={search_term_string}"},"query-input":{"@type":"PropertyValueSpecification","valueRequired":true,"valueName":"search_term_string"}}],"inLanguage":"es"},{"@type":"Organization","@id":"https:\/\/casadecampoliving.com\/es\/#organization","name":"Casa de Campo Living","url":"https:\/\/casadecampoliving.com\/es\/","logo":{"@type":"ImageObject","inLanguage":"es","@id":"https:\/\/casadecampoliving.com\/es\/#\/schema\/logo\/image\/","url":"https:\/\/i0.wp.com\/casadecampoliving.com\/wp-content\/uploads\/2022\/07\/CDCLivingLogo_V1-white-sized.png?fit=800%2C214&ssl=1","contentUrl":"https:\/\/i0.wp.com\/casadecampoliving.com\/wp-content\/uploads\/2022\/07\/CDCLivingLogo_V1-white-sized.png?fit=800%2C214&ssl=1","width":800,"height":214,"caption":"Casa de Campo Living"},"image":{"@id":"https:\/\/casadecampoliving.com\/es\/#\/schema\/logo\/image\/"},"sameAs":["https:\/\/www.facebook.com\/casadecampoliving","https:\/\/x.com\/cdcliving"]},{"@type":"Person","@id":"https:\/\/casadecampoliving.com\/es\/#\/schema\/person\/20e49d1b22266dc2b8f020b38201bd4e","name":"Daniela Medina","image":{"@type":"ImageObject","inLanguage":"es","@id":"https:\/\/secure.gravatar.com\/avatar\/65aa8415724474307d634c8364a0bd8ee551c4f0f01f2ffcc53e5a9856cb7369?s=96&d=mm&r=g","url":"https:\/\/secure.gravatar.com\/avatar\/65aa8415724474307d634c8364a0bd8ee551c4f0f01f2ffcc53e5a9856cb7369?s=96&d=mm&r=g","contentUrl":"https:\/\/secure.gravatar.com\/avatar\/65aa8415724474307d634c8364a0bd8ee551c4f0f01f2ffcc53e5a9856cb7369?s=96&d=mm&r=g","caption":"Daniela Medina"},"url":"https:\/\/casadecampoliving.com\/es\/author\/dmedina\/"}]}},"parsely":{"version":"1.1.0","canonical_url":"https:\/\/casadecampoliving.com\/es\/opera-le-nozze-di-figaro-este-sabado-en\/","smart_links":{"inbound":0,"outbound":0},"traffic_boost_suggestions_count":0,"meta":{"@context":"https:\/\/schema.org","@type":"NewsArticle","headline":"Opera \u00abLe Nozze di Figaro\u00bb este s\u00e1bado en La Marina","url":"http:\/\/casadecampoliving.com\/es\/opera-le-nozze-di-figaro-este-sabado-en\/","mainEntityOfPage":{"@type":"WebPage","@id":"http:\/\/casadecampoliving.com\/es\/opera-le-nozze-di-figaro-este-sabado-en\/"},"thumbnailUrl":"https:\/\/i0.wp.com\/casadecampoliving.com\/wp-content\/uploads\/2022\/10\/le-nozze-met-2-1.jpg?resize=150%2C150&ssl=1","image":{"@type":"ImageObject","url":"https:\/\/i0.wp.com\/casadecampoliving.com\/wp-content\/uploads\/2022\/10\/le-nozze-met-2-1.jpg?fit=620%2C372&ssl=1"},"articleSection":"CCL presenta","author":[{"@type":"Person","name":"Daniela Medina"}],"creator":["Daniela Medina"],"publisher":{"@type":"Organization","name":"Casa de Campo Living","logo":"https:\/\/casadecampoliving.com\/wp-content\/uploads\/2022\/07\/CDCLivingLogo_V1-white-sized.png"},"keywords":["caribbean cinemas@es","cine","opera metropolitana"],"dateCreated":"2014-10-23T04:00:00Z","datePublished":"2014-10-23T04:00:00Z","dateModified":"2022-10-21T22:56:28Z"},"rendered":"<script type=\"application\/ld+json\" class=\"wp-parsely-metadata\">{\"@context\":\"https:\\\/\\\/schema.org\",\"@type\":\"NewsArticle\",\"headline\":\"Opera \\u00abLe Nozze di Figaro\\u00bb este s\\u00e1bado en La Marina\",\"url\":\"http:\\\/\\\/casadecampoliving.com\\\/es\\\/opera-le-nozze-di-figaro-este-sabado-en\\\/\",\"mainEntityOfPage\":{\"@type\":\"WebPage\",\"@id\":\"http:\\\/\\\/casadecampoliving.com\\\/es\\\/opera-le-nozze-di-figaro-este-sabado-en\\\/\"},\"thumbnailUrl\":\"https:\\\/\\\/i0.wp.com\\\/casadecampoliving.com\\\/wp-content\\\/uploads\\\/2022\\\/10\\\/le-nozze-met-2-1.jpg?resize=150%2C150&ssl=1\",\"image\":{\"@type\":\"ImageObject\",\"url\":\"https:\\\/\\\/i0.wp.com\\\/casadecampoliving.com\\\/wp-content\\\/uploads\\\/2022\\\/10\\\/le-nozze-met-2-1.jpg?fit=620%2C372&ssl=1\"},\"articleSection\":\"CCL presenta\",\"author\":[{\"@type\":\"Person\",\"name\":\"Daniela Medina\"}],\"creator\":[\"Daniela Medina\"],\"publisher\":{\"@type\":\"Organization\",\"name\":\"Casa de Campo Living\",\"logo\":\"https:\\\/\\\/casadecampoliving.com\\\/wp-content\\\/uploads\\\/2022\\\/07\\\/CDCLivingLogo_V1-white-sized.png\"},\"keywords\":[\"caribbean cinemas@es\",\"cine\",\"opera metropolitana\"],\"dateCreated\":\"2014-10-23T04:00:00Z\",\"datePublished\":\"2014-10-23T04:00:00Z\",\"dateModified\":\"2022-10-21T22:56:28Z\"}<\/script>","tracker_url":"https:\/\/cdn.parsely.com\/keys\/casadecampoliving.com\/p.js"},"jetpack_publicize_connections":[],"jetpack_featured_media_url":"https:\/\/i0.wp.com\/casadecampoliving.com\/wp-content\/uploads\/2022\/10\/le-nozze-met-2-1.jpg?fit=620%2C372&ssl=1","jetpack-related-posts":[{"id":345666,"url":"https:\/\/casadecampoliving.com\/es\/la-opera-metropolitana-llega-la-marina-casa-de-campo\/","url_meta":{"origin":345770,"position":0},"title":"La Opera Metropolitana llega a la Marina Casa de Campo","author":"Daniela Medina","date":"17 Oct, 2014","format":false,"excerpt":"La Opera Metropolitana, la mayor asociaci\u00f3n de m\u00fasica cl\u00e1sica en Am\u00e9rica del Norte, con su programa \u201cOpera Metropolitana: Vivo en HD\u201d\u00a0invita a disfrutar de la temporada 2014-2015 \u00a1aqu\u00ed en La Marina Casa de Campo! El programa de la\u00a0\u201cOpera Metropolitana: Vivo en HD\u201d, transmite actuaciones en vivo v\u00eda sat\u00e9lite desde el\u2026","rel":"","context":"En \u00abCasa de Campo Living @es\u00bb","block_context":{"text":"Casa de Campo Living @es","link":"https:\/\/casadecampoliving.com\/category\/casa-de-campo-living-es\/"},"img":{"alt_text":"","src":"https:\/\/i0.wp.com\/casadecampoliving.com\/wp-content\/uploads\/2022\/10\/met_opera_Marina_casa_de_campo_1-1.jpg?fit=650%2C487&ssl=1&resize=350%2C200","width":350,"height":200,"srcset":"https:\/\/i0.wp.com\/casadecampoliving.com\/wp-content\/uploads\/2022\/10\/met_opera_Marina_casa_de_campo_1-1.jpg?fit=650%2C487&ssl=1&resize=350%2C200 1x, https:\/\/i0.wp.com\/casadecampoliving.com\/wp-content\/uploads\/2022\/10\/met_opera_Marina_casa_de_campo_1-1.jpg?fit=650%2C487&ssl=1&resize=525%2C300 1.5x"},"classes":[]},{"id":345926,"url":"https:\/\/casadecampoliving.com\/es\/opera-carmen-este-sabado-en-la-marina-casa-de-campola-opera-metropolitana-la-asociacion-mas-grande-de-la-musica-clasica-en-america-del-norte-con-su-programa-opera-metropolitana-vivo-en-hd-le\/","url_meta":{"origin":345770,"position":1},"title":"\u00d3pera \u00abCarmen\u00bb este s\u00e1bado en la Marina Casa de Campo","author":"Daniela Medina","date":"7 Nov, 2014","format":false,"excerpt":"La \u00d3pera Metropolitana, la asociaci\u00f3n m\u00e1s grande de la m\u00fasica cl\u00e1sica en Am\u00e9rica del Norte, con su programa \u201c\u00d3pera Metropolitana: Vivo en HD\u201d le invita a seguir disfrutando de esta serie con \u201cCarmen\u201d, una composici\u00f3n musical de Georges Bizet, que muestra este s\u00e1bado 8 de noviembre, \u00a1aqu\u00ed en la Marina\u2026","rel":"","context":"En \u00abArte y cultura\u00bb","block_context":{"text":"Arte y cultura","link":"https:\/\/casadecampoliving.com\/category\/arte-y-cultura\/"},"img":{"alt_text":"","src":"https:\/\/i0.wp.com\/casadecampoliving.com\/wp-content\/uploads\/2022\/10\/carmen_met1-1.png?fit=689%2C458&ssl=1&resize=350%2C200","width":350,"height":200,"srcset":"https:\/\/i0.wp.com\/casadecampoliving.com\/wp-content\/uploads\/2022\/10\/carmen_met1-1.png?fit=689%2C458&ssl=1&resize=350%2C200 1x, https:\/\/i0.wp.com\/casadecampoliving.com\/wp-content\/uploads\/2022\/10\/carmen_met1-1.png?fit=689%2C458&ssl=1&resize=525%2C300 1.5x"},"classes":[]},{"id":346061,"url":"https:\/\/casadecampoliving.com\/es\/opera-il-barbiere-di-siviglia-este-sabado\/","url_meta":{"origin":345770,"position":2},"title":"Opera \u00abIl Barbiere di Siviglia\u00bb este s\u00e1bado en la Marina","author":"Daniela Medina","date":"24 Nov, 2014","format":false,"excerpt":"La Opera Metropolitana, la mayor asociaci\u00f3n de la m\u00fasica cl\u00e1sica en Am\u00e9rica del Norte, con su programa \u201cMetropolitan Opera: Live in HD\u201d invita a disfrutar de su cuarto show de \u00d3pera \u201cIl Barbiere di Siviglia\u201d, una composici\u00f3n musical de Rossini, mostrando este s\u00e1bado 29 de noviembre, \u00a1aqu\u00ed en la Marina\u2026","rel":"","context":"En \u00abCasa de Campo Living @es\u00bb","block_context":{"text":"Casa de Campo Living @es","link":"https:\/\/casadecampoliving.com\/category\/casa-de-campo-living-es\/"},"img":{"alt_text":"","src":"https:\/\/i0.wp.com\/casadecampoliving.com\/wp-content\/uploads\/2022\/10\/il-barbiere-di-siviglia_muraro-leonard-1.jpg?fit=1000%2C705&ssl=1&resize=350%2C200","width":350,"height":200,"srcset":"https:\/\/i0.wp.com\/casadecampoliving.com\/wp-content\/uploads\/2022\/10\/il-barbiere-di-siviglia_muraro-leonard-1.jpg?fit=1000%2C705&ssl=1&resize=350%2C200 1x, https:\/\/i0.wp.com\/casadecampoliving.com\/wp-content\/uploads\/2022\/10\/il-barbiere-di-siviglia_muraro-leonard-1.jpg?fit=1000%2C705&ssl=1&resize=525%2C300 1.5x, https:\/\/i0.wp.com\/casadecampoliving.com\/wp-content\/uploads\/2022\/10\/il-barbiere-di-siviglia_muraro-leonard-1.jpg?fit=1000%2C705&ssl=1&resize=700%2C400 2x"},"classes":[]},{"id":324518,"url":"https:\/\/casadecampoliving.com\/opera-le-nozze-di-figaro-saturday-marina\/","url_meta":{"origin":345770,"position":3},"title":"Opera \u00abLe Nozze di Figaro\u00bb this Saturday at the Marina","author":"Daniela Medina","date":"23 Oct, 2014","format":false,"excerpt":"The Metropolitan Opera, the largest classical music association in North America, with it\u2019s program \u201cMetropolitan Opera: Live in HD\u201d invites you to enjoy it\u2019s second Opera Show \u201cLe Nozze di Figaro\u201d a musical composition by Mozart, showing this Saturday October 25th, here in the Marina Casa de Campo! The\u00a0\u201cMetropolitan Opera:\u2026","rel":"","context":"En \u00abCasa de Campo Living\u00bb","block_context":{"text":"Casa de Campo Living","link":"https:\/\/casadecampoliving.com\/category\/casa-de-campo-living\/"},"img":{"alt_text":"","src":"https:\/\/i0.wp.com\/casadecampoliving.com\/wp-content\/uploads\/2022\/10\/le-nozze-met-2-1.jpg?fit=620%2C372&ssl=1&resize=350%2C200","width":350,"height":200,"srcset":"https:\/\/i0.wp.com\/casadecampoliving.com\/wp-content\/uploads\/2022\/10\/le-nozze-met-2-1.jpg?fit=620%2C372&ssl=1&resize=350%2C200 1x, https:\/\/i0.wp.com\/casadecampoliving.com\/wp-content\/uploads\/2022\/10\/le-nozze-met-2-1.jpg?fit=620%2C372&ssl=1&resize=525%2C300 1.5x"},"classes":[]},{"id":346214,"url":"https:\/\/casadecampoliving.com\/es\/opera-die-meistersinger-von-nurnberg-presentandose-en-la-marina-este-20-de-dic\/","url_meta":{"origin":345770,"position":4},"title":"Opera \u00abDie Meistersinger von N\u00fcrnberg\u00bb present\u00e1ndose en La Marina este 20 de Dic","author":"Rebecca Hughes","date":"14 Dic, 2014","format":false,"excerpt":"La \u00d3pera Metropolitana, la mayor asociaci\u00f3n de la m\u00fasica cl\u00e1sica en Am\u00e9rica del Norte, con su programa \u201cMetropolitan Opera: Live in HD\u201d, le invita a disfrutar de su quinto show de \u00f3pera \u201cDie Meistersinger von N\u00fcrnberg\u201d, una composici\u00f3n musical de Richard Wanger, mostr\u00e1ndose este s\u00e1bado 20 de diciembre \u00a1aqu\u00ed en\u2026","rel":"","context":"En \u00abArte y cultura\u00bb","block_context":{"text":"Arte y cultura","link":"https:\/\/casadecampoliving.com\/category\/arte-y-cultura\/"},"img":{"alt_text":"","src":"https:\/\/i0.wp.com\/casadecampoliving.com\/wp-content\/uploads\/2022\/10\/die-meistersinger-von-nc3bcrnberg_02-monika-rittershaus-e1418323720156-1.jpg?fit=537%2C375&ssl=1&resize=350%2C200","width":350,"height":200,"srcset":"https:\/\/i0.wp.com\/casadecampoliving.com\/wp-content\/uploads\/2022\/10\/die-meistersinger-von-nc3bcrnberg_02-monika-rittershaus-e1418323720156-1.jpg?fit=537%2C375&ssl=1&resize=350%2C200 1x, https:\/\/i0.wp.com\/casadecampoliving.com\/wp-content\/uploads\/2022\/10\/die-meistersinger-von-nc3bcrnberg_02-monika-rittershaus-e1418323720156-1.jpg?fit=537%2C375&ssl=1&resize=525%2C300 1.5x"},"classes":[]},{"id":346752,"url":"https:\/\/casadecampoliving.com\/es\/opera-iolanta-bluebeards-castle-este-sabado-21-de-febrero-en-la-marina\/","url_meta":{"origin":345770,"position":5},"title":"Opera Iolanta \/ Bluebeard\u2019s Castle este s\u00e1bado 21 de febrero en la Marina","author":"Perkin Agramonte","date":"14 Feb, 2015","format":false,"excerpt":"La \u00d3pera Metropolitana, la mayor asociaci\u00f3n de la m\u00fasica cl\u00e1sica en Am\u00e9rica del Norte, con su programa \u201cMetropolitan Opera: Live in HD\u201d, le invita a disfrutar de su sexto show de \u00f3pera \u201cIolanta \/ Bluebeard\u2019s Castle\u201d, una composici\u00f3n musical de B\u00e9la Bart\u00f3k, mostr\u00e1ndose este s\u00e1bado 21 de febrero, \u00a1aqu\u00ed en\u2026","rel":"","context":"En \u00abCasa de Campo Living @es\u00bb","block_context":{"text":"Casa de Campo Living @es","link":"https:\/\/casadecampoliving.com\/category\/casa-de-campo-living-es\/"},"img":{"alt_text":"","src":"https:\/\/i0.wp.com\/casadecampoliving.com\/wp-content\/uploads\/2022\/10\/Iolanta-Bluebeards-Castle-1.jpg?fit=800%2C543&ssl=1&resize=350%2C200","width":350,"height":200,"srcset":"https:\/\/i0.wp.com\/casadecampoliving.com\/wp-content\/uploads\/2022\/10\/Iolanta-Bluebeards-Castle-1.jpg?fit=800%2C543&ssl=1&resize=350%2C200 1x, https:\/\/i0.wp.com\/casadecampoliving.com\/wp-content\/uploads\/2022\/10\/Iolanta-Bluebeards-Castle-1.jpg?fit=800%2C543&ssl=1&resize=525%2C300 1.5x, https:\/\/i0.wp.com\/casadecampoliving.com\/wp-content\/uploads\/2022\/10\/Iolanta-Bluebeards-Castle-1.jpg?fit=800%2C543&ssl=1&resize=700%2C400 2x"},"classes":[]}],"jetpack_sharing_enabled":true,"_links":{"self":[{"href":"https:\/\/casadecampoliving.com\/es\/wp-json\/wp\/v2\/posts\/345770","targetHints":{"allow":["GET"]}}],"collection":[{"href":"https:\/\/casadecampoliving.com\/es\/wp-json\/wp\/v2\/posts"}],"about":[{"href":"https:\/\/casadecampoliving.com\/es\/wp-json\/wp\/v2\/types\/post"}],"author":[{"embeddable":true,"href":"https:\/\/casadecampoliving.com\/es\/wp-json\/wp\/v2\/users\/23245"}],"replies":[{"embeddable":true,"href":"https:\/\/casadecampoliving.com\/es\/wp-json\/wp\/v2\/comments?post=345770"}],"version-history":[{"count":1,"href":"https:\/\/casadecampoliving.com\/es\/wp-json\/wp\/v2\/posts\/345770\/revisions"}],"predecessor-version":[{"id":345771,"href":"https:\/\/casadecampoliving.com\/es\/wp-json\/wp\/v2\/posts\/345770\/revisions\/345771"}],"wp:featuredmedia":[{"embeddable":true,"href":"https:\/\/casadecampoliving.com\/es\/wp-json\/wp\/v2\/media\/280423"}],"wp:attachment":[{"href":"https:\/\/casadecampoliving.com\/es\/wp-json\/wp\/v2\/media?parent=345770"}],"wp:term":[{"taxonomy":"category","embeddable":true,"href":"https:\/\/casadecampoliving.com\/es\/wp-json\/wp\/v2\/categories?post=345770"},{"taxonomy":"post_tag","embeddable":true,"href":"https:\/\/casadecampoliving.com\/es\/wp-json\/wp\/v2\/tags?post=345770"},{"taxonomy":"newspack_spnsrs_tax","embeddable":true,"href":"https:\/\/casadecampoliving.com\/es\/wp-json\/wp\/v2\/newspack_spnsrs_tax?post=345770"}],"curies":[{"name":"wp","href":"https:\/\/api.w.org\/{rel}","templated":true}]}}