{"id":345692,"date":"2014-10-16T00:00:00","date_gmt":"2014-10-16T04:00:00","guid":{"rendered":"https:\/\/casadecampoliving.com\/cartelera-de-cine-del-16-al-22-de-octubre\/"},"modified":"2022-10-21T18:53:26","modified_gmt":"2022-10-21T22:53:26","slug":"cartelera-de-cine-del-16-al-22-de-octubre","status":"publish","type":"post","link":"https:\/\/casadecampoliving.com\/es\/cartelera-de-cine-del-16-al-22-de-octubre\/","title":{"rendered":"Cartelera de Cine: del 16 al 22 de Octubre"},"content":{"rendered":"<div class=\"wp-block-image\">\n<figure class=\"aligncenter is-resized\"><img loading=\"lazy\" decoding=\"async\" src=\"https:\/\/i0.wp.com\/casadecampoliving.com\/wp-content\/uploads\/2022\/10\/CDCAMP-OCT-16.jpg?resize=650%2C283&amp;ssl=1\" alt=\"CDCAMP OCT 16\" class=\"wp-image-99964\" height=\"283\" width=\"650\"\/><\/figure>\n<\/div>\n\n\n<p>Para esta semana el cine de la Marina Casa de Campo nos trae en cartelera 3 pel\u00edculas nuevas: <strong>\u201cMet Opera\u201d ,<\/strong><strong>\u201cPerdida\u201d<\/strong> y&nbsp;<strong>\u201cEl Libro de la Vida\u201d<\/strong>,<b>&nbsp;<\/b>mientras todav\u00eda en sala tenemos&nbsp;<strong>\u201cEl Protector\u201d<\/strong> y&nbsp;<strong>\u201cCantinflas\u201d<\/strong>.&nbsp;Salvedad:&nbsp;A partir de ahora el cine de la Marina Casa de Campo estar\u00e1 abierto&nbsp;todos los d\u00edas hasta nuevo aviso.<\/p>\n\n\n\n<p><strong> <\/strong><wp-block data-block=\"core\/more\"><\/wp-block><\/p>\n\n\n\n<blockquote><h3><b>Perdida&nbsp;<\/b><\/h3><p><strong>Proyecciones:<\/strong><\/p><ul>\n<li>Lunes \u2013 Viernes, 6:30pm &amp; 9:20pm<\/li>\n<li>S\u00e1bado \u2013 Domingo, 4pm, 6:30pm &amp; 9:20pm<\/li>\n<\/ul><p><strong>Synopsis:<em><br>\n<\/em><\/strong><em>En un caluroso d\u00eda de verano, Amy y Nick se disponen a celebrar su quinto aniversario de bodas en North Carthage, a orillas del r\u00edo Mississippi. Pero Amy desaparece esa misma ma\u00f1ana sin dejar rastro. A medida que la investigaci\u00f3n policial avanza las sospechas recaen sobre Nick. Sin embargo, Nick insiste en su inocencia. Es cierto que se muestra extra\u00f1amente evasivo y fr\u00edo, pero \u00bfes un asesino?<\/em><\/p><p><strong>Trailer:<\/strong><\/p><p><iframe loading=\"lazy\" src=\"\/\/www.youtube.com\/embed\/QZsF7IRTgMQ\" width=\"560\" height=\"315\" frameborder=\"0\" allowfullscreen=\"allowfullscreen\"><\/iframe><\/p><\/blockquote>\n\n\n\n<blockquote><h3><b>Cantinflas&nbsp;<\/b><\/h3><p><strong>Proyecciones:<\/strong> Dairio, 9:25pm<\/p><p><strong>Synopsis:<\/strong><a href=\"https:\/\/www.youtube.com\/watch?v=vhxLMl5QEXw\" target=\"_blank\" rel=\"noopener\"><br>\n<\/a><em>Cantinflas es una reconocida figura de la comedia mexicana, uno que hasta lleg\u00f3 a ganar el Globo de Oro por su papel como Passepartout en \u201cLa vuelta al mundo en ochenta d\u00edas\u201d en el 1956. Y en esta nueva pel\u00edcula no solo veremos todos los eventos antes de este hecho, sino que podremos apreciar la vida de este comediante en detalle con los eventos m\u00e1s destacados de su historia adem\u00e1s de ser galardonado con este mismo premio. A esto se le puede sumar que veremos todos los giros en la vida de Cantinflas y los distintos elementos que dieron lugar a su lanzamiento a la fama en el mundo de la comedia.<\/em><\/p><p><strong>Trailer:&nbsp;<\/strong><\/p><p><iframe loading=\"lazy\" src=\"\/\/www.youtube.com\/embed\/F-7Zg0l6NKk\" width=\"560\" height=\"315\" frameborder=\"0\" allowfullscreen=\"allowfullscreen\"><\/iframe><\/p><\/blockquote>\n\n\n\n<blockquote><h3><strong>El Protector&nbsp;<\/strong><\/h3><p><strong>Proyecciones:<\/strong><\/p><ul>\n<li>Lunes \u2013 Viernes, 6:50pm &amp; 9:30pm<\/li>\n<li>S\u00e1bado \u2013 Domingo, 4:30pm,&nbsp;6:50pm &amp; 9:30pm<\/li>\n<\/ul><p><strong>Synopsis:<\/strong><br>\n<em>Denzel Washington es Robert McCarll, un agente secreto que decide retirarse dejando as\u00ed su trabajo para la agencia gubernamental de la CIA. Ahora su principal preocupaci\u00f3n es encontrar a su hijo extraviado y seguir trabajando por cuenta propia en una oficina de investigaci\u00f3n que publica sus anuncios en los distintos peri\u00f3dicos. El negocio prospera gracias a casos de bandas, corrupci\u00f3n, acosos y psic\u00f3patas y a sus muchos contactos que todav\u00eda conserva de su antiguo puesto. Un cliente especial se pondr\u00e1 en contacto con el ex agente para encargarle un arriesgado plan para acabar con sus peligrosos enemigos.<\/em><\/p><p><strong>Trailer:<\/strong><\/p><p><iframe loading=\"lazy\" src=\"\/\/www.youtube.com\/embed\/Qt0GkVZK8zA\" width=\"560\" height=\"315\" frameborder=\"0\" allowfullscreen=\"allowfullscreen\"><\/iframe><\/p><\/blockquote>\n\n\n\n<blockquote><h3>Met Opera<\/h3><p><strong>Proyecciones:<\/strong>&nbsp; S\u00e1bados, 3:30pm<\/p><p><strong>Synopsis:<\/strong><a href=\"https:\/\/www.youtube.com\/watch?v=vhxLMl5QEXw\" target=\"_blank\" rel=\"noopener\"><br>\n<\/a><em>Encore de las operas del The Metropolitan Opera, incluyendo: The Merry Widow, Macbeth, Carmen, entre otras.&nbsp;<\/em><\/p><p><strong>Trailer:&nbsp;<\/strong><\/p><p><iframe loading=\"lazy\" src=\"\/\/www.youtube.com\/embed\/HXdXSjbVeAs?list=PLn61xHKsnoI1Mv630Kfw65YiMefni67m3\" width=\"560\" height=\"315\" frameborder=\"0\" allowfullscreen=\"allowfullscreen\"><\/iframe><\/p><\/blockquote>\n\n\n\n<blockquote><h3>El libro de la vida<\/h3><p><strong>Proyecciones:<\/strong><\/p><ul>\n<li>Lunes \u2013 Viernes, 7:15pm<\/li>\n<li>S\u00e1bado \u2013 Domingo, 5pm &amp; 7:15pm<\/li>\n<\/ul><p><strong>Synopsis:<br>\n<\/strong><em>Manolo, un joven que se debate entre el cumplimiento de las expectativas con su familia y su coraz\u00f3n, se embarca en una aventura que se extiende por tres mundos fant\u00e1sticos, donde debe enfrentarse a sus mayores miedos.<\/em><\/p><p><strong>Trailer:<\/strong><\/p><p><iframe loading=\"lazy\" src=\"\/\/www.youtube.com\/embed\/NBw5YScs8iQ\" width=\"560\" height=\"315\" frameborder=\"0\" allowfullscreen=\"allowfullscreen\"><\/iframe><\/p><p><strong>NOTA:<\/strong>&nbsp;Publicamos los nuevos horarios de pel\u00edculas tan pronto como las recibimos \u2013 normalmente los mi\u00e9rcoles por la tarde.<\/p><\/blockquote>\n","protected":false},"excerpt":{"rendered":"<p>Para esta semana el cine de la Marina Casa de Campo nos trae en cartelera 3 pel\u00edculas nuevas: \u201cMet Opera\u201d ,\u201cPerdida\u201d y&nbsp;\u201cEl Libro de la Vida\u201d,&nbsp;mientras todav\u00eda en sala tenemos&nbsp;\u201cEl Protector\u201d y&nbsp;\u201cCantinflas\u201d.&nbsp;Salvedad:&nbsp;A partir de ahora el cine de la Marina Casa de Campo estar\u00e1 abierto&nbsp;todos los d\u00edas hasta nuevo aviso. Perdida&nbsp; Proyecciones: Lunes \u2013 Viernes, [&hellip;]<\/p>\n","protected":false},"author":22010,"featured_media":279195,"comment_status":"closed","ping_status":"closed","sticky":false,"template":"","format":"standard","meta":{"newspack_ads_suppress_ads":false,"newspack_popups_has_disabled_popups":false,"newspack_sponsor_sponsorship_scope":"","newspack_sponsor_native_byline_display":"inherit","newspack_sponsor_native_category_display":"inherit","newspack_sponsor_underwriter_style":"inherit","newspack_sponsor_underwriter_placement":"inherit","_newspack_byline_active":false,"_newspack_byline":"","newspack_hide_updated_date":false,"newspack_show_updated_date":false,"newspack_content_restriction_is_exempt":false,"newspack_featured_image_position":"","newspack_post_subtitle":"","newspack_article_summary_title":"Overview:","newspack_article_summary":"","_jetpack_memberships_contains_paid_content":false,"footnotes":"","jetpack_publicize_message":"","jetpack_publicize_feature_enabled":true,"jetpack_social_post_already_shared":false,"jetpack_social_options":{"image_generator_settings":{"template":"highway","default_image_id":0,"font":"","enabled":false},"version":2},"_wpas_customize_per_network":false},"categories":[26823,26936,26951,3126,14631,26581,14625,2521,26822],"tags":[10624,2794,3573],"newspack_spnsrs_tax":[],"class_list":["post-345692","post","type-post","status-publish","format-standard","has-post-thumbnail","hentry","category-arte-y-cultura","category-casa-de-campo-living-es","category-ccl-presenta","category-cine-3","category-estilo-de-vida","category-la-marina-casa-de-campo","category-noticias-locales","category-republica-dominicana-2","category-resort-casa-de-campo","tag-caribbean-cinemas-es","tag-cartelera-de-cine","tag-marina-casa-de-campo-es","entry"],"yoast_head":"<!-- This site is optimized with the Yoast SEO plugin v27.4 - https:\/\/yoast.com\/product\/yoast-seo-wordpress\/ -->\n<title>Cartelera de Cine: del 16 al 22 de Octubre | Casa de Campo Living<\/title>\n<meta name=\"description\" content=\"Para esta semana el cine de la Marina Casa de Campo nos trae en cartelera 3 pel\u00edculas nuevas: \u201cMet Opera\u201d ,\u201cPerdida\u201d y&nbsp;\u201cEl Libro de la\" \/>\n<meta name=\"robots\" content=\"index, follow, max-snippet:-1, max-image-preview:large, max-video-preview:-1\" \/>\n<link rel=\"canonical\" href=\"https:\/\/casadecampoliving.com\/es\/cartelera-de-cine-del-16-al-22-de-octubre\/\" \/>\n<meta property=\"og:locale\" content=\"es_ES\" \/>\n<meta property=\"og:type\" content=\"article\" \/>\n<meta property=\"og:title\" content=\"Cartelera de Cine: del 16 al 22 de Octubre | Casa de Campo Living\" \/>\n<meta property=\"og:description\" content=\"Para esta semana el cine de la Marina Casa de Campo nos trae en cartelera 3 pel\u00edculas nuevas: \u201cMet Opera\u201d ,\u201cPerdida\u201d y&nbsp;\u201cEl Libro de la\" \/>\n<meta property=\"og:url\" content=\"https:\/\/casadecampoliving.com\/es\/cartelera-de-cine-del-16-al-22-de-octubre\/\" \/>\n<meta property=\"og:site_name\" content=\"Casa de Campo Living\" \/>\n<meta property=\"article:publisher\" content=\"https:\/\/www.facebook.com\/casadecampoliving\" \/>\n<meta property=\"article:published_time\" content=\"2014-10-16T04:00:00+00:00\" \/>\n<meta property=\"article:modified_time\" content=\"2022-10-21T22:53:26+00:00\" \/>\n<meta property=\"og:image\" content=\"https:\/\/i0.wp.com\/casadecampoliving.com\/wp-content\/uploads\/2022\/10\/CDCAMP-OCT-16-1.jpg?fit=797%2C347&ssl=1\" \/>\n\t<meta property=\"og:image:width\" content=\"797\" \/>\n\t<meta property=\"og:image:height\" content=\"347\" \/>\n\t<meta property=\"og:image:type\" content=\"image\/jpeg\" \/>\n<meta name=\"author\" content=\"Maria Isabel B\u00e1ez\" \/>\n<meta name=\"twitter:card\" content=\"summary_large_image\" \/>\n<meta name=\"twitter:creator\" content=\"@cdcliving\" \/>\n<meta name=\"twitter:site\" content=\"@cdcliving\" \/>\n<meta name=\"twitter:label1\" content=\"Escrito por\" \/>\n\t<meta name=\"twitter:data1\" content=\"Maria Isabel B\u00e1ez\" \/>\n\t<meta name=\"twitter:label2\" content=\"Tiempo de lectura\" \/>\n\t<meta name=\"twitter:data2\" content=\"3 minutos\" \/>\n<script type=\"application\/ld+json\" class=\"yoast-schema-graph\">{\"@context\":\"https:\\\/\\\/schema.org\",\"@graph\":[{\"@type\":\"Article\",\"@id\":\"https:\\\/\\\/casadecampoliving.com\\\/es\\\/cartelera-de-cine-del-16-al-22-de-octubre\\\/#article\",\"isPartOf\":{\"@id\":\"https:\\\/\\\/casadecampoliving.com\\\/es\\\/cartelera-de-cine-del-16-al-22-de-octubre\\\/\"},\"author\":{\"name\":\"Maria Isabel B\u00e1ez\",\"@id\":\"https:\\\/\\\/casadecampoliving.com\\\/es\\\/#\\\/schema\\\/person\\\/8fc218930d06cbe215cf6c4fc64caa11\"},\"headline\":\"Cartelera de Cine: del 16 al 22 de Octubre\",\"datePublished\":\"2014-10-16T04:00:00+00:00\",\"dateModified\":\"2022-10-21T22:53:26+00:00\",\"mainEntityOfPage\":{\"@id\":\"https:\\\/\\\/casadecampoliving.com\\\/es\\\/cartelera-de-cine-del-16-al-22-de-octubre\\\/\"},\"wordCount\":512,\"publisher\":{\"@id\":\"https:\\\/\\\/casadecampoliving.com\\\/es\\\/#organization\"},\"image\":{\"@id\":\"https:\\\/\\\/casadecampoliving.com\\\/es\\\/cartelera-de-cine-del-16-al-22-de-octubre\\\/#primaryimage\"},\"thumbnailUrl\":\"https:\\\/\\\/i0.wp.com\\\/casadecampoliving.com\\\/wp-content\\\/uploads\\\/2022\\\/10\\\/CDCAMP-OCT-16-1.jpg?fit=797%2C347&ssl=1\",\"keywords\":[\"Caribbean Cinemas @es\",\"cartelera de cine\",\"Marina Casa de Campo @es\"],\"articleSection\":[\"Arte y cultura\",\"Casa de Campo Living @es\",\"CCL presenta\",\"Cine @es\",\"Estilo de Vida\",\"La Marina Casa de Campo\",\"Noticias Locales\",\"Rep\u00fablica Dominicana @es\",\"Resort Casa de Campo\"],\"inLanguage\":\"es\"},{\"@type\":\"WebPage\",\"@id\":\"https:\\\/\\\/casadecampoliving.com\\\/es\\\/cartelera-de-cine-del-16-al-22-de-octubre\\\/\",\"url\":\"https:\\\/\\\/casadecampoliving.com\\\/es\\\/cartelera-de-cine-del-16-al-22-de-octubre\\\/\",\"name\":\"Cartelera de Cine: del 16 al 22 de Octubre | Casa de Campo Living\",\"isPartOf\":{\"@id\":\"https:\\\/\\\/casadecampoliving.com\\\/es\\\/#website\"},\"primaryImageOfPage\":{\"@id\":\"https:\\\/\\\/casadecampoliving.com\\\/es\\\/cartelera-de-cine-del-16-al-22-de-octubre\\\/#primaryimage\"},\"image\":{\"@id\":\"https:\\\/\\\/casadecampoliving.com\\\/es\\\/cartelera-de-cine-del-16-al-22-de-octubre\\\/#primaryimage\"},\"thumbnailUrl\":\"https:\\\/\\\/i0.wp.com\\\/casadecampoliving.com\\\/wp-content\\\/uploads\\\/2022\\\/10\\\/CDCAMP-OCT-16-1.jpg?fit=797%2C347&ssl=1\",\"datePublished\":\"2014-10-16T04:00:00+00:00\",\"dateModified\":\"2022-10-21T22:53:26+00:00\",\"description\":\"Para esta semana el cine de la Marina Casa de Campo nos trae en cartelera 3 pel\u00edculas nuevas: \u201cMet Opera\u201d ,\u201cPerdida\u201d y&nbsp;\u201cEl Libro de la\",\"breadcrumb\":{\"@id\":\"https:\\\/\\\/casadecampoliving.com\\\/es\\\/cartelera-de-cine-del-16-al-22-de-octubre\\\/#breadcrumb\"},\"inLanguage\":\"es\",\"potentialAction\":[{\"@type\":\"ReadAction\",\"target\":[\"https:\\\/\\\/casadecampoliving.com\\\/es\\\/cartelera-de-cine-del-16-al-22-de-octubre\\\/\"]}]},{\"@type\":\"ImageObject\",\"inLanguage\":\"es\",\"@id\":\"https:\\\/\\\/casadecampoliving.com\\\/es\\\/cartelera-de-cine-del-16-al-22-de-octubre\\\/#primaryimage\",\"url\":\"https:\\\/\\\/i0.wp.com\\\/casadecampoliving.com\\\/wp-content\\\/uploads\\\/2022\\\/10\\\/CDCAMP-OCT-16-1.jpg?fit=797%2C347&ssl=1\",\"contentUrl\":\"https:\\\/\\\/i0.wp.com\\\/casadecampoliving.com\\\/wp-content\\\/uploads\\\/2022\\\/10\\\/CDCAMP-OCT-16-1.jpg?fit=797%2C347&ssl=1\",\"width\":797,\"height\":347},{\"@type\":\"BreadcrumbList\",\"@id\":\"https:\\\/\\\/casadecampoliving.com\\\/es\\\/cartelera-de-cine-del-16-al-22-de-octubre\\\/#breadcrumb\",\"itemListElement\":[{\"@type\":\"ListItem\",\"position\":1,\"name\":\"Home\",\"item\":\"https:\\\/\\\/casadecampoliving.com\\\/es\\\/\"},{\"@type\":\"ListItem\",\"position\":2,\"name\":\"Cartelera de Cine: del 16 al 22 de Octubre\"}]},{\"@type\":\"WebSite\",\"@id\":\"https:\\\/\\\/casadecampoliving.com\\\/es\\\/#website\",\"url\":\"https:\\\/\\\/casadecampoliving.com\\\/es\\\/\",\"name\":\"Casa de Campo Living\",\"description\":\"Resort community news and resources.\",\"publisher\":{\"@id\":\"https:\\\/\\\/casadecampoliving.com\\\/es\\\/#organization\"},\"potentialAction\":[{\"@type\":\"SearchAction\",\"target\":{\"@type\":\"EntryPoint\",\"urlTemplate\":\"https:\\\/\\\/casadecampoliving.com\\\/es\\\/?s={search_term_string}\"},\"query-input\":{\"@type\":\"PropertyValueSpecification\",\"valueRequired\":true,\"valueName\":\"search_term_string\"}}],\"inLanguage\":\"es\"},{\"@type\":\"Organization\",\"@id\":\"https:\\\/\\\/casadecampoliving.com\\\/es\\\/#organization\",\"name\":\"Casa de Campo Living\",\"url\":\"https:\\\/\\\/casadecampoliving.com\\\/es\\\/\",\"logo\":{\"@type\":\"ImageObject\",\"inLanguage\":\"es\",\"@id\":\"https:\\\/\\\/casadecampoliving.com\\\/es\\\/#\\\/schema\\\/logo\\\/image\\\/\",\"url\":\"https:\\\/\\\/i0.wp.com\\\/casadecampoliving.com\\\/wp-content\\\/uploads\\\/2022\\\/07\\\/CDCLivingLogo_V1-white-sized.png?fit=800%2C214&ssl=1\",\"contentUrl\":\"https:\\\/\\\/i0.wp.com\\\/casadecampoliving.com\\\/wp-content\\\/uploads\\\/2022\\\/07\\\/CDCLivingLogo_V1-white-sized.png?fit=800%2C214&ssl=1\",\"width\":800,\"height\":214,\"caption\":\"Casa de Campo Living\"},\"image\":{\"@id\":\"https:\\\/\\\/casadecampoliving.com\\\/es\\\/#\\\/schema\\\/logo\\\/image\\\/\"},\"sameAs\":[\"https:\\\/\\\/www.facebook.com\\\/casadecampoliving\",\"https:\\\/\\\/x.com\\\/cdcliving\"]},{\"@type\":\"Person\",\"@id\":\"https:\\\/\\\/casadecampoliving.com\\\/es\\\/#\\\/schema\\\/person\\\/8fc218930d06cbe215cf6c4fc64caa11\",\"name\":\"Maria Isabel B\u00e1ez\",\"image\":{\"@type\":\"ImageObject\",\"inLanguage\":\"es\",\"@id\":\"https:\\\/\\\/secure.gravatar.com\\\/avatar\\\/d6e25af8826ab9ae04e6fcc864034c13600a3a03fc45e4bd8fe7ab8c4d289c2a?s=96&d=mm&r=g\",\"url\":\"https:\\\/\\\/secure.gravatar.com\\\/avatar\\\/d6e25af8826ab9ae04e6fcc864034c13600a3a03fc45e4bd8fe7ab8c4d289c2a?s=96&d=mm&r=g\",\"contentUrl\":\"https:\\\/\\\/secure.gravatar.com\\\/avatar\\\/d6e25af8826ab9ae04e6fcc864034c13600a3a03fc45e4bd8fe7ab8c4d289c2a?s=96&d=mm&r=g\",\"caption\":\"Maria Isabel B\u00e1ez\"},\"url\":\"https:\\\/\\\/casadecampoliving.com\\\/es\\\/author\\\/mbaez\\\/\"}]}<\/script>\n<!-- \/ Yoast SEO plugin. -->","yoast_head_json":{"title":"Cartelera de Cine: del 16 al 22 de Octubre | Casa de Campo Living","description":"Para esta semana el cine de la Marina Casa de Campo nos trae en cartelera 3 pel\u00edculas nuevas: \u201cMet Opera\u201d ,\u201cPerdida\u201d y&nbsp;\u201cEl Libro de la","robots":{"index":"index","follow":"follow","max-snippet":"max-snippet:-1","max-image-preview":"max-image-preview:large","max-video-preview":"max-video-preview:-1"},"canonical":"https:\/\/casadecampoliving.com\/es\/cartelera-de-cine-del-16-al-22-de-octubre\/","og_locale":"es_ES","og_type":"article","og_title":"Cartelera de Cine: del 16 al 22 de Octubre | Casa de Campo Living","og_description":"Para esta semana el cine de la Marina Casa de Campo nos trae en cartelera 3 pel\u00edculas nuevas: \u201cMet Opera\u201d ,\u201cPerdida\u201d y&nbsp;\u201cEl Libro de la","og_url":"https:\/\/casadecampoliving.com\/es\/cartelera-de-cine-del-16-al-22-de-octubre\/","og_site_name":"Casa de Campo Living","article_publisher":"https:\/\/www.facebook.com\/casadecampoliving","article_published_time":"2014-10-16T04:00:00+00:00","article_modified_time":"2022-10-21T22:53:26+00:00","og_image":[{"width":797,"height":347,"url":"https:\/\/i0.wp.com\/casadecampoliving.com\/wp-content\/uploads\/2022\/10\/CDCAMP-OCT-16-1.jpg?fit=797%2C347&ssl=1","type":"image\/jpeg"}],"author":"Maria Isabel B\u00e1ez","twitter_card":"summary_large_image","twitter_creator":"@cdcliving","twitter_site":"@cdcliving","twitter_misc":{"Escrito por":"Maria Isabel B\u00e1ez","Tiempo de lectura":"3 minutos"},"schema":{"@context":"https:\/\/schema.org","@graph":[{"@type":"Article","@id":"https:\/\/casadecampoliving.com\/es\/cartelera-de-cine-del-16-al-22-de-octubre\/#article","isPartOf":{"@id":"https:\/\/casadecampoliving.com\/es\/cartelera-de-cine-del-16-al-22-de-octubre\/"},"author":{"name":"Maria Isabel B\u00e1ez","@id":"https:\/\/casadecampoliving.com\/es\/#\/schema\/person\/8fc218930d06cbe215cf6c4fc64caa11"},"headline":"Cartelera de Cine: del 16 al 22 de Octubre","datePublished":"2014-10-16T04:00:00+00:00","dateModified":"2022-10-21T22:53:26+00:00","mainEntityOfPage":{"@id":"https:\/\/casadecampoliving.com\/es\/cartelera-de-cine-del-16-al-22-de-octubre\/"},"wordCount":512,"publisher":{"@id":"https:\/\/casadecampoliving.com\/es\/#organization"},"image":{"@id":"https:\/\/casadecampoliving.com\/es\/cartelera-de-cine-del-16-al-22-de-octubre\/#primaryimage"},"thumbnailUrl":"https:\/\/i0.wp.com\/casadecampoliving.com\/wp-content\/uploads\/2022\/10\/CDCAMP-OCT-16-1.jpg?fit=797%2C347&ssl=1","keywords":["Caribbean Cinemas @es","cartelera de cine","Marina Casa de Campo @es"],"articleSection":["Arte y cultura","Casa de Campo Living @es","CCL presenta","Cine @es","Estilo de Vida","La Marina Casa de Campo","Noticias Locales","Rep\u00fablica Dominicana @es","Resort Casa de Campo"],"inLanguage":"es"},{"@type":"WebPage","@id":"https:\/\/casadecampoliving.com\/es\/cartelera-de-cine-del-16-al-22-de-octubre\/","url":"https:\/\/casadecampoliving.com\/es\/cartelera-de-cine-del-16-al-22-de-octubre\/","name":"Cartelera de Cine: del 16 al 22 de Octubre | Casa de Campo Living","isPartOf":{"@id":"https:\/\/casadecampoliving.com\/es\/#website"},"primaryImageOfPage":{"@id":"https:\/\/casadecampoliving.com\/es\/cartelera-de-cine-del-16-al-22-de-octubre\/#primaryimage"},"image":{"@id":"https:\/\/casadecampoliving.com\/es\/cartelera-de-cine-del-16-al-22-de-octubre\/#primaryimage"},"thumbnailUrl":"https:\/\/i0.wp.com\/casadecampoliving.com\/wp-content\/uploads\/2022\/10\/CDCAMP-OCT-16-1.jpg?fit=797%2C347&ssl=1","datePublished":"2014-10-16T04:00:00+00:00","dateModified":"2022-10-21T22:53:26+00:00","description":"Para esta semana el cine de la Marina Casa de Campo nos trae en cartelera 3 pel\u00edculas nuevas: \u201cMet Opera\u201d ,\u201cPerdida\u201d y&nbsp;\u201cEl Libro de la","breadcrumb":{"@id":"https:\/\/casadecampoliving.com\/es\/cartelera-de-cine-del-16-al-22-de-octubre\/#breadcrumb"},"inLanguage":"es","potentialAction":[{"@type":"ReadAction","target":["https:\/\/casadecampoliving.com\/es\/cartelera-de-cine-del-16-al-22-de-octubre\/"]}]},{"@type":"ImageObject","inLanguage":"es","@id":"https:\/\/casadecampoliving.com\/es\/cartelera-de-cine-del-16-al-22-de-octubre\/#primaryimage","url":"https:\/\/i0.wp.com\/casadecampoliving.com\/wp-content\/uploads\/2022\/10\/CDCAMP-OCT-16-1.jpg?fit=797%2C347&ssl=1","contentUrl":"https:\/\/i0.wp.com\/casadecampoliving.com\/wp-content\/uploads\/2022\/10\/CDCAMP-OCT-16-1.jpg?fit=797%2C347&ssl=1","width":797,"height":347},{"@type":"BreadcrumbList","@id":"https:\/\/casadecampoliving.com\/es\/cartelera-de-cine-del-16-al-22-de-octubre\/#breadcrumb","itemListElement":[{"@type":"ListItem","position":1,"name":"Home","item":"https:\/\/casadecampoliving.com\/es\/"},{"@type":"ListItem","position":2,"name":"Cartelera de Cine: del 16 al 22 de Octubre"}]},{"@type":"WebSite","@id":"https:\/\/casadecampoliving.com\/es\/#website","url":"https:\/\/casadecampoliving.com\/es\/","name":"Casa de Campo Living","description":"Resort community news and resources.","publisher":{"@id":"https:\/\/casadecampoliving.com\/es\/#organization"},"potentialAction":[{"@type":"SearchAction","target":{"@type":"EntryPoint","urlTemplate":"https:\/\/casadecampoliving.com\/es\/?s={search_term_string}"},"query-input":{"@type":"PropertyValueSpecification","valueRequired":true,"valueName":"search_term_string"}}],"inLanguage":"es"},{"@type":"Organization","@id":"https:\/\/casadecampoliving.com\/es\/#organization","name":"Casa de Campo Living","url":"https:\/\/casadecampoliving.com\/es\/","logo":{"@type":"ImageObject","inLanguage":"es","@id":"https:\/\/casadecampoliving.com\/es\/#\/schema\/logo\/image\/","url":"https:\/\/i0.wp.com\/casadecampoliving.com\/wp-content\/uploads\/2022\/07\/CDCLivingLogo_V1-white-sized.png?fit=800%2C214&ssl=1","contentUrl":"https:\/\/i0.wp.com\/casadecampoliving.com\/wp-content\/uploads\/2022\/07\/CDCLivingLogo_V1-white-sized.png?fit=800%2C214&ssl=1","width":800,"height":214,"caption":"Casa de Campo Living"},"image":{"@id":"https:\/\/casadecampoliving.com\/es\/#\/schema\/logo\/image\/"},"sameAs":["https:\/\/www.facebook.com\/casadecampoliving","https:\/\/x.com\/cdcliving"]},{"@type":"Person","@id":"https:\/\/casadecampoliving.com\/es\/#\/schema\/person\/8fc218930d06cbe215cf6c4fc64caa11","name":"Maria Isabel B\u00e1ez","image":{"@type":"ImageObject","inLanguage":"es","@id":"https:\/\/secure.gravatar.com\/avatar\/d6e25af8826ab9ae04e6fcc864034c13600a3a03fc45e4bd8fe7ab8c4d289c2a?s=96&d=mm&r=g","url":"https:\/\/secure.gravatar.com\/avatar\/d6e25af8826ab9ae04e6fcc864034c13600a3a03fc45e4bd8fe7ab8c4d289c2a?s=96&d=mm&r=g","contentUrl":"https:\/\/secure.gravatar.com\/avatar\/d6e25af8826ab9ae04e6fcc864034c13600a3a03fc45e4bd8fe7ab8c4d289c2a?s=96&d=mm&r=g","caption":"Maria Isabel B\u00e1ez"},"url":"https:\/\/casadecampoliving.com\/es\/author\/mbaez\/"}]}},"parsely":{"version":"1.1.0","canonical_url":"https:\/\/casadecampoliving.com\/es\/cartelera-de-cine-del-16-al-22-de-octubre\/","smart_links":{"inbound":0,"outbound":0},"traffic_boost_suggestions_count":0,"meta":{"@context":"https:\/\/schema.org","@type":"NewsArticle","headline":"Cartelera de Cine: del 16 al 22 de Octubre","url":"http:\/\/casadecampoliving.com\/es\/cartelera-de-cine-del-16-al-22-de-octubre\/","mainEntityOfPage":{"@type":"WebPage","@id":"http:\/\/casadecampoliving.com\/es\/cartelera-de-cine-del-16-al-22-de-octubre\/"},"thumbnailUrl":"https:\/\/i0.wp.com\/casadecampoliving.com\/wp-content\/uploads\/2022\/10\/CDCAMP-OCT-16-1.jpg?resize=150%2C150&ssl=1","image":{"@type":"ImageObject","url":"https:\/\/i0.wp.com\/casadecampoliving.com\/wp-content\/uploads\/2022\/10\/CDCAMP-OCT-16-1.jpg?fit=797%2C347&ssl=1"},"articleSection":"Arte y cultura","author":[{"@type":"Person","name":"Maria Isabel B\u00e1ez"}],"creator":["Maria Isabel B\u00e1ez"],"publisher":{"@type":"Organization","name":"Casa de Campo Living","logo":"https:\/\/casadecampoliving.com\/wp-content\/uploads\/2022\/07\/CDCLivingLogo_V1-white-sized.png"},"keywords":["caribbean cinemas @es","cartelera de cine","marina casa de campo @es"],"dateCreated":"2014-10-16T04:00:00Z","datePublished":"2014-10-16T04:00:00Z","dateModified":"2022-10-21T22:53:26Z"},"rendered":"<script type=\"application\/ld+json\" class=\"wp-parsely-metadata\">{\"@context\":\"https:\\\/\\\/schema.org\",\"@type\":\"NewsArticle\",\"headline\":\"Cartelera de Cine: del 16 al 22 de Octubre\",\"url\":\"http:\\\/\\\/casadecampoliving.com\\\/es\\\/cartelera-de-cine-del-16-al-22-de-octubre\\\/\",\"mainEntityOfPage\":{\"@type\":\"WebPage\",\"@id\":\"http:\\\/\\\/casadecampoliving.com\\\/es\\\/cartelera-de-cine-del-16-al-22-de-octubre\\\/\"},\"thumbnailUrl\":\"https:\\\/\\\/i0.wp.com\\\/casadecampoliving.com\\\/wp-content\\\/uploads\\\/2022\\\/10\\\/CDCAMP-OCT-16-1.jpg?resize=150%2C150&ssl=1\",\"image\":{\"@type\":\"ImageObject\",\"url\":\"https:\\\/\\\/i0.wp.com\\\/casadecampoliving.com\\\/wp-content\\\/uploads\\\/2022\\\/10\\\/CDCAMP-OCT-16-1.jpg?fit=797%2C347&ssl=1\"},\"articleSection\":\"Arte y cultura\",\"author\":[{\"@type\":\"Person\",\"name\":\"Maria Isabel B\\u00e1ez\"}],\"creator\":[\"Maria Isabel B\\u00e1ez\"],\"publisher\":{\"@type\":\"Organization\",\"name\":\"Casa de Campo Living\",\"logo\":\"https:\\\/\\\/casadecampoliving.com\\\/wp-content\\\/uploads\\\/2022\\\/07\\\/CDCLivingLogo_V1-white-sized.png\"},\"keywords\":[\"caribbean cinemas @es\",\"cartelera de cine\",\"marina casa de campo @es\"],\"dateCreated\":\"2014-10-16T04:00:00Z\",\"datePublished\":\"2014-10-16T04:00:00Z\",\"dateModified\":\"2022-10-21T22:53:26Z\"}<\/script>","tracker_url":"https:\/\/cdn.parsely.com\/keys\/casadecampoliving.com\/p.js"},"jetpack_publicize_connections":[],"jetpack_featured_media_url":"https:\/\/i0.wp.com\/casadecampoliving.com\/wp-content\/uploads\/2022\/10\/CDCAMP-OCT-16-1.jpg?fit=797%2C347&ssl=1","jetpack-related-posts":[{"id":351340,"url":"https:\/\/casadecampoliving.com\/es\/marina-casa-de-campo-cartelera-de-cine-6-12-de-abril\/","url_meta":{"origin":345692,"position":0},"title":"Marina Casa de Campo Cartelera de Cine: 6 &#8211; 12 de abril","author":"Marlenys Guzm\u00e1n Casta\u00f1os","date":"6 Abr, 2017","format":false,"excerpt":"Esta semana el cine de Marina Casa de Campo nos trae dos nuevas pel\u00edculas, \u201cUn Golpe con Estilo\u201d, \u201cPitufos: La Aldea Perdida\u201d y\u00a0\u201cDe-Mentes Criminales\u201d, mientras que todav\u00eda proyectan\u00a0\u201cBoss Baby\u201d. \u201cUn Golpe con Estilo\u201dProyecciones: Lunes \u2013 Domingo 5:10pm, 7:20pm, 9:30pm Sinopsis:\u00a0Willie (Morgan Freeman), Joe (Michael Caine) y Al (Alan Arkin) son\u2026","rel":"","context":"En \u00abCine @es\u00bb","block_context":{"text":"Cine @es","link":"https:\/\/casadecampoliving.com\/es\/category\/cine-3\/"},"img":{"alt_text":"","src":"https:\/\/i0.wp.com\/casadecampoliving.com\/wp-content\/uploads\/2022\/10\/CDCAMP-06-Abril.jpg?fit=800%2C356&ssl=1&resize=350%2C200","width":350,"height":200,"srcset":"https:\/\/i0.wp.com\/casadecampoliving.com\/wp-content\/uploads\/2022\/10\/CDCAMP-06-Abril.jpg?fit=800%2C356&ssl=1&resize=350%2C200 1x, https:\/\/i0.wp.com\/casadecampoliving.com\/wp-content\/uploads\/2022\/10\/CDCAMP-06-Abril.jpg?fit=800%2C356&ssl=1&resize=525%2C300 1.5x, https:\/\/i0.wp.com\/casadecampoliving.com\/wp-content\/uploads\/2022\/10\/CDCAMP-06-Abril.jpg?fit=800%2C356&ssl=1&resize=700%2C400 2x"},"classes":[]},{"id":350925,"url":"https:\/\/casadecampoliving.com\/es\/marina-casa-de-campo-cartelera-de-cine-15-21-diciembre\/","url_meta":{"origin":345692,"position":1},"title":"Marina Casa de Campo Cartelera de Cine: 15-21 Diciembre","author":"Marlenys Guzm\u00e1n Casta\u00f1os","date":"16 Dic, 2016","format":false,"excerpt":"Esta semana los nuevos estrenos en la cartelera\u00a0de cine de Marina Casa de Campo incluyen: \u201cRogue One\u201d,\u00a0\u201cEl Abogado del Mal\u201d\u00a0mientras que todav\u00eda se est\u00e1n proyectando\u00a0 \u201cSully\u201d. \u201cRogue One\u201dProyecciones: Lunes \u2013 Viernes\u00a06:30pm, 6:45pm, 9:25pm S\u00e1bado\u00a0\u2013 Domingo\u00a04:15pm, 4:25pm, 6:30, 6:45pm, 9:25pm Sinopsis: La Rebeli\u00f3n hace un movimiento arriesgado para robar los planos\u2026","rel":"","context":"En \u00abCine @es\u00bb","block_context":{"text":"Cine @es","link":"https:\/\/casadecampoliving.com\/es\/category\/cine-3\/"},"img":{"alt_text":"","src":"https:\/\/i0.wp.com\/casadecampoliving.com\/wp-content\/uploads\/2022\/10\/CDCAMP-15-de-Diciembre.jpg?fit=800%2C348&ssl=1&resize=350%2C200","width":350,"height":200,"srcset":"https:\/\/i0.wp.com\/casadecampoliving.com\/wp-content\/uploads\/2022\/10\/CDCAMP-15-de-Diciembre.jpg?fit=800%2C348&ssl=1&resize=350%2C200 1x, https:\/\/i0.wp.com\/casadecampoliving.com\/wp-content\/uploads\/2022\/10\/CDCAMP-15-de-Diciembre.jpg?fit=800%2C348&ssl=1&resize=525%2C300 1.5x, https:\/\/i0.wp.com\/casadecampoliving.com\/wp-content\/uploads\/2022\/10\/CDCAMP-15-de-Diciembre.jpg?fit=800%2C348&ssl=1&resize=700%2C400 2x"},"classes":[]},{"id":350314,"url":"https:\/\/casadecampoliving.com\/es\/marina-casa-de-campo-cartelera-de-cine-4-10-de-agosto\/","url_meta":{"origin":345692,"position":2},"title":"Marina Casa de Campo cartelera de cine: 4 \u2013 10 de Agosto","author":"Marlenys Guzm\u00e1n Casta\u00f1os","date":"4 Ago, 2016","format":false,"excerpt":"Para esta semana, el cine de la Marina Casa de Campo nos trae dos\u00a0nuevas pel\u00edculas: \u201cEscuadr\u00f3n Suicida\u201d y\u00a0\u201cLa Vida secreta de tus mascotas\u201d.\u00a0Mientras que en sala todav\u00eda tenemos: \u201cYa conoces su nombre\u201c. \u201cEscuadr\u00f3n Suicida\u201dProyecciones: Lunes\u00a0\u2013 Viernes, 6:50pm & 9:30pm S\u00e1bado\u00a0\u2013 Domingo,\u00a04:05pm, 6:50pm & \u00a09:30pm Sinopsis:\u00a0Asumiendo que\u00a0todos ellos son prescindibles, un\u2026","rel":"","context":"En \u00abCine @es\u00bb","block_context":{"text":"Cine @es","link":"https:\/\/casadecampoliving.com\/es\/category\/cine-3\/"},"img":{"alt_text":"","src":"https:\/\/i0.wp.com\/casadecampoliving.com\/wp-content\/uploads\/2022\/10\/Movieboard.jpg?fit=799%2C346&ssl=1&resize=350%2C200","width":350,"height":200,"srcset":"https:\/\/i0.wp.com\/casadecampoliving.com\/wp-content\/uploads\/2022\/10\/Movieboard.jpg?fit=799%2C346&ssl=1&resize=350%2C200 1x, https:\/\/i0.wp.com\/casadecampoliving.com\/wp-content\/uploads\/2022\/10\/Movieboard.jpg?fit=799%2C346&ssl=1&resize=525%2C300 1.5x, https:\/\/i0.wp.com\/casadecampoliving.com\/wp-content\/uploads\/2022\/10\/Movieboard.jpg?fit=799%2C346&ssl=1&resize=700%2C400 2x"},"classes":[]},{"id":351038,"url":"https:\/\/casadecampoliving.com\/es\/marina-casa-de-campo-cartelera-de-cine-18-25-de-enero\/","url_meta":{"origin":345692,"position":3},"title":"Marina Casa de Campo Cartelera de Cine: 18-25 de Enero","author":"Marlenys Guzm\u00e1n Casta\u00f1os","date":"19 Ene, 2017","format":false,"excerpt":"\u00bfRecuerdas esa pel\u00edcula que Vin Diesel y Ruby Rose estaban filmando el a\u00f1o pasado en la Rep\u00fablica Dominicana? Bueno, finalmente tendremos la oportunidad de verla, xXx: The Return of Xander Cage esta en el cine. Adem\u00e1s, seremos testigos de la hermosa historia basada en la vida\u00a0de Madame Florence Foster Jenkins\u2026","rel":"","context":"En \u00abCine @es\u00bb","block_context":{"text":"Cine @es","link":"https:\/\/casadecampoliving.com\/es\/category\/cine-3\/"},"img":{"alt_text":"Casa de Campo Movie Times","src":"https:\/\/i0.wp.com\/casadecampoliving.com\/wp-content\/uploads\/2022\/10\/CDCAMP-19-ene-1.jpg?fit=798%2C357&ssl=1&resize=350%2C200","width":350,"height":200,"srcset":"https:\/\/i0.wp.com\/casadecampoliving.com\/wp-content\/uploads\/2022\/10\/CDCAMP-19-ene-1.jpg?fit=798%2C357&ssl=1&resize=350%2C200 1x, https:\/\/i0.wp.com\/casadecampoliving.com\/wp-content\/uploads\/2022\/10\/CDCAMP-19-ene-1.jpg?fit=798%2C357&ssl=1&resize=525%2C300 1.5x, https:\/\/i0.wp.com\/casadecampoliving.com\/wp-content\/uploads\/2022\/10\/CDCAMP-19-ene-1.jpg?fit=798%2C357&ssl=1&resize=700%2C400 2x"},"classes":[]},{"id":338821,"url":"https:\/\/casadecampoliving.com\/es\/cartelera-de-cine-19-26-de-abril\/","url_meta":{"origin":345692,"position":4},"title":"Cartelera de Cine: 19 -26 de abril!","author":"","date":"19 Abr, 2012","format":false,"excerpt":"Esta semana, el cine de La Marina Casa de Campo nos trae una nueva pel\u00edcula; \u201cTodos los d\u00edas de mi vida\u201d.\u00a0A\u00fan en las salas\u00a0\u00a0\u201cEl invitado\u201d\u00a0(Safe House), \u201cThe Lorax\u201d y \u201cTan fuerte, tan cerca\u201d ! The Lorax\u00a0[ver trailer,\u00a0leer cr\u00edtica] La pel\u00edcula cuenta la historia de un chico que busca el objeto\u2026","rel":"","context":"En \u00abArte y cultura\u00bb","block_context":{"text":"Arte y cultura","link":"https:\/\/casadecampoliving.com\/category\/arte-y-cultura\/"},"img":{"alt_text":"","src":"https:\/\/i0.wp.com\/casadecampoliving.com\/wp-content\/uploads\/2022\/10\/Movietimes-Marina-1.jpg?fit=798%2C346&ssl=1&resize=350%2C200","width":350,"height":200,"srcset":"https:\/\/i0.wp.com\/casadecampoliving.com\/wp-content\/uploads\/2022\/10\/Movietimes-Marina-1.jpg?fit=798%2C346&ssl=1&resize=350%2C200 1x, https:\/\/i0.wp.com\/casadecampoliving.com\/wp-content\/uploads\/2022\/10\/Movietimes-Marina-1.jpg?fit=798%2C346&ssl=1&resize=525%2C300 1.5x, https:\/\/i0.wp.com\/casadecampoliving.com\/wp-content\/uploads\/2022\/10\/Movietimes-Marina-1.jpg?fit=798%2C346&ssl=1&resize=700%2C400 2x"},"classes":[]},{"id":342657,"url":"https:\/\/casadecampoliving.com\/es\/deadfall-esta-en-el-cine-cartelera-de-cine-la-marina-casa-de-campo-del-8-al-15-de-agosto\/","url_meta":{"origin":345692,"position":5},"title":"\u00a1Deadfall est\u00e1 en el cine! Cartelera de cine La Marina Casa de Campo: del 8 al 15 de agosto","author":"Eliana Alba","date":"8 Ago, 2013","format":false,"excerpt":"EL drama de crimen\u00a0Deadfall, protagonizado por\u00a0Eric Bana ha llegado a la Marina, Casa de Campo. Todav\u00eda en sala se encuentran\u00a0El Llanero Solitario\u00a0y\u00a0Los Pitufos 2. Deadfall\u00a0[view trailer,\u00a0leer cr\u00edtica]\u00a0 \u00a0 \u00a0 \u00a0 \u00a0 \u00a0 \u00a0 \u00a0 \u00a0 \u00a0 \u00a0 \u00a0 \u00a0 \u00a0 \u00a0 \u00a0 \u00a0 \u00a0 \u00a0 \u00a0 \u00a0 \u00a0 \u00a0 \u00a0\u2026","rel":"","context":"En \u00abArte y cultura\u00bb","block_context":{"text":"Arte y cultura","link":"https:\/\/casadecampoliving.com\/category\/arte-y-cultura\/"},"img":{"alt_text":"Movie times casa de campo","src":"https:\/\/i0.wp.com\/casadecampoliving.com\/wp-content\/uploads\/2022\/10\/CDCAMP-feb-8-de-agosto-1.jpg?fit=796%2C347&ssl=1&resize=350%2C200","width":350,"height":200,"srcset":"https:\/\/i0.wp.com\/casadecampoliving.com\/wp-content\/uploads\/2022\/10\/CDCAMP-feb-8-de-agosto-1.jpg?fit=796%2C347&ssl=1&resize=350%2C200 1x, https:\/\/i0.wp.com\/casadecampoliving.com\/wp-content\/uploads\/2022\/10\/CDCAMP-feb-8-de-agosto-1.jpg?fit=796%2C347&ssl=1&resize=525%2C300 1.5x, https:\/\/i0.wp.com\/casadecampoliving.com\/wp-content\/uploads\/2022\/10\/CDCAMP-feb-8-de-agosto-1.jpg?fit=796%2C347&ssl=1&resize=700%2C400 2x"},"classes":[]}],"jetpack_sharing_enabled":true,"_links":{"self":[{"href":"https:\/\/casadecampoliving.com\/es\/wp-json\/wp\/v2\/posts\/345692","targetHints":{"allow":["GET"]}}],"collection":[{"href":"https:\/\/casadecampoliving.com\/es\/wp-json\/wp\/v2\/posts"}],"about":[{"href":"https:\/\/casadecampoliving.com\/es\/wp-json\/wp\/v2\/types\/post"}],"author":[{"embeddable":true,"href":"https:\/\/casadecampoliving.com\/es\/wp-json\/wp\/v2\/users\/22010"}],"replies":[{"embeddable":true,"href":"https:\/\/casadecampoliving.com\/es\/wp-json\/wp\/v2\/comments?post=345692"}],"version-history":[{"count":1,"href":"https:\/\/casadecampoliving.com\/es\/wp-json\/wp\/v2\/posts\/345692\/revisions"}],"predecessor-version":[{"id":345693,"href":"https:\/\/casadecampoliving.com\/es\/wp-json\/wp\/v2\/posts\/345692\/revisions\/345693"}],"wp:featuredmedia":[{"embeddable":true,"href":"https:\/\/casadecampoliving.com\/es\/wp-json\/wp\/v2\/media\/279195"}],"wp:attachment":[{"href":"https:\/\/casadecampoliving.com\/es\/wp-json\/wp\/v2\/media?parent=345692"}],"wp:term":[{"taxonomy":"category","embeddable":true,"href":"https:\/\/casadecampoliving.com\/es\/wp-json\/wp\/v2\/categories?post=345692"},{"taxonomy":"post_tag","embeddable":true,"href":"https:\/\/casadecampoliving.com\/es\/wp-json\/wp\/v2\/tags?post=345692"},{"taxonomy":"newspack_spnsrs_tax","embeddable":true,"href":"https:\/\/casadecampoliving.com\/es\/wp-json\/wp\/v2\/newspack_spnsrs_tax?post=345692"}],"curies":[{"name":"wp","href":"https:\/\/api.w.org\/{rel}","templated":true}]}}