{"id":345678,"date":"2014-10-18T00:00:00","date_gmt":"2014-10-18T04:00:00","guid":{"rendered":"https:\/\/casadecampoliving.com\/sample-sale-en-jenny-polanco-altos-de-chavon\/"},"modified":"2022-10-21T18:53:07","modified_gmt":"2022-10-21T22:53:07","slug":"sample-sale-en-jenny-polanco-altos-de-chavon","status":"publish","type":"post","link":"https:\/\/casadecampoliving.com\/es\/sample-sale-en-jenny-polanco-altos-de-chavon\/","title":{"rendered":"\u201cSample Sale\u201d en Jenny Polanco, Altos de Chav\u00f3n"},"content":{"rendered":"<div class=\"wp-block-image\">\n<figure class=\"aligncenter is-resized\"><img loading=\"lazy\" decoding=\"async\" src=\"https:\/\/i0.wp.com\/casadecampoliving.com\/wp-content\/uploads\/2022\/10\/Jenny-Polanco-e1413319816620.jpg?resize=650%2C479&amp;ssl=1\" alt=\"\" class=\"wp-image-99894\" height=\"479\" width=\"650\"\/><\/figure>\n<\/div>\n\n\n<p>\u00bfAcaso dijo DESCUENTO? \u00a1S\u00ed, eso es! La famosa dise\u00f1adora Dominicana, Jenny Polanco, estar\u00e1 organizando un \u201cSample Sale\u201d en piezas exclusivas de sus colecciones pasadas: \u00a1ropa y accesorios!<\/p>\n\n\n\n<!--more-->\n\n\n<div class=\"wp-block-image\">\n<figure class=\"alignright is-resized\"><img loading=\"lazy\" decoding=\"async\" src=\"https:\/\/i0.wp.com\/casadecampoliving.com\/wp-content\/uploads\/2022\/10\/jenny_polanco2-3.jpg?resize=300%2C450&amp;ssl=1\" alt=\"jenny_polanco\" class=\"wp-image-70219\" height=\"450\" width=\"300\"\/><\/figure>\n<\/div>\n\n\n<p>Esta es tu oportunidad de obtener uno de los dise\u00f1os super chic de Jenny \u2013 \u00a1con descuentos incre\u00edbles! \u00a1\u00a1Espere ofertas con hasta un 75, 60 y 50% de descuento!! Este incre\u00edble Sample Sale tomar\u00e1 lugar en el&nbsp;Jenny Polanco Project en Casa del R\u00edo, Altos de Chav\u00f3n.<\/p>\n\n\n\n<p>Jenny Polanco cuenta con cuatro boutiques distribuidas en Santo Domingo y dos en Casa de Campo, espec\u00edficamente en la Marina Casa de Campo y Altos de Chav\u00f3n, all\u00ed encontrar\u00e1 todo desde los dise\u00f1os cl\u00e1sicos de Jenny Polanco, joyas y carteras hasta trajes de ba\u00f1o y bolsas de playa. Tambi\u00e9n se suman la asombrosa artesan\u00eda dominicana y haitiana, como m\u00e1scaras de carnaval, vasijas, canastas, decoraciones de mesa en madera y mucho m\u00e1s. Esto hace de Jenny Polanco project la mejor tienda para la compra de genuinos souvenirs y regalos en el pa\u00eds.<\/p>\n\n\n\n<p>Adem\u00e1s de la artesan\u00eda tradicional, Jenny Polanco presenta con orgullo sus propios dise\u00f1os de vestidos y blusas blancos tropicales, con detalles de ambar ideales para el calor del Caribe, carteras y joyas de moda.<\/p>\n\n\n\n<blockquote class=\"wp-block-quote is-layout-flow wp-block-quote-is-layout-flow\"><p><strong>Sample Sale de Jenny Polanco:<\/strong><\/p><p><strong>D\u00f3nde:<\/strong>&nbsp;Jenny Polanco Project en Casa del R\u00edo, Altos de Chav\u00f3n<\/p><p><strong>Cu\u00e1ndo:<\/strong>&nbsp;30 de octubre \u2013 2 de noviembre<\/p><p><strong>Horario:<\/strong> De 8:00 am a 8:00 pm<\/p><p><strong>Especial:<\/strong>&nbsp;75, 60 y 50% de descuento&nbsp;en piezas exclusivas de sus colecciones pasadas: \u00a1ropa y accesorios!<\/p><p><strong>Contacto:<\/strong> info@jennypolanco.com.do<\/p><\/blockquote>\n\n\n\n<blockquote><p><a href=\"https:\/\/casadecampoliving.com\/es\/entrevista-con-jenny-polanco-me-inspiro-en-la-dominicanidad\/\"><strong>Entrevista con Jenny Polanco: \u201cMe inspiro con todas las cosas dominicanas\u201d<\/strong><\/a><\/p><figure><img decoding=\"async\" loading=\"lazy\" class=\"aligncenter size-full wp-image-70222\" title=\"jenny_polanco\" src=\"https:\/\/i0.wp.com\/casadecampoliving.com\/wp-content\/uploads\/2022\/10\/jenny_polanco4.jpg?resize=650%2C311&amp;ssl=1\" alt=\"jenny polanco\" width=\"650\" height=\"311\"><\/figure><p>Jenny Polanco es considerada una de las dise\u00f1adoras de moda m\u00e1s aclamadas de la Rep\u00fablica Dominicana. Polanco cuenta con una trayectoria de 33 a\u00f1os. Su pasi\u00f3n por su trabajo, entusiasmo, creatividad y la entrega a sus clientes, han logrado distinguirla en el mundo de la moda. Son \u00e9stas caracter\u00edsticas las que la han destacado, no s\u00f3lo como una marca, tambi\u00e9n como un concepto y s\u00edmbolo que funde su entusiasmo por el dise\u00f1o con una necesidad de ayudar a los dem\u00e1s.<\/p><p><em><strong><a href=\"https:\/\/casadecampoliving.com\/es\/entrevista-con-jenny-polanco-me-inspiro-en-la-dominicanidad\/\">Haga clic aqu\u00ed para que lea la entrevista que le hicimos a Jenny Polanco<\/a><\/strong><\/em><\/p><\/blockquote>\n","protected":false},"excerpt":{"rendered":"<p>\u00bfAcaso dijo DESCUENTO? \u00a1S\u00ed, eso es! La famosa dise\u00f1adora Dominicana, Jenny Polanco, estar\u00e1 organizando un \u201cSample Sale\u201d en piezas exclusivas de sus colecciones pasadas: \u00a1ropa y accesorios!<\/p>\n","protected":false},"author":23245,"featured_media":279135,"comment_status":"closed","ping_status":"closed","sticky":false,"template":"","format":"standard","meta":{"newspack_ads_suppress_ads":false,"newspack_popups_has_disabled_popups":false,"newspack_sponsor_sponsorship_scope":"","newspack_sponsor_native_byline_display":"inherit","newspack_sponsor_native_category_display":"inherit","newspack_sponsor_underwriter_style":"inherit","newspack_sponsor_underwriter_placement":"inherit","_newspack_byline_active":false,"_newspack_byline":"","newspack_hide_updated_date":false,"newspack_show_updated_date":false,"newspack_content_restriction_is_exempt":false,"newspack_featured_image_position":"","newspack_post_subtitle":"","newspack_article_summary_title":"Overview:","newspack_article_summary":"","_jetpack_memberships_contains_paid_content":false,"footnotes":"","jetpack_publicize_message":"","jetpack_publicize_feature_enabled":true,"jetpack_social_post_already_shared":false,"jetpack_social_options":{"image_generator_settings":{"template":"highway","default_image_id":0,"font":"","enabled":false},"version":2},"_wpas_customize_per_network":false},"categories":[26819,26823,6192,26936,2530,14631,2522,2523,14625,14627,2521],"tags":[15387,2721,10694,3200,1630],"newspack_spnsrs_tax":[],"class_list":["post-345678","post","type-post","status-publish","format-standard","has-post-thumbnail","hentry","category-altos-de-chavon-es","category-arte-y-cultura","category-businesses","category-casa-de-campo-living-es","category-compras-es","category-estilo-de-vida","category-eventos-es","category-moda-es","category-noticias-locales","category-proximamente","category-republica-dominicana-2","tag-altos-de-chavon-es","tag-compras","tag-descuentos","tag-especiales","tag-jenny-polanco","entry"],"yoast_head":"<!-- This site is optimized with the Yoast SEO plugin v27.4 - https:\/\/yoast.com\/product\/yoast-seo-wordpress\/ -->\n<title>\u201cSample Sale\u201d en Jenny Polanco, Altos de Chav\u00f3n | Casa de Campo Living<\/title>\n<meta name=\"description\" content=\"\u00bfAcaso dijo DESCUENTO? \u00a1S\u00ed, eso es! La famosa dise\u00f1adora Dominicana, Jenny Polanco, estar\u00e1 organizando un \u201cSample Sale\u201d en piezas exclusivas de sus\" \/>\n<meta name=\"robots\" content=\"index, follow, max-snippet:-1, max-image-preview:large, max-video-preview:-1\" \/>\n<link rel=\"canonical\" href=\"https:\/\/casadecampoliving.com\/es\/sample-sale-en-jenny-polanco-altos-de-chavon\/\" \/>\n<meta property=\"og:locale\" content=\"es_ES\" \/>\n<meta property=\"og:type\" content=\"article\" \/>\n<meta property=\"og:title\" content=\"\u201cSample Sale\u201d en Jenny Polanco, Altos de Chav\u00f3n | Casa de Campo Living\" \/>\n<meta property=\"og:description\" content=\"\u00bfAcaso dijo DESCUENTO? \u00a1S\u00ed, eso es! La famosa dise\u00f1adora Dominicana, Jenny Polanco, estar\u00e1 organizando un \u201cSample Sale\u201d en piezas exclusivas de sus\" \/>\n<meta property=\"og:url\" content=\"https:\/\/casadecampoliving.com\/es\/sample-sale-en-jenny-polanco-altos-de-chavon\/\" \/>\n<meta property=\"og:site_name\" content=\"Casa de Campo Living\" \/>\n<meta property=\"article:publisher\" content=\"https:\/\/www.facebook.com\/casadecampoliving\" \/>\n<meta property=\"article:published_time\" content=\"2014-10-18T04:00:00+00:00\" \/>\n<meta property=\"article:modified_time\" content=\"2022-10-21T22:53:07+00:00\" \/>\n<meta property=\"og:image\" content=\"https:\/\/i0.wp.com\/casadecampoliving.com\/wp-content\/uploads\/2022\/10\/Jenny-Polanco-e1413319816620-1.jpg?fit=561%2C413&ssl=1\" \/>\n\t<meta property=\"og:image:width\" content=\"561\" \/>\n\t<meta property=\"og:image:height\" content=\"413\" \/>\n\t<meta property=\"og:image:type\" content=\"image\/jpeg\" \/>\n<meta name=\"author\" content=\"Daniela Medina\" \/>\n<meta name=\"twitter:card\" content=\"summary_large_image\" \/>\n<meta name=\"twitter:creator\" content=\"@cdcliving\" \/>\n<meta name=\"twitter:site\" content=\"@cdcliving\" \/>\n<meta name=\"twitter:label1\" content=\"Escrito por\" \/>\n\t<meta name=\"twitter:data1\" content=\"Daniela Medina\" \/>\n\t<meta name=\"twitter:label2\" content=\"Tiempo de lectura\" \/>\n\t<meta name=\"twitter:data2\" content=\"2 minutos\" \/>\n<script type=\"application\/ld+json\" class=\"yoast-schema-graph\">{\"@context\":\"https:\\\/\\\/schema.org\",\"@graph\":[{\"@type\":\"Article\",\"@id\":\"https:\\\/\\\/casadecampoliving.com\\\/es\\\/sample-sale-en-jenny-polanco-altos-de-chavon\\\/#article\",\"isPartOf\":{\"@id\":\"https:\\\/\\\/casadecampoliving.com\\\/es\\\/sample-sale-en-jenny-polanco-altos-de-chavon\\\/\"},\"author\":{\"name\":\"Daniela Medina\",\"@id\":\"https:\\\/\\\/casadecampoliving.com\\\/es\\\/#\\\/schema\\\/person\\\/20e49d1b22266dc2b8f020b38201bd4e\"},\"headline\":\"\u201cSample Sale\u201d en Jenny Polanco, Altos de Chav\u00f3n\",\"datePublished\":\"2014-10-18T04:00:00+00:00\",\"dateModified\":\"2022-10-21T22:53:07+00:00\",\"mainEntityOfPage\":{\"@id\":\"https:\\\/\\\/casadecampoliving.com\\\/es\\\/sample-sale-en-jenny-polanco-altos-de-chavon\\\/\"},\"wordCount\":392,\"publisher\":{\"@id\":\"https:\\\/\\\/casadecampoliving.com\\\/es\\\/#organization\"},\"image\":{\"@id\":\"https:\\\/\\\/casadecampoliving.com\\\/es\\\/sample-sale-en-jenny-polanco-altos-de-chavon\\\/#primaryimage\"},\"thumbnailUrl\":\"https:\\\/\\\/i0.wp.com\\\/casadecampoliving.com\\\/wp-content\\\/uploads\\\/2022\\\/10\\\/Jenny-Polanco-e1413319816620-1.jpg?fit=561%2C413&ssl=1\",\"keywords\":[\"Altos de Chavon\",\"compras\",\"descuentos\",\"especiales\",\"jenny polanco\"],\"articleSection\":[\"Altos de Chavon @es\",\"Arte y cultura\",\"businesses\",\"Casa de Campo Living @es\",\"Compras\",\"Estilo de Vida\",\"Eventos\",\"Moda\",\"Noticias Locales\",\"Proximamente\",\"Rep\u00fablica Dominicana @es\"],\"inLanguage\":\"es\"},{\"@type\":\"WebPage\",\"@id\":\"https:\\\/\\\/casadecampoliving.com\\\/es\\\/sample-sale-en-jenny-polanco-altos-de-chavon\\\/\",\"url\":\"https:\\\/\\\/casadecampoliving.com\\\/es\\\/sample-sale-en-jenny-polanco-altos-de-chavon\\\/\",\"name\":\"\u201cSample Sale\u201d en Jenny Polanco, Altos de Chav\u00f3n | Casa de Campo Living\",\"isPartOf\":{\"@id\":\"https:\\\/\\\/casadecampoliving.com\\\/es\\\/#website\"},\"primaryImageOfPage\":{\"@id\":\"https:\\\/\\\/casadecampoliving.com\\\/es\\\/sample-sale-en-jenny-polanco-altos-de-chavon\\\/#primaryimage\"},\"image\":{\"@id\":\"https:\\\/\\\/casadecampoliving.com\\\/es\\\/sample-sale-en-jenny-polanco-altos-de-chavon\\\/#primaryimage\"},\"thumbnailUrl\":\"https:\\\/\\\/i0.wp.com\\\/casadecampoliving.com\\\/wp-content\\\/uploads\\\/2022\\\/10\\\/Jenny-Polanco-e1413319816620-1.jpg?fit=561%2C413&ssl=1\",\"datePublished\":\"2014-10-18T04:00:00+00:00\",\"dateModified\":\"2022-10-21T22:53:07+00:00\",\"description\":\"\u00bfAcaso dijo DESCUENTO? \u00a1S\u00ed, eso es! La famosa dise\u00f1adora Dominicana, Jenny Polanco, estar\u00e1 organizando un \u201cSample Sale\u201d en piezas exclusivas de sus\",\"breadcrumb\":{\"@id\":\"https:\\\/\\\/casadecampoliving.com\\\/es\\\/sample-sale-en-jenny-polanco-altos-de-chavon\\\/#breadcrumb\"},\"inLanguage\":\"es\",\"potentialAction\":[{\"@type\":\"ReadAction\",\"target\":[\"https:\\\/\\\/casadecampoliving.com\\\/es\\\/sample-sale-en-jenny-polanco-altos-de-chavon\\\/\"]}]},{\"@type\":\"ImageObject\",\"inLanguage\":\"es\",\"@id\":\"https:\\\/\\\/casadecampoliving.com\\\/es\\\/sample-sale-en-jenny-polanco-altos-de-chavon\\\/#primaryimage\",\"url\":\"https:\\\/\\\/i0.wp.com\\\/casadecampoliving.com\\\/wp-content\\\/uploads\\\/2022\\\/10\\\/Jenny-Polanco-e1413319816620-1.jpg?fit=561%2C413&ssl=1\",\"contentUrl\":\"https:\\\/\\\/i0.wp.com\\\/casadecampoliving.com\\\/wp-content\\\/uploads\\\/2022\\\/10\\\/Jenny-Polanco-e1413319816620-1.jpg?fit=561%2C413&ssl=1\",\"width\":561,\"height\":413},{\"@type\":\"BreadcrumbList\",\"@id\":\"https:\\\/\\\/casadecampoliving.com\\\/es\\\/sample-sale-en-jenny-polanco-altos-de-chavon\\\/#breadcrumb\",\"itemListElement\":[{\"@type\":\"ListItem\",\"position\":1,\"name\":\"Home\",\"item\":\"https:\\\/\\\/casadecampoliving.com\\\/es\\\/\"},{\"@type\":\"ListItem\",\"position\":2,\"name\":\"\u201cSample Sale\u201d en Jenny Polanco, Altos de Chav\u00f3n\"}]},{\"@type\":\"WebSite\",\"@id\":\"https:\\\/\\\/casadecampoliving.com\\\/es\\\/#website\",\"url\":\"https:\\\/\\\/casadecampoliving.com\\\/es\\\/\",\"name\":\"Casa de Campo Living\",\"description\":\"Resort community news and resources.\",\"publisher\":{\"@id\":\"https:\\\/\\\/casadecampoliving.com\\\/es\\\/#organization\"},\"potentialAction\":[{\"@type\":\"SearchAction\",\"target\":{\"@type\":\"EntryPoint\",\"urlTemplate\":\"https:\\\/\\\/casadecampoliving.com\\\/es\\\/?s={search_term_string}\"},\"query-input\":{\"@type\":\"PropertyValueSpecification\",\"valueRequired\":true,\"valueName\":\"search_term_string\"}}],\"inLanguage\":\"es\"},{\"@type\":\"Organization\",\"@id\":\"https:\\\/\\\/casadecampoliving.com\\\/es\\\/#organization\",\"name\":\"Casa de Campo Living\",\"url\":\"https:\\\/\\\/casadecampoliving.com\\\/es\\\/\",\"logo\":{\"@type\":\"ImageObject\",\"inLanguage\":\"es\",\"@id\":\"https:\\\/\\\/casadecampoliving.com\\\/es\\\/#\\\/schema\\\/logo\\\/image\\\/\",\"url\":\"https:\\\/\\\/i0.wp.com\\\/casadecampoliving.com\\\/wp-content\\\/uploads\\\/2022\\\/07\\\/CDCLivingLogo_V1-white-sized.png?fit=800%2C214&ssl=1\",\"contentUrl\":\"https:\\\/\\\/i0.wp.com\\\/casadecampoliving.com\\\/wp-content\\\/uploads\\\/2022\\\/07\\\/CDCLivingLogo_V1-white-sized.png?fit=800%2C214&ssl=1\",\"width\":800,\"height\":214,\"caption\":\"Casa de Campo Living\"},\"image\":{\"@id\":\"https:\\\/\\\/casadecampoliving.com\\\/es\\\/#\\\/schema\\\/logo\\\/image\\\/\"},\"sameAs\":[\"https:\\\/\\\/www.facebook.com\\\/casadecampoliving\",\"https:\\\/\\\/x.com\\\/cdcliving\"]},{\"@type\":\"Person\",\"@id\":\"https:\\\/\\\/casadecampoliving.com\\\/es\\\/#\\\/schema\\\/person\\\/20e49d1b22266dc2b8f020b38201bd4e\",\"name\":\"Daniela Medina\",\"image\":{\"@type\":\"ImageObject\",\"inLanguage\":\"es\",\"@id\":\"https:\\\/\\\/secure.gravatar.com\\\/avatar\\\/65aa8415724474307d634c8364a0bd8ee551c4f0f01f2ffcc53e5a9856cb7369?s=96&d=mm&r=g\",\"url\":\"https:\\\/\\\/secure.gravatar.com\\\/avatar\\\/65aa8415724474307d634c8364a0bd8ee551c4f0f01f2ffcc53e5a9856cb7369?s=96&d=mm&r=g\",\"contentUrl\":\"https:\\\/\\\/secure.gravatar.com\\\/avatar\\\/65aa8415724474307d634c8364a0bd8ee551c4f0f01f2ffcc53e5a9856cb7369?s=96&d=mm&r=g\",\"caption\":\"Daniela Medina\"},\"url\":\"https:\\\/\\\/casadecampoliving.com\\\/es\\\/author\\\/dmedina\\\/\"}]}<\/script>\n<!-- \/ Yoast SEO plugin. -->","yoast_head_json":{"title":"\u201cSample Sale\u201d en Jenny Polanco, Altos de Chav\u00f3n | Casa de Campo Living","description":"\u00bfAcaso dijo DESCUENTO? \u00a1S\u00ed, eso es! La famosa dise\u00f1adora Dominicana, Jenny Polanco, estar\u00e1 organizando un \u201cSample Sale\u201d en piezas exclusivas de sus","robots":{"index":"index","follow":"follow","max-snippet":"max-snippet:-1","max-image-preview":"max-image-preview:large","max-video-preview":"max-video-preview:-1"},"canonical":"https:\/\/casadecampoliving.com\/es\/sample-sale-en-jenny-polanco-altos-de-chavon\/","og_locale":"es_ES","og_type":"article","og_title":"\u201cSample Sale\u201d en Jenny Polanco, Altos de Chav\u00f3n | Casa de Campo Living","og_description":"\u00bfAcaso dijo DESCUENTO? \u00a1S\u00ed, eso es! La famosa dise\u00f1adora Dominicana, Jenny Polanco, estar\u00e1 organizando un \u201cSample Sale\u201d en piezas exclusivas de sus","og_url":"https:\/\/casadecampoliving.com\/es\/sample-sale-en-jenny-polanco-altos-de-chavon\/","og_site_name":"Casa de Campo Living","article_publisher":"https:\/\/www.facebook.com\/casadecampoliving","article_published_time":"2014-10-18T04:00:00+00:00","article_modified_time":"2022-10-21T22:53:07+00:00","og_image":[{"width":561,"height":413,"url":"https:\/\/i0.wp.com\/casadecampoliving.com\/wp-content\/uploads\/2022\/10\/Jenny-Polanco-e1413319816620-1.jpg?fit=561%2C413&ssl=1","type":"image\/jpeg"}],"author":"Daniela Medina","twitter_card":"summary_large_image","twitter_creator":"@cdcliving","twitter_site":"@cdcliving","twitter_misc":{"Escrito por":"Daniela Medina","Tiempo de lectura":"2 minutos"},"schema":{"@context":"https:\/\/schema.org","@graph":[{"@type":"Article","@id":"https:\/\/casadecampoliving.com\/es\/sample-sale-en-jenny-polanco-altos-de-chavon\/#article","isPartOf":{"@id":"https:\/\/casadecampoliving.com\/es\/sample-sale-en-jenny-polanco-altos-de-chavon\/"},"author":{"name":"Daniela Medina","@id":"https:\/\/casadecampoliving.com\/es\/#\/schema\/person\/20e49d1b22266dc2b8f020b38201bd4e"},"headline":"\u201cSample Sale\u201d en Jenny Polanco, Altos de Chav\u00f3n","datePublished":"2014-10-18T04:00:00+00:00","dateModified":"2022-10-21T22:53:07+00:00","mainEntityOfPage":{"@id":"https:\/\/casadecampoliving.com\/es\/sample-sale-en-jenny-polanco-altos-de-chavon\/"},"wordCount":392,"publisher":{"@id":"https:\/\/casadecampoliving.com\/es\/#organization"},"image":{"@id":"https:\/\/casadecampoliving.com\/es\/sample-sale-en-jenny-polanco-altos-de-chavon\/#primaryimage"},"thumbnailUrl":"https:\/\/i0.wp.com\/casadecampoliving.com\/wp-content\/uploads\/2022\/10\/Jenny-Polanco-e1413319816620-1.jpg?fit=561%2C413&ssl=1","keywords":["Altos de Chavon","compras","descuentos","especiales","jenny polanco"],"articleSection":["Altos de Chavon @es","Arte y cultura","businesses","Casa de Campo Living @es","Compras","Estilo de Vida","Eventos","Moda","Noticias Locales","Proximamente","Rep\u00fablica Dominicana @es"],"inLanguage":"es"},{"@type":"WebPage","@id":"https:\/\/casadecampoliving.com\/es\/sample-sale-en-jenny-polanco-altos-de-chavon\/","url":"https:\/\/casadecampoliving.com\/es\/sample-sale-en-jenny-polanco-altos-de-chavon\/","name":"\u201cSample Sale\u201d en Jenny Polanco, Altos de Chav\u00f3n | Casa de Campo Living","isPartOf":{"@id":"https:\/\/casadecampoliving.com\/es\/#website"},"primaryImageOfPage":{"@id":"https:\/\/casadecampoliving.com\/es\/sample-sale-en-jenny-polanco-altos-de-chavon\/#primaryimage"},"image":{"@id":"https:\/\/casadecampoliving.com\/es\/sample-sale-en-jenny-polanco-altos-de-chavon\/#primaryimage"},"thumbnailUrl":"https:\/\/i0.wp.com\/casadecampoliving.com\/wp-content\/uploads\/2022\/10\/Jenny-Polanco-e1413319816620-1.jpg?fit=561%2C413&ssl=1","datePublished":"2014-10-18T04:00:00+00:00","dateModified":"2022-10-21T22:53:07+00:00","description":"\u00bfAcaso dijo DESCUENTO? \u00a1S\u00ed, eso es! La famosa dise\u00f1adora Dominicana, Jenny Polanco, estar\u00e1 organizando un \u201cSample Sale\u201d en piezas exclusivas de sus","breadcrumb":{"@id":"https:\/\/casadecampoliving.com\/es\/sample-sale-en-jenny-polanco-altos-de-chavon\/#breadcrumb"},"inLanguage":"es","potentialAction":[{"@type":"ReadAction","target":["https:\/\/casadecampoliving.com\/es\/sample-sale-en-jenny-polanco-altos-de-chavon\/"]}]},{"@type":"ImageObject","inLanguage":"es","@id":"https:\/\/casadecampoliving.com\/es\/sample-sale-en-jenny-polanco-altos-de-chavon\/#primaryimage","url":"https:\/\/i0.wp.com\/casadecampoliving.com\/wp-content\/uploads\/2022\/10\/Jenny-Polanco-e1413319816620-1.jpg?fit=561%2C413&ssl=1","contentUrl":"https:\/\/i0.wp.com\/casadecampoliving.com\/wp-content\/uploads\/2022\/10\/Jenny-Polanco-e1413319816620-1.jpg?fit=561%2C413&ssl=1","width":561,"height":413},{"@type":"BreadcrumbList","@id":"https:\/\/casadecampoliving.com\/es\/sample-sale-en-jenny-polanco-altos-de-chavon\/#breadcrumb","itemListElement":[{"@type":"ListItem","position":1,"name":"Home","item":"https:\/\/casadecampoliving.com\/es\/"},{"@type":"ListItem","position":2,"name":"\u201cSample Sale\u201d en Jenny Polanco, Altos de Chav\u00f3n"}]},{"@type":"WebSite","@id":"https:\/\/casadecampoliving.com\/es\/#website","url":"https:\/\/casadecampoliving.com\/es\/","name":"Casa de Campo Living","description":"Resort community news and resources.","publisher":{"@id":"https:\/\/casadecampoliving.com\/es\/#organization"},"potentialAction":[{"@type":"SearchAction","target":{"@type":"EntryPoint","urlTemplate":"https:\/\/casadecampoliving.com\/es\/?s={search_term_string}"},"query-input":{"@type":"PropertyValueSpecification","valueRequired":true,"valueName":"search_term_string"}}],"inLanguage":"es"},{"@type":"Organization","@id":"https:\/\/casadecampoliving.com\/es\/#organization","name":"Casa de Campo Living","url":"https:\/\/casadecampoliving.com\/es\/","logo":{"@type":"ImageObject","inLanguage":"es","@id":"https:\/\/casadecampoliving.com\/es\/#\/schema\/logo\/image\/","url":"https:\/\/i0.wp.com\/casadecampoliving.com\/wp-content\/uploads\/2022\/07\/CDCLivingLogo_V1-white-sized.png?fit=800%2C214&ssl=1","contentUrl":"https:\/\/i0.wp.com\/casadecampoliving.com\/wp-content\/uploads\/2022\/07\/CDCLivingLogo_V1-white-sized.png?fit=800%2C214&ssl=1","width":800,"height":214,"caption":"Casa de Campo Living"},"image":{"@id":"https:\/\/casadecampoliving.com\/es\/#\/schema\/logo\/image\/"},"sameAs":["https:\/\/www.facebook.com\/casadecampoliving","https:\/\/x.com\/cdcliving"]},{"@type":"Person","@id":"https:\/\/casadecampoliving.com\/es\/#\/schema\/person\/20e49d1b22266dc2b8f020b38201bd4e","name":"Daniela Medina","image":{"@type":"ImageObject","inLanguage":"es","@id":"https:\/\/secure.gravatar.com\/avatar\/65aa8415724474307d634c8364a0bd8ee551c4f0f01f2ffcc53e5a9856cb7369?s=96&d=mm&r=g","url":"https:\/\/secure.gravatar.com\/avatar\/65aa8415724474307d634c8364a0bd8ee551c4f0f01f2ffcc53e5a9856cb7369?s=96&d=mm&r=g","contentUrl":"https:\/\/secure.gravatar.com\/avatar\/65aa8415724474307d634c8364a0bd8ee551c4f0f01f2ffcc53e5a9856cb7369?s=96&d=mm&r=g","caption":"Daniela Medina"},"url":"https:\/\/casadecampoliving.com\/es\/author\/dmedina\/"}]}},"parsely":{"version":"1.1.0","canonical_url":"https:\/\/casadecampoliving.com\/es\/sample-sale-en-jenny-polanco-altos-de-chavon\/","smart_links":{"inbound":0,"outbound":0},"traffic_boost_suggestions_count":0,"meta":{"@context":"https:\/\/schema.org","@type":"NewsArticle","headline":"\u201cSample Sale\u201d en Jenny Polanco, Altos de Chav\u00f3n","url":"http:\/\/casadecampoliving.com\/es\/sample-sale-en-jenny-polanco-altos-de-chavon\/","mainEntityOfPage":{"@type":"WebPage","@id":"http:\/\/casadecampoliving.com\/es\/sample-sale-en-jenny-polanco-altos-de-chavon\/"},"thumbnailUrl":"https:\/\/i0.wp.com\/casadecampoliving.com\/wp-content\/uploads\/2022\/10\/Jenny-Polanco-e1413319816620-1.jpg?resize=150%2C150&ssl=1","image":{"@type":"ImageObject","url":"https:\/\/i0.wp.com\/casadecampoliving.com\/wp-content\/uploads\/2022\/10\/Jenny-Polanco-e1413319816620-1.jpg?fit=561%2C413&ssl=1"},"articleSection":"Altos de Chavon @es","author":[{"@type":"Person","name":"Daniela Medina"}],"creator":["Daniela Medina"],"publisher":{"@type":"Organization","name":"Casa de Campo Living","logo":"https:\/\/casadecampoliving.com\/wp-content\/uploads\/2022\/07\/CDCLivingLogo_V1-white-sized.png"},"keywords":["altos de chavon","compras","descuentos","especiales","jenny polanco"],"dateCreated":"2014-10-18T04:00:00Z","datePublished":"2014-10-18T04:00:00Z","dateModified":"2022-10-21T22:53:07Z"},"rendered":"<script type=\"application\/ld+json\" class=\"wp-parsely-metadata\">{\"@context\":\"https:\\\/\\\/schema.org\",\"@type\":\"NewsArticle\",\"headline\":\"\\u201cSample Sale\\u201d en Jenny Polanco, Altos de Chav\\u00f3n\",\"url\":\"http:\\\/\\\/casadecampoliving.com\\\/es\\\/sample-sale-en-jenny-polanco-altos-de-chavon\\\/\",\"mainEntityOfPage\":{\"@type\":\"WebPage\",\"@id\":\"http:\\\/\\\/casadecampoliving.com\\\/es\\\/sample-sale-en-jenny-polanco-altos-de-chavon\\\/\"},\"thumbnailUrl\":\"https:\\\/\\\/i0.wp.com\\\/casadecampoliving.com\\\/wp-content\\\/uploads\\\/2022\\\/10\\\/Jenny-Polanco-e1413319816620-1.jpg?resize=150%2C150&ssl=1\",\"image\":{\"@type\":\"ImageObject\",\"url\":\"https:\\\/\\\/i0.wp.com\\\/casadecampoliving.com\\\/wp-content\\\/uploads\\\/2022\\\/10\\\/Jenny-Polanco-e1413319816620-1.jpg?fit=561%2C413&ssl=1\"},\"articleSection\":\"Altos de Chavon @es\",\"author\":[{\"@type\":\"Person\",\"name\":\"Daniela Medina\"}],\"creator\":[\"Daniela Medina\"],\"publisher\":{\"@type\":\"Organization\",\"name\":\"Casa de Campo Living\",\"logo\":\"https:\\\/\\\/casadecampoliving.com\\\/wp-content\\\/uploads\\\/2022\\\/07\\\/CDCLivingLogo_V1-white-sized.png\"},\"keywords\":[\"altos de chavon\",\"compras\",\"descuentos\",\"especiales\",\"jenny polanco\"],\"dateCreated\":\"2014-10-18T04:00:00Z\",\"datePublished\":\"2014-10-18T04:00:00Z\",\"dateModified\":\"2022-10-21T22:53:07Z\"}<\/script>","tracker_url":"https:\/\/cdn.parsely.com\/keys\/casadecampoliving.com\/p.js"},"jetpack_publicize_connections":[],"jetpack_featured_media_url":"https:\/\/i0.wp.com\/casadecampoliving.com\/wp-content\/uploads\/2022\/10\/Jenny-Polanco-e1413319816620-1.jpg?fit=561%2C413&ssl=1","jetpack-related-posts":[{"id":341184,"url":"https:\/\/casadecampoliving.com\/es\/sample-sale-en-jenny-polanco-en-la-marina-casa-de-campo-empieza-sabado\/","url_meta":{"origin":345678,"position":0},"title":"\u00abSample Sale\u00bb en Jenny Polanco en la Marina Casa de Campo &#8211; empieza s\u00e1bado!","author":"lperdomo","date":"26 Abr, 2013","format":false,"excerpt":"Como parte de \u201cBarlovento \u2022 Portofino Fest\u201d organizado por la Marina Casa de Campo, este fin de semana largo desde el s\u00e1bado 27 de abril, la famosa dise\u00f1adora Dominicana Jenny Polanco estar\u00e1 organizando un \u201cSample Sale\u201d en su tienda en la Marina Casa de Campo. Esta es tu oportunidad de\u2026","rel":"","context":"En \u00abArte y cultura\u00bb","block_context":{"text":"Arte y cultura","link":"https:\/\/casadecampoliving.com\/category\/arte-y-cultura\/"},"img":{"alt_text":"jenny polanco","src":"https:\/\/i0.wp.com\/casadecampoliving.com\/wp-content\/uploads\/2022\/10\/jenny_polanco-3.jpg?fit=650%2C488&ssl=1&resize=350%2C200","width":350,"height":200,"srcset":"https:\/\/i0.wp.com\/casadecampoliving.com\/wp-content\/uploads\/2022\/10\/jenny_polanco-3.jpg?fit=650%2C488&ssl=1&resize=350%2C200 1x, https:\/\/i0.wp.com\/casadecampoliving.com\/wp-content\/uploads\/2022\/10\/jenny_polanco-3.jpg?fit=650%2C488&ssl=1&resize=525%2C300 1.5x"},"classes":[]},{"id":339403,"url":"https:\/\/casadecampoliving.com\/es\/de-compras-en-casa-de-campo-las-boutiques-jenny-polanco-donde-la-moda-se-encuentra-con-el-arte\/","url_meta":{"origin":345678,"position":1},"title":"De compras en Casa de Campo: Las boutiques Jenny Polanco &#8211; donde la moda se encuentra con el arte","author":"Rebecca Silvestri","date":"18 Jul, 2012","format":false,"excerpt":"Para los fashionistas y amantes de las compras en Casa de Campo, los fabulosos dise\u00f1os, carteras y joyas de Jenny Polanco, ofrecen la mezcla perfecta de lo \"Caribe\u00f1o chic\" y pueden ser hallados en sus tiendas en la Marina Casa de Campo, Altos de Chav\u00f3n\u00a0y\u00a0Santo Domingo (ver debajo los detalles).\u2026","rel":"","context":"En \u00abAltos de Chavon @es\u00bb","block_context":{"text":"Altos de Chavon @es","link":"https:\/\/casadecampoliving.com\/category\/altos-de-chavon-es\/"},"img":{"alt_text":"jenny polanco","src":"https:\/\/i0.wp.com\/casadecampoliving.com\/wp-content\/uploads\/2022\/10\/jenny_polanco7-1.jpg?fit=650%2C327&ssl=1&resize=350%2C200","width":350,"height":200,"srcset":"https:\/\/i0.wp.com\/casadecampoliving.com\/wp-content\/uploads\/2022\/10\/jenny_polanco7-1.jpg?fit=650%2C327&ssl=1&resize=350%2C200 1x, https:\/\/i0.wp.com\/casadecampoliving.com\/wp-content\/uploads\/2022\/10\/jenny_polanco7-1.jpg?fit=650%2C327&ssl=1&resize=525%2C300 1.5x"},"classes":[]},{"id":339535,"url":"https:\/\/casadecampoliving.com\/es\/jenny-polanco-abrira-un-cafe-en-altos-de-chavon\/","url_meta":{"origin":345678,"position":2},"title":"Jenny Polanco abrir\u00e1 un Caf\u00e9 en Altos de Chav\u00f3n!","author":"","date":"28 Ago, 2012","format":false,"excerpt":"La famosa dise\u00f1adora dominicana y popular miembro de la comunidad de Casa de Campo, Jenny Polanco, se encuentra en una exitosa etapa de expansi\u00f3n e innovaci\u00f3n! En mayo de este a\u00f1o, abri\u00f3 su nueva tienda \u201cJenny Polanco Project\u201d en Altos de Chav\u00f3n e inaugur\u00f3 el 10 de agosto, la exhibici\u00f3n\u2026","rel":"","context":"En \u00abAltos de Chavon @es\u00bb","block_context":{"text":"Altos de Chavon @es","link":"https:\/\/casadecampoliving.com\/category\/altos-de-chavon-es\/"},"img":{"alt_text":"jenny polanco","src":"https:\/\/i0.wp.com\/casadecampoliving.com\/wp-content\/uploads\/2022\/10\/jenny_polanco2-10.jpg?fit=650%2C347&ssl=1&resize=350%2C200","width":350,"height":200,"srcset":"https:\/\/i0.wp.com\/casadecampoliving.com\/wp-content\/uploads\/2022\/10\/jenny_polanco2-10.jpg?fit=650%2C347&ssl=1&resize=350%2C200 1x, https:\/\/i0.wp.com\/casadecampoliving.com\/wp-content\/uploads\/2022\/10\/jenny_polanco2-10.jpg?fit=650%2C347&ssl=1&resize=525%2C300 1.5x"},"classes":[]},{"id":340785,"url":"https:\/\/casadecampoliving.com\/es\/jenny-polanco-lanza-nueva-linea-de-trajes-de-banos-acuarela-de-mar-por-la-disenadora-carolina-socias\/","url_meta":{"origin":345678,"position":3},"title":"Jenny Polanco lanza nueva l\u00ednea de trajes de ba\u00f1os \u00abAcuarela de Mar\u00bb por la dise\u00f1adora Carolina Soc\u00edas","author":"","date":"13 Mar, 2013","format":false,"excerpt":"Jenny Polanco, la famosa dise\u00f1adora dominicana, due\u00f1a de villa en Casa de Campo y egresada de la Escuela de Arte y Dise\u00f1o de Altos de Chav\u00f3n, celebr\u00f3 recientemente el lanzamiento de su nueva l\u00ednea de trajes de ba\u00f1os \u201cAcuarela de Mar\u201d, producida por la dise\u00f1adora Carolina Soci\u00e1s, la cual estar\u00e1\u2026","rel":"","context":"En \u00abAltos de Chavon @es\u00bb","block_context":{"text":"Altos de Chavon @es","link":"https:\/\/casadecampoliving.com\/category\/altos-de-chavon-es\/"},"img":{"alt_text":"bikini catwalk","src":"https:\/\/i0.wp.com\/casadecampoliving.com\/wp-content\/uploads\/2022\/10\/bikini_catwalk-1.jpg?fit=650%2C407&ssl=1&resize=350%2C200","width":350,"height":200,"srcset":"https:\/\/i0.wp.com\/casadecampoliving.com\/wp-content\/uploads\/2022\/10\/bikini_catwalk-1.jpg?fit=650%2C407&ssl=1&resize=350%2C200 1x, https:\/\/i0.wp.com\/casadecampoliving.com\/wp-content\/uploads\/2022\/10\/bikini_catwalk-1.jpg?fit=650%2C407&ssl=1&resize=525%2C300 1.5x"},"classes":[]},{"id":343628,"url":"https:\/\/casadecampoliving.com\/es\/jenny-polanco-arte-naive\/","url_meta":{"origin":345678,"position":4},"title":"Jenny Polanco celebra la arte dominicano y haitiano en una exhibici\u00f3n de \u00abArte Naive\u00bb","author":"Rebecca Silvestri","date":"31 Dic, 2013","format":false,"excerpt":"El pasado s\u00e1bado 28 de diciembre, la famosa dise\u00f1adora dominicana Jenny Polanco celebr\u00f3 la nueva exhibici\u00f3n de arte \u201cArte Naive\u201d en el proyecto de Jenny Polanco en Altos de Chav\u00f3n. La apertura de la exhibici\u00f3n fue celebrada con algunos de los miembros de la comunidad de Casa de Campo la\u2026","rel":"","context":"En \u00abAltos de Chavon @es\u00bb","block_context":{"text":"Altos de Chavon @es","link":"https:\/\/casadecampoliving.com\/category\/altos-de-chavon-es\/"},"img":{"alt_text":"Jenny Polanco","src":"https:\/\/i0.wp.com\/casadecampoliving.com\/wp-content\/uploads\/2022\/10\/jenny_polanco-12.jpg?fit=650%2C433&ssl=1&resize=350%2C200","width":350,"height":200,"srcset":"https:\/\/i0.wp.com\/casadecampoliving.com\/wp-content\/uploads\/2022\/10\/jenny_polanco-12.jpg?fit=650%2C433&ssl=1&resize=350%2C200 1x, https:\/\/i0.wp.com\/casadecampoliving.com\/wp-content\/uploads\/2022\/10\/jenny_polanco-12.jpg?fit=650%2C433&ssl=1&resize=525%2C300 1.5x"},"classes":[]},{"id":341533,"url":"https:\/\/casadecampoliving.com\/es\/happy-hour-para-el-dia-de-las-madres-en-jenny-polanco-el-viernes-24-de-mayo\/","url_meta":{"origin":345678,"position":5},"title":"\u00abHappy Hour\u00bb para el D\u00eda de las Madres en Jenny Polanco, el viernes 24 de mayo","author":"Mairobi Herrera","date":"23 May, 2013","format":false,"excerpt":"\u201cDivino es lo que ella se merece\u201d dice la dise\u00f1adora dominicana Jenny Polanco introduciendo un\u201dHappy Hour\u201d para este viernes 24 de mayo, en ocasi\u00f3n de celebrarse el D\u00eda de las Madres, el pr\u00f3ximo domingo 26 de mayo. Este especial se llevar\u00e1 a cabo de 5:00 pm a 8:00 pm en\u2026","rel":"","context":"En \u00abAltos de Chavon @es\u00bb","block_context":{"text":"Altos de Chavon @es","link":"https:\/\/casadecampoliving.com\/category\/altos-de-chavon-es\/"},"img":{"alt_text":"jenny polanco happy hour","src":"https:\/\/i0.wp.com\/casadecampoliving.com\/wp-content\/uploads\/2022\/10\/jenny_polanco_happy_hour-1.jpg?fit=650%2C475&ssl=1&resize=350%2C200","width":350,"height":200,"srcset":"https:\/\/i0.wp.com\/casadecampoliving.com\/wp-content\/uploads\/2022\/10\/jenny_polanco_happy_hour-1.jpg?fit=650%2C475&ssl=1&resize=350%2C200 1x, https:\/\/i0.wp.com\/casadecampoliving.com\/wp-content\/uploads\/2022\/10\/jenny_polanco_happy_hour-1.jpg?fit=650%2C475&ssl=1&resize=525%2C300 1.5x"},"classes":[]}],"jetpack_sharing_enabled":true,"_links":{"self":[{"href":"https:\/\/casadecampoliving.com\/es\/wp-json\/wp\/v2\/posts\/345678","targetHints":{"allow":["GET"]}}],"collection":[{"href":"https:\/\/casadecampoliving.com\/es\/wp-json\/wp\/v2\/posts"}],"about":[{"href":"https:\/\/casadecampoliving.com\/es\/wp-json\/wp\/v2\/types\/post"}],"author":[{"embeddable":true,"href":"https:\/\/casadecampoliving.com\/es\/wp-json\/wp\/v2\/users\/23245"}],"replies":[{"embeddable":true,"href":"https:\/\/casadecampoliving.com\/es\/wp-json\/wp\/v2\/comments?post=345678"}],"version-history":[{"count":1,"href":"https:\/\/casadecampoliving.com\/es\/wp-json\/wp\/v2\/posts\/345678\/revisions"}],"predecessor-version":[{"id":345679,"href":"https:\/\/casadecampoliving.com\/es\/wp-json\/wp\/v2\/posts\/345678\/revisions\/345679"}],"wp:featuredmedia":[{"embeddable":true,"href":"https:\/\/casadecampoliving.com\/es\/wp-json\/wp\/v2\/media\/279135"}],"wp:attachment":[{"href":"https:\/\/casadecampoliving.com\/es\/wp-json\/wp\/v2\/media?parent=345678"}],"wp:term":[{"taxonomy":"category","embeddable":true,"href":"https:\/\/casadecampoliving.com\/es\/wp-json\/wp\/v2\/categories?post=345678"},{"taxonomy":"post_tag","embeddable":true,"href":"https:\/\/casadecampoliving.com\/es\/wp-json\/wp\/v2\/tags?post=345678"},{"taxonomy":"newspack_spnsrs_tax","embeddable":true,"href":"https:\/\/casadecampoliving.com\/es\/wp-json\/wp\/v2\/newspack_spnsrs_tax?post=345678"}],"curies":[{"name":"wp","href":"https:\/\/api.w.org\/{rel}","templated":true}]}}