{"id":345557,"date":"2014-10-06T00:00:00","date_gmt":"2014-10-06T04:00:00","guid":{"rendered":"https:\/\/casadecampoliving.com\/diagnostica-social-y-clinica-de-la-familia-promueven-el-mes-de-la-concientizacion-del-cancer-de-mama\/"},"modified":"2022-10-21T18:59:24","modified_gmt":"2022-10-21T22:59:24","slug":"diagnostica-social-y-clinica-de-la-familia-promueven-el-mes-de-la-concientizacion-del-cancer-de-mama","status":"publish","type":"post","link":"https:\/\/casadecampoliving.com\/es\/diagnostica-social-y-clinica-de-la-familia-promueven-el-mes-de-la-concientizacion-del-cancer-de-mama\/","title":{"rendered":"Diagn\u00f3stica Social y Cl\u00ednica de Familia promueven el mes de la concientizaci\u00f3n del C\u00e1ncer de Mama"},"content":{"rendered":"<div class=\"wp-block-image\">\n<figure class=\"aligncenter is-resized\"><img loading=\"lazy\" decoding=\"async\" src=\"https:\/\/i0.wp.com\/casadecampoliving.com\/wp-content\/uploads\/2022\/10\/diagnostica-social.jpg?resize=650%2C431&amp;ssl=1\" alt=\"diagnostica social\" class=\"wp-image-99128\" height=\"431\" width=\"650\"\/><\/figure>\n<\/div>\n\n\n<p>Octubre es el Mes de Concientizaci\u00f3n del C\u00e1ncer de Mama, por tanto, para levantar conciencia, Diagn\u00f3stica Social y la Cl\u00ednica de Familia, en La Romana, tienen una oferta especial en mamograf\u00edas, sonograf\u00edas y Papanicolaou (citolog\u00eda vaginal) para que todas puedan permitirse el lujo de ir a chequearse.<\/p>\n\n\n\n<p>Diagn\u00f3stica Social, que se encuentra en el interior del Central Romana, junto al hospital principal Central Romana\/centro medico, est\u00e1 ofreciendo un&nbsp;servicio diario, todo el mes de octubre, de mamograf\u00edas o sonograf\u00edas, en base a \u201cprimero en llegar primero en ser atendido\u201d. No es posible llamar y reservar una cita \u2013 s\u00f3lo tienes que subir y esperar a ser visto.<\/p>\n\n\n\n<!--more-->\n\n\n\n<ul class=\"wp-block-list\"><li>Mamograf\u00eda: RD$500<\/li><li>Sonograf\u00eda: RD$500<\/li><\/ul>\n\n\n\n<p>\u00a1Y la mejor parte es\u2026 que asegurado o particular, no tiene que pagar la diferencia!<\/p>\n\n\n\n<p>Pero eso no es todo, la Cl\u00ednica de Familia tambi\u00e9n estar\u00e1 ofreciendo un especial por el mes de octubre para promover la concientizaci\u00f3n \u2013 papanicolaou a tan solo RD$280 (tradicional) y RD$900 (con una muestra l\u00edquida).<\/p>\n\n\n\n<p>Anualmente, m\u00e1s de 2.400 mujeres son diagnosticadas con c\u00e1ncer de mama y m\u00e1s de 1.000 de estas mujeres son diagnosticadas demasiado tarde para ser tratadas. Las mamograf\u00edas y las sonograf\u00edas pueden detectar posibles problemas antes de que usted pueda ser capaz de sentir cualquier tipo de tumor, por s\u00f3lo RD$1000, alrededor de US$37, \u00bfno preferir\u00eda prevenir que lamentar?<\/p>\n\n\n\n<p>Se recomienda que las mujeres mayores de 40 a\u00f1os se hagan una mamograf\u00eda cada a\u00f1o. A pesar de que las mujeres menores de 40 a\u00f1os se consideran \u201cbajo riesgo\u201d y algunos m\u00e9dicos sostienen que las mamograf\u00edas no funciona en las mujeres m\u00e1s j\u00f3venes, como el tejido de la mama en las mujeres j\u00f3venes es menos denso, \u00a1las j\u00f3venes se pueden hacer estas pruebas para estar seguras!<\/p>\n\n\n\n<blockquote><p><strong>Diagn\u00f3stica Social <\/strong><\/p><p><strong>Cu\u00e1ndo:<\/strong>&nbsp;Todo el mes de octubre<\/p><p><strong>D\u00f3nde:<\/strong> Diagn\u00f3stica Social, Batey Principal #99,&nbsp;Central Romana<\/p><p><strong>Precio:&nbsp;<\/strong><\/p><ul>\n<li>Mamograf\u00eda: RD$500<\/li>\n<li>Sonograf\u00eda: RD$500<\/li>\n<\/ul><p><strong>Contactos:&nbsp;<\/strong>Tel: 809 550 1002 \/&nbsp;Fax: 809 550 8376<\/p><p><strong>Cl\u00ednica de Familia<\/strong><\/p><p><strong>Cu\u00e1ndo:&nbsp;<\/strong>Todo el mes de octubre<\/p><p><strong>D\u00f3nde: <\/strong>Cl\u00ednica de Familia, Gast\u00f3n F. Deligne #168<\/p><p><strong> Precio:<\/strong><\/p><ul>\n<li>papanicolaou RD$280 (tradicional)<\/li>\n<li>papanicolaou RD$900 (con una muestra l\u00edquida)<\/li>\n<\/ul><p><strong> Contactos: <\/strong>tel: (809) 556-8720 \/ (809) 556-6079<\/p><figure><img decoding=\"async\" loading=\"lazy\" class=\"aligncenter wp-image-99100\" src=\"https:\/\/i0.wp.com\/casadecampoliving.com\/wp-content\/uploads\/2022\/10\/prevencion-cancer-de-mama.jpg?resize=620%2C906&amp;ssl=1\" alt=\"prevencion cancer de mama\" width=\"620\" height=\"906\"><\/figure><\/blockquote>\n","protected":false},"excerpt":{"rendered":"<p>Octubre es el Mes de Concientizaci\u00f3n del C\u00e1ncer de Mama, por tanto, para levantar conciencia, Diagn\u00f3stica Social y la Cl\u00ednica de Familia, en La Romana, tienen una oferta especial en mamograf\u00edas, sonograf\u00edas y Papanicolaou (citolog\u00eda vaginal) para que todas puedan permitirse el lujo de ir a chequearse. Diagn\u00f3stica Social, que se encuentra en el interior [&hellip;]<\/p>\n","protected":false},"author":23245,"featured_media":277306,"comment_status":"closed","ping_status":"closed","sticky":false,"template":"","format":"standard","meta":{"newspack_ads_suppress_ads":false,"newspack_popups_has_disabled_popups":false,"newspack_sponsor_sponsorship_scope":"","newspack_sponsor_native_byline_display":"inherit","newspack_sponsor_native_category_display":"inherit","newspack_sponsor_underwriter_style":"inherit","newspack_sponsor_underwriter_placement":"inherit","_newspack_byline_active":false,"_newspack_byline":"","newspack_hide_updated_date":false,"newspack_show_updated_date":false,"newspack_content_restriction_is_exempt":false,"newspack_featured_image_position":"","newspack_post_subtitle":"","newspack_article_summary_title":"Overview:","newspack_article_summary":"","_jetpack_memberships_contains_paid_content":false,"footnotes":"","jetpack_publicize_message":"","jetpack_publicize_feature_enabled":true,"jetpack_social_post_already_shared":false,"jetpack_social_options":{"image_generator_settings":{"template":"highway","default_image_id":0,"font":"","enabled":false},"version":2},"_wpas_customize_per_network":false},"categories":[2525,14631,2522,2507,2506,14625,14627,2521,2527],"tags":[10579,10592,5504,1429,14777,3891],"newspack_spnsrs_tax":[],"class_list":["post-345557","post","type-post","status-publish","format-standard","has-post-thumbnail","hentry","category-golf-deportes-es","category-estilo-de-vida","category-eventos-es","category-la-romana-es","category-mas-alla-de-casa-es","category-noticias-locales","category-proximamente","category-republica-dominicana-2","category-salud","tag-cancer","tag-cancer-de-mama","tag-clinica-de-la-familia","tag-diagnostica-social","tag-republica-dominicana-es-18","tag-salud-2","entry"],"yoast_head":"<!-- This site is optimized with the Yoast SEO plugin v27.4 - https:\/\/yoast.com\/product\/yoast-seo-wordpress\/ -->\n<title>Diagn\u00f3stica Social y Cl\u00ednica de Familia promueven el mes de la concientizaci\u00f3n del C\u00e1ncer de Mama | Casa de Campo Living<\/title>\n<meta name=\"description\" content=\"Octubre es el Mes de Concientizaci\u00f3n del C\u00e1ncer de Mama, por tanto, para levantar conciencia, Diagn\u00f3stica Social y la Cl\u00ednica de Familia, en La Romana,\" \/>\n<meta name=\"robots\" content=\"index, follow, max-snippet:-1, max-image-preview:large, max-video-preview:-1\" \/>\n<link rel=\"canonical\" href=\"https:\/\/casadecampoliving.com\/es\/diagnostica-social-y-clinica-de-la-familia-promueven-el-mes-de-la-concientizacion-del-cancer-de-mama\/\" \/>\n<meta property=\"og:locale\" content=\"es_ES\" \/>\n<meta property=\"og:type\" content=\"article\" \/>\n<meta property=\"og:title\" content=\"Diagn\u00f3stica Social y Cl\u00ednica de Familia promueven el mes de la concientizaci\u00f3n del C\u00e1ncer de Mama | Casa de Campo Living\" \/>\n<meta property=\"og:description\" content=\"Octubre es el Mes de Concientizaci\u00f3n del C\u00e1ncer de Mama, por tanto, para levantar conciencia, Diagn\u00f3stica Social y la Cl\u00ednica de Familia, en La Romana,\" \/>\n<meta property=\"og:url\" content=\"https:\/\/casadecampoliving.com\/es\/diagnostica-social-y-clinica-de-la-familia-promueven-el-mes-de-la-concientizacion-del-cancer-de-mama\/\" \/>\n<meta property=\"og:site_name\" content=\"Casa de Campo Living\" \/>\n<meta property=\"article:publisher\" content=\"https:\/\/www.facebook.com\/casadecampoliving\" \/>\n<meta property=\"article:published_time\" content=\"2014-10-06T04:00:00+00:00\" \/>\n<meta property=\"article:modified_time\" content=\"2022-10-21T22:59:24+00:00\" \/>\n<meta property=\"og:image\" content=\"https:\/\/i0.wp.com\/casadecampoliving.com\/wp-content\/uploads\/2022\/10\/diagnostica-social-1.jpg?fit=565%2C375&ssl=1\" \/>\n\t<meta property=\"og:image:width\" content=\"565\" \/>\n\t<meta property=\"og:image:height\" content=\"375\" \/>\n\t<meta property=\"og:image:type\" content=\"image\/jpeg\" \/>\n<meta name=\"author\" content=\"Daniela Medina\" \/>\n<meta name=\"twitter:card\" content=\"summary_large_image\" \/>\n<meta name=\"twitter:creator\" content=\"@cdcliving\" \/>\n<meta name=\"twitter:site\" content=\"@cdcliving\" \/>\n<meta name=\"twitter:label1\" content=\"Escrito por\" \/>\n\t<meta name=\"twitter:data1\" content=\"Daniela Medina\" \/>\n\t<meta name=\"twitter:label2\" content=\"Tiempo de lectura\" \/>\n\t<meta name=\"twitter:data2\" content=\"2 minutos\" \/>\n<script type=\"application\/ld+json\" class=\"yoast-schema-graph\">{\"@context\":\"https:\\\/\\\/schema.org\",\"@graph\":[{\"@type\":\"Article\",\"@id\":\"https:\\\/\\\/casadecampoliving.com\\\/es\\\/diagnostica-social-y-clinica-de-la-familia-promueven-el-mes-de-la-concientizacion-del-cancer-de-mama\\\/#article\",\"isPartOf\":{\"@id\":\"https:\\\/\\\/casadecampoliving.com\\\/es\\\/diagnostica-social-y-clinica-de-la-familia-promueven-el-mes-de-la-concientizacion-del-cancer-de-mama\\\/\"},\"author\":{\"name\":\"Daniela Medina\",\"@id\":\"https:\\\/\\\/casadecampoliving.com\\\/es\\\/#\\\/schema\\\/person\\\/20e49d1b22266dc2b8f020b38201bd4e\"},\"headline\":\"Diagn\u00f3stica Social y Cl\u00ednica de Familia promueven el mes de la concientizaci\u00f3n del C\u00e1ncer de Mama\",\"datePublished\":\"2014-10-06T04:00:00+00:00\",\"dateModified\":\"2022-10-21T22:59:24+00:00\",\"mainEntityOfPage\":{\"@id\":\"https:\\\/\\\/casadecampoliving.com\\\/es\\\/diagnostica-social-y-clinica-de-la-familia-promueven-el-mes-de-la-concientizacion-del-cancer-de-mama\\\/\"},\"wordCount\":407,\"publisher\":{\"@id\":\"https:\\\/\\\/casadecampoliving.com\\\/es\\\/#organization\"},\"image\":{\"@id\":\"https:\\\/\\\/casadecampoliving.com\\\/es\\\/diagnostica-social-y-clinica-de-la-familia-promueven-el-mes-de-la-concientizacion-del-cancer-de-mama\\\/#primaryimage\"},\"thumbnailUrl\":\"https:\\\/\\\/i0.wp.com\\\/casadecampoliving.com\\\/wp-content\\\/uploads\\\/2022\\\/10\\\/diagnostica-social-1.jpg?fit=565%2C375&ssl=1\",\"keywords\":[\"cancer\",\"cancer de mama\",\"clinica de la familia\",\"diagn\u00f3stica social\",\"Republica Dominicana\",\"salud\"],\"articleSection\":[\"Deportes\",\"Estilo de Vida\",\"Eventos\",\"La Romana @es\",\"M\u00e1s all\u00e1 de Casa\",\"Noticias Locales\",\"Proximamente\",\"Rep\u00fablica Dominicana @es\",\"Salud\"],\"inLanguage\":\"es\"},{\"@type\":\"WebPage\",\"@id\":\"https:\\\/\\\/casadecampoliving.com\\\/es\\\/diagnostica-social-y-clinica-de-la-familia-promueven-el-mes-de-la-concientizacion-del-cancer-de-mama\\\/\",\"url\":\"https:\\\/\\\/casadecampoliving.com\\\/es\\\/diagnostica-social-y-clinica-de-la-familia-promueven-el-mes-de-la-concientizacion-del-cancer-de-mama\\\/\",\"name\":\"Diagn\u00f3stica Social y Cl\u00ednica de Familia promueven el mes de la concientizaci\u00f3n del C\u00e1ncer de Mama | Casa de Campo Living\",\"isPartOf\":{\"@id\":\"https:\\\/\\\/casadecampoliving.com\\\/es\\\/#website\"},\"primaryImageOfPage\":{\"@id\":\"https:\\\/\\\/casadecampoliving.com\\\/es\\\/diagnostica-social-y-clinica-de-la-familia-promueven-el-mes-de-la-concientizacion-del-cancer-de-mama\\\/#primaryimage\"},\"image\":{\"@id\":\"https:\\\/\\\/casadecampoliving.com\\\/es\\\/diagnostica-social-y-clinica-de-la-familia-promueven-el-mes-de-la-concientizacion-del-cancer-de-mama\\\/#primaryimage\"},\"thumbnailUrl\":\"https:\\\/\\\/i0.wp.com\\\/casadecampoliving.com\\\/wp-content\\\/uploads\\\/2022\\\/10\\\/diagnostica-social-1.jpg?fit=565%2C375&ssl=1\",\"datePublished\":\"2014-10-06T04:00:00+00:00\",\"dateModified\":\"2022-10-21T22:59:24+00:00\",\"description\":\"Octubre es el Mes de Concientizaci\u00f3n del C\u00e1ncer de Mama, por tanto, para levantar conciencia, Diagn\u00f3stica Social y la Cl\u00ednica de Familia, en La Romana,\",\"breadcrumb\":{\"@id\":\"https:\\\/\\\/casadecampoliving.com\\\/es\\\/diagnostica-social-y-clinica-de-la-familia-promueven-el-mes-de-la-concientizacion-del-cancer-de-mama\\\/#breadcrumb\"},\"inLanguage\":\"es\",\"potentialAction\":[{\"@type\":\"ReadAction\",\"target\":[\"https:\\\/\\\/casadecampoliving.com\\\/es\\\/diagnostica-social-y-clinica-de-la-familia-promueven-el-mes-de-la-concientizacion-del-cancer-de-mama\\\/\"]}]},{\"@type\":\"ImageObject\",\"inLanguage\":\"es\",\"@id\":\"https:\\\/\\\/casadecampoliving.com\\\/es\\\/diagnostica-social-y-clinica-de-la-familia-promueven-el-mes-de-la-concientizacion-del-cancer-de-mama\\\/#primaryimage\",\"url\":\"https:\\\/\\\/i0.wp.com\\\/casadecampoliving.com\\\/wp-content\\\/uploads\\\/2022\\\/10\\\/diagnostica-social-1.jpg?fit=565%2C375&ssl=1\",\"contentUrl\":\"https:\\\/\\\/i0.wp.com\\\/casadecampoliving.com\\\/wp-content\\\/uploads\\\/2022\\\/10\\\/diagnostica-social-1.jpg?fit=565%2C375&ssl=1\",\"width\":565,\"height\":375},{\"@type\":\"BreadcrumbList\",\"@id\":\"https:\\\/\\\/casadecampoliving.com\\\/es\\\/diagnostica-social-y-clinica-de-la-familia-promueven-el-mes-de-la-concientizacion-del-cancer-de-mama\\\/#breadcrumb\",\"itemListElement\":[{\"@type\":\"ListItem\",\"position\":1,\"name\":\"Home\",\"item\":\"https:\\\/\\\/casadecampoliving.com\\\/es\\\/\"},{\"@type\":\"ListItem\",\"position\":2,\"name\":\"Diagn\u00f3stica Social y Cl\u00ednica de Familia promueven el mes de la concientizaci\u00f3n del C\u00e1ncer de Mama\"}]},{\"@type\":\"WebSite\",\"@id\":\"https:\\\/\\\/casadecampoliving.com\\\/es\\\/#website\",\"url\":\"https:\\\/\\\/casadecampoliving.com\\\/es\\\/\",\"name\":\"Casa de Campo Living\",\"description\":\"Resort community news and resources.\",\"publisher\":{\"@id\":\"https:\\\/\\\/casadecampoliving.com\\\/es\\\/#organization\"},\"potentialAction\":[{\"@type\":\"SearchAction\",\"target\":{\"@type\":\"EntryPoint\",\"urlTemplate\":\"https:\\\/\\\/casadecampoliving.com\\\/es\\\/?s={search_term_string}\"},\"query-input\":{\"@type\":\"PropertyValueSpecification\",\"valueRequired\":true,\"valueName\":\"search_term_string\"}}],\"inLanguage\":\"es\"},{\"@type\":\"Organization\",\"@id\":\"https:\\\/\\\/casadecampoliving.com\\\/es\\\/#organization\",\"name\":\"Casa de Campo Living\",\"url\":\"https:\\\/\\\/casadecampoliving.com\\\/es\\\/\",\"logo\":{\"@type\":\"ImageObject\",\"inLanguage\":\"es\",\"@id\":\"https:\\\/\\\/casadecampoliving.com\\\/es\\\/#\\\/schema\\\/logo\\\/image\\\/\",\"url\":\"https:\\\/\\\/i0.wp.com\\\/casadecampoliving.com\\\/wp-content\\\/uploads\\\/2022\\\/07\\\/CDCLivingLogo_V1-white-sized.png?fit=800%2C214&ssl=1\",\"contentUrl\":\"https:\\\/\\\/i0.wp.com\\\/casadecampoliving.com\\\/wp-content\\\/uploads\\\/2022\\\/07\\\/CDCLivingLogo_V1-white-sized.png?fit=800%2C214&ssl=1\",\"width\":800,\"height\":214,\"caption\":\"Casa de Campo Living\"},\"image\":{\"@id\":\"https:\\\/\\\/casadecampoliving.com\\\/es\\\/#\\\/schema\\\/logo\\\/image\\\/\"},\"sameAs\":[\"https:\\\/\\\/www.facebook.com\\\/casadecampoliving\",\"https:\\\/\\\/x.com\\\/cdcliving\"]},{\"@type\":\"Person\",\"@id\":\"https:\\\/\\\/casadecampoliving.com\\\/es\\\/#\\\/schema\\\/person\\\/20e49d1b22266dc2b8f020b38201bd4e\",\"name\":\"Daniela Medina\",\"image\":{\"@type\":\"ImageObject\",\"inLanguage\":\"es\",\"@id\":\"https:\\\/\\\/secure.gravatar.com\\\/avatar\\\/65aa8415724474307d634c8364a0bd8ee551c4f0f01f2ffcc53e5a9856cb7369?s=96&d=mm&r=g\",\"url\":\"https:\\\/\\\/secure.gravatar.com\\\/avatar\\\/65aa8415724474307d634c8364a0bd8ee551c4f0f01f2ffcc53e5a9856cb7369?s=96&d=mm&r=g\",\"contentUrl\":\"https:\\\/\\\/secure.gravatar.com\\\/avatar\\\/65aa8415724474307d634c8364a0bd8ee551c4f0f01f2ffcc53e5a9856cb7369?s=96&d=mm&r=g\",\"caption\":\"Daniela Medina\"},\"url\":\"https:\\\/\\\/casadecampoliving.com\\\/es\\\/author\\\/dmedina\\\/\"}]}<\/script>\n<!-- \/ Yoast SEO plugin. -->","yoast_head_json":{"title":"Diagn\u00f3stica Social y Cl\u00ednica de Familia promueven el mes de la concientizaci\u00f3n del C\u00e1ncer de Mama | Casa de Campo Living","description":"Octubre es el Mes de Concientizaci\u00f3n del C\u00e1ncer de Mama, por tanto, para levantar conciencia, Diagn\u00f3stica Social y la Cl\u00ednica de Familia, en La Romana,","robots":{"index":"index","follow":"follow","max-snippet":"max-snippet:-1","max-image-preview":"max-image-preview:large","max-video-preview":"max-video-preview:-1"},"canonical":"https:\/\/casadecampoliving.com\/es\/diagnostica-social-y-clinica-de-la-familia-promueven-el-mes-de-la-concientizacion-del-cancer-de-mama\/","og_locale":"es_ES","og_type":"article","og_title":"Diagn\u00f3stica Social y Cl\u00ednica de Familia promueven el mes de la concientizaci\u00f3n del C\u00e1ncer de Mama | Casa de Campo Living","og_description":"Octubre es el Mes de Concientizaci\u00f3n del C\u00e1ncer de Mama, por tanto, para levantar conciencia, Diagn\u00f3stica Social y la Cl\u00ednica de Familia, en La Romana,","og_url":"https:\/\/casadecampoliving.com\/es\/diagnostica-social-y-clinica-de-la-familia-promueven-el-mes-de-la-concientizacion-del-cancer-de-mama\/","og_site_name":"Casa de Campo Living","article_publisher":"https:\/\/www.facebook.com\/casadecampoliving","article_published_time":"2014-10-06T04:00:00+00:00","article_modified_time":"2022-10-21T22:59:24+00:00","og_image":[{"width":565,"height":375,"url":"https:\/\/i0.wp.com\/casadecampoliving.com\/wp-content\/uploads\/2022\/10\/diagnostica-social-1.jpg?fit=565%2C375&ssl=1","type":"image\/jpeg"}],"author":"Daniela Medina","twitter_card":"summary_large_image","twitter_creator":"@cdcliving","twitter_site":"@cdcliving","twitter_misc":{"Escrito por":"Daniela Medina","Tiempo de lectura":"2 minutos"},"schema":{"@context":"https:\/\/schema.org","@graph":[{"@type":"Article","@id":"https:\/\/casadecampoliving.com\/es\/diagnostica-social-y-clinica-de-la-familia-promueven-el-mes-de-la-concientizacion-del-cancer-de-mama\/#article","isPartOf":{"@id":"https:\/\/casadecampoliving.com\/es\/diagnostica-social-y-clinica-de-la-familia-promueven-el-mes-de-la-concientizacion-del-cancer-de-mama\/"},"author":{"name":"Daniela Medina","@id":"https:\/\/casadecampoliving.com\/es\/#\/schema\/person\/20e49d1b22266dc2b8f020b38201bd4e"},"headline":"Diagn\u00f3stica Social y Cl\u00ednica de Familia promueven el mes de la concientizaci\u00f3n del C\u00e1ncer de Mama","datePublished":"2014-10-06T04:00:00+00:00","dateModified":"2022-10-21T22:59:24+00:00","mainEntityOfPage":{"@id":"https:\/\/casadecampoliving.com\/es\/diagnostica-social-y-clinica-de-la-familia-promueven-el-mes-de-la-concientizacion-del-cancer-de-mama\/"},"wordCount":407,"publisher":{"@id":"https:\/\/casadecampoliving.com\/es\/#organization"},"image":{"@id":"https:\/\/casadecampoliving.com\/es\/diagnostica-social-y-clinica-de-la-familia-promueven-el-mes-de-la-concientizacion-del-cancer-de-mama\/#primaryimage"},"thumbnailUrl":"https:\/\/i0.wp.com\/casadecampoliving.com\/wp-content\/uploads\/2022\/10\/diagnostica-social-1.jpg?fit=565%2C375&ssl=1","keywords":["cancer","cancer de mama","clinica de la familia","diagn\u00f3stica social","Republica Dominicana","salud"],"articleSection":["Deportes","Estilo de Vida","Eventos","La Romana @es","M\u00e1s all\u00e1 de Casa","Noticias Locales","Proximamente","Rep\u00fablica Dominicana @es","Salud"],"inLanguage":"es"},{"@type":"WebPage","@id":"https:\/\/casadecampoliving.com\/es\/diagnostica-social-y-clinica-de-la-familia-promueven-el-mes-de-la-concientizacion-del-cancer-de-mama\/","url":"https:\/\/casadecampoliving.com\/es\/diagnostica-social-y-clinica-de-la-familia-promueven-el-mes-de-la-concientizacion-del-cancer-de-mama\/","name":"Diagn\u00f3stica Social y Cl\u00ednica de Familia promueven el mes de la concientizaci\u00f3n del C\u00e1ncer de Mama | Casa de Campo Living","isPartOf":{"@id":"https:\/\/casadecampoliving.com\/es\/#website"},"primaryImageOfPage":{"@id":"https:\/\/casadecampoliving.com\/es\/diagnostica-social-y-clinica-de-la-familia-promueven-el-mes-de-la-concientizacion-del-cancer-de-mama\/#primaryimage"},"image":{"@id":"https:\/\/casadecampoliving.com\/es\/diagnostica-social-y-clinica-de-la-familia-promueven-el-mes-de-la-concientizacion-del-cancer-de-mama\/#primaryimage"},"thumbnailUrl":"https:\/\/i0.wp.com\/casadecampoliving.com\/wp-content\/uploads\/2022\/10\/diagnostica-social-1.jpg?fit=565%2C375&ssl=1","datePublished":"2014-10-06T04:00:00+00:00","dateModified":"2022-10-21T22:59:24+00:00","description":"Octubre es el Mes de Concientizaci\u00f3n del C\u00e1ncer de Mama, por tanto, para levantar conciencia, Diagn\u00f3stica Social y la Cl\u00ednica de Familia, en La Romana,","breadcrumb":{"@id":"https:\/\/casadecampoliving.com\/es\/diagnostica-social-y-clinica-de-la-familia-promueven-el-mes-de-la-concientizacion-del-cancer-de-mama\/#breadcrumb"},"inLanguage":"es","potentialAction":[{"@type":"ReadAction","target":["https:\/\/casadecampoliving.com\/es\/diagnostica-social-y-clinica-de-la-familia-promueven-el-mes-de-la-concientizacion-del-cancer-de-mama\/"]}]},{"@type":"ImageObject","inLanguage":"es","@id":"https:\/\/casadecampoliving.com\/es\/diagnostica-social-y-clinica-de-la-familia-promueven-el-mes-de-la-concientizacion-del-cancer-de-mama\/#primaryimage","url":"https:\/\/i0.wp.com\/casadecampoliving.com\/wp-content\/uploads\/2022\/10\/diagnostica-social-1.jpg?fit=565%2C375&ssl=1","contentUrl":"https:\/\/i0.wp.com\/casadecampoliving.com\/wp-content\/uploads\/2022\/10\/diagnostica-social-1.jpg?fit=565%2C375&ssl=1","width":565,"height":375},{"@type":"BreadcrumbList","@id":"https:\/\/casadecampoliving.com\/es\/diagnostica-social-y-clinica-de-la-familia-promueven-el-mes-de-la-concientizacion-del-cancer-de-mama\/#breadcrumb","itemListElement":[{"@type":"ListItem","position":1,"name":"Home","item":"https:\/\/casadecampoliving.com\/es\/"},{"@type":"ListItem","position":2,"name":"Diagn\u00f3stica Social y Cl\u00ednica de Familia promueven el mes de la concientizaci\u00f3n del C\u00e1ncer de Mama"}]},{"@type":"WebSite","@id":"https:\/\/casadecampoliving.com\/es\/#website","url":"https:\/\/casadecampoliving.com\/es\/","name":"Casa de Campo Living","description":"Resort community news and resources.","publisher":{"@id":"https:\/\/casadecampoliving.com\/es\/#organization"},"potentialAction":[{"@type":"SearchAction","target":{"@type":"EntryPoint","urlTemplate":"https:\/\/casadecampoliving.com\/es\/?s={search_term_string}"},"query-input":{"@type":"PropertyValueSpecification","valueRequired":true,"valueName":"search_term_string"}}],"inLanguage":"es"},{"@type":"Organization","@id":"https:\/\/casadecampoliving.com\/es\/#organization","name":"Casa de Campo Living","url":"https:\/\/casadecampoliving.com\/es\/","logo":{"@type":"ImageObject","inLanguage":"es","@id":"https:\/\/casadecampoliving.com\/es\/#\/schema\/logo\/image\/","url":"https:\/\/i0.wp.com\/casadecampoliving.com\/wp-content\/uploads\/2022\/07\/CDCLivingLogo_V1-white-sized.png?fit=800%2C214&ssl=1","contentUrl":"https:\/\/i0.wp.com\/casadecampoliving.com\/wp-content\/uploads\/2022\/07\/CDCLivingLogo_V1-white-sized.png?fit=800%2C214&ssl=1","width":800,"height":214,"caption":"Casa de Campo Living"},"image":{"@id":"https:\/\/casadecampoliving.com\/es\/#\/schema\/logo\/image\/"},"sameAs":["https:\/\/www.facebook.com\/casadecampoliving","https:\/\/x.com\/cdcliving"]},{"@type":"Person","@id":"https:\/\/casadecampoliving.com\/es\/#\/schema\/person\/20e49d1b22266dc2b8f020b38201bd4e","name":"Daniela Medina","image":{"@type":"ImageObject","inLanguage":"es","@id":"https:\/\/secure.gravatar.com\/avatar\/65aa8415724474307d634c8364a0bd8ee551c4f0f01f2ffcc53e5a9856cb7369?s=96&d=mm&r=g","url":"https:\/\/secure.gravatar.com\/avatar\/65aa8415724474307d634c8364a0bd8ee551c4f0f01f2ffcc53e5a9856cb7369?s=96&d=mm&r=g","contentUrl":"https:\/\/secure.gravatar.com\/avatar\/65aa8415724474307d634c8364a0bd8ee551c4f0f01f2ffcc53e5a9856cb7369?s=96&d=mm&r=g","caption":"Daniela Medina"},"url":"https:\/\/casadecampoliving.com\/es\/author\/dmedina\/"}]}},"parsely":{"version":"1.1.0","canonical_url":"https:\/\/casadecampoliving.com\/es\/diagnostica-social-y-clinica-de-la-familia-promueven-el-mes-de-la-concientizacion-del-cancer-de-mama\/","smart_links":{"inbound":0,"outbound":0},"traffic_boost_suggestions_count":0,"meta":{"@context":"https:\/\/schema.org","@type":"NewsArticle","headline":"Diagn\u00f3stica Social y Cl\u00ednica de Familia promueven el mes de la concientizaci\u00f3n del C\u00e1ncer de Mama","url":"http:\/\/casadecampoliving.com\/es\/diagnostica-social-y-clinica-de-la-familia-promueven-el-mes-de-la-concientizacion-del-cancer-de-mama\/","mainEntityOfPage":{"@type":"WebPage","@id":"http:\/\/casadecampoliving.com\/es\/diagnostica-social-y-clinica-de-la-familia-promueven-el-mes-de-la-concientizacion-del-cancer-de-mama\/"},"thumbnailUrl":"https:\/\/i0.wp.com\/casadecampoliving.com\/wp-content\/uploads\/2022\/10\/diagnostica-social-1.jpg?resize=150%2C150&ssl=1","image":{"@type":"ImageObject","url":"https:\/\/i0.wp.com\/casadecampoliving.com\/wp-content\/uploads\/2022\/10\/diagnostica-social-1.jpg?fit=565%2C375&ssl=1"},"articleSection":"Deportes","author":[{"@type":"Person","name":"Daniela Medina"}],"creator":["Daniela Medina"],"publisher":{"@type":"Organization","name":"Casa de Campo Living","logo":"https:\/\/casadecampoliving.com\/wp-content\/uploads\/2022\/07\/CDCLivingLogo_V1-white-sized.png"},"keywords":["cancer","cancer de mama","clinica de la familia","diagn\u00f3stica social","republica dominicana","salud"],"dateCreated":"2014-10-06T04:00:00Z","datePublished":"2014-10-06T04:00:00Z","dateModified":"2022-10-21T22:59:24Z"},"rendered":"<script type=\"application\/ld+json\" class=\"wp-parsely-metadata\">{\"@context\":\"https:\\\/\\\/schema.org\",\"@type\":\"NewsArticle\",\"headline\":\"Diagn\\u00f3stica Social y Cl\\u00ednica de Familia promueven el mes de la concientizaci\\u00f3n del C\\u00e1ncer de Mama\",\"url\":\"http:\\\/\\\/casadecampoliving.com\\\/es\\\/diagnostica-social-y-clinica-de-la-familia-promueven-el-mes-de-la-concientizacion-del-cancer-de-mama\\\/\",\"mainEntityOfPage\":{\"@type\":\"WebPage\",\"@id\":\"http:\\\/\\\/casadecampoliving.com\\\/es\\\/diagnostica-social-y-clinica-de-la-familia-promueven-el-mes-de-la-concientizacion-del-cancer-de-mama\\\/\"},\"thumbnailUrl\":\"https:\\\/\\\/i0.wp.com\\\/casadecampoliving.com\\\/wp-content\\\/uploads\\\/2022\\\/10\\\/diagnostica-social-1.jpg?resize=150%2C150&ssl=1\",\"image\":{\"@type\":\"ImageObject\",\"url\":\"https:\\\/\\\/i0.wp.com\\\/casadecampoliving.com\\\/wp-content\\\/uploads\\\/2022\\\/10\\\/diagnostica-social-1.jpg?fit=565%2C375&ssl=1\"},\"articleSection\":\"Deportes\",\"author\":[{\"@type\":\"Person\",\"name\":\"Daniela Medina\"}],\"creator\":[\"Daniela Medina\"],\"publisher\":{\"@type\":\"Organization\",\"name\":\"Casa de Campo Living\",\"logo\":\"https:\\\/\\\/casadecampoliving.com\\\/wp-content\\\/uploads\\\/2022\\\/07\\\/CDCLivingLogo_V1-white-sized.png\"},\"keywords\":[\"cancer\",\"cancer de mama\",\"clinica de la familia\",\"diagn\\u00f3stica social\",\"republica dominicana\",\"salud\"],\"dateCreated\":\"2014-10-06T04:00:00Z\",\"datePublished\":\"2014-10-06T04:00:00Z\",\"dateModified\":\"2022-10-21T22:59:24Z\"}<\/script>","tracker_url":"https:\/\/cdn.parsely.com\/keys\/casadecampoliving.com\/p.js"},"jetpack_publicize_connections":[],"jetpack_featured_media_url":"https:\/\/i0.wp.com\/casadecampoliving.com\/wp-content\/uploads\/2022\/10\/diagnostica-social-1.jpg?fit=565%2C375&ssl=1","jetpack-related-posts":[{"id":354508,"url":"https:\/\/casadecampoliving.com\/es\/diagnostica-social-promueve-el-mes-de-concientizacion-sobre-el-cancer-de-mama-con-operativo-medico\/","url_meta":{"origin":345557,"position":0},"title":"Diagn\u00f3stica Social promueve el Mes de Concientizaci\u00f3n sobre el C\u00e1ncer de Mama con operativo m\u00e9dico","author":"Casa de Campo Living","date":"23 Sep, 2022","format":false,"excerpt":"Octubre es el Mes de Concientizaci\u00f3n sobre el C\u00e1ncer de Mama, y \u200b\u200bpara concientizar a Diagn\u00f3stica Social tiene una oferta especial de Mamograf\u00edas y Sonomamograf\u00edas para que todas las mujeres puedan permitirse hacerse un chequeo. Una sonomamograf\u00eda es una ecograf\u00eda que se realiza adem\u00e1s de una mamograf\u00eda (radiograf\u00eda del tejido\u2026","rel":"","context":"En \u00abM\u00e1s all\u00e1 de Casa\u00bb","block_context":{"text":"M\u00e1s all\u00e1 de Casa","link":"https:\/\/casadecampoliving.com\/es\/category\/mas-alla-de-casa-es\/"},"img":{"alt_text":"","src":"https:\/\/i0.wp.com\/casadecampoliving.com\/wp-content\/uploads\/2022\/10\/diagnostica-social-mamografia-e1634146785864.jpg?fit=1000%2C667&ssl=1&resize=350%2C200","width":350,"height":200,"srcset":"https:\/\/i0.wp.com\/casadecampoliving.com\/wp-content\/uploads\/2022\/10\/diagnostica-social-mamografia-e1634146785864.jpg?fit=1000%2C667&ssl=1&resize=350%2C200 1x, https:\/\/i0.wp.com\/casadecampoliving.com\/wp-content\/uploads\/2022\/10\/diagnostica-social-mamografia-e1634146785864.jpg?fit=1000%2C667&ssl=1&resize=525%2C300 1.5x, https:\/\/i0.wp.com\/casadecampoliving.com\/wp-content\/uploads\/2022\/10\/diagnostica-social-mamografia-e1634146785864.jpg?fit=1000%2C667&ssl=1&resize=700%2C400 2x"},"classes":[]},{"id":353566,"url":"https:\/\/casadecampoliving.com\/es\/octubre-es-el-mes-de-concientizacion-sobre-el-cancer-de-mama-hagase-su-chequeo-en-diagnostica-social\/","url_meta":{"origin":345557,"position":1},"title":"Octubre es el Mes de Concientizaci\u00f3n sobre el C\u00e1ncer de Mama h\u00e1gase su chequeo en Diagn\u00f3stica Social","author":"Casa de Campo Living","date":"3 Oct, 2019","format":false,"excerpt":"Octubre es el Mes de Concientizaci\u00f3n sobre el C\u00e1ncer de Mama, y \u200b\u200bpara crear conciencia, Diagn\u00f3stica Social tiene una oferta especial en mamograf\u00edas y sonomammograf\u00edas para que todas las mujeres puedan permitirse hacerse un chequeo. Una sonomammograf\u00eda es una ecograf\u00eda que se realiza adem\u00e1s de la mamograf\u00eda (radiograf\u00eda de tejido\u2026","rel":"","context":"En \u00abDestacados\u00bb","block_context":{"text":"Destacados","link":"https:\/\/casadecampoliving.com\/es\/category\/destacados\/"},"img":{"alt_text":"","src":"https:\/\/i0.wp.com\/casadecampoliving.com\/wp-content\/uploads\/2022\/10\/Diagnostica-Social-Octubre-2019-1.png?fit=960%2C960&ssl=1&resize=350%2C200","width":350,"height":200,"srcset":"https:\/\/i0.wp.com\/casadecampoliving.com\/wp-content\/uploads\/2022\/10\/Diagnostica-Social-Octubre-2019-1.png?fit=960%2C960&ssl=1&resize=350%2C200 1x, https:\/\/i0.wp.com\/casadecampoliving.com\/wp-content\/uploads\/2022\/10\/Diagnostica-Social-Octubre-2019-1.png?fit=960%2C960&ssl=1&resize=525%2C300 1.5x, https:\/\/i0.wp.com\/casadecampoliving.com\/wp-content\/uploads\/2022\/10\/Diagnostica-Social-Octubre-2019-1.png?fit=960%2C960&ssl=1&resize=700%2C400 2x"},"classes":[]},{"id":354172,"url":"https:\/\/casadecampoliving.com\/es\/octubre-es-el-mes-de-concientizacion-sobre-el-cancer-de-mama-hagase-un-chequeo-en-diagnostica-social\/","url_meta":{"origin":345557,"position":2},"title":"Octubre es el mes de concientizaci\u00f3n sobre el c\u00e1ncer de mama h\u00e1gase un chequeo en Diagn\u00f3stica Social","author":"Casa de Campo Living","date":"13 Oct, 2021","format":false,"excerpt":"Octubre es el mes de concientizaci\u00f3n sobre el c\u00e1ncer de mama y, para generar conciencia, Diagn\u00f3stica Social tiene una oferta especial en mamograf\u00edas y sonomamograf\u00edas para que todas las mujeres puedan permitirse hacerse un control. Una sonomamograf\u00eda es una ecograf\u00eda que se realiza adem\u00e1s de la mamograf\u00eda (radiograf\u00eda del tejido\u2026","rel":"","context":"En \u00abM\u00e1s all\u00e1 de Casa\u00bb","block_context":{"text":"M\u00e1s all\u00e1 de Casa","link":"https:\/\/casadecampoliving.com\/es\/category\/mas-alla-de-casa-es\/"},"img":{"alt_text":"","src":"https:\/\/i0.wp.com\/casadecampoliving.com\/wp-content\/uploads\/2022\/10\/diagnostica-social-mamografia-e1634146785864.jpg?fit=1000%2C667&ssl=1&resize=350%2C200","width":350,"height":200,"srcset":"https:\/\/i0.wp.com\/casadecampoliving.com\/wp-content\/uploads\/2022\/10\/diagnostica-social-mamografia-e1634146785864.jpg?fit=1000%2C667&ssl=1&resize=350%2C200 1x, https:\/\/i0.wp.com\/casadecampoliving.com\/wp-content\/uploads\/2022\/10\/diagnostica-social-mamografia-e1634146785864.jpg?fit=1000%2C667&ssl=1&resize=525%2C300 1.5x, https:\/\/i0.wp.com\/casadecampoliving.com\/wp-content\/uploads\/2022\/10\/diagnostica-social-mamografia-e1634146785864.jpg?fit=1000%2C667&ssl=1&resize=700%2C400 2x"},"classes":[]},{"id":352014,"url":"https:\/\/casadecampoliving.com\/es\/diagnostica-social-estara-realizando-su-operativo-medico-anual-en-prevencion-del-cancer-de-mama\/","url_meta":{"origin":345557,"position":3},"title":"Diagn\u00f3stica Social estar\u00e1 realizando su operativo m\u00e9dico anual en prevenci\u00f3n del c\u00e1ncer de mama","author":"Marlenys Guzm\u00e1n Casta\u00f1os","date":"25 Sep, 2017","format":false,"excerpt":"Octubre es el Mes de la concientizaci\u00f3n sobre el c\u00e1ncer de mama, por esta raz\u00f3n Diagn\u00f3stica Social tiene una oferta especial en Mamograf\u00edas y Sonomamograf\u00eda para que todas las mujeres puedan ir a realizarse los estudios. Una sonomamograf\u00eda es un ultrasonido del seno que se realiza adem\u00e1s de la mamograf\u00eda\u2026","rel":"","context":"En \u00abLa Romana @es\u00bb","block_context":{"text":"La Romana @es","link":"https:\/\/casadecampoliving.com\/es\/category\/mas-alla-de-casa-es\/la-romana-es\/"},"img":{"alt_text":"","src":"https:\/\/i0.wp.com\/casadecampoliving.com\/wp-content\/uploads\/2022\/10\/diagnositca.jpg?fit=1000%2C667&ssl=1&resize=350%2C200","width":350,"height":200,"srcset":"https:\/\/i0.wp.com\/casadecampoliving.com\/wp-content\/uploads\/2022\/10\/diagnositca.jpg?fit=1000%2C667&ssl=1&resize=350%2C200 1x, https:\/\/i0.wp.com\/casadecampoliving.com\/wp-content\/uploads\/2022\/10\/diagnositca.jpg?fit=1000%2C667&ssl=1&resize=525%2C300 1.5x, https:\/\/i0.wp.com\/casadecampoliving.com\/wp-content\/uploads\/2022\/10\/diagnositca.jpg?fit=1000%2C667&ssl=1&resize=700%2C400 2x"},"classes":[]},{"id":352894,"url":"https:\/\/casadecampoliving.com\/es\/diagnostica-social-promueve-el-mes-de-concientizacion-sobre-el-cancer-de-mama\/","url_meta":{"origin":345557,"position":4},"title":"Diagn\u00f3stica Social promueve el Mes de Concientizaci\u00f3n sobre el C\u00e1ncer de Mama","author":"Marlenys Guzm\u00e1n Casta\u00f1os","date":"25 Sep, 2018","format":false,"excerpt":"Octubre es el Mes de la concientizaci\u00f3n sobre el c\u00e1ncer de mama, por esta raz\u00f3n Diagn\u00f3stica Social tiene una oferta especial en Mamograf\u00edas y Sonomamograf\u00eda para que todas las mujeres puedan ir a realizarse los estudios. Una sonomamograf\u00eda es un ultrasonido del seno que se realiza adem\u00e1s de la mamograf\u00eda\u2026","rel":"","context":"En \u00abLa Romana @es\u00bb","block_context":{"text":"La Romana @es","link":"https:\/\/casadecampoliving.com\/es\/category\/mas-alla-de-casa-es\/la-romana-es\/"},"img":{"alt_text":"","src":"https:\/\/i0.wp.com\/casadecampoliving.com\/wp-content\/uploads\/2018\/09\/diagnostica-social1.jpg?resize=350%2C200&ssl=1","width":350,"height":200,"srcset":"https:\/\/i0.wp.com\/casadecampoliving.com\/wp-content\/uploads\/2018\/09\/diagnostica-social1.jpg?resize=350%2C200&ssl=1 1x, https:\/\/i0.wp.com\/casadecampoliving.com\/wp-content\/uploads\/2018\/09\/diagnostica-social1.jpg?resize=525%2C300&ssl=1 1.5x, https:\/\/i0.wp.com\/casadecampoliving.com\/wp-content\/uploads\/2018\/09\/diagnostica-social1.jpg?resize=700%2C400&ssl=1 2x"},"classes":[]},{"id":319340,"url":"https:\/\/casadecampoliving.com\/es\/diagnostico-social-mammograms-and-sonography-only-rd500\/","url_meta":{"origin":345557,"position":5},"title":"Diagn\u00f3stico Social: Mammograms and Sonography only RD$500!","author":"Rebecca Silvestri","date":"11 Oct, 2010","format":false,"excerpt":"As part of Breast Cancer Awareness Month this October the new Diagn\u00f3stico Social in La Romana has a special offer on Mammograms and Sonography so everyone can afford one! Este mes de octubre, el nuevo Diagn\u00f3stico Social en La Romana tiene una oferta de mamograf\u00eda y sonograf\u00eda! The Diagn\u00f3stico Social,\u2026","rel":"","context":"En \u00abM\u00e1s all\u00e1 de Casa\u00bb","block_context":{"text":"M\u00e1s all\u00e1 de Casa","link":"https:\/\/casadecampoliving.com\/es\/category\/mas-alla-de-casa-es\/"},"img":{"alt_text":"","src":"https:\/\/i0.wp.com\/casadecampoliving.com\/wp-content\/uploads\/2022\/10\/centro_diagnostico_mamografia-1.jpg?fit=433%2C284&ssl=1&resize=350%2C200","width":350,"height":200},"classes":[]}],"jetpack_sharing_enabled":true,"_links":{"self":[{"href":"https:\/\/casadecampoliving.com\/es\/wp-json\/wp\/v2\/posts\/345557","targetHints":{"allow":["GET"]}}],"collection":[{"href":"https:\/\/casadecampoliving.com\/es\/wp-json\/wp\/v2\/posts"}],"about":[{"href":"https:\/\/casadecampoliving.com\/es\/wp-json\/wp\/v2\/types\/post"}],"author":[{"embeddable":true,"href":"https:\/\/casadecampoliving.com\/es\/wp-json\/wp\/v2\/users\/23245"}],"replies":[{"embeddable":true,"href":"https:\/\/casadecampoliving.com\/es\/wp-json\/wp\/v2\/comments?post=345557"}],"version-history":[{"count":1,"href":"https:\/\/casadecampoliving.com\/es\/wp-json\/wp\/v2\/posts\/345557\/revisions"}],"predecessor-version":[{"id":345558,"href":"https:\/\/casadecampoliving.com\/es\/wp-json\/wp\/v2\/posts\/345557\/revisions\/345558"}],"wp:featuredmedia":[{"embeddable":true,"href":"https:\/\/casadecampoliving.com\/es\/wp-json\/wp\/v2\/media\/277306"}],"wp:attachment":[{"href":"https:\/\/casadecampoliving.com\/es\/wp-json\/wp\/v2\/media?parent=345557"}],"wp:term":[{"taxonomy":"category","embeddable":true,"href":"https:\/\/casadecampoliving.com\/es\/wp-json\/wp\/v2\/categories?post=345557"},{"taxonomy":"post_tag","embeddable":true,"href":"https:\/\/casadecampoliving.com\/es\/wp-json\/wp\/v2\/tags?post=345557"},{"taxonomy":"newspack_spnsrs_tax","embeddable":true,"href":"https:\/\/casadecampoliving.com\/es\/wp-json\/wp\/v2\/newspack_spnsrs_tax?post=345557"}],"curies":[{"name":"wp","href":"https:\/\/api.w.org\/{rel}","templated":true}]}}