{"id":345541,"date":"2015-06-16T00:00:00","date_gmt":"2015-06-16T04:00:00","guid":{"rendered":"https:\/\/casadecampoliving.com\/mi-primera-experiencia-en-velas-por-philip-silvestri\/"},"modified":"2022-10-21T18:58:51","modified_gmt":"2022-10-21T22:58:51","slug":"mi-primera-experiencia-en-velas-por-philip-silvestri","status":"publish","type":"post","link":"https:\/\/casadecampoliving.com\/es\/mi-primera-experiencia-en-velas-por-philip-silvestri\/","title":{"rendered":"Mi primera experiencia en velas &#8211; por Philip Silvestri"},"content":{"rendered":"<div class=\"wp-block-image\">\n<figure class=\"aligncenter is-resized\"><img loading=\"lazy\" decoding=\"async\" src=\"https:\/\/i0.wp.com\/casadecampoliving.com\/wp-content\/uploads\/2022\/10\/philip-silvestre.jpg?resize=650%2C488&amp;ssl=1\" alt=\"philip silvestre\" class=\"wp-image-99083\" height=\"488\" width=\"650\"\/><\/figure>\n<\/div>\n\n\n<p>Tengo un sue\u00f1o \u2013 el de poder navegar desde la Marina CDC hasta la isla Catalina para disfrutar de un picnic rom\u00e1ntico y regresar con vida. As\u00ed que luego de considerar esta idea durante los \u00faltimos a\u00f1os, recientemente tom\u00e9 el primer paso para hacer este sue\u00f1o una realidad \u2013 programando una salida en un J24 con Franco, instructor experto de la Escuela de Vela&nbsp;de CDC.<\/p>\n\n\n\n<!--more-->\n\n\n<div class=\"wp-block-image\">\n<figure class=\"alignright is-resized\"><img loading=\"lazy\" decoding=\"async\" src=\"https:\/\/i0.wp.com\/casadecampoliving.com\/wp-content\/uploads\/2022\/10\/sailing.jpg?resize=300%2C400&amp;ssl=1\" alt=\"sailing\" class=\"wp-image-99084\" height=\"400\" width=\"300\"\/><\/figure>\n<\/div>\n\n\n<p>La aventura comenz\u00f3 detr\u00e1s de una butaca en la escuela \u2013 en donde nos dieron una breve introducci\u00f3n a lo b\u00e1sico \u2013 los nombres de las diferentes partes del barco y otras informaciones importantes sobre la direcci\u00f3n del viento\u2026 \u00a1Todo esto olvidado de inmediato con la emoci\u00f3n de subir a bordo y sentir el viento debajo de nuestras velas!<\/p>\n\n\n\n<p>Una vez Franco nos sac\u00f3 a salvo de la Marina e izamos las velas, era mi turno de&nbsp;tener el control. En este punto, me percat\u00e9 de que, lo que Franco nos hizo ver como algo f\u00e1cil, realmente no lo era \u2013 \u00a1Lo cual aument\u00f3 la emoci\u00f3n! No obstante, con la brisa del mar en mi cabello y mi fiel acompa\u00f1ante (Rebecca Hughes \u2013 editora de TODO) gritando y tomando fotos, desarroll\u00e9 un sentimiento de entendimiento por lo que estaba haciendo \u2013 y as\u00ed logr\u00e9 mantener el J24 en una trayectoria y a una velocidad estables \u2013 \u00a1Inclusive logramos hacer un giro!<\/p>\n\n\n\n<p>De regreso a la Marina Casa de Campo, me di cuenta de que mi sue\u00f1o de navegaci\u00f3n podr\u00eda convertirse en una realidad \u2013 \u00a1Aunque sea en un futuro lejano!<\/p>\n\n\n\n<p><b>Tarifas e informaci\u00f3n de deportes: Vela<\/b><\/p>\n\n\n\n<p>La Escuela de Vela de Casa de Campo est\u00e1 ubicada en la entrada de la Marina Casa de Campo. Ofrece clases diarias de 9:30am a 12:30pm y de 2:30pm a 5:30pm. Todos los cursos pueden realizarse en d\u00edas consecutivos o en tres&nbsp;de fines de semana.<\/p>\n\n\n\n<blockquote class=\"wp-block-quote is-layout-flow wp-block-quote-is-layout-flow\"><p><strong>Contacto:&nbsp;<\/strong>(809) 523-2739,&nbsp;info@scuoladevela.com<\/p><\/blockquote>\n\n\n\n<p><strong><b>J24 cursos de vela<\/b><b><br>\n<\/b><\/strong>Un J24 es un velero veloz de 24 pies \u2013 son muy divertidos y veloces \u00a1Y aprender a manejarlos es r\u00e1pido y sencillo! Disponible para adultos y ni\u00f1os mayores de 12 a\u00f1os.<\/p>\n\n\n\n<ul class=\"wp-block-list\"><li>6 d\u00edas (o 3 fines de semana): US$340<\/li><li>Renta de 1\/2 d\u00eda con instructor&nbsp;(9:30am \u2013 12:30pm): US$150<\/li><li>Renta de 1 d\u00eda con instructor&nbsp;(10am \u2013 4pm): US$240<\/li><\/ul>\n\n\n\n<p><strong><b>Cursos de \u201cDinghy\u201d<\/b><b><br>\n<\/b><\/strong>Los \u201cDinghys\u201d son peque\u00f1os barcos veleros dise\u00f1ados para una persona. Los cursos est\u00e1n disponibles para ni\u00f1os de 6 a\u00f1os o mayores, ofreci\u00e9ndoles a ellos y a la familia una actividad divertida!<strong><br>\n<\/strong><\/p>\n\n\n\n<ul class=\"wp-block-list\"><li>6 d\u00edas (o 3 fines de semana) (edades 6-12): US$240<\/li><li>6 d\u00edas (o 3 fines de semana) adultos: US$270<\/li><\/ul>\n\n\n\n<p><strong>Alojamiento y comida<b><br>\n<\/b><\/strong>La Escuela de Vela tiene 8 habitaciones de hu\u00e9spedes para quienes toman cursos de vela a tiempo completo. Estas instalaciones tipo&nbsp;mini-hotel&nbsp;tienen un \u00e1rea comunitaria y una cocina, y todos tienen acceso a bicicletas para movilizarse.<\/p>\n\n\n\n<ul class=\"wp-block-list\"><li>Habitaci\u00f3n doble: US$35&nbsp;p\/p por noche<\/li><\/ul>\n","protected":false},"excerpt":{"rendered":"<p>Tengo un sue\u00f1o \u2013 el de poder navegar desde la Marina CDC hasta la isla Catalina para disfrutar de un picnic rom\u00e1ntico y regresar con vida. As\u00ed que luego de considerar esta idea durante los \u00faltimos a\u00f1os, recientemente tom\u00e9 el primer paso para hacer este sue\u00f1o una realidad \u2013 programando una salida en un J24 [&hellip;]<\/p>\n","protected":false},"author":31,"featured_media":277070,"comment_status":"closed","ping_status":"closed","sticky":false,"template":"","format":"standard","meta":{"newspack_ads_suppress_ads":false,"newspack_popups_has_disabled_popups":false,"newspack_sponsor_sponsorship_scope":"","newspack_sponsor_native_byline_display":"inherit","newspack_sponsor_native_category_display":"inherit","newspack_sponsor_underwriter_style":"inherit","newspack_sponsor_underwriter_placement":"inherit","_newspack_byline_active":false,"_newspack_byline":"","newspack_hide_updated_date":false,"newspack_show_updated_date":false,"newspack_content_restriction_is_exempt":false,"newspack_featured_image_position":"","newspack_post_subtitle":"","newspack_article_summary_title":"Overview:","newspack_article_summary":"","_jetpack_memberships_contains_paid_content":false,"footnotes":"","jetpack_publicize_message":"","jetpack_publicize_feature_enabled":true,"jetpack_social_post_already_shared":false,"jetpack_social_options":{"image_generator_settings":{"template":"highway","default_image_id":0,"font":"","enabled":false},"version":2},"_wpas_customize_per_network":false},"categories":[26936,26951,2524,14631,26581,14625,2521],"tags":[10576,5570,8046,613],"newspack_spnsrs_tax":[],"class_list":["post-345541","post","type-post","status-publish","format-standard","has-post-thumbnail","hentry","category-casa-de-campo-living-es","category-ccl-presenta","category-destacados","category-estilo-de-vida","category-la-marina-casa-de-campo","category-noticias-locales","category-republica-dominicana-2","tag-aventura","tag-barco","tag-la-marina-casa-de-campoes","tag-philip-silvestri","entry"],"yoast_head":"<!-- This site is optimized with the Yoast SEO plugin v27.5 - https:\/\/yoast.com\/product\/yoast-seo-wordpress\/ -->\n<title>Mi primera experiencia en velas - por Philip Silvestri | Casa de Campo Living<\/title>\n<meta name=\"description\" content=\"Tengo un sue\u00f1o \u2013 el de poder navegar desde la Marina CDC hasta la isla Catalina para disfrutar de un picnic rom\u00e1ntico y regresar con vida. As\u00ed que luego\" \/>\n<meta name=\"robots\" content=\"index, follow, max-snippet:-1, max-image-preview:large, max-video-preview:-1\" \/>\n<link rel=\"canonical\" href=\"https:\/\/casadecampoliving.com\/es\/mi-primera-experiencia-en-velas-por-philip-silvestri\/\" \/>\n<meta property=\"og:locale\" content=\"es_ES\" \/>\n<meta property=\"og:type\" content=\"article\" \/>\n<meta property=\"og:title\" content=\"Mi primera experiencia en velas - por Philip Silvestri | Casa de Campo Living\" \/>\n<meta property=\"og:description\" content=\"Tengo un sue\u00f1o \u2013 el de poder navegar desde la Marina CDC hasta la isla Catalina para disfrutar de un picnic rom\u00e1ntico y regresar con vida. As\u00ed que luego\" \/>\n<meta property=\"og:url\" content=\"https:\/\/casadecampoliving.com\/es\/mi-primera-experiencia-en-velas-por-philip-silvestri\/\" \/>\n<meta property=\"og:site_name\" content=\"Casa de Campo Living\" \/>\n<meta property=\"article:publisher\" content=\"https:\/\/www.facebook.com\/casadecampoliving\" \/>\n<meta property=\"article:published_time\" content=\"2015-06-16T04:00:00+00:00\" \/>\n<meta property=\"article:modified_time\" content=\"2022-10-21T22:58:51+00:00\" \/>\n<meta property=\"og:image\" content=\"https:\/\/i0.wp.com\/casadecampoliving.com\/wp-content\/uploads\/2022\/10\/philip-silvestre-1.jpg?fit=800%2C600&ssl=1\" \/>\n\t<meta property=\"og:image:width\" content=\"800\" \/>\n\t<meta property=\"og:image:height\" content=\"600\" \/>\n\t<meta property=\"og:image:type\" content=\"image\/jpeg\" \/>\n<meta name=\"author\" content=\"Rebecca Silvestri\" \/>\n<meta name=\"twitter:card\" content=\"summary_large_image\" \/>\n<meta name=\"twitter:creator\" content=\"@cdcliving\" \/>\n<meta name=\"twitter:site\" content=\"@cdcliving\" \/>\n<meta name=\"twitter:label1\" content=\"Escrito por\" \/>\n\t<meta name=\"twitter:data1\" content=\"Rebecca Silvestri\" \/>\n\t<meta name=\"twitter:label2\" content=\"Tiempo de lectura\" \/>\n\t<meta name=\"twitter:data2\" content=\"2 minutos\" \/>\n<script type=\"application\/ld+json\" class=\"yoast-schema-graph\">{\"@context\":\"https:\\\/\\\/schema.org\",\"@graph\":[{\"@type\":\"Article\",\"@id\":\"https:\\\/\\\/casadecampoliving.com\\\/es\\\/mi-primera-experiencia-en-velas-por-philip-silvestri\\\/#article\",\"isPartOf\":{\"@id\":\"https:\\\/\\\/casadecampoliving.com\\\/es\\\/mi-primera-experiencia-en-velas-por-philip-silvestri\\\/\"},\"author\":{\"name\":\"Rebecca Silvestri\",\"@id\":\"https:\\\/\\\/casadecampoliving.com\\\/es\\\/#\\\/schema\\\/person\\\/2b2208f3175fa8761e25b272e096d718\"},\"headline\":\"Mi primera experiencia en velas &#8211; por Philip Silvestri\",\"datePublished\":\"2015-06-16T04:00:00+00:00\",\"dateModified\":\"2022-10-21T22:58:51+00:00\",\"mainEntityOfPage\":{\"@id\":\"https:\\\/\\\/casadecampoliving.com\\\/es\\\/mi-primera-experiencia-en-velas-por-philip-silvestri\\\/\"},\"wordCount\":505,\"publisher\":{\"@id\":\"https:\\\/\\\/casadecampoliving.com\\\/es\\\/#organization\"},\"image\":{\"@id\":\"https:\\\/\\\/casadecampoliving.com\\\/es\\\/mi-primera-experiencia-en-velas-por-philip-silvestri\\\/#primaryimage\"},\"thumbnailUrl\":\"https:\\\/\\\/i0.wp.com\\\/casadecampoliving.com\\\/wp-content\\\/uploads\\\/2022\\\/10\\\/philip-silvestre-1.jpg?fit=800%2C600&ssl=1\",\"keywords\":[\"aventura\",\"barco\",\"La Marina Casa de Campo@es\",\"Philip Silvestri\"],\"articleSection\":[\"Casa de Campo Living @es\",\"CCL presenta\",\"Destacados\",\"Estilo de Vida\",\"La Marina Casa de Campo\",\"Noticias Locales\",\"Rep\u00fablica Dominicana @es\"],\"inLanguage\":\"es\"},{\"@type\":\"WebPage\",\"@id\":\"https:\\\/\\\/casadecampoliving.com\\\/es\\\/mi-primera-experiencia-en-velas-por-philip-silvestri\\\/\",\"url\":\"https:\\\/\\\/casadecampoliving.com\\\/es\\\/mi-primera-experiencia-en-velas-por-philip-silvestri\\\/\",\"name\":\"Mi primera experiencia en velas - por Philip Silvestri | Casa de Campo Living\",\"isPartOf\":{\"@id\":\"https:\\\/\\\/casadecampoliving.com\\\/es\\\/#website\"},\"primaryImageOfPage\":{\"@id\":\"https:\\\/\\\/casadecampoliving.com\\\/es\\\/mi-primera-experiencia-en-velas-por-philip-silvestri\\\/#primaryimage\"},\"image\":{\"@id\":\"https:\\\/\\\/casadecampoliving.com\\\/es\\\/mi-primera-experiencia-en-velas-por-philip-silvestri\\\/#primaryimage\"},\"thumbnailUrl\":\"https:\\\/\\\/i0.wp.com\\\/casadecampoliving.com\\\/wp-content\\\/uploads\\\/2022\\\/10\\\/philip-silvestre-1.jpg?fit=800%2C600&ssl=1\",\"datePublished\":\"2015-06-16T04:00:00+00:00\",\"dateModified\":\"2022-10-21T22:58:51+00:00\",\"description\":\"Tengo un sue\u00f1o \u2013 el de poder navegar desde la Marina CDC hasta la isla Catalina para disfrutar de un picnic rom\u00e1ntico y regresar con vida. As\u00ed que luego\",\"breadcrumb\":{\"@id\":\"https:\\\/\\\/casadecampoliving.com\\\/es\\\/mi-primera-experiencia-en-velas-por-philip-silvestri\\\/#breadcrumb\"},\"inLanguage\":\"es\",\"potentialAction\":[{\"@type\":\"ReadAction\",\"target\":[\"https:\\\/\\\/casadecampoliving.com\\\/es\\\/mi-primera-experiencia-en-velas-por-philip-silvestri\\\/\"]}]},{\"@type\":\"ImageObject\",\"inLanguage\":\"es\",\"@id\":\"https:\\\/\\\/casadecampoliving.com\\\/es\\\/mi-primera-experiencia-en-velas-por-philip-silvestri\\\/#primaryimage\",\"url\":\"https:\\\/\\\/i0.wp.com\\\/casadecampoliving.com\\\/wp-content\\\/uploads\\\/2022\\\/10\\\/philip-silvestre-1.jpg?fit=800%2C600&ssl=1\",\"contentUrl\":\"https:\\\/\\\/i0.wp.com\\\/casadecampoliving.com\\\/wp-content\\\/uploads\\\/2022\\\/10\\\/philip-silvestre-1.jpg?fit=800%2C600&ssl=1\",\"width\":800,\"height\":600},{\"@type\":\"BreadcrumbList\",\"@id\":\"https:\\\/\\\/casadecampoliving.com\\\/es\\\/mi-primera-experiencia-en-velas-por-philip-silvestri\\\/#breadcrumb\",\"itemListElement\":[{\"@type\":\"ListItem\",\"position\":1,\"name\":\"Home\",\"item\":\"https:\\\/\\\/casadecampoliving.com\\\/es\\\/\"},{\"@type\":\"ListItem\",\"position\":2,\"name\":\"Mi primera experiencia en velas &#8211; por Philip Silvestri\"}]},{\"@type\":\"WebSite\",\"@id\":\"https:\\\/\\\/casadecampoliving.com\\\/es\\\/#website\",\"url\":\"https:\\\/\\\/casadecampoliving.com\\\/es\\\/\",\"name\":\"Casa de Campo Living\",\"description\":\"Resort community news and resources.\",\"publisher\":{\"@id\":\"https:\\\/\\\/casadecampoliving.com\\\/es\\\/#organization\"},\"potentialAction\":[{\"@type\":\"SearchAction\",\"target\":{\"@type\":\"EntryPoint\",\"urlTemplate\":\"https:\\\/\\\/casadecampoliving.com\\\/es\\\/?s={search_term_string}\"},\"query-input\":{\"@type\":\"PropertyValueSpecification\",\"valueRequired\":true,\"valueName\":\"search_term_string\"}}],\"inLanguage\":\"es\"},{\"@type\":\"Organization\",\"@id\":\"https:\\\/\\\/casadecampoliving.com\\\/es\\\/#organization\",\"name\":\"Casa de Campo Living\",\"url\":\"https:\\\/\\\/casadecampoliving.com\\\/es\\\/\",\"logo\":{\"@type\":\"ImageObject\",\"inLanguage\":\"es\",\"@id\":\"https:\\\/\\\/casadecampoliving.com\\\/es\\\/#\\\/schema\\\/logo\\\/image\\\/\",\"url\":\"https:\\\/\\\/i0.wp.com\\\/casadecampoliving.com\\\/wp-content\\\/uploads\\\/2022\\\/07\\\/CDCLivingLogo_V1-white-sized.png?fit=800%2C214&ssl=1\",\"contentUrl\":\"https:\\\/\\\/i0.wp.com\\\/casadecampoliving.com\\\/wp-content\\\/uploads\\\/2022\\\/07\\\/CDCLivingLogo_V1-white-sized.png?fit=800%2C214&ssl=1\",\"width\":800,\"height\":214,\"caption\":\"Casa de Campo Living\"},\"image\":{\"@id\":\"https:\\\/\\\/casadecampoliving.com\\\/es\\\/#\\\/schema\\\/logo\\\/image\\\/\"},\"sameAs\":[\"https:\\\/\\\/www.facebook.com\\\/casadecampoliving\",\"https:\\\/\\\/x.com\\\/cdcliving\"]},{\"@type\":\"Person\",\"@id\":\"https:\\\/\\\/casadecampoliving.com\\\/es\\\/#\\\/schema\\\/person\\\/2b2208f3175fa8761e25b272e096d718\",\"name\":\"Rebecca Silvestri\",\"image\":{\"@type\":\"ImageObject\",\"inLanguage\":\"es\",\"@id\":\"https:\\\/\\\/secure.gravatar.com\\\/avatar\\\/2d937fd6c1769fb718dbf8dce9e82bf5f89e97bd028f9b3ea10b931dc7df95c6?s=96&d=mm&r=g\",\"url\":\"https:\\\/\\\/secure.gravatar.com\\\/avatar\\\/2d937fd6c1769fb718dbf8dce9e82bf5f89e97bd028f9b3ea10b931dc7df95c6?s=96&d=mm&r=g\",\"contentUrl\":\"https:\\\/\\\/secure.gravatar.com\\\/avatar\\\/2d937fd6c1769fb718dbf8dce9e82bf5f89e97bd028f9b3ea10b931dc7df95c6?s=96&d=mm&r=g\",\"caption\":\"Rebecca Silvestri\"},\"url\":\"https:\\\/\\\/casadecampoliving.com\\\/es\\\/author\\\/madamehuge\\\/\"}]}<\/script>\n<!-- \/ Yoast SEO plugin. -->","yoast_head_json":{"title":"Mi primera experiencia en velas - por Philip Silvestri | Casa de Campo Living","description":"Tengo un sue\u00f1o \u2013 el de poder navegar desde la Marina CDC hasta la isla Catalina para disfrutar de un picnic rom\u00e1ntico y regresar con vida. As\u00ed que luego","robots":{"index":"index","follow":"follow","max-snippet":"max-snippet:-1","max-image-preview":"max-image-preview:large","max-video-preview":"max-video-preview:-1"},"canonical":"https:\/\/casadecampoliving.com\/es\/mi-primera-experiencia-en-velas-por-philip-silvestri\/","og_locale":"es_ES","og_type":"article","og_title":"Mi primera experiencia en velas - por Philip Silvestri | Casa de Campo Living","og_description":"Tengo un sue\u00f1o \u2013 el de poder navegar desde la Marina CDC hasta la isla Catalina para disfrutar de un picnic rom\u00e1ntico y regresar con vida. As\u00ed que luego","og_url":"https:\/\/casadecampoliving.com\/es\/mi-primera-experiencia-en-velas-por-philip-silvestri\/","og_site_name":"Casa de Campo Living","article_publisher":"https:\/\/www.facebook.com\/casadecampoliving","article_published_time":"2015-06-16T04:00:00+00:00","article_modified_time":"2022-10-21T22:58:51+00:00","og_image":[{"width":800,"height":600,"url":"https:\/\/i0.wp.com\/casadecampoliving.com\/wp-content\/uploads\/2022\/10\/philip-silvestre-1.jpg?fit=800%2C600&ssl=1","type":"image\/jpeg"}],"author":"Rebecca Silvestri","twitter_card":"summary_large_image","twitter_creator":"@cdcliving","twitter_site":"@cdcliving","twitter_misc":{"Escrito por":"Rebecca Silvestri","Tiempo de lectura":"2 minutos"},"schema":{"@context":"https:\/\/schema.org","@graph":[{"@type":"Article","@id":"https:\/\/casadecampoliving.com\/es\/mi-primera-experiencia-en-velas-por-philip-silvestri\/#article","isPartOf":{"@id":"https:\/\/casadecampoliving.com\/es\/mi-primera-experiencia-en-velas-por-philip-silvestri\/"},"author":{"name":"Rebecca Silvestri","@id":"https:\/\/casadecampoliving.com\/es\/#\/schema\/person\/2b2208f3175fa8761e25b272e096d718"},"headline":"Mi primera experiencia en velas &#8211; por Philip Silvestri","datePublished":"2015-06-16T04:00:00+00:00","dateModified":"2022-10-21T22:58:51+00:00","mainEntityOfPage":{"@id":"https:\/\/casadecampoliving.com\/es\/mi-primera-experiencia-en-velas-por-philip-silvestri\/"},"wordCount":505,"publisher":{"@id":"https:\/\/casadecampoliving.com\/es\/#organization"},"image":{"@id":"https:\/\/casadecampoliving.com\/es\/mi-primera-experiencia-en-velas-por-philip-silvestri\/#primaryimage"},"thumbnailUrl":"https:\/\/i0.wp.com\/casadecampoliving.com\/wp-content\/uploads\/2022\/10\/philip-silvestre-1.jpg?fit=800%2C600&ssl=1","keywords":["aventura","barco","La Marina Casa de Campo@es","Philip Silvestri"],"articleSection":["Casa de Campo Living @es","CCL presenta","Destacados","Estilo de Vida","La Marina Casa de Campo","Noticias Locales","Rep\u00fablica Dominicana @es"],"inLanguage":"es"},{"@type":"WebPage","@id":"https:\/\/casadecampoliving.com\/es\/mi-primera-experiencia-en-velas-por-philip-silvestri\/","url":"https:\/\/casadecampoliving.com\/es\/mi-primera-experiencia-en-velas-por-philip-silvestri\/","name":"Mi primera experiencia en velas - por Philip Silvestri | Casa de Campo Living","isPartOf":{"@id":"https:\/\/casadecampoliving.com\/es\/#website"},"primaryImageOfPage":{"@id":"https:\/\/casadecampoliving.com\/es\/mi-primera-experiencia-en-velas-por-philip-silvestri\/#primaryimage"},"image":{"@id":"https:\/\/casadecampoliving.com\/es\/mi-primera-experiencia-en-velas-por-philip-silvestri\/#primaryimage"},"thumbnailUrl":"https:\/\/i0.wp.com\/casadecampoliving.com\/wp-content\/uploads\/2022\/10\/philip-silvestre-1.jpg?fit=800%2C600&ssl=1","datePublished":"2015-06-16T04:00:00+00:00","dateModified":"2022-10-21T22:58:51+00:00","description":"Tengo un sue\u00f1o \u2013 el de poder navegar desde la Marina CDC hasta la isla Catalina para disfrutar de un picnic rom\u00e1ntico y regresar con vida. As\u00ed que luego","breadcrumb":{"@id":"https:\/\/casadecampoliving.com\/es\/mi-primera-experiencia-en-velas-por-philip-silvestri\/#breadcrumb"},"inLanguage":"es","potentialAction":[{"@type":"ReadAction","target":["https:\/\/casadecampoliving.com\/es\/mi-primera-experiencia-en-velas-por-philip-silvestri\/"]}]},{"@type":"ImageObject","inLanguage":"es","@id":"https:\/\/casadecampoliving.com\/es\/mi-primera-experiencia-en-velas-por-philip-silvestri\/#primaryimage","url":"https:\/\/i0.wp.com\/casadecampoliving.com\/wp-content\/uploads\/2022\/10\/philip-silvestre-1.jpg?fit=800%2C600&ssl=1","contentUrl":"https:\/\/i0.wp.com\/casadecampoliving.com\/wp-content\/uploads\/2022\/10\/philip-silvestre-1.jpg?fit=800%2C600&ssl=1","width":800,"height":600},{"@type":"BreadcrumbList","@id":"https:\/\/casadecampoliving.com\/es\/mi-primera-experiencia-en-velas-por-philip-silvestri\/#breadcrumb","itemListElement":[{"@type":"ListItem","position":1,"name":"Home","item":"https:\/\/casadecampoliving.com\/es\/"},{"@type":"ListItem","position":2,"name":"Mi primera experiencia en velas &#8211; por Philip Silvestri"}]},{"@type":"WebSite","@id":"https:\/\/casadecampoliving.com\/es\/#website","url":"https:\/\/casadecampoliving.com\/es\/","name":"Casa de Campo Living","description":"Resort community news and resources.","publisher":{"@id":"https:\/\/casadecampoliving.com\/es\/#organization"},"potentialAction":[{"@type":"SearchAction","target":{"@type":"EntryPoint","urlTemplate":"https:\/\/casadecampoliving.com\/es\/?s={search_term_string}"},"query-input":{"@type":"PropertyValueSpecification","valueRequired":true,"valueName":"search_term_string"}}],"inLanguage":"es"},{"@type":"Organization","@id":"https:\/\/casadecampoliving.com\/es\/#organization","name":"Casa de Campo Living","url":"https:\/\/casadecampoliving.com\/es\/","logo":{"@type":"ImageObject","inLanguage":"es","@id":"https:\/\/casadecampoliving.com\/es\/#\/schema\/logo\/image\/","url":"https:\/\/i0.wp.com\/casadecampoliving.com\/wp-content\/uploads\/2022\/07\/CDCLivingLogo_V1-white-sized.png?fit=800%2C214&ssl=1","contentUrl":"https:\/\/i0.wp.com\/casadecampoliving.com\/wp-content\/uploads\/2022\/07\/CDCLivingLogo_V1-white-sized.png?fit=800%2C214&ssl=1","width":800,"height":214,"caption":"Casa de Campo Living"},"image":{"@id":"https:\/\/casadecampoliving.com\/es\/#\/schema\/logo\/image\/"},"sameAs":["https:\/\/www.facebook.com\/casadecampoliving","https:\/\/x.com\/cdcliving"]},{"@type":"Person","@id":"https:\/\/casadecampoliving.com\/es\/#\/schema\/person\/2b2208f3175fa8761e25b272e096d718","name":"Rebecca Silvestri","image":{"@type":"ImageObject","inLanguage":"es","@id":"https:\/\/secure.gravatar.com\/avatar\/2d937fd6c1769fb718dbf8dce9e82bf5f89e97bd028f9b3ea10b931dc7df95c6?s=96&d=mm&r=g","url":"https:\/\/secure.gravatar.com\/avatar\/2d937fd6c1769fb718dbf8dce9e82bf5f89e97bd028f9b3ea10b931dc7df95c6?s=96&d=mm&r=g","contentUrl":"https:\/\/secure.gravatar.com\/avatar\/2d937fd6c1769fb718dbf8dce9e82bf5f89e97bd028f9b3ea10b931dc7df95c6?s=96&d=mm&r=g","caption":"Rebecca Silvestri"},"url":"https:\/\/casadecampoliving.com\/es\/author\/madamehuge\/"}]}},"parsely":{"version":"1.1.0","canonical_url":"https:\/\/casadecampoliving.com\/es\/mi-primera-experiencia-en-velas-por-philip-silvestri\/","smart_links":{"inbound":0,"outbound":0},"traffic_boost_suggestions_count":0,"meta":{"@context":"https:\/\/schema.org","@type":"NewsArticle","headline":"Mi primera experiencia en velas &#8211; por Philip Silvestri","url":"http:\/\/casadecampoliving.com\/es\/mi-primera-experiencia-en-velas-por-philip-silvestri\/","mainEntityOfPage":{"@type":"WebPage","@id":"http:\/\/casadecampoliving.com\/es\/mi-primera-experiencia-en-velas-por-philip-silvestri\/"},"thumbnailUrl":"https:\/\/i0.wp.com\/casadecampoliving.com\/wp-content\/uploads\/2022\/10\/philip-silvestre-1.jpg?resize=150%2C150&ssl=1","image":{"@type":"ImageObject","url":"https:\/\/i0.wp.com\/casadecampoliving.com\/wp-content\/uploads\/2022\/10\/philip-silvestre-1.jpg?fit=800%2C600&ssl=1"},"articleSection":"CCL presenta","author":[{"@type":"Person","name":"Rebecca Silvestri"}],"creator":["Rebecca Silvestri"],"publisher":{"@type":"Organization","name":"Casa de Campo Living","logo":"https:\/\/casadecampoliving.com\/wp-content\/uploads\/2022\/07\/CDCLivingLogo_V1-white-sized.png"},"keywords":["aventura","barco","la marina casa de campo@es","philip silvestri"],"dateCreated":"2015-06-16T04:00:00Z","datePublished":"2015-06-16T04:00:00Z","dateModified":"2022-10-21T22:58:51Z"},"rendered":"<script type=\"application\/ld+json\" class=\"wp-parsely-metadata\">{\"@context\":\"https:\\\/\\\/schema.org\",\"@type\":\"NewsArticle\",\"headline\":\"Mi primera experiencia en velas &#8211; por Philip Silvestri\",\"url\":\"http:\\\/\\\/casadecampoliving.com\\\/es\\\/mi-primera-experiencia-en-velas-por-philip-silvestri\\\/\",\"mainEntityOfPage\":{\"@type\":\"WebPage\",\"@id\":\"http:\\\/\\\/casadecampoliving.com\\\/es\\\/mi-primera-experiencia-en-velas-por-philip-silvestri\\\/\"},\"thumbnailUrl\":\"https:\\\/\\\/i0.wp.com\\\/casadecampoliving.com\\\/wp-content\\\/uploads\\\/2022\\\/10\\\/philip-silvestre-1.jpg?resize=150%2C150&ssl=1\",\"image\":{\"@type\":\"ImageObject\",\"url\":\"https:\\\/\\\/i0.wp.com\\\/casadecampoliving.com\\\/wp-content\\\/uploads\\\/2022\\\/10\\\/philip-silvestre-1.jpg?fit=800%2C600&ssl=1\"},\"articleSection\":\"CCL presenta\",\"author\":[{\"@type\":\"Person\",\"name\":\"Rebecca Silvestri\"}],\"creator\":[\"Rebecca Silvestri\"],\"publisher\":{\"@type\":\"Organization\",\"name\":\"Casa de Campo Living\",\"logo\":\"https:\\\/\\\/casadecampoliving.com\\\/wp-content\\\/uploads\\\/2022\\\/07\\\/CDCLivingLogo_V1-white-sized.png\"},\"keywords\":[\"aventura\",\"barco\",\"la marina casa de campo@es\",\"philip silvestri\"],\"dateCreated\":\"2015-06-16T04:00:00Z\",\"datePublished\":\"2015-06-16T04:00:00Z\",\"dateModified\":\"2022-10-21T22:58:51Z\"}<\/script>","tracker_url":"https:\/\/cdn.parsely.com\/keys\/casadecampoliving.com\/p.js"},"jetpack_publicize_connections":[],"jetpack_featured_media_url":"https:\/\/i0.wp.com\/casadecampoliving.com\/wp-content\/uploads\/2022\/10\/philip-silvestre-1.jpg?fit=800%2C600&ssl=1","jetpack-related-posts":[{"id":433460,"url":"https:\/\/casadecampoliving.com\/es\/no-se-pierdan-el-increible-tributo-a-frank-sinatra-para-celebrar-el-40-aniversario-del-anfiteatro-altos-de-chavon\/","url_meta":{"origin":345541,"position":0},"title":"No se pierdan el incre\u00edble tributo a Frank Sinatra para celebrar el 40 aniversario del\u00a0Anfiteatro Altos de Chav\u00f3n","author":"Casa de Campo Living","date":"20 Oct, 2022","format":false,"excerpt":"Siendo uno de los escenarios m\u00e1s emblem\u00e1ticos del pa\u00eds, Casa de Campo Resort\u00ae & Villas celebra las cuatro d\u00e9cadas de aniversario de Altos de Chav\u00f3n con un tributo al gran Frank Sinatra, protagonizado por artistas invitados y una big band tal cual la que acompa\u00f1\u00f3 al artista hace 40 a\u00f1os\u2026","rel":"","context":"En \u00abUncategorized @es\u00bb","block_context":{"text":"Uncategorized @es","link":"https:\/\/casadecampoliving.com\/es\/category\/uncategorized-es\/"},"img":{"alt_text":"","src":"https:\/\/i0.wp.com\/casadecampoliving.com\/wp-content\/uploads\/2022\/10\/Tributo-Frank-Sinatra-Foto-Principal-Amaury-Sanchez-Danilo-Ginebra-Andres-Pichardo-y-Jose-Gabriel-Perez-.jpg?fit=1200%2C873&ssl=1&resize=350%2C200","width":350,"height":200,"srcset":"https:\/\/i0.wp.com\/casadecampoliving.com\/wp-content\/uploads\/2022\/10\/Tributo-Frank-Sinatra-Foto-Principal-Amaury-Sanchez-Danilo-Ginebra-Andres-Pichardo-y-Jose-Gabriel-Perez-.jpg?fit=1200%2C873&ssl=1&resize=350%2C200 1x, https:\/\/i0.wp.com\/casadecampoliving.com\/wp-content\/uploads\/2022\/10\/Tributo-Frank-Sinatra-Foto-Principal-Amaury-Sanchez-Danilo-Ginebra-Andres-Pichardo-y-Jose-Gabriel-Perez-.jpg?fit=1200%2C873&ssl=1&resize=525%2C300 1.5x, https:\/\/i0.wp.com\/casadecampoliving.com\/wp-content\/uploads\/2022\/10\/Tributo-Frank-Sinatra-Foto-Principal-Amaury-Sanchez-Danilo-Ginebra-Andres-Pichardo-y-Jose-Gabriel-Perez-.jpg?fit=1200%2C873&ssl=1&resize=700%2C400 2x, https:\/\/i0.wp.com\/casadecampoliving.com\/wp-content\/uploads\/2022\/10\/Tributo-Frank-Sinatra-Foto-Principal-Amaury-Sanchez-Danilo-Ginebra-Andres-Pichardo-y-Jose-Gabriel-Perez-.jpg?fit=1200%2C873&ssl=1&resize=1050%2C600 3x"},"classes":[]},{"id":345838,"url":"https:\/\/casadecampoliving.com\/es\/halloween-zumba-class-con-el-cdc-zteam\/","url_meta":{"origin":345541,"position":1},"title":"\u00a1Clases de Zumba Halloween con el CDC Zteam!","author":"Daniela Medina","date":"29 Oct, 2014","format":false,"excerpt":"\u00bfEst\u00e1 listo para mover su sexy y tenebrosa cola? \u00a1Ven y \u00fanete a nosotros para una clase de Zumba de Halloween con el CDC Zteam! Esta clase especial de Zumba Halloween tendr\u00e1 lugar ma\u00f1ana, jueves 30 de octubre de 5:30- 6:30 en el Zstudio CDC en el Paseo del Mar,\u2026","rel":"","context":"En \u00abCasa de Campo Living @es\u00bb","block_context":{"text":"Casa de Campo Living @es","link":"https:\/\/casadecampoliving.com\/category\/casa-de-campo-living-es\/"},"img":{"alt_text":"Zumba Halloween","src":"https:\/\/i0.wp.com\/casadecampoliving.com\/wp-content\/uploads\/2022\/10\/zumba_halloween1-1.jpg?fit=650%2C433&ssl=1&resize=350%2C200","width":350,"height":200,"srcset":"https:\/\/i0.wp.com\/casadecampoliving.com\/wp-content\/uploads\/2022\/10\/zumba_halloween1-1.jpg?fit=650%2C433&ssl=1&resize=350%2C200 1x, https:\/\/i0.wp.com\/casadecampoliving.com\/wp-content\/uploads\/2022\/10\/zumba_halloween1-1.jpg?fit=650%2C433&ssl=1&resize=525%2C300 1.5x"},"classes":[]},{"id":348859,"url":"https:\/\/casadecampoliving.com\/es\/silvestri-en-a-night-for-the-kids\/","url_meta":{"origin":345541,"position":2},"title":"La Panza Silvestri hace su debut en A Night For The Kids","author":"Rebecca Silvestri","date":"18 Dic, 2015","format":false,"excerpt":"Adivinen qui\u00e9n est\u00e1 de vuelta. \u00a1Soy yo! Una versi\u00f3n m\u00e1s grande de Rebecca Hughes ha regresado a Casa de Campo como Rebecca Silvestri y embarazada de un var\u00f3n (nombre pendiente). \u00a1Oh, y mi querido esposo Philip tambi\u00e9n est\u00e1 aqu\u00ed! Luego de un incomodo viaje de 12 horas desde Plano (hogar\u2026","rel":"","context":"En \u00abNoticias Locales\u00bb","block_context":{"text":"Noticias Locales","link":"https:\/\/casadecampoliving.com\/es\/category\/noticias-locales\/"},"img":{"alt_text":"La Morela Marina Casa de Campo","src":"https:\/\/i0.wp.com\/casadecampoliving.com\/wp-content\/uploads\/2022\/10\/La_Morela_Marina_Casa_de_Campo-e1450471318892-1.jpg?fit=794%2C432&ssl=1&resize=350%2C200","width":350,"height":200,"srcset":"https:\/\/i0.wp.com\/casadecampoliving.com\/wp-content\/uploads\/2022\/10\/La_Morela_Marina_Casa_de_Campo-e1450471318892-1.jpg?fit=794%2C432&ssl=1&resize=350%2C200 1x, https:\/\/i0.wp.com\/casadecampoliving.com\/wp-content\/uploads\/2022\/10\/La_Morela_Marina_Casa_de_Campo-e1450471318892-1.jpg?fit=794%2C432&ssl=1&resize=525%2C300 1.5x, https:\/\/i0.wp.com\/casadecampoliving.com\/wp-content\/uploads\/2022\/10\/La_Morela_Marina_Casa_de_Campo-e1450471318892-1.jpg?fit=794%2C432&ssl=1&resize=700%2C400 2x"},"classes":[]},{"id":344018,"url":"https:\/\/casadecampoliving.com\/es\/una-cena-con-casalife-y-chivas-en-la-morela\/","url_meta":{"origin":345541,"position":3},"title":"Una cena con CasaLife y Chivas en La Morela","author":"Perkin Agramonte","date":"15 Mar, 2014","format":false,"excerpt":"El pasado jueves 6 de marzo, la revista CasaLife y Chivas Regal 18 organizaron conjuntamente una cena en el restaurante La Morela ubicado en la Marina Casa de Campo. Los anfitriones de la noche Roselyn O\u00b4Neil, Gerente de la Marca Chivas Regal en la Rep\u00fablica Dominicana, Philip Silvestri, Presidente y\u2026","rel":"","context":"En \u00abBars and Nightlife\u00bb","block_context":{"text":"Bars and Nightlife","link":"https:\/\/casadecampoliving.com\/category\/bars-and-nightlife\/"},"img":{"alt_text":"Giovanni Martinez Roselyn Mcneill Philip Silvestri","src":"https:\/\/i0.wp.com\/casadecampoliving.com\/wp-content\/uploads\/2022\/10\/giovanni-martinez_roselyn-mcneill_Philip-silvestri-1.jpg?fit=650%2C400&ssl=1&resize=350%2C200","width":350,"height":200,"srcset":"https:\/\/i0.wp.com\/casadecampoliving.com\/wp-content\/uploads\/2022\/10\/giovanni-martinez_roselyn-mcneill_Philip-silvestri-1.jpg?fit=650%2C400&ssl=1&resize=350%2C200 1x, https:\/\/i0.wp.com\/casadecampoliving.com\/wp-content\/uploads\/2022\/10\/giovanni-martinez_roselyn-mcneill_Philip-silvestri-1.jpg?fit=650%2C400&ssl=1&resize=525%2C300 1.5x"},"classes":[]},{"id":515003,"url":"https:\/\/casadecampoliving.com\/es\/sizu-coronado-ganador-de-la-tercera-edicion-del-torneo-the-sailfish-bowl-2023\/","url_meta":{"origin":345541,"position":4},"title":"\u201cSIZU\u201d coronado ganador de la tercera edici\u00f3n del Torneo The Sailfish Bowl 2023","author":"Casa de Campo Living","date":"2 Mar, 2023","format":false,"excerpt":"La tercera edici\u00f3n del torneo de pesca The Sailfish Bowl 2023 se llev\u00f3 a cabo en Marina Casa de Campo, con pescadores internacionales de Puerto Rico, Estados Unidos y Rep\u00fablica Dominicana participando. El torneo es considerado una referencia esencial en la pesca deportiva, con el apoyo t\u00e9cnico del reconocido Capit\u00e1n\u2026","rel":"","context":"En \u00abDeportes\u00bb","block_context":{"text":"Deportes","link":"https:\/\/casadecampoliving.com\/es\/category\/golf-deportes-es\/"},"img":{"alt_text":"","src":"https:\/\/i0.wp.com\/casadecampoliving.com\/wp-content\/uploads\/2023\/03\/THE-SAILFISH-BOWL-2023-FOTO-3.jpg?fit=1200%2C776&ssl=1&resize=350%2C200","width":350,"height":200,"srcset":"https:\/\/i0.wp.com\/casadecampoliving.com\/wp-content\/uploads\/2023\/03\/THE-SAILFISH-BOWL-2023-FOTO-3.jpg?fit=1200%2C776&ssl=1&resize=350%2C200 1x, https:\/\/i0.wp.com\/casadecampoliving.com\/wp-content\/uploads\/2023\/03\/THE-SAILFISH-BOWL-2023-FOTO-3.jpg?fit=1200%2C776&ssl=1&resize=525%2C300 1.5x, https:\/\/i0.wp.com\/casadecampoliving.com\/wp-content\/uploads\/2023\/03\/THE-SAILFISH-BOWL-2023-FOTO-3.jpg?fit=1200%2C776&ssl=1&resize=700%2C400 2x, https:\/\/i0.wp.com\/casadecampoliving.com\/wp-content\/uploads\/2023\/03\/THE-SAILFISH-BOWL-2023-FOTO-3.jpg?fit=1200%2C776&ssl=1&resize=1050%2C600 3x"},"classes":[]},{"id":336981,"url":"https:\/\/casadecampoliving.com\/es\/republica-dominicana-sede-del-farr-40-world-championship-2010\/","url_meta":{"origin":345541,"position":5},"title":"Rep\u00fablica Dominicana sede del FARR 40 World Championship 2010","author":"Rebecca Silvestri","date":"1 Feb, 2010","format":false,"excerpt":"Con la participaci\u00f3n de los mejores atletas del deporte profesional de Vela, llega por primera vez a las aguas del Caribe, el FARR 40 World Championship 2010, a celebrarse en La Marina Casa de Campo, del 21 al 24 de abril del a\u00f1o en curso. Este gran evento contar\u00e1 con\u2026","rel":"","context":"En \u00abEventos\u00bb","block_context":{"text":"Eventos","link":"https:\/\/casadecampoliving.com\/es\/category\/eventos-es\/"},"img":{"alt_text":"","src":"https:\/\/i0.wp.com\/casadecampoliving.com\/wp-content\/uploads\/2022\/10\/rolex-Farr-40-regatta-casa-de-campo-1.jpg?fit=575%2C382&ssl=1&resize=350%2C200","width":350,"height":200,"srcset":"https:\/\/i0.wp.com\/casadecampoliving.com\/wp-content\/uploads\/2022\/10\/rolex-Farr-40-regatta-casa-de-campo-1.jpg?fit=575%2C382&ssl=1&resize=350%2C200 1x, https:\/\/i0.wp.com\/casadecampoliving.com\/wp-content\/uploads\/2022\/10\/rolex-Farr-40-regatta-casa-de-campo-1.jpg?fit=575%2C382&ssl=1&resize=525%2C300 1.5x"},"classes":[]}],"jetpack_sharing_enabled":true,"_links":{"self":[{"href":"https:\/\/casadecampoliving.com\/es\/wp-json\/wp\/v2\/posts\/345541","targetHints":{"allow":["GET"]}}],"collection":[{"href":"https:\/\/casadecampoliving.com\/es\/wp-json\/wp\/v2\/posts"}],"about":[{"href":"https:\/\/casadecampoliving.com\/es\/wp-json\/wp\/v2\/types\/post"}],"author":[{"embeddable":true,"href":"https:\/\/casadecampoliving.com\/es\/wp-json\/wp\/v2\/users\/31"}],"replies":[{"embeddable":true,"href":"https:\/\/casadecampoliving.com\/es\/wp-json\/wp\/v2\/comments?post=345541"}],"version-history":[{"count":1,"href":"https:\/\/casadecampoliving.com\/es\/wp-json\/wp\/v2\/posts\/345541\/revisions"}],"predecessor-version":[{"id":345542,"href":"https:\/\/casadecampoliving.com\/es\/wp-json\/wp\/v2\/posts\/345541\/revisions\/345542"}],"wp:featuredmedia":[{"embeddable":true,"href":"https:\/\/casadecampoliving.com\/es\/wp-json\/wp\/v2\/media\/277070"}],"wp:attachment":[{"href":"https:\/\/casadecampoliving.com\/es\/wp-json\/wp\/v2\/media?parent=345541"}],"wp:term":[{"taxonomy":"category","embeddable":true,"href":"https:\/\/casadecampoliving.com\/es\/wp-json\/wp\/v2\/categories?post=345541"},{"taxonomy":"post_tag","embeddable":true,"href":"https:\/\/casadecampoliving.com\/es\/wp-json\/wp\/v2\/tags?post=345541"},{"taxonomy":"newspack_spnsrs_tax","embeddable":true,"href":"https:\/\/casadecampoliving.com\/es\/wp-json\/wp\/v2\/newspack_spnsrs_tax?post=345541"}],"curies":[{"name":"wp","href":"https:\/\/api.w.org\/{rel}","templated":true}]}}