{"id":345474,"date":"2014-10-01T00:00:00","date_gmt":"2014-10-01T04:00:00","guid":{"rendered":"https:\/\/casadecampoliving.com\/luna-de-otono-exhibicion-de-arte-por-german-garcia\/"},"modified":"2022-10-21T18:56:20","modified_gmt":"2022-10-21T22:56:20","slug":"luna-de-otono-exhibicion-de-arte-por-german-garcia","status":"publish","type":"post","link":"https:\/\/casadecampoliving.com\/es\/luna-de-otono-exhibicion-de-arte-por-german-garcia\/","title":{"rendered":"Luna de Oto\u00f1o, exhibici\u00f3n de arte por German Garc\u00eda"},"content":{"rendered":"<div class=\"wp-block-image\">\n<figure class=\"aligncenter is-resized\"><a href=\"https:\/\/i0.wp.com\/casadecampoliving.com\/wp-content\/uploads\/2022\/10\/luna-de-otono-e1412170944664.jpg?ssl=1\"><img loading=\"lazy\" decoding=\"async\" src=\"https:\/\/i0.wp.com\/casadecampoliving.com\/wp-content\/uploads\/2022\/10\/luna-de-otono-e1412170944664.jpg?resize=650%2C378&amp;ssl=1\" alt=\"\" class=\"wp-image-98570\" height=\"378\" width=\"650\"\/><\/a><\/figure>\n<\/div>\n\n\n<p>Casa de Campo representa el arte en todos los sentidos, ya sea una preciosa puesta de sol en la playa o una exposici\u00f3n en nuestra galer\u00eda de arte m\u00e1s reconocida. \u00a1En este caso estamos hablando de una exposici\u00f3n de arte de German Garc\u00eda!<\/p>\n\n\n\n<!--more-->\n\n\n\n<p>Esta notable exposici\u00f3n ser\u00e1 inaugurada oficialmente con un c\u00f3ctel en la Galer\u00eda de Altos de Chav\u00f3n el jueves 16 de octubre, desde las 7:30pm en la Galer\u00eda principal.<\/p>\n\n\n\n<p>Germ\u00e1n&nbsp;Garc\u00eda, artista Dominicano, realiz\u00f3 sus estudios de Bellas Artes en la Escuela Nacional de Bellas Artes en Santo Domingo. Desde 1994 ha sido miembro de la Escuela Dominicana de Artes Pl\u00e1sticas. Sus obras se han convertido en una parte importante de colecciones internacionales, tanto p\u00fablicas y privadas, en la Rep\u00fablica Dominicana, Cuba, Puerto Rico, Venezuela, Espa\u00f1a, Argentina, Brasil, Canad\u00e1, Estados Unidos, Hait\u00ed, Inglaterra, Francia y otros pa\u00edses.<\/p>\n\n\n\n<p>Luna de Oto\u00f1o pertenece a exposici\u00f3n individual n\u00famero 22 del artista, donde presentar\u00e1 14 obras con t\u00e9cnica de oleo sobre tela.<\/p>\n\n\n\n<p>La exhibici\u00f3n estar\u00e1 abierta desde el Jueves 16 de Octubre hasta el Lunes 11 de Noviembre con un horario de jueves a martes de 9:00 am a 6:00 pm (cerrado los mi\u00e9rcoles).<\/p>\n\n\n\n<blockquote><p><strong>Inauguraci\u00f3n \u201dLuna de Oto\u00f1o\u201d&nbsp;<\/strong><\/p><p><strong>C\u00f3ctel de apertura:<\/strong>&nbsp;16 de Octubre, 7:30pm<\/p><p><strong>Abierto:<\/strong><\/p><ul>\n<li>Desde el 16 de Octubre hasta el 11 de Noviembre<\/li>\n<li>La Galer\u00eda est\u00e1 abierta todos los d\u00edas, 9am a 6pm, cerrado los mi\u00e9rcoles<\/li>\n<\/ul><p><strong>Donde: <\/strong>La Galer\u00eda, Altos de Chav\u00f3n<\/p><p><strong>Hora:&nbsp;<\/strong>7:30 pm<\/p><p><strong>Contactos:<\/strong><\/p><ul>\n<li>La Galer\u00eda,<strong>&nbsp;<\/strong>Altos de Chav\u00f3n<strong>&nbsp;(<\/strong>809) 523-8470<\/li>\n\n<li>Martha Victoria:&nbsp;mvictoria2302@hotmail.com<\/li>\n<\/ul><\/blockquote>\n","protected":false},"excerpt":{"rendered":"<p>Casa de Campo representa el arte en todos los sentidos, ya sea una preciosa puesta de sol en la playa o una exposici\u00f3n en nuestra galer\u00eda de arte m\u00e1s reconocida. \u00a1En este caso estamos hablando de una exposici\u00f3n de arte de German Garc\u00eda!<\/p>\n","protected":false},"author":23245,"featured_media":276116,"comment_status":"closed","ping_status":"closed","sticky":false,"template":"","format":"standard","meta":{"newspack_ads_suppress_ads":false,"newspack_popups_has_disabled_popups":false,"newspack_sponsor_sponsorship_scope":"","newspack_sponsor_native_byline_display":"inherit","newspack_sponsor_native_category_display":"inherit","newspack_sponsor_underwriter_style":"inherit","newspack_sponsor_underwriter_placement":"inherit","_newspack_byline_active":false,"_newspack_byline":"","newspack_hide_updated_date":false,"newspack_show_updated_date":false,"newspack_content_restriction_is_exempt":false,"newspack_featured_image_position":"","newspack_post_subtitle":"","newspack_article_summary_title":"Overview:","newspack_article_summary":"","_jetpack_memberships_contains_paid_content":false,"footnotes":"","jetpack_publicize_message":"","jetpack_publicize_feature_enabled":true,"jetpack_social_post_already_shared":false,"jetpack_social_options":{"image_generator_settings":{"template":"highway","default_image_id":0,"font":"","enabled":false},"version":2},"_wpas_customize_per_network":false},"categories":[26819,26823,26936,2513,2524,14631,2522,14625,14627,2521],"tags":[3926,2624,2740,2557,6303,10482,14777],"newspack_spnsrs_tax":[],"class_list":["post-345474","post","type-post","status-publish","format-standard","has-post-thumbnail","hentry","category-altos-de-chavon-es","category-arte-y-cultura","category-casa-de-campo-living-es","category-celebridades-es","category-destacados","category-estilo-de-vida","category-eventos-es","category-noticias-locales","category-proximamente","category-republica-dominicana-2","tag-altos-de-chavones","tag-celebridades","tag-eventos","tag-exhibicion-de-arte","tag-galeria-altos-de-chavon","tag-german-garcia","tag-republica-dominicana-es-18","entry"],"yoast_head":"<!-- This site is optimized with the Yoast SEO plugin v27.5 - https:\/\/yoast.com\/product\/yoast-seo-wordpress\/ -->\n<title>Luna de Oto\u00f1o, exhibici\u00f3n de arte por German Garc\u00eda | Casa de Campo Living<\/title>\n<meta name=\"description\" content=\"Casa de Campo representa el arte en todos los sentidos, ya sea una preciosa puesta de sol en la playa o una exposici\u00f3n en nuestra galer\u00eda de arte m\u00e1s\" \/>\n<meta name=\"robots\" content=\"index, follow, max-snippet:-1, max-image-preview:large, max-video-preview:-1\" \/>\n<link rel=\"canonical\" href=\"https:\/\/casadecampoliving.com\/es\/luna-de-otono-exhibicion-de-arte-por-german-garcia\/\" \/>\n<meta property=\"og:locale\" content=\"es_ES\" \/>\n<meta property=\"og:type\" content=\"article\" \/>\n<meta property=\"og:title\" content=\"Luna de Oto\u00f1o, exhibici\u00f3n de arte por German Garc\u00eda | Casa de Campo Living\" \/>\n<meta property=\"og:description\" content=\"Casa de Campo representa el arte en todos los sentidos, ya sea una preciosa puesta de sol en la playa o una exposici\u00f3n en nuestra galer\u00eda de arte m\u00e1s\" \/>\n<meta property=\"og:url\" content=\"https:\/\/casadecampoliving.com\/es\/luna-de-otono-exhibicion-de-arte-por-german-garcia\/\" \/>\n<meta property=\"og:site_name\" content=\"Casa de Campo Living\" \/>\n<meta property=\"article:publisher\" content=\"https:\/\/www.facebook.com\/casadecampoliving\" \/>\n<meta property=\"article:published_time\" content=\"2014-10-01T04:00:00+00:00\" \/>\n<meta property=\"article:modified_time\" content=\"2022-10-21T22:56:20+00:00\" \/>\n<meta property=\"og:image\" content=\"https:\/\/i0.wp.com\/casadecampoliving.com\/wp-content\/uploads\/2022\/10\/luna-de-otono-e1412170944664-1.jpg?fit=801%2C466&ssl=1\" \/>\n\t<meta property=\"og:image:width\" content=\"801\" \/>\n\t<meta property=\"og:image:height\" content=\"466\" \/>\n\t<meta property=\"og:image:type\" content=\"image\/jpeg\" \/>\n<meta name=\"author\" content=\"Daniela Medina\" \/>\n<meta name=\"twitter:card\" content=\"summary_large_image\" \/>\n<meta name=\"twitter:creator\" content=\"@cdcliving\" \/>\n<meta name=\"twitter:site\" content=\"@cdcliving\" \/>\n<meta name=\"twitter:label1\" content=\"Escrito por\" \/>\n\t<meta name=\"twitter:data1\" content=\"Daniela Medina\" \/>\n\t<meta name=\"twitter:label2\" content=\"Tiempo de lectura\" \/>\n\t<meta name=\"twitter:data2\" content=\"1 minuto\" \/>\n<script type=\"application\/ld+json\" class=\"yoast-schema-graph\">{\"@context\":\"https:\\\/\\\/schema.org\",\"@graph\":[{\"@type\":\"Article\",\"@id\":\"https:\\\/\\\/casadecampoliving.com\\\/es\\\/luna-de-otono-exhibicion-de-arte-por-german-garcia\\\/#article\",\"isPartOf\":{\"@id\":\"https:\\\/\\\/casadecampoliving.com\\\/es\\\/luna-de-otono-exhibicion-de-arte-por-german-garcia\\\/\"},\"author\":{\"name\":\"Daniela Medina\",\"@id\":\"https:\\\/\\\/casadecampoliving.com\\\/es\\\/#\\\/schema\\\/person\\\/20e49d1b22266dc2b8f020b38201bd4e\"},\"headline\":\"Luna de Oto\u00f1o, exhibici\u00f3n de arte por German Garc\u00eda\",\"datePublished\":\"2014-10-01T04:00:00+00:00\",\"dateModified\":\"2022-10-21T22:56:20+00:00\",\"mainEntityOfPage\":{\"@id\":\"https:\\\/\\\/casadecampoliving.com\\\/es\\\/luna-de-otono-exhibicion-de-arte-por-german-garcia\\\/\"},\"wordCount\":288,\"publisher\":{\"@id\":\"https:\\\/\\\/casadecampoliving.com\\\/es\\\/#organization\"},\"image\":{\"@id\":\"https:\\\/\\\/casadecampoliving.com\\\/es\\\/luna-de-otono-exhibicion-de-arte-por-german-garcia\\\/#primaryimage\"},\"thumbnailUrl\":\"https:\\\/\\\/i0.wp.com\\\/casadecampoliving.com\\\/wp-content\\\/uploads\\\/2022\\\/10\\\/luna-de-otono-e1412170944664-1.jpg?fit=801%2C466&ssl=1\",\"keywords\":[\"altos de chavon@es\",\"celebridades\",\"eventos\",\"exhibicion de arte\",\"galeria altos de chavon\",\"german garcia\",\"Republica Dominicana\"],\"articleSection\":[\"Altos de Chavon @es\",\"Arte y cultura\",\"Casa de Campo Living @es\",\"Celebridades\",\"Destacados\",\"Estilo de Vida\",\"Eventos\",\"Noticias Locales\",\"Proximamente\",\"Rep\u00fablica Dominicana @es\"],\"inLanguage\":\"es\"},{\"@type\":\"WebPage\",\"@id\":\"https:\\\/\\\/casadecampoliving.com\\\/es\\\/luna-de-otono-exhibicion-de-arte-por-german-garcia\\\/\",\"url\":\"https:\\\/\\\/casadecampoliving.com\\\/es\\\/luna-de-otono-exhibicion-de-arte-por-german-garcia\\\/\",\"name\":\"Luna de Oto\u00f1o, exhibici\u00f3n de arte por German Garc\u00eda | Casa de Campo Living\",\"isPartOf\":{\"@id\":\"https:\\\/\\\/casadecampoliving.com\\\/es\\\/#website\"},\"primaryImageOfPage\":{\"@id\":\"https:\\\/\\\/casadecampoliving.com\\\/es\\\/luna-de-otono-exhibicion-de-arte-por-german-garcia\\\/#primaryimage\"},\"image\":{\"@id\":\"https:\\\/\\\/casadecampoliving.com\\\/es\\\/luna-de-otono-exhibicion-de-arte-por-german-garcia\\\/#primaryimage\"},\"thumbnailUrl\":\"https:\\\/\\\/i0.wp.com\\\/casadecampoliving.com\\\/wp-content\\\/uploads\\\/2022\\\/10\\\/luna-de-otono-e1412170944664-1.jpg?fit=801%2C466&ssl=1\",\"datePublished\":\"2014-10-01T04:00:00+00:00\",\"dateModified\":\"2022-10-21T22:56:20+00:00\",\"description\":\"Casa de Campo representa el arte en todos los sentidos, ya sea una preciosa puesta de sol en la playa o una exposici\u00f3n en nuestra galer\u00eda de arte m\u00e1s\",\"breadcrumb\":{\"@id\":\"https:\\\/\\\/casadecampoliving.com\\\/es\\\/luna-de-otono-exhibicion-de-arte-por-german-garcia\\\/#breadcrumb\"},\"inLanguage\":\"es\",\"potentialAction\":[{\"@type\":\"ReadAction\",\"target\":[\"https:\\\/\\\/casadecampoliving.com\\\/es\\\/luna-de-otono-exhibicion-de-arte-por-german-garcia\\\/\"]}]},{\"@type\":\"ImageObject\",\"inLanguage\":\"es\",\"@id\":\"https:\\\/\\\/casadecampoliving.com\\\/es\\\/luna-de-otono-exhibicion-de-arte-por-german-garcia\\\/#primaryimage\",\"url\":\"https:\\\/\\\/i0.wp.com\\\/casadecampoliving.com\\\/wp-content\\\/uploads\\\/2022\\\/10\\\/luna-de-otono-e1412170944664-1.jpg?fit=801%2C466&ssl=1\",\"contentUrl\":\"https:\\\/\\\/i0.wp.com\\\/casadecampoliving.com\\\/wp-content\\\/uploads\\\/2022\\\/10\\\/luna-de-otono-e1412170944664-1.jpg?fit=801%2C466&ssl=1\",\"width\":801,\"height\":466},{\"@type\":\"BreadcrumbList\",\"@id\":\"https:\\\/\\\/casadecampoliving.com\\\/es\\\/luna-de-otono-exhibicion-de-arte-por-german-garcia\\\/#breadcrumb\",\"itemListElement\":[{\"@type\":\"ListItem\",\"position\":1,\"name\":\"Home\",\"item\":\"https:\\\/\\\/casadecampoliving.com\\\/es\\\/\"},{\"@type\":\"ListItem\",\"position\":2,\"name\":\"Luna de Oto\u00f1o, exhibici\u00f3n de arte por German Garc\u00eda\"}]},{\"@type\":\"WebSite\",\"@id\":\"https:\\\/\\\/casadecampoliving.com\\\/es\\\/#website\",\"url\":\"https:\\\/\\\/casadecampoliving.com\\\/es\\\/\",\"name\":\"Casa de Campo Living\",\"description\":\"Resort community news and resources.\",\"publisher\":{\"@id\":\"https:\\\/\\\/casadecampoliving.com\\\/es\\\/#organization\"},\"potentialAction\":[{\"@type\":\"SearchAction\",\"target\":{\"@type\":\"EntryPoint\",\"urlTemplate\":\"https:\\\/\\\/casadecampoliving.com\\\/es\\\/?s={search_term_string}\"},\"query-input\":{\"@type\":\"PropertyValueSpecification\",\"valueRequired\":true,\"valueName\":\"search_term_string\"}}],\"inLanguage\":\"es\"},{\"@type\":\"Organization\",\"@id\":\"https:\\\/\\\/casadecampoliving.com\\\/es\\\/#organization\",\"name\":\"Casa de Campo Living\",\"url\":\"https:\\\/\\\/casadecampoliving.com\\\/es\\\/\",\"logo\":{\"@type\":\"ImageObject\",\"inLanguage\":\"es\",\"@id\":\"https:\\\/\\\/casadecampoliving.com\\\/es\\\/#\\\/schema\\\/logo\\\/image\\\/\",\"url\":\"https:\\\/\\\/i0.wp.com\\\/casadecampoliving.com\\\/wp-content\\\/uploads\\\/2022\\\/07\\\/CDCLivingLogo_V1-white-sized.png?fit=800%2C214&ssl=1\",\"contentUrl\":\"https:\\\/\\\/i0.wp.com\\\/casadecampoliving.com\\\/wp-content\\\/uploads\\\/2022\\\/07\\\/CDCLivingLogo_V1-white-sized.png?fit=800%2C214&ssl=1\",\"width\":800,\"height\":214,\"caption\":\"Casa de Campo Living\"},\"image\":{\"@id\":\"https:\\\/\\\/casadecampoliving.com\\\/es\\\/#\\\/schema\\\/logo\\\/image\\\/\"},\"sameAs\":[\"https:\\\/\\\/www.facebook.com\\\/casadecampoliving\",\"https:\\\/\\\/x.com\\\/cdcliving\"]},{\"@type\":\"Person\",\"@id\":\"https:\\\/\\\/casadecampoliving.com\\\/es\\\/#\\\/schema\\\/person\\\/20e49d1b22266dc2b8f020b38201bd4e\",\"name\":\"Daniela Medina\",\"image\":{\"@type\":\"ImageObject\",\"inLanguage\":\"es\",\"@id\":\"https:\\\/\\\/secure.gravatar.com\\\/avatar\\\/65aa8415724474307d634c8364a0bd8ee551c4f0f01f2ffcc53e5a9856cb7369?s=96&d=mm&r=g\",\"url\":\"https:\\\/\\\/secure.gravatar.com\\\/avatar\\\/65aa8415724474307d634c8364a0bd8ee551c4f0f01f2ffcc53e5a9856cb7369?s=96&d=mm&r=g\",\"contentUrl\":\"https:\\\/\\\/secure.gravatar.com\\\/avatar\\\/65aa8415724474307d634c8364a0bd8ee551c4f0f01f2ffcc53e5a9856cb7369?s=96&d=mm&r=g\",\"caption\":\"Daniela Medina\"},\"url\":\"https:\\\/\\\/casadecampoliving.com\\\/es\\\/author\\\/dmedina\\\/\"}]}<\/script>\n<!-- \/ Yoast SEO plugin. -->","yoast_head_json":{"title":"Luna de Oto\u00f1o, exhibici\u00f3n de arte por German Garc\u00eda | Casa de Campo Living","description":"Casa de Campo representa el arte en todos los sentidos, ya sea una preciosa puesta de sol en la playa o una exposici\u00f3n en nuestra galer\u00eda de arte m\u00e1s","robots":{"index":"index","follow":"follow","max-snippet":"max-snippet:-1","max-image-preview":"max-image-preview:large","max-video-preview":"max-video-preview:-1"},"canonical":"https:\/\/casadecampoliving.com\/es\/luna-de-otono-exhibicion-de-arte-por-german-garcia\/","og_locale":"es_ES","og_type":"article","og_title":"Luna de Oto\u00f1o, exhibici\u00f3n de arte por German Garc\u00eda | Casa de Campo Living","og_description":"Casa de Campo representa el arte en todos los sentidos, ya sea una preciosa puesta de sol en la playa o una exposici\u00f3n en nuestra galer\u00eda de arte m\u00e1s","og_url":"https:\/\/casadecampoliving.com\/es\/luna-de-otono-exhibicion-de-arte-por-german-garcia\/","og_site_name":"Casa de Campo Living","article_publisher":"https:\/\/www.facebook.com\/casadecampoliving","article_published_time":"2014-10-01T04:00:00+00:00","article_modified_time":"2022-10-21T22:56:20+00:00","og_image":[{"width":801,"height":466,"url":"https:\/\/i0.wp.com\/casadecampoliving.com\/wp-content\/uploads\/2022\/10\/luna-de-otono-e1412170944664-1.jpg?fit=801%2C466&ssl=1","type":"image\/jpeg"}],"author":"Daniela Medina","twitter_card":"summary_large_image","twitter_creator":"@cdcliving","twitter_site":"@cdcliving","twitter_misc":{"Escrito por":"Daniela Medina","Tiempo de lectura":"1 minuto"},"schema":{"@context":"https:\/\/schema.org","@graph":[{"@type":"Article","@id":"https:\/\/casadecampoliving.com\/es\/luna-de-otono-exhibicion-de-arte-por-german-garcia\/#article","isPartOf":{"@id":"https:\/\/casadecampoliving.com\/es\/luna-de-otono-exhibicion-de-arte-por-german-garcia\/"},"author":{"name":"Daniela Medina","@id":"https:\/\/casadecampoliving.com\/es\/#\/schema\/person\/20e49d1b22266dc2b8f020b38201bd4e"},"headline":"Luna de Oto\u00f1o, exhibici\u00f3n de arte por German Garc\u00eda","datePublished":"2014-10-01T04:00:00+00:00","dateModified":"2022-10-21T22:56:20+00:00","mainEntityOfPage":{"@id":"https:\/\/casadecampoliving.com\/es\/luna-de-otono-exhibicion-de-arte-por-german-garcia\/"},"wordCount":288,"publisher":{"@id":"https:\/\/casadecampoliving.com\/es\/#organization"},"image":{"@id":"https:\/\/casadecampoliving.com\/es\/luna-de-otono-exhibicion-de-arte-por-german-garcia\/#primaryimage"},"thumbnailUrl":"https:\/\/i0.wp.com\/casadecampoliving.com\/wp-content\/uploads\/2022\/10\/luna-de-otono-e1412170944664-1.jpg?fit=801%2C466&ssl=1","keywords":["altos de chavon@es","celebridades","eventos","exhibicion de arte","galeria altos de chavon","german garcia","Republica Dominicana"],"articleSection":["Altos de Chavon @es","Arte y cultura","Casa de Campo Living @es","Celebridades","Destacados","Estilo de Vida","Eventos","Noticias Locales","Proximamente","Rep\u00fablica Dominicana @es"],"inLanguage":"es"},{"@type":"WebPage","@id":"https:\/\/casadecampoliving.com\/es\/luna-de-otono-exhibicion-de-arte-por-german-garcia\/","url":"https:\/\/casadecampoliving.com\/es\/luna-de-otono-exhibicion-de-arte-por-german-garcia\/","name":"Luna de Oto\u00f1o, exhibici\u00f3n de arte por German Garc\u00eda | Casa de Campo Living","isPartOf":{"@id":"https:\/\/casadecampoliving.com\/es\/#website"},"primaryImageOfPage":{"@id":"https:\/\/casadecampoliving.com\/es\/luna-de-otono-exhibicion-de-arte-por-german-garcia\/#primaryimage"},"image":{"@id":"https:\/\/casadecampoliving.com\/es\/luna-de-otono-exhibicion-de-arte-por-german-garcia\/#primaryimage"},"thumbnailUrl":"https:\/\/i0.wp.com\/casadecampoliving.com\/wp-content\/uploads\/2022\/10\/luna-de-otono-e1412170944664-1.jpg?fit=801%2C466&ssl=1","datePublished":"2014-10-01T04:00:00+00:00","dateModified":"2022-10-21T22:56:20+00:00","description":"Casa de Campo representa el arte en todos los sentidos, ya sea una preciosa puesta de sol en la playa o una exposici\u00f3n en nuestra galer\u00eda de arte m\u00e1s","breadcrumb":{"@id":"https:\/\/casadecampoliving.com\/es\/luna-de-otono-exhibicion-de-arte-por-german-garcia\/#breadcrumb"},"inLanguage":"es","potentialAction":[{"@type":"ReadAction","target":["https:\/\/casadecampoliving.com\/es\/luna-de-otono-exhibicion-de-arte-por-german-garcia\/"]}]},{"@type":"ImageObject","inLanguage":"es","@id":"https:\/\/casadecampoliving.com\/es\/luna-de-otono-exhibicion-de-arte-por-german-garcia\/#primaryimage","url":"https:\/\/i0.wp.com\/casadecampoliving.com\/wp-content\/uploads\/2022\/10\/luna-de-otono-e1412170944664-1.jpg?fit=801%2C466&ssl=1","contentUrl":"https:\/\/i0.wp.com\/casadecampoliving.com\/wp-content\/uploads\/2022\/10\/luna-de-otono-e1412170944664-1.jpg?fit=801%2C466&ssl=1","width":801,"height":466},{"@type":"BreadcrumbList","@id":"https:\/\/casadecampoliving.com\/es\/luna-de-otono-exhibicion-de-arte-por-german-garcia\/#breadcrumb","itemListElement":[{"@type":"ListItem","position":1,"name":"Home","item":"https:\/\/casadecampoliving.com\/es\/"},{"@type":"ListItem","position":2,"name":"Luna de Oto\u00f1o, exhibici\u00f3n de arte por German Garc\u00eda"}]},{"@type":"WebSite","@id":"https:\/\/casadecampoliving.com\/es\/#website","url":"https:\/\/casadecampoliving.com\/es\/","name":"Casa de Campo Living","description":"Resort community news and resources.","publisher":{"@id":"https:\/\/casadecampoliving.com\/es\/#organization"},"potentialAction":[{"@type":"SearchAction","target":{"@type":"EntryPoint","urlTemplate":"https:\/\/casadecampoliving.com\/es\/?s={search_term_string}"},"query-input":{"@type":"PropertyValueSpecification","valueRequired":true,"valueName":"search_term_string"}}],"inLanguage":"es"},{"@type":"Organization","@id":"https:\/\/casadecampoliving.com\/es\/#organization","name":"Casa de Campo Living","url":"https:\/\/casadecampoliving.com\/es\/","logo":{"@type":"ImageObject","inLanguage":"es","@id":"https:\/\/casadecampoliving.com\/es\/#\/schema\/logo\/image\/","url":"https:\/\/i0.wp.com\/casadecampoliving.com\/wp-content\/uploads\/2022\/07\/CDCLivingLogo_V1-white-sized.png?fit=800%2C214&ssl=1","contentUrl":"https:\/\/i0.wp.com\/casadecampoliving.com\/wp-content\/uploads\/2022\/07\/CDCLivingLogo_V1-white-sized.png?fit=800%2C214&ssl=1","width":800,"height":214,"caption":"Casa de Campo Living"},"image":{"@id":"https:\/\/casadecampoliving.com\/es\/#\/schema\/logo\/image\/"},"sameAs":["https:\/\/www.facebook.com\/casadecampoliving","https:\/\/x.com\/cdcliving"]},{"@type":"Person","@id":"https:\/\/casadecampoliving.com\/es\/#\/schema\/person\/20e49d1b22266dc2b8f020b38201bd4e","name":"Daniela Medina","image":{"@type":"ImageObject","inLanguage":"es","@id":"https:\/\/secure.gravatar.com\/avatar\/65aa8415724474307d634c8364a0bd8ee551c4f0f01f2ffcc53e5a9856cb7369?s=96&d=mm&r=g","url":"https:\/\/secure.gravatar.com\/avatar\/65aa8415724474307d634c8364a0bd8ee551c4f0f01f2ffcc53e5a9856cb7369?s=96&d=mm&r=g","contentUrl":"https:\/\/secure.gravatar.com\/avatar\/65aa8415724474307d634c8364a0bd8ee551c4f0f01f2ffcc53e5a9856cb7369?s=96&d=mm&r=g","caption":"Daniela Medina"},"url":"https:\/\/casadecampoliving.com\/es\/author\/dmedina\/"}]}},"parsely":{"version":"1.1.0","canonical_url":"https:\/\/casadecampoliving.com\/es\/luna-de-otono-exhibicion-de-arte-por-german-garcia\/","smart_links":{"inbound":0,"outbound":0},"traffic_boost_suggestions_count":0,"meta":{"@context":"https:\/\/schema.org","@type":"NewsArticle","headline":"Luna de Oto\u00f1o, exhibici\u00f3n de arte por German Garc\u00eda","url":"http:\/\/casadecampoliving.com\/es\/luna-de-otono-exhibicion-de-arte-por-german-garcia\/","mainEntityOfPage":{"@type":"WebPage","@id":"http:\/\/casadecampoliving.com\/es\/luna-de-otono-exhibicion-de-arte-por-german-garcia\/"},"thumbnailUrl":"https:\/\/i0.wp.com\/casadecampoliving.com\/wp-content\/uploads\/2022\/10\/luna-de-otono-e1412170944664-1.jpg?resize=150%2C150&ssl=1","image":{"@type":"ImageObject","url":"https:\/\/i0.wp.com\/casadecampoliving.com\/wp-content\/uploads\/2022\/10\/luna-de-otono-e1412170944664-1.jpg?fit=801%2C466&ssl=1"},"articleSection":"Altos de Chavon @es","author":[{"@type":"Person","name":"Daniela Medina"}],"creator":["Daniela Medina"],"publisher":{"@type":"Organization","name":"Casa de Campo Living","logo":"https:\/\/casadecampoliving.com\/wp-content\/uploads\/2022\/07\/CDCLivingLogo_V1-white-sized.png"},"keywords":["altos de chavon@es","celebridades","eventos","exhibicion de arte","galeria altos de chavon","german garcia","republica dominicana"],"dateCreated":"2014-10-01T04:00:00Z","datePublished":"2014-10-01T04:00:00Z","dateModified":"2022-10-21T22:56:20Z"},"rendered":"<script type=\"application\/ld+json\" class=\"wp-parsely-metadata\">{\"@context\":\"https:\\\/\\\/schema.org\",\"@type\":\"NewsArticle\",\"headline\":\"Luna de Oto\\u00f1o, exhibici\\u00f3n de arte por German Garc\\u00eda\",\"url\":\"http:\\\/\\\/casadecampoliving.com\\\/es\\\/luna-de-otono-exhibicion-de-arte-por-german-garcia\\\/\",\"mainEntityOfPage\":{\"@type\":\"WebPage\",\"@id\":\"http:\\\/\\\/casadecampoliving.com\\\/es\\\/luna-de-otono-exhibicion-de-arte-por-german-garcia\\\/\"},\"thumbnailUrl\":\"https:\\\/\\\/i0.wp.com\\\/casadecampoliving.com\\\/wp-content\\\/uploads\\\/2022\\\/10\\\/luna-de-otono-e1412170944664-1.jpg?resize=150%2C150&ssl=1\",\"image\":{\"@type\":\"ImageObject\",\"url\":\"https:\\\/\\\/i0.wp.com\\\/casadecampoliving.com\\\/wp-content\\\/uploads\\\/2022\\\/10\\\/luna-de-otono-e1412170944664-1.jpg?fit=801%2C466&ssl=1\"},\"articleSection\":\"Altos de Chavon @es\",\"author\":[{\"@type\":\"Person\",\"name\":\"Daniela Medina\"}],\"creator\":[\"Daniela Medina\"],\"publisher\":{\"@type\":\"Organization\",\"name\":\"Casa de Campo Living\",\"logo\":\"https:\\\/\\\/casadecampoliving.com\\\/wp-content\\\/uploads\\\/2022\\\/07\\\/CDCLivingLogo_V1-white-sized.png\"},\"keywords\":[\"altos de chavon@es\",\"celebridades\",\"eventos\",\"exhibicion de arte\",\"galeria altos de chavon\",\"german garcia\",\"republica dominicana\"],\"dateCreated\":\"2014-10-01T04:00:00Z\",\"datePublished\":\"2014-10-01T04:00:00Z\",\"dateModified\":\"2022-10-21T22:56:20Z\"}<\/script>","tracker_url":"https:\/\/cdn.parsely.com\/keys\/casadecampoliving.com\/p.js"},"jetpack_publicize_connections":[],"jetpack_featured_media_url":"https:\/\/i0.wp.com\/casadecampoliving.com\/wp-content\/uploads\/2022\/10\/luna-de-otono-e1412170944664-1.jpg?fit=801%2C466&ssl=1","jetpack-related-posts":[{"id":433460,"url":"https:\/\/casadecampoliving.com\/es\/no-se-pierdan-el-increible-tributo-a-frank-sinatra-para-celebrar-el-40-aniversario-del-anfiteatro-altos-de-chavon\/","url_meta":{"origin":345474,"position":0},"title":"No se pierdan el incre\u00edble tributo a Frank Sinatra para celebrar el 40 aniversario del\u00a0Anfiteatro Altos de Chav\u00f3n","author":"Casa de Campo Living","date":"20 Oct, 2022","format":false,"excerpt":"Siendo uno de los escenarios m\u00e1s emblem\u00e1ticos del pa\u00eds, Casa de Campo Resort\u00ae & Villas celebra las cuatro d\u00e9cadas de aniversario de Altos de Chav\u00f3n con un tributo al gran Frank Sinatra, protagonizado por artistas invitados y una big band tal cual la que acompa\u00f1\u00f3 al artista hace 40 a\u00f1os\u2026","rel":"","context":"En \u00abUncategorized @es\u00bb","block_context":{"text":"Uncategorized @es","link":"https:\/\/casadecampoliving.com\/es\/category\/uncategorized-es\/"},"img":{"alt_text":"","src":"https:\/\/i0.wp.com\/casadecampoliving.com\/wp-content\/uploads\/2022\/10\/Tributo-Frank-Sinatra-Foto-Principal-Amaury-Sanchez-Danilo-Ginebra-Andres-Pichardo-y-Jose-Gabriel-Perez-.jpg?fit=1200%2C873&ssl=1&resize=350%2C200","width":350,"height":200,"srcset":"https:\/\/i0.wp.com\/casadecampoliving.com\/wp-content\/uploads\/2022\/10\/Tributo-Frank-Sinatra-Foto-Principal-Amaury-Sanchez-Danilo-Ginebra-Andres-Pichardo-y-Jose-Gabriel-Perez-.jpg?fit=1200%2C873&ssl=1&resize=350%2C200 1x, https:\/\/i0.wp.com\/casadecampoliving.com\/wp-content\/uploads\/2022\/10\/Tributo-Frank-Sinatra-Foto-Principal-Amaury-Sanchez-Danilo-Ginebra-Andres-Pichardo-y-Jose-Gabriel-Perez-.jpg?fit=1200%2C873&ssl=1&resize=525%2C300 1.5x, https:\/\/i0.wp.com\/casadecampoliving.com\/wp-content\/uploads\/2022\/10\/Tributo-Frank-Sinatra-Foto-Principal-Amaury-Sanchez-Danilo-Ginebra-Andres-Pichardo-y-Jose-Gabriel-Perez-.jpg?fit=1200%2C873&ssl=1&resize=700%2C400 2x, https:\/\/i0.wp.com\/casadecampoliving.com\/wp-content\/uploads\/2022\/10\/Tributo-Frank-Sinatra-Foto-Principal-Amaury-Sanchez-Danilo-Ginebra-Andres-Pichardo-y-Jose-Gabriel-Perez-.jpg?fit=1200%2C873&ssl=1&resize=1050%2C600 3x"},"classes":[]},{"id":546725,"url":"https:\/\/casadecampoliving.com\/es\/universo-ecologico-lleva-el-arte-sensorial-de-german-garcia-a-altos-de-chavon\/","url_meta":{"origin":345474,"position":1},"title":"\u201cUniverso Ecol\u00f3gico\u201d Lleva el Arte Sensorial de Germ\u00e1n Garc\u00eda a Altos de Chav\u00f3n","author":"Casa de Campo Living","date":"22 Abr, 2025","format":false,"excerpt":"La Galer\u00eda de Arte de Altos de Chav\u00f3n presenta una nueva experiencia sensorial con Universo Ecol\u00f3gico, una exposici\u00f3n del artista dominicano Germ\u00e1n Garc\u00eda, que estar\u00e1 en exhibici\u00f3n del 16 de abril al 14 de mayo de 2025. M\u00e1s que una muestra de arte visual, la obra de Garc\u00eda transforma la\u2026","rel":"","context":"En \u00abAltos de Chav\u00f3n\u00bb","block_context":{"text":"Altos de Chav\u00f3n","link":"https:\/\/casadecampoliving.com\/es\/category\/altos-de-chavon-6\/"},"img":{"alt_text":"","src":"https:\/\/i0.wp.com\/casadecampoliving.com\/wp-content\/uploads\/2025\/04\/Altos-de-Chavon-Art-Gallery-Galeria-de-Arte-20250422_172444-scaled.jpg?fit=1200%2C675&ssl=1&resize=350%2C200","width":350,"height":200,"srcset":"https:\/\/i0.wp.com\/casadecampoliving.com\/wp-content\/uploads\/2025\/04\/Altos-de-Chavon-Art-Gallery-Galeria-de-Arte-20250422_172444-scaled.jpg?fit=1200%2C675&ssl=1&resize=350%2C200 1x, https:\/\/i0.wp.com\/casadecampoliving.com\/wp-content\/uploads\/2025\/04\/Altos-de-Chavon-Art-Gallery-Galeria-de-Arte-20250422_172444-scaled.jpg?fit=1200%2C675&ssl=1&resize=525%2C300 1.5x, https:\/\/i0.wp.com\/casadecampoliving.com\/wp-content\/uploads\/2025\/04\/Altos-de-Chavon-Art-Gallery-Galeria-de-Arte-20250422_172444-scaled.jpg?fit=1200%2C675&ssl=1&resize=700%2C400 2x, https:\/\/i0.wp.com\/casadecampoliving.com\/wp-content\/uploads\/2025\/04\/Altos-de-Chavon-Art-Gallery-Galeria-de-Arte-20250422_172444-scaled.jpg?fit=1200%2C675&ssl=1&resize=1050%2C600 3x"},"classes":[]},{"id":344087,"url":"https:\/\/casadecampoliving.com\/es\/exhibicion-de-arte-suenos-persistentes-por-fermin-ceballos\/","url_meta":{"origin":345474,"position":2},"title":"Exhibici\u00f3n de arte \u00abSue\u00f1os Persistentes\u00bb por Ferm\u00edn Ceballos","author":"Perkin Agramonte","date":"31 Mar, 2014","format":false,"excerpt":"El pr\u00f3ximo Jueves 3 de abril, el Centro Cultural Fundaci\u00f3n de Altos de Chavon abrir\u00e1 una nueva exhibici\u00f3n, llamada \u201cSue\u00f1os Persistentes\u201d presentada por el artista en residencia Ferm\u00edn Ceballos. El programa \u201cArtistas en Residencia\u201d dirigido por la Escuela de Arte y Dise\u00f1o Altos de Chav\u00f3n enfatiza la importancia del intercambio\u2026","rel":"","context":"En \u00abAltos de Chavon @es\u00bb","block_context":{"text":"Altos de Chavon @es","link":"https:\/\/casadecampoliving.com\/category\/altos-de-chavon-es\/"},"img":{"alt_text":"","src":"https:\/\/i0.wp.com\/casadecampoliving.com\/wp-content\/uploads\/2022\/10\/FC_AIRp14_header-1.jpg?fit=650%2C464&ssl=1&resize=350%2C200","width":350,"height":200,"srcset":"https:\/\/i0.wp.com\/casadecampoliving.com\/wp-content\/uploads\/2022\/10\/FC_AIRp14_header-1.jpg?fit=650%2C464&ssl=1&resize=350%2C200 1x, https:\/\/i0.wp.com\/casadecampoliving.com\/wp-content\/uploads\/2022\/10\/FC_AIRp14_header-1.jpg?fit=650%2C464&ssl=1&resize=525%2C300 1.5x"},"classes":[]},{"id":542296,"url":"https:\/\/casadecampoliving.com\/es\/universo-ecologico-lleva-la-belleza-de-la-naturaleza-a-la-galeria-de-arte-de-altos-de-chavon\/","url_meta":{"origin":345474,"position":3},"title":"\u201cUniverso Ecol\u00f3gico\u201d Lleva la Belleza de la Naturaleza a la Galer\u00eda de Arte de Altos de Chav\u00f3n","author":"Casa de Campo Living","date":"28 Abr, 2025","format":false,"excerpt":"La Galer\u00eda de Arte de Altos de Chav\u00f3n inaugur\u00f3 su m\u00e1s reciente exposici\u00f3n, Universo Ecol\u00f3gico, el pasado 25 de abril de 2025, con una velada llena de arte vibrante, m\u00fasica en vivo y reflexi\u00f3n ambiental. Creada por el artista dominicano Germ\u00e1n Garc\u00eda, la muestra invita a reconectarse con la naturaleza\u2026","rel":"","context":"En \u00abAltos de Chav\u00f3n\u00bb","block_context":{"text":"Altos de Chav\u00f3n","link":"https:\/\/casadecampoliving.com\/es\/category\/altos-de-chavon-6\/"},"img":{"alt_text":"","src":"https:\/\/i0.wp.com\/casadecampoliving.com\/wp-content\/uploads\/2025\/06\/German-Garcia-Exhibit-2025-14.jpg?fit=1200%2C800&ssl=1&resize=350%2C200","width":350,"height":200,"srcset":"https:\/\/i0.wp.com\/casadecampoliving.com\/wp-content\/uploads\/2025\/06\/German-Garcia-Exhibit-2025-14.jpg?fit=1200%2C800&ssl=1&resize=350%2C200 1x, https:\/\/i0.wp.com\/casadecampoliving.com\/wp-content\/uploads\/2025\/06\/German-Garcia-Exhibit-2025-14.jpg?fit=1200%2C800&ssl=1&resize=525%2C300 1.5x, https:\/\/i0.wp.com\/casadecampoliving.com\/wp-content\/uploads\/2025\/06\/German-Garcia-Exhibit-2025-14.jpg?fit=1200%2C800&ssl=1&resize=700%2C400 2x, https:\/\/i0.wp.com\/casadecampoliving.com\/wp-content\/uploads\/2025\/06\/German-Garcia-Exhibit-2025-14.jpg?fit=1200%2C800&ssl=1&resize=1050%2C600 3x"},"classes":[]},{"id":354196,"url":"https:\/\/casadecampoliving.com\/es\/reserva-la-fecha-la-galeria-altos-de-chavon-reabre-con-la-asombrosa-exposicion-artistas-en-casa\/","url_meta":{"origin":345474,"position":4},"title":"\u00a1Reserva la fecha! \u00a1La Galer\u00eda Altos de Chav\u00f3n reabre con la asombrosa exposici\u00f3n \u00abArtistas en Casa\u00bb!","author":"Casa de Campo Living","date":"8 Nov, 2021","format":false,"excerpt":"Estamos muy contentos de anunciar que la Galer\u00eda Altos de Chav\u00f3n llevar\u00e1 a cabo su primera exhibici\u00f3n en m\u00e1s de un a\u00f1o con un grupo de maravillosas artistas, \u00a1todas parte de la comunidad de Casa de Campo! Nos complace invitarlos a \u201cArtistas en Casa\u201d una colaboraci\u00f3n de artistas que expondr\u00e1\u2026","rel":"","context":"En \u00abAltos de Chavon @es\u00bb","block_context":{"text":"Altos de Chavon @es","link":"https:\/\/casadecampoliving.com\/category\/altos-de-chavon-es\/"},"img":{"alt_text":"","src":"https:\/\/i0.wp.com\/casadecampoliving.com\/wp-content\/uploads\/2022\/10\/251642137_674014003573662_1226151133410192833_n-1.jpg?fit=1000%2C513&ssl=1&resize=350%2C200","width":350,"height":200,"srcset":"https:\/\/i0.wp.com\/casadecampoliving.com\/wp-content\/uploads\/2022\/10\/251642137_674014003573662_1226151133410192833_n-1.jpg?fit=1000%2C513&ssl=1&resize=350%2C200 1x, https:\/\/i0.wp.com\/casadecampoliving.com\/wp-content\/uploads\/2022\/10\/251642137_674014003573662_1226151133410192833_n-1.jpg?fit=1000%2C513&ssl=1&resize=525%2C300 1.5x, https:\/\/i0.wp.com\/casadecampoliving.com\/wp-content\/uploads\/2022\/10\/251642137_674014003573662_1226151133410192833_n-1.jpg?fit=1000%2C513&ssl=1&resize=700%2C400 2x"},"classes":[]},{"id":345746,"url":"https:\/\/casadecampoliving.com\/es\/14-lunas-de-otono-en-la-galeria-altos-de-chavon\/","url_meta":{"origin":345474,"position":5},"title":"\u00a114 Lunas de Oto\u00f1o en La Galer\u00eda, Altos de Chav\u00f3n!","author":"Perkin Agramonte","date":"20 Oct, 2014","format":false,"excerpt":"El arte est\u00e1 por doquier! El pasado jueves 16 de octubre, el destacado artista dominicano Germ\u00e1n Garcia ilumin\u00f3 la Galer\u00eda en Altos de Chav\u00f3n con la apertura oficial de su exhibici\u00f3n de arte Luna de Oto\u00f1o. Acompa\u00f1ando a Germ\u00e1n Garcia en el c\u00f3ctel de bienvenida de esta exhibici\u00f3n, estuvieron los\u2026","rel":"","context":"En \u00abAltos de Chavon @es\u00bb","block_context":{"text":"Altos de Chavon @es","link":"https:\/\/casadecampoliving.com\/category\/altos-de-chavon-es\/"},"img":{"alt_text":"","src":"https:\/\/i0.wp.com\/casadecampoliving.com\/wp-content\/uploads\/2022\/10\/Autumn-Moon-1.jpg?fit=777%2C531&ssl=1&resize=350%2C200","width":350,"height":200,"srcset":"https:\/\/i0.wp.com\/casadecampoliving.com\/wp-content\/uploads\/2022\/10\/Autumn-Moon-1.jpg?fit=777%2C531&ssl=1&resize=350%2C200 1x, https:\/\/i0.wp.com\/casadecampoliving.com\/wp-content\/uploads\/2022\/10\/Autumn-Moon-1.jpg?fit=777%2C531&ssl=1&resize=525%2C300 1.5x, https:\/\/i0.wp.com\/casadecampoliving.com\/wp-content\/uploads\/2022\/10\/Autumn-Moon-1.jpg?fit=777%2C531&ssl=1&resize=700%2C400 2x"},"classes":[]}],"jetpack_sharing_enabled":true,"_links":{"self":[{"href":"https:\/\/casadecampoliving.com\/es\/wp-json\/wp\/v2\/posts\/345474","targetHints":{"allow":["GET"]}}],"collection":[{"href":"https:\/\/casadecampoliving.com\/es\/wp-json\/wp\/v2\/posts"}],"about":[{"href":"https:\/\/casadecampoliving.com\/es\/wp-json\/wp\/v2\/types\/post"}],"author":[{"embeddable":true,"href":"https:\/\/casadecampoliving.com\/es\/wp-json\/wp\/v2\/users\/23245"}],"replies":[{"embeddable":true,"href":"https:\/\/casadecampoliving.com\/es\/wp-json\/wp\/v2\/comments?post=345474"}],"version-history":[{"count":1,"href":"https:\/\/casadecampoliving.com\/es\/wp-json\/wp\/v2\/posts\/345474\/revisions"}],"predecessor-version":[{"id":345475,"href":"https:\/\/casadecampoliving.com\/es\/wp-json\/wp\/v2\/posts\/345474\/revisions\/345475"}],"wp:featuredmedia":[{"embeddable":true,"href":"https:\/\/casadecampoliving.com\/es\/wp-json\/wp\/v2\/media\/276116"}],"wp:attachment":[{"href":"https:\/\/casadecampoliving.com\/es\/wp-json\/wp\/v2\/media?parent=345474"}],"wp:term":[{"taxonomy":"category","embeddable":true,"href":"https:\/\/casadecampoliving.com\/es\/wp-json\/wp\/v2\/categories?post=345474"},{"taxonomy":"post_tag","embeddable":true,"href":"https:\/\/casadecampoliving.com\/es\/wp-json\/wp\/v2\/tags?post=345474"},{"taxonomy":"newspack_spnsrs_tax","embeddable":true,"href":"https:\/\/casadecampoliving.com\/es\/wp-json\/wp\/v2\/newspack_spnsrs_tax?post=345474"}],"curies":[{"name":"wp","href":"https:\/\/api.w.org\/{rel}","templated":true}]}}