{"id":345446,"date":"2014-09-28T00:00:00","date_gmt":"2014-09-28T04:00:00","guid":{"rendered":"https:\/\/casadecampoliving.com\/entrevista-con-el-artistico-artista-original-de-chavon\/"},"modified":"2022-10-21T18:54:52","modified_gmt":"2022-10-21T22:54:52","slug":"entrevista-con-el-artistico-artista-original-de-chavon","status":"publish","type":"post","link":"https:\/\/casadecampoliving.com\/es\/entrevista-con-el-artistico-artista-original-de-chavon\/","title":{"rendered":"Entrevista con El Art\u00edstico, artista original de Chav\u00f3n"},"content":{"rendered":"<div class=\"wp-block-image\">\n<figure class=\"aligncenter is-resized\"><img loading=\"lazy\" decoding=\"async\" src=\"https:\/\/i0.wp.com\/casadecampoliving.com\/wp-content\/uploads\/2022\/10\/chavon-artistico.jpg?resize=650%2C479&amp;ssl=1\" alt=\"chavon artistico\" class=\"wp-image-98314\" height=\"479\" width=\"650\"\/><\/figure>\n<\/div>\n\n\n<p>La gran mayor\u00eda de las figuras de metal que adornan los espacios p\u00fablicos de La Romana, Casa de Campo y en algunas otras partes del pa\u00eds llevan un sello distintivo. Esa etiqueta es de un talentoso herrero que, soportando las incesantes llamas ardientes del fuego, convierte lo que podr\u00eda ser chatarra en una espectacular obra de arte.<\/p>\n\n\n\n<!--more-->\n\n\n\n<p>Esas piezas, algunas trabajadas en cobre, bronce, hierro, aluminio y aleaciones, pertenecen al trabajo distintivo de Jos\u00e9 Ignacio Morales, mejor conocido como \u201cEl Art\u00edstico\u201d, quien ha dedicado m\u00e1s de 38 a\u00f1os de su vida realizando l\u00e1mparas, estatuas, portones, puertas y monumentos; cualquier cosa que se le ocurra con estos materiales.<\/p>\n\n\n<div class=\"wp-block-image\">\n<figure class=\"alignright is-resized\"><img loading=\"lazy\" decoding=\"async\" src=\"https:\/\/i0.wp.com\/casadecampoliving.com\/wp-content\/uploads\/2022\/10\/chavon-2.jpg?resize=300%2C400&amp;ssl=1\" alt=\"chavon\" class=\"wp-image-98317\" height=\"400\" width=\"300\"\/><\/figure>\n<\/div>\n\n\n<p>Morales nos cuenta que comenz\u00f3 a la edad de 12 a\u00f1os haciendo objetos decorativos con vasijas de metal, y que gracias a la admiraci\u00f3n que le ten\u00edan las personas de su comunidad, obtuvo su primer empleo en el antiguo Hotel Romana, elaborando repisa, marco de espejo, candelabros, entre otras cosas.<\/p>\n\n\n\n<p>Sin embargo, el artista se\u00f1ala que fue en Altos de Chav\u00f3n donde pudo alcanzar la excelencia, trabajar en equipo y a aprender a darle un sentido interpretativo a su talento, logrando plasmar dise\u00f1os de \u00e9pocas art\u00edstica antiguas a cada una de sus piezas.<\/p>\n\n\n\n<p>Morales comenz\u00f3 sus trabajos en Altos de Chav\u00f3n en los a\u00f1os 70s, justo cuando iniciaba el proyecto Casa de Campo. Al mismo tiempo, tambi\u00e9n confeccionaba objetos decorativos para las primeras casas que se instalaron all\u00ed. Entre ellas menciona la casa La Favorita, de la Familia Bludhorn, la del dise\u00f1ador Oscar de la Renta, La Palapa, del se\u00f1or Dino De Laurentiis y la de la actriz italiana Silvana Mangano.<\/p>\n\n\n\n<p>Los trabajos de El Art\u00edstico en Altos de Chav\u00f3n duraron ocho a\u00f1os. Gracias al ingenio de su dise\u00f1ador Roberto Coppa, \u00e9l realiz\u00f3 La Cruz de la Iglesia, la puerta, la famosa fuente de pescado, barandas, y otros numerosos, \u00fanicos y llamativos detalles esparcidos en toda la \u201cciudad\u201d.<\/p>\n\n\n\n<p><em><strong>\u201cA Altos de Chav\u00f3n se le dio el estilo de un trabajo de hierro forjado que se hac\u00eda en Roma. Era muy dif\u00edcil de hacer. Lo hac\u00edan los grandes maestros\u201d<\/strong><\/em>, dice Morales, quien en ese entonces tuvo que dirigir a un equipo de 200 hombres.<\/p>\n\n\n<div class=\"wp-block-image\">\n<figure class=\"aligncenter is-resized\"><img loading=\"lazy\" decoding=\"async\" src=\"https:\/\/i0.wp.com\/casadecampoliving.com\/wp-content\/uploads\/2022\/10\/church-door.jpg?resize=650%2C488&amp;ssl=1\" alt=\"church door\" class=\"wp-image-98319\" height=\"488\" width=\"650\"\/><\/figure>\n<\/div>\n\n\n<p class=\"has-text-align-center\"><strong>Iglesia St. Stanislaus en Altos de Chav\u00f3n<\/strong><br>\nSeg\u00fan Morales la obra m\u00e1s interesante que realiz\u00f3 dentro de Chav\u00f3n fue la puerta de la iglesia. <em><strong>\u201cEsa fue la que m\u00e1s me marc\u00f3, porque poder lograr pasar una barra por dentro de otra del mismo grueso, sin haber recibido ense\u00f1anza de esos maestros\u2026 ah\u00ed fue que gradu\u00e9\u201d.<\/strong><\/em><\/p>\n\n\n<div class=\"wp-block-image\">\n<figure class=\"alignright is-resized\"><img loading=\"lazy\" decoding=\"async\" src=\"https:\/\/i0.wp.com\/casadecampoliving.com\/wp-content\/uploads\/2022\/10\/crosses.jpg?resize=300%2C399&amp;ssl=1\" alt=\"crosses\" class=\"wp-image-98323\" height=\"399\" width=\"300\"\/><\/figure>\n<\/div>\n\n\n<p><em><strong>\u201cCada detalle de Chav\u00f3n es \u00fanico. Por ejemplo, las cruces de la iglesia se derriti\u00f3 en la parte de arriba cuando la estaba moldeando, y en ese momento hablaba con Roberto Coppa y le dije que se me da\u00f1\u00f3 y \u00e9l me dijo: \u2018no, se arregl\u00f3, porque ahora parece que est\u00e1 corro\u00edda por el tiempo, por los a\u00f1os\u2019, y as\u00ed mismo la puso y se convirti\u00f3 en una obra de arte\u201d<\/strong><\/em>, record\u00f3 muy entusiasmado.<\/p>\n\n\n\n<p>Para lograr la vistosidad de su trabajo, Morales ha tenido que estudiar dise\u00f1os de \u00e9pocas anteriores y en el mismo, impregnar su propio estilo, el cual es reconocido tanto dentro y fuera del pa\u00eds.<\/p>\n\n\n\n<p><em><strong>\u201cEn Altos de Chav\u00f3n fue que yo comenc\u00e9 a interpretar ideas. Para m\u00ed fue mi escuela, tanto en la formaci\u00f3n profesional y en la interpretaci\u00f3n con el cliente\u201d<\/strong><\/em>, explica Morales.<\/p>\n\n\n\n<p>Este hombre se siente muy agradecido por algunas personas que lo han apoyado a lo largo de su carrera. Entre ellos resalta al dise\u00f1ador Roberto Coppa al presidente de Casa de Campo, Doctor Claudio Silvestri y a otras distinguidas familias forjadoras del proyecto como la Fanjul, la Bonetti, entre otras.<\/p>\n\n\n\n<p>Sus primeros trabajos en el resort Casa de Campo fue en Casa Grande y en la del dise\u00f1ador dominicano Oscar de la Renta. <em><strong>\u201cRecuerdo que eran casas muy bonitas, y le confeccion\u00e9 todo tipo de l\u00e1mparas, detalles para colgar en la pared, floreros, marco de espejos, entre otros\u201d<\/strong><\/em>.<\/p>\n\n\n\n<p><em><strong>\u201cTrabajar en Casa de Campo marc\u00f3 mi vida. El 80% de las villas de Casa de Campo la hemos trabajado\u201d<\/strong><\/em>, asegura Morales muy orgulloso.<\/p>\n\n\n<div class=\"wp-block-image\">\n<figure class=\"alignright is-resized\"><img loading=\"lazy\" decoding=\"async\" src=\"https:\/\/i0.wp.com\/casadecampoliving.com\/wp-content\/uploads\/2022\/10\/Pete-Dye.jpg?resize=300%2C399&amp;ssl=1\" alt=\"Pete Dye\" class=\"wp-image-98352\" height=\"399\" width=\"300\"\/><\/figure>\n<\/div>\n\n\n<p>Uno de los trabajos m\u00e1s recientes del Art\u00edstico fue la creaci\u00f3n de una estatua en honor a Pete Dye, dise\u00f1ador de cinco campos de golf, en Casa de Campo, y considerado uno de los mejores del Caribe y del mundo . <em><strong>\u201cLa estatua de Pete Dye fue un reto y un honor, ya que \u00e9l es un tipo de personas que son inmortales. Son de aquellos que vienen a la tierra y dejan un legado\u201d<\/strong><\/em>, comenta Morales.<\/p>\n\n\n\n<p><em><strong>\u201cGeneralmente una obra como \u00e9sta se tarda de tres a seis meses y hasta un a\u00f1o. Pero \u00e9sta la tuvimos 15 d\u00edas antes\u201d<\/strong><\/em>, apunta. Sin embargo, la prisa no le fue bien recompensada, y en la primera apreciaci\u00f3n, a Dye no le gust\u00f3 la estatua. Esto se debi\u00f3 a que los primeros pasos para la creaci\u00f3n de la estatua fue buscar fotos de Pete Dye, pero la mayor\u00eda de las que le entregaron eran de su juventud, as\u00ed que le dise\u00f1aron su rostro sin lentes, algo que actualmente es imprescindible en su apariencia.<\/p>\n\n\n\n<p>As\u00ed que El Art\u00edstico tuvo que iniciar el dise\u00f1o de nuevo, pero en esta vez con Dye al lado. <em><strong>\u201cY ahora si le gust\u00f3. Fue una gran satisfacci\u00f3n para mi ver como a \u00e9l le gust\u00f3 su estatua\u201d<\/strong><\/em>, considera Morales.<\/p>\n\n\n\n<p>Actualmente, El Art\u00edstico est\u00e1 trabajando en unos proyectos en Panam\u00e1 \u201cmuy importante\u201d, y que adem\u00e1s, contin\u00faa dando asesor\u00eda a varias cadenas hoteleras nacionales e internacionales.<\/p>\n","protected":false},"excerpt":{"rendered":"<p>La gran mayor\u00eda de las figuras de metal que adornan los espacios p\u00fablicos de La Romana, Casa de Campo y en algunas otras partes del pa\u00eds llevan un sello distintivo. Esa etiqueta es de un talentoso herrero que, soportando las incesantes llamas ardientes del fuego, convierte lo que podr\u00eda ser chatarra en una espectacular obra [&hellip;]<\/p>\n","protected":false},"author":1097,"featured_media":275672,"comment_status":"closed","ping_status":"closed","sticky":false,"template":"","format":"standard","meta":{"newspack_ads_suppress_ads":false,"newspack_popups_has_disabled_popups":false,"newspack_sponsor_sponsorship_scope":"","newspack_sponsor_native_byline_display":"inherit","newspack_sponsor_native_category_display":"inherit","newspack_sponsor_underwriter_style":"inherit","newspack_sponsor_underwriter_placement":"inherit","_newspack_byline_active":false,"_newspack_byline":"","newspack_hide_updated_date":false,"newspack_show_updated_date":false,"newspack_content_restriction_is_exempt":false,"newspack_featured_image_position":"","newspack_post_subtitle":"","newspack_article_summary_title":"Overview:","newspack_article_summary":"","_jetpack_memberships_contains_paid_content":false,"footnotes":"","jetpack_publicize_message":"","jetpack_publicize_feature_enabled":true,"jetpack_social_post_already_shared":false,"jetpack_social_options":{"image_generator_settings":{"template":"highway","default_image_id":0,"font":"","enabled":false},"version":2},"_wpas_customize_per_network":false},"categories":[26819,26823,26936,26951,2524,14631,14625,2521,26822,2526],"tags":[15387,3626,8094,24387,6371,10457,10458],"newspack_spnsrs_tax":[],"class_list":["post-345446","post","type-post","status-publish","format-standard","has-post-thumbnail","hentry","category-altos-de-chavon-es","category-arte-y-cultura","category-casa-de-campo-living-es","category-ccl-presenta","category-destacados","category-estilo-de-vida","category-noticias-locales","category-republica-dominicana-2","category-resort-casa-de-campo","category-titulares-es","tag-altos-de-chavon-es","tag-casa-de-campo-es","tag-casa-de-campo-community-es","tag-casa-de-campo-living-es","tag-casa-de-campo-resort-es","tag-el-artistico-es","tag-jose-ignacio-morales-es","entry"],"yoast_head":"<!-- This site is optimized with the Yoast SEO plugin v27.4 - https:\/\/yoast.com\/product\/yoast-seo-wordpress\/ -->\n<title>Entrevista con El Art\u00edstico, artista original de Chav\u00f3n | Casa de Campo Living<\/title>\n<meta name=\"description\" content=\"La gran mayor\u00eda de las figuras de metal que adornan los espacios p\u00fablicos de La Romana, Casa de Campo y en algunas otras partes del pa\u00eds llevan un sello\" \/>\n<meta name=\"robots\" content=\"index, follow, max-snippet:-1, max-image-preview:large, max-video-preview:-1\" \/>\n<link rel=\"canonical\" href=\"https:\/\/casadecampoliving.com\/es\/entrevista-con-el-artistico-artista-original-de-chavon\/\" \/>\n<meta property=\"og:locale\" content=\"es_ES\" \/>\n<meta property=\"og:type\" content=\"article\" \/>\n<meta property=\"og:title\" content=\"Entrevista con El Art\u00edstico, artista original de Chav\u00f3n | Casa de Campo Living\" \/>\n<meta property=\"og:description\" content=\"La gran mayor\u00eda de las figuras de metal que adornan los espacios p\u00fablicos de La Romana, Casa de Campo y en algunas otras partes del pa\u00eds llevan un sello\" \/>\n<meta property=\"og:url\" content=\"https:\/\/casadecampoliving.com\/es\/entrevista-con-el-artistico-artista-original-de-chavon\/\" \/>\n<meta property=\"og:site_name\" content=\"Casa de Campo Living\" \/>\n<meta property=\"article:publisher\" content=\"https:\/\/www.facebook.com\/casadecampoliving\" \/>\n<meta property=\"article:published_time\" content=\"2014-09-28T04:00:00+00:00\" \/>\n<meta property=\"article:modified_time\" content=\"2022-10-21T22:54:52+00:00\" \/>\n<meta property=\"og:image\" content=\"https:\/\/i0.wp.com\/casadecampoliving.com\/wp-content\/uploads\/2022\/10\/chavon-artistico-1.jpg?fit=800%2C590&ssl=1\" \/>\n\t<meta property=\"og:image:width\" content=\"800\" \/>\n\t<meta property=\"og:image:height\" content=\"590\" \/>\n\t<meta property=\"og:image:type\" content=\"image\/jpeg\" \/>\n<meta name=\"author\" content=\"Perkin Agramonte\" \/>\n<meta name=\"twitter:card\" content=\"summary_large_image\" \/>\n<meta name=\"twitter:creator\" content=\"@cdcliving\" \/>\n<meta name=\"twitter:site\" content=\"@cdcliving\" \/>\n<meta name=\"twitter:label1\" content=\"Escrito por\" \/>\n\t<meta name=\"twitter:data1\" content=\"Perkin Agramonte\" \/>\n\t<meta name=\"twitter:label2\" content=\"Tiempo de lectura\" \/>\n\t<meta name=\"twitter:data2\" content=\"5 minutos\" \/>\n<script type=\"application\/ld+json\" class=\"yoast-schema-graph\">{\"@context\":\"https:\\\/\\\/schema.org\",\"@graph\":[{\"@type\":\"Article\",\"@id\":\"https:\\\/\\\/casadecampoliving.com\\\/es\\\/entrevista-con-el-artistico-artista-original-de-chavon\\\/#article\",\"isPartOf\":{\"@id\":\"https:\\\/\\\/casadecampoliving.com\\\/es\\\/entrevista-con-el-artistico-artista-original-de-chavon\\\/\"},\"author\":{\"name\":\"Perkin Agramonte\",\"@id\":\"https:\\\/\\\/casadecampoliving.com\\\/es\\\/#\\\/schema\\\/person\\\/c8efa6049510554b7d5fea078d728f72\"},\"headline\":\"Entrevista con El Art\u00edstico, artista original de Chav\u00f3n\",\"datePublished\":\"2014-09-28T04:00:00+00:00\",\"dateModified\":\"2022-10-21T22:54:52+00:00\",\"mainEntityOfPage\":{\"@id\":\"https:\\\/\\\/casadecampoliving.com\\\/es\\\/entrevista-con-el-artistico-artista-original-de-chavon\\\/\"},\"wordCount\":976,\"publisher\":{\"@id\":\"https:\\\/\\\/casadecampoliving.com\\\/es\\\/#organization\"},\"image\":{\"@id\":\"https:\\\/\\\/casadecampoliving.com\\\/es\\\/entrevista-con-el-artistico-artista-original-de-chavon\\\/#primaryimage\"},\"thumbnailUrl\":\"https:\\\/\\\/i0.wp.com\\\/casadecampoliving.com\\\/wp-content\\\/uploads\\\/2022\\\/10\\\/chavon-artistico-1.jpg?fit=800%2C590&ssl=1\",\"keywords\":[\"Altos de Chavon\",\"casa de campo @es\",\"Casa de Campo Community @es\",\"Casa de Campo Living\",\"casa de campo resort @es\",\"El Artistico @es\",\"Jose ignacio Morales @es\"],\"articleSection\":[\"Altos de Chavon @es\",\"Arte y cultura\",\"Casa de Campo Living @es\",\"CCL presenta\",\"Destacados\",\"Estilo de Vida\",\"Noticias Locales\",\"Rep\u00fablica Dominicana @es\",\"Resort Casa de Campo\",\"Titulares\"],\"inLanguage\":\"es\"},{\"@type\":\"WebPage\",\"@id\":\"https:\\\/\\\/casadecampoliving.com\\\/es\\\/entrevista-con-el-artistico-artista-original-de-chavon\\\/\",\"url\":\"https:\\\/\\\/casadecampoliving.com\\\/es\\\/entrevista-con-el-artistico-artista-original-de-chavon\\\/\",\"name\":\"Entrevista con El Art\u00edstico, artista original de Chav\u00f3n | Casa de Campo Living\",\"isPartOf\":{\"@id\":\"https:\\\/\\\/casadecampoliving.com\\\/es\\\/#website\"},\"primaryImageOfPage\":{\"@id\":\"https:\\\/\\\/casadecampoliving.com\\\/es\\\/entrevista-con-el-artistico-artista-original-de-chavon\\\/#primaryimage\"},\"image\":{\"@id\":\"https:\\\/\\\/casadecampoliving.com\\\/es\\\/entrevista-con-el-artistico-artista-original-de-chavon\\\/#primaryimage\"},\"thumbnailUrl\":\"https:\\\/\\\/i0.wp.com\\\/casadecampoliving.com\\\/wp-content\\\/uploads\\\/2022\\\/10\\\/chavon-artistico-1.jpg?fit=800%2C590&ssl=1\",\"datePublished\":\"2014-09-28T04:00:00+00:00\",\"dateModified\":\"2022-10-21T22:54:52+00:00\",\"description\":\"La gran mayor\u00eda de las figuras de metal que adornan los espacios p\u00fablicos de La Romana, Casa de Campo y en algunas otras partes del pa\u00eds llevan un sello\",\"breadcrumb\":{\"@id\":\"https:\\\/\\\/casadecampoliving.com\\\/es\\\/entrevista-con-el-artistico-artista-original-de-chavon\\\/#breadcrumb\"},\"inLanguage\":\"es\",\"potentialAction\":[{\"@type\":\"ReadAction\",\"target\":[\"https:\\\/\\\/casadecampoliving.com\\\/es\\\/entrevista-con-el-artistico-artista-original-de-chavon\\\/\"]}]},{\"@type\":\"ImageObject\",\"inLanguage\":\"es\",\"@id\":\"https:\\\/\\\/casadecampoliving.com\\\/es\\\/entrevista-con-el-artistico-artista-original-de-chavon\\\/#primaryimage\",\"url\":\"https:\\\/\\\/i0.wp.com\\\/casadecampoliving.com\\\/wp-content\\\/uploads\\\/2022\\\/10\\\/chavon-artistico-1.jpg?fit=800%2C590&ssl=1\",\"contentUrl\":\"https:\\\/\\\/i0.wp.com\\\/casadecampoliving.com\\\/wp-content\\\/uploads\\\/2022\\\/10\\\/chavon-artistico-1.jpg?fit=800%2C590&ssl=1\",\"width\":800,\"height\":590},{\"@type\":\"BreadcrumbList\",\"@id\":\"https:\\\/\\\/casadecampoliving.com\\\/es\\\/entrevista-con-el-artistico-artista-original-de-chavon\\\/#breadcrumb\",\"itemListElement\":[{\"@type\":\"ListItem\",\"position\":1,\"name\":\"Home\",\"item\":\"https:\\\/\\\/casadecampoliving.com\\\/es\\\/\"},{\"@type\":\"ListItem\",\"position\":2,\"name\":\"Entrevista con El Art\u00edstico, artista original de Chav\u00f3n\"}]},{\"@type\":\"WebSite\",\"@id\":\"https:\\\/\\\/casadecampoliving.com\\\/es\\\/#website\",\"url\":\"https:\\\/\\\/casadecampoliving.com\\\/es\\\/\",\"name\":\"Casa de Campo Living\",\"description\":\"Resort community news and resources.\",\"publisher\":{\"@id\":\"https:\\\/\\\/casadecampoliving.com\\\/es\\\/#organization\"},\"potentialAction\":[{\"@type\":\"SearchAction\",\"target\":{\"@type\":\"EntryPoint\",\"urlTemplate\":\"https:\\\/\\\/casadecampoliving.com\\\/es\\\/?s={search_term_string}\"},\"query-input\":{\"@type\":\"PropertyValueSpecification\",\"valueRequired\":true,\"valueName\":\"search_term_string\"}}],\"inLanguage\":\"es\"},{\"@type\":\"Organization\",\"@id\":\"https:\\\/\\\/casadecampoliving.com\\\/es\\\/#organization\",\"name\":\"Casa de Campo Living\",\"url\":\"https:\\\/\\\/casadecampoliving.com\\\/es\\\/\",\"logo\":{\"@type\":\"ImageObject\",\"inLanguage\":\"es\",\"@id\":\"https:\\\/\\\/casadecampoliving.com\\\/es\\\/#\\\/schema\\\/logo\\\/image\\\/\",\"url\":\"https:\\\/\\\/i0.wp.com\\\/casadecampoliving.com\\\/wp-content\\\/uploads\\\/2022\\\/07\\\/CDCLivingLogo_V1-white-sized.png?fit=800%2C214&ssl=1\",\"contentUrl\":\"https:\\\/\\\/i0.wp.com\\\/casadecampoliving.com\\\/wp-content\\\/uploads\\\/2022\\\/07\\\/CDCLivingLogo_V1-white-sized.png?fit=800%2C214&ssl=1\",\"width\":800,\"height\":214,\"caption\":\"Casa de Campo Living\"},\"image\":{\"@id\":\"https:\\\/\\\/casadecampoliving.com\\\/es\\\/#\\\/schema\\\/logo\\\/image\\\/\"},\"sameAs\":[\"https:\\\/\\\/www.facebook.com\\\/casadecampoliving\",\"https:\\\/\\\/x.com\\\/cdcliving\"]},{\"@type\":\"Person\",\"@id\":\"https:\\\/\\\/casadecampoliving.com\\\/es\\\/#\\\/schema\\\/person\\\/c8efa6049510554b7d5fea078d728f72\",\"name\":\"Perkin Agramonte\",\"image\":{\"@type\":\"ImageObject\",\"inLanguage\":\"es\",\"@id\":\"https:\\\/\\\/secure.gravatar.com\\\/avatar\\\/57bfdafcae55fb83dbb79a1585a9eab7f269b7720fb0b64cb9a4e0cd2962fa10?s=96&d=mm&r=g\",\"url\":\"https:\\\/\\\/secure.gravatar.com\\\/avatar\\\/57bfdafcae55fb83dbb79a1585a9eab7f269b7720fb0b64cb9a4e0cd2962fa10?s=96&d=mm&r=g\",\"contentUrl\":\"https:\\\/\\\/secure.gravatar.com\\\/avatar\\\/57bfdafcae55fb83dbb79a1585a9eab7f269b7720fb0b64cb9a4e0cd2962fa10?s=96&d=mm&r=g\",\"caption\":\"Perkin Agramonte\"},\"url\":\"https:\\\/\\\/casadecampoliving.com\\\/es\\\/author\\\/cagramonte\\\/\"}]}<\/script>\n<!-- \/ Yoast SEO plugin. -->","yoast_head_json":{"title":"Entrevista con El Art\u00edstico, artista original de Chav\u00f3n | Casa de Campo Living","description":"La gran mayor\u00eda de las figuras de metal que adornan los espacios p\u00fablicos de La Romana, Casa de Campo y en algunas otras partes del pa\u00eds llevan un sello","robots":{"index":"index","follow":"follow","max-snippet":"max-snippet:-1","max-image-preview":"max-image-preview:large","max-video-preview":"max-video-preview:-1"},"canonical":"https:\/\/casadecampoliving.com\/es\/entrevista-con-el-artistico-artista-original-de-chavon\/","og_locale":"es_ES","og_type":"article","og_title":"Entrevista con El Art\u00edstico, artista original de Chav\u00f3n | Casa de Campo Living","og_description":"La gran mayor\u00eda de las figuras de metal que adornan los espacios p\u00fablicos de La Romana, Casa de Campo y en algunas otras partes del pa\u00eds llevan un sello","og_url":"https:\/\/casadecampoliving.com\/es\/entrevista-con-el-artistico-artista-original-de-chavon\/","og_site_name":"Casa de Campo Living","article_publisher":"https:\/\/www.facebook.com\/casadecampoliving","article_published_time":"2014-09-28T04:00:00+00:00","article_modified_time":"2022-10-21T22:54:52+00:00","og_image":[{"width":800,"height":590,"url":"https:\/\/i0.wp.com\/casadecampoliving.com\/wp-content\/uploads\/2022\/10\/chavon-artistico-1.jpg?fit=800%2C590&ssl=1","type":"image\/jpeg"}],"author":"Perkin Agramonte","twitter_card":"summary_large_image","twitter_creator":"@cdcliving","twitter_site":"@cdcliving","twitter_misc":{"Escrito por":"Perkin Agramonte","Tiempo de lectura":"5 minutos"},"schema":{"@context":"https:\/\/schema.org","@graph":[{"@type":"Article","@id":"https:\/\/casadecampoliving.com\/es\/entrevista-con-el-artistico-artista-original-de-chavon\/#article","isPartOf":{"@id":"https:\/\/casadecampoliving.com\/es\/entrevista-con-el-artistico-artista-original-de-chavon\/"},"author":{"name":"Perkin Agramonte","@id":"https:\/\/casadecampoliving.com\/es\/#\/schema\/person\/c8efa6049510554b7d5fea078d728f72"},"headline":"Entrevista con El Art\u00edstico, artista original de Chav\u00f3n","datePublished":"2014-09-28T04:00:00+00:00","dateModified":"2022-10-21T22:54:52+00:00","mainEntityOfPage":{"@id":"https:\/\/casadecampoliving.com\/es\/entrevista-con-el-artistico-artista-original-de-chavon\/"},"wordCount":976,"publisher":{"@id":"https:\/\/casadecampoliving.com\/es\/#organization"},"image":{"@id":"https:\/\/casadecampoliving.com\/es\/entrevista-con-el-artistico-artista-original-de-chavon\/#primaryimage"},"thumbnailUrl":"https:\/\/i0.wp.com\/casadecampoliving.com\/wp-content\/uploads\/2022\/10\/chavon-artistico-1.jpg?fit=800%2C590&ssl=1","keywords":["Altos de Chavon","casa de campo @es","Casa de Campo Community @es","Casa de Campo Living","casa de campo resort @es","El Artistico @es","Jose ignacio Morales @es"],"articleSection":["Altos de Chavon @es","Arte y cultura","Casa de Campo Living @es","CCL presenta","Destacados","Estilo de Vida","Noticias Locales","Rep\u00fablica Dominicana @es","Resort Casa de Campo","Titulares"],"inLanguage":"es"},{"@type":"WebPage","@id":"https:\/\/casadecampoliving.com\/es\/entrevista-con-el-artistico-artista-original-de-chavon\/","url":"https:\/\/casadecampoliving.com\/es\/entrevista-con-el-artistico-artista-original-de-chavon\/","name":"Entrevista con El Art\u00edstico, artista original de Chav\u00f3n | Casa de Campo Living","isPartOf":{"@id":"https:\/\/casadecampoliving.com\/es\/#website"},"primaryImageOfPage":{"@id":"https:\/\/casadecampoliving.com\/es\/entrevista-con-el-artistico-artista-original-de-chavon\/#primaryimage"},"image":{"@id":"https:\/\/casadecampoliving.com\/es\/entrevista-con-el-artistico-artista-original-de-chavon\/#primaryimage"},"thumbnailUrl":"https:\/\/i0.wp.com\/casadecampoliving.com\/wp-content\/uploads\/2022\/10\/chavon-artistico-1.jpg?fit=800%2C590&ssl=1","datePublished":"2014-09-28T04:00:00+00:00","dateModified":"2022-10-21T22:54:52+00:00","description":"La gran mayor\u00eda de las figuras de metal que adornan los espacios p\u00fablicos de La Romana, Casa de Campo y en algunas otras partes del pa\u00eds llevan un sello","breadcrumb":{"@id":"https:\/\/casadecampoliving.com\/es\/entrevista-con-el-artistico-artista-original-de-chavon\/#breadcrumb"},"inLanguage":"es","potentialAction":[{"@type":"ReadAction","target":["https:\/\/casadecampoliving.com\/es\/entrevista-con-el-artistico-artista-original-de-chavon\/"]}]},{"@type":"ImageObject","inLanguage":"es","@id":"https:\/\/casadecampoliving.com\/es\/entrevista-con-el-artistico-artista-original-de-chavon\/#primaryimage","url":"https:\/\/i0.wp.com\/casadecampoliving.com\/wp-content\/uploads\/2022\/10\/chavon-artistico-1.jpg?fit=800%2C590&ssl=1","contentUrl":"https:\/\/i0.wp.com\/casadecampoliving.com\/wp-content\/uploads\/2022\/10\/chavon-artistico-1.jpg?fit=800%2C590&ssl=1","width":800,"height":590},{"@type":"BreadcrumbList","@id":"https:\/\/casadecampoliving.com\/es\/entrevista-con-el-artistico-artista-original-de-chavon\/#breadcrumb","itemListElement":[{"@type":"ListItem","position":1,"name":"Home","item":"https:\/\/casadecampoliving.com\/es\/"},{"@type":"ListItem","position":2,"name":"Entrevista con El Art\u00edstico, artista original de Chav\u00f3n"}]},{"@type":"WebSite","@id":"https:\/\/casadecampoliving.com\/es\/#website","url":"https:\/\/casadecampoliving.com\/es\/","name":"Casa de Campo Living","description":"Resort community news and resources.","publisher":{"@id":"https:\/\/casadecampoliving.com\/es\/#organization"},"potentialAction":[{"@type":"SearchAction","target":{"@type":"EntryPoint","urlTemplate":"https:\/\/casadecampoliving.com\/es\/?s={search_term_string}"},"query-input":{"@type":"PropertyValueSpecification","valueRequired":true,"valueName":"search_term_string"}}],"inLanguage":"es"},{"@type":"Organization","@id":"https:\/\/casadecampoliving.com\/es\/#organization","name":"Casa de Campo Living","url":"https:\/\/casadecampoliving.com\/es\/","logo":{"@type":"ImageObject","inLanguage":"es","@id":"https:\/\/casadecampoliving.com\/es\/#\/schema\/logo\/image\/","url":"https:\/\/i0.wp.com\/casadecampoliving.com\/wp-content\/uploads\/2022\/07\/CDCLivingLogo_V1-white-sized.png?fit=800%2C214&ssl=1","contentUrl":"https:\/\/i0.wp.com\/casadecampoliving.com\/wp-content\/uploads\/2022\/07\/CDCLivingLogo_V1-white-sized.png?fit=800%2C214&ssl=1","width":800,"height":214,"caption":"Casa de Campo Living"},"image":{"@id":"https:\/\/casadecampoliving.com\/es\/#\/schema\/logo\/image\/"},"sameAs":["https:\/\/www.facebook.com\/casadecampoliving","https:\/\/x.com\/cdcliving"]},{"@type":"Person","@id":"https:\/\/casadecampoliving.com\/es\/#\/schema\/person\/c8efa6049510554b7d5fea078d728f72","name":"Perkin Agramonte","image":{"@type":"ImageObject","inLanguage":"es","@id":"https:\/\/secure.gravatar.com\/avatar\/57bfdafcae55fb83dbb79a1585a9eab7f269b7720fb0b64cb9a4e0cd2962fa10?s=96&d=mm&r=g","url":"https:\/\/secure.gravatar.com\/avatar\/57bfdafcae55fb83dbb79a1585a9eab7f269b7720fb0b64cb9a4e0cd2962fa10?s=96&d=mm&r=g","contentUrl":"https:\/\/secure.gravatar.com\/avatar\/57bfdafcae55fb83dbb79a1585a9eab7f269b7720fb0b64cb9a4e0cd2962fa10?s=96&d=mm&r=g","caption":"Perkin Agramonte"},"url":"https:\/\/casadecampoliving.com\/es\/author\/cagramonte\/"}]}},"parsely":{"version":"1.1.0","canonical_url":"https:\/\/casadecampoliving.com\/es\/entrevista-con-el-artistico-artista-original-de-chavon\/","smart_links":{"inbound":0,"outbound":0},"traffic_boost_suggestions_count":0,"meta":{"@context":"https:\/\/schema.org","@type":"NewsArticle","headline":"Entrevista con El Art\u00edstico, artista original de Chav\u00f3n","url":"http:\/\/casadecampoliving.com\/es\/entrevista-con-el-artistico-artista-original-de-chavon\/","mainEntityOfPage":{"@type":"WebPage","@id":"http:\/\/casadecampoliving.com\/es\/entrevista-con-el-artistico-artista-original-de-chavon\/"},"thumbnailUrl":"https:\/\/i0.wp.com\/casadecampoliving.com\/wp-content\/uploads\/2022\/10\/chavon-artistico-1.jpg?resize=150%2C150&ssl=1","image":{"@type":"ImageObject","url":"https:\/\/i0.wp.com\/casadecampoliving.com\/wp-content\/uploads\/2022\/10\/chavon-artistico-1.jpg?fit=800%2C590&ssl=1"},"articleSection":"Altos de Chavon @es","author":[{"@type":"Person","name":"Perkin Agramonte"}],"creator":["Perkin Agramonte"],"publisher":{"@type":"Organization","name":"Casa de Campo Living","logo":"https:\/\/casadecampoliving.com\/wp-content\/uploads\/2022\/07\/CDCLivingLogo_V1-white-sized.png"},"keywords":["altos de chavon","casa de campo @es","casa de campo community @es","casa de campo living","casa de campo resort @es","el artistico @es","jose ignacio morales @es"],"dateCreated":"2014-09-28T04:00:00Z","datePublished":"2014-09-28T04:00:00Z","dateModified":"2022-10-21T22:54:52Z"},"rendered":"<script type=\"application\/ld+json\" class=\"wp-parsely-metadata\">{\"@context\":\"https:\\\/\\\/schema.org\",\"@type\":\"NewsArticle\",\"headline\":\"Entrevista con El Art\\u00edstico, artista original de Chav\\u00f3n\",\"url\":\"http:\\\/\\\/casadecampoliving.com\\\/es\\\/entrevista-con-el-artistico-artista-original-de-chavon\\\/\",\"mainEntityOfPage\":{\"@type\":\"WebPage\",\"@id\":\"http:\\\/\\\/casadecampoliving.com\\\/es\\\/entrevista-con-el-artistico-artista-original-de-chavon\\\/\"},\"thumbnailUrl\":\"https:\\\/\\\/i0.wp.com\\\/casadecampoliving.com\\\/wp-content\\\/uploads\\\/2022\\\/10\\\/chavon-artistico-1.jpg?resize=150%2C150&ssl=1\",\"image\":{\"@type\":\"ImageObject\",\"url\":\"https:\\\/\\\/i0.wp.com\\\/casadecampoliving.com\\\/wp-content\\\/uploads\\\/2022\\\/10\\\/chavon-artistico-1.jpg?fit=800%2C590&ssl=1\"},\"articleSection\":\"Altos de Chavon @es\",\"author\":[{\"@type\":\"Person\",\"name\":\"Perkin Agramonte\"}],\"creator\":[\"Perkin Agramonte\"],\"publisher\":{\"@type\":\"Organization\",\"name\":\"Casa de Campo Living\",\"logo\":\"https:\\\/\\\/casadecampoliving.com\\\/wp-content\\\/uploads\\\/2022\\\/07\\\/CDCLivingLogo_V1-white-sized.png\"},\"keywords\":[\"altos de chavon\",\"casa de campo @es\",\"casa de campo community @es\",\"casa de campo living\",\"casa de campo resort @es\",\"el artistico @es\",\"jose ignacio morales @es\"],\"dateCreated\":\"2014-09-28T04:00:00Z\",\"datePublished\":\"2014-09-28T04:00:00Z\",\"dateModified\":\"2022-10-21T22:54:52Z\"}<\/script>","tracker_url":"https:\/\/cdn.parsely.com\/keys\/casadecampoliving.com\/p.js"},"jetpack_publicize_connections":[],"jetpack_featured_media_url":"https:\/\/i0.wp.com\/casadecampoliving.com\/wp-content\/uploads\/2022\/10\/chavon-artistico-1.jpg?fit=800%2C590&ssl=1","jetpack-related-posts":[{"id":433460,"url":"https:\/\/casadecampoliving.com\/es\/no-se-pierdan-el-increible-tributo-a-frank-sinatra-para-celebrar-el-40-aniversario-del-anfiteatro-altos-de-chavon\/","url_meta":{"origin":345446,"position":0},"title":"No se pierdan el incre\u00edble tributo a Frank Sinatra para celebrar el 40 aniversario del\u00a0Anfiteatro Altos de Chav\u00f3n","author":"Casa de Campo Living","date":"20 Oct, 2022","format":false,"excerpt":"Siendo uno de los escenarios m\u00e1s emblem\u00e1ticos del pa\u00eds, Casa de Campo Resort\u00ae & Villas celebra las cuatro d\u00e9cadas de aniversario de Altos de Chav\u00f3n con un tributo al gran Frank Sinatra, protagonizado por artistas invitados y una big band tal cual la que acompa\u00f1\u00f3 al artista hace 40 a\u00f1os\u2026","rel":"","context":"En \u00abUncategorized @es\u00bb","block_context":{"text":"Uncategorized @es","link":"https:\/\/casadecampoliving.com\/es\/category\/uncategorized-es\/"},"img":{"alt_text":"","src":"https:\/\/i0.wp.com\/casadecampoliving.com\/wp-content\/uploads\/2022\/10\/Tributo-Frank-Sinatra-Foto-Principal-Amaury-Sanchez-Danilo-Ginebra-Andres-Pichardo-y-Jose-Gabriel-Perez-.jpg?fit=1200%2C873&ssl=1&resize=350%2C200","width":350,"height":200,"srcset":"https:\/\/i0.wp.com\/casadecampoliving.com\/wp-content\/uploads\/2022\/10\/Tributo-Frank-Sinatra-Foto-Principal-Amaury-Sanchez-Danilo-Ginebra-Andres-Pichardo-y-Jose-Gabriel-Perez-.jpg?fit=1200%2C873&ssl=1&resize=350%2C200 1x, https:\/\/i0.wp.com\/casadecampoliving.com\/wp-content\/uploads\/2022\/10\/Tributo-Frank-Sinatra-Foto-Principal-Amaury-Sanchez-Danilo-Ginebra-Andres-Pichardo-y-Jose-Gabriel-Perez-.jpg?fit=1200%2C873&ssl=1&resize=525%2C300 1.5x, https:\/\/i0.wp.com\/casadecampoliving.com\/wp-content\/uploads\/2022\/10\/Tributo-Frank-Sinatra-Foto-Principal-Amaury-Sanchez-Danilo-Ginebra-Andres-Pichardo-y-Jose-Gabriel-Perez-.jpg?fit=1200%2C873&ssl=1&resize=700%2C400 2x, https:\/\/i0.wp.com\/casadecampoliving.com\/wp-content\/uploads\/2022\/10\/Tributo-Frank-Sinatra-Foto-Principal-Amaury-Sanchez-Danilo-Ginebra-Andres-Pichardo-y-Jose-Gabriel-Perez-.jpg?fit=1200%2C873&ssl=1&resize=1050%2C600 3x"},"classes":[]},{"id":353737,"url":"https:\/\/casadecampoliving.com\/es\/en-memoria-de-el-artistico-jose-ignacio-morales-trabajar-en-casa-de-campo-marco-mi-vida\/","url_meta":{"origin":345446,"position":1},"title":"En memoria de \u201cEl Artistico\u201d Jos\u00e9 Ignacio Morales \u201cTrabajar en Casa de Campo marc\u00f3 mi vida.\u201d","author":"Casa de Campo Living","date":"15 Abr, 2020","format":false,"excerpt":"El artesano local \u201cEl Artistico\u201d Jos\u00e9 Ignacio Morales, quien con m\u00e1s de 40 a\u00f1os de experiencia tiene impresionantes estatuas, puertas, puertas y accesorios en toda Casa de Campo y Altos de Chav\u00f3n; de hecho, Jos\u00e9 Ignacio Morales comenz\u00f3 su carrera art\u00edstica en Casa de Campo con la decoraci\u00f3n de 5\u2026","rel":"","context":"En \u00abAltos de Chavon @es\u00bb","block_context":{"text":"Altos de Chavon @es","link":"https:\/\/casadecampoliving.com\/category\/altos-de-chavon-es\/"},"img":{"alt_text":"","src":"https:\/\/i0.wp.com\/casadecampoliving.com\/wp-content\/uploads\/2022\/10\/P4240153.jpg?fit=1000%2C605&ssl=1&resize=350%2C200","width":350,"height":200,"srcset":"https:\/\/i0.wp.com\/casadecampoliving.com\/wp-content\/uploads\/2022\/10\/P4240153.jpg?fit=1000%2C605&ssl=1&resize=350%2C200 1x, https:\/\/i0.wp.com\/casadecampoliving.com\/wp-content\/uploads\/2022\/10\/P4240153.jpg?fit=1000%2C605&ssl=1&resize=525%2C300 1.5x, https:\/\/i0.wp.com\/casadecampoliving.com\/wp-content\/uploads\/2022\/10\/P4240153.jpg?fit=1000%2C605&ssl=1&resize=700%2C400 2x"},"classes":[]},{"id":330946,"url":"https:\/\/casadecampoliving.com\/in-loving-memory-of-el-artistico-jose-ignacio-morales-working-in-casa-de-campo-changed-my-life\/","url_meta":{"origin":345446,"position":2},"title":"In memory of \u201cEl Artistico\u201d Jos\u00e9 Ignacio Morales \u00abWorking in Casa de Campo changed my life.\u00bb","author":"Casa de Campo Living","date":"15 Abr, 2020","format":false,"excerpt":"Local artisan \u201cEl Artistico\u201d Jos\u00e9 Ignacio Morales, who with over 40 years experience has impressive statues, doorways, gates, and fixtures all over Casa de Campo and Altos de Chav\u00f3n \u2013 in fact, Jos\u00e9 Ignacio Morales began his artistic career in Casa de Campo with the decoration of 5 villas including\u2026","rel":"","context":"En \u00abAltos de Chavon\u00bb","block_context":{"text":"Altos de Chavon","link":"https:\/\/casadecampoliving.com\/category\/altos-de-chavon\/"},"img":{"alt_text":"","src":"https:\/\/i0.wp.com\/casadecampoliving.com\/wp-content\/uploads\/2022\/10\/P4240153.jpg?fit=1000%2C605&ssl=1&resize=350%2C200","width":350,"height":200,"srcset":"https:\/\/i0.wp.com\/casadecampoliving.com\/wp-content\/uploads\/2022\/10\/P4240153.jpg?fit=1000%2C605&ssl=1&resize=350%2C200 1x, https:\/\/i0.wp.com\/casadecampoliving.com\/wp-content\/uploads\/2022\/10\/P4240153.jpg?fit=1000%2C605&ssl=1&resize=525%2C300 1.5x, https:\/\/i0.wp.com\/casadecampoliving.com\/wp-content\/uploads\/2022\/10\/P4240153.jpg?fit=1000%2C605&ssl=1&resize=700%2C400 2x"},"classes":[]},{"id":324327,"url":"https:\/\/casadecampoliving.com\/interview-el-artistico-chavons-original-artist\/","url_meta":{"origin":345446,"position":3},"title":"An interview with El Artistico, Chav\u00f3n\u2019s original artist","author":"Daniela Medina","date":"28 Sep, 2014","format":false,"excerpt":"The great majority of metallic artworks found throughout La Romana and Casa de Campo as well as across the entire country, carry a distinctive mark. The signature of a talented blacksmith, who through enduring the searing heat of his trade, transforms what could be considered as junk into beautiful works\u2026","rel":"","context":"En \u00abAltos de Chavon\u00bb","block_context":{"text":"Altos de Chavon","link":"https:\/\/casadecampoliving.com\/category\/altos-de-chavon\/"},"img":{"alt_text":"","src":"https:\/\/i0.wp.com\/casadecampoliving.com\/wp-content\/uploads\/2022\/10\/chavon-artistico-1.jpg?fit=800%2C590&ssl=1&resize=350%2C200","width":350,"height":200,"srcset":"https:\/\/i0.wp.com\/casadecampoliving.com\/wp-content\/uploads\/2022\/10\/chavon-artistico-1.jpg?fit=800%2C590&ssl=1&resize=350%2C200 1x, https:\/\/i0.wp.com\/casadecampoliving.com\/wp-content\/uploads\/2022\/10\/chavon-artistico-1.jpg?fit=800%2C590&ssl=1&resize=525%2C300 1.5x, https:\/\/i0.wp.com\/casadecampoliving.com\/wp-content\/uploads\/2022\/10\/chavon-artistico-1.jpg?fit=800%2C590&ssl=1&resize=700%2C400 2x"},"classes":[]},{"id":350273,"url":"https:\/\/casadecampoliving.com\/es\/hermosa-coleccion-arte-exhibicion-la-galeria-altos-de-chavon\/","url_meta":{"origin":345446,"position":4},"title":"Colecci\u00f3n de arte en exhibicion AHORA en La Galer\u00eda de Altos de Chav\u00f3n","author":"Marlenys Guzm\u00e1n Casta\u00f1os","date":"29 Jul, 2016","format":false,"excerpt":"\u00a1M\u00e1s buenas noticias para los amantes del arte! Ayer les dimos todos los detalles de la edici\u00f3n m\u00e1s reciente de Art Chav\u00f3n 2016 en el nuevo campus de Chav\u00f3n Escuela de Dise\u00f1o en Santo Domingo donde su compra ayudar\u00e1 a financiar el programa de becas de la Fundaci\u00f3n Centro Cultural\u2026","rel":"","context":"En \u00abAltos de Chavon @es\u00bb","block_context":{"text":"Altos de Chavon @es","link":"https:\/\/casadecampoliving.com\/category\/altos-de-chavon-es\/"},"img":{"alt_text":"","src":"https:\/\/i0.wp.com\/casadecampoliving.com\/wp-content\/uploads\/2022\/10\/The-Gallery-1.jpg?fit=1000%2C600&ssl=1&resize=350%2C200","width":350,"height":200,"srcset":"https:\/\/i0.wp.com\/casadecampoliving.com\/wp-content\/uploads\/2022\/10\/The-Gallery-1.jpg?fit=1000%2C600&ssl=1&resize=350%2C200 1x, https:\/\/i0.wp.com\/casadecampoliving.com\/wp-content\/uploads\/2022\/10\/The-Gallery-1.jpg?fit=1000%2C600&ssl=1&resize=525%2C300 1.5x, https:\/\/i0.wp.com\/casadecampoliving.com\/wp-content\/uploads\/2022\/10\/The-Gallery-1.jpg?fit=1000%2C600&ssl=1&resize=700%2C400 2x"},"classes":[]},{"id":321153,"url":"https:\/\/casadecampoliving.com\/ladies-from-15-countries-visit-casa-de-campo-as-part-of-international-womens-day\/","url_meta":{"origin":345446,"position":5},"title":"Ladies from 15 countries visit Casa de Campo as part of International Women&#8217;s Day!","author":"","date":"13 Abr, 2012","format":false,"excerpt":"On Friday March the 9th, as part of International Women's day (celebrated the day before on March 8th), more than 70 women from 15 different Latin American countries visited La Romana and the Casa de Campo resort as part of the \"XI Latin American Meeting of Engineers, Architects and Surveyors\u00a0Women\",\u2026","rel":"","context":"En \u00abAltos de Chavon\u00bb","block_context":{"text":"Altos de Chavon","link":"https:\/\/casadecampoliving.com\/category\/altos-de-chavon\/"},"img":{"alt_text":"altos de chavon","src":"https:\/\/i0.wp.com\/casadecampoliving.com\/wp-content\/uploads\/2022\/10\/altos_de_chavon1-17.jpg?fit=650%2C389&ssl=1&resize=350%2C200","width":350,"height":200,"srcset":"https:\/\/i0.wp.com\/casadecampoliving.com\/wp-content\/uploads\/2022\/10\/altos_de_chavon1-17.jpg?fit=650%2C389&ssl=1&resize=350%2C200 1x, https:\/\/i0.wp.com\/casadecampoliving.com\/wp-content\/uploads\/2022\/10\/altos_de_chavon1-17.jpg?fit=650%2C389&ssl=1&resize=525%2C300 1.5x"},"classes":[]}],"jetpack_sharing_enabled":true,"_links":{"self":[{"href":"https:\/\/casadecampoliving.com\/es\/wp-json\/wp\/v2\/posts\/345446","targetHints":{"allow":["GET"]}}],"collection":[{"href":"https:\/\/casadecampoliving.com\/es\/wp-json\/wp\/v2\/posts"}],"about":[{"href":"https:\/\/casadecampoliving.com\/es\/wp-json\/wp\/v2\/types\/post"}],"author":[{"embeddable":true,"href":"https:\/\/casadecampoliving.com\/es\/wp-json\/wp\/v2\/users\/1097"}],"replies":[{"embeddable":true,"href":"https:\/\/casadecampoliving.com\/es\/wp-json\/wp\/v2\/comments?post=345446"}],"version-history":[{"count":1,"href":"https:\/\/casadecampoliving.com\/es\/wp-json\/wp\/v2\/posts\/345446\/revisions"}],"predecessor-version":[{"id":345447,"href":"https:\/\/casadecampoliving.com\/es\/wp-json\/wp\/v2\/posts\/345446\/revisions\/345447"}],"wp:featuredmedia":[{"embeddable":true,"href":"https:\/\/casadecampoliving.com\/es\/wp-json\/wp\/v2\/media\/275672"}],"wp:attachment":[{"href":"https:\/\/casadecampoliving.com\/es\/wp-json\/wp\/v2\/media?parent=345446"}],"wp:term":[{"taxonomy":"category","embeddable":true,"href":"https:\/\/casadecampoliving.com\/es\/wp-json\/wp\/v2\/categories?post=345446"},{"taxonomy":"post_tag","embeddable":true,"href":"https:\/\/casadecampoliving.com\/es\/wp-json\/wp\/v2\/tags?post=345446"},{"taxonomy":"newspack_spnsrs_tax","embeddable":true,"href":"https:\/\/casadecampoliving.com\/es\/wp-json\/wp\/v2\/newspack_spnsrs_tax?post=345446"}],"curies":[{"name":"wp","href":"https:\/\/api.w.org\/{rel}","templated":true}]}}