{"id":345382,"date":"2014-09-17T00:00:00","date_gmt":"2014-09-17T04:00:00","guid":{"rendered":"https:\/\/casadecampoliving.com\/juanes-en-altos-de-chavon-nueva-fecha-entradas\/"},"modified":"2022-10-21T18:52:05","modified_gmt":"2022-10-21T22:52:05","slug":"juanes-en-altos-de-chavon-nueva-fecha-entradas","status":"publish","type":"post","link":"https:\/\/casadecampoliving.com\/es\/juanes-en-altos-de-chavon-nueva-fecha-entradas\/","title":{"rendered":"Juanes en Altos de Chav\u00f3n &#8211; \u00a1nueva fecha &#038; entradas!"},"content":{"rendered":"<div class=\"wp-block-image\">\n<figure class=\"aligncenter is-resized\"><img loading=\"lazy\" decoding=\"async\" src=\"https:\/\/i0.wp.com\/casadecampoliving.com\/wp-content\/uploads\/2022\/10\/Juanes_Altos_de_Chavon-1024x768-2.png?resize=650%2C488&amp;ssl=1\" alt=\"Juanes Altos de Chavon\" class=\"wp-image-97810\" height=\"488\" width=\"650\"\/><\/figure>\n<\/div>\n\n\n<p>\u00bfEst\u00e1n emocionados por el concierto de Juanes en el anfiteatro de Altos Chav\u00f3n? Pues les tenemos grandes noticias \u2013 \u00a1la fecha oficial ha sido anunciada!<\/p>\n\n\n\n<!--more-->\n\n\n<div class=\"wp-block-image\">\n<figure class=\"alignright is-resized\"><img loading=\"lazy\" decoding=\"async\" src=\"https:\/\/i0.wp.com\/casadecampoliving.com\/wp-content\/uploads\/2022\/10\/juanes-225x300-2.png?resize=225%2C300&amp;ssl=1\" alt=\"juanes\" class=\"wp-image-97813\" height=\"300\" width=\"225\"\/><\/figure>\n<\/div>\n\n\n<p>El concierto de Juanes que estuvo programado para el Domingo 16 de noviembre, \u00a1fue actualizado para el&nbsp;<strong>S\u00e1bado 15 de Noviembre&nbsp;<\/strong>en el anfiteatro Altos de Chav\u00f3n!<\/p>\n\n\n\n<p>El cantante colombiano de pop y rock latino, Juanes, ha vendido m\u00e1s de 15 millones de \u00e1lbumes en todo el mundo; adem\u00e1s de ser considerado como uno de los cantantes latinoamericanos m\u00e1s prol\u00edficos. Juanes ha ganado numerosos premios de todo tipo, entre los m\u00e1s importantes se encuentran: MTV Latinoamerica, Grammy y Grammy Latino. Juanes se presentar\u00e1 en el anfiteatro Altos de Chav\u00f3n como parte de su gira LOCO DE AMOR.<\/p>\n\n\n\n<p><span style=\"color: #222222;\">Este Concierto es parte de&nbsp;<\/span><b style=\"color: #222222;\">La Temporada de Cari\u00f1o<\/b>&nbsp;celebrado por la<b style=\"color: #222222;\">&nbsp;Fundaci\u00f3n<\/b>&nbsp;<strong>Qui\u00e9reme<\/strong><b style=\"color: #222222;\"> como Soy, <\/b>quiene<span style=\"color: #222222;\">s apoyan a instituciones que trabajen en pro de la inclusi\u00f3n a la sociedad de personas con necesidades especiales a nivel cognitivo.<\/span><\/p>\n\n\n\n<p><em><strong><span style=\"color: #222222;\">\u201cLa idea es dar inicio a un futuro legado de concienciaci\u00f3n a lo largo y ancho de esta naci\u00f3n, de crear una revoluci\u00f3n de colaboraci\u00f3n y m\u00e1s que nada, EDUCAR.\u201d<\/span><\/strong><\/em><strong><span style=\"color: #222222;\">&nbsp;<\/span><\/strong><span style=\"color: #222222;\">dijo la fundaci\u00f3n Qui\u00e9reme como soy.<\/span><\/p>\n\n\n<div class=\"wp-block-image\">\n<figure class=\"aligncenter is-resized\"><img loading=\"lazy\" decoding=\"async\" src=\"https:\/\/i0.wp.com\/casadecampoliving.com\/wp-content\/uploads\/2022\/10\/quiereme_como_soy.png?resize=620%2C229&amp;ssl=1\" alt=\"Quiereme Como Soy\" class=\"wp-image-97815\" height=\"229\" width=\"620\"\/><\/figure>\n<\/div>\n\n\n<p>Adem\u00e1s del concierto de Juanes en el anfiteatro Altos de Chav\u00f3n, tambi\u00e9n se recaudar\u00e1n fondos para la fundaci\u00f3n Qui\u00e9reme como soy con un evento en el Estadio Francisco A. Micheli que tomar\u00e1 lugar al siguiente d\u00eda, el Domingo 16 de noviembre. Artistas nacionales e internacionales asistir\u00e1n a este evento, formando parte de actividades art\u00edsticas y deportivas con ni\u00f1os especiales.<\/p>\n\n\n\n<p>Las boletas a\u00fan no est\u00e1n a la venta, pero pr\u00f3ximamente estar\u00e1n disponibles en UEPA Tickets, en las oficinas de la fundaci\u00f3n Qui\u00e9reme como Soy, al igual que en el Club de Due\u00f1os de villa Casa de Campo. Les dejaremos saber tan pronto est\u00e9n a la venta.<\/p>\n\n\n<div class=\"wp-block-image\">\n<figure class=\"aligncenter is-resized\"><img loading=\"lazy\" decoding=\"async\" src=\"https:\/\/i0.wp.com\/casadecampoliving.com\/wp-content\/uploads\/2022\/10\/juanes1-1024x768-2.png?resize=650%2C488&amp;ssl=1\" alt=\"juanes\" class=\"wp-image-97814\" height=\"488\" width=\"650\"\/><\/figure>\n<\/div>\n\n\n<blockquote><h3>Juanes en concierto<\/h3><p><strong>Cu\u00e1ndo:<\/strong> S\u00e1bado 15 de noviembre<\/p><p><strong>D\u00f3nde:<\/strong>&nbsp;anfiteatro Altos de Chav\u00f3n, Casa de Campo<\/p><p><strong>Precios de las boletas:<\/strong><\/p><ul>\n<li>Special Guest: RD$10,000.00<\/li>\n<li>VIP: RD$5,000.00<\/li>\n<li>General RD$2,000.00<\/li>\n<\/ul><\/blockquote>\n\n\n\n<blockquote><h3>Evento en el Estadio Francisco A. Micheli<\/h3><p><strong>Cu\u00e1ndo:<\/strong>&nbsp;Domingo 16 de &nbsp;noviembre<\/p><p><strong>D\u00f3nde:<\/strong>&nbsp;Estadio Francisco A. Micheli, La Romana<\/p><p><strong>Precios de las boletas:<\/strong><\/p><ul>\n<li>General: RD$400.00<\/li>\n<li>Gradas: RD$300.00<\/li>\n<\/ul><\/blockquote>\n","protected":false},"excerpt":{"rendered":"<p>\u00bfEst\u00e1n emocionados por el concierto de Juanes en el anfiteatro de Altos Chav\u00f3n? Pues les tenemos grandes noticias \u2013 \u00a1la fecha oficial ha sido anunciada!<\/p>\n","protected":false},"author":22010,"featured_media":274964,"comment_status":"closed","ping_status":"closed","sticky":false,"template":"","format":"standard","meta":{"newspack_ads_suppress_ads":false,"newspack_popups_has_disabled_popups":false,"newspack_sponsor_sponsorship_scope":"","newspack_sponsor_native_byline_display":"inherit","newspack_sponsor_native_category_display":"inherit","newspack_sponsor_underwriter_style":"inherit","newspack_sponsor_underwriter_placement":"inherit","_newspack_byline_active":false,"_newspack_byline":"","newspack_content_restriction_is_exempt":false,"newspack_featured_image_position":"","newspack_post_subtitle":"","newspack_article_summary_title":"Overview:","newspack_article_summary":"","newspack_hide_updated_date":false,"newspack_show_updated_date":false,"_jetpack_memberships_contains_paid_content":false,"footnotes":"","jetpack_publicize_message":"","jetpack_publicize_feature_enabled":true,"jetpack_social_post_already_shared":false,"jetpack_social_options":{"image_generator_settings":{"template":"highway","default_image_id":0,"font":"","enabled":false},"version":2},"_wpas_customize_per_network":false},"categories":[26819,26936,26951,2513,2518,14631,2522,2514,14625,14627,2521,26822,2526],"tags":[15387,5442,10081],"newspack_spnsrs_tax":[],"class_list":["post-345382","post","type-post","status-publish","format-standard","has-post-thumbnail","hentry","category-altos-de-chavon-es","category-casa-de-campo-living-es","category-ccl-presenta","category-celebridades-es","category-conciertos-es","category-estilo-de-vida","category-eventos-es","category-fundaciones-es","category-noticias-locales","category-proximamente","category-republica-dominicana-2","category-resort-casa-de-campo","category-titulares-es","tag-altos-de-chavon-es","tag-estadio-francisco-a-micheli","tag-quiereme-como-soy","entry"],"yoast_head":"<!-- This site is optimized with the Yoast SEO plugin v27.2 - https:\/\/yoast.com\/product\/yoast-seo-wordpress\/ -->\n<title>Juanes en Altos de Chav\u00f3n - \u00a1nueva fecha &amp; entradas! | Casa de Campo Living<\/title>\n<meta name=\"description\" content=\"\u00bfEst\u00e1n emocionados por el concierto de Juanes en el anfiteatro de Altos Chav\u00f3n? Pues les tenemos grandes noticias \u2013 \u00a1la fecha oficial ha sido anunciada!\" \/>\n<meta name=\"robots\" content=\"index, follow, max-snippet:-1, max-image-preview:large, max-video-preview:-1\" \/>\n<link rel=\"canonical\" href=\"https:\/\/casadecampoliving.com\/es\/juanes-en-altos-de-chavon-nueva-fecha-entradas\/\" \/>\n<meta property=\"og:locale\" content=\"es_ES\" \/>\n<meta property=\"og:type\" content=\"article\" \/>\n<meta property=\"og:title\" content=\"Juanes en Altos de Chav\u00f3n - \u00a1nueva fecha &amp; entradas! | Casa de Campo Living\" \/>\n<meta property=\"og:description\" content=\"\u00bfEst\u00e1n emocionados por el concierto de Juanes en el anfiteatro de Altos Chav\u00f3n? Pues les tenemos grandes noticias \u2013 \u00a1la fecha oficial ha sido anunciada!\" \/>\n<meta property=\"og:url\" content=\"https:\/\/casadecampoliving.com\/es\/juanes-en-altos-de-chavon-nueva-fecha-entradas\/\" \/>\n<meta property=\"og:site_name\" content=\"Casa de Campo Living\" \/>\n<meta property=\"article:publisher\" content=\"https:\/\/www.facebook.com\/casadecampoliving\" \/>\n<meta property=\"article:published_time\" content=\"2014-09-17T04:00:00+00:00\" \/>\n<meta property=\"article:modified_time\" content=\"2022-10-21T22:52:05+00:00\" \/>\n<meta property=\"og:image\" content=\"https:\/\/i0.wp.com\/casadecampoliving.com\/wp-content\/uploads\/2022\/10\/juanes1-1.png?fit=1280%2C960&ssl=1\" \/>\n\t<meta property=\"og:image:width\" content=\"1280\" \/>\n\t<meta property=\"og:image:height\" content=\"960\" \/>\n\t<meta property=\"og:image:type\" content=\"image\/png\" \/>\n<meta name=\"author\" content=\"Maria Isabel B\u00e1ez\" \/>\n<meta name=\"twitter:card\" content=\"summary_large_image\" \/>\n<meta name=\"twitter:creator\" content=\"@cdcliving\" \/>\n<meta name=\"twitter:site\" content=\"@cdcliving\" \/>\n<meta name=\"twitter:label1\" content=\"Escrito por\" \/>\n\t<meta name=\"twitter:data1\" content=\"Maria Isabel B\u00e1ez\" \/>\n\t<meta name=\"twitter:label2\" content=\"Tiempo de lectura\" \/>\n\t<meta name=\"twitter:data2\" content=\"2 minutos\" \/>\n<script type=\"application\/ld+json\" class=\"yoast-schema-graph\">{\"@context\":\"https:\/\/schema.org\",\"@graph\":[{\"@type\":\"Article\",\"@id\":\"https:\/\/casadecampoliving.com\/es\/juanes-en-altos-de-chavon-nueva-fecha-entradas\/#article\",\"isPartOf\":{\"@id\":\"https:\/\/casadecampoliving.com\/es\/juanes-en-altos-de-chavon-nueva-fecha-entradas\/\"},\"author\":{\"name\":\"Maria Isabel B\u00e1ez\",\"@id\":\"https:\/\/casadecampoliving.com\/es\/#\/schema\/person\/8fc218930d06cbe215cf6c4fc64caa11\"},\"headline\":\"Juanes en Altos de Chav\u00f3n &#8211; \u00a1nueva fecha &#038; entradas!\",\"datePublished\":\"2014-09-17T04:00:00+00:00\",\"dateModified\":\"2022-10-21T22:52:05+00:00\",\"mainEntityOfPage\":{\"@id\":\"https:\/\/casadecampoliving.com\/es\/juanes-en-altos-de-chavon-nueva-fecha-entradas\/\"},\"wordCount\":414,\"publisher\":{\"@id\":\"https:\/\/casadecampoliving.com\/es\/#organization\"},\"image\":{\"@id\":\"https:\/\/casadecampoliving.com\/es\/juanes-en-altos-de-chavon-nueva-fecha-entradas\/#primaryimage\"},\"thumbnailUrl\":\"https:\/\/i0.wp.com\/casadecampoliving.com\/wp-content\/uploads\/2022\/10\/juanes1-1.png?fit=1280%2C960&ssl=1\",\"keywords\":[\"Altos de Chavon\",\"estadio francisco a micheli\",\"quiereme como soy\"],\"articleSection\":[\"Altos de Chavon @es\",\"Casa de Campo Living @es\",\"CCL presenta\",\"Celebridades\",\"Conciertos\",\"Estilo de Vida\",\"Eventos\",\"Fundaciones\",\"Noticias Locales\",\"Proximamente\",\"Rep\u00fablica Dominicana @es\",\"Resort Casa de Campo\",\"Titulares\"],\"inLanguage\":\"es\"},{\"@type\":\"WebPage\",\"@id\":\"https:\/\/casadecampoliving.com\/es\/juanes-en-altos-de-chavon-nueva-fecha-entradas\/\",\"url\":\"https:\/\/casadecampoliving.com\/es\/juanes-en-altos-de-chavon-nueva-fecha-entradas\/\",\"name\":\"Juanes en Altos de Chav\u00f3n - \u00a1nueva fecha & entradas! | Casa de Campo Living\",\"isPartOf\":{\"@id\":\"https:\/\/casadecampoliving.com\/es\/#website\"},\"primaryImageOfPage\":{\"@id\":\"https:\/\/casadecampoliving.com\/es\/juanes-en-altos-de-chavon-nueva-fecha-entradas\/#primaryimage\"},\"image\":{\"@id\":\"https:\/\/casadecampoliving.com\/es\/juanes-en-altos-de-chavon-nueva-fecha-entradas\/#primaryimage\"},\"thumbnailUrl\":\"https:\/\/i0.wp.com\/casadecampoliving.com\/wp-content\/uploads\/2022\/10\/juanes1-1.png?fit=1280%2C960&ssl=1\",\"datePublished\":\"2014-09-17T04:00:00+00:00\",\"dateModified\":\"2022-10-21T22:52:05+00:00\",\"description\":\"\u00bfEst\u00e1n emocionados por el concierto de Juanes en el anfiteatro de Altos Chav\u00f3n? Pues les tenemos grandes noticias \u2013 \u00a1la fecha oficial ha sido anunciada!\",\"breadcrumb\":{\"@id\":\"https:\/\/casadecampoliving.com\/es\/juanes-en-altos-de-chavon-nueva-fecha-entradas\/#breadcrumb\"},\"inLanguage\":\"es\",\"potentialAction\":[{\"@type\":\"ReadAction\",\"target\":[\"https:\/\/casadecampoliving.com\/es\/juanes-en-altos-de-chavon-nueva-fecha-entradas\/\"]}]},{\"@type\":\"ImageObject\",\"inLanguage\":\"es\",\"@id\":\"https:\/\/casadecampoliving.com\/es\/juanes-en-altos-de-chavon-nueva-fecha-entradas\/#primaryimage\",\"url\":\"https:\/\/i0.wp.com\/casadecampoliving.com\/wp-content\/uploads\/2022\/10\/juanes1-1.png?fit=1280%2C960&ssl=1\",\"contentUrl\":\"https:\/\/i0.wp.com\/casadecampoliving.com\/wp-content\/uploads\/2022\/10\/juanes1-1.png?fit=1280%2C960&ssl=1\",\"width\":1280,\"height\":960,\"caption\":\"juanes\"},{\"@type\":\"BreadcrumbList\",\"@id\":\"https:\/\/casadecampoliving.com\/es\/juanes-en-altos-de-chavon-nueva-fecha-entradas\/#breadcrumb\",\"itemListElement\":[{\"@type\":\"ListItem\",\"position\":1,\"name\":\"Home\",\"item\":\"https:\/\/casadecampoliving.com\/es\/\"},{\"@type\":\"ListItem\",\"position\":2,\"name\":\"Juanes en Altos de Chav\u00f3n &#8211; \u00a1nueva fecha &#038; entradas!\"}]},{\"@type\":\"WebSite\",\"@id\":\"https:\/\/casadecampoliving.com\/es\/#website\",\"url\":\"https:\/\/casadecampoliving.com\/es\/\",\"name\":\"Casa de Campo Living\",\"description\":\"Resort community news and resources.\",\"publisher\":{\"@id\":\"https:\/\/casadecampoliving.com\/es\/#organization\"},\"potentialAction\":[{\"@type\":\"SearchAction\",\"target\":{\"@type\":\"EntryPoint\",\"urlTemplate\":\"https:\/\/casadecampoliving.com\/es\/?s={search_term_string}\"},\"query-input\":{\"@type\":\"PropertyValueSpecification\",\"valueRequired\":true,\"valueName\":\"search_term_string\"}}],\"inLanguage\":\"es\"},{\"@type\":\"Organization\",\"@id\":\"https:\/\/casadecampoliving.com\/es\/#organization\",\"name\":\"Casa de Campo Living\",\"url\":\"https:\/\/casadecampoliving.com\/es\/\",\"logo\":{\"@type\":\"ImageObject\",\"inLanguage\":\"es\",\"@id\":\"https:\/\/casadecampoliving.com\/es\/#\/schema\/logo\/image\/\",\"url\":\"https:\/\/i0.wp.com\/casadecampoliving.com\/wp-content\/uploads\/2022\/07\/CDCLivingLogo_V1-white-sized.png?fit=800%2C214&ssl=1\",\"contentUrl\":\"https:\/\/i0.wp.com\/casadecampoliving.com\/wp-content\/uploads\/2022\/07\/CDCLivingLogo_V1-white-sized.png?fit=800%2C214&ssl=1\",\"width\":800,\"height\":214,\"caption\":\"Casa de Campo Living\"},\"image\":{\"@id\":\"https:\/\/casadecampoliving.com\/es\/#\/schema\/logo\/image\/\"},\"sameAs\":[\"https:\/\/www.facebook.com\/casadecampoliving\",\"https:\/\/x.com\/cdcliving\"]},{\"@type\":\"Person\",\"@id\":\"https:\/\/casadecampoliving.com\/es\/#\/schema\/person\/8fc218930d06cbe215cf6c4fc64caa11\",\"name\":\"Maria Isabel B\u00e1ez\",\"image\":{\"@type\":\"ImageObject\",\"inLanguage\":\"es\",\"@id\":\"https:\/\/secure.gravatar.com\/avatar\/d6e25af8826ab9ae04e6fcc864034c13600a3a03fc45e4bd8fe7ab8c4d289c2a?s=96&d=mm&r=g\",\"url\":\"https:\/\/secure.gravatar.com\/avatar\/d6e25af8826ab9ae04e6fcc864034c13600a3a03fc45e4bd8fe7ab8c4d289c2a?s=96&d=mm&r=g\",\"contentUrl\":\"https:\/\/secure.gravatar.com\/avatar\/d6e25af8826ab9ae04e6fcc864034c13600a3a03fc45e4bd8fe7ab8c4d289c2a?s=96&d=mm&r=g\",\"caption\":\"Maria Isabel B\u00e1ez\"},\"url\":\"https:\/\/casadecampoliving.com\/es\/author\/mbaez\/\"}]}<\/script>\n<!-- \/ Yoast SEO plugin. -->","yoast_head_json":{"title":"Juanes en Altos de Chav\u00f3n - \u00a1nueva fecha & entradas! | Casa de Campo Living","description":"\u00bfEst\u00e1n emocionados por el concierto de Juanes en el anfiteatro de Altos Chav\u00f3n? Pues les tenemos grandes noticias \u2013 \u00a1la fecha oficial ha sido anunciada!","robots":{"index":"index","follow":"follow","max-snippet":"max-snippet:-1","max-image-preview":"max-image-preview:large","max-video-preview":"max-video-preview:-1"},"canonical":"https:\/\/casadecampoliving.com\/es\/juanes-en-altos-de-chavon-nueva-fecha-entradas\/","og_locale":"es_ES","og_type":"article","og_title":"Juanes en Altos de Chav\u00f3n - \u00a1nueva fecha & entradas! | Casa de Campo Living","og_description":"\u00bfEst\u00e1n emocionados por el concierto de Juanes en el anfiteatro de Altos Chav\u00f3n? Pues les tenemos grandes noticias \u2013 \u00a1la fecha oficial ha sido anunciada!","og_url":"https:\/\/casadecampoliving.com\/es\/juanes-en-altos-de-chavon-nueva-fecha-entradas\/","og_site_name":"Casa de Campo Living","article_publisher":"https:\/\/www.facebook.com\/casadecampoliving","article_published_time":"2014-09-17T04:00:00+00:00","article_modified_time":"2022-10-21T22:52:05+00:00","og_image":[{"width":1280,"height":960,"url":"https:\/\/i0.wp.com\/casadecampoliving.com\/wp-content\/uploads\/2022\/10\/juanes1-1.png?fit=1280%2C960&ssl=1","type":"image\/png"}],"author":"Maria Isabel B\u00e1ez","twitter_card":"summary_large_image","twitter_creator":"@cdcliving","twitter_site":"@cdcliving","twitter_misc":{"Escrito por":"Maria Isabel B\u00e1ez","Tiempo de lectura":"2 minutos"},"schema":{"@context":"https:\/\/schema.org","@graph":[{"@type":"Article","@id":"https:\/\/casadecampoliving.com\/es\/juanes-en-altos-de-chavon-nueva-fecha-entradas\/#article","isPartOf":{"@id":"https:\/\/casadecampoliving.com\/es\/juanes-en-altos-de-chavon-nueva-fecha-entradas\/"},"author":{"name":"Maria Isabel B\u00e1ez","@id":"https:\/\/casadecampoliving.com\/es\/#\/schema\/person\/8fc218930d06cbe215cf6c4fc64caa11"},"headline":"Juanes en Altos de Chav\u00f3n &#8211; \u00a1nueva fecha &#038; entradas!","datePublished":"2014-09-17T04:00:00+00:00","dateModified":"2022-10-21T22:52:05+00:00","mainEntityOfPage":{"@id":"https:\/\/casadecampoliving.com\/es\/juanes-en-altos-de-chavon-nueva-fecha-entradas\/"},"wordCount":414,"publisher":{"@id":"https:\/\/casadecampoliving.com\/es\/#organization"},"image":{"@id":"https:\/\/casadecampoliving.com\/es\/juanes-en-altos-de-chavon-nueva-fecha-entradas\/#primaryimage"},"thumbnailUrl":"https:\/\/i0.wp.com\/casadecampoliving.com\/wp-content\/uploads\/2022\/10\/juanes1-1.png?fit=1280%2C960&ssl=1","keywords":["Altos de Chavon","estadio francisco a micheli","quiereme como soy"],"articleSection":["Altos de Chavon @es","Casa de Campo Living @es","CCL presenta","Celebridades","Conciertos","Estilo de Vida","Eventos","Fundaciones","Noticias Locales","Proximamente","Rep\u00fablica Dominicana @es","Resort Casa de Campo","Titulares"],"inLanguage":"es"},{"@type":"WebPage","@id":"https:\/\/casadecampoliving.com\/es\/juanes-en-altos-de-chavon-nueva-fecha-entradas\/","url":"https:\/\/casadecampoliving.com\/es\/juanes-en-altos-de-chavon-nueva-fecha-entradas\/","name":"Juanes en Altos de Chav\u00f3n - \u00a1nueva fecha & entradas! | Casa de Campo Living","isPartOf":{"@id":"https:\/\/casadecampoliving.com\/es\/#website"},"primaryImageOfPage":{"@id":"https:\/\/casadecampoliving.com\/es\/juanes-en-altos-de-chavon-nueva-fecha-entradas\/#primaryimage"},"image":{"@id":"https:\/\/casadecampoliving.com\/es\/juanes-en-altos-de-chavon-nueva-fecha-entradas\/#primaryimage"},"thumbnailUrl":"https:\/\/i0.wp.com\/casadecampoliving.com\/wp-content\/uploads\/2022\/10\/juanes1-1.png?fit=1280%2C960&ssl=1","datePublished":"2014-09-17T04:00:00+00:00","dateModified":"2022-10-21T22:52:05+00:00","description":"\u00bfEst\u00e1n emocionados por el concierto de Juanes en el anfiteatro de Altos Chav\u00f3n? Pues les tenemos grandes noticias \u2013 \u00a1la fecha oficial ha sido anunciada!","breadcrumb":{"@id":"https:\/\/casadecampoliving.com\/es\/juanes-en-altos-de-chavon-nueva-fecha-entradas\/#breadcrumb"},"inLanguage":"es","potentialAction":[{"@type":"ReadAction","target":["https:\/\/casadecampoliving.com\/es\/juanes-en-altos-de-chavon-nueva-fecha-entradas\/"]}]},{"@type":"ImageObject","inLanguage":"es","@id":"https:\/\/casadecampoliving.com\/es\/juanes-en-altos-de-chavon-nueva-fecha-entradas\/#primaryimage","url":"https:\/\/i0.wp.com\/casadecampoliving.com\/wp-content\/uploads\/2022\/10\/juanes1-1.png?fit=1280%2C960&ssl=1","contentUrl":"https:\/\/i0.wp.com\/casadecampoliving.com\/wp-content\/uploads\/2022\/10\/juanes1-1.png?fit=1280%2C960&ssl=1","width":1280,"height":960,"caption":"juanes"},{"@type":"BreadcrumbList","@id":"https:\/\/casadecampoliving.com\/es\/juanes-en-altos-de-chavon-nueva-fecha-entradas\/#breadcrumb","itemListElement":[{"@type":"ListItem","position":1,"name":"Home","item":"https:\/\/casadecampoliving.com\/es\/"},{"@type":"ListItem","position":2,"name":"Juanes en Altos de Chav\u00f3n &#8211; \u00a1nueva fecha &#038; entradas!"}]},{"@type":"WebSite","@id":"https:\/\/casadecampoliving.com\/es\/#website","url":"https:\/\/casadecampoliving.com\/es\/","name":"Casa de Campo Living","description":"Resort community news and resources.","publisher":{"@id":"https:\/\/casadecampoliving.com\/es\/#organization"},"potentialAction":[{"@type":"SearchAction","target":{"@type":"EntryPoint","urlTemplate":"https:\/\/casadecampoliving.com\/es\/?s={search_term_string}"},"query-input":{"@type":"PropertyValueSpecification","valueRequired":true,"valueName":"search_term_string"}}],"inLanguage":"es"},{"@type":"Organization","@id":"https:\/\/casadecampoliving.com\/es\/#organization","name":"Casa de Campo Living","url":"https:\/\/casadecampoliving.com\/es\/","logo":{"@type":"ImageObject","inLanguage":"es","@id":"https:\/\/casadecampoliving.com\/es\/#\/schema\/logo\/image\/","url":"https:\/\/i0.wp.com\/casadecampoliving.com\/wp-content\/uploads\/2022\/07\/CDCLivingLogo_V1-white-sized.png?fit=800%2C214&ssl=1","contentUrl":"https:\/\/i0.wp.com\/casadecampoliving.com\/wp-content\/uploads\/2022\/07\/CDCLivingLogo_V1-white-sized.png?fit=800%2C214&ssl=1","width":800,"height":214,"caption":"Casa de Campo Living"},"image":{"@id":"https:\/\/casadecampoliving.com\/es\/#\/schema\/logo\/image\/"},"sameAs":["https:\/\/www.facebook.com\/casadecampoliving","https:\/\/x.com\/cdcliving"]},{"@type":"Person","@id":"https:\/\/casadecampoliving.com\/es\/#\/schema\/person\/8fc218930d06cbe215cf6c4fc64caa11","name":"Maria Isabel B\u00e1ez","image":{"@type":"ImageObject","inLanguage":"es","@id":"https:\/\/secure.gravatar.com\/avatar\/d6e25af8826ab9ae04e6fcc864034c13600a3a03fc45e4bd8fe7ab8c4d289c2a?s=96&d=mm&r=g","url":"https:\/\/secure.gravatar.com\/avatar\/d6e25af8826ab9ae04e6fcc864034c13600a3a03fc45e4bd8fe7ab8c4d289c2a?s=96&d=mm&r=g","contentUrl":"https:\/\/secure.gravatar.com\/avatar\/d6e25af8826ab9ae04e6fcc864034c13600a3a03fc45e4bd8fe7ab8c4d289c2a?s=96&d=mm&r=g","caption":"Maria Isabel B\u00e1ez"},"url":"https:\/\/casadecampoliving.com\/es\/author\/mbaez\/"}]}},"parsely":{"version":"1.1.0","canonical_url":"https:\/\/casadecampoliving.com\/es\/juanes-en-altos-de-chavon-nueva-fecha-entradas\/","smart_links":{"inbound":0,"outbound":0},"traffic_boost_suggestions_count":0,"meta":{"@context":"https:\/\/schema.org","@type":"NewsArticle","headline":"Juanes en Altos de Chav\u00f3n &#8211; \u00a1nueva fecha &#038; entradas!","url":"http:\/\/casadecampoliving.com\/es\/juanes-en-altos-de-chavon-nueva-fecha-entradas\/","mainEntityOfPage":{"@type":"WebPage","@id":"http:\/\/casadecampoliving.com\/es\/juanes-en-altos-de-chavon-nueva-fecha-entradas\/"},"thumbnailUrl":"https:\/\/i0.wp.com\/casadecampoliving.com\/wp-content\/uploads\/2022\/10\/juanes1-1.png?resize=150%2C150&ssl=1","image":{"@type":"ImageObject","url":"https:\/\/i0.wp.com\/casadecampoliving.com\/wp-content\/uploads\/2022\/10\/juanes1-1.png?fit=1280%2C960&ssl=1"},"articleSection":"Altos de Chavon @es","author":[{"@type":"Person","name":"Maria Isabel B\u00e1ez"}],"creator":["Maria Isabel B\u00e1ez"],"publisher":{"@type":"Organization","name":"Casa de Campo Living","logo":"https:\/\/casadecampoliving.com\/wp-content\/uploads\/2022\/07\/CDCLivingLogo_V1-white-sized.png"},"keywords":["altos de chavon","estadio francisco a micheli","quiereme como soy"],"dateCreated":"2014-09-17T04:00:00Z","datePublished":"2014-09-17T04:00:00Z","dateModified":"2022-10-21T22:52:05Z"},"rendered":"<script type=\"application\/ld+json\" class=\"wp-parsely-metadata\">{\"@context\":\"https:\\\/\\\/schema.org\",\"@type\":\"NewsArticle\",\"headline\":\"Juanes en Altos de Chav\\u00f3n &#8211; \\u00a1nueva fecha &#038; entradas!\",\"url\":\"http:\\\/\\\/casadecampoliving.com\\\/es\\\/juanes-en-altos-de-chavon-nueva-fecha-entradas\\\/\",\"mainEntityOfPage\":{\"@type\":\"WebPage\",\"@id\":\"http:\\\/\\\/casadecampoliving.com\\\/es\\\/juanes-en-altos-de-chavon-nueva-fecha-entradas\\\/\"},\"thumbnailUrl\":\"https:\\\/\\\/i0.wp.com\\\/casadecampoliving.com\\\/wp-content\\\/uploads\\\/2022\\\/10\\\/juanes1-1.png?resize=150%2C150&ssl=1\",\"image\":{\"@type\":\"ImageObject\",\"url\":\"https:\\\/\\\/i0.wp.com\\\/casadecampoliving.com\\\/wp-content\\\/uploads\\\/2022\\\/10\\\/juanes1-1.png?fit=1280%2C960&ssl=1\"},\"articleSection\":\"Altos de Chavon @es\",\"author\":[{\"@type\":\"Person\",\"name\":\"Maria Isabel B\\u00e1ez\"}],\"creator\":[\"Maria Isabel B\\u00e1ez\"],\"publisher\":{\"@type\":\"Organization\",\"name\":\"Casa de Campo Living\",\"logo\":\"https:\\\/\\\/casadecampoliving.com\\\/wp-content\\\/uploads\\\/2022\\\/07\\\/CDCLivingLogo_V1-white-sized.png\"},\"keywords\":[\"altos de chavon\",\"estadio francisco a micheli\",\"quiereme como soy\"],\"dateCreated\":\"2014-09-17T04:00:00Z\",\"datePublished\":\"2014-09-17T04:00:00Z\",\"dateModified\":\"2022-10-21T22:52:05Z\"}<\/script>","tracker_url":"https:\/\/cdn.parsely.com\/keys\/casadecampoliving.com\/p.js"},"jetpack_publicize_connections":[],"jetpack_featured_media_url":"https:\/\/i0.wp.com\/casadecampoliving.com\/wp-content\/uploads\/2022\/10\/juanes1-1.png?fit=1280%2C960&ssl=1","jetpack-related-posts":[{"id":433460,"url":"https:\/\/casadecampoliving.com\/es\/no-se-pierdan-el-increible-tributo-a-frank-sinatra-para-celebrar-el-40-aniversario-del-anfiteatro-altos-de-chavon\/","url_meta":{"origin":345382,"position":0},"title":"No se pierdan el incre\u00edble tributo a Frank Sinatra para celebrar el 40 aniversario del\u00a0Anfiteatro Altos de Chav\u00f3n","author":"Casa de Campo Living","date":"20 Oct, 2022","format":false,"excerpt":"Siendo uno de los escenarios m\u00e1s emblem\u00e1ticos del pa\u00eds, Casa de Campo Resort\u00ae & Villas celebra las cuatro d\u00e9cadas de aniversario de Altos de Chav\u00f3n con un tributo al gran Frank Sinatra, protagonizado por artistas invitados y una big band tal cual la que acompa\u00f1\u00f3 al artista hace 40 a\u00f1os\u2026","rel":"","context":"En \u00abUncategorized @es\u00bb","block_context":{"text":"Uncategorized @es","link":"https:\/\/casadecampoliving.com\/es\/category\/uncategorized-es\/"},"img":{"alt_text":"","src":"https:\/\/i0.wp.com\/casadecampoliving.com\/wp-content\/uploads\/2022\/10\/Tributo-Frank-Sinatra-Foto-Principal-Amaury-Sanchez-Danilo-Ginebra-Andres-Pichardo-y-Jose-Gabriel-Perez-.jpg?fit=1200%2C873&ssl=1&resize=350%2C200","width":350,"height":200,"srcset":"https:\/\/i0.wp.com\/casadecampoliving.com\/wp-content\/uploads\/2022\/10\/Tributo-Frank-Sinatra-Foto-Principal-Amaury-Sanchez-Danilo-Ginebra-Andres-Pichardo-y-Jose-Gabriel-Perez-.jpg?fit=1200%2C873&ssl=1&resize=350%2C200 1x, https:\/\/i0.wp.com\/casadecampoliving.com\/wp-content\/uploads\/2022\/10\/Tributo-Frank-Sinatra-Foto-Principal-Amaury-Sanchez-Danilo-Ginebra-Andres-Pichardo-y-Jose-Gabriel-Perez-.jpg?fit=1200%2C873&ssl=1&resize=525%2C300 1.5x, https:\/\/i0.wp.com\/casadecampoliving.com\/wp-content\/uploads\/2022\/10\/Tributo-Frank-Sinatra-Foto-Principal-Amaury-Sanchez-Danilo-Ginebra-Andres-Pichardo-y-Jose-Gabriel-Perez-.jpg?fit=1200%2C873&ssl=1&resize=700%2C400 2x, https:\/\/i0.wp.com\/casadecampoliving.com\/wp-content\/uploads\/2022\/10\/Tributo-Frank-Sinatra-Foto-Principal-Amaury-Sanchez-Danilo-Ginebra-Andres-Pichardo-y-Jose-Gabriel-Perez-.jpg?fit=1200%2C873&ssl=1&resize=1050%2C600 3x"},"classes":[]},{"id":348487,"url":"https:\/\/casadecampoliving.com\/es\/2016-altos-de-chavon-ricky-martin-chris-brown-juan-luis-guerra\/","url_meta":{"origin":345382,"position":1},"title":"2016 en Altos de Chav\u00f3n: Ricky Martin, Chris Brown y Juan Luis Guerra","author":"Carla Campos","date":"27 Oct, 2015","format":false,"excerpt":"\u00a1Ricky Martin, Chris Brown y Juan Luis Guerra vendr\u00e1n\u00a0al Anfiteatro de Altos de Chav\u00f3n! Gamal Hach\u00e9, co-productor del concierto de Enrique Iglesias programado para el pr\u00f3ximo s\u00e1bado, 7 de noviembre, ha confirmado que los tres artistas han reservado fecha para el 2016 a trav\u00e9s de su cuenta de Twitter. Casa\u2026","rel":"","context":"En \u00abAltos de Chavon @es\u00bb","block_context":{"text":"Altos de Chavon @es","link":"https:\/\/casadecampoliving.com\/category\/altos-de-chavon-es\/"},"img":{"alt_text":"concerts chavon 2016","src":"https:\/\/i0.wp.com\/casadecampoliving.com\/wp-content\/uploads\/2022\/10\/20125TourCCLV1-1.jpg?fit=650%2C450&ssl=1&resize=350%2C200","width":350,"height":200,"srcset":"https:\/\/i0.wp.com\/casadecampoliving.com\/wp-content\/uploads\/2022\/10\/20125TourCCLV1-1.jpg?fit=650%2C450&ssl=1&resize=350%2C200 1x, https:\/\/i0.wp.com\/casadecampoliving.com\/wp-content\/uploads\/2022\/10\/20125TourCCLV1-1.jpg?fit=650%2C450&ssl=1&resize=525%2C300 1.5x"},"classes":[]},{"id":347421,"url":"https:\/\/casadecampoliving.com\/es\/juan-luis-guerra-en-el-anfiteatro-altos-de-chavon\/","url_meta":{"origin":345382,"position":2},"title":"Juan Luis Guerra en el Anfiteatro Altos de Chav\u00f3n","author":"Perkin Agramonte","date":"21 May, 2015","format":false,"excerpt":"\u00a1Wow, esta si que es una buena noticia para los amantes de la buena m\u00fasica!\u00a0Casa de Campo Resort anuncia la presentaci\u00f3n del legendario cantautor dominicano Juan Luis Guerra en un concierto \u00fanico el s\u00e1bado 27 de Junio, en una producci\u00f3n especial que lo trae de regreso al Anfiteatro de Altos\u2026","rel":"","context":"En \u00abAltos de Chavon @es\u00bb","block_context":{"text":"Altos de Chavon @es","link":"https:\/\/casadecampoliving.com\/category\/altos-de-chavon-es\/"},"img":{"alt_text":"","src":"https:\/\/i0.wp.com\/casadecampoliving.com\/wp-content\/uploads\/2022\/10\/Juan_Luis_Guerra_Altos_de_Chavon-1.jpg?fit=650%2C412&ssl=1&resize=350%2C200","width":350,"height":200,"srcset":"https:\/\/i0.wp.com\/casadecampoliving.com\/wp-content\/uploads\/2022\/10\/Juan_Luis_Guerra_Altos_de_Chavon-1.jpg?fit=650%2C412&ssl=1&resize=350%2C200 1x, https:\/\/i0.wp.com\/casadecampoliving.com\/wp-content\/uploads\/2022\/10\/Juan_Luis_Guerra_Altos_de_Chavon-1.jpg?fit=650%2C412&ssl=1&resize=525%2C300 1.5x"},"classes":[]},{"id":348618,"url":"https:\/\/casadecampoliving.com\/es\/fechas-de-conciertos-de-juan-luis-guerra-y-ricky-martin\/","url_meta":{"origin":345382,"position":3},"title":"Fechas de conciertos de Juan Luis Guerra y Ricky Martin!","author":"Heather Lincoln","date":"16 Nov, 2015","format":false,"excerpt":"Hace unas semanas anunciamos que\u00a0Juan Luis Guerra, Ricky Martin y\u00a0Chris Brown ser\u00edan los pr\u00f3ximos conciertos a llevarse a cabo en Altos de Chav\u00f3n, y ahora contamos con la confirmaci\u00f3n de algunas fechas. Juan Luis Guerra se estar\u00e1 presentando\u00a0el 30 de diciembre, \u00a1y que manera de cerrar el 2015 con broche\u2026","rel":"","context":"En \u00abAltos de Chavon @es\u00bb","block_context":{"text":"Altos de Chavon @es","link":"https:\/\/casadecampoliving.com\/category\/altos-de-chavon-es\/"},"img":{"alt_text":"Juan Luis Guerra Chav\u00f3n","src":"https:\/\/i0.wp.com\/casadecampoliving.com\/wp-content\/uploads\/2022\/10\/DSC_01551-1-scaled.jpg?fit=1200%2C797&ssl=1&resize=350%2C200","width":350,"height":200,"srcset":"https:\/\/i0.wp.com\/casadecampoliving.com\/wp-content\/uploads\/2022\/10\/DSC_01551-1-scaled.jpg?fit=1200%2C797&ssl=1&resize=350%2C200 1x, https:\/\/i0.wp.com\/casadecampoliving.com\/wp-content\/uploads\/2022\/10\/DSC_01551-1-scaled.jpg?fit=1200%2C797&ssl=1&resize=525%2C300 1.5x, https:\/\/i0.wp.com\/casadecampoliving.com\/wp-content\/uploads\/2022\/10\/DSC_01551-1-scaled.jpg?fit=1200%2C797&ssl=1&resize=700%2C400 2x, https:\/\/i0.wp.com\/casadecampoliving.com\/wp-content\/uploads\/2022\/10\/DSC_01551-1-scaled.jpg?fit=1200%2C797&ssl=1&resize=1050%2C600 3x"},"classes":[]},{"id":345111,"url":"https:\/\/casadecampoliving.com\/es\/juanes-cantara-en-altos-de-chavon-este-noviembre\/","url_meta":{"origin":345382,"position":4},"title":"El anfiteatro Altos de Chav\u00f3n recibir\u00e1 a Juanes en concierto este noviembre!","author":"Daniela Medina","date":"13 Ago, 2014","format":false,"excerpt":"Juanes, el cantautor colombiano de pop latino y rock, es una figura en la lista principal para cantar el 15\u00a016 de noviembre en el anfiteatro Altos de Chav\u00f3n, en un concierto que formar\u00eda parte del evento anual conocido como \u201cQui\u00e9reme como Soy\u201d! Se pens\u00f3 en Juanes para hacer un show\u2026","rel":"","context":"En \u00abAltos de Chavon @es\u00bb","block_context":{"text":"Altos de Chavon @es","link":"https:\/\/casadecampoliving.com\/category\/altos-de-chavon-es\/"},"img":{"alt_text":"","src":"https:\/\/i0.wp.com\/casadecampoliving.com\/wp-content\/uploads\/2022\/10\/Juanes_FPML-1.jpg?fit=1024%2C680&ssl=1&resize=350%2C200","width":350,"height":200,"srcset":"https:\/\/i0.wp.com\/casadecampoliving.com\/wp-content\/uploads\/2022\/10\/Juanes_FPML-1.jpg?fit=1024%2C680&ssl=1&resize=350%2C200 1x, https:\/\/i0.wp.com\/casadecampoliving.com\/wp-content\/uploads\/2022\/10\/Juanes_FPML-1.jpg?fit=1024%2C680&ssl=1&resize=525%2C300 1.5x, https:\/\/i0.wp.com\/casadecampoliving.com\/wp-content\/uploads\/2022\/10\/Juanes_FPML-1.jpg?fit=1024%2C680&ssl=1&resize=700%2C400 2x"},"classes":[]},{"id":348161,"url":"https:\/\/casadecampoliving.com\/es\/enrique-iglesias-en-altos-de-chavon\/","url_meta":{"origin":345382,"position":5},"title":"Enrique Iglesias en Altos de Chav\u00f3n","author":"Felix Guerrero","date":"1 Sep, 2015","format":false,"excerpt":"\u00a1Buenas nuevas para los fans de Enrique Iglesias! El s\u00e1bado 7 de noviembre, el artista espa\u00f1ol tocar\u00e1 tierra Dominicana para el cierre de su Sex and Love Tour, su d\u00e9cimo tercera gira musical en promoci\u00f3n a su d\u00e9cimo \u00e1lbum de estudio \u201cSex And Love\u201d. Aunque Casa de Campo no ha\u2026","rel":"","context":"En \u00abAltos de Chavon @es\u00bb","block_context":{"text":"Altos de Chavon @es","link":"https:\/\/casadecampoliving.com\/category\/altos-de-chavon-es\/"},"img":{"alt_text":"Enrique Iglesias, Altos de Chavon","src":"https:\/\/i0.wp.com\/casadecampoliving.com\/wp-content\/uploads\/2022\/10\/Enrique_Iglesias_Altos_de_Chavon-1.jpg?fit=889%2C592&ssl=1&resize=350%2C200","width":350,"height":200,"srcset":"https:\/\/i0.wp.com\/casadecampoliving.com\/wp-content\/uploads\/2022\/10\/Enrique_Iglesias_Altos_de_Chavon-1.jpg?fit=889%2C592&ssl=1&resize=350%2C200 1x, https:\/\/i0.wp.com\/casadecampoliving.com\/wp-content\/uploads\/2022\/10\/Enrique_Iglesias_Altos_de_Chavon-1.jpg?fit=889%2C592&ssl=1&resize=525%2C300 1.5x, https:\/\/i0.wp.com\/casadecampoliving.com\/wp-content\/uploads\/2022\/10\/Enrique_Iglesias_Altos_de_Chavon-1.jpg?fit=889%2C592&ssl=1&resize=700%2C400 2x"},"classes":[]}],"jetpack_sharing_enabled":true,"_links":{"self":[{"href":"https:\/\/casadecampoliving.com\/es\/wp-json\/wp\/v2\/posts\/345382","targetHints":{"allow":["GET"]}}],"collection":[{"href":"https:\/\/casadecampoliving.com\/es\/wp-json\/wp\/v2\/posts"}],"about":[{"href":"https:\/\/casadecampoliving.com\/es\/wp-json\/wp\/v2\/types\/post"}],"author":[{"embeddable":true,"href":"https:\/\/casadecampoliving.com\/es\/wp-json\/wp\/v2\/users\/22010"}],"replies":[{"embeddable":true,"href":"https:\/\/casadecampoliving.com\/es\/wp-json\/wp\/v2\/comments?post=345382"}],"version-history":[{"count":1,"href":"https:\/\/casadecampoliving.com\/es\/wp-json\/wp\/v2\/posts\/345382\/revisions"}],"predecessor-version":[{"id":345383,"href":"https:\/\/casadecampoliving.com\/es\/wp-json\/wp\/v2\/posts\/345382\/revisions\/345383"}],"wp:featuredmedia":[{"embeddable":true,"href":"https:\/\/casadecampoliving.com\/es\/wp-json\/wp\/v2\/media\/274964"}],"wp:attachment":[{"href":"https:\/\/casadecampoliving.com\/es\/wp-json\/wp\/v2\/media?parent=345382"}],"wp:term":[{"taxonomy":"category","embeddable":true,"href":"https:\/\/casadecampoliving.com\/es\/wp-json\/wp\/v2\/categories?post=345382"},{"taxonomy":"post_tag","embeddable":true,"href":"https:\/\/casadecampoliving.com\/es\/wp-json\/wp\/v2\/tags?post=345382"},{"taxonomy":"newspack_spnsrs_tax","embeddable":true,"href":"https:\/\/casadecampoliving.com\/es\/wp-json\/wp\/v2\/newspack_spnsrs_tax?post=345382"}],"curies":[{"name":"wp","href":"https:\/\/api.w.org\/{rel}","templated":true}]}}