{"id":345372,"date":"2014-09-16T00:00:00","date_gmt":"2014-09-16T04:00:00","guid":{"rendered":"https:\/\/casadecampoliving.com\/el-vuelo-de-las-mariposas-amarillas\/"},"modified":"2022-10-21T18:51:36","modified_gmt":"2022-10-21T22:51:36","slug":"el-vuelo-de-las-mariposas-amarillas","status":"publish","type":"post","link":"https:\/\/casadecampoliving.com\/es\/el-vuelo-de-las-mariposas-amarillas\/","title":{"rendered":"El vuelo de las mariposas amarillas"},"content":{"rendered":"<div class=\"wp-block-image\">\n<figure class=\"aligncenter is-resized\"><img loading=\"lazy\" decoding=\"async\" src=\"https:\/\/i0.wp.com\/casadecampoliving.com\/wp-content\/uploads\/2022\/10\/statira_sulphur_butterfly-1024x767-2.jpg?resize=650%2C487&amp;ssl=1\" alt=\"Statira Sulphur butterfly\" class=\"wp-image-97720\" height=\"487\" width=\"650\"\/><\/figure>\n<\/div>\n\n\n<p>Estamos una vez m\u00e1s en esa bella \u00e9poca del a\u00f1o \u2013 \u00a1cuando el aire se llena con el revoloteo majestuoso de mariposas amarillas!<\/p>\n\n\n\n<!--more-->\n\n\n\n<p>El pasado s\u00e1bado (13 de septiembre) fue la primera vez que lo not\u00e9.&nbsp;Desde la terraza de Crema en La Romana vi un enjambre de mariposas amarillas volando por toda la calle. \u00a1Y ahora las veo por todos lados! Bailan con la brisa por todo Casa de Campo y son especialmente abundantes en Altos de Chav\u00f3n en donde parece que aman el \u00e1rbol ubicado en la Plaza Chav\u00f3n.<\/p>\n\n\n\n<h3 class=\"wp-block-heading\">\u00bfQu\u00e9 son?<\/h3>\n\n\n\n<p>El nombre de esta misteriosa mariposa amarilla es <strong>Statira de Azufre<\/strong>, o <em>Aphrissa statira<\/em>, y es una especie de lepid\u00f3pteros de la familia <em>Pieridae<\/em>. Esta especie de mariposa es nativa de la Rep\u00fablica Dominicana y se puede encontrar en el Continente Americano de Texas y Florida hasta la Argentina.<\/p>\n\n\n\n<p>El g\u00e9nero&nbsp;femenino y masculino&nbsp;de la mariposa Statira Azufre tienen apariencias distintas. El Statira de Azufre macho es amarillo y amarillo verdoso, mientras que la hembra es un amarillo m\u00e1s brillante con una mancha negra, m\u00e1rgenes negras en sus alas y una \u00e1pex negra. No s\u00e9 por qu\u00e9, pero la mayor\u00eda de las mariposas que estamos viendo son de g\u00e9nero masculino, \u00a1aunque he visto 1 o 2 hembras color amarillo brillante en la multitud!<\/p>\n\n\n\n<p>La Statira de Azufre le gusta comer el n\u00e9ctar de las plantas de color rojo, lo cual explica por qu\u00e9 hay tantas en el \u00e1rbol de la Plaza Chav\u00f3n \u2013 actualmente est\u00e1 lleno de un tipo de peque\u00f1as bayas rojas.<\/p>\n\n\n<div class=\"wp-block-image\">\n<figure class=\"aligncenter is-resized\"><img loading=\"lazy\" decoding=\"async\" src=\"https:\/\/i0.wp.com\/casadecampoliving.com\/wp-content\/uploads\/2022\/10\/statira_sulphur_butterfly1-1024x768-2.jpg?resize=650%2C488&amp;ssl=1\" alt=\"Statira Sulphur butterfly\" class=\"wp-image-97721\" height=\"488\" width=\"650\"\/><\/figure>\n<\/div>\n\n\n<h3 class=\"wp-block-heading\">\u00bfEntonces, qu\u00e9 est\u00e1n haciendo?<\/h3>\n\n\n\n<p>Aunque sea dif\u00edcil realmente decir lo que est\u00e1 aconteciendo, la Statira de Azufre es&nbsp;firme en el comportamiento migratorio- volando&nbsp;r\u00edo arriba en la \u00faltima parte de la temporada seca, y r\u00edo abajo hacia el mar en la temporada de lluvias.<\/p>\n\n\n\n<p>Esto sugiere que ha estado lloviendo mucho recientemente aqu\u00ed en la Rep\u00fablica Dominicana, la Statira de Azufre est\u00e1 migrando r\u00edo abajo hacia el mar, lo cual explica porque de repente estamos viendo tantas en Altos de Chav\u00f3n y La Romana.<\/p>\n\n\n\n<p><a href=\"https:\/\/casadecampoliving.com\/es\/flores-y-mariposas\/\">Haga clic aqu\u00ed para leer m\u00e1s acerca de las mariposas que regularmente se ven en la Rep\u00fablica Dominicana.&nbsp;<\/a><\/p>\n\n\n\n<h3 class=\"wp-block-heading\">Fuentes:<\/h3>\n\n\n\n<p>http:\/\/en.wikipedia.org\/wiki\/Aphrissa_statira<\/p>\n\n\n\n<p>http:\/\/www.learnaboutbutterflies.com\/Amazon%20-%20Aphrissa%20statira.htm<\/p>\n","protected":false},"excerpt":{"rendered":"<p>Estamos una vez m\u00e1s en esa bella \u00e9poca del a\u00f1o \u2013 \u00a1cuando el aire se llena con el revoloteo majestuoso de mariposas amarillas!<\/p>\n","protected":false},"author":23245,"featured_media":274833,"comment_status":"closed","ping_status":"closed","sticky":false,"template":"","format":"standard","meta":{"newspack_ads_suppress_ads":false,"newspack_popups_has_disabled_popups":false,"newspack_sponsor_sponsorship_scope":"","newspack_sponsor_native_byline_display":"inherit","newspack_sponsor_native_category_display":"inherit","newspack_sponsor_underwriter_style":"inherit","newspack_sponsor_underwriter_placement":"inherit","_newspack_byline_active":false,"_newspack_byline":"","newspack_hide_updated_date":false,"newspack_show_updated_date":false,"newspack_content_restriction_is_exempt":false,"newspack_featured_image_position":"","newspack_post_subtitle":"","newspack_article_summary_title":"Overview:","newspack_article_summary":"","_jetpack_memberships_contains_paid_content":false,"footnotes":"","jetpack_publicize_message":"","jetpack_publicize_feature_enabled":true,"jetpack_social_post_already_shared":false,"jetpack_social_options":{"image_generator_settings":{"template":"highway","default_image_id":0,"font":"","enabled":false},"version":2},"_wpas_customize_per_network":false},"categories":[26819,26936,26951,2524,14631,2507,2506,9719,14625,2521],"tags":[3926,6791,14777],"newspack_spnsrs_tax":[],"class_list":["post-345372","post","type-post","status-publish","format-standard","has-post-thumbnail","hentry","category-altos-de-chavon-es","category-casa-de-campo-living-es","category-ccl-presenta","category-destacados","category-estilo-de-vida","category-la-romana-es","category-mas-alla-de-casa-es","category-naturaleza-y-fauna","category-noticias-locales","category-republica-dominicana-2","tag-altos-de-chavones","tag-la-romanaes","tag-republica-dominicana-es-18","entry"],"yoast_head":"<!-- This site is optimized with the Yoast SEO plugin v27.4 - https:\/\/yoast.com\/product\/yoast-seo-wordpress\/ -->\n<title>El vuelo de las mariposas amarillas | Casa de Campo Living<\/title>\n<meta name=\"description\" content=\"Estamos una vez m\u00e1s en esa bella \u00e9poca del a\u00f1o \u2013 \u00a1cuando el aire se llena con el revoloteo majestuoso de mariposas amarillas! El pasado s\u00e1bado (13 de\" \/>\n<meta name=\"robots\" content=\"index, follow, max-snippet:-1, max-image-preview:large, max-video-preview:-1\" \/>\n<link rel=\"canonical\" href=\"https:\/\/casadecampoliving.com\/es\/el-vuelo-de-las-mariposas-amarillas\/\" \/>\n<meta property=\"og:locale\" content=\"es_ES\" \/>\n<meta property=\"og:type\" content=\"article\" \/>\n<meta property=\"og:title\" content=\"El vuelo de las mariposas amarillas | Casa de Campo Living\" \/>\n<meta property=\"og:description\" content=\"Estamos una vez m\u00e1s en esa bella \u00e9poca del a\u00f1o \u2013 \u00a1cuando el aire se llena con el revoloteo majestuoso de mariposas amarillas! El pasado s\u00e1bado (13 de\" \/>\n<meta property=\"og:url\" content=\"https:\/\/casadecampoliving.com\/es\/el-vuelo-de-las-mariposas-amarillas\/\" \/>\n<meta property=\"og:site_name\" content=\"Casa de Campo Living\" \/>\n<meta property=\"article:publisher\" content=\"https:\/\/www.facebook.com\/casadecampoliving\" \/>\n<meta property=\"article:published_time\" content=\"2014-09-16T04:00:00+00:00\" \/>\n<meta property=\"article:modified_time\" content=\"2022-10-21T22:51:36+00:00\" \/>\n<meta property=\"og:image\" content=\"https:\/\/i0.wp.com\/casadecampoliving.com\/wp-content\/uploads\/2022\/10\/statira_sulphur_butterfly1-1.jpg?fit=1192%2C894&ssl=1\" \/>\n\t<meta property=\"og:image:width\" content=\"1192\" \/>\n\t<meta property=\"og:image:height\" content=\"894\" \/>\n\t<meta property=\"og:image:type\" content=\"image\/jpeg\" \/>\n<meta name=\"author\" content=\"Daniela Medina\" \/>\n<meta name=\"twitter:card\" content=\"summary_large_image\" \/>\n<meta name=\"twitter:creator\" content=\"@cdcliving\" \/>\n<meta name=\"twitter:site\" content=\"@cdcliving\" \/>\n<meta name=\"twitter:label1\" content=\"Escrito por\" \/>\n\t<meta name=\"twitter:data1\" content=\"Daniela Medina\" \/>\n\t<meta name=\"twitter:label2\" content=\"Tiempo de lectura\" \/>\n\t<meta name=\"twitter:data2\" content=\"2 minutos\" \/>\n<script type=\"application\/ld+json\" class=\"yoast-schema-graph\">{\"@context\":\"https:\\\/\\\/schema.org\",\"@graph\":[{\"@type\":\"Article\",\"@id\":\"https:\\\/\\\/casadecampoliving.com\\\/es\\\/el-vuelo-de-las-mariposas-amarillas\\\/#article\",\"isPartOf\":{\"@id\":\"https:\\\/\\\/casadecampoliving.com\\\/es\\\/el-vuelo-de-las-mariposas-amarillas\\\/\"},\"author\":{\"name\":\"Daniela Medina\",\"@id\":\"https:\\\/\\\/casadecampoliving.com\\\/es\\\/#\\\/schema\\\/person\\\/20e49d1b22266dc2b8f020b38201bd4e\"},\"headline\":\"El vuelo de las mariposas amarillas\",\"datePublished\":\"2014-09-16T04:00:00+00:00\",\"dateModified\":\"2022-10-21T22:51:36+00:00\",\"mainEntityOfPage\":{\"@id\":\"https:\\\/\\\/casadecampoliving.com\\\/es\\\/el-vuelo-de-las-mariposas-amarillas\\\/\"},\"wordCount\":408,\"publisher\":{\"@id\":\"https:\\\/\\\/casadecampoliving.com\\\/es\\\/#organization\"},\"image\":{\"@id\":\"https:\\\/\\\/casadecampoliving.com\\\/es\\\/el-vuelo-de-las-mariposas-amarillas\\\/#primaryimage\"},\"thumbnailUrl\":\"https:\\\/\\\/i0.wp.com\\\/casadecampoliving.com\\\/wp-content\\\/uploads\\\/2022\\\/10\\\/statira_sulphur_butterfly1-1.jpg?fit=1192%2C894&ssl=1\",\"keywords\":[\"altos de chavon@es\",\"la romana@es\",\"Republica Dominicana\"],\"articleSection\":[\"Altos de Chavon @es\",\"Casa de Campo Living @es\",\"CCL presenta\",\"Destacados\",\"Estilo de Vida\",\"La Romana @es\",\"M\u00e1s all\u00e1 de Casa\",\"Naturaleza y Fauna\",\"Noticias Locales\",\"Rep\u00fablica Dominicana @es\"],\"inLanguage\":\"es\"},{\"@type\":\"WebPage\",\"@id\":\"https:\\\/\\\/casadecampoliving.com\\\/es\\\/el-vuelo-de-las-mariposas-amarillas\\\/\",\"url\":\"https:\\\/\\\/casadecampoliving.com\\\/es\\\/el-vuelo-de-las-mariposas-amarillas\\\/\",\"name\":\"El vuelo de las mariposas amarillas | Casa de Campo Living\",\"isPartOf\":{\"@id\":\"https:\\\/\\\/casadecampoliving.com\\\/es\\\/#website\"},\"primaryImageOfPage\":{\"@id\":\"https:\\\/\\\/casadecampoliving.com\\\/es\\\/el-vuelo-de-las-mariposas-amarillas\\\/#primaryimage\"},\"image\":{\"@id\":\"https:\\\/\\\/casadecampoliving.com\\\/es\\\/el-vuelo-de-las-mariposas-amarillas\\\/#primaryimage\"},\"thumbnailUrl\":\"https:\\\/\\\/i0.wp.com\\\/casadecampoliving.com\\\/wp-content\\\/uploads\\\/2022\\\/10\\\/statira_sulphur_butterfly1-1.jpg?fit=1192%2C894&ssl=1\",\"datePublished\":\"2014-09-16T04:00:00+00:00\",\"dateModified\":\"2022-10-21T22:51:36+00:00\",\"description\":\"Estamos una vez m\u00e1s en esa bella \u00e9poca del a\u00f1o \u2013 \u00a1cuando el aire se llena con el revoloteo majestuoso de mariposas amarillas! El pasado s\u00e1bado (13 de\",\"breadcrumb\":{\"@id\":\"https:\\\/\\\/casadecampoliving.com\\\/es\\\/el-vuelo-de-las-mariposas-amarillas\\\/#breadcrumb\"},\"inLanguage\":\"es\",\"potentialAction\":[{\"@type\":\"ReadAction\",\"target\":[\"https:\\\/\\\/casadecampoliving.com\\\/es\\\/el-vuelo-de-las-mariposas-amarillas\\\/\"]}]},{\"@type\":\"ImageObject\",\"inLanguage\":\"es\",\"@id\":\"https:\\\/\\\/casadecampoliving.com\\\/es\\\/el-vuelo-de-las-mariposas-amarillas\\\/#primaryimage\",\"url\":\"https:\\\/\\\/i0.wp.com\\\/casadecampoliving.com\\\/wp-content\\\/uploads\\\/2022\\\/10\\\/statira_sulphur_butterfly1-1.jpg?fit=1192%2C894&ssl=1\",\"contentUrl\":\"https:\\\/\\\/i0.wp.com\\\/casadecampoliving.com\\\/wp-content\\\/uploads\\\/2022\\\/10\\\/statira_sulphur_butterfly1-1.jpg?fit=1192%2C894&ssl=1\",\"width\":1192,\"height\":894},{\"@type\":\"BreadcrumbList\",\"@id\":\"https:\\\/\\\/casadecampoliving.com\\\/es\\\/el-vuelo-de-las-mariposas-amarillas\\\/#breadcrumb\",\"itemListElement\":[{\"@type\":\"ListItem\",\"position\":1,\"name\":\"Home\",\"item\":\"https:\\\/\\\/casadecampoliving.com\\\/es\\\/\"},{\"@type\":\"ListItem\",\"position\":2,\"name\":\"El vuelo de las mariposas amarillas\"}]},{\"@type\":\"WebSite\",\"@id\":\"https:\\\/\\\/casadecampoliving.com\\\/es\\\/#website\",\"url\":\"https:\\\/\\\/casadecampoliving.com\\\/es\\\/\",\"name\":\"Casa de Campo Living\",\"description\":\"Resort community news and resources.\",\"publisher\":{\"@id\":\"https:\\\/\\\/casadecampoliving.com\\\/es\\\/#organization\"},\"potentialAction\":[{\"@type\":\"SearchAction\",\"target\":{\"@type\":\"EntryPoint\",\"urlTemplate\":\"https:\\\/\\\/casadecampoliving.com\\\/es\\\/?s={search_term_string}\"},\"query-input\":{\"@type\":\"PropertyValueSpecification\",\"valueRequired\":true,\"valueName\":\"search_term_string\"}}],\"inLanguage\":\"es\"},{\"@type\":\"Organization\",\"@id\":\"https:\\\/\\\/casadecampoliving.com\\\/es\\\/#organization\",\"name\":\"Casa de Campo Living\",\"url\":\"https:\\\/\\\/casadecampoliving.com\\\/es\\\/\",\"logo\":{\"@type\":\"ImageObject\",\"inLanguage\":\"es\",\"@id\":\"https:\\\/\\\/casadecampoliving.com\\\/es\\\/#\\\/schema\\\/logo\\\/image\\\/\",\"url\":\"https:\\\/\\\/i0.wp.com\\\/casadecampoliving.com\\\/wp-content\\\/uploads\\\/2022\\\/07\\\/CDCLivingLogo_V1-white-sized.png?fit=800%2C214&ssl=1\",\"contentUrl\":\"https:\\\/\\\/i0.wp.com\\\/casadecampoliving.com\\\/wp-content\\\/uploads\\\/2022\\\/07\\\/CDCLivingLogo_V1-white-sized.png?fit=800%2C214&ssl=1\",\"width\":800,\"height\":214,\"caption\":\"Casa de Campo Living\"},\"image\":{\"@id\":\"https:\\\/\\\/casadecampoliving.com\\\/es\\\/#\\\/schema\\\/logo\\\/image\\\/\"},\"sameAs\":[\"https:\\\/\\\/www.facebook.com\\\/casadecampoliving\",\"https:\\\/\\\/x.com\\\/cdcliving\"]},{\"@type\":\"Person\",\"@id\":\"https:\\\/\\\/casadecampoliving.com\\\/es\\\/#\\\/schema\\\/person\\\/20e49d1b22266dc2b8f020b38201bd4e\",\"name\":\"Daniela Medina\",\"image\":{\"@type\":\"ImageObject\",\"inLanguage\":\"es\",\"@id\":\"https:\\\/\\\/secure.gravatar.com\\\/avatar\\\/65aa8415724474307d634c8364a0bd8ee551c4f0f01f2ffcc53e5a9856cb7369?s=96&d=mm&r=g\",\"url\":\"https:\\\/\\\/secure.gravatar.com\\\/avatar\\\/65aa8415724474307d634c8364a0bd8ee551c4f0f01f2ffcc53e5a9856cb7369?s=96&d=mm&r=g\",\"contentUrl\":\"https:\\\/\\\/secure.gravatar.com\\\/avatar\\\/65aa8415724474307d634c8364a0bd8ee551c4f0f01f2ffcc53e5a9856cb7369?s=96&d=mm&r=g\",\"caption\":\"Daniela Medina\"},\"url\":\"https:\\\/\\\/casadecampoliving.com\\\/es\\\/author\\\/dmedina\\\/\"}]}<\/script>\n<!-- \/ Yoast SEO plugin. -->","yoast_head_json":{"title":"El vuelo de las mariposas amarillas | Casa de Campo Living","description":"Estamos una vez m\u00e1s en esa bella \u00e9poca del a\u00f1o \u2013 \u00a1cuando el aire se llena con el revoloteo majestuoso de mariposas amarillas! El pasado s\u00e1bado (13 de","robots":{"index":"index","follow":"follow","max-snippet":"max-snippet:-1","max-image-preview":"max-image-preview:large","max-video-preview":"max-video-preview:-1"},"canonical":"https:\/\/casadecampoliving.com\/es\/el-vuelo-de-las-mariposas-amarillas\/","og_locale":"es_ES","og_type":"article","og_title":"El vuelo de las mariposas amarillas | Casa de Campo Living","og_description":"Estamos una vez m\u00e1s en esa bella \u00e9poca del a\u00f1o \u2013 \u00a1cuando el aire se llena con el revoloteo majestuoso de mariposas amarillas! El pasado s\u00e1bado (13 de","og_url":"https:\/\/casadecampoliving.com\/es\/el-vuelo-de-las-mariposas-amarillas\/","og_site_name":"Casa de Campo Living","article_publisher":"https:\/\/www.facebook.com\/casadecampoliving","article_published_time":"2014-09-16T04:00:00+00:00","article_modified_time":"2022-10-21T22:51:36+00:00","og_image":[{"width":1192,"height":894,"url":"https:\/\/i0.wp.com\/casadecampoliving.com\/wp-content\/uploads\/2022\/10\/statira_sulphur_butterfly1-1.jpg?fit=1192%2C894&ssl=1","type":"image\/jpeg"}],"author":"Daniela Medina","twitter_card":"summary_large_image","twitter_creator":"@cdcliving","twitter_site":"@cdcliving","twitter_misc":{"Escrito por":"Daniela Medina","Tiempo de lectura":"2 minutos"},"schema":{"@context":"https:\/\/schema.org","@graph":[{"@type":"Article","@id":"https:\/\/casadecampoliving.com\/es\/el-vuelo-de-las-mariposas-amarillas\/#article","isPartOf":{"@id":"https:\/\/casadecampoliving.com\/es\/el-vuelo-de-las-mariposas-amarillas\/"},"author":{"name":"Daniela Medina","@id":"https:\/\/casadecampoliving.com\/es\/#\/schema\/person\/20e49d1b22266dc2b8f020b38201bd4e"},"headline":"El vuelo de las mariposas amarillas","datePublished":"2014-09-16T04:00:00+00:00","dateModified":"2022-10-21T22:51:36+00:00","mainEntityOfPage":{"@id":"https:\/\/casadecampoliving.com\/es\/el-vuelo-de-las-mariposas-amarillas\/"},"wordCount":408,"publisher":{"@id":"https:\/\/casadecampoliving.com\/es\/#organization"},"image":{"@id":"https:\/\/casadecampoliving.com\/es\/el-vuelo-de-las-mariposas-amarillas\/#primaryimage"},"thumbnailUrl":"https:\/\/i0.wp.com\/casadecampoliving.com\/wp-content\/uploads\/2022\/10\/statira_sulphur_butterfly1-1.jpg?fit=1192%2C894&ssl=1","keywords":["altos de chavon@es","la romana@es","Republica Dominicana"],"articleSection":["Altos de Chavon @es","Casa de Campo Living @es","CCL presenta","Destacados","Estilo de Vida","La Romana @es","M\u00e1s all\u00e1 de Casa","Naturaleza y Fauna","Noticias Locales","Rep\u00fablica Dominicana @es"],"inLanguage":"es"},{"@type":"WebPage","@id":"https:\/\/casadecampoliving.com\/es\/el-vuelo-de-las-mariposas-amarillas\/","url":"https:\/\/casadecampoliving.com\/es\/el-vuelo-de-las-mariposas-amarillas\/","name":"El vuelo de las mariposas amarillas | Casa de Campo Living","isPartOf":{"@id":"https:\/\/casadecampoliving.com\/es\/#website"},"primaryImageOfPage":{"@id":"https:\/\/casadecampoliving.com\/es\/el-vuelo-de-las-mariposas-amarillas\/#primaryimage"},"image":{"@id":"https:\/\/casadecampoliving.com\/es\/el-vuelo-de-las-mariposas-amarillas\/#primaryimage"},"thumbnailUrl":"https:\/\/i0.wp.com\/casadecampoliving.com\/wp-content\/uploads\/2022\/10\/statira_sulphur_butterfly1-1.jpg?fit=1192%2C894&ssl=1","datePublished":"2014-09-16T04:00:00+00:00","dateModified":"2022-10-21T22:51:36+00:00","description":"Estamos una vez m\u00e1s en esa bella \u00e9poca del a\u00f1o \u2013 \u00a1cuando el aire se llena con el revoloteo majestuoso de mariposas amarillas! El pasado s\u00e1bado (13 de","breadcrumb":{"@id":"https:\/\/casadecampoliving.com\/es\/el-vuelo-de-las-mariposas-amarillas\/#breadcrumb"},"inLanguage":"es","potentialAction":[{"@type":"ReadAction","target":["https:\/\/casadecampoliving.com\/es\/el-vuelo-de-las-mariposas-amarillas\/"]}]},{"@type":"ImageObject","inLanguage":"es","@id":"https:\/\/casadecampoliving.com\/es\/el-vuelo-de-las-mariposas-amarillas\/#primaryimage","url":"https:\/\/i0.wp.com\/casadecampoliving.com\/wp-content\/uploads\/2022\/10\/statira_sulphur_butterfly1-1.jpg?fit=1192%2C894&ssl=1","contentUrl":"https:\/\/i0.wp.com\/casadecampoliving.com\/wp-content\/uploads\/2022\/10\/statira_sulphur_butterfly1-1.jpg?fit=1192%2C894&ssl=1","width":1192,"height":894},{"@type":"BreadcrumbList","@id":"https:\/\/casadecampoliving.com\/es\/el-vuelo-de-las-mariposas-amarillas\/#breadcrumb","itemListElement":[{"@type":"ListItem","position":1,"name":"Home","item":"https:\/\/casadecampoliving.com\/es\/"},{"@type":"ListItem","position":2,"name":"El vuelo de las mariposas amarillas"}]},{"@type":"WebSite","@id":"https:\/\/casadecampoliving.com\/es\/#website","url":"https:\/\/casadecampoliving.com\/es\/","name":"Casa de Campo Living","description":"Resort community news and resources.","publisher":{"@id":"https:\/\/casadecampoliving.com\/es\/#organization"},"potentialAction":[{"@type":"SearchAction","target":{"@type":"EntryPoint","urlTemplate":"https:\/\/casadecampoliving.com\/es\/?s={search_term_string}"},"query-input":{"@type":"PropertyValueSpecification","valueRequired":true,"valueName":"search_term_string"}}],"inLanguage":"es"},{"@type":"Organization","@id":"https:\/\/casadecampoliving.com\/es\/#organization","name":"Casa de Campo Living","url":"https:\/\/casadecampoliving.com\/es\/","logo":{"@type":"ImageObject","inLanguage":"es","@id":"https:\/\/casadecampoliving.com\/es\/#\/schema\/logo\/image\/","url":"https:\/\/i0.wp.com\/casadecampoliving.com\/wp-content\/uploads\/2022\/07\/CDCLivingLogo_V1-white-sized.png?fit=800%2C214&ssl=1","contentUrl":"https:\/\/i0.wp.com\/casadecampoliving.com\/wp-content\/uploads\/2022\/07\/CDCLivingLogo_V1-white-sized.png?fit=800%2C214&ssl=1","width":800,"height":214,"caption":"Casa de Campo Living"},"image":{"@id":"https:\/\/casadecampoliving.com\/es\/#\/schema\/logo\/image\/"},"sameAs":["https:\/\/www.facebook.com\/casadecampoliving","https:\/\/x.com\/cdcliving"]},{"@type":"Person","@id":"https:\/\/casadecampoliving.com\/es\/#\/schema\/person\/20e49d1b22266dc2b8f020b38201bd4e","name":"Daniela Medina","image":{"@type":"ImageObject","inLanguage":"es","@id":"https:\/\/secure.gravatar.com\/avatar\/65aa8415724474307d634c8364a0bd8ee551c4f0f01f2ffcc53e5a9856cb7369?s=96&d=mm&r=g","url":"https:\/\/secure.gravatar.com\/avatar\/65aa8415724474307d634c8364a0bd8ee551c4f0f01f2ffcc53e5a9856cb7369?s=96&d=mm&r=g","contentUrl":"https:\/\/secure.gravatar.com\/avatar\/65aa8415724474307d634c8364a0bd8ee551c4f0f01f2ffcc53e5a9856cb7369?s=96&d=mm&r=g","caption":"Daniela Medina"},"url":"https:\/\/casadecampoliving.com\/es\/author\/dmedina\/"}]}},"parsely":{"version":"1.1.0","canonical_url":"https:\/\/casadecampoliving.com\/es\/el-vuelo-de-las-mariposas-amarillas\/","smart_links":{"inbound":0,"outbound":0},"traffic_boost_suggestions_count":0,"meta":{"@context":"https:\/\/schema.org","@type":"NewsArticle","headline":"El vuelo de las mariposas amarillas","url":"http:\/\/casadecampoliving.com\/es\/el-vuelo-de-las-mariposas-amarillas\/","mainEntityOfPage":{"@type":"WebPage","@id":"http:\/\/casadecampoliving.com\/es\/el-vuelo-de-las-mariposas-amarillas\/"},"thumbnailUrl":"https:\/\/i0.wp.com\/casadecampoliving.com\/wp-content\/uploads\/2022\/10\/statira_sulphur_butterfly1-1.jpg?resize=150%2C150&ssl=1","image":{"@type":"ImageObject","url":"https:\/\/i0.wp.com\/casadecampoliving.com\/wp-content\/uploads\/2022\/10\/statira_sulphur_butterfly1-1.jpg?fit=1192%2C894&ssl=1"},"articleSection":"Altos de Chavon @es","author":[{"@type":"Person","name":"Daniela Medina"}],"creator":["Daniela Medina"],"publisher":{"@type":"Organization","name":"Casa de Campo Living","logo":"https:\/\/casadecampoliving.com\/wp-content\/uploads\/2022\/07\/CDCLivingLogo_V1-white-sized.png"},"keywords":["altos de chavon@es","la romana@es","republica dominicana"],"dateCreated":"2014-09-16T04:00:00Z","datePublished":"2014-09-16T04:00:00Z","dateModified":"2022-10-21T22:51:36Z"},"rendered":"<script type=\"application\/ld+json\" class=\"wp-parsely-metadata\">{\"@context\":\"https:\\\/\\\/schema.org\",\"@type\":\"NewsArticle\",\"headline\":\"El vuelo de las mariposas amarillas\",\"url\":\"http:\\\/\\\/casadecampoliving.com\\\/es\\\/el-vuelo-de-las-mariposas-amarillas\\\/\",\"mainEntityOfPage\":{\"@type\":\"WebPage\",\"@id\":\"http:\\\/\\\/casadecampoliving.com\\\/es\\\/el-vuelo-de-las-mariposas-amarillas\\\/\"},\"thumbnailUrl\":\"https:\\\/\\\/i0.wp.com\\\/casadecampoliving.com\\\/wp-content\\\/uploads\\\/2022\\\/10\\\/statira_sulphur_butterfly1-1.jpg?resize=150%2C150&ssl=1\",\"image\":{\"@type\":\"ImageObject\",\"url\":\"https:\\\/\\\/i0.wp.com\\\/casadecampoliving.com\\\/wp-content\\\/uploads\\\/2022\\\/10\\\/statira_sulphur_butterfly1-1.jpg?fit=1192%2C894&ssl=1\"},\"articleSection\":\"Altos de Chavon @es\",\"author\":[{\"@type\":\"Person\",\"name\":\"Daniela Medina\"}],\"creator\":[\"Daniela Medina\"],\"publisher\":{\"@type\":\"Organization\",\"name\":\"Casa de Campo Living\",\"logo\":\"https:\\\/\\\/casadecampoliving.com\\\/wp-content\\\/uploads\\\/2022\\\/07\\\/CDCLivingLogo_V1-white-sized.png\"},\"keywords\":[\"altos de chavon@es\",\"la romana@es\",\"republica dominicana\"],\"dateCreated\":\"2014-09-16T04:00:00Z\",\"datePublished\":\"2014-09-16T04:00:00Z\",\"dateModified\":\"2022-10-21T22:51:36Z\"}<\/script>","tracker_url":"https:\/\/cdn.parsely.com\/keys\/casadecampoliving.com\/p.js"},"jetpack_publicize_connections":[],"jetpack_featured_media_url":"https:\/\/i0.wp.com\/casadecampoliving.com\/wp-content\/uploads\/2022\/10\/statira_sulphur_butterfly1-1.jpg?fit=1192%2C894&ssl=1","jetpack-related-posts":[{"id":433460,"url":"https:\/\/casadecampoliving.com\/es\/no-se-pierdan-el-increible-tributo-a-frank-sinatra-para-celebrar-el-40-aniversario-del-anfiteatro-altos-de-chavon\/","url_meta":{"origin":345372,"position":0},"title":"No se pierdan el incre\u00edble tributo a Frank Sinatra para celebrar el 40 aniversario del\u00a0Anfiteatro Altos de Chav\u00f3n","author":"Casa de Campo Living","date":"20 Oct, 2022","format":false,"excerpt":"Siendo uno de los escenarios m\u00e1s emblem\u00e1ticos del pa\u00eds, Casa de Campo Resort\u00ae & Villas celebra las cuatro d\u00e9cadas de aniversario de Altos de Chav\u00f3n con un tributo al gran Frank Sinatra, protagonizado por artistas invitados y una big band tal cual la que acompa\u00f1\u00f3 al artista hace 40 a\u00f1os\u2026","rel":"","context":"En \u00abUncategorized @es\u00bb","block_context":{"text":"Uncategorized @es","link":"https:\/\/casadecampoliving.com\/es\/category\/uncategorized-es\/"},"img":{"alt_text":"","src":"https:\/\/i0.wp.com\/casadecampoliving.com\/wp-content\/uploads\/2022\/10\/Tributo-Frank-Sinatra-Foto-Principal-Amaury-Sanchez-Danilo-Ginebra-Andres-Pichardo-y-Jose-Gabriel-Perez-.jpg?fit=1200%2C873&ssl=1&resize=350%2C200","width":350,"height":200,"srcset":"https:\/\/i0.wp.com\/casadecampoliving.com\/wp-content\/uploads\/2022\/10\/Tributo-Frank-Sinatra-Foto-Principal-Amaury-Sanchez-Danilo-Ginebra-Andres-Pichardo-y-Jose-Gabriel-Perez-.jpg?fit=1200%2C873&ssl=1&resize=350%2C200 1x, https:\/\/i0.wp.com\/casadecampoliving.com\/wp-content\/uploads\/2022\/10\/Tributo-Frank-Sinatra-Foto-Principal-Amaury-Sanchez-Danilo-Ginebra-Andres-Pichardo-y-Jose-Gabriel-Perez-.jpg?fit=1200%2C873&ssl=1&resize=525%2C300 1.5x, https:\/\/i0.wp.com\/casadecampoliving.com\/wp-content\/uploads\/2022\/10\/Tributo-Frank-Sinatra-Foto-Principal-Amaury-Sanchez-Danilo-Ginebra-Andres-Pichardo-y-Jose-Gabriel-Perez-.jpg?fit=1200%2C873&ssl=1&resize=700%2C400 2x, https:\/\/i0.wp.com\/casadecampoliving.com\/wp-content\/uploads\/2022\/10\/Tributo-Frank-Sinatra-Foto-Principal-Amaury-Sanchez-Danilo-Ginebra-Andres-Pichardo-y-Jose-Gabriel-Perez-.jpg?fit=1200%2C873&ssl=1&resize=1050%2C600 3x"},"classes":[]},{"id":344680,"url":"https:\/\/casadecampoliving.com\/es\/flores-y-mariposas\/","url_meta":{"origin":345372,"position":1},"title":"Flores y mariposas, \u00a1es una parte bella del a\u00f1o!","author":"Katherine Calca\u00f1o","date":"26 Jun, 2014","format":false,"excerpt":"\u00bfSe han dado cuenta? Entre todos los bellos colores en los cuales se ha cubierto Casa de Campo gracias a las flores, \u00a1cientos de mariposas ahora se est\u00e1n uniendo al bello panorama! Se deben estar preguntando, \u00bfy que est\u00e1 pasando? Bueno, mientras tenemos el privilegio de tener mariposas aqu\u00ed en\u2026","rel":"","context":"En \u00abClima\u00bb","block_context":{"text":"Clima","link":"https:\/\/casadecampoliving.com\/es\/category\/clima-2\/"},"img":{"alt_text":"Monarch butterfly","src":"https:\/\/i0.wp.com\/casadecampoliving.com\/wp-content\/uploads\/2022\/10\/monarch_butterfly-1.jpg?fit=800%2C600&ssl=1&resize=350%2C200","width":350,"height":200,"srcset":"https:\/\/i0.wp.com\/casadecampoliving.com\/wp-content\/uploads\/2022\/10\/monarch_butterfly-1.jpg?fit=800%2C600&ssl=1&resize=350%2C200 1x, https:\/\/i0.wp.com\/casadecampoliving.com\/wp-content\/uploads\/2022\/10\/monarch_butterfly-1.jpg?fit=800%2C600&ssl=1&resize=525%2C300 1.5x, https:\/\/i0.wp.com\/casadecampoliving.com\/wp-content\/uploads\/2022\/10\/monarch_butterfly-1.jpg?fit=800%2C600&ssl=1&resize=700%2C400 2x"},"classes":[]},{"id":345497,"url":"https:\/\/casadecampoliving.com\/es\/9-senales-que-indican-que-el-otono-ha-llegado-casa-de-campo\/","url_meta":{"origin":345372,"position":2},"title":"9 se\u00f1ales que indican que el oto\u00f1o ha llegado a Casa de Campo","author":"Daniela Medina","date":"3 Oct, 2014","format":false,"excerpt":"Aunque t\u00e9cnicamente la Rep\u00fablica Dominicana s\u00f3lo cuenta con dos temporadas; la h\u00fameda y la seca\u2026 ahora que la temporada de oto\u00f1o ha iniciado oficialmente en los pa\u00edses del hemisferio norte, por eso pensamos que ser\u00eda divertido traer 9 se\u00f1ales de que el oto\u00f1o ha llegado a Casa de Campo. 1.\u2026","rel":"","context":"En \u00abAltos de Chavon @es\u00bb","block_context":{"text":"Altos de Chavon @es","link":"https:\/\/casadecampoliving.com\/category\/altos-de-chavon-es\/"},"img":{"alt_text":"","src":"https:\/\/i0.wp.com\/casadecampoliving.com\/wp-content\/uploads\/2022\/10\/9-signs-fall-has-arrived-to-CDC-1.png?fit=650%2C450&ssl=1&resize=350%2C200","width":350,"height":200,"srcset":"https:\/\/i0.wp.com\/casadecampoliving.com\/wp-content\/uploads\/2022\/10\/9-signs-fall-has-arrived-to-CDC-1.png?fit=650%2C450&ssl=1&resize=350%2C200 1x, https:\/\/i0.wp.com\/casadecampoliving.com\/wp-content\/uploads\/2022\/10\/9-signs-fall-has-arrived-to-CDC-1.png?fit=650%2C450&ssl=1&resize=525%2C300 1.5x"},"classes":[]},{"id":340475,"url":"https:\/\/casadecampoliving.com\/es\/tertulia-en-el-tiempo-de-las-mariposas-en-shine-jueves-24-de-enero\/","url_meta":{"origin":345372,"position":3},"title":"Tertulia \u00abEn el Tiempo de las Mariposas\u00bb en Shine &#8211; jueves 24 de enero!","author":"","date":"13 Ene, 2013","format":false,"excerpt":"Yanet Castillo, coordinadora del Museo Arqueol\u00f3gico Regional de Altos de Chav\u00f3n les invita a la primera tertulia sobre la hist\u00f3rica novela \u201cEn el Tiempo de las Mariposas\u201d,\u00a0de Julia \u00c1lvarez, la cual relata la historia de las hermanas Mirabal en tiempos de la tiran\u00eda de Rafael Le\u00f3nidas Trujillo en la Rep\u00fablica\u2026","rel":"","context":"En \u00abAltos de Chavon @es\u00bb","block_context":{"text":"Altos de Chavon @es","link":"https:\/\/casadecampoliving.com\/category\/altos-de-chavon-es\/"},"img":{"alt_text":"","src":"https:\/\/i0.wp.com\/casadecampoliving.com\/wp-content\/uploads\/2022\/10\/mirabal-sisters_-1.jpeg?fit=780%2C350&ssl=1&resize=350%2C200","width":350,"height":200,"srcset":"https:\/\/i0.wp.com\/casadecampoliving.com\/wp-content\/uploads\/2022\/10\/mirabal-sisters_-1.jpeg?fit=780%2C350&ssl=1&resize=350%2C200 1x, https:\/\/i0.wp.com\/casadecampoliving.com\/wp-content\/uploads\/2022\/10\/mirabal-sisters_-1.jpeg?fit=780%2C350&ssl=1&resize=525%2C300 1.5x, https:\/\/i0.wp.com\/casadecampoliving.com\/wp-content\/uploads\/2022\/10\/mirabal-sisters_-1.jpeg?fit=780%2C350&ssl=1&resize=700%2C400 2x"},"classes":[]},{"id":344936,"url":"https:\/\/casadecampoliving.com\/es\/noni-un-misterioso-fruto-verde-creciendo-en-altos-de-chavon\/","url_meta":{"origin":345372,"position":4},"title":"Noni, un misterioso fruto verde que crece en Altos de Chav\u00f3n","author":"Katherine Calca\u00f1o","date":"30 Jul, 2014","format":false,"excerpt":"Aqu\u00ed, en Casa de Campo Living siempre estamos en b\u00fasqueda de cosas interesantes para escribir, y hoy hemos descubierto un nuevo y maravilloso fruto, \u00a1el Noni!\u00a0 A lo mejor para muchos de ustedes, el \u201cnoni\u201d no sea tan extra\u00f1o, pero llevo viviendo en Casa de Campo casi 6 a\u00f1os y\u2026","rel":"","context":"En \u00abAltos de Chavon @es\u00bb","block_context":{"text":"Altos de Chavon @es","link":"https:\/\/casadecampoliving.com\/category\/altos-de-chavon-es\/"},"img":{"alt_text":"noni","src":"https:\/\/i0.wp.com\/casadecampoliving.com\/wp-content\/uploads\/2022\/10\/unnamed-1-3.jpg?fit=640%2C480&ssl=1&resize=350%2C200","width":350,"height":200,"srcset":"https:\/\/i0.wp.com\/casadecampoliving.com\/wp-content\/uploads\/2022\/10\/unnamed-1-3.jpg?fit=640%2C480&ssl=1&resize=350%2C200 1x, https:\/\/i0.wp.com\/casadecampoliving.com\/wp-content\/uploads\/2022\/10\/unnamed-1-3.jpg?fit=640%2C480&ssl=1&resize=525%2C300 1.5x"},"classes":[]},{"id":519453,"url":"https:\/\/casadecampoliving.com\/es\/meninas-dominicanas-juntas-por-primera-vez-en-altos-de-chavon\/","url_meta":{"origin":345372,"position":5},"title":"Meninas dominicanas juntas por primera vez en Altos de Chav\u00f3n","author":"Casa de Campo Living","date":"22 Jun, 2023","format":false,"excerpt":"El 21 de junio, CEPM, Evergo, Casa de Campo y Altos de Chav\u00f3n inauguraron la tan esperada exposici\u00f3n de las Meninas dominicanas en Altos de Chav\u00f3n, Casa de Campo. Este evento hist\u00f3rico marca la primera vez que estas extraordinarias obras de arte se exhiben juntas y en este lugar emblem\u00e1tico,\u2026","rel":"","context":"En \u00abEstilo de Vida\u00bb","block_context":{"text":"Estilo de Vida","link":"https:\/\/casadecampoliving.com\/es\/category\/estilo-de-vida\/"},"img":{"alt_text":"","src":"https:\/\/i0.wp.com\/casadecampoliving.com\/wp-content\/uploads\/2023\/06\/Meninas-at-Altos-de-Chavon-60.jpg?fit=1200%2C800&ssl=1&resize=350%2C200","width":350,"height":200,"srcset":"https:\/\/i0.wp.com\/casadecampoliving.com\/wp-content\/uploads\/2023\/06\/Meninas-at-Altos-de-Chavon-60.jpg?fit=1200%2C800&ssl=1&resize=350%2C200 1x, https:\/\/i0.wp.com\/casadecampoliving.com\/wp-content\/uploads\/2023\/06\/Meninas-at-Altos-de-Chavon-60.jpg?fit=1200%2C800&ssl=1&resize=525%2C300 1.5x, https:\/\/i0.wp.com\/casadecampoliving.com\/wp-content\/uploads\/2023\/06\/Meninas-at-Altos-de-Chavon-60.jpg?fit=1200%2C800&ssl=1&resize=700%2C400 2x, https:\/\/i0.wp.com\/casadecampoliving.com\/wp-content\/uploads\/2023\/06\/Meninas-at-Altos-de-Chavon-60.jpg?fit=1200%2C800&ssl=1&resize=1050%2C600 3x"},"classes":[]}],"jetpack_sharing_enabled":true,"_links":{"self":[{"href":"https:\/\/casadecampoliving.com\/es\/wp-json\/wp\/v2\/posts\/345372","targetHints":{"allow":["GET"]}}],"collection":[{"href":"https:\/\/casadecampoliving.com\/es\/wp-json\/wp\/v2\/posts"}],"about":[{"href":"https:\/\/casadecampoliving.com\/es\/wp-json\/wp\/v2\/types\/post"}],"author":[{"embeddable":true,"href":"https:\/\/casadecampoliving.com\/es\/wp-json\/wp\/v2\/users\/23245"}],"replies":[{"embeddable":true,"href":"https:\/\/casadecampoliving.com\/es\/wp-json\/wp\/v2\/comments?post=345372"}],"version-history":[{"count":1,"href":"https:\/\/casadecampoliving.com\/es\/wp-json\/wp\/v2\/posts\/345372\/revisions"}],"predecessor-version":[{"id":345373,"href":"https:\/\/casadecampoliving.com\/es\/wp-json\/wp\/v2\/posts\/345372\/revisions\/345373"}],"wp:featuredmedia":[{"embeddable":true,"href":"https:\/\/casadecampoliving.com\/es\/wp-json\/wp\/v2\/media\/274833"}],"wp:attachment":[{"href":"https:\/\/casadecampoliving.com\/es\/wp-json\/wp\/v2\/media?parent=345372"}],"wp:term":[{"taxonomy":"category","embeddable":true,"href":"https:\/\/casadecampoliving.com\/es\/wp-json\/wp\/v2\/categories?post=345372"},{"taxonomy":"post_tag","embeddable":true,"href":"https:\/\/casadecampoliving.com\/es\/wp-json\/wp\/v2\/tags?post=345372"},{"taxonomy":"newspack_spnsrs_tax","embeddable":true,"href":"https:\/\/casadecampoliving.com\/es\/wp-json\/wp\/v2\/newspack_spnsrs_tax?post=345372"}],"curies":[{"name":"wp","href":"https:\/\/api.w.org\/{rel}","templated":true}]}}