{"id":345364,"date":"2014-09-21T00:00:00","date_gmt":"2014-09-21T04:00:00","guid":{"rendered":"https:\/\/casadecampoliving.com\/nuestro-camino-hacia-la-paz-e-independencia-una-breve-historia-de-la-republica-dominicana\/"},"modified":"2022-10-21T18:51:18","modified_gmt":"2022-10-21T22:51:18","slug":"nuestro-camino-hacia-la-paz-e-independencia-una-breve-historia-de-la-republica-dominicana","status":"publish","type":"post","link":"https:\/\/casadecampoliving.com\/es\/nuestro-camino-hacia-la-paz-e-independencia-una-breve-historia-de-la-republica-dominicana\/","title":{"rendered":"Nuestro camino hacia la paz e independencia; una breve historia de la Rep\u00fablica Dominicana"},"content":{"rendered":"<div class=\"wp-block-image\">\n<figure class=\"aligncenter is-resized\"><img loading=\"lazy\" decoding=\"async\" src=\"https:\/\/i0.wp.com\/casadecampoliving.com\/wp-content\/uploads\/2022\/10\/independencia_republica_dominicana_250_780-e1403281033859.jpg?resize=650%2C208&amp;ssl=1\" alt=\"restauracion_republica_dominicana\" class=\"wp-image-75753\" height=\"208\" width=\"650\"\/><\/figure>\n<\/div>\n\n\n<p>Casa de Campo es sin\u00f3nimo de paz y tranquilidad. Por eso en el d\u00eda de hoy celebramos el D\u00eda Internacional de la Paz y damos a gracias a aquellas personas, quienes lucharon por la independencia de la Rep\u00fablica Dominicana, &nbsp;trayendo paz a la isla La Hispaniola.<\/p>\n\n\n\n<!--more-->\n\n\n\n<p>El D\u00eda Internacional de la Paz fue establecido en 1981 por la <a href=\"http:\/\/www.un.org\/es\/comun\/docs\/?symbol=A\/RES\/36\/67\">resoluci\u00f3n 36\/67<\/a> de la Asamblea General para que coincidiera con la sesi\u00f3n de apertura de la misma, que se celebra anualmente el tercer martes de septiembre. El D\u00eda de la Paz se conmemor\u00f3 por primera vez en septiembre de 1982.<\/p>\n\n\n\n<blockquote class=\"wp-block-quote is-layout-flow wp-block-quote-is-layout-flow\"><p style=\"text-align: left;\"><em>La paz y la seguridad son fundamentos esenciales del progreso social y el desarrollo sostenible.<\/em><\/p><p style=\"text-align: right;\">Ban Ki-moon<br>\nSecretario General de las Naciones Unidas<\/p><\/blockquote>\n\n\n\n<p>As\u00ed que, en agradecimiento y honor aquellos que trajeron paz a esta hermosa isla del Caribe, aqu\u00ed les traemos una breve historia de la Rep\u00fablica Dominicana \u2013 nuestro camino hacia la paz e independencia.<\/p>\n\n\n\n<blockquote><h3>Una breve historia de la Rep\u00fablica Dominicana<\/h3><figure><img decoding=\"async\" loading=\"lazy\" class=\"aligncenter size-full wp-image-94300\" src=\"https:\/\/i0.wp.com\/casadecampoliving.com\/wp-content\/uploads\/2022\/10\/Dominican_Flag-e1406127971737.png?resize=650%2C377&amp;ssl=1\" alt=\"Dominican Flag\" width=\"650\" height=\"377\"><\/figure><p>Despu\u00e9s de que en 1492, gracias a las exploraciones de Crist\u00f3bal Col\u00f3n, se produjera el encuentro de m\u00faltiples culturas espa\u00f1olas, africanas y por supuesto de nuestros ta\u00ednos, durante el per\u00edodo de colonizaci\u00f3n espa\u00f1ola, la Rep\u00fablica Dominicana antes de ser libre e independiente de toda potencia extranjera fue sometida al mando de otras fuerzas en varias ocasiones.<\/p><p>Debido al desinter\u00e9s de Espa\u00f1a frente a la aparici\u00f3n de nuevas riquezas en M\u00e9xico, entre otros pa\u00edses, pronto se produjo una invasi\u00f3n francesa y revoluci\u00f3n haitiana que cambi\u00f3 el rumbo de nuestra historia. &nbsp;Tras la conciliaci\u00f3n entre esclavos y franceses, los espa\u00f1oles fueron derrotados por las fuerzas del general Toussaint Louverture, por lo que en 1795, Francia obtuvo el control de toda la isla por medio de los Tratados de Basilea y posteriormente la abolici\u00f3n de la esclavitud en 1801 con la llegada de Toussaint Louverture a Santo Domingo, en nombre de la Rep\u00fablica Francesa.<\/p><p>Pero luego de que la fuerza francesa regresara a su posici\u00f3n naval en Francia, los haitianos realizaron la invasi\u00f3n al pa\u00eds por Santiago y Moca,causando muerte y &nbsp;sometiendo a los habitantes del territorio a no hablar en castellano, renunciar a sus costumbres y culturas, con la intenci\u00f3n de que adoptaran las suyas.&nbsp;Dada la situaci\u00f3n, es en 1838 cuando Juan Pablo Duarte, oriundo de Santo Domingo, fund\u00f3 una sociedad secreta llamada La Trinitaria para terminar con el yugo haitiano con el apoyo de sus compa\u00f1eros, Mat\u00edas Ram\u00f3n Mella y Francisco del Rosario S\u00e1nchez.<\/p><figure><img decoding=\"async\" loading=\"lazy\" class=\"aligncenter size-full wp-image-79751\" src=\"https:\/\/i0.wp.com\/casadecampoliving.com\/wp-content\/uploads\/2022\/10\/dominican-flags-2.jpg?resize=650%2C374&amp;ssl=1\" alt=\"dominican flags\" width=\"650\" height=\"374\"><\/figure><p>En 1843 se aliaron con un movimiento haitiano para derrocar a Boyer (l\u00edder franc\u00e9s).&nbsp;Debido a sus pensamientos revolucionarios y lucha por la independencia dominicana, el nuevo presidente de Hait\u00ed, Charles Riviere-H\u00e9rard, exili\u00f3 y encarcel\u00f3 en Puerto Pr\u00edncipe a los principales trinitarios. Luego de que este se viera bien asustado, tras la rebeli\u00f3n y ataque de su gente, Charles se vio en la necesidad de liberar a Mella (por sus conocimientos y estrategias militares) y al resto de los Trinitarios, para encontrar respaldo.<\/p><p>Al mismo tiempo, Buenaventura B\u00e1ez, un exportador de caoba azuano y diputado en la Asamblea Nacional de Hait\u00ed, estaba negociando con el Consulado General de Francia para el establecimiento de un protectorado franc\u00e9s, pero en una oportuna insurrecci\u00f3n para adelantarse a B\u00e1ez, el 27 de febrero de 1844, los Trinitarios declararon su independencia de Hait\u00ed con el trabucazo realizado pro Mella en la puerta del Conde, las constantes proclamaciones de \u201cDios, Patria y Libertad\u201d y el momento clave en el que S\u00e1nchez iz\u00f3 la bandera dominicana por primera vez! &nbsp;Estos contaron con el apoyo de Pedro Santana, un rico ganadero de El Seibo quien comand\u00f3 un ej\u00e9rcito privado de peones que trabajaban en sus tierras.<\/p><p>A\u00fan cuando Hait\u00ed intent\u00f3 invadir de nuevo a la Rep\u00fablica Dominicana en varias ocasiones, \u00e9sta mantuvo su Independencia, al menos por los siguientes 17 a\u00f1os, gracias a la brillante idea de Pedro Santana, de anexar el pa\u00eds a Espa\u00f1a OTRA VEZ! \u2013 pero esa es una historia distinta! Pronto publicaremos m\u00e1s sobre esto!<\/p><p style=\"text-align: center;\"><strong><span style=\"text-decoration: underline;\">La Trinitaria<\/span><br>\n<\/strong><\/p><figure><img decoding=\"async\" loading=\"lazy\" class=\"aligncenter\" title=\"independencia_republica_dominicana\" src=\"https:\/\/i0.wp.com\/casadecampoliving.com\/wp-content\/uploads\/2022\/10\/independencia_republica_dominicana1.jpg?resize=500%2C380&amp;ssl=1\" alt=\"independencia republica dominicana\" width=\"500\" height=\"380\"><\/figure><p style=\"text-align: center;\">Francisco del Rosario S\u00e1nchez,&nbsp;Juan Pablo Duarte and&nbsp;Mat\u00edas Ram\u00f3n Mella<br>\n<\/p><p><strong>Juan Pablo Duarte<\/strong><\/p><p>Su nacimiento es conmemorado en la Rep\u00fablica Dominicana por ser uno de los Padres de la Patria. Hijo de Juan Jos\u00e9 Duarte Rodr\u00edguez y Manuela Diez Jim\u00e9nez, nacido en Santo Domino el 26 de enero de 1813, creci\u00f3 con una firme convicci\u00f3n y pensamiento de libertad. Su profundo amor por su Patria, le llev\u00f3 a fundar la sociedad secreta, La Trinitaria, con la que ideo y lider\u00f3 estrategias para terminar con la ocupaci\u00f3n haitiana y luchar por la Independencia de nuestra Rep\u00fablica Dominicana.<\/p><p>Cada a\u00f1o, los actos de celebraci\u00f3n de su natalicio incluyen una misa en la Iglesia Santa B\u00e1rbara, en la Zona Colonial, lugar en el que fue bautizado el Padre de la Patria y visitas de los dominicanos a la&nbsp;casa de Duarte en la zona colonial, donde naci\u00f3 el patricio, convertida desde 1967 en museo.<\/p><p><strong>Mat\u00edas Ram\u00f3n Mella<\/strong><\/p><p>Nacido el 25 de febrero de 1810 en Santo Domingo, &nbsp;Mat\u00edas Ram\u00f3n Mella fue pol\u00edtico, militar y miembro de la sociedad secreta La Trinitaria que traz\u00f3 las estrategias de batalla para proclamar la Independencia de la Rep\u00fablica. Se le recuerda como aquel que dispar\u00f3 el trabucazo en la Puerta de la Misericordia en la noche del 27 de febrero de 1844 \u2013 &nbsp;la declaraci\u00f3n oficial de la Guerra de Independencia de la represi\u00f3n Haitiana.<\/p><p><strong>Francisco del Rosario S\u00e1nchez<\/strong><\/p><p>Nacido el 9 de marzo de 1817 en Santo Domingo, se le recuerda tambi\u00e9n por pertenecer a la sociedad secreta La Trinitaria y se le conoce como uno de los Padres de la Patria por ser quien sustituy\u00f3 a Duarte, quien se exili\u00f3 por temor a ser encarcelado y tambi\u00e9n por ser el responsable de izar la bandera dominicana por primera vez &nbsp;en la noche del 27 de febrero de 1844, vociferando\u201dDios, Patria y Libertad\u201d!<\/p><\/blockquote>\n","protected":false},"excerpt":{"rendered":"<p>Casa de Campo es sin\u00f3nimo de paz y tranquilidad. Por eso en el d\u00eda de hoy celebramos el D\u00eda Internacional de la Paz y damos a gracias a aquellas personas, quienes lucharon por la independencia de la Rep\u00fablica Dominicana, &nbsp;trayendo paz a la isla La Hispaniola.<\/p>\n","protected":false},"author":1097,"featured_media":268108,"comment_status":"closed","ping_status":"closed","sticky":false,"template":"","format":"standard","meta":{"newspack_ads_suppress_ads":false,"newspack_popups_has_disabled_popups":false,"newspack_sponsor_sponsorship_scope":"","newspack_sponsor_native_byline_display":"inherit","newspack_sponsor_native_category_display":"inherit","newspack_sponsor_underwriter_style":"inherit","newspack_sponsor_underwriter_placement":"inherit","_newspack_byline_active":false,"_newspack_byline":"","newspack_hide_updated_date":false,"newspack_show_updated_date":false,"newspack_content_restriction_is_exempt":false,"newspack_featured_image_position":"","newspack_post_subtitle":"","newspack_article_summary_title":"Overview:","newspack_article_summary":"","_jetpack_memberships_contains_paid_content":false,"footnotes":"","jetpack_publicize_message":"","jetpack_publicize_feature_enabled":true,"jetpack_social_post_already_shared":false,"jetpack_social_options":{"image_generator_settings":{"template":"highway","default_image_id":0,"font":"","enabled":false},"version":2},"_wpas_customize_per_network":false},"categories":[26936,26951,2524,14631,14625,2521,26822],"tags":[8094,24387,6371,10407,14777],"newspack_spnsrs_tax":[],"class_list":["post-345364","post","type-post","status-publish","format-standard","has-post-thumbnail","hentry","category-casa-de-campo-living-es","category-ccl-presenta","category-destacados","category-estilo-de-vida","category-noticias-locales","category-republica-dominicana-2","category-resort-casa-de-campo","tag-casa-de-campo-community-es","tag-casa-de-campo-living-es","tag-casa-de-campo-resort-es","tag-dominican-republic-es","tag-republica-dominicana-es-18","entry"],"yoast_head":"<!-- This site is optimized with the Yoast SEO plugin v27.5 - https:\/\/yoast.com\/product\/yoast-seo-wordpress\/ -->\n<title>Nuestro camino hacia la paz e independencia; una breve historia de la Rep\u00fablica Dominicana | Casa de Campo Living<\/title>\n<meta name=\"description\" content=\"Casa de Campo es sin\u00f3nimo de paz y tranquilidad. Por eso en el d\u00eda de hoy celebramos el D\u00eda Internacional de la Paz y damos a gracias a aquellas personas,\" \/>\n<meta name=\"robots\" content=\"index, follow, max-snippet:-1, max-image-preview:large, max-video-preview:-1\" \/>\n<link rel=\"canonical\" href=\"https:\/\/casadecampoliving.com\/es\/nuestro-camino-hacia-la-paz-e-independencia-una-breve-historia-de-la-republica-dominicana\/\" \/>\n<meta property=\"og:locale\" content=\"es_ES\" \/>\n<meta property=\"og:type\" content=\"article\" \/>\n<meta property=\"og:title\" content=\"Nuestro camino hacia la paz e independencia; una breve historia de la Rep\u00fablica Dominicana | Casa de Campo Living\" \/>\n<meta property=\"og:description\" content=\"Casa de Campo es sin\u00f3nimo de paz y tranquilidad. Por eso en el d\u00eda de hoy celebramos el D\u00eda Internacional de la Paz y damos a gracias a aquellas personas,\" \/>\n<meta property=\"og:url\" content=\"https:\/\/casadecampoliving.com\/es\/nuestro-camino-hacia-la-paz-e-independencia-una-breve-historia-de-la-republica-dominicana\/\" \/>\n<meta property=\"og:site_name\" content=\"Casa de Campo Living\" \/>\n<meta property=\"article:publisher\" content=\"https:\/\/www.facebook.com\/casadecampoliving\" \/>\n<meta property=\"article:published_time\" content=\"2014-09-21T04:00:00+00:00\" \/>\n<meta property=\"article:modified_time\" content=\"2022-10-21T22:51:18+00:00\" \/>\n<meta property=\"og:image\" content=\"https:\/\/i0.wp.com\/casadecampoliving.com\/wp-content\/uploads\/2022\/10\/Dominican_Flag-e1406127971737-1.png?fit=650%2C377&ssl=1\" \/>\n\t<meta property=\"og:image:width\" content=\"650\" \/>\n\t<meta property=\"og:image:height\" content=\"377\" \/>\n\t<meta property=\"og:image:type\" content=\"image\/png\" \/>\n<meta name=\"author\" content=\"Perkin Agramonte\" \/>\n<meta name=\"twitter:card\" content=\"summary_large_image\" \/>\n<meta name=\"twitter:creator\" content=\"@cdcliving\" \/>\n<meta name=\"twitter:site\" content=\"@cdcliving\" \/>\n<meta name=\"twitter:label1\" content=\"Escrito por\" \/>\n\t<meta name=\"twitter:data1\" content=\"Perkin Agramonte\" \/>\n\t<meta name=\"twitter:label2\" content=\"Tiempo de lectura\" \/>\n\t<meta name=\"twitter:data2\" content=\"5 minutos\" \/>\n<script type=\"application\/ld+json\" class=\"yoast-schema-graph\">{\"@context\":\"https:\\\/\\\/schema.org\",\"@graph\":[{\"@type\":\"Article\",\"@id\":\"https:\\\/\\\/casadecampoliving.com\\\/es\\\/nuestro-camino-hacia-la-paz-e-independencia-una-breve-historia-de-la-republica-dominicana\\\/#article\",\"isPartOf\":{\"@id\":\"https:\\\/\\\/casadecampoliving.com\\\/es\\\/nuestro-camino-hacia-la-paz-e-independencia-una-breve-historia-de-la-republica-dominicana\\\/\"},\"author\":{\"name\":\"Perkin Agramonte\",\"@id\":\"https:\\\/\\\/casadecampoliving.com\\\/es\\\/#\\\/schema\\\/person\\\/c8efa6049510554b7d5fea078d728f72\"},\"headline\":\"Nuestro camino hacia la paz e independencia; una breve historia de la Rep\u00fablica Dominicana\",\"datePublished\":\"2014-09-21T04:00:00+00:00\",\"dateModified\":\"2022-10-21T22:51:18+00:00\",\"mainEntityOfPage\":{\"@id\":\"https:\\\/\\\/casadecampoliving.com\\\/es\\\/nuestro-camino-hacia-la-paz-e-independencia-una-breve-historia-de-la-republica-dominicana\\\/\"},\"wordCount\":1051,\"publisher\":{\"@id\":\"https:\\\/\\\/casadecampoliving.com\\\/es\\\/#organization\"},\"image\":{\"@id\":\"https:\\\/\\\/casadecampoliving.com\\\/es\\\/nuestro-camino-hacia-la-paz-e-independencia-una-breve-historia-de-la-republica-dominicana\\\/#primaryimage\"},\"thumbnailUrl\":\"https:\\\/\\\/i0.wp.com\\\/casadecampoliving.com\\\/wp-content\\\/uploads\\\/2022\\\/10\\\/Dominican_Flag-e1406127971737-1.png?fit=650%2C377&ssl=1\",\"keywords\":[\"Casa de Campo Community @es\",\"Casa de Campo Living\",\"casa de campo resort @es\",\"Dominican Republic @es\",\"Republica Dominicana\"],\"articleSection\":[\"Casa de Campo Living @es\",\"CCL presenta\",\"Destacados\",\"Estilo de Vida\",\"Noticias Locales\",\"Rep\u00fablica Dominicana @es\",\"Resort Casa de Campo\"],\"inLanguage\":\"es\"},{\"@type\":\"WebPage\",\"@id\":\"https:\\\/\\\/casadecampoliving.com\\\/es\\\/nuestro-camino-hacia-la-paz-e-independencia-una-breve-historia-de-la-republica-dominicana\\\/\",\"url\":\"https:\\\/\\\/casadecampoliving.com\\\/es\\\/nuestro-camino-hacia-la-paz-e-independencia-una-breve-historia-de-la-republica-dominicana\\\/\",\"name\":\"Nuestro camino hacia la paz e independencia; una breve historia de la Rep\u00fablica Dominicana | Casa de Campo Living\",\"isPartOf\":{\"@id\":\"https:\\\/\\\/casadecampoliving.com\\\/es\\\/#website\"},\"primaryImageOfPage\":{\"@id\":\"https:\\\/\\\/casadecampoliving.com\\\/es\\\/nuestro-camino-hacia-la-paz-e-independencia-una-breve-historia-de-la-republica-dominicana\\\/#primaryimage\"},\"image\":{\"@id\":\"https:\\\/\\\/casadecampoliving.com\\\/es\\\/nuestro-camino-hacia-la-paz-e-independencia-una-breve-historia-de-la-republica-dominicana\\\/#primaryimage\"},\"thumbnailUrl\":\"https:\\\/\\\/i0.wp.com\\\/casadecampoliving.com\\\/wp-content\\\/uploads\\\/2022\\\/10\\\/Dominican_Flag-e1406127971737-1.png?fit=650%2C377&ssl=1\",\"datePublished\":\"2014-09-21T04:00:00+00:00\",\"dateModified\":\"2022-10-21T22:51:18+00:00\",\"description\":\"Casa de Campo es sin\u00f3nimo de paz y tranquilidad. Por eso en el d\u00eda de hoy celebramos el D\u00eda Internacional de la Paz y damos a gracias a aquellas personas,\",\"breadcrumb\":{\"@id\":\"https:\\\/\\\/casadecampoliving.com\\\/es\\\/nuestro-camino-hacia-la-paz-e-independencia-una-breve-historia-de-la-republica-dominicana\\\/#breadcrumb\"},\"inLanguage\":\"es\",\"potentialAction\":[{\"@type\":\"ReadAction\",\"target\":[\"https:\\\/\\\/casadecampoliving.com\\\/es\\\/nuestro-camino-hacia-la-paz-e-independencia-una-breve-historia-de-la-republica-dominicana\\\/\"]}]},{\"@type\":\"ImageObject\",\"inLanguage\":\"es\",\"@id\":\"https:\\\/\\\/casadecampoliving.com\\\/es\\\/nuestro-camino-hacia-la-paz-e-independencia-una-breve-historia-de-la-republica-dominicana\\\/#primaryimage\",\"url\":\"https:\\\/\\\/i0.wp.com\\\/casadecampoliving.com\\\/wp-content\\\/uploads\\\/2022\\\/10\\\/Dominican_Flag-e1406127971737-1.png?fit=650%2C377&ssl=1\",\"contentUrl\":\"https:\\\/\\\/i0.wp.com\\\/casadecampoliving.com\\\/wp-content\\\/uploads\\\/2022\\\/10\\\/Dominican_Flag-e1406127971737-1.png?fit=650%2C377&ssl=1\",\"width\":650,\"height\":377,\"caption\":\"Dominican Flag\"},{\"@type\":\"BreadcrumbList\",\"@id\":\"https:\\\/\\\/casadecampoliving.com\\\/es\\\/nuestro-camino-hacia-la-paz-e-independencia-una-breve-historia-de-la-republica-dominicana\\\/#breadcrumb\",\"itemListElement\":[{\"@type\":\"ListItem\",\"position\":1,\"name\":\"Home\",\"item\":\"https:\\\/\\\/casadecampoliving.com\\\/es\\\/\"},{\"@type\":\"ListItem\",\"position\":2,\"name\":\"Nuestro camino hacia la paz e independencia; una breve historia de la Rep\u00fablica Dominicana\"}]},{\"@type\":\"WebSite\",\"@id\":\"https:\\\/\\\/casadecampoliving.com\\\/es\\\/#website\",\"url\":\"https:\\\/\\\/casadecampoliving.com\\\/es\\\/\",\"name\":\"Casa de Campo Living\",\"description\":\"Resort community news and resources.\",\"publisher\":{\"@id\":\"https:\\\/\\\/casadecampoliving.com\\\/es\\\/#organization\"},\"potentialAction\":[{\"@type\":\"SearchAction\",\"target\":{\"@type\":\"EntryPoint\",\"urlTemplate\":\"https:\\\/\\\/casadecampoliving.com\\\/es\\\/?s={search_term_string}\"},\"query-input\":{\"@type\":\"PropertyValueSpecification\",\"valueRequired\":true,\"valueName\":\"search_term_string\"}}],\"inLanguage\":\"es\"},{\"@type\":\"Organization\",\"@id\":\"https:\\\/\\\/casadecampoliving.com\\\/es\\\/#organization\",\"name\":\"Casa de Campo Living\",\"url\":\"https:\\\/\\\/casadecampoliving.com\\\/es\\\/\",\"logo\":{\"@type\":\"ImageObject\",\"inLanguage\":\"es\",\"@id\":\"https:\\\/\\\/casadecampoliving.com\\\/es\\\/#\\\/schema\\\/logo\\\/image\\\/\",\"url\":\"https:\\\/\\\/i0.wp.com\\\/casadecampoliving.com\\\/wp-content\\\/uploads\\\/2022\\\/07\\\/CDCLivingLogo_V1-white-sized.png?fit=800%2C214&ssl=1\",\"contentUrl\":\"https:\\\/\\\/i0.wp.com\\\/casadecampoliving.com\\\/wp-content\\\/uploads\\\/2022\\\/07\\\/CDCLivingLogo_V1-white-sized.png?fit=800%2C214&ssl=1\",\"width\":800,\"height\":214,\"caption\":\"Casa de Campo Living\"},\"image\":{\"@id\":\"https:\\\/\\\/casadecampoliving.com\\\/es\\\/#\\\/schema\\\/logo\\\/image\\\/\"},\"sameAs\":[\"https:\\\/\\\/www.facebook.com\\\/casadecampoliving\",\"https:\\\/\\\/x.com\\\/cdcliving\"]},{\"@type\":\"Person\",\"@id\":\"https:\\\/\\\/casadecampoliving.com\\\/es\\\/#\\\/schema\\\/person\\\/c8efa6049510554b7d5fea078d728f72\",\"name\":\"Perkin Agramonte\",\"image\":{\"@type\":\"ImageObject\",\"inLanguage\":\"es\",\"@id\":\"https:\\\/\\\/secure.gravatar.com\\\/avatar\\\/57bfdafcae55fb83dbb79a1585a9eab7f269b7720fb0b64cb9a4e0cd2962fa10?s=96&d=mm&r=g\",\"url\":\"https:\\\/\\\/secure.gravatar.com\\\/avatar\\\/57bfdafcae55fb83dbb79a1585a9eab7f269b7720fb0b64cb9a4e0cd2962fa10?s=96&d=mm&r=g\",\"contentUrl\":\"https:\\\/\\\/secure.gravatar.com\\\/avatar\\\/57bfdafcae55fb83dbb79a1585a9eab7f269b7720fb0b64cb9a4e0cd2962fa10?s=96&d=mm&r=g\",\"caption\":\"Perkin Agramonte\"},\"url\":\"https:\\\/\\\/casadecampoliving.com\\\/es\\\/author\\\/cagramonte\\\/\"}]}<\/script>\n<!-- \/ Yoast SEO plugin. -->","yoast_head_json":{"title":"Nuestro camino hacia la paz e independencia; una breve historia de la Rep\u00fablica Dominicana | Casa de Campo Living","description":"Casa de Campo es sin\u00f3nimo de paz y tranquilidad. Por eso en el d\u00eda de hoy celebramos el D\u00eda Internacional de la Paz y damos a gracias a aquellas personas,","robots":{"index":"index","follow":"follow","max-snippet":"max-snippet:-1","max-image-preview":"max-image-preview:large","max-video-preview":"max-video-preview:-1"},"canonical":"https:\/\/casadecampoliving.com\/es\/nuestro-camino-hacia-la-paz-e-independencia-una-breve-historia-de-la-republica-dominicana\/","og_locale":"es_ES","og_type":"article","og_title":"Nuestro camino hacia la paz e independencia; una breve historia de la Rep\u00fablica Dominicana | Casa de Campo Living","og_description":"Casa de Campo es sin\u00f3nimo de paz y tranquilidad. Por eso en el d\u00eda de hoy celebramos el D\u00eda Internacional de la Paz y damos a gracias a aquellas personas,","og_url":"https:\/\/casadecampoliving.com\/es\/nuestro-camino-hacia-la-paz-e-independencia-una-breve-historia-de-la-republica-dominicana\/","og_site_name":"Casa de Campo Living","article_publisher":"https:\/\/www.facebook.com\/casadecampoliving","article_published_time":"2014-09-21T04:00:00+00:00","article_modified_time":"2022-10-21T22:51:18+00:00","og_image":[{"width":650,"height":377,"url":"https:\/\/i0.wp.com\/casadecampoliving.com\/wp-content\/uploads\/2022\/10\/Dominican_Flag-e1406127971737-1.png?fit=650%2C377&ssl=1","type":"image\/png"}],"author":"Perkin Agramonte","twitter_card":"summary_large_image","twitter_creator":"@cdcliving","twitter_site":"@cdcliving","twitter_misc":{"Escrito por":"Perkin Agramonte","Tiempo de lectura":"5 minutos"},"schema":{"@context":"https:\/\/schema.org","@graph":[{"@type":"Article","@id":"https:\/\/casadecampoliving.com\/es\/nuestro-camino-hacia-la-paz-e-independencia-una-breve-historia-de-la-republica-dominicana\/#article","isPartOf":{"@id":"https:\/\/casadecampoliving.com\/es\/nuestro-camino-hacia-la-paz-e-independencia-una-breve-historia-de-la-republica-dominicana\/"},"author":{"name":"Perkin Agramonte","@id":"https:\/\/casadecampoliving.com\/es\/#\/schema\/person\/c8efa6049510554b7d5fea078d728f72"},"headline":"Nuestro camino hacia la paz e independencia; una breve historia de la Rep\u00fablica Dominicana","datePublished":"2014-09-21T04:00:00+00:00","dateModified":"2022-10-21T22:51:18+00:00","mainEntityOfPage":{"@id":"https:\/\/casadecampoliving.com\/es\/nuestro-camino-hacia-la-paz-e-independencia-una-breve-historia-de-la-republica-dominicana\/"},"wordCount":1051,"publisher":{"@id":"https:\/\/casadecampoliving.com\/es\/#organization"},"image":{"@id":"https:\/\/casadecampoliving.com\/es\/nuestro-camino-hacia-la-paz-e-independencia-una-breve-historia-de-la-republica-dominicana\/#primaryimage"},"thumbnailUrl":"https:\/\/i0.wp.com\/casadecampoliving.com\/wp-content\/uploads\/2022\/10\/Dominican_Flag-e1406127971737-1.png?fit=650%2C377&ssl=1","keywords":["Casa de Campo Community @es","Casa de Campo Living","casa de campo resort @es","Dominican Republic @es","Republica Dominicana"],"articleSection":["Casa de Campo Living @es","CCL presenta","Destacados","Estilo de Vida","Noticias Locales","Rep\u00fablica Dominicana @es","Resort Casa de Campo"],"inLanguage":"es"},{"@type":"WebPage","@id":"https:\/\/casadecampoliving.com\/es\/nuestro-camino-hacia-la-paz-e-independencia-una-breve-historia-de-la-republica-dominicana\/","url":"https:\/\/casadecampoliving.com\/es\/nuestro-camino-hacia-la-paz-e-independencia-una-breve-historia-de-la-republica-dominicana\/","name":"Nuestro camino hacia la paz e independencia; una breve historia de la Rep\u00fablica Dominicana | Casa de Campo Living","isPartOf":{"@id":"https:\/\/casadecampoliving.com\/es\/#website"},"primaryImageOfPage":{"@id":"https:\/\/casadecampoliving.com\/es\/nuestro-camino-hacia-la-paz-e-independencia-una-breve-historia-de-la-republica-dominicana\/#primaryimage"},"image":{"@id":"https:\/\/casadecampoliving.com\/es\/nuestro-camino-hacia-la-paz-e-independencia-una-breve-historia-de-la-republica-dominicana\/#primaryimage"},"thumbnailUrl":"https:\/\/i0.wp.com\/casadecampoliving.com\/wp-content\/uploads\/2022\/10\/Dominican_Flag-e1406127971737-1.png?fit=650%2C377&ssl=1","datePublished":"2014-09-21T04:00:00+00:00","dateModified":"2022-10-21T22:51:18+00:00","description":"Casa de Campo es sin\u00f3nimo de paz y tranquilidad. Por eso en el d\u00eda de hoy celebramos el D\u00eda Internacional de la Paz y damos a gracias a aquellas personas,","breadcrumb":{"@id":"https:\/\/casadecampoliving.com\/es\/nuestro-camino-hacia-la-paz-e-independencia-una-breve-historia-de-la-republica-dominicana\/#breadcrumb"},"inLanguage":"es","potentialAction":[{"@type":"ReadAction","target":["https:\/\/casadecampoliving.com\/es\/nuestro-camino-hacia-la-paz-e-independencia-una-breve-historia-de-la-republica-dominicana\/"]}]},{"@type":"ImageObject","inLanguage":"es","@id":"https:\/\/casadecampoliving.com\/es\/nuestro-camino-hacia-la-paz-e-independencia-una-breve-historia-de-la-republica-dominicana\/#primaryimage","url":"https:\/\/i0.wp.com\/casadecampoliving.com\/wp-content\/uploads\/2022\/10\/Dominican_Flag-e1406127971737-1.png?fit=650%2C377&ssl=1","contentUrl":"https:\/\/i0.wp.com\/casadecampoliving.com\/wp-content\/uploads\/2022\/10\/Dominican_Flag-e1406127971737-1.png?fit=650%2C377&ssl=1","width":650,"height":377,"caption":"Dominican Flag"},{"@type":"BreadcrumbList","@id":"https:\/\/casadecampoliving.com\/es\/nuestro-camino-hacia-la-paz-e-independencia-una-breve-historia-de-la-republica-dominicana\/#breadcrumb","itemListElement":[{"@type":"ListItem","position":1,"name":"Home","item":"https:\/\/casadecampoliving.com\/es\/"},{"@type":"ListItem","position":2,"name":"Nuestro camino hacia la paz e independencia; una breve historia de la Rep\u00fablica Dominicana"}]},{"@type":"WebSite","@id":"https:\/\/casadecampoliving.com\/es\/#website","url":"https:\/\/casadecampoliving.com\/es\/","name":"Casa de Campo Living","description":"Resort community news and resources.","publisher":{"@id":"https:\/\/casadecampoliving.com\/es\/#organization"},"potentialAction":[{"@type":"SearchAction","target":{"@type":"EntryPoint","urlTemplate":"https:\/\/casadecampoliving.com\/es\/?s={search_term_string}"},"query-input":{"@type":"PropertyValueSpecification","valueRequired":true,"valueName":"search_term_string"}}],"inLanguage":"es"},{"@type":"Organization","@id":"https:\/\/casadecampoliving.com\/es\/#organization","name":"Casa de Campo Living","url":"https:\/\/casadecampoliving.com\/es\/","logo":{"@type":"ImageObject","inLanguage":"es","@id":"https:\/\/casadecampoliving.com\/es\/#\/schema\/logo\/image\/","url":"https:\/\/i0.wp.com\/casadecampoliving.com\/wp-content\/uploads\/2022\/07\/CDCLivingLogo_V1-white-sized.png?fit=800%2C214&ssl=1","contentUrl":"https:\/\/i0.wp.com\/casadecampoliving.com\/wp-content\/uploads\/2022\/07\/CDCLivingLogo_V1-white-sized.png?fit=800%2C214&ssl=1","width":800,"height":214,"caption":"Casa de Campo Living"},"image":{"@id":"https:\/\/casadecampoliving.com\/es\/#\/schema\/logo\/image\/"},"sameAs":["https:\/\/www.facebook.com\/casadecampoliving","https:\/\/x.com\/cdcliving"]},{"@type":"Person","@id":"https:\/\/casadecampoliving.com\/es\/#\/schema\/person\/c8efa6049510554b7d5fea078d728f72","name":"Perkin Agramonte","image":{"@type":"ImageObject","inLanguage":"es","@id":"https:\/\/secure.gravatar.com\/avatar\/57bfdafcae55fb83dbb79a1585a9eab7f269b7720fb0b64cb9a4e0cd2962fa10?s=96&d=mm&r=g","url":"https:\/\/secure.gravatar.com\/avatar\/57bfdafcae55fb83dbb79a1585a9eab7f269b7720fb0b64cb9a4e0cd2962fa10?s=96&d=mm&r=g","contentUrl":"https:\/\/secure.gravatar.com\/avatar\/57bfdafcae55fb83dbb79a1585a9eab7f269b7720fb0b64cb9a4e0cd2962fa10?s=96&d=mm&r=g","caption":"Perkin Agramonte"},"url":"https:\/\/casadecampoliving.com\/es\/author\/cagramonte\/"}]}},"parsely":{"version":"1.1.0","canonical_url":"https:\/\/casadecampoliving.com\/es\/nuestro-camino-hacia-la-paz-e-independencia-una-breve-historia-de-la-republica-dominicana\/","smart_links":{"inbound":0,"outbound":0},"traffic_boost_suggestions_count":0,"meta":{"@context":"https:\/\/schema.org","@type":"NewsArticle","headline":"Nuestro camino hacia la paz e independencia; una breve historia de la Rep\u00fablica Dominicana","url":"http:\/\/casadecampoliving.com\/es\/nuestro-camino-hacia-la-paz-e-independencia-una-breve-historia-de-la-republica-dominicana\/","mainEntityOfPage":{"@type":"WebPage","@id":"http:\/\/casadecampoliving.com\/es\/nuestro-camino-hacia-la-paz-e-independencia-una-breve-historia-de-la-republica-dominicana\/"},"thumbnailUrl":"https:\/\/i0.wp.com\/casadecampoliving.com\/wp-content\/uploads\/2022\/10\/Dominican_Flag-e1406127971737-1.png?resize=150%2C150&ssl=1","image":{"@type":"ImageObject","url":"https:\/\/i0.wp.com\/casadecampoliving.com\/wp-content\/uploads\/2022\/10\/Dominican_Flag-e1406127971737-1.png?fit=650%2C377&ssl=1"},"articleSection":"CCL presenta","author":[{"@type":"Person","name":"Perkin Agramonte"}],"creator":["Perkin Agramonte"],"publisher":{"@type":"Organization","name":"Casa de Campo Living","logo":"https:\/\/casadecampoliving.com\/wp-content\/uploads\/2022\/07\/CDCLivingLogo_V1-white-sized.png"},"keywords":["casa de campo community @es","casa de campo living","casa de campo resort @es","dominican republic @es","republica dominicana"],"dateCreated":"2014-09-21T04:00:00Z","datePublished":"2014-09-21T04:00:00Z","dateModified":"2022-10-21T22:51:18Z"},"rendered":"<script type=\"application\/ld+json\" class=\"wp-parsely-metadata\">{\"@context\":\"https:\\\/\\\/schema.org\",\"@type\":\"NewsArticle\",\"headline\":\"Nuestro camino hacia la paz e independencia; una breve historia de la Rep\\u00fablica Dominicana\",\"url\":\"http:\\\/\\\/casadecampoliving.com\\\/es\\\/nuestro-camino-hacia-la-paz-e-independencia-una-breve-historia-de-la-republica-dominicana\\\/\",\"mainEntityOfPage\":{\"@type\":\"WebPage\",\"@id\":\"http:\\\/\\\/casadecampoliving.com\\\/es\\\/nuestro-camino-hacia-la-paz-e-independencia-una-breve-historia-de-la-republica-dominicana\\\/\"},\"thumbnailUrl\":\"https:\\\/\\\/i0.wp.com\\\/casadecampoliving.com\\\/wp-content\\\/uploads\\\/2022\\\/10\\\/Dominican_Flag-e1406127971737-1.png?resize=150%2C150&ssl=1\",\"image\":{\"@type\":\"ImageObject\",\"url\":\"https:\\\/\\\/i0.wp.com\\\/casadecampoliving.com\\\/wp-content\\\/uploads\\\/2022\\\/10\\\/Dominican_Flag-e1406127971737-1.png?fit=650%2C377&ssl=1\"},\"articleSection\":\"CCL presenta\",\"author\":[{\"@type\":\"Person\",\"name\":\"Perkin Agramonte\"}],\"creator\":[\"Perkin Agramonte\"],\"publisher\":{\"@type\":\"Organization\",\"name\":\"Casa de Campo Living\",\"logo\":\"https:\\\/\\\/casadecampoliving.com\\\/wp-content\\\/uploads\\\/2022\\\/07\\\/CDCLivingLogo_V1-white-sized.png\"},\"keywords\":[\"casa de campo community @es\",\"casa de campo living\",\"casa de campo resort @es\",\"dominican republic @es\",\"republica dominicana\"],\"dateCreated\":\"2014-09-21T04:00:00Z\",\"datePublished\":\"2014-09-21T04:00:00Z\",\"dateModified\":\"2022-10-21T22:51:18Z\"}<\/script>","tracker_url":"https:\/\/cdn.parsely.com\/keys\/casadecampoliving.com\/p.js"},"jetpack_publicize_connections":[],"jetpack_featured_media_url":"https:\/\/i0.wp.com\/casadecampoliving.com\/wp-content\/uploads\/2022\/10\/Dominican_Flag-e1406127971737-1.png?fit=650%2C377&ssl=1","jetpack-related-posts":[{"id":433460,"url":"https:\/\/casadecampoliving.com\/es\/no-se-pierdan-el-increible-tributo-a-frank-sinatra-para-celebrar-el-40-aniversario-del-anfiteatro-altos-de-chavon\/","url_meta":{"origin":345364,"position":0},"title":"No se pierdan el incre\u00edble tributo a Frank Sinatra para celebrar el 40 aniversario del\u00a0Anfiteatro Altos de Chav\u00f3n","author":"Casa de Campo Living","date":"20 Oct, 2022","format":false,"excerpt":"Siendo uno de los escenarios m\u00e1s emblem\u00e1ticos del pa\u00eds, Casa de Campo Resort\u00ae & Villas celebra las cuatro d\u00e9cadas de aniversario de Altos de Chav\u00f3n con un tributo al gran Frank Sinatra, protagonizado por artistas invitados y una big band tal cual la que acompa\u00f1\u00f3 al artista hace 40 a\u00f1os\u2026","rel":"","context":"En \u00abUncategorized @es\u00bb","block_context":{"text":"Uncategorized @es","link":"https:\/\/casadecampoliving.com\/es\/category\/uncategorized-es\/"},"img":{"alt_text":"","src":"https:\/\/i0.wp.com\/casadecampoliving.com\/wp-content\/uploads\/2022\/10\/Tributo-Frank-Sinatra-Foto-Principal-Amaury-Sanchez-Danilo-Ginebra-Andres-Pichardo-y-Jose-Gabriel-Perez-.jpg?fit=1200%2C873&ssl=1&resize=350%2C200","width":350,"height":200,"srcset":"https:\/\/i0.wp.com\/casadecampoliving.com\/wp-content\/uploads\/2022\/10\/Tributo-Frank-Sinatra-Foto-Principal-Amaury-Sanchez-Danilo-Ginebra-Andres-Pichardo-y-Jose-Gabriel-Perez-.jpg?fit=1200%2C873&ssl=1&resize=350%2C200 1x, https:\/\/i0.wp.com\/casadecampoliving.com\/wp-content\/uploads\/2022\/10\/Tributo-Frank-Sinatra-Foto-Principal-Amaury-Sanchez-Danilo-Ginebra-Andres-Pichardo-y-Jose-Gabriel-Perez-.jpg?fit=1200%2C873&ssl=1&resize=525%2C300 1.5x, https:\/\/i0.wp.com\/casadecampoliving.com\/wp-content\/uploads\/2022\/10\/Tributo-Frank-Sinatra-Foto-Principal-Amaury-Sanchez-Danilo-Ginebra-Andres-Pichardo-y-Jose-Gabriel-Perez-.jpg?fit=1200%2C873&ssl=1&resize=700%2C400 2x, https:\/\/i0.wp.com\/casadecampoliving.com\/wp-content\/uploads\/2022\/10\/Tributo-Frank-Sinatra-Foto-Principal-Amaury-Sanchez-Danilo-Ginebra-Andres-Pichardo-y-Jose-Gabriel-Perez-.jpg?fit=1200%2C873&ssl=1&resize=1050%2C600 3x"},"classes":[]},{"id":345207,"url":"https:\/\/casadecampoliving.com\/es\/david-maler-presenta-el-segundo-trailer-de-codigo-paz\/","url_meta":{"origin":345364,"position":1},"title":"David Maler presenta el segundo trailer de \u00bbC\u00f3digo Paz\u00bb","author":"Daniela Medina","date":"30 Ago, 2014","format":false,"excerpt":"\u00a1Si hay una cosa que nos encanta hacer aqu\u00ed en Casa de Campo Living, es apoyar a los nuestros! Y cuando uno de los nuestros, es precisamente la estrella de una pel\u00edcula Dominicana, \u00a1no podemos hacer m\u00e1s que brillar con orgullo! Nacido y criado en Casa de Campo, David Maler,\u2026","rel":"","context":"En \u00abArte y cultura\u00bb","block_context":{"text":"Arte y cultura","link":"https:\/\/casadecampoliving.com\/category\/arte-y-cultura\/"},"img":{"alt_text":"","src":"https:\/\/i0.wp.com\/casadecampoliving.com\/wp-content\/uploads\/2022\/10\/David-Maler-2-1.jpg?fit=500%2C364&ssl=1&resize=350%2C200","width":350,"height":200},"classes":[]},{"id":345896,"url":"https:\/\/casadecampoliving.com\/es\/4-razones-por-las-que-todo-dominicano-deberia-conocer-su-constitucion\/","url_meta":{"origin":345364,"position":2},"title":"4 razones por las que todo dominicano deber\u00eda conocer su Constituci\u00f3n","author":"Perkin Agramonte","date":"6 Nov, 2014","format":false,"excerpt":"Aunque el D\u00eda de la Constituci\u00f3n Dominicana fue movido este a\u00f1o al lunes 10 de noviembre, en realidad el D\u00eda de la Constituci\u00f3n\u00a0en la Rep\u00fablica Dominicana es hoy, el 6 de noviembre, es el aniversario de la Constituci\u00f3n Dominicana fue proclamada el 6 de noviembre de 1844 en la ciudad\u2026","rel":"","context":"En \u00abArte y cultura\u00bb","block_context":{"text":"Arte y cultura","link":"https:\/\/casadecampoliving.com\/category\/arte-y-cultura\/"},"img":{"alt_text":"Dominican flag","src":"https:\/\/i0.wp.com\/casadecampoliving.com\/wp-content\/uploads\/2022\/10\/Dominican_flag.jpg?fit=650%2C434&ssl=1&resize=350%2C200","width":350,"height":200,"srcset":"https:\/\/i0.wp.com\/casadecampoliving.com\/wp-content\/uploads\/2022\/10\/Dominican_flag.jpg?fit=650%2C434&ssl=1&resize=350%2C200 1x, https:\/\/i0.wp.com\/casadecampoliving.com\/wp-content\/uploads\/2022\/10\/Dominican_flag.jpg?fit=650%2C434&ssl=1&resize=525%2C300 1.5x"},"classes":[]},{"id":345519,"url":"https:\/\/casadecampoliving.com\/es\/codigo-paz-llega-al-cine-de-la-marina-casa-de-campo\/","url_meta":{"origin":345364,"position":3},"title":"C\u00f3digo Paz llega al cine de la Marina Casa de Campo","author":"Perkin Agramonte","date":"3 Oct, 2014","format":false,"excerpt":"\u00bfQu\u00e9 a\u00fan no ha visto la nueva pel\u00edcula de David Maler? Pues esta es su oportunidad porque AHORA se est\u00e1 proyectando en el cine de la Marina Casa de Campo. David Maler es hijo de nuestro querido artista argentino Leopoldo Maler, quien ha sido miembro de la comunidad Casa de\u2026","rel":"","context":"En \u00abCasa de Campo Living @es\u00bb","block_context":{"text":"Casa de Campo Living @es","link":"https:\/\/casadecampoliving.com\/category\/casa-de-campo-living-es\/"},"img":{"alt_text":"","src":"https:\/\/i0.wp.com\/casadecampoliving.com\/wp-content\/uploads\/2022\/10\/Codigo-Paz-e1413291515173.png?fit=350%2C395&ssl=1&resize=350%2C200","width":350,"height":200},"classes":[]},{"id":345680,"url":"https:\/\/casadecampoliving.com\/es\/codigo-paz-cristo-rey-nominadas-los-goya-oscar\/","url_meta":{"origin":345364,"position":4},"title":"C\u00f3digo Paz &#038; Cristo Rey nominadas a los Goya &#038; Oscar","author":"Perkin Agramonte","date":"15 Oct, 2014","format":false,"excerpt":"Aqu\u00ed en Casa de Campo tenemos todas las comunidades que pudiera imaginar; la comunidad tenista, golfista, socialit\u00e9s y muchas m\u00e1s. Y en el d\u00eda de hoy queremos felicitar a la comunidad cinematogr\u00e1fica de Casa de Campo. Entre los due\u00f1os de villas de Casa de Campo que forman parte de la\u2026","rel":"","context":"En \u00abCasa de Campo Living @es\u00bb","block_context":{"text":"Casa de Campo Living @es","link":"https:\/\/casadecampoliving.com\/category\/casa-de-campo-living-es\/"},"img":{"alt_text":"","src":"https:\/\/i0.wp.com\/casadecampoliving.com\/wp-content\/uploads\/2022\/10\/Goya-1.jpg?fit=663%2C444&ssl=1&resize=350%2C200","width":350,"height":200,"srcset":"https:\/\/i0.wp.com\/casadecampoliving.com\/wp-content\/uploads\/2022\/10\/Goya-1.jpg?fit=663%2C444&ssl=1&resize=350%2C200 1x, https:\/\/i0.wp.com\/casadecampoliving.com\/wp-content\/uploads\/2022\/10\/Goya-1.jpg?fit=663%2C444&ssl=1&resize=525%2C300 1.5x"},"classes":[]},{"id":344888,"url":"https:\/\/casadecampoliving.com\/es\/david-maler-protagoniza-en-su-primera-pelicula-dominicana\/","url_meta":{"origin":345364,"position":5},"title":"David Maler protagoniza en su primera pel\u00edcula dominicana","author":"Perkin Agramonte","date":"18 Jul, 2014","format":false,"excerpt":"Nacido y criado en Casa de Campo, David Maler, hijo del querido residente de Casa de Campo Leopoldo Maler, est\u00e1 revolucionando el cine y teatro de Argentina, adem\u00e1s contrajo nupcias con la actriz y comunicadora, Nashla Bogaert, y ahora est\u00e1 a punto de hacer su debut en la industria del\u2026","rel":"","context":"En \u00abCasa de Campo Living @es\u00bb","block_context":{"text":"Casa de Campo Living @es","link":"https:\/\/casadecampoliving.com\/category\/casa-de-campo-living-es\/"},"img":{"alt_text":"David Maler Codigo Paz","src":"https:\/\/i0.wp.com\/casadecampoliving.com\/wp-content\/uploads\/2022\/10\/David_Maler_Codigo_Paz.jpg?fit=650%2C379&ssl=1&resize=350%2C200","width":350,"height":200,"srcset":"https:\/\/i0.wp.com\/casadecampoliving.com\/wp-content\/uploads\/2022\/10\/David_Maler_Codigo_Paz.jpg?fit=650%2C379&ssl=1&resize=350%2C200 1x, https:\/\/i0.wp.com\/casadecampoliving.com\/wp-content\/uploads\/2022\/10\/David_Maler_Codigo_Paz.jpg?fit=650%2C379&ssl=1&resize=525%2C300 1.5x"},"classes":[]}],"jetpack_sharing_enabled":true,"_links":{"self":[{"href":"https:\/\/casadecampoliving.com\/es\/wp-json\/wp\/v2\/posts\/345364","targetHints":{"allow":["GET"]}}],"collection":[{"href":"https:\/\/casadecampoliving.com\/es\/wp-json\/wp\/v2\/posts"}],"about":[{"href":"https:\/\/casadecampoliving.com\/es\/wp-json\/wp\/v2\/types\/post"}],"author":[{"embeddable":true,"href":"https:\/\/casadecampoliving.com\/es\/wp-json\/wp\/v2\/users\/1097"}],"replies":[{"embeddable":true,"href":"https:\/\/casadecampoliving.com\/es\/wp-json\/wp\/v2\/comments?post=345364"}],"version-history":[{"count":1,"href":"https:\/\/casadecampoliving.com\/es\/wp-json\/wp\/v2\/posts\/345364\/revisions"}],"predecessor-version":[{"id":345365,"href":"https:\/\/casadecampoliving.com\/es\/wp-json\/wp\/v2\/posts\/345364\/revisions\/345365"}],"wp:featuredmedia":[{"embeddable":true,"href":"https:\/\/casadecampoliving.com\/es\/wp-json\/wp\/v2\/media\/268108"}],"wp:attachment":[{"href":"https:\/\/casadecampoliving.com\/es\/wp-json\/wp\/v2\/media?parent=345364"}],"wp:term":[{"taxonomy":"category","embeddable":true,"href":"https:\/\/casadecampoliving.com\/es\/wp-json\/wp\/v2\/categories?post=345364"},{"taxonomy":"post_tag","embeddable":true,"href":"https:\/\/casadecampoliving.com\/es\/wp-json\/wp\/v2\/tags?post=345364"},{"taxonomy":"newspack_spnsrs_tax","embeddable":true,"href":"https:\/\/casadecampoliving.com\/es\/wp-json\/wp\/v2\/newspack_spnsrs_tax?post=345364"}],"curies":[{"name":"wp","href":"https:\/\/api.w.org\/{rel}","templated":true}]}}