{"id":345358,"date":"2014-09-15T00:00:00","date_gmt":"2014-09-15T04:00:00","guid":{"rendered":"https:\/\/casadecampoliving.com\/blue-mall-en-punta-cana\/"},"modified":"2022-10-21T18:50:57","modified_gmt":"2022-10-21T22:50:57","slug":"blue-mall-en-punta-cana","status":"publish","type":"post","link":"https:\/\/casadecampoliving.com\/es\/blue-mall-en-punta-cana\/","title":{"rendered":"Blue Mall en Punta Cana"},"content":{"rendered":"<div class=\"wp-block-image\">\n<figure class=\"aligncenter is-resized\"><img loading=\"lazy\" decoding=\"async\" src=\"https:\/\/i0.wp.com\/casadecampoliving.com\/wp-content\/uploads\/2022\/10\/Frank-Rainieri-y-Luis-Emilio-Velutini.jpg?resize=650%2C393&amp;ssl=1\" alt=\"Frank Rainieri, Luis Emilio Velutini\" class=\"wp-image-97594\" height=\"393\" width=\"650\"\/><\/figure>\n<\/div>\n\n\n<p>En los \u00faltimos a\u00f1os las ciudades pertenecientes a la Regi\u00f3n Este de la Rep\u00fablica Dominicana, especialmente La Romana, Hig\u00fcey y B\u00e1varo-Punta Cana, han tenido un desarrollo significativo en t\u00e9rminos de megaestructuras, autov\u00edas y centros comerciales, y no es para menos, ya que estas ciudades son conocidas como las m\u00e1s concurridas por los turistas que visitan nuestro hermoso pa\u00eds.<\/p>\n\n\n\n<!--more-->\n\n\n\n<p>Esta vez, traemos emocionantes noticias para aquellos que les encantan ir de compras\u2026 Blue Mall, uno de los centros comerciales m\u00e1s completos y lujosos de Santo Domingo, ser\u00e1 construido en el \u00e1rea tur\u00edstica B\u00e1varo \u2013 Punta Cana. Frank Rainieri, Presidente del Grupo Punta Cana, y Luis Emilio Veluntini, Presidente del Grupo Veluntini, anunciaron y firmaron el acuerdo de empezar la obra de construcci\u00f3n para inaugurar el invierno 2015-2016.<\/p>\n\n\n\n<p>El Blue Mall Santo Domingo es uno de los centros comerciales m\u00e1s completos del pa\u00eds por su reputaci\u00f3n de opciones de alta calidad como Louis Vuitton y Cartier, al igual que el nuevo JW Marriot hotel. Se espera que el nuevo centro comercial en Punta Cana cuente con 98 tiendas, \u00e1reas de entretenimiento y 930 parqueos.<\/p>\n\n\n\n<p>Con un costo de aproximadamente US$40 million, Blue Mall Punta Cana ser\u00e1 el mayor punto de venta del \u00e1rea Punta Cana \u2013 B\u00e1varo. Actualmente, los mayores centros comerciales del \u00e1rea B\u00e1varo-Punta Cana son el Palma Real Shopping Village y el San Juan Shopping Center.<\/p>\n\n\n\n<p>Y lo mejor de todo es que gracias a la nueva Autopista El Coral, nuestra comunidad de Casa de Campo puede llegar a Punta Cana en apr\u00f3ximadamente 45 minutos \u2013 \u00a1lo que hace a Punta Cana \u2013 B\u00e1varo una tentadora opci\u00f3n para ir de compras!<\/p>\n\n\n\n<p>En la Regi\u00f3n Este de la Rep\u00fablica Dominicana ya hay otro centro comercial en construcci\u00f3n <a href=\"https:\/\/casadecampoliving.com\/es\/primer-vistazo-multiplaza-la-romana\/\">a solo 10 minutos de Casa de Campo: Multiplaza La Romana<\/a>. Multiplaza La Romana ser\u00e1 un edificio de dos pisos y 28,000 m\u00b2 que solo estar\u00e1 a unos metros del centro de La Romana. El centro comercial incluir\u00e1 alrededor de 80 locales con una variedad de tiendas para diferentes productos como: ropa, calzado, accesorios, electronica, muebles, ferreter\u00eda y m\u00e1s.<\/p>\n\n\n\n<p>Con el Blue Mall Punta Cana y Multiplaza La Romana, no habr\u00e1 raz\u00f3n para ir a Santo Domingo cuando quiera ir de compras, \u00a1o incluso en caso de emergencias!<\/p>\n\n\n\n<p><b>C\u00f3mo llegar desde Casa de Campo hasta Punta Cana \u2013 Bavaro:<\/b><\/p>\n\n\n\n<ol class=\"wp-block-list\"><li>Gire a la derecha al salir de la entrada pr\u00edncipal de Casa de Campo.<\/li><li>Cuando llegue a la autopista gire a la izquierda y \u00fanase a la autopista.<\/li><li>Tendr\u00e1 que pagar dos peajes en el camino: RD$50 y RD$100 (de regreso tambi\u00e9n tendr\u00e1 que pagar el peaje).<\/li><\/ol>\n\n\n\n<p>Cr\u00e9dito de foto: hoy.com.do<\/p>\n","protected":false},"excerpt":{"rendered":"<p>En los \u00faltimos a\u00f1os las ciudades pertenecientes a la Regi\u00f3n Este de la Rep\u00fablica Dominicana, especialmente La Romana, Hig\u00fcey y B\u00e1varo-Punta Cana, han tenido un desarrollo significativo en t\u00e9rminos de megaestructuras, autov\u00edas y centros comerciales, y no es para menos, ya que estas ciudades son conocidas como las m\u00e1s concurridas por los turistas que visitan [&hellip;]<\/p>\n","protected":false},"author":22010,"featured_media":274692,"comment_status":"closed","ping_status":"closed","sticky":false,"template":"","format":"standard","meta":{"newspack_ads_suppress_ads":false,"newspack_popups_has_disabled_popups":false,"newspack_sponsor_sponsorship_scope":"","newspack_sponsor_native_byline_display":"inherit","newspack_sponsor_native_category_display":"inherit","newspack_sponsor_underwriter_style":"inherit","newspack_sponsor_underwriter_placement":"inherit","_newspack_byline_active":false,"_newspack_byline":"","newspack_hide_updated_date":false,"newspack_show_updated_date":false,"newspack_content_restriction_is_exempt":false,"newspack_featured_image_position":"","newspack_post_subtitle":"","newspack_article_summary_title":"Overview:","newspack_article_summary":"","_jetpack_memberships_contains_paid_content":false,"footnotes":"","jetpack_publicize_message":"","jetpack_publicize_feature_enabled":true,"jetpack_social_post_already_shared":false,"jetpack_social_options":{"image_generator_settings":{"template":"highway","default_image_id":0,"font":"","enabled":false},"version":2},"_wpas_customize_per_network":false},"categories":[26823,6192,26936,26951,2530,2524,14631,2506,2523,14625,2521,26822],"tags":[13814,2721],"newspack_spnsrs_tax":[],"class_list":["post-345358","post","type-post","status-publish","format-standard","has-post-thumbnail","hentry","category-arte-y-cultura","category-businesses","category-casa-de-campo-living-es","category-ccl-presenta","category-compras-es","category-destacados","category-estilo-de-vida","category-mas-alla-de-casa-es","category-moda-es","category-noticias-locales","category-republica-dominicana-2","category-resort-casa-de-campo","tag-casa-de-campo-resort","tag-compras","entry"],"yoast_head":"<!-- This site is optimized with the Yoast SEO plugin v27.4 - https:\/\/yoast.com\/product\/yoast-seo-wordpress\/ -->\n<title>Blue Mall en Punta Cana | Casa de Campo Living<\/title>\n<meta name=\"description\" content=\"En los \u00faltimos a\u00f1os las ciudades pertenecientes a la Regi\u00f3n Este de la Rep\u00fablica Dominicana, especialmente La Romana, Hig\u00fcey y B\u00e1varo-Punta Cana, han\" \/>\n<meta name=\"robots\" content=\"index, follow, max-snippet:-1, max-image-preview:large, max-video-preview:-1\" \/>\n<link rel=\"canonical\" href=\"https:\/\/casadecampoliving.com\/es\/blue-mall-en-punta-cana\/\" \/>\n<meta property=\"og:locale\" content=\"es_ES\" \/>\n<meta property=\"og:type\" content=\"article\" \/>\n<meta property=\"og:title\" content=\"Blue Mall en Punta Cana | Casa de Campo Living\" \/>\n<meta property=\"og:description\" content=\"En los \u00faltimos a\u00f1os las ciudades pertenecientes a la Regi\u00f3n Este de la Rep\u00fablica Dominicana, especialmente La Romana, Hig\u00fcey y B\u00e1varo-Punta Cana, han\" \/>\n<meta property=\"og:url\" content=\"https:\/\/casadecampoliving.com\/es\/blue-mall-en-punta-cana\/\" \/>\n<meta property=\"og:site_name\" content=\"Casa de Campo Living\" \/>\n<meta property=\"article:publisher\" content=\"https:\/\/www.facebook.com\/casadecampoliving\" \/>\n<meta property=\"article:published_time\" content=\"2014-09-15T04:00:00+00:00\" \/>\n<meta property=\"article:modified_time\" content=\"2022-10-21T22:50:57+00:00\" \/>\n<meta property=\"og:image\" content=\"https:\/\/i0.wp.com\/casadecampoliving.com\/wp-content\/uploads\/2022\/10\/Frank-Rainieri-y-Luis-Emilio-Velutini-1.jpg?fit=650%2C393&ssl=1\" \/>\n\t<meta property=\"og:image:width\" content=\"650\" \/>\n\t<meta property=\"og:image:height\" content=\"393\" \/>\n\t<meta property=\"og:image:type\" content=\"image\/jpeg\" \/>\n<meta name=\"author\" content=\"Maria Isabel B\u00e1ez\" \/>\n<meta name=\"twitter:card\" content=\"summary_large_image\" \/>\n<meta name=\"twitter:creator\" content=\"@cdcliving\" \/>\n<meta name=\"twitter:site\" content=\"@cdcliving\" \/>\n<meta name=\"twitter:label1\" content=\"Escrito por\" \/>\n\t<meta name=\"twitter:data1\" content=\"Maria Isabel B\u00e1ez\" \/>\n\t<meta name=\"twitter:label2\" content=\"Tiempo de lectura\" \/>\n\t<meta name=\"twitter:data2\" content=\"2 minutos\" \/>\n<script type=\"application\/ld+json\" class=\"yoast-schema-graph\">{\"@context\":\"https:\\\/\\\/schema.org\",\"@graph\":[{\"@type\":\"Article\",\"@id\":\"https:\\\/\\\/casadecampoliving.com\\\/es\\\/blue-mall-en-punta-cana\\\/#article\",\"isPartOf\":{\"@id\":\"https:\\\/\\\/casadecampoliving.com\\\/es\\\/blue-mall-en-punta-cana\\\/\"},\"author\":{\"name\":\"Maria Isabel B\u00e1ez\",\"@id\":\"https:\\\/\\\/casadecampoliving.com\\\/es\\\/#\\\/schema\\\/person\\\/8fc218930d06cbe215cf6c4fc64caa11\"},\"headline\":\"Blue Mall en Punta Cana\",\"datePublished\":\"2014-09-15T04:00:00+00:00\",\"dateModified\":\"2022-10-21T22:50:57+00:00\",\"mainEntityOfPage\":{\"@id\":\"https:\\\/\\\/casadecampoliving.com\\\/es\\\/blue-mall-en-punta-cana\\\/\"},\"wordCount\":463,\"publisher\":{\"@id\":\"https:\\\/\\\/casadecampoliving.com\\\/es\\\/#organization\"},\"image\":{\"@id\":\"https:\\\/\\\/casadecampoliving.com\\\/es\\\/blue-mall-en-punta-cana\\\/#primaryimage\"},\"thumbnailUrl\":\"https:\\\/\\\/i0.wp.com\\\/casadecampoliving.com\\\/wp-content\\\/uploads\\\/2022\\\/10\\\/Frank-Rainieri-y-Luis-Emilio-Velutini-1.jpg?fit=650%2C393&ssl=1\",\"keywords\":[\"Casa de Campo Resort\",\"compras\"],\"articleSection\":[\"Arte y cultura\",\"businesses\",\"Casa de Campo Living @es\",\"CCL presenta\",\"Compras\",\"Destacados\",\"Estilo de Vida\",\"M\u00e1s all\u00e1 de Casa\",\"Moda\",\"Noticias Locales\",\"Rep\u00fablica Dominicana @es\",\"Resort Casa de Campo\"],\"inLanguage\":\"es\"},{\"@type\":\"WebPage\",\"@id\":\"https:\\\/\\\/casadecampoliving.com\\\/es\\\/blue-mall-en-punta-cana\\\/\",\"url\":\"https:\\\/\\\/casadecampoliving.com\\\/es\\\/blue-mall-en-punta-cana\\\/\",\"name\":\"Blue Mall en Punta Cana | Casa de Campo Living\",\"isPartOf\":{\"@id\":\"https:\\\/\\\/casadecampoliving.com\\\/es\\\/#website\"},\"primaryImageOfPage\":{\"@id\":\"https:\\\/\\\/casadecampoliving.com\\\/es\\\/blue-mall-en-punta-cana\\\/#primaryimage\"},\"image\":{\"@id\":\"https:\\\/\\\/casadecampoliving.com\\\/es\\\/blue-mall-en-punta-cana\\\/#primaryimage\"},\"thumbnailUrl\":\"https:\\\/\\\/i0.wp.com\\\/casadecampoliving.com\\\/wp-content\\\/uploads\\\/2022\\\/10\\\/Frank-Rainieri-y-Luis-Emilio-Velutini-1.jpg?fit=650%2C393&ssl=1\",\"datePublished\":\"2014-09-15T04:00:00+00:00\",\"dateModified\":\"2022-10-21T22:50:57+00:00\",\"description\":\"En los \u00faltimos a\u00f1os las ciudades pertenecientes a la Regi\u00f3n Este de la Rep\u00fablica Dominicana, especialmente La Romana, Hig\u00fcey y B\u00e1varo-Punta Cana, han\",\"breadcrumb\":{\"@id\":\"https:\\\/\\\/casadecampoliving.com\\\/es\\\/blue-mall-en-punta-cana\\\/#breadcrumb\"},\"inLanguage\":\"es\",\"potentialAction\":[{\"@type\":\"ReadAction\",\"target\":[\"https:\\\/\\\/casadecampoliving.com\\\/es\\\/blue-mall-en-punta-cana\\\/\"]}]},{\"@type\":\"ImageObject\",\"inLanguage\":\"es\",\"@id\":\"https:\\\/\\\/casadecampoliving.com\\\/es\\\/blue-mall-en-punta-cana\\\/#primaryimage\",\"url\":\"https:\\\/\\\/i0.wp.com\\\/casadecampoliving.com\\\/wp-content\\\/uploads\\\/2022\\\/10\\\/Frank-Rainieri-y-Luis-Emilio-Velutini-1.jpg?fit=650%2C393&ssl=1\",\"contentUrl\":\"https:\\\/\\\/i0.wp.com\\\/casadecampoliving.com\\\/wp-content\\\/uploads\\\/2022\\\/10\\\/Frank-Rainieri-y-Luis-Emilio-Velutini-1.jpg?fit=650%2C393&ssl=1\",\"width\":650,\"height\":393,\"caption\":\"Frank Rainieri, Luis Emilio Velutini\"},{\"@type\":\"BreadcrumbList\",\"@id\":\"https:\\\/\\\/casadecampoliving.com\\\/es\\\/blue-mall-en-punta-cana\\\/#breadcrumb\",\"itemListElement\":[{\"@type\":\"ListItem\",\"position\":1,\"name\":\"Home\",\"item\":\"https:\\\/\\\/casadecampoliving.com\\\/es\\\/\"},{\"@type\":\"ListItem\",\"position\":2,\"name\":\"Blue Mall en Punta Cana\"}]},{\"@type\":\"WebSite\",\"@id\":\"https:\\\/\\\/casadecampoliving.com\\\/es\\\/#website\",\"url\":\"https:\\\/\\\/casadecampoliving.com\\\/es\\\/\",\"name\":\"Casa de Campo Living\",\"description\":\"Resort community news and resources.\",\"publisher\":{\"@id\":\"https:\\\/\\\/casadecampoliving.com\\\/es\\\/#organization\"},\"potentialAction\":[{\"@type\":\"SearchAction\",\"target\":{\"@type\":\"EntryPoint\",\"urlTemplate\":\"https:\\\/\\\/casadecampoliving.com\\\/es\\\/?s={search_term_string}\"},\"query-input\":{\"@type\":\"PropertyValueSpecification\",\"valueRequired\":true,\"valueName\":\"search_term_string\"}}],\"inLanguage\":\"es\"},{\"@type\":\"Organization\",\"@id\":\"https:\\\/\\\/casadecampoliving.com\\\/es\\\/#organization\",\"name\":\"Casa de Campo Living\",\"url\":\"https:\\\/\\\/casadecampoliving.com\\\/es\\\/\",\"logo\":{\"@type\":\"ImageObject\",\"inLanguage\":\"es\",\"@id\":\"https:\\\/\\\/casadecampoliving.com\\\/es\\\/#\\\/schema\\\/logo\\\/image\\\/\",\"url\":\"https:\\\/\\\/i0.wp.com\\\/casadecampoliving.com\\\/wp-content\\\/uploads\\\/2022\\\/07\\\/CDCLivingLogo_V1-white-sized.png?fit=800%2C214&ssl=1\",\"contentUrl\":\"https:\\\/\\\/i0.wp.com\\\/casadecampoliving.com\\\/wp-content\\\/uploads\\\/2022\\\/07\\\/CDCLivingLogo_V1-white-sized.png?fit=800%2C214&ssl=1\",\"width\":800,\"height\":214,\"caption\":\"Casa de Campo Living\"},\"image\":{\"@id\":\"https:\\\/\\\/casadecampoliving.com\\\/es\\\/#\\\/schema\\\/logo\\\/image\\\/\"},\"sameAs\":[\"https:\\\/\\\/www.facebook.com\\\/casadecampoliving\",\"https:\\\/\\\/x.com\\\/cdcliving\"]},{\"@type\":\"Person\",\"@id\":\"https:\\\/\\\/casadecampoliving.com\\\/es\\\/#\\\/schema\\\/person\\\/8fc218930d06cbe215cf6c4fc64caa11\",\"name\":\"Maria Isabel B\u00e1ez\",\"image\":{\"@type\":\"ImageObject\",\"inLanguage\":\"es\",\"@id\":\"https:\\\/\\\/secure.gravatar.com\\\/avatar\\\/d6e25af8826ab9ae04e6fcc864034c13600a3a03fc45e4bd8fe7ab8c4d289c2a?s=96&d=mm&r=g\",\"url\":\"https:\\\/\\\/secure.gravatar.com\\\/avatar\\\/d6e25af8826ab9ae04e6fcc864034c13600a3a03fc45e4bd8fe7ab8c4d289c2a?s=96&d=mm&r=g\",\"contentUrl\":\"https:\\\/\\\/secure.gravatar.com\\\/avatar\\\/d6e25af8826ab9ae04e6fcc864034c13600a3a03fc45e4bd8fe7ab8c4d289c2a?s=96&d=mm&r=g\",\"caption\":\"Maria Isabel B\u00e1ez\"},\"url\":\"https:\\\/\\\/casadecampoliving.com\\\/es\\\/author\\\/mbaez\\\/\"}]}<\/script>\n<!-- \/ Yoast SEO plugin. -->","yoast_head_json":{"title":"Blue Mall en Punta Cana | Casa de Campo Living","description":"En los \u00faltimos a\u00f1os las ciudades pertenecientes a la Regi\u00f3n Este de la Rep\u00fablica Dominicana, especialmente La Romana, Hig\u00fcey y B\u00e1varo-Punta Cana, han","robots":{"index":"index","follow":"follow","max-snippet":"max-snippet:-1","max-image-preview":"max-image-preview:large","max-video-preview":"max-video-preview:-1"},"canonical":"https:\/\/casadecampoliving.com\/es\/blue-mall-en-punta-cana\/","og_locale":"es_ES","og_type":"article","og_title":"Blue Mall en Punta Cana | Casa de Campo Living","og_description":"En los \u00faltimos a\u00f1os las ciudades pertenecientes a la Regi\u00f3n Este de la Rep\u00fablica Dominicana, especialmente La Romana, Hig\u00fcey y B\u00e1varo-Punta Cana, han","og_url":"https:\/\/casadecampoliving.com\/es\/blue-mall-en-punta-cana\/","og_site_name":"Casa de Campo Living","article_publisher":"https:\/\/www.facebook.com\/casadecampoliving","article_published_time":"2014-09-15T04:00:00+00:00","article_modified_time":"2022-10-21T22:50:57+00:00","og_image":[{"width":650,"height":393,"url":"https:\/\/i0.wp.com\/casadecampoliving.com\/wp-content\/uploads\/2022\/10\/Frank-Rainieri-y-Luis-Emilio-Velutini-1.jpg?fit=650%2C393&ssl=1","type":"image\/jpeg"}],"author":"Maria Isabel B\u00e1ez","twitter_card":"summary_large_image","twitter_creator":"@cdcliving","twitter_site":"@cdcliving","twitter_misc":{"Escrito por":"Maria Isabel B\u00e1ez","Tiempo de lectura":"2 minutos"},"schema":{"@context":"https:\/\/schema.org","@graph":[{"@type":"Article","@id":"https:\/\/casadecampoliving.com\/es\/blue-mall-en-punta-cana\/#article","isPartOf":{"@id":"https:\/\/casadecampoliving.com\/es\/blue-mall-en-punta-cana\/"},"author":{"name":"Maria Isabel B\u00e1ez","@id":"https:\/\/casadecampoliving.com\/es\/#\/schema\/person\/8fc218930d06cbe215cf6c4fc64caa11"},"headline":"Blue Mall en Punta Cana","datePublished":"2014-09-15T04:00:00+00:00","dateModified":"2022-10-21T22:50:57+00:00","mainEntityOfPage":{"@id":"https:\/\/casadecampoliving.com\/es\/blue-mall-en-punta-cana\/"},"wordCount":463,"publisher":{"@id":"https:\/\/casadecampoliving.com\/es\/#organization"},"image":{"@id":"https:\/\/casadecampoliving.com\/es\/blue-mall-en-punta-cana\/#primaryimage"},"thumbnailUrl":"https:\/\/i0.wp.com\/casadecampoliving.com\/wp-content\/uploads\/2022\/10\/Frank-Rainieri-y-Luis-Emilio-Velutini-1.jpg?fit=650%2C393&ssl=1","keywords":["Casa de Campo Resort","compras"],"articleSection":["Arte y cultura","businesses","Casa de Campo Living @es","CCL presenta","Compras","Destacados","Estilo de Vida","M\u00e1s all\u00e1 de Casa","Moda","Noticias Locales","Rep\u00fablica Dominicana @es","Resort Casa de Campo"],"inLanguage":"es"},{"@type":"WebPage","@id":"https:\/\/casadecampoliving.com\/es\/blue-mall-en-punta-cana\/","url":"https:\/\/casadecampoliving.com\/es\/blue-mall-en-punta-cana\/","name":"Blue Mall en Punta Cana | Casa de Campo Living","isPartOf":{"@id":"https:\/\/casadecampoliving.com\/es\/#website"},"primaryImageOfPage":{"@id":"https:\/\/casadecampoliving.com\/es\/blue-mall-en-punta-cana\/#primaryimage"},"image":{"@id":"https:\/\/casadecampoliving.com\/es\/blue-mall-en-punta-cana\/#primaryimage"},"thumbnailUrl":"https:\/\/i0.wp.com\/casadecampoliving.com\/wp-content\/uploads\/2022\/10\/Frank-Rainieri-y-Luis-Emilio-Velutini-1.jpg?fit=650%2C393&ssl=1","datePublished":"2014-09-15T04:00:00+00:00","dateModified":"2022-10-21T22:50:57+00:00","description":"En los \u00faltimos a\u00f1os las ciudades pertenecientes a la Regi\u00f3n Este de la Rep\u00fablica Dominicana, especialmente La Romana, Hig\u00fcey y B\u00e1varo-Punta Cana, han","breadcrumb":{"@id":"https:\/\/casadecampoliving.com\/es\/blue-mall-en-punta-cana\/#breadcrumb"},"inLanguage":"es","potentialAction":[{"@type":"ReadAction","target":["https:\/\/casadecampoliving.com\/es\/blue-mall-en-punta-cana\/"]}]},{"@type":"ImageObject","inLanguage":"es","@id":"https:\/\/casadecampoliving.com\/es\/blue-mall-en-punta-cana\/#primaryimage","url":"https:\/\/i0.wp.com\/casadecampoliving.com\/wp-content\/uploads\/2022\/10\/Frank-Rainieri-y-Luis-Emilio-Velutini-1.jpg?fit=650%2C393&ssl=1","contentUrl":"https:\/\/i0.wp.com\/casadecampoliving.com\/wp-content\/uploads\/2022\/10\/Frank-Rainieri-y-Luis-Emilio-Velutini-1.jpg?fit=650%2C393&ssl=1","width":650,"height":393,"caption":"Frank Rainieri, Luis Emilio Velutini"},{"@type":"BreadcrumbList","@id":"https:\/\/casadecampoliving.com\/es\/blue-mall-en-punta-cana\/#breadcrumb","itemListElement":[{"@type":"ListItem","position":1,"name":"Home","item":"https:\/\/casadecampoliving.com\/es\/"},{"@type":"ListItem","position":2,"name":"Blue Mall en Punta Cana"}]},{"@type":"WebSite","@id":"https:\/\/casadecampoliving.com\/es\/#website","url":"https:\/\/casadecampoliving.com\/es\/","name":"Casa de Campo Living","description":"Resort community news and resources.","publisher":{"@id":"https:\/\/casadecampoliving.com\/es\/#organization"},"potentialAction":[{"@type":"SearchAction","target":{"@type":"EntryPoint","urlTemplate":"https:\/\/casadecampoliving.com\/es\/?s={search_term_string}"},"query-input":{"@type":"PropertyValueSpecification","valueRequired":true,"valueName":"search_term_string"}}],"inLanguage":"es"},{"@type":"Organization","@id":"https:\/\/casadecampoliving.com\/es\/#organization","name":"Casa de Campo Living","url":"https:\/\/casadecampoliving.com\/es\/","logo":{"@type":"ImageObject","inLanguage":"es","@id":"https:\/\/casadecampoliving.com\/es\/#\/schema\/logo\/image\/","url":"https:\/\/i0.wp.com\/casadecampoliving.com\/wp-content\/uploads\/2022\/07\/CDCLivingLogo_V1-white-sized.png?fit=800%2C214&ssl=1","contentUrl":"https:\/\/i0.wp.com\/casadecampoliving.com\/wp-content\/uploads\/2022\/07\/CDCLivingLogo_V1-white-sized.png?fit=800%2C214&ssl=1","width":800,"height":214,"caption":"Casa de Campo Living"},"image":{"@id":"https:\/\/casadecampoliving.com\/es\/#\/schema\/logo\/image\/"},"sameAs":["https:\/\/www.facebook.com\/casadecampoliving","https:\/\/x.com\/cdcliving"]},{"@type":"Person","@id":"https:\/\/casadecampoliving.com\/es\/#\/schema\/person\/8fc218930d06cbe215cf6c4fc64caa11","name":"Maria Isabel B\u00e1ez","image":{"@type":"ImageObject","inLanguage":"es","@id":"https:\/\/secure.gravatar.com\/avatar\/d6e25af8826ab9ae04e6fcc864034c13600a3a03fc45e4bd8fe7ab8c4d289c2a?s=96&d=mm&r=g","url":"https:\/\/secure.gravatar.com\/avatar\/d6e25af8826ab9ae04e6fcc864034c13600a3a03fc45e4bd8fe7ab8c4d289c2a?s=96&d=mm&r=g","contentUrl":"https:\/\/secure.gravatar.com\/avatar\/d6e25af8826ab9ae04e6fcc864034c13600a3a03fc45e4bd8fe7ab8c4d289c2a?s=96&d=mm&r=g","caption":"Maria Isabel B\u00e1ez"},"url":"https:\/\/casadecampoliving.com\/es\/author\/mbaez\/"}]}},"parsely":{"version":"1.1.0","canonical_url":"https:\/\/casadecampoliving.com\/es\/blue-mall-en-punta-cana\/","smart_links":{"inbound":0,"outbound":0},"traffic_boost_suggestions_count":0,"meta":{"@context":"https:\/\/schema.org","@type":"NewsArticle","headline":"Blue Mall en Punta Cana","url":"http:\/\/casadecampoliving.com\/es\/blue-mall-en-punta-cana\/","mainEntityOfPage":{"@type":"WebPage","@id":"http:\/\/casadecampoliving.com\/es\/blue-mall-en-punta-cana\/"},"thumbnailUrl":"https:\/\/i0.wp.com\/casadecampoliving.com\/wp-content\/uploads\/2022\/10\/Frank-Rainieri-y-Luis-Emilio-Velutini-1.jpg?resize=150%2C150&ssl=1","image":{"@type":"ImageObject","url":"https:\/\/i0.wp.com\/casadecampoliving.com\/wp-content\/uploads\/2022\/10\/Frank-Rainieri-y-Luis-Emilio-Velutini-1.jpg?fit=650%2C393&ssl=1"},"articleSection":"Arte y cultura","author":[{"@type":"Person","name":"Maria Isabel B\u00e1ez"}],"creator":["Maria Isabel B\u00e1ez"],"publisher":{"@type":"Organization","name":"Casa de Campo Living","logo":"https:\/\/casadecampoliving.com\/wp-content\/uploads\/2022\/07\/CDCLivingLogo_V1-white-sized.png"},"keywords":["casa de campo resort","compras"],"dateCreated":"2014-09-15T04:00:00Z","datePublished":"2014-09-15T04:00:00Z","dateModified":"2022-10-21T22:50:57Z"},"rendered":"<script type=\"application\/ld+json\" class=\"wp-parsely-metadata\">{\"@context\":\"https:\\\/\\\/schema.org\",\"@type\":\"NewsArticle\",\"headline\":\"Blue Mall en Punta Cana\",\"url\":\"http:\\\/\\\/casadecampoliving.com\\\/es\\\/blue-mall-en-punta-cana\\\/\",\"mainEntityOfPage\":{\"@type\":\"WebPage\",\"@id\":\"http:\\\/\\\/casadecampoliving.com\\\/es\\\/blue-mall-en-punta-cana\\\/\"},\"thumbnailUrl\":\"https:\\\/\\\/i0.wp.com\\\/casadecampoliving.com\\\/wp-content\\\/uploads\\\/2022\\\/10\\\/Frank-Rainieri-y-Luis-Emilio-Velutini-1.jpg?resize=150%2C150&ssl=1\",\"image\":{\"@type\":\"ImageObject\",\"url\":\"https:\\\/\\\/i0.wp.com\\\/casadecampoliving.com\\\/wp-content\\\/uploads\\\/2022\\\/10\\\/Frank-Rainieri-y-Luis-Emilio-Velutini-1.jpg?fit=650%2C393&ssl=1\"},\"articleSection\":\"Arte y cultura\",\"author\":[{\"@type\":\"Person\",\"name\":\"Maria Isabel B\\u00e1ez\"}],\"creator\":[\"Maria Isabel B\\u00e1ez\"],\"publisher\":{\"@type\":\"Organization\",\"name\":\"Casa de Campo Living\",\"logo\":\"https:\\\/\\\/casadecampoliving.com\\\/wp-content\\\/uploads\\\/2022\\\/07\\\/CDCLivingLogo_V1-white-sized.png\"},\"keywords\":[\"casa de campo resort\",\"compras\"],\"dateCreated\":\"2014-09-15T04:00:00Z\",\"datePublished\":\"2014-09-15T04:00:00Z\",\"dateModified\":\"2022-10-21T22:50:57Z\"}<\/script>","tracker_url":"https:\/\/cdn.parsely.com\/keys\/casadecampoliving.com\/p.js"},"jetpack_publicize_connections":[],"jetpack_featured_media_url":"https:\/\/i0.wp.com\/casadecampoliving.com\/wp-content\/uploads\/2022\/10\/Frank-Rainieri-y-Luis-Emilio-Velutini-1.jpg?fit=650%2C393&ssl=1","jetpack-related-posts":[{"id":433460,"url":"https:\/\/casadecampoliving.com\/es\/no-se-pierdan-el-increible-tributo-a-frank-sinatra-para-celebrar-el-40-aniversario-del-anfiteatro-altos-de-chavon\/","url_meta":{"origin":345358,"position":0},"title":"No se pierdan el incre\u00edble tributo a Frank Sinatra para celebrar el 40 aniversario del\u00a0Anfiteatro Altos de Chav\u00f3n","author":"Casa de Campo Living","date":"20 Oct, 2022","format":false,"excerpt":"Siendo uno de los escenarios m\u00e1s emblem\u00e1ticos del pa\u00eds, Casa de Campo Resort\u00ae & Villas celebra las cuatro d\u00e9cadas de aniversario de Altos de Chav\u00f3n con un tributo al gran Frank Sinatra, protagonizado por artistas invitados y una big band tal cual la que acompa\u00f1\u00f3 al artista hace 40 a\u00f1os\u2026","rel":"","context":"En \u00abUncategorized @es\u00bb","block_context":{"text":"Uncategorized @es","link":"https:\/\/casadecampoliving.com\/es\/category\/uncategorized-es\/"},"img":{"alt_text":"","src":"https:\/\/i0.wp.com\/casadecampoliving.com\/wp-content\/uploads\/2022\/10\/Tributo-Frank-Sinatra-Foto-Principal-Amaury-Sanchez-Danilo-Ginebra-Andres-Pichardo-y-Jose-Gabriel-Perez-.jpg?fit=1200%2C873&ssl=1&resize=350%2C200","width":350,"height":200,"srcset":"https:\/\/i0.wp.com\/casadecampoliving.com\/wp-content\/uploads\/2022\/10\/Tributo-Frank-Sinatra-Foto-Principal-Amaury-Sanchez-Danilo-Ginebra-Andres-Pichardo-y-Jose-Gabriel-Perez-.jpg?fit=1200%2C873&ssl=1&resize=350%2C200 1x, https:\/\/i0.wp.com\/casadecampoliving.com\/wp-content\/uploads\/2022\/10\/Tributo-Frank-Sinatra-Foto-Principal-Amaury-Sanchez-Danilo-Ginebra-Andres-Pichardo-y-Jose-Gabriel-Perez-.jpg?fit=1200%2C873&ssl=1&resize=525%2C300 1.5x, https:\/\/i0.wp.com\/casadecampoliving.com\/wp-content\/uploads\/2022\/10\/Tributo-Frank-Sinatra-Foto-Principal-Amaury-Sanchez-Danilo-Ginebra-Andres-Pichardo-y-Jose-Gabriel-Perez-.jpg?fit=1200%2C873&ssl=1&resize=700%2C400 2x, https:\/\/i0.wp.com\/casadecampoliving.com\/wp-content\/uploads\/2022\/10\/Tributo-Frank-Sinatra-Foto-Principal-Amaury-Sanchez-Danilo-Ginebra-Andres-Pichardo-y-Jose-Gabriel-Perez-.jpg?fit=1200%2C873&ssl=1&resize=1050%2C600 3x"},"classes":[]},{"id":517159,"url":"https:\/\/casadecampoliving.com\/es\/aerolineas-red-air-y-laser-ofreceran-sus-servicios-desde-el-aeropuerto-internacional-la-romana\/","url_meta":{"origin":345358,"position":1},"title":"Aerol\u00edneas RED AIR y Laser ofrecer\u00e1n sus servicios desde el Aeropuerto Internacional La Romana","author":"Mairobi Herrera","date":"3 May, 2023","format":false,"excerpt":"La compa\u00f1\u00eda de aviaci\u00f3n comercial RED Air ofrecer\u00e1 vuelos internacionales desde el Aeropuerto Internacional La Romana con dos vuelos diarios a Miami. Mientras que, la aerol\u00ednea venezolana, Laser Airlines, habilit\u00f3 en este puerto a\u00e9reo su nuevo centro de operaciones (hub) para sus vuelos entre Caracas y Rep\u00fablica Dominicana con conexi\u00f3n\u2026","rel":"","context":"En \u00abCasa de Campo Resort &amp; Villas\u00bb","block_context":{"text":"Casa de Campo Resort &amp; Villas","link":"https:\/\/casadecampoliving.com\/es\/category\/casa-de-campo-resort-villas\/"},"img":{"alt_text":"","src":"https:\/\/i0.wp.com\/casadecampoliving.com\/wp-content\/uploads\/2023\/04\/Central-Romana-by-FoToGrAfIkA-7-2-scaled.jpg?fit=1200%2C797&ssl=1&resize=350%2C200","width":350,"height":200,"srcset":"https:\/\/i0.wp.com\/casadecampoliving.com\/wp-content\/uploads\/2023\/04\/Central-Romana-by-FoToGrAfIkA-7-2-scaled.jpg?fit=1200%2C797&ssl=1&resize=350%2C200 1x, https:\/\/i0.wp.com\/casadecampoliving.com\/wp-content\/uploads\/2023\/04\/Central-Romana-by-FoToGrAfIkA-7-2-scaled.jpg?fit=1200%2C797&ssl=1&resize=525%2C300 1.5x, https:\/\/i0.wp.com\/casadecampoliving.com\/wp-content\/uploads\/2023\/04\/Central-Romana-by-FoToGrAfIkA-7-2-scaled.jpg?fit=1200%2C797&ssl=1&resize=700%2C400 2x, https:\/\/i0.wp.com\/casadecampoliving.com\/wp-content\/uploads\/2023\/04\/Central-Romana-by-FoToGrAfIkA-7-2-scaled.jpg?fit=1200%2C797&ssl=1&resize=1050%2C600 3x"},"classes":[]},{"id":343610,"url":"https:\/\/casadecampoliving.com\/es\/la-autopista-de-circunvalacion-de-la-romana-conozca-como-usarla\/","url_meta":{"origin":345358,"position":2},"title":"La autopista de circunvalaci\u00f3n de la Romana, conozca c\u00f3mo usarla","author":"Perkin Agramonte","date":"6 Ene, 2014","format":false,"excerpt":"La autopista circunvalaci\u00f3n de La Romana es, desde el mismo d\u00eda de su inauguraci\u00f3n, una de las v\u00edas m\u00e1s transitadas de la regi\u00f3n Este, con un flujo vehicular incrementado debido a la \u00e9poca navide\u00f1a, pero tambi\u00e9n debido a la modernidad y comodidad del tramo que enlaza la Autopista del Coral\u2026","rel":"","context":"En \u00abDestacados\u00bb","block_context":{"text":"Destacados","link":"https:\/\/casadecampoliving.com\/es\/category\/destacados\/"},"img":{"alt_text":"","src":"https:\/\/i0.wp.com\/casadecampoliving.com\/wp-content\/uploads\/2022\/10\/photo-2-2-1.jpg?fit=650%2C488&ssl=1&resize=350%2C200","width":350,"height":200,"srcset":"https:\/\/i0.wp.com\/casadecampoliving.com\/wp-content\/uploads\/2022\/10\/photo-2-2-1.jpg?fit=650%2C488&ssl=1&resize=350%2C200 1x, https:\/\/i0.wp.com\/casadecampoliving.com\/wp-content\/uploads\/2022\/10\/photo-2-2-1.jpg?fit=650%2C488&ssl=1&resize=525%2C300 1.5x"},"classes":[]},{"id":337062,"url":"https:\/\/casadecampoliving.com\/es\/las-damas-de-casa-de-campo-disfrutan-del-coctel-de-louis-vuitton-2\/","url_meta":{"origin":345358,"position":3},"title":"Las Damas de Casa de Campo disfrutan del Coctel de Louis Vuitton","author":"","date":"1 Nov, 2011","format":false,"excerpt":"La diversi\u00f3n, el glamour y la moda hicieron acto de presencia el pasado s\u00e1bado 22 de octubre. Transportadas en la guagua de Casa de Campo, las damas de la comunidad fueron participes de una velada sin precedentes. Esta empez\u00f3 con el evento de Dominicana Moda, seguido de un coctel ofrecido\u2026","rel":"","context":"En \u00abArte y cultura\u00bb","block_context":{"text":"Arte y cultura","link":"https:\/\/casadecampoliving.com\/category\/arte-y-cultura\/"},"img":{"alt_text":"","src":"https:\/\/i0.wp.com\/casadecampoliving.com\/wp-content\/uploads\/2022\/10\/Louis_Vuitton_blue_mall-1.jpg?fit=565%2C322&ssl=1&resize=350%2C200","width":350,"height":200,"srcset":"https:\/\/i0.wp.com\/casadecampoliving.com\/wp-content\/uploads\/2022\/10\/Louis_Vuitton_blue_mall-1.jpg?fit=565%2C322&ssl=1&resize=350%2C200 1x, https:\/\/i0.wp.com\/casadecampoliving.com\/wp-content\/uploads\/2022\/10\/Louis_Vuitton_blue_mall-1.jpg?fit=565%2C322&ssl=1&resize=525%2C300 1.5x"},"classes":[]},{"id":348761,"url":"https:\/\/casadecampoliving.com\/es\/multiplaza-la-romana-esta-oficialmente-abierta\/","url_meta":{"origin":345358,"position":4},"title":"\u00a1Multiplaza La Romana est\u00e1 oficialmente abierta!","author":"Perkin Agramonte","date":"8 Dic, 2015","format":false,"excerpt":"Miles de personas de la ciudad de La Romana y sus zonas aleda\u00f1as han recibido con mucha euforia el nuevo\u00a0centro comercial regional Multiplaza La Romana, un moderno y completo espacio de compras y entretenimiento familiar, propiedad del Grupo Ramos. Multiplaza La Romana fue inaugurado el pasado jueves, 3 de diciembre,\u2026","rel":"","context":"En \u00abCasa de Campo Living @es\u00bb","block_context":{"text":"Casa de Campo Living @es","link":"https:\/\/casadecampoliving.com\/category\/casa-de-campo-living-es\/"},"img":{"alt_text":"","src":"https:\/\/i0.wp.com\/casadecampoliving.com\/wp-content\/uploads\/2022\/10\/23475710186_87381b1b83_z-1.jpg?fit=640%2C360&ssl=1&resize=350%2C200","width":350,"height":200,"srcset":"https:\/\/i0.wp.com\/casadecampoliving.com\/wp-content\/uploads\/2022\/10\/23475710186_87381b1b83_z-1.jpg?fit=640%2C360&ssl=1&resize=350%2C200 1x, https:\/\/i0.wp.com\/casadecampoliving.com\/wp-content\/uploads\/2022\/10\/23475710186_87381b1b83_z-1.jpg?fit=640%2C360&ssl=1&resize=525%2C300 1.5x"},"classes":[]},{"id":345511,"url":"https:\/\/casadecampoliving.com\/es\/aeropuerto-internacional-de-punta-cana-abre-segunda-terminal\/","url_meta":{"origin":345358,"position":5},"title":"Aeropuerto Internacional de Punta Cana abrir\u00e1 su segunda terminal","author":"Maria Isabel B\u00e1ez","date":"4 Oct, 2014","format":false,"excerpt":"El Aeropuerto Internacional de Punta Cana, a tan solo 45 minutos de Casa de Campo, celebrar\u00e1 pronto la apertura de su segunda terminal. La nueva Terminal B est\u00e1 programada para abrir en noviembre del a\u00f1o en curso y se espera que manejar\u00e1 a 2.6 millones de pasajeros durante su primer\u2026","rel":"","context":"En \u00abCasa de Campo Living @es\u00bb","block_context":{"text":"Casa de Campo Living @es","link":"https:\/\/casadecampoliving.com\/category\/casa-de-campo-living-es\/"},"img":{"alt_text":"Puntacana Airport","src":"https:\/\/i0.wp.com\/casadecampoliving.com\/wp-content\/uploads\/2022\/10\/puntacana_airport-e1412280728623.png?fit=553%2C366&ssl=1&resize=350%2C200","width":350,"height":200,"srcset":"https:\/\/i0.wp.com\/casadecampoliving.com\/wp-content\/uploads\/2022\/10\/puntacana_airport-e1412280728623.png?fit=553%2C366&ssl=1&resize=350%2C200 1x, https:\/\/i0.wp.com\/casadecampoliving.com\/wp-content\/uploads\/2022\/10\/puntacana_airport-e1412280728623.png?fit=553%2C366&ssl=1&resize=525%2C300 1.5x"},"classes":[]}],"jetpack_sharing_enabled":true,"_links":{"self":[{"href":"https:\/\/casadecampoliving.com\/es\/wp-json\/wp\/v2\/posts\/345358","targetHints":{"allow":["GET"]}}],"collection":[{"href":"https:\/\/casadecampoliving.com\/es\/wp-json\/wp\/v2\/posts"}],"about":[{"href":"https:\/\/casadecampoliving.com\/es\/wp-json\/wp\/v2\/types\/post"}],"author":[{"embeddable":true,"href":"https:\/\/casadecampoliving.com\/es\/wp-json\/wp\/v2\/users\/22010"}],"replies":[{"embeddable":true,"href":"https:\/\/casadecampoliving.com\/es\/wp-json\/wp\/v2\/comments?post=345358"}],"version-history":[{"count":1,"href":"https:\/\/casadecampoliving.com\/es\/wp-json\/wp\/v2\/posts\/345358\/revisions"}],"predecessor-version":[{"id":345359,"href":"https:\/\/casadecampoliving.com\/es\/wp-json\/wp\/v2\/posts\/345358\/revisions\/345359"}],"wp:featuredmedia":[{"embeddable":true,"href":"https:\/\/casadecampoliving.com\/es\/wp-json\/wp\/v2\/media\/274692"}],"wp:attachment":[{"href":"https:\/\/casadecampoliving.com\/es\/wp-json\/wp\/v2\/media?parent=345358"}],"wp:term":[{"taxonomy":"category","embeddable":true,"href":"https:\/\/casadecampoliving.com\/es\/wp-json\/wp\/v2\/categories?post=345358"},{"taxonomy":"post_tag","embeddable":true,"href":"https:\/\/casadecampoliving.com\/es\/wp-json\/wp\/v2\/tags?post=345358"},{"taxonomy":"newspack_spnsrs_tax","embeddable":true,"href":"https:\/\/casadecampoliving.com\/es\/wp-json\/wp\/v2\/newspack_spnsrs_tax?post=345358"}],"curies":[{"name":"wp","href":"https:\/\/api.w.org\/{rel}","templated":true}]}}