{"id":345342,"date":"2014-09-12T00:00:00","date_gmt":"2014-09-12T04:00:00","guid":{"rendered":"https:\/\/casadecampoliving.com\/retorno-de-vuelos-entre-la-romana-y-miami-tienen-un-retraso-hasta-diciembre\/"},"modified":"2022-10-21T18:50:13","modified_gmt":"2022-10-21T22:50:13","slug":"retorno-de-vuelos-entre-la-romana-y-miami-tienen-un-retraso-hasta-diciembre","status":"publish","type":"post","link":"https:\/\/casadecampoliving.com\/es\/retorno-de-vuelos-entre-la-romana-y-miami-tienen-un-retraso-hasta-diciembre\/","title":{"rendered":"Reanudaci\u00f3n de vuelos entre La Romana y Miami tienen un retraso"},"content":{"rendered":"<div class=\"wp-block-image\">\n<figure class=\"aligncenter is-resized\"><img loading=\"lazy\" decoding=\"async\" src=\"https:\/\/i0.wp.com\/casadecampoliving.com\/wp-content\/uploads\/2022\/10\/la_romana_airport_boeing_787.jpg?resize=650%2C282&amp;ssl=1\" alt=\"La Romana - Casa de Campo airport Boeing 787\" class=\"wp-image-81655\" height=\"282\" width=\"650\"\/><\/figure>\n<\/div>\n\n\n<p>El vuelo directo entre Miami y La Romana est\u00e1 actualmente suspendido, y aunque originalmente estaba pautado que volviera a empezar el 5 de Noviembre, ahora ha sido movido hasta el 18 de Diciembre.<\/p>\n\n\n\n<!--more-->\n\n\n\n<p>El vuelo estar\u00e1 a la venta a partir del 18 de diciembre, y la programaci\u00f3n es la siguiente:<\/p>\n\n\n\n<p>Llega a La Romana desde Miami: 3:46pm<br>\nSale de La Romana a la ciudad de Miami: 4:21pm<\/p>\n\n\n\n<p>Puede reservar su vuelo en:&nbsp;<a href=\"http:\/\/www.aa.com\/international\/internationalSplashAccess.do?countryCodeForIP=DO\">www.aa.com<\/a><\/p>\n\n\n\n<p>Para los propietarios de villa de Casa de Campo o visitantes que piensan volver a Casa de Campo antes del 18 de diciembre hay vuelos directos desde Miami a Santo Domingo y Punta Cana con jetBlue y American Airlines. Recuerde que gracias a la nueva autopista El Coral el tiempo de viaje a Casa de Campo de Punta Cana se encuentra a tan solo 45 minutos, mientras tanto gracias a la nueva circunvalaci\u00f3n, La Romana est\u00e1 a s\u00f3lo 1 hora de Santo Domingo.<\/p>\n\n\n\n<p>La siguiente es la programaci\u00f3n completa de los vuelos disponibles actualmente en el aeropuerto La Romana \u2013 Casa de Campo.<\/p>\n\n\n<div class=\"wp-block-image\">\n<figure class=\"aligncenter is-resized\"><img loading=\"lazy\" decoding=\"async\" src=\"https:\/\/i0.wp.com\/casadecampoliving.com\/wp-content\/uploads\/2022\/10\/la-romana-airport-flights-1.jpg?resize=650%2C719&amp;ssl=1\" alt=\"La Romana airport flights\" class=\"wp-image-95933\" height=\"719\" width=\"650\"\/><\/figure>\n<\/div>","protected":false},"excerpt":{"rendered":"<p>El vuelo directo entre Miami y La Romana est\u00e1 actualmente suspendido, y aunque originalmente estaba pautado que volviera a empezar el 5 de Noviembre, ahora ha sido movido hasta el 18 de Diciembre.<\/p>\n","protected":false},"author":23245,"featured_media":237220,"comment_status":"closed","ping_status":"closed","sticky":false,"template":"","format":"standard","meta":{"newspack_ads_suppress_ads":false,"newspack_popups_has_disabled_popups":false,"newspack_sponsor_sponsorship_scope":"","newspack_sponsor_native_byline_display":"inherit","newspack_sponsor_native_category_display":"inherit","newspack_sponsor_underwriter_style":"inherit","newspack_sponsor_underwriter_placement":"inherit","_newspack_byline_active":false,"_newspack_byline":"","newspack_hide_updated_date":false,"newspack_show_updated_date":false,"newspack_content_restriction_is_exempt":false,"newspack_featured_image_position":"","newspack_post_subtitle":"","newspack_article_summary_title":"Overview:","newspack_article_summary":"","_jetpack_memberships_contains_paid_content":false,"footnotes":"","jetpack_publicize_message":"","jetpack_publicize_feature_enabled":true,"jetpack_social_post_already_shared":false,"jetpack_social_options":{"image_generator_settings":{"template":"highway","default_image_id":0,"font":"","enabled":false},"version":2},"_wpas_customize_per_network":false},"categories":[26936,26951,2524,14631,14625,2521],"tags":[2656,2553,536,2293],"newspack_spnsrs_tax":[],"class_list":["post-345342","post","type-post","status-publish","format-standard","has-post-thumbnail","hentry","category-casa-de-campo-living-es","category-ccl-presenta","category-destacados","category-estilo-de-vida","category-noticias-locales","category-republica-dominicana-2","tag-aeropuerto-la-romana","tag-aeropuerto-la-romana-casa-de-campo","tag-american-airlines","tag-jet-blue","entry"],"yoast_head":"<!-- This site is optimized with the Yoast SEO plugin v27.4 - https:\/\/yoast.com\/product\/yoast-seo-wordpress\/ -->\n<title>Reanudaci\u00f3n de vuelos entre La Romana y Miami tienen un retraso | Casa de Campo Living<\/title>\n<meta name=\"description\" content=\"El vuelo directo entre Miami y La Romana est\u00e1 actualmente suspendido, y aunque originalmente estaba pautado que volviera a empezar el 5 de Noviembre,\" \/>\n<meta name=\"robots\" content=\"index, follow, max-snippet:-1, max-image-preview:large, max-video-preview:-1\" \/>\n<link rel=\"canonical\" href=\"https:\/\/casadecampoliving.com\/es\/retorno-de-vuelos-entre-la-romana-y-miami-tienen-un-retraso-hasta-diciembre\/\" \/>\n<meta property=\"og:locale\" content=\"es_ES\" \/>\n<meta property=\"og:type\" content=\"article\" \/>\n<meta property=\"og:title\" content=\"Reanudaci\u00f3n de vuelos entre La Romana y Miami tienen un retraso | Casa de Campo Living\" \/>\n<meta property=\"og:description\" content=\"El vuelo directo entre Miami y La Romana est\u00e1 actualmente suspendido, y aunque originalmente estaba pautado que volviera a empezar el 5 de Noviembre,\" \/>\n<meta property=\"og:url\" content=\"https:\/\/casadecampoliving.com\/es\/retorno-de-vuelos-entre-la-romana-y-miami-tienen-un-retraso-hasta-diciembre\/\" \/>\n<meta property=\"og:site_name\" content=\"Casa de Campo Living\" \/>\n<meta property=\"article:publisher\" content=\"https:\/\/www.facebook.com\/casadecampoliving\" \/>\n<meta property=\"article:published_time\" content=\"2014-09-12T04:00:00+00:00\" \/>\n<meta property=\"article:modified_time\" content=\"2022-10-21T22:50:13+00:00\" \/>\n<meta property=\"og:image\" content=\"https:\/\/i0.wp.com\/casadecampoliving.com\/wp-content\/uploads\/2022\/10\/la_romana_airport_boeing_787-1.jpg?fit=650%2C282&ssl=1\" \/>\n\t<meta property=\"og:image:width\" content=\"650\" \/>\n\t<meta property=\"og:image:height\" content=\"282\" \/>\n\t<meta property=\"og:image:type\" content=\"image\/jpeg\" \/>\n<meta name=\"author\" content=\"Daniela Medina\" \/>\n<meta name=\"twitter:card\" content=\"summary_large_image\" \/>\n<meta name=\"twitter:creator\" content=\"@cdcliving\" \/>\n<meta name=\"twitter:site\" content=\"@cdcliving\" \/>\n<meta name=\"twitter:label1\" content=\"Escrito por\" \/>\n\t<meta name=\"twitter:data1\" content=\"Daniela Medina\" \/>\n\t<meta name=\"twitter:label2\" content=\"Tiempo de lectura\" \/>\n\t<meta name=\"twitter:data2\" content=\"1 minuto\" \/>\n<script type=\"application\/ld+json\" class=\"yoast-schema-graph\">{\"@context\":\"https:\\\/\\\/schema.org\",\"@graph\":[{\"@type\":\"Article\",\"@id\":\"https:\\\/\\\/casadecampoliving.com\\\/es\\\/retorno-de-vuelos-entre-la-romana-y-miami-tienen-un-retraso-hasta-diciembre\\\/#article\",\"isPartOf\":{\"@id\":\"https:\\\/\\\/casadecampoliving.com\\\/es\\\/retorno-de-vuelos-entre-la-romana-y-miami-tienen-un-retraso-hasta-diciembre\\\/\"},\"author\":{\"name\":\"Daniela Medina\",\"@id\":\"https:\\\/\\\/casadecampoliving.com\\\/es\\\/#\\\/schema\\\/person\\\/20e49d1b22266dc2b8f020b38201bd4e\"},\"headline\":\"Reanudaci\u00f3n de vuelos entre La Romana y Miami tienen un retraso\",\"datePublished\":\"2014-09-12T04:00:00+00:00\",\"dateModified\":\"2022-10-21T22:50:13+00:00\",\"mainEntityOfPage\":{\"@id\":\"https:\\\/\\\/casadecampoliving.com\\\/es\\\/retorno-de-vuelos-entre-la-romana-y-miami-tienen-un-retraso-hasta-diciembre\\\/\"},\"wordCount\":189,\"publisher\":{\"@id\":\"https:\\\/\\\/casadecampoliving.com\\\/es\\\/#organization\"},\"image\":{\"@id\":\"https:\\\/\\\/casadecampoliving.com\\\/es\\\/retorno-de-vuelos-entre-la-romana-y-miami-tienen-un-retraso-hasta-diciembre\\\/#primaryimage\"},\"thumbnailUrl\":\"https:\\\/\\\/i0.wp.com\\\/casadecampoliving.com\\\/wp-content\\\/uploads\\\/2022\\\/10\\\/la_romana_airport_boeing_787-1.jpg?fit=650%2C282&ssl=1\",\"keywords\":[\"aeropuerto la romana\",\"aeropuerto la romana casa de campo\",\"american airlines\",\"jet blue\"],\"articleSection\":[\"Casa de Campo Living @es\",\"CCL presenta\",\"Destacados\",\"Estilo de Vida\",\"Noticias Locales\",\"Rep\u00fablica Dominicana @es\"],\"inLanguage\":\"es\"},{\"@type\":\"WebPage\",\"@id\":\"https:\\\/\\\/casadecampoliving.com\\\/es\\\/retorno-de-vuelos-entre-la-romana-y-miami-tienen-un-retraso-hasta-diciembre\\\/\",\"url\":\"https:\\\/\\\/casadecampoliving.com\\\/es\\\/retorno-de-vuelos-entre-la-romana-y-miami-tienen-un-retraso-hasta-diciembre\\\/\",\"name\":\"Reanudaci\u00f3n de vuelos entre La Romana y Miami tienen un retraso | Casa de Campo Living\",\"isPartOf\":{\"@id\":\"https:\\\/\\\/casadecampoliving.com\\\/es\\\/#website\"},\"primaryImageOfPage\":{\"@id\":\"https:\\\/\\\/casadecampoliving.com\\\/es\\\/retorno-de-vuelos-entre-la-romana-y-miami-tienen-un-retraso-hasta-diciembre\\\/#primaryimage\"},\"image\":{\"@id\":\"https:\\\/\\\/casadecampoliving.com\\\/es\\\/retorno-de-vuelos-entre-la-romana-y-miami-tienen-un-retraso-hasta-diciembre\\\/#primaryimage\"},\"thumbnailUrl\":\"https:\\\/\\\/i0.wp.com\\\/casadecampoliving.com\\\/wp-content\\\/uploads\\\/2022\\\/10\\\/la_romana_airport_boeing_787-1.jpg?fit=650%2C282&ssl=1\",\"datePublished\":\"2014-09-12T04:00:00+00:00\",\"dateModified\":\"2022-10-21T22:50:13+00:00\",\"description\":\"El vuelo directo entre Miami y La Romana est\u00e1 actualmente suspendido, y aunque originalmente estaba pautado que volviera a empezar el 5 de Noviembre,\",\"breadcrumb\":{\"@id\":\"https:\\\/\\\/casadecampoliving.com\\\/es\\\/retorno-de-vuelos-entre-la-romana-y-miami-tienen-un-retraso-hasta-diciembre\\\/#breadcrumb\"},\"inLanguage\":\"es\",\"potentialAction\":[{\"@type\":\"ReadAction\",\"target\":[\"https:\\\/\\\/casadecampoliving.com\\\/es\\\/retorno-de-vuelos-entre-la-romana-y-miami-tienen-un-retraso-hasta-diciembre\\\/\"]}]},{\"@type\":\"ImageObject\",\"inLanguage\":\"es\",\"@id\":\"https:\\\/\\\/casadecampoliving.com\\\/es\\\/retorno-de-vuelos-entre-la-romana-y-miami-tienen-un-retraso-hasta-diciembre\\\/#primaryimage\",\"url\":\"https:\\\/\\\/i0.wp.com\\\/casadecampoliving.com\\\/wp-content\\\/uploads\\\/2022\\\/10\\\/la_romana_airport_boeing_787-1.jpg?fit=650%2C282&ssl=1\",\"contentUrl\":\"https:\\\/\\\/i0.wp.com\\\/casadecampoliving.com\\\/wp-content\\\/uploads\\\/2022\\\/10\\\/la_romana_airport_boeing_787-1.jpg?fit=650%2C282&ssl=1\",\"width\":650,\"height\":282,\"caption\":\"La Romana - Casa de Campo airport Boeing 787\"},{\"@type\":\"BreadcrumbList\",\"@id\":\"https:\\\/\\\/casadecampoliving.com\\\/es\\\/retorno-de-vuelos-entre-la-romana-y-miami-tienen-un-retraso-hasta-diciembre\\\/#breadcrumb\",\"itemListElement\":[{\"@type\":\"ListItem\",\"position\":1,\"name\":\"Home\",\"item\":\"https:\\\/\\\/casadecampoliving.com\\\/es\\\/\"},{\"@type\":\"ListItem\",\"position\":2,\"name\":\"Reanudaci\u00f3n de vuelos entre La Romana y Miami tienen un retraso\"}]},{\"@type\":\"WebSite\",\"@id\":\"https:\\\/\\\/casadecampoliving.com\\\/es\\\/#website\",\"url\":\"https:\\\/\\\/casadecampoliving.com\\\/es\\\/\",\"name\":\"Casa de Campo Living\",\"description\":\"Resort community news and resources.\",\"publisher\":{\"@id\":\"https:\\\/\\\/casadecampoliving.com\\\/es\\\/#organization\"},\"potentialAction\":[{\"@type\":\"SearchAction\",\"target\":{\"@type\":\"EntryPoint\",\"urlTemplate\":\"https:\\\/\\\/casadecampoliving.com\\\/es\\\/?s={search_term_string}\"},\"query-input\":{\"@type\":\"PropertyValueSpecification\",\"valueRequired\":true,\"valueName\":\"search_term_string\"}}],\"inLanguage\":\"es\"},{\"@type\":\"Organization\",\"@id\":\"https:\\\/\\\/casadecampoliving.com\\\/es\\\/#organization\",\"name\":\"Casa de Campo Living\",\"url\":\"https:\\\/\\\/casadecampoliving.com\\\/es\\\/\",\"logo\":{\"@type\":\"ImageObject\",\"inLanguage\":\"es\",\"@id\":\"https:\\\/\\\/casadecampoliving.com\\\/es\\\/#\\\/schema\\\/logo\\\/image\\\/\",\"url\":\"https:\\\/\\\/i0.wp.com\\\/casadecampoliving.com\\\/wp-content\\\/uploads\\\/2022\\\/07\\\/CDCLivingLogo_V1-white-sized.png?fit=800%2C214&ssl=1\",\"contentUrl\":\"https:\\\/\\\/i0.wp.com\\\/casadecampoliving.com\\\/wp-content\\\/uploads\\\/2022\\\/07\\\/CDCLivingLogo_V1-white-sized.png?fit=800%2C214&ssl=1\",\"width\":800,\"height\":214,\"caption\":\"Casa de Campo Living\"},\"image\":{\"@id\":\"https:\\\/\\\/casadecampoliving.com\\\/es\\\/#\\\/schema\\\/logo\\\/image\\\/\"},\"sameAs\":[\"https:\\\/\\\/www.facebook.com\\\/casadecampoliving\",\"https:\\\/\\\/x.com\\\/cdcliving\"]},{\"@type\":\"Person\",\"@id\":\"https:\\\/\\\/casadecampoliving.com\\\/es\\\/#\\\/schema\\\/person\\\/20e49d1b22266dc2b8f020b38201bd4e\",\"name\":\"Daniela Medina\",\"image\":{\"@type\":\"ImageObject\",\"inLanguage\":\"es\",\"@id\":\"https:\\\/\\\/secure.gravatar.com\\\/avatar\\\/65aa8415724474307d634c8364a0bd8ee551c4f0f01f2ffcc53e5a9856cb7369?s=96&d=mm&r=g\",\"url\":\"https:\\\/\\\/secure.gravatar.com\\\/avatar\\\/65aa8415724474307d634c8364a0bd8ee551c4f0f01f2ffcc53e5a9856cb7369?s=96&d=mm&r=g\",\"contentUrl\":\"https:\\\/\\\/secure.gravatar.com\\\/avatar\\\/65aa8415724474307d634c8364a0bd8ee551c4f0f01f2ffcc53e5a9856cb7369?s=96&d=mm&r=g\",\"caption\":\"Daniela Medina\"},\"url\":\"https:\\\/\\\/casadecampoliving.com\\\/es\\\/author\\\/dmedina\\\/\"}]}<\/script>\n<!-- \/ Yoast SEO plugin. -->","yoast_head_json":{"title":"Reanudaci\u00f3n de vuelos entre La Romana y Miami tienen un retraso | Casa de Campo Living","description":"El vuelo directo entre Miami y La Romana est\u00e1 actualmente suspendido, y aunque originalmente estaba pautado que volviera a empezar el 5 de Noviembre,","robots":{"index":"index","follow":"follow","max-snippet":"max-snippet:-1","max-image-preview":"max-image-preview:large","max-video-preview":"max-video-preview:-1"},"canonical":"https:\/\/casadecampoliving.com\/es\/retorno-de-vuelos-entre-la-romana-y-miami-tienen-un-retraso-hasta-diciembre\/","og_locale":"es_ES","og_type":"article","og_title":"Reanudaci\u00f3n de vuelos entre La Romana y Miami tienen un retraso | Casa de Campo Living","og_description":"El vuelo directo entre Miami y La Romana est\u00e1 actualmente suspendido, y aunque originalmente estaba pautado que volviera a empezar el 5 de Noviembre,","og_url":"https:\/\/casadecampoliving.com\/es\/retorno-de-vuelos-entre-la-romana-y-miami-tienen-un-retraso-hasta-diciembre\/","og_site_name":"Casa de Campo Living","article_publisher":"https:\/\/www.facebook.com\/casadecampoliving","article_published_time":"2014-09-12T04:00:00+00:00","article_modified_time":"2022-10-21T22:50:13+00:00","og_image":[{"width":650,"height":282,"url":"https:\/\/i0.wp.com\/casadecampoliving.com\/wp-content\/uploads\/2022\/10\/la_romana_airport_boeing_787-1.jpg?fit=650%2C282&ssl=1","type":"image\/jpeg"}],"author":"Daniela Medina","twitter_card":"summary_large_image","twitter_creator":"@cdcliving","twitter_site":"@cdcliving","twitter_misc":{"Escrito por":"Daniela Medina","Tiempo de lectura":"1 minuto"},"schema":{"@context":"https:\/\/schema.org","@graph":[{"@type":"Article","@id":"https:\/\/casadecampoliving.com\/es\/retorno-de-vuelos-entre-la-romana-y-miami-tienen-un-retraso-hasta-diciembre\/#article","isPartOf":{"@id":"https:\/\/casadecampoliving.com\/es\/retorno-de-vuelos-entre-la-romana-y-miami-tienen-un-retraso-hasta-diciembre\/"},"author":{"name":"Daniela Medina","@id":"https:\/\/casadecampoliving.com\/es\/#\/schema\/person\/20e49d1b22266dc2b8f020b38201bd4e"},"headline":"Reanudaci\u00f3n de vuelos entre La Romana y Miami tienen un retraso","datePublished":"2014-09-12T04:00:00+00:00","dateModified":"2022-10-21T22:50:13+00:00","mainEntityOfPage":{"@id":"https:\/\/casadecampoliving.com\/es\/retorno-de-vuelos-entre-la-romana-y-miami-tienen-un-retraso-hasta-diciembre\/"},"wordCount":189,"publisher":{"@id":"https:\/\/casadecampoliving.com\/es\/#organization"},"image":{"@id":"https:\/\/casadecampoliving.com\/es\/retorno-de-vuelos-entre-la-romana-y-miami-tienen-un-retraso-hasta-diciembre\/#primaryimage"},"thumbnailUrl":"https:\/\/i0.wp.com\/casadecampoliving.com\/wp-content\/uploads\/2022\/10\/la_romana_airport_boeing_787-1.jpg?fit=650%2C282&ssl=1","keywords":["aeropuerto la romana","aeropuerto la romana casa de campo","american airlines","jet blue"],"articleSection":["Casa de Campo Living @es","CCL presenta","Destacados","Estilo de Vida","Noticias Locales","Rep\u00fablica Dominicana @es"],"inLanguage":"es"},{"@type":"WebPage","@id":"https:\/\/casadecampoliving.com\/es\/retorno-de-vuelos-entre-la-romana-y-miami-tienen-un-retraso-hasta-diciembre\/","url":"https:\/\/casadecampoliving.com\/es\/retorno-de-vuelos-entre-la-romana-y-miami-tienen-un-retraso-hasta-diciembre\/","name":"Reanudaci\u00f3n de vuelos entre La Romana y Miami tienen un retraso | Casa de Campo Living","isPartOf":{"@id":"https:\/\/casadecampoliving.com\/es\/#website"},"primaryImageOfPage":{"@id":"https:\/\/casadecampoliving.com\/es\/retorno-de-vuelos-entre-la-romana-y-miami-tienen-un-retraso-hasta-diciembre\/#primaryimage"},"image":{"@id":"https:\/\/casadecampoliving.com\/es\/retorno-de-vuelos-entre-la-romana-y-miami-tienen-un-retraso-hasta-diciembre\/#primaryimage"},"thumbnailUrl":"https:\/\/i0.wp.com\/casadecampoliving.com\/wp-content\/uploads\/2022\/10\/la_romana_airport_boeing_787-1.jpg?fit=650%2C282&ssl=1","datePublished":"2014-09-12T04:00:00+00:00","dateModified":"2022-10-21T22:50:13+00:00","description":"El vuelo directo entre Miami y La Romana est\u00e1 actualmente suspendido, y aunque originalmente estaba pautado que volviera a empezar el 5 de Noviembre,","breadcrumb":{"@id":"https:\/\/casadecampoliving.com\/es\/retorno-de-vuelos-entre-la-romana-y-miami-tienen-un-retraso-hasta-diciembre\/#breadcrumb"},"inLanguage":"es","potentialAction":[{"@type":"ReadAction","target":["https:\/\/casadecampoliving.com\/es\/retorno-de-vuelos-entre-la-romana-y-miami-tienen-un-retraso-hasta-diciembre\/"]}]},{"@type":"ImageObject","inLanguage":"es","@id":"https:\/\/casadecampoliving.com\/es\/retorno-de-vuelos-entre-la-romana-y-miami-tienen-un-retraso-hasta-diciembre\/#primaryimage","url":"https:\/\/i0.wp.com\/casadecampoliving.com\/wp-content\/uploads\/2022\/10\/la_romana_airport_boeing_787-1.jpg?fit=650%2C282&ssl=1","contentUrl":"https:\/\/i0.wp.com\/casadecampoliving.com\/wp-content\/uploads\/2022\/10\/la_romana_airport_boeing_787-1.jpg?fit=650%2C282&ssl=1","width":650,"height":282,"caption":"La Romana - Casa de Campo airport Boeing 787"},{"@type":"BreadcrumbList","@id":"https:\/\/casadecampoliving.com\/es\/retorno-de-vuelos-entre-la-romana-y-miami-tienen-un-retraso-hasta-diciembre\/#breadcrumb","itemListElement":[{"@type":"ListItem","position":1,"name":"Home","item":"https:\/\/casadecampoliving.com\/es\/"},{"@type":"ListItem","position":2,"name":"Reanudaci\u00f3n de vuelos entre La Romana y Miami tienen un retraso"}]},{"@type":"WebSite","@id":"https:\/\/casadecampoliving.com\/es\/#website","url":"https:\/\/casadecampoliving.com\/es\/","name":"Casa de Campo Living","description":"Resort community news and resources.","publisher":{"@id":"https:\/\/casadecampoliving.com\/es\/#organization"},"potentialAction":[{"@type":"SearchAction","target":{"@type":"EntryPoint","urlTemplate":"https:\/\/casadecampoliving.com\/es\/?s={search_term_string}"},"query-input":{"@type":"PropertyValueSpecification","valueRequired":true,"valueName":"search_term_string"}}],"inLanguage":"es"},{"@type":"Organization","@id":"https:\/\/casadecampoliving.com\/es\/#organization","name":"Casa de Campo Living","url":"https:\/\/casadecampoliving.com\/es\/","logo":{"@type":"ImageObject","inLanguage":"es","@id":"https:\/\/casadecampoliving.com\/es\/#\/schema\/logo\/image\/","url":"https:\/\/i0.wp.com\/casadecampoliving.com\/wp-content\/uploads\/2022\/07\/CDCLivingLogo_V1-white-sized.png?fit=800%2C214&ssl=1","contentUrl":"https:\/\/i0.wp.com\/casadecampoliving.com\/wp-content\/uploads\/2022\/07\/CDCLivingLogo_V1-white-sized.png?fit=800%2C214&ssl=1","width":800,"height":214,"caption":"Casa de Campo Living"},"image":{"@id":"https:\/\/casadecampoliving.com\/es\/#\/schema\/logo\/image\/"},"sameAs":["https:\/\/www.facebook.com\/casadecampoliving","https:\/\/x.com\/cdcliving"]},{"@type":"Person","@id":"https:\/\/casadecampoliving.com\/es\/#\/schema\/person\/20e49d1b22266dc2b8f020b38201bd4e","name":"Daniela Medina","image":{"@type":"ImageObject","inLanguage":"es","@id":"https:\/\/secure.gravatar.com\/avatar\/65aa8415724474307d634c8364a0bd8ee551c4f0f01f2ffcc53e5a9856cb7369?s=96&d=mm&r=g","url":"https:\/\/secure.gravatar.com\/avatar\/65aa8415724474307d634c8364a0bd8ee551c4f0f01f2ffcc53e5a9856cb7369?s=96&d=mm&r=g","contentUrl":"https:\/\/secure.gravatar.com\/avatar\/65aa8415724474307d634c8364a0bd8ee551c4f0f01f2ffcc53e5a9856cb7369?s=96&d=mm&r=g","caption":"Daniela Medina"},"url":"https:\/\/casadecampoliving.com\/es\/author\/dmedina\/"}]}},"parsely":{"version":"1.1.0","canonical_url":"https:\/\/casadecampoliving.com\/es\/retorno-de-vuelos-entre-la-romana-y-miami-tienen-un-retraso-hasta-diciembre\/","smart_links":{"inbound":0,"outbound":0},"traffic_boost_suggestions_count":0,"meta":{"@context":"https:\/\/schema.org","@type":"NewsArticle","headline":"Reanudaci\u00f3n de vuelos entre La Romana y Miami tienen un retraso","url":"http:\/\/casadecampoliving.com\/es\/retorno-de-vuelos-entre-la-romana-y-miami-tienen-un-retraso-hasta-diciembre\/","mainEntityOfPage":{"@type":"WebPage","@id":"http:\/\/casadecampoliving.com\/es\/retorno-de-vuelos-entre-la-romana-y-miami-tienen-un-retraso-hasta-diciembre\/"},"thumbnailUrl":"https:\/\/i0.wp.com\/casadecampoliving.com\/wp-content\/uploads\/2022\/10\/la_romana_airport_boeing_787-1.jpg?resize=150%2C150&ssl=1","image":{"@type":"ImageObject","url":"https:\/\/i0.wp.com\/casadecampoliving.com\/wp-content\/uploads\/2022\/10\/la_romana_airport_boeing_787-1.jpg?fit=650%2C282&ssl=1"},"articleSection":"CCL presenta","author":[{"@type":"Person","name":"Daniela Medina"}],"creator":["Daniela Medina"],"publisher":{"@type":"Organization","name":"Casa de Campo Living","logo":"https:\/\/casadecampoliving.com\/wp-content\/uploads\/2022\/07\/CDCLivingLogo_V1-white-sized.png"},"keywords":["aeropuerto la romana","aeropuerto la romana casa de campo","american airlines","jet blue"],"dateCreated":"2014-09-12T04:00:00Z","datePublished":"2014-09-12T04:00:00Z","dateModified":"2022-10-21T22:50:13Z"},"rendered":"<script type=\"application\/ld+json\" class=\"wp-parsely-metadata\">{\"@context\":\"https:\\\/\\\/schema.org\",\"@type\":\"NewsArticle\",\"headline\":\"Reanudaci\\u00f3n de vuelos entre La Romana y Miami tienen un retraso\",\"url\":\"http:\\\/\\\/casadecampoliving.com\\\/es\\\/retorno-de-vuelos-entre-la-romana-y-miami-tienen-un-retraso-hasta-diciembre\\\/\",\"mainEntityOfPage\":{\"@type\":\"WebPage\",\"@id\":\"http:\\\/\\\/casadecampoliving.com\\\/es\\\/retorno-de-vuelos-entre-la-romana-y-miami-tienen-un-retraso-hasta-diciembre\\\/\"},\"thumbnailUrl\":\"https:\\\/\\\/i0.wp.com\\\/casadecampoliving.com\\\/wp-content\\\/uploads\\\/2022\\\/10\\\/la_romana_airport_boeing_787-1.jpg?resize=150%2C150&ssl=1\",\"image\":{\"@type\":\"ImageObject\",\"url\":\"https:\\\/\\\/i0.wp.com\\\/casadecampoliving.com\\\/wp-content\\\/uploads\\\/2022\\\/10\\\/la_romana_airport_boeing_787-1.jpg?fit=650%2C282&ssl=1\"},\"articleSection\":\"CCL presenta\",\"author\":[{\"@type\":\"Person\",\"name\":\"Daniela Medina\"}],\"creator\":[\"Daniela Medina\"],\"publisher\":{\"@type\":\"Organization\",\"name\":\"Casa de Campo Living\",\"logo\":\"https:\\\/\\\/casadecampoliving.com\\\/wp-content\\\/uploads\\\/2022\\\/07\\\/CDCLivingLogo_V1-white-sized.png\"},\"keywords\":[\"aeropuerto la romana\",\"aeropuerto la romana casa de campo\",\"american airlines\",\"jet blue\"],\"dateCreated\":\"2014-09-12T04:00:00Z\",\"datePublished\":\"2014-09-12T04:00:00Z\",\"dateModified\":\"2022-10-21T22:50:13Z\"}<\/script>","tracker_url":"https:\/\/cdn.parsely.com\/keys\/casadecampoliving.com\/p.js"},"jetpack_publicize_connections":[],"jetpack_featured_media_url":"https:\/\/i0.wp.com\/casadecampoliving.com\/wp-content\/uploads\/2022\/10\/la_romana_airport_boeing_787-1.jpg?fit=650%2C282&ssl=1","jetpack-related-posts":[{"id":344948,"url":"https:\/\/casadecampoliving.com\/es\/vuelos-diarios-la-romana-miami-restablecidos\/","url_meta":{"origin":345342,"position":0},"title":"Vuelos diarios La Romana-Miami ser\u00e1n restablecidos en noviembre","author":"Maria Isabel B\u00e1ez","date":"24 Ago, 2014","format":false,"excerpt":"Los viajes directos de American Eagle entre el aeropuerto internacional Casa de Campo-La Romana y Miami ser\u00e1n restablecidos diariamente en noviembre diciembre. Bueno, algunos de ustedes estar\u00e1n un poco confundidos por la palabra \u201crestablecidos\u201d\u2026 lo que pasa es que las conexiones diarias entre el Aeropuerto Internacional Casa de Campo-La Romana\u2026","rel":"","context":"En \u00abCasa de Campo Living @es\u00bb","block_context":{"text":"Casa de Campo Living @es","link":"https:\/\/casadecampoliving.com\/category\/casa-de-campo-living-es\/"},"img":{"alt_text":"American Eagle","src":"https:\/\/i0.wp.com\/casadecampoliving.com\/wp-content\/uploads\/2014\/08\/american_eagle.jpg?resize=350%2C200&ssl=1","width":350,"height":200,"srcset":"https:\/\/i0.wp.com\/casadecampoliving.com\/wp-content\/uploads\/2014\/08\/american_eagle.jpg?resize=350%2C200&ssl=1 1x, https:\/\/i0.wp.com\/casadecampoliving.com\/wp-content\/uploads\/2014\/08\/american_eagle.jpg?resize=525%2C300&ssl=1 1.5x, https:\/\/i0.wp.com\/casadecampoliving.com\/wp-content\/uploads\/2014\/08\/american_eagle.jpg?resize=700%2C400&ssl=1 2x, https:\/\/i0.wp.com\/casadecampoliving.com\/wp-content\/uploads\/2014\/08\/american_eagle.jpg?resize=1050%2C600&ssl=1 3x, https:\/\/i0.wp.com\/casadecampoliving.com\/wp-content\/uploads\/2014\/08\/american_eagle.jpg?resize=1400%2C800&ssl=1 4x"},"classes":[]},{"id":346277,"url":"https:\/\/casadecampoliving.com\/es\/vuelos-directos-de-la-romana-miami-reinician\/","url_meta":{"origin":345342,"position":1},"title":"\u00a1Vuelos directos La Romana &#8211; Miami reinician!","author":"Daniela Medina","date":"18 Dic, 2014","format":false,"excerpt":"Hoy 18 de diciembre, \u00a1le damos la bienvenida de nuevo al vuelo directo diario La Romana \u2013 Miami! Como ya sabr\u00e1, la conexi\u00f3n directa y diaria entre el aeropuerto internacional de La Romana \u2013 Casa de Campo y Miami se detuvo temporalmente desde agosto de este a\u00f1o, pero hoy, jueves\u2026","rel":"","context":"En \u00abCasa de Campo Living @es\u00bb","block_context":{"text":"Casa de Campo Living @es","link":"https:\/\/casadecampoliving.com\/category\/casa-de-campo-living-es\/"},"img":{"alt_text":"American Eagle","src":"https:\/\/i0.wp.com\/casadecampoliving.com\/wp-content\/uploads\/2022\/10\/american_eagle-1.jpg?fit=1200%2C799&ssl=1&resize=350%2C200","width":350,"height":200,"srcset":"https:\/\/i0.wp.com\/casadecampoliving.com\/wp-content\/uploads\/2022\/10\/american_eagle-1.jpg?fit=1200%2C799&ssl=1&resize=350%2C200 1x, https:\/\/i0.wp.com\/casadecampoliving.com\/wp-content\/uploads\/2022\/10\/american_eagle-1.jpg?fit=1200%2C799&ssl=1&resize=525%2C300 1.5x, https:\/\/i0.wp.com\/casadecampoliving.com\/wp-content\/uploads\/2022\/10\/american_eagle-1.jpg?fit=1200%2C799&ssl=1&resize=700%2C400 2x, https:\/\/i0.wp.com\/casadecampoliving.com\/wp-content\/uploads\/2022\/10\/american_eagle-1.jpg?fit=1200%2C799&ssl=1&resize=1050%2C600 3x"},"classes":[]},{"id":343043,"url":"https:\/\/casadecampoliving.com\/es\/vuelos-diarios-de-miami-la-romana-empezando-desde-nov-20\/","url_meta":{"origin":345342,"position":2},"title":"Vuelos diarios de Miami a La Romana re-empezando desde nov.20","author":"","date":"10 Oct, 2013","format":false,"excerpt":"\u00a1Buenas noticias para los viajantes de Casa de Campo! los vuelos diarios de Casa de Campo \u2013 La Romana a Miami \u00a0estar\u00e1n disponibles para 21 de noviembre. Mientras el horario de los vuelos de jetBlue a Nueva York se incrementar\u00e1 a 3 veces semanal, saliendo cada lunes, miercoles y s\u00e1bado\u2026","rel":"","context":"En \u00abEstilo de Vida\u00bb","block_context":{"text":"Estilo de Vida","link":"https:\/\/casadecampoliving.com\/es\/category\/estilo-de-vida\/"},"img":{"alt_text":"Daily flights between Miami and La Romana start Nov.20","src":"https:\/\/i0.wp.com\/casadecampoliving.com\/wp-content\/uploads\/2022\/10\/casadecampo_americanairlines-1.jpg?fit=508%2C330&ssl=1&resize=350%2C200","width":350,"height":200},"classes":[]},{"id":533340,"url":"https:\/\/casadecampoliving.com\/es\/la-romana-recibira-nuevos-vuelos-diarios-desde-el-aeropuerto-internacional-de-miami\/","url_meta":{"origin":345342,"position":3},"title":"La Romana recibir\u00e1 nuevos vuelos diarios desde el Aeropuerto Internacional de Miami","author":"Casa de Campo Living","date":"16 Sep, 2024","format":false,"excerpt":"Viajar entre Miami y La Romana ser\u00e1 mucho m\u00e1s f\u00e1cil. A partir del 5 de diciembre de 2024, American Airlines tendr\u00e1 vuelos diarios entre el Aeropuerto Internacional de Miami y La Romana, con tarifas de ida y vuelta a partir de unos $291. El 10 de septiembre, funcionarios del condado\u2026","rel":"","context":"En \u00abCasa de Campo Resort &amp; Villas\u00bb","block_context":{"text":"Casa de Campo Resort &amp; Villas","link":"https:\/\/casadecampoliving.com\/es\/category\/casa-de-campo-resort-villas\/"},"img":{"alt_text":"","src":"https:\/\/i0.wp.com\/casadecampoliving.com\/wp-content\/uploads\/2024\/09\/AA-La-Romana-celebration1-scaled.jpg?fit=1200%2C800&ssl=1&resize=350%2C200","width":350,"height":200,"srcset":"https:\/\/i0.wp.com\/casadecampoliving.com\/wp-content\/uploads\/2024\/09\/AA-La-Romana-celebration1-scaled.jpg?fit=1200%2C800&ssl=1&resize=350%2C200 1x, https:\/\/i0.wp.com\/casadecampoliving.com\/wp-content\/uploads\/2024\/09\/AA-La-Romana-celebration1-scaled.jpg?fit=1200%2C800&ssl=1&resize=525%2C300 1.5x, https:\/\/i0.wp.com\/casadecampoliving.com\/wp-content\/uploads\/2024\/09\/AA-La-Romana-celebration1-scaled.jpg?fit=1200%2C800&ssl=1&resize=700%2C400 2x, https:\/\/i0.wp.com\/casadecampoliving.com\/wp-content\/uploads\/2024\/09\/AA-La-Romana-celebration1-scaled.jpg?fit=1200%2C800&ssl=1&resize=1050%2C600 3x"},"classes":[]},{"id":347820,"url":"https:\/\/casadecampoliving.com\/es\/clase-ejecutiva-en-los-vuelos-diarios-entre-la-romana-miami\/","url_meta":{"origin":345342,"position":4},"title":"Clase ejecutiva en los vuelos diarios entre La Romana &#8211; Miami","author":"Perkin Agramonte","date":"17 Jul, 2015","format":false,"excerpt":"A partir del mes pasado (junio 2015), se han mejorado los vuelos diarios entre La Romana y Miami con aterrizaje en La Romana, con casi el doble de la capacidad e incluso con clase ejecutiva. El vuelo con American Eagle que llegaba todas las tardes alrededor de las 1pm, era\u2026","rel":"","context":"En \u00abAeropuerto Internacional de La Romana, Casa de Campo\u00bb","block_context":{"text":"Aeropuerto Internacional de La Romana, Casa de Campo","link":"https:\/\/casadecampoliving.com\/es\/category\/aeropuerto-internacional-de-la-romana-2\/"},"img":{"alt_text":"American Eagle","src":"https:\/\/i0.wp.com\/casadecampoliving.com\/wp-content\/uploads\/2022\/10\/american_eagle-1.jpg?fit=1200%2C799&ssl=1&resize=350%2C200","width":350,"height":200,"srcset":"https:\/\/i0.wp.com\/casadecampoliving.com\/wp-content\/uploads\/2022\/10\/american_eagle-1.jpg?fit=1200%2C799&ssl=1&resize=350%2C200 1x, https:\/\/i0.wp.com\/casadecampoliving.com\/wp-content\/uploads\/2022\/10\/american_eagle-1.jpg?fit=1200%2C799&ssl=1&resize=525%2C300 1.5x, https:\/\/i0.wp.com\/casadecampoliving.com\/wp-content\/uploads\/2022\/10\/american_eagle-1.jpg?fit=1200%2C799&ssl=1&resize=700%2C400 2x, https:\/\/i0.wp.com\/casadecampoliving.com\/wp-content\/uploads\/2022\/10\/american_eagle-1.jpg?fit=1200%2C799&ssl=1&resize=1050%2C600 3x"},"classes":[]},{"id":344866,"url":"https:\/\/casadecampoliving.com\/es\/destinos-posibles-aeropuerto-la-romana-casa-de-campo\/","url_meta":{"origin":345342,"position":5},"title":"Aeropuerto La Romana: \u00bfHacia donde puede viajar?","author":"Emil Mella","date":"8 Sep, 2014","format":false,"excerpt":"El Aeropuerto Internacional La Romana \u2013 Casa de Campo es uno de los aeropuertos m\u00e1s grandes del pa\u00eds, \u00bfpero a donde puedes viajar, exactamente? Ofreciendo vuelos a\u00a0las metr\u00f3polis m\u00e1s grandes del mundo, el Aeropuerto Internacional La Romana \u2013 Casa de Campo es el tercer aeropuerto m\u00e1s grande de la Rep\u00fablica\u2026","rel":"","context":"En \u00abbusinesses\u00bb","block_context":{"text":"businesses","link":"https:\/\/casadecampoliving.com\/es\/category\/businesses\/"},"img":{"alt_text":"La Romana - Casa de Campo airport Boeing 787","src":"https:\/\/i0.wp.com\/casadecampoliving.com\/wp-content\/uploads\/2022\/10\/la_romana_airport_boeing_7871-1.jpg?fit=650%2C432&ssl=1&resize=350%2C200","width":350,"height":200,"srcset":"https:\/\/i0.wp.com\/casadecampoliving.com\/wp-content\/uploads\/2022\/10\/la_romana_airport_boeing_7871-1.jpg?fit=650%2C432&ssl=1&resize=350%2C200 1x, https:\/\/i0.wp.com\/casadecampoliving.com\/wp-content\/uploads\/2022\/10\/la_romana_airport_boeing_7871-1.jpg?fit=650%2C432&ssl=1&resize=525%2C300 1.5x"},"classes":[]}],"jetpack_sharing_enabled":true,"_links":{"self":[{"href":"https:\/\/casadecampoliving.com\/es\/wp-json\/wp\/v2\/posts\/345342","targetHints":{"allow":["GET"]}}],"collection":[{"href":"https:\/\/casadecampoliving.com\/es\/wp-json\/wp\/v2\/posts"}],"about":[{"href":"https:\/\/casadecampoliving.com\/es\/wp-json\/wp\/v2\/types\/post"}],"author":[{"embeddable":true,"href":"https:\/\/casadecampoliving.com\/es\/wp-json\/wp\/v2\/users\/23245"}],"replies":[{"embeddable":true,"href":"https:\/\/casadecampoliving.com\/es\/wp-json\/wp\/v2\/comments?post=345342"}],"version-history":[{"count":1,"href":"https:\/\/casadecampoliving.com\/es\/wp-json\/wp\/v2\/posts\/345342\/revisions"}],"predecessor-version":[{"id":345343,"href":"https:\/\/casadecampoliving.com\/es\/wp-json\/wp\/v2\/posts\/345342\/revisions\/345343"}],"wp:featuredmedia":[{"embeddable":true,"href":"https:\/\/casadecampoliving.com\/es\/wp-json\/wp\/v2\/media\/237220"}],"wp:attachment":[{"href":"https:\/\/casadecampoliving.com\/es\/wp-json\/wp\/v2\/media?parent=345342"}],"wp:term":[{"taxonomy":"category","embeddable":true,"href":"https:\/\/casadecampoliving.com\/es\/wp-json\/wp\/v2\/categories?post=345342"},{"taxonomy":"post_tag","embeddable":true,"href":"https:\/\/casadecampoliving.com\/es\/wp-json\/wp\/v2\/tags?post=345342"},{"taxonomy":"newspack_spnsrs_tax","embeddable":true,"href":"https:\/\/casadecampoliving.com\/es\/wp-json\/wp\/v2\/newspack_spnsrs_tax?post=345342"}],"curies":[{"name":"wp","href":"https:\/\/api.w.org\/{rel}","templated":true}]}}