{"id":345338,"date":"2014-09-14T00:00:00","date_gmt":"2014-09-14T04:00:00","guid":{"rendered":"https:\/\/casadecampoliving.com\/todo-casa-de-campo-celebra-la-dominicanidad\/"},"modified":"2022-11-10T10:35:35","modified_gmt":"2022-11-10T14:35:35","slug":"todo-casa-de-campo-celebra-la-dominicanidad","status":"publish","type":"post","link":"https:\/\/casadecampoliving.com\/es\/todo-casa-de-campo-celebra-la-dominicanidad\/","title":{"rendered":"TODO Casa de Campo celebra la \u00abDominicanidad\u00bb"},"content":{"rendered":"<img data-recalc-dims=\"1\" loading=\"lazy\" decoding=\"async\" class=\"aligncenter size-full wp-image-97385\" src=\"https:\/\/i0.wp.com\/casadecampoliving.com\/wp-content\/uploads\/2022\/10\/TODO-cover-11-9-2014.jpg?resize=650%2C397&#038;ssl=1\" alt=\"TODO-cover-11-9-2014\" width=\"650\" height=\"397\" \/>\n\nLa edici\u00f3n de oto\u00f1o de la revista TODO Casa de Campo acaba de llegar, y en este, nuestro 11\u00aa edici\u00f3n de nuestra gu\u00eda esencial de TODO lo que hay para hacer en Casa de Campo, celebramos con orgullo la \u00abDominicanidad\u00bb de nuestra comunidad en Casa de Campo.\n\n<!--more-->\n\nEste oto\u00f1o, el resort Casa de Campo est\u00e1 oficialmente celebrando su \u00abDominicanidad\u00bb. Descubre la riqueza multicultural de los dominicanos, en el coraz\u00f3n de este para\u00edso tropical. Casa es reconocido mundialmente por sus m\u00faltiples facilidades, ya sean deportivas o hermosas playas, y muchas otras actividades lujosas, sin embargo lo m\u00e1s sorprendente es c\u00f3mo este peque\u00f1o pedazo de para\u00edso debe su esencia y originalidad a la cultura dominicana que est\u00e1 tan marcada en nuestra comunidad. Les invitamos a leer acerca de esto en nuestro art\u00edculo especial, \u00abDominicanidad, la esencia \u00a0de nuestra sociedad multicultural.\u00bb\n\nTODO Casa de Campo es una herramienta imprescindible para enterarse de TODO lo que tenemos para disfrutar al m\u00e1ximo nuestra estad\u00eda en Casa de Campo, ya sea turista, visitante regular, residente o due\u00f1o de villa. TODO Casa de Campo producida por SILGON (creadores de las revistas CasaLife, Casa de Campo Living e INMORTALES), ofrece a los visitantes y due\u00f1os de villas en Casa de Campo lo mejor de TODO dentro del prestigioso complejo tur\u00edstico Casa de Campo en La Romana.\n\n<img data-recalc-dims=\"1\" loading=\"lazy\" decoding=\"async\" class=\"aligncenter size-full wp-image-97384\" src=\"https:\/\/i0.wp.com\/casadecampoliving.com\/wp-content\/uploads\/2022\/10\/GoodTImes.jpg?resize=650%2C397&#038;ssl=1\" alt=\"GoodTImes\" width=\"650\" height=\"397\" \/>\n\nEn esta y en todas las dem\u00e1s ediciones de TODO Casa de Campo encontrar\u00e1; un calendario de eventos, guia de servicios, mapas, costos de las actividades y deportes, al igual que varios art\u00edculos y secciones muy entretenidos y divertidos, tales como:\n<ul>\n\t<li>5 puntos imprescindibles para fotos<\/li>\n\t<li>Los mejores momentos en Casa<\/li>\n\t<li>La trascendencia de la Dominicanidad<\/li>\n\t<li>\u00a1Vamos a pasear! Bayahibe por un atardecer<\/li>\n\t<li>6 sorprendentes razones para comer sand\u00eda<\/li>\n\t<li>El arte m\u00e1s all\u00e1 de las piedras<\/li>\n\t<li>De Mar\u00eda,\u00a0solo lo mejor<\/li>\n<\/ul>\nLas siguientes im\u00e1genes les dar\u00e1n un peque\u00f1o vistazo de lo que ofrece esta nueva de edici\u00f3n de TODO Casa de Campo:\u00a0\n<figure class=\"wp-block-gallery has-nested-images columns-default is-cropped wp-block-gallery-1 is-layout-flex wp-block-gallery-is-layout-flex\">\n<figure class=\"wp-block-image size-large\"><img data-recalc-dims=\"1\" loading=\"lazy\" decoding=\"async\" width=\"800\" height=\"397\" data-id=\"418266\" src=\"https:\/\/i0.wp.com\/casadecampoliving.com\/wp-content\/uploads\/2022\/10\/demaria.jpg?resize=800%2C397&#038;ssl=1\" alt=\"\" class=\"wp-image-418266\" srcset=\"https:\/\/i0.wp.com\/casadecampoliving.com\/wp-content\/uploads\/2022\/10\/demaria.jpg?w=800&amp;ssl=1 800w, https:\/\/i0.wp.com\/casadecampoliving.com\/wp-content\/uploads\/2022\/10\/demaria.jpg?resize=300%2C149&amp;ssl=1 300w, https:\/\/i0.wp.com\/casadecampoliving.com\/wp-content\/uploads\/2022\/10\/demaria.jpg?resize=768%2C381&amp;ssl=1 768w, https:\/\/i0.wp.com\/casadecampoliving.com\/wp-content\/uploads\/2022\/10\/demaria.jpg?resize=400%2C199&amp;ssl=1 400w, https:\/\/i0.wp.com\/casadecampoliving.com\/wp-content\/uploads\/2022\/10\/demaria.jpg?resize=706%2C350&amp;ssl=1 706w, https:\/\/i0.wp.com\/casadecampoliving.com\/wp-content\/uploads\/2022\/10\/demaria.jpg?resize=150%2C74&amp;ssl=1 150w, https:\/\/i0.wp.com\/casadecampoliving.com\/wp-content\/uploads\/2022\/10\/demaria.jpg?w=370&amp;ssl=1 370w\" sizes=\"auto, (max-width: 800px) 100vw, 800px\" \/><\/figure>\n\n\n\n<figure class=\"wp-block-image size-large\"><img data-recalc-dims=\"1\" loading=\"lazy\" decoding=\"async\" width=\"800\" height=\"397\" data-id=\"418292\" src=\"https:\/\/i0.wp.com\/casadecampoliving.com\/wp-content\/uploads\/2022\/10\/letscruise.jpg?resize=800%2C397&#038;ssl=1\" alt=\"\" class=\"wp-image-418292\" srcset=\"https:\/\/i0.wp.com\/casadecampoliving.com\/wp-content\/uploads\/2022\/10\/letscruise.jpg?w=800&amp;ssl=1 800w, https:\/\/i0.wp.com\/casadecampoliving.com\/wp-content\/uploads\/2022\/10\/letscruise.jpg?resize=300%2C149&amp;ssl=1 300w, https:\/\/i0.wp.com\/casadecampoliving.com\/wp-content\/uploads\/2022\/10\/letscruise.jpg?resize=768%2C381&amp;ssl=1 768w, https:\/\/i0.wp.com\/casadecampoliving.com\/wp-content\/uploads\/2022\/10\/letscruise.jpg?resize=400%2C199&amp;ssl=1 400w, https:\/\/i0.wp.com\/casadecampoliving.com\/wp-content\/uploads\/2022\/10\/letscruise.jpg?resize=706%2C350&amp;ssl=1 706w, https:\/\/i0.wp.com\/casadecampoliving.com\/wp-content\/uploads\/2022\/10\/letscruise.jpg?resize=150%2C74&amp;ssl=1 150w, https:\/\/i0.wp.com\/casadecampoliving.com\/wp-content\/uploads\/2022\/10\/letscruise.jpg?w=370&amp;ssl=1 370w\" sizes=\"auto, (max-width: 800px) 100vw, 800px\" \/><\/figure>\n\n\n\n<figure class=\"wp-block-image size-large\"><img data-recalc-dims=\"1\" loading=\"lazy\" decoding=\"async\" width=\"800\" height=\"397\" data-id=\"418320\" src=\"https:\/\/i0.wp.com\/casadecampoliving.com\/wp-content\/uploads\/2022\/10\/ourfavorite.jpg?resize=800%2C397&#038;ssl=1\" alt=\"\" class=\"wp-image-418320\" srcset=\"https:\/\/i0.wp.com\/casadecampoliving.com\/wp-content\/uploads\/2022\/10\/ourfavorite.jpg?w=800&amp;ssl=1 800w, https:\/\/i0.wp.com\/casadecampoliving.com\/wp-content\/uploads\/2022\/10\/ourfavorite.jpg?resize=300%2C149&amp;ssl=1 300w, https:\/\/i0.wp.com\/casadecampoliving.com\/wp-content\/uploads\/2022\/10\/ourfavorite.jpg?resize=768%2C381&amp;ssl=1 768w, https:\/\/i0.wp.com\/casadecampoliving.com\/wp-content\/uploads\/2022\/10\/ourfavorite.jpg?resize=400%2C199&amp;ssl=1 400w, https:\/\/i0.wp.com\/casadecampoliving.com\/wp-content\/uploads\/2022\/10\/ourfavorite.jpg?resize=706%2C350&amp;ssl=1 706w, https:\/\/i0.wp.com\/casadecampoliving.com\/wp-content\/uploads\/2022\/10\/ourfavorite.jpg?resize=150%2C74&amp;ssl=1 150w, https:\/\/i0.wp.com\/casadecampoliving.com\/wp-content\/uploads\/2022\/10\/ourfavorite.jpg?w=370&amp;ssl=1 370w\" sizes=\"auto, (max-width: 800px) 100vw, 800px\" \/><\/figure>\n\n\n\n<figure class=\"wp-block-image size-large\"><img data-recalc-dims=\"1\" loading=\"lazy\" decoding=\"async\" width=\"800\" height=\"397\" data-id=\"418346\" src=\"https:\/\/i0.wp.com\/casadecampoliving.com\/wp-content\/uploads\/2022\/10\/theart.jpg?resize=800%2C397&#038;ssl=1\" alt=\"\" class=\"wp-image-418346\" srcset=\"https:\/\/i0.wp.com\/casadecampoliving.com\/wp-content\/uploads\/2022\/10\/theart.jpg?w=800&amp;ssl=1 800w, https:\/\/i0.wp.com\/casadecampoliving.com\/wp-content\/uploads\/2022\/10\/theart.jpg?resize=300%2C149&amp;ssl=1 300w, https:\/\/i0.wp.com\/casadecampoliving.com\/wp-content\/uploads\/2022\/10\/theart.jpg?resize=768%2C381&amp;ssl=1 768w, https:\/\/i0.wp.com\/casadecampoliving.com\/wp-content\/uploads\/2022\/10\/theart.jpg?resize=400%2C199&amp;ssl=1 400w, https:\/\/i0.wp.com\/casadecampoliving.com\/wp-content\/uploads\/2022\/10\/theart.jpg?resize=706%2C350&amp;ssl=1 706w, https:\/\/i0.wp.com\/casadecampoliving.com\/wp-content\/uploads\/2022\/10\/theart.jpg?resize=150%2C74&amp;ssl=1 150w, https:\/\/i0.wp.com\/casadecampoliving.com\/wp-content\/uploads\/2022\/10\/theart.jpg?w=370&amp;ssl=1 370w\" sizes=\"auto, (max-width: 800px) 100vw, 800px\" \/><\/figure>\n\n\n\n<figure class=\"wp-block-image size-large\"><img data-recalc-dims=\"1\" loading=\"lazy\" decoding=\"async\" width=\"800\" height=\"397\" data-id=\"418371\" src=\"https:\/\/i0.wp.com\/casadecampoliving.com\/wp-content\/uploads\/2022\/10\/watermelon-1.jpg?resize=800%2C397&#038;ssl=1\" alt=\"\" class=\"wp-image-418371\" srcset=\"https:\/\/i0.wp.com\/casadecampoliving.com\/wp-content\/uploads\/2022\/10\/watermelon-1.jpg?w=800&amp;ssl=1 800w, https:\/\/i0.wp.com\/casadecampoliving.com\/wp-content\/uploads\/2022\/10\/watermelon-1.jpg?resize=300%2C149&amp;ssl=1 300w, https:\/\/i0.wp.com\/casadecampoliving.com\/wp-content\/uploads\/2022\/10\/watermelon-1.jpg?resize=768%2C381&amp;ssl=1 768w, https:\/\/i0.wp.com\/casadecampoliving.com\/wp-content\/uploads\/2022\/10\/watermelon-1.jpg?resize=400%2C199&amp;ssl=1 400w, https:\/\/i0.wp.com\/casadecampoliving.com\/wp-content\/uploads\/2022\/10\/watermelon-1.jpg?resize=706%2C350&amp;ssl=1 706w, https:\/\/i0.wp.com\/casadecampoliving.com\/wp-content\/uploads\/2022\/10\/watermelon-1.jpg?resize=150%2C74&amp;ssl=1 150w, https:\/\/i0.wp.com\/casadecampoliving.com\/wp-content\/uploads\/2022\/10\/watermelon-1.jpg?w=370&amp;ssl=1 370w\" sizes=\"auto, (max-width: 800px) 100vw, 800px\" \/><\/figure>\n<\/figure>\n\n<h3><a href=\"https:\/\/casadecampoliving.com\/TODOcasadecampo11\/\" target=\"_blank\" rel=\"noopener\">Haga click aqui para disfrutar la version online de TODO Casa de Campo!<\/a><\/h3>\n<strong>TODO Casa de Campo<\/strong> ser\u00e1 entregada muy pronto, como tambi\u00e9n se estar\u00e1 distribuyendo en el resort de Casa de Campo, el hotel de Casa de Campo, La Marina y Altos de Chav\u00f3n.\n\n<strong>\u00bfRecibe usted TODO y CasaLife?<\/strong>\n\nSi usted no ha recibido la edici\u00f3n anterior de <strong>TODO Casa de Campo<\/strong> en su villa, es posible que no tengamos su contacto actualizado&#8230;\n\n<a href=\"https:\/\/docs.google.com\/a\/silgon.net\/spreadsheet\/viewform?formkey=dFQ4NDYtZ1FKUTMwUFExMzA5TGYzVXc6MQ\"><strong>\u00a1POR FAVOR HAGA CLIC AQU\u00cd Y LLENE ESTE SIMPLE FORMULARIO PARA ASEGURARNOS DE CONTACTARLOS!<\/strong><\/a>","protected":false},"excerpt":{"rendered":"<p>La edici\u00f3n de oto\u00f1o de la revista TODO Casa de Campo acaba de llegar, y en este, nuestro 11\u00aa edici\u00f3n de nuestra gu\u00eda esencial de TODO lo que hay para hacer en Casa de Campo, celebramos con orgullo la \u00abDominicanidad\u00bb de nuestra comunidad en Casa de Campo.<\/p>\n","protected":false},"author":23245,"featured_media":274459,"comment_status":"closed","ping_status":"closed","sticky":false,"template":"","format":"standard","meta":{"newspack_ads_suppress_ads":false,"newspack_popups_has_disabled_popups":false,"newspack_sponsor_sponsorship_scope":"","newspack_sponsor_native_byline_display":"inherit","newspack_sponsor_native_category_display":"inherit","newspack_sponsor_underwriter_style":"inherit","newspack_sponsor_underwriter_placement":"inherit","_newspack_byline_active":false,"_newspack_byline":"","newspack_hide_updated_date":false,"newspack_show_updated_date":false,"newspack_content_restriction_is_exempt":false,"newspack_featured_image_position":"","newspack_post_subtitle":"","newspack_article_summary_title":"Overview:","newspack_article_summary":"","_jetpack_memberships_contains_paid_content":false,"footnotes":"","jetpack_publicize_message":"","jetpack_publicize_feature_enabled":true,"jetpack_social_post_already_shared":false,"jetpack_social_options":{"image_generator_settings":{"template":"highway","default_image_id":0,"font":"","enabled":false},"version":2},"_wpas_customize_per_network":false},"categories":[26936,26824,26951,2521,2524,2526,14631,14625,26822],"tags":[10043,14777,2561,4096],"newspack_spnsrs_tax":[],"class_list":["post-345338","post","type-post","status-publish","format-standard","has-post-thumbnail","hentry","category-casa-de-campo-living-es","category-casa-de-campo-living-magazine","category-ccl-presenta","category-republica-dominicana-2","category-destacados","category-titulares-es","category-estilo-de-vida","category-noticias-locales","category-resort-casa-de-campo","tag-casa-de-campo-livinges","tag-republica-dominicana-es-18","tag-resort-casa-de-campo","tag-todo-casa-de-campo","entry"],"yoast_head":"<!-- This site is optimized with the Yoast SEO plugin v27.5 - https:\/\/yoast.com\/product\/yoast-seo-wordpress\/ -->\n<title>TODO Casa de Campo celebra la &quot;Dominicanidad&quot; | Casa de Campo Living<\/title>\n<meta name=\"description\" content=\"La edici\u00f3n de oto\u00f1o de la revista TODO Casa de Campo acaba de llegar, y en este, nuestro 11\u00aa edici\u00f3n de nuestra gu\u00eda esencial de TODO lo que hay para\" \/>\n<meta name=\"robots\" content=\"index, follow, max-snippet:-1, max-image-preview:large, max-video-preview:-1\" \/>\n<link rel=\"canonical\" href=\"https:\/\/casadecampoliving.com\/es\/todo-casa-de-campo-celebra-la-dominicanidad\/\" \/>\n<meta property=\"og:locale\" content=\"es_ES\" \/>\n<meta property=\"og:type\" content=\"article\" \/>\n<meta property=\"og:title\" content=\"TODO Casa de Campo celebra la &quot;Dominicanidad&quot; | Casa de Campo Living\" \/>\n<meta property=\"og:description\" content=\"La edici\u00f3n de oto\u00f1o de la revista TODO Casa de Campo acaba de llegar, y en este, nuestro 11\u00aa edici\u00f3n de nuestra gu\u00eda esencial de TODO lo que hay para\" \/>\n<meta property=\"og:url\" content=\"https:\/\/casadecampoliving.com\/es\/todo-casa-de-campo-celebra-la-dominicanidad\/\" \/>\n<meta property=\"og:site_name\" content=\"Casa de Campo Living\" \/>\n<meta property=\"article:publisher\" content=\"https:\/\/www.facebook.com\/casadecampoliving\" \/>\n<meta property=\"article:published_time\" content=\"2014-09-14T04:00:00+00:00\" \/>\n<meta property=\"article:modified_time\" content=\"2022-11-10T14:35:35+00:00\" \/>\n<meta property=\"og:image\" content=\"https:\/\/i0.wp.com\/casadecampoliving.com\/wp-content\/uploads\/2022\/10\/TODO-cover-11-9-2014-1.jpg?fit=650%2C397&ssl=1\" \/>\n\t<meta property=\"og:image:width\" content=\"650\" \/>\n\t<meta property=\"og:image:height\" content=\"397\" \/>\n\t<meta property=\"og:image:type\" content=\"image\/jpeg\" \/>\n<meta name=\"author\" content=\"Daniela Medina\" \/>\n<meta name=\"twitter:card\" content=\"summary_large_image\" \/>\n<meta name=\"twitter:creator\" content=\"@cdcliving\" \/>\n<meta name=\"twitter:site\" content=\"@cdcliving\" \/>\n<meta name=\"twitter:label1\" content=\"Escrito por\" \/>\n\t<meta name=\"twitter:data1\" content=\"Daniela Medina\" \/>\n\t<meta name=\"twitter:label2\" content=\"Tiempo de lectura\" \/>\n\t<meta name=\"twitter:data2\" content=\"2 minutos\" \/>\n<script type=\"application\/ld+json\" class=\"yoast-schema-graph\">{\"@context\":\"https:\\\/\\\/schema.org\",\"@graph\":[{\"@type\":\"Article\",\"@id\":\"https:\\\/\\\/casadecampoliving.com\\\/es\\\/todo-casa-de-campo-celebra-la-dominicanidad\\\/#article\",\"isPartOf\":{\"@id\":\"https:\\\/\\\/casadecampoliving.com\\\/es\\\/todo-casa-de-campo-celebra-la-dominicanidad\\\/\"},\"author\":{\"name\":\"Daniela Medina\",\"@id\":\"https:\\\/\\\/casadecampoliving.com\\\/es\\\/#\\\/schema\\\/person\\\/20e49d1b22266dc2b8f020b38201bd4e\"},\"headline\":\"TODO Casa de Campo celebra la \u00abDominicanidad\u00bb\",\"datePublished\":\"2014-09-14T04:00:00+00:00\",\"dateModified\":\"2022-11-10T14:35:35+00:00\",\"mainEntityOfPage\":{\"@id\":\"https:\\\/\\\/casadecampoliving.com\\\/es\\\/todo-casa-de-campo-celebra-la-dominicanidad\\\/\"},\"wordCount\":442,\"publisher\":{\"@id\":\"https:\\\/\\\/casadecampoliving.com\\\/es\\\/#organization\"},\"image\":{\"@id\":\"https:\\\/\\\/casadecampoliving.com\\\/es\\\/todo-casa-de-campo-celebra-la-dominicanidad\\\/#primaryimage\"},\"thumbnailUrl\":\"https:\\\/\\\/i0.wp.com\\\/casadecampoliving.com\\\/wp-content\\\/uploads\\\/2022\\\/10\\\/TODO-cover-11-9-2014-1.jpg?fit=650%2C397&ssl=1\",\"keywords\":[\"casa de campo living@es\",\"Republica Dominicana\",\"resort casa de campo\",\"TODO Casa de Campo\"],\"articleSection\":[\"Casa de Campo Living @es\",\"Casa de Campo Living magazine\",\"CCL presenta\",\"Rep\u00fablica Dominicana @es\",\"Destacados\",\"Titulares\",\"Estilo de Vida\",\"Noticias Locales\",\"Resort Casa de Campo\"],\"inLanguage\":\"es\"},{\"@type\":\"WebPage\",\"@id\":\"https:\\\/\\\/casadecampoliving.com\\\/es\\\/todo-casa-de-campo-celebra-la-dominicanidad\\\/\",\"url\":\"https:\\\/\\\/casadecampoliving.com\\\/es\\\/todo-casa-de-campo-celebra-la-dominicanidad\\\/\",\"name\":\"TODO Casa de Campo celebra la \\\"Dominicanidad\\\" | Casa de Campo Living\",\"isPartOf\":{\"@id\":\"https:\\\/\\\/casadecampoliving.com\\\/es\\\/#website\"},\"primaryImageOfPage\":{\"@id\":\"https:\\\/\\\/casadecampoliving.com\\\/es\\\/todo-casa-de-campo-celebra-la-dominicanidad\\\/#primaryimage\"},\"image\":{\"@id\":\"https:\\\/\\\/casadecampoliving.com\\\/es\\\/todo-casa-de-campo-celebra-la-dominicanidad\\\/#primaryimage\"},\"thumbnailUrl\":\"https:\\\/\\\/i0.wp.com\\\/casadecampoliving.com\\\/wp-content\\\/uploads\\\/2022\\\/10\\\/TODO-cover-11-9-2014-1.jpg?fit=650%2C397&ssl=1\",\"datePublished\":\"2014-09-14T04:00:00+00:00\",\"dateModified\":\"2022-11-10T14:35:35+00:00\",\"description\":\"La edici\u00f3n de oto\u00f1o de la revista TODO Casa de Campo acaba de llegar, y en este, nuestro 11\u00aa edici\u00f3n de nuestra gu\u00eda esencial de TODO lo que hay para\",\"breadcrumb\":{\"@id\":\"https:\\\/\\\/casadecampoliving.com\\\/es\\\/todo-casa-de-campo-celebra-la-dominicanidad\\\/#breadcrumb\"},\"inLanguage\":\"es\",\"potentialAction\":[{\"@type\":\"ReadAction\",\"target\":[\"https:\\\/\\\/casadecampoliving.com\\\/es\\\/todo-casa-de-campo-celebra-la-dominicanidad\\\/\"]}]},{\"@type\":\"ImageObject\",\"inLanguage\":\"es\",\"@id\":\"https:\\\/\\\/casadecampoliving.com\\\/es\\\/todo-casa-de-campo-celebra-la-dominicanidad\\\/#primaryimage\",\"url\":\"https:\\\/\\\/i0.wp.com\\\/casadecampoliving.com\\\/wp-content\\\/uploads\\\/2022\\\/10\\\/TODO-cover-11-9-2014-1.jpg?fit=650%2C397&ssl=1\",\"contentUrl\":\"https:\\\/\\\/i0.wp.com\\\/casadecampoliving.com\\\/wp-content\\\/uploads\\\/2022\\\/10\\\/TODO-cover-11-9-2014-1.jpg?fit=650%2C397&ssl=1\",\"width\":650,\"height\":397},{\"@type\":\"BreadcrumbList\",\"@id\":\"https:\\\/\\\/casadecampoliving.com\\\/es\\\/todo-casa-de-campo-celebra-la-dominicanidad\\\/#breadcrumb\",\"itemListElement\":[{\"@type\":\"ListItem\",\"position\":1,\"name\":\"Home\",\"item\":\"https:\\\/\\\/casadecampoliving.com\\\/es\\\/\"},{\"@type\":\"ListItem\",\"position\":2,\"name\":\"TODO Casa de Campo celebra la &#8220;Dominicanidad&#8221;\"}]},{\"@type\":\"WebSite\",\"@id\":\"https:\\\/\\\/casadecampoliving.com\\\/es\\\/#website\",\"url\":\"https:\\\/\\\/casadecampoliving.com\\\/es\\\/\",\"name\":\"Casa de Campo Living\",\"description\":\"Resort community news and resources.\",\"publisher\":{\"@id\":\"https:\\\/\\\/casadecampoliving.com\\\/es\\\/#organization\"},\"potentialAction\":[{\"@type\":\"SearchAction\",\"target\":{\"@type\":\"EntryPoint\",\"urlTemplate\":\"https:\\\/\\\/casadecampoliving.com\\\/es\\\/?s={search_term_string}\"},\"query-input\":{\"@type\":\"PropertyValueSpecification\",\"valueRequired\":true,\"valueName\":\"search_term_string\"}}],\"inLanguage\":\"es\"},{\"@type\":\"Organization\",\"@id\":\"https:\\\/\\\/casadecampoliving.com\\\/es\\\/#organization\",\"name\":\"Casa de Campo Living\",\"url\":\"https:\\\/\\\/casadecampoliving.com\\\/es\\\/\",\"logo\":{\"@type\":\"ImageObject\",\"inLanguage\":\"es\",\"@id\":\"https:\\\/\\\/casadecampoliving.com\\\/es\\\/#\\\/schema\\\/logo\\\/image\\\/\",\"url\":\"https:\\\/\\\/i0.wp.com\\\/casadecampoliving.com\\\/wp-content\\\/uploads\\\/2022\\\/07\\\/CDCLivingLogo_V1-white-sized.png?fit=800%2C214&ssl=1\",\"contentUrl\":\"https:\\\/\\\/i0.wp.com\\\/casadecampoliving.com\\\/wp-content\\\/uploads\\\/2022\\\/07\\\/CDCLivingLogo_V1-white-sized.png?fit=800%2C214&ssl=1\",\"width\":800,\"height\":214,\"caption\":\"Casa de Campo Living\"},\"image\":{\"@id\":\"https:\\\/\\\/casadecampoliving.com\\\/es\\\/#\\\/schema\\\/logo\\\/image\\\/\"},\"sameAs\":[\"https:\\\/\\\/www.facebook.com\\\/casadecampoliving\",\"https:\\\/\\\/x.com\\\/cdcliving\"]},{\"@type\":\"Person\",\"@id\":\"https:\\\/\\\/casadecampoliving.com\\\/es\\\/#\\\/schema\\\/person\\\/20e49d1b22266dc2b8f020b38201bd4e\",\"name\":\"Daniela Medina\",\"image\":{\"@type\":\"ImageObject\",\"inLanguage\":\"es\",\"@id\":\"https:\\\/\\\/secure.gravatar.com\\\/avatar\\\/65aa8415724474307d634c8364a0bd8ee551c4f0f01f2ffcc53e5a9856cb7369?s=96&d=mm&r=g\",\"url\":\"https:\\\/\\\/secure.gravatar.com\\\/avatar\\\/65aa8415724474307d634c8364a0bd8ee551c4f0f01f2ffcc53e5a9856cb7369?s=96&d=mm&r=g\",\"contentUrl\":\"https:\\\/\\\/secure.gravatar.com\\\/avatar\\\/65aa8415724474307d634c8364a0bd8ee551c4f0f01f2ffcc53e5a9856cb7369?s=96&d=mm&r=g\",\"caption\":\"Daniela Medina\"},\"url\":\"https:\\\/\\\/casadecampoliving.com\\\/es\\\/author\\\/dmedina\\\/\"}]}<\/script>\n<!-- \/ Yoast SEO plugin. -->","yoast_head_json":{"title":"TODO Casa de Campo celebra la \"Dominicanidad\" | Casa de Campo Living","description":"La edici\u00f3n de oto\u00f1o de la revista TODO Casa de Campo acaba de llegar, y en este, nuestro 11\u00aa edici\u00f3n de nuestra gu\u00eda esencial de TODO lo que hay para","robots":{"index":"index","follow":"follow","max-snippet":"max-snippet:-1","max-image-preview":"max-image-preview:large","max-video-preview":"max-video-preview:-1"},"canonical":"https:\/\/casadecampoliving.com\/es\/todo-casa-de-campo-celebra-la-dominicanidad\/","og_locale":"es_ES","og_type":"article","og_title":"TODO Casa de Campo celebra la \"Dominicanidad\" | Casa de Campo Living","og_description":"La edici\u00f3n de oto\u00f1o de la revista TODO Casa de Campo acaba de llegar, y en este, nuestro 11\u00aa edici\u00f3n de nuestra gu\u00eda esencial de TODO lo que hay para","og_url":"https:\/\/casadecampoliving.com\/es\/todo-casa-de-campo-celebra-la-dominicanidad\/","og_site_name":"Casa de Campo Living","article_publisher":"https:\/\/www.facebook.com\/casadecampoliving","article_published_time":"2014-09-14T04:00:00+00:00","article_modified_time":"2022-11-10T14:35:35+00:00","og_image":[{"width":650,"height":397,"url":"https:\/\/i0.wp.com\/casadecampoliving.com\/wp-content\/uploads\/2022\/10\/TODO-cover-11-9-2014-1.jpg?fit=650%2C397&ssl=1","type":"image\/jpeg"}],"author":"Daniela Medina","twitter_card":"summary_large_image","twitter_creator":"@cdcliving","twitter_site":"@cdcliving","twitter_misc":{"Escrito por":"Daniela Medina","Tiempo de lectura":"2 minutos"},"schema":{"@context":"https:\/\/schema.org","@graph":[{"@type":"Article","@id":"https:\/\/casadecampoliving.com\/es\/todo-casa-de-campo-celebra-la-dominicanidad\/#article","isPartOf":{"@id":"https:\/\/casadecampoliving.com\/es\/todo-casa-de-campo-celebra-la-dominicanidad\/"},"author":{"name":"Daniela Medina","@id":"https:\/\/casadecampoliving.com\/es\/#\/schema\/person\/20e49d1b22266dc2b8f020b38201bd4e"},"headline":"TODO Casa de Campo celebra la \u00abDominicanidad\u00bb","datePublished":"2014-09-14T04:00:00+00:00","dateModified":"2022-11-10T14:35:35+00:00","mainEntityOfPage":{"@id":"https:\/\/casadecampoliving.com\/es\/todo-casa-de-campo-celebra-la-dominicanidad\/"},"wordCount":442,"publisher":{"@id":"https:\/\/casadecampoliving.com\/es\/#organization"},"image":{"@id":"https:\/\/casadecampoliving.com\/es\/todo-casa-de-campo-celebra-la-dominicanidad\/#primaryimage"},"thumbnailUrl":"https:\/\/i0.wp.com\/casadecampoliving.com\/wp-content\/uploads\/2022\/10\/TODO-cover-11-9-2014-1.jpg?fit=650%2C397&ssl=1","keywords":["casa de campo living@es","Republica Dominicana","resort casa de campo","TODO Casa de Campo"],"articleSection":["Casa de Campo Living @es","Casa de Campo Living magazine","CCL presenta","Rep\u00fablica Dominicana @es","Destacados","Titulares","Estilo de Vida","Noticias Locales","Resort Casa de Campo"],"inLanguage":"es"},{"@type":"WebPage","@id":"https:\/\/casadecampoliving.com\/es\/todo-casa-de-campo-celebra-la-dominicanidad\/","url":"https:\/\/casadecampoliving.com\/es\/todo-casa-de-campo-celebra-la-dominicanidad\/","name":"TODO Casa de Campo celebra la \"Dominicanidad\" | Casa de Campo Living","isPartOf":{"@id":"https:\/\/casadecampoliving.com\/es\/#website"},"primaryImageOfPage":{"@id":"https:\/\/casadecampoliving.com\/es\/todo-casa-de-campo-celebra-la-dominicanidad\/#primaryimage"},"image":{"@id":"https:\/\/casadecampoliving.com\/es\/todo-casa-de-campo-celebra-la-dominicanidad\/#primaryimage"},"thumbnailUrl":"https:\/\/i0.wp.com\/casadecampoliving.com\/wp-content\/uploads\/2022\/10\/TODO-cover-11-9-2014-1.jpg?fit=650%2C397&ssl=1","datePublished":"2014-09-14T04:00:00+00:00","dateModified":"2022-11-10T14:35:35+00:00","description":"La edici\u00f3n de oto\u00f1o de la revista TODO Casa de Campo acaba de llegar, y en este, nuestro 11\u00aa edici\u00f3n de nuestra gu\u00eda esencial de TODO lo que hay para","breadcrumb":{"@id":"https:\/\/casadecampoliving.com\/es\/todo-casa-de-campo-celebra-la-dominicanidad\/#breadcrumb"},"inLanguage":"es","potentialAction":[{"@type":"ReadAction","target":["https:\/\/casadecampoliving.com\/es\/todo-casa-de-campo-celebra-la-dominicanidad\/"]}]},{"@type":"ImageObject","inLanguage":"es","@id":"https:\/\/casadecampoliving.com\/es\/todo-casa-de-campo-celebra-la-dominicanidad\/#primaryimage","url":"https:\/\/i0.wp.com\/casadecampoliving.com\/wp-content\/uploads\/2022\/10\/TODO-cover-11-9-2014-1.jpg?fit=650%2C397&ssl=1","contentUrl":"https:\/\/i0.wp.com\/casadecampoliving.com\/wp-content\/uploads\/2022\/10\/TODO-cover-11-9-2014-1.jpg?fit=650%2C397&ssl=1","width":650,"height":397},{"@type":"BreadcrumbList","@id":"https:\/\/casadecampoliving.com\/es\/todo-casa-de-campo-celebra-la-dominicanidad\/#breadcrumb","itemListElement":[{"@type":"ListItem","position":1,"name":"Home","item":"https:\/\/casadecampoliving.com\/es\/"},{"@type":"ListItem","position":2,"name":"TODO Casa de Campo celebra la &#8220;Dominicanidad&#8221;"}]},{"@type":"WebSite","@id":"https:\/\/casadecampoliving.com\/es\/#website","url":"https:\/\/casadecampoliving.com\/es\/","name":"Casa de Campo Living","description":"Resort community news and resources.","publisher":{"@id":"https:\/\/casadecampoliving.com\/es\/#organization"},"potentialAction":[{"@type":"SearchAction","target":{"@type":"EntryPoint","urlTemplate":"https:\/\/casadecampoliving.com\/es\/?s={search_term_string}"},"query-input":{"@type":"PropertyValueSpecification","valueRequired":true,"valueName":"search_term_string"}}],"inLanguage":"es"},{"@type":"Organization","@id":"https:\/\/casadecampoliving.com\/es\/#organization","name":"Casa de Campo Living","url":"https:\/\/casadecampoliving.com\/es\/","logo":{"@type":"ImageObject","inLanguage":"es","@id":"https:\/\/casadecampoliving.com\/es\/#\/schema\/logo\/image\/","url":"https:\/\/i0.wp.com\/casadecampoliving.com\/wp-content\/uploads\/2022\/07\/CDCLivingLogo_V1-white-sized.png?fit=800%2C214&ssl=1","contentUrl":"https:\/\/i0.wp.com\/casadecampoliving.com\/wp-content\/uploads\/2022\/07\/CDCLivingLogo_V1-white-sized.png?fit=800%2C214&ssl=1","width":800,"height":214,"caption":"Casa de Campo Living"},"image":{"@id":"https:\/\/casadecampoliving.com\/es\/#\/schema\/logo\/image\/"},"sameAs":["https:\/\/www.facebook.com\/casadecampoliving","https:\/\/x.com\/cdcliving"]},{"@type":"Person","@id":"https:\/\/casadecampoliving.com\/es\/#\/schema\/person\/20e49d1b22266dc2b8f020b38201bd4e","name":"Daniela Medina","image":{"@type":"ImageObject","inLanguage":"es","@id":"https:\/\/secure.gravatar.com\/avatar\/65aa8415724474307d634c8364a0bd8ee551c4f0f01f2ffcc53e5a9856cb7369?s=96&d=mm&r=g","url":"https:\/\/secure.gravatar.com\/avatar\/65aa8415724474307d634c8364a0bd8ee551c4f0f01f2ffcc53e5a9856cb7369?s=96&d=mm&r=g","contentUrl":"https:\/\/secure.gravatar.com\/avatar\/65aa8415724474307d634c8364a0bd8ee551c4f0f01f2ffcc53e5a9856cb7369?s=96&d=mm&r=g","caption":"Daniela Medina"},"url":"https:\/\/casadecampoliving.com\/es\/author\/dmedina\/"}]}},"parsely":{"version":"1.1.0","canonical_url":"https:\/\/casadecampoliving.com\/es\/todo-casa-de-campo-celebra-la-dominicanidad\/","smart_links":{"inbound":0,"outbound":0},"traffic_boost_suggestions_count":0,"meta":{"@context":"https:\/\/schema.org","@type":"NewsArticle","headline":"TODO Casa de Campo celebra la \u00abDominicanidad\u00bb","url":"http:\/\/casadecampoliving.com\/es\/todo-casa-de-campo-celebra-la-dominicanidad\/","mainEntityOfPage":{"@type":"WebPage","@id":"http:\/\/casadecampoliving.com\/es\/todo-casa-de-campo-celebra-la-dominicanidad\/"},"thumbnailUrl":"https:\/\/i0.wp.com\/casadecampoliving.com\/wp-content\/uploads\/2022\/10\/TODO-cover-11-9-2014-1.jpg?resize=150%2C150&ssl=1","image":{"@type":"ImageObject","url":"https:\/\/i0.wp.com\/casadecampoliving.com\/wp-content\/uploads\/2022\/10\/TODO-cover-11-9-2014-1.jpg?fit=650%2C397&ssl=1"},"articleSection":"Casa de Campo Living magazine","author":[{"@type":"Person","name":"Daniela Medina"}],"creator":["Daniela Medina"],"publisher":{"@type":"Organization","name":"Casa de Campo Living","logo":"https:\/\/casadecampoliving.com\/wp-content\/uploads\/2022\/07\/CDCLivingLogo_V1-white-sized.png"},"keywords":["casa de campo living@es","republica dominicana","resort casa de campo","todo casa de campo"],"dateCreated":"2014-09-14T04:00:00Z","datePublished":"2014-09-14T04:00:00Z","dateModified":"2022-11-10T14:35:35Z"},"rendered":"<script type=\"application\/ld+json\" class=\"wp-parsely-metadata\">{\"@context\":\"https:\\\/\\\/schema.org\",\"@type\":\"NewsArticle\",\"headline\":\"TODO Casa de Campo celebra la \\u00abDominicanidad\\u00bb\",\"url\":\"http:\\\/\\\/casadecampoliving.com\\\/es\\\/todo-casa-de-campo-celebra-la-dominicanidad\\\/\",\"mainEntityOfPage\":{\"@type\":\"WebPage\",\"@id\":\"http:\\\/\\\/casadecampoliving.com\\\/es\\\/todo-casa-de-campo-celebra-la-dominicanidad\\\/\"},\"thumbnailUrl\":\"https:\\\/\\\/i0.wp.com\\\/casadecampoliving.com\\\/wp-content\\\/uploads\\\/2022\\\/10\\\/TODO-cover-11-9-2014-1.jpg?resize=150%2C150&ssl=1\",\"image\":{\"@type\":\"ImageObject\",\"url\":\"https:\\\/\\\/i0.wp.com\\\/casadecampoliving.com\\\/wp-content\\\/uploads\\\/2022\\\/10\\\/TODO-cover-11-9-2014-1.jpg?fit=650%2C397&ssl=1\"},\"articleSection\":\"Casa de Campo Living magazine\",\"author\":[{\"@type\":\"Person\",\"name\":\"Daniela Medina\"}],\"creator\":[\"Daniela Medina\"],\"publisher\":{\"@type\":\"Organization\",\"name\":\"Casa de Campo Living\",\"logo\":\"https:\\\/\\\/casadecampoliving.com\\\/wp-content\\\/uploads\\\/2022\\\/07\\\/CDCLivingLogo_V1-white-sized.png\"},\"keywords\":[\"casa de campo living@es\",\"republica dominicana\",\"resort casa de campo\",\"todo casa de campo\"],\"dateCreated\":\"2014-09-14T04:00:00Z\",\"datePublished\":\"2014-09-14T04:00:00Z\",\"dateModified\":\"2022-11-10T14:35:35Z\"}<\/script>","tracker_url":"https:\/\/cdn.parsely.com\/keys\/casadecampoliving.com\/p.js"},"jetpack_publicize_connections":[],"jetpack_featured_media_url":"https:\/\/i0.wp.com\/casadecampoliving.com\/wp-content\/uploads\/2022\/10\/TODO-cover-11-9-2014-1.jpg?fit=650%2C397&ssl=1","jetpack-related-posts":[{"id":324231,"url":"https:\/\/casadecampoliving.com\/todo-casa-de-campo-celebrates-dominicanidad\/","url_meta":{"origin":345338,"position":0},"title":"TODO Casa de Campo celebrates \u00abDominicanidad\u00bb!","author":"Daniela Medina","date":"14 Sep, 2014","format":false,"excerpt":"The Fall issue of TODO Casa de Campo has just arrived, and in this, our 11th edition of our essential guide to all things Casa de Campo, we proudly celebrate the \"Dominicanidad\" of our Casa de Campo community.\u00a0 This fall, the Casa de Campo resort is officially celebrating it's ''Dominicanidad''.\u2026","rel":"","context":"En \u00abCasa de Campo Living\u00bb","block_context":{"text":"Casa de Campo Living","link":"https:\/\/casadecampoliving.com\/category\/casa-de-campo-living\/"},"img":{"alt_text":"","src":"https:\/\/i0.wp.com\/casadecampoliving.com\/wp-content\/uploads\/2022\/10\/TODO-cover-11-9-2014-1.jpg?fit=650%2C397&ssl=1&resize=350%2C200","width":350,"height":200,"srcset":"https:\/\/i0.wp.com\/casadecampoliving.com\/wp-content\/uploads\/2022\/10\/TODO-cover-11-9-2014-1.jpg?fit=650%2C397&ssl=1&resize=350%2C200 1x, https:\/\/i0.wp.com\/casadecampoliving.com\/wp-content\/uploads\/2022\/10\/TODO-cover-11-9-2014-1.jpg?fit=650%2C397&ssl=1&resize=525%2C300 1.5x"},"classes":[]},{"id":348384,"url":"https:\/\/casadecampoliving.com\/es\/la-edicion-de-otono-de-casalife-ya-esta-aqui\/","url_meta":{"origin":345338,"position":1},"title":"\u00a1La edici\u00f3n de oto\u00f1o de CasaLife ya est\u00e1 aqu\u00ed!","author":"Felix Guerrero","date":"9 Oct, 2015","format":false,"excerpt":"\u00a1La edici\u00f3n m\u00e1s reciente de CasaLife Magazine acaba de llegar! El oto\u00f1o esa aqu\u00ed, \u00a1y ya estamos empezando sentir\u00a0la brisa que trae consigo esta\u00a0temporada de vacaciones que est\u00e1 por venir! Y mientras tenemos la oportunidad de enfriarnos de un verano bastante caluroso, tenemos que tener en cuenta que el oto\u00f1o\u2026","rel":"","context":"En \u00abCasa de Campo Living @es\u00bb","block_context":{"text":"Casa de Campo Living @es","link":"https:\/\/casadecampoliving.com\/category\/casa-de-campo-living-es\/"},"img":{"alt_text":"CasaLife is here","src":"https:\/\/i0.wp.com\/casadecampoliving.com\/wp-content\/uploads\/2022\/10\/CasaLife-is-here-1.jpg?fit=650%2C450&ssl=1&resize=350%2C200","width":350,"height":200,"srcset":"https:\/\/i0.wp.com\/casadecampoliving.com\/wp-content\/uploads\/2022\/10\/CasaLife-is-here-1.jpg?fit=650%2C450&ssl=1&resize=350%2C200 1x, https:\/\/i0.wp.com\/casadecampoliving.com\/wp-content\/uploads\/2022\/10\/CasaLife-is-here-1.jpg?fit=650%2C450&ssl=1&resize=525%2C300 1.5x"},"classes":[]},{"id":353086,"url":"https:\/\/casadecampoliving.com\/es\/consigue-la-hermosa-edicion-de-invierno-2018-de-casalife\/","url_meta":{"origin":345338,"position":2},"title":"\u00a1Consigue la hermosa edici\u00f3n de Invierno 2018 de CasaLife!","author":"Casa de Campo Living","date":"31 Dic, 2018","format":false,"excerpt":"La edici\u00f3n de invierno de la revista CasaLife 2018, la exclusiva Casa de Campo Resort & Resident Magazine, \u00a1ya est\u00e1 aqu\u00ed! En Casa de Campo nos encanta celebrar, especialmente en esta \u00e9poca del a\u00f1o, por lo que mientras se relaja en la piscina de Minitas Beach Club de Family, lo\u2026","rel":"","context":"En \u00abCasa de Campo Living @es\u00bb","block_context":{"text":"Casa de Campo Living @es","link":"https:\/\/casadecampoliving.com\/category\/casa-de-campo-living-es\/"},"img":{"alt_text":"","src":"https:\/\/i0.wp.com\/casadecampoliving.com\/wp-content\/uploads\/2018\/12\/casalifewinter2018_Magazine-MockUp-2.jpg?resize=350%2C200&ssl=1","width":350,"height":200,"srcset":"https:\/\/i0.wp.com\/casadecampoliving.com\/wp-content\/uploads\/2018\/12\/casalifewinter2018_Magazine-MockUp-2.jpg?resize=350%2C200&ssl=1 1x, https:\/\/i0.wp.com\/casadecampoliving.com\/wp-content\/uploads\/2018\/12\/casalifewinter2018_Magazine-MockUp-2.jpg?resize=525%2C300&ssl=1 1.5x, https:\/\/i0.wp.com\/casadecampoliving.com\/wp-content\/uploads\/2018\/12\/casalifewinter2018_Magazine-MockUp-2.jpg?resize=700%2C400&ssl=1 2x"},"classes":[]},{"id":345896,"url":"https:\/\/casadecampoliving.com\/es\/4-razones-por-las-que-todo-dominicano-deberia-conocer-su-constitucion\/","url_meta":{"origin":345338,"position":3},"title":"4 razones por las que todo dominicano deber\u00eda conocer su Constituci\u00f3n","author":"Perkin Agramonte","date":"6 Nov, 2014","format":false,"excerpt":"Aunque el D\u00eda de la Constituci\u00f3n Dominicana fue movido este a\u00f1o al lunes 10 de noviembre, en realidad el D\u00eda de la Constituci\u00f3n\u00a0en la Rep\u00fablica Dominicana es hoy, el 6 de noviembre, es el aniversario de la Constituci\u00f3n Dominicana fue proclamada el 6 de noviembre de 1844 en la ciudad\u2026","rel":"","context":"En \u00abArte y cultura\u00bb","block_context":{"text":"Arte y cultura","link":"https:\/\/casadecampoliving.com\/category\/arte-y-cultura\/"},"img":{"alt_text":"Dominican flag","src":"https:\/\/i0.wp.com\/casadecampoliving.com\/wp-content\/uploads\/2022\/10\/Dominican_flag.jpg?fit=650%2C434&ssl=1&resize=350%2C200","width":350,"height":200,"srcset":"https:\/\/i0.wp.com\/casadecampoliving.com\/wp-content\/uploads\/2022\/10\/Dominican_flag.jpg?fit=650%2C434&ssl=1&resize=350%2C200 1x, https:\/\/i0.wp.com\/casadecampoliving.com\/wp-content\/uploads\/2022\/10\/Dominican_flag.jpg?fit=650%2C434&ssl=1&resize=525%2C300 1.5x"},"classes":[]},{"id":344795,"url":"https:\/\/casadecampoliving.com\/es\/todo-casa-de-campo-celebra-los-40-anos-del-resort-casa-de-campo\/","url_meta":{"origin":345338,"position":4},"title":"TODO Casa de Campo celebra los 40 a\u00f1os de Casa","author":"Perkin Agramonte","date":"9 Jul, 2014","format":false,"excerpt":"Acaba de llegar la edici\u00f3n de verano de la revista TODO Casa de Campo, y en esta, nuestra d\u00e9cima edici\u00f3n de la gu\u00eda m\u00e1s completa del Casa de Campo, celebramos con orgullo el 40\u00ba aniversario de nuestro querido resort. Este verano, el resort Casa de Campo celebra de manera oficial\u2026","rel":"","context":"En \u00abCasa de Campo Living @es\u00bb","block_context":{"text":"Casa de Campo Living @es","link":"https:\/\/casadecampoliving.com\/category\/casa-de-campo-living-es\/"},"img":{"alt_text":"TODO Casa de Campo","src":"https:\/\/i0.wp.com\/casadecampoliving.com\/wp-content\/uploads\/2022\/10\/TODO_Casa_de_Campo-1.jpg?fit=503%2C536&ssl=1&resize=350%2C200","width":350,"height":200},"classes":[]},{"id":433460,"url":"https:\/\/casadecampoliving.com\/es\/no-se-pierdan-el-increible-tributo-a-frank-sinatra-para-celebrar-el-40-aniversario-del-anfiteatro-altos-de-chavon\/","url_meta":{"origin":345338,"position":5},"title":"No se pierdan el incre\u00edble tributo a Frank Sinatra para celebrar el 40 aniversario del\u00a0Anfiteatro Altos de Chav\u00f3n","author":"Casa de Campo Living","date":"20 Oct, 2022","format":false,"excerpt":"Siendo uno de los escenarios m\u00e1s emblem\u00e1ticos del pa\u00eds, Casa de Campo Resort\u00ae & Villas celebra las cuatro d\u00e9cadas de aniversario de Altos de Chav\u00f3n con un tributo al gran Frank Sinatra, protagonizado por artistas invitados y una big band tal cual la que acompa\u00f1\u00f3 al artista hace 40 a\u00f1os\u2026","rel":"","context":"En \u00abUncategorized @es\u00bb","block_context":{"text":"Uncategorized @es","link":"https:\/\/casadecampoliving.com\/es\/category\/uncategorized-es\/"},"img":{"alt_text":"","src":"https:\/\/i0.wp.com\/casadecampoliving.com\/wp-content\/uploads\/2022\/10\/Tributo-Frank-Sinatra-Foto-Principal-Amaury-Sanchez-Danilo-Ginebra-Andres-Pichardo-y-Jose-Gabriel-Perez-.jpg?fit=1200%2C873&ssl=1&resize=350%2C200","width":350,"height":200,"srcset":"https:\/\/i0.wp.com\/casadecampoliving.com\/wp-content\/uploads\/2022\/10\/Tributo-Frank-Sinatra-Foto-Principal-Amaury-Sanchez-Danilo-Ginebra-Andres-Pichardo-y-Jose-Gabriel-Perez-.jpg?fit=1200%2C873&ssl=1&resize=350%2C200 1x, https:\/\/i0.wp.com\/casadecampoliving.com\/wp-content\/uploads\/2022\/10\/Tributo-Frank-Sinatra-Foto-Principal-Amaury-Sanchez-Danilo-Ginebra-Andres-Pichardo-y-Jose-Gabriel-Perez-.jpg?fit=1200%2C873&ssl=1&resize=525%2C300 1.5x, https:\/\/i0.wp.com\/casadecampoliving.com\/wp-content\/uploads\/2022\/10\/Tributo-Frank-Sinatra-Foto-Principal-Amaury-Sanchez-Danilo-Ginebra-Andres-Pichardo-y-Jose-Gabriel-Perez-.jpg?fit=1200%2C873&ssl=1&resize=700%2C400 2x, https:\/\/i0.wp.com\/casadecampoliving.com\/wp-content\/uploads\/2022\/10\/Tributo-Frank-Sinatra-Foto-Principal-Amaury-Sanchez-Danilo-Ginebra-Andres-Pichardo-y-Jose-Gabriel-Perez-.jpg?fit=1200%2C873&ssl=1&resize=1050%2C600 3x"},"classes":[]}],"jetpack_sharing_enabled":true,"_links":{"self":[{"href":"https:\/\/casadecampoliving.com\/es\/wp-json\/wp\/v2\/posts\/345338","targetHints":{"allow":["GET"]}}],"collection":[{"href":"https:\/\/casadecampoliving.com\/es\/wp-json\/wp\/v2\/posts"}],"about":[{"href":"https:\/\/casadecampoliving.com\/es\/wp-json\/wp\/v2\/types\/post"}],"author":[{"embeddable":true,"href":"https:\/\/casadecampoliving.com\/es\/wp-json\/wp\/v2\/users\/23245"}],"replies":[{"embeddable":true,"href":"https:\/\/casadecampoliving.com\/es\/wp-json\/wp\/v2\/comments?post=345338"}],"version-history":[{"count":2,"href":"https:\/\/casadecampoliving.com\/es\/wp-json\/wp\/v2\/posts\/345338\/revisions"}],"predecessor-version":[{"id":507774,"href":"https:\/\/casadecampoliving.com\/es\/wp-json\/wp\/v2\/posts\/345338\/revisions\/507774"}],"wp:featuredmedia":[{"embeddable":true,"href":"https:\/\/casadecampoliving.com\/es\/wp-json\/wp\/v2\/media\/274459"}],"wp:attachment":[{"href":"https:\/\/casadecampoliving.com\/es\/wp-json\/wp\/v2\/media?parent=345338"}],"wp:term":[{"taxonomy":"category","embeddable":true,"href":"https:\/\/casadecampoliving.com\/es\/wp-json\/wp\/v2\/categories?post=345338"},{"taxonomy":"post_tag","embeddable":true,"href":"https:\/\/casadecampoliving.com\/es\/wp-json\/wp\/v2\/tags?post=345338"},{"taxonomy":"newspack_spnsrs_tax","embeddable":true,"href":"https:\/\/casadecampoliving.com\/es\/wp-json\/wp\/v2\/newspack_spnsrs_tax?post=345338"}],"curies":[{"name":"wp","href":"https:\/\/api.w.org\/{rel}","templated":true}]}}